{"status":"ok","message-type":"work-list","message-version":"1.0.0","message":{"facets":{},"total-results":4340,"items":[{"indexed":{"date-parts":[[2024,11,9]],"date-time":"2024-11-09T05:23:49Z","timestamp":1731129829936,"version":"3.28.0"},"reference-count":0,"publisher":"Universidad Nacional Abierta y a Distancia","issue":"2","license":[{"start":{"date-parts":[[2024,11,1]],"date-time":"2024-11-01T00:00:00Z","timestamp":1730419200000},"content-version":"unspecified","delay-in-days":0,"URL":"https:\/\/creativecommons.org\/licenses\/by-nc-sa\/4.0"}],"content-domain":{"domain":[],"crossmark-restriction":false},"short-container-title":["Agricolae. Habitat"],"abstract":"<jats:p>Contextualizaci\u00f3n: el estudio se enfoca en el \u00e1rea de la agricultura y la producci\u00f3n alimentaria, centr\u00e1ndose especialmente en el cultivo de arvejas (Pisum sativum L.) en el municipio de Aquitania. Se analiza la posibilidad de introducir esta actividad agr\u00edcola como una opci\u00f3n viable y sostenible en una zona que, a lo largo de su historia, ha confiado en pr\u00e1cticas agr\u00edcolas tradicionales, como el cultivo de cebolla larga y la cr\u00eda de ganado. En esa medida, el estudio promueve el desarrollo agr\u00edcola sostenible, la seguridad alimentaria y la resiliencia econ\u00f3mica en la regi\u00f3n de Aquitania y busca ofrecer lecciones valiosas para otras comunidades agr\u00edcolas.\nVac\u00edo de conocimiento: el sistema de cultivo de arveja desarrollado en el \u00e1rea rural del municipio de Aquitania Boyac\u00e1 mantiene unas caracter\u00edsticas de producci\u00f3n que pueden resultar deficientes, en comparaci\u00f3n con otros m\u00e9todos de siembra que generar\u00edan mayor productividad mediante el fortalecimiento de pr\u00e1cticas agr\u00edcolas, sistemas de siembra y manejo del sistema productivo en general.\nProp\u00f3sito: el estudio tiene como objetivo principal evaluar la productividad del cultivo de arveja (Pisum sativum L.) en el municipio de Aquitania, bajo dos sistemas de siembra: sistema de siembra tradicional y sistema de tutorado. As\u00ed mismo, fue necesario aplicar t\u00e9cnicas de manejo limpio comunes en la zona y fundamentadas en pr\u00e1cticas agr\u00edcolas sostenibles, en comparaci\u00f3n con un manejo qu\u00edmico del cultivo donde se propici\u00f3 el uso de fertilizantes, herbicidas, insecticidas y fungicidas comunes en el \u00e1rea de influencia del estudio.\nMetodolog\u00eda: la metodolog\u00eda empleada en el estudio se basa en un dise\u00f1o experimental completamente aleatorizado (DCA), con doce unidades experimentales correspondientes a cuatro tratamientos y tres repeticiones, donde se evaluaron par\u00e1metros de productividad como: n\u00famero de d\u00edas a germinaci\u00f3n, n\u00famero de d\u00edas a floraci\u00f3n, n\u00famero de d\u00edas a cuajado y n\u00famero de d\u00edas a cosecha, n\u00famero de vainas por planta y n\u00famero de granos por vainas. El estudio incluy\u00f3 el desarrollo ANOVAS y pruebas de comparaci\u00f3n DUNCAN desarrolladas mediante programa R Core Team (2020)\nResultados y conclusiones: como resultados de la investigaci\u00f3n se encontr\u00f3 que en los tratamientos 3 y 4, que desarrollaron el sistema de siembra bajo tutorado, se obtuvieron mejores resultados en t\u00e9rminos de productividad con respecto al sistema de siembra de forma tradicional.<\/jats:p>","DOI":"10.22490\/26653176.8062","type":"journal-article","created":{"date-parts":[[2024,11,8]],"date-time":"2024-11-08T20:40:56Z","timestamp":1731098456000},"page":"39-54","source":"Crossref","is-referenced-by-count":0,"title":["Evaluaci\u00f3n de la productividad del cultivo de arveja (Pisum sativum l.) bajo sistemasde siembra tradicional y tutorado en Mombita municipio de Aquitania(Boyac\u00e1)."],"prefix":"10.22490","volume":"7","author":[{"given":"Edelmira","family":"Alarcon Alvarez","sequence":"first","affiliation":[],"role":[{"role":"author","vocabulary":"crossref"}]},{"given":"Yenny Maritza","family":"Camacho Torres","sequence":"additional","affiliation":[],"role":[{"role":"author","vocabulary":"crossref"}]},{"given":"Marionel","family":"Alarc\u00f3n Urrutia","sequence":"additional","affiliation":[],"role":[{"role":"author","vocabulary":"crossref"}]}],"member":"9784","published-online":{"date-parts":[[2024,11,1]]},"container-title":["Agricolae &amp; Habitat"],"link":[{"URL":"https:\/\/hemeroteca.unad.edu.co\/index.php\/agricolae\/article\/download\/8062\/7323","content-type":"application\/pdf","content-version":"vor","intended-application":"text-mining"},{"URL":"https:\/\/hemeroteca.unad.edu.co\/index.php\/agricolae\/article\/download\/8062\/7323","content-type":"unspecified","content-version":"vor","intended-application":"similarity-checking"}],"deposited":{"date-parts":[[2024,11,8]],"date-time":"2024-11-08T20:40:57Z","timestamp":1731098457000},"score":0.0,"resource":{"primary":{"URL":"https:\/\/hemeroteca.unad.edu.co\/index.php\/agricolae\/article\/view\/8062"}},"issued":{"date-parts":[[2024,11,1]]},"references-count":0,"journal-issue":{"issue":"2","published-online":{"date-parts":[[2024,11,1]]}},"URL":"https:\/\/doi.org\/10.22490\/26653176.8062","ISSN":["2665-3176"],"issn-type":[{"value":"2665-3176","type":"electronic"}],"published":{"date-parts":[[2024,11,1]]}},{"indexed":{"date-parts":[[2025,2,21]],"date-time":"2025-02-21T00:54:47Z","timestamp":1740099287909,"version":"3.37.3"},"reference-count":0,"publisher":"Universidad Nacional Abierta y a Distancia","content-domain":{"domain":[],"crossmark-restriction":false},"DOI":"10.22490\/ecacen.2569","type":"report","created":{"date-parts":[[2019,4,12]],"date-time":"2019-04-12T13:01:17Z","timestamp":1555074077000},"source":"Crossref","is-referenced-by-count":0,"title":["Mejoramiento de la productividad en las empresas colombianas: un problema de planeaci\u00f3n estrat\u00e9gica"],"prefix":"10.22490","author":[{"given":"Luz Elena","family":"Montoya Rend\u00f3n","sequence":"first","affiliation":[],"role":[{"role":"author","vocabulary":"crossref"}]},{"ORCID":"https:\/\/orcid.org\/0000-0003-1170-9296","authenticated-orcid":false,"given":"Julio Cesar","family":"Montoya Rend\u00f3n","sequence":"additional","affiliation":[],"role":[{"role":"author","vocabulary":"crossref"}]},{"ORCID":"https:\/\/orcid.org\/0000-0003-0352-9981","authenticated-orcid":false,"given":"Carlos Rub\u00e9n","family":"Trejos Moncayo","sequence":"additional","affiliation":[],"role":[{"role":"author","vocabulary":"crossref"}]}],"member":"9784","published-online":{"date-parts":[[2018]]},"deposited":{"date-parts":[[2019,4,12]],"date-time":"2019-04-12T13:01:18Z","timestamp":1555074078000},"score":0.0,"resource":{"primary":{"URL":"http:\/\/hemeroteca.unad.edu.co\/index.php\/working\/article\/view\/2569"}},"issued":{"date-parts":[[2018]]},"references-count":0,"URL":"https:\/\/doi.org\/10.22490\/ecacen.2569","published":{"date-parts":[[2018]]}},{"indexed":{"date-parts":[[2024,8,29]],"date-time":"2024-08-29T11:11:31Z","timestamp":1724929891770},"reference-count":0,"publisher":"Universidad Nacional Abierta y a Distancia","issue":"10","license":[{"start":{"date-parts":[[2008,12,15]],"date-time":"2008-12-15T00:00:00Z","timestamp":1229299200000},"content-version":"unspecified","delay-in-days":0,"URL":"http:\/\/creativecommons.org\/licenses\/by\/4.0"}],"content-domain":{"domain":[],"crossmark-restriction":false},"short-container-title":["nova"],"abstract":"<jats:p>Las bacterias metanog\u00e9nicas obtienen su energ\u00eda mediante la producci\u00f3n metab\u00f3lica de gas metano, utilizando sustratos como di\u00f3xido de carbono, acetato y sustratos de metilo a trav\u00e9s de procesos de hidr\u00f3lisis y acetogenesis y son esenciales en la degradaci\u00f3n anaerobia de la materia org\u00e1nica en la naturaleza. El prop\u00f3sito de esta investigaci\u00f3n fue aislar bacterias metanog\u00e9nicas para conservarlas en la colecci\u00f3n de cultivos de la Universidad Colegio Mayor de Cundinamarca. El muestreo se realiz\u00f3 por duplicado de cuatro fuentes ubicadas en Bogot\u00e1 D.C, Colombia, las cuales ofrec\u00edan las caracter\u00edsticas ambientales para su desarrollo. El procedimiento incluy\u00f3 la toma de la muestra en ambiente anaerobio, aislamiento en medios selectivos e identificaci\u00f3n por observaci\u00f3n de las caracter\u00edsticas microsc\u00f3picas con coloraci\u00f3n de Gram y de caracter\u00edsticas macrosc\u00f3picas en los medios selectivos y verificaci\u00f3n de producci\u00f3n de metano mediante prueba piloto.Los resultados permitieron evidenciar la presencia de bacterias de los g\u00e9neros Methanococcus y Methanobacterium a partir de las fuentes seleccionadas para el estudio. Se concluy\u00f3 que el mejor m\u00e9todo para la conservaci\u00f3n de estos g\u00e9neros es la congelaci\u00f3n con la adici\u00f3n de agentes reductores y glicerol como criopreservante.<\/jats:p>","DOI":"10.22490\/24629448.406","type":"journal-article","created":{"date-parts":[[2017,5,2]],"date-time":"2017-05-02T21:31:40Z","timestamp":1493760700000},"page":"156-161","source":"Crossref","is-referenced-by-count":1,"title":["Aislamiento e identificaci\u00f3n de microorganismos del g\u00e9nero Methanococcus y Methanobacterium de cuatro fuentes de Bogot\u00e1 D.C."],"prefix":"10.22490","volume":"6","author":[{"given":"Paola Andrea","family":"Acu\u00f1a Gonz\u00e1lez","sequence":"first","affiliation":[],"role":[{"role":"author","vocabulary":"crossref"}]},{"given":"Lisvet Sof\u00eda","family":"\u00c1ngel Garc\u00eda","sequence":"additional","affiliation":[],"role":[{"role":"author","vocabulary":"crossref"}]},{"given":"Elizabeth","family":"Borray Montoya","sequence":"additional","affiliation":[],"role":[{"role":"author","vocabulary":"crossref"}]},{"given":"Luc\u00eda Constanza","family":"Corrales Ram\u00edrez MSC","sequence":"additional","affiliation":[],"role":[{"role":"author","vocabulary":"crossref"}]},{"given":"Ligia Consuelo","family":"S\u00e1nchez Leal MSC","sequence":"additional","affiliation":[],"role":[{"role":"author","vocabulary":"crossref"}]}],"member":"9784","published-online":{"date-parts":[[2008,12,15]]},"container-title":["Nova"],"link":[{"URL":"https:\/\/hemeroteca.unad.edu.co\/index.php\/nova\/article\/download\/406\/1145","content-type":"application\/pdf","content-version":"vor","intended-application":"text-mining"},{"URL":"https:\/\/hemeroteca.unad.edu.co\/index.php\/nova\/article\/download\/406\/1145","content-type":"unspecified","content-version":"vor","intended-application":"similarity-checking"}],"deposited":{"date-parts":[[2023,12,10]],"date-time":"2023-12-10T19:57:03Z","timestamp":1702238223000},"score":0.0,"resource":{"primary":{"URL":"https:\/\/hemeroteca.unad.edu.co\/index.php\/nova\/article\/view\/406"}},"issued":{"date-parts":[[2008,12,15]]},"references-count":0,"journal-issue":{"issue":"10","published-online":{"date-parts":[[2008,12,15]]}},"URL":"https:\/\/doi.org\/10.22490\/24629448.406","ISSN":["2462-9448","1794-2470"],"issn-type":[{"value":"2462-9448","type":"electronic"},{"value":"1794-2470","type":"print"}],"published":{"date-parts":[[2008,12,15]]}},{"indexed":{"date-parts":[[2022,12,19]],"date-time":"2022-12-19T20:53:46Z","timestamp":1671483226708},"reference-count":0,"publisher":"Universidad Nacional Abierta y a Distancia","issue":"1","license":[{"start":{"date-parts":[[2015,3,19]],"date-time":"2015-03-19T00:00:00Z","timestamp":1426723200000},"content-version":"unspecified","delay-in-days":0,"URL":"http:\/\/creativecommons.org\/licenses\/by-nc-sa\/4.0"}],"content-domain":{"domain":[],"crossmark-restriction":false},"short-container-title":["rev.investig.agrar.ambient."],"abstract":"<jats:p>&lt;p&gt;Los diferentes estudios etnobot\u00e1nicos y etnoecol\u00f3gicos, muestran no solo la gran riqueza de recursos naturales que muchas comunidades han aprovechado de manera sostenible en el tiempo, si no tambi\u00e9n, la preocupaci\u00f3n por la falta de sistematizaci\u00f3n del conocimiento debido a diferentes situaciones que lo dificultan. Esta investigaci\u00f3n tiene como prop\u00f3sito mostrar los diferentes sistemas de transmisi\u00f3n del conocimiento que los habitantes del municipio de Turbo, Antioquia, Colombia, han utilizado para que las generaciones presentes y futuras reconozcan las plantas silvestres comestibles, lo cual es \u00fatil para tomar decisiones frente a la necesidad de sistematizaci\u00f3n del conocimiento de la biodiversidad local. Se utiliza una metodolog\u00eda que comprende las etapas de dise\u00f1o de la encuesta etnobot\u00e1nica, la aplicaci\u00f3n de la misma teniendo en cuenta el tama\u00f1o de la poblaci\u00f3n lo que arroja un total de 360 encuestas aplicadas en los 18 corregimientos del municipio, agrupados en cuatro sectores fisiogr\u00e1ficos: Serran\u00eda, Litoral, Abanico Aluvial y Planicie Inundable. Los resultados muestran las formas de transmisi\u00f3n de conocimiento en cada uno de los corregimientos que componen la geograf\u00eda del territorio, evidenciando que contin\u00faan primando sistemas de transmisi\u00f3n oral con muy baja sistematizaci\u00f3n y con un desinter\u00e9s de la poblaci\u00f3n joven por reconocer dichos recursos orientados a la preservaci\u00f3n como fuentede alimento.&lt;\/p&gt;<\/jats:p>","DOI":"10.22490\/21456453.1269","type":"journal-article","created":{"date-parts":[[2017,3,28]],"date-time":"2017-03-28T20:22:29Z","timestamp":1490732549000},"page":"133","source":"Crossref","is-referenced-by-count":3,"title":["Sistemas de transmisi\u00f3n del conocimiento etnobot\u00e1nico de plantas silvestres comestibles en Turbo, Antioquia, Colombia."],"prefix":"10.22490","volume":"6","author":[{"given":"Ram\u00f3n Antonio","family":"Mosquera Mena","sequence":"first","affiliation":[],"role":[{"role":"author","vocabulary":"crossref"}]},{"given":"Tomas","family":"Santamar\u00eda Poli","sequence":"additional","affiliation":[],"role":[{"role":"author","vocabulary":"crossref"}]},{"given":"Juan Carlos","family":"L\u00f3pez Almansa","sequence":"additional","affiliation":[],"role":[{"role":"author","vocabulary":"crossref"}]}],"member":"9784","published-online":{"date-parts":[[2015,3,19]]},"container-title":["Revista de Investigaci\u00f3n Agraria y Ambiental"],"link":[{"URL":"http:\/\/hemeroteca.unad.edu.co\/index.php\/riaa\/article\/viewFile\/1269\/1605","content-type":"application\/pdf","content-version":"vor","intended-application":"text-mining"}],"deposited":{"date-parts":[[2017,3,28]],"date-time":"2017-03-28T20:22:41Z","timestamp":1490732561000},"score":0.0,"resource":{"primary":{"URL":"http:\/\/hemeroteca.unad.edu.co\/index.php\/riaa\/article\/view\/1269"}},"issued":{"date-parts":[[2015,3,19]]},"references-count":0,"journal-issue":{"issue":"1","published-online":{"date-parts":[[2015,3,19]]}},"URL":"https:\/\/doi.org\/10.22490\/21456453.1269","ISSN":["2145-6453","2145-6097"],"issn-type":[{"value":"2145-6453","type":"electronic"},{"value":"2145-6097","type":"print"}],"published":{"date-parts":[[2015,3,19]]}},{"indexed":{"date-parts":[[2023,12,10]],"date-time":"2023-12-10T20:10:12Z","timestamp":1702239012994},"reference-count":0,"publisher":"Universidad Nacional Abierta y a Distancia","issue":"12","license":[{"start":{"date-parts":[[2009,12,15]],"date-time":"2009-12-15T00:00:00Z","timestamp":1260835200000},"content-version":"unspecified","delay-in-days":0,"URL":"http:\/\/creativecommons.org\/licenses\/by\/4.0"}],"content-domain":{"domain":[],"crossmark-restriction":false},"short-container-title":["nova"],"abstract":"<jats:p>El ADN libre en sangre incrementa con algunas condiciones patol\u00f3gicas y ciertos estados fisiol\u00f3gicos. Varios reportes en la literatura han resaltado que el ADN libre en plasma o suero tiene potencial cl\u00ednico como una posible herramienta para el pron\u00f3stico de c\u00e1ncer en humanos. Sin embargo, hasta el momento no se tienen valores de referencia de individuos sanos con un tama\u00f1o de muestra representativo y tampoco se han descrito valores para poblaciones espec\u00edficas como la bogotana. Es por ello que en el presente estudio se cuantific\u00f3 la concentraci\u00f3n de ADN libre en personas sanas de la poblaci\u00f3n bogotana y as\u00ed se estableci\u00f3 un rango normal o valor de referencia, adicionalmente se analiz\u00f3 la relaci\u00f3n entre los niveles de ADN libre y las caracter\u00edsticas como edad y g\u00e9nero. La concentraci\u00f3n de ADN libre en la poblaci\u00f3n bogotana fue de 0,72 ng\/\u03bcL y no se encontraron diferencias significativas entre las edades y los g\u00e9neros.<\/jats:p>","DOI":"10.22490\/24629448.427","type":"journal-article","created":{"date-parts":[[2017,5,2]],"date-time":"2017-05-02T21:11:55Z","timestamp":1493759515000},"page":"136-142","source":"Crossref","is-referenced-by-count":0,"title":["Cuantificaci\u00f3n de ADN libre en plasma sangu\u00edneo de voluntarios sanos en una poblaci\u00f3n bogotana"],"prefix":"10.22490","volume":"7","author":[{"given":"Jairo","family":"Amaya Guio","sequence":"first","affiliation":[],"role":[{"role":"author","vocabulary":"crossref"}]},{"given":"Fabio Ancizar","family":"Aristizabal Guti\u00e9rrez","sequence":"additional","affiliation":[],"role":[{"role":"author","vocabulary":"crossref"}]},{"given":"Ignacio","family":"Brice\u00f1o Balc\u00e1zar","sequence":"additional","affiliation":[],"role":[{"role":"author","vocabulary":"crossref"}]},{"given":"Marcos","family":"Castillo Zamora","sequence":"additional","affiliation":[],"role":[{"role":"author","vocabulary":"crossref"}]},{"given":"Dabeiba Adriana","family":"Garc\u00eda Robayo","sequence":"additional","affiliation":[],"role":[{"role":"author","vocabulary":"crossref"}]},{"given":"Hern\u00e1n David","family":"Salazar Jordan","sequence":"additional","affiliation":[],"role":[{"role":"author","vocabulary":"crossref"}]}],"member":"9784","published-online":{"date-parts":[[2009,12,15]]},"container-title":["Nova"],"link":[{"URL":"https:\/\/hemeroteca.unad.edu.co\/index.php\/nova\/article\/download\/427\/1119","content-type":"application\/pdf","content-version":"vor","intended-application":"text-mining"},{"URL":"https:\/\/hemeroteca.unad.edu.co\/index.php\/nova\/article\/download\/427\/1119","content-type":"unspecified","content-version":"vor","intended-application":"similarity-checking"}],"deposited":{"date-parts":[[2023,12,10]],"date-time":"2023-12-10T19:57:51Z","timestamp":1702238271000},"score":0.0,"resource":{"primary":{"URL":"https:\/\/hemeroteca.unad.edu.co\/index.php\/nova\/article\/view\/427"}},"issued":{"date-parts":[[2009,12,15]]},"references-count":0,"journal-issue":{"issue":"12","published-online":{"date-parts":[[2009,12,15]]}},"URL":"https:\/\/doi.org\/10.22490\/24629448.427","ISSN":["2462-9448","1794-2470"],"issn-type":[{"value":"2462-9448","type":"electronic"},{"value":"1794-2470","type":"print"}],"published":{"date-parts":[[2009,12,15]]}},{"indexed":{"date-parts":[[2022,4,4]],"date-time":"2022-04-04T09:41:21Z","timestamp":1649065281320},"reference-count":0,"publisher":"Universidad Nacional Abierta y a Distancia","license":[{"start":{"date-parts":[[2015,10,22]],"date-time":"2015-10-22T00:00:00Z","timestamp":1445472000000},"content-version":"unspecified","delay-in-days":0,"URL":"http:\/\/creativecommons.org\/licenses\/by-nc-sa\/4.0"}],"content-domain":{"domain":[],"crossmark-restriction":false},"short-container-title":["Publ. investig."],"abstract":"<jats:p>Este art\u00edculo muestra los resultados del proyecto Geinve v1.0, el cual busca fortalecer los procesos automatizados de la universidad ECCI, con el apoyo de su grupo de investigaci\u00f3n Sistema de Gesti\u00f3n Cient\u00edfica y Tecnolog\u00eda, Sigcienty, y los semilleros Mente Viva y Aprovechando la Web. Adem\u00e1s&lt;br \/&gt;se responde a la pregunta de investigaci\u00f3n: \u00bfcu\u00e1les son las estrategias para la construcci\u00f3n de un prototipo inicial para un modelo integral en la gesti\u00f3n investigativa en la Universidad ECCI, orientado hacia el esquema de negocio? Dando alcance a la estructura organizacional de la Universidad y a la Gerencia de Proyectos de la Vicerrector\u00eda de Investigaci\u00f3n, se tom\u00f3 como base para el desarrollo de este trabajo, la metodolog\u00eda RUP, con el acompa\u00f1amiento del lenguaje del modelo unificado-UML y la metodolog\u00eda Proyect Management Body of Knowledge \u2013PMBOK-, con el fin de administrar y controlar la gesti\u00f3n de los proyectos de investigaci\u00f3n desde el \u00e1rea de negocios y las especificaciones m\u00e9tricas de un sistema de informaci\u00f3n (software), respectivamente. En el avance de dicha gesti\u00f3n se&lt;br \/&gt;implement\u00f3 un prototipo funcional en l\u00ednea a trav\u00e9s de un sitio web, como m\u00e9todo de prueba del avance de dichas metodolog\u00edas, logrando dar una iniciativa al interior de la Universidad ECCI sobre la organizaci\u00f3n y valorizaci\u00f3n de los productos de investigaci\u00f3n de la comunidad cient\u00edfica&lt;br \/&gt;y acad\u00e9mica en la ciudad de Bogot\u00e1, Colombia.<\/jats:p>","DOI":"10.22490\/25394088.1438","type":"journal-article","created":{"date-parts":[[2017,5,24]],"date-time":"2017-05-24T16:36:43Z","timestamp":1495643803000},"page":"113","source":"Crossref","is-referenced-by-count":2,"title":["Estrategias en la construcci\u00f3n de un prototipo como modelo integral en la gesti\u00f3n investigativa orientado hacia el esquema de negocio"],"prefix":"10.22490","volume":"9","author":[{"given":"Nancy E.","family":"Ochoa G.","sequence":"first","affiliation":[],"role":[{"role":"author","vocabulary":"crossref"}]},{"given":"Ingrid M","family":"Cruz B.","sequence":"additional","affiliation":[],"role":[{"role":"author","vocabulary":"crossref"}]},{"given":"Celio E","family":"Gil","sequence":"additional","affiliation":[],"role":[{"role":"author","vocabulary":"crossref"}]},{"given":"Cristian Camilo","family":"Silva Chaves","sequence":"additional","affiliation":[],"role":[{"role":"author","vocabulary":"crossref"}]},{"given":"Sara Ketherine","family":"Grajales B","sequence":"additional","affiliation":[],"role":[{"role":"author","vocabulary":"crossref"}]},{"given":"Leidy Lorena","family":"Vergara Vargas","sequence":"additional","affiliation":[],"role":[{"role":"author","vocabulary":"crossref"}]},{"given":"Mar\u00eda Paula","family":"Perea D\u00edaz","sequence":"additional","affiliation":[],"role":[{"role":"author","vocabulary":"crossref"}]},{"given":"Alonso","family":"P\u00e1ez","sequence":"additional","affiliation":[],"role":[{"role":"author","vocabulary":"crossref"}]}],"member":"9784","published-online":{"date-parts":[[2015,10,22]]},"container-title":["Publicaciones e Investigaci\u00f3n"],"link":[{"URL":"http:\/\/hemeroteca.unad.edu.co\/index.php\/publicaciones-e-investigacion\/article\/viewFile\/1438\/1757","content-type":"application\/pdf","content-version":"vor","intended-application":"text-mining"},{"URL":"http:\/\/hemeroteca.unad.edu.co\/index.php\/publicaciones-e-investigacion\/article\/viewFile\/1438\/1877","content-type":"text\/html","content-version":"vor","intended-application":"text-mining"}],"deposited":{"date-parts":[[2017,5,24]],"date-time":"2017-05-24T16:36:59Z","timestamp":1495643819000},"score":0.0,"resource":{"primary":{"URL":"http:\/\/hemeroteca.unad.edu.co\/index.php\/publicaciones-e-investigacion\/article\/view\/1438"}},"issued":{"date-parts":[[2015,10,22]]},"references-count":0,"URL":"https:\/\/doi.org\/10.22490\/25394088.1438","ISSN":["2539-4088","1900-6608"],"issn-type":[{"value":"2539-4088","type":"electronic"},{"value":"1900-6608","type":"print"}],"published":{"date-parts":[[2015,10,22]]}},{"indexed":{"date-parts":[[2024,2,20]],"date-time":"2024-02-20T00:27:23Z","timestamp":1708388843967},"reference-count":0,"publisher":"Universidad Nacional Abierta y a Distancia","issue":"1","license":[{"start":{"date-parts":[[2023,1,18]],"date-time":"2023-01-18T00:00:00Z","timestamp":1674000000000},"content-version":"unspecified","delay-in-days":0,"URL":"https:\/\/creativecommons.org\/licenses\/by-nc-nd\/4.0"}],"content-domain":{"domain":[],"crossmark-restriction":false},"short-container-title":["Publ. investig."],"abstract":"<jats:p>Accounting has been a profession that has evolved and has taken great importance within various economic sectors where one of them is the business sector, this is due to the control and registration of the resources that enter and leave this type of entities to have a stable financial life as well as knowing how their finances are for an adequate decision making. Nowadays with the arrival of new technologies the accounting area has brought with it great changes among them the application of electronic accounting with which it facilitates the realization of a great diversity of accounting tasks making its processes more efficient as well as reducing the time in which each of them is carried out. The objective of this research is to describe through a descriptive methodology how electronic accounting has had an important impact on the growth of companies, where it could be concluded that electronic accounting has been of great help for the growth of companies.<\/jats:p>","DOI":"10.22490\/25394088.6625","type":"journal-article","created":{"date-parts":[[2024,2,19]],"date-time":"2024-02-19T17:29:54Z","timestamp":1708363794000},"source":"Crossref","is-referenced-by-count":0,"title":["Contabilidad electr\u00f3nica y su aplicaci\u00f3n en el crecimiento empresarial","Electronic accounting and its application in business growth"],"prefix":"10.22490","volume":"17","author":[{"given":"Marian Arleth","family":"Morales Diaz","sequence":"first","affiliation":[],"role":[{"role":"author","vocabulary":"crossref"}]},{"given":"Mar\u00eda del Carmen","family":"Ancona Alcocer","sequence":"additional","affiliation":[],"role":[{"role":"author","vocabulary":"crossref"}]},{"given":"Gilberto","family":"Murillo Gonz\u00e1lez","sequence":"additional","affiliation":[],"role":[{"role":"author","vocabulary":"crossref"}]}],"member":"9784","published-online":{"date-parts":[[2023,1,18]]},"container-title":["Publicaciones e Investigaci\u00f3n"],"link":[{"URL":"https:\/\/hemeroteca.unad.edu.co\/index.php\/publicaciones-e-investigacion\/article\/download\/6625\/6045","content-type":"application\/pdf","content-version":"vor","intended-application":"text-mining"},{"URL":"https:\/\/hemeroteca.unad.edu.co\/index.php\/publicaciones-e-investigacion\/article\/download\/6625\/6045","content-type":"unspecified","content-version":"vor","intended-application":"similarity-checking"}],"deposited":{"date-parts":[[2024,2,19]],"date-time":"2024-02-19T17:29:54Z","timestamp":1708363794000},"score":0.0,"resource":{"primary":{"URL":"https:\/\/hemeroteca.unad.edu.co\/index.php\/publicaciones-e-investigacion\/article\/view\/6625"}},"issued":{"date-parts":[[2023,1,18]]},"references-count":0,"journal-issue":{"issue":"1","published-online":{"date-parts":[[2023,2,18]]}},"URL":"https:\/\/doi.org\/10.22490\/25394088.6625","ISSN":["2539-4088","1900-6608"],"issn-type":[{"value":"2539-4088","type":"electronic"},{"value":"1900-6608","type":"print"}],"published":{"date-parts":[[2023,1,18]]}},{"indexed":{"date-parts":[[2024,6,14]],"date-time":"2024-06-14T19:11:23Z","timestamp":1718392283237},"reference-count":9,"publisher":"Universidad Nacional Abierta y a Distancia","issue":"2","license":[{"start":{"date-parts":[[2018,12,20]],"date-time":"2018-12-20T00:00:00Z","timestamp":1545264000000},"content-version":"unspecified","delay-in-days":0,"URL":"http:\/\/creativecommons.org\/licenses\/by-nc-sa\/4.0"}],"content-domain":{"domain":[],"crossmark-restriction":false},"short-container-title":["Rev. Estrateg. Organ."],"abstract":"<jats:p>La primera parte se encarga de describir el comportamiento de la huella de carbono en las organizaciones, esta problem\u00e1tica es causada por el cambio clim\u00e1tico y producido por la actividad humana y uno de los mayores desaf\u00edos ambientales que se pudiera interponer en el camino hacia el desarrollo sustentable. La huella de carbono es considerada una herramienta para cuantificar la emisi\u00f3n de gases efecto invernadero, el c\u00e1lculo de la huella de carbono permite determinar el \u00edndice de co2, para reducir el nivel de emisiones de gas efecto invernadero. La implementaci\u00f3n del programa Zero, encargado de identificar cu\u00e1les son las fuentes de emisiones de disposici\u00f3n de residuos industriales. El prop\u00f3sito fundamental es de cuidar el medio ambiente, sean convertidas en \u201cciudad verde\u201d encargadas de medir el inventario de emisiones de gases efecto invernadero como resultado de la propuesta del \u201cpacto clim\u00e1tico Global de ciudades\u201d. La segunda parte describe el modelo para implementar el cambio clim\u00e1tico, enfocado en un plan de responsabilidad social empresarial hacia el medio ambiente delegado en proteger el medio ambiente, las acciones emprendidas hacia empresas productoras de veh\u00edculos que excedan la emisi\u00f3n de co2 y ser\u00e1n sancionadas en la Uni\u00f3n Europea a los veh\u00edculos que excedan la emisi\u00f3n de gases m\u00ednimos permitidos por las diferentes autoridades ambientales.<\/jats:p>","DOI":"10.22490\/25392786.2941","type":"journal-article","created":{"date-parts":[[2019,6,14]],"date-time":"2019-06-14T17:01:41Z","timestamp":1560531701000},"page":"43-49","source":"Crossref","is-referenced-by-count":1,"title":["La responsabilidad social y la huella de carbono en las organizaciones"],"prefix":"10.22490","volume":"7","author":[{"given":"Armando","family":"C\u00e1ceres Quevedo","sequence":"first","affiliation":[],"role":[{"role":"author","vocabulary":"crossref"}]}],"member":"9784","published-online":{"date-parts":[[2018,12,20]]},"reference":[{"key":"ref0","unstructured":"Wiedmann. (2009). Carbon Footprint and input-output Analysis. An Introduction,Economic Systems Research, 171-183. Recuperado de"},{"key":"ref1","doi-asserted-by":"publisher","first-page":"163","DOI":"10.4067\/S0718-07642012000100017","article-title":"Huella de carbono, parte 1: conceptos, m\u00e9todos de estimaci\u00f3n y complejidades metodol\u00f3gicas","volume":"1","author":"Esp\u00edndola","year":"2012","unstructured":"Esp\u00edndola, C. y. (2012). Huella de carbono, parte 1: conceptos, m\u00e9todos de estimaci\u00f3n y complejidades metodol\u00f3gicas. Informaci\u00f3n tecnol\u00f3gica, V 23, n 1, 163-176.","journal-title":"Informaci\u00f3n tecnol\u00f3gica V 23 n"},{"key":"ref2","unstructured":"Torres, B. (2015). Herramientas web para medir la Huella de carbono. Universidad de Cartagena, recuperado el 15 de junio de 2018, recuperado de http:\/\/190.242.62.234:8080\/jspui\/bitstream\/11227\/2931\/1\/Proyecto%20Huella%20de%20Carbono.pdf"},{"key":"ref3","unstructured":"WRI, & Institute, R. (s.f.). The Green house Gas Protocol. Recuperado el 15 de 08 de 2012, de A Corporate Accounting and Reporting Standard: http:\/\/www.ghgprotocol.org\/files\/ghgp\/ghg-protocol-revised.pdf"},{"key":"ref4","unstructured":"Minambiente. (julio de 2011). Recuperado el 21 de agosto de 2012, de http:\/\/www.minambiente.gov.co\/contenido\/contenido.aspx?conID=7422&catID=1234"},{"key":"ref5","doi-asserted-by":"publisher","first-page":"106","DOI":"10.1016\/j.eiar.2007.08.001","article-title":"A Comparison of Carbon Calculators","author":"Padgett","year":"2008","unstructured":"Padgett, P. A. (2008). A Comparison of Carbon Calculators. Environmental Impact Assessment Review, 106-119.","journal-title":"Environmental Impact Assessment Review"},{"key":"ref6","unstructured":"Ecopetrol. (2008). ECOPETROL S.A. Recuperado el 26 de agosto de 2012, de http:\/\/www.ecopetrol.com.co\/especiales\/RevistaInnova2ed\/huella.htm comfenalco, T. (2008). transcaribe. Recuperado de http:\/\/www.transcaribe.gov.co\/nueva\/viewsFinal\/index.php?pag=noticia.php&parametro =Rendicion%20de%20cuentas"},{"key":"ref7","unstructured":"World Business Council for Sustainable Development; and World Resources Institute. (2005). Protocolo de gases invernadero. Mexico. Obtenido de World Business Council for Sustainable Development and World Resources Institute, septiembre de 2001.mpreso en M\u00e9xico, diciembre de 2005 http:\/\/www.ghgprotocol.org\/files\/ghgp\/public\/protocolo_de_gei.pdf"},{"key":"ref8","unstructured":"Vergara, W. (2016) Programa de carb\u00f3n cero, UnepDTU, partnership. Recuperado, de http:\/\/www.pnuma.org\/publicaciones\/2016_03_Zero%20Carbon_ES_05.pdf"}],"container-title":["Revista Estrategia Organizacional"],"link":[{"URL":"http:\/\/hemeroteca.unad.edu.co\/index.php\/revista-estrategica-organizacio\/article\/viewFile\/2941\/3201","content-type":"application\/pdf","content-version":"vor","intended-application":"text-mining"},{"URL":"http:\/\/hemeroteca.unad.edu.co\/index.php\/revista-estrategica-organizacio\/article\/viewFile\/2941\/2994","content-type":"text\/html","content-version":"vor","intended-application":"text-mining"},{"URL":"http:\/\/hemeroteca.unad.edu.co\/index.php\/revista-estrategica-organizacio\/article\/viewFile\/2941\/2994","content-type":"unspecified","content-version":"vor","intended-application":"similarity-checking"}],"deposited":{"date-parts":[[2019,6,14]],"date-time":"2019-06-14T17:30:21Z","timestamp":1560533421000},"score":0.0,"resource":{"primary":{"URL":"http:\/\/hemeroteca.unad.edu.co\/index.php\/revista-estrategica-organizacio\/article\/view\/2941"}},"issued":{"date-parts":[[2018,12,20]]},"references-count":9,"journal-issue":{"issue":"2","published-online":{"date-parts":[[2018,12,20]]}},"URL":"https:\/\/doi.org\/10.22490\/25392786.2941","ISSN":["2539-2786","2339-3866"],"issn-type":[{"value":"2539-2786","type":"electronic"},{"value":"2339-3866","type":"print"}],"published":{"date-parts":[[2018,12,20]]}},{"indexed":{"date-parts":[[2022,4,5]],"date-time":"2022-04-05T05:03:53Z","timestamp":1649135033590},"reference-count":0,"publisher":"Universidad Nacional Abierta y a Distancia","issue":"2","license":[{"start":{"date-parts":[[2010,6,10]],"date-time":"2010-06-10T00:00:00Z","timestamp":1276128000000},"content-version":"unspecified","delay-in-days":0,"URL":"http:\/\/creativecommons.org\/licenses\/by\/4.0"}],"content-domain":{"domain":[],"crossmark-restriction":false},"short-container-title":["Rev. Investig. UNAD"],"abstract":"<jats:p>Uno de los grandes desaf\u00edos de la Universidad Nacional Abierta y a Adistancia, declarado en su Misi\u00f3n, es \u201cEl desarrollo econ\u00f3mico, social y humano sostenible de las Comunidades locales, regionales y globales con calidad, eficiencia y equidad social\u201d. Para lograrlo unad ha puesto en operaci\u00f3n el sistema de investigaciones Unadista, siunad, con el fin de transformar el conocimiento en riqueza social y liderar el proceso de investigaci\u00f3n y gesti\u00f3n de conocimiento para coadyuvar a soluciones en las demandas sociales.<\/jats:p>","DOI":"10.22490\/25391887.667","type":"journal-article","created":{"date-parts":[[2017,7,11]],"date-time":"2017-07-11T14:42:53Z","timestamp":1499784173000},"source":"Crossref","is-referenced-by-count":0,"title":["Editorial"],"prefix":"10.22490","volume":"9","author":[{"given":"Domingo Alirio","family":"Monta\u00f1o Arias","sequence":"first","affiliation":[],"role":[{"role":"author","vocabulary":"crossref"}]}],"member":"9784","published-online":{"date-parts":[[2010,6,10]]},"container-title":["Revista de Investigaciones UNAD"],"link":[{"URL":"http:\/\/hemeroteca.unad.edu.co\/index.php\/revista-de-investigaciones-unad\/article\/viewFile\/667\/1500","content-type":"application\/pdf","content-version":"vor","intended-application":"text-mining"}],"deposited":{"date-parts":[[2017,7,11]],"date-time":"2017-07-11T14:44:46Z","timestamp":1499784286000},"score":0.0,"resource":{"primary":{"URL":"http:\/\/hemeroteca.unad.edu.co\/index.php\/revista-de-investigaciones-unad\/article\/view\/667"}},"issued":{"date-parts":[[2010,6,10]]},"references-count":0,"journal-issue":{"issue":"2","published-online":{"date-parts":[[2010,6,10]]}},"URL":"https:\/\/doi.org\/10.22490\/25391887.667","ISSN":["2539-1887","0124-793X"],"issn-type":[{"value":"2539-1887","type":"electronic"},{"value":"0124-793X","type":"print"}],"published":{"date-parts":[[2010,6,10]]}},{"indexed":{"date-parts":[[2022,11,26]],"date-time":"2022-11-26T06:04:07Z","timestamp":1669442647498},"reference-count":0,"publisher":"Universidad Nacional Abierta y a Distancia","isbn-type":[{"value":"9789586518314","type":"print"}],"content-domain":{"domain":[],"crossmark-restriction":false},"abstract":"<jats:p>La investigaci\u00f3n marca un ritmo importante en la Escuela Ciencias de Educaci\u00f3n (ECEDU) de la Universidad Nacional Abierta y a Distancia (UNAD) y de manera part\u00edcular con el programa de Licenciatura de Filosof\u00eda, que cumple 25 a\u00f1os de historia jugando un papel importante en la formaci\u00f3n de licenciados en filosof\u00eda a lo largo y ancho de nuestro pa\u00eds y con pertinencia, realizando presencia en la periferia con el poder de alcance de la educaci\u00f3n virtual, que se ha constituido como icono de transferencia de conocimiento a miles de colombianos que buscan la oportunidad para transformar vidas en la sociedad.<\/jats:p>","DOI":"10.22490\/9789586518314","type":"edited-book","created":{"date-parts":[[2022,11,25]],"date-time":"2022-11-25T19:53:35Z","timestamp":1669406015000},"source":"Crossref","is-referenced-by-count":0,"title":["S\u00edndrome del burnout en docentes: sus desaf\u00edos en tiempos de pandemia"],"prefix":"10.22490","author":[{"given":"Omar Alberto","family":"Alvarado Rozo","sequence":"first","affiliation":[],"role":[{"role":"author","vocabulary":"crossref"}]},{"given":"Liz Giomaira","family":"Montenegro","sequence":"additional","affiliation":[],"role":[{"role":"author","vocabulary":"crossref"}]},{"given":"Piedad Roc\u00edo","family":"Lerma Casta\u00f1o","sequence":"additional","affiliation":[],"role":[{"role":"author","vocabulary":"crossref"}]},{"given":"Leonardo Fabio","family":"Mart\u00ednez P\u00e9rez","sequence":"additional","affiliation":[],"role":[{"role":"author","vocabulary":"crossref"}]},{"given":"Natalia Katherine","family":"Garc\u00eda Ram\u00edrez","sequence":"additional","affiliation":[],"role":[{"role":"author","vocabulary":"crossref"}]},{"given":"Carolina","family":"Robledo Castro","sequence":"additional","affiliation":[],"role":[{"role":"author","vocabulary":"crossref"}]},{"given":"Juan Alexis","family":"Parada Silva","sequence":"additional","affiliation":[],"role":[{"role":"author","vocabulary":"crossref"}]},{"given":"Andr\u00e9s Felipe","family":"Rivera G\u00f3mez","sequence":"additional","affiliation":[],"role":[{"role":"author","vocabulary":"crossref"}]},{"given":"Luis Gerardo","family":"Pach\u00f3n Ospina","sequence":"additional","affiliation":[],"role":[{"role":"author","vocabulary":"crossref"}]},{"given":"Darwin Leonardo","family":"Vargas S\u00e1nchez","sequence":"additional","affiliation":[],"role":[{"role":"author","vocabulary":"crossref"}]},{"given":"\u00c1lvaro","family":"Garc\u00eda Mart\u00ednez","sequence":"additional","affiliation":[],"role":[{"role":"author","vocabulary":"crossref"}]}],"member":"9784","published-online":{"date-parts":[[2022,5,31]]},"deposited":{"date-parts":[[2022,11,25]],"date-time":"2022-11-25T19:53:36Z","timestamp":1669406016000},"score":0.0,"resource":{"primary":{"URL":"https:\/\/libros.unad.edu.co\/index.php\/selloeditorial\/catalog\/book\/78"}},"issued":{"date-parts":[[2022,5,31]]},"ISBN":["9789586518314"],"references-count":0,"URL":"https:\/\/doi.org\/10.22490\/9789586518314","published":{"date-parts":[[2022,5,31]]}},{"indexed":{"date-parts":[[2024,12,17]],"date-time":"2024-12-17T05:17:23Z","timestamp":1734412643191,"version":"3.30.2"},"reference-count":0,"publisher":"Universidad Nacional Abierta y a Distancia","issue":"10","content-domain":{"domain":[],"crossmark-restriction":false},"short-container-title":["Back"],"abstract":"<jats:p>Este documento contiene un exhaustivo trabajo de investigaci\u00f3n-creaci\u00f3n que toma como base el arte relacional. Aplicado a la relacionalidad que tienen los espectadores frente a las obras de arte que se exponen en el espacio p\u00fablico.<\/jats:p>","DOI":"10.22490\/unad.backprojection.9051","type":"journal-article","created":{"date-parts":[[2024,12,16]],"date-time":"2024-12-16T23:52:58Z","timestamp":1734393178000},"page":"128-129","source":"Crossref","is-referenced-by-count":0,"title":["Relacionalidad del espectador frente  a cinco obras de arte expuestas en el  espacio p\u00fablico"],"prefix":"10.22490","author":[{"given":"Braulio","family":"Vargas","sequence":"first","affiliation":[],"role":[{"role":"author","vocabulary":"crossref"}]}],"member":"9784","published-online":{"date-parts":[[2024,12,16]]},"container-title":["Back Projection"],"link":[{"URL":"https:\/\/hemeroteca.unad.edu.co\/index.php\/back_projection\/article\/download\/9051\/7575","content-type":"application\/pdf","content-version":"vor","intended-application":"text-mining"},{"URL":"https:\/\/hemeroteca.unad.edu.co\/index.php\/back_projection\/article\/download\/9051\/7575","content-type":"unspecified","content-version":"vor","intended-application":"similarity-checking"}],"deposited":{"date-parts":[[2024,12,16]],"date-time":"2024-12-16T23:52:59Z","timestamp":1734393179000},"score":0.0,"resource":{"primary":{"URL":"https:\/\/hemeroteca.unad.edu.co\/index.php\/back_projection\/article\/view\/9051"}},"subtitle":["(ubicadas en la carrera  27 de Bucaramanga)"],"issued":{"date-parts":[[2024,12,16]]},"references-count":0,"journal-issue":{"issue":"10","published-online":{"date-parts":[[2024,12,16]]}},"URL":"https:\/\/doi.org\/10.22490\/unad.backprojection.9051","ISSN":["2665-4539"],"issn-type":[{"value":"2665-4539","type":"electronic"}],"published":{"date-parts":[[2024,12,16]]}},{"indexed":{"date-parts":[[2022,7,7]],"date-time":"2022-07-07T16:42:18Z","timestamp":1657212138889},"reference-count":0,"publisher":"Universidad Nacional Abierta y a Distancia","content-domain":{"domain":[],"crossmark-restriction":false},"DOI":"10.22490\/9789586517379.15","type":"book-chapter","created":{"date-parts":[[2022,7,7]],"date-time":"2022-07-07T16:27:27Z","timestamp":1657211247000},"page":"339-363","source":"Crossref","is-referenced-by-count":0,"title":["Conducto en T biomim\u00e9tico para reducir la resistencia local de un sistema de ventilaci\u00f3n y aire acondicionado"],"prefix":"10.22490","author":[{"given":"Ran","family":"Gao","sequence":"first","affiliation":[],"role":[{"role":"author","vocabulary":"crossref"}]},{"given":"Kaikai","family":"Liu","sequence":"additional","affiliation":[],"role":[{"role":"author","vocabulary":"crossref"}]},{"given":"Angui","family":"Li","sequence":"additional","affiliation":[],"role":[{"role":"author","vocabulary":"crossref"}]},{"given":"Zhiyu","family":"Fang","sequence":"additional","affiliation":[],"role":[{"role":"author","vocabulary":"crossref"}]},{"given":"Zhigang","family":"Yang","sequence":"additional","affiliation":[],"role":[{"role":"author","vocabulary":"crossref"}]},{"given":"Beihua","family":"Cong","sequence":"additional","affiliation":[],"role":[{"role":"author","vocabulary":"crossref"}]}],"member":"9784","published-online":{"date-parts":[[2019,12,1]]},"container-title":["Re-descubriendo el mundo natural: La biomimesis en perspectiva"],"deposited":{"date-parts":[[2022,7,7]],"date-time":"2022-07-07T16:27:49Z","timestamp":1657211269000},"score":0.0,"resource":{"primary":{"URL":"https:\/\/libros.unad.edu.co\/index.php\/selloeditorial\/catalog\/view\/105\/100\/1058"}},"issued":{"date-parts":[[2019,12,1]]},"references-count":0,"URL":"https:\/\/doi.org\/10.22490\/9789586517379.15","published":{"date-parts":[[2019,12,1]]}},{"indexed":{"date-parts":[[2022,7,7]],"date-time":"2022-07-07T16:42:33Z","timestamp":1657212153768},"reference-count":0,"publisher":"Universidad Nacional Abierta y a Distancia","content-domain":{"domain":[],"crossmark-restriction":false},"DOI":"10.22490\/9789586517379.07","type":"book-chapter","created":{"date-parts":[[2022,7,7]],"date-time":"2022-07-07T16:27:27Z","timestamp":1657211247000},"page":"155-188","source":"Crossref","is-referenced-by-count":0,"title":["La emergencia de la econom\u00eda biomim\u00e9tica"],"prefix":"10.22490","author":[{"given":"Roberto","family":"Bermejo","sequence":"first","affiliation":[],"role":[{"role":"author","vocabulary":"crossref"}]}],"member":"9784","published-online":{"date-parts":[[2019,12,1]]},"container-title":["Re-descubriendo el mundo natural: La biomimesis en perspectiva"],"deposited":{"date-parts":[[2022,7,7]],"date-time":"2022-07-07T16:27:39Z","timestamp":1657211259000},"score":0.0,"resource":{"primary":{"URL":"https:\/\/libros.unad.edu.co\/index.php\/selloeditorial\/catalog\/view\/105\/100\/1050"}},"issued":{"date-parts":[[2019,12,1]]},"references-count":0,"URL":"https:\/\/doi.org\/10.22490\/9789586517379.07","published":{"date-parts":[[2019,12,1]]}},{"indexed":{"date-parts":[[2022,11,23]],"date-time":"2022-11-23T05:56:19Z","timestamp":1669182979518},"reference-count":0,"publisher":"Universidad Nacional Abierta y a Distancia","isbn-type":[{"value":"9789586517317","type":"print"}],"content-domain":{"domain":[],"crossmark-restriction":false},"abstract":"<jats:p>El libro que presentamos a continuaci\u00f3n es producto de los trabajos de investigaci\u00f3n que los autores han realizado con comunidades rurales y de agricultura familiar campesina en Colombia. Presenta una mirada para un nuevo modelo de desarrollo rural y del sector agrario del pa\u00eds, en la cual establece los par\u00e1metros b\u00e1sicos para reconstruir el contexto rural un escenario que genere oportunidades productivas a partir del uso sostenible de la oferta ambiental, la generaci\u00f3n de tecnolog\u00eda apropiada, el incremento de las capacidades de individuos, familias y la comunidad rural donde se fortalezca la idiosincrasia y el acervo cultural campesino, ind\u00edgenas y afro en pro de mejores condiciones de vida y bienestar. Lo anterior es posible incorporando entre otros aspectos, una nueva concepci\u00f3n de la educaci\u00f3n para las actividades de la ruralidad agraria, es decir cambiando los conceptos de la \u201cExtensi\u00f3n rural\u201d, sus intencionalidades y metodolog\u00edas tradicionales por otras que incorporen de forma expl\u00edcita el imaginario social de la poblaci\u00f3n rural, su relaci\u00f3n con el entorno natural y la valoraci\u00f3n de sus pr\u00e1cticas y t\u00e9cnicas tradicionales. En los siguientes tres cap\u00edtulos se exponen de forma detallada algunos elementos que contribuyen a una nueva mirada de la dimensi\u00f3n ambiental de la agricultura familiar expresada por \u00c1ngel Maya como la relaci\u00f3n ecosistema - cultura, convirti\u00e9ndose as\u00ed en el espacio en el cual confluyen la estructura simb\u00f3lica, la organizaci\u00f3n socioecon\u00f3mica y la plataforma tecnol\u00f3gica de millones de familias rurales de toda Am\u00e9rica Latina.<\/jats:p>","DOI":"10.22490\/9789586517317","type":"monograph","created":{"date-parts":[[2022,11,22]],"date-time":"2022-11-22T16:54:45Z","timestamp":1669136085000},"source":"Crossref","is-referenced-by-count":0,"title":["Desarrollo y extensi\u00f3n rural"],"prefix":"10.22490","author":[{"given":"Emma Sof\u00eda","family":"Corredor Camargo","sequence":"first","affiliation":[],"role":[{"role":"author","vocabulary":"crossref"}]},{"given":"Edwin Manuel","family":"P\u00e1ez Bar\u00f3n","sequence":"additional","affiliation":[],"role":[{"role":"author","vocabulary":"crossref"}]},{"given":"Jorge Armando","family":"Fonseca Carre\u00f1o","sequence":"additional","affiliation":[],"role":[{"role":"author","vocabulary":"crossref"}]}],"member":"9784","published-online":{"date-parts":[[2019,12,19]]},"deposited":{"date-parts":[[2022,11,22]],"date-time":"2022-11-22T16:54:46Z","timestamp":1669136086000},"score":0.0,"resource":{"primary":{"URL":"https:\/\/libros.unad.edu.co\/index.php\/selloeditorial\/catalog\/book\/107"}},"issued":{"date-parts":[[2019,12,19]]},"ISBN":["9789586517317"],"references-count":0,"URL":"https:\/\/doi.org\/10.22490\/9789586517317","published":{"date-parts":[[2019,12,19]]}},{"indexed":{"date-parts":[[2022,6,6]],"date-time":"2022-06-06T16:11:52Z","timestamp":1654531912654},"reference-count":0,"publisher":"Universidad Nacional Abierta y a Distancia","content-domain":{"domain":[],"crossmark-restriction":false},"DOI":"10.22490\/9789586517881.02","type":"book-chapter","created":{"date-parts":[[2022,6,6]],"date-time":"2022-06-06T15:33:56Z","timestamp":1654529636000},"page":"95-152","source":"Crossref","is-referenced-by-count":0,"title":["\u00bfC\u00f3mo se construyen subjetividades cr\u00edticas, transformadoras y solidarias? Experiencias sociales y culturales"],"prefix":"10.22490","author":[{"given":"Rosa Mar\u00eda","family":"Castillero Manzano","sequence":"first","affiliation":[],"role":[{"role":"author","vocabulary":"crossref"}]},{"given":"F\u00e1tima","family":"Gonz\u00e1lez Regalado","sequence":"additional","affiliation":[],"role":[{"role":"author","vocabulary":"crossref"}]},{"given":"Clara In\u00e9s","family":"Palacios Burbano","sequence":"additional","affiliation":[],"role":[{"role":"author","vocabulary":"crossref"}]},{"given":"Geraldi","family":"Leudo Z\u00e1rate","sequence":"additional","affiliation":[],"role":[{"role":"author","vocabulary":"crossref"}]},{"given":"Shutther","family":"Gonz\u00e1lez Rosso","sequence":"additional","affiliation":[],"role":[{"role":"author","vocabulary":"crossref"}]}],"member":"9784","published-online":{"date-parts":[[2021,8,1]]},"container-title":["Subjetividades cr\u00edticas, transformadoras y solidarias: reflexiones y pr\u00e1cticas"],"deposited":{"date-parts":[[2022,6,6]],"date-time":"2022-06-06T15:34:03Z","timestamp":1654529643000},"score":0.0,"resource":{"primary":{"URL":"https:\/\/libros.unad.edu.co\/index.php\/selloeditorial\/catalog\/view\/37\/19\/184"}},"issued":{"date-parts":[[2021,8,1]]},"references-count":0,"URL":"https:\/\/doi.org\/10.22490\/9789586517881.02","published":{"date-parts":[[2021,8,1]]}},{"indexed":{"date-parts":[[2022,4,2]],"date-time":"2022-04-02T19:25:23Z","timestamp":1648927523429},"reference-count":0,"publisher":"Universidad Nacional Abierta y a Distancia","issue":"2","license":[{"start":{"date-parts":[[2017,9,22]],"date-time":"2017-09-22T00:00:00Z","timestamp":1506038400000},"content-version":"unspecified","delay-in-days":0,"URL":"http:\/\/creativecommons.org\/licenses\/by-nc-sa\/4.0"}],"content-domain":{"domain":[],"crossmark-restriction":false},"short-container-title":["rev.investig.agrar.ambient."],"abstract":"<jats:p>Ulex europaeus es una planta de origen mediterr\u00e1neo, introducida en Colombia como cerca viva que ha adquirido gran importancia debido a su car\u00e1cter invasor principalmente en las zonas de alta monta\u00f1a. El conocimiento de su biolog\u00eda es una herramienta fundamental para la implementaci\u00f3n de medidas de manejo que permitan su control y minimicen su impacto sobre los ecosistemas. El estudio de las mol\u00e9culas y principios activos podr\u00eda generar informaci\u00f3n valiosa a este respecto. La investigaci\u00f3n reporta algunos \u00e1cidos grasos y compuestos fen\u00f3licos conseguidos de la extracci\u00f3n oleosa de las semillas e identificados por cromatograf\u00eda de gases acoplada a espectrometr\u00eda de masas. Dentro de los resultados destaca la presencia de \u00e1cido linoleico y tambi\u00e9n la presencia de tocoferoles que podr\u00edan ser \u00fatiles para aplicaciones alimentarias e industriales. Se concluye que la especie podr\u00eda ser utilizada con fines industriales.<\/jats:p>","DOI":"10.22490\/21456453.2032","type":"journal-article","created":{"date-parts":[[2018,8,13]],"date-time":"2018-08-13T21:54:13Z","timestamp":1534197253000},"page":"71-77","source":"Crossref","is-referenced-by-count":0,"title":["Identificaci\u00f3n de \u00e1cidos grasos y compuestos fen\u00f3licos de los aceites extra\u00eddos a partir de semillas de Ulex europaeus"],"prefix":"10.22490","volume":"8","author":[{"given":"Jos\u00e9 Camilo","family":"Torres Romero","sequence":"first","affiliation":[],"role":[{"role":"author","vocabulary":"crossref"}]},{"given":"Myriam Janeth","family":"Ortega Torres","sequence":"additional","affiliation":[],"role":[{"role":"author","vocabulary":"crossref"}]},{"given":"Diana Marcela","family":"Rojas Pinz\u00f3n","sequence":"additional","affiliation":[],"role":[{"role":"author","vocabulary":"crossref"}]},{"given":"Jhon Alexander","family":"Infante-Betancour","sequence":"additional","affiliation":[],"role":[{"role":"author","vocabulary":"crossref"}]},{"given":"Leslie Yaneth","family":"Leal Mej\u00eda","sequence":"additional","affiliation":[],"role":[{"role":"author","vocabulary":"crossref"}]}],"member":"9784","published-online":{"date-parts":[[2017,9,22]]},"container-title":["Revista de Investigaci\u00f3n Agraria y Ambiental"],"link":[{"URL":"http:\/\/hemeroteca.unad.edu.co\/index.php\/riaa\/article\/viewFile\/2032\/2287","content-type":"application\/pdf","content-version":"vor","intended-application":"text-mining"},{"URL":"http:\/\/hemeroteca.unad.edu.co\/index.php\/riaa\/article\/viewFile\/2032\/2244","content-type":"text\/html","content-version":"vor","intended-application":"text-mining"},{"URL":"http:\/\/hemeroteca.unad.edu.co\/index.php\/riaa\/article\/viewFile\/2032\/2244","content-type":"unspecified","content-version":"vor","intended-application":"similarity-checking"}],"deposited":{"date-parts":[[2018,8,13]],"date-time":"2018-08-13T21:54:17Z","timestamp":1534197257000},"score":0.0,"resource":{"primary":{"URL":"http:\/\/hemeroteca.unad.edu.co\/index.php\/riaa\/article\/view\/2032"}},"issued":{"date-parts":[[2017,9,22]]},"references-count":0,"journal-issue":{"issue":"2","published-online":{"date-parts":[[2017,9,22]]}},"URL":"https:\/\/doi.org\/10.22490\/21456453.2032","ISSN":["2145-6453","2145-6097"],"issn-type":[{"value":"2145-6453","type":"electronic"},{"value":"2145-6097","type":"print"}],"published":{"date-parts":[[2017,9,22]]}},{"indexed":{"date-parts":[[2022,4,4]],"date-time":"2022-04-04T16:12:39Z","timestamp":1649088759568},"reference-count":0,"publisher":"Universidad Nacional Abierta y a Distancia","issue":"1","license":[{"start":{"date-parts":[[2013,6,4]],"date-time":"2013-06-04T00:00:00Z","timestamp":1370304000000},"content-version":"unspecified","delay-in-days":0,"URL":"http:\/\/creativecommons.org\/licenses\/by\/4.0"}],"content-domain":{"domain":[],"crossmark-restriction":false},"short-container-title":["Rev. Investig. UNAD"],"abstract":"<jats:p>&lt;p&gt;La investigaci\u00f3n realizada sobre la deserci\u00f3n acad\u00e9mica en ECACEN, muestra los elementos m\u00e1s relevantes de esta problem\u00e1tica, basados principalmente en los siguientes factores: rendimiento acad\u00e9mico, ingreso familiar, nivel acad\u00e9mico, tipo de instituci\u00f3n y la edad. La Escuela ECACEN del CEAD Sim\u00f3n Bol\u00edvar no es ajena a este fen\u00f3meno, las estad\u00edsticas de deserci\u00f3n, de los \u00faltimos dos a\u00f1os, arrojan los siguientes datos: para el periodo 2007-II al periodo 2008-I, la deserci\u00f3n fue del 37 %, para periodo 2008-II al 2009-I, el 29 %.&lt;\/p&gt;&lt;p&gt;Para evitar la deserci\u00f3n de los estudiantes de la Escuela ECACEN en el CEAD Sim\u00f3n Bol\u00edvar \u2013 Cartagena, se han constituido muchas estrategias, entre ellas se puede destacar: las visitas a los sitios de reclusi\u00f3n, plan padrino, disponibilidad permanente de aula de sistemas en el CEAD, comunicaci\u00f3n telef\u00f3nica y electr\u00f3nica, y eventos culturales. Todas estas estrategias se crearon sin tener el soporte de una investigaci\u00f3n formal y exhaustiva de las causas que la generan. A pesar de todas las estrategias utilizadas, las cifras de deserci\u00f3n en ECACEN son muy elevadas; frente a esta situaci\u00f3n la investigaci\u00f3n identifica varios factores que contribuyen en la deserci\u00f3n de los estudiantes de la Escuela ECACEN de la UNAD&lt;\/p&gt;<\/jats:p>","DOI":"10.22490\/25391887.1167","type":"journal-article","created":{"date-parts":[[2017,7,11]],"date-time":"2017-07-11T14:42:53Z","timestamp":1499784173000},"page":"183","source":"Crossref","is-referenced-by-count":0,"title":["Factores que contribuyen en la deserci\u00f3n de los estudiantes de la Escuela de Ciencias Administrativas en la UNAD \u2013 CEAD Sim\u00f3n Bol\u00edvar - Cartagena"],"prefix":"10.22490","volume":"12","author":[{"given":"William","family":"Del Toro D\u00edaz","sequence":"first","affiliation":[],"role":[{"role":"author","vocabulary":"crossref"}]}],"member":"9784","published-online":{"date-parts":[[2013,6,4]]},"container-title":["Revista de Investigaciones UNAD"],"link":[{"URL":"http:\/\/hemeroteca.unad.edu.co\/index.php\/revista-de-investigaciones-unad\/article\/viewFile\/1167\/1377","content-type":"application\/pdf","content-version":"vor","intended-application":"text-mining"}],"deposited":{"date-parts":[[2017,7,11]],"date-time":"2017-07-11T14:43:50Z","timestamp":1499784230000},"score":0.0,"resource":{"primary":{"URL":"http:\/\/hemeroteca.unad.edu.co\/index.php\/revista-de-investigaciones-unad\/article\/view\/1167"}},"issued":{"date-parts":[[2013,6,4]]},"references-count":0,"journal-issue":{"issue":"1","published-online":{"date-parts":[[2013,6,4]]}},"URL":"https:\/\/doi.org\/10.22490\/25391887.1167","ISSN":["2539-1887","0124-793X"],"issn-type":[{"value":"2539-1887","type":"electronic"},{"value":"0124-793X","type":"print"}],"published":{"date-parts":[[2013,6,4]]}},{"indexed":{"date-parts":[[2024,2,20]],"date-time":"2024-02-20T00:17:09Z","timestamp":1708388229233},"reference-count":9,"publisher":"Universidad Nacional Abierta y a Distancia","issue":"4","license":[{"start":{"date-parts":[[2022,10,20]],"date-time":"2022-10-20T00:00:00Z","timestamp":1666224000000},"content-version":"unspecified","delay-in-days":0,"URL":"https:\/\/creativecommons.org\/licenses\/by-nc-nd\/4.0"}],"content-domain":{"domain":[],"crossmark-restriction":false},"short-container-title":["Publ. investig."],"abstract":"<jats:p>This document exposes the experience of inter-school research between the school of legal sciences and the multimedia chain, where it is intended to support learning exercises on the issue of compliance with rights through the management and processing of the guardianship action. for students of legal sciences, therefore, it is necessary to create academic spaces based on real situations to achieve significant learning in students, so from technological innovation initiatives it is postulated to make a video game that allows creating real scenarios, motivations that They allow users to learn about the guardianship action and provide solutions to problems typical of the Colombian context.\u00a0Thus, this proposal is a mixed-type investigation where qualitative and quantitative data converge to identify the effectiveness and usability of the possible video game, in addition to the fact that this technological resource facilitates the learning processes through extrinsic motivation and play.<\/jats:p>","DOI":"10.22490\/25394088.6499","type":"journal-article","created":{"date-parts":[[2023,4,21]],"date-time":"2023-04-21T14:14:41Z","timestamp":1682086481000},"source":"Crossref","is-referenced-by-count":0,"title":["Metodolog\u00eda SCRUM para el dise\u00f1o de los videojuegos serios - TUTELAGANAS","SCRUM methodology for the design of serious videogames - TUTELAGANAS"],"prefix":"10.22490","volume":"16","author":[{"given":"Ilber Dario","family":"Saza Garz\u00f3n","sequence":"first","affiliation":[],"role":[{"role":"author","vocabulary":"crossref"}]},{"given":"Jos\u00e9 Mario","family":"P\u00e9rez Cotes","sequence":"additional","affiliation":[],"role":[{"role":"author","vocabulary":"crossref"}]},{"given":"N\u00e9stor Fabian","family":"Gorr\u00f3n","sequence":"additional","affiliation":[],"role":[{"role":"author","vocabulary":"crossref"}]},{"given":"Javier Gerardo","family":"Reina","sequence":"additional","affiliation":[],"role":[{"role":"author","vocabulary":"crossref"}]},{"given":"Jaime Jos\u00e9","family":"Garc\u00eda Villa","sequence":"additional","affiliation":[],"role":[{"role":"author","vocabulary":"crossref"}]},{"given":"Johanna Carolina","family":"P\u00e1ez Quintero","sequence":"additional","affiliation":[],"role":[{"role":"author","vocabulary":"crossref"}]},{"given":"Elliot","family":"Para","sequence":"additional","affiliation":[],"role":[{"role":"author","vocabulary":"crossref"}]}],"member":"9784","published-online":{"date-parts":[[2022,10,20]]},"reference":[{"key":"ref0","unstructured":"Hern\u00e1ndez Sampieri, R., Fern\u00e1ndez Collado, C., & Baptista Lucio, M. d. (2014). Metodolog\u00eda de la investigaci\u00f3n (Sexta ed.). M\u00e9xico: Mc Graw Hill Education."},{"key":"ref1","doi-asserted-by":"publisher","DOI":"10.15700\/saje.v28n3a176","article-title":"The \"movement\" of mixed methods research and the role of educators","author":"Creswell","year":"2008","unstructured":"Creswell, J. & Garrett, A. (2008). The \"movement\" of mixed methods research and the role of educators. Revista sudafricana de educaci\u00f3n. Vol 28:321-333. Recueprado de https:\/\/www.ajol.info\/index.php\/saje\/article\/view\/25155","journal-title":"Revista sudafricana de educaci\u00f3n Vol 28321-333 Recueprado de https\/\/www"},{"key":"ref2","doi-asserted-by":"publisher","first-page":"15","DOI":"10.15359\/ree.15-1.2","article-title":"Los dise\u00f1os de m\u00e9todo mixto en la investigaci\u00f3n en educaci\u00f3n: Una experiencia concreta","volume":"2011","author":"Pereira","year":"2011","unstructured":"Pereira, Z. (2011).Los dise\u00f1os de m\u00e9todo mixto en la investigaci\u00f3n en educaci\u00f3n: Una experiencia concreta. Revista Electr\u00f3nica Educare, vol. XV, n\u00fam. 1, enero-junio, 2011, pp. 15-29. https:\/\/www.redalyc.org\/pdf\/1941\/194118804003.pdf","journal-title":"Revista Electr\u00f3nica Educare vol XV n\u00fam 1 enero-junio"},{"key":"ref3","unstructured":"La Gu\u00eda de Scrum. Desarrollado y soportado por Ken Schwaber y Jeff Sutherland (2013) https:\/\/scrumguides.org\/docs\/scrumguide\/v1\/Scrum-Guide-ES.pdf"},{"key":"ref4","unstructured":"Oscar Josafat Gasc\u00f3n Todo Scrum 202, un resumen para ser un Scrum Master. https:\/\/agilpm.com\/guia-scrum-agilpm_2019.pdf"},{"key":"ref5","unstructured":"A Guide to the SCRUM BODY OF KNOWLEDGE (SBOK\u2122 Guide) (2013) Una gu\u00eda para el CONOCIMIENTO DE SCRUM"},{"key":"ref6","unstructured":"C. M. Festini Wendorff, Matthew Alexander; Torres Ferreyros, \"Desarrollo de un videojuego con Unreal Engine,\" Universidad Peruana de Ciencias Aplicadas (UPC)., 2015. https:\/\/repositorioacademico.upc.edu.pe\/bitstream\/handle\/10757\/622446\/Festini_ma.pdf?sequence=5&isAllowed=y"},{"key":"ref7","doi-asserted-by":"publisher","unstructured":"Nohem\u00ed Lugo Rodr\u00edguez y Mar\u00eda Elena Mel\u00f3n Jareda. Juegos de Realidad Alternativa para pa Educaci\u00f3n C\u00edvica. Elementos de Dise\u00f1o: Narrativa, Juego y Discurso. Revista de Comunicaci\u00f3n y Ciudadan\u00eda Digital. Volumen 5, N\u00famero 2 pp. 177-202 (2016) https:\/\/revistas.uca.es\/index.php\/cayp\/article\/view\/3240\/3059","DOI":"10.25267\/COMMONS.2016.v5.i2.08"},{"key":"ref8","unstructured":"Francisco Javier Mu\u00f1oz (2017) Instalaci\u00f3n y actualizaci\u00f3n de sistemas operativos. Ediciones Nobel"}],"container-title":["Publicaciones e Investigaci\u00f3n"],"link":[{"URL":"https:\/\/hemeroteca.unad.edu.co\/index.php\/publicaciones-e-investigacion\/article\/download\/6499\/5985","content-type":"application\/pdf","content-version":"vor","intended-application":"text-mining"},{"URL":"https:\/\/hemeroteca.unad.edu.co\/index.php\/publicaciones-e-investigacion\/article\/download\/6499\/5985","content-type":"unspecified","content-version":"vor","intended-application":"similarity-checking"}],"deposited":{"date-parts":[[2024,2,19]],"date-time":"2024-02-19T17:29:25Z","timestamp":1708363765000},"score":0.0,"resource":{"primary":{"URL":"https:\/\/hemeroteca.unad.edu.co\/index.php\/publicaciones-e-investigacion\/article\/view\/6499"}},"issued":{"date-parts":[[2022,10,20]]},"references-count":9,"journal-issue":{"issue":"4","published-online":{"date-parts":[[2022,12,18]]}},"URL":"https:\/\/doi.org\/10.22490\/25394088.6499","ISSN":["2539-4088","1900-6608"],"issn-type":[{"value":"2539-4088","type":"electronic"},{"value":"1900-6608","type":"print"}],"published":{"date-parts":[[2022,10,20]]}},{"indexed":{"date-parts":[[2022,4,5]],"date-time":"2022-04-05T08:41:48Z","timestamp":1649148108210},"reference-count":0,"publisher":"Universidad Nacional Abierta y a Distancia","license":[{"start":{"date-parts":[[2014,12,15]],"date-time":"2014-12-15T00:00:00Z","timestamp":1418601600000},"content-version":"unspecified","delay-in-days":0,"URL":"http:\/\/creativecommons.org\/licenses\/by-nc-sa\/4.0"}],"content-domain":{"domain":[],"crossmark-restriction":false},"short-container-title":["Rev. Estrateg. Organ."],"abstract":"<jats:p>La seguridad privada a lo largo del tiempo ha tenido una tendencia de constante crecimiento y&#x0D;\ncobra gran importancia en el sector econ\u00f3mico del pa\u00eds, por lo anterior se busca dar a conocer&#x0D;\nel grado de competitividad que actualmente enfrentan las 10 escuelas l\u00edderes en el mercado en&#x0D;\nla ciudad de Bogot\u00e1 D.C., lo anterior seg\u00fan los \u00faltimos reportes encontrados en la rendici\u00f3n de&#x0D;\ncuentas de la superintendencia de vigilancia y seguridad privada. Este art\u00edculo es el resultado&#x0D;\nde una investigaci\u00f3n que tuvo como fin identificar la competitividad de las pymes en las escuelas&#x0D;\nde vigilancia y seguridad privada, por tanto busc\u00f3 dar una visi\u00f3n general, sobre las competencias&#x0D;\nde las empresas en el servicio de calidad a partir de lo encontrado en la investigaci\u00f3n&#x0D;\nobjeto de estudio. Se utiliz\u00f3 el Test de Competitividad de Pymes y Aut\u00f3nomos encontrando&#x0D;\ncomo resultado que hay un 56% de mujeres y 44% hombres que laboran en las escuelas de vigilancia, adem\u00e1s en su mayor\u00eda respondieron que si realizan los criterios especificados en cada&#x0D;\n\u00edtem, y pocas respuestas marcaron que est\u00e1n en proceso de cambio. Por tanto se concluye que&#x0D;\nestas academias de capacitaci\u00f3n en vigilancia se han esmerado por ser competitivas.<\/jats:p>","DOI":"10.22490\/25392786.1499","type":"journal-article","created":{"date-parts":[[2017,8,16]],"date-time":"2017-08-16T19:11:37Z","timestamp":1502910697000},"page":"41","source":"Crossref","is-referenced-by-count":0,"title":["COMPETITIVIDAD DE LAS ESCUELAS DE VIGILANCIA Y SEGURIDAD PRIVADA EN BOGOT\u00c1 D.C."],"prefix":"10.22490","volume":"3","author":[{"given":"An\u00edbal","family":"Atahualpa Murcia","sequence":"first","affiliation":[],"role":[{"role":"author","vocabulary":"crossref"}]},{"given":"Jorge Isaac","family":"Lechuga Cardozo","sequence":"additional","affiliation":[],"role":[{"role":"author","vocabulary":"crossref"}]},{"given":"Jahel Johana","family":"Monje Botero","sequence":"additional","affiliation":[],"role":[{"role":"author","vocabulary":"crossref"}]},{"given":"Tania Alejandra","family":"Sapuyes Chavez","sequence":"additional","affiliation":[],"role":[{"role":"author","vocabulary":"crossref"}]}],"member":"9784","published-online":{"date-parts":[[2014,12,15]]},"container-title":["Revista Estrategia Organizacional"],"link":[{"URL":"http:\/\/hemeroteca.unad.edu.co\/index.php\/revista-estrategica-organizacio\/article\/viewFile\/1499\/1805","content-type":"application\/pdf","content-version":"vor","intended-application":"text-mining"}],"deposited":{"date-parts":[[2017,8,16]],"date-time":"2017-08-16T19:11:40Z","timestamp":1502910700000},"score":0.0,"resource":{"primary":{"URL":"http:\/\/hemeroteca.unad.edu.co\/index.php\/revista-estrategica-organizacio\/article\/view\/1499"}},"issued":{"date-parts":[[2014,12,15]]},"references-count":0,"URL":"https:\/\/doi.org\/10.22490\/25392786.1499","ISSN":["2539-2786"],"issn-type":[{"value":"2539-2786","type":"electronic"}],"published":{"date-parts":[[2014,12,15]]}},{"indexed":{"date-parts":[[2023,6,29]],"date-time":"2023-06-29T04:32:33Z","timestamp":1688013153268},"reference-count":0,"publisher":"Universidad Nacional Abierta y a Distancia","issue":"2","license":[{"start":{"date-parts":[[2023,6,20]],"date-time":"2023-06-20T00:00:00Z","timestamp":1687219200000},"content-version":"unspecified","delay-in-days":0,"URL":"http:\/\/creativecommons.org\/licenses\/by-nc-sa\/4.0"}],"content-domain":{"domain":[],"crossmark-restriction":false},"short-container-title":["rev.investig.agrar.ambient."],"abstract":"<jats:p>Contextualizaci\u00f3n: el cultivo de la papa, en Nari\u00f1o, presenta un n\u00famero significativo de genotipos comerciales, pero diversos problemas fitosanitarios [como el fitopat\u00f3geno R. solani K\u00fchn] afectan su producci\u00f3n y rendimiento.\nVac\u00edo de conocimiento: no existe informaci\u00f3n relacionada, en el departamento de Nari\u00f1o, sobre el ataque de este fitopat\u00f3geno a diferentes genotipos de papa .\n\u00a0Prop\u00f3sito: esta investigaci\u00f3n tuvo como objetivo determinar los da\u00f1os ocasionados por la costra negra [R. solani K\u00fchn] en cinco variedades comerciales de papa del departamento de Nari\u00f1o.\nMetodolog\u00eda: en tres municipios productores de papa del departamento de Nari\u00f1o [Ipiales, Pasto y T\u00faquerres], mediante un Dise\u00f1o de Bloques Completos al Azar [con cuatro repeticiones y cinco tratamientos], se evaluaron las siguientes variables en genotipos de papa afectados por R. solani K\u00fchn: incidencia en emergencia y brotaci\u00f3n, incidencia en cosecha y rendimiento comercial. Finalmente, se realiz\u00f3 un an\u00e1lisis de varianza, mediante pruebas de comparaci\u00f3n de Tukey.\nResultados y Conclusiones: en la localidad de T\u00faquerres se obtuvo el mayor porcentaje de incidencia en emergencia y brotaci\u00f3n [36,04 %], con diferencias estad\u00edsticas frente a las localidades de Pasto [30,70 %] e Ipiales [31,98 %]. Para la variable de incidencia en cosecha, el genotipo Roja Huila [en T\u00faquerres] fue el m\u00e1s afectado, alcanzando un porcentaje de Incidencia de 19.94 %. Finalmente, en la evaluaci\u00f3n del Rendimiento comercial, el genotipo Superior [en Pasto] present\u00f3 el mejor comportamiento, con un promedio de 22,37 t\/ha.<\/jats:p>","DOI":"10.22490\/21456453.6353","type":"journal-article","created":{"date-parts":[[2023,6,28]],"date-time":"2023-06-28T13:21:23Z","timestamp":1687958483000},"page":"73-89","source":"Crossref","is-referenced-by-count":0,"title":["Estudio epidemiol\u00f3gico de Rhizoctonia solani K\u00fchn en cinco genotipos comerciales de papa (Solanum tuberosum L.) de Nari\u00f1o"],"prefix":"10.22490","volume":"14","author":[{"given":"Jessica","family":"Descanse Vallejo","sequence":"first","affiliation":[],"role":[{"role":"author","vocabulary":"crossref"}]},{"given":"Carlos","family":"Betancourth Garc\u00eda","sequence":"additional","affiliation":[],"role":[{"role":"author","vocabulary":"crossref"}]},{"given":"Claudia","family":"Salazar Gonz\u00e1lez","sequence":"additional","affiliation":[],"role":[{"role":"author","vocabulary":"crossref"}]},{"given":"Benjamin","family":"Sa\u00f1udo Sotelo","sequence":"additional","affiliation":[],"role":[{"role":"author","vocabulary":"crossref"}]}],"member":"9784","published-online":{"date-parts":[[2023,6,20]]},"container-title":["Revista de Investigaci\u00f3n Agraria y Ambiental"],"link":[{"URL":"https:\/\/hemeroteca.unad.edu.co\/index.php\/riaa\/article\/download\/6353\/6110","content-type":"application\/pdf","content-version":"vor","intended-application":"text-mining"},{"URL":"https:\/\/hemeroteca.unad.edu.co\/index.php\/riaa\/article\/download\/6353\/6110","content-type":"unspecified","content-version":"vor","intended-application":"similarity-checking"}],"deposited":{"date-parts":[[2023,6,28]],"date-time":"2023-06-28T13:21:30Z","timestamp":1687958490000},"score":0.0,"resource":{"primary":{"URL":"https:\/\/hemeroteca.unad.edu.co\/index.php\/riaa\/article\/view\/6353"}},"issued":{"date-parts":[[2023,6,20]]},"references-count":0,"journal-issue":{"issue":"2","published-online":{"date-parts":[[2023,6,20]]}},"URL":"https:\/\/doi.org\/10.22490\/21456453.6353","ISSN":["2145-6453","2145-6097"],"issn-type":[{"value":"2145-6453","type":"electronic"},{"value":"2145-6097","type":"print"}],"published":{"date-parts":[[2023,6,20]]}},{"indexed":{"date-parts":[[2024,8,23]],"date-time":"2024-08-23T00:24:00Z","timestamp":1724372640578},"reference-count":0,"publisher":"Universidad Nacional Abierta y a Distancia","issue":"2","license":[{"start":{"date-parts":[[2024,2,27]],"date-time":"2024-02-27T00:00:00Z","timestamp":1708992000000},"content-version":"unspecified","delay-in-days":0,"URL":"https:\/\/creativecommons.org\/licenses\/by-nc-nd\/4.0"}],"content-domain":{"domain":[],"crossmark-restriction":false},"short-container-title":["Educ. Sentipensante"],"abstract":"<jats:p>This study delves into the benefits and challenges of transforming a monolingual school into a bilingual one in the Colombian context. The theoretical framework highlights the complexities of bilingualism in Colombia, emphasizing the need for a critical approach to the concept and the challenges faced by monolingual schools. Methodologically, content analysis was employed to analyze the transition process, considering the empirical, exploratory, and predictive nature of this research method. The study drew on various sources, including a literature review, contrasting charts, and index cards, to provide a comprehensive overview of the topic. The findings emphasize the significance of a well-planned bilingualism project, which demands time, resources, qualified teachers, and appropriate teaching materials. Success hinges on a gradual, carefully monitored implementation process. Learners benefit from acquiring a foreign language, particularly English, which equips them to navigate a globalized world. The study advocates a sequential and staggered approach, involving regular evaluation and a variety of activities to strengthen language proficiency. In conclusion, this research underscores the importance of well-executed bilingualism projects in Colombian schools taking into consideration that such initiatives offer learners the skills needed to thrive in a globalized world while enhancing the quality of education and the school as an institution.<\/jats:p>","DOI":"10.22490\/28057597.6793","type":"journal-article","created":{"date-parts":[[2024,8,22]],"date-time":"2024-08-22T18:08:51Z","timestamp":1724350131000},"page":"35-41","source":"Crossref","is-referenced-by-count":0,"title":["Educaci\u00f3n biling\u00fce en Colombia","Bilingual Education in Colombia"],"prefix":"10.22490","volume":"3","author":[{"given":"Viviana Andrea","family":"Ospina Giraldo","sequence":"first","affiliation":[],"role":[{"role":"author","vocabulary":"crossref"}]},{"given":"Milly Andrea","family":"Mu\u00f1oz Fandi\u00f1o","sequence":"additional","affiliation":[],"role":[{"role":"author","vocabulary":"crossref"}]}],"member":"9784","published-online":{"date-parts":[[2024,2,27]]},"container-title":["EducAcci\u00f3n Sentipensante"],"link":[{"URL":"https:\/\/hemeroteca.unad.edu.co\/index.php\/educ_sentipensante\/article\/download\/6793\/6736","content-type":"application\/pdf","content-version":"vor","intended-application":"text-mining"},{"URL":"https:\/\/hemeroteca.unad.edu.co\/index.php\/educ_sentipensante\/article\/download\/6793\/6736","content-type":"unspecified","content-version":"vor","intended-application":"similarity-checking"}],"deposited":{"date-parts":[[2024,8,22]],"date-time":"2024-08-22T18:08:57Z","timestamp":1724350137000},"score":0.0,"resource":{"primary":{"URL":"https:\/\/hemeroteca.unad.edu.co\/index.php\/educ_sentipensante\/article\/view\/6793"}},"subtitle":["retos y beneficios de transformar una escuela monoling\u00fce","Challenges andBenefits of Transforming a Monolingual School"],"issued":{"date-parts":[[2024,2,27]]},"references-count":0,"journal-issue":{"issue":"2","published-online":{"date-parts":[[2024,2,27]]}},"URL":"https:\/\/doi.org\/10.22490\/28057597.6793","ISSN":["2805-7597"],"issn-type":[{"value":"2805-7597","type":"electronic"}],"published":{"date-parts":[[2024,2,27]]}},{"indexed":{"date-parts":[[2024,4,19]],"date-time":"2024-04-19T20:06:55Z","timestamp":1713557215575},"reference-count":0,"publisher":"Universidad Nacional Abierta y a Distancia","license":[{"start":{"date-parts":[[2010,5,2]],"date-time":"2010-05-02T00:00:00Z","timestamp":1272758400000},"content-version":"unspecified","delay-in-days":0,"URL":"http:\/\/creativecommons.org\/licenses\/by-nc-sa\/4.0"}],"content-domain":{"domain":[],"crossmark-restriction":false},"short-container-title":["Desbordes rev. investig. esc. cienc.sociales artes humanid."],"abstract":"<jats:p>&lt;p&gt;En el presente \u00a0art\u00edculo \u00a0se analiza la funci\u00f3n \u00a0que cumple \u00a0la Universidad \u00a0Nacional Abierta \u00a0y a Distancia - UNAD, como \u00a0entidad \u00a0educativa que aporta a la transformaci\u00f3n y el mejoramiento de la vida en sociedad.Seintenta clarificar y definir \u00a0tanto \u00a0los elementos subjetivos de la cultura como las actitudes \u00a0o los valores y se describe la manera como la Universidad desarrolla la gesti\u00f3n educativa, cuando reflexiona especialmente acerca del car\u00e1cter simb\u00f3lico de la intersubjetividad y la forma en que las pautas de comportamiento \u00a0se internalizan y establecen en el psiquismo humano por medio de los procesos de socializaci\u00f3n. El concepto de intersubjetividad proporciona la base y el sustento epistemol\u00f3gico para entender c\u00f3mo es que el paradigma pedag\u00f3gico centrado en el aprendizaje, hace \u00e9nfasis en la autonom\u00eda y en la autogesti\u00f3n del conocimiento, apoyado por m\u00faltiples mediaciones pedag\u00f3gicas y tecnol\u00f3gicas, desde criterios pedag\u00f3gicos y did\u00e1cticos para un aprendizaje met\u00f3dico, sistem\u00e1tico, aut\u00f3nomo y significativo que apunta al logro de la formaci\u00f3n integral de la persona, la voluntad de producci\u00f3n y socializaci\u00f3n del saber cient\u00edfico y la voluntad de servicio a los dem\u00e1s. El sentido de lo social es un elemento que transversaliza la gesti\u00f3n educativa de la Universidad, porque confiere la mayor importancia a los factores que determinan la vida en comunidad.&lt;\/p&gt;<\/jats:p>","DOI":"10.22490\/25394150.1358","type":"journal-article","created":{"date-parts":[[2017,6,15]],"date-time":"2017-06-15T19:39:46Z","timestamp":1497555586000},"page":"33","source":"Crossref","is-referenced-by-count":1,"title":["ACCI\u00d3N  UNADISTA  EN TORNO  A LA CULTURA"],"prefix":"10.22490","volume":"1","author":[{"given":"Abel De Jes\u00fas","family":"Baquero","sequence":"first","affiliation":[],"role":[{"role":"author","vocabulary":"crossref"}]},{"given":"Emilse","family":"Estupi\u00f1an","sequence":"additional","affiliation":[],"role":[{"role":"author","vocabulary":"crossref"}]}],"member":"9784","published-online":{"date-parts":[[2010,5,2]]},"container-title":["Desbordes. Revista de Investigaciones. Escuela de Ciencias sociales, artes y humanidades - UNAD"],"link":[{"URL":"http:\/\/hemeroteca.unad.edu.co\/index.php\/desbordes\/article\/viewFile\/1358\/1695","content-type":"application\/pdf","content-version":"vor","intended-application":"text-mining"}],"deposited":{"date-parts":[[2017,6,15]],"date-time":"2017-06-15T19:41:15Z","timestamp":1497555675000},"score":0.0,"resource":{"primary":{"URL":"http:\/\/hemeroteca.unad.edu.co\/index.php\/desbordes\/article\/view\/1358"}},"issued":{"date-parts":[[2010,5,2]]},"references-count":0,"URL":"https:\/\/doi.org\/10.22490\/25394150.1358","ISSN":["2539-4150","2027-5579"],"issn-type":[{"value":"2539-4150","type":"electronic"},{"value":"2027-5579","type":"print"}],"published":{"date-parts":[[2010,5,2]]}},{"indexed":{"date-parts":[[2022,11,25]],"date-time":"2022-11-25T06:12:09Z","timestamp":1669356729386},"reference-count":0,"publisher":"Universidad Nacional Abierta y a Distancia","isbn-type":[{"value":"9789586517096","type":"print"}],"content-domain":{"domain":[],"crossmark-restriction":false},"abstract":"<jats:p>La evoluci\u00f3n r\u00e1pida y continua del conocimiento hace que los sistemas digitales de acceso, almacenamiento y distribuci\u00f3n de la informaci\u00f3n tales como las bibliotecas virtuales sean de vital importancia para la formaci\u00f3n en l\u00ednea de profesionales. Sin embargo, la r\u00e1pida evoluci\u00f3n de los esquemas de almacenamiento digital hace que el dise\u00f1o, implementaci\u00f3n y uso de recursos digitales no se est\u00e9 dando de una forma adecuada ni efectiva. Es necesario, por tanto, que haya estudios que den luz sobre los elementos, componentes y esquemas de uso que deben conformar una biblioteca virtual para satisfacer las necesidades acad\u00e9micas, investigativas, tecnol\u00f3gicas y comunicativas de estudiantes y docentes y que conduzcan y apoyen la calidad en la formaci\u00f3n en l\u00ednea de estudios universitarios. La disertaci\u00f3n Biblioteca virtual: un modelo de espacio acad\u00e9mico para la formaci\u00f3n en l\u00ednea de estudios universitarios hace una investigaci\u00f3n detallada, integral y exhaustiva del sistema y uso de la biblioteca virtual en la Universidad Nacional Abierta y a Distancia UNAD de Colombia y presenta como resultado del an\u00e1lisis un modelo de biblioteca virtual que incluye los requerimientos para el dise\u00f1o apropiado de esta, enfoc\u00e1ndose en la eficiencia y el impacto en la formaci\u00f3n acad\u00e9mica e investigativa de sus estudiantes. Los resultados de la presente investigaci\u00f3n son importantes, pertinentes y necesarios en los sistemas educativos para el impacto y formaci\u00f3n de profesionales universitarios en nuestra sociedad de la informaci\u00f3n actual.<\/jats:p>","DOI":"10.22490\/9789586517096","type":"monograph","created":{"date-parts":[[2022,11,24]],"date-time":"2022-11-24T17:30:33Z","timestamp":1669311033000},"source":"Crossref","is-referenced-by-count":0,"title":["La biblioteca virtual en los nuevos entornos del conocimiento y el aprendizaje en l\u00ednea"],"prefix":"10.22490","author":[{"given":"Gloria Isabel","family":"Vargas Hurtado","sequence":"first","affiliation":[],"role":[{"role":"author","vocabulary":"crossref"}]}],"member":"9784","published-online":{"date-parts":[[2019,12,19]]},"deposited":{"date-parts":[[2022,11,24]],"date-time":"2022-11-24T17:30:35Z","timestamp":1669311035000},"score":0.0,"resource":{"primary":{"URL":"https:\/\/libros.unad.edu.co\/index.php\/selloeditorial\/catalog\/book\/132"}},"issued":{"date-parts":[[2019,12,19]]},"ISBN":["9789586517096"],"references-count":0,"URL":"https:\/\/doi.org\/10.22490\/9789586517096","published":{"date-parts":[[2019,12,19]]}},{"indexed":{"date-parts":[[2024,6,7]],"date-time":"2024-06-07T20:01:00Z","timestamp":1717790460358},"reference-count":0,"publisher":"Universidad Nacional Abierta y a Distancia","issue":"2","license":[{"start":{"date-parts":[[2016,12,14]],"date-time":"2016-12-14T00:00:00Z","timestamp":1481673600000},"content-version":"unspecified","delay-in-days":0,"URL":"http:\/\/creativecommons.org\/licenses\/by-nc-sa\/4.0"}],"content-domain":{"domain":[],"crossmark-restriction":false},"short-container-title":["rev.investig.agrar.ambient."],"abstract":"<jats:p>&lt;p&gt;La investigaci\u00f3n tuvo como objetivo analizar la disponibilidad a pagar por la realizaci\u00f3n de la restauraci\u00f3n ecol\u00f3gica de la cantera Cueva del zorro, por parte de los habitantes de la vereda Panam\u00e1, en el municipio de Soacha, Cundinamarca, Colombia. Metodol\u00f3gicamente se aplicaron encuestas y una entrevista al l\u00edder comunitario de la comunidad con el fin de conocer la percepci\u00f3n acerca del ambiente, la restauraci\u00f3n y la miner\u00eda. La informaci\u00f3n \u00a0recopilada fue analizada a trav\u00e9s de estad\u00edsticas descriptivas. Los resultados muestran que los niveles socio-econ\u00f3micos de la poblaci\u00f3n influyen directamente en la toma de decisiones en cuanto al valor monetario ofrecido para la realizaci\u00f3n de la restauraci\u00f3n.&lt;\/p&gt;<\/jats:p>","DOI":"10.22490\/21456453.1566","type":"journal-article","created":{"date-parts":[[2017,3,28]],"date-time":"2017-03-28T15:39:52Z","timestamp":1490715592000},"page":"171","source":"Crossref","is-referenced-by-count":1,"title":["An\u00e1lisis de valoraci\u00f3n contingente de restauraci\u00f3n ecol\u00f3gica de una cantera en Soacha, Cundinamarca, Colombia"],"prefix":"10.22490","volume":"7","author":[{"given":"Lina Melissa","family":"Tequia Mayorga","sequence":"first","affiliation":[],"role":[{"role":"author","vocabulary":"crossref"}]},{"given":"David Andr\u00e9s","family":"Camargo Mayorga","sequence":"additional","affiliation":[],"role":[{"role":"author","vocabulary":"crossref"}]}],"member":"9784","published-online":{"date-parts":[[2016,12,14]]},"container-title":["Revista de Investigaci\u00f3n Agraria y Ambiental"],"link":[{"URL":"http:\/\/hemeroteca.unad.edu.co\/index.php\/riaa\/article\/viewFile\/1566\/1913","content-type":"application\/pdf","content-version":"vor","intended-application":"text-mining"},{"URL":"http:\/\/hemeroteca.unad.edu.co\/index.php\/riaa\/article\/viewFile\/1566\/1888","content-type":"text\/html","content-version":"vor","intended-application":"text-mining"}],"deposited":{"date-parts":[[2017,3,28]],"date-time":"2017-03-28T15:40:29Z","timestamp":1490715629000},"score":0.0,"resource":{"primary":{"URL":"http:\/\/hemeroteca.unad.edu.co\/index.php\/riaa\/article\/view\/1566"}},"issued":{"date-parts":[[2016,12,14]]},"references-count":0,"journal-issue":{"issue":"2","published-online":{"date-parts":[[2016,12,14]]}},"URL":"https:\/\/doi.org\/10.22490\/21456453.1566","ISSN":["2145-6453","2145-6097"],"issn-type":[{"value":"2145-6453","type":"electronic"},{"value":"2145-6097","type":"print"}],"published":{"date-parts":[[2016,12,14]]}},{"indexed":{"date-parts":[[2024,8,15]],"date-time":"2024-08-15T05:47:51Z","timestamp":1723700871587},"reference-count":0,"publisher":"Universidad Nacional Abierta y a Distancia","issue":"1","license":[{"start":{"date-parts":[[2012,5,15]],"date-time":"2012-05-15T00:00:00Z","timestamp":1337040000000},"content-version":"unspecified","delay-in-days":0,"URL":"https:\/\/creativecommons.org\/licenses\/by\/4.0\/deed.es"}],"content-domain":{"domain":[],"crossmark-restriction":false},"short-container-title":["rev.investig.agrar.ambient."],"abstract":"<jats:p>&lt;p align=\"left\"&gt;Se presenta1 el marco hist\u00f3rico de los procesos que incidieron en la Pol\u00edtica de Educaci\u00f3n Ambiental entre 2002 y 2010 en Colombia, tomando como ejes los procesos de transformaci\u00f3n del Ministerio del Medio Ambiente y la denominada Revoluci\u00f3n Educativa. La investigaci\u00f3n es de tipo cualitativo, con un enfoque hist\u00f3rico-hermen\u00e9utico, y la t\u00e9cnica utilizada es la investigaci\u00f3n documental. Como resultado, se identific\u00f3 un contexto hist\u00f3rico caracterizado por una visi\u00f3n economicista, una posici\u00f3n guerrerista en detrimento de las necesidades sociales y una modificaci\u00f3n de aspectos estructurantes en el sistema pol\u00edtico de Colombia. Se concluye que estos procesos han generado retraso y afectado la evoluci\u00f3n que desde la d\u00e9cada de los a\u00f1os setenta del siglo XX, y en especial a partir de la Constituci\u00f3n de 1991, se instalaron en procura de solucionar las diversas problem\u00e1ticas ambientales.&lt;\/p&gt;<\/jats:p>","DOI":"10.22490\/21456453.948","type":"journal-article","created":{"date-parts":[[2017,3,28]],"date-time":"2017-03-28T17:13:27Z","timestamp":1490721207000},"page":"89","source":"Crossref","is-referenced-by-count":2,"title":["Pol\u00edtica de educaci\u00f3n ambiental en Colombia, 2002-2010"],"prefix":"10.22490","volume":"3","author":[{"given":"Miguel Ezequiel","family":"Badillo Mendoza","sequence":"first","affiliation":[],"role":[{"role":"author","vocabulary":"crossref"}]}],"member":"9784","published-online":{"date-parts":[[2012,5,15]]},"container-title":["Revista de Investigaci\u00f3n Agraria y Ambiental"],"link":[{"URL":"http:\/\/hemeroteca.unad.edu.co\/index.php\/riaa\/article\/viewFile\/948\/939","content-type":"application\/pdf","content-version":"vor","intended-application":"text-mining"}],"deposited":{"date-parts":[[2017,3,28]],"date-time":"2017-03-28T17:13:42Z","timestamp":1490721222000},"score":0.0,"resource":{"primary":{"URL":"http:\/\/hemeroteca.unad.edu.co\/index.php\/riaa\/article\/view\/948"}},"issued":{"date-parts":[[2012,5,15]]},"references-count":0,"journal-issue":{"issue":"1","published-online":{"date-parts":[[2012,5,15]]}},"URL":"https:\/\/doi.org\/10.22490\/21456453.948","ISSN":["2145-6453","2145-6097"],"issn-type":[{"value":"2145-6453","type":"electronic"},{"value":"2145-6097","type":"print"}],"published":{"date-parts":[[2012,5,15]]}},{"indexed":{"date-parts":[[2023,7,6]],"date-time":"2023-07-06T04:27:40Z","timestamp":1688617660250},"reference-count":0,"publisher":"Universidad Nacional Abierta y a Distancia","content-domain":{"domain":[],"crossmark-restriction":false},"abstract":"<jats:p>Objetivo: Se estudi\u00f3 la l\u00f3gica difusa como una alternativa para la toma de decisiones en diferentes t\u00f3picos de la actividad humana. M\u00e9todo: Se realiz\u00f3 una revisi\u00f3n bibliogr\u00e1fica en las principales bases de datos sobre aplicaciones de la l\u00f3gica difusa y c\u00f3mo ha sido \u00fatil para mejores decisiones. Se desarroll\u00f3 un ejercicio de l\u00f3gica difusa para la selecci\u00f3n de tutores en la UNAD usando \u00e1lgebra matricial. Resultados: Se mostr\u00f3 el n\u00famero de publicaciones sobre l\u00f3gica difusa en las bases de datos consultadas, se realiz\u00f3 una aplicaci\u00f3n de l\u00f3gica difusa en la selecci\u00f3n de tutores de tiempo completo, medio tiempo y hora c\u00e1tedra en la UNAD donde se observa la aplicaci\u00f3n del \u00e1lgebra matricial. Discusi\u00f3n y conclusiones: La l\u00f3gica difusa resuelve el problema de las interpretaciones sem\u00e1nticas como alto o bajo, costoso o econ\u00f3mico, conveniente o inconveniente<\/jats:p>","DOI":"10.22490\/ecacen.6935","type":"report","created":{"date-parts":[[2023,7,5]],"date-time":"2023-07-05T16:52:09Z","timestamp":1688575929000},"source":"Crossref","is-referenced-by-count":0,"title":["La l\u00f3gica difusa en la selecci\u00f3n de talento humano"],"prefix":"10.22490","author":[{"given":"Henry","family":"Hurtado Bola\u00f1os","sequence":"first","affiliation":[],"role":[{"role":"author","vocabulary":"crossref"}]},{"given":"Ricardo","family":"G\u00f3mez Narv\u00e1ez","sequence":"additional","affiliation":[],"role":[{"role":"author","vocabulary":"crossref"}]}],"member":"9784","published-online":{"date-parts":[[2023,6,21]]},"deposited":{"date-parts":[[2023,7,5]],"date-time":"2023-07-05T16:52:11Z","timestamp":1688575931000},"score":0.0,"resource":{"primary":{"URL":"https:\/\/hemeroteca.unad.edu.co\/index.php\/working\/article\/view\/6935"}},"issued":{"date-parts":[[2023,6,21]]},"references-count":0,"URL":"https:\/\/doi.org\/10.22490\/ecacen.6935","published":{"date-parts":[[2023,6,21]]}},{"indexed":{"date-parts":[[2022,11,25]],"date-time":"2022-11-25T06:13:40Z","timestamp":1669356820645},"reference-count":0,"publisher":"Universidad Nacional Abierta y a Distancia","isbn-type":[{"value":"9789586516211","type":"print"}],"content-domain":{"domain":[],"crossmark-restriction":false},"DOI":"10.22490\/9789586516211.05","type":"book-chapter","created":{"date-parts":[[2022,11,24]],"date-time":"2022-11-24T20:49:20Z","timestamp":1669322960000},"page":"54-65","source":"Crossref","is-referenced-by-count":0,"title":["Software para argumentaci\u00f3n, exploraci\u00f3n del uso de las tecnolog\u00edas en ejercicios argumentales"],"prefix":"10.22490","author":[{"given":"Paula Andrea","family":"Mora Pedreros","sequence":"first","affiliation":[],"role":[{"role":"author","vocabulary":"crossref"}]}],"member":"9784","published-online":{"date-parts":[[2017,5,17]]},"container-title":["Argumentaci\u00f3n y desarrollo del pensamiento cr\u00edtico en entornos virtuales de aprendizaje"],"deposited":{"date-parts":[[2022,11,24]],"date-time":"2022-11-24T20:49:28Z","timestamp":1669322968000},"score":0.0,"resource":{"primary":{"URL":"https:\/\/libros.unad.edu.co\/index.php\/selloeditorial\/catalog\/view\/20\/53\/1072"}},"issued":{"date-parts":[[2017,5,17]]},"ISBN":["9789586516211"],"references-count":0,"URL":"https:\/\/doi.org\/10.22490\/9789586516211.05","published":{"date-parts":[[2017,5,17]]}},{"indexed":{"date-parts":[[2023,4,12]],"date-time":"2023-04-12T04:36:40Z","timestamp":1681274200135},"reference-count":0,"publisher":"Universidad Nacional Abierta y a Distancia","isbn-type":[{"value":"9789586517775","type":"print"}],"content-domain":{"domain":[],"crossmark-restriction":false},"abstract":"<jats:p>Este  texto  pretende  compartir  algunos  resultados  previos  y  reflexiones  producto  del  proceso de investigaci\u00f3n que aborda el contexto de las mujeres v\u00edctimas del conflicto armado  en  el  municipio  de  Pitalito,  el  cual  se  ha  realizado  por  medio  de  narrativas  individuales y mediante la investigaci\u00f3n acci\u00f3n participativa con la finalidad de recolectar informaci\u00f3n valiosa en torno a la problem\u00e1tica, que es traducida por un sinn\u00famero de hechos victimizantes que acarrean afectaciones psicol\u00f3gicas e impactan los estilos de afrontamiento y los mecanismos de defensa de esta poblaci\u00f3n. Por medio del trabajo articulado entre las mujeres participantes y el grupo de estudiantes y tutores del semillero de investigaci\u00f3n Contacto se construyen nuevamente conceptos y conocimientos, a partir de esas historias en momentos de adversidad, que llevan a la comprensi\u00f3n  de  los  factores  resilientes  presentes  como  factores  carenciales  en  este  tipo de poblaci\u00f3n vulnerable, que facilitar\u00e1n la construcci\u00f3n de nuevo conocimiento para aportar en la construcci\u00f3n del tejido social de la regi\u00f3n.<\/jats:p>","DOI":"10.22490\/9789586517775.1.5","type":"book-chapter","created":{"date-parts":[[2023,4,11]],"date-time":"2023-04-11T14:57:56Z","timestamp":1681225076000},"page":"69-78","source":"Crossref","is-referenced-by-count":0,"title":["Resiliencia en mujeres v\u00edctimas del conflicto un factor de transici\u00f3n de la dificultad a la oportunidad"],"prefix":"10.22490","author":[{"given":"Zaida Ximena","family":"Alba Pinz\u00f3n","sequence":"first","affiliation":[],"role":[{"role":"author","vocabulary":"crossref"}]},{"given":"Sandra Milena","family":"Guzm\u00e1n D\u00edaz","sequence":"additional","affiliation":[],"role":[{"role":"author","vocabulary":"crossref"}]},{"given":"Liliana","family":"Solarte Artunduaga","sequence":"additional","affiliation":[],"role":[{"role":"author","vocabulary":"crossref"}]},{"given":"Rub\u00e9n Dar\u00edo","family":"Ariza Camacho","sequence":"additional","affiliation":[],"role":[{"role":"author","vocabulary":"crossref"}]}],"member":"9784","published-online":{"date-parts":[[2021,5,1]]},"container-title":["Centro de investigaci\u00f3n acci\u00f3n psicosocial comunitaria: un escenario para la construcci\u00f3n de paz vol. 2"],"deposited":{"date-parts":[[2023,4,11]],"date-time":"2023-04-11T14:58:03Z","timestamp":1681225083000},"score":0.0,"resource":{"primary":{"URL":"https:\/\/libros.unad.edu.co\/index.php\/selloeditorial\/catalog\/view\/62\/190\/1547"}},"issued":{"date-parts":[[2021,5,1]]},"ISBN":["9789586517775"],"references-count":0,"URL":"https:\/\/doi.org\/10.22490\/9789586517775.1.5","published":{"date-parts":[[2021,5,1]]}},{"indexed":{"date-parts":[[2022,4,5]],"date-time":"2022-04-05T08:58:58Z","timestamp":1649149138471},"reference-count":0,"publisher":"Universidad Nacional Abierta y a Distancia","license":[{"start":{"date-parts":[[2015,10,22]],"date-time":"2015-10-22T00:00:00Z","timestamp":1445472000000},"content-version":"unspecified","delay-in-days":0,"URL":"http:\/\/creativecommons.org\/licenses\/by-nc-sa\/4.0"}],"content-domain":{"domain":[],"crossmark-restriction":false},"short-container-title":["Publ. investig."],"abstract":"<jats:p>En el presente art\u00edculo se publican los resultados, producto de una investigaci\u00f3n descriptiva, con relaci\u00f3n a los procesos de ense\u00f1anza y las tendencias de estos procesos con las mediaciones tecnol\u00f3gicas,&lt;br \/&gt;en lo que se ha llamado ense\u00f1anza en redes de la informaci\u00f3n y la comunicaci\u00f3n. El estudio se orient\u00f3 en dos dimensiones: la primera, tiene que ver con las modalidades de ense\u00f1anza ofrecidas a trav\u00e9s de la&lt;br \/&gt;red - internet-, y la segunda, con los contenidos que se publican y que forman parte de la oferta educativa de las Instituciones de Educaci\u00f3n Superior IES, que se ha convertido en una macrotendencia en el sector&lt;br \/&gt;educativo, m\u00e1s conocida como educaci\u00f3n virtual y que para este estudio se denominar\u00e1 ense\u00f1anza en redes de la informaci\u00f3n y la comunicaci\u00f3n. Por tratarse de una investigaci\u00f3n descriptiva, la cual es definida como la caracterizaci\u00f3n de un evento, de un problema, de una situaci\u00f3n que pueda ser sujeta a ser estudiada, para poder generar su estructura, su funcionamiento y su comportamiento, y as\u00ed conceptualizar, analizar y poder ampliar el conocimiento del evento y\/o situaci\u00f3n, se realiz\u00f3 una indagaci\u00f3n, tomando como referencia las p\u00e1ginas web de 20 Instituciones de Educaci\u00f3n Superior en Colombia, las cuales fueron observadas y conceptualizadas a partir de las plataformas que disponen para el desarrollo de programas virtuales y\/o a distancia, lo mismo que de los contenidos de los programas ofertados. Este estudio permiti\u00f3 confrontar la tipolog\u00eda de los cursos con respecto a las plataformas computacionales&lt;br \/&gt;learning management system (LMS) y learning content management system (LCMS), como plataformas para almacenamiento y consulta de contenidos y como sistemas de producci\u00f3n de contenidos. Al final&lt;br \/&gt;de este documento, se presentan propuestas y alternativas que permitir\u00e1n continuar y profundizar sobre el tema de la ense\u00f1anza soportada en redes de la informaci\u00f3n y la comunicaci\u00f3n.<\/jats:p>","DOI":"10.22490\/25394088.1444","type":"journal-article","created":{"date-parts":[[2017,5,24]],"date-time":"2017-05-24T20:36:43Z","timestamp":1495658203000},"page":"197","source":"Crossref","is-referenced-by-count":0,"title":["Tendencias de ense\u00f1anza en redes de la informaci\u00f3n y la comunicaci\u00f3n"],"prefix":"10.22490","volume":"9","author":[{"given":"Roberto Mauricio","family":"C\u00e1rdenas C\u00e1rdenas","sequence":"first","affiliation":[],"role":[{"role":"author","vocabulary":"crossref"}]}],"member":"9784","published-online":{"date-parts":[[2015,10,22]]},"container-title":["Publicaciones e Investigaci\u00f3n"],"link":[{"URL":"http:\/\/hemeroteca.unad.edu.co\/index.php\/publicaciones-e-investigacion\/article\/viewFile\/1444\/1763","content-type":"application\/pdf","content-version":"vor","intended-application":"text-mining"},{"URL":"http:\/\/hemeroteca.unad.edu.co\/index.php\/publicaciones-e-investigacion\/article\/viewFile\/1444\/1884","content-type":"text\/html","content-version":"vor","intended-application":"text-mining"}],"deposited":{"date-parts":[[2017,5,24]],"date-time":"2017-05-24T20:37:03Z","timestamp":1495658223000},"score":0.0,"resource":{"primary":{"URL":"http:\/\/hemeroteca.unad.edu.co\/index.php\/publicaciones-e-investigacion\/article\/view\/1444"}},"issued":{"date-parts":[[2015,10,22]]},"references-count":0,"URL":"https:\/\/doi.org\/10.22490\/25394088.1444","ISSN":["2539-4088","1900-6608"],"issn-type":[{"value":"2539-4088","type":"electronic"},{"value":"1900-6608","type":"print"}],"published":{"date-parts":[[2015,10,22]]}},{"indexed":{"date-parts":[[2022,4,4]],"date-time":"2022-04-04T06:07:25Z","timestamp":1649052445234},"reference-count":0,"publisher":"Universidad Nacional Abierta y a Distancia","issue":"1","license":[{"start":{"date-parts":[[2015,3,19]],"date-time":"2015-03-19T00:00:00Z","timestamp":1426723200000},"content-version":"unspecified","delay-in-days":0,"URL":"http:\/\/creativecommons.org\/licenses\/by-nc-sa\/4.0"}],"content-domain":{"domain":[],"crossmark-restriction":false},"short-container-title":["rev.investig.agrar.ambient."],"abstract":"<jats:p>&lt;p&gt;La Granja Agroecol\u00f3gica Uniminuto, ubicada en el Municipio de Villavicencio, Meta, Colombia, hace parte de la biomicrocuenca del r\u00edo Guayuriba, lugar donde se realiz\u00f3 un proceso de reconocimiento de condiciones actuales en t\u00e9rminos de p\u00e9rdida de biodiversidad en corredores biol\u00f3gicos, con el prop\u00f3sito de desarrollar propuestas que permitan proteger los ecosistemas y cuidar y conservar las especies nativas de fauna y flora, generando procesos de sensibilizaci\u00f3n y concientizaci\u00f3n en las comunidades de la zona. Metodol\u00f3gicamente, a partir del levantamiento de la l\u00ednea base, se obtuvo informaci\u00f3n a trav\u00e9s de herramientas de recolecci\u00f3n primaria: encuestas, registros fotogr\u00e1ficos, trabajos de extensi\u00f3n con la comunidad, observaci\u00f3n y salidas de campo. Los resultados indican que a pesar del alto nivel de fragmentaci\u00f3n, deforestaci\u00f3n, p\u00e9rdida de conectividad y de coberturas vegetales e intervenci\u00f3n humana, a\u00fan existe gran biodiversidad de especies (fauna y flora) las cuales sirven como bio-indicadores de din\u00e1micas poblacionales y regeneraci\u00f3n natural de ecosistemas. Del orden de los primates, se identific\u00f3 la especie &lt;em&gt;Callicebus ornatus&lt;\/em&gt;, localmente aislada en un relicto boscoso, la cual se halla amenazada en estado vulnerable y con una circulaci\u00f3n restringida a los corredores objeto de estudio donde ubica sitios espec\u00edficos de alimentaci\u00f3n. Se concluye que existe un alto nivel de intervenci\u00f3n humana en los corredores biol\u00f3gicos y relictos boscosos pero es notable la resiliencia de los ecosistemas.&lt;\/p&gt;<\/jats:p>","DOI":"10.22490\/21456453.1283","type":"journal-article","created":{"date-parts":[[2017,3,28]],"date-time":"2017-03-28T16:22:29Z","timestamp":1490718149000},"page":"239","source":"Crossref","is-referenced-by-count":1,"title":["Condiciones actuales en t\u00e9rminos de p\u00e9rdida de biodiversidad en corredores biol\u00f3gicos de la Granja Agroecol\u00f3gica Uniminuto, Villavicencio, Meta, Colombia"],"prefix":"10.22490","volume":"6","author":[{"given":"Guillermo","family":"Gonz\u00e1lez Jim\u00e9nez","sequence":"first","affiliation":[],"role":[{"role":"author","vocabulary":"crossref"}]},{"given":"N\u00e9lvar","family":"Choque Ladino","sequence":"additional","affiliation":[],"role":[{"role":"author","vocabulary":"crossref"}]}],"member":"9784","published-online":{"date-parts":[[2015,3,19]]},"container-title":["Revista de Investigaci\u00f3n Agraria y Ambiental"],"link":[{"URL":"http:\/\/hemeroteca.unad.edu.co\/index.php\/riaa\/article\/viewFile\/1283\/1619","content-type":"application\/pdf","content-version":"vor","intended-application":"text-mining"}],"deposited":{"date-parts":[[2017,3,28]],"date-time":"2017-03-28T16:22:47Z","timestamp":1490718167000},"score":0.0,"resource":{"primary":{"URL":"http:\/\/hemeroteca.unad.edu.co\/index.php\/riaa\/article\/view\/1283"}},"issued":{"date-parts":[[2015,3,19]]},"references-count":0,"journal-issue":{"issue":"1","published-online":{"date-parts":[[2015,3,19]]}},"URL":"https:\/\/doi.org\/10.22490\/21456453.1283","ISSN":["2145-6453","2145-6097"],"issn-type":[{"value":"2145-6453","type":"electronic"},{"value":"2145-6097","type":"print"}],"published":{"date-parts":[[2015,3,19]]}},{"indexed":{"date-parts":[[2022,3,29]],"date-time":"2022-03-29T21:08:06Z","timestamp":1648588086754},"reference-count":0,"publisher":"Universidad Nacional Abierta y a Distancia","license":[{"start":{"date-parts":[[2014,12,15]],"date-time":"2014-12-15T00:00:00Z","timestamp":1418601600000},"content-version":"unspecified","delay-in-days":0,"URL":"http:\/\/creativecommons.org\/licenses\/by-nc-sa\/4.0"}],"content-domain":{"domain":[],"crossmark-restriction":false},"short-container-title":["Rev. Estrateg. Organ."],"abstract":"<jats:p>La baja tecnificaci\u00f3n y m\u00ednimas producciones de la piscicultura se han convertido en debilidad en el departamento Sucre cuyas producciones de las especies Bocachico, Tilapia, Cachama son m\u00ednimas, a pesar que en su geograf\u00eda pasan r\u00edos, ci\u00e9nagas, adem\u00e1s de contar con el Golfo de Morrosquillo como fuente importante para este tipo de explotaci\u00f3n. Ante este escenario, es necesario profundizar en el sector pisc\u00edcola en Sucre y realizar el an\u00e1lisis de los factores que los inciden, pero tambi\u00e9n, de sus potencialidades con el \u00e1nimo de definir estrategias prospectivas para la consolidaci\u00f3n del sector y de su articulaci\u00f3n eficiente alrededor de la cadena.&#x0D;\nPara la obtenci\u00f3n de datos en la investigaci\u00f3n se realiz\u00f3 un listado de expertos en el tema pisc\u00edcola y desarrollo regional, se identificaron los actores, las variables m\u00e1s importantes del problema, las pol\u00edticas y programas de apoyo a nivel nacional que inciden en el desarrollo del sector, se realiz\u00f3 un an\u00e1lisis de estudios de la situaci\u00f3n actual del sector y se definieron los futuros escenarios y estrategias prospectivas para la puesta en marcha de la cadena. Fruto de esta investigaci\u00f3n se presentar\u00e1 una s\u00edntesis del estado actual y una mirada prospectiva del&#x0D;\nsector pisc\u00edcola para el departamento de Sucre.<\/jats:p>","DOI":"10.22490\/25392786.1501","type":"journal-article","created":{"date-parts":[[2017,8,16]],"date-time":"2017-08-16T19:11:37Z","timestamp":1502910697000},"page":"59","source":"Crossref","is-referenced-by-count":0,"title":["DIAGN\u00d3STICO PARA LA ELABORACI\u00d3N DE UN PLAN PROSPECTIVO PARA LA PUESTA EN MARCHA DE LA CADENA PISC\u00cdCOLA, UNA APUESTA PARA EL DESARROLLO SOCIOECON\u00d3MICO DEL DEPARTAMENTO DE SUCRE AL 2020"],"prefix":"10.22490","volume":"3","author":[{"given":"Fabi\u00e1n Jos\u00e9","family":"Mendoza Stave","sequence":"first","affiliation":[],"role":[{"role":"author","vocabulary":"crossref"}]}],"member":"9784","published-online":{"date-parts":[[2014,12,15]]},"container-title":["Revista Estrategia Organizacional"],"link":[{"URL":"http:\/\/hemeroteca.unad.edu.co\/index.php\/revista-estrategica-organizacio\/article\/viewFile\/1501\/1807","content-type":"application\/pdf","content-version":"vor","intended-application":"text-mining"}],"deposited":{"date-parts":[[2017,8,16]],"date-time":"2017-08-16T19:11:41Z","timestamp":1502910701000},"score":0.0,"resource":{"primary":{"URL":"http:\/\/hemeroteca.unad.edu.co\/index.php\/revista-estrategica-organizacio\/article\/view\/1501"}},"issued":{"date-parts":[[2014,12,15]]},"references-count":0,"URL":"https:\/\/doi.org\/10.22490\/25392786.1501","ISSN":["2539-2786"],"issn-type":[{"value":"2539-2786","type":"electronic"}],"published":{"date-parts":[[2014,12,15]]}},{"indexed":{"date-parts":[[2022,4,5]],"date-time":"2022-04-05T12:04:04Z","timestamp":1649160244913},"reference-count":0,"publisher":"Universidad Nacional Abierta y a Distancia","license":[{"start":{"date-parts":[[2014,3,31]],"date-time":"2014-03-31T00:00:00Z","timestamp":1396224000000},"content-version":"unspecified","delay-in-days":0,"URL":"http:\/\/creativecommons.org\/licenses\/by-nc-sa\/4.0"}],"content-domain":{"domain":[],"crossmark-restriction":false},"short-container-title":["Desbordes rev. investig. esc. cienc.sociales artes humanid."],"abstract":"<jats:p>&lt;p&gt;El pasado Mundial de f\u00fatbol, la FIFA amenaz\u00f3 con sancionar a la selecci\u00f3n mexicana de f\u00fatbol por lo que le pareci\u00f3 una conducta hom\u00f3foba realizada por los aficionados mexicanos durante los partidos de su selecci\u00f3n contra Camer\u00fan y Brasil. La sanci\u00f3n fue retirada antes de ser aplicada, pero el hecho despert\u00f3 diferentes comentarios tanto por parte de las instituciones implicadas como entre los aficionados y espectadores del evento. Este art\u00edculo realiza un an\u00e1lisis del discurso&lt;\/p&gt;<\/jats:p>","DOI":"10.22490\/25394150.1308","type":"journal-article","created":{"date-parts":[[2017,6,15]],"date-time":"2017-06-15T19:39:46Z","timestamp":1497555586000},"page":"77","source":"Crossref","is-referenced-by-count":0,"title":["Puto: normalizaci\u00f3n institucional de la discriminaci\u00f3n en el f\u00fatbol"],"prefix":"10.22490","volume":"5","author":[{"given":"Juan Carlos","family":"Cabrera Pons","sequence":"first","affiliation":[],"role":[{"role":"author","vocabulary":"crossref"}]}],"member":"9784","published-online":{"date-parts":[[2014,3,31]]},"container-title":["Desbordes. Revista de Investigaciones. Escuela de Ciencias sociales, artes y humanidades - UNAD"],"link":[{"URL":"http:\/\/hemeroteca.unad.edu.co\/index.php\/desbordes\/article\/viewFile\/1308\/1644","content-type":"application\/pdf","content-version":"vor","intended-application":"text-mining"}],"deposited":{"date-parts":[[2017,6,15]],"date-time":"2017-06-15T19:39:52Z","timestamp":1497555592000},"score":0.0,"resource":{"primary":{"URL":"http:\/\/hemeroteca.unad.edu.co\/index.php\/desbordes\/article\/view\/1308"}},"issued":{"date-parts":[[2014,3,31]]},"references-count":0,"URL":"https:\/\/doi.org\/10.22490\/25394150.1308","ISSN":["2539-4150","2027-5579"],"issn-type":[{"value":"2539-4150","type":"electronic"},{"value":"2027-5579","type":"print"}],"published":{"date-parts":[[2014,3,31]]}},{"indexed":{"date-parts":[[2022,3,29]],"date-time":"2022-03-29T15:06:11Z","timestamp":1648566371858},"reference-count":0,"publisher":"Universidad Nacional Abierta y a Distancia","issue":"1","license":[{"start":{"date-parts":[[2010,3,12]],"date-time":"2010-03-12T00:00:00Z","timestamp":1268352000000},"content-version":"unspecified","delay-in-days":0,"URL":"http:\/\/creativecommons.org\/licenses\/by\/4.0"}],"content-domain":{"domain":[],"crossmark-restriction":false},"short-container-title":["Rev. Investig. UNAD"],"abstract":"<jats:p>En este art\u00edculo se hace referencia a la evoluci\u00f3n y perspectivas conceptuales de las teor\u00edas instruccionales (ti) y de la educaci\u00f3n a distancia (ed). Lo que se observa en el desarrollo hist\u00f3rico de los dos conceptos en la perspectiva anglosajona es que el campo de la tecnolog\u00eda educativa se ha solapado con el de la educaci\u00f3n a distancia y que a\u00fan, en particular frente a la ed, persisten diferencias conceptuales que causan confusi\u00f3n. Esto \u00faltimo se observa en las definiciones citadas por Schlosser y Simonson (2006): para Manfred la ed es una actividad; para Perraton (1988) la ed es un proceso educativo; para el Departamento de Educaci\u00f3n de Estados Unidos, la ed es la aplicaci\u00f3n de las telecomunicaciones; Rumble (1989) la define como proceso y como m\u00e9todo; la del gobierno franc\u00e9s como aquella educaci\u00f3n que no implica presencia f\u00edsica; para Peters (1988) es un m\u00e9todo; para Holmberg (1995), la ed cubre varias formas de estudio; para Moore (1994) es una familia de m\u00e9todos instruccionales; y, Edwards (1996) la define como enfoque. En Colombia, la Ley 30 de Educaci\u00f3n Superior la defini\u00f3 como una metodolog\u00eda y, para la Universidad nacional Abierta y a Distancia (unad) es una Modalidad. Al final del art\u00edculo en las conclusiones se propone una reflexi\u00f3n sobre el debate colombiano entre concebir la ed como modalidad, metodolog\u00eda o m\u00e9todo.<\/jats:p>","DOI":"10.22490\/25391887.660","type":"journal-article","created":{"date-parts":[[2017,7,11]],"date-time":"2017-07-11T10:42:53Z","timestamp":1499769773000},"page":"207","source":"Crossref","is-referenced-by-count":0,"title":["Redefiniendo los conceptos de tecnolog\u00eda instruccional y educaci\u00f3n a distancia"],"prefix":"10.22490","volume":"9","author":[{"given":"Jaime Alberto","family":"Leal Afanador","sequence":"first","affiliation":[],"role":[{"role":"author","vocabulary":"crossref"}]}],"member":"9784","published-online":{"date-parts":[[2010,3,12]]},"container-title":["Revista de Investigaciones UNAD"],"link":[{"URL":"http:\/\/hemeroteca.unad.edu.co\/index.php\/revista-de-investigaciones-unad\/article\/viewFile\/660\/1454","content-type":"application\/pdf","content-version":"vor","intended-application":"text-mining"}],"deposited":{"date-parts":[[2017,7,11]],"date-time":"2017-07-11T10:45:29Z","timestamp":1499769929000},"score":0.0,"resource":{"primary":{"URL":"http:\/\/hemeroteca.unad.edu.co\/index.php\/revista-de-investigaciones-unad\/article\/view\/660"}},"issued":{"date-parts":[[2010,3,12]]},"references-count":0,"journal-issue":{"issue":"1","published-online":{"date-parts":[[2010,3,12]]}},"URL":"https:\/\/doi.org\/10.22490\/25391887.660","ISSN":["2539-1887","0124-793X"],"issn-type":[{"value":"2539-1887","type":"electronic"},{"value":"0124-793X","type":"print"}],"published":{"date-parts":[[2010,3,12]]}},{"indexed":{"date-parts":[[2024,2,9]],"date-time":"2024-02-09T00:12:23Z","timestamp":1707437543982},"reference-count":0,"publisher":"Universidad Nacional Abierta y a Distancia","issue":"10","license":[{"start":{"date-parts":[[2023,7,31]],"date-time":"2023-07-31T00:00:00Z","timestamp":1690761600000},"content-version":"unspecified","delay-in-days":0,"URL":"https:\/\/creativecommons.org\/licenses\/by-nc-sa\/4.0"}],"content-domain":{"domain":[],"crossmark-restriction":false},"short-container-title":["anal. jur\u00edd. - pol\u00edtico"],"abstract":"<jats:p>Once the Political Constitution of 1991 was enacted, Colombia has given special protection to the environment, creating a series of mechanisms that can guarantee its integrity. However, despite the existence of regulations and public policies on this matter, it is evident the prioritization of a substantial content and weaknesses in its application, as in the case of the Suesca Lagoon, which has been presenting a progressive depletion in its water body, reaching a critical point in the year 2020, when it reduced its volume in a high percentage. From there arises the objective of the research, being to analyze the public policies aimed at the protection of the Suesca lagoon and its application in the municipality of Suesca Cundinamarca. To approach, this research a qualitative approach was used, and the legal-systematic research method was employed, which allows a comprehensive understanding of the phenomena under study in an integral way, together with the application of semi-structured interviews, whose analysis, focused on the measures adopted from the perspective of public policies aimed at the protection of the Suesca lagoon. These strategies showed that on the one hand, prevention has not been prioritized in terms of this water resource, giving way to mostly mitigation measures. On the other hand, the participation spaces that include the affected or interested population in the construction of such public policies are still incipient and demand greater attention and prioritization.<\/jats:p>","DOI":"10.22490\/26655489.6845","type":"journal-article","created":{"date-parts":[[2023,10,12]],"date-time":"2023-10-12T12:57:34Z","timestamp":1697115454000},"page":"121-146","source":"Crossref","is-referenced-by-count":0,"title":["Reflexiones sobre las pol\u00edticas p\u00fablicas medioambientales","Reflections on environmental public policies"],"prefix":"10.22490","volume":"5","author":[{"given":"Miryam Edith","family":"Bar\u00f3n Colmenares","sequence":"first","affiliation":[],"role":[{"role":"author","vocabulary":"crossref"}]},{"given":"Brayan Santiago","family":"Salcedo Perilla","sequence":"additional","affiliation":[],"role":[{"role":"author","vocabulary":"crossref"}]}],"member":"9784","published-online":{"date-parts":[[2023,7,31]]},"container-title":["An\u00e1lisis Jur\u00eddico - Pol\u00edtico"],"link":[{"URL":"https:\/\/hemeroteca.unad.edu.co\/index.php\/analisis\/article\/download\/6845\/6241","content-type":"application\/pdf","content-version":"vor","intended-application":"text-mining"},{"URL":"https:\/\/hemeroteca.unad.edu.co\/index.php\/analisis\/article\/download\/6845\/6543","content-type":"text\/html","content-version":"vor","intended-application":"text-mining"},{"URL":"https:\/\/hemeroteca.unad.edu.co\/index.php\/analisis\/article\/download\/6845\/6542","content-type":"text\/xml","content-version":"vor","intended-application":"text-mining"},{"URL":"https:\/\/hemeroteca.unad.edu.co\/index.php\/analisis\/article\/download\/6845\/6541","content-type":"application\/zip","content-version":"vor","intended-application":"text-mining"},{"URL":"https:\/\/hemeroteca.unad.edu.co\/index.php\/analisis\/article\/download\/6845\/6540","content-type":"unspecified","content-version":"vor","intended-application":"text-mining"},{"URL":"https:\/\/hemeroteca.unad.edu.co\/index.php\/analisis\/article\/download\/6845\/6241","content-type":"unspecified","content-version":"vor","intended-application":"similarity-checking"}],"deposited":{"date-parts":[[2024,2,8]],"date-time":"2024-02-08T15:39:14Z","timestamp":1707406754000},"score":0.0,"resource":{"primary":{"URL":"https:\/\/hemeroteca.unad.edu.co\/index.php\/analisis\/article\/view\/6845"}},"subtitle":["el caso de la laguna de Suesca en Cundinamarca, Colombia","the case of the Suesca lake in Cundinamarca, Colombia"],"issued":{"date-parts":[[2023,7,31]]},"references-count":0,"journal-issue":{"issue":"10","published-online":{"date-parts":[[2023,7,31]]}},"URL":"https:\/\/doi.org\/10.22490\/26655489.6845","ISSN":["2665-5489","2665-5470"],"issn-type":[{"value":"2665-5489","type":"electronic"},{"value":"2665-5470","type":"print"}],"published":{"date-parts":[[2023,7,31]]}},{"indexed":{"date-parts":[[2022,4,4]],"date-time":"2022-04-04T04:59:35Z","timestamp":1649048375244},"reference-count":0,"publisher":"Universidad Nacional Abierta y a Distancia","issue":"2","license":[{"start":{"date-parts":[[2010,6,10]],"date-time":"2010-06-10T00:00:00Z","timestamp":1276128000000},"content-version":"unspecified","delay-in-days":0,"URL":"http:\/\/creativecommons.org\/licenses\/by\/4.0"}],"content-domain":{"domain":[],"crossmark-restriction":false},"short-container-title":["Rev. Investig. UNAD"],"abstract":"<jats:p>&lt;p&gt;Esta ponencia presenta una propuesta de investigaci\u00f3n que retoma los resultados de investigaciones acerca del uso de ambientes inform\u00e1ticos para la representaci\u00f3n del conocimiento como, DIGALO, SIMAS y FREESTYLER y plantea estrategias para incorporarlos alrededor de la noci\u00f3n de club.&lt;\/p&gt;&lt;p&gt;Se han consultado algunas experiencias relacionadas con la implementaci\u00f3n de clubes, sobre todo para el estudio de las matem\u00e1ticas. A partir de las propuestas de (D\u00edez-Palomar, et al., 2007), se puede concluir que los estudiantes implicados en un club trabajan diversos aspectos de las matem\u00e1ticas en un entorno diferente al que viven en las aulas de clase; descubren nuevas aplicaciones de esta \u00e1rea; establecen un di\u00e1logo que les permite explorar conjuntamente diversos puntos de vista a partir de abordar los diferentes retos matem\u00e1ticos y; comparten conjuntamente elementos culturales diferentes mientras resuelven los problemas que les plantea asignatura.&lt;\/p&gt;&lt;p&gt;En lo te\u00f3rico, se considerar\u00e1n autores como George Polya (2002), Javier Aracil Santoja (1986), Mar\u00eda Luz Callejo de Vega (1994), Luis Facundo Maldonado (2001) y Reuma de Grot (2008), entre otros. La representaci\u00f3n del conocimiento se propone a partir del uso de Simas, las discusiones argumentadas se mediar\u00e1n con Digalo y se modelar\u00e1 usando Freestyler&lt;\/p&gt;<\/jats:p>","DOI":"10.22490\/25391887.688","type":"journal-article","created":{"date-parts":[[2017,7,11]],"date-time":"2017-07-11T14:42:53Z","timestamp":1499784173000},"page":"267","source":"Crossref","is-referenced-by-count":0,"title":["Los clubes de matem\u00e1ticas apoyados con estrategias de representaci\u00f3n del conocimiento, discusi\u00f3n argumentada y modelado estructural"],"prefix":"10.22490","volume":"9","author":[{"given":"Eli\u00e9cer","family":"Pineda Ballesteros","sequence":"first","affiliation":[],"role":[{"role":"author","vocabulary":"crossref"}]},{"given":"Diana Patricia","family":"Landaz\u00e1bal Cuervo","sequence":"additional","affiliation":[],"role":[{"role":"author","vocabulary":"crossref"}]}],"member":"9784","published-online":{"date-parts":[[2010,6,10]]},"container-title":["Revista de Investigaciones UNAD"],"link":[{"URL":"http:\/\/hemeroteca.unad.edu.co\/index.php\/revista-de-investigaciones-unad\/article\/viewFile\/688\/1509","content-type":"application\/pdf","content-version":"vor","intended-application":"text-mining"}],"deposited":{"date-parts":[[2017,7,11]],"date-time":"2017-07-11T14:45:02Z","timestamp":1499784302000},"score":0.0,"resource":{"primary":{"URL":"http:\/\/hemeroteca.unad.edu.co\/index.php\/revista-de-investigaciones-unad\/article\/view\/688"}},"issued":{"date-parts":[[2010,6,10]]},"references-count":0,"journal-issue":{"issue":"2","published-online":{"date-parts":[[2010,6,10]]}},"URL":"https:\/\/doi.org\/10.22490\/25391887.688","ISSN":["2539-1887","0124-793X"],"issn-type":[{"value":"2539-1887","type":"electronic"},{"value":"0124-793X","type":"print"}],"published":{"date-parts":[[2010,6,10]]}},{"indexed":{"date-parts":[[2022,4,4]],"date-time":"2022-04-04T20:50:38Z","timestamp":1649105438370},"reference-count":0,"publisher":"Universidad Nacional Abierta y a Distancia","license":[{"start":{"date-parts":[[2014,12,15]],"date-time":"2014-12-15T00:00:00Z","timestamp":1418601600000},"content-version":"unspecified","delay-in-days":0,"URL":"http:\/\/creativecommons.org\/licenses\/by-nc-sa\/4.0"}],"content-domain":{"domain":[],"crossmark-restriction":false},"short-container-title":["Rev. Estrateg. Organ."],"abstract":"<jats:p>Con este nuevo n\u00famero, La Revista Estrategia Organizacional de la Escuela de Ciencias Administrativas, Contables, Econ\u00f3micas y de Negocios de la Universidad Nacional Abierta y a Distancia (UNAD), mantiene su objetivo de consolidarse como una publicaci\u00f3n de alto nivel&#x0D;\nacad\u00e9mico, editorial y cient\u00edfico de las \u00e1reas de las ciencias empresariales y como un espacio de visibilidad y divulgaci\u00f3n de las investigaciones&#x0D;\nadelantadas en estas \u00e1reas.<\/jats:p>","DOI":"10.22490\/25392786.1500","type":"journal-article","created":{"date-parts":[[2017,8,16]],"date-time":"2017-08-16T19:11:37Z","timestamp":1502910697000},"page":"1","source":"Crossref","is-referenced-by-count":0,"title":["Editorial"],"prefix":"10.22490","volume":"3","author":[{"given":"Carlos William","family":"Mera Rodr\u00edguez","sequence":"first","affiliation":[],"role":[{"role":"author","vocabulary":"crossref"}]}],"member":"9784","published-online":{"date-parts":[[2014,12,15]]},"container-title":["Revista Estrategia Organizacional"],"link":[{"URL":"http:\/\/hemeroteca.unad.edu.co\/index.php\/revista-estrategica-organizacio\/article\/viewFile\/1500\/1806","content-type":"application\/pdf","content-version":"vor","intended-application":"text-mining"}],"deposited":{"date-parts":[[2017,8,16]],"date-time":"2017-08-16T19:11:40Z","timestamp":1502910700000},"score":0.0,"resource":{"primary":{"URL":"http:\/\/hemeroteca.unad.edu.co\/index.php\/revista-estrategica-organizacio\/article\/view\/1500"}},"issued":{"date-parts":[[2014,12,15]]},"references-count":0,"URL":"https:\/\/doi.org\/10.22490\/25392786.1500","ISSN":["2539-2786"],"issn-type":[{"value":"2539-2786","type":"electronic"}],"published":{"date-parts":[[2014,12,15]]}},{"indexed":{"date-parts":[[2023,4,12]],"date-time":"2023-04-12T04:28:48Z","timestamp":1681273728550},"reference-count":0,"publisher":"Universidad Nacional Abierta y a Distancia","isbn-type":[{"value":"9789586517775","type":"print"}],"content-domain":{"domain":[],"crossmark-restriction":false},"abstract":"<jats:p>Debido a una situaci\u00f3n hist\u00f3rica repentina, acontecida a nivel mundial, la Escuela de Ciencias Sociales Artes y Humanidades, a trav\u00e9s de su programa de Psicolog\u00eda, se ve en  la  necesidad  de  generar  una  soluci\u00f3n  para  los  estudiantes  adscritos  a  los  cursos  que  conforman  las  pr\u00e1cticas  profesionales.  As\u00ed  se  inicia  una  transformaci\u00f3n  dentro  del  componente  pr\u00e1ctico,  generando  procesos  innovadores  que  impactan  de  forma  trascendente  y  permiten  una  actualizaci\u00f3n  no  solo  desde  el  programa  sino  desde  el  quehacer profesional donde las herramientas tecnol\u00f3gicas de la informaci\u00f3n y la comunicaci\u00f3n  desempe\u00f1an  un  papel  importante  resignificando  y  contribuyendo  a  ese  concepto  de  metasistema  bajo  los  criterios  de  actuaci\u00f3n  que  permite  conservar  y  fortalecer la impronta unadista. En este documento se presentan inicialmente las re-flexiones vividas por Eilyn Castro en un proceso transformador; se expresa en primera persona, desde un lenguaje del sentipensar, esperando poder generar sensaciones y provocaciones y se va articulando entre los dos autores con elementos unadistas para brindar al lector las herramientas que su innovaci\u00f3n tecnopedag\u00f3gica y del e-apren-dizaje posibilita.<\/jats:p>","DOI":"10.22490\/9789586517775.2.3","type":"book-chapter","created":{"date-parts":[[2023,4,11]],"date-time":"2023-04-11T14:57:56Z","timestamp":1681225076000},"page":"132-140","source":"Crossref","is-referenced-by-count":0,"title":["M\u00e1s all\u00e1 de las experiencias y saberes. Pr\u00e1cticas profesionales zona sur. Una transformaci\u00f3n hacia lo imaginado"],"prefix":"10.22490","author":[{"given":"Eilyn","family":"Castro","sequence":"first","affiliation":[],"role":[{"role":"author","vocabulary":"crossref"}]},{"given":"Henry Steven","family":"Rebolledo Cort\u00e9s","sequence":"additional","affiliation":[],"role":[{"role":"author","vocabulary":"crossref"}]}],"member":"9784","published-online":{"date-parts":[[2021,5,1]]},"container-title":["Centro de investigaci\u00f3n acci\u00f3n psicosocial comunitaria: un escenario para la construcci\u00f3n de paz vol. 2"],"deposited":{"date-parts":[[2023,4,11]],"date-time":"2023-04-11T14:58:10Z","timestamp":1681225090000},"score":0.0,"resource":{"primary":{"URL":"https:\/\/libros.unad.edu.co\/index.php\/selloeditorial\/catalog\/view\/62\/190\/1551"}},"issued":{"date-parts":[[2021,5,1]]},"ISBN":["9789586517775"],"references-count":0,"URL":"https:\/\/doi.org\/10.22490\/9789586517775.2.3","published":{"date-parts":[[2021,5,1]]}},{"indexed":{"date-parts":[[2022,4,2]],"date-time":"2022-04-02T19:31:15Z","timestamp":1648927875952},"reference-count":0,"publisher":"Universidad Nacional Abierta y a Distancia","issue":"1","license":[{"start":{"date-parts":[[2012,12,15]],"date-time":"2012-12-15T00:00:00Z","timestamp":1355529600000},"content-version":"unspecified","delay-in-days":0,"URL":"http:\/\/creativecommons.org\/licenses\/by\/4.0"}],"content-domain":{"domain":[],"crossmark-restriction":false},"short-container-title":["Rev. Estrateg. Organ."],"abstract":"<jats:p>Las organizaciones modernas requieren a directivos que orienten al equipo de trabajo, que sean motivadores y facilitadores de las labores de los colaboradores, pues seg\u00fan el grado como se sientan acompa\u00f1ados, as\u00ed ser\u00e1 su productividad. Una de las grandes motivaciones de los individuos es tener a un jefe que los apoye, los asesore, los conozca, se interese por sus asuntos y los haga sentirse plenamente respaldados en cualquier circunstancia. &#x0D;\nPero, \u00bfy c\u00f3mo es en la realidad? \u00bfQu\u00e9 tan f\u00e1cil es actuar como l\u00edder? Podr\u00eda parecer, seg\u00fan se infiere de cuanto comentan los funcionarios, que en la mayor\u00eda de las empresas el liderazgo es bastante escaso; a menudo, en las conversaciones informales entre subalternos se oyen comentarios en el sentido de que \u201cVerdaderamente, no hay l\u00edderes, sino jefes\u201d. Y es claro que si un jefe no cuenta con unas caracter\u00edsticas especiales de l\u00edder, est\u00e1 lejos de serlo.<\/jats:p>","DOI":"10.22490\/25392786.1210","type":"journal-article","created":{"date-parts":[[2017,8,16]],"date-time":"2017-08-16T19:11:37Z","timestamp":1502910697000},"page":"41","source":"Crossref","is-referenced-by-count":0,"title":["El directivo organizacional como verdadero l\u00edder"],"prefix":"10.22490","volume":"1","author":[{"given":"Martha De Jes\u00fas","family":"Guerrero Guzm\u00e1n","sequence":"first","affiliation":[],"role":[{"role":"author","vocabulary":"crossref"}]}],"member":"9784","published-online":{"date-parts":[[2012,12,15]]},"container-title":["Revista Estrategia Organizacional"],"link":[{"URL":"http:\/\/hemeroteca.unad.edu.co\/index.php\/revista-estrategica-organizacio\/article\/viewFile\/1210\/1572","content-type":"application\/pdf","content-version":"vor","intended-application":"text-mining"}],"deposited":{"date-parts":[[2017,8,16]],"date-time":"2017-08-16T19:12:06Z","timestamp":1502910726000},"score":0.0,"resource":{"primary":{"URL":"http:\/\/hemeroteca.unad.edu.co\/index.php\/revista-estrategica-organizacio\/article\/view\/1210"}},"issued":{"date-parts":[[2012,12,15]]},"references-count":0,"journal-issue":{"issue":"1","published-online":{"date-parts":[[2012,12,15]]}},"URL":"https:\/\/doi.org\/10.22490\/25392786.1210","ISSN":["2539-2786"],"issn-type":[{"value":"2539-2786","type":"electronic"}],"published":{"date-parts":[[2012,12,15]]}},{"indexed":{"date-parts":[[2022,3,31]],"date-time":"2022-03-31T05:46:14Z","timestamp":1648705574673},"reference-count":0,"publisher":"Universidad Nacional Abierta y a Distancia","license":[{"start":{"date-parts":[[2014,3,31]],"date-time":"2014-03-31T00:00:00Z","timestamp":1396224000000},"content-version":"unspecified","delay-in-days":0,"URL":"http:\/\/creativecommons.org\/licenses\/by-nc-sa\/4.0"}],"content-domain":{"domain":[],"crossmark-restriction":false},"short-container-title":["Desbordes rev. investig. esc. cienc.sociales artes humanid."],"abstract":"<jats:p>&lt;p&gt;El desarrollo de grandes eventos deportivos desde la antigua Grecia, hasta el m\u00e1s reciente mundial de f\u00fatbol, celebrado en Brasil, han estado ligados directamente a las situaciones sociopol\u00edticas del momento. Brasil 2014 quedar\u00e1 en la historia como el mundial de f\u00fatbol m\u00e1s esperado por sus anfitriones, con una organizaci\u00f3n y preparaci\u00f3n deportiva que contrast\u00f3 con el descontento de la poblaci\u00f3n por las situaciones sociales y pol\u00edticas vividas en el gigante suramericano, pero que al final mostr\u00f3 que la gran ganadora del certamen fue la alegr\u00eda que despierta la pasi\u00f3n de un deporte como el F\u00fatbol. Muy por encima de los resultados entre los equipos, de los problemas sociopol\u00edticos y las buenas o malas decisiones tomadas por los dirigentes, Brasil 2014 nos dej\u00f3 como gran ense\u00f1anza que el deporte, en definitiva, une: une personas, ideas, pasiones y, lo m\u00e1s importante, une para luchar por un mejor futuro.&lt;\/p&gt;<\/jats:p>","DOI":"10.22490\/25394150.1302","type":"journal-article","created":{"date-parts":[[2017,6,15]],"date-time":"2017-06-15T15:39:46Z","timestamp":1497541186000},"page":"23","source":"Crossref","is-referenced-by-count":0,"title":["Brasil 2014, m\u00e1s que un mundial de f\u00fatbol"],"prefix":"10.22490","volume":"5","author":[{"given":"Jorge Iv\u00e1n","family":"Arango Casta\u00f1o","sequence":"first","affiliation":[],"role":[{"role":"author","vocabulary":"crossref"}]},{"given":"Diego Armando","family":"Quintero Pe\u00f1a","sequence":"additional","affiliation":[],"role":[{"role":"author","vocabulary":"crossref"}]}],"member":"9784","published-online":{"date-parts":[[2014,3,31]]},"container-title":["Desbordes. Revista de Investigaciones. Escuela de Ciencias sociales, artes y humanidades - UNAD"],"link":[{"URL":"http:\/\/hemeroteca.unad.edu.co\/index.php\/desbordes\/article\/viewFile\/1302\/1638","content-type":"application\/pdf","content-version":"vor","intended-application":"text-mining"}],"deposited":{"date-parts":[[2017,6,15]],"date-time":"2017-06-15T15:39:48Z","timestamp":1497541188000},"score":0.0,"resource":{"primary":{"URL":"http:\/\/hemeroteca.unad.edu.co\/index.php\/desbordes\/article\/view\/1302"}},"issued":{"date-parts":[[2014,3,31]]},"references-count":0,"URL":"https:\/\/doi.org\/10.22490\/25394150.1302","ISSN":["2539-4150","2027-5579"],"issn-type":[{"value":"2539-4150","type":"electronic"},{"value":"2027-5579","type":"print"}],"published":{"date-parts":[[2014,3,31]]}},{"indexed":{"date-parts":[[2024,2,23]],"date-time":"2024-02-23T00:40:49Z","timestamp":1708648849557},"reference-count":0,"publisher":"Universidad Abierta y a Distancia - UNAD","isbn-type":[{"value":"9789586519519","type":"print"}],"content-domain":{"domain":[],"crossmark-restriction":false},"DOI":"10.22490\/9789586519519.05","type":"book-chapter","created":{"date-parts":[[2024,2,22]],"date-time":"2024-02-22T15:13:02Z","timestamp":1708614782000},"page":"116-138","source":"Crossref","is-referenced-by-count":0,"title":["Importancia de la formaci\u00f3n para la generaci\u00f3n y apropiaci\u00f3n de la cultura en \u00e9tica de la Investigaci\u00f3n, bio\u00e9tica e integridad cient\u00edfica ciencias biom\u00e9dicas e ingenier\u00edas"],"prefix":"10.22490","member":"9784","published-online":{"date-parts":[[2023,10]]},"container-title":["Generaci\u00f3n de una cultura en \u00e9tica de la investigaci\u00f3n, bio\u00e9tica e integridad cient\u00edfica"],"deposited":{"date-parts":[[2024,2,22]],"date-time":"2024-02-22T15:13:11Z","timestamp":1708614791000},"score":0.0,"resource":{"primary":{"URL":"https:\/\/libros.unad.edu.co\/index.php\/selloeditorial\/catalog\/view\/252\/214\/3837"}},"issued":{"date-parts":[[2023,10]]},"ISBN":["9789586519519"],"references-count":0,"URL":"https:\/\/doi.org\/10.22490\/9789586519519.05","published":{"date-parts":[[2023,10]]}},{"indexed":{"date-parts":[[2024,2,1]],"date-time":"2024-02-01T22:03:06Z","timestamp":1706824986104},"reference-count":0,"publisher":"Universidad Nacional Abierta y a Distancia","issue":"2","license":[{"start":{"date-parts":[[2016,12,14]],"date-time":"2016-12-14T00:00:00Z","timestamp":1481673600000},"content-version":"unspecified","delay-in-days":0,"URL":"http:\/\/creativecommons.org\/licenses\/by-nc-sa\/4.0"}],"content-domain":{"domain":[],"crossmark-restriction":false},"short-container-title":["rev.investig.agrar.ambient."],"abstract":"<jats:p>&lt;p&gt;La intervenci\u00f3n en el espacio rural, como apuesta preferente de desarrollo, plantea la necesidad de una educaci\u00f3n cercana a la comprensi\u00f3n de la complejidad existente en este medio. Lo anterior requiere de profesionales que vinculen en su formaci\u00f3n acad\u00e9mica los condicionantes existentes en lo que hoy se conoce como nueva ruralidad. El texto muestra la metodolog\u00eda construida para captar la percepci\u00f3n que los estudiantes de la Facultad de Ciencias agropecuarias de la Universidad Pedag\u00f3gica y Tecnol\u00f3gica de Colombia tienen respecto a la nueva ruralidad como concepto que intenta comprender los cambios que ocurren en el espacio rural contempor\u00e1neo. A partir de una tipolog\u00eda de la nueva ruralidad, con la escala de Likert se agrupan las apreciaciones de la comunidad estudiantil para finalmente determinar los factores que explican la variabilidad existente entre dichas actitudes. Los resultados indican que la globalizaci\u00f3n econ\u00f3mica, la pluriactividad y el territorio son los principales factores que\u00a0 explican la variabilidad existente en las actitudes de los estudiantes respecto a la nueva ruralidad.&lt;\/p&gt;<\/jats:p>","DOI":"10.22490\/21456453.1564","type":"journal-article","created":{"date-parts":[[2017,3,28]],"date-time":"2017-03-28T15:39:52Z","timestamp":1490715592000},"page":"145","source":"Crossref","is-referenced-by-count":1,"title":["La nueva ruralidad en la educaci\u00f3n: percepciones de la comunidad acad\u00e9mica universitaria de la Universidad Pedag\u00f3gica y Tecnol\u00f3gica de Colombia"],"prefix":"10.22490","volume":"7","author":[{"given":"Luz Adriana","family":"Pita Morales","sequence":"first","affiliation":[],"role":[{"role":"author","vocabulary":"crossref"}]},{"given":"Wilson","family":"Gonz\u00e1lez Santos","sequence":"additional","affiliation":[],"role":[{"role":"author","vocabulary":"crossref"}]}],"member":"9784","published-online":{"date-parts":[[2016,12,14]]},"container-title":["Revista de Investigaci\u00f3n Agraria y Ambiental"],"link":[{"URL":"http:\/\/hemeroteca.unad.edu.co\/index.php\/riaa\/article\/viewFile\/1564\/1911","content-type":"application\/pdf","content-version":"vor","intended-application":"text-mining"},{"URL":"http:\/\/hemeroteca.unad.edu.co\/index.php\/riaa\/article\/viewFile\/1564\/1893","content-type":"text\/html","content-version":"vor","intended-application":"text-mining"}],"deposited":{"date-parts":[[2017,3,28]],"date-time":"2017-03-28T15:40:12Z","timestamp":1490715612000},"score":0.0,"resource":{"primary":{"URL":"http:\/\/hemeroteca.unad.edu.co\/index.php\/riaa\/article\/view\/1564"}},"issued":{"date-parts":[[2016,12,14]]},"references-count":0,"journal-issue":{"issue":"2","published-online":{"date-parts":[[2016,12,14]]}},"URL":"https:\/\/doi.org\/10.22490\/21456453.1564","ISSN":["2145-6453","2145-6097"],"issn-type":[{"value":"2145-6453","type":"electronic"},{"value":"2145-6097","type":"print"}],"published":{"date-parts":[[2016,12,14]]}},{"indexed":{"date-parts":[[2025,3,29]],"date-time":"2025-03-29T04:14:44Z","timestamp":1743221684635,"version":"3.40.3"},"reference-count":0,"publisher":"Sello Editorial UNAD","isbn-type":[{"type":"electronic","value":"9789586519694"}],"content-domain":{"domain":[],"crossmark-restriction":false},"abstract":"<jats:p>El libro \"Construyendo una Cultura de \u00c9tica en la Investigaci\u00f3n, Bio\u00e9tica e Integridad Cient\u00edfica\" es el resultado de procesos de reflexi\u00f3n y discusi\u00f3n colectiva, entre los actores de SNCTeI*, vinculados al Ministerio de Ciencia y Tecnolog\u00eda (Minciencias) y la Universidad Nacional Abierta y a Distancia (UNAD); Universidad Minuto de Dios, Bogot\u00e1 (UNIMINUTO); Universidad Libre, Cali; Universidad de Nari\u00f1o, Pasto; Universidad del Sin\u00fa, Cartagena; Universidad de San Buenaventura, Cartagena e investigadores independientes interesados en la \u00e9tica de la investigaci\u00f3n, la bio\u00e9tica y la integridad cient\u00edfica. Se destaca la importancia de la formaci\u00f3n, para la generaci\u00f3n y apropiaci\u00f3n de una cultura en \u00c9tica de la Investigaci\u00f3n, Bio\u00e9tica e Integridad Cient\u00edfica, como parte de la hoja de ruta propuesta desde la Pol\u00edtica de \u00c9tica de la Investigaci\u00f3n, Bio\u00e9tica e Integridad Cient\u00edfica - EIBIC+, (Minciencias, 2018).Aborda los temas: Sesgos Cognitivos, Actitudes y Comportamientos que afectan los procesos de investigaci\u00f3n e innovaci\u00f3n en las \u00c1reas de Conocimiento identificadas por la Organizaci\u00f3n para la Cooperaci\u00f3n y el Desarrollo Econ\u00f3micos - OCDE: Ciencias Ambientales; Ciencias B\u00e1sicas, Ciencias Sociales, Humanidades, Artes y Educaci\u00f3n; Ciencias Biom\u00e9dicas e Ingenier\u00eda. Todos los procesos de investigaci\u00f3n e innovaci\u00f3n deber\u00edan ser autocr\u00edticos, fomentando una cultura de EIBIC en todos los niveles educativos.<\/jats:p>","DOI":"10.22490\/unad.9789586519694","type":"monograph","created":{"date-parts":[[2025,3,28]],"date-time":"2025-03-28T16:49:14Z","timestamp":1743180554000},"source":"Crossref","is-referenced-by-count":0,"title":["Building A Culture In Research Ethics, Bioethics And Scientific Integrity"],"prefix":"10.22490","author":[{"given":"Deyanira","family":"Duque Ortiz","sequence":"first","affiliation":[],"role":[{"role":"author","vocabulary":"crossref"}]},{"given":"Nancy Esperanza","family":"Flechas Chaparro","sequence":"additional","affiliation":[],"role":[{"role":"author","vocabulary":"crossref"}]},{"given":"Mar\u00eda Consuelo","family":"Bernal Lizaraz\u00fa","sequence":"additional","affiliation":[],"role":[{"role":"author","vocabulary":"crossref"}]},{"given":"Betty","family":"Mart\u00ednez","sequence":"additional","affiliation":[],"role":[{"role":"author","vocabulary":"crossref"}]},{"given":"Betty","family":"Mart\u00ednez Ojeda","sequence":"additional","affiliation":[],"role":[{"role":"author","vocabulary":"crossref"}]},{"given":"Diana Mar\u00eda","family":"Rodr\u00edguez Gonz\u00e1lez","sequence":"additional","affiliation":[],"role":[{"role":"author","vocabulary":"crossref"}]},{"given":"Edith Yohanna","family":"Useda S\u00e1nchez","sequence":"additional","affiliation":[],"role":[{"role":"author","vocabulary":"crossref"}]},{"given":"Magda Liliana","family":"Rinc\u00f3n Mel\u00e9ndez","sequence":"additional","affiliation":[],"role":[{"role":"author","vocabulary":"crossref"}]},{"given":"David Armando","family":"Casta\u00f1eda Ayala","sequence":"additional","affiliation":[],"role":[{"role":"author","vocabulary":"crossref"}]},{"given":"Rodrigo Hern\u00e1n","family":"Garc\u00eda Alarc\u00f3n","sequence":"additional","affiliation":[],"role":[{"role":"author","vocabulary":"crossref"}]}],"member":"9784","published-online":{"date-parts":[[2024]]},"link":[{"URL":"https:\/\/simeh.co\/resources\/ithenticate\/view\/415ebe2115322046c17eea71820f2b5c","content-type":"unspecified","content-version":"vor","intended-application":"similarity-checking"}],"deposited":{"date-parts":[[2025,3,28]],"date-time":"2025-03-28T20:51:20Z","timestamp":1743195080000},"score":0.0,"resource":{"primary":{"URL":"https:\/\/libros.unad.edu.co\/index.php\/selloeditorial\/catalog\/book\/347"}},"issued":{"date-parts":[[2024]]},"ISBN":["9789586519694"],"references-count":0,"URL":"https:\/\/doi.org\/10.22490\/unad.9789586519694","published":{"date-parts":[[2024]]}},{"indexed":{"date-parts":[[2022,4,1]],"date-time":"2022-04-01T12:45:34Z","timestamp":1648817134555},"reference-count":0,"publisher":"Universidad Nacional Abierta y a Distancia","license":[{"start":{"date-parts":[[2015,10,22]],"date-time":"2015-10-22T00:00:00Z","timestamp":1445472000000},"content-version":"unspecified","delay-in-days":0,"URL":"http:\/\/creativecommons.org\/licenses\/by-nc-sa\/4.0"}],"content-domain":{"domain":[],"crossmark-restriction":false},"short-container-title":["Publ. investig."],"abstract":"<jats:p>Con la publicaci\u00f3n de este volumen de la Revista Publicaciones e Investigaci\u00f3n, se busca, no solo que los lectores se apropien de un conjunto de informaci\u00f3n sino que cuestionen los procesos de construcci\u00f3n de conocimiento, no solamente los propios sino los de los otros, todo esto como parte de la afirmaci\u00f3n de que, el conocimiento se construye a partir de todo el legado que contenemos como sujetos sociales. Todo saber, toda creencia,&lt;br \/&gt;todo conocimiento, tienen el mismo valor, la misma utilidad, independientemente de las din\u00e1micas de su construcci\u00f3n-adquisici\u00f3n-y\/o elaboraci\u00f3n.<\/jats:p>","DOI":"10.22490\/25394088.1429","type":"journal-article","created":{"date-parts":[[2017,5,24]],"date-time":"2017-05-24T20:36:43Z","timestamp":1495658203000},"source":"Crossref","is-referenced-by-count":0,"title":["Editorial"],"prefix":"10.22490","volume":"9","author":[{"given":"Nelly","family":"Morales Pedraza","sequence":"first","affiliation":[],"role":[{"role":"author","vocabulary":"crossref"}]}],"member":"9784","published-online":{"date-parts":[[2015,10,22]]},"container-title":["Publicaciones e Investigaci\u00f3n"],"link":[{"URL":"http:\/\/hemeroteca.unad.edu.co\/index.php\/publicaciones-e-investigacion\/article\/viewFile\/1429\/1954","content-type":"application\/pdf","content-version":"vor","intended-application":"text-mining"}],"deposited":{"date-parts":[[2017,5,24]],"date-time":"2017-05-24T20:36:53Z","timestamp":1495658213000},"score":0.0,"resource":{"primary":{"URL":"http:\/\/hemeroteca.unad.edu.co\/index.php\/publicaciones-e-investigacion\/article\/view\/1429"}},"issued":{"date-parts":[[2015,10,22]]},"references-count":0,"URL":"https:\/\/doi.org\/10.22490\/25394088.1429","ISSN":["2539-4088","1900-6608"],"issn-type":[{"value":"2539-4088","type":"electronic"},{"value":"1900-6608","type":"print"}],"published":{"date-parts":[[2015,10,22]]}},{"indexed":{"date-parts":[[2023,5,9]],"date-time":"2023-05-09T20:20:53Z","timestamp":1683663653089},"reference-count":0,"publisher":"Universidad Nacional Abierta y a Distancia","issue":"1","license":[{"start":{"date-parts":[[2010,3,12]],"date-time":"2010-03-12T00:00:00Z","timestamp":1268352000000},"content-version":"unspecified","delay-in-days":0,"URL":"http:\/\/creativecommons.org\/licenses\/by\/4.0"}],"content-domain":{"domain":[],"crossmark-restriction":false},"short-container-title":["Rev. Investig. UNAD"],"abstract":"<jats:p>En este art\u00edculo se presenta una visi\u00f3n en torno a los nuevos escenarios en los que surgen las actuales narrativas digitales, que obligan a repensar los desaf\u00edos y retos para afrontar el presente siglo, caracterizado entre otros aspectos, por algunos rasgos de la Postmodernidad. Las narrativas anteriores a la Posmodernidad muestran la realidad como un estado com\u00fan y dan una respuesta panor\u00e1mica a los problemas humanos. Por ello, en especial las Ciencias Sociales y Humanas reconocen nuevas formas de acercamiento al hacer y al sentir humanos, desde la cercan\u00eda que permite el estudio de lo Cotidiano. Al intentar crear crear una estructura musical, despu\u00e9s de un preludio narrado desde la Inteligencia Sintiente (obertura), surge el primer movimiento, cuyo objetivo es caracterizar a las narrativas digitales, como una nueva manera de contar. Se pasa luego al segundo movimiento, donde se plantea el papel que desempe\u00f1an los investigadoresautores que trabajan desde esta forma narrativa. El tercer movimiento se centra en el Sistema de Marcos, como formato ideal para la creaci\u00f3n de hipertextos. El transcurrir metodol\u00f3gico de un hipertexto ideado desde el Sistema de Marcos es la l\u00ednea mel\u00f3dica para el cuarto movimiento. En el consabido finale, se retoma lo anterior para cerrar r\u00edtmicamente la pieza musical a trav\u00e9s de una serie de conclusiones y recomendaciones.<\/jats:p>","DOI":"10.22490\/25391887.652","type":"journal-article","created":{"date-parts":[[2017,7,11]],"date-time":"2017-07-11T14:42:53Z","timestamp":1499784173000},"page":"55","source":"Crossref","is-referenced-by-count":1,"title":["Las \u201cnarrativas\u201d desde la hipertextualidad. Caracter\u00edsticas, modelo y metodolog\u00eda a partir de la inteligencia sintiente"],"prefix":"10.22490","volume":"9","author":[{"given":"Olga Luc\u00eda","family":"Londo\u00f1o Palacio, Ph.D","sequence":"first","affiliation":[],"role":[{"role":"author","vocabulary":"crossref"}]}],"member":"9784","published-online":{"date-parts":[[2010,3,12]]},"container-title":["Revista de Investigaciones UNAD"],"link":[{"URL":"http:\/\/hemeroteca.unad.edu.co\/index.php\/revista-de-investigaciones-unad\/article\/viewFile\/652\/1446","content-type":"application\/pdf","content-version":"vor","intended-application":"text-mining"}],"deposited":{"date-parts":[[2017,7,11]],"date-time":"2017-07-11T14:45:23Z","timestamp":1499784323000},"score":0.0,"resource":{"primary":{"URL":"http:\/\/hemeroteca.unad.edu.co\/index.php\/revista-de-investigaciones-unad\/article\/view\/652"}},"issued":{"date-parts":[[2010,3,12]]},"references-count":0,"journal-issue":{"issue":"1","published-online":{"date-parts":[[2010,3,12]]}},"URL":"https:\/\/doi.org\/10.22490\/25391887.652","ISSN":["2539-1887","0124-793X"],"issn-type":[{"value":"2539-1887","type":"electronic"},{"value":"0124-793X","type":"print"}],"published":{"date-parts":[[2010,3,12]]}},{"indexed":{"date-parts":[[2024,12,17]],"date-time":"2024-12-17T05:17:13Z","timestamp":1734412633082,"version":"3.30.2"},"reference-count":0,"publisher":"Universidad Nacional Abierta y a Distancia","issue":"8","content-domain":{"domain":[],"crossmark-restriction":false},"short-container-title":["Back"],"abstract":"<jats:p>Producto de la transformaci\u00f3n mundial ejercida por el COVID 19, en determinado momento de mi vida, junto con mis familiares nos encontramos sumidos en el sedentarismo, pues las horas frente a las pantallas hab\u00edan aumentado e incluso hab\u00edan eliminado por completo cualquier habito de actividad f\u00edsica para algunos conocidos y allegados. El desempleo o el paso al teletrabajo fueron algunas de las razones por las cuales pasaban la mayor\u00eda o casi la totalidad de su tiempo en casa. En dicho espacio de tiempo los niveles de sobrepeso aumentaron y fueron notables en gran n\u00famero de allegados y, en consecuencia, proliferaron diversos trastornos mentales, como la baja autoestima y la depresi\u00f3n. Al vivir esto tuve raz\u00f3n suficiente para contar mi experiencia por medio de un producto multimedial, y al tiempo generar un espacio de reflexi\u00f3n\u00a0y motivaci\u00f3n, pues conozco de cerca que una vez desaparecen los h\u00e1bitos que permiten la ejecuci\u00f3n de cualquier tipo de actividad f\u00edsica, el factor mas influyente es el des\u00e1nimo<\/jats:p>","DOI":"10.22490\/unad.backprojection.8719","type":"journal-article","created":{"date-parts":[[2024,12,16]],"date-time":"2024-12-16T23:50:23Z","timestamp":1734393023000},"page":"76-77","source":"Crossref","is-referenced-by-count":0,"title":["Como el COVID cambi\u00f3 el mundo:\u00a0sedentarismo y sobrepeso."],"prefix":"10.22490","author":[{"given":"Yudy Alexandra","family":"Guerrero Suarez","sequence":"first","affiliation":[],"role":[{"role":"author","vocabulary":"crossref"}]}],"member":"9784","published-online":{"date-parts":[[2024,10,31]]},"container-title":["Back Projection"],"link":[{"URL":"https:\/\/hemeroteca.unad.edu.co\/index.php\/back_projection\/article\/download\/8719\/7299","content-type":"application\/pdf","content-version":"vor","intended-application":"text-mining"},{"URL":"https:\/\/hemeroteca.unad.edu.co\/index.php\/back_projection\/article\/download\/8719\/7299","content-type":"unspecified","content-version":"vor","intended-application":"similarity-checking"}],"deposited":{"date-parts":[[2024,12,16]],"date-time":"2024-12-16T23:50:23Z","timestamp":1734393023000},"score":0.0,"resource":{"primary":{"URL":"https:\/\/hemeroteca.unad.edu.co\/index.php\/back_projection\/article\/view\/8719"}},"issued":{"date-parts":[[2024,10,31]]},"references-count":0,"journal-issue":{"issue":"8","published-online":{"date-parts":[[2024,10,31]]}},"URL":"https:\/\/doi.org\/10.22490\/unad.backprojection.8719","ISSN":["2665-4539"],"issn-type":[{"value":"2665-4539","type":"electronic"}],"published":{"date-parts":[[2024,10,31]]}},{"indexed":{"date-parts":[[2022,3,31]],"date-time":"2022-03-31T00:06:29Z","timestamp":1648685189860},"reference-count":0,"publisher":"Universidad Nacional Abierta y a Distancia","issue":"2","license":[{"start":{"date-parts":[[2021,6,2]],"date-time":"2021-06-02T00:00:00Z","timestamp":1622592000000},"content-version":"unspecified","delay-in-days":0,"URL":"http:\/\/creativecommons.org\/licenses\/by-nc-sa\/4.0"}],"content-domain":{"domain":[],"crossmark-restriction":false},"short-container-title":["rev.investig.agrar.ambient."],"abstract":"<jats:p>Contextualizaci\u00f3n del tema: el frijol mungo es ampliamente cultivado en Asia y en Brasil, y ha surgido como una opci\u00f3n para el cultivo en el segundo cultivo en el Centro Oeste de Brasil, especialmente cuando se pretende la rotaci\u00f3n con pastos; sin embargo, la aparici\u00f3n desigual y lenta de las pl\u00e1ntulas de frijol mungo puede conducir a retrasos en el desarrollo del cultivo y perjudicar la posici\u00f3n final.\u00a0&#x0D;\n\u00a0&#x0D;\nVac\u00edo de investigaci\u00f3n: algunas de las condiciones que afectan al establecimiento inicial del cultivo son la profundidad de siembra y el tama\u00f1o de la semilla. Estos factores todav\u00eda est\u00e1n siendo discutidos en el entorno cient\u00edfico, especialmente para una cultura recientemente insertada en Brasil.\u00a0&#x0D;\n\u00a0&#x0D;\nProp\u00f3sito del estudio: el objetivo fue evaluar el efecto del tama\u00f1o de las semillas y la estandarizaci\u00f3n de la profundidad de la siembra en el rendimiento de las pl\u00e1ntulas de frijol mungo.\u00a0&#x0D;\n\u00a0&#x0D;\nMetodolog\u00eda: el ensayo se llev\u00f3 a cabo en un Latossuelo Rojo, con clima Aw, precipitaci\u00f3n media anual de 1300 mm y distribuci\u00f3n bimodal. El dise\u00f1o experimental utilizado fue completamente aleatorio, en un esquema factorial de 2 \u00d7 3 con 8 r\u00e9plicas de 25 semillas, con un total de 48 parcelas. Los factores analizados fueron de los tama\u00f1os de semilla (3 y 4 mm) y tres profundidades de siembra (1, 2 y 3 cm). Se evalu\u00f3 el \u00edndice de velocidad de emergencia (IVE), las pl\u00e1ntulas no emergidas, las pl\u00e1ntulas normales, la masa fresca, la masa seca y la longitud de las pl\u00e1ntulas. Los datos se sometieron al an\u00e1lisis de varianza y, cuando se aplicaba una probabilidad significativa del 5%, se aplic\u00f3 una prueba de Tukey para comparar los medios de los factores en estudio.\u00a0&#x0D;\n\u00a0&#x0D;\nResultados y conclusiones: se verific\u00f3 que, cuando se siembran a 1 cm de profundidad, las semillas de frijol mungo tienen IVE m\u00e1s bajo; sin embargo, obtuvieron un menor porcentaje de pl\u00e1ntulas no relevantes para el estudio, y un mayor porcentaje de pl\u00e1ntulas normales emergi\u00f3 a una profundidad de 3 cm. Por lo tanto, la profundidad m\u00e1s recomendada para la siembra de frijoles mungo fue de 2 cm, independientemente del tama\u00f1o de la semilla utilizada. Lo tama\u00f1o de semilla de 4 mm permiti\u00f3 el desarrollo de pl\u00e1ntulas con mayor acumulaci\u00f3n de materia seca.<\/jats:p>","DOI":"10.22490\/21456453.3833","type":"journal-article","created":{"date-parts":[[2021,6,8]],"date-time":"2021-06-08T15:41:43Z","timestamp":1623166903000},"page":"13-24","source":"Crossref","is-referenced-by-count":0,"title":["Profundidad de siembra y tama\u00f1o de las semillas: desarrollo de las pl\u00e1ntulas de frijol Mungo"],"prefix":"10.22490","volume":"12","author":[{"given":"Adriene Vieira de","family":"Faria","sequence":"first","affiliation":[],"role":[{"role":"author","vocabulary":"crossref"}]},{"given":"K\u00e1ssia de Paula","family":"Barbosa","sequence":"additional","affiliation":[],"role":[{"role":"author","vocabulary":"crossref"}]},{"given":"Adriana Rodolfo","family":"Costa","sequence":"additional","affiliation":[],"role":[{"role":"author","vocabulary":"crossref"}]},{"given":"Patricia Costa","family":"Silva","sequence":"additional","affiliation":[],"role":[{"role":"author","vocabulary":"crossref"}]},{"given":"Anailda Ang\u00e9lica Lana","family":"Drumond","sequence":"additional","affiliation":[],"role":[{"role":"author","vocabulary":"crossref"}]},{"given":"Jana\u00edna Borges de Azevedo","family":"Fran\u00e7a","sequence":"additional","affiliation":[],"role":[{"role":"author","vocabulary":"crossref"}]},{"given":"Gilz\u00e2ngela Martins","family":"Silva","sequence":"additional","affiliation":[],"role":[{"role":"author","vocabulary":"crossref"}]}],"member":"9784","published-online":{"date-parts":[[2021,6,2]]},"container-title":["Revista de Investigaci\u00f3n Agraria y Ambiental"],"link":[{"URL":"https:\/\/hemeroteca.unad.edu.co\/index.php\/riaa\/article\/download\/3833\/4491","content-type":"application\/pdf","content-version":"vor","intended-application":"text-mining"},{"URL":"https:\/\/hemeroteca.unad.edu.co\/index.php\/riaa\/article\/download\/3833\/4505","content-type":"text\/html","content-version":"vor","intended-application":"text-mining"},{"URL":"https:\/\/hemeroteca.unad.edu.co\/index.php\/riaa\/article\/download\/3833\/4491","content-type":"unspecified","content-version":"vor","intended-application":"similarity-checking"}],"deposited":{"date-parts":[[2021,6,8]],"date-time":"2021-06-08T15:41:57Z","timestamp":1623166917000},"score":0.0,"resource":{"primary":{"URL":"https:\/\/hemeroteca.unad.edu.co\/index.php\/riaa\/article\/view\/3833"}},"issued":{"date-parts":[[2021,6,2]]},"references-count":0,"journal-issue":{"issue":"2","published-online":{"date-parts":[[2021,6,2]]}},"URL":"https:\/\/doi.org\/10.22490\/21456453.3833","ISSN":["2145-6453","2145-6097"],"issn-type":[{"value":"2145-6453","type":"electronic"},{"value":"2145-6097","type":"print"}],"published":{"date-parts":[[2021,6,2]]}},{"indexed":{"date-parts":[[2023,4,12]],"date-time":"2023-04-12T04:32:42Z","timestamp":1681273962547},"reference-count":0,"publisher":"Universidad Nacional Abierta y a Distancia","isbn-type":[{"value":"9789586517775","type":"print"}],"content-domain":{"domain":[],"crossmark-restriction":false},"abstract":"<jats:p>El contenido de este art\u00edculo se enmarca en el desarrollo de un estudio interdisciplina-rio sobre sentidos de vida en j\u00f3venes escolarizados y los medios de comunicaci\u00f3n m\u00e1s usados para su expresi\u00f3n cotidiana en Ibagu\u00e9 (Tolima). Ciudad donde se manifiesta un continuo inter\u00e9s de las instituciones educativas, tanto p\u00fablicas como privadas, por la conformaci\u00f3n y producci\u00f3n de medios de comunicaci\u00f3n que han logrado una impor-tante trayectoria a nivel local y regional.En esta investigaci\u00f3n, centrada en el di\u00e1logo de saberes con los estudiantes de tres co-lectivos  juveniles,  cuya  gesti\u00f3n  comunicativa  ha  sido  respaldada  institucionalmente,  se avanza en la caracterizaci\u00f3n de los medios escolares y en el reconocimiento de las pr\u00e1cticas comunicativas cotidianas de dichos j\u00f3venes en su contexto escolar. Siendo \u00e9sta  una  de  las  categor\u00edas  de  an\u00e1lisis  abordadas  durante  el  proceso  investigativo  de  car\u00e1cter cualitativo.<\/jats:p>","DOI":"10.22490\/9789586517775.3.3","type":"book-chapter","created":{"date-parts":[[2023,4,11]],"date-time":"2023-04-11T14:57:56Z","timestamp":1681225076000},"page":"205-218","source":"Crossref","is-referenced-by-count":0,"title":["Caracterizaci\u00f3n de las pr\u00e1cticas comunicativas de los j\u00f3venes en los medios escolares de la ciudad de Ibagu\u00e9"],"prefix":"10.22490","author":[{"given":"Marleny Ang\u00e9lica","family":"Morales Am\u00e9zquita","sequence":"first","affiliation":[],"role":[{"role":"author","vocabulary":"crossref"}]}],"member":"9784","published-online":{"date-parts":[[2021,5,1]]},"container-title":["Centro de investigaci\u00f3n acci\u00f3n psicosocial comunitaria: un escenario para la construcci\u00f3n de paz vol. 2"],"deposited":{"date-parts":[[2023,4,11]],"date-time":"2023-04-11T14:58:16Z","timestamp":1681225096000},"score":0.0,"resource":{"primary":{"URL":"https:\/\/libros.unad.edu.co\/index.php\/selloeditorial\/catalog\/view\/62\/190\/1556"}},"issued":{"date-parts":[[2021,5,1]]},"ISBN":["9789586517775"],"references-count":0,"URL":"https:\/\/doi.org\/10.22490\/9789586517775.3.3","published":{"date-parts":[[2021,5,1]]}},{"indexed":{"date-parts":[[2024,2,11]],"date-time":"2024-02-11T11:27:06Z","timestamp":1707650826846},"reference-count":0,"publisher":"Universidad Nacional Abierta y a Distancia","issue":"4","license":[{"start":{"date-parts":[[2023,12,11]],"date-time":"2023-12-11T00:00:00Z","timestamp":1702252800000},"content-version":"unspecified","delay-in-days":0,"URL":"https:\/\/creativecommons.org\/licenses\/by-nc-nd\/4.0"}],"content-domain":{"domain":[],"crossmark-restriction":false},"short-container-title":["Publ. investig."],"abstract":"<jats:p>In the context of virtual and distance education, the course \"Introduction to Telecommunications Engineering\" at the National Open and Distance University (UNAD) has faced the challenge of student attrition at first enrolment. To address this problem, a research study was carried out to develop a Data Mining model based on the CRISP-DM methodology. The study used a dataset with 808 student records collected in different academic periods of the year 2021. Several Machine Learning techniques were applied, such as Random Forest, Tree Decision, Knn, SVM and Neural Network, evaluating their performance through k-10 cross-validation. The results revealed that the Random Forest model obtained the best performance, predicting with 80% accuracy the passing rate of the course. This model is relevant for identifying students at risk of dropping out of the course early, allowing the implementation of proactive strategies to address dropout and improve course indicators. Although some results were slightly lower than previous research, the model remains a valuable tool to support student retention strategies in the \"Introduction to Telecommunications Engineering\" course at UNAD.<\/jats:p>","DOI":"10.22490\/25394088.7510","type":"journal-article","created":{"date-parts":[[2024,2,9]],"date-time":"2024-02-09T20:18:37Z","timestamp":1707509917000},"source":"Crossref","is-referenced-by-count":0,"title":["Modelo basado en machine learning para predecir la aprobaci\u00f3n de un curso de ingenier\u00eda","Model based on machine learning to predict the approval of an engineering course"],"prefix":"10.22490","volume":"17","author":[{"given":"Fernando Luis","family":"Carrascal Porras","sequence":"first","affiliation":[],"role":[{"role":"author","vocabulary":"crossref"}]},{"given":"Wilson de Jes\u00fas","family":"Arrubla Hoyos","sequence":"additional","affiliation":[],"role":[{"role":"author","vocabulary":"crossref"}]},{"given":"Luis Alfonso","family":"Florez Prias","sequence":"additional","affiliation":[],"role":[{"role":"author","vocabulary":"crossref"}]},{"given":"Daniel Francisco","family":"Chica Medrano","sequence":"additional","affiliation":[],"role":[{"role":"author","vocabulary":"crossref"}]}],"member":"9784","published-online":{"date-parts":[[2023,12,11]]},"container-title":["Publicaciones e Investigaci\u00f3n"],"link":[{"URL":"https:\/\/hemeroteca.unad.edu.co\/index.php\/publicaciones-e-investigacion\/article\/download\/7510\/6495","content-type":"application\/pdf","content-version":"vor","intended-application":"text-mining"},{"URL":"https:\/\/hemeroteca.unad.edu.co\/index.php\/publicaciones-e-investigacion\/article\/download\/7510\/6495","content-type":"unspecified","content-version":"vor","intended-application":"similarity-checking"}],"deposited":{"date-parts":[[2024,2,9]],"date-time":"2024-02-09T20:18:37Z","timestamp":1707509917000},"score":0.0,"resource":{"primary":{"URL":"https:\/\/hemeroteca.unad.edu.co\/index.php\/publicaciones-e-investigacion\/article\/view\/7510"}},"issued":{"date-parts":[[2023,12,11]]},"references-count":0,"journal-issue":{"issue":"4","published-online":{"date-parts":[[2023,11,6]]}},"URL":"https:\/\/doi.org\/10.22490\/25394088.7510","ISSN":["2539-4088","1900-6608"],"issn-type":[{"value":"2539-4088","type":"electronic"},{"value":"1900-6608","type":"print"}],"published":{"date-parts":[[2023,12,11]]}},{"indexed":{"date-parts":[[2023,4,19]],"date-time":"2023-04-19T06:37:45Z","timestamp":1681886265453},"reference-count":0,"publisher":"Universidad Nacional Abierta y a Distancia","isbn-type":[{"value":"9789586518772","type":"print"}],"content-domain":{"domain":[],"crossmark-restriction":false},"DOI":"10.22490\/9789586518772.1.3","type":"book-chapter","created":{"date-parts":[[2023,4,18]],"date-time":"2023-04-18T21:37:54Z","timestamp":1681853874000},"page":"55-70","source":"Crossref","is-referenced-by-count":0,"title":["Reflexi\u00f3n y acci\u00f3n de los pueblos ind\u00edgenas frente a la pandemia"],"prefix":"10.22490","author":[{"given":"Katherine Isabel","family":"Herazo Gonz\u00e1lez","sequence":"first","affiliation":[],"role":[{"role":"author","vocabulary":"crossref"}]}],"member":"9784","published-online":{"date-parts":[[2022,11,4]]},"container-title":["Psicolog\u00eda social comunitaria en perspectiva: acompa\u00f1amiento, investigaci\u00f3n y formaci\u00f3n"],"deposited":{"date-parts":[[2023,4,18]],"date-time":"2023-04-18T21:38:02Z","timestamp":1681853882000},"score":0.0,"resource":{"primary":{"URL":"https:\/\/libros.unad.edu.co\/index.php\/selloeditorial\/catalog\/view\/183\/165\/2622"}},"issued":{"date-parts":[[2022,11,4]]},"ISBN":["9789586518772"],"references-count":0,"URL":"https:\/\/doi.org\/10.22490\/9789586518772.1.3","published":{"date-parts":[[2022,11,4]]}},{"indexed":{"date-parts":[[2022,4,2]],"date-time":"2022-04-02T06:23:35Z","timestamp":1648880615125},"reference-count":0,"publisher":"Universidad Nacional Abierta y a Distancia","license":[{"start":{"date-parts":[[2014,3,31]],"date-time":"2014-03-31T00:00:00Z","timestamp":1396224000000},"content-version":"unspecified","delay-in-days":0,"URL":"http:\/\/creativecommons.org\/licenses\/by-nc-sa\/4.0"}],"content-domain":{"domain":[],"crossmark-restriction":false},"short-container-title":["Desbordes rev. investig. esc. cienc.sociales artes humanid."],"abstract":"<jats:p>&lt;p&gt;El pasado Mundial de F\u00fatbol organizado por la FIFA en Brasil dej\u00f3 en evidencia no solo en lo que se ha transformado el deporte hoy en d\u00eda, sino tambi\u00e9n, el tipo de sociedad en la cual vivimos y sus correspondientes Estados, es decir, una sociedad de control amparada en un Estado de Excepci\u00f3n constante. Un ejemplo particular resalta esta tesis: el caso de los aficionados chilenos, quienes ingresaron sin boletos y por el sector de prensa al Estadio Maracan\u00e1, quienes posteriormente fueron expulsados del pa\u00eds. A este caso es posible sumar un antecedente de similares caracter\u00edsticas en cuanto a la soluci\u00f3n adoptada: cuando barrabravas argentinos fueron expulsados de Sud\u00e1frica en el Mundial de F\u00fatbol FIFA de dicho pa\u00eds. Sin embargo, los casos de Brasil y Sud\u00e1frica no son aislados, ni siquiera unas instancias lim\u00edtrofes relativas a este magno-evento, sino m\u00e1s bien la generalidad dentro de un espect\u00e1culo cada vez m\u00e1s intervenido, tanto por el Estado como por los organismos de seguridad (p\u00fablica y privada).&lt;\/p&gt;&lt;p&gt;\u00a0&lt;\/p&gt;<\/jats:p>","DOI":"10.22490\/25394150.1311","type":"journal-article","created":{"date-parts":[[2017,6,15]],"date-time":"2017-06-15T15:39:46Z","timestamp":1497541186000},"page":"97","source":"Crossref","is-referenced-by-count":0,"title":["Estadio de excepci\u00f3n\u201d: reflexiones sobre el Estado de Excepci\u00f3n a prop\u00f3sito de los mundiales de f\u00fatbol profesional"],"prefix":"10.22490","volume":"5","author":[{"given":"Ricardo","family":"Cuevas Bascu\u00f1\u00e1n","sequence":"first","affiliation":[],"role":[{"role":"author","vocabulary":"crossref"}]}],"member":"9784","published-online":{"date-parts":[[2014,3,31]]},"container-title":["Desbordes. Revista de Investigaciones. Escuela de Ciencias sociales, artes y humanidades - UNAD"],"link":[{"URL":"http:\/\/hemeroteca.unad.edu.co\/index.php\/desbordes\/article\/viewFile\/1311\/1647","content-type":"application\/pdf","content-version":"vor","intended-application":"text-mining"}],"deposited":{"date-parts":[[2017,6,15]],"date-time":"2017-06-15T15:39:55Z","timestamp":1497541195000},"score":0.0,"resource":{"primary":{"URL":"http:\/\/hemeroteca.unad.edu.co\/index.php\/desbordes\/article\/view\/1311"}},"issued":{"date-parts":[[2014,3,31]]},"references-count":0,"URL":"https:\/\/doi.org\/10.22490\/25394150.1311","ISSN":["2539-4150","2027-5579"],"issn-type":[{"value":"2539-4150","type":"electronic"},{"value":"2027-5579","type":"print"}],"published":{"date-parts":[[2014,3,31]]}},{"indexed":{"date-parts":[[2023,4,10]],"date-time":"2023-04-10T17:41:37Z","timestamp":1681148497154},"reference-count":0,"publisher":"Universidad Nacional Abierta y a Distancia","isbn-type":[{"value":"9789586516198","type":"print"}],"content-domain":{"domain":[],"crossmark-restriction":false},"DOI":"10.22490\/9789586516198.03","type":"book-chapter","created":{"date-parts":[[2023,4,10]],"date-time":"2023-04-10T17:18:56Z","timestamp":1681147136000},"page":"31-42","source":"Crossref","is-referenced-by-count":0,"title":["Importancia de los programas de prevenci\u00f3n del abuso sexual infantil en Colombia"],"prefix":"10.22490","author":[{"given":"Melissa Judith","family":"Ortiz Barrero","sequence":"first","affiliation":[],"role":[{"role":"author","vocabulary":"crossref"}]}],"member":"9784","published-online":{"date-parts":[[2017,4,1]]},"container-title":["Debates emergentes en Psicolog\u00eda"],"deposited":{"date-parts":[[2023,4,10]],"date-time":"2023-04-10T17:19:02Z","timestamp":1681147142000},"score":0.0,"resource":{"primary":{"URL":"https:\/\/libros.unad.edu.co\/index.php\/selloeditorial\/catalog\/view\/128\/122\/841"}},"issued":{"date-parts":[[2017,4,1]]},"ISBN":["9789586516198"],"references-count":0,"URL":"https:\/\/doi.org\/10.22490\/9789586516198.03","published":{"date-parts":[[2017,4,1]]}},{"indexed":{"date-parts":[[2023,12,10]],"date-time":"2023-12-10T20:10:32Z","timestamp":1702239032416},"reference-count":0,"publisher":"Universidad Nacional Abierta y a Distancia","issue":"3","license":[{"start":{"date-parts":[[2005,6,15]],"date-time":"2005-06-15T00:00:00Z","timestamp":1118793600000},"content-version":"unspecified","delay-in-days":0,"URL":"http:\/\/creativecommons.org\/licenses\/by\/4.0"}],"content-domain":{"domain":[],"crossmark-restriction":false},"short-container-title":["nova"],"abstract":"<jats:p>Con el objeto de determinar el comportamiento de los Astrovirus como agentes causantes de diarrea en algunas regiones colombianas, se colectaron 1147 muestras de diarrea de ni\u00f1os menores de 5 a\u00f1os que acudieron a los servicios de consulta externa de cuatro centros de salud de regiones de Bogot\u00e1, Facatativa, Cartagena y Quibdo durante el periodo comprendido entre 1996 y el a\u00f1o 2002. La determinaci\u00f3n de la presencia viral se realiz\u00f3 por medio de pruebas de ELISA encontrando una prevalencia global de 2,8%. De las muestras positivas se seleccionaron 14 a las cuales se les obtuvo su ARN, se realizaron pruebas de RT-PCR y secuenciaci\u00f3n de un segmento de 348 pb del ORF 2 del genoma viral para elaborar dendrogramas con el m\u00e9todo de Neiborg joining y as\u00ed, determinar su comportamiento filogen\u00e9tico. Las conclusiones generales de este estudio fueron:que en Colombia los HAstV poseen comportamientos end\u00e9micos y que las cepas colombianas no han sufrido cambios evolutivos que les permitan distanciarse de cepas de otros pa\u00edses.<\/jats:p>","DOI":"10.22490\/24629448.14","type":"journal-article","created":{"date-parts":[[2017,5,15]],"date-time":"2017-05-15T15:18:09Z","timestamp":1494861489000},"page":"18-24","source":"Crossref","is-referenced-by-count":0,"title":["Astrovirus (HAstV) como agente causal de diarrea en ni\u00f1os Colombianos: Siete a\u00f1os de estudio"],"prefix":"10.22490","volume":"3","author":[{"given":"Mar\u00eda Fernanda","family":"Guti\u00e9rrez PhD","sequence":"first","affiliation":[],"role":[{"role":"author","vocabulary":"crossref"}]},{"given":"Adriana","family":"Matiz MSC","sequence":"additional","affiliation":[],"role":[{"role":"author","vocabulary":"crossref"}]},{"given":"Juan Carlos","family":"Ulloa MSC","sequence":"additional","affiliation":[],"role":[{"role":"author","vocabulary":"crossref"}]},{"given":"M\u00f3nica","family":"Alvarado MI","sequence":"additional","affiliation":[],"role":[{"role":"author","vocabulary":"crossref"}]}],"member":"9784","published-online":{"date-parts":[[2005,6,15]]},"container-title":["Nova"],"link":[{"URL":"https:\/\/hemeroteca.unad.edu.co\/index.php\/nova\/article\/download\/14\/1221","content-type":"application\/pdf","content-version":"vor","intended-application":"text-mining"},{"URL":"https:\/\/hemeroteca.unad.edu.co\/index.php\/nova\/article\/download\/14\/1221","content-type":"unspecified","content-version":"vor","intended-application":"similarity-checking"}],"deposited":{"date-parts":[[2023,12,10]],"date-time":"2023-12-10T19:54:36Z","timestamp":1702238076000},"score":0.0,"resource":{"primary":{"URL":"https:\/\/hemeroteca.unad.edu.co\/index.php\/nova\/article\/view\/14"}},"issued":{"date-parts":[[2005,6,15]]},"references-count":0,"journal-issue":{"issue":"3","published-online":{"date-parts":[[2005,6,15]]}},"URL":"https:\/\/doi.org\/10.22490\/24629448.14","ISSN":["2462-9448","1794-2470"],"issn-type":[{"value":"2462-9448","type":"electronic"},{"value":"1794-2470","type":"print"}],"published":{"date-parts":[[2005,6,15]]}},{"indexed":{"date-parts":[[2025,2,21]],"date-time":"2025-02-21T00:54:47Z","timestamp":1740099287385,"version":"3.37.3"},"reference-count":0,"publisher":"Universidad Nacional Abierta y a Distancia","content-domain":{"domain":[],"crossmark-restriction":false},"DOI":"10.22490\/ecacen.3025","type":"report","created":{"date-parts":[[2019,4,12]],"date-time":"2019-04-12T13:29:01Z","timestamp":1555075741000},"source":"Crossref","is-referenced-by-count":0,"title":["Estructuraci\u00f3n de la cadena de valor del turismo como estrategia para lograr desarrollo sostenible e incluyente en el municipio de San Marcos, Sucre"],"prefix":"10.22490","author":[{"ORCID":"https:\/\/orcid.org\/0000-0002-8556-5419","authenticated-orcid":false,"given":"Luis Alejandro","family":"Forero Bar\u00f3n","sequence":"first","affiliation":[],"role":[{"role":"author","vocabulary":"crossref"}]},{"ORCID":"https:\/\/orcid.org\/0000-0002-0142-0344","authenticated-orcid":false,"given":"Amalio Segundo","family":"Otero Tapia","sequence":"additional","affiliation":[],"role":[{"role":"author","vocabulary":"crossref"}]},{"ORCID":"https:\/\/orcid.org\/0000-0002-8548-095X","authenticated-orcid":false,"given":"Roberto Carlos","family":"Salazar Oliveros","sequence":"additional","affiliation":[],"role":[{"role":"author","vocabulary":"crossref"}]}],"member":"9784","published-online":{"date-parts":[[2018]]},"deposited":{"date-parts":[[2019,4,12]],"date-time":"2019-04-12T13:29:01Z","timestamp":1555075741000},"score":0.0,"resource":{"primary":{"URL":"http:\/\/hemeroteca.unad.edu.co\/index.php\/working\/article\/view\/3025"}},"issued":{"date-parts":[[2018]]},"references-count":0,"URL":"https:\/\/doi.org\/10.22490\/ecacen.3025","published":{"date-parts":[[2018]]}},{"indexed":{"date-parts":[[2023,12,10]],"date-time":"2023-12-10T20:40:02Z","timestamp":1702240802146},"reference-count":0,"publisher":"Universidad Nacional Abierta y a Distancia","issue":"22","license":[{"start":{"date-parts":[[2014,12,15]],"date-time":"2014-12-15T00:00:00Z","timestamp":1418601600000},"content-version":"unspecified","delay-in-days":0,"URL":"http:\/\/creativecommons.org\/licenses\/by\/4.0"}],"content-domain":{"domain":[],"crossmark-restriction":false},"short-container-title":["nova"],"abstract":"<jats:p>Realizar el an\u00e1lisis histol\u00f3gico de lesiones p\u00f3dales de pollos comerciales en la planta de sacrificio de Pollo Olympico S.A., Colombia con el fin de discutir aspectos sobre su retenci\u00f3n sanitaria en plantas de sacrificio. Materiales y m\u00e9todos: Se utiliz\u00f3 la poblaci\u00f3n av\u00edcola de 10 granjas de la empresa Pollo Olympico S.A evaluando macrosc\u00f3picamente 129.551 animales y microsc\u00f3picamente 330 lesiones podales. El an\u00e1lisis histol\u00f3gico evalu\u00f3 el tipo y la profundidad de las lesiones inflamatorias y la presencia de estructuras mic\u00f3ticas. Resultados: La evaluaci\u00f3n macrosc\u00f3pica evidenci\u00f3 lesiones podales en el 64,7% de la poblaci\u00f3n total de aves; la microsc\u00f3pica mostr\u00f3 un predominio de procesos inflamatorios con presentaci\u00f3n de heter\u00f3filos (73,1%), el 19% fueron infiltrados mixtos y el 7.9% de predominio mononuclear. Las lesiones encontradas mostraron una localizaci\u00f3n principalmente subcorneal (77.9%) y la ausencia de estructuras mic\u00f3ticas, c\u00e9lulas gigantes o lesiones vasculares.<\/jats:p>","DOI":"10.22490\/24629448.1037","type":"journal-article","created":{"date-parts":[[2017,5,2]],"date-time":"2017-05-02T19:47:51Z","timestamp":1493754471000},"page":"187-193","source":"Crossref","is-referenced-by-count":0,"title":["An\u00e1lisis histol\u00f3gico de lesiones p\u00f3dales de pollos comerciales en la Planta de Sacrificio de Pollo Olympico S.A., Colombia"],"prefix":"10.22490","volume":"12","author":[{"given":"Ricardo","family":"Balaguera","sequence":"first","affiliation":[],"role":[{"role":"author","vocabulary":"crossref"}]},{"given":"Geovanna M.","family":"C\u00f3rdoba","sequence":"additional","affiliation":[],"role":[{"role":"author","vocabulary":"crossref"}]}],"member":"9784","published-online":{"date-parts":[[2014,12,15]]},"container-title":["Nova"],"link":[{"URL":"https:\/\/hemeroteca.unad.edu.co\/index.php\/nova\/article\/download\/1037\/1034","content-type":"application\/pdf","content-version":"vor","intended-application":"text-mining"},{"URL":"https:\/\/hemeroteca.unad.edu.co\/index.php\/nova\/article\/download\/1037\/1034","content-type":"unspecified","content-version":"vor","intended-application":"similarity-checking"}],"deposited":{"date-parts":[[2023,12,10]],"date-time":"2023-12-10T20:02:08Z","timestamp":1702238528000},"score":0.0,"resource":{"primary":{"URL":"https:\/\/hemeroteca.unad.edu.co\/index.php\/nova\/article\/view\/1037"}},"issued":{"date-parts":[[2014,12,15]]},"references-count":0,"journal-issue":{"issue":"22","published-online":{"date-parts":[[2014,12,15]]}},"URL":"https:\/\/doi.org\/10.22490\/24629448.1037","ISSN":["2462-9448","1794-2470"],"issn-type":[{"value":"2462-9448","type":"electronic"},{"value":"1794-2470","type":"print"}],"published":{"date-parts":[[2014,12,15]]}},{"indexed":{"date-parts":[[2025,4,25]],"date-time":"2025-04-25T04:23:00Z","timestamp":1745554980283,"version":"3.40.4"},"reference-count":0,"publisher":"Sello Editorial UNAD","isbn-type":[{"value":"9786287786141","type":"electronic"}],"content-domain":{"domain":[],"crossmark-restriction":false},"abstract":"<jats:p>This is a book conceived and elaborated by a programming professor, who at the same time recognizes himself as a permanent student of the subject; and therefore, he knows very well the difficulties that students experience in learning programming fundamentals and algorithm design, as well as the needs of teachers to have reference material that includes concepts, examples, and exercises. Although the topics that are developed are common in programming fundamentals books, here they are presented with a didactic approach, with a simple language and with a level of detail that anyone can understand them, since this is not intended to be only a reference document, but a didactic material for autonomous learning. As a strategy to facilitate learning the design of algorithms, it is proposed to proceed inductively, since an algorithm is a general solution for problems of the same type and its steps are identified to the extent that several special cases of the problem are solved. In the examples presented in the chapters this methodology will be applied, first hypothetical values are proposed for the data of the problem and the calculations are made to arrive at a solution, then the next step is to define variables and establish expressions that solve the problem for any set of values.<\/jats:p>","DOI":"10.22490\/unad.9786287786141","type":"monograph","created":{"date-parts":[[2025,4,24]],"date-time":"2025-04-24T20:50:08Z","timestamp":1745527808000},"source":"Crossref","is-referenced-by-count":0,"title":["Algorithms Design"],"prefix":"10.22490","author":[{"given":"An\u00edvar","family":"Chaves Torres","sequence":"first","affiliation":[],"role":[{"role":"author","vocabulary":"crossref"}]}],"member":"9784","published-online":{"date-parts":[[2024]]},"deposited":{"date-parts":[[2025,4,24]],"date-time":"2025-04-24T20:51:09Z","timestamp":1745527869000},"score":0.0,"resource":{"primary":{"URL":"https:\/\/libros.unad.edu.co\/index.php\/selloeditorial\/catalog\/book\/353"}},"issued":{"date-parts":[[2024]]},"ISBN":["9786287786141"],"references-count":0,"URL":"https:\/\/doi.org\/10.22490\/unad.9786287786141","published":{"date-parts":[[2024]]}},{"indexed":{"date-parts":[[2025,12,11]],"date-time":"2025-12-11T19:08:44Z","timestamp":1765480124861,"version":"3.48.0"},"reference-count":0,"publisher":"Universidad Nacional Abierta y a Distancia","issue":"1","license":[{"start":{"date-parts":[[2025,8,22]],"date-time":"2025-08-22T00:00:00Z","timestamp":1755820800000},"content-version":"unspecified","delay-in-days":0,"URL":"https:\/\/creativecommons.org\/licenses\/by-nc-nd\/4.0"}],"content-domain":{"domain":[],"crossmark-restriction":false},"short-container-title":["Educ. Sentipensante"],"abstract":"<jats:p>Este art\u00edculo presenta los resultados del proyecto \"Tras las huellas de nuestros ancestros: una mirada al pasado desde el aula de clase\", desarrollado en la Instituci\u00f3n Educativa Nuestra Se\u00f1ora de Morc\u00e1, Sogamoso, Boyac\u00e1. El objetivo principal fue fortalecer la identidad cultural de los estudiantes de quinto grado a trav\u00e9s de la pr\u00e1ctica de la cer\u00e1mica muisca. Utilizando un enfoque cualitativo y etnogr\u00e1fico, se recopilaron testimonios de artesanos locales mediante entrevistas semiestructuradas, observaci\u00f3n participante, tareas escolares y diarios de campo, y se dise\u00f1\u00f3 una secuencia did\u00e1ctica. Los resultados muestran que esta experiencia fortaleci\u00f3 el sentido de pertenencia y responsabilidad hacia las tradiciones culturales. Sin embargo, se identificaron limitaciones, como la falta de participaci\u00f3n comunitaria y la necesidad de adaptar m\u00e9todos pedag\u00f3gicos m\u00e1s pr\u00e1cticos. El estudio destaca c\u00f3mo la educaci\u00f3n puede ser una herramienta para revitalizar el patrimonio cultural, promoviendo el desarrollo sostenible y el arraigo comunitario.<\/jats:p>","DOI":"10.22490\/28057597.8784","type":"journal-article","created":{"date-parts":[[2025,12,11]],"date-time":"2025-12-11T18:48:27Z","timestamp":1765478907000},"page":"33-51","source":"Crossref","is-referenced-by-count":0,"title":["El legado de la cer\u00e1mica muisca en el aula","The legacy of Muisca pottery in the classroom"],"prefix":"10.22490","volume":"5","author":[{"ORCID":"https:\/\/orcid.org\/0000-0002-6256-4296","authenticated-orcid":false,"given":"Jos\u00e9 Libardo","family":"Vargas Vargas","sequence":"first","affiliation":[],"role":[{"role":"author","vocabulary":"crossref"}]}],"member":"9784","published-online":{"date-parts":[[2025,8,22]]},"container-title":["EducAcci\u00f3n Sentipensante"],"link":[{"URL":"https:\/\/hemeroteca.unad.edu.co\/index.php\/educ_sentipensante\/article\/download\/8784\/8033","content-type":"application\/pdf","content-version":"vor","intended-application":"text-mining"},{"URL":"https:\/\/hemeroteca.unad.edu.co\/index.php\/educ_sentipensante\/article\/download\/8784\/8033","content-type":"unspecified","content-version":"vor","intended-application":"similarity-checking"}],"deposited":{"date-parts":[[2025,12,11]],"date-time":"2025-12-11T18:48:27Z","timestamp":1765478907000},"score":0.0,"resource":{"primary":{"URL":"https:\/\/hemeroteca.unad.edu.co\/index.php\/educ_sentipensante\/article\/view\/8784"}},"subtitle":["fortaleciendo la identidad cultural infantil en Morc\u00e1","strengthening cultural identity in children in Morc\u00e1"],"issued":{"date-parts":[[2025,8,22]]},"references-count":0,"journal-issue":{"issue":"1","published-online":{"date-parts":[[2025,8,22]]}},"URL":"https:\/\/doi.org\/10.22490\/28057597.8784","ISSN":["2805-7597"],"issn-type":[{"value":"2805-7597","type":"electronic"}],"published":{"date-parts":[[2025,8,22]]}},{"indexed":{"date-parts":[[2025,5,14]],"date-time":"2025-05-14T07:44:04Z","timestamp":1747208644253,"version":"3.40.5"},"reference-count":32,"publisher":"Universidad Nacional Abierta y a Distancia","issue":"2","license":[{"start":{"date-parts":[[2020,7,7]],"date-time":"2020-07-07T00:00:00Z","timestamp":1594080000000},"content-version":"unspecified","delay-in-days":0,"URL":"https:\/\/creativecommons.org\/licenses\/by-nc-sa\/4.0"}],"content-domain":{"domain":[],"crossmark-restriction":false},"short-container-title":["rev.investig.agrar.ambient."],"abstract":"<jats:p>Contextualizaci\u00f3n: los modelos neuronales artificiales son modelos dise\u00f1ados a partir de m\u00e9todos num\u00e9ricos denominados Redes Neuronales Artificiales. El uso de estos, como herramienta de predicci\u00f3n de la Demanda Bioqu\u00edmica de Ox\u00edgeno (DBO), ha demostrado diversas ventajas, entre otras, la reducci\u00f3n del tiempo y los costos econ\u00f3micos asociados a este par\u00e1metro. La DBO generalmente requiere de 5 a 7 d\u00edas, as\u00ed como m\u00faltiples reactivos qu\u00edmicos, para poder establecer los niveles de materiales org\u00e1nicos en las aguas.\r\nVac\u00edo de investigaci\u00f3n: los modelos neuronales artificiales permiten calcular la DBO en tiempo real, a partir de variables fisicoqu\u00edmicas registradas in situ. A pesar de ello, las redes neuronales artificiales no han sido utilizadas hasta ahora como m\u00e9todo de estimaci\u00f3n de la DBO en aguas marinas de Colombia.\r\nProp\u00f3sito del estudio: teniendo en cuenta este aspecto, en la presente investigaci\u00f3n se elabor\u00f3 un modelo neuronal artificial que permite estimar la DBPO en aguas del Mar Caribe Colombiano.\r\nMetodolog\u00eda: para elaborar el modelo fue necesario realizar cinco simulaciones (constituidas por un n\u00famero de 2 a 3 capas ocultas, y de 5 a 20 neuronas por capa). El desempe\u00f1o predictivo de cada una de estas se evalu\u00f3 a trav\u00e9s del coeficiente de correlaci\u00f3n.\r\nResultados y conclusiones: los valores m\u00e1s altos de este indicador estad\u00edstico (0,937, 0,951, 0,953, y 0,941), se obtuvieron para el modelo que utiliz\u00f3 3 capas, de 20 neuronas cada una, en sus cuatro etapas de aprendizaje (entrenamiento, validaci\u00f3n, prueba, y todos los datos). Estas cifras indican un cercano ajuste entre los datos observados y las estimaciones hechas por la red. Estos resultados demuestran adem\u00e1s que la Demanda Bioqu\u00edmica de Ox\u00edgeno puede ser estimada num\u00e9ricamente, en aguas marinas, a trav\u00e9s de modelos neuronales artificiales.<\/jats:p>","DOI":"10.22490\/21456453.3441","type":"journal-article","created":{"date-parts":[[2020,7,29]],"date-time":"2020-07-29T14:36:02Z","timestamp":1596033362000},"page":"147-156","source":"Crossref","is-referenced-by-count":0,"title":["Elaboraci\u00f3n de un modelo neuronal artificial para la estimaci\u00f3n de la demanda bioqu\u00edmica de ox\u00edgeno en aguas marinas"],"prefix":"10.22490","volume":"11","author":[{"ORCID":"https:\/\/orcid.org\/0000-0001-5560-2189","authenticated-orcid":false,"given":"Reynaldo","family":"Meza Castellar","sequence":"first","affiliation":[],"role":[{"role":"author","vocabulary":"crossref"}]},{"ORCID":"https:\/\/orcid.org\/0000-0003-2460-6106","authenticated-orcid":false,"given":"Luis","family":"Gonzalez Salcedo","sequence":"additional","affiliation":[],"role":[{"role":"author","vocabulary":"crossref"}]}],"member":"9784","published-online":{"date-parts":[[2020,7,7]]},"reference":[{"key":"ref0","doi-asserted-by":"publisher","unstructured":"Abyaneh, H. (2014). Evaluation of multivariate linear regression and artificial neural networks in prediction of water quality parameters. Journal of Environmental Health Science & Engineering, 12(40), 1-8. https:\/\/doi.org\/10.1186\/2052-336X-12-40","DOI":"10.1186\/2052-336X-12-40"},{"key":"ref1","unstructured":"\u00c1guila-Mart\u00ednez, J. (2017). Aprendizaje supervisado en conjuntos de datos no balanceados con Redes Neuronales Artificiales. M\u00e9todos de mejora de rendimiento para modelos de clasificaci\u00f3n binaria en diagn\u00f3stico m\u00e9dico. Universitat Rovira i Virgili."},{"key":"ref2","unstructured":"APHA. (2005). Standard Methods for the Examination of Water and Wastewater (21st ed.). Washington, DC: American Public Health Association (APHA)."},{"key":"ref3","doi-asserted-by":"publisher","unstructured":"Araghinejad, S. (2014). Artificial Neural Networks. In Data-Driven Modeling: Using MATLAB\u00ae in Water Resources and Environmental Engineering. Water Science and Technology Library 67.","DOI":"10.1007\/978-94-007-7506-0"},{"key":"ref4","doi-asserted-by":"publisher","unstructured":"Barthakur, M., Thakuria, T., & Sarma, K. K. (2012). Artificial Neural Network (ANN) Based Object Recognition Using Multiple Feature Sets. Soft Computing Techniques in Vision Science, (395), 127-135. https:\/\/doi.org\/10.1007\/978-3-642-25507-6_11","DOI":"10.1007\/978-3-642-25507-6_11"},{"key":"ref5","unstructured":"Beale, M. H., Hagan, M. T., & Demuth, H. B. (2015). Neural Network Toolbox User's Guide. MathWorks, (R2015b), 1-410."},{"key":"ref6","unstructured":"CARDIQUE. (2017). Evaluaci\u00f3n de la calidad de las aguas en la Ci\u00e9naga de la Virgen. Corporaci\u00f3n Aut\u00f3noma Regional del Canal del Dique-CARDIQUE."},{"key":"ref7","unstructured":"Dogan, E., Ates, A., Yilmaz, E. C., & Eren, B. (2014). Application of Artificial Neural Networks to Estimate Wastewater Treatment Plant Inlet Biochemical Oxygen Demand. Environmental Science & Technology, 33(2), 482-489."},{"key":"ref8","doi-asserted-by":"publisher","unstructured":"Ebtehaj, I., & Bonakdari, H. (2016). Bed load sediment transport estimation in a clean pipe using multilayer perceptron with different training algorithms. KSCE Journal of Civil Engineering, 20(2), 581-589. https:\/\/doi.org\/10.1007\/s12205-015-0630-7","DOI":"10.1007\/s12205-015-0630-7"},{"key":"ref9","doi-asserted-by":"publisher","unstructured":"Emamgholizadeh, S., Kashi, H., Marofpoor, I., & Zalaghi, E. (2014). Prediction of water quality parameters of Karoon River (Iran) by artificial intelligence-based models. International Journal of Environmental Science and Technology, 11(3), 645-656. https:\/\/doi.org\/10.1007\/s13762-013-0378-x","DOI":"10.1007\/s13762-013-0378-x"},{"key":"ref10","doi-asserted-by":"publisher","unstructured":"Gandaseca, S., Liyana, N., Wahab, A., Mustapha, A., & Pazi, M. (2016). Comparison of Water Quality Status of Disturbed and Undisturbed Mangrove Forest at Awat-Awat Lawas Sarawak. Open Journal of Forestry, 6, 14-18. https:\/\/doi.org\/10.4236\/ojf.2016.61002","DOI":"10.4236\/ojf.2016.61002"},{"issue":"1","key":"ref11","doi-asserted-by":"publisher","first-page":"19","DOI":"10.18359\/rcin.247","article-title":"Exploraci\u00f3n con redes neuronales artificiales para estimar la resistencia a la compresi\u00f3n, en concretos fibroreforzados con acero","volume":"22","author":"Gonz\u00e1lez Salcedo","year":"2012","unstructured":"Gonz\u00e1lez Salcedo, L. O., Guerrero Z\u00fa\u00f1iga, A. P., Delvasto Arjona, S., & Ernesto Will, A. L. (2012). Exploraci\u00f3n con redes neuronales artificiales para estimar la resistencia a la compresi\u00f3n, en concretos fibroreforzados con acero. Ciencia e Ingenier\u00eda Neogranadina, 22(1), 19-41.","journal-title":"Ciencia e Ingenier\u00eda Neogranadina"},{"key":"ref12","doi-asserted-by":"publisher","first-page":"233","DOI":"10.1007\/978-3-319-20910-4_17","article-title":"An Approach for Predicting River Water Quality Using Data Mining Technique","author":"Gulyani","year":"2015","unstructured":"Gulyani, B. B., Mangai, J. A., & Fathima, A. (2015). An Approach for Predicting River Water Quality Using Data Mining Technique. Lecture Notes in Computer Science (Including Subseries Lecture Notes in Artificial Intelligence and Lecture Notes in Bioinformatics), 9165, 233-243.","journal-title":"Lecture Notes in Computer Science (Including Subseries Lecture Notes in Artificial Intelligence and Lecture Notes in Bioinformatics) 9165"},{"key":"ref13","doi-asserted-by":"publisher","unstructured":"Howington, J. P., McFeters, G. A., Jones, W. L., & Smith, J. J. (1994). The effect of low temperature on BOD in Antarctic seawater. Water Resources, 28(12), 2585-2587.","DOI":"10.1016\/0043-1354(94)90078-7"},{"key":"ref14","unstructured":"INVEMAR. (2016). Informe del estado de los ambientes y recursos marinos y costeros de Colombia. A\u00f1o 2015."},{"key":"ref15","unstructured":"INVEMAR. (2017). Diagn\u00f3stico y Evaluaci\u00f3n de la Calidad de las Aguas Marinas y Costeras en el Caribe y Pac\u00edfico Colombianos. Informe T\u00e9cnico 2016."},{"key":"ref16","doi-asserted-by":"publisher","unstructured":"Matos, M. P. de, Borges, A. C., Matos, A. T. de, Silva, E. F. da, & Martinez, M. A. (2014). Effect of time-temperature binomial in obtaining biochemical oxygen demand of different wastewaters. Engenharia Agr\u00edcola, 34(2), 332-340. https:\/\/doi.org\/10.1590\/S0100-69162014000200014","DOI":"10.1590\/S0100-69162014000200014"},{"key":"ref17","unstructured":"Meza, R. (2019). Elaboraci\u00f3n y uso de un modelo neuronal para la estimaci\u00f3n de la DBO5. Caso de estudio: Costa Caribe del Departamento de Bol\u00edvar (Colombia). Universidad Nacional de Colombia."},{"key":"ref18","doi-asserted-by":"publisher","unstructured":"Mustafa, M. R., Rezaur, R. B., Saiedi, S., & Isa, M. H. (2012). River suspended sediment prediction using various multilayer perceptron neural network training algorithms-A case study in Malaysia. Water Resources Management, 26(7), 1879-1897. https:\/\/doi.org\/10.1007\/s11269-012-9992-5","DOI":"10.1007\/s11269-012-9992-5"},{"key":"ref19","doi-asserted-by":"publisher","first-page":"563","DOI":"10.1016\/j.ibiod.2013.03.023","article-title":"Organic and nutrient reduction in a fish processing facility - A case study","author":"Muthukumaran","year":"2013","unstructured":"Muthukumaran, S., & Baskaran, K. (2013). Organic and nutrient reduction in a fish processing facility - A case study. International Biodeterioration and Biodegradation, 85, 563-570.","journal-title":"International Biodeterioration and Biodegradation 85"},{"key":"ref20","doi-asserted-by":"publisher","unstructured":"Naimpally, A., & Rosselot, K. S. (2014). Water and Wastewater. In Environmental engineering: Review for the professional engineering examination (pp. 1-61).","DOI":"10.1007\/978-0-387-49930-7_1"},{"issue":"9","key":"ref21","doi-asserted-by":"publisher","first-page":"1586","DOI":"10.1016\/j.marpolbul.2008.05.021","article-title":"An ANN application for water quality forecasting","volume":"56","author":"Palani","year":"2008","unstructured":"Palani, S., Liong, S. Y., & Tkalich, P. (2008). An ANN application for water quality forecasting. Marine Pollution Bulletin, 56(9), 1586-1597.","journal-title":"Marine Pollution Bulletin"},{"key":"ref22","doi-asserted-by":"publisher","unstructured":"Phu, S. T. P. (2014). Research on the Correlation Between Chlorophyll-a and Organic Matter BOD, COD, Phosphorus, and Total Nitrogen in Stagnant Lake Basins. In Sustainable Living with Environmental Risks (pp. 177-191). https:\/\/doi.org\/10.1007\/978-4-431-54804-1_15","DOI":"10.1007\/978-4-431-54804-1_15"},{"issue":"4","key":"ref23","doi-asserted-by":"publisher","first-page":"483","DOI":"10.1007\/s10916-009-9384-4","article-title":"Predicting arterial blood gas values from venous samples in patients with acute exacerbation chronic obstructive pulmonary disease using artificial neural network","volume":"35","author":"Raoufy","year":"2011","unstructured":"Raoufy, M. R., Eftekhari, P., Gharibzadeh, S., & Masjedi, M. R. (2011). Predicting arterial blood gas values from venous samples in patients with acute exacerbation chronic obstructive pulmonary disease using artificial neural network. Journal of Medical Systems, 35(4), 483-488.","journal-title":"Journal of Medical Systems"},{"key":"ref24","unstructured":"Severiche, C. A., Baldiris, I., Acosta, J. C., Bedoya, E. A., Castro, I., & Pacheco, H. (2017). Multivariate Analysis of Water Quality in Rosario Islands National Park (Colombia). American Journal of Engineering Research (AJER), 6(6), 136-144."},{"key":"ref25","doi-asserted-by":"publisher","unstructured":"\u0160ilji\u0107, A., Antanasijevi\u0107, D., Peri\u0107-Gruji\u0107, A., Risti\u0107, M., & Pocajt, V. (2016). Artificial neural network modelling of biological oxygen demand in rivers at the national level with input selection based on Monte Carlo simulations. Environmental Science and Pollution Research, 23(4), 3978-3979.","DOI":"10.1007\/s11356-015-5978-1"},{"key":"ref26","doi-asserted-by":"publisher","unstructured":"Simon, F. X., Penru, Y., Guastalli, A. R., Llorens, J., & Baig, S. (2011). Improvement of the analysis of the biochemical oxygen demand (BOD) of Mediterranean seawater by seeding control. Talanta, 85(1), 527-532. https:\/\/doi.org\/10.1016\/j.talanta.2011.04.032","DOI":"10.1016\/j.talanta.2011.04.032"},{"key":"ref27","doi-asserted-by":"publisher","first-page":"888","DOI":"10.1016\/j.ecolmodel.2009.01.004","article-title":"Artificial neural network modeling of the river water quality-A case study","volume":"220","author":"Singh","year":"2009","unstructured":"Singh, K. P., Basant, A., Malik, A., & Jain, G. (2009). Artificial neural network modeling of the river water quality-A case study. Ecological Modelling, 220, 888-895.","journal-title":"Ecological Modelling"},{"key":"ref28","doi-asserted-by":"publisher","first-page":"1847","DOI":"10.1016\/j.polymdegradstab.2013.05.007","article-title":"Biodegradability of nylon 4 film in a marine environment","author":"Tachibana","year":"2013","unstructured":"Tachibana, K., Urano, Y., & Numata, K. (2013). Biodegradability of nylon 4 film in a marine environment. Polymer Degradation and Stability Journal, 98, 1847-1851.","journal-title":"Polymer Degradation and Stability Journal 98"},{"key":"ref29","doi-asserted-by":"publisher","first-page":"355","DOI":"10.1016\/j.ecolmodel.2007.02.030","article-title":"Modelling constructed wetland treatment system performance","volume":"205","author":"Tomenko","year":"2007","unstructured":"Tomenko, V., Ahmed, S., & Popov, V. (2007). Modelling constructed wetland treatment system performance. Ecological Modelling, 205, 355-364.","journal-title":"Ecological Modelling"},{"key":"ref30","doi-asserted-by":"publisher","unstructured":"Tuchkovenko, Y. S., & Lonin, S. A. (2003). Mathematical model of the oxygen regime of Cartagena Bay. Ecological Modelling, 165(1), 91-106. https:\/\/doi.org\/10.1016\/S0304-3800(03)00064-4","DOI":"10.1016\/S0304-3800(03)00064-4"},{"key":"ref31","doi-asserted-by":"publisher","unstructured":"Zayani, R., Bouallegue, R., & Roviras, D. (2008). Adaptive predistortions based on neural networks associated with Levenberg-Marquardt algorithm for satellite down links. Eurasip Journal on Wireless Communications and Networking, 2008(132729), 1-15. https:\/\/doi.org\/10.1155\/2008\/132729","DOI":"10.1155\/2008\/132729"}],"container-title":["Revista de Investigaci\u00f3n Agraria y Ambiental"],"link":[{"URL":"https:\/\/hemeroteca.unad.edu.co\/index.php\/riaa\/article\/download\/3441\/3994","content-type":"application\/pdf","content-version":"vor","intended-application":"text-mining"},{"URL":"https:\/\/hemeroteca.unad.edu.co\/index.php\/riaa\/article\/download\/3441\/3927","content-type":"text\/html","content-version":"vor","intended-application":"text-mining"},{"URL":"https:\/\/hemeroteca.unad.edu.co\/index.php\/riaa\/article\/download\/3441\/3994","content-type":"unspecified","content-version":"vor","intended-application":"similarity-checking"}],"deposited":{"date-parts":[[2020,7,29]],"date-time":"2020-07-29T15:37:07Z","timestamp":1596037027000},"score":0.0,"resource":{"primary":{"URL":"https:\/\/hemeroteca.unad.edu.co\/index.php\/riaa\/article\/view\/3441"}},"issued":{"date-parts":[[2020,7,7]]},"references-count":32,"journal-issue":{"issue":"2","published-online":{"date-parts":[[2020,7,7]]}},"URL":"https:\/\/doi.org\/10.22490\/21456453.3441","ISSN":["2145-6453","2145-6097"],"issn-type":[{"type":"electronic","value":"2145-6453"},{"type":"print","value":"2145-6097"}],"published":{"date-parts":[[2020,7,7]]}},{"indexed":{"date-parts":[[2025,5,14]],"date-time":"2025-05-14T07:42:25Z","timestamp":1747208545498,"version":"3.40.5"},"reference-count":5,"publisher":"Universidad Nacional Abierta y a Distancia","content-domain":{"domain":[],"crossmark-restriction":false},"DOI":"10.22490\/28060164.08","type":"journal-article","created":{"date-parts":[[2024,6,26]],"date-time":"2024-06-26T18:06:20Z","timestamp":1719425180000},"source":"Crossref","is-referenced-by-count":0,"title":["Bolet\u00edn informativo N\u00famero ocho: conociendo la pol\u00edtica de tratamiento de datos personales de la UNAD"],"prefix":"10.22490","author":[{"ORCID":"https:\/\/orcid.org\/0000-0002-4690-3526","authenticated-orcid":false,"given":"Luis Fernando","family":"Zambrano Hern\u00e1ndez","sequence":"first","affiliation":[],"role":[{"role":"author","vocabulary":"crossref"}]}],"member":"9784","published-online":{"date-parts":[[2022,8,8]]},"reference":[{"key":"ref0","unstructured":"Ley 1581 [en l\u00ednea]. Departamento de la Funci\u00f3n P\u00fablica [fecha de consulta: 08\/08\/2022] Disponible en: https:\/\/www.funcionpublica.gov.co\/eva\/gestornormativo\/norma_pdf.php?i=49981"},{"key":"ref1","unstructured":"Pol\u00edtica de Tratamiento de Datos Personales [en l\u00ednea]. UNAD [fecha de consulta: 08\/08\/2022] Disponible en: https:\/\/sgeneral.unad.edu.co\/images\/documentos\/capsulas\/2019\/POLI_TRAT_DATO_PERS_UNAD_2021.pdf"},{"key":"ref2","unstructured":"Protecci\u00f3n de Datos Personales [en l\u00ednea]. MINAMBIENTE [fecha de consulta: 08\/08\/2022] Disponible en: https:\/\/www.minambiente.gov.co\/politica-de-proteccion-de-datospersonales\/#:~:text=Ley%20de%20Protecci%C3%B3n%20de%20Datos,de%20naturaleza%20%C3%BAblica%20o%20privada."},{"key":"ref3","unstructured":"Ley estatutaria 1266 de 2008 [en l\u00ednea]. Departamento de la Funci\u00f3n P\u00fablica [fecha de consulta: 08\/08\/2022] Disponible en: http:\/\/www.secretariasenado.gov.co\/senado\/basedoc\/ley_1266_2008.html"},{"key":"ref4","unstructured":"Procedimiento: Recolecci\u00f3n y Tratamiento de Datos Personales [en l\u00ednea]. UNAD [fecha de consulta: 08\/08\/2022] Disponible en: http:\/\/www.secretariasenado.gov.co\/senado\/basedoc\/ley_1266_2008.html"}],"container-title":["E-boleti\u0301n Informativo: Centro de respuestas a incidentes informa\u0301ticos"],"deposited":{"date-parts":[[2024,6,26]],"date-time":"2024-06-26T18:06:27Z","timestamp":1719425187000},"score":0.0,"resource":{"primary":{"URL":"https:\/\/selloeditorial.unad.edu.co\/images\/2022\/boletines-cip-csirt\/boletin_8.pdf"}},"issued":{"date-parts":[[2022,8,8]]},"references-count":5,"URL":"https:\/\/doi.org\/10.22490\/28060164.08","ISSN":["2806-0164"],"issn-type":[{"type":"electronic","value":"2806-0164"}],"published":{"date-parts":[[2022,8,8]]}},{"indexed":{"date-parts":[[2026,5,28]],"date-time":"2026-05-28T06:31:01Z","timestamp":1779949861361,"version":"3.53.1"},"reference-count":0,"publisher":"Universidad Nacional Abierta y a Distancia","issue":"2","license":[{"start":{"date-parts":[[2014,6,4]],"date-time":"2014-06-04T00:00:00Z","timestamp":1401840000000},"content-version":"unspecified","delay-in-days":0,"URL":"http:\/\/creativecommons.org\/licenses\/by\/4.0"}],"content-domain":{"domain":[],"crossmark-restriction":false},"short-container-title":["Rev. Investig. UNAD"],"abstract":"<jats:p>&lt;p&gt;Las posibilidades del ciberespacio en el mundo educativo van m\u00e1s all\u00e1 de sus aportes como medio de informaci\u00f3n o fuente de recursos did\u00e1cticos y comunicativos. Permite a los estudiantes desarrollar capacidades y tomar conciencia de sus opiniones formadas a partir de la reflexi\u00f3n cr\u00edtica y la autonom\u00eda. El acceso al ciberespacio posibilita la apropiaci\u00f3n de contenido y la construcci\u00f3n conjunta del mismo en colaboraci\u00f3n con otros usuarios. En este sentido, la relaci\u00f3n entre tecnolog\u00eda y educaci\u00f3n se hace m\u00e1s patente y necesaria.&lt;\/p&gt;&lt;p&gt;Este art\u00edculo de car\u00e1cter reflexivo, parte de una investigaci\u00f3n cualitativa de tipo hermen\u00e9utico, presenta los resultados, producto de los procesos de interactividad de los estudiantes de grado octavo del Colegio Le\u00f3n de Greiff, del Municipio de Aguazul, con la web Rosseta Stone. A trav\u00e9s de dicho an\u00e1lisis se evidencia la potencializaci\u00f3n del idioma ingl\u00e9s con dicha web y se formulan algunas estrategias pedag\u00f3gicas que permiten el aprovechamiento del ciberespacio dentro y fuera del aula de clase.&lt;\/p&gt;<\/jats:p>","DOI":"10.22490\/25391887.1145","type":"journal-article","created":{"date-parts":[[2017,7,11]],"date-time":"2017-07-11T10:42:53Z","timestamp":1499769773000},"page":"41","source":"Crossref","is-referenced-by-count":3,"title":["Estrategias pedag\u00f3gicas para el aprendizaje del ingl\u00e9s con el uso de la herramienta Rosseta Stone por parte de los estudiantes de grado octavo del Colegio Le\u00f3n de Greiff"],"prefix":"10.22490","volume":"13","author":[{"given":"Rosa Lidya","family":"Rangel Palencia","sequence":"first","affiliation":[],"role":[{"vocabulary":"crossref","role":"author"}]}],"member":"9784","published-online":{"date-parts":[[2014,6,4]]},"container-title":["Revista de Investigaciones UNAD"],"link":[{"URL":"http:\/\/hemeroteca.unad.edu.co\/index.php\/revista-de-investigaciones-unad\/article\/viewFile\/1145\/1355","content-type":"application\/pdf","content-version":"vor","intended-application":"text-mining"}],"deposited":{"date-parts":[[2017,7,11]],"date-time":"2017-07-11T10:43:15Z","timestamp":1499769795000},"score":0.0,"resource":{"primary":{"URL":"http:\/\/hemeroteca.unad.edu.co\/index.php\/revista-de-investigaciones-unad\/article\/view\/1145"}},"issued":{"date-parts":[[2014,6,4]]},"references-count":0,"journal-issue":{"issue":"2","published-online":{"date-parts":[[2014,6,4]]}},"URL":"https:\/\/doi.org\/10.22490\/25391887.1145","ISSN":["2539-1887","0124-793X"],"issn-type":[{"value":"2539-1887","type":"electronic"},{"value":"0124-793X","type":"print"}],"published":{"date-parts":[[2014,6,4]]}},{"indexed":{"date-parts":[[2026,7,23]],"date-time":"2026-07-23T16:27:19Z","timestamp":1784824039669,"version":"3.55.0"},"reference-count":10,"publisher":"Universidad Nacional Abierta y a Distancia","issue":"2","license":[{"start":{"date-parts":[[2018,12,20]],"date-time":"2018-12-20T00:00:00Z","timestamp":1545264000000},"content-version":"unspecified","delay-in-days":0,"URL":"http:\/\/creativecommons.org\/licenses\/by-nc-sa\/4.0"}],"content-domain":{"domain":[],"crossmark-restriction":false},"short-container-title":["Rev. Estrateg. Organ."],"abstract":"<jats:p>El presente art\u00edculo trata el tema de la Responsabilidad Social Universitaria (RSU). Se describe inicialmente cu\u00e1les son las funciones b\u00e1sicas de las universidades, entre las que la proyecci\u00f3n social es una de las m\u00e1s importantes y se relaciona con el concepto de RSU. Este tambi\u00e9n involucra a todas las partes interesadas que implican a las universidades, es decir, a los estudiantes, a los docentes, a los administrativos, el gobierno y, en general, a la sociedad a la cual las instituciones deben responder.Se parte de los componentes de la RSU, de las funciones de esta responsabilidad, c\u00f3mo se mide y qu\u00e9 perspectivas tiene. Esto con el prop\u00f3sito de determinar cu\u00e1l es la premisa b\u00e1sica con la que se entiende el concepto de RSU en las universidades colombianas. Como actividad de proyecci\u00f3n social, tambi\u00e9n es importante determinar las acciones de educaci\u00f3n continuada y permanente que ejecutan estas instituciones y que proyectan a la comunidad.Como conclusi\u00f3n general se puede plantear que en la mayor\u00eda de las universidades colombianas no se cuenta con modelos de RSU que permitan medir su relaci\u00f3n con sus stakeholders y que, por esto, es necesario crear modelos que permitan formar profesionales responsables socialmente.<\/jats:p>","DOI":"10.22490\/25392786.2938","type":"journal-article","created":{"date-parts":[[2019,6,14]],"date-time":"2019-06-14T21:01:41Z","timestamp":1560546101000},"page":"9-19","source":"Crossref","is-referenced-by-count":1,"title":["La responsabilidad social en universidades colombianas"],"prefix":"10.22490","volume":"7","author":[{"given":"Iv\u00e1n Ricardo","family":"Moreno Moreno","sequence":"first","affiliation":[],"role":[{"vocabulary":"crossref","role":"author"}]}],"member":"9784","published-online":{"date-parts":[[2018,12,20]]},"reference":[{"key":"ref0","unstructured":"Garc\u00eda-Mora, C. y Alvarado, Y. (2012). Responsabilidad social universitaria como plataforma para el desarrollo de la comunidad. Multiciencias, 12, 59-63."},{"key":"ref1","unstructured":"Giuffre, L. y Ratto, S. (2014). A New Paradigm in Higher Education: University Social Responsibility (USR). Journal of Education and Human Development, 3(1), 231-238."},{"key":"ref2","unstructured":"Geryk, M. (2012). The Idea of Social Responsibility of the University. En M. Geryk, Social Responsibility of the University (pp. 287-307). Varsovia, Polonia: Gdansk Management College."},{"key":"ref3","unstructured":"Gordillo, A. (2014). Res\u00famenes responsabilidad social universitaria. Fundaci\u00f3n Universitaria San Mart\u00edn"},{"key":"ref4","unstructured":"L\u00f3pez, L., Hern\u00e1ndez, R. y Andrade, M. (2012). Visi\u00f3n paradigm\u00e1tica de la empresa mexicana en la conceptualizaci\u00f3n de la responsabilidad social corporativa. Humanitas: revista de investigaci\u00f3n, 9(9), 10-43."},{"key":"ref5","doi-asserted-by":"crossref","unstructured":"Siracusa, G., Ardiles, A. y Pulido, S. (2012). Gerencia universitaria posmoderna en el paradigma de la responsabilidad social. Revista Venezolana de Gerencia, 17(58), 307-320.","DOI":"10.31876\/revista.v17i58.10703"},{"key":"ref6","unstructured":"University of Applied Sciences. (2015). Social responsibility report 2015. University of Applied Sciences."},{"key":"ref7","unstructured":"Vallaeys, F. y Carrizo, I. (2007). La responsabilidad social de las universidades. Manuscrito no publicado M\u00e9xico"},{"key":"ref8","unstructured":"Viteri-Moya, J., J\u00e1come-Villacres, M. y Medina-Le\u00f3n, A. (2012). \u00cdndice integral para evaluar la responsabilidad social universitaria en Ecuador. Revista Ingenier\u00eda Industrial, 33(3), 295 - 306."},{"issue":"3","key":"ref9","doi-asserted-by":"publisher","first-page":"475","DOI":"10.5840\/bpej2012313\/424","article-title":"University Social Responsibility (USR) in the Global Context: An Overview of Literature","volume":"31","author":"Wigmore-\u00c1lvarez","year":"2012","unstructured":"Wigmore-\u00c1lvarez, A. y Ruiz-Lozano, M. (2012). University Social Responsibility (USR) in the Global Context: An Overview of Literature. Business and Professional Ethics Journal, 31(3), 475-498.","journal-title":"Business and Professional Ethics Journal"}],"container-title":["Revista Estrategia Organizacional"],"link":[{"URL":"http:\/\/hemeroteca.unad.edu.co\/index.php\/revista-estrategica-organizacio\/article\/viewFile\/2938\/3198","content-type":"application\/pdf","content-version":"vor","intended-application":"text-mining"},{"URL":"http:\/\/hemeroteca.unad.edu.co\/index.php\/revista-estrategica-organizacio\/article\/viewFile\/2938\/2991","content-type":"text\/html","content-version":"vor","intended-application":"text-mining"},{"URL":"http:\/\/hemeroteca.unad.edu.co\/index.php\/revista-estrategica-organizacio\/article\/viewFile\/2938\/2991","content-type":"unspecified","content-version":"vor","intended-application":"similarity-checking"}],"deposited":{"date-parts":[[2019,11,29]],"date-time":"2019-11-29T01:58:36Z","timestamp":1574992716000},"score":0.0,"resource":{"primary":{"URL":"http:\/\/hemeroteca.unad.edu.co\/index.php\/revista-estrategica-organizacio\/article\/view\/2938"}},"issued":{"date-parts":[[2018,12,20]]},"references-count":10,"journal-issue":{"issue":"2","published-online":{"date-parts":[[2018,12,20]]}},"URL":"https:\/\/doi.org\/10.22490\/25392786.2938","ISSN":["2539-2786","2339-3866"],"issn-type":[{"value":"2539-2786","type":"electronic"},{"value":"2339-3866","type":"print"}],"published":{"date-parts":[[2018,12,20]]}},{"indexed":{"date-parts":[[2024,5,14]],"date-time":"2024-05-14T18:41:04Z","timestamp":1715712064477},"reference-count":0,"publisher":"Universidad Nacional Abierta y a Distancia","issue":"2","license":[{"start":{"date-parts":[[2018,7,1]],"date-time":"2018-07-01T00:00:00Z","timestamp":1530403200000},"content-version":"unspecified","delay-in-days":0,"URL":"https:\/\/creativecommons.org\/licenses\/by-nc-sa\/4.0"}],"content-domain":{"domain":[],"crossmark-restriction":false},"short-container-title":["Publ. investig."],"abstract":"<jats:p>Los avicultores de la regi\u00f3n del Guavio se han dedicado por d\u00e9cadas a la crianza y engorde de pollos, dicho proceso se ha visto fallido por la ausencia de flujo constante de energ\u00eda el\u00e9ctrica, necesaria en la generaci\u00f3n de temperatura e iluminaci\u00f3n, y, para esto se han generado procesos alternos como la generaci\u00f3n de calor a trav\u00e9s de fogatas, lo que trae como consecuencia contaminaci\u00f3n por humo y deforestaci\u00f3n entre otros.\u00a0 Por lo anterior, se ha realizado un estudio de factibilidad como fase inicial de este proceso de investigaci\u00f3n, generando un proceso interdisciplinar entre electr\u00f3nica, telecomunicaciones, redes y seg\u00fan lo requiera el\u00a0estudio incluir estudiantes zootecnistas, lo anterior para establecer la viabilidad del dise\u00f1o de un prototipo que permitir\u00e1 garantizar el proceso de crianza y engorde las 24 horas, mitigando el riesgo de p\u00e9rdida por ausencia de control de variables. Se analiza las variables de temperatura, humedad, incidencia solar y ventilaci\u00f3n como factores determinantes en el proceso de producci\u00f3n av\u00edcola en el municipio de Gachet\u00e1.<\/jats:p>","DOI":"10.22490\/25394088.2965","type":"journal-article","created":{"date-parts":[[2020,3,9]],"date-time":"2020-03-09T13:14:23Z","timestamp":1583759663000},"page":"55-67","source":"Crossref","is-referenced-by-count":1,"title":["Estudio de factibilidad para el dise\u00f1o de un sistema automatizado para producci\u00f3n av\u00edcola alimentado con energ\u00eda solar"],"prefix":"10.22490","volume":"12","author":[{"given":"Edgar A","family":"Bojac\u00e1 Garavito","sequence":"first","affiliation":[],"role":[{"role":"author","vocabulary":"crossref"}]},{"given":"Francisco J","family":"Hilari\u00f3n Novoa","sequence":"additional","affiliation":[],"role":[{"role":"author","vocabulary":"crossref"}]},{"given":"Diana M","family":"Bojac\u00e1 Bojac\u00e1","sequence":"additional","affiliation":[],"role":[{"role":"author","vocabulary":"crossref"}]}],"member":"9784","published-online":{"date-parts":[[2018,7,1]]},"container-title":["Publicaciones e Investigaci\u00f3n"],"link":[{"URL":"https:\/\/hemeroteca.unad.edu.co\/index.php\/publicaciones-e-investigacion\/article\/download\/2965\/3077","content-type":"application\/pdf","content-version":"vor","intended-application":"text-mining"},{"URL":"https:\/\/hemeroteca.unad.edu.co\/index.php\/publicaciones-e-investigacion\/article\/download\/2965\/3019","content-type":"text\/html","content-version":"vor","intended-application":"text-mining"},{"URL":"https:\/\/hemeroteca.unad.edu.co\/index.php\/publicaciones-e-investigacion\/article\/download\/2965\/3077","content-type":"unspecified","content-version":"vor","intended-application":"similarity-checking"}],"deposited":{"date-parts":[[2020,3,9]],"date-time":"2020-03-09T13:14:24Z","timestamp":1583759664000},"score":0.0,"resource":{"primary":{"URL":"https:\/\/hemeroteca.unad.edu.co\/index.php\/publicaciones-e-investigacion\/article\/view\/2965"}},"issued":{"date-parts":[[2018,7,1]]},"references-count":0,"journal-issue":{"issue":"2","published-online":{"date-parts":[[2018,7,1]]}},"URL":"https:\/\/doi.org\/10.22490\/25394088.2965","ISSN":["2539-4088","1900-6608"],"issn-type":[{"value":"2539-4088","type":"electronic"},{"value":"1900-6608","type":"print"}],"published":{"date-parts":[[2018,7,1]]}},{"indexed":{"date-parts":[[2025,4,13]],"date-time":"2025-04-13T04:11:35Z","timestamp":1744517495945,"version":"3.40.4"},"reference-count":0,"publisher":"Sello Editorial UNAD","isbn-type":[{"type":"electronic","value":"9789586519915"}],"content-domain":{"domain":[],"crossmark-restriction":false},"published-print":{"date-parts":[[2024]]},"abstract":"<jats:p>La sociedad y su progreso dependen en gran medida de la creatividad, la innovaci\u00f3n y la investigaci\u00f3n. Estos elementos fundamentales desempe\u00f1an un papel vital en la b\u00fasqueda de soluciones a los desaf\u00edos que confrontamos. En este contexto, el Centro de Investigaci\u00f3n y Acci\u00f3n Psicosocial Comunitaria (CIAPSC) emerge como un actor destacado, brindando valiosas aportaciones en el campo de la psicolog\u00eda y la labor comunitaria. La Universidad Nacional Abierta y a Distancia (UNAD) juega un papel esencial al impulsar y fortalecer el desarrollo del CIAPSC.El CIAPSC se destaca como un organismo generador de conocimiento, centr\u00e1ndose en la psicolog\u00eda social y su enfoque hacia el trabajo comunitario. Su enfoque innovador radica en la aplicaci\u00f3n de t\u00e9cnicas participativas y en la atenci\u00f3n activa a las necesidades y problem\u00e1ticas de las comunidades con las que colabora. Esta metodolog\u00eda permite identificar desaf\u00edos espec\u00edficos y colaborar en la creaci\u00f3n de soluciones adaptadas a cada contexto, fomentando la capacitaci\u00f3n de los miembros de la comunidad y la promoci\u00f3n de un desarrollo sostenible.\u00a0El motor de innovaci\u00f3n del CIAPSC se basa en la colaboraci\u00f3n interdisciplinaria. La sinergia entre profesionales de diversas disciplinas fortalece el enfoque integral en la resoluci\u00f3n de cuestiones sociales complejas. La promoci\u00f3n de la investigaci\u00f3n-acci\u00f3n en la planificaci\u00f3n y ejecuci\u00f3n de proyectos es un sello distintivo del CIAPSC, alineando la teor\u00eda con la pr\u00e1ctica para generar cambios sustanciales y sostenibles en las comunidades. En este contexto, la UNAD tiene una oportunidad fundamental para desempe\u00f1ar un papel vital en el desarrollo del CIAPSC. Al fomentar la investigaci\u00f3n, proporcionar capacitaci\u00f3n continua a su equipo y colaborar con estudiantes, la universidad puede enriquecer y consolidar las capacidades del centro. Adem\u00e1s, el respaldo institucional brinda mayor visibilidad y acceso a recursos, promoviendo la ampliaci\u00f3n de su influencia en diversos entornos locales y regionales.<\/jats:p>","DOI":"10.22490\/unad.9789586519915","type":"monograph","created":{"date-parts":[[2024,12,17]],"date-time":"2024-12-17T16:20:07Z","timestamp":1734452407000},"source":"Crossref","is-referenced-by-count":0,"title":["Centro de investigaci\u00f3n y acci\u00f3n psicosocial comunitaria"],"prefix":"10.22490","author":[{"given":"Andrea del Pilar","family":"Arenas","sequence":"first","affiliation":[],"role":[{"role":"author","vocabulary":"crossref"}]},{"given":"Angela Ivethe","family":"Mayorga Orteg\u00f3n","sequence":"additional","affiliation":[],"role":[{"role":"author","vocabulary":"crossref"}]},{"given":"Claudia Yasm\u00edn","family":"P\u00e9rez Rodr\u00edguez","sequence":"additional","affiliation":[],"role":[{"role":"author","vocabulary":"crossref"}]},{"given":"Edwin Dorance","family":"Garz\u00f3n Carrillo","sequence":"additional","affiliation":[],"role":[{"role":"author","vocabulary":"crossref"}]},{"given":"Elizabeth","family":"Nieto Garc\u00eda","sequence":"additional","affiliation":[],"role":[{"role":"author","vocabulary":"crossref"}]},{"given":"Gloria Esperanza","family":"Castellanos Garc\u00eda","sequence":"additional","affiliation":[],"role":[{"role":"author","vocabulary":"crossref"}]},{"given":"Gloria Isabel","family":"Vargas Hurtado","sequence":"additional","affiliation":[],"role":[{"role":"author","vocabulary":"crossref"}]},{"given":"Ingrid Alejandra","family":"Montenegro","sequence":"additional","affiliation":[],"role":[{"role":"author","vocabulary":"crossref"}]},{"given":"Iv\u00e1n David","family":"Aristiz\u00e1bal Murillo","sequence":"additional","affiliation":[],"role":[{"role":"author","vocabulary":"crossref"}]},{"given":"Iv\u00e1n Giovanni","family":"Quesada Bonilla","sequence":"additional","affiliation":[],"role":[{"role":"author","vocabulary":"crossref"}]},{"given":"Jeisson Tobias","family":"Rengifo Cuervo","sequence":"additional","affiliation":[],"role":[{"role":"author","vocabulary":"crossref"}]},{"given":"Juan Jos\u00e9","family":"Rengifo Cuervo","sequence":"additional","affiliation":[],"role":[{"role":"author","vocabulary":"crossref"}]},{"given":"Juan Manuel","family":"Aldana Porras","sequence":"additional","affiliation":[],"role":[{"role":"author","vocabulary":"crossref"}]},{"given":"Katherine","family":"Rivera Quintero","sequence":"additional","affiliation":[],"role":[{"role":"author","vocabulary":"crossref"}]},{"given":"Marcia Andrea","family":"Yucum\u00e1 Guzm\u00e1n","sequence":"additional","affiliation":[],"role":[{"role":"author","vocabulary":"crossref"}]},{"given":"Martha Yulieth","family":"Molina Parra","sequence":"additional","affiliation":[],"role":[{"role":"author","vocabulary":"crossref"}]},{"given":"Miguel Ram\u00f3n","family":"Gonz\u00e1les Borrego","sequence":"additional","affiliation":[],"role":[{"role":"author","vocabulary":"crossref"}]},{"given":"Nubia Katherine","family":"Rengifo Cuervo","sequence":"additional","affiliation":[],"role":[{"role":"author","vocabulary":"crossref"}]},{"given":"Olga Luc\u00eda","family":"Cifuentes Mu\u00f1oz","sequence":"additional","affiliation":[],"role":[{"role":"author","vocabulary":"crossref"}]},{"given":"Sandra Milena","family":"Guzm\u00e1n D\u00edaz","sequence":"additional","affiliation":[],"role":[{"role":"author","vocabulary":"crossref"}]},{"given":"Shyrley Roc\u00edo","family":"Vargas Paredes","sequence":"additional","affiliation":[],"role":[{"role":"author","vocabulary":"crossref"}]},{"given":"Zaida Ximena","family":"Alba Pinz\u00f3n","sequence":"additional","affiliation":[],"role":[{"role":"author","vocabulary":"crossref"}]}],"member":"9784","published-online":{"date-parts":[[2024]]},"link":[{"URL":"https:\/\/simeh.co\/resources\/ithenticate\/view\/a8111493ea1455b770c644b98d16ee2d","content-type":"unspecified","content-version":"vor","intended-application":"similarity-checking"}],"deposited":{"date-parts":[[2025,4,12]],"date-time":"2025-04-12T23:15:13Z","timestamp":1744499713000},"score":0.0,"resource":{"primary":{"URL":"https:\/\/libros.unad.edu.co\/index.php\/selloeditorial\/catalog\/book\/263"}},"issued":{"date-parts":[[2024]]},"ISBN":["9789586519915"],"references-count":0,"URL":"https:\/\/doi.org\/10.22490\/unad.9789586519915","published":{"date-parts":[[2024]]}},{"indexed":{"date-parts":[[2025,5,14]],"date-time":"2025-05-14T07:42:29Z","timestamp":1747208549743,"version":"3.40.5"},"reference-count":0,"publisher":"Universidad Nacional Abierta y a Distancia, UNAD","isbn-type":[{"type":"print","value":"9789586516327"}],"content-domain":{"domain":[],"crossmark-restriction":false},"DOI":"10.22490\/9789586516327.07","type":"book-chapter","created":{"date-parts":[[2019,10,1]],"date-time":"2019-10-01T13:37:15Z","timestamp":1569937035000},"page":"189-208","source":"Crossref","is-referenced-by-count":0,"title":["La contabilidad social en la organizaci\u00f3n del siglo xxi"],"prefix":"10.22490","author":[{"ORCID":"https:\/\/orcid.org\/0000-0003-1170-9296","authenticated-orcid":false,"given":"Julio Cesar","family":"Montoya Rend\u00f3n","sequence":"first","affiliation":[],"role":[{"role":"author","vocabulary":"crossref"}]},{"ORCID":"https:\/\/orcid.org\/0000-0001-8468-1867","authenticated-orcid":false,"given":"Martha Luc\u00eda","family":"Fuertes D\u00edaz","sequence":"additional","affiliation":[],"role":[{"role":"author","vocabulary":"crossref"}]}],"member":"9784","published-online":{"date-parts":[[2019,1]]},"container-title":["Oportunidades, necesidades y tendencias de la educaci\u00f3n contable en Colombia"],"deposited":{"date-parts":[[2022,5,31]],"date-time":"2022-05-31T14:57:10Z","timestamp":1654009030000},"score":0.0,"resource":{"primary":{"URL":"https:\/\/libros.unad.edu.co\/index.php\/selloeditorial\/catalog\/view\/120\/104\/579"}},"issued":{"date-parts":[[2019,1]]},"ISBN":["9789586516327"],"references-count":0,"URL":"https:\/\/doi.org\/10.22490\/9789586516327.07","published":{"date-parts":[[2019,1]]}},{"indexed":{"date-parts":[[2022,4,5]],"date-time":"2022-04-05T21:37:09Z","timestamp":1649194629230},"reference-count":0,"publisher":"Universidad Nacional Abierta y a Distancia","license":[{"start":{"date-parts":[[2015,10,22]],"date-time":"2015-10-22T00:00:00Z","timestamp":1445472000000},"content-version":"unspecified","delay-in-days":0,"URL":"http:\/\/creativecommons.org\/licenses\/by-nc-sa\/4.0"}],"content-domain":{"domain":[],"crossmark-restriction":false},"short-container-title":["Publ. investig."],"abstract":"<jats:p>Sin ninguna duda, el indetenible progreso de la inform\u00e1tica en pleno siglo XXI ha facilitado que la informaci\u00f3n se transforme en un insumo comercial para una gran cantidad de naciones alrededor del mundo y en un activo de gran valor que, bajo cualquier circunstancia, debe ser protegido para\u00a0 garantizar los elementos b\u00e1sicos de la seguridad: integridad, confidencialidad y disponibilidad. Las medidas convenientes para conseguir este objetivo pueden discriminarse desde muchos \u00e1mbitos o aspectos: administrativo, organizativo, f\u00edsico, t\u00e9cnico, legal, pedag\u00f3gico y jur\u00eddico. En este art\u00edculo se pretende dar a conocer algunos par\u00e1metros que se han estipulado internacionalmente con relaci\u00f3n a la seguridad inform\u00e1tica, espec\u00edficamente en lo que tiene que ver con la protecci\u00f3n de datos de los usuarios en organizaciones, con un determinado prop\u00f3sito. A partir de lo anterior, lo que se intenta es crear un tipo de cultura con respecto a fortalecerse en esta era de la informaci\u00f3n, e indagar por la existencia de pol\u00edticas de seguridad de la informaci\u00f3n ajustadas tanto a la legislaci\u00f3n nacional como internacional, alineadas en lo fundamentado en los distintos est\u00e1ndares que se han formulado para alcanzar tales fines. Existen mecanismos como la detecci\u00f3n y defensa contra virus e intrusiones o para conseguir confidencialidad basados en cifrado simple que se emplea para visualizar la perspectiva que en materia jur\u00eddica y legal se ha expandido por todo el globo terr\u00e1queo; este radica en los contenidos que proponen los decretos, leyes y enmiendas estipulados como mecanismos de regulaci\u00f3n en asuntos relacionados con dicha contextualizaci\u00f3n.<\/jats:p>","DOI":"10.22490\/25394088.1441","type":"journal-article","created":{"date-parts":[[2017,5,24]],"date-time":"2017-05-24T20:36:43Z","timestamp":1495658203000},"page":"153","source":"Crossref","is-referenced-by-count":1,"title":["Seguridad inform\u00e1tica en el siglo xx : una perspectiva jur\u00eddica tecnol\u00f3gica enfocada hacia las organizaciones nacionales y mundiales"],"prefix":"10.22490","volume":"9","author":[{"given":"Juan Jos\u00e9","family":"Candelario Samper","sequence":"first","affiliation":[],"role":[{"role":"author","vocabulary":"crossref"}]},{"given":"Mois\u00e9s","family":"Rodr\u00edguez Bola\u00f1o","sequence":"additional","affiliation":[],"role":[{"role":"author","vocabulary":"crossref"}]}],"member":"9784","published-online":{"date-parts":[[2015,10,22]]},"container-title":["Publicaciones e Investigaci\u00f3n"],"link":[{"URL":"http:\/\/hemeroteca.unad.edu.co\/index.php\/publicaciones-e-investigacion\/article\/viewFile\/1441\/1760","content-type":"application\/pdf","content-version":"vor","intended-application":"text-mining"},{"URL":"http:\/\/hemeroteca.unad.edu.co\/index.php\/publicaciones-e-investigacion\/article\/viewFile\/1441\/1880","content-type":"text\/html","content-version":"vor","intended-application":"text-mining"}],"deposited":{"date-parts":[[2017,5,24]],"date-time":"2017-05-24T20:37:01Z","timestamp":1495658221000},"score":0.0,"resource":{"primary":{"URL":"http:\/\/hemeroteca.unad.edu.co\/index.php\/publicaciones-e-investigacion\/article\/view\/1441"}},"issued":{"date-parts":[[2015,10,22]]},"references-count":0,"URL":"https:\/\/doi.org\/10.22490\/25394088.1441","ISSN":["2539-4088","1900-6608"],"issn-type":[{"value":"2539-4088","type":"electronic"},{"value":"1900-6608","type":"print"}],"published":{"date-parts":[[2015,10,22]]}},{"indexed":{"date-parts":[[2025,5,14]],"date-time":"2025-05-14T07:42:44Z","timestamp":1747208564986,"version":"3.40.5"},"reference-count":0,"publisher":"Universidad Nacional Abierta y a Distancia- UNAD","content-domain":{"domain":[],"crossmark-restriction":false},"abstract":"<jats:p>La presente investigaci\u00f3n tiene como prop\u00f3sito el dise\u00f1o de un sistema de costos por procesos, a fin de determinar el costo real de producci\u00f3n en la empresa Mangueras de Colombia S.A.S, la cual se dedica a la fabricaci\u00f3n y comercializaci\u00f3n de manguera bicolor que es utilizada en riegos y acueductos rurales, utilizando como materia prima el pl\u00e1stico de baja densidad recuperado.  Esta investigaci\u00f3n emplea para su desarrollo una metodolog\u00eda de car\u00e1cter deductivo bajo el paradigma cuantitativo y un enfoque emp\u00edrico\u2013 anal\u00edtico en coherencia con esto se dise\u00f1aron unas encuestas teniendo en cuenta las premisas de la contabilidad de costos las cuales fueron aplicadas a la gerencia y colaboradores, obteniendo resultados parciales que ratifican que en la actualidad la empresa de Mangueras de Colombia S.A.S no conoce el costo real de producci\u00f3n puesto que se ha venido manejando de manera emp\u00edrica, con el dise\u00f1o del sistema de costos se pretende demostrar que con un control permanente de los recursos que influyen en el proceso productivo se puede lograr un adecuado manejo de los recurso y determinar de manera efectiva el costos unitarios de producci\u00f3n.  Como consecuencia de lo anterior este proyecto permitir\u00e1 el mejoramiento de las pol\u00edticas de mercadeo y administrativas propendiendo por alcanzar el buen funcionamiento y sostenibilidad de la empresa.<\/jats:p>","DOI":"10.22490\/ecacen.6311","type":"report","created":{"date-parts":[[2022,11,30]],"date-time":"2022-11-30T16:30:50Z","timestamp":1669825850000},"source":"Crossref","is-referenced-by-count":0,"title":["Dise\u00f1o de un modelo de sistema de costos por procesos en la empresa de Mangueras de Colombia S.A.S."],"prefix":"10.22490","author":[{"ORCID":"https:\/\/orcid.org\/0000-0002-1415-302X","authenticated-orcid":false,"given":"Martha Isabel","family":"Garc\u00eda","sequence":"first","affiliation":[],"role":[{"role":"author","vocabulary":"crossref"}]},{"ORCID":"https:\/\/orcid.org\/0000-0001-6993-3640","authenticated-orcid":false,"given":"Cielo Yamileth","family":"Collazos","sequence":"additional","affiliation":[],"role":[{"role":"author","vocabulary":"crossref"}]},{"ORCID":"https:\/\/orcid.org\/0000-0003-0676-8128","authenticated-orcid":false,"given":"Concepci\u00f3n","family":"Barreda","sequence":"additional","affiliation":[],"role":[{"role":"author","vocabulary":"crossref"}]},{"ORCID":"https:\/\/orcid.org\/0000-0003-2532-600X","authenticated-orcid":false,"given":"William","family":"Realpe Mart\u00ednez","sequence":"additional","affiliation":[],"role":[{"role":"author","vocabulary":"crossref"}]}],"member":"9784","published-online":{"date-parts":[[2022,10,10]]},"deposited":{"date-parts":[[2022,11,30]],"date-time":"2022-11-30T16:30:52Z","timestamp":1669825852000},"score":0.0,"resource":{"primary":{"URL":"https:\/\/hemeroteca.unad.edu.co\/index.php\/working\/article\/view\/6311"}},"issued":{"date-parts":[[2022,10,10]]},"references-count":0,"URL":"https:\/\/doi.org\/10.22490\/ecacen.6311","published":{"date-parts":[[2022,10,10]]}},{"indexed":{"date-parts":[[2025,11,13]],"date-time":"2025-11-13T16:23:54Z","timestamp":1763051034848,"version":"3.45.0"},"reference-count":0,"publisher":"Sello Editorial UNAD","isbn-type":[{"type":"electronic","value":"9786287786615"}],"content-domain":{"domain":[],"crossmark-restriction":false},"published-print":{"date-parts":[[2025]]},"abstract":"<jats:p\/>","DOI":"10.22490\/unad.9786287786615.13","type":"book-chapter","created":{"date-parts":[[2025,11,13]],"date-time":"2025-11-13T16:15:09Z","timestamp":1763050509000},"page":"219-238","source":"Crossref","is-referenced-by-count":0,"title":["Cap\u00edtulo 13 | Desaf\u00edos y oportunidades que transforman el emprendimiento en la regi\u00f3n caribe colombiana con tecnolog\u00edas emergentes"],"prefix":"10.22490","author":[{"given":"Dianis","family":"Bracho Ram\u00edrez","sequence":"first","affiliation":[],"role":[{"role":"author","vocabulary":"crossref"}]}],"member":"9784","container-title":["Cultura organizacional desde la \u00e9tica y la tecnolog\u00eda"],"deposited":{"date-parts":[[2025,11,13]],"date-time":"2025-11-13T16:20:16Z","timestamp":1763050816000},"score":0.0,"resource":{"primary":{"URL":"https:\/\/libros.unad.edu.co\/index.php\/selloeditorial\/catalog\/view\/311\/363\/7497"}},"issued":{"date-parts":[[2025]]},"ISBN":["9786287786615"],"references-count":0,"URL":"https:\/\/doi.org\/10.22490\/unad.9786287786615.13","published":{"date-parts":[[2025]]}},{"indexed":{"date-parts":[[2025,4,7]],"date-time":"2025-04-07T19:48:31Z","timestamp":1744055311384},"reference-count":0,"publisher":"Universidad Nacional Abierta y a Distancia","issue":"36","content-domain":{"domain":[],"crossmark-restriction":false},"short-container-title":["nova"],"abstract":"<jats:p>Introducci\u00f3n. La conjuntivitis bacteriana es una de las infecciones oculares con mayor tasa de consulta oft\u00e1lmica, siendo el g\u00e9nero Staphylococcus el agente etiol\u00f3gico que presenta mayor resistencia a los antibi\u00f3ticos. Objetivo. Determinar el potencial antimicrobiano de extractos de plantas medicinales y sus mezclas frente a bacterias asociadas con conjuntivitis. M\u00e9todos. A partir de plantas como Belladona, Cal\u00e9ndula, Albahaca, Achiote y Romerillo se prepararon los extractos etan\u00f3licos y se evalu\u00f3 su potencial antibacteriano frente a S. aureus y S. epidermidis, mediante las t\u00e9cnicas de difusi\u00f3n en disco y diluci\u00f3n en tubo. El efecto de las mezclas se determin\u00f3 para el extracto con mejor actividad y el antibi\u00f3tico con mayor halo de inhibici\u00f3n a trav\u00e9s de la t\u00e9cnica de tablero. Resultados. Se encontr\u00f3 que el extracto con mayor potencial para S. aureus fue el de achiote (hojas) con un halo de inhibici\u00f3n de 13 mm y CMIs de 15 mg\/mL, mientras que para S. epidermidis fueron los de hojas y frutos de achiote con halos de 16,6 y 9,6 mm y CMIs de 15 y 30 mg\/mL respectivamente. En relaci\u00f3n con las combinaciones, el extracto de achiote y ciprofloxacina mostr\u00f3 un efecto de sinergia parcial para S. aureus con una CFI de 0,83 y un efecto aditivo para S. epidermidis con una CFI de 1,84. Conclusiones. Este trabajo se constituye en la base de futuras investigaciones orientadas hacia el desarrollo de bioproductos de uso ocular que puedan ser considerados como alternativa en el tratamiento de infecciones causadas por Staphylococcus.<\/jats:p>","DOI":"10.22490\/24629448.5294","type":"journal-article","created":{"date-parts":[[2021,12,21]],"date-time":"2021-12-21T16:53:27Z","timestamp":1640105607000},"page":"95-108","source":"Crossref","is-referenced-by-count":4,"title":["Potencial antimicrobiano de extractos de plantas medicinales y sus mezclas frente a bacterias asociadas con conjuntivitis"],"prefix":"10.22490","volume":"19","author":[{"given":"Wendy Johanna","family":"Velasco Garcia","sequence":"first","affiliation":[],"role":[{"role":"author","vocabulary":"crossref"}]},{"given":"Ludy C.","family":"Pab\u00f3n Baquero","sequence":"additional","affiliation":[],"role":[{"role":"author","vocabulary":"crossref"}]},{"given":"Patricia","family":"Hern\u00e1ndez-Rodr\u00edguez","sequence":"additional","affiliation":[],"role":[{"role":"author","vocabulary":"crossref"}]}],"member":"9784","published-online":{"date-parts":[[2021,9,20]]},"container-title":["Nova"],"link":[{"URL":"https:\/\/hemeroteca.unad.edu.co\/index.php\/nova\/article\/download\/5294\/5085","content-type":"application\/pdf","content-version":"vor","intended-application":"text-mining"},{"URL":"https:\/\/hemeroteca.unad.edu.co\/index.php\/nova\/article\/download\/5294\/5085","content-type":"unspecified","content-version":"vor","intended-application":"similarity-checking"}],"deposited":{"date-parts":[[2023,12,10]],"date-time":"2023-12-10T20:07:50Z","timestamp":1702238870000},"score":0.0,"resource":{"primary":{"URL":"https:\/\/hemeroteca.unad.edu.co\/index.php\/nova\/article\/view\/5294"}},"issued":{"date-parts":[[2021,9,20]]},"references-count":0,"journal-issue":{"issue":"36","published-online":{"date-parts":[[2021,8,24]]}},"URL":"https:\/\/doi.org\/10.22490\/24629448.5294","ISSN":["2462-9448","1794-2470"],"issn-type":[{"value":"2462-9448","type":"electronic"},{"value":"1794-2470","type":"print"}],"published":{"date-parts":[[2021,9,20]]}},{"indexed":{"date-parts":[[2025,6,8]],"date-time":"2025-06-08T18:10:05Z","timestamp":1749406205076,"version":"3.41.0"},"reference-count":0,"publisher":"Universidad Nacional Abierta y a Distancia","issue":"42","license":[{"start":{"date-parts":[[2024,6,22]],"date-time":"2024-06-22T00:00:00Z","timestamp":1719014400000},"content-version":"unspecified","delay-in-days":0,"URL":"https:\/\/creativecommons.org\/licenses\/by-nc-nd\/4.0"}],"content-domain":{"domain":[],"crossmark-restriction":false},"short-container-title":["NOVA"],"abstract":"<jats:p>Introducci\u00f3n: En el \u00e1mbito deportivo, la estabilidad central es crucial para mantener el equilibrio durante la ejecuci\u00f3n de movimientos espec\u00edficos. Pocos estudios han determinado la relaci\u00f3n entre rendimiento deportivo, estabilidad y actividad muscular. Objetivo: Explorar la relaci\u00f3n entre consumo m\u00e1ximo de ox\u00edgeno y factores como la actividad el\u00e9ctrica de los m\u00fasculos del core, la composici\u00f3n corporal y la estabilidad central en deportistas universitarios. Materiales y M\u00e9todos: Estudio descriptivo y correlacional de corte transversal con deportistas de catorce disciplinas deportivas. Se midieron cinco variables, incluyendo la amplitud m\u00e1xima de electromiograf\u00eda de los m\u00fasculos del core, el \u00e1rea de estabilidad est\u00e1tica y din\u00e1mica y el porcentaje de peso muscular. Se utilizaron instrumentos como sensores inal\u00e1mbricos superficiales electromiograficos, sensores inerciales 3D y equipo de ergoespirometr\u00eda.Se us\u00f3 el software Jamovi v 2.3.28.0 para el c\u00e1lculo de las variables. Resultados: Hubo correlaci\u00f3n significativa y positiva entre el porcentaje de peso muscular, la amplitud y el consumo m\u00e1ximos de ox\u00edgeno. Al discriminar por disciplina deportiva, se encontraron diferencias en las variables estudiadas. Se observ\u00f3 correlaci\u00f3n positiva y significativa entre la amplitud m\u00e1xima y el porcentaje muscular en todos los deportes, exceptuando el f\u00fatbol y el s\u00f3ftbol. En rugby, se vio una correlaci\u00f3n positiva y significativa entre el porcentaje muscular y el consumo m\u00e1ximo de ox\u00edgeno. No hubo correlaci\u00f3n entre la amplitud del voltaje y la estabilidad en deportistas, lo que muestra que la estabilidad deportiva es m\u00e1s compleja que simplemente centrarse en el core.Conclusi\u00f3n: El estudio redefine la comprensi\u00f3n de la estabilidad y su conexi\u00f3n con el rendimiento deportivo, brindando perspectivas para desarrollar estrategias de entrenamiento efectivas. Es necesario considerar la composici\u00f3n corporal en la evaluaci\u00f3n y planificaci\u00f3n del entrenamiento para lograr entrenamientos m\u00e1s efectivos.<\/jats:p>","DOI":"10.22490\/24629448.8185","type":"journal-article","created":{"date-parts":[[2024,6,26]],"date-time":"2024-06-26T21:18:27Z","timestamp":1719436707000},"source":"Crossref","is-referenced-by-count":0,"title":["Evaluaci\u00f3n integral de la estabilidad muscular y su v\u00ednculo con el VO2max y la composici\u00f3n corporal en deportistas universitarios","Comprehensive evaluation of muscular stability and its link to VO2max and body composition in university athletes"],"prefix":"10.22490","volume":"22","author":[{"ORCID":"https:\/\/orcid.org\/0009-0003-9255-7083","authenticated-orcid":false,"given":"Orlando Santiago","family":"Moreno-Barriga","sequence":"first","affiliation":[],"role":[{"role":"author","vocabulary":"crossref"}]},{"ORCID":"https:\/\/orcid.org\/0000-0003-3649-5079","authenticated-orcid":false,"given":"Jorge Homero","family":"Wilches-Visbal","sequence":"additional","affiliation":[],"role":[{"role":"author","vocabulary":"crossref"}]},{"ORCID":"https:\/\/orcid.org\/0009-0001-8546-0879","authenticated-orcid":false,"given":"Aura Margarita","family":"Polo-Llanos","sequence":"additional","affiliation":[],"role":[{"role":"author","vocabulary":"crossref"}]},{"ORCID":"https:\/\/orcid.org\/0009-0001-7086-0909","authenticated-orcid":false,"given":"Pedro Luis","family":"Antequera-Lobo","sequence":"additional","affiliation":[],"role":[{"role":"author","vocabulary":"crossref"}]},{"ORCID":"https:\/\/orcid.org\/0009-0008-6551-6573","authenticated-orcid":false,"given":"Diego Alejandro","family":"Ayala-Oviedo","sequence":"additional","affiliation":[],"role":[{"role":"author","vocabulary":"crossref"}]}],"member":"9784","published-online":{"date-parts":[[2024,6,22]]},"container-title":["Revista Nova publicaci\u00f3n cient\u00edfica en ciencias biom\u00e9dicas"],"link":[{"URL":"https:\/\/hemeroteca.unad.edu.co\/index.php\/nova\/article\/download\/8185\/7058","content-type":"application\/pdf","content-version":"vor","intended-application":"text-mining"},{"URL":"https:\/\/hemeroteca.unad.edu.co\/index.php\/nova\/article\/download\/8185\/7058","content-type":"unspecified","content-version":"vor","intended-application":"similarity-checking"}],"deposited":{"date-parts":[[2025,6,8]],"date-time":"2025-06-08T17:57:45Z","timestamp":1749405465000},"score":0.0,"resource":{"primary":{"URL":"https:\/\/hemeroteca.unad.edu.co\/index.php\/nova\/article\/view\/8185"}},"issued":{"date-parts":[[2024,6,22]]},"references-count":0,"journal-issue":{"issue":"42","published-online":{"date-parts":[[2024,6,22]]}},"URL":"https:\/\/doi.org\/10.22490\/24629448.8185","ISSN":["2462-9448","1794-2470"],"issn-type":[{"type":"electronic","value":"2462-9448"},{"type":"print","value":"1794-2470"}],"published":{"date-parts":[[2024,6,22]]}},{"indexed":{"date-parts":[[2025,5,14]],"date-time":"2025-05-14T07:42:42Z","timestamp":1747208562336,"version":"3.40.5"},"reference-count":0,"publisher":"Universidad Nacional Abierta y a Distancia","isbn-type":[{"type":"print","value":"9789586519250"}],"content-domain":{"domain":[],"crossmark-restriction":false},"abstract":"<jats:p>Esta investigaci\u00f3n contribuye al fortalecimiento organizacional desde la formulaci\u00f3n del plan estrat\u00e9gico y prospectivo para el sector l\u00e1cteo del municipio de Ci\u00e9naga, departamento de Boyac\u00e1, a partir de la metodolog\u00eda de la prospectiva estrat\u00e9gica, desde las fases de estado del arte y vigilancia tecnol\u00f3gica del sector l\u00e1cteo, as\u00ed como la identificaci\u00f3n de los factores de cambio y an\u00e1lisis estructural con el m\u00e9todo Mic-mac, el an\u00e1lisis de juego de actores Mactor, hacia el dise\u00f1o de escenarios, seg\u00fan la metodolog\u00eda de cruz de ejes de Peter Schwartz, para la formulaci\u00f3n de estrategias y planes de acci\u00f3n (Mojica, 2008).La necesidad primordial del sector es el direccionamiento estrat\u00e9gico orientado a hacer  frente  a  los  escenarios  de  pandemia,  as\u00ed  como  el  potencial  de  crecimiento  del sector l\u00e1cteo, lo cual genera retos y oportunidades, altamente aprovechables, por  medio  de  la  aplicaci\u00f3n  del  m\u00e9todo  Delphi,  dirigido  a  expertos,  as\u00ed  como  de  la  aplicaci\u00f3n  de  los  m\u00e9todos  Micmac  y  Mactor  de  la  caja  de  herramientas  de  la  prospectiva estrat\u00e9gica. Godet y Durance (2007), en la b\u00fasqueda de resultados de direccionamiento estrat\u00e9gico del sector, para aprovechar oportunidades a trav\u00e9s de la formulaci\u00f3n de acciones tendientes al mejoramiento de la situaci\u00f3n actual. Los resultados se orientan hacia el planteamiento de escenarios de futuro y la formulaci\u00f3n  del  plan  estrat\u00e9gico  para  alcanzar  dichos  escenarios  a  2030,  por  medio  del  an\u00e1lisis  DOFA,  el  m\u00e9todo  de  calidad  de  Kaoru  Ishikawa,  el  m\u00e9todo  Kaizen y la aplicaci\u00f3n de las cinco fuerzas de Michael Porter, que demuestra un importante  alcance,  debido  a  las  grandes  fortalezas  y  oportunidades  con  que  cuenta el sector l\u00e1cteo en la regi\u00f3n. Se evidencia que el sector cuenta con una t\u00e9cnica y un mercado s\u00f3lido en la regi\u00f3n, de comercializaci\u00f3n; la tecnolog\u00eda utilizada es competente para jalonar su proceso productivo de manera pertinente, pero  a\u00fan  existe  resistencia  al  cambio,  pues  el  proceso  administrativo,  aunque  cuenta con recorrido, no se rige por una planeaci\u00f3n que responda a proyecciones de corto, mediano y largo plazo, el cual debe ser ajustado a las propuestas de la presente investigaci\u00f3n.<\/jats:p>","DOI":"10.22490\/9789586519250.14","type":"book-chapter","created":{"date-parts":[[2024,2,1]],"date-time":"2024-02-01T18:56:59Z","timestamp":1706813819000},"page":"233-254","source":"Crossref","is-referenced-by-count":0,"title":["Estudio prospectivo para el sector l\u00e1cteo del municipio de Ci\u00e9naga, Departamento de Boyac\u00e1"],"prefix":"10.22490","author":[{"ORCID":"https:\/\/orcid.org\/0000-0002-9329-0777","authenticated-orcid":false,"given":"Alicia Cristina","family":"Silva Calpa","sequence":"first","affiliation":[],"role":[{"role":"author","vocabulary":"crossref"}]},{"ORCID":"https:\/\/orcid.org\/0000-0003-0352-9981","authenticated-orcid":false,"given":"Carlos Rub\u00e9n","family":"Trejos Moncayo","sequence":"additional","affiliation":[],"role":[{"role":"author","vocabulary":"crossref"}]},{"given":"Sandra Magaly","family":"D\u00edaz Pineda","sequence":"additional","affiliation":[],"role":[{"role":"author","vocabulary":"crossref"}]}],"member":"9784","published-online":{"date-parts":[[2023,10]]},"container-title":["Transformaci\u00f3n socioecon\u00f3mica desde los escenarios sustentables en la nueva normalidad"],"deposited":{"date-parts":[[2024,2,19]],"date-time":"2024-02-19T21:23:29Z","timestamp":1708377809000},"score":0.0,"resource":{"primary":{"URL":"https:\/\/libros.unad.edu.co\/index.php\/selloeditorial\/catalog\/view\/223\/197\/3923"}},"issued":{"date-parts":[[2023,10]]},"ISBN":["9789586519250"],"references-count":0,"URL":"https:\/\/doi.org\/10.22490\/9789586519250.14","published":{"date-parts":[[2023,10]]}},{"indexed":{"date-parts":[[2025,2,21]],"date-time":"2025-02-21T01:34:42Z","timestamp":1740101682016,"version":"3.37.3"},"reference-count":33,"publisher":"Universidad Nacional Abierta y a Distancia- UNAD","content-domain":{"domain":[],"crossmark-restriction":false},"abstract":"<jats:p>Antecedentes: En la actualidad, existe una constante demanda de alimentos que puedan sustituir a los tradicionalmente utilizados (soja y ma\u00edz) en el mercado en la nutrici\u00f3n de los animales de granja. As\u00ed, se han realizado varios estudios, explorando alimentos alternativos. Uno de estos alimentos es el fruto de la palma babas\u00fa, que genera varios subproductos con potencial uso en la alimentaci\u00f3n de rumiantes. Vac\u00edo de conocimiento: Existe la necesidad de un mayor n\u00famero de informaciones en relaci\u00f3n con la composici\u00f3n y los efectos biol\u00f3gicos de subproductos derivados de la fruta de babas\u00fa en la nutrici\u00f3n de los rumiantes. Prop\u00f3sito: El presente estudio tuvo como objetivo revisar la literatura con el fin de presentar hallazgos relacionados con los efectos de la inclusi\u00f3n de subproductos del fruto del babas\u00fa sobre los par\u00e1metros ruminales y el comportamiento ingestivo de ovinos, as\u00ed como la calidad de la leche y la carne en bovinos. Metodolog\u00eda: Se realiz\u00f3 una revisi\u00f3n bibliogr\u00e1fica, resumiendo las principales referencias con relaci\u00f3n a los efectos de la inclusi\u00f3n de subproductos del fruto del babas\u00fa sobre la nutrici\u00f3n de ovinos y calidad de producto derivados de bovinos. Resultados y conclusiones: La revisi\u00f3n revel\u00f3 que los subproductos del babas\u00fa tienen caracter\u00edsticas nutricionales compatibles con los alimentos utilizados convencionalmente en la nutrici\u00f3n de rumiantes. El subproducto de babas\u00fa m\u00e1s abundante en los estudios encontrados fue la HMB (harina de mesocarpio de babas\u00fa), un subproducto rico en almid\u00f3n y ampliamente utilizado en la nutrici\u00f3n de ovinos y bovinos. La presente revisi\u00f3n tambi\u00e9n revel\u00f3 que la inclusi\u00f3n de subproductos de babas\u00fa debe hacerse con precauci\u00f3n en las dietas de los rumiantes, y que estos pueden conferir caracter\u00edsticas deseables en la carne y la leche del ganado.<\/jats:p>","DOI":"10.22490\/ecapma.6147","type":"report","created":{"date-parts":[[2023,4,11]],"date-time":"2023-04-11T19:46:47Z","timestamp":1681242407000},"source":"Crossref","is-referenced-by-count":0,"title":["Efectos de la inclusi\u00f3n diet\u00e9tica de subproductos de babas\u00fa sobre el metabolismo ruminal de ovinos y sobre la composici\u00f3n qu\u00edmica de la leche y la carne producidas por bovinos: una breve visi\u00f3n general en el contexto brasilero"],"prefix":"10.22490","author":[{"given":"Hanita Garibalde","family":"Silva de Souza","sequence":"first","affiliation":[],"role":[{"role":"author","vocabulary":"crossref"}]},{"given":"Juli\u00e1n Andr\u00e9s","family":"Castillo Vargas","sequence":"additional","affiliation":[],"role":[{"role":"author","vocabulary":"crossref"}]}],"member":"9784","published-online":{"date-parts":[[2023,3,31]]},"reference":[{"key":"ref0","unstructured":"Cavalcante, E. O. (2018). Fontes de carboidratos associado a\u0300 ureia em substituic\u0327a\u0303o ao farelo de soja na alimentac\u0327a\u0303o de caprinos e ovinos. Disserta\u00e7\u00e3o de mestrado. Universidade Federal Rural de Pernanbuco. Recife, Pernanbuco, Brasil. Dispon\u00edvel em: http:\/\/ppgz.ufrpe.br\/sites\/default\/files\/testes-dissertacoes\/edwilka_oliveira_cavalcante.pdf"},{"key":"ref1","doi-asserted-by":"publisher","unstructured":"Castro, \u00cd. R. R., Maciel, D. L., Vargas, J. A. C., Gomes, D. I., Maciel, R. P., Mezzomo, R., Gama, M. A. S., Oliveira, L.R.S, Galv\u00e3o, L.T.O., Silva-Pereira, K. & Alves, K. S. (2021). Nutrient utilization, performance, and milk fatty acid composition of grazing cows fed supplements with babassu coconut. Tropical Animal Health and Production, 53(4), 1-13. https:\/\/doi.org\/10.1007\/s11250-021-02869-y","DOI":"10.1007\/s11250-021-02869-y"},{"key":"ref2","doi-asserted-by":"publisher","unstructured":"Castro, G. C., Campelo, J. E. G., Santos, G. M., Sarmento, J. L. R., Carvalho, M. D. F., Carvalho, C. M. R. G. (2020). Aproveitamento integral do coco baba\u00e7u como estrat\u00e9gia de educa\u00e7\u00e3o e desenvolvimento social sustent\u00e1vel. Revista Extens\u00e3o em Foco. 21, 156-164. http:\/\/dx.doi.org\/10.5380\/ef.v0i20","DOI":"10.5380\/ef.v0i20"},{"key":"ref3","unstructured":"Carrazza, L. R., \u00c1vila, J. C. C., & Silva, M. L. D. (2012). Manual tecnol\u00f3gico de aproveitamento integral do fruto e da folha do Baba\u00e7u. Bras\u00edlia - DF. Instituto Sociedade, Popula\u00e7\u00e3o e Natureza (ISPN). Brasil."},{"key":"ref4","doi-asserted-by":"publisher","unstructured":"Cruz, R. S., Alexandrino, E., Missio, R. L., Neiva, J. N. M., Restle, J., Melo, J. C., Paula-Neto, J. J., Silva, D. P. & Duarte, T. D. & Silva, A. A. M. (2015). Caracter\u00edsticas das carca\u00e7as e carne de tourinhos Nelore alimentados com n\u00edveis de concentrado e farelo do mesocarpo de baba\u00e7u. Arquivo Brasileiro de Medicina Veterin\u00e1ria e Zootecnia, 67, 299-308. http:\/\/dx.doi.org\/10.1590\/1678-6433","DOI":"10.1590\/1678-6433"},{"key":"ref5","doi-asserted-by":"publisher","unstructured":"Demirg\u00f6z, D., Elvira, C., Mano, J. F., Cunha, A. M., Piskin, E., & Reis, R. L. (2000). Chemical modification of starch based biodegradable polymeric blends: effects on water uptake, degradation behaviour and mechanical properties. Polymer degradation and stability, 70(2), 161-170. https:\/\/doi.org\/10.1016\/S0141-3910(00)00102-6","DOI":"10.1016\/S0141-3910(00)00102-6"},{"key":"ref6","unstructured":"Embrapa (1984). Baba\u00e7u - Programa Nacional de Pesquisa Bras\u00edlia: EMBRAPA. 100pp. Dispon\u00edvel em: https:\/\/ainfo.cnptia.embrapa.br\/digital\/bitstream\/item\/35873\/1\/Doc2.pdf"},{"key":"ref7","doi-asserted-by":"publisher","unstructured":"Freitas, M. A. G. D., Siquiera, G. B., & Siquiera, F. L. T. (2014). Avalia\u00e7\u00e3o do uso do res\u00edduo farelo de baba\u00e7u (Orbignya sp) na alimenta\u00e7\u00e3o de ruminantes. Intera\u00e7\u00f5es (Campo Grande), 15, 59-70. https:\/\/doi.org\/10.1590\/S1518-70122014000100006","DOI":"10.1590\/S1518-70122014000100006"},{"key":"ref8","doi-asserted-by":"publisher","unstructured":"Fuentes, N. R., Mlih, M., Barhoumi, R., Fan, Y. Y., Hardin, P., Steele, T. J., Behmer, S., Prior, I. A., Karpac, J. & Chapkin, R. S. (2018). Long-Chain n-3 Fatty Acids Attenuate Oncogenic KRas-Driven Proliferation by Altering Plasma Membrane Nanoscale Proteolipid Composition. Cancer Research, 78 (14), 3899-3912. https:\/\/doi.org\/10.1158\/0008-5472.CAN-18-0324","DOI":"10.1158\/0008-5472.CAN-18-0324"},{"key":"ref9","doi-asserted-by":"publisher","unstructured":"Gonz\u00e1lez-P\u00e9rez, S. E., Coelho-Ferreira, M., Robert, P. D., & Garc\u00e9s, C. L. L. (2012). Conhecimento e usos do baba\u00e7u (Attalea speciosa Mart. e Attalea eichleri (Drude) AJ Hend.) entre os Meb\u00eang\u00f4kre-Kayap\u00f3 da Terra Ind\u00edgena Las Casas, estado do Par\u00e1, Brasil. Acta Botanica Brasilica, 26, 295-308. https:\/\/doi.org\/10.1590\/S0102-33062012000200007","DOI":"10.1590\/S0102-33062012000200007"},{"key":"ref10","unstructured":"Guimar\u00e3es, C. (2010). Valor nutritivo da silagem de capim momba\u00e7a (Panicum maximum) com n\u00edveis crescentes de adi\u00e7\u00e3o do farelo do mesocarpo do baba\u00e7u (Orbignya sp). Disserta\u00e7\u00e3o de mestrado. Universidade Federal do Tocantins, Aragua\u00edna, Tocantins, Brasil."},{"key":"ref11","unstructured":"Lorenzi, H., Noblick, L. R. Kahn, F., Ferreira, E. (2010). Flora Brasileira: Arecaceae (palmeiras). Nova Odessa, SP: Instituto Plantarum."},{"key":"ref12","doi-asserted-by":"publisher","unstructured":"Maciel, D. L., Vargas, J. A. C., Mezzomo, R. Gama, M. A. S., Leite, L. C., Castro, I. R. R., Oliveira, L. R. S., Farias, M. L. C., Luz, W. B. S., & Alves, K. S. (2022). Physicochemical, nutritional, and sensory attributes of Minas frescal cheese from grazing cows fed a supplement containing different levels of babassu coconut (Orbignya speciosa). International Dairy Journal, 127, 105176. https:\/\/doi.org\/10.1016\/j.idairyj.2021.105176","DOI":"10.1016\/j.idairyj.2021.105176"},{"key":"ref13","unstructured":"Melo, H. T. (2021). Uso de subprodutos na nutri\u00e7\u00e3o animal. Trabalho de conclus\u00e3o do curso de zootecnia. Pontifi\u0301cia Universidade Cato\u0301lica De Goia\u0301s, Goi\u00e2nia, Goi\u00e1s, Brasil. Dispon\u00edvel em: https:\/\/repositorio.pucgoias.edu.br\/jspui\/bitstream\/123456789\/3344\/1\/TCC%20HENRIQUE%2014-12.pdf"},{"key":"ref14","unstructured":"Meneghetti, C. C. & Domingues, J. L. (2008). Caracter\u00edsticas nutricionais e uso de subprodutos da agroindu\u0301stria na alimenta\u00e7\u00e3o de bovinos. Revista Eletro\u0302nica Nutritime. 5(2): 512-536."},{"key":"ref15","doi-asserted-by":"publisher","unstructured":"Miotto, F. R. C., Restle, J., Neiva, J. N. M., Maciel, R. P., & Fernandes, J. J. D. R. (2012a). Consumo e digestibilidade de dietas contendo n\u00edveis de farelo do mesocarpo de baba\u00e7u para ovinos. Revista Ci\u00eancia Agron\u00f4mica, 43, 792-801.","DOI":"10.1590\/S1806-66902012000400022"},{"key":"ref16","doi-asserted-by":"publisher","unstructured":"Miotto, F. R. C., Restle J., Neiva, J. N. M., Resende, P. L. D. P., Lage, M. E., Prado, C. S., Padua, J. T. & Ara\u00fajo, V. L. D. (2012b). Farelo de mesocarpo de baba\u00e7u (Orbygnia sp.) na termina\u00e7\u00e3o de bovinos: composi\u00e7\u00e3o f\u00edsica da carca\u00e7a e qualidade da carne. Ci\u00eancia Rural, 42, 1271-1277. https:\/\/doi.org\/10.1590\/S0103-84782012005000041","DOI":"10.1590\/S0103-84782012005000041"},{"key":"ref17","unstructured":"National Research Council. (1985). Nutrient requirements of sheep (Vol. 5). National Academies Press."},{"key":"ref18","unstructured":"Nascimento, T. L. D. (2019). Composi\u00e7\u00e3o qu\u00edmica do queijo minas frescal oriundo de vacas alimentadas a pasto recebendo suplementos com ou sem baba\u00e7u (Orbignya speciosa). Trabalho de conclus\u00e3o do curso de zootecnia. Universidade Federal Rural da Amaz\u00f4nia, Parauapebas, Par\u00e1, Brasil."},{"key":"ref19","unstructured":"Nascimento, U. S. (2004). Carv\u00e3o de baba\u00e7u como fonte t\u00e9rmica para sistema de refrigera\u00e7\u00e3o por absor\u00e7\u00e3o no estado do Maranh\u00e3o. Disserta\u00e7\u00e3o de mestrado. Universidade Estadual de Campinas (UNICAMP), Campinas, S\u00e3o Paulo, Brasil."},{"key":"ref20","unstructured":"Pascoal, L. A. F., Bezerra, A. P. A., & Gon\u00e7alves, J. S. (2006). Farelo de baba\u00e7u: valor nutritivo e utiliza\u00e7\u00e3o na alimenta\u00e7\u00e3o animal. Revista Eletr\u00f4nica Nutritime, 3(4), 339-345. Dispon\u00edvel em: https:\/\/nutritime.com.br\/artigo-034-farelo-de-babacu-valor-nutritivo-e-utilizacao-na-alimentacao-animal\/"},{"key":"ref21","unstructured":"Rocha, Y. C. N., Junior, R. M. L. (2016). Potencial para o desenvolvimento da cadeia produtiva do baba\u00e7u - uma revis\u00e3o liter\u00e1ria. XXXVI Encontro nacional de engenharia de produ\u00e7\u00e3o. Contribui\u00e7\u00f5es da Engenharia de Produ\u00e7\u00e3o para Melhores Pr\u00e1ticas de Gest\u00e3o e Moderniza\u00e7\u00e3o do Brasil Jo\u00e3o Pessoa\/PB, Brasil, de 03 a 06 de outubro de 2016."},{"key":"ref22","unstructured":"Salman, A. K. D., Ferreira, A. C. D., Soares, J. P. G. & Souza, J. P. (2010). Metodologias para avaliac\u0327a\u0303o de alimentos para ruminantes dome\u0301sticos. Embrapa Rond\u00f4nia, Porto Velho, Rond\u00f4nia, Brasil. Dispon\u00edvel em:"},{"key":"ref23","unstructured":"https:\/\/www.infoteca.cnptia.embrapa.br\/bitstream\/doc\/884369\/1\/doc136alimentacaoderuminantes.pdf"},{"key":"ref24","doi-asserted-by":"publisher","unstructured":"Santos, F. D. R. P., Santos, M. G. B., Lucena, V. B., Viana, M. B., & de Castro, A. D. A. P. (2020). Uso do \u00f3leo de coco baba\u00e7u (Attalea speciosa) como emoliente em formula\u00e7\u00e3o fitocosm\u00e9tica com a\u00e7\u00e3o hidratante. Revista Cereus, 12(4), 2-13. http:\/\/doi.org\/10.18605\/2175-7275\/cereus.v12n4p2-13","DOI":"10.18605\/2175-7275\/cereus.v12n4p2-13"},{"key":"ref25","doi-asserted-by":"publisher","unstructured":"Shingfield, K.J., Chilliard, Y., Toivonen, V., Kairenius, P., Givens, D.I. (2008). Trans fatty acids and bioactive lipids in ruminant milk. Advances in Experimental Medicine and Biology, 606, 3-65. https:\/\/doi.org\/10.1007\/978-0-387-74087-4_1","DOI":"10.1007\/978-0-387-74087-4_1"},{"key":"ref26","unstructured":"Silva, M. R. D. (2008). Distribui\u00e7\u00e3o do baba\u00e7u e sua rela\u00e7\u00e3o com os fatores geoambientais na bacia do Rio Cocal, Estado do Tocantins. Disserta\u00e7\u00e3o de mestrado. Universidade de Bras\u00edlia, Bras\u00edlia, Brasil. Dispon\u00edvel em: https:\/\/repositorio.unb.br\/bitstream\/10482\/5546\/1\/2008_MiriamRodriguesDaSilva.pdf"},{"key":"ref27","unstructured":"Silva, A. G. M., Borges, I., Neiva, J. N., Rodrigues, N., Saliba, E., Moraes, S. A., Silva, J. J., Merlo, F. A., Sousa, T. A. S. & Magalh\u00e3es J\u00fanior, L. L. (2008). Degradabilidade in situ da torta de baba\u00e7u-mat\u00e9ria seca e prote\u00edna. Embrapa Semi\u00e1rido-Artigo em anais de congresso (ALICE). Em: Congresso nordestino de produ\u00e7\u00e3o animal, Aracaju, Sergipe, Brasil."},{"key":"ref28","doi-asserted-by":"publisher","unstructured":"Soler, M. P., Vitali, A. A. & Muto, E. F. (2007). Tecnologia de quebra do coco baba\u00e7u (Orbignya speciosa). Food Science and Technology. 27(4), 717-722. https:\/\/doi.org\/10.1590\/S0101-20612007000400007.","DOI":"10.1590\/S0101-20612007000400007"},{"key":"ref29","unstructured":"Sousa, J. T. L. D. (2015). Utiliza\u00e7\u00e3o do farelo do mesocarpo do baba\u00e7u (Orbignya speciosa) na alimenta\u00e7\u00e3o de borregas. Disserta\u00e7\u00e3o de mestrado. Universidade Federal de Tocantins, Aragua\u00edna, Tocantins, Brasil. Dispon\u00edvel em: https:\/\/umbu.uft.edu.br\/handle\/11612\/172"},{"key":"ref30","doi-asserted-by":"publisher","unstructured":"Sousa, L. F., Macedo J\u00fanior, G. D. L., Santos, R. P. D., Silva, A. G. M., & Borges, I. (2014). Revista Ci\u00eancia Agron\u00f4mica, 45, 177-185. https:\/\/doi.org\/10.1590\/S1806-66902014000100021","DOI":"10.1590\/S1806-66902014000100021"},{"key":"ref31","unstructured":"Souza, M. I. A. (2019). Influ\u00eancia da inclus\u00e3o de glicerina em substitui\u00e7\u00e3o ao farelo de mesocarpo de baba\u00e7u e milheto na qualidade da carne bovina. Tese de doutorado. Universidade Federal de Goi\u00e1s. Goi\u00e2nia, Goi\u00e1s, Brasil. Dispon\u00edvel em: https:\/\/pesquisa.bvsalud.org\/portal\/resource\/pt\/vtt-213235"},{"key":"ref32","unstructured":"Teixeira, M. A. (2000). Estimativa do potencial energ\u00e9tico na ind\u00fastria do \u00f3leo de baba\u00e7u no Brasil. In Proceedings of the 3. Encontro de Energia no Meio Rural, 2000, Campinas (SP, Brazil). Dispon\u00edvel em: http:\/\/www.proceedings.scielo.br\/scielo.php?"}],"deposited":{"date-parts":[[2023,4,11]],"date-time":"2023-04-11T19:56:39Z","timestamp":1681242999000},"score":0.0,"resource":{"primary":{"URL":"https:\/\/hemeroteca.unad.edu.co\/index.php\/workpaper\/article\/view\/6147"}},"issued":{"date-parts":[[2023,3,31]]},"references-count":33,"URL":"https:\/\/doi.org\/10.22490\/ecapma.6147","published":{"date-parts":[[2023,3,31]]}},{"indexed":{"date-parts":[[2025,2,21]],"date-time":"2025-02-21T22:51:25Z","timestamp":1740178285314,"version":"3.37.3"},"reference-count":9,"publisher":"Universidad Nacional Abierta y a Distancia","issue":"4","license":[{"start":{"date-parts":[[2022,10,20]],"date-time":"2022-10-20T00:00:00Z","timestamp":1666224000000},"content-version":"unspecified","delay-in-days":0,"URL":"https:\/\/creativecommons.org\/licenses\/by-nc-nd\/4.0"}],"content-domain":{"domain":[],"crossmark-restriction":false},"short-container-title":["Publ. investig."],"abstract":"<jats:p>Data Analytics for large volumes of information applied in education can make an important contribution to improvement plans in the areas of planning and evaluation. The following research aimed to apply an EDA (Exploratory Data Analysis) through a multivariate correlation analysis to the grades of a sample of 13,490 UNAD students in a first enrollment course. It was found that the final score of the students is directly proportional in a factor of 99% to the grade obtained in 75% of the course and a factor of 91% directly proportional to Task 3. In contrast, there is no significant correlation between the final and the diagnostic exercise or task 1.<\/jats:p>","DOI":"10.22490\/25394088.6493","type":"journal-article","created":{"date-parts":[[2023,4,21]],"date-time":"2023-04-21T14:14:41Z","timestamp":1682086481000},"source":"Crossref","is-referenced-by-count":0,"title":["Big Data Analytics aplicado al estudio del desempe\u00f1o acad\u00e9mico en un curso universitario","Big Data Analytics applied to the study of academic performance in a university course"],"prefix":"10.22490","volume":"16","author":[{"given":"Brayan Steven","family":"Ram\u00edrez Cort\u00e9s","sequence":"first","affiliation":[],"role":[{"role":"author","vocabulary":"crossref"}]}],"member":"9784","published-online":{"date-parts":[[2022,10,20]]},"reference":[{"key":"ref0","unstructured":"\u00c1lvarez Irausquin, W. (2010). An\u00e1lisis multivariante del \u00cdndice de Productividad del Trabajo de Am\u00e9rica Latina y la Uni\u00f3n Europea por medio de Biplot usando R. Ingenier\u00eda Industrial. Actualidad y Nuevas Tendencias, Vol. V, N\u00b0 19 ISSN: 1856-8327, 27-44."},{"key":"ref1","unstructured":"Garc\u00eda Cazorla, V. (2016). Valoraci\u00f3n de startups con Aprendizaje Autom\u00e1tico. Madrid. Espa\u00f1a: Trabajo de Fin de Grado. Universidad Carlos III de Madrid."},{"key":"ref2","unstructured":"McKinney, W. (2011). Pandas: a Foundational Python Library for Data. Deutsches Zentrum f\u00fcr Luft- und Raumfahrt. Obtenido de https:\/\/www.semanticscholar.org\/paper\/pandas%3A-a-Foundational-Python-Library-for-Data-and-McKinney\/1a62eb61b2663f8135347171e30cb9dc0a8931b5"},{"key":"ref3","unstructured":"Menasalvas, E., Gonzalo, C., & Rodr\u00edguez Gonz\u00e1lez, A. (2017). Big Data en salud: retos y oportunidades. Econom\u00eda industrial, ISSN 0422-2784, N\u00ba 405, 87-97. Obtenido de https:\/\/dialnet.unirioja.es\/servlet\/articulo?codigo=6207516"},{"key":"ref4","unstructured":"Mittal, P., & Et al. (2020). Sales Analysis and Prediction Using Python. International Journal of Engineering Research and Applications. ISSN: 2248-9622, Vol. 10, Issue 5, (Series-III) , 50-54."},{"key":"ref5","unstructured":"Mora Garc\u00eda, O. (2018). Aplicaci\u00f3n de t\u00e9cnicas de Data Analytics para la evaluaci\u00f3n y mejora de la calidad en comunicaciones digitales. Universidad Carlos III. Trabajo de Fin de Grado."},{"key":"ref6","doi-asserted-by":"publisher","unstructured":"Pasha, A., & Latha, P. (2021). Well-calibrated probabilistic machine learning classifiers for multivariate healthcare Data. International Journal of Advanced Research in Computer Science. Volume 12, No. 2. doi:http:\/\/dx.doi.org\/10.26483\/ijarcs.v12i2.6696","DOI":"10.26483\/ijarcs.v12i2.6696"},{"key":"ref7","doi-asserted-by":"publisher","unstructured":"Sahoo, K., Kumar Samal, A., Pramanik, J., & Kumar Pani, S. (2019). Exploratory Data Analysis using Python. International Journal of Innovative Technology and Exploring Engineering 8(12), 4727-4735. doi:10.35940\/ijitee.L3591.1081219","DOI":"10.35940\/ijitee.L3591.1081219"},{"key":"ref8","doi-asserted-by":"publisher","unstructured":"Stancin, I., & Jovic, A. (2019). An overview and comparison of free Python libraries for data mining and big data analysis. 42nd International Convention on Information and Communication Technology, Electronics and Microelectronics. doi:10.23919\/MIPRO.2019.8757088.","DOI":"10.23919\/MIPRO.2019.8757088"}],"container-title":["Publicaciones e Investigaci\u00f3n"],"link":[{"URL":"https:\/\/hemeroteca.unad.edu.co\/index.php\/publicaciones-e-investigacion\/article\/download\/6493\/5988","content-type":"application\/pdf","content-version":"vor","intended-application":"text-mining"},{"URL":"https:\/\/hemeroteca.unad.edu.co\/index.php\/publicaciones-e-investigacion\/article\/download\/6493\/5988","content-type":"unspecified","content-version":"vor","intended-application":"similarity-checking"}],"deposited":{"date-parts":[[2024,2,19]],"date-time":"2024-02-19T17:29:17Z","timestamp":1708363757000},"score":0.0,"resource":{"primary":{"URL":"https:\/\/hemeroteca.unad.edu.co\/index.php\/publicaciones-e-investigacion\/article\/view\/6493"}},"issued":{"date-parts":[[2022,10,20]]},"references-count":9,"journal-issue":{"issue":"4","published-online":{"date-parts":[[2022,12,18]]}},"URL":"https:\/\/doi.org\/10.22490\/25394088.6493","ISSN":["2539-4088","1900-6608"],"issn-type":[{"type":"electronic","value":"2539-4088"},{"type":"print","value":"1900-6608"}],"published":{"date-parts":[[2022,10,20]]}},{"indexed":{"date-parts":[[2024,12,17]],"date-time":"2024-12-17T05:17:17Z","timestamp":1734412637524,"version":"3.30.2"},"reference-count":0,"publisher":"Universidad Nacional Abierta y a Distancia","issue":"8","content-domain":{"domain":[],"crossmark-restriction":false},"short-container-title":["Back"],"abstract":"<jats:p>Animaci\u00f3n.<\/jats:p>","DOI":"10.22490\/unad.backprojection.8708","type":"journal-article","created":{"date-parts":[[2024,12,16]],"date-time":"2024-12-16T23:50:25Z","timestamp":1734393025000},"page":"53-54","source":"Crossref","is-referenced-by-count":0,"title":["Gelatinoso"],"prefix":"10.22490","author":[{"given":"Lina Mar\u00eda","family":"Le\u00f3n Guerrero","sequence":"first","affiliation":[],"role":[{"role":"author","vocabulary":"crossref"}]}],"member":"9784","published-online":{"date-parts":[[2024,10,31]]},"container-title":["Back Projection"],"link":[{"URL":"https:\/\/hemeroteca.unad.edu.co\/index.php\/back_projection\/article\/download\/8708\/7288","content-type":"application\/pdf","content-version":"vor","intended-application":"text-mining"},{"URL":"https:\/\/hemeroteca.unad.edu.co\/index.php\/back_projection\/article\/download\/8708\/7288","content-type":"unspecified","content-version":"vor","intended-application":"similarity-checking"}],"deposited":{"date-parts":[[2024,12,16]],"date-time":"2024-12-16T23:50:25Z","timestamp":1734393025000},"score":0.0,"resource":{"primary":{"URL":"https:\/\/hemeroteca.unad.edu.co\/index.php\/back_projection\/article\/view\/8708"}},"issued":{"date-parts":[[2024,10,31]]},"references-count":0,"journal-issue":{"issue":"8","published-online":{"date-parts":[[2024,10,31]]}},"URL":"https:\/\/doi.org\/10.22490\/unad.backprojection.8708","ISSN":["2665-4539"],"issn-type":[{"value":"2665-4539","type":"electronic"}],"published":{"date-parts":[[2024,10,31]]}},{"indexed":{"date-parts":[[2025,4,8]],"date-time":"2025-04-08T16:40:11Z","timestamp":1744130411325,"version":"3.40.3"},"reference-count":0,"publisher":"Sello Editorial UNAD","isbn-type":[{"value":"9789586519779","type":"electronic"}],"content-domain":{"domain":[],"crossmark-restriction":false},"published-print":{"date-parts":[[2024]]},"abstract":"<jats:p\/>","DOI":"10.22490\/unad.9789586519762.5","type":"book-chapter","created":{"date-parts":[[2025,4,8]],"date-time":"2025-04-08T16:15:10Z","timestamp":1744128910000},"page":"97-118","source":"Crossref","is-referenced-by-count":0,"title":["Cap\u00edtulo 5 | Perspectivas te\u00f3ricas en la estructuraci\u00f3n del concepto de personalidad, retos y desaf\u00edos"],"prefix":"10.22490","author":[{"given":"Oscar Eduardo","family":"Aldana Le\u00f3n","sequence":"additional","affiliation":[],"role":[{"role":"author","vocabulary":"crossref"}]}],"member":"9784","container-title":["Debates Emergentes en Psicolog\u00eda Vol.3"],"deposited":{"date-parts":[[2025,4,8]],"date-time":"2025-04-08T16:15:34Z","timestamp":1744128934000},"score":0.0,"resource":{"primary":{"URL":"https:\/\/libros.unad.edu.co\/index.php\/selloeditorial\/catalog\/view\/251\/240\/5876"}},"issued":{"date-parts":[[2024]]},"ISBN":["9789586519779"],"references-count":0,"URL":"https:\/\/doi.org\/10.22490\/unad.9789586519762.5","published":{"date-parts":[[2024]]}},{"indexed":{"date-parts":[[2024,1,16]],"date-time":"2024-01-16T23:21:12Z","timestamp":1705447272831},"reference-count":0,"publisher":"Universidad Nacional Abierta y a Distancia","content-domain":{"domain":[],"crossmark-restriction":false},"abstract":"<jats:p>En varios municipios de Colombia, el cultivo de la guan\u00e1bana tiene una gran importancia. La pulpa de este fruto es valorada en la producci\u00f3n a gran escala debido a su volumen considerable y su sabor distintivo. No obstante, su producci\u00f3n enfrenta diversos desaf\u00edos fitosanitarios que impactan econ\u00f3micamente, siendo uno de los principales la antracnosis provocada por el hongo Colletotrichum gloeosporioides, que afecta tanto al fruto como a tejido floral y foliar. Por lo anterior el presente estudio esta enfocado en evaluar productos biol\u00f3gicos y qu\u00edmicos para el control de la antracnosis en la guan\u00e1bana (Annona muricata L.), ocasionada por el hongo (Colletotrichum spp.). Para ello, se llev\u00f3 a cabo un estudio en el municipio de La Plata, Huila, en la vereda Cabuyal en la finca Madrigal, En el estudio, se examin\u00f3 el efecto de dos fungicidas de s\u00edntesis qu\u00edmica, conocidos comercialmente como Antrasin y Skuper, un fungicida biol\u00f3gico llamado Rhapsody, de igual manera se incluy\u00f3 un testigo sin la aplicaci\u00f3n de fungicida. El desarrollo de esta investigaci\u00f3n se realiz\u00f3 utilizando un cultivo tecnificado con \u00e9nfasis en buenas pr\u00e1cticas agr\u00edcolas, las cuales incluyen un plan de fertilizaci\u00f3n, control integrado de malezas, y el manejo integrado de plagas y enfermedades.  El estudio se llev\u00f3 a cabo en unidades experimentales, aplicando tratamientos foliares en 132 \u00e1rboles repartidos en cuatro parcelas. Se analizaron variables como las proporciones de impacto de la enfermedad, tanto en gravedad como en prevalencia, es decir, la eficacia de cada intervenci\u00f3n en el control de la antracnosis, fueron examinadas. Para cada intervenci\u00f3n, se utiliz\u00f3 un dise\u00f1o experimental de bloques completamente aleatorizados (BCA) con ocho iteraciones. Los datos obtenidos se tabularon y se les aplic\u00f3 estad\u00edstica descriptiva completa para su an\u00e1lisis.  Los resultados m\u00e1s relevantes indicaron que el Producto Biol\u00f3gico Rhapsody se destaca como el m\u00e1s eficiente al momento de controlar la presencia de la enfermedad en las plantaciones, Logrando un nivel de eficacia del 58.7%. Esto demuestra una efectiva capacidad de manejo sobre el hongo pat\u00f3geno.<\/jats:p>","DOI":"10.22490\/ecapma.6809","type":"report","created":{"date-parts":[[2023,9,15]],"date-time":"2023-09-15T13:36:02Z","timestamp":1694784962000},"source":"Crossref","is-referenced-by-count":1,"title":["Evaluaci\u00f3n de productos Qu\u00edmicos y Biol\u00f3gico para Combatir la Antracnosis en Guan\u00e1bana (Annona muricata L.) provocada por Colletotrichum spp."],"prefix":"10.22490","author":[{"given":"Nelcy Juliana","family":"Anaya Martinez","sequence":"first","affiliation":[],"role":[{"role":"author","vocabulary":"crossref"}]},{"given":"Alexander","family":"Castro Polanco","sequence":"additional","affiliation":[],"role":[{"role":"author","vocabulary":"crossref"}]},{"given":"Alejandra Maria","family":"Pe\u00f1a Beltr\u00e1n","sequence":"additional","affiliation":[],"role":[{"role":"author","vocabulary":"crossref"}]}],"member":"9784","published-online":{"date-parts":[[2023,9,4]]},"deposited":{"date-parts":[[2023,9,15]],"date-time":"2023-09-15T13:36:04Z","timestamp":1694784964000},"score":0.0,"resource":{"primary":{"URL":"https:\/\/hemeroteca.unad.edu.co\/index.php\/workpaper\/article\/view\/6809"}},"issued":{"date-parts":[[2023,9,4]]},"references-count":0,"URL":"https:\/\/doi.org\/10.22490\/ecapma.6809","published":{"date-parts":[[2023,9,4]]}},{"indexed":{"date-parts":[[2024,12,17]],"date-time":"2024-12-17T05:17:30Z","timestamp":1734412650240,"version":"3.30.2"},"reference-count":0,"publisher":"Universidad Nacional Abierta y a Distancia","issue":"10","content-domain":{"domain":[],"crossmark-restriction":false},"short-container-title":["Back"],"abstract":"<jats:p>Obra creada en el curso Dibujo digital\u00a0<\/jats:p>","DOI":"10.22490\/unad.backprojection.9013","type":"journal-article","created":{"date-parts":[[2024,12,16]],"date-time":"2024-12-16T23:52:12Z","timestamp":1734393132000},"page":"22","source":"Crossref","is-referenced-by-count":0,"title":["Tr\u00edptico"],"prefix":"10.22490","author":[{"given":"Ruth Milena","family":"Goyeneche P\u00e9rez","sequence":"first","affiliation":[],"role":[{"role":"author","vocabulary":"crossref"}]}],"member":"9784","published-online":{"date-parts":[[2023,11,1]]},"container-title":["Back Projection"],"link":[{"URL":"https:\/\/hemeroteca.unad.edu.co\/index.php\/back_projection\/article\/download\/9013\/7542","content-type":"application\/pdf","content-version":"vor","intended-application":"text-mining"},{"URL":"https:\/\/hemeroteca.unad.edu.co\/index.php\/back_projection\/article\/download\/9013\/7542","content-type":"unspecified","content-version":"vor","intended-application":"similarity-checking"}],"deposited":{"date-parts":[[2024,12,16]],"date-time":"2024-12-16T23:52:12Z","timestamp":1734393132000},"score":0.0,"resource":{"primary":{"URL":"https:\/\/hemeroteca.unad.edu.co\/index.php\/back_projection\/article\/view\/9013"}},"issued":{"date-parts":[[2023,11,1]]},"references-count":0,"journal-issue":{"issue":"10","published-online":{"date-parts":[[2024,12,16]]}},"URL":"https:\/\/doi.org\/10.22490\/unad.backprojection.9013","ISSN":["2665-4539"],"issn-type":[{"value":"2665-4539","type":"electronic"}],"published":{"date-parts":[[2023,11,1]]}},{"indexed":{"date-parts":[[2024,12,17]],"date-time":"2024-12-17T05:16:58Z","timestamp":1734412618671,"version":"3.30.2"},"reference-count":0,"publisher":"Universidad Nacional Abierta y a Distancia","issue":"9","content-domain":{"domain":[],"crossmark-restriction":false},"short-container-title":["Back"],"abstract":"<jats:p>El objetivo de mi proyecto de grado es desarrollar una obra que visibilice yexalte el papel del territorio en el camino de los esclavos afroamericanos en el suroccidente colombiano para escapar hacia la libertad, pero al mismo tiempo en un proceso de recuperaci\u00f3n mis propias ra\u00edces negras hacia mis antepasados en esa zona del pa\u00eds, mediado a trav\u00e9s de los peinados.<\/jats:p>","DOI":"10.22490\/unad.backprojection.8887","type":"journal-article","created":{"date-parts":[[2024,12,16]],"date-time":"2024-12-16T23:51:29Z","timestamp":1734393089000},"page":"117-120","source":"Crossref","is-referenced-by-count":0,"title":["Entrelazando nuestras ra\u00edces ala libertad: los peinados en lasmujeres afro y el territorio."],"prefix":"10.22490","author":[{"given":"Andry Mayerli","family":"Andrade Perdomo","sequence":"first","affiliation":[],"role":[{"role":"author","vocabulary":"crossref"}]}],"member":"9784","published-online":{"date-parts":[[2024,11,28]]},"container-title":["Back Projection"],"link":[{"URL":"https:\/\/hemeroteca.unad.edu.co\/index.php\/back_projection\/article\/download\/8887\/7481","content-type":"application\/pdf","content-version":"vor","intended-application":"text-mining"},{"URL":"https:\/\/hemeroteca.unad.edu.co\/index.php\/back_projection\/article\/download\/8887\/7481","content-type":"unspecified","content-version":"vor","intended-application":"similarity-checking"}],"deposited":{"date-parts":[[2024,12,16]],"date-time":"2024-12-16T23:51:30Z","timestamp":1734393090000},"score":0.0,"resource":{"primary":{"URL":"https:\/\/hemeroteca.unad.edu.co\/index.php\/back_projection\/article\/view\/8887"}},"issued":{"date-parts":[[2024,11,28]]},"references-count":0,"journal-issue":{"issue":"9","published-online":{"date-parts":[[2024,11,28]]}},"URL":"https:\/\/doi.org\/10.22490\/unad.backprojection.8887","ISSN":["2665-4539"],"issn-type":[{"value":"2665-4539","type":"electronic"}],"published":{"date-parts":[[2024,11,28]]}},{"indexed":{"date-parts":[[2024,12,17]],"date-time":"2024-12-17T05:16:58Z","timestamp":1734412618998,"version":"3.30.2"},"reference-count":0,"publisher":"Universidad Nacional Abierta y a Distancia","issue":"8","content-domain":{"domain":[],"crossmark-restriction":false},"short-container-title":["Back"],"abstract":"<jats:p>Sonidos y colores de Manrique es una propuesta que indaga la relaci\u00f3n sonido-color a partir de una propuesta de exploraci\u00f3n de la sinestesia musical (asociaci\u00f3n de un sentido con otro por medio de un est\u00edmulo, en este caso un sonido), mediante la realizaci\u00f3n de una instalaci\u00f3n compuesta por una pieza audiovisual de animaci\u00f3n en 2d proyectada sobre cortinas doradas. Esto es el resultado del proceso de investigaci\u00f3n de elementos sensoriales como paisajes sonoros y visuales en el barrio Manrique central en Medell\u00edn, referente cultural de la ciudad. Al mismo tiempo se realiza un proceso de memoria personal como b\u00fasqueda por la identidad musical y familiar. En este proyecto se relacionan intereses personales de la artista como lo son la identidad musical y las artes visuales, generando un proceso de introspecci\u00f3n, memoria personal, por las tradiciones y el espacio que habita en el barrio Manrique.<\/jats:p>","DOI":"10.22490\/unad.backprojection.8763","type":"journal-article","created":{"date-parts":[[2024,12,16]],"date-time":"2024-12-16T23:50:40Z","timestamp":1734393040000},"page":"226","source":"Crossref","is-referenced-by-count":0,"title":["Sonidos y colores de Manrique"],"prefix":"10.22490","author":[{"given":"Olga Janeth","family":"Mar\u00edn Bland\u00f3n","sequence":"first","affiliation":[],"role":[{"role":"author","vocabulary":"crossref"}]}],"member":"9784","published-online":{"date-parts":[[2024,10,31]]},"container-title":["Back Projection"],"link":[{"URL":"https:\/\/hemeroteca.unad.edu.co\/index.php\/back_projection\/article\/download\/8763\/7314","content-type":"application\/pdf","content-version":"vor","intended-application":"text-mining"},{"URL":"https:\/\/hemeroteca.unad.edu.co\/index.php\/back_projection\/article\/download\/8763\/7314","content-type":"unspecified","content-version":"vor","intended-application":"similarity-checking"}],"deposited":{"date-parts":[[2024,12,16]],"date-time":"2024-12-16T23:50:40Z","timestamp":1734393040000},"score":0.0,"resource":{"primary":{"URL":"https:\/\/hemeroteca.unad.edu.co\/index.php\/back_projection\/article\/view\/8763"}},"issued":{"date-parts":[[2024,10,31]]},"references-count":0,"journal-issue":{"issue":"8","published-online":{"date-parts":[[2024,10,31]]}},"URL":"https:\/\/doi.org\/10.22490\/unad.backprojection.8763","ISSN":["2665-4539"],"issn-type":[{"value":"2665-4539","type":"electronic"}],"published":{"date-parts":[[2024,10,31]]}},{"indexed":{"date-parts":[[2024,2,19]],"date-time":"2024-02-19T18:11:02Z","timestamp":1708366262022},"reference-count":0,"publisher":"Universidad Nacional Abierta y a Distancia","license":[{"start":{"date-parts":[[2014,3,18]],"date-time":"2014-03-18T00:00:00Z","timestamp":1395100800000},"content-version":"unspecified","delay-in-days":0,"URL":"http:\/\/creativecommons.org\/licenses\/by-nc-sa\/4.0"}],"content-domain":{"domain":[],"crossmark-restriction":false},"short-container-title":["Publ. investig."],"abstract":"<jats:p \/>","DOI":"10.22490\/25394088.1278","type":"journal-article","created":{"date-parts":[[2017,5,24]],"date-time":"2017-05-24T20:36:43Z","timestamp":1495658203000},"page":"27-33","source":"Crossref","is-referenced-by-count":0,"title":["Reconstrucci\u00f3n de Atm\u00f3sferas Sonoras Tridimensionales"],"prefix":"10.22490","volume":"8","author":[{"given":"Jhosimar","family":"Aguac\u00eda Fisco","sequence":"first","affiliation":[],"role":[{"role":"author","vocabulary":"crossref"}]},{"given":"Diego","family":"Pardo Sabogal","sequence":"additional","affiliation":[],"role":[{"role":"author","vocabulary":"crossref"}]}],"member":"9784","published-online":{"date-parts":[[2014,3,18]]},"container-title":["Publicaciones e Investigaci\u00f3n"],"link":[{"URL":"https:\/\/hemeroteca.unad.edu.co\/index.php\/publicaciones-e-investigacion\/article\/download\/1278\/1614","content-type":"application\/pdf","content-version":"vor","intended-application":"text-mining"},{"URL":"https:\/\/hemeroteca.unad.edu.co\/index.php\/publicaciones-e-investigacion\/article\/download\/1278\/2029","content-type":"text\/html","content-version":"vor","intended-application":"text-mining"},{"URL":"https:\/\/hemeroteca.unad.edu.co\/index.php\/publicaciones-e-investigacion\/article\/download\/1278\/1614","content-type":"unspecified","content-version":"vor","intended-application":"similarity-checking"}],"deposited":{"date-parts":[[2024,2,19]],"date-time":"2024-02-19T17:32:36Z","timestamp":1708363956000},"score":0.0,"resource":{"primary":{"URL":"https:\/\/hemeroteca.unad.edu.co\/index.php\/publicaciones-e-investigacion\/article\/view\/1278"}},"issued":{"date-parts":[[2014,3,18]]},"references-count":0,"URL":"https:\/\/doi.org\/10.22490\/25394088.1278","ISSN":["2539-4088","1900-6608"],"issn-type":[{"value":"2539-4088","type":"electronic"},{"value":"1900-6608","type":"print"}],"published":{"date-parts":[[2014,3,18]]}},{"indexed":{"date-parts":[[2023,3,31]],"date-time":"2023-03-31T04:59:37Z","timestamp":1680238777899},"reference-count":0,"publisher":"Universidad Nacional Abierta y a Distancia - UNAD","isbn-type":[{"value":"9789586518130","type":"print"}],"content-domain":{"domain":[],"crossmark-restriction":false},"DOI":"10.22490\/9789586518130.14","type":"book-chapter","created":{"date-parts":[[2023,3,30]],"date-time":"2023-03-30T20:59:54Z","timestamp":1680209994000},"page":"436-452","source":"Crossref","is-referenced-by-count":0,"title":["Una mirada al estado actual de la miner\u00eda en la cuenca media y baja del r\u00edo Cravo Sur"],"prefix":"10.22490","author":[{"given":"Diana Shirley","family":"Murillo Mart\u00ednez","sequence":"first","affiliation":[],"role":[{"role":"author","vocabulary":"crossref"}]}],"member":"9784","published-online":{"date-parts":[[2021,5,1]]},"container-title":["El reto de conservar y producir: biodiversidad y sistemas productivos en la cuenca media y baja del r\u00edo Cravo Sur"],"deposited":{"date-parts":[[2023,3,30]],"date-time":"2023-03-30T21:00:12Z","timestamp":1680210012000},"score":0.0,"resource":{"primary":{"URL":"https:\/\/libros.unad.edu.co\/index.php\/selloeditorial\/catalog\/view\/99\/117\/1130"}},"issued":{"date-parts":[[2021,5,1]]},"ISBN":["9789586518130"],"references-count":0,"URL":"https:\/\/doi.org\/10.22490\/9789586518130.14","published":{"date-parts":[[2021,5,1]]}},{"indexed":{"date-parts":[[2022,4,4]],"date-time":"2022-04-04T23:20:28Z","timestamp":1649114428006},"reference-count":0,"publisher":"Universidad Nacional Abierta y a Distancia","issue":"2","license":[{"start":{"date-parts":[[2015,12,15]],"date-time":"2015-12-15T00:00:00Z","timestamp":1450137600000},"content-version":"unspecified","delay-in-days":0,"URL":"http:\/\/creativecommons.org\/licenses\/by-nc-sa\/4.0"}],"content-domain":{"domain":[],"crossmark-restriction":false},"short-container-title":["rev.investig.agrar.ambient."],"abstract":"<jats:p>&lt;p&gt;Los abonos org\u00e1nicos desde tiempos remotos se han trabajado de diferentes maneras, algunos&lt;\/p&gt;&lt;p&gt;sin ning\u00fan tipo de control y manejo adecuado, aun as\u00ed, son utilizados para conservar y mejorar las condiciones fisicoqu\u00edmicas y biol\u00f3gicas de los suelos. Los abonos org\u00e1nicos proceden de la transformaci\u00f3n de residuos org\u00e1nicos de origen vegetal y\/o animal que generan subproductos como lixiviados, los cuales se convierten en un problema de contaminaci\u00f3n al no tener en cuenta&lt;\/p&gt;&lt;p&gt;su captaci\u00f3n como l\u00edquidos residuales, ya que una parte se filtra deteriorando y contaminando suelos, aguas libres, aguas subterr\u00e1neas y otra parte queda expuesta en la superficie ocasionando desprendimiento de CO2 hacia la atm\u00f3sfera, lo cual acelera el efecto invernadero. Este art\u00edculo de investigaci\u00f3n pretende determinar el manejo actual de residuos org\u00e1nicos de fincas dedicadas a la producci\u00f3n agroecol\u00f3gica y caracterizar la composici\u00f3n de estos lixiviados, a diferencia de los residuos l\u00edquidos extra\u00eddos del compost convencional. Se analizaron en laboratorio muestras de lixiviados de los dos tipos de compost, con el fin de relacionar los par\u00e1metros fisicoqu\u00edmicos y microbiol\u00f3gicos. Los resultados muestran que el lixiviado agroecol\u00f3gico presenta un mayor \u00edndice y diversidad de comunidades microbiol\u00f3gicas. Con relaci\u00f3n a las caracter\u00edsticas fisicoqu\u00edmicas hay mayor concentraci\u00f3n de nutrientes y metales pesados en el lixiviado convencional, por lo cual se recomienda evaluarlos antes de su aplicaci\u00f3n en campo.&lt;\/p&gt;<\/jats:p>","DOI":"10.22490\/21456453.1414","type":"journal-article","created":{"date-parts":[[2017,3,28]],"date-time":"2017-03-28T19:37:55Z","timestamp":1490729875000},"page":"169","source":"Crossref","is-referenced-by-count":0,"title":["Caracterizaci\u00f3n del lixiviado agroecol\u00f3gico a partir de residuos org\u00e1nicos de cultivos"],"prefix":"10.22490","volume":"6","author":[{"given":"Carlos Arturo","family":"Granada Torres","sequence":"first","affiliation":[],"role":[{"role":"author","vocabulary":"crossref"}]},{"given":"Yolvi","family":"Prada Mill\u00e1n","sequence":"additional","affiliation":[],"role":[{"role":"author","vocabulary":"crossref"}]}],"member":"9784","published-online":{"date-parts":[[2015,12,15]]},"container-title":["Revista de Investigaci\u00f3n Agraria y Ambiental"],"link":[{"URL":"http:\/\/hemeroteca.unad.edu.co\/index.php\/riaa\/article\/viewFile\/1414\/1739","content-type":"application\/pdf","content-version":"vor","intended-application":"text-mining"}],"deposited":{"date-parts":[[2017,3,28]],"date-time":"2017-03-28T19:38:07Z","timestamp":1490729887000},"score":0.0,"resource":{"primary":{"URL":"http:\/\/hemeroteca.unad.edu.co\/index.php\/riaa\/article\/view\/1414"}},"issued":{"date-parts":[[2015,12,15]]},"references-count":0,"journal-issue":{"issue":"2","published-online":{"date-parts":[[2015,12,15]]}},"URL":"https:\/\/doi.org\/10.22490\/21456453.1414","ISSN":["2145-6453","2145-6097"],"issn-type":[{"value":"2145-6453","type":"electronic"},{"value":"2145-6097","type":"print"}],"published":{"date-parts":[[2015,12,15]]}},{"indexed":{"date-parts":[[2022,3,30]],"date-time":"2022-03-30T03:01:50Z","timestamp":1648609310867},"reference-count":0,"publisher":"Universidad Nacional Abierta y a Distancia","content-domain":{"domain":[],"crossmark-restriction":false},"DOI":"10.22490\/ecapma.2948","type":"report","created":{"date-parts":[[2019,4,12]],"date-time":"2019-04-12T16:58:43Z","timestamp":1555088323000},"source":"Crossref","is-referenced-by-count":0,"title":["Cuantificaci\u00f3n de biomasa a\u00e9rea utilizando medidas dasom\u00e9tricas para la Guadua angustifolia Kunth, en la cuenca hidrogr\u00e1fica del r\u00edo Guarapas municipio de Pitalito Huila"],"prefix":"10.22490","author":[{"given":"Gustavo Adolfo","family":"Ram\u00edrez C\u00f3rdoba","sequence":"first","affiliation":[],"role":[{"role":"author","vocabulary":"crossref"}]},{"given":"Diana Stefany","family":"Molina Calder\u00f3n","sequence":"additional","affiliation":[],"role":[{"role":"author","vocabulary":"crossref"}]},{"given":"William Sneyder","family":"Montealegre Rojas","sequence":"additional","affiliation":[],"role":[{"role":"author","vocabulary":"crossref"}]}],"member":"9784","published-online":{"date-parts":[[2018]]},"deposited":{"date-parts":[[2019,4,12]],"date-time":"2019-04-12T16:58:43Z","timestamp":1555088323000},"score":0.0,"resource":{"primary":{"URL":"http:\/\/hemeroteca.unad.edu.co\/index.php\/workpaper\/article\/view\/2948"}},"issued":{"date-parts":[[2018]]},"references-count":0,"URL":"https:\/\/doi.org\/10.22490\/ecapma.2948","published":{"date-parts":[[2018]]}},{"indexed":{"date-parts":[[2023,2,23]],"date-time":"2023-02-23T05:17:14Z","timestamp":1677129434138},"reference-count":0,"publisher":"Universidad Nacional Abierta y a Distancia","issue":"1","license":[{"start":{"date-parts":[[2022,12,18]],"date-time":"2022-12-18T00:00:00Z","timestamp":1671321600000},"content-version":"unspecified","delay-in-days":0,"URL":"http:\/\/creativecommons.org\/licenses\/by-nc-sa\/4.0"}],"content-domain":{"domain":[],"crossmark-restriction":false},"short-container-title":["rev.investig.agrar.ambient."],"abstract":"<jats:p>Contextualizaci\u00f3n: los morichales son ecosistemas estrat\u00e9gicos porque almacenan una gran cantidad de carbono org\u00e1nico, contribuyen a la mitigaci\u00f3n de gases de efecto invernadero y a la mitigaci\u00f3n del cambio clim\u00e1tico.\nVac\u00edo de la investigaci\u00f3n: la estimaci\u00f3n de las reservas de carbono en ecosistemas de morichal no se han estudiado en la Orinoqu\u00eda colombiana.\nProp\u00f3sito: el objetivo de este estudio fue estimar las reservas de carbono en biomasa, necromasa y suelo de un morichal conservado de la altillanura colombiana.\nMetodolog\u00eda: se muestrearon tres sectores con diferente etapa fenol\u00f3gica predominante: palmas senescentes, adultas y juveniles, y en cada sector se establecieron dos transectos, los cuales se dividieron en dos subparcelas [interior y ecotono]. Para la medici\u00f3n de la biomasa a\u00e9rea se midieron individuos de M. flexuosa con di\u00e1metro a la altura del pecho (DAP) &gt;10 cm y especies arb\u00f3reas y arbustivas con DAP&gt;2,5 cm; en el ecotono se incluyeron las pasturas.\nLa necromasa se evalu\u00f3 considerando la ca\u00edda, la que se mantiene en pie y la particulada. En ambos compartimientos se aplicaron ecuaciones alom\u00e9tricas y se multiplicaron por el factor de carbono. Las reservas de carbono org\u00e1nico en el suelo se estimaron en dos profundidades [0,0 \u2013 0,30 m y 0,30 \u2013 0,60m].\nResultados y conclusiones: los resultados muestran que la reserva de carbono en un morichal conservado de la altillanura colombiana alcanza los 590,8 Mg C\/ha. El suelo present\u00f3 la m\u00e1s alta contribuci\u00f3n con 436,5 Mg C\/ha\u00a0 [74 % del total], seguido por la biomasa y necromasa [119,4 y 35,0 Mg C\/ha], 20 y 6 % del total, respectivamente. Estos resultados muestran el papel fundamental de los ecosistemas de morichal como sumideros de carbono y su importancia para la mitigaci\u00f3n del cambio clim\u00e1tico, adem\u00e1s de proveer otros beneficios ambientales para las comunidades.<\/jats:p>","DOI":"10.22490\/21456453.5531","type":"journal-article","created":{"date-parts":[[2023,2,22]],"date-time":"2023-02-22T19:39:26Z","timestamp":1677094766000},"source":"Crossref","is-referenced-by-count":0,"title":["Sumideros naturales de carbono: un estudio de caso en morichales de la altillanura colombiana"],"prefix":"10.22490","volume":"14","author":[{"given":"Daniela","family":"Orozco-Hueje","sequence":"first","affiliation":[],"role":[{"role":"author","vocabulary":"crossref"}]},{"given":"Diana Milena","family":"Barreto-Rojas","sequence":"additional","affiliation":[],"role":[{"role":"author","vocabulary":"crossref"}]},{"given":"Juan Manuel","family":"Trujillo Gonz\u00e1lez","sequence":"additional","affiliation":[],"role":[{"role":"author","vocabulary":"crossref"}]},{"given":"Amanda","family":"Silva-Parra","sequence":"additional","affiliation":[],"role":[{"role":"author","vocabulary":"crossref"}]},{"given":"Marlon","family":"Serrano-G\u00f3mez","sequence":"additional","affiliation":[],"role":[{"role":"author","vocabulary":"crossref"}]},{"given":"Edgar Fernando","family":"Castillo-Monroy","sequence":"additional","affiliation":[],"role":[{"role":"author","vocabulary":"crossref"}]},{"given":"Marco Aurelio","family":"Torres-Mora","sequence":"additional","affiliation":[],"role":[{"role":"author","vocabulary":"crossref"}]}],"member":"9784","published-online":{"date-parts":[[2022,12,18]]},"container-title":["Revista de Investigaci\u00f3n Agraria y Ambiental"],"link":[{"URL":"https:\/\/hemeroteca.unad.edu.co\/index.php\/riaa\/article\/download\/5531\/5960","content-type":"application\/pdf","content-version":"vor","intended-application":"text-mining"},{"URL":"https:\/\/hemeroteca.unad.edu.co\/index.php\/riaa\/article\/download\/5531\/5960","content-type":"unspecified","content-version":"vor","intended-application":"similarity-checking"}],"deposited":{"date-parts":[[2023,2,22]],"date-time":"2023-02-22T19:39:34Z","timestamp":1677094774000},"score":0.0,"resource":{"primary":{"URL":"https:\/\/hemeroteca.unad.edu.co\/index.php\/riaa\/article\/view\/5531"}},"issued":{"date-parts":[[2022,12,18]]},"references-count":0,"journal-issue":{"issue":"1","published-online":{"date-parts":[[2022,12,17]]}},"URL":"https:\/\/doi.org\/10.22490\/21456453.5531","ISSN":["2145-6453","2145-6097"],"issn-type":[{"value":"2145-6453","type":"electronic"},{"value":"2145-6097","type":"print"}],"published":{"date-parts":[[2022,12,18]]}},{"indexed":{"date-parts":[[2022,4,4]],"date-time":"2022-04-04T19:54:08Z","timestamp":1649102048818},"reference-count":0,"publisher":"Universidad Nacional Abierta y a Distancia","issue":"1","license":[{"start":{"date-parts":[[2010,5,8]],"date-time":"2010-05-08T00:00:00Z","timestamp":1273276800000},"content-version":"unspecified","delay-in-days":0,"URL":"http:\/\/creativecommons.org\/licenses\/by-sa\/4.0"}],"content-domain":{"domain":[],"crossmark-restriction":false},"short-container-title":["Publ. investig."],"abstract":"<jats:p>&lt;p&gt;Cuando se habla de los principales requisitos que debe reunir un alimento, sin duda, el m\u00e1s importante es que sea inocuo o seguro para la salud de los consumidores. Es por esto que se hace necesario adoptar m\u00e1s y mejores sistemas o pr\u00e1cticas que permitan garantizar dicha seguridad. La intenci\u00f3n de este art\u00edculo es describir el dise\u00f1o de un correcto proceso t\u00e9rmico de vegetales enlatados, para este caso, la arveja y la importancia que tiene su realizaci\u00f3n. En la parte experimental se realiz\u00f3 el estudio de penetraci\u00f3n de calor del producto con el fin de determinar los par\u00e1metros de tiempo y temperatura adecuados para obtener un alimento est\u00e9ril comercialmente. Los datos obtenidos fueron analizados utilizando el m\u00e9todo de Ball mediante el software CALSoft 32. Los resultados mostraron que la letalidad objetivo de proceso Fo de 6 fue alcanzada en 17 minutos a una temperatura de 121\u00b0C.&lt;\/p&gt;&lt;p&gt;Adicionalmente, se establecieron los procesos alternativos que pueden ser utilizados en caso de desviaciones durante el proceso t\u00e9rmico. Cabe anotar que este trabajo est\u00e1 enfocado a los tratamientos t\u00e9rmicos para envases de hojalata esterilizados en autoclaves verticales de vapor saturado.&lt;\/p&gt;<\/jats:p>","DOI":"10.22490\/25394088.582","type":"journal-article","created":{"date-parts":[[2017,5,24]],"date-time":"2017-05-24T20:36:43Z","timestamp":1495658203000},"page":"129","source":"Crossref","is-referenced-by-count":0,"title":["Evaluaci\u00f3n del tratamiento t\u00e9rmico de las arvejas enlatadas (pisum sativum) en salmuera"],"prefix":"10.22490","volume":"4","author":[{"given":"Bibiana Yaneth","family":"Gaviria L\u00f3pez","sequence":"first","affiliation":[],"role":[{"role":"author","vocabulary":"crossref"}]},{"given":"Paola Andrea","family":"Mazuera Garc\u00eda","sequence":"additional","affiliation":[],"role":[{"role":"author","vocabulary":"crossref"}]}],"member":"9784","published-online":{"date-parts":[[2010,5,8]]},"container-title":["Publicaciones e Investigaci\u00f3n"],"link":[{"URL":"http:\/\/hemeroteca.unad.edu.co\/index.php\/publicaciones-e-investigacion\/article\/viewFile\/582\/1294","content-type":"application\/pdf","content-version":"vor","intended-application":"text-mining"}],"deposited":{"date-parts":[[2017,5,24]],"date-time":"2017-05-24T20:37:46Z","timestamp":1495658266000},"score":0.0,"resource":{"primary":{"URL":"http:\/\/hemeroteca.unad.edu.co\/index.php\/publicaciones-e-investigacion\/article\/view\/582"}},"issued":{"date-parts":[[2010,5,8]]},"references-count":0,"journal-issue":{"issue":"1","published-online":{"date-parts":[[2010,5,8]]}},"URL":"https:\/\/doi.org\/10.22490\/25394088.582","ISSN":["2539-4088","1900-6608"],"issn-type":[{"value":"2539-4088","type":"electronic"},{"value":"1900-6608","type":"print"}],"published":{"date-parts":[[2010,5,8]]}},{"indexed":{"date-parts":[[2022,4,2]],"date-time":"2022-04-02T18:12:37Z","timestamp":1648923157978},"reference-count":0,"publisher":"Universidad Nacional Abierta y a Distancia","license":[{"start":{"date-parts":[[2014,12,15]],"date-time":"2014-12-15T00:00:00Z","timestamp":1418601600000},"content-version":"unspecified","delay-in-days":0,"URL":"http:\/\/creativecommons.org\/licenses\/by-nc-sa\/4.0"}],"content-domain":{"domain":[],"crossmark-restriction":false},"short-container-title":["Rev. Estrateg. Organ."],"abstract":"<jats:p>El presente art\u00edculo es el resultado de una investigaci\u00f3n adelantada con el fin de diagnosticar&#x0D;\nla situaci\u00f3n actual del emprendimiento, el entorno en el que se desarrolla y como los actores&#x0D;\nsociales participan en la formaci\u00f3n de la cultura emprendedora de los estudiantes de d\u00e9cimo y&#x0D;\nonce de las principales Instituciones Educativas de la ciudad de Pasto.&#x0D;\n&#x0D;\nEn primer lugar se estudiaron los factores claves de los Bachilleres que le permiten desarrollar&#x0D;\nuna mentalidad emprendedora y as\u00ed modelar su Perfil Emprendedor; Se elabor\u00f3 una encuesta&#x0D;\ncon el fin de conocer las aptitudes, actitudes, competencias y dem\u00e1s caracter\u00edsticas que definen&#x0D;\nel perfil de los emprendedores en la cual se escoge aleatoriamente a los encuestados,&#x0D;\nal mismo tiempo se hace una b\u00fasqueda de los estudiantes que se han caracterizado por ser&#x0D;\nl\u00edderes en sus respectivos colegios para comparar informaci\u00f3n y resultados. Con los productos&#x0D;\nde la encuesta elaborada se determinaron los factores determinantes de \u00e9xito en construcci\u00f3n&#x0D;\nde una mentalidad emprendedora. Por \u00faltimo se analiza el entorno a trav\u00e9s de la entrevista&#x0D;\npersonalizada de una serie de actores que intervienen directa e indirectamente en el desarrollo&#x0D;\ny formaci\u00f3n de la mentalidad emprendedora de los estudiantes de grado d\u00e9cimo y once de las&#x0D;\ninstituciones educativas objeto de estudio.<\/jats:p>","DOI":"10.22490\/25392786.1514","type":"journal-article","created":{"date-parts":[[2017,8,16]],"date-time":"2017-08-16T15:11:37Z","timestamp":1502896297000},"page":"169","source":"Crossref","is-referenced-by-count":0,"title":["DIAGN\u00d3STICO DE LA SITUACI\u00d3N ACTUAL DEL EMPRENDIMIENTO EN LAS INSTITUCIONES EDUCATIVAS (GRADOS DECIMO Y ONCE) DE LA CIUDAD DE PASTO"],"prefix":"10.22490","volume":"3","author":[{"given":"Alicia Cristina","family":"Silva Calpa","sequence":"first","affiliation":[],"role":[{"role":"author","vocabulary":"crossref"}]},{"given":"Carlos Rub\u00e9n","family":"Trejos Moncayo","sequence":"additional","affiliation":[],"role":[{"role":"author","vocabulary":"crossref"}]}],"member":"9784","published-online":{"date-parts":[[2014,12,15]]},"container-title":["Revista Estrategia Organizacional"],"link":[{"URL":"http:\/\/hemeroteca.unad.edu.co\/index.php\/revista-estrategica-organizacio\/article\/viewFile\/1514\/1815","content-type":"application\/pdf","content-version":"vor","intended-application":"text-mining"}],"deposited":{"date-parts":[[2017,8,16]],"date-time":"2017-08-16T15:11:46Z","timestamp":1502896306000},"score":0.0,"resource":{"primary":{"URL":"http:\/\/hemeroteca.unad.edu.co\/index.php\/revista-estrategica-organizacio\/article\/view\/1514"}},"issued":{"date-parts":[[2014,12,15]]},"references-count":0,"URL":"https:\/\/doi.org\/10.22490\/25392786.1514","ISSN":["2539-2786"],"issn-type":[{"value":"2539-2786","type":"electronic"}],"published":{"date-parts":[[2014,12,15]]}},{"indexed":{"date-parts":[[2022,6,15]],"date-time":"2022-06-15T12:16:25Z","timestamp":1655295385766},"reference-count":0,"publisher":"Universidad Nacional Abierta y a Distancia","content-domain":{"domain":[],"crossmark-restriction":false},"DOI":"10.22490\/9789586517829.08","type":"book-chapter","created":{"date-parts":[[2022,6,14]],"date-time":"2022-06-14T17:35:16Z","timestamp":1655228116000},"page":"195-213","source":"Crossref","is-referenced-by-count":0,"title":["Hacia una pedagog\u00eda est\u00e9tica cr\u00edtica americana despu\u00e9s de Auschwitz"],"prefix":"10.22490","author":[{"given":"Jos\u00e9 Antonio","family":"Olivares Mena","sequence":"first","affiliation":[],"role":[{"role":"author","vocabulary":"crossref"}]}],"member":"9784","published-online":{"date-parts":[[2021,7,17]]},"container-title":["Pedagog\u00edas cr\u00edticas americanas"],"deposited":{"date-parts":[[2022,6,14]],"date-time":"2022-06-14T17:35:39Z","timestamp":1655228139000},"score":0.0,"resource":{"primary":{"URL":"https:\/\/libros.unad.edu.co\/index.php\/selloeditorial\/catalog\/view\/16\/27\/223"}},"issued":{"date-parts":[[2021,7,17]]},"references-count":0,"URL":"https:\/\/doi.org\/10.22490\/9789586517829.08","published":{"date-parts":[[2021,7,17]]}},{"indexed":{"date-parts":[[2025,5,14]],"date-time":"2025-05-14T07:42:41Z","timestamp":1747208561575,"version":"3.40.5"},"reference-count":0,"publisher":"Universidad Nacional Abierta y a Distancia","isbn-type":[{"type":"print","value":"9789586519250"}],"content-domain":{"domain":[],"crossmark-restriction":false},"abstract":"<jats:p>El  empleo  informal  es  un  fen\u00f3meno  que  brinda  sustento  econ\u00f3mico  a  una  im-portante porci\u00f3n de la poblaci\u00f3n de la capital del departamento de Antioquia. La comuna 10 de Medell\u00edn acoge una importante cantidad de venteros informales de la ciudad. Se realiza una revisi\u00f3n de fuentes de informaci\u00f3n secundaria sobre las estrategias de comercializaci\u00f3n m\u00e1s utilizadas por comerciantes no formalizados del sector La Candelaria, mediante el empleo de m\u00e9todo de an\u00e1lisis documental inductivo-deductivo, hist\u00f3rico-l\u00f3gico y dial\u00e9ctico. No se evidencia una teor\u00eda bien estructurada sobre estas formas de comercializaci\u00f3n, pero s\u00ed se identifican vertientes o corrientes como la estructuralista, dualista, voluntarista y mixta que han tratado de establecer el origen de la econom\u00eda informal, de la cual hacen parte los venteros informales. Durante el arqueo documental no se encuentran entidades dedicadas espec\u00edficamente a mejorar la condici\u00f3n de esta poblaci\u00f3n tan vulnerable, cosa que s\u00ed se da en relaci\u00f3n con las personas que tienen un empleo formal, quienes est\u00e1n cobijados por la regulaci\u00f3n y la gesti\u00f3n de la Organizaci\u00f3n Internacional del trabajo (Organizaci\u00f3n Internacional del Trabajo [OIT], 2021).Al desarrollar este estado del arte, se descubre que las estrategias que utilizan los venteros informales en la ciudad de Medell\u00edn se encuentran inmersas en lo que se conoce como mercadeo intuitivo, el cual se basa en el voz a voz y en sensibilidad del  vendedor  informal  que  le  permite  identificar  la  mejor  manera  de  lograr  sus  resultados,  dependiendo  de  diferentes  factores  como:  la  fecha,  la  hora,  el  clima,  la  ubicaci\u00f3n  geogr\u00e1fica,  el  mensaje  con  que  se  promueve  el  producto  o  servicio,  la  forma  de  presentaci\u00f3n  del  producto,  el  bajo  costo,  debido  (entre  otras  cosas)  al no cobro de impuestos y muchos otros aspectos que resultan determinantes al momento de concretar las ventas.La documentaci\u00f3n de las diferentes estrategias de las ventas que se desarrollan en medio de la informalidad puede servir como punto de partida para la generaci\u00f3n de  modelos  de  comercializaci\u00f3n  no  formal  para  dar  paso  a  mejores  condiciones  laborales y de vida para esta comunidad; as\u00ed mismo puede ayudar a conocer m\u00e1s profundamente el fen\u00f3meno de la econom\u00eda informal que, tal como lo menciona la teor\u00eda estructuralista, es el refugio para las personas que no encuentran un lugar en la econom\u00eda formal.<\/jats:p>","DOI":"10.22490\/9789586519250.12","type":"book-chapter","created":{"date-parts":[[2024,2,1]],"date-time":"2024-02-01T18:56:59Z","timestamp":1706813819000},"page":"207-224","source":"Crossref","is-referenced-by-count":0,"title":["Estado del arte sobre las estrategias de comercializaci\u00f3n utilizadas por los venteros informales de la Comuna 10 de Medell\u00edn"],"prefix":"10.22490","author":[{"ORCID":"https:\/\/orcid.org\/0000-0003-2695-4745","authenticated-orcid":false,"given":"Guillermo","family":"Giraldo Vargas","sequence":"first","affiliation":[],"role":[{"role":"author","vocabulary":"crossref"}]},{"ORCID":"https:\/\/orcid.org\/0000-0002-4575-4645","authenticated-orcid":false,"given":"Nelson Augusto","family":"Serna Porras","sequence":"additional","affiliation":[],"role":[{"role":"author","vocabulary":"crossref"}]},{"ORCID":"https:\/\/orcid.org\/0000-0002-5242-4345","authenticated-orcid":false,"given":"Henry","family":"Hincapi\u00e9 L\u00f3pez","sequence":"additional","affiliation":[],"role":[{"role":"author","vocabulary":"crossref"}]}],"member":"9784","published-online":{"date-parts":[[2023,10]]},"container-title":["Transformaci\u00f3n socioecon\u00f3mica desde los escenarios sustentables en la nueva normalidad"],"deposited":{"date-parts":[[2024,2,19]],"date-time":"2024-02-19T21:23:29Z","timestamp":1708377809000},"score":0.0,"resource":{"primary":{"URL":"https:\/\/libros.unad.edu.co\/index.php\/selloeditorial\/catalog\/view\/223\/197\/3925"}},"issued":{"date-parts":[[2023,10]]},"ISBN":["9789586519250"],"references-count":0,"URL":"https:\/\/doi.org\/10.22490\/9789586519250.12","published":{"date-parts":[[2023,10]]}},{"institution":[{"name":"Universidad Nacional Abierta y a Distancia","acronym":["UNAD"],"place":["Bogot\u00e1"],"department":["Cundinamarca"]}],"indexed":{"date-parts":[[2025,4,7]],"date-time":"2025-04-07T19:40:09Z","timestamp":1744054809718,"version":"3.40.3"},"reference-count":18,"publisher":"Sello Editorial UNAD","content-domain":{"domain":[],"crossmark-restriction":false},"published-print":{"date-parts":[[2022,12,31]]},"abstract":"<jats:p>La inmunoterapia ha revolucionado el tratamiento del c\u00e1ncer, y una de las estrategias m\u00e1s prometedoras es el uso de c\u00e9lulas asesinas naturales modificadas con receptores de ant\u00edgeno quim\u00e9rico (CAR-NK). Estas c\u00e9lulas combinan la especificidad de los receptores CAR con la capacidad citot\u00f3xica innata de las c\u00e9lulas NK, ofreciendo una alternativa eficaz y segura frente a otros tratamientos inmunoterap\u00e9uticos. Adem\u00e1s, el fenotipo ABO ha sido relacionado con diversas enfermedades hematol\u00f3gicas y no hematol\u00f3gicas, lo que sugiere un papel relevante de la gen\u00e9tica en la predisposici\u00f3n a ciertas patolog\u00edas. Por otro lado, la resistencia antimicrobiana se ha convertido en un problema cr\u00edtico en microbiolog\u00eda cl\u00ednica, requiriendo nuevas estrategias para combatir infecciones resistentes. En este art\u00edculo se analizan los avances recientes en la terapia con CAR-NK, el impacto del fenotipo ABO en enfermedades hematol\u00f3gicas y la investigaci\u00f3n en resistencia antimicrobiana, incluyendo nuevos enfoques terap\u00e9uticos y modelos experimentales.<\/jats:p>","DOI":"10.22490\/ecisa.9377","type":"report","created":{"date-parts":[[2025,4,7]],"date-time":"2025-04-07T19:21:49Z","timestamp":1744053709000},"source":"Crossref","is-referenced-by-count":0,"title":["Inmunoterapia, C\u00e1ncer, Gen\u00e9tica y Microbiolog\u00eda Cl\u00ednica"],"prefix":"10.22490","author":[{"given":"Luz Mery","family":"Bernal Parra","sequence":"first","affiliation":[],"role":[{"role":"author","vocabulary":"crossref"}]}],"member":"9784","published-online":{"date-parts":[[2022,12,31]]},"reference":[{"issue":"37","key":"ref0","doi-asserted-by":"publisher","first-page":"11","DOI":"10.22490\/24629448.5472","article-title":"C\u00e9lulas asesinas naturales con el receptor de ant\u00edgeno quim\u00e9rico (CAR-NK): terapia emergente contra el c\u00e1ncer","volume":"19","author":"V\u00e1zquez Rodr\u00edguez","year":"2021","unstructured":"V\u00e1zquez Rodr\u00edguez A, Mendoza-Rinc\u00f3n JF. C\u00e9lulas asesinas naturales con el receptor de ant\u00edgeno quim\u00e9rico (CAR-NK): terapia emergente contra el c\u00e1ncer. Rev NOVA. 2021;19(37):11-24.","journal-title":"Rev NOVA"},{"issue":"37","key":"ref1","doi-asserted-by":"publisher","first-page":"43","DOI":"10.22490\/24629448.5493","article-title":"Enfermedades hematol\u00f3gicas y no hematol\u00f3gicas relacionadas con el fenotipo ABO en pacientes de una unidad hospitalaria de Medell\u00edn","volume":"19","author":"Villa Palacio","year":"2021","unstructured":"Villa Palacio MI, Cuervo Araque CM, Rodr\u00edguez Palacio K. Enfermedades hematol\u00f3gicas y no hematol\u00f3gicas relacionadas con el fenotipo ABO en pacientes de una unidad hospitalaria de Medell\u00edn. Rev NOVA. 2021;19(37):43-56.","journal-title":"Rev NOVA"},{"issue":"37","key":"ref2","doi-asserted-by":"publisher","first-page":"57","DOI":"10.22490\/24629448.5495","article-title":"Prevalencia de resistencias de bacterias aisladas en hemocultivos, en un hospital universitario de Colombia","volume":"19","author":"Dur\u00e1n Lengua","year":"2021","unstructured":"Dur\u00e1n Lengua M, et al. Prevalencia de resistencias de bacterias aisladas en hemocultivos, en un hospital universitario de Colombia. Rev NOVA. 2021;19(37):57-69.","journal-title":"Rev NOVA"},{"key":"ref3","doi-asserted-by":"publisher","unstructured":"Po Catal\u00e3o Dionisio L, et al. Actividad antimicrobiana in vitro de los vinos del Duero sobre cepas cl\u00ednicas de Helicobacter pylori. Rev NOVA. 2021;19(37):121-134.","DOI":"10.22490\/24629448.5499"},{"key":"ref4","doi-asserted-by":"publisher","unstructured":"Velasco Garc\u00eda WJ, et al. Potencial antimicrobiano de extractos de plantas medicinales. Rev NOVA. 2021;19(37):95-108.","DOI":"10.22490\/24629448.5294"},{"key":"ref5","doi-asserted-by":"publisher","unstructured":"S\u00e1nchez Mora RM, et al. Caenorhabditis elegans como modelo de infecci\u00f3n. Rev NOVA. 2021;19(37):109-132.","DOI":"10.22490\/24629448.5295"},{"key":"ref6","doi-asserted-by":"publisher","unstructured":"Matar Khalil SR, Rubio Sandoval FC. El deterioro cognitivo como una complicaci\u00f3n de la diabetes mellitus tipo 2. Rev NOVA. 2021;19(37):25-41.","DOI":"10.22490\/24629448.5473"},{"key":"ref7","doi-asserted-by":"publisher","unstructured":"Carrillo Ram\u00edrez CE, Triana Reina HR. Relaci\u00f3n de la composici\u00f3n corporal y la velocidad de procesamiento cognitivo en estudiantes universitarios: un estudio transversal. Rev NOVA. 2021;19(37):143-156.","DOI":"10.22490\/24629448.5297"},{"key":"ref8","unstructured":"V\u00e1zquez Rodr\u00edguez A, Mendoza-Rinc\u00f3n JF. C\u00e9lulas asesinas naturales con el receptor de ant\u00edgeno quim\u00e9rico (CAR-NK): terapia emergente contra el c\u00e1ncer."},{"key":"ref9","unstructured":"Villa Palacio MI, Cuervo Araque CM, Rodr\u00edguez Palacio K. Enfermedades hematol\u00f3gicas y no hematol\u00f3gicas relacionadas con el fenotipo ABO en pacientes de una unidad hospitalaria de Medell\u00edn."},{"key":"ref10","unstructured":"Dur\u00e1n Lengua M, et al. Prevalencia de resistencias de bacterias aisladas en hemocultivos, en un hospital universitario de Colombia."},{"key":"ref11","unstructured":"Po Catal\u00e3o Dionisio L, et al. Actividad antimicrobiana in vitro de los vinos del Duero sobre cepas cl\u00ednicas de Helicobacter pylori."},{"key":"ref12","unstructured":"Velasco Garc\u00eda WJ, et al. Potencial antimicrobiano de extractos de plantas medicinales y sus mezclas frente a bacterias asociadas con conjuntivitis."},{"key":"ref13","unstructured":"S\u00e1nchez Mora RM, et al. Caenorhabditis elegans como modelo de infecci\u00f3n para el estudio de antimicrobianos."},{"key":"ref14","unstructured":"Lancheros D\u00edaz AG, et al. Producci\u00f3n de astaxantina bajo factores de estr\u00e9s utilizando un biorreactor a escala de laboratorio de 5 L."},{"key":"ref15","unstructured":"Bol\u00edvar Torres HH, et al. Microorganismos xer\u00f3filos cultivables de la zona semi\u00e1rida de la Tatacoa (Colombia)."},{"key":"ref16","unstructured":"Caycedo Lozano L, et al. Las bacterias, su nutrici\u00f3n y crecimiento: una mirada desde la qu\u00edmica."},{"issue":"37","key":"ref17","doi-asserted-by":"publisher","first-page":"157","DOI":"10.22490\/24629448.5298","article-title":"An\u00e1lisis de las tem\u00e1ticas y enfoques de los art\u00edculos publicados en la Revista NOVA en el periodo comprendido entre 2014 y 2019","volume":"19","author":"Ostos Ortiz","year":"2021","unstructured":"Ostos Ortiz OL, Aparicio G\u00f3mez OY, Gonzales Devia JL, Rosas Arango SM. An\u00e1lisis de las tem\u00e1ticas y enfoques de los art\u00edculos publicados en la Revista NOVA en el periodo comprendido entre 2014 y 2019. Rev NOVA. 2021;19(37):157-179.","journal-title":"Rev NOVA"}],"deposited":{"date-parts":[[2025,4,7]],"date-time":"2025-04-07T19:22:37Z","timestamp":1744053757000},"score":0.0,"resource":{"primary":{"URL":"https:\/\/hemeroteca.unad.edu.co\/index.php\/wp_ecisa\/article\/view\/9377"}},"issued":{"date-parts":[[2022,12,31]]},"references-count":18,"URL":"https:\/\/doi.org\/10.22490\/ecisa.9377","published":{"date-parts":[[2022,12,31]]}},{"indexed":{"date-parts":[[2025,11,21]],"date-time":"2025-11-21T23:06:35Z","timestamp":1763766395906},"reference-count":0,"publisher":"Universidad Nacional Abierta y a Distancia","issue":"2","license":[{"start":{"date-parts":[[2013,10,15]],"date-time":"2013-10-15T00:00:00Z","timestamp":1381795200000},"content-version":"unspecified","delay-in-days":0,"URL":"https:\/\/creativecommons.org\/licenses\/by\/4.0\/deed.es"}],"content-domain":{"domain":[],"crossmark-restriction":false},"short-container-title":["rev.investig.agrar.ambient."],"abstract":"<jats:p>&lt;p&gt;Se evalu\u00f3 el aporte de nitr\u00f3geno a un suelo &lt;em&gt;Typic Haplustalfs &lt;\/em&gt;por parte de la especie &lt;em&gt;Mucuna pruriens &lt;\/em&gt;como abono verde y cobertura, y su efecto sobre el rendimiento de ma\u00edz dulce (&lt;em&gt;Zea mays L.&lt;\/em&gt;). Se encontr\u00f3 incremento m\u00e1ximo en el suelo de 201 kg ha-1, la cu\u00e1l contrast\u00f3 con el testigo. El tratamiento donde se us\u00f3 el abono verde m\u00e1s compost 2.5 t ha-1 y fertilizante de s\u00edntesis 125 kg ha-1, obtuvo el mayor rendimiento de grano seco de ma\u00edz 7 t ha-1 el cu\u00e1l se considera bastante bueno para esta zona agroecol\u00f3gica. El uso de compost y fertilizante de s\u00edntesis en la cobertura, no tuvo un efecto significativo sobre el rendimiento del ma\u00edz, posiblemente por su din\u00e1mica de p\u00e9rdidas.&lt;\/p&gt;<\/jats:p>","DOI":"10.22490\/21456453.978","type":"journal-article","created":{"date-parts":[[2017,3,28]],"date-time":"2017-03-28T15:17:48Z","timestamp":1490714268000},"page":"149","source":"Crossref","is-referenced-by-count":2,"title":["Aporte de Nitr\u00f3geno al suelo por Mucuna pruriens y su efecto sobre el rendimiento de ma\u00edz dulce (Zea mays L.)"],"prefix":"10.22490","volume":"4","author":[{"given":"Oscar Eduardo","family":"Sanclemente Reyes","sequence":"first","affiliation":[],"role":[{"role":"author","vocabulary":"crossref"}]},{"given":"Mart\u00edn","family":"Prager Mosquera","sequence":"additional","affiliation":[],"role":[{"role":"author","vocabulary":"crossref"}]},{"given":"Liliana Roc\u00edo","family":"Beltr\u00e1n Acevedo","sequence":"additional","affiliation":[],"role":[{"role":"author","vocabulary":"crossref"}]}],"member":"9784","published-online":{"date-parts":[[2013,10,15]]},"container-title":["Revista de Investigaci\u00f3n Agraria y Ambiental"],"link":[{"URL":"http:\/\/hemeroteca.unad.edu.co\/index.php\/riaa\/article\/viewFile\/978\/961","content-type":"application\/pdf","content-version":"vor","intended-application":"text-mining"}],"deposited":{"date-parts":[[2017,3,28]],"date-time":"2017-03-28T15:17:50Z","timestamp":1490714270000},"score":0.0,"resource":{"primary":{"URL":"http:\/\/hemeroteca.unad.edu.co\/index.php\/riaa\/article\/view\/978"}},"issued":{"date-parts":[[2013,10,15]]},"references-count":0,"journal-issue":{"issue":"2","published-online":{"date-parts":[[2013,10,15]]}},"URL":"https:\/\/doi.org\/10.22490\/21456453.978","ISSN":["2145-6453","2145-6097"],"issn-type":[{"value":"2145-6453","type":"electronic"},{"value":"2145-6097","type":"print"}],"published":{"date-parts":[[2013,10,15]]}},{"indexed":{"date-parts":[[2025,3,29]],"date-time":"2025-03-29T04:14:44Z","timestamp":1743221684646,"version":"3.40.3"},"reference-count":0,"publisher":"Sello Editorial UNAD","isbn-type":[{"value":"9789586519694","type":"electronic"}],"content-domain":{"domain":[],"crossmark-restriction":false},"published-print":{"date-parts":[[2024]]},"abstract":"<jats:p\/>","DOI":"10.22490\/unad.9789586519694.3","type":"book-chapter","created":{"date-parts":[[2025,3,28]],"date-time":"2025-03-28T20:51:20Z","timestamp":1743195080000},"page":"62-87","source":"Crossref","is-referenced-by-count":0,"title":["Chapter 3 | Theoretical framework: mportance of training for the generation and appropriation of the culture of Research Ethics, Bioethics and Scientific Integrity Basic and Environmental Sciences"],"prefix":"10.22490","author":[{"given":"Rodrigo Hern\u00e1n","family":"Garc\u00eda Alarc\u00f3n","sequence":"additional","affiliation":[],"role":[{"role":"author","vocabulary":"crossref"}]}],"member":"9784","container-title":["Building A Culture In Research Ethics, Bioethics And Scientific Integrity"],"deposited":{"date-parts":[[2025,3,28]],"date-time":"2025-03-28T20:51:23Z","timestamp":1743195083000},"score":0.0,"resource":{"primary":{"URL":"https:\/\/libros.unad.edu.co\/index.php\/selloeditorial\/catalog\/view\/347\/272\/5810"}},"issued":{"date-parts":[[2024]]},"ISBN":["9789586519694"],"references-count":0,"URL":"https:\/\/doi.org\/10.22490\/unad.9789586519694.3","published":{"date-parts":[[2024]]}},{"indexed":{"date-parts":[[2025,10,21]],"date-time":"2025-10-21T16:42:02Z","timestamp":1761064922650,"version":"build-2065373602"},"reference-count":0,"publisher":"Sello Editorial UNAD","isbn-type":[{"value":"9786287786875","type":"electronic"}],"content-domain":{"domain":[],"crossmark-restriction":false},"published-print":{"date-parts":[[2025]]},"abstract":"<jats:p>Este documento explora el suicidio como un problema de salud mental creciente en este departamento colombiano. En la introducci\u00f3n, se destaca la importancia de este fen\u00f3meno y su impacto social. El marco te\u00f3rico abarca diversas teor\u00edas, como la teor\u00eda psicol\u00f3gica interpersonal, la teor\u00eda motivacional-volitiva y la teor\u00eda de los tres pasos, que explican los factores que contribuyen al suicidio, como la desesperanza y la falta de pertenencia. La metodolog\u00eda incluye un an\u00e1lisis de datos epidemiol\u00f3gicos y sociodemogr\u00e1ficos del Tolima, identificando factores de riesgo como la edad, el sexo y el estado civil. Los resultados revelan un perfil de riesgo suicida en la regi\u00f3n, con una alta incidencia entre los j\u00f3venes y personas de contextos vulnerables. Las conclusiones enfatizan la necesidad de desarrollar intervenciones y pol\u00edticas p\u00fablicas efectivas para la prevenci\u00f3n del suicidio, adaptadas a las caracter\u00edsticas locales del Tolima, y subrayan la importancia de la investigaci\u00f3n continua en este campo para mejorar la salud mental regional.<\/jats:p>","DOI":"10.22490\/unad.9786287786875","type":"monograph","created":{"date-parts":[[2025,10,21]],"date-time":"2025-10-21T16:00:11Z","timestamp":1761062411000},"source":"Crossref","is-referenced-by-count":0,"title":["La sombra del suicidio"],"prefix":"10.22490","author":[{"given":"Jeisson Tobias","family":"Rengifo Cuervo","sequence":"first","affiliation":[],"role":[{"role":"author","vocabulary":"crossref"}]},{"given":"Amparo","family":"Quintero Padilla","sequence":"additional","affiliation":[],"role":[{"role":"author","vocabulary":"crossref"}]},{"given":"Liliana","family":"Oviedo Tovar","sequence":"additional","affiliation":[],"role":[{"role":"author","vocabulary":"crossref"}]},{"given":"Liliana","family":"S\u00e1nchez Ram\u00edrez","sequence":"additional","affiliation":[],"role":[{"role":"author","vocabulary":"crossref"}]},{"given":"Ronald Alberto","family":"Toro Tobar","sequence":"additional","affiliation":[],"role":[{"role":"author","vocabulary":"crossref"}]}],"member":"9784","published-online":{"date-parts":[[2025]]},"link":[{"URL":"https:\/\/simeh.co\/resources\/ithenticate\/view\/73f70f1551ef423b684c71e53f0a0e87","content-type":"unspecified","content-version":"vor","intended-application":"similarity-checking"}],"deposited":{"date-parts":[[2025,10,21]],"date-time":"2025-10-21T16:00:41Z","timestamp":1761062441000},"score":0.0,"resource":{"primary":{"URL":"https:\/\/libros.unad.edu.co\/index.php\/selloeditorial\/catalog\/book\/283"}},"subtitle":["un an\u00e1lisis multifactorial de la conducta autodestructiva"],"issued":{"date-parts":[[2025]]},"ISBN":["9786287786875"],"references-count":0,"URL":"https:\/\/doi.org\/10.22490\/unad.9786287786875","published":{"date-parts":[[2025]]}},{"institution":[{"name":"Universidad Nacional Abierta y a Distancia","acronym":["UNAD"],"place":["Bogot\u00e1"],"department":["Cundinamarca"]}],"indexed":{"date-parts":[[2025,12,11]],"date-time":"2025-12-11T15:25:02Z","timestamp":1765466702524,"version":"3.48.0"},"reference-count":0,"publisher":"Sello Editorial UNAD","content-domain":{"domain":[],"crossmark-restriction":false},"published-print":{"date-parts":[[2025,6,29]]},"abstract":"<jats:p>En los \u00faltimos a\u00f1os, la detecci\u00f3n de intrusiones en redes ha evolucionado hacia enfoques avanzados que integran aprendizaje profundo y modelos probabil\u00edsticos adaptativos. En este contexto, el trabajo A Newark intrusion detection method based on contrastive learning and Bayesian Gaussian Mixture Model (Liu &amp; Xu, 2025) propone un sistema en dos etapas: aprendizaje contrastivo y modelo bayesiano de mezcla gaussiana, logrando alta precisi\u00f3n sin necesidad de remuestreo ni ingenier\u00eda manual de caracter\u00edsticas. Este enfoque complementa estudios recientes que exploran arquitecturas modernas para NIDS. Por ejemplo, Xi,\u202fWang y Wang (2024) presentan un modelo multi-escala basado en Transformer (IDS-MTran) que alcanza &gt;99\u202f% de precisi\u00f3n en datasets como UNSW-NB15, mejorando la captaci\u00f3n de patrones intrusivos en distintos niveles de tr\u00e1fico. Asimismo, Singh y Jang-Jaccard (2022) desarrollaron una red autoencoder multiescala (MSCNN-LSTM-AE) que aprovecha correlaciones espaciales y temporales para detecci\u00f3n no supervisada, logrando un F1-score alto en NSL-KDD, UNSW-NB15 y CIC-DDoS2019. Estas propuestas reflejan una tendencia s\u00f3lida en los proyectos de I+D+i en la comunidad acad\u00e9mica, que buscan combinar m\u00e9todos de aprendizaje profundo con modelado probabil\u00edstico o atencional, optimizando tanto rendimiento como adaptabilidad. La metodolog\u00eda de Liu y Xu (2025) se inscribe en esta corriente, ofreciendo una soluci\u00f3n pr\u00e1ctica y escalable para la detecci\u00f3n de intrusiones, incluso en escenarios de tr\u00e1fico desbalanceado.<\/jats:p>","DOI":"10.22490\/unad-csirt-b38","type":"report","created":{"date-parts":[[2025,12,11]],"date-time":"2025-12-11T15:21:14Z","timestamp":1765466474000},"source":"Crossref","is-referenced-by-count":0,"title":["Detecci\u00f3n de intrusos con aprendizaje contrastivo y mezcla gaussiana bayesiana"],"prefix":"10.22490","author":[{"given":"Hernando jos\u00e9","family":"Pe\u00f1a Hidalgo","sequence":"first","affiliation":[],"role":[{"role":"author","vocabulary":"crossref"}]},{"given":"Luis Fernando","family":"Zambrano Hern\u00e1ndez","sequence":"additional","affiliation":[],"role":[{"role":"author","vocabulary":"crossref"}]},{"given":"Nestor ra\u00fal","family":"Cardenas Corral","sequence":"additional","affiliation":[],"role":[{"role":"author","vocabulary":"crossref"}]},{"given":"Sonia Ximena","family":"Moreno Molano","sequence":"additional","affiliation":[],"role":[{"role":"author","vocabulary":"crossref"}]}],"member":"9784","published-online":{"date-parts":[[2025,6,29]]},"deposited":{"date-parts":[[2025,12,11]],"date-time":"2025-12-11T15:21:14Z","timestamp":1765466474000},"score":0.0,"resource":{"primary":{"URL":"https:\/\/selloeditorial.unad.edu.co\/images\/Documentos\/ciberseguridad\/Boletin\/Junio_2025.pdf"}},"issued":{"date-parts":[[2025,6,29]]},"references-count":0,"URL":"https:\/\/doi.org\/10.22490\/unad-csirt-b38","published":{"date-parts":[[2025,6,29]]}},{"indexed":{"date-parts":[[2025,11,13]],"date-time":"2025-11-13T22:28:11Z","timestamp":1763072891308,"version":"3.45.0"},"reference-count":0,"publisher":"Sello Editorial UNAD","isbn-type":[{"type":"electronic","value":"9786287786387"}],"content-domain":{"domain":[],"crossmark-restriction":false},"abstract":"<jats:p>El Libro\u00a0\u201cConvergencias entre la acci\u00f3n social solidaria y la sostenibilidad: el impacto Unadista en los territorios colombianos\u201d surge como un esfuerzo por visibilizar diversas experiencias significativas de encuentro entre la academia y la comunidad, donde el l\u00edder Unadista reconoce los recursos y oportunidades, al tiempo que visualiza debilidades y amenazas, y desde un pensamiento cr\u00edtico, creativo y solidario, despliega junto con los colectivos, diversas apuestas para el desarrollo de acciones innovadoras que promueven la gesti\u00f3n de la acci\u00f3n del conocimiento con el contexto, permitiendo que se construyan puentes entre el saber acad\u00e9mico y las realidades del entorno local y regional, a trav\u00e9s de un proceso participativo donde la colaboraci\u00f3n, la co-construcci\u00f3n y el compromiso mutuo, son la base dial\u00f3gica para fomentar los procesos de transformaci\u00f3n social en los territorios. As\u00ed mismo, se destaca el papel del liderazgo acad\u00e9mico en el dise\u00f1o de estrategias que no solo responden a las necesidades inmediatas de los territorios, sino que tambi\u00e9n promueven la sostenibilidad a largo plazo incentivando la generaci\u00f3n de soluciones contextualizadas que atiendan a las problem\u00e1ticas locales y a los desaf\u00edos globales, en el marco de la agenda 2030, en cuanto a la contribuci\u00f3n a las metas de los ODS y el empoderamiento comunitario. El libro se considera un importante aporte para visibilizar que la investigaci\u00f3n en la UNAD y la producci\u00f3n de nuevo conocimiento est\u00e1 totalmente ligada a las necesidades y situaciones de sujetos, grupos y colectivos partiendo de las l\u00f3gicas concretas, cambiantes, situadas y del arraigo e identidad cultural.<\/jats:p>","DOI":"10.22490\/unad.9786287786387","type":"monograph","created":{"date-parts":[[2025,10,31]],"date-time":"2025-10-31T14:15:38Z","timestamp":1761920138000},"source":"Crossref","is-referenced-by-count":0,"title":["Convergencias entre la acci\u00f3n social solidaria y la sostenibilidad"],"prefix":"10.22490","author":[{"given":"Nidia Milena","family":"Moreno L\u00f3pez","sequence":"first","affiliation":[],"role":[{"role":"author","vocabulary":"crossref"}]},{"given":"Adriana","family":"Mar\u00eda","sequence":"additional","affiliation":[],"role":[{"role":"author","vocabulary":"crossref"}]},{"given":"Adriana","family":"Valencia","sequence":"additional","affiliation":[],"role":[{"role":"author","vocabulary":"crossref"}]},{"given":"Almeida","family":"Liliana","sequence":"additional","affiliation":[],"role":[{"role":"author","vocabulary":"crossref"}]},{"given":"Adriana Mar\u00eda","family":"Rojas Angarita","sequence":"additional","affiliation":[],"role":[{"role":"author","vocabulary":"crossref"}]},{"given":"Andrea","family":"Isabel","sequence":"additional","affiliation":[],"role":[{"role":"author","vocabulary":"crossref"}]},{"given":"Adriana","family":"Valencia Zapata","sequence":"additional","affiliation":[],"role":[{"role":"author","vocabulary":"crossref"}]},{"given":"Almeida Liliana","family":"Gonz\u00e1lez Mendoza","sequence":"additional","affiliation":[],"role":[{"role":"author","vocabulary":"crossref"}]},{"given":"\u00c1lvaro Augusto","family":"Choach\u00ed","sequence":"additional","affiliation":[],"role":[{"role":"author","vocabulary":"crossref"}]},{"given":"Andrea Isabel","family":"Barrera Siabato","sequence":"additional","affiliation":[],"role":[{"role":"author","vocabulary":"crossref"}]},{"given":"Astrid Carolina","family":"Ospina Mar\u00edn","sequence":"additional","affiliation":[],"role":[{"role":"author","vocabulary":"crossref"}]},{"given":"Claudia Luc\u00eda","family":"Mantilla Ronderos","sequence":"additional","affiliation":[],"role":[{"role":"author","vocabulary":"crossref"}]},{"given":"Daniel","family":"Araujo Romero","sequence":"additional","affiliation":[],"role":[{"role":"author","vocabulary":"crossref"}]},{"given":"Delia Alejandra","family":"Madriz Rodr\u00edguez","sequence":"additional","affiliation":[],"role":[{"role":"author","vocabulary":"crossref"}]},{"given":"Jos\u00e9 Alexander","family":"Herrera Contreras","sequence":"additional","affiliation":[],"role":[{"role":"author","vocabulary":"crossref"}]},{"given":"Nelly","family":"Campos Ram\u00edrez","sequence":"additional","affiliation":[],"role":[{"role":"author","vocabulary":"crossref"}]},{"given":"Orlando","family":"Montenegro Romero","sequence":"additional","affiliation":[],"role":[{"role":"author","vocabulary":"crossref"}]},{"given":"Almeida","family":"Liliana","sequence":"additional","affiliation":[],"role":[{"role":"author","vocabulary":"crossref"}]}],"member":"9784","published-online":{"date-parts":[[2025]]},"deposited":{"date-parts":[[2025,11,13]],"date-time":"2025-11-13T22:25:09Z","timestamp":1763072709000},"score":0.0,"resource":{"primary":{"URL":"https:\/\/libros.unad.edu.co\/index.php\/selloeditorial\/catalog\/book\/327"}},"subtitle":["el impacto Unadista en los territorios colombianos"],"issued":{"date-parts":[[2025]]},"ISBN":["9786287786387"],"references-count":0,"URL":"https:\/\/doi.org\/10.22490\/unad.9786287786387","published":{"date-parts":[[2025]]}},{"indexed":{"date-parts":[[2025,12,14]],"date-time":"2025-12-14T15:57:48Z","timestamp":1765727868382},"reference-count":0,"publisher":"Universidad Nacional Abierta y a Distancia","content-domain":{"domain":[],"crossmark-restriction":false},"DOI":"10.22490\/ecapma.2771","type":"report","created":{"date-parts":[[2019,4,12]],"date-time":"2019-04-12T20:18:12Z","timestamp":1555100292000},"source":"Crossref","is-referenced-by-count":2,"title":["Ensayo de jarras para el control del proceso de coagulaci\u00f3n en el tratamiento de aguas residuales industriales"],"prefix":"10.22490","author":[{"given":"Diana Marcela","family":"F\u00faquene","sequence":"first","affiliation":[],"role":[{"role":"author","vocabulary":"crossref"}]},{"given":"Andrea Viviana","family":"Yate","sequence":"additional","affiliation":[],"role":[{"role":"author","vocabulary":"crossref"}]}],"member":"9784","published-online":{"date-parts":[[2018]]},"deposited":{"date-parts":[[2019,4,12]],"date-time":"2019-04-12T20:18:12Z","timestamp":1555100292000},"score":0.0,"resource":{"primary":{"URL":"http:\/\/hemeroteca.unad.edu.co\/index.php\/workpaper\/article\/view\/2771"}},"issued":{"date-parts":[[2018]]},"references-count":0,"URL":"https:\/\/doi.org\/10.22490\/ecapma.2771","published":{"date-parts":[[2018]]}},{"indexed":{"date-parts":[[2025,12,17]],"date-time":"2025-12-17T08:50:22Z","timestamp":1765961422460,"version":"build-2065373602"},"reference-count":332,"publisher":"Universidad Nacional Abierta y a Distancia","issue":"2","content-domain":{"domain":[],"crossmark-restriction":false},"short-container-title":["Rev. Estrateg. Organ."],"abstract":"<jats:p>Financial management decisions are made by people, and people, in all instances, are shaped by their behavioral traits. Here we provide extensive insight on the theoretical and empirical analysis made on cognitive biases and their influence on financial decisions. To provide a systematic exposition, we set three broad categories: heuristics and biases, choices (including framing and preferences) and social factors. We then describe the main biases within each category and provide an extensive revision of the main theoretical and empirical developments about their impact on financial decisions.<\/jats:p>","DOI":"10.22490\/25392786.4963","type":"journal-article","created":{"date-parts":[[2021,7,28]],"date-time":"2021-07-28T17:28:26Z","timestamp":1627493306000},"source":"Crossref","is-referenced-by-count":4,"title":["The effect of behavioral biases on financial decisions"],"prefix":"10.22490","volume":"10","author":[{"given":"David","family":"Pe\u00f3n","sequence":"first","affiliation":[],"role":[{"role":"author","vocabulary":"crossref"}]},{"given":"Manel","family":"Antelo","sequence":"additional","affiliation":[],"role":[{"role":"author","vocabulary":"crossref"}]}],"member":"9784","published-online":{"date-parts":[[2021,7,21]]},"reference":[{"key":"ref0","doi-asserted-by":"publisher","first-page":"281","DOI":"10.1007\/s10679-005-7594-2","article-title":"What's in a name? An experimental examination of investment behavior","volume":"9","author":"Ackert","year":"2005","unstructured":"Ackert, L., Church, B., Tompkins, J. y Zhang, P. (2005). What's in a name? An experimental examination of investment behavior. Review of Finance 9, 281-304.","journal-title":"Review of Finance"},{"issue":"3","key":"ref1","doi-asserted-by":"publisher","first-page":"152","DOI":"10.1037\/a0029513","article-title":"Physiological evidence of attraction to chance","volume":"5","author":"Adam","year":"2012","unstructured":"Adam, M. y Kroll, E. (2012). Physiological evidence of attraction to chance. Journal of Neuroscience, Psychology and Economics 5(3), 152-165.","journal-title":"Journal of Neuroscience Psychology and Economics"},{"issue":"1","key":"ref2","doi-asserted-by":"publisher","first-page":"165","DOI":"10.1016\/j.jfineco.2012.08.006","article-title":"Lost in translation? The effect of cultural values on mergers around the world","volume":"117","author":"Ahern","year":"2015","unstructured":"Ahern, K., Daminelli, D. y Fracassi, C. (2015). Lost in translation? The effect of cultural values on mergers around the world. Journal of Financial Economics 117(1), 165-189.","journal-title":"Journal of Financial Economics"},{"key":"ref3","doi-asserted-by":"publisher","first-page":"219","DOI":"10.2307\/2553741","article-title":"The case against conservative macroeconomics: An inaugural lecture","volume":"46","author":"Akerlof","year":"1979","unstructured":"Akerlof, G. (1979). The case against conservative macroeconomics: An inaugural lecture. Economica, 46, 219-237.","journal-title":"Economica"},{"key":"ref4","unstructured":"Akerlof, G. y Shiller, R. (2009). How animal spirits destabilize economies. McKinsey Quarterly 3, 127-135."},{"key":"ref5","doi-asserted-by":"publisher","first-page":"1188","DOI":"10.1111\/ecoj.12035","article-title":"The effect of ambiguity aversion on insurance and self-protection","volume":"123","author":"Alary","year":"2013","unstructured":"Alary, D., Gollier, C. y Treich, N. (2013). The effect of ambiguity aversion on insurance and self-protection. The Economic Journal, 123, 1188-1202.","journal-title":"The Economic Journal"},{"key":"ref6","doi-asserted-by":"publisher","first-page":"182","DOI":"10.1016\/j.jebo.2012.08.004","article-title":"Faith in intuition and behavioral biases","author":"Al\u00f3s-Ferrer","year":"2012","unstructured":"Al\u00f3s-Ferrer, C. y H\u00fcgelsch\u00e4fer, S. (2012). Faith in intuition and behavioral biases. Journal of Economic Behavior & Organization, 84, 182-192.","journal-title":"Journal of Economic Behavior & Organization 84"},{"key":"ref7","unstructured":"Alpert, M. y Raifa, H. (1969). A progress report on the training of probability assessors. Kahneman, D., Slovic, P. y Tversky, A. (Edts.). Judgment under uncertainty: Heuristics and biases. Cambridge University Press."},{"issue":"3","key":"ref8","doi-asserted-by":"publisher","first-page":"583","DOI":"10.1111\/j.1468-0262.2008.00848.x","article-title":"Eliciting risk and time preferences","volume":"76","author":"Andersen","year":"2008","unstructured":"Andersen, S., Harrison, G., Lau, M. y Rutstr\u00f6m, E. (2008). Eliciting risk and time preferences. Econometrica, 76(3), 583-618.","journal-title":"Econometrica"},{"issue":"7","key":"ref9","doi-asserted-by":"publisher","first-page":"3357","DOI":"10.1257\/aer.102.7.3357","article-title":"Risk preferences are not time preferences","volume":"102","author":"Andreoni","year":"2012","unstructured":"Andreoni, J. y Sprenger, C. (2012). Risk preferences are not time preferences. American Economic Review, 102(7), 3357-76.","journal-title":"American Economic Review"},{"key":"ref10","unstructured":"Argyle, M. (1991). Cooperation: The basis of sociability. Routledge."},{"issue":"1","key":"ref11","doi-asserted-by":"publisher","first-page":"544","DOI":"10.1257\/aer.99.1.544","article-title":"Doing good or doing well? Image motivation and monetary incentives in behaving prosocially","volume":"99","author":"Ariely","year":"2009","unstructured":"Ariely, D., Bracha, A. y Meier, S. (2009). Doing good or doing well? Image motivation and monetary incentives in behaving prosocially. The American Economic Review, 99(1), 544-555.","journal-title":"The American Economic Review"},{"key":"ref12","doi-asserted-by":"publisher","first-page":"67","DOI":"10.1016\/j.obhdp.2007.04.005","article-title":"Reference point adaptation: Tests in the domain of security trading","author":"Arkes","year":"2008","unstructured":"Arkes, H., Hirshleifer, D., Jiang, D. y Lim, S. (2008). Reference point adaptation: Tests in the domain of security trading. Organizational Behavior and Human Decision Processes, 105, 67-81.","journal-title":"Organizational Behavior and Human Decision Processes 105"},{"issue":"2","key":"ref13","doi-asserted-by":"publisher","first-page":"99","DOI":"10.1016\/j.obhdp.2010.02.002","article-title":"A cross-cultural study of reference point adaptation: Evidence from China, Korea and the US","volume":"112","author":"Arkes","year":"2010","unstructured":"Arkes, H., Hirshleifer, D., Jiang, D. y Lim, S. (2010). A cross-cultural study of reference point adaptation: Evidence from China, Korea and the US. Organizational Behavior and Human Decision Processes, 112(2), 99-111.","journal-title":"Organizational Behavior and Human Decision Processes"},{"key":"ref14","doi-asserted-by":"publisher","DOI":"10.1037\/10025-000","article-title":"Social Psychology","author":"Asch","year":"1952","unstructured":"Asch, S. (1952). Social Psychology. Prentice Hall.","journal-title":"Prentice Hall"},{"key":"ref15","unstructured":"Baker, M., Ruback, R. y Wurgler, J. (2007). Behavioral corporate finance: A survey. Eckbo, E. (edit.). The handbook of corporate finance: empirical corporate finance. Elsevier."},{"issue":"5","key":"ref16","doi-asserted-by":"publisher","first-page":"1071","DOI":"10.1111\/1475-679X.12026","article-title":"Econometrics of the Basu asymmetric timeliness coefficient and accounting conservatism","volume":"51","author":"Ball","year":"2013","unstructured":"Ball, R., Kothari, S. y Nikolaev, V. (2013). Econometrics of the Basu asymmetric timeliness coefficient and accounting conservatism. Journal of Accounting Research, 51(5), 1071-97.","journal-title":"Journal of Accounting Research"},{"issue":"4","key":"ref17","doi-asserted-by":"publisher","first-page":"495","DOI":"10.1016\/S1053-5357(98)80004-8","article-title":"The economic value of status","volume":"27","author":"Ball","year":"1998","unstructured":"Ball, S. y Eckel, C. (1998). The economic value of status. Journal of Socio-Economics, 27(4), 495-514.","journal-title":"Journal of Socio-Economics"},{"issue":"1","key":"ref18","doi-asserted-by":"publisher","first-page":"161","DOI":"10.1162\/003355301556374","article-title":"Status in markets","volume":"116","author":"Ball","year":"2001","unstructured":"Ball, S., Eckel, C., Grossman, P. y Zane, W. (2001). Status in markets. The Quarterly Journal of Economics, 116(1), 161-188.","journal-title":"The Quarterly Journal of Economics"},{"key":"ref19","doi-asserted-by":"publisher","unstructured":"Barber, B. y Odean, T. (2001). Boys will be boys: Gender, overconfidence, and common stock investment, The Quarterly Journal of Economics, 116(1), 261-292.","DOI":"10.1162\/003355301556400"},{"issue":"2","key":"ref20","doi-asserted-by":"publisher","first-page":"785","DOI":"10.1093\/rfs\/hhm079","article-title":"All that glitters: The effect of attention and news on the buying behavior of individual and institutional investors","volume":"21","author":"Barber","year":"2008","unstructured":"Barber, B. y Odean, T. (2008). All that glitters: The effect of attention and news on the buying behavior of individual and institutional investors. Review of Financial Studies, 21(2), 785-818.","journal-title":"Review of Financial Studies"},{"issue":"1","key":"ref21","doi-asserted-by":"publisher","first-page":"173","DOI":"10.1257\/jep.27.1.173","article-title":"Thirty years of prospect theory in Economics: A review and assessment","volume":"27","author":"Barberis","year":"2013","unstructured":"Barberis, N. (2013). Thirty years of prospect theory in Economics: A review and assessment. The Journal of Economic Perspectives, 27(1), 173-195.","journal-title":"The Journal of Economic Perspectives"},{"key":"ref22","doi-asserted-by":"publisher","unstructured":"Barberis, N. y Huang, M. (2001), Mental accounting, loss aversion and individual stock returns, The Journal of Finance 56(4), 1247-92.","DOI":"10.1111\/0022-1082.00367"},{"issue":"1","key":"ref23","doi-asserted-by":"publisher","first-page":"1","DOI":"10.1162\/003355301556310","article-title":"Prospect theory and asset prices","volume":"116","author":"Barberis","year":"2001","unstructured":"Barberis, N., Huang, M. y Santos, T. (2001). Prospect theory and asset prices. The Quarterly Journal of Economics, 116(1), 1-53.","journal-title":"The Quarterly Journal of Economics"},{"key":"ref24","doi-asserted-by":"publisher","first-page":"1069","DOI":"10.1257\/aer.96.4.1069","article-title":"Individual preferences, monetary gambles, and stock market participation: A case for narrow framing","volume":"96","author":"Barberis","year":"2006","unstructured":"Barberis, N., Huang, M. y Thaler, R. (2006). Individual preferences, monetary gambles, and stock market participation: A case for narrow framing. American Economic Review, 96, 1069-1090.","journal-title":"American Economic Review"},{"key":"ref25","doi-asserted-by":"publisher","unstructured":"Barberis, N. y Huang, M. (2007). The loss aversion\/narrow framing approach to the equity premium puzzle. Mehra, R. (edit.) Handbook of Investments: Equity Premium, (pp. 199-229).","DOI":"10.1016\/B978-044450899-7.50011-7"},{"issue":"5","key":"ref26","doi-asserted-by":"publisher","first-page":"2066","DOI":"10.1257\/aer.98.5.2066","article-title":"Stock as lotteries: The implication of probability weighting for security prices","volume":"98","author":"Barberis","year":"2008","unstructured":"Barberis, N. y Huang, M. (2008). Stock as lotteries: The implication of probability weighting for security prices. American Economic Review, 98(5), 2066-2100.","journal-title":"American Economic Review"},{"issue":"8","key":"ref27","doi-asserted-by":"publisher","first-page":"1555","DOI":"10.1016\/j.jedc.2009.01.009","article-title":"Preferences with frames: A new utility specification that allows for the framing of risks","volume":"33","author":"Barberis","year":"2009","unstructured":"Barberis, N. y Huang, M. (2009). Preferences with frames: A new utility specification that allows for the framing of risks. Journal of Economics Dynamics & Control, 33(8), 1555-76.","journal-title":"Journal of Economics Dynamics & Control"},{"issue":"3","key":"ref28","doi-asserted-by":"publisher","first-page":"307","DOI":"10.1016\/S0304-405X(98)00027-0","article-title":"A model of investor sentiment","volume":"49","author":"Barberis","year":"1998","unstructured":"Barberis, N., Shleifer, A. y Vishny, R. (1998). A model of investor sentiment. Journal of Financial Economics, 49(3), 307-343.","journal-title":"Journal of Financial Economics"},{"key":"ref29","doi-asserted-by":"publisher","first-page":"161","DOI":"10.1016\/S0304-405X(03)00064-3","article-title":"Style investing","volume":"68","author":"Barberis","year":"2003","unstructured":"Barberis, N. y Shleifer, A. (2003). Style investing. Journal of Financial Economics, 68, 161-199.","journal-title":"Journal of Financial Economics"},{"key":"ref30","doi-asserted-by":"publisher","unstructured":"Barberis, N. y Thaler, R. (2003). A survey of Behavioral Finance. Constantinides, G., Harris, M. y Stulz, R. (edits.). Handbook of the Economics of Finance, 1(1), 1053-1128.","DOI":"10.1016\/S1574-0102(03)01027-6"},{"key":"ref31","doi-asserted-by":"publisher","first-page":"396","DOI":"10.1016\/0030-5073(73)90061-5","article-title":"On the subjective probability of compound events","author":"Bar-Hillel","year":"1973","unstructured":"Bar-Hillel, M. (1973). On the subjective probability of compound events. Organizational Behavior & Human Performance, 9, 396-406.","journal-title":"Organizational Behavior & Human Performance 9"},{"issue":"1","key":"ref32","doi-asserted-by":"publisher","first-page":"3","DOI":"10.1016\/S0165-4101(97)00014-1","article-title":"The conservatism principle and the asymmetric timeliness of earnings","volume":"24","author":"Basu","year":"1997","unstructured":"Basu, S. (1997). The conservatism principle and the asymmetric timeliness of earnings. Journal of Accounting and Economics, 24(1), 3-37.","journal-title":"Journal of Accounting and Economics"},{"key":"ref33","doi-asserted-by":"publisher","unstructured":"Battalio, R., Lerman, A., Livnat, J. y Mendenhall, R. (2012). Who, if anyone, reacts to accrual information? Journal of Accounting and Economics, 53, 205-224.","DOI":"10.1016\/j.jacceco.2011.06.007"},{"key":"ref34","doi-asserted-by":"publisher","unstructured":"Baucells, M., Weber, M. y Welfens, F. (2011). Reference point formation and updating: Theory and experiments. Journal Management Science, 57(3), 506-519.","DOI":"10.1287\/mnsc.1100.1286"},{"key":"ref35","unstructured":"Belsky, G. y Gilovich, T. (1999). Why smart people make big money mistakes and how to correct them: Lessons from the new science of behavioral economics. Simon & Schuster."},{"issue":"3","key":"ref36","doi-asserted-by":"publisher","first-page":"199","DOI":"10.1016\/0022-1031(65)90026-0","article-title":"An experimental analysis of self-persuasion","volume":"1","author":"Bem","year":"1965","unstructured":"Bem, D. (1965). An experimental analysis of self-persuasion. Journal of ExperimentalSocial Psychology, 1(3), 199-218.","journal-title":"Journal of ExperimentalSocial Psychology"},{"key":"ref37","unstructured":"Benartzi, S. (2001). Excessive extrapolation and the allocation of 401(k) accounts to company stock? American Economic Review, 91(1), 79-98."},{"issue":"1","key":"ref38","doi-asserted-by":"publisher","first-page":"73","DOI":"10.2307\/2118511","article-title":"Myopic loss aversion and the equity premium puzzle","volume":"110","author":"Benartzi","year":"1995","unstructured":"Benartzi, S. y Thaler, R. (1995). Myopic loss aversion and the equity premium puzzle. The Quarterly Journal of Economics, 110(1), 73-92.","journal-title":"The Quarterly Journal of Economics"},{"issue":"3","key":"ref39","doi-asserted-by":"publisher","first-page":"364","DOI":"10.1287\/mnsc.45.3.364","article-title":"Risk aversion or myopia? Choices in repeated gambles and retirement investments","volume":"45","author":"Benartzi","year":"1999","unstructured":"Benartzi, S. y Thaler, R. (1999). Risk aversion or myopia? Choices in repeated gambles and retirement investments. Management Science 45(3), 364-381.","journal-title":"Management Science"},{"key":"ref40","doi-asserted-by":"publisher","first-page":"2121","DOI":"10.1016\/j.jbankfin.2010.01.020","article-title":"A cultural explanation of the foreign bias in international asset allocation","volume":"34","author":"Beugelsdijk","year":"2010","unstructured":"Beugelsdijk, S. y Frijns, B. (2010). A cultural explanation of the foreign bias in international asset allocation. Journal of Banking and Finance, 34, 2121-31.","journal-title":"Journal of Banking and Finance"},{"issue":"2","key":"ref41","doi-asserted-by":"publisher","first-page":"287","DOI":"10.1111\/j.1467-937X.2005.00333.x","article-title":"Judgmental overconfidence, self-monitoring and trading performance in an experimental financial market","volume":"72","author":"Biais","year":"2005","unstructured":"Biais, B., Hilton, D., Mazurier, K. y Pouget, S. (2005). Judgmental overconfidence, self-monitoring and trading performance in an experimental financial market. Review of Economic Studies, 72(2), 287-312.","journal-title":"Review of Economic Studies"},{"issue":"3","key":"ref42","doi-asserted-by":"publisher","first-page":"151","DOI":"10.1257\/jep.12.3.151","article-title":"Learning from the behavior of others: Conformity, fads, and informational cascades","volume":"12","author":"Bikhchandani","year":"1998","unstructured":"Bikhchandani, S., Hirshleifer, D. y Welch, I. (1998). Learning from the behavior of others: Conformity, fads, and informational cascades. The Journal of Economic Perspectives, 12(3), 151-170.","journal-title":"The Journal of Economic Perspectives"},{"issue":"4","key":"ref43","doi-asserted-by":"publisher","first-page":"1663","DOI":"10.1093\/qje\/qje029","article-title":"The organization of firms across countries","volume":"127","author":"Bloom","year":"2015","unstructured":"Bloom, N., Sadun, R. y van Reenen, J. (2015). The organization of firms across countries. Quarterly Journal of Economics, 127(4), 1663-1705.","journal-title":"Quarterly Journal of Economics"},{"issue":"1","key":"ref44","doi-asserted-by":"publisher","first-page":"166","DOI":"10.1257\/aer.90.1.166","article-title":"ERC: A theory of equity, reciprocity, and competition","volume":"90","author":"Bolton","year":"2000","unstructured":"Bolton, G. y Ockenfels, A. (2000). ERC: A theory of equity, reciprocity, and competition. American Economic Review, 90(1), 166-193.","journal-title":"American Economic Review"},{"issue":"3","key":"ref45","doi-asserted-by":"publisher","first-page":"1243","DOI":"10.1093\/qje\/qjs018","article-title":"Salience theory of choice under risk","volume":"127","author":"Bordalo","year":"2012","unstructured":"Bordalo, P., Gennaioli, N. y Shleifer, A. (2012). Salience theory of choice under risk. The Quarterly Journal of Economics, 127(3), 1243-85.","journal-title":"The Quarterly Journal of Economics"},{"issue":"5","key":"ref46","doi-asserted-by":"publisher","first-page":"803","DOI":"10.1086\/673885","article-title":"Salience and consumer choice","volume":"121","author":"Bordalo","year":"2013","unstructured":"Bordalo, P., Gennaioli, N. y Shleifer, A. (2013). Salience and consumer choice. Journal of Political Economy, 121(5), 803-843.","journal-title":"Journal of Political Economy"},{"issue":"2","key":"ref47","doi-asserted-by":"publisher","first-page":"253","DOI":"10.1287\/mnsc.1110.1349","article-title":"Keynes meets Markowitz: The trade-off between familiarity and diversification","volume":"58","author":"Boyle","year":"2012","unstructured":"Boyle, P., Garlappi, L., Uppal, R. y Wang, T. (2012). Keynes meets Markowitz: The trade-off between familiarity and diversification. Management Science, 58(2), 253-272.","journal-title":"Management Science"},{"issue":"1","key":"ref48","doi-asserted-by":"publisher","first-page":"67","DOI":"10.1016\/j.geb.2011.11.004","article-title":"Affective decision making: A theory of optimism bias","volume":"75","author":"Bracha","year":"2012","unstructured":"Bracha, A. y Brown, D. (2012). Affective decision making: A theory of optimism bias. Games and Economic Behavior, 75(1), 67-80.","journal-title":"Games and Economic Behavior"},{"key":"ref49","doi-asserted-by":"publisher","first-page":"112","DOI":"10.1509\/jppm.12.045","article-title":"Factors affecting judgments of prevalence and representation: Implications for public policy and marketing","author":"Briley","year":"2013","unstructured":"Briley, D., Shrum, L. y Wyer, R. (2013). Factors affecting judgments of prevalence and representation: Implications for public policy and marketing. Journal of Public Policy & Marketing, 32, 112-118.","journal-title":"Journal of Public Policy & Marketing 32"},{"issue":"3","key":"ref50","doi-asserted-by":"publisher","first-page":"393","DOI":"10.1016\/j.jebo.2010.11.010","article-title":"Field and online experiments on self-control","volume":"77","author":"Burger","year":"2011","unstructured":"Burger, N., Charness, G. y Lynham, J. (2011). Field and online experiments on self-control. Journal of Economic Behavior & Organization, 77(3), 393-404.","journal-title":"Journal of Economic Behavior & Organization"},{"issue":"2","key":"ref51","doi-asserted-by":"publisher","first-page":"523","DOI":"10.1093\/restud\/rdq013","article-title":"Investor overconfidence and the forward premium puzzle","volume":"78","author":"Burnside","year":"2011","unstructured":"Burnside, C., Han, B., Hirshleifer, D. y Wang, T. (2011). Investor overconfidence and the forward premium puzzle. Review of Economic Studies, 78(2), 523-558.","journal-title":"Review of Economic Studies"},{"key":"ref52","doi-asserted-by":"publisher","DOI":"10.1017\/CBO9780511803475.017","article-title":"Prospect theory in the wild: Evidence from the field","author":"Camerer","year":"2000","unstructured":"Camerer, C. (2000). Prospect theory in the wild: Evidence from the field. Kahneman y Tversky, A. (edits.). Choices, Values, and Frames, (pp. 288-300). Cambridge University Press.","journal-title":"Kahneman y Tversky A (edits ) Choices Values and Frames (pp"},{"issue":"1","key":"ref53","doi-asserted-by":"publisher","first-page":"306","DOI":"10.1257\/aer.89.1.306","article-title":"Overconfidence and excess entry: An experimental approach","volume":"89","author":"Camerer","year":"1999","unstructured":"Camerer, C. y Lovallo, D. (1999). Overconfidence and excess entry: An experimental approach. The American Economic Review, 89(1), 306-318.","journal-title":"The American Economic Review"},{"key":"ref54","doi-asserted-by":"publisher","unstructured":"Camerer, C. y Loewenstein, G. (2004). Behavioral economics: past, present, future. Camerer, G., Loewenstein y Rabin, M. (edits.). Advances in Behavioral Economics, (pp. 3-51). Princeton University Press.","DOI":"10.1515\/9781400829118-004"},{"issue":"2","key":"ref55","doi-asserted-by":"publisher","first-page":"209","DOI":"10.1257\/jep.9.2.209","article-title":"Anomalies: ultimatums, dictators and manners","volume":"9","author":"Camerer","year":"1995","unstructured":"Camerer, C. y Thaler, R. (1995). Anomalies: ultimatums, dictators and manners. Journal of Economic Perspectives, 9(2), 209-219.","journal-title":"Journal of Economic Perspectives"},{"issue":"19","key":"ref56","doi-asserted-by":"publisher","first-page":"173","DOI":"10.1093\/rof\/rfp023","article-title":"Fear of the unknown: familiarity and economic decisions","volume":"15","author":"Cao","year":"2011","unstructured":"Cao, H., Han, B., Hirshleifer, D. y Zhang, H. (2011). Fear of the unknown: familiarity and economic decisions. Review of Finance, 15(19), 173-206.","journal-title":"Review of Finance"},{"key":"ref57","doi-asserted-by":"publisher","first-page":"165","DOI":"10.1007\/s10640-007-9146-z","article-title":"How much is too much? An investigation of the effect of the number of choice sets, context dependence and the choice of bid vectors in choice experiments","author":"Carlsson","year":"2008","unstructured":"Carlsson, F. y Martinsson, P. (2008). How much is too much? An investigation of the effect of the number of choice sets, context dependence and the choice of bid vectors in choice experiments. Environmental and Resource Economics, 40, 165-176.","journal-title":"Environmental and Resource Economics 40"},{"key":"ref58","doi-asserted-by":"publisher","first-page":"911","DOI":"10.1016\/j.jpubeco.2010.07.007","article-title":"Why volunteer? Evidence on the role of altruism, image, and incentives","volume":"94","author":"Carpenter","year":"2010","unstructured":"Carpenter, J. y Myers, C. (2010). Why volunteer? Evidence on the role of altruism, image, and incentives. Journal of Public Economics, 94, 911-920.","journal-title":"Journal of Public Economics"},{"issue":"6","key":"ref59","doi-asserted-by":"publisher","first-page":"1235","DOI":"10.1086\/677254","article-title":"Misconceptions and game form recognition: Challenges to theories of revealed preference and framing","volume":"122","author":"Cason","year":"2014","unstructured":"Cason, T. y Plott, C. (2014). Misconceptions and game form recognition: Challenges to theories of revealed preference and framing. Journal of Political Economy, 122(6), 1235-70.","journal-title":"Journal of Political Economy"},{"issue":"1","key":"ref60","doi-asserted-by":"publisher","first-page":"21","DOI":"10.1287\/mnsc.1110.1329","article-title":"The behavioral genetics of behavioral anomalies","volume":"58","author":"Cesarini","year":"2012","unstructured":"Cesarini, D., Johannesson, M., Magnusson, P. y Wallace, B. (2012). The behavioral genetics of behavioral anomalies. Management Science, 58(1), 21-34.","journal-title":"Management Science"},{"issue":"5","key":"ref61","doi-asserted-by":"publisher","first-page":"1681","DOI":"10.1111\/j.1540-6261.1996.tb05222.x","article-title":"Momentum strategies","volume":"51","author":"Chan","year":"1996","unstructured":"Chan, L., Jegadeesh, N. y Lakonishok, J. (1996). Momentum strategies. The Journal of Finance, 51(5), 1681-1713.","journal-title":"The Journal of Finance"},{"key":"ref62","doi-asserted-by":"publisher","first-page":"223","DOI":"10.1002\/bdm.3960070402","article-title":"The limits of anchoring","author":"Chapman","year":"1994","unstructured":"Chapman, G. y Johnson, E. (1994). The limits of anchoring. Journal of Behavioral Decision Making, 7, 223-242.","journal-title":"Journal of Behavioral Decision Making 7"},{"key":"ref63","doi-asserted-by":"publisher","first-page":"130","DOI":"10.1016\/j.econlet.2015.07.005","article-title":"Earnings and hindsight bias: An experimental study","volume":"134","author":"Chelley-Steeley","year":"2015","unstructured":"Chelley-Steeley, P., Kluger, B. y Steeley, J. (2015). Earnings and hindsight bias: An experimental study. Economic Letters, 134, 130-132.","journal-title":"Economic Letters"},{"issue":"4","key":"ref64","doi-asserted-by":"publisher","first-page":"425","DOI":"10.1002\/bdm.561","article-title":"Trading performance, disposition effect, overconfidence, representativeness bias, and experience of emerging market investors","volume":"20","author":"Chen","year":"2007","unstructured":"Chen, G., Kim, K., Nofsinger, J. y Rui, O. (2007). Trading performance, disposition effect, overconfidence, representativeness bias, and experience of emerging market investors. Journal of Behavioral Decision Making, 20(4), 425-451.","journal-title":"Journal of Behavioral Decision Making"},{"issue":"2","key":"ref65","doi-asserted-by":"publisher","first-page":"436","DOI":"10.1287\/mnsc.1120.1638","article-title":"The effect of payment schemes on inventory decisions: The role of mental accounting","volume":"59","author":"Chen","year":"2013","unstructured":"Chen, L., K\u00f6k, A. y Tong, J. (2013). The effect of payment schemes on inventory decisions: The role of mental accounting. Management Science, 59(2), 436-451.","journal-title":"Management Science"},{"issue":"1","key":"ref66","doi-asserted-by":"publisher","first-page":"1","DOI":"10.1007\/s11166-011-9134-0","article-title":"Ambiguity aversion and familiarity bias: Evidence from behavioral and gene association studies","volume":"44","author":"Chew","year":"2012","unstructured":"Chew, S., Ebstein, R. y Zhong, S. (2012). Ambiguity aversion and familiarity bias: Evidence from behavioral and gene association studies. Journal of Risk and Uncertainty, 44(1), 1-18.","journal-title":"Journal of Risk and Uncertainty"},{"issue":"2","key":"ref67","doi-asserted-by":"publisher","first-page":"117","DOI":"10.1089\/cyber.2011.0324","article-title":"\"They are happier and having better lives than I am'': The impact of using Facebook on perceptions of others' lives","volume":"15","author":"Chou","year":"2012","unstructured":"Chou, H. y Edge, N. (2012). \"They are happier and having better lives than I am'': The impact of using Facebook on perceptions of others' lives. Cyberpsychology, behavior and social networking, 15(2), 117-121.","journal-title":"Cyberpsychology behavior and social networking"},{"key":"ref68","doi-asserted-by":"crossref","unstructured":"Cokely, E. y Kelley, C. (2009). Cognitive abilities and superior decision making under risk: A protocol analysis and process model evaluation. Judgmental Decision Making, 4(1), 20-33.","DOI":"10.1017\/S193029750000067X"},{"issue":"1","key":"ref69","doi-asserted-by":"publisher","first-page":"181","DOI":"10.5465\/19416520.2014.875669","article-title":"Putting framing in perspective: A review of framing and frame analysis across the management and organizational literature","volume":"8","author":"Cornelissen","year":"2014","unstructured":"Cornelissen, J. y Werner, M. (2014). Putting framing in perspective: A review of framing and frame analysis across the management and organizational literature. The Academy of Management Annals, 8(1), 181-235.","journal-title":"The Academy of Management Annals"},{"key":"ref70","unstructured":"Cosmides, L. y Tooby, J. (1990). Is the mind a frequentist? Second Annual Meeting of the Human Behavior and Evolution Society, LA, CA. Cited in G. Gigerenzer (1991), How to make cognitive illusions disappear: Beyond 'heuristics and biases'. Stroebe y Hewstone, M. (edits.). European Review of Social Psychology, Wiley."},{"key":"ref71","doi-asserted-by":"publisher","unstructured":"Cowen, A., Groysberg, B. y Healy, P. (2006). Which types of analyst firms are more optimistic? Journal of Accounting and Economics, 41(1-2), 119-146.","DOI":"10.1016\/j.jacceco.2005.09.001"},{"key":"ref72","doi-asserted-by":"publisher","unstructured":"Cowley, E., Briley, D. y Farrell, C. (2015). How do gamblers maintain an illusion of control? Journal of Business Research, 68(10), 2181-88.","DOI":"10.1016\/j.jbusres.2015.03.018"},{"issue":"6","key":"ref73","doi-asserted-by":"publisher","first-page":"1839","DOI":"10.1111\/0022-1082.00077","article-title":"Investor psychology and security market under- and overreactions","volume":"53","author":"Daniel","year":"1998","unstructured":"Daniel, K., Hirshleifer, D. y Subrahmanyam, A. (1998). Investor psychology and security market under- and overreactions. The Journal of Finance, 53(6), 1839-85.","journal-title":"The Journal of Finance"},{"issue":"2","key":"ref74","doi-asserted-by":"publisher","first-page":"311","DOI":"10.1017\/S0022109010000141","article-title":"Portfolio optimization with mental accounts","volume":"45","author":"Das","year":"2010","unstructured":"Das, S., Markowitz, H., Scheid, J. y Statman, M. (2010). Portfolio optimization with mental accounts. Journal of Financial and Quantitative Analysis, 45(2), 311-334.","journal-title":"Journal of Financial and Quantitative Analysis"},{"issue":"7","key":"ref75","doi-asserted-by":"publisher","first-page":"951","DOI":"10.1016\/j.jedc.2012.01.010","article-title":"Dynamic portfolio choice and asset pricing with narrow framing and probability weighting","volume":"36","author":"Giorgi","year":"2012","unstructured":"De Giorgi, E. y Legg, S. (2012). Dynamic portfolio choice and asset pricing with narrow framing and probability weighting. Journal of Economic Dynamics & Control, 36(7), 951-972.","journal-title":"Journal of Economic Dynamics & Control"},{"issue":"2","key":"ref76","doi-asserted-by":"publisher","first-page":"315","DOI":"10.1257\/jel.47.2.315","article-title":"Psychology and Economics: Evidence from the field","volume":"47","author":"DellaVigna","year":"2009","unstructured":"DellaVigna, S. (2009). Psychology and Economics: Evidence from the field. Journal of Economic Literature, 47(2), 315-372.","journal-title":"Journal of Economic Literature"},{"issue":"3","key":"ref77","doi-asserted-by":"publisher","first-page":"349","DOI":"10.1007\/s10683-012-9341-9","article-title":"Do people care about social context? Framing effects in dictator games","volume":"16","author":"Dreber","year":"2012","unstructured":"Dreber, A., Ellingsen, T., Johannesson, M. y Rand, D. (2012). Do people care about social context? Framing effects in dictator games. Experimental Economics, 16(3), 349-371.","journal-title":"Experimental Economics"},{"issue":"1","key":"ref78","doi-asserted-by":"publisher","first-page":"70","DOI":"10.1080\/15427560.2014.877015","article-title":"Exploring ambiguity and familiarity effects in the \"earnings game\" between managers and investors","volume":"15","author":"Du","year":"2014","unstructured":"Du, N. y Shelley, M. (2014). Exploring ambiguity and familiarity effects in the \"earnings game\" between managers and investors. Journal of Behavioral Finance, 15(1), 70-77.","journal-title":"Journal of Behavioral Finance"},{"issue":"6","key":"ref79","doi-asserted-by":"publisher","first-page":"524","DOI":"10.1080\/1351847X.2012.722117","article-title":"How value-glamour investors use financial information: UK evidence of investors' confirmation bias","volume":"20","author":"Duong","year":"2014","unstructured":"Duong, C., Pescetto, G. y Santamaria, D. (2014). How value-glamour investors use financial information: UK evidence of investors' confirmation bias. The European Journal of Finance, 20(6), 524-549.","journal-title":"The European Journal of Finance"},{"issue":"4","key":"ref80","doi-asserted-by":"publisher","first-page":"1059","DOI":"10.1111\/jeea.12082","article-title":"Preferences for redistribution and perception of fairness: An experimental study","volume":"12","author":"Durante","year":"2014","unstructured":"Durante, R., Putterman, L. y van der Weele, J. (2014). Preferences for redistribution and perception of fairness: An experimental study. Journal of the European Economic Association, 12(4), 1059-1086.","journal-title":"Journal of the European Economic Association"},{"key":"ref81","unstructured":"Edwards, W. (1968). Conservatism in human information processing. Reprinted short version in Kahneman, D. Slovic, P. y Tversky, A. (1982), Judgment under uncertainty: Heuristics and biases. Cambridge University Press."},{"issue":"5","key":"ref82","doi-asserted-by":"publisher","first-page":"395","DOI":"10.1037\/0033-295X.85.5.395","article-title":"Confidence in judgment: Persistence of the illusion of validity","volume":"85","author":"Einhorn","year":"1978","unstructured":"Einhorn, H. y Hogarth, R. (1978). Confidence in judgment: Persistence of the illusion of validity. Psychological Review, 85(5), 395-416.","journal-title":"Psychological Review"},{"key":"ref83","doi-asserted-by":"publisher","DOI":"10.1086\/296364","article-title":"Decision making under ambiguity","author":"Einhorn","year":"1986","unstructured":"Einhorn, H. y Hogarth, R. (1986). Decision making under ambiguity. Journal of Business, 59(4), S225-S250.","journal-title":"Journal of Business 59(4) S225-S250"},{"issue":"3","key":"ref84","doi-asserted-by":"publisher","first-page":"574","DOI":"10.1111\/josi.12079","article-title":"Obedience, self-control, and the voice of culture","volume":"70","author":"Ent","year":"2014","unstructured":"Ent, M. y Baumeister, R. (2014). Obedience, self-control, and the voice of culture. Journal of Social Issues, 70(3), 574-586.","journal-title":"Journal of Social Issues"},{"issue":"5","key":"ref85","doi-asserted-by":"publisher","first-page":"391","DOI":"10.1111\/1467-9280.00372","article-title":"Putting adjustment back in the anchoring and adjustment heuristic: Differential processing of self-generated and experimenter-provided anchors","volume":"12","author":"Epley","year":"2001","unstructured":"Epley, N. y Gilovich, T. (2001). Putting adjustment back in the anchoring and adjustment heuristic: Differential processing of self-generated and experimenter-provided anchors. Psychological Science, 12(5), 391-396.","journal-title":"Psychological Science"},{"issue":"4","key":"ref86","doi-asserted-by":"publisher","first-page":"311","DOI":"10.1111\/j.1467-9280.2006.01704.x","article-title":"The anchoring-and-adjustment heuristic: Why the adjustments are insufficient","volume":"17","author":"Epley","year":"2006","unstructured":"Epley, N. y Gilovich, T. (2006). The anchoring-and-adjustment heuristic: Why the adjustments are insufficient. Psychological Science, 17(4), 311-318.","journal-title":"Psychological Science"},{"issue":"1","key":"ref87","doi-asserted-by":"publisher","first-page":"20","DOI":"10.1016\/j.jcps.2009.12.005","article-title":"Anchoring unbound","volume":"20","author":"Epley","year":"2010","unstructured":"Epley, N. y Gilovich, T. (2010). Anchoring unbound. Journal of Consumer Psychology, 20(1), 20-24.","journal-title":"Journal of Consumer Psychology"},{"key":"ref88","doi-asserted-by":"publisher","first-page":"315","DOI":"10.1146\/annurev-financial-120209-133940","article-title":"Ambiguity and asset markets","author":"Epstein","year":"2010","unstructured":"Epstein, L. y Schneider, M. (2010). Ambiguity and asset markets. Annual Review of Financial Economics, 2, 315-346.","journal-title":"Annual Review of Financial Economics 2"},{"key":"ref89","doi-asserted-by":"publisher","first-page":"52","DOI":"10.1016\/j.joep.2013.12.003","article-title":"Overconfidence bias and conjunction fallacy in predicting outcomes of football matches","volume":"42","author":"Erceg","year":"2014","unstructured":"Erceg, N. y Galic, Z. (2014). Overconfidence bias and conjunction fallacy in predicting outcomes of football matches. Journal of Economic Psychology, 42, 52-62.","journal-title":"Journal of Economic Psychology"},{"issue":"2","key":"ref90","doi-asserted-by":"publisher","first-page":"234","DOI":"10.1111\/j.1467-6419.2010.00641.x","article-title":"Decision theory under ambiguity","volume":"26","author":"Etner","year":"2012","unstructured":"Etner, J., Jeleva, M. y Tallon, J. (2012). Decision theory under ambiguity. Journal of Economic Surveys, 26(2), 234-270.","journal-title":"Journal of Economic Surveys"},{"issue":"1","key":"ref91","doi-asserted-by":"publisher","first-page":"20","DOI":"10.1093\/ei\/41.1.20","article-title":"On the nature of fair behavior","volume":"41","author":"Falk","year":"2003","unstructured":"Falk, A., Fehr, E. y Fischbacher, U. (2003). On the nature of fair behavior. Economic Inquiry, 41(1), 20-26.","journal-title":"Economic Inquiry"},{"key":"ref92","doi-asserted-by":"publisher","first-page":"900","DOI":"10.1111\/j.1468-0297.2009.02251.x","article-title":"Causes, consequences, and cures of myopic loss aversion: An experimental investigation","volume":"119","author":"Fellner","year":"2009","unstructured":"Fellner, G. y Sutter, M. (2009). Causes, consequences, and cures of myopic loss aversion: An experimental investigation. The Economic Journal, 119, 900-916.","journal-title":"The Economic Journal"},{"issue":"4","key":"ref93","doi-asserted-by":"publisher","first-page":"670","DOI":"10.2307\/1884325","article-title":"Distortion of subjective probabilities as a reaction to uncertainty","volume":"75","author":"Fellner","year":"1961","unstructured":"Fellner, W. (1961). Distortion of subjective probabilities as a reaction to uncertainty. Quarterly Journal of Economics, 75(4), 670-690.","journal-title":"Quarterly Journal of Economics"},{"key":"ref94","doi-asserted-by":"crossref","unstructured":"Festinger, L. (1957). A theory of cognitive dissonance. Stanford University Press.","DOI":"10.1515\/9781503620766"},{"issue":"1","key":"ref95","doi-asserted-by":"publisher","first-page":"1","DOI":"10.1002\/(SICI)1099-0771(200001\/03)13:1<1::AID-BDM333>3.0.CO;2-S","article-title":"The affect heuristic in judgments of risks and benefits","volume":"13","author":"Finucane","year":"2000","unstructured":"Finucane, M., Alhakami, A., Slovic, P. y Johnson, M. (2000). The affect heuristic in judgments of risks and benefits. Journal of Behavioral Decision Making, 13(1), 1-17.","journal-title":"Journal of Behavioral Decision Making"},{"key":"ref96","doi-asserted-by":"publisher","unstructured":"Fischhoff, B. (1982). For those condemned to study the past: Heuristics and biases in hindsight. Kahneman, D., Slovic, P. y Tversky, A. Judgment under uncertainty: Heuristics and biases, Cambridge University Press.","DOI":"10.1017\/CBO9780511809477.024"},{"issue":"2","key":"ref97","doi-asserted-by":"publisher","first-page":"247","DOI":"10.1007\/s10290-013-0150-9","article-title":"Over-optimistic official forecasts and fiscal rules in the Eurozone","volume":"149","author":"Frankel","year":"2013","unstructured":"Frankel, J. y Schreger, J. (2013). Over-optimistic official forecasts and fiscal rules in the Eurozone. Review of World Economics, 149(2), 247-272.","journal-title":"Review of World Economics"},{"issue":"4","key":"ref98","doi-asserted-by":"publisher","first-page":"25","DOI":"10.1257\/089533005775196732","article-title":"Cognitive reflection and decision making","volume":"19","author":"Frederick","year":"2005","unstructured":"Frederick, S. (2005). Cognitive reflection and decision making. Journal of Economic Perspectives, 19(4), 25-42.","journal-title":"Journal of Economic Perspectives"},{"issue":"1","key":"ref99","doi-asserted-by":"publisher","first-page":"17","DOI":"10.1016\/j.jcps.2009.12.004","article-title":"Elaborating a simpler theory of anchoring","volume":"20","author":"Frederick","year":"2010","unstructured":"Frederick, S., Kahneman, D. y Mochon, D. (2010). Elaborating a simpler theory of anchoring. Journal of Consumer Psychology, 20(1), 17-19.","journal-title":"Journal of Consumer Psychology"},{"issue":"2","key":"ref100","doi-asserted-by":"publisher","first-page":"351","DOI":"10.1257\/jel.40.2.351","article-title":"Time discounting and time preference: A critical review","volume":"40","author":"Frederick","year":"2002","unstructured":"Frederick, S., Loewenstein, G. y O'Donoghe, T. (2002). Time discounting and time preference: A critical review. Journal of Economic Literature, 40(2), 351-401.","journal-title":"Journal of Economic Literature"},{"key":"ref101","doi-asserted-by":"publisher","unstructured":"F\u00fcllbrunn, S., Rau, H. y Weitzel, U. (2014). Does ambiguity aversion survive in experimental asset markets? Journal of Economic Behavior & Organization, 107(b), 810-826.","DOI":"10.1016\/j.jebo.2014.03.013"},{"issue":"1","key":"ref102","doi-asserted-by":"publisher","first-page":"35","DOI":"10.1016\/j.socec.2010.10.008","article-title":"A literature review on the anchoring effect","volume":"40","author":"Furnham","year":"2011","unstructured":"Furnham, A. y Boo, H. (2011). A literature review on the anchoring effect. The Journal of Socio-Economics, 40(1), 35-42.","journal-title":"The Journal of Socio-Economics"},{"key":"ref103","doi-asserted-by":"publisher","first-page":"455","DOI":"10.1016\/j.jebo.2014.04.018","article-title":"Self-control, financial literacy and the co-holding puzzle","author":"Gatherwood","year":"2014","unstructured":"Gatherwood, J. y Weber, J. (2014). Self-control, financial literacy and the co-holding puzzle. Journal of Economic Behavior & Organization, 107(b), 455-469.","journal-title":"Journal of Economic Behavior & Organization 107(b)"},{"issue":"4","key":"ref104","doi-asserted-by":"publisher","first-page":"1399","DOI":"10.1162\/qjec.2010.125.4.1399","article-title":"What comes to mind","volume":"125","author":"Gennaioli","year":"2010","unstructured":"Gennaioli, N. y Shleifer, A. (2010). What comes to mind. The Quarterly Journal of Economics, 125(4), 1399-1433.","journal-title":"The Quarterly Journal of Economics"},{"issue":"3","key":"ref105","doi-asserted-by":"publisher","first-page":"364","DOI":"10.1016\/0030-5073(73)90024-X","article-title":"The best-guess hypothesis in multistage inference","volume":"10","author":"Gettys","year":"1973","unstructured":"Gettys, C., III, K. y Peterson, C. (1973). The best-guess hypothesis in multistage inference. Organizational Behavior and Human Performance, 10(3), 364-373.","journal-title":"Organizational Behavior and Human Performance"},{"issue":"2","key":"ref106","doi-asserted-by":"publisher","first-page":"365","DOI":"10.1287\/mnsc.1110.1378","article-title":"Do cultural differences between contracting parties matter? Evidence from syndicated bank loans","volume":"58","author":"Gianneti","year":"2012","unstructured":"Gianneti, M. y Yafeh, Y. (2012). Do cultural differences between contracting parties matter? Evidence from syndicated bank loans. Management Science, 58(2), 365-383.","journal-title":"Management Science"},{"key":"ref107","doi-asserted-by":"publisher","DOI":"10.1080\/14792779143000033","article-title":"How to make cognitive illusions disappear: Beyond 'heuristics and biases'","author":"Gigerenzer","year":"1991","unstructured":"Gigerenzer, G. (1991). How to make cognitive illusions disappear: Beyond 'heuristics and biases'. Stroebe y Hewstone, M, (edits.), European Review of Social Psychology. Wiley.","journal-title":"Stroebe y Hewstone M (edits"},{"issue":"4","key":"ref108","doi-asserted-by":"publisher","first-page":"650","DOI":"10.1037\/0033-295X.103.4.650","article-title":"Reasoning the fast and frugal way: Models of bounded rationality","volume":"103","author":"Gigerenzer","year":"1996","unstructured":"Gigerenzer, G. y Goldstein, D. (1996). Reasoning the fast and frugal way: Models of bounded rationality. Psychological Review, 103(4), 650-669.","journal-title":"Psychological Review"},{"key":"ref109","unstructured":"Gigerenzer, G. y Goldstein, D. (1999). Betting on one good reason: The take the best heuristic. Simple Heuristics That Make Us Smart. Oxford University Press."},{"key":"ref110","doi-asserted-by":"crossref","unstructured":"Gigerenzer, G. y Goldstein, D. (2011). The recognition heuristic: A decade of research. Judgment and Decision Making, 6(1), 100-121.","DOI":"10.1017\/S1930297500002126"},{"key":"ref111","doi-asserted-by":"publisher","DOI":"10.1146\/annurev-psych-120709-145346","article-title":"Heuristic decision making","author":"Gigerenzer","year":"2011","unstructured":"Gigerenzer, G. y Gaissmaier, W. (2011). Heuristic decision making. Annual Review of Psychology 62, 451-482, http:\/\/ssrn.com\/abstract=1722019","journal-title":"Annual Review of Psychology 62 451-482 http"},{"issue":"4","key":"ref112","doi-asserted-by":"publisher","first-page":"506","DOI":"10.1037\/0033-295X.98.4.506","article-title":"Probabilistic mental models: A Brunswikian theory of confidence","volume":"98","author":"Gigerenzer","year":"1991","unstructured":"Gigerenzer, G., Hoffrage, U. y Kleinb\u00f6lting, H. (1991). Probabilistic mental models: A Brunswikian theory of confidence. Psychological Review, 98(4), 506-528.","journal-title":"Psychological Review"},{"key":"ref113","doi-asserted-by":"publisher","unstructured":"Gilbert, P., Price, J. y Allan, S. (1995). Social comparison, social attractiveness and evolution: How might they be related? New Ideas in Psychology, 13(2), 149-165.","DOI":"10.1016\/0732-118X(95)00002-X"},{"key":"ref114","doi-asserted-by":"publisher","DOI":"10.1017\/CBO9780511808098","author":"Gilovich","year":"2002","unstructured":"Gilovich, T. y Griffin, D. (2002). Introduction - Heuristics and Biases: Then and now. Gilovich, T., Griffin, D. y Kahneman, D. (edits.), Heuristics and biases: The psychology of intuitive judgment. Cambridge University Press.","journal-title":"Introduction - Heuristics and Biases"},{"issue":"2","key":"ref115","doi-asserted-by":"publisher","first-page":"821","DOI":"10.1111\/1540-6261.00547","article-title":"Evaluation periods and asset prices in a market experiment","volume":"58","author":"Gneezy","year":"2003","unstructured":"Gneezy, U., Kapteyn, A. y Potters, J. (2003). Evaluation periods and asset prices in a market experiment. Journal of Finance, 58(2), 821-837.","journal-title":"Journal of Finance"},{"key":"ref116","unstructured":"Goldstein, D. y Gigerenzer, G. (1999). The recognition heuristic: How ignorance makes us smart. Simple heuristics that make us smart, (pp. 37-58). New York: Oxford University Press."},{"issue":"4","key":"ref117","doi-asserted-by":"publisher","first-page":"75","DOI":"10.1037\/0033-295X.109.1.75","article-title":"Models of ecological rationality: The recognition heuristic","volume":"109","author":"Goldstein","year":"2002","unstructured":"Goldstein, D. y Gigerenzer, G. (2002). Models of ecological rationality: The recognition heuristic. Psychological Review, 109(4), 75-90.","journal-title":"Psychological Review"},{"issue":"5","key":"ref118","doi-asserted-by":"publisher","first-page":"756","DOI":"10.1016\/j.joep.2009.06.007","article-title":"Overconfidence in absolute and relative performance: The regression hypothesis and Bayesian updating","volume":"30","author":"Grieco","year":"2009","unstructured":"Grieco, D. y Hogarth, R. (2009). Overconfidence in absolute and relative performance: The regression hypothesis and Bayesian updating. Journal of Economic Psychology, 30(5), 756-771.","journal-title":"Journal of Economic Psychology"},{"issue":"3","key":"ref119","doi-asserted-by":"publisher","first-page":"411","DOI":"10.1016\/0010-0285(92)90013-R","article-title":"The weighing of evidence and the determinants of confidence","volume":"24","author":"Griffin","year":"1992","unstructured":"Griffin, D. y Tversky, A. (1992). The weighing of evidence and the determinants of confidence. Cognitive Psychology, 24(3), 411-435.","journal-title":"Cognitive Psychology"},{"key":"ref120","doi-asserted-by":"publisher","first-page":"177","DOI":"10.1002\/9780470752937.ch9","article-title":"Perspectives on probability judgment calibration","author":"Griffin","year":"2004","unstructured":"Griffin, D. y Brenner, L. (2004). Perspectives on probability judgment calibration. Koehler, D. y Harvey, N. (edits.), Blackwell Handbook of Judgment and Decision Making, pp. 177-199. Wiley.","journal-title":"Koehler D y Harvey N (edits ) Blackwell Handbook of Judgment and Decision Making"},{"key":"ref121","doi-asserted-by":"publisher","unstructured":"Griffin, D., Gonzalez, R. Koehler, D. y Gilovich, T. (2012), Judgmental heuristics: A historical overview. Holyoak, K. y Morrison, R. (edits.). The Oxford Handbook of Thinking and Reasoning, (pp. 322-345). Oxford University Press.","DOI":"10.1093\/oxfordhb\/9780199734689.013.0017"},{"issue":"2","key":"ref122","doi-asserted-by":"publisher","first-page":"290","DOI":"10.2307\/1418469","article-title":"Odds adjustments by American horse-race bettors","volume":"62","author":"Griffith","year":"1949","unstructured":"Griffith, R. (1949). Odds adjustments by American horse-race bettors. The American Journal of Psychology, 62(2), 290-294.","journal-title":"The American Journal of Psychology"},{"issue":"2","key":"ref123","doi-asserted-by":"publisher","first-page":"549","DOI":"10.1111\/j.1540-6261.2009.01443.x","article-title":"Sensation seeking, overconfidence and trading activity","volume":"64","author":"Grinblatt","year":"2009","unstructured":"Grinblatt, M. y Keloharju, M. (2009). Sensation seeking, overconfidence and trading activity. The Journal of Finance, 64(2), 549-578.","journal-title":"The Journal of Finance"},{"key":"ref124","doi-asserted-by":"publisher","unstructured":"Guiso, L., Sapienza, P. y Zingales, L. (2006). Does culture affect economic outcomes? Journal of Economic Perspectives, 20(2), 23-48.","DOI":"10.1257\/jep.20.2.23"},{"issue":"4","key":"ref125","doi-asserted-by":"publisher","first-page":"439","DOI":"10.1016\/j.socec.2011.07.005","article-title":"The role of attribution of causality in economic decision making","volume":"41","author":"Gurevich","year":"2012","unstructured":"Gurevich, G., Kliger, D. y Weiner, B. (2012). The role of attribution of causality in economic decision making. The Journal of Socio-Economics, 41(4), 439-444.","journal-title":"The Journal of Socio-Economics"},{"issue":"4","key":"ref126","doi-asserted-by":"publisher","first-page":"367","DOI":"10.1016\/0167-2681(82)90011-7","article-title":"An experimental analysis of ultimatum bargaining","volume":"3","author":"G\u00fcth","year":"1982","unstructured":"G\u00fcth, W., Schmittberger, R. y Schwarze, B. (1982). An experimental analysis of ultimatum bargaining. Journal of Economic Behavior and Organization, 3(4), 367-388.","journal-title":"Journal of Economic Behavior and Organization"},{"issue":"4","key":"ref127","doi-asserted-by":"publisher","first-page":"634","DOI":"10.1111\/joms.12071","article-title":"Legitimacy-as-feeling: How affect leads to vertical legitimacy spillovers in transnational governance","volume":"51","author":"Haack","year":"2014","unstructured":"Haack, P., Pfarrer, M. y Scherer, A. (2014). Legitimacy-as-feeling: How affect leads to vertical legitimacy spillovers in transnational governance. Journal of Management Studies, 51(4), 634-666.","journal-title":"Journal of Management Studies"},{"issue":"1","key":"ref128","doi-asserted-by":"publisher","first-page":"57","DOI":"10.1007\/s11166-008-9041-1","article-title":"Myopic risk-seeking: The impact of narrow decision bracketing on lottery play","volume":"37","author":"Haisley","year":"2008","unstructured":"Haisley, E., Mostafa, R. y Loewenstein, G. (2008). Myopic risk-seeking: The impact of narrow decision bracketing on lottery play. Journal of Risk and Uncertainty, 37(1), 57-75.","journal-title":"Journal of Risk and Uncertainty"},{"issue":"3","key":"ref129","doi-asserted-by":"publisher","first-page":"301","DOI":"10.1111\/meta.12028","article-title":"Infostorms","volume":"44","author":"Hansen","year":"2013","unstructured":"Hansen, P., Hendricks, V. y Rendsvig, R. (2013). Infostorms. Metaphilosophy, 44(3), 301-326.","journal-title":"Metaphilosophy"},{"issue":"2","key":"ref130","doi-asserted-by":"publisher","first-page":"311","DOI":"10.1016\/j.obhdp.2011.11.005","article-title":"Myopic loss aversion: Demystifying the key factors influencing decision problem framing","volume":"117","author":"Hardin","year":"2012","unstructured":"Hardin, A. y Looney, A. (2012). Myopic loss aversion: Demystifying the key factors influencing decision problem framing. Organizational Behavior and Human Decision Processes, 117(2), 311-331.","journal-title":"Organizational Behavior and Human Decision Processes"},{"key":"ref131","unstructured":"Heath, C., Larrick, R. y Klayman, J. (1998). Cognitive repairs: How organizational practices can compensate for individual shortcomings. Research in Organizational Behavior, 20, 1-37."},{"key":"ref132","doi-asserted-by":"publisher","unstructured":"Heffetz, O. y Frank, R. (2011). Preferences for status: Evidence and economic implications. Benhabib, J. Bisin, A. y Jackson, M. (edits.), Handbook of social economics, (pp. 69-91). North-Holland,","DOI":"10.1016\/B978-0-444-53187-2.00003-6"},{"key":"ref133","unstructured":"Helson, H. (1964). Adaptation level theory: An experimental and systematic approach to behavior. Harper & Row."},{"issue":"1","key":"ref134","doi-asserted-by":"publisher","first-page":"93","DOI":"10.1111\/j.1540-6261.1993.tb04703.x","article-title":"Hot hands in mutual funds: Short-run persistence of relative performance, 1974-1988","volume":"48","author":"Hendricks","year":"1993","unstructured":"Hendricks, D., Patel, J. y Zeckhauser, R. (1993). Hot hands in mutual funds: Short-run persistence of relative performance, 1974-1988. Journal of Finance, 48(1), 93-130.","journal-title":"Journal of Finance"},{"issue":"2","key":"ref135","doi-asserted-by":"publisher","first-page":"73","DOI":"10.1257\/aer.91.2.73","article-title":"In search of Homo economicus: Behavioral experiments in 15 small-scale societies","volume":"91","author":"Henrich","year":"2001","unstructured":"Henrich, J., Boyd, R., Bowles, S., Camerer, C., Gintis, H., McElreath, R. y Fehr, E. (2001). In search of Homo economicus: Behavioral experiments in 15 small-scale societies. American Economic Review, 91(2), 73-79.","journal-title":"American Economic Review"},{"key":"ref136","doi-asserted-by":"publisher","unstructured":"Hens, T. y Bachmann, K. (2008). Behavioral finance for private banking. John Wiley & Sons.","DOI":"10.1002\/9781118467329"},{"issue":"4","key":"ref137","doi-asserted-by":"publisher","first-page":"1533","DOI":"10.1111\/0022-1082.00379","article-title":"Investor psychology and asset pricing","volume":"56","author":"Hirshleifer","year":"2001","unstructured":"Hirshleifer, D. (2001). Investor psychology and asset pricing. Journal of Finance, 56(4), 1533-97.","journal-title":"Journal of Finance"},{"issue":"5","key":"ref138","doi-asserted-by":"publisher","first-page":"856","DOI":"10.1111\/j.1468-036X.2007.00437.x","article-title":"Psychological bias as a driver of financial regulation","volume":"14","author":"Hirshleifer","year":"2008","unstructured":"Hirshleifer, D. (2008). Psychological bias as a driver of financial regulation. European Financial Management, 14(5), 856-874.","journal-title":"European Financial Management"},{"issue":"7","key":"ref139","doi-asserted-by":"publisher","first-page":"133","DOI":"10.1146\/annurev-financial-092214-043752","article-title":"Behavioral finance","volume":"7","author":"Hirshleifer","year":"2015","unstructured":"Hirshleifer, D. (2015). Behavioral finance. Annual Review of Financial Economics, 7(7), 133-159.","journal-title":"Annual Review of Financial Economics"},{"issue":"1","key":"ref140","doi-asserted-by":"publisher","first-page":"337","DOI":"10.1016\/j.jacceco.2003.10.002","article-title":"Limited attention, information disclosure and financial reporting","volume":"36","author":"Hirshleifer","year":"2003","unstructured":"Hirshleifer, D. y Teoh, S. (2003). Limited attention, information disclosure and financial reporting. Journal of Accounting and Economics, 36(1), 337-386.","journal-title":"Journal of Accounting and Economics"},{"issue":"2","key":"ref141","doi-asserted-by":"publisher","first-page":"320","DOI":"10.1287\/mnsc.1100.1289","article-title":"The accrual anomaly: Risk or mispricing","volume":"58","author":"Hirshleifer","year":"2012","unstructured":"Hirshleifer, D., Hou, K. y Teoh, S. (2012). The accrual anomaly: Risk or mispricing. Management Science, 58(2), 320-335.","journal-title":"Management Science"},{"key":"ref142","doi-asserted-by":"publisher","unstructured":"Hodges, S., Tompkins, R. y Ziemba, W. (2008). The favorite longshot bias in S&P 500 and FTSE 100 Index futures options: The return to bets and the cost of insurance. Handbook of Sports and Lottery Markets. Elsevier.","DOI":"10.1016\/B978-044450744-0.50012-3"},{"issue":"2","key":"ref143","doi-asserted-by":"publisher","first-page":"141","DOI":"10.1257\/aer.100.2.141","article-title":"Equilibrium fictions: A cognitive approach to societal rigidity","volume":"100","author":"Hoff","year":"2010","unstructured":"Hoff, K. y Stiglitz, J. (2010). Equilibrium fictions: A cognitive approach to societal rigidity. American Economic Review, 100(2), 141-146.","journal-title":"American Economic Review"},{"key":"ref144","doi-asserted-by":"publisher","DOI":"10.1596\/1813-9450-3351","article-title":"Belief systems and durable inequalities: An experimental investigation of Indian caste","author":"Hoff","year":"2004","unstructured":"Hoff, K. y Priyanka, P. (2004). Belief systems and durable inequalities: An experimental investigation of Indian caste. World Bank Working Paper 3351.","journal-title":"World Bank Working Paper 3351"},{"key":"ref145","doi-asserted-by":"publisher","unstructured":"Hoffrage, U., Hertwig, R. y Gigerenzer, G. (2000). Hindsight bias: A by-product of knowledge updating? Journal of Experimental Psychology: Learning, Memory and Cognition, 26(3), 566-581.","DOI":"10.1037\/0278-7393.26.3.566"},{"key":"ref146","doi-asserted-by":"publisher","first-page":"97","DOI":"10.1016\/j.econlet.2010.11.015","article-title":"Behavioral biases and cognitive reflection","author":"Hoppe","year":"2011","unstructured":"Hoppe, E. y Kusterer, J. (2011). Behavioral biases and cognitive reflection. Economic Letters, 110 (2), 97-100.","journal-title":"Economic Letters 110 (2)"},{"issue":"12","key":"ref147","doi-asserted-by":"publisher","first-page":"2151","DOI":"10.1287\/mnsc.1120.1544","article-title":"The behavioralist visits the factory: Increasing productivity using simple framing manipulations","volume":"58","author":"Hossain","year":"2012","unstructured":"Hossain, T. y List, J. (2012). The behavioralist visits the factory: Increasing productivity using simple framing manipulations. Management Science, 58(12), 2151-2167.","journal-title":"Management Science"},{"issue":"3","key":"ref148","doi-asserted-by":"publisher","first-page":"123","DOI":"10.1016\/j.intmar.2010.10.001","article-title":"Context-dependent product evaluations: An empirical analysis of internet book reviews","volume":"25","author":"Hu","year":"2011","unstructured":"Hu, Y. y Li, X. (2011). Context-dependent product evaluations: An empirical analysis of internet book reviews. Journal of Interactive Marketing, 25(3), 123-133.","journal-title":"Journal of Interactive Marketing"},{"issue":"1","key":"ref149","doi-asserted-by":"publisher","first-page":"90","DOI":"10.1086\/208899","article-title":"Adding asymmetrically dominated alternatives: Violations of regularity and similarity hypothesis","volume":"9","author":"Huber","year":"1982","unstructured":"Huber, J., Payne, J. y Puto, C. (1982). Adding asymmetrically dominated alternatives: Violations of regularity and similarity hypothesis. Journal of Consumer Research, 9(1), 90-98.","journal-title":"Journal of Consumer Research"},{"issue":"4","key":"ref150","doi-asserted-by":"publisher","first-page":"445","DOI":"10.1007\/s11238-008-9106-2","article-title":"The hot hand belief and the gambler's fallacy in investment decisions under risk","volume":"68","author":"Huber","year":"2010","unstructured":"Huber, J., Kirchler, M. y St\u00f6ckl, T. (2010). The hot hand belief and the gambler's fallacy in investment decisions under risk. Theory and Decision, 68(4), 445-462.","journal-title":"Theory and Decision"},{"issue":"3","key":"ref151","doi-asserted-by":"publisher","first-page":"659","DOI":"10.1093\/rfs\/14.3.659","article-title":"Familiarity breeds investment","volume":"14","author":"Huberman","year":"2001","unstructured":"Huberman, G. (2001). Familiarity breeds investment. The Review of Financial Studies, 14(3), 659-680.","journal-title":"The Review of Financial Studies"},{"issue":"4","key":"ref152","doi-asserted-by":"publisher","first-page":"251","DOI":"10.1080\/15427560.2012.733984","article-title":"Framed field experiment with stock market professionals","volume":"13","author":"Ilom\u00e4ki","year":"2012","unstructured":"Ilom\u00e4ki, J. (2012). Framed field experiment with stock market professionals. The Journal of Behavioral Finance, 13(4), 251-258.","journal-title":"The Journal of Behavioral Finance"},{"key":"ref153","doi-asserted-by":"publisher","first-page":"630","DOI":"10.1016\/j.jebo.2014.03.007","article-title":"Gender differences in optimism and asset allocation","author":"Jacobsen","year":"2014","unstructured":"Jacobsen, B., Lee, J. Marquering, W. y Zhang, C. (2014). Gender differences in optimism and asset allocation. Journal of Economic Behavior & Organization, 107(b), 630-651.","journal-title":"Journal of Economic Behavior & Organization 107(b)"},{"key":"ref154","unstructured":"Janis, I. (1972). Victims of Groupthink. Houghton Mifflin."},{"key":"ref155","doi-asserted-by":"publisher","unstructured":"Jaspersen, J. y Aseervatham, V. (2015). The influence of affect on heuristic thinking in insurance demand. The Journal of Risk and Insurance. https:\/\/doi.org\/10.1111\/jori.12088","DOI":"10.1111\/jori.12088"},{"issue":"6","key":"ref156","doi-asserted-by":"publisher","first-page":"450","DOI":"10.1111\/1467-9280.00384","article-title":"Culture, change, and prediction","volume":"12","author":"Ji","year":"2001","unstructured":"Ji, L., Nisbett, R. y Su, Y. (2001). Culture, change, and prediction. Psychological Science, 12(6), 450-456.","journal-title":"Psychological Science"},{"key":"ref157","doi-asserted-by":"publisher","unstructured":"Kahneman, D. (2003a). Maps of bounded rationality: Psychology for Behavioral Economics. The American Economic Review, 93(5), 1449-75.","DOI":"10.1257\/000282803322655392"},{"key":"ref158","doi-asserted-by":"publisher","unstructured":"Kahneman, D. (2003b). A perspective on judgment and choice: Mapping bounded rationality. American Psychologist, 58(9), 697-720.","DOI":"10.1037\/0003-066X.58.9.697"},{"key":"ref159","doi-asserted-by":"publisher","first-page":"430","DOI":"10.1016\/0010-0285(72)90016-3","article-title":"Subjective probability: A judgment of representativeness","volume":"3","author":"Kahneman","year":"1972","unstructured":"Kahneman, D. y Tversky, A. (1972). Subjective probability: A judgment of representativeness. Cognitive Psychology, 3, 430-454.","journal-title":"Cognitive Psychology"},{"issue":"2","key":"ref160","doi-asserted-by":"publisher","first-page":"263","DOI":"10.2307\/1914185","article-title":"Prospect theory: An analysis of decision under risk","volume":"47","author":"Kahneman","year":"1979","unstructured":"Kahneman, D. y Tversky, A. (1979). Prospect theory: An analysis of decision under risk. Econometrica, 47(2), 263-292.","journal-title":"Econometrica"},{"key":"ref161","doi-asserted-by":"publisher","unstructured":"Kahneman, D. y Tversky, A. (1982). The simulation heuristic. Kahneman, D., Slovic, P. y Tversky, A. (edits.). Judgment under uncertainty: heuristics and biases. Cambridge University Press.","DOI":"10.1017\/CBO9780511809477"},{"issue":"4","key":"ref162","doi-asserted-by":"publisher","first-page":"341","DOI":"10.1037\/0003-066X.39.4.341","article-title":"Choices, values and frames","volume":"39","author":"Kahneman","year":"1984","unstructured":"Kahneman, D. y Tversky, A. (1984). Choices, values and frames. American Psychologist, 39(4), 341-350.","journal-title":"American Psychologist"},{"issue":"3","key":"ref163","doi-asserted-by":"publisher","first-page":"582","DOI":"10.1037\/0033-295X.103.3.582","article-title":"On the reality of cognitive illusions","volume":"103","author":"Kahneman","year":"1996","unstructured":"Kahneman, D. y Tversky, A. (1996). On the reality of cognitive illusions. Psychological Review, 103(3), 582-591.","journal-title":"Psychological Review"},{"issue":"1","key":"ref164","doi-asserted-by":"publisher","first-page":"17","DOI":"10.1287\/mnsc.39.1.17","article-title":"Timid choices and bold forecasts: A cognitive perspective on risk taking","volume":"39","author":"Kahneman","year":"1993","unstructured":"Kahneman, D. y Lovallo, D. (1993). Timid choices and bold forecasts: A cognitive perspective on risk taking. Management Science, 39(1), 17-31.","journal-title":"Management Science"},{"issue":"4","key":"ref165","doi-asserted-by":"publisher","first-page":"52","DOI":"10.3905\/jpm.1998.409643","article-title":"Aspects of investor psychology","volume":"24","author":"Kahneman","year":"1998","unstructured":"Kahneman, D. y Riepe, M. (1998). Aspects of investor psychology. Journal of Portfolio Management, 24(4), 52-65.","journal-title":"Journal of Portfolio Management"},{"key":"ref166","doi-asserted-by":"publisher","unstructured":"Kahneman, D. y Frederick, S. (2002). Representativeness revisited: Attribute substitution in intuitive judgment. Gilovich, T., Griffin, D. y Kahneman, D. (edits.), Heuristics and biases: The psychology of intuitive thought, (pp. 49-81). Cambridge University Press.","DOI":"10.1017\/CBO9780511808098.004"},{"key":"ref167","unstructured":"Kahneman, D. y Frederick, S. (2005). A model of heuristic judgment. Holyoake, KJ y Morrison, R. (edits.). The Cambridge Handbook of Thinking and Reasoning. Cambridge University Press."},{"key":"ref168","unstructured":"Kahneman, D., Knetsch, J. y Thaler, R. (1986a). Fairness as a constraint on profit seeking: Entitlements in the market. American Economic Review, 76(4), 728-741."},{"key":"ref169","doi-asserted-by":"publisher","unstructured":"Kahneman, D., Knetsch, J. y Thaler, R. (1986b). Fairness and the assumptions of Economics. Journal of Business, 59(4), S285-S300.","DOI":"10.1086\/296367"},{"issue":"6","key":"ref170","doi-asserted-by":"publisher","first-page":"1325","DOI":"10.1086\/261737","article-title":"Experimental tests of the endowment effect and the Coase Theorem","volume":"98","author":"Kahneman","year":"1990","unstructured":"Kahneman, D., Knetsch, J. y Thaler, R. (1990). Experimental tests of the endowment effect and the Coase Theorem. Journal of Political Economy, 98(6), 1325-48.","journal-title":"Journal of Political Economy"},{"issue":"1","key":"ref171","doi-asserted-by":"publisher","first-page":"193","DOI":"10.1257\/jep.5.1.193","article-title":"Anomalies: The endowment effect, loss aversion, and status quo bias","volume":"5","author":"Kahneman","year":"1991","unstructured":"Kahneman, D., Knetsch, J. y Thaler, R. (1991). Anomalies: The endowment effect, loss aversion, and status quo bias. The Journal of Economic Perspectives, 5(1), 193-206.","journal-title":"The Journal of Economic Perspectives"},{"key":"ref172","doi-asserted-by":"publisher","DOI":"10.1017\/cbo9780511809477","article-title":"Judgment Under Uncertainty: Heuristics and Biases","author":"Kahneman","year":"1982","unstructured":"Kahneman, D., Slovic, P. y Tversky, A. (1982). Judgment Under Uncertainty: Heuristics and Biases. Cambridge University Press.","journal-title":"Cambridge University Press"},{"key":"ref173","unstructured":"Katona, G. (1901). Psychological Economics. Elsevier (1975)."},{"issue":"2","key":"ref174","doi-asserted-by":"publisher","first-page":"83","DOI":"10.1111\/j.1467-9280.1995.tb00311.x","article-title":"Preference reversals due to myopic discounting of delayed reward","volume":"6","author":"Kirby","year":"1995","unstructured":"Kirby, K. y Herrnstein, R. (1995). Preference reversals due to myopic discounting of delayed reward. Psychology Science, 6(2), 83-89.","journal-title":"Psychology Science"},{"key":"ref175","unstructured":"Knetsch, J. (1989). The endowment effect and evidence of nonreversible indifference curves. The American Economic Review, 79(5), 1277-84."},{"key":"ref176","doi-asserted-by":"publisher","first-page":"305","DOI":"10.1016\/j.jet.2016.01.001","article-title":"Goals and bracketing under mental accounting","author":"Koch","year":"2016","unstructured":"Koch, A. y Nafzinger, J. (2016). Goals and bracketing under mental accounting. Journal of Economic Theory, 162(c), 305-361.","journal-title":"Journal of Economic Theory 162(c)"},{"key":"ref177","doi-asserted-by":"publisher","first-page":"49","DOI":"10.1002\/bdm.713","article-title":"The use of multiple reference points in risky decision making","author":"Koop","year":"2012","unstructured":"Koop, G. y Johnson, J. (2012). The use of multiple reference points in risky decision making. Journal of Behavioral Decision Making, 25, 49-62.","journal-title":"Journal of Behavioral Decision Making 25"},{"key":"ref178","doi-asserted-by":"publisher","unstructured":"K\u00f5szegi, B. y Rabin, M. (2006). A model of reference-dependent preferences. Quarterly Journal of Economics, 121(4), 1133-65.","DOI":"10.1162\/qjec.121.4.1133"},{"issue":"4","key":"ref179","doi-asserted-by":"publisher","first-page":"1047","DOI":"10.1257\/aer.97.4.1047","article-title":"Reference-dependent risk attitudes","volume":"97","author":"K\u00f5szegi","year":"2007","unstructured":"K\u00f5szegi, B. y Rabin, M. (2007). Reference-dependent risk attitudes. The American Economic Review, 97(4), 1047-73.","journal-title":"The American Economic Review"},{"key":"ref180","doi-asserted-by":"publisher","unstructured":"Kumar, A. y Lim, S. (2008). How do decision frames influence the stock investment decisions of individual investors? Management Science, 54(6), 1052-1064.","DOI":"10.1287\/mnsc.1070.0845"},{"issue":"4","key":"ref181","doi-asserted-by":"publisher","first-page":"683","DOI":"10.2307\/1229439","article-title":"Availability cascades and risk regulation","volume":"51","author":"Kuran","year":"1999","unstructured":"Kuran, T. y Sunstein, C. (1999). Availability cascades and risk regulation. Stanford Law Review, 51(4), 683-768.","journal-title":"Stanford Law Review"},{"issue":"5","key":"ref182","doi-asserted-by":"publisher","first-page":"2206","DOI":"10.1257\/aer.102.5.2206","article-title":"Heuristic thinking and limited attention in the car market","volume":"102","author":"Lacetera","year":"2014","unstructured":"Lacetera, N., Pope, D. y Sydnor, J. (2014). Heuristic thinking and limited attention in the car market. American Economic Review, 102(5), 2206-2236.","journal-title":"American Economic Review"},{"issue":"2","key":"ref183","doi-asserted-by":"publisher","first-page":"90","DOI":"10.1080\/13504851.2013.842628","article-title":"What causes the favourite-longshot bias? Further evidence from tennis","volume":"21","author":"Lahvicka","year":"2014","unstructured":"Lahvicka, J. (2014). What causes the favourite-longshot bias? Further evidence from tennis. Applied Economic Letters, 21(2), 90-92.","journal-title":"Applied Economic Letters"},{"key":"ref184","doi-asserted-by":"publisher","first-page":"49","DOI":"10.1016\/S0065-2601(08)60394-9","article-title":"Social cognition: Some historical and theoretical perspectives","author":"Landman","year":"1983","unstructured":"Landman, J. y Manis, M. (1983). Social cognition: Some historical and theoretical perspectives. Advances in Experimental Social Psychology, 16, 49-123.","journal-title":"Advances in Experimental Social Psychology 16"},{"issue":"2","key":"ref185","doi-asserted-by":"publisher","first-page":"311","DOI":"10.1037\/0022-3514.32.2.311","article-title":"The illusion of control","volume":"32","author":"Langer","year":"1975","unstructured":"Langer, E. (1975). The illusion of control. The Journal of Personality and Social Psychology, 32(2), 311-328.","journal-title":"The Journal of Personality and Social Psychology"},{"key":"ref186","doi-asserted-by":"publisher","unstructured":"Langer, T. y Weber, M. (2005). Myopic prospect theory vs. myopic loss aversion: How general is the phenomenon? Journal of Economic Behavior & Organization, 56(1), 25-38.","DOI":"10.1016\/j.jebo.2003.01.005"},{"key":"ref187","doi-asserted-by":"publisher","DOI":"10.1509\/jmkr.48.SPL.S121","article-title":"Fear, social projection, and financial decision making","author":"Lee","year":"2011","unstructured":"Lee, C. y Andrade, E. (2011). Fear, social projection, and financial decision making. Journal of Marketing Research, 48, S121-S129.","journal-title":"Journal of Marketing Research 48 S121-S129"},{"issue":"2","key":"ref188","doi-asserted-by":"publisher","first-page":"286","DOI":"10.1016\/j.obhdp.2011.05.001","article-title":"Effects of feedback and complexity on repeated decisions from description","volume":"116","author":"Lejarraga","year":"2011","unstructured":"Lejarraga, T. y Gonzalez, C. (2011). Effects of feedback and complexity on repeated decisions from description. Organizational Behavior and Human Decision Processes, 116(2), 286-295.","journal-title":"Organizational Behavior and Human Decision Processes"},{"key":"ref189","unstructured":"Levinson, J. y Peng, K. (2007). Valuing cultural differences in Behavioral Economics. The ICFAI Journal of Behavioral Finance, 4(1), 32-47."},{"issue":"1","key":"ref190","doi-asserted-by":"publisher","first-page":"197","DOI":"10.1111\/j.1475-679X.2011.00430.x","article-title":"Self-serving attribution bias, overconfidence, and the issuance of management forecasts","volume":"50","author":"Libby","year":"2012","unstructured":"Libby, R. y Rennekamp, K. (2012). Self-serving attribution bias, overconfidence, and the issuance of management forecasts. Journal of Accounting Research, 50(1), 197-231","journal-title":"Journal of Accounting Research"},{"issue":"4","key":"ref191","doi-asserted-by":"publisher","first-page":"361","DOI":"10.1002\/bdm.752","article-title":"Individual differences in numeracy and cognitive reflection, with implications for biases and fallacies in probability judgments","volume":"25","author":"Liberali","year":"2012","unstructured":"Liberali, J., Reyna, V., Furlan, S., Stein, L. y Pardo, S. (2012). Individual differences in numeracy and cognitive reflection, with implications for biases and fallacies in probability judgments. Journal of Behavioral Decision Making, 25(4), 361-381.","journal-title":"Journal of Behavioral Decision Making"},{"key":"ref192","doi-asserted-by":"publisher","unstructured":"Lichtenstein, S. y Fischhoff, B. (1977). Do those who know more also know more about how much they know? Organizational Behavior and Human Performance, 20(2), 159-183.","DOI":"10.1016\/0030-5073(77)90001-0"},{"issue":"3","key":"ref193","doi-asserted-by":"publisher","first-page":"482","DOI":"10.1086\/519249","article-title":"On the interpretation of giving in dictator games","volume":"115","author":"List","year":"2007","unstructured":"List, J. (2007). On the interpretation of giving in dictator games. Journal of Political Economy, 115(3), 482-493.","journal-title":"Journal of Political Economy"},{"issue":"3","key":"ref194","doi-asserted-by":"publisher","first-page":"277","DOI":"10.1016\/j.joep.2009.02.001","article-title":"Ambiguity aversion in the long run: Repeated decisions under risk and uncertainty","volume":"30","author":"Liu","year":"2009","unstructured":"Liu, H. y Colman, A. (2009). Ambiguity aversion in the long run: Repeated decisions under risk and uncertainty. Journal of Economic Psychology, 30(3), 277-284.","journal-title":"Journal of Economic Psychology"},{"key":"ref195","doi-asserted-by":"publisher","unstructured":"Liu, Y., Huang, Y., Luo, Y. y Zhao, Y. (2014). How does justice matter in achieving buyer-supplier relationship performance? Journal of Operations Management, 30, 355-367.","DOI":"10.1016\/j.jom.2012.03.003"},{"issue":"2","key":"ref196","doi-asserted-by":"publisher","first-page":"352","DOI":"10.1257\/000282805774670095","article-title":"Fear and greed in financial markets: A clinical study of day-traders","volume":"95","author":"Lo","year":"2005","unstructured":"Lo, A., Repin, D. y Steenbarger, B. (2005). Fear and greed in financial markets: A clinical study of day-traders. The American Economic Review, 95(2), 352-359.","journal-title":"The American Economic Review"},{"issue":"3","key":"ref197","doi-asserted-by":"publisher","first-page":"272","DOI":"10.1006\/obhd.1996.0028","article-title":"Out of control: Visceral influences on behavior","volume":"65","author":"Loewenstein","year":"1996","unstructured":"Loewenstein, G. (1996). Out of control: Visceral influences on behavior. Organizational Behavior and Human Decision Processes, 65(3), 272-292.","journal-title":"Organizational Behavior and Human Decision Processes"},{"issue":"2","key":"ref198","doi-asserted-by":"publisher","first-page":"267","DOI":"10.1037\/0033-2909.127.2.267","article-title":"Risk as feelings","volume":"127","author":"Loewenstein","year":"2001","unstructured":"Loewenstein, G., Weber, E., Hsee, C. y Welch, N. (2001). Risk as feelings. Psychological Bulletin, 127(2), 267-86.","journal-title":"Psychological Bulletin"},{"issue":"4","key":"ref199","doi-asserted-by":"publisher","first-page":"1209","DOI":"10.1162\/003355303322552784","article-title":"Projection bias in predicting future utility","volume":"118","author":"Loewenstein","year":"2003","unstructured":"Loewenstein, G., O'Donoghue, T. y Rabin, M. (2003). Projection bias in predicting future utility. Quarterly Journal of Economics, 118(4), 1209-48.","journal-title":"Quarterly Journal of Economics"},{"issue":"11","key":"ref200","doi-asserted-by":"publisher","first-page":"2098","DOI":"10.1037\/0022-3514.37.11.2098","article-title":"Biased assimilation and attitude polarization: The effects of prior theories on subsequently considered evidence","volume":"37","author":"Lord","year":"1979","unstructured":"Lord, C., Ross, L. y Lepper, M. (1979). Biased assimilation and attitude polarization: The effects of prior theories on subsequently considered evidence. Journal of Personality & Social Psychology, 37(11), 2098-2109.","journal-title":"Journal of Personality & Social Psychology"},{"key":"ref201","unstructured":"Lovallo, D. y Kahneman, D. (2003). Delusions of success: How optimism undermines executives' decisions. Harvard Business Review, 81(7), 56-63."},{"issue":"1","key":"ref202","doi-asserted-by":"publisher","first-page":"114","DOI":"10.1037\/0022-0663.86.1.114","article-title":"Highly confident but wrong: Gender differences and similarities in confidence judgments","volume":"86","author":"Lundeberg","year":"1994","unstructured":"Lundeberg, M., Fox, P. y Punccohar, J. (1994). Highly confident but wrong: Gender differences and similarities in confidence judgments. Journal of Educational Psychology, 86(1), 114-121.","journal-title":"Journal of Educational Psychology"},{"key":"ref203","unstructured":"Lunenburg, F. (2010). Group decision making: The potential for groupthink. International Journal of Management, Business, and Administration, 13(1), 1-6."},{"key":"ref204","doi-asserted-by":"publisher","unstructured":"Malmendier, U. y Tate, G. (2005a). CEO overconfidence and corporate investment. Journal of Finance, 60(6), 2661-2700.","DOI":"10.1111\/j.1540-6261.2005.00813.x"},{"key":"ref205","doi-asserted-by":"publisher","unstructured":"Malmendier, U. y Tate, G. (2005b). Does overconfidence affect corporate investment? CEO Overconfidence measures revisited. European Financial Management, 11(5), 649-659.","DOI":"10.1111\/j.1354-7798.2005.00302.x"},{"issue":"3","key":"ref206","doi-asserted-by":"publisher","first-page":"115","DOI":"10.1257\/jep.14.3.115","article-title":"Economic analysis of social interactions","volume":"14","author":"Manski","year":"2000","unstructured":"Manski, C. (2000). Economic analysis of social interactions. Journal of Economic Perspectives, 14(3), 115-136.","journal-title":"Journal of Economic Perspectives"},{"issue":"2","key":"ref207","doi-asserted-by":"publisher","first-page":"103","DOI":"10.1007\/s10339-009-0337-0","article-title":"Good judgments do not require complex cognition","volume":"11","author":"Marewski","year":"2010","unstructured":"Marewski, J., Gaissmaier, W. y Gigerenzer, G. (2010). Good judgments do not require complex cognition. Cognitive Processing, 11(2), 103-121.","journal-title":"Cognitive Processing"},{"issue":"3","key":"ref208","doi-asserted-by":"publisher","first-page":"695","DOI":"10.1007\/s00182-012-0329-7","article-title":"Wisdom of crowds versus groupthink: learning in groups and in isolation","volume":"42","author":"Mayo-Wilson","year":"2012","unstructured":"Mayo-Wilson, C., Zollman, K. y Danks, D. (2012). Wisdom of crowds versus groupthink: learning in groups and in isolation. International Journal of Game Theory, 42(3), 695-723.","journal-title":"International Journal of Game Theory"},{"key":"ref209","doi-asserted-by":"publisher","unstructured":"McGraw, A., Larsen, J., Kahneman, D. y Schkade, D. (2010). Comparing gains and losses, Psychological Science, 21(10), 1438-45.","DOI":"10.1177\/0956797610381504"},{"issue":"4","key":"ref210","doi-asserted-by":"publisher","first-page":"371","DOI":"10.1037\/h0040525","article-title":"Behavioral study of obedience","volume":"67","author":"Milgram","year":"1963","unstructured":"Milgram, S. (1963). Behavioral study of obedience. The Journal of Abnormal and Social Psychology, 67(4), 371-378.","journal-title":"The Journal of Abnormal and Social Psychology"},{"key":"ref211","unstructured":"Milgram, S. (1974). Obedience to authority: An experimental view. HarperCollins."},{"issue":"5","key":"ref212","doi-asserted-by":"publisher","first-page":"961","DOI":"10.1037\/0022-3514.46.5.961","article-title":"Culture and the development of everyday social explanation","volume":"46","author":"Miller","year":"1984","unstructured":"Miller, J. (1984). Culture and the development of everyday social explanation. Journal of Personality and Social Psychology, 46(5), 961-978.","journal-title":"Journal of Personality and Social Psychology"},{"issue":"2","key":"ref213","doi-asserted-by":"publisher","first-page":"502","DOI":"10.1037\/0033-295X.115.2.502","article-title":"The trouble with overconfidence","volume":"115","author":"Moore","year":"2008","unstructured":"Moore, D. y Healy, P. (2008). The trouble with overconfidence. Psychological Review, 115(2), 502-517","journal-title":"Psychological Review"},{"key":"ref214","doi-asserted-by":"publisher","DOI":"10.3386\/w7948","article-title":"Behavioral Economics","author":"Mullainathan","year":"2000","unstructured":"Mullainathan, S. y Thaler, R. (2000). Behavioral Economics. MIT Dept. of Economics Working Paper No. 00-27. http:\/\/ssrn.com\/abstract=245828","journal-title":"MIT Dept of Economics Working Paper No"},{"issue":"3","key":"ref215","doi-asserted-by":"publisher","first-page":"311","DOI":"10.1016\/j.jretconser.2013.02.001","article-title":"Retail fairness: Exploring consumer perceptions of fairness towards retailers' marketing tactics","volume":"20","author":"Nguyen","year":"2013","unstructured":"Nguyen, B. y Klaus, P. (2013). Retail fairness: Exploring consumer perceptions of fairness towards retailers' marketing tactics. Journal of Retailing and Consumer Services, 20(3), 311-324.","journal-title":"Journal of Retailing and Consumer Services"},{"issue":"19","key":"ref216","doi-asserted-by":"publisher","first-page":"11163","DOI":"10.1073\/pnas.1934527100","article-title":"Culture and point of view","volume":"100","author":"Nisbett","year":"2003","unstructured":"Nisbett, R. y Masuda, T. (2003). Culture and point of view. Proceedings of the National Academy of Science, 100(19), 11163-70.","journal-title":"Proceedings of the National Academy of Science"},{"issue":"3","key":"ref217","doi-asserted-by":"publisher","first-page":"161","DOI":"10.1016\/j.jfs.2011.05.004","article-title":"Household behavior and boom\/bust cycles","volume":"8","author":"Nofsinger","year":"2012","unstructured":"Nofsinger, J. (2012). Household behavior and boom\/bust cycles. Journal of Financial Stability, 8(3), 161-173.","journal-title":"Journal of Financial Stability"},{"issue":"2","key":"ref218","doi-asserted-by":"publisher","first-page":"119","DOI":"10.1509\/jmkr.42.2.119.62292","article-title":"The boundaries of loss aversion","volume":"42","author":"Novemsky","year":"2005","unstructured":"Novemsky, N. y Kahneman, D. (2005). The boundaries of loss aversion. Journal of Marketing Research, 42(2), 119-128.","journal-title":"Journal of Marketing Research"},{"key":"ref219","doi-asserted-by":"publisher","unstructured":"Odean, T. (1998a). Are investors reluctant to realize their losses? Journal of Finance, 53(5), 1775-98.","DOI":"10.1111\/0022-1082.00072"},{"key":"ref220","doi-asserted-by":"publisher","unstructured":"Odean, T. (1998b), Volume, volatility, price and profit when all traders are above average. Journal of Finance, 53(6), 1887-1934.","DOI":"10.1111\/0022-1082.00078"},{"key":"ref221","doi-asserted-by":"publisher","unstructured":"Odean, T. (1999). Do investors trade too much? The American Economic Review, 89(5), 1279-1298.","DOI":"10.1257\/aer.89.5.1279"},{"issue":"1","key":"ref222","doi-asserted-by":"publisher","first-page":"147","DOI":"10.1016\/j.jebo.2009.04.018","article-title":"Cognitive abilities and behavioral biases","volume":"72","author":"Oechssler","year":"2009","unstructured":"Oechssler, J., Roider, A. y Schmitz, P. (2009). Cognitive abilities and behavioral biases. Journal of Economic Behavior & Organization, 72(1), 147-152.","journal-title":"Journal of Economic Behavior & Organization"},{"key":"ref223","unstructured":"Okun, A. (1981). Prices and quantities: A macro-economic analysis. The Brookings Institution."},{"issue":"1","key":"ref224","doi-asserted-by":"publisher","first-page":"13","DOI":"10.1016\/j.cognition.2006.12.008","article-title":"Anchors aweigh: A demonstration of cross-modality anchoring and magnitude priming","volume":"106","author":"Oppenheimer","year":"2008","unstructured":"Oppenheimer, D., Leboeuf, R. y Brewer, N. (2008). Anchors aweigh: A demonstration of cross-modality anchoring and magnitude priming. Cognition, 106(1), 13-26.","journal-title":"Cognition"},{"key":"ref225","doi-asserted-by":"publisher","unstructured":"Ortmann, A., Gigerenzer, G., Borges, B. y Goldstein, D. (2008). The recognition heuristic: A fast and frugal way to investment choice? Plott, C. y Smith, V. (edits.). Handbook of experimental economics results: vol 1, (pp. 993-1003). Handbooks in Economics 28.","DOI":"10.1016\/S1574-0722(07)00107-2"},{"issue":"3","key":"ref226","doi-asserted-by":"publisher","first-page":"261","DOI":"10.1037\/h0022125","article-title":"Overconfidence in case-study judgments","volume":"29","author":"Oskamp","year":"1965","unstructured":"Oskamp, S. (1965). Overconfidence in case-study judgments. The Journal of Consulting Psychology, 29(3), 261-265.","journal-title":"The Journal of Consulting Psychology"},{"key":"ref227","doi-asserted-by":"publisher","unstructured":"Ottaviani, M. y Sorensen, P. (2007). The favorite-longshot bias: An overview of the main explanations. Hausch, D. y Ziemba, W. (edits.). Efficiency of Sports and Betting Markets. Elsevier: Handbook in Finance Series.","DOI":"10.1016\/B978-044450744-0.50009-3"},{"issue":"1","key":"ref228","doi-asserted-by":"publisher","first-page":"187","DOI":"10.1017\/S0022381611001241","article-title":"The social contagion model: Exploring the role of public opinion on the diffusion of antismoking legislation across the American States","volume":"74","author":"Pacheco","year":"2012","unstructured":"Pacheco, J. (2012). The social contagion model: Exploring the role of public opinion on the diffusion of antismoking legislation across the American States. The Journal of Politics, 74(1), 187-202.","journal-title":"The Journal of Politics"},{"issue":"3","key":"ref229","doi-asserted-by":"publisher","first-page":"260","DOI":"10.1002\/bdm.1757","article-title":"Strategy selection in risky choice: The impact of numeracy, affect, and cross-cultural differences","volume":"26","author":"Pachur","year":"2013","unstructured":"Pachur, T. y Galesic, M. (2013). Strategy selection in risky choice: The impact of numeracy, affect, and cross-cultural differences. Journal of Behavioral Decision Making, 26(3), 260-271.","journal-title":"Journal of Behavioral Decision Making"},{"key":"ref230","doi-asserted-by":"publisher","unstructured":"Page, L. y Clemen, R. (2013). Do prediction markets produce well-calibrated probability forecasts? The Economic Journal, 123(568), 491-513.","DOI":"10.1111\/j.1468-0297.2012.02561.x"},{"key":"ref231","unstructured":"Pan, C. y Statman, M. (2010). Beyond risk tolerance: Regret, overconfidence and other investor propensities. SCU Leavey School of Business, Research Paper No. 10-05."},{"issue":"3","key":"ref232","doi-asserted-by":"publisher","first-page":"528","DOI":"10.3758\/s13423-012-0249-3","article-title":"Reasoning with base rates is routine, relatively effortless, and context dependent","volume":"19","author":"Pennycook","year":"2012","unstructured":"Pennycook, G. y Thompson, V. (2012). Reasoning with base rates is routine, relatively effortless, and context dependent. Psychonomic Bulletin & Review, 19(3), 528-534.","journal-title":"Psychonomic Bulletin & Review"},{"key":"ref233","doi-asserted-by":"publisher","unstructured":"Pennycook, G., Trippas, D., Handley, S. y Thompson, V. (2014). Base rates: Both neglected and intuitive. Journal of Experimental Psychology: Learning, Memory and Cognition, 40(2), 544-554.","DOI":"10.1037\/a0034887"},{"issue":"4","key":"ref234","doi-asserted-by":"publisher","first-page":"1077","DOI":"10.1080\/00213624.2015.1105043","article-title":"A dynamic behavioral model of the credit boom","volume":"49","author":"Pe\u00f3n","year":"2015","unstructured":"Pe\u00f3n, D., Antelo, M. y Calvo, A. (2015). A dynamic behavioral model of the credit boom. Journal of Economic Issues, 49(4), 1077-99.","journal-title":"Journal of Economic Issues"},{"issue":"2","key":"ref235","doi-asserted-by":"publisher","first-page":"185","DOI":"10.2307\/2296547","article-title":"On second-best national saving and game-equilibrium growth","volume":"35","author":"Phelps","year":"1968","unstructured":"Phelps, E. y Pollak, R. (1968). On second-best national saving and game-equilibrium growth. Review of Economic Studies, 35(2), 185-199.","journal-title":"Review of Economic Studies"},{"key":"ref236","doi-asserted-by":"publisher","unstructured":"Plous, S. (1991). Biases in the assimilation of technological breakdowns: Do accidents make us safer? Journal of Applied Social Psychology, 221(13), 1058-82.","DOI":"10.1111\/j.1559-1816.1991.tb00459.x"},{"key":"ref237","doi-asserted-by":"publisher","unstructured":"Plous, S. (1993). The Psychology of Judgment and Decision Making. McGraw-Hill.","DOI":"10.1037\/e412982005-012"},{"issue":"2","key":"ref238","doi-asserted-by":"publisher","first-page":"141","DOI":"10.1016\/j.obhdp.2012.06.005","article-title":"Self-other decision making and loss aversion","volume":"119","author":"Polman","year":"2012","unstructured":"Polman, E. (2012). Self-other decision making and loss aversion. Organizational Behavior and Human Decision Processes, 119(2), 141-150.","journal-title":"Organizational Behavior and Human Decision Processes"},{"issue":"8","key":"ref239","doi-asserted-by":"publisher","first-page":"2563","DOI":"10.1093\/rfs\/hhs075","article-title":"No place like home: Familiarity in mutual fund manager portfolio choice","volume":"25","author":"Pool","year":"2012","unstructured":"Pool, V., Stoffman, N. y Yonker, S. (2012). No place like home: Familiarity in mutual fund manager portfolio choice. The Review of Financial Studies, 25(8), 2563-99.","journal-title":"The Review of Financial Studies"},{"issue":"6","key":"ref240","doi-asserted-by":"publisher","first-page":"1105","DOI":"10.1086\/262055","article-title":"Impetuous youngsters and jaded old-timers: Acquiring a reputation for learning","volume":"104","author":"Prendergast","year":"1996","unstructured":"Prendergast, C. y Stole, L. (1996). Impetuous youngsters and jaded old-timers: Acquiring a reputation for learning. Journal of Political Economy, 104(6), 1105-34.","journal-title":"Journal of Political Economy"},{"key":"ref241","unstructured":"Presson, P. y Benassi, V. (1996). Illusion of control: A meta-analytic review. Journal of Social Behavior and Personality, 11(3), 493-510."},{"issue":"1","key":"ref242","doi-asserted-by":"publisher","first-page":"175","DOI":"10.1016\/0167-4870(93)90045-M","article-title":"Women, men, and money stiles","volume":"14","author":"Prince","year":"1993","unstructured":"Prince, M. (1993). Women, men, and money stiles. Journal of Economic Psychology, 14(1), 175-182.","journal-title":"Journal of Economic Psychology"},{"key":"ref243","unstructured":"Rabin, M. (1998). Psychology and Economics. Journal of Economic Literature, 36(1), 11-46."},{"issue":"5","key":"ref244","doi-asserted-by":"publisher","first-page":"1281","DOI":"10.1111\/1468-0262.00158","article-title":"Risk aversion and expected-utility theory: A calibration theorem","volume":"68","author":"Rabin","year":"2000","unstructured":"Rabin, M. (2000). Risk aversion and expected-utility theory: A calibration theorem. Econometrica, 68(5), 1281-92.","journal-title":"Econometrica"},{"key":"ref245","doi-asserted-by":"publisher","unstructured":"Rabin, M. (2002a). A perspective on Psychology and Economics. European Economic Review, 46(4-5), 657-685.","DOI":"10.1016\/S0014-2921(01)00207-0"},{"key":"ref246","doi-asserted-by":"publisher","unstructured":"Rabin, M. (2002b). Inference by believers in the Law of Small Numbers. Quarterly Journal of Economics, 117(3), 775-816.","DOI":"10.1162\/003355302760193896"},{"issue":"2","key":"ref247","doi-asserted-by":"publisher","first-page":"730","DOI":"10.1111\/j.1467-937X.2009.00582.x","article-title":"The gambler's and hot-hand fallacies: Theory and applications","volume":"77","author":"Rabin","year":"2010","unstructured":"Rabin, M. y Vayanos, D. (2010). The gambler's and hot-hand fallacies: Theory and applications. Review of Economic Studies, 77(2), 730-778.","journal-title":"Review of Economic Studies"},{"issue":"1","key":"ref248","doi-asserted-by":"publisher","first-page":"37","DOI":"10.1162\/003355399555945","article-title":"First impressions matter: A model of confirmatory bias","volume":"114","author":"Rabin","year":"1999","unstructured":"Rabin, M. y Schrag, J. (1999). First impressions matter: A model of confirmatory bias. Quarterly Journal of Economics, 114(1), 37-82.","journal-title":"Quarterly Journal of Economics"},{"issue":"5","key":"ref249","doi-asserted-by":"publisher","first-page":"547","DOI":"10.1007\/s11747-013-0326-9","article-title":"Understanding social media effects across seller, retailer, and consumer interactions","volume":"41","author":"Rapp","year":"2013","unstructured":"Rapp, A., Beitelspacher, L., Grewal, D. y Hughes, D. (2013). Understanding social media effects across seller, retailer, and consumer interactions. Journal of the Academy of Marketing Science, 41(5), 547-566.","journal-title":"Journal of the Academy of Marketing Science"},{"key":"ref250","doi-asserted-by":"publisher","first-page":"171","DOI":"10.1023\/A:1007879411489","article-title":"Choice bracketing","author":"Read","year":"1999","unstructured":"Read, D., Loewenstein, G. y Rabin, M. (1999). Choice bracketing. Journal of Risk and Uncertainty, 19(1-3), 171-197.","journal-title":"Journal of Risk and Uncertainty 19(1-3)"},{"key":"ref251","unstructured":"Ricciardi, V. y Simon, H. (2000). What is Behavioral Finance? Business, Education & Technology Journal, 2(2), 1-9."},{"issue":"1","key":"ref252","doi-asserted-by":"publisher","first-page":"71","DOI":"10.1086\/209242","article-title":"Comparison and the idealized images of advertising","volume":"18","author":"Richins","year":"1991","unstructured":"Richins, M. (1991). Comparison and the idealized images of advertising. Journal of Consumer Research, 18(1), 71-83.","journal-title":"Journal of Consumer Research"},{"issue":"2","key":"ref253","doi-asserted-by":"publisher","first-page":"108","DOI":"10.1080\/15427560.2012.680991","article-title":"Why do investors buy bad financial products? Probability misestimation and preferences in financial investment decision","volume":"13","author":"Rieger","year":"2012","unstructured":"Rieger, M. (2012). Why do investors buy bad financial products? Probability misestimation and preferences in financial investment decision. Journal of Behavioral Finance, 13(2), 108-118.","journal-title":"Journal of Behavioral Finance"},{"issue":"3","key":"ref254","doi-asserted-by":"publisher","first-page":"175","DOI":"10.1007\/s11166-006-9518-8","article-title":"Ambiguity seeking as a result of the status quo bias","volume":"32","author":"Roca","year":"2006","unstructured":"Roca, M., Hogarth, R. y Maule, J. (2006). Ambiguity seeking as a result of the status quo bias. Journal of Risk and Uncertainty, 32(3), 175-194.","journal-title":"Journal of Risk and Uncertainty"},{"issue":"5","key":"ref255","doi-asserted-by":"publisher","first-page":"411","DOI":"10.1177\/1745691612454303","article-title":"Hindsight bias","volume":"7","author":"Roese","year":"2012","unstructured":"Roese, N. y Vohs, K. (2012). Hindsight bias. Perspectives on Psychological Science, 7(5), 411-426.","journal-title":"Perspectives on Psychological Science"},{"key":"ref256","doi-asserted-by":"publisher","unstructured":"Roll, R. (1986), The hubris hypothesis of corporate takeovers, Journal of Business 59(2), 197-216.","DOI":"10.1086\/296325"},{"issue":"4","key":"ref257","doi-asserted-by":"publisher","first-page":"767","DOI":"10.1509\/jmkr.48.4.767","article-title":"Incorporating context effects into a choice model","volume":"48","author":"Rooderkerk","year":"2011","unstructured":"Rooderkerk, R., van Heerde, H. y Bijmolt, T. (2011). Incorporating context effects into a choice model. Journal of Marketing Research, 48(4), 767-780.","journal-title":"Journal of Marketing Research"},{"key":"ref258","unstructured":"Ross, M. y Sicoly, F. (1977). Egocentric biases in availability and attribution. Judgment under uncertainty: heuristics and biases. Cambridge University Press."},{"issue":"2","key":"ref259","doi-asserted-by":"publisher","first-page":"340","DOI":"10.1016\/j.jce.2013.11.002","article-title":"Centralized institutions and cascades","volume":"42","author":"Rubin","year":"2014","unstructured":"Rubin, J. (2014). Centralized institutions and cascades. Journal of Comparative Economics, 42(2), 340-357.","journal-title":"Journal of Comparative Economics"},{"issue":"2","key":"ref260","doi-asserted-by":"publisher","first-page":"94","DOI":"10.1080\/15427560.2013.790387","article-title":"An exploratory inquiry into the psychological biases in financial investment behavior","volume":"14","author":"Sahi","year":"2013","unstructured":"Sahi, S., Arora, A. y Dhameja, N. (2013). An exploratory inquiry into the psychological biases in financial investment behavior. Journal of Behavioral Finance, 14(2), 94-103.","journal-title":"Journal of Behavioral Finance"},{"issue":"4","key":"ref261","doi-asserted-by":"publisher","first-page":"780","DOI":"10.1037\/0022-3514.47.4.780","article-title":"Some antecedents and consequences of social-comparison jealousy","volume":"47","author":"Salovey","year":"1984","unstructured":"Salovey, P. y Rodin, J. (1984). Some antecedents and consequences of social-comparison jealousy. Journal of Personality and Social Psychology, 47(4), 780-792.","journal-title":"Journal of Personality and Social Psychology"},{"issue":"1","key":"ref262","doi-asserted-by":"publisher","first-page":"7","DOI":"10.1007\/BF00055564","article-title":"Status quo bias in decision making","volume":"1","author":"Samuelson","year":"1988","unstructured":"Samuelson, W. y Zeckhauser, R. (1988). Status quo bias in decision making. Journal of Risk and Uncertainty, 1(1), 7-59.","journal-title":"Journal of Risk and Uncertainty"},{"issue":"6","key":"ref263","doi-asserted-by":"publisher","first-page":"1183","DOI":"10.1086\/378531","article-title":"Overconfidence and speculative bubbles","volume":"111","author":"Scheinkman","year":"2003","unstructured":"Scheinkman, J. y Xiong, W. (2003). Overconfidence and speculative bubbles. Journal of Political Economy, 111(6), 1183-1219.","journal-title":"Journal of Political Economy"},{"key":"ref264","doi-asserted-by":"publisher","first-page":"186","DOI":"10.1016\/j.socec.2014.10.002","article-title":"Flowers and an honour box: Evidence on framing effects","author":"Schl\u00fcter","year":"2015","unstructured":"Schl\u00fcter, A. y Vollan, B. (2015). Flowers and an honour box: Evidence on framing effects. Journal of Behavioral and Experimental Economics, 57, 186-199.","journal-title":"Journal of Behavioral and Experimental Economics 57"},{"issue":"2","key":"ref265","doi-asserted-by":"publisher","first-page":"97","DOI":"10.1007\/s11166-012-9150-8","article-title":"A genuine foundation for prospect theory","volume":"45","author":"Schmidt","year":"2012","unstructured":"Schmidt, U. y Zank, H. (2012). A genuine foundation for prospect theory. Journal of Risk and Uncertainty, 45(2), 97-113.","journal-title":"Journal of Risk and Uncertainty"},{"issue":"9","key":"ref266","doi-asserted-by":"publisher","first-page":"1424","DOI":"10.1287\/mnsc.1060.0534","article-title":"Discounting by intervals: A generalized model of intertemporal choice","volume":"52","author":"Scholten","year":"2006","unstructured":"Scholten, M. y Read, D. (2006). Discounting by intervals: A generalized model of intertemporal choice. Management Science, 52(9), 1424-36.","journal-title":"Management Science"},{"issue":"3","key":"ref267","doi-asserted-by":"publisher","first-page":"610","DOI":"10.1037\/0033-295X.112.3.610","article-title":"How forgetting aids heuristic inference","volume":"112","author":"Schooler","year":"2005","unstructured":"Schooler, L. y Hertwig, R. (2005). How forgetting aids heuristic inference. Psychological Review, 112(3), 610-628.","journal-title":"Psychological Review"},{"key":"ref268","doi-asserted-by":"publisher","first-page":"111","DOI":"10.1016\/j.joep.2012.08.005","article-title":"Motivation and affective processing biases in risky decision making: A counter-regulation account","volume":"38","author":"Schwager","year":"2013","unstructured":"Schwager, S. y Rothermund, K. (2013). Motivation and affective processing biases in risky decision making: A counter-regulation account. Journal of Economic Psychology, 38, 111-126.","journal-title":"Journal of Economic Psychology"},{"issue":"6","key":"ref269","doi-asserted-by":"publisher","first-page":"2341","DOI":"10.1037\/xge0000024","article-title":"Familiarity and recollection in heuristic decision making","volume":"143","author":"Schwikert","year":"2014","unstructured":"Schwikert, S. y Curran, T. (2014). Familiarity and recollection in heuristic decision making. Journal of Experimental Psychology, 143(6), 2341-65.","journal-title":"Journal of Experimental Psychology"},{"issue":"1","key":"ref270","doi-asserted-by":"publisher","first-page":"9","DOI":"10.1080\/15427560.2012.737389","article-title":"Familiarity bias and perceived future home price movements","volume":"14","author":"Seiler","year":"2013","unstructured":"Seiler, M., Seiler, V., Harrison, D. y Lake, M. (2013). Familiarity bias and perceived future home price movements. Journal of Behavioral Finance, 14(1), 9-24.","journal-title":"Journal of Behavioral Finance"},{"key":"ref271","doi-asserted-by":"crossref","unstructured":"Sen, A. (1995). Moral codes and economic success. Brittan, C. y Hamlin, A. (edits.) Market Capitalism and Moral Values. Aldershot.","DOI":"10.4337\/9781035334544.00008"},{"issue":"5","key":"ref272","doi-asserted-by":"publisher","first-page":"694","DOI":"10.1016\/j.joep.2006.05.008","article-title":"Invest now, drink later, spend never: The mental accounting of delayed consumption","volume":"27","author":"Shafir","year":"2006","unstructured":"Shafir, E. y Thaler, R. (2006). Invest now, drink later, spend never: The mental accounting of delayed consumption. Journal of Economic Psychology, 27(5), 694-712.","journal-title":"Journal of Economic Psychology"},{"key":"ref273","unstructured":"Shefrin, H. (2000). Beyond Greed and Fear: Understanding Behavioral Finance and the Psychology of Investing. (Segunda edici\u00f3n). Oxford University Press."},{"key":"ref274","unstructured":"Shefrin, H. (2006). Behavioral Corporate Finance. McGraw-Hill."},{"issue":"1","key":"ref275","doi-asserted-by":"publisher","first-page":"127","DOI":"10.1142\/S2010139211000043","article-title":"BP's failure to debias: Underscoring the importance of behavioral corporate finance","volume":"1","author":"Shefrin","year":"2011","unstructured":"Shefrin, H. y Cervellati, E. (2011). BP's failure to debias: Underscoring the importance of behavioral corporate finance. Quarterly Journal of Finance, 1(1), 127-168.","journal-title":"Quarterly Journal of Finance"},{"issue":"3","key":"ref276","doi-asserted-by":"publisher","first-page":"777","DOI":"10.1111\/j.1540-6261.1985.tb05002.x","article-title":"The disposition to sell winners too early and ride losers too long: Theory and evidence","volume":"40","author":"Shefrin","year":"1985","unstructured":"Shefrin, H. y Statman, M. (1985). The disposition to sell winners too early and ride losers too long: Theory and evidence. Journal of Finance, 40(3), 777-790.","journal-title":"Journal of Finance"},{"issue":"2","key":"ref277","doi-asserted-by":"publisher","first-page":"127","DOI":"10.2307\/2676187","article-title":"Behavioral portfolio theory","volume":"35","author":"Shefrin","year":"2000","unstructured":"Shefrin, H. y Statman, M. (2000). Behavioral portfolio theory. Journal of Financial and Quantitative Analysis, 35(2), 127-151.","journal-title":"Journal of Financial and Quantitative Analysis"},{"key":"ref278","doi-asserted-by":"publisher","first-page":"90","DOI":"10.2307\/2785261","article-title":"An experimental approach to the study of attitudes","volume":"1","author":"Sherif","year":"1937","unstructured":"Sherif, M. (1937). An experimental approach to the study of attitudes. Sociometry 1, 90-98.","journal-title":"Sociometry"},{"key":"ref279","doi-asserted-by":"publisher","unstructured":"Shiller, R. (1984). Stock prices and social dynamics. Brookings Papers on Economic Activity. Fall: 457-498.","DOI":"10.2307\/2534436"},{"key":"ref280","doi-asserted-by":"publisher","unstructured":"Shiller, R. (2000a). Human behavior and the efficiency of the financial system. Taylor, B. y Woodfood, M. (edits.). Handbook of Macroeconomics. North Holland.","DOI":"10.1016\/S1574-0048(99)10033-8"},{"key":"ref281","unstructured":"Shiller, R. (2000b). Irrational exuberance. Princeton University Press."},{"issue":"1","key":"ref282","doi-asserted-by":"publisher","first-page":"83","DOI":"10.1257\/089533003321164967","article-title":"From efficient market theory to behavioral finance","volume":"17","author":"Shiller","year":"2003","unstructured":"Shiller, R. (2003). From efficient market theory to behavioral finance. Journal of Economic Perspectives, 17(1), 83-104.","journal-title":"Journal of Economic Perspectives"},{"issue":"411","key":"ref283","doi-asserted-by":"publisher","first-page":"426","DOI":"10.2307\/2234526","article-title":"Prices of state contingent claims with insider traders, and the favorite-longshot bias","volume":"102","author":"Shin","year":"1992","unstructured":"Shin, H. (1992). Prices of state contingent claims with insider traders, and the favorite-longshot bias. The Economic Journal, 102(411), 426-435.","journal-title":"The Economic Journal"},{"key":"ref284","doi-asserted-by":"publisher","unstructured":"Shleifer, A. (2000). Inefficient Markets: An Introduction to Behavioral Finance. Oxford University Press.","DOI":"10.1093\/0198292279.001.0001"},{"key":"ref285","doi-asserted-by":"publisher","unstructured":"Shleifer, A. (2004). Does competition destroy ethical behavior? American Economic Association Papers and Proceedings, 94(2), 414-418.","DOI":"10.1257\/0002828041301498"},{"key":"ref286","doi-asserted-by":"publisher","unstructured":"Simon, H.A. (1957). Models of Man: Social and Rational. Wiley.","DOI":"10.2307\/2550441"},{"issue":"2","key":"ref287","doi-asserted-by":"publisher","first-page":"158","DOI":"10.1086\/209205","article-title":"Choice based on reasons: The case of attraction and compromise effects","volume":"16","author":"Simonson","year":"1989","unstructured":"Simonson, I. (1989). Choice based on reasons: The case of attraction and compromise effects. Journal of Consumer Research, 16(2), 158-74.","journal-title":"Journal of Consumer Research"},{"issue":"3","key":"ref288","doi-asserted-by":"publisher","first-page":"281","DOI":"10.1177\/002224379202900301","article-title":"Choice in context: Tradeoff contrast and extremeness aversion","volume":"29","author":"Simonson","year":"1992","unstructured":"Simonson, I. y Tversky, A. (1992). Choice in context: Tradeoff contrast and extremeness aversion. Journal of Marketing Research, 29(3), 281-295.","journal-title":"Journal of Marketing Research"},{"key":"ref289","doi-asserted-by":"publisher","unstructured":"Slovic, P., Finucane, M., Peters, E. y MacGregor, D. (2002). The affect heuristic. Gilovich, T., Griffin, D. y Kahneman, D. (edits.), Heuristics and Biases: The Psychology of Intuitive Judgment, (pp. 387-420). Cambridge University Press.","DOI":"10.1017\/CBO9780511808098.025"},{"key":"ref290","unstructured":"Solow, R. (1980). On theories of unemployment. American Economic, Review, 70(1), 1-11."},{"issue":"6","key":"ref291","doi-asserted-by":"publisher","first-page":"18","DOI":"10.2469\/faj.v55.n6.2311","article-title":"Behavioral finance: Past battles, future engagements","volume":"55","author":"Statman","year":"1999","unstructured":"Statman, M. (1999). Behavioral finance: Past battles, future engagements. Financial Analysts Journal, 55(6), 18-27.","journal-title":"Financial Analysts Journal"},{"key":"ref292","unstructured":"Statman, M. y Weng, J. (2010). Investment across cultures: Financial Attitudes of Chinese-Americans. Journal of Investment Consulting, 11(1), 37-44."},{"issue":"4","key":"ref293","doi-asserted-by":"publisher","first-page":"1531","DOI":"10.1093\/rfs\/hhj032","article-title":"Investor overconfidence and trading volume","volume":"19","author":"Statman","year":"2006","unstructured":"Statman, M., Thorley, S. y Vorkink, K. (2006). Investor overconfidence and trading volume. The Review of Financial Studies, 19(4), 1531-65.","journal-title":"The Review of Financial Studies"},{"issue":"1","key":"ref294","doi-asserted-by":"publisher","first-page":"12","DOI":"10.1002\/bdm.1870","article-title":"Intertemporal similarity: Discounting as a last resort","volume":"29","author":"Stevens","year":"2016","unstructured":"Stevens, J. (2016). Intertemporal similarity: Discounting as a last resort. Journal of Behavioral Decision Making, 29(1), 12-24.","journal-title":"Journal of Behavioral Decision Making"},{"issue":"11","key":"ref295","doi-asserted-by":"publisher","first-page":"327","DOI":"10.1016\/j.jebo.2015.07.004","article-title":"Hot hand and gambler's fallacy in teams: Evidence from investment experiments","volume":"117","author":"St\u00f6ckl","year":"2015","unstructured":"St\u00f6ckl, T., Huber, J., Kirchler, M. y Lindner, F. (2015). Hot hand and gambler's fallacy in teams: Evidence from investment experiments. Journal of Economic Behavior & Organization, 117(11), 327-339.","journal-title":"Journal of Economic Behavior & Organization"},{"issue":"3","key":"ref296","doi-asserted-by":"publisher","first-page":"165","DOI":"10.2307\/2295722","article-title":"Myopia and inconsistency in dynamic utility maximization","volume":"23","author":"Strotz","year":"1955","unstructured":"Strotz, R. (1955). Myopia and inconsistency in dynamic utility maximization. Review of Economic Studies, 23(3), 165-180.","journal-title":"Review of Economic Studies"},{"issue":"3","key":"ref297","doi-asserted-by":"publisher","first-page":"313","DOI":"10.1016\/S0304-405X(03)00173-9","article-title":"Culture, openness, and finance","volume":"70","author":"Stulz","year":"2003","unstructured":"Stulz, R. y Williamson, R. (2003). Culture, openness, and finance. Journal of Financial Economics, 70(3), 313-349.","journal-title":"Journal of Financial Economics"},{"issue":"1","key":"ref298","doi-asserted-by":"publisher","first-page":"118","DOI":"10.1016\/j.jebo.2011.06.017","article-title":"The gambler's fallacy and gender","volume":"83","author":"Suetens","year":"2012","unstructured":"Suetens, S. y Tyran, J. (2012). The gambler's fallacy and gender. Journal of Economic Behavior & Organization, 83(1), 118-124.","journal-title":"Journal of Economic Behavior & Organization"},{"issue":"4","key":"ref299","doi-asserted-by":"publisher","first-page":"1409","DOI":"10.1007\/s10902-012-9379-6","article-title":"Subjective well-being and hedonic editing: How happy people maximize joint outcomes of loss and gain","volume":"14","author":"Sul","year":"2013","unstructured":"Sul, S., Kim, J. y Choi, I. (2013). Subjective well-being and hedonic editing: How happy people maximize joint outcomes of loss and gain. Journal of Happiness Studies, 14(4), 1409-1430.","journal-title":"Journal of Happiness Studies"},{"issue":"2","key":"ref300","doi-asserted-by":"publisher","first-page":"234","DOI":"10.1016\/j.jbusvent.2010.10.001","article-title":"Does culture still matter? The effects of individualism on national innovation rates","volume":"27","author":"Taylor","year":"2012","unstructured":"Taylor, M. y Wilson, S. (2012). Does culture still matter? The effects of individualism on national innovation rates. Journal of Business Venturing, 27(2), 234-247.","journal-title":"Journal of Business Venturing"},{"key":"ref301","doi-asserted-by":"publisher","unstructured":"Taylor, S. (1982). The availability bias in social perception and interaction. Kahneman, D. Slovic, P. y Tversky, A. Judgment under uncertainty: heuristics and biases. Cambridge University Press.","DOI":"10.1017\/CBO9780511809477.014"},{"key":"ref302","unstructured":"Thaler, R. (1983). Illusions and mirages in public policy. Public Interest, 73, 60-74."},{"issue":"3","key":"ref303","doi-asserted-by":"publisher","first-page":"199","DOI":"10.1287\/mksc.4.3.199","article-title":"Mental accounting and consumer choice","volume":"4","author":"Thaler","year":"1985","unstructured":"Thaler, R. (1985). Mental accounting and consumer choice. Marketing Science, 4(3), 199-214.","journal-title":"Marketing Science"},{"issue":"3","key":"ref304","doi-asserted-by":"publisher","first-page":"183","DOI":"10.1002\/(SICI)1099-0771(199909)12:3<183::AID-BDM318>3.0.CO;2-F","article-title":"Mental accounting matters","volume":"12","author":"Thaler","year":"1999","unstructured":"Thaler, R. (1999). Mental accounting matters. Journal of Behavioral Decision Making, 12(3), 183-206.","journal-title":"Journal of Behavioral Decision Making"},{"issue":"1","key":"ref305","doi-asserted-by":"publisher","first-page":"12","DOI":"10.1287\/mksc.1070.0348","article-title":"Mental accounting and consumer choice: Anatomy of a failure","volume":"27","author":"Thaler","year":"2008","unstructured":"Thaler, R. (2008). Mental accounting and consumer choice: Anatomy of a failure. Marketing Science, 27(1), 12-14.","journal-title":"Marketing Science"},{"issue":"6","key":"ref306","doi-asserted-by":"publisher","first-page":"643","DOI":"10.1287\/mnsc.36.6.643","article-title":"Gambling with the house money and trying to break even: The effects of prior outcomes on risky choice","volume":"36","author":"Thaler","year":"1990","unstructured":"Thaler, R. y Johnson, E. (1990). Gambling with the house money and trying to break even: The effects of prior outcomes on risky choice. Management Science, 36(6), 643-660.","journal-title":"Management Science"},{"issue":"2","key":"ref307","doi-asserted-by":"publisher","first-page":"392","DOI":"10.1086\/260971","article-title":"An economic theory of self-control","volume":"89","author":"Thaler","year":"1981","unstructured":"Thaler, R. y Shefrin, H. (1981). An economic theory of self-control. Journal of Political Economy, 89(2), 392-406.","journal-title":"Journal of Political Economy"},{"issue":"2","key":"ref308","doi-asserted-by":"publisher","first-page":"646","DOI":"10.1162\/003355397555226","article-title":"The effect of myopia and loss aversion on risk: Taking an experimental test","volume":"112","author":"Thaler","year":"1997","unstructured":"Thaler, R., Tversky, A., Kahneman, D. y Schwartz, A. (1997). The effect of myopia and loss aversion on risk: Taking an experimental test. Quarterly Journal of Economics, 112(2), 646-661.","journal-title":"Quarterly Journal of Economics"},{"issue":"1","key":"ref309","doi-asserted-by":"publisher","first-page":"35","DOI":"10.1086\/406755","article-title":"The evolution of reciprocal altruism","volume":"46","author":"Trivers","year":"1971","unstructured":"Trivers, R. (1971). The evolution of reciprocal altruism. Quarterly Review of Biology, 46(1), 35-57.","journal-title":"Quarterly Review of Biology"},{"issue":"2","key":"ref310","doi-asserted-by":"publisher","first-page":"33","DOI":"10.1509\/jm.10.0205","article-title":"Consumer participation in coproduction: \"I made it myself\" effects on consumers' sensory perceptions and evaluations of outcome and input product","volume":"76","author":"Troye","year":"2012","unstructured":"Troye, S. y Supphellen, M. (2012). Consumer participation in coproduction: \"I made it myself\" effects on consumers' sensory perceptions and evaluations of outcome and input product. Journal of Marketing, 76(2), 33-46.","journal-title":"Journal of Marketing"},{"issue":"24","key":"ref311","doi-asserted-by":"publisher","first-page":"9659","DOI":"10.1073\/pnas.1119569109","article-title":"Salience driven value integration explains decision biases and preference reversal","volume":"109","author":"Tsetsos","year":"2012","unstructured":"Tsetsos, K., Chater, N. y Usher, M. (2012). Salience driven value integration explains decision biases and preference reversal. Proceedings of the National Academy of Sciences of the United States of America, 109(24), 9659-64.","journal-title":"Proceedings of the National Academy of Sciences of the United States of America"},{"issue":"4","key":"ref312","doi-asserted-by":"publisher","first-page":"281","DOI":"10.1037\/h0032955","article-title":"Elimination by aspects: A theory of choice","volume":"79","author":"Tversky","year":"1972","unstructured":"Tversky, A. (1972). Elimination by aspects: A theory of choice. Psychological Review, 79(4), 281-99.","journal-title":"Psychological Review"},{"issue":"2","key":"ref313","doi-asserted-by":"publisher","first-page":"105","DOI":"10.1037\/h0031322","article-title":"The belief in the law of small numbers","volume":"76","author":"Tversky","year":"1971","unstructured":"Tversky, A. y Kahneman, D. (1971). The belief in the law of small numbers. Psychological Bulletin, 76(2), 105-110.","journal-title":"Psychological Bulletin"},{"key":"ref314","doi-asserted-by":"publisher","unstructured":"Tversky, A. y Kahneman, D. (1973). Availability: A heuristic for judging frequency and probability, Cognitive Psychology 5(2), 207-232.","DOI":"10.1016\/0010-0285(73)90033-9"},{"key":"ref315","doi-asserted-by":"publisher","unstructured":"Tversky, A. y Kahneman, D. (1974). Judgment under uncertainty: Heuristics and biases. Science, 185(4157), 1124-31.","DOI":"10.1126\/science.185.4157.1124"},{"key":"ref316","doi-asserted-by":"publisher","unstructured":"Tversky, A. y Kahneman, D. (1981). The framing of decisions and the psychology of choice. Science, 211(4481), 453-458.","DOI":"10.1126\/science.7455683"},{"key":"ref317","doi-asserted-by":"publisher","unstructured":"Tversky, A. y Kahneman, D. (1982a). Evidential impact of base rates. Judgment under uncertainty: Heuristics and biases. Cambridge University Press.","DOI":"10.1017\/CBO9780511809477"},{"key":"ref318","doi-asserted-by":"publisher","unstructured":"Tversky, A. y Kahneman, D. (1982b). Judgments of and by representativeness. Judgment under uncertainty: Heuristics and biases. Cambridge University Press.","DOI":"10.1017\/CBO9780511809477"},{"issue":"4","key":"ref319","doi-asserted-by":"publisher","first-page":"293","DOI":"10.1037\/0033-295X.90.4.293","article-title":"Extension versus intuitive reasoning: The conjunction fallacy in probability judgment","volume":"90","author":"Tversky","year":"1983","unstructured":"Tversky, A. y Kahneman, D. (1983). Extension versus intuitive reasoning: The conjunction fallacy in probability judgment. Psychological Review, 90(4), 293-315.","journal-title":"Psychological Review"},{"key":"ref320","doi-asserted-by":"publisher","DOI":"10.1086\/296365","article-title":"Rational choice and the framing of decisions","author":"Tversky","year":"1986","unstructured":"Tversky, A. y Kahneman, D. (1986). Rational choice and the framing of decisions. The Journal of Business, 59(S4), S251-S278.","journal-title":"The Journal of Business 59(S4) S251-S278"},{"issue":"4","key":"ref321","doi-asserted-by":"publisher","first-page":"1039","DOI":"10.2307\/2937956","article-title":"Loss aversion in riskless choice: A reference-dependent model","volume":"106","author":"Tversky","year":"1991","unstructured":"Tversky, A. y Kahneman, D. (1991). Loss aversion in riskless choice: A reference-dependent model. The Quarterly Journal of Economics, 106(4), 1039-61.","journal-title":"The Quarterly Journal of Economics"},{"issue":"4","key":"ref322","doi-asserted-by":"publisher","first-page":"297","DOI":"10.1007\/BF00122574","article-title":"Advances in prospect theory: Cumulative representation of uncertainty","volume":"5","author":"Tversky","year":"1992","unstructured":"Tversky, A. y Kahneman, D. (1992). Advances in prospect theory: Cumulative representation of uncertainty. Journal of Risk and Uncertainty, 5(4), 297-323.","journal-title":"Journal of Risk and Uncertainty"},{"issue":"10","key":"ref323","doi-asserted-by":"publisher","first-page":"1179","DOI":"10.1287\/mnsc.39.10.1179","article-title":"Context-dependent preferences","volume":"39","author":"Tversky","year":"1993","unstructured":"Tversky, A. y Simonson, I. (1993). Context-dependent preferences. Management Science, 39(10), 1179-89.","journal-title":"Management Science"},{"issue":"6","key":"ref324","doi-asserted-by":"publisher","first-page":"1352","DOI":"10.1287\/mnsc.2014.1936","article-title":"Tie strength, embeddedness, and social influence: A large-scale networked experiment","volume":"60","author":"Aral","year":"2014","unstructured":"Aral, S. y Walker, D. (2014). Tie strength, embeddedness, and social influence: A large-scale networked experiment. Management Science 60(6), 1352-70.","journal-title":"Management Science"},{"key":"ref325","doi-asserted-by":"publisher","unstructured":"Andersen, S., Harrison, G., Lau, M. y Rutstr\u00f6m, E. (2014). Discounting behavior: A reconsideration, European Economic Review, 71, 15-33.","DOI":"10.1016\/j.euroecorev.2014.06.009"},{"key":"ref326","unstructured":"Weber, M. (1905). The Protestant Ethic and the Spirit of Capitalism. Routledge Classic."},{"issue":"4","key":"ref327","doi-asserted-by":"publisher","first-page":"548","DOI":"10.1037\/0033-295X.92.4.548","article-title":"An attributional theory of achievement motivation and emotion","volume":"92","author":"Weiner","year":"1985","unstructured":"Weiner, B. (1985). An attributional theory of achievement motivation and emotion. Psychological Review, 92(4), 548-573.","journal-title":"Psychological Review"},{"key":"ref328","doi-asserted-by":"publisher","unstructured":"Williams, E. y Gilovich, T. (2008). Do people really believe they are above average? Journal of Experimental Social Psychology, 44(4), 1121-28.","DOI":"10.1016\/j.jesp.2008.01.002"},{"key":"ref329","doi-asserted-by":"publisher","first-page":"407","DOI":"10.1016\/j.jebo.2015.05.002","article-title":"Helpful laymen in informational cascades","author":"Wu","year":"2015","unstructured":"Wu, J. (2015). Helpful laymen in informational cascades. Journal of Economic Behavior & Organization, 116(c), 407-415.","journal-title":"Journal of Economic Behavior & Organization 116(c)"},{"issue":"3","key":"ref330","doi-asserted-by":"publisher","first-page":"359","DOI":"10.1007\/s11238-010-9234-3","article-title":"Measuring time stability of prospect theory preferences","volume":"72","author":"Zeisberger","year":"2015","unstructured":"Zeisberger, S., Vrecko, D. y Langer, T. (2015). Measuring time stability of prospect theory preferences. Theory and Decision, 72(3), 359-386.","journal-title":"Theory and Decision"},{"issue":"6","key":"ref331","doi-asserted-by":"publisher","first-page":"2213","DOI":"10.2308\/accr-50524","article-title":"Book-to-Market ratio and skewness of stock returns","volume":"88","author":"Zhang","year":"2013","unstructured":"Zhang, X.-J. (2013). Book-to-Market ratio and skewness of stock returns. The Accounting Review, 88(6), 2213-40","journal-title":"The Accounting Review"}],"container-title":["Revista Estrategia Organizacional"],"link":[{"URL":"https:\/\/hemeroteca.unad.edu.co\/index.php\/revista-estrategica-organizacio\/article\/download\/4963\/4748","content-type":"application\/pdf","content-version":"vor","intended-application":"text-mining"},{"URL":"https:\/\/hemeroteca.unad.edu.co\/index.php\/revista-estrategica-organizacio\/article\/download\/4963\/4705","content-type":"text\/xml","content-version":"vor","intended-application":"text-mining"},{"URL":"https:\/\/hemeroteca.unad.edu.co\/index.php\/revista-estrategica-organizacio\/article\/download\/4963\/4695","content-type":"unspecified","content-version":"vor","intended-application":"text-mining"},{"URL":"https:\/\/hemeroteca.unad.edu.co\/index.php\/revista-estrategica-organizacio\/article\/download\/4963\/4696","content-type":"unspecified","content-version":"vor","intended-application":"text-mining"},{"URL":"https:\/\/hemeroteca.unad.edu.co\/index.php\/revista-estrategica-organizacio\/article\/download\/4963\/4748","content-type":"unspecified","content-version":"vor","intended-application":"similarity-checking"}],"deposited":{"date-parts":[[2024,9,5]],"date-time":"2024-09-05T07:49:15Z","timestamp":1725522555000},"score":0.0,"resource":{"primary":{"URL":"https:\/\/hemeroteca.unad.edu.co\/index.php\/revista-estrategica-organizacio\/article\/view\/4963"}},"issued":{"date-parts":[[2021,7,21]]},"references-count":332,"journal-issue":{"issue":"2","published-online":{"date-parts":[[2021,7,22]]}},"URL":"https:\/\/doi.org\/10.22490\/25392786.4963","ISSN":["2539-2786","2339-3866"],"issn-type":[{"type":"electronic","value":"2539-2786"},{"type":"print","value":"2339-3866"}],"published":{"date-parts":[[2021,7,21]]}},{"indexed":{"date-parts":[[2025,10,23]],"date-time":"2025-10-23T01:40:53Z","timestamp":1761183653649,"version":"build-2065373602"},"reference-count":1,"publisher":"Sello Editorial UNAD","isbn-type":[{"value":"9786287786462","type":"electronic"}],"content-domain":{"domain":[],"crossmark-restriction":false},"published-print":{"date-parts":[[2025]]},"abstract":"<jats:p>El Simposio sobre Calidad de Vida y Educaci\u00f3n, Ciencia y Tecnolog\u00eda se desarroll\u00f3 en el marco del VI Congreso de Ciencias, Tecnolog\u00edas y Culturas, organizado por el Instituto de Estudios Avanzados de la Universidad de Santiago de Chile y la Red Internacional del Conocimiento, en Santiago de Chile, entre el 24 y 27 de julio de 2024. El tema general del congreso es la calidad de vida en sus m\u00faltiples dimensiones.Las ponencias de este simposio abarcan un amplio espectro de temas relacionados con la educaci\u00f3n, con un fuerte \u00e9nfasis en la integraci\u00f3n de la tecnolog\u00eda, la formaci\u00f3n docente y la b\u00fasqueda de soluciones innovadoras para mejorar los procesos de ense\u00f1anza y aprendizaje vinculadas con un enfoque en la calidad de vida.El e-book recopila los trabajos completos enviados por los participantes al simposio. Como red de conocimiento en permanente construcci\u00f3n, todos hemos consensuado en que esta publicaci\u00f3n es una forma de mantener la din\u00e1mica comunicativa con las comunidades internacionales que tienen inter\u00e9s en construir conocimiento alrededor de la calidad de vida y la educaci\u00f3n, ciencia y tecnolog\u00eda.<\/jats:p>","DOI":"10.22490\/unad.9786287786462","type":"monograph","created":{"date-parts":[[2025,10,22]],"date-time":"2025-10-22T20:05:06Z","timestamp":1761163506000},"source":"Crossref","is-referenced-by-count":0,"title":["Calidad de Vida y Educaci\u00f3n, Ciencia y Tecnolog\u00eda"],"prefix":"10.22490","author":[{"given":"Walter","family":"Ruben","sequence":"first","affiliation":[],"role":[{"role":"author","vocabulary":"crossref"}]},{"given":"Walter Ruben","family":"Iriondo Otero","sequence":"additional","affiliation":[],"role":[{"role":"author","vocabulary":"crossref"}]},{"given":"Jos\u00e9","family":"Miguel","sequence":"additional","affiliation":[],"role":[{"role":"author","vocabulary":"crossref"}]}],"member":"9784","published-online":{"date-parts":[[2025]]},"reference":[{"key":"cite0","unstructured":"Asociaci\u00f3n Latinoamericana de Instituciones Financieras para el Desarrollo (ALIDE, 2019). Panorama de la Banca de Desarrollo: L\u00edneas de Acci\u00f3n y Desaf\u00edos Futuros. ALIDE.\u00a0https:\/\/www.alide.org.pe\/"}],"deposited":{"date-parts":[[2025,10,22]],"date-time":"2025-10-22T20:05:40Z","timestamp":1761163540000},"score":0.0,"resource":{"primary":{"URL":"https:\/\/libros.unad.edu.co\/index.php\/selloeditorial\/catalog\/book\/333"}},"issued":{"date-parts":[[2025]]},"ISBN":["9786287786462"],"references-count":1,"URL":"https:\/\/doi.org\/10.22490\/unad.9786287786462","published":{"date-parts":[[2025]]}},{"indexed":{"date-parts":[[2026,2,17]],"date-time":"2026-02-17T02:16:34Z","timestamp":1771294594934,"version":"3.50.1"},"reference-count":0,"publisher":"Universidad Nacional Abierta y a Distancia","issue":"15","license":[{"start":{"date-parts":[[2011,6,15]],"date-time":"2011-06-15T00:00:00Z","timestamp":1308096000000},"content-version":"unspecified","delay-in-days":0,"URL":"http:\/\/creativecommons.org\/licenses\/by\/4.0"}],"content-domain":{"domain":[],"crossmark-restriction":false},"short-container-title":["nova"],"abstract":"<jats:p>El presente art\u00edculo da a conocer algunos aspectos relacionados con la morfofisiolog\u00eda del cerebro l\u00edmbico o emocional y los componentes qu\u00edmicos que intervienen en las emociones de los estudiantes; se exponen los conceptos de inteligencia emocional propuestos por diferentes expertos y se definen las competencias emocionales que deben desarrollar los estudiantes desde la perspectiva de las autoras del trabajo, docentes universitarias. De igual modo, se presenta la importancia de la inteligencia emocional en el aula y se proponen estrategias que facilitan su desarrollo y aprovechamiento para el logro del aprendizaje de los estudiantes.<\/jats:p>","DOI":"10.22490\/24629448.492","type":"journal-article","created":{"date-parts":[[2017,5,2]],"date-time":"2017-05-02T20:46:53Z","timestamp":1493758013000},"page":"94-106","source":"Crossref","is-referenced-by-count":4,"title":["Incidencia de la Inteligencia Emocional en el Proceso de Aprendizaje"],"prefix":"10.22490","volume":"9","author":[{"given":"Mar\u00eda Graciela","family":"Calle","sequence":"first","affiliation":[],"role":[{"role":"author","vocabulary":"crossref"}]},{"given":"Nahyr","family":"Remolina de Cleves","sequence":"additional","affiliation":[],"role":[{"role":"author","vocabulary":"crossref"}]},{"given":"Bertha Marlene","family":"Vel\u00e1squez Burgos","sequence":"additional","affiliation":[],"role":[{"role":"author","vocabulary":"crossref"}]}],"member":"9784","published-online":{"date-parts":[[2011,6,15]]},"container-title":["Nova"],"link":[{"URL":"https:\/\/hemeroteca.unad.edu.co\/index.php\/nova\/article\/download\/492\/1084","content-type":"application\/pdf","content-version":"vor","intended-application":"text-mining"},{"URL":"https:\/\/hemeroteca.unad.edu.co\/index.php\/nova\/article\/download\/492\/1084","content-type":"unspecified","content-version":"vor","intended-application":"similarity-checking"}],"deposited":{"date-parts":[[2023,12,10]],"date-time":"2023-12-10T20:00:41Z","timestamp":1702238441000},"score":0.0,"resource":{"primary":{"URL":"https:\/\/hemeroteca.unad.edu.co\/index.php\/nova\/article\/view\/492"}},"issued":{"date-parts":[[2011,6,15]]},"references-count":0,"journal-issue":{"issue":"15","published-online":{"date-parts":[[2011,6,15]]}},"URL":"https:\/\/doi.org\/10.22490\/24629448.492","ISSN":["2462-9448","1794-2470"],"issn-type":[{"value":"2462-9448","type":"electronic"},{"value":"1794-2470","type":"print"}],"published":{"date-parts":[[2011,6,15]]}},{"indexed":{"date-parts":[[2025,10,31]],"date-time":"2025-10-31T14:32:51Z","timestamp":1761921171194,"version":"build-2065373602"},"reference-count":0,"publisher":"Sello Editorial UNAD","isbn-type":[{"type":"electronic","value":"9786287786981"}],"content-domain":{"domain":[],"crossmark-restriction":false},"published-print":{"date-parts":[[2025]]},"abstract":"<jats:p>El avance de los objetivos de desarrollo sostenible ODS en relaci\u00f3n con la inequidad y la pobreza, el aumento de la soberan\u00eda y seguridad alimentaria y nutricional, la disminuci\u00f3n del impacto medioambiental y la preocupaci\u00f3n derivada por la crisis clim\u00e1tica a ra\u00edz de las pr\u00e1cticas presentes en la caficultura cotidiana, son temas que est\u00e1n a\u00fan por resolver. Para analizar las tendencias y desaf\u00edos de sostenibilidad en la cadena de suministro del caf\u00e9 \u2013 en adelante CSC, por estas razones, se debe involucrar factores en t\u00e9rminos sociales, ambientales, econ\u00f3micos y su repercusi\u00f3n en el ejercicio de la gobernanza y la toma \u00f3ptima de decisiones estrat\u00e9gicas, t\u00e1cticas y operativas. En el cap\u00edtulo 1 del presente libro se aborda el contexto y enfoque de sostenibilidad en la cadena de suministro del caf\u00e9 (Coffea), en el cap\u00edtulo 2 las problem\u00e1ticas y retos actuales en la cadena del caf\u00e9 y en el cap\u00edtulo 3 los desaf\u00edos de competitividad.Bajo estas premisas se considera fundamental tener en cuenta en t\u00e9rminos econ\u00f3micos la oferta y demanda del producto, disponibilidad de la materia prima y subproductos, el nivel tecnol\u00f3gico, el grado de agroindustrializaci\u00f3n, la posible ubicaci\u00f3n de los centros de fabricaci\u00f3n, el tama\u00f1o de las instalaciones, la log\u00edstica, los medios de transporte, la asignaci\u00f3n e inventario y los centros de distribuci\u00f3n, que posteriormente permita incluir de manera significativa todas estas operaciones en las conclusiones y recomendaciones para la cadena de suministro del caf\u00e9, entre otros. El cap\u00edtulo 4 presenta de manera detallada el an\u00e1lisis bibliom\u00e9trico en relaci\u00f3n con las tendencias y caracter\u00edsticas promisorias para una cadena del caf\u00e9 sostenible, \u00e1gil y viable.\u00a0El aprovechamiento de los subproductos est\u00e1 inmerso dentro de las oportunidades potenciales de oferta-demanda a nivel mundial y nacional de caf\u00e9 verde, pergamino seco y tostado cuando sea de tipo especial, org\u00e1nico, con sellos y certificaciones, convencional; y sus presentaciones en grano y molido. Adicional, a partir del an\u00e1lisis bibliom\u00e9trico se configuran los art\u00edculos cient\u00edficos tipo Top m\u00e1s representativos en la generaci\u00f3n de nuevo conocimiento y que fortalecen el trabajo reticular, a partir del fomento de redes de investigaci\u00f3n con grupos internacionales y la divulgaci\u00f3n p\u00fablica de la ciencia que se ha realizado a trav\u00e9s de\u00a0conferences papers\u00a0con participaci\u00f3n de caficultores y acad\u00e9micos \u00a0en eventos cient\u00edfico-ferias comerciales de impacto, que promueven la apropiaci\u00f3n social y el racionalismo critico intersubjetivo. \u00a0El cap\u00edtulo 5 expone los resultados del an\u00e1lisis cienciometrico sobre patentes desarrolladas en la cadena cafetera, en consecuencia, se deduce que metodolog\u00edas para la identificaci\u00f3n de las zonas de producci\u00f3n cafeteras, las herramientas para la definici\u00f3n de la poblaci\u00f3n objeto de estudio y el an\u00e1lisis de la CSC basado en modelos matem\u00e1ticos son a\u00fan escasos en la literatura cient\u00edfica, un campo de investigaci\u00f3n por explorar que logre integrar aspectos sociales, ambientales y econ\u00f3micos en la gesti\u00f3n de la\u00a0Supply Chain.El cap\u00edtulo 6 presenta el estado del arte para la optimizaci\u00f3n de la cadena productiva del caf\u00e9, el cap\u00edtulo 7 la transformaci\u00f3n digital para una cadena de suministro del caf\u00e9 \u00e1gil, el cap\u00edtulo 8 profundiza en las perspectivas de investigaci\u00f3n en la producci\u00f3n y comercializaci\u00f3n de caf\u00e9 verde, m\u00e1s usos alternativos de subproductos como la borra de caf\u00e9 de la variedad (Coffea Arabica).Por estas razones, el presente libro aborda las tendencias a nivel cient\u00edfico y la incorporaci\u00f3n de tecnolog\u00edas de \u00faltima generaci\u00f3n como por ejemplo la Inteligencia Artificial en adelante IA, como tambi\u00e9n el desarrollo de investigaciones que tengan en cuenta el an\u00e1lisis multiobjetivo a partir de escenarios de sostenibilidad y sustentabilidad para un contexto regional cafetero. Por \u00faltimo, el cap\u00edtulo 9 expone las tendencias en la viabilidad y sostenibilidad de la\u00a0Coffee Supply Chain\u00a0CSC: retos y desaf\u00edos desde la Industria 5.0.<\/jats:p>","DOI":"10.22490\/unad.9786287786981","type":"monograph","created":{"date-parts":[[2025,10,31]],"date-time":"2025-10-31T14:26:44Z","timestamp":1761920804000},"source":"Crossref","is-referenced-by-count":0,"title":["Caf\u00e9 sostenible"],"prefix":"10.22490","author":[{"given":"Diego Alberto","family":"Marin Id\u00e1rraga","sequence":"first","affiliation":[],"role":[{"role":"author","vocabulary":"crossref"}]},{"given":"Juan","family":"Carlos","sequence":"additional","affiliation":[],"role":[{"role":"author","vocabulary":"crossref"}]},{"given":"July","family":"Alexandra","sequence":"additional","affiliation":[],"role":[{"role":"author","vocabulary":"crossref"}]},{"given":"Karen","family":"Vanessa","sequence":"additional","affiliation":[],"role":[{"role":"author","vocabulary":"crossref"}]},{"given":"Elisa","family":"Dayan","sequence":"additional","affiliation":[],"role":[{"role":"author","vocabulary":"crossref"}]},{"given":"Duber","family":"Mart\u00ednez","sequence":"additional","affiliation":[],"role":[{"role":"author","vocabulary":"crossref"}]},{"given":"Claudia","family":"Marcela","sequence":"additional","affiliation":[],"role":[{"role":"author","vocabulary":"crossref"}]},{"given":"Ang\u00e9lica","family":"Yurani","sequence":"additional","affiliation":[],"role":[{"role":"author","vocabulary":"crossref"}]},{"given":"John","family":"Wilmer","sequence":"additional","affiliation":[],"role":[{"role":"author","vocabulary":"crossref"}]},{"given":"Alexandra","family":"Duarte","sequence":"additional","affiliation":[],"role":[{"role":"author","vocabulary":"crossref"}]},{"given":"Oscar","family":"Andr\u00e9s","sequence":"additional","affiliation":[],"role":[{"role":"author","vocabulary":"crossref"}]}],"member":"9784","published-online":{"date-parts":[[2025]]},"deposited":{"date-parts":[[2025,10,31]],"date-time":"2025-10-31T14:27:49Z","timestamp":1761920869000},"score":0.0,"resource":{"primary":{"URL":"https:\/\/libros.unad.edu.co\/index.php\/selloeditorial\/catalog\/book\/300"}},"subtitle":["innovaci\u00f3n y desaf\u00edos en la cadena de suministro"],"issued":{"date-parts":[[2025]]},"ISBN":["9786287786981"],"references-count":0,"URL":"https:\/\/doi.org\/10.22490\/unad.9786287786981","published":{"date-parts":[[2025]]}},{"indexed":{"date-parts":[[2025,5,14]],"date-time":"2025-05-14T07:42:31Z","timestamp":1747208551900,"version":"3.40.5"},"reference-count":0,"publisher":"Universidad Nacional Abierta y a Distancia, UNAD","isbn-type":[{"type":"print","value":"9789586516358"}],"content-domain":{"domain":[],"crossmark-restriction":false},"DOI":"10.22490\/9789586516358.15","type":"book-chapter","created":{"date-parts":[[2019,9,30]],"date-time":"2019-09-30T13:05:30Z","timestamp":1569848730000},"page":"251-269","source":"Crossref","is-referenced-by-count":0,"title":["Turismo"],"prefix":"10.22490","author":[{"ORCID":"https:\/\/orcid.org\/0000-0001-8233-0801","authenticated-orcid":false,"given":"Martha Cecilia","family":"Vinasco Guzm\u00e1n","sequence":"first","affiliation":[],"role":[{"role":"author","vocabulary":"crossref"}]},{"ORCID":"https:\/\/orcid.org\/0000-0003-3808-2681","authenticated-orcid":false,"given":"Martha Liliana","family":"Palomino Leiva","sequence":"additional","affiliation":[],"role":[{"role":"author","vocabulary":"crossref"}]},{"ORCID":"https:\/\/orcid.org\/0000-0003-2019-7691","authenticated-orcid":false,"given":"Yenier","family":"Valencia Villegas","sequence":"additional","affiliation":[],"role":[{"role":"author","vocabulary":"crossref"}]},{"ORCID":"https:\/\/orcid.org\/0000-0003-0035-0089","authenticated-orcid":false,"given":"Sandra Patricia","family":"Montenegro G\u00f3mez","sequence":"additional","affiliation":[],"role":[{"role":"author","vocabulary":"crossref"}]},{"ORCID":"https:\/\/orcid.org\/0000-0001-5905-6496","authenticated-orcid":false,"given":"Ram\u00f3n Antonio","family":"Mosquera Mena","sequence":"additional","affiliation":[],"role":[{"role":"author","vocabulary":"crossref"}]},{"ORCID":"https:\/\/orcid.org\/0000-0002-1324-0252","authenticated-orcid":false,"given":"Mery Roc\u00edo","family":"Fonseca Lara","sequence":"additional","affiliation":[],"role":[{"role":"author","vocabulary":"crossref"}]},{"given":"Andrea","family":"Yate-Segura","sequence":"additional","affiliation":[],"role":[{"role":"author","vocabulary":"crossref"}]}],"member":"9784","published-online":{"date-parts":[[2019,5]]},"container-title":["Servicios ecosist\u00e9micos: Un enfoque introductorio con experiencias del occidente Colombiano"],"deposited":{"date-parts":[[2022,5,31]],"date-time":"2022-05-31T17:29:05Z","timestamp":1654018145000},"score":0.0,"resource":{"primary":{"URL":"https:\/\/libros.unad.edu.co\/index.php\/selloeditorial\/catalog\/view\/122\/118\/758"}},"issued":{"date-parts":[[2019,5]]},"ISBN":["9789586516358"],"references-count":0,"URL":"https:\/\/doi.org\/10.22490\/9789586516358.15","published":{"date-parts":[[2019,5]]}},{"indexed":{"date-parts":[[2026,6,3]],"date-time":"2026-06-03T13:33:59Z","timestamp":1780493639889,"version":"3.54.1"},"reference-count":9,"publisher":"Universidad Nacional Abierta y a Distancia - UNAD","content-domain":{"domain":[],"crossmark-restriction":false},"abstract":"<jats:p>\u00bfSe puede considerar la inteligencia artificial como una herramienta para potenciar los negocios? \u00bfC\u00f3mo hacer provecho de la inteligencia artificial para mantener el negocio en el mercado? Actualmente nos encontramos en un mundo globalizado que se enfrenta a constantes cambios econ\u00f3micos, sociales, democr\u00e1ticos, educativos y sumado a ello transformaciones tecnol\u00f3gicas que est\u00e1n modelando el futuro de las organizaciones y de los negocios. Con este documento, se pretende responder a estos interrogantes y abordar desaf\u00edos relacionados con la inteligencia artificial a los que se exponen los comerciantes de peque\u00f1os y medianos negocios para continuar y posicionarse en el mercado.<\/jats:p>","DOI":"10.22490\/ecacen.7477","type":"report","created":{"date-parts":[[2024,6,14]],"date-time":"2024-06-14T17:33:22Z","timestamp":1718386402000},"source":"Crossref","is-referenced-by-count":1,"title":["La inteligencia artificial como herramienta para potenciar los peque\u00f1os y medianos negocios"],"prefix":"10.22490","author":[{"given":"Lady Natalia","family":"Casta\u00f1eda Hurtado","sequence":"first","affiliation":[],"role":[{"vocabulary":"crossref","role":"author"}]},{"given":"Adriana Mar\u00eda","family":"Rodr\u00edguez Torres","sequence":"additional","affiliation":[],"role":[{"vocabulary":"crossref","role":"author"}]}],"member":"9784","published-online":{"date-parts":[[2023,11,21]]},"reference":[{"key":"ref0","doi-asserted-by":"publisher","unstructured":"Afcha, S. (2011). Innovaciones organizacionales y su efecto sobre el desempe\u00f1o empresarial. Venezolana de Gerencia, 16(56), 544-563. https:\/\/www.redalyc.org\/pdf\/290\/29020563003.pdf","DOI":"10.31876\/revista.v16i56.10649"},{"key":"ref1","unstructured":"Benjamins, R. (2019). Artificial Intelligence in small and medium-sized enterprises. Luca Data Speaks. https:\/\/business.blogthinkbig.com\/artificial-intelligencein-small-andmedium-sized-enterprises\/"},{"key":"ref2","doi-asserted-by":"publisher","first-page":"1","DOI":"10.3386\/w24449","article-title":"The impact of artificial intelligence on innovation","author":"Cockburn","year":"2018","unstructured":"Cockburn,I.M.,Henderson,R.,&Stern,S.(2018).The impact of artificial intelligence on innovation. NBER Working Paper, 1-38. http:\/\/www.nber.org\/papers\/w24449%0A","journal-title":"NBER Working Paper"},{"key":"ref3","unstructured":"Gamez, M. (2017). \u00bfQu\u00e9 puede hacer la inteligencia artificial por tu empresa? Hablemos de Empresas. https:\/\/hablemosdeempresas.com\/empresa\/inteligencia -artificial-empresa\/"},{"key":"ref4","doi-asserted-by":"publisher","first-page":"2027","DOI":"10.19053\/20278306.v8.n1.2017.7368","article-title":". Innovaci\u00f3n y competitividad: microy peque\u00f1as empresas del sector agroindustrial en C\u00facuta","author":"Hern\u00e1ndez-Fuentes","year":"2017","unstructured":"Hern\u00e1ndez-Fuentes, S., y S\u00e1nchez-Mojica, K. (2017). Innovaci\u00f3n y competitividad: microy peque\u00f1as empresas del sector agroindustrial en C\u00facuta. Revista de Investigaci\u00f3n, Desarrollo e Innovaci\u00f3n, 8(1), 23-33 http:\/\/www.scielo.org.co\/scielo.php?script=sci_arttex t&pid=S2027-83062017000200023","journal-title":"Revista de Investigaci\u00f3n Desarrollo e Innovaci\u00f3n 8(1) 23-33 http"},{"key":"ref5","unstructured":"Juan F. Samaniego. (2018). La inteligencia artificial es para todos (s\u00ed, tambi\u00e9n para las pymes). Hablemos de Empresas. https:\/\/hablemosdeempresas.com\/pymes\/inteligenciaartificial-para-pymes\/"},{"key":"ref6","unstructured":"Lopez, S. (2018, September). Inteligencia Artificial y Robots para modernizar las pymes. Unidad Editorial Revistas, 1. http:\/\/search.proquest.com.upc.remotexs.xyz\/abiglobal\/docview\/2104878973\/C3649B41E6034BD1PQ\/58?acc ountid=43860"},{"key":"ref7","unstructured":"Rouhiainen,L. (2018). Inteligencia artificial 101 cosas que debes saber hoy sobre nuestro futuro. Editorial Planeta"},{"key":"ref8","unstructured":"S\u00e1nchez, P., Suriaga, S., y Bonilla, F. (2016). Finanzas en los negocios inteligentes. Revista Caribe\u00f1a de Ciencias Sociales. http:\/\/www.eumed.net\/rev\/ caribe\/2016\/03\/finanzas.html"}],"deposited":{"date-parts":[[2024,6,14]],"date-time":"2024-06-14T18:10:41Z","timestamp":1718388641000},"score":0.0,"resource":{"primary":{"URL":"https:\/\/hemeroteca.unad.edu.co\/index.php\/working\/article\/view\/7477"}},"issued":{"date-parts":[[2023,11,21]]},"references-count":9,"URL":"https:\/\/doi.org\/10.22490\/ecacen.7477","published":{"date-parts":[[2023,11,21]]}},{"indexed":{"date-parts":[[2025,12,11]],"date-time":"2025-12-11T19:08:51Z","timestamp":1765480131291,"version":"3.48.0"},"reference-count":0,"publisher":"Universidad Nacional Abierta y a Distancia","issue":"1","license":[{"start":{"date-parts":[[2025,8,22]],"date-time":"2025-08-22T00:00:00Z","timestamp":1755820800000},"content-version":"unspecified","delay-in-days":0,"URL":"https:\/\/creativecommons.org\/licenses\/by-nc-nd\/4.0"}],"content-domain":{"domain":[],"crossmark-restriction":false},"short-container-title":["Educ. Sentipensante"],"abstract":"<jats:p>El objetivo del presente estudio fue determinar la relaci\u00f3n entre bienestar psicol\u00f3gico y habilidades sociales en una muestra de 63 ni\u00f1os colombianos de 8 a 11 a\u00f1os, v\u00edctimas del conflicto armado. Se emple\u00f3 como metodolog\u00eda un enfoque cuantitativo, con alcance correlacional y dise\u00f1o no experimental transversal. Se utiliz\u00f3 como instrumento la escala de bienestar psicol\u00f3gico BIPSI y el instrumento de Habilidades sociales de Goldstein, y los datos fueron analizados mediante estad\u00edsticos descriptivos y el coeficiente de correlaci\u00f3n de Spearman. Los resultados evidenciaron niveles altos en la mayor\u00eda de las dimensiones del Bienestar Psicol\u00f3gico y niveles bajos en todas las habilidades sociales. Adem\u00e1s, se hall\u00f3 una relaci\u00f3n significativa entre el bienestar psicol\u00f3gico global y las habilidades sociales del grupo 2 y entre el bienestar psicol\u00f3gico global y las habilidades sociales globales.<\/jats:p>","DOI":"10.22490\/28057597.10077","type":"journal-article","created":{"date-parts":[[2025,12,11]],"date-time":"2025-12-11T18:48:28Z","timestamp":1765478908000},"page":"67-84","source":"Crossref","is-referenced-by-count":0,"title":["Bienestar psicol\u00f3gico y habilidades sociales en ni\u00f1os colombianos v\u00edctimas del conflicto armado","Psychological well-being and social skills in Colombian children victims of the armed conflict"],"prefix":"10.22490","volume":"5","author":[{"given":"Liliana Margarita","family":"Meza Cueto","sequence":"first","affiliation":[],"role":[{"role":"author","vocabulary":"crossref"}]},{"given":"Dayana del Carmen","family":"Santos Beltr\u00e1n","sequence":"additional","affiliation":[],"role":[{"role":"author","vocabulary":"crossref"}]},{"given":"Mar\u00eda del Pilar","family":"Mart\u00ednez D\u00edaz","sequence":"additional","affiliation":[],"role":[{"role":"author","vocabulary":"crossref"}]},{"ORCID":"https:\/\/orcid.org\/0000-0003-4921-3229","authenticated-orcid":false,"given":"Esteban Andr\u00e9s","family":"P\u00e9rez Vitola","sequence":"additional","affiliation":[],"role":[{"role":"author","vocabulary":"crossref"}]},{"given":"Mar\u00eda Laura","family":"Vergara \u00c1lvarez","sequence":"additional","affiliation":[],"role":[{"role":"author","vocabulary":"crossref"}]}],"member":"9784","published-online":{"date-parts":[[2025,8,22]]},"container-title":["EducAcci\u00f3n Sentipensante"],"link":[{"URL":"https:\/\/hemeroteca.unad.edu.co\/index.php\/educ_sentipensante\/article\/download\/10077\/8040","content-type":"application\/pdf","content-version":"vor","intended-application":"text-mining"},{"URL":"https:\/\/hemeroteca.unad.edu.co\/index.php\/educ_sentipensante\/article\/download\/10077\/8040","content-type":"unspecified","content-version":"vor","intended-application":"similarity-checking"}],"deposited":{"date-parts":[[2025,12,11]],"date-time":"2025-12-11T18:48:29Z","timestamp":1765478909000},"score":0.0,"resource":{"primary":{"URL":"https:\/\/hemeroteca.unad.edu.co\/index.php\/educ_sentipensante\/article\/view\/10077"}},"issued":{"date-parts":[[2025,8,22]]},"references-count":0,"journal-issue":{"issue":"1","published-online":{"date-parts":[[2025,8,22]]}},"URL":"https:\/\/doi.org\/10.22490\/28057597.10077","ISSN":["2805-7597"],"issn-type":[{"value":"2805-7597","type":"electronic"}],"published":{"date-parts":[[2025,8,22]]}},{"indexed":{"date-parts":[[2022,4,1]],"date-time":"2022-04-01T21:17:40Z","timestamp":1648847860438},"reference-count":0,"publisher":"Universidad Nacional Abierta y a Distancia","issue":"2","license":[{"start":{"date-parts":[[2011,10,16]],"date-time":"2011-10-16T00:00:00Z","timestamp":1318723200000},"content-version":"unspecified","delay-in-days":0,"URL":"http:\/\/creativecommons.org\/licenses\/by\/4.0"}],"content-domain":{"domain":[],"crossmark-restriction":false},"short-container-title":["Rev. Investig. UNAD"],"abstract":"<jats:p>El objetivo es analizar el desempe\u00f1o virtual de los estudiantes de la Escuela de Ciencias Administrativas, Econ\u00f3micas, Contables y de Negocios (Ecacen) frente a su rol como estudiantes, desde la perspectiva del desempe\u00f1o del tutor como mediador del proceso. La t\u00e9cnica de recolecci\u00f3n de informaci\u00f3n utilizada fue la encuesta como t\u00e9cnica de recogida de datos cuantitativos. Ella permitir\u00e1 una descripci\u00f3n estructurada y general de las variables consideradas. Se dise\u00f1\u00f3 una encuesta para los estudiantes para obtener informaci\u00f3n sobre los siguientes aspectos: calidad, desempe\u00f1o, \u00e9ticas y valores, ambientes virtuales de aprendizaje, mediaciones pedag\u00f3gicas.<\/jats:p>","DOI":"10.22490\/25391887.761","type":"journal-article","created":{"date-parts":[[2017,7,11]],"date-time":"2017-07-11T14:42:53Z","timestamp":1499784173000},"page":"151","source":"Crossref","is-referenced-by-count":0,"title":["An\u00e1lisis del desempe\u00f1o virtual del rol de estudiantes de Ecacen, desde la perspectiva del desempe\u00f1o del tutor como mediador del proceso"],"prefix":"10.22490","volume":"10","author":[{"given":"Fabi\u00e1n Jos\u00e9","family":"Mendoza Stave","sequence":"first","affiliation":[],"role":[{"role":"author","vocabulary":"crossref"}]}],"member":"9784","published-online":{"date-parts":[[2011,10,16]]},"container-title":["Revista de Investigaciones UNAD"],"link":[{"URL":"http:\/\/hemeroteca.unad.edu.co\/index.php\/revista-de-investigaciones-unad\/article\/viewFile\/761\/1433","content-type":"application\/pdf","content-version":"vor","intended-application":"text-mining"}],"deposited":{"date-parts":[[2017,7,11]],"date-time":"2017-07-11T14:44:20Z","timestamp":1499784260000},"score":0.0,"resource":{"primary":{"URL":"http:\/\/hemeroteca.unad.edu.co\/index.php\/revista-de-investigaciones-unad\/article\/view\/761"}},"issued":{"date-parts":[[2011,10,16]]},"references-count":0,"journal-issue":{"issue":"2","published-online":{"date-parts":[[2011,10,16]]}},"URL":"https:\/\/doi.org\/10.22490\/25391887.761","ISSN":["2539-1887","0124-793X"],"issn-type":[{"value":"2539-1887","type":"electronic"},{"value":"0124-793X","type":"print"}],"published":{"date-parts":[[2011,10,16]]}},{"indexed":{"date-parts":[[2022,4,1]],"date-time":"2022-04-01T15:04:47Z","timestamp":1648825487150},"reference-count":0,"publisher":"Universidad Nacional Abierta y a Distancia","issue":"1","license":[{"start":{"date-parts":[[2012,12,15]],"date-time":"2012-12-15T00:00:00Z","timestamp":1355529600000},"content-version":"unspecified","delay-in-days":0,"URL":"http:\/\/creativecommons.org\/licenses\/by\/4.0"}],"content-domain":{"domain":[],"crossmark-restriction":false},"short-container-title":["Rev. Estrateg. Organ."],"abstract":"<jats:p>Este articulo presenta los resultados de una investigaci\u00f3n desarrollada por un grupo de estudiantes del curso Opci\u00f3n de Grado, del programa de Administraci\u00f3n de Empresas de la Universidad Nacional Abierta y a Distancia (UNAD) en el CEAD de Zipaquir\u00e1 con el fin de hacer un diagn\u00f3stico del clima laboral de la empresa Energ\u00edas S. A., que reflejase la percepci\u00f3n y los sentimientos del personal de la empresa en relaci\u00f3n con la orientaci\u00f3n organizacional, la imagen corporativa, los clientes externos, las condiciones de trabajo, la gesti\u00f3n del talento humano y las relaciones de equipo, con el fin de facilitar la labor del \u00c1rea de Recursos Humanos en la toma de decisiones orientadas al mejoramiento del clima laboral. Con el trabajo realizado se evidencio que el personal tiene un gran sentido de pertenencia para con la empresa; adem\u00e1s, que existen condiciones de trabajo, relaciones de equipo y profesionalismo adecuados. Se deben mejorar, sin embargo, algunos aspectos de comunicaci\u00f3n y el equilibro del personal entre la familia y el trabajo.<\/jats:p>","DOI":"10.22490\/25392786.1212","type":"journal-article","created":{"date-parts":[[2017,8,16]],"date-time":"2017-08-16T19:11:37Z","timestamp":1502910697000},"page":"55","source":"Crossref","is-referenced-by-count":0,"title":["Estudio del Clima Organizacional en Energ\u00edas S.A. durante 2011"],"prefix":"10.22490","volume":"1","author":[{"given":"Mery Catherine","family":"Behrentz Pfalz","sequence":"first","affiliation":[],"role":[{"role":"author","vocabulary":"crossref"}]}],"member":"9784","published-online":{"date-parts":[[2012,12,15]]},"container-title":["Revista Estrategia Organizacional"],"link":[{"URL":"http:\/\/hemeroteca.unad.edu.co\/index.php\/revista-estrategica-organizacio\/article\/viewFile\/1212\/1574","content-type":"application\/pdf","content-version":"vor","intended-application":"text-mining"}],"deposited":{"date-parts":[[2017,8,16]],"date-time":"2017-08-16T19:12:08Z","timestamp":1502910728000},"score":0.0,"resource":{"primary":{"URL":"http:\/\/hemeroteca.unad.edu.co\/index.php\/revista-estrategica-organizacio\/article\/view\/1212"}},"issued":{"date-parts":[[2012,12,15]]},"references-count":0,"journal-issue":{"issue":"1","published-online":{"date-parts":[[2012,12,15]]}},"URL":"https:\/\/doi.org\/10.22490\/25392786.1212","ISSN":["2539-2786"],"issn-type":[{"value":"2539-2786","type":"electronic"}],"published":{"date-parts":[[2012,12,15]]}},{"indexed":{"date-parts":[[2025,9,19]],"date-time":"2025-09-19T11:34:52Z","timestamp":1758281692467,"version":"3.44.0"},"reference-count":0,"publisher":"Universidad Nacional Abierta y a Distancia","issue":"45","license":[{"start":{"date-parts":[[2025,7,1]],"date-time":"2025-07-01T00:00:00Z","timestamp":1751328000000},"content-version":"unspecified","delay-in-days":0,"URL":"https:\/\/creativecommons.org\/licenses\/by-nc-sa\/4.0"}],"content-domain":{"domain":[],"crossmark-restriction":false},"short-container-title":["NOVA"],"abstract":"<jats:p>Objetivo. Este art\u00edculo de revisi\u00f3n analiza la convergencia entre la gastronom\u00eda y la cien cia, delineando un paradigma transdisciplinario para desarrollar un sistema alimentario que promueva la salud y el bienestar dentro de un marco de sostenibilidad. \nM\u00e9todo. Mediante la revisi\u00f3n y s\u00edntesis de una amplia literatura acad\u00e9mica, el estudio integra conocimientos de nutrici\u00f3n, medicina, tecnolog\u00eda de alimentos y ciencias \u201c\u00f3micas\u201d para ofrecer una visi\u00f3n integral del tema. \nResultados La gastronom\u00eda cient\u00edfica se define como la fusi\u00f3n del arte culinario y el conocimiento cient\u00edfico para innovar en la cocina. Este enfoque incorpora modelos de sostenibilidad como la econom\u00eda circular (\u201c9 R\u201d) y las \u201c12 ESES\u201d de la alimentaci\u00f3n saludable. La Pir\u00e1mide de la Gastronom\u00eda Sostenible (SENC) promueve t\u00e9cnicas culinarias saludables y una dieta basada en productos vegetales, locales y de tem porada. Las tendencias futuras incluyen la edici\u00f3n g\u00e9nica (CRISPR-Cas9), la agricultura ce lular para obtener prote\u00ednas alternativas, la nutrigen\u00f3mica para la personalizaci\u00f3n de dietas y el cuidado de la microbiota intestinal a trav\u00e9s de la alimentaci\u00f3n. Se exploran disciplinas emergentes como la gastrof\u00edsica, que estudia la influencia del entorno en la percepci\u00f3n del sabor, y la medicina culinaria, que utiliza la cocina para prevenir y tratar enfermedades. \nConclusi\u00f3n. La gastronom\u00eda cient\u00edfica est\u00e1 estableciendo un nuevo paradigma donde la alimentaci\u00f3n ser\u00e1 personalizada, tecnol\u00f3gicamente avanzada y cient\u00edficamente fundamen tada para mejorar la salud humana. El \u00e9xito de este enfoque depender\u00e1 de la colaboraci\u00f3n entre chefs, cient\u00edficos y profesionales de la salud para crear un\u00a0 sistema alimentario que prevenga enfermedades y promueva el bienestar global.\u00a0<\/jats:p>","DOI":"10.22490\/24629448.10154","type":"journal-article","created":{"date-parts":[[2025,9,18]],"date-time":"2025-09-18T16:19:06Z","timestamp":1758212346000},"page":"153-175","source":"Crossref","is-referenced-by-count":0,"title":["Gastronom\u00eda Cient\u00edfica y Alimentaci\u00f3n Saludable: Hacia un  Nuevo Paradigma Transdisciplinario","Scientific gastronomy and healthy eating: towards a new  transdisciplinary paradigm"],"prefix":"10.22490","volume":"23","author":[{"given":"Javier","family":"Aranceta Bartrina","sequence":"first","affiliation":[],"role":[{"role":"author","vocabulary":"crossref"}]}],"member":"9784","published-online":{"date-parts":[[2025,7,1]]},"container-title":["Revista Nova publicaci\u00f3n cient\u00edfica en ciencias biom\u00e9dicas"],"link":[{"URL":"https:\/\/hemeroteca.unad.edu.co\/index.php\/nova\/article\/download\/10154\/8147","content-type":"application\/pdf","content-version":"vor","intended-application":"text-mining"},{"URL":"https:\/\/hemeroteca.unad.edu.co\/index.php\/nova\/article\/download\/10154\/8147","content-type":"unspecified","content-version":"vor","intended-application":"similarity-checking"}],"deposited":{"date-parts":[[2025,9,18]],"date-time":"2025-09-18T16:19:07Z","timestamp":1758212347000},"score":0.0,"resource":{"primary":{"URL":"https:\/\/hemeroteca.unad.edu.co\/index.php\/nova\/article\/view\/10154"}},"issued":{"date-parts":[[2025,7,1]]},"references-count":0,"journal-issue":{"issue":"45","published-online":{"date-parts":[[2025,7,15]]}},"URL":"https:\/\/doi.org\/10.22490\/24629448.10154","ISSN":["2462-9448","1794-2470"],"issn-type":[{"value":"2462-9448","type":"electronic"},{"value":"1794-2470","type":"print"}],"published":{"date-parts":[[2025,7,1]]}},{"indexed":{"date-parts":[[2026,6,16]],"date-time":"2026-06-16T21:55:59Z","timestamp":1781646959949,"version":"3.54.5"},"reference-count":0,"publisher":"Sello Editorial UNAD","isbn-type":[{"value":"9786287786622","type":"electronic"}],"license":[{"start":{"date-parts":[[2025,1,1]],"date-time":"2025-01-01T00:00:00Z","timestamp":1735689600000},"content-version":"vor","delay-in-days":0,"URL":"https:\/\/creativecommons.org\/licenses\/by-nc-nd\/4.0\/"}],"content-domain":{"domain":[],"crossmark-restriction":false},"published-print":{"date-parts":[[2025]]},"abstract":"<jats:p\/>","DOI":"10.22490\/unad.9786287786622.7","type":"book-chapter","created":{"date-parts":[[2025,11,13]],"date-time":"2025-11-13T16:30:13Z","timestamp":1763051413000},"page":"134-152","source":"Crossref","is-referenced-by-count":0,"title":["Cap\u00edtulo 7 | Gesti\u00f3n de Unidades productivas mediante las escuelas de campo \u2013 ECA"],"prefix":"10.22490","member":"9784","container-title":["Pilares del desarrollo sostenible en las organizaciones 5.0"],"deposited":{"date-parts":[[2026,6,16]],"date-time":"2026-06-16T21:20:09Z","timestamp":1781644809000},"score":0.0,"resource":{"primary":{"URL":"https:\/\/libros.unad.edu.co\/index.php\/selloeditorial\/catalog\/view\/310\/362\/7508"}},"issued":{"date-parts":[[2025]]},"ISBN":["9786287786622"],"references-count":0,"URL":"https:\/\/doi.org\/10.22490\/unad.9786287786622.7","published":{"date-parts":[[2025]]}},{"indexed":{"date-parts":[[2026,3,13]],"date-time":"2026-03-13T04:34:12Z","timestamp":1773376452264,"version":"3.50.1"},"reference-count":64,"publisher":"Universidad Nacional Abierta y a Distancia","issue":"2","license":[{"start":{"date-parts":[[2025,8,4]],"date-time":"2025-08-04T00:00:00Z","timestamp":1754265600000},"content-version":"unspecified","delay-in-days":0,"URL":"https:\/\/creativecommons.org\/licenses\/by-nc-sa\/4.0"}],"content-domain":{"domain":[],"crossmark-restriction":false},"short-container-title":["Rev. Estrateg. Organ."],"abstract":"<jats:p>Introducci\u00f3n: El turismo de naturaleza se ha consolidado como una oportunidad de desarrollo en territorios con alta riqueza ambiental, especialmente en regiones amaz\u00f3nicas marcadas por procesos de posconflicto. En el departamento del Caquet\u00e1, el proceso de paz ha fortalecido la confianza de turistas e inversionistas, impulsando iniciativas ecotur\u00edsticas que promueven el uso sostenible de los recursos naturales, culturales y patrimoniales. Metodolog\u00eda: La investigaci\u00f3n, de tipo descriptivo y con enfoque cualitativo, emple\u00f3 como herramientas el diario de campo y el an\u00e1lisis documental, con el fin de identificar, clasificar y caracterizar las principales rutas ecotur\u00edsticas del municipio de El Doncello, Caquet\u00e1. Resultados: Se identificaron rutas ecotur\u00edsticas sostenibles asociadas a atractivos naturales, patrimoniales, culturales y agroindustriales, que evidencian el potencial del territorio para la diversificaci\u00f3n econ\u00f3mica y la conservaci\u00f3n ambiental. Estas rutas se configuran como espacios estrat\u00e9gicos para fortalecer la identidad local, promover la econom\u00eda verde y contribuir a la consolidaci\u00f3n de la paz territorial. Conclusiones: El ecoturismo en la Amazonia colombiana se perfila como un eje articulador entre sostenibilidad, cultura y reconciliaci\u00f3n, donde la gesti\u00f3n territorial y las estrategias comunitarias permiten integrar la conservaci\u00f3n ambiental con el bienestar social y el desarrollo econ\u00f3mico sostenible.<\/jats:p>","DOI":"10.22490\/25392786.10740","type":"journal-article","created":{"date-parts":[[2025,11,24]],"date-time":"2025-11-24T20:22:12Z","timestamp":1764015732000},"page":"115-139","source":"Crossref","is-referenced-by-count":0,"title":["Rutas ecotur\u00edsticas del Amazonas colombiano: hacia una estrategia de gesti\u00f3n para la sostenibilidad y la paz territorial","Ecotourism Routes in the Colombian Amazon: Toward a Management Strategy for Sustainability and Territorial Peace"],"prefix":"10.22490","volume":"14","author":[{"given":"Parcival","family":"Pe\u00f1a Torres","sequence":"first","affiliation":[],"role":[{"role":"author","vocabulary":"crossref"}]},{"given":"Claritza","family":"Marles Betancourt","sequence":"additional","affiliation":[],"role":[{"role":"author","vocabulary":"crossref"}]},{"given":"Yelly Yamparli","family":"Pardo Rozo","sequence":"additional","affiliation":[],"role":[{"role":"author","vocabulary":"crossref"}]}],"member":"9784","published-online":{"date-parts":[[2025,8,4]]},"reference":[{"key":"217305","unstructured":"Abero, L. (2015). T\u00e9cnicas de recogida de datos. En L. Abero, L. Berardi, A. Capocasale, M. S. Garc\u00eda y S. R. Rojas (Eds.), Investigaci\u00f3n educativa: Abriendo puertas al conocimiento (pp. 147\u2013158). Contexto."},{"key":"217306","unstructured":"Ag\u00fcera, F. O. (2014). Turismo y cooperaci\u00f3n al desarrollo: Un an\u00e1lisis de los beneficios del ecoturismo para los destinos. El Periplo Sustentable, (26), 47\u201366."},{"key":"217307","doi-asserted-by":"crossref","unstructured":"Alberca-Sialer, F. A., Pastor-Alfonso, M. J., & Espeso-Molinero, P. (2024). An\u00e1lisis de la oferta tur\u00edstica de patrimonio cultural inmaterial para centennials y millennials peruanos: \u00bfUna alternativa para la pospandemia? Turismo y Sociedad, 34, 201\u2013225. https:\/\/doi.org\/10.18601\/01207555.n34","DOI":"10.18601\/01207555.n34.08"},{"key":"217308","unstructured":"\u00c1lvarez, M. D. L. \u00c1. P., Segura, M. D. G., & Garc\u00eda-Campos, H. (2012). Ecoturismo y educaci\u00f3n ambiental para la sustentabilidad en la Reserva de la Biosfera de Los Tuxtlas (M\u00e9xico). TURYDES: Revista sobre Turismo y Desarrollo Local Sostenible, 5(12), 41. Recuperado de https:\/\/dialnet.unirioja.es\/servlet\/articulo?codigo=9006829"},{"key":"217309","unstructured":"American Psychological Association. (2022). Manual de publicaciones de la APA (7.\u00aa ed.). Editorial El Manual Moderno."},{"key":"217310","doi-asserted-by":"crossref","unstructured":"Arnandis-i-Agramunt, R., Yag\u00fce, R. M., & Pitarch, M. D. (2020). La adaptaci\u00f3n al uso tur\u00edstico del patrimonio cultural: Una propuesta metodol\u00f3gica de evaluaci\u00f3n. Documents d\u2019An\u00e0lisi Geogr\u00e0fica, 66(3), 487\u2013511. https:\/\/dag.revista.uab.es\/article\/view\/v66-n3-arnandis-yague-pitarch","DOI":"10.5565\/rev\/dag.559"},{"key":"217311","doi-asserted-by":"crossref","unstructured":"Bermeo-Yaffar, F., Hern\u00e1ndez-Mosqueda, J., & Tob\u00f3n-Tob\u00f3n, S. (2016). An\u00e1lisis documental de la V heur\u00edstica mediante la cartograf\u00eda conceptual. Ra Ximhai, 12(6), 103\u2013121. https:\/\/doi.org\/10.35197\/rx.12.01.e3.2016.05.fb","DOI":"10.35197\/rx.12.01.e3.2016.05.fb"},{"key":"217312","unstructured":"Cabrera, Y. L. R., & Rubio, A. E. (2020). Turismo y paz: Una estrategia de desarrollo local sostenible en el municipio de Florencia, Caquet\u00e1. NOVUM, 1(10), 42\u201360. https:\/\/www.redalyc.org\/journal\/5713\/571361695003\/html\/"},{"key":"217313","unstructured":"Carta del Turismo Sostenible. (1995). Conferencia Mundial de Turismo Sostenible. Lanzarote, Islas Canarias, Espa\u00f1a. http:\/\/www.e-unwto.org\/doi\/abs\/10.18111\/unwtodeclarations.1995.21.15.1"},{"key":"217314","unstructured":"Carvajal Zambrano, G. V., & Lemoine Quintero, F. A. (2018). An\u00e1lisis de los atractivos y recursos tur\u00edsticos del cant\u00f3n San Vicente. El Periplo Sustentable, (34), 164\u2013184. https:\/\/www.scielo.org.mx\/scielo.php?script=sci_arttext&pid=S1870-90362018000100164"},{"key":"217315","doi-asserted-by":"crossref","unstructured":"Castillo P., M., Harrill, R., & Zu\u00f1iga C., A. (2017). Back from the brink: Social transformation and developing tourism in post-conflict Medellin, Colombia. Worldwide Hospitality and Tourism Themes, 9(3), 300\u2013315. https:\/\/doi.org\/10.1108\/WHATT-03-2017-0015","DOI":"10.1108\/WHATT-02-2017-0012"},{"key":"217316","doi-asserted-by":"crossref","unstructured":"Ceballos-Lascurain, H. (1996). Tourism, ecotourism, and protected areas: The state of nature-based tourism around the world and guidelines for its development. IUCN.","DOI":"10.2305\/IUCN.CH.1996.7.en"},{"key":"217317","doi-asserted-by":"crossref","unstructured":"Corona, J. I. M., Alm\u00f3n, G. E. P., & Garza, D. B. O. (2023). Gu\u00eda para la revisi\u00f3n y el an\u00e1lisis documental: Propuesta desde el enfoque investigativo. Revista Ra Ximhai, 19(1), 67\u201383. https:\/\/www.researchgate.net\/publication\/369385707","DOI":"10.35197\/rx.19.01.2023.03.jm"},{"key":"217318","unstructured":"Cu\u00e9llar Floriano, L. (2022). La construcci\u00f3n de paz territorial y la participaci\u00f3n ciudadana\/comunitaria: El caso de la formulaci\u00f3n e implementaci\u00f3n del PDTE en el municipio de El Paujil, Caquet\u00e1."},{"key":"217319","unstructured":"Organizaci\u00f3n Mundial del Turismo (OMT). (1999). C\u00f3digo \u00e9tico mundial para el turismo. OMT."},{"key":"217320","unstructured":"Epler Wood, M. (2002). Ecotourism: Principles, practices and policies for sustainability. United Nations Environment Programme (UNEP)."},{"key":"217321","unstructured":"Foro Econ\u00f3mico Mundial. (2019). The Travel & Tourism Competitiveness Report 2019. https:\/\/es.weforum.org\/reports\/the-travel-tourism-competitiveness-report-2019"},{"key":"217322","unstructured":"Gobernaci\u00f3n del Caquet\u00e1. (2012). Plan de Desarrollo Tur\u00edstico del Departamento del Caquet\u00e1. https:\/\/www.mincit.gov.co\/getattachment\/9265e526-6493-42d1-90d0-0a8812ca5a26\/Caqueta.aspx"},{"key":"217323","unstructured":"Gobernaci\u00f3n del Caquet\u00e1. (2020\u20132023). Plan de Desarrollo Departamental 2020\u20132023: Pacto social por el desarrollo de nuestra regi\u00f3n. http:\/\/www.sedcaqueta.gov.co\/docs\/pdd-caqueta.pdf"},{"key":"217324","unstructured":"Gobernaci\u00f3n del Caquet\u00e1. (2021). Plan de Desarrollo Forestal del Departamento del Caquet\u00e1 2021\u20132025. Decreto 001881 del 30 de septiembre de 2021. https:\/\/caquetasustentable.org\/docs\/PDFD.pdf"},{"key":"217325","doi-asserted-by":"crossref","unstructured":"G\u00f3mez, D., Carranza, Y., & Ramos, C. (2017). Revisi\u00f3n documental: Una herramienta para el mejoramiento de las competencias de lectura y escritura en estudiantes universitarios. Revista Chaki\u00f1an de Ciencias Sociales y Humanidades, (1), 46\u201356. https:\/\/www.semanticscholar.org\/paper\/REVISI%C3%93N-DOCUMENTAL-UNA-HERRAMIENTA-PARA-EL-DE-LAS-Rodr%C3%ADguez-Abella","DOI":"10.37135\/chk.002.01.04"},{"key":"217326","unstructured":"Gonz\u00e1lez, Y. (2019). Etnograf\u00eda educativa: Un modo de investigar la cotidianidad universitaria donde laboramos. Universidad Sim\u00f3n Bol\u00edvar."},{"key":"217327","doi-asserted-by":"crossref","unstructured":"Guevara, G., Verdesoto, A., & Castro, N. (2020). Metodolog\u00edas de investigaci\u00f3n educativa: Descriptivas, experimentales, participativas y de investigaci\u00f3n-acci\u00f3n. Recimundo, 4(3), 163\u2013173. https:\/\/doi.org\/10.26820\/recimundo\/4.3.2020.163-173","DOI":"10.26820\/recimundo\/4.(3).julio.2020.163-173"},{"key":"217328","doi-asserted-by":"crossref","unstructured":"Hamui, A. (2016). La pregunta de investigaci\u00f3n en los estudios cualitativos. Investigaci\u00f3n en Educaci\u00f3n M\u00e9dica, 5(17), 49\u201354. https:\/\/doi.org\/10.1016\/j.riem.2015.08.008","DOI":"10.1016\/j.riem.2015.08.008"},{"key":"217329","unstructured":"Instituto Amaz\u00f3nico de Investigaciones Cient\u00edficas \u2013 Sinchi. (2007). Construyendo Agenda 21 para el Departamento de Caquet\u00e1: Una construcci\u00f3n colectiva para el desarrollo sostenible de la Amazonia colombiana. https:\/\/acervo.socioambiental.org\/sites\/default\/files\/documents\/t2d00137.pdf"},{"key":"217330","unstructured":"Instituto Humboldt. (2019). En principales n\u00facleos de deforestaci\u00f3n habr\u00eda m\u00e1s de 46 mil especies por conocer. http:\/\/www.humboldt.org.co\/es\/boletines-y-comunicados\/item\/1330-en-principales-nucleos-de-deforestacion-habria-mas-de-46-mil-especies-por-conocer"},{"key":"217331","unstructured":"Instituto Nacional de Ecolog\u00eda y Cambio Clim\u00e1tico (INECC). (2017). Crecimiento verde. https:\/\/www.gob.mx\/inecc\/acciones-y-programas\/crecimiento-verde"},{"key":"217332","unstructured":"Jim\u00e9nez, L. H. (2013). Ecoturismo: Oferta y desarrollo sist\u00e9mico regional. ECOE Ediciones."},{"key":"217333","doi-asserted-by":"crossref","unstructured":"Kroef, R. F. da S., Gavillon, P. Q., & Ramm, L. V. (2020). Di\u00e1rio de campo e a rela\u00e7\u00e3o do(a) pesquisador(a) com o campo-tema na pesquisa-interven\u00e7\u00e3o. Estudos e Pesquisas em Psicologia, 20(2), 464\u2013480. https:\/\/doi.org\/10.12957\/epp.2020.52579","DOI":"10.12957\/epp.2020.52579"},{"key":"217334","unstructured":"Lascurain, H. C. (1996). Tourism, ecotourism and protected areas: The state of nature-based tourism around the world and guidelines for its development. IUCN. https:\/\/www.ecoturismoenandalucia.org\/Esp\/ecoturismo.php"},{"key":"217335","doi-asserted-by":"crossref","unstructured":"Lee, W. H., & Moscardo, G. (2005). Understanding the impact of ecotourism resort experiences on tourists\u2019 environmental attitudes and behavioural intentions. Journal of Sustainable Tourism, 13(6), 546\u2013565. https:\/\/doi.org\/10.1080\/09669580508668581","DOI":"10.1080\/09669580508668581"},{"key":"217336","doi-asserted-by":"crossref","unstructured":"Leung, Y.-F., Spenceley, A., Hvenegaard, G. T., & Buckley, R. (Eds.). (2019). Gesti\u00f3n del turismo y de los visitantes en \u00e1reas protegidas: Directrices para la sostenibilidad. UICN. https:\/\/portals.iucn.org\/library\/sites\/library\/files\/documents\/PAG-027-Es.pdf","DOI":"10.2305\/IUCN.CH.2018.PAG.27.pt"},{"key":"217337","doi-asserted-by":"crossref","unstructured":"Luna-Gij\u00f3n, G., Nava-Cuahutle, A. A., & Mart\u00ednez-Cantero, D. A. (2022). El diario de campo como herramienta formativa durante el proceso de aprendizaje en el dise\u00f1o de informaci\u00f3n. Zincograf\u00eda, 6(11), 245\u2013264. https:\/\/www.scielo.org.mx\/pdf\/zcr\/v6n11\/2448-8437-zcr-6-11-245.pdf","DOI":"10.32870\/zcr.v6i11.131"},{"key":"217338","unstructured":"Mahecha Lizarazo, S. L., & San Juan Renza, J. S. (2020). Recomendaciones para el turismo de naturaleza en Colombia a partir de una comparaci\u00f3n global de casos destacados. Universidad Externado de Colombia. https:\/\/bdigital.uexternado.edu.co\/server\/api\/core\/bitstreams\/8e37dad2-6b20-4951-9206-f0250921025d\/content"},{"key":"217339","doi-asserted-by":"crossref","unstructured":"Mart\u00ednez Quintana, V. (2017). El turismo de naturaleza: Un producto tur\u00edstico sostenible. Arbor, 193(785), a396. https:\/\/doi.org\/10.3989\/arbor.2017.785n3002","DOI":"10.3989\/arbor.2017.785n3002"},{"key":"217340","doi-asserted-by":"crossref","unstructured":"Meri\u00f1o Fern\u00e1ndez, J. R. D. J., & Sagbini Polo, A. J. (2021). Estudio de la capacidad de innovaci\u00f3n en la promoci\u00f3n del sector turismo. Dictamen Libre, (28). https:\/\/doi.org\/10.18041\/2619-4244\/dl.28.7300","DOI":"10.18041\/2619-4244\/dl.28.7300"},{"key":"217341","unstructured":"Ministerio de Ambiente y Desarrollo Sostenible. (2022). Plan Nacional de Negocios Verdes 2022\u20132030. Banco Interamericano de Desarrollo (BID), Biointropic y Corporaci\u00f3n Biocomercio Sostenible. https:\/\/www.minambiente.gov.co\/wp-content\/uploads\/2022\/11\/Actualizacion-Plan-Nacional-Negocios-verdes-2022-2030-VF2-2.pdf"},{"key":"217342","unstructured":"Montoya, Y. M., & P\u00e9rez, D. A. P. (2017). Turismo en Colombia: \u00bfEs el turismo una alternativa real para enfrentar el d\u00e9ficit externo? Ploutos, 6(2), 48\u201355."},{"key":"217343","unstructured":"Morales, C., Fajardo, D., & Bedoya, A. (2019). Caracterizaci\u00f3n biof\u00edsica, social y cultural en el marco de la aplicaci\u00f3n de la ruta declaratoria de \u00e1reas protegidas para el Distrito de Conservaci\u00f3n de Suelo y Aguas del Caquet\u00e1 (DCSAC). Programa de Conservaci\u00f3n y Gobernanza, Patrimonio Natural. [Documento interno no publicado]."},{"key":"217344","unstructured":"Neiza Rojas, J. (2018). Dise\u00f1o sostenible como estrategia de impulso del ecoturismo en la Hacienda Arabia del municipio de Viot\u00e1. Universidad Piloto de Colombia. https:\/\/repository.unipiloto.edu.co\/bitstream\/handle\/20.500.12277\/10105\/Dise%C3%B1o%20sostenible%20como%20estrategia%20de%20impulso.pdf"},{"key":"217345","unstructured":"Organizaci\u00f3n Mundial del Turismo (OMT). (2002). Declaraci\u00f3n de Quebec sobre el ecoturismo. Madrid: OMT. https:\/\/www.e-unwto.org\/doi\/pdf\/10.18111\/unwtodeclarations.2002.12.02"},{"key":"217346","unstructured":"Organizaci\u00f3n para la Cooperaci\u00f3n y el Desarrollo Econ\u00f3micos (OCDE). (2011). Hacia el crecimiento verde: Un resumen para los dise\u00f1adores de pol\u00edticas. OECD Publishing. https:\/\/bit.ly\/2HohaBE"},{"key":"217347","unstructured":"Palafox Mu\u00f1oz, A., Mart\u00ednez P\u00e9rezchica, M. G., & Anaya Ortiz, J. S. (2016). Turismo e imperialismo ecol\u00f3gico: El capital y su din\u00e1mica de expansi\u00f3n. Universidad Aut\u00f3noma de Baja California. http:\/\/hdl.handle.net\/20.500.12249\/2056"},{"key":"217348","unstructured":"Pantoja Chata, L., & Alavi Condori, S. (2015). Atractivos naturales y culturales para el desarrollo del turismo alternativo en la comunidad de Llullucha\u2013Ocongate. Universidad Nacional de San Antonio Abad del Cusco. http:\/\/repositorio.unsaac.edu.pe\/bitstream\/handle\/UNSAAC\/124\/253T20150030.pdf"},{"key":"217349","unstructured":"Patrimonio Natural. (2020). Programa Conservaci\u00f3n y Gobernanza en el Piedemonte Amaz\u00f3nico. [Presentaci\u00f3n PowerPoint]."},{"key":"217350","doi-asserted-by":"crossref","unstructured":"Powell, R. B., & Ham, S. H. (2008). Can ecotourism interpretation really lead to pro-conservation knowledge, attitudes and behaviour? Evidence from the Galapagos Islands. Journal of Sustainable Tourism, 16(4), 467\u2013489. https:\/\/doi.org\/10.2167\/jost797.0","DOI":"10.1080\/09669580802154223"},{"key":"217351","doi-asserted-by":"crossref","unstructured":"Quintana, V. M. (2017). El turismo de naturaleza: Un producto tur\u00edstico sostenible. Arbor, 193(785), a396. https:\/\/doi.org\/10.3989\/arbor.2017.785n3002","DOI":"10.3989\/arbor.2017.785n3002"},{"key":"217352","unstructured":"Ram\u00edrez Vidal, J., Ruiz Guti\u00e9rrez, E., & Machado Bastidas, W. (2017). Reconstruyendo la memoria hist\u00f3rica de Florencia, Caquet\u00e1. https:\/\/recursos.educoas.org\/sites\/default\/files\/5137.pdf"},{"key":"217353","unstructured":"R\u00edos Galeano, G., Pe\u00f1a Torres, P., Espinosa, L., & Marl\u00e9s Betancourt, C. (2012). Plan Departamental de Ciencia, Tecnolog\u00eda e Innovaci\u00f3n del Caquet\u00e1. https:\/\/minciencias.gov.co\/sites\/default\/files\/upload\/paginas\/pedcti-caqueta.pdf"},{"key":"217354","doi-asserted-by":"crossref","unstructured":"Rivera, J. P. R., & Guti\u00e9rrez, E. L. M. (2019). A framework toward sustainable ecotourism value chain in the Philippines. Journal of Quality Assurance in Hospitality & Tourism, 20(2), 123\u2013142. https:\/\/doi.org\/10.1080\/1528008X.2018.1520864","DOI":"10.1080\/1528008X.2018.1492495"},{"key":"217355","unstructured":"Rodr\u00edguez Alarc\u00f3n, A. M. (2020). Turismo como estrategia de desarrollo sostenible en contextos de posconflicto: Departamento del Meta, Colombia [Tesis doctoral, Universidad de los Llanos]. https:\/\/repositorio.unillanos.edu.co\/server\/api\/core\/bitstreams\/3e87268a-cff2-4cb6-8c73-a285878f1893\/content"},{"key":"217356","doi-asserted-by":"crossref","unstructured":"Roig\u00e9, X., Del M\u00e1rmol, C., & Guil, M. (2019). Los usos del patrimonio inmaterial en la promoci\u00f3n del turismo: El caso del Pirineo catal\u00e1n. PASOS: Revista de Turismo y Patrimonio Cultural, 17(6), 1113\u20131126. https:\/\/riull.ull.es\/xmlui\/bitstream\/handle\/915\/17841\/PS_17_6_(2019)_02.pdf","DOI":"10.25145\/j.pasos.2019.17.077"},{"key":"217357","doi-asserted-by":"crossref","unstructured":"S\u00e1nchez Supelano, L. F. (2019). Ecoturismo en la construcci\u00f3n de paz en Colombia: Acuerdo de paz, conflictividad y justicia ambiental. Via: Tourism Review, (15). https:\/\/journals.openedition.org\/viatourism\/3649","DOI":"10.4000\/viatourism.3649"},{"key":"217358","doi-asserted-by":"crossref","unstructured":"Scheyvens, R., & Momsen, J. (2008). Tourism in small island states: From vulnerability to strengths. Journal of Sustainable Tourism, 16(5), 491\u2013510. https:\/\/doi.org\/10.1080\/09669580802159586","DOI":"10.1080\/09669580802159586"},{"key":"217359","unstructured":"Soto, N. R. (2019). Ecoturismo. Ediciones UNACH. ISBN 978-607-733-114-8"},{"key":"217360","doi-asserted-by":"crossref","unstructured":"Tisdell, C., & Wilson, C. (2005). Perceived impacts of ecotourism on environmental learning and conservation: Turtle watching as a case study. Environment, Development and Sustainability, 7(3), 291\u2013302. https:\/\/doi.org\/10.1007\/s10668-004-7619-6","DOI":"10.1007\/s10668-004-7619-6"},{"key":"217361","doi-asserted-by":"crossref","unstructured":"Vel\u00e1zquez-Castro, J., Cruz-Coria, E., & Briones, A. (2023). Innovaci\u00f3n y crecimiento verde: Una revisi\u00f3n desde la perspectiva tur\u00edstica. Turismo y Sociedad, 33, 213\u2013230. https:\/\/doi.org\/10.18601\/01207555.n33.09","DOI":"10.18601\/01207555.n33.09"},{"key":"217362","doi-asserted-by":"crossref","unstructured":"Wardle, C., Buckley, R., Shakeela, A., & Castley, J. G. (2018). Ecotourism\u2019s contributions to conservation: Analysing patterns in published studies. Journal of Ecotourism, 17(2), 103\u2013121. https:\/\/doi.org\/10.1080\/14724049.2017.1308885","DOI":"10.1080\/14724049.2018.1424173"},{"key":"217363","doi-asserted-by":"crossref","unstructured":"Peake, S., Innes, P., & Dyer, P. (2009). Ecotourism and conservation: Factors influencing effective conservation messages. Journal of Sustainable Tourism, 17(1), 107\u2013127. https:\/\/doi.org\/10.1080\/09669580802276008","DOI":"10.1080\/09669580802276000"},{"key":"217364","doi-asserted-by":"crossref","unstructured":"Pe\u00f1a Torres, P., Marl\u00e9s Betancourt, C., & Valera Alfonso, O. (2022). La planeaci\u00f3n por escenarios como herramienta para la construcci\u00f3n de paz en el Caquet\u00e1. Revista Cient\u00edfica General Jos\u00e9 Mar\u00eda C\u00f3rdova, 20(37), 45\u201367. https:\/\/doi.org\/10.21830\/19006586.838","DOI":"10.21830\/19006586.838"},{"key":"217365","unstructured":"Pe\u00f1a, P., Hern\u00e1ndez, O., & Marl\u00e9s, C. (2020). Categor\u00edas socioeducativas determinantes para la construcci\u00f3n de la paz desde la educaci\u00f3n superior en el Caquet\u00e1-Colombia. En E. Gayt\u00e1n-Cort\u00e9s et al. (Comps.), Cultura educativa y financiera para la competitividad e innovaci\u00f3n empresarial. Universidad de Guadalajara."},{"key":"217366","doi-asserted-by":"crossref","unstructured":"Pe\u00f1a, T. P., Marl\u00e9s, B. C., & Correa, C. L. (2023). Oportunidades y capacidades del turismo como dinamizador empresarial en el Caquet\u00e1. Cl\u00edo Am\u00e9rica, 17(33), 147\u2013158. https:\/\/doi.org\/10.21676\/23897848.5205","DOI":"10.21676\/23897848.5205"},{"key":"217367","unstructured":"Plan Nacional de Desarrollo 2018\u20132022. Pacto por Colombia, pacto por la equidad. Departamento Nacional de Planeaci\u00f3n. https:\/\/www.dnp.gov.co\/plan-nacional-desarrollo\/Paginas\/plan-nacional-de-desarrollo-2018-2022.aspx"},{"key":"217368","unstructured":"Plan Nacional de Desarrollo 2022\u20132026. Colombia, potencial mundial de la vida. Departamento Nacional de Planeaci\u00f3n. https:\/\/colaboracion.dnp.gov.co\/CDT\/Prensa\/Publicaciones\/plan-nacional-de-desarrollo-2022-2026-colombia-potencia-mundial-de-la-vida.pdf"}],"container-title":["Revista Estrategia Organizacional"],"link":[{"URL":"https:\/\/hemeroteca.unad.edu.co\/index.php\/revista-estrategica-organizacio\/article\/download\/10740\/8376","content-type":"application\/pdf","content-version":"vor","intended-application":"text-mining"},{"URL":"https:\/\/hemeroteca.unad.edu.co\/index.php\/revista-estrategica-organizacio\/article\/download\/10740\/8394","content-type":"text\/xml","content-version":"vor","intended-application":"text-mining"},{"URL":"https:\/\/hemeroteca.unad.edu.co\/index.php\/revista-estrategica-organizacio\/article\/download\/10740\/8395","content-type":"text\/html","content-version":"vor","intended-application":"text-mining"},{"URL":"https:\/\/hemeroteca.unad.edu.co\/index.php\/revista-estrategica-organizacio\/article\/download\/10740\/8396","content-type":"unspecified","content-version":"vor","intended-application":"text-mining"},{"URL":"https:\/\/hemeroteca.unad.edu.co\/index.php\/revista-estrategica-organizacio\/article\/download\/10740\/8376","content-type":"unspecified","content-version":"vor","intended-application":"similarity-checking"}],"deposited":{"date-parts":[[2026,3,12]],"date-time":"2026-03-12T20:16:37Z","timestamp":1773346597000},"score":0.0,"resource":{"primary":{"URL":"https:\/\/hemeroteca.unad.edu.co\/index.php\/revista-estrategica-organizacio\/article\/view\/10740"}},"issued":{"date-parts":[[2025,8,4]]},"references-count":64,"journal-issue":{"issue":"2","published-online":{"date-parts":[[2025,11,4]]}},"URL":"https:\/\/doi.org\/10.22490\/25392786.10740","ISSN":["2539-2786","2339-3866"],"issn-type":[{"value":"2539-2786","type":"electronic"},{"value":"2339-3866","type":"print"}],"published":{"date-parts":[[2025,8,4]]}},{"indexed":{"date-parts":[[2026,4,23]],"date-time":"2026-04-23T08:17:35Z","timestamp":1776932255614,"version":"3.51.2"},"reference-count":0,"publisher":"Universidad Nacional Abierta y a Distancia","issue":"2","license":[{"start":{"date-parts":[[2023,9,21]],"date-time":"2023-09-21T00:00:00Z","timestamp":1695254400000},"content-version":"unspecified","delay-in-days":0,"URL":"https:\/\/creativecommons.org\/licenses\/by-nc-sa\/4.0"}],"content-domain":{"domain":[],"crossmark-restriction":false},"short-container-title":["Agricolae. Habitat"],"abstract":"<jats:p>Contextualizaci\u00f3n: El diagn\u00f3stico y evaluaci\u00f3n de la calidad del agua para el dise\u00f1o de plantas de tratamiento de agua potable (PTAP), es un reto especialmente en zonas rurales apartadas en el Pa\u00eds, ya que los costos altos, los tiempos y la falta de laboratorios certificados, hacen que esta labor sea bastante dispendiosa.\nVac\u00edo de conocimiento: Dadas las condiciones de las zonas rurales apartadas de Colombia, donde se tiene limitaciones en infraestructura, laboratorios y recursos econ\u00f3micos se requiere implementar herramientas que permitan conocer las caracter\u00edsticas fisicoqu\u00edmicas y microbiol\u00f3gicas de la fuente h\u00eddrica que servir\u00e1 como fuente abastecedora a la comunidad de inter\u00e9s.\nProp\u00f3sito: El objetivo de este estudio es evaluar la calidad del agua que se est\u00e1 suministrando a la poblaci\u00f3n del Municipio de Puerto. Nari\u00f1o-Amazonas, mediante la utilizaci\u00f3n del \u00cdndice de riesgo de calidad del agua (IRCA), con el fin de establecer la calidad del agua y los posibles tratamientos que se deben tener en cuenta a la hora de dise\u00f1ar e implementar una planta de agua potable o su optimizaci\u00f3n.\nMetodolog\u00eda: El trabajo inici\u00f3 con la revisi\u00f3n del estado del arte del sistema de abastecimiento existente y posteriormente se realiz\u00f3 un muestreo puntual del agua que es suministrada a la comunidad en el Municipio del Puerto Nari\u00f1o - Amazonas, en donde se analizaron los par\u00e1metros fisicoqu\u00edmicos y microbiol\u00f3gicos del agua mediante el \u00cdndice del Riesgo de Calidad del Agua (IRCA) de acuerdo al Decreto 1575 del 2007 y a la Resoluci\u00f3n 2115 del 2007, con el fin de establecer su calidad.\nResultados y conclusiones: Para la evaluaci\u00f3n de la calidad del agua suministrada por el acueducto del Municipio de Puerto Nari\u00f1o se analizaron los datos obtenidos de par\u00e1metros fisicoqu\u00edmicos y microbiol\u00f3gicos, encontrando que algunos par\u00e1metros\u00a0 no se encuentran dentro de los rangos establecidos en el Decreto 1575 del 2007, a pesar de que se realiza un pretratamiento al agua, haciendo necesario implementar acciones a corto, mediano y largo plazo que permitan mejorar la calidad del agua para minimizar los riesgos a las que est\u00e1 expuesta esta comunidad y cumplir con la normatividad vigente.\u00a0<\/jats:p>","DOI":"10.22490\/26653176.6757","type":"journal-article","created":{"date-parts":[[2023,9,26]],"date-time":"2023-09-26T16:11:34Z","timestamp":1695744694000},"page":"27-40","source":"Crossref","is-referenced-by-count":3,"title":["Evaluaci\u00f3n del agua para consumo humano utilizando el \u00edndice de riesgo de la calidad del agua en el municipio de Puerto Nari\u00f1o (Amazonas)"],"prefix":"10.22490","volume":"6","author":[{"given":"Fanny Matilde","family":"Pinzon Candelario","sequence":"first","affiliation":[],"role":[{"role":"author","vocabulary":"crossref"}]},{"given":"Cindy Lorena","family":"Garc\u00eda Pinto","sequence":"additional","affiliation":[],"role":[{"role":"author","vocabulary":"crossref"}]}],"member":"9784","published-online":{"date-parts":[[2023,9,21]]},"container-title":["Agricolae &amp; Habitat"],"link":[{"URL":"https:\/\/hemeroteca.unad.edu.co\/index.php\/agricolae\/article\/download\/6757\/6324","content-type":"application\/pdf","content-version":"vor","intended-application":"text-mining"},{"URL":"https:\/\/hemeroteca.unad.edu.co\/index.php\/agricolae\/article\/download\/6757\/6324","content-type":"unspecified","content-version":"vor","intended-application":"similarity-checking"}],"deposited":{"date-parts":[[2023,9,26]],"date-time":"2023-09-26T16:11:35Z","timestamp":1695744695000},"score":0.0,"resource":{"primary":{"URL":"https:\/\/hemeroteca.unad.edu.co\/index.php\/agricolae\/article\/view\/6757"}},"issued":{"date-parts":[[2023,9,21]]},"references-count":0,"journal-issue":{"issue":"2","published-online":{"date-parts":[[2023,9,21]]}},"URL":"https:\/\/doi.org\/10.22490\/26653176.6757","ISSN":["2665-3176"],"issn-type":[{"value":"2665-3176","type":"electronic"}],"published":{"date-parts":[[2023,9,21]]}},{"indexed":{"date-parts":[[2026,5,14]],"date-time":"2026-05-14T03:11:13Z","timestamp":1778728273641,"version":"3.51.4"},"reference-count":25,"publisher":"Universidad Nacional Abierta y a Distancia","issue":"1","license":[{"start":{"date-parts":[[2022,6,1]],"date-time":"2022-06-01T00:00:00Z","timestamp":1654041600000},"content-version":"unspecified","delay-in-days":0,"URL":"https:\/\/creativecommons.org\/licenses\/by-nc-nd\/4.0"}],"content-domain":{"domain":[],"crossmark-restriction":false},"short-container-title":["Educ. Sentipensante"],"abstract":"<jats:p>La innovaci\u00f3n en el \u00e1rea educativa.<\/jats:p>","DOI":"10.22490\/28057597.6257","type":"journal-article","created":{"date-parts":[[2023,8,30]],"date-time":"2023-08-30T17:04:52Z","timestamp":1693415092000},"page":"70-82","source":"Crossref","is-referenced-by-count":0,"title":["Un an\u00e1lisis bibliom\u00e9trico sobre el uso de la gamificaci\u00f3n para la prevenci\u00f3n de la deserci\u00f3n en Ambientes Virtuales de Aprendizaje","A Bibliometric analysis on the use of gamification for the prevention of desertion in Virtual Learning Environments"],"prefix":"10.22490","volume":"2","author":[{"given":"Laura Lizeth","family":"Aldana Aldana","sequence":"first","affiliation":[],"role":[{"role":"author","vocabulary":"crossref"}]}],"member":"9784","published-online":{"date-parts":[[2022,6,1]]},"reference":[{"key":"104834","unstructured":"Acosta, J., Torres, M., C\u00e1rdenas, A. (2021). Preferencia de los estudiantes por el uso de la gamificaci\u00f3n en entornos virtuales de aprendizaje. Revista de tecnolog\u00eda educativa de Australasia. Recuperado de https:\/\/www.scopus.com\/inward\/record.uri?eid=2-s2.0-85118189673&doi=10.14742%2fajet.6512&partnerID=40&md5=3e6488c77d506fe93c1042fd215590c5. \u00daltimo acceso: 10 de diciembre de 2021."},{"key":"104835","unstructured":"Candamil, M., Parra, L Y S\u00e1nchez, J. (2009). An\u00e1lisis de la deserci\u00f3n estudiantil en la Universidad de Caldas 1998-2006. Universidad de"},{"key":"104836","unstructured":"Caldas. http:\/\/sig.ucaldas.edu.co\/gestionDocumental\/SII\/an\u00e0lisis_indicadores\/soporte_acredita_1322521744-1390.pdf. \u00daltimo acceso: 11 de diciembre de 2021."},{"key":"104837","unstructured":"Cortizo, J., Carrero, B., Monsalve, A., Velasco, L., D\u00edaz, I., y P\u00e9rez, J. (2011); Gamificaci\u00f3n y Docencia: lo que la universidad tiene que aprender de los videojuegos. VIII Jornadas Internacionales de Innovaci\u00f3n Universitaria, 1\u20138, Madrid, Espa\u00f1a."},{"key":"104838","unstructured":"Dur\u00e1n, I. y Ram\u00edrez, I. (2019). Estrategias pedag\u00f3gico-did\u00e1cticas centradas en la Gamificaci\u00f3n aplicada a la metodolog\u00eda basada en proyectos en el grado quinto de B\u00e1sica Primaria del Colegio Divino Ni\u00f1o de la Ciudad de Barranquilla, Colombia. https:\/\/repository.unad.edu.co\/handle\/10596\/30250. \u00daltimo acceso: 10 de diciembre de 2021."},{"key":"104839","unstructured":"Kinnett, S., Steinbach, T. (2021). Un caso de estudio en el uso de Salesforce Trailhead para impartir un curso de implementaci\u00f3n de CRM. Actas de la Conferencia de Educaci\u00f3n de Sistemas de Informaci\u00f3n, ISECON. https:\/\/www.scopus.com\/inward\/record.uri?eid=2-s2.0-85118986648&partnerID=40&md5=102cd18be095a838ecd9eb98e6c2acac. \u00daltimo acceso: 10 de diciembre de 2021."},{"key":"104840","unstructured":"L\u00e1zaro, O., Moreira, M. (2021). Gamificaci\u00f3n de capa fina en e-learning: Evidencias sobre motivaci\u00f3n y autorregulaci\u00f3n [Gamificaci\u00f3n superficial en e-learning: evidencias sobre motivaci\u00f3n y autorregulaci\u00f3n]. Pixel-Bit, Revista de Medios y Educaci\u00f3n. Recuperado de https:\/\/www.scopus.com\/inward\/record.uri?eid=2-s2.0-85115344205&doi=10.12795%2fPIXELBIT.82427&partnerID=40&md5=dc794ec374588715192f083acc0be875.\u00daltimo acceso: 10 de diciembre de 2021."},{"key":"104841","unstructured":"L\u00e1zaro, O., Moreira, M. (2021). Investigaci\u00f3n basada en el dise\u00f1o en e-learning: competencia de autorregulaci\u00f3n en la formaci\u00f3n de tutores. Actas - XI Congreso Internacional de Campus Virtual, JICV 2021. Recuperado de https:\/\/www.scopus.com\/inward\/record.uri?eid=2-s2.0-85123219065&doi=10.1109%2fJICV53222.2021.9600416&partnerID=40&md5=a319c8661e05f65a58748b3d5182d158. \u00daltimo acceso: 11 de diciembre de 2021."},{"key":"104842","unstructured":"Lopes, A., Pedro, L., Prates, B., Vassileva, J., Isotani, S. (2015). \u00bfFunciona la gamificaci\u00f3n para ni\u00f1os y ni\u00f1as? Un estudio exploratorio con un entorno virtual de aprendizaje. Actas del Simposio ACM sobre Inform\u00e1tica Aplicada. Recuperado de https:\/\/www.scopus.com\/inward\/record.uri?eid=2-s2.0-84955510597&doi=10.1145%2f2695664.2695752&partnerID=40&md5=afdd9ad029305f3893f98b16cd585220.\u00daltimo acceso: 25 de febrero de 2022."},{"key":"104843","doi-asserted-by":"crossref","unstructured":"Melo-Solarte, D. S., & D\u00edaz, P. A. (2018). El Aprendizaje Afectivo y la Gamificaci\u00f3n en Escenarios de Educaci\u00f3n Virtual. Informaci\u00f3n Tecnol\u00f3gica, 29(3), 237\u2013248. Recuperado de https:\/\/doi.org\/10.4067\/s0718-07642018000300237. \u00daltimo acceso: 11 de diciembre de 2021.","DOI":"10.4067\/S0718-07642018000300237"},{"key":"104844","unstructured":"Mozelius, P., Collin, J., Olsson, M. (2015). Visualizaci\u00f3n y gamificaci\u00f3n del e-Learning - Actitudes entre los participantes del curso. Actas de la Conferencia Internacional sobre e-Learning, ICEL. Recuperado de https:\/\/www.scopus.com\/inward\/record.uri?eid=2-s2.0-84940661018&partnerID=40&md5=6670bb69588fbc62a0f524e230bb3087. \u00daltimo acceso: 25 de febrero de 2022."},{"key":"104845","doi-asserted-by":"crossref","unstructured":"Ministerio de Educaci\u00f3n Nacional. (2014). Portafolio de estrategias para reducir la deserci\u00f3n. http:\/\/www.mineducacion.gov.co\/Mun\u00e9var, P. A., Pedraza, C. E., Aranda, D. F., Granados, J. R., Buitrago, P. A., Samper, L. F., Montenegro, C. E., & Gaona, P. A. (2021). Caracter\u00edsticas pedag\u00f3gicas, did\u00e1cticas y tecnol\u00f3gicaspara el dise\u00f1o de sistemas gamificados basados en experienciade usuario en Educaci\u00f3n virtual. Publicaciones E Investigaci\u00f3n, 14(3). https:\/\/doi.org\/10.22490\/25394088.4507. \u00daltimo acceso: 25 de febrero de 2021.","DOI":"10.22490\/25394088.4507"},{"key":"104846","unstructured":"Mu\u00f1oz Sanabria, L. F., & Vargas Ordo\u00f1ez, L. M. (2019). EduMat: Gamified web tool for teaching elementary operations | EDUMAT:Herramienta web gamificada para la ense\u00f1anza de operaciones elementales. Campus Virtuales, 8(2), 9\u201317."},{"key":"104847","unstructured":"Oliveira, F., Santos, S. (2016). PBL Maestro: un entorno de aprendizaje virtual para la implementaci\u00f3n del enfoque de aprendizaje basado en problemas en la educaci\u00f3n inform\u00e1tica. Actas - Conferencia Fronteras en Educaci\u00f3n, FIE. Recuperado de https:\/\/www.scopus.com\/inward\/record.uri?eid=2-s2.0-85006757992&doi=10.1109%2fFIE.2016.7757388&partnerID=40&md5=2ed52b4bbc2b0f735ecc5530658615b3. \u00daltimo acceso: 10 de diciembre de 2021."},{"key":"104848","unstructured":"Ogawa, A., Gasparini, I., Klock, A., Pimenta, M., (2018). \u00bfImporta la gamificaci\u00f3n?: Un mapeo sistem\u00e1tico sobre la evaluaci\u00f3n de la gamificaci\u00f3n en entornos educativos. Actas del Simposio ACM sobre Inform\u00e1tica Aplicada. Recuperado de https:\/\/www.scopus.com\/inward\/record.uri?eid=2-s2.0-85050535943&doi=10.1145%2f3167132.3167347&partnerID=40&md5=ac5096fe3f555682ebbbd96c216ac998. \u00daltimo acceso: 10 de diciembre de 2021."},{"key":"104849","unstructured":"Paba, M., Acosta, J., Torres, M. (2020). Dise\u00f1o de una herramienta gamificada para el desarrollo de competencias ciudadanas. Conferencia Internacional sobre Avances en la Educaci\u00f3n Superior. Recuperado de https:\/\/www.scopus.com\/inward\/record.uri?eid=2-s2.0-85088400188&doi=10.4995%2fHEAd20.2020.11136&partnerID=40&md5=81f94545c9a2013cba2ae36804294011. \u00daltimo acceso:10 de diciembre de 2021."},{"key":"104850","unstructured":"Parra, M., Segura, A., Romero, C. (2020). An\u00e1lisis del pensamiento creativo y niveles de activaci\u00f3n del alumno tras una experiencia de gamificaci\u00f3n. Educar. Recuperado de https:\/\/www.scopus.com\/inward\/record.uri?eid=2-s2.0-85093520360&doi=10.5565%2fREV%2fEDUCAR.1104&partnerID=40&md5=706346597635b17e10582af5e0023e79. \u00daltimo acceso: 11 de diciembre de 2021."},{"key":"104851","unstructured":"Pastushenko, O., Hruska, T., Zendulka, J. (2018). Aumentar la motivaci\u00f3n de los estudiantes mediante el uso de entornos virtuales de aprendizaje basados en mec\u00e1nicas de gamificaci\u00f3n. Serie de Actas de la Conferencia Internacional ACM. https:\/\/www.scopus.com\/inward\/record.uri?eid=2-s2.0-85058504760&doi=10.1145%2f3284179.3284310&partnerID=40&md5=a15b7e24f63c446a46c4e607b7584f01. \u00daltimo acceso: 10 de diciembre de 2021."},{"key":"104852","unstructured":"Posada, F. (2013). Gamificaci\u00f3n educativa. Recuperado de http:\/\/canaltic.com\/blog\/?p=1733. \u00daltimo acceso: 11 de diciembre de 2021."},{"key":"104853","unstructured":"Puerta, L., G\u00f3mez, M. (2020). Modelo de ense\u00f1anza gamificado para promover el aprendizaje de algoritmos y programaci\u00f3n. Congreso Ib\u00e9rico de Sistemas y Tecnolog\u00edas de la Informaci\u00f3n, CISTI. Recuperado de https:\/\/www.scopus.com\/inward\/record.uri?eid=2-s2.0-85089032914&doi=10.23919%2fCISTI49556.2020.9141027&partnerID=40&md5=cf23946ede282c037169b4da7cadd609. \u00daltimo acceso: 25 de febrero de 2021."},{"key":"104854","unstructured":"Schm\u00fccker, V., Eiler, TJ, Gr\u00fcnewald, A., Forstmeier, S., Grensing, F., Gieber, C., Br\u00fcck, R. (2021). Entrenamiento de memoria personalizable en realidad virtual con memorias personales. Actas - 2021 4ta Conferencia Internacional IEEE sobre Inteligencia Artificial y Realidad Virtual, AIVR 2021. https:\/\/www.scopus.com\/inward\/record.uri?eid=2-s2.0-85124216711&doi=10.1109%2fAIVR52153.2021.00042&partnerID=40&md5=8b09b5c15bb862d3b01ceddd9d45590c. \u00daltimo acceso: 10 de diciembre de 2021."},{"key":"104855","unstructured":"Scott, L., Dalton, N. (2021). Estudiando el impacto de la gamificaci\u00f3n en la motivaci\u00f3n en la educaci\u00f3n en programaci\u00f3n remota. Actas de la Conferencia Europea sobre e-Learning, ECEL. Recuperado de https:\/\/www.scopus.com\/inward\/record.uri?eid=2-s2.0-85121597688&doi=10.34190%2fEEL.21.060&partnerID=40&md5=54f6ea5c64b1476b57613453c62f1138. \u00daltimo acceso: 10 de diciembre de 2021."},{"key":"104856","unstructured":"Solovov, A., Menshikova, A. (2021). Zigzags del coronavirus del aprendizaje electr\u00f3nico a distancia. Vysshee Obrazovanie contra Rossii. https:\/\/www.scopus.com\/inward\/record.uri?eid=2-s2.085111263787&doi=10.31992%2f0869-3617-2021-30-6-60-69&partnerID=40&md5=e0691f7d231d5c4aa9d96957ee71e93c. \u00daltimo acceso: 11 de diciembre de 2021."},{"key":"104857","unstructured":"Ten\u00f3rio, M., Reinaldo, F., G\u00f3is, L., Lopes. T. (2018). Elementos de gamificaci\u00f3n en entornos virtuales de aprendizaje: una revisi\u00f3n sistem\u00e1tica. Avances en Sistemas Inteligentes y Computaci\u00f3n. https:\/\/www.scopus.com\/inward\/record.uri?eid=2-s2.0-85042285478&doi=10.1007%2f978-3-319-73204-6_12&partnerID=40&md5=6110dff821abf2fa49321b8e06bb2e6a. \u00daltimo acceso: 10 de diciembre de 2021."},{"key":"104858","unstructured":"Zapata, L., G\u00f3mez, M. (2020). Modelo de evaluaci\u00f3n gamificado en cursos de algoritmos y programaci\u00f3n. Actas - Congreso Internacional de la Sociedad Chilena de Inform\u00e1tica, SCCC. Recuperado de https:\/\/www.scopus.com\/inward\/record.uri?eid=2-s2.0-85098633334&doi=10.1109%-2fSCCC51225.2020.9281150&partnerID=40&md5=7c39ac8f6edfb99716baaf92d80763e7. \u00daltimo acceso: 10 de diciembre de 2021."}],"container-title":["EducAcci\u00f3n Sentipensante"],"link":[{"URL":"https:\/\/hemeroteca.unad.edu.co\/index.php\/educ_sentipensante\/article\/download\/6257\/5859","content-type":"application\/pdf","content-version":"vor","intended-application":"text-mining"},{"URL":"https:\/\/hemeroteca.unad.edu.co\/index.php\/educ_sentipensante\/article\/download\/6257\/5859","content-type":"unspecified","content-version":"vor","intended-application":"similarity-checking"}],"deposited":{"date-parts":[[2026,5,14]],"date-time":"2026-05-14T02:42:22Z","timestamp":1778726542000},"score":0.0,"resource":{"primary":{"URL":"https:\/\/hemeroteca.unad.edu.co\/index.php\/educ_sentipensante\/article\/view\/6257"}},"issued":{"date-parts":[[2022,6,1]]},"references-count":25,"journal-issue":{"issue":"1","published-online":{"date-parts":[[2022,6,1]]}},"URL":"https:\/\/doi.org\/10.22490\/28057597.6257","ISSN":["2805-7597"],"issn-type":[{"value":"2805-7597","type":"electronic"}],"published":{"date-parts":[[2022,6,1]]}},{"indexed":{"date-parts":[[2026,6,11]],"date-time":"2026-06-11T00:56:28Z","timestamp":1781139388487,"version":"3.54.1"},"reference-count":37,"publisher":"Universidad Nacional Abierta y a Distancia","issue":"47","license":[{"start":{"date-parts":[[2026,6,5]],"date-time":"2026-06-05T00:00:00Z","timestamp":1780617600000},"content-version":"unspecified","delay-in-days":0,"URL":"https:\/\/creativecommons.org\/licenses\/by-nc\/4.0"}],"content-domain":{"domain":[],"crossmark-restriction":false},"short-container-title":["NOVA"],"abstract":"<jats:p>Introducci\u00f3n. Las poblaciones rurales de Am\u00e9rica Latina enfrentan barreras para acceder\u00a0a servicios de salud, lo que incrementa su vulnerabilidad frente a enfermedades prevenibles\u00a0como la tuberculosis. Objetivo. Identificar factores sociodemogr\u00e1ficos y estructurales asociados a la percepci\u00f3n de barreras de acceso a salud en habitantes rurales de 12 municipios del Valle del Cauca priorizados por notificaci\u00f3n de TB y condiciones de vulnerabilidad. M\u00e9todos. Estudio transversal anal\u00edtico (agosto\u2013diciembre de 2022) en 12 municipios del Valle del Cauca, priorizados por ruralidad, pobreza y notificaci\u00f3n de TB. Se incluyeron 457 adultos (\u226518 a\u00f1os) del r\u00e9gimen subsidiado, seleccionados mediante muestreo aleatorio estratificado a partir del listado de afiliados rurales y encuestados con un instrumento estructurado. El desenlace fue la percepci\u00f3n de barreras para acceder a servicios de salud cuando la necesit\u00f3 en los \u00faltimos 12 meses. Se realizaron an\u00e1lisis descriptivo, bivariado y regresi\u00f3n log\u00edstica. Resultados. El 98 % de los participantes manifest\u00f3 estar afiliado al sistema de salud, m\u00e1s del 80 % ten\u00eda ingresos inferiores al salario m\u00ednimo y 47,5 % report\u00f3 dificultades para acceder a los servicios. Las barreras m\u00e1s significativas se asociaron al uso de m\u00faltiples medios de transporte (OR = 4,15; IC95%: 2,62\u20136,59) con tendencia a la percepci\u00f3n negativa del estado de salud (OR = 1,56; IC95%: 0,99\u20132,45). Conclusi\u00f3n. La afiliaci\u00f3n casi universal no asegura el acceso a servicios de salud en zonas rurales; la movilidad y el transporte son las principales barreras. Se requieren intervenciones diferenciales centradas en transporte y articulaci\u00f3n territorial para la atenci\u00f3n.<\/jats:p>","DOI":"10.22490\/24629448.10946","type":"journal-article","created":{"date-parts":[[2026,6,10]],"date-time":"2026-06-10T23:57:19Z","timestamp":1781135839000},"page":"163-177","source":"Crossref","is-referenced-by-count":0,"title":["Acceso a salud rural en 12 municipios del Valle del Cauca priorizados por notificaci\u00f3n de TB y condiciones de vulnerabilidad","Rural healthcare access in 12 municipalities of Valle del Cauca prioritized based on TB notification and vulnerability conditions"],"prefix":"10.22490","volume":"24","author":[{"given":"Jorge Alirio","family":"Holgu\u00edn-Ruiz","sequence":"first","affiliation":[],"role":[{"vocabulary":"crossref","role":"author"}]},{"given":"Mercedes","family":"Salcedo-Cifuentes","sequence":"additional","affiliation":[],"role":[{"vocabulary":"crossref","role":"author"}]},{"given":"Paula","family":"Berm\u00fadez","sequence":"additional","affiliation":[],"role":[{"vocabulary":"crossref","role":"author"}]},{"ORCID":"https:\/\/orcid.org\/0000-0001-8757-4434","authenticated-orcid":false,"given":"Constanza","family":"Diaz Grajales","sequence":"additional","affiliation":[],"role":[{"vocabulary":"crossref","role":"author"}]},{"given":"Nicolas","family":"Ortiz Ruiz","sequence":"additional","affiliation":[],"role":[{"vocabulary":"crossref","role":"author"}]},{"ORCID":"https:\/\/orcid.org\/0000-0003-2512-4723","authenticated-orcid":false,"given":"Salom\u00e9","family":"V\u00edctoria","sequence":"additional","affiliation":[],"role":[{"vocabulary":"crossref","role":"author"}]}],"member":"9784","published-online":{"date-parts":[[2026,6,5]]},"reference":[{"key":"224551","unstructured":"1. Organizaci\u00f3n Internacional del Trabajo. La salud en las zonas rurales: un desaf\u00edo global. Rev Salud P\u00fablica (Bogot\u00e1). 2015;22(3):45-52. Disponible en: https:\/\/www.scielosp.org\/article\/rsap\/2015.v22n3\/45-52\/"},{"key":"224552","unstructured":"2. Bernal O. Desaf\u00edos en el acceso a servicios de salud en zonas rurales. Rev Salud P\u00fablica (Bogot\u00e1). 2020;22(3):45-52."},{"key":"224553","unstructured":"3. Stop TB Partnership; UNOPS. Out of step: TB policies in 24 countries [Internet]. Ginebra: Stop TB Partnership; 2015 [citado 2025 ago 25]. Disponible en: https:\/\/stoptb.org\/assets\/documents\/news\/report_out_of_step_2015_11_pdf_with_interactive_links.pdf"},{"key":"224554","unstructured":"4. Carter K. Determinantes sociales de la tuberculosis en Am\u00e9rica Latina. Trop Med Int Health. 2018;23(4):456-62."},{"key":"224555","unstructured":"5. Naciones Unidas. Pobreza en zonas rurales: informe 2023. Nueva York: Naciones Unidas; 2023."},{"key":"224556","unstructured":"6. United Nations. The Sustainable Development Goals Report 2019 [Internet]. New York: United Nations; 2019 [cited 2025 Dec 10]. Available from: https:\/\/unstats.un.org\/sdgs\/report\/2019\/The-Sustainable-Development-Goals-Report-2019.pdf."},{"key":"224557","unstructured":"7. Mart\u00ednez-S\u00e1nchez LM, et al. Barreras en el acceso a los servicios de salud en \u00e1reas rurales. BMC Public Health. 2017;17:123."},{"key":"224558","unstructured":"8. World Health Organization. Global tuberculosis report 2022. Ginebra: WHO; 2022."},{"key":"224559","doi-asserted-by":"crossref","unstructured":"9. Liu Y, et al. Out-of-pocket payments and economic consequences from tuberculosis care in China. Infect Dis Poverty. 2020;9:79","DOI":"10.1186\/s40249-020-0623-8"},{"key":"224560","doi-asserted-by":"crossref","unstructured":"10. Song J, Jin C, Cheng X. The association between cigarette smoking and health care service utilization among middle-aged and elderly adults in China. Front Public Health. 2022;10:952357. doi:10.3389\/fpubh.2022.952357.","DOI":"10.3389\/fpubh.2022.952357"},{"key":"224561","doi-asserted-by":"crossref","unstructured":"11. Li C, Gao J, Zhang Y, Xu C. The effects of smoking, regular drinking, and unhealthy weight on health care utilization in China. BMC Public Health. 2021;21(1):457. doi:10.1186\/s12889-021-12309-z.","DOI":"10.1186\/s12889-021-12309-z"},{"key":"224562","unstructured":"12. Instituto Nacional de Salud. Reporte de tuberculosis en Colombia 2022. Bogot\u00e1: INS; 2023."},{"key":"224563","doi-asserted-by":"crossref","unstructured":"13. Bran-Piedrahita L, Valencia-Arias A, Palacios-Moya L, G\u00f3mez-Molina S, Acevedo-Correa Y, Arias-Arciniegas C. Barreras de acceso del sistema de salud colombiano en zonas rurales: percepciones de usuarios del r\u00e9gimen subsidiado. Hacia Promoc Salud. 2020;25(2):29-38. doi:10.17151\/hpsal.2020.25.2.6.","DOI":"10.17151\/hpsal.2020.25.2.6"},{"key":"224564","unstructured":"14. Organizaci\u00f3n Panamericana de la Salud. Estrategias para mejorar el acceso en zonas rurales. Washington, D.C.: OPS; 2020."},{"key":"224565","unstructured":"15. McIntyre D, et al. Rural health systems in Latin America: challenges and solutions. Soc Sci Med. 2006;63(4):1022-34."},{"key":"224566","unstructured":"16. Departamento Nacional de Planeaci\u00f3n (DNP). Definici\u00f3n de categor\u00edas de ruralidad. Direcci\u00f3n de Desarrollo Rural Sostenible \u2013 DDRS; Misi\u00f3n para la Transformaci\u00f3n del Campo. Bogot\u00e1 D.C.: DNP; 2014. Disponible en: https:\/\/colaboracion.dnp.gov.co\/cdt\/estudios%20econmicos\/2015ago6%20documento%20de%20ruralidad%20-%20ddrs-mtc.pdf"},{"key":"224567","doi-asserted-by":"crossref","unstructured":"17. Arrivillaga M, Aristiz\u00e1bal JC, P\u00e9rez M, Estrada VE. Encuesta de acceso a servicios de salud para hogares colombianos. Gac Sanit. 2016;30(6):415-20. doi:10.1016\/j.gaceta.2016.05.008.","DOI":"10.1016\/j.gaceta.2016.05.008"},{"key":"224568","unstructured":"18. Aday LA, Andersen R. A framework for the study of access to medical care. Health Serv Res. 1974;9(3):208-20. PMID: 4436074; PMCID: PMC1071804."},{"key":"224569","unstructured":"19. Frenk J. El concepto y la medici\u00f3n de accesibilidad. Salud P\u00fablica M\u00e9x. 1985;27(5):438-53. PMID: 4081889."},{"key":"224570","doi-asserted-by":"crossref","unstructured":"20. Hosmer DW, Lemeshow S, Sturdivant RX. Applied logistic regression. 3rd ed. Hoboken, NJ: Wiley; 2013.","DOI":"10.1002\/9781118548387"},{"key":"224571","unstructured":"21. Fahrmeir L, Kneib T, Lang S. Statistical modelling and regression structures. In: Regression \u2013 models, methods and applications. 1st ed. Wiesbaden: Springer; 2023. p. 91-2. Disponible en: https:\/\/link.springer.com\/chapter\/10.1007\/978-3-658-47931-2_5"},{"key":"224572","doi-asserted-by":"crossref","unstructured":"22. World Medical Association. World Medical Association Declaration of Helsinki: ethical principles for medical research involving human subjects. JAMA. 2013;310(20):2191-4. doi:10.1001\/jama.2013.281053.","DOI":"10.1001\/jama.2013.281053"},{"key":"224573","unstructured":"23. Women Global Fund; Americas TB Coalition. Call to action for a comprehensive response to tuberculosis in the Americas region [Internet]. Women4GlobalFund; 2024 Mar 28 [citado 2025 ago 21]. Disponible en: https:\/\/women4gf.org\/2024\/03\/28\/women4globalfund-and-the-americas-tb-coalition-call-to-action-for-a-comprehensive-response-to-tuberculosis-in-the-americas-region"},{"key":"224574","unstructured":"24. Organizaci\u00f3n Panamericana de la Salud. Plan de acci\u00f3n regional para poner fin a la tuberculosis 2021\u20132025. Washington, D.C.: OPS; 2021."},{"key":"224575","doi-asserted-by":"crossref","unstructured":"25. Polanco-Pasaje JE, Garc\u00eda-Betancourt J, Pardo-Roa C, Robledo J, Rueda ZV, Ariza-Ria\u00f1o NE, et al. Tuberculosis care cascade for indigenous populations in Colombia: an operational research. PLoS One. 2020;15(10):e0241351. doi:10.1371\/journal.pone.0241351.","DOI":"10.1371\/journal.pone.0241351"},{"key":"224576","doi-asserted-by":"crossref","unstructured":"26. Wagstaff A, Dmytraczenko T, Almeida G, Buisman LR, Eozenou PH, Bredenkamp C, et al. Assessing Latin America\u2019s progress toward achieving universal health coverage. Health Aff (Millwood). 2015;34(10):1704-12. doi:10.1377\/hlthaff.2014.1453.","DOI":"10.1377\/hlthaff.2014.1453"},{"key":"224577","unstructured":"27. CARE Ecuador. Proyecto DOTS comunitario en Ecuador: lecciones aprendidas [Internet]. Quito: CARE; 2007 [citado 2025 ago 25]. Disponible en: https:\/\/www.care.org.ec\/wp-content\/uploads\/2014\/04\/DOTS-Comunitario-en-Ecuador-Proyecto-TB-20071.pdf"},{"key":"224578","doi-asserted-by":"crossref","unstructured":"28. Farmer P, L\u00e9andre F, Mukherjee JS, Claude M, Nevil P, Smith-Fawzi MC, et al. Community-based approaches to HIV treatment in resource-poor settings. Lancet. 2001;358(9279):404-9. doi:10.1016\/S0140-6736(01)05550-7. PMID: 11502340.","DOI":"10.1016\/S0140-6736(01)05550-7"},{"key":"224579","unstructured":"29. Cordero RA. Accesibilidad a los servicios de salud en zonas rurales: una mirada a las estrategias comunitarias de autosuficiencia en Pozo del Casta\u00f1o, Santiago del Estero. Trab Soc. 2021;22(37):589-617. Disponible en: https:\/\/www.scielo.org.ar\/scielo.php?script=sci_arttext&pid=S1514-68712021000200589"},{"key":"224580","unstructured":"30. Organizaci\u00f3n Panamericana de la Salud. Informe mundial de tuberculosis 2020 [Internet]. Washington, D.C.: OPS; 2020 [citado 2025 may 24]. Disponible en: https:\/\/www.paho.org\/es\/documentos\/informe-mundial-tuberculosis-2020-oms"},{"key":"224581","doi-asserted-by":"crossref","unstructured":"31. Ryuk DK, Pelissari DM, Alves K, Oliveira PB, Castro MC, Cohen T, et al. Predictors of unsuccessful tuberculosis treatment outcomes in Brazil: an analysis of 259,484 patient records. BMC Infect Dis. 2024;24:531. doi:10.1186\/s12879-024-09417-7.","DOI":"10.1186\/s12879-024-09417-7"},{"key":"224582","unstructured":"32. Ministerio de Salud del Per\u00fa. Evaluaci\u00f3n del desempe\u00f1o del Programa Nacional de Control de la Tuberculosis en regiones altoandinas [Internet]. Lima: MINSA; 2019 [citado 2025 ago 25]. Disponible en: https:\/\/www.minsa.gob.pe\/presupuestales\/doc2021\/ANEXO2_3.pdf"},{"key":"224583","unstructured":"33. Ministerio de Salud de Bolivia. Plan de monitoreo y evaluaci\u00f3n del Programa Nacional de Control de la Tuberculosis [Internet]. La Paz: Ministerio de Salud de Bolivia; 2014 [citado 2025 ago 25]. Disponible en: https:\/\/www.minsalud.gob.bo\/images\/Libros\/Tuberculosis\/Plan_de_ME_TB.pdf"},{"key":"224584","doi-asserted-by":"crossref","unstructured":"34. Satav A, et al. Systematic review of barriers to and enablers of tuberculosis diagnosis and notification in low- and lower-middle-income countries. J Glob Health. 2025;15:04303. doi:10.7189\/jogh.15.04303.","DOI":"10.7189\/jogh.15.04303"},{"key":"224585","doi-asserted-by":"crossref","unstructured":"35. Cuesta A, Mitnik OA, Scholl L, Vidal C, Y\u00e1\u00f1ez-Pagans P. What works to improve lives? What works for transport, water and sanitation, and urban development [Internet]. Washington, DC: Inter-American Development Bank; 2023 [citado 2025 ago 25]. Disponible en: https:\/\/publications.iadb.org\/publications\/english\/document\/WhatWorkstoImproveLivesWhatWorksforTransportWaterandSanitationandUrbanDevelopment.pdf","DOI":"10.18235\/0005481"},{"key":"224586","doi-asserted-by":"crossref","unstructured":"36. Althubaiti A. Information bias in health research: definition, pitfalls, and adjustment methods. J Multidiscip Healthc. 2016;9:211-7. doi:10.2147\/JMDH.S104807. PMID: 27217764; PMCID: PMC4862344.","DOI":"10.2147\/JMDH.S104807"},{"key":"224587","doi-asserted-by":"crossref","unstructured":"37. Grimes DA, Schulz KF. Descriptive studies: what they can and cannot do. Lancet. 2002;359(9301):145-9. doi:10.1016\/S0140-6736(02)07373-7. PMID: 11809274.","DOI":"10.1016\/S0140-6736(02)07373-7"}],"container-title":["Revista Nova publicaci\u00f3n cient\u00edfica en ciencias biom\u00e9dicas"],"link":[{"URL":"https:\/\/hemeroteca.unad.edu.co\/index.php\/nova\/article\/download\/10946\/9027","content-type":"application\/pdf","content-version":"vor","intended-application":"text-mining"},{"URL":"https:\/\/hemeroteca.unad.edu.co\/index.php\/nova\/article\/download\/10946\/9027","content-type":"unspecified","content-version":"vor","intended-application":"similarity-checking"}],"deposited":{"date-parts":[[2026,6,10]],"date-time":"2026-06-10T23:57:31Z","timestamp":1781135851000},"score":0.0,"resource":{"primary":{"URL":"https:\/\/hemeroteca.unad.edu.co\/index.php\/nova\/article\/view\/10946"}},"issued":{"date-parts":[[2026,6,5]]},"references-count":37,"journal-issue":{"issue":"47","published-online":{"date-parts":[[2026,6,5]]}},"URL":"https:\/\/doi.org\/10.22490\/24629448.10946","ISSN":["2462-9448","1794-2470"],"issn-type":[{"value":"2462-9448","type":"electronic"},{"value":"1794-2470","type":"print"}],"published":{"date-parts":[[2026,6,5]]}},{"indexed":{"date-parts":[[2026,5,29]],"date-time":"2026-05-29T19:33:24Z","timestamp":1780083204040,"version":"3.54.0"},"reference-count":0,"publisher":"Universidad Nacional Abierta y a Distancia","issue":"1","license":[{"start":{"date-parts":[[2022,12,18]],"date-time":"2022-12-18T00:00:00Z","timestamp":1671321600000},"content-version":"unspecified","delay-in-days":0,"URL":"http:\/\/creativecommons.org\/licenses\/by-nc-sa\/4.0"}],"content-domain":{"domain":[],"crossmark-restriction":false},"short-container-title":["rev.investig.agrar.ambient."],"abstract":"<jats:p>Contextualizaci\u00f3n: el \u00e1caro rojo de las aves de corral (Dermanyssus gallinae) es un ectop\u00e1rasito que afecta la salud de las gallinas ponedoras, genera estr\u00e9s en la poblaci\u00f3n, disminuye la tasa de crecimiento y por ende baja la calidad de los huevos. Vac\u00edo de conocimiento: el control de D. gallinae se hace a trav\u00e9s de acaricidas qu\u00edmicos hacia los cuales se han generado resistencia, es necesario nuevas alternativas a base de productos naturales, entre estos los aceites esenciales y espec\u00edficamente el de tomillo (Thymus vulgaris). Prop\u00f3sito: el objetivo de esta investigaci\u00f3n fue evaluar la actividad acaricida del aceite esencial de T. vulgaris contra D. gallinae de aves ponedoras en Tinjac\u00e1 (Boyac\u00e1 - Colombia). Metodolog\u00eda: el aceite esencial de T. vulgaris en concentraciones de 0.05, 0.1, 0.15, 0.20 y 0.25 mg \/ cm2 fue evaluado a trav\u00e9s de bioensayos por contacto bajo condiciones de laboratorio. Resultados y conclusiones: Se obtuvo un 100% de mortalidad de D. gallinae con el aceite esencial de T. vulgaris en concentraciones de 0.05 y 0.25 mg \/ cm2, a los 35 minutos de contacto. La CL50 fue de 0,073 mg \/ cm2 y el TL50 fue de 13 minutos. El uso del aceite esencial de tomillo se puede sugerir como una alternativa para el control del \u00e1caro rojo de las aves en las explotaciones av\u00edcolas.<\/jats:p>","DOI":"10.22490\/21456453.5822","type":"journal-article","created":{"date-parts":[[2023,2,22]],"date-time":"2023-02-22T19:39:26Z","timestamp":1677094766000},"source":"Crossref","is-referenced-by-count":2,"title":["Actividad acaricida in vitro del aceite esencial de tomillo contra el \u00e1caro rojo (Dermanyssus gallinae)"],"prefix":"10.22490","volume":"14","author":[{"given":"Yuli Alexandra","family":"Deaquiz Oyola","sequence":"first","affiliation":[],"role":[{"vocabulary":"crossref","role":"author"}]},{"given":"Eneida","family":"Torres cabra","sequence":"additional","affiliation":[],"role":[{"vocabulary":"crossref","role":"author"}]},{"given":"Carlos Leonardo","family":"Espinosa Suarez","sequence":"additional","affiliation":[],"role":[{"vocabulary":"crossref","role":"author"}]}],"member":"9784","published-online":{"date-parts":[[2022,12,18]]},"container-title":["Revista de Investigaci\u00f3n Agraria y Ambiental"],"link":[{"URL":"https:\/\/hemeroteca.unad.edu.co\/index.php\/riaa\/article\/download\/5822\/5958","content-type":"application\/pdf","content-version":"vor","intended-application":"text-mining"},{"URL":"https:\/\/hemeroteca.unad.edu.co\/index.php\/riaa\/article\/download\/5822\/5958","content-type":"unspecified","content-version":"vor","intended-application":"similarity-checking"}],"deposited":{"date-parts":[[2023,2,22]],"date-time":"2023-02-22T19:39:30Z","timestamp":1677094770000},"score":0.0,"resource":{"primary":{"URL":"https:\/\/hemeroteca.unad.edu.co\/index.php\/riaa\/article\/view\/5822"}},"issued":{"date-parts":[[2022,12,18]]},"references-count":0,"journal-issue":{"issue":"1","published-online":{"date-parts":[[2022,12,17]]}},"URL":"https:\/\/doi.org\/10.22490\/21456453.5822","ISSN":["2145-6453","2145-6097"],"issn-type":[{"value":"2145-6453","type":"electronic"},{"value":"2145-6097","type":"print"}],"published":{"date-parts":[[2022,12,18]]}},{"indexed":{"date-parts":[[2026,3,13]],"date-time":"2026-03-13T14:03:46Z","timestamp":1773410626885,"version":"3.50.1"},"reference-count":0,"publisher":"Universidad Nacional Abierta y a Distancia","issue":"14","license":[{"start":{"date-parts":[[2010,12,15]],"date-time":"2010-12-15T00:00:00Z","timestamp":1292371200000},"content-version":"unspecified","delay-in-days":0,"URL":"http:\/\/creativecommons.org\/licenses\/by\/4.0"}],"content-domain":{"domain":[],"crossmark-restriction":false},"short-container-title":["nova"],"abstract":"<jats:p>El Manejo Integrado de Plagas es un plan fundamental en la agricultura de conservaci\u00f3n que armoniza los m\u00e9todos qu\u00edmicos y biol\u00f3gicos af\u00edn de proteger los ecosistemas agr\u00edcolas y sus recursos naturales (agua, suelo, aire). El orden Cole\u00f3ptera es uno de los problemas entomol\u00f3gicos m\u00e1s importante en los cultivos comerciales causando p\u00e9rdidas de hasta 15%. Se utilizan estrategias de control de insectos tales como t\u00e9cnicas culturales, enemigos naturales, entomopat\u00f3genos y agentes qu\u00edmicos. Bacillus thuringiensis (Bt) es una bacteria entomopat\u00f3gena ampliamente utilizada en el control de insectosplaga de los ordenes Lepid\u00f3ptera, Cole\u00f3ptera y D\u00edptera. El factor de virulencia de Bt m\u00e1s importante son las prote\u00ednas Cry. Varias prote\u00ednas Cry tienen actividad letal contra los insectos cole\u00f3pteros como Cry1B, Cry1I, Cry3, Cry7, Cry8, Cry9, Cry14, Cry22, Cry23, Cry34, Cry35, Cry36, Cry37, Cry43 y Cry55. Se ha encontrado que cepas de Bt tipo israelensis son activas contra cole\u00f3pteros. En esta revisi\u00f3n nosotros presentamos los principales \u00edtems relacionados con la actividad biol\u00f3gica de Bt sobre cole\u00f3pteros-plaga.<\/jats:p>","DOI":"10.22490\/24629448.449","type":"journal-article","created":{"date-parts":[[2017,5,2]],"date-time":"2017-05-02T20:55:07Z","timestamp":1493758507000},"page":"183-194","source":"Crossref","is-referenced-by-count":3,"title":["Prote\u00ednas Cry de Bacillus thuringiensis y su interacci\u00f3n con cole\u00f3pteros"],"prefix":"10.22490","volume":"8","author":[{"given":"Silvio Alejandro","family":"L\u00f3pez Pazos","sequence":"first","affiliation":[],"role":[{"role":"author","vocabulary":"crossref"}]},{"given":"Jairo","family":"Cer\u00f3n","sequence":"additional","affiliation":[],"role":[{"role":"author","vocabulary":"crossref"}]}],"member":"9784","published-online":{"date-parts":[[2010,12,15]]},"container-title":["Nova"],"link":[{"URL":"https:\/\/hemeroteca.unad.edu.co\/index.php\/nova\/article\/download\/449\/1100","content-type":"application\/pdf","content-version":"vor","intended-application":"text-mining"},{"URL":"https:\/\/hemeroteca.unad.edu.co\/index.php\/nova\/article\/download\/449\/1100","content-type":"unspecified","content-version":"vor","intended-application":"similarity-checking"}],"deposited":{"date-parts":[[2023,12,10]],"date-time":"2023-12-10T19:59:50Z","timestamp":1702238390000},"score":0.0,"resource":{"primary":{"URL":"https:\/\/hemeroteca.unad.edu.co\/index.php\/nova\/article\/view\/449"}},"issued":{"date-parts":[[2010,12,15]]},"references-count":0,"journal-issue":{"issue":"14","published-online":{"date-parts":[[2010,12,15]]}},"URL":"https:\/\/doi.org\/10.22490\/24629448.449","ISSN":["2462-9448","1794-2470"],"issn-type":[{"value":"2462-9448","type":"electronic"},{"value":"1794-2470","type":"print"}],"published":{"date-parts":[[2010,12,15]]}},{"indexed":{"date-parts":[[2026,3,26]],"date-time":"2026-03-26T09:34:42Z","timestamp":1774517682953,"version":"3.50.1"},"reference-count":0,"publisher":"Universidad Nacional Abierta y a Distancia","isbn-type":[{"value":"9789586517713","type":"print"}],"content-domain":{"domain":[],"crossmark-restriction":false},"DOI":"10.22490\/9789586517713.04","type":"book-chapter","created":{"date-parts":[[2022,6,6]],"date-time":"2022-06-06T16:47:27Z","timestamp":1654534047000},"page":"77-95","source":"Crossref","is-referenced-by-count":2,"title":["Los estudios de seguridad or\u00edgenes, evoluci\u00f3n, herramientas y debates en curso"],"prefix":"10.22490","author":[{"given":"Juan Pablo","family":"Soriano Gatica","sequence":"first","affiliation":[],"role":[{"role":"author","vocabulary":"crossref"}]}],"member":"9784","published-online":{"date-parts":[[2021,8,1]]},"container-title":["Ciencia Pol\u00edtica y Relaciones Internacionales: un mundo en cambio acelerado, una disciplina para entender y actuar"],"deposited":{"date-parts":[[2022,6,6]],"date-time":"2022-06-06T16:47:35Z","timestamp":1654534055000},"score":0.0,"resource":{"primary":{"URL":"https:\/\/libros.unad.edu.co\/index.php\/selloeditorial\/catalog\/view\/7\/6\/123"}},"issued":{"date-parts":[[2021,8,1]]},"ISBN":["9789586517713"],"references-count":0,"URL":"https:\/\/doi.org\/10.22490\/9789586517713.04","published":{"date-parts":[[2021,8,1]]}},{"indexed":{"date-parts":[[2026,5,28]],"date-time":"2026-05-28T01:33:07Z","timestamp":1779931987586,"version":"3.53.1"},"reference-count":0,"publisher":"Universidad Nacional Abierta y a Distancia","issue":"1","license":[{"start":{"date-parts":[[2023,1,18]],"date-time":"2023-01-18T00:00:00Z","timestamp":1674000000000},"content-version":"unspecified","delay-in-days":0,"URL":"https:\/\/creativecommons.org\/licenses\/by-nc-nd\/4.0"}],"content-domain":{"domain":[],"crossmark-restriction":false},"short-container-title":["Publ. investig."],"abstract":"<jats:p>ECLAC-UNESCO report related to education in times of the COVID-19 pandemic alerts the international community about the increase in gaps in access to education, equity and quality. The research objective of this study was to describe the perception of public educational institutions from preschool to higher education in Colombia on the preparation to carry out remote academic activities. A descriptive study was used applying surveys to a sample of 265 participants. Statistical software (SPSS) was used for tabulation. Main results allowed to determine that 64.2% of participants spend more time responding to remote activities commitments with respect to the time spent in face-to-face activities, 27.2%, the time has been the same and 8.7%, the time spent has been less. It is concluded that there is no adequate preparation to carry out remote academic activities since an attempt has been made to transfer face-to-face academic activities to a learning environment completely mediated by ICT.<\/jats:p>","DOI":"10.22490\/25394088.6563","type":"journal-article","created":{"date-parts":[[2024,2,19]],"date-time":"2024-02-19T17:29:41Z","timestamp":1708363781000},"source":"Crossref","is-referenced-by-count":1,"title":["An\u00e1lisis de percepci\u00f3n de apropiaci\u00f3n de las TIC en instituciones educativas colombianas durante la pandemia por covid-19","Perception analysis of ICT appropriation in colombian educational institutions during the covid-19 pandemic"],"prefix":"10.22490","volume":"17","author":[{"given":"Iv\u00e1n Javier","family":"Monterrosa Castro","sequence":"first","affiliation":[],"role":[{"vocabulary":"crossref","role":"author"}]},{"given":"M\u00f3nica Esther","family":"Ospino Pinedo","sequence":"additional","affiliation":[],"role":[{"vocabulary":"crossref","role":"author"}]},{"given":"Gabriel El\u00edas","family":"Chanch\u00ed Golondrino","sequence":"additional","affiliation":[],"role":[{"vocabulary":"crossref","role":"author"}]}],"member":"9784","published-online":{"date-parts":[[2023,1,18]]},"container-title":["Publicaciones e Investigaci\u00f3n"],"link":[{"URL":"https:\/\/hemeroteca.unad.edu.co\/index.php\/publicaciones-e-investigacion\/article\/download\/6563\/6038","content-type":"application\/pdf","content-version":"vor","intended-application":"text-mining"},{"URL":"https:\/\/hemeroteca.unad.edu.co\/index.php\/publicaciones-e-investigacion\/article\/download\/6563\/6038","content-type":"unspecified","content-version":"vor","intended-application":"similarity-checking"}],"deposited":{"date-parts":[[2024,2,19]],"date-time":"2024-02-19T17:29:41Z","timestamp":1708363781000},"score":0.0,"resource":{"primary":{"URL":"https:\/\/hemeroteca.unad.edu.co\/index.php\/publicaciones-e-investigacion\/article\/view\/6563"}},"issued":{"date-parts":[[2023,1,18]]},"references-count":0,"journal-issue":{"issue":"1","published-online":{"date-parts":[[2023,2,18]]}},"URL":"https:\/\/doi.org\/10.22490\/25394088.6563","ISSN":["2539-4088","1900-6608"],"issn-type":[{"value":"2539-4088","type":"electronic"},{"value":"1900-6608","type":"print"}],"published":{"date-parts":[[2023,1,18]]}},{"indexed":{"date-parts":[[2026,6,10]],"date-time":"2026-06-10T22:57:59Z","timestamp":1781132279491,"version":"3.54.1"},"reference-count":0,"publisher":"Universidad Nacional Abierta y a Distancia","issue":"30","license":[{"start":{"date-parts":[[2018,9,18]],"date-time":"2018-09-18T00:00:00Z","timestamp":1537228800000},"content-version":"unspecified","delay-in-days":0,"URL":"http:\/\/creativecommons.org\/licenses\/by-nc-sa\/4.0"}],"content-domain":{"domain":[],"crossmark-restriction":false},"short-container-title":["NOVA"],"abstract":"<jats:p>Introducci\u00f3n. La malaria contin\u00faa siendo una de las enfermedades que causa mayor morbimortalidada nivel mundial. Por esta raz\u00f3n es importante desarrollar herramientas diagn\u00f3sticas eficaces que se implementen como estrategias para el control de la enfermedad. Objetivos. Estandarizar las condiciones del inmunoensayo enzim\u00e1tico (ELISA), para la detecci\u00f3n de IgG espec\u00edfica contra Plasmodium falciparum en sueros de pacientes diagnosticados por gota gruesa con malaria no complicada por P. falciparum, empleando como ant\u00edgeno un extracto proteico obtenido a partir de cultivo de P. falciparum o un p\u00e9ptido sint\u00e9tico derivado de la prote\u00edna de superficie de merozoito GLURP (del ingl\u00e9s: glutamate rich protein). Materiales y m\u00e9todos. Para la estandarizaci\u00f3n de la t\u00e9cnica, se utilizaron 22 sueros de pacientes positivos para malaria por P. falciparum y 11 diagnosticados positivos para malaria por P. vivax utilizando la t\u00e9cnica de gota gruesa. Como controles negativos se utilizaron 44 sueros de individuos sanos. Los sueros fueronprobados contra extracto de prote\u00ednas del par\u00e1sito y el p\u00e9ptido sint\u00e9tico IMT 94 derivado de la prote\u00edna GLURP, para evaluar las concentraciones y las diluciones \u00f3ptimas de cada componente del sistema. Para la validaci\u00f3n de la t\u00e9cnica se utilizaron 251 sueros de pacientes positivos para P. falciparum y 44 sueros de individuos sanos, diagnosticados utilizando la t\u00e9cnica de gota gruesa. Resultados. La t\u00e9cnica estandarizada con el p\u00e9ptido sint\u00e9tico permiti\u00f3 observar diferencia significativa en el reconocimiento de sueros de pacientes, controles positivos y negativos por los ant\u00edgenos (extracto de prote\u00ednas y p\u00e9ptidos sint\u00e9ticos). Conclusiones. La metodolog\u00eda usada permite identificar la respuestas inmune espec\u00edfica contra P. falciparum.<\/jats:p>","DOI":"10.22490\/24629448.2831","type":"journal-article","created":{"date-parts":[[2018,11,22]],"date-time":"2018-11-22T16:34:28Z","timestamp":1542904468000},"page":"11-19","source":"Crossref","is-referenced-by-count":0,"title":["Evaluaci\u00f3n y uso de un p\u00e9ptido sint\u00e9tico para la detecci\u00f3n de anticuerpos espec\u00edficos contra Plasmodium falciparum"],"prefix":"10.22490","volume":"16","author":[{"given":"Sandra M","family":"Barrera","sequence":"first","affiliation":[],"role":[{"vocabulary":"crossref","role":"author"}]},{"given":"Adriana Cepeda","family":"Adriana Cepeda","sequence":"additional","affiliation":[],"role":[{"vocabulary":"crossref","role":"author"}]},{"given":"Hernando","family":"Curtidor","sequence":"additional","affiliation":[],"role":[{"vocabulary":"crossref","role":"author"}]},{"given":"Yolanda","family":"Silva","sequence":"additional","affiliation":[],"role":[{"vocabulary":"crossref","role":"author"}]}],"member":"9784","published-online":{"date-parts":[[2018,9,18]]},"container-title":["Revista Nova publicaci\u00f3n cient\u00edfica en ciencias biom\u00e9dicas"],"link":[{"URL":"https:\/\/hemeroteca.unad.edu.co\/index.php\/nova\/article\/download\/2831\/2890","content-type":"application\/pdf","content-version":"vor","intended-application":"text-mining"},{"URL":"https:\/\/hemeroteca.unad.edu.co\/index.php\/nova\/article\/download\/2831\/2890","content-type":"unspecified","content-version":"vor","intended-application":"similarity-checking"}],"deposited":{"date-parts":[[2026,6,10]],"date-time":"2026-06-10T22:16:41Z","timestamp":1781129801000},"score":0.0,"resource":{"primary":{"URL":"https:\/\/hemeroteca.unad.edu.co\/index.php\/nova\/article\/view\/2831"}},"issued":{"date-parts":[[2018,9,18]]},"references-count":0,"journal-issue":{"issue":"30","published-online":{"date-parts":[[2018,7,18]]}},"URL":"https:\/\/doi.org\/10.22490\/24629448.2831","ISSN":["2462-9448","1794-2470"],"issn-type":[{"value":"2462-9448","type":"electronic"},{"value":"1794-2470","type":"print"}],"published":{"date-parts":[[2018,9,18]]}},{"indexed":{"date-parts":[[2026,6,16]],"date-time":"2026-06-16T21:56:01Z","timestamp":1781646961446,"version":"3.54.5"},"reference-count":0,"publisher":"Sello Editorial UNAD","isbn-type":[{"value":"9786287786776","type":"electronic"}],"license":[{"start":{"date-parts":[[2025,1,1]],"date-time":"2025-01-01T00:00:00Z","timestamp":1735689600000},"content-version":"vor","delay-in-days":0,"URL":"https:\/\/creativecommons.org\/licenses\/by-nc-nd\/4.0\/"}],"content-domain":{"domain":[],"crossmark-restriction":false},"published-print":{"date-parts":[[2025]]},"abstract":"<jats:p\/>","DOI":"10.22490\/unad.9786287786776.13","type":"book-chapter","created":{"date-parts":[[2025,11,13]],"date-time":"2025-11-13T19:25:06Z","timestamp":1763061906000},"page":"217-233","source":"Crossref","is-referenced-by-count":0,"title":["Cap\u00edtulo 13 | Sistemas de informaci\u00f3n en las pymes del sector metalmec\u00e1nico provincia Centro (Tunja): provincia Sugamuxi (Sogamoso) y provincia Tundama (Duitama)"],"prefix":"10.22490","author":[{"given":"Karen Day\u00e1n","family":"Jurado Fonseca","sequence":"additional","affiliation":[],"role":[{"vocabulary":"crossref","role":"author"}]}],"member":"9784","container-title":["Oportunidades y retos de competitividad en el sector metalmec\u00e1nico, autopartista y carrocero de Boyac\u00e1"],"deposited":{"date-parts":[[2026,6,16]],"date-time":"2026-06-16T21:20:06Z","timestamp":1781644806000},"score":0.0,"resource":{"primary":{"URL":"https:\/\/libros.unad.edu.co\/index.php\/selloeditorial\/catalog\/view\/318\/356\/7529"}},"issued":{"date-parts":[[2025]]},"ISBN":["9786287786776"],"references-count":0,"URL":"https:\/\/doi.org\/10.22490\/unad.9786287786776.13","published":{"date-parts":[[2025]]}},{"indexed":{"date-parts":[[2026,8,7]],"date-time":"2026-08-07T14:37:29Z","timestamp":1786113449684,"version":"build-2736575974"},"reference-count":0,"publisher":"Universidad Nacional Abierta y a Distancia","issue":"9","content-domain":{"domain":[],"crossmark-restriction":false},"short-container-title":["Back"],"abstract":"<jats:p>El proyecto propone un espacio de discusi\u00f3n sobre el lugar que ocupamoscomo ciudadanos frente al Estado, cuando hechos violentos como el de los\u201cfalsos positivos\u201d ocurren y se normalizan sin que, a mi parecer, se tenga conciencia de lo prescindibles que podemos llegar a ser frente a pol\u00edticas, que, bajo el discurso de bienestar colectivo, seguridad ciudadana y protecci\u00f3n a la democracia, estimulan el asesinato de inocentes usando su propio ej\u00e9rcito.<\/jats:p>","DOI":"10.22490\/unad.backprojection.8889","type":"journal-article","created":{"date-parts":[[2024,12,16]],"date-time":"2024-12-16T18:51:19Z","timestamp":1734375079000},"page":"123-125","source":"Crossref","is-referenced-by-count":0,"title":["Vidas prescindibles"],"prefix":"10.22490","author":[{"given":"Beyer Ortiz","family":"Beyer Ortiz","sequence":"first","affiliation":[],"role":[{"vocabulary":"crossref","role":"author"}]}],"member":"9784","published-online":{"date-parts":[[2024,11,28]]},"container-title":["Back Projection"],"link":[{"URL":"https:\/\/hemeroteca.unad.edu.co\/index.php\/back_projection\/article\/download\/8889\/7482","content-type":"application\/pdf","content-version":"vor","intended-application":"text-mining"},{"URL":"https:\/\/hemeroteca.unad.edu.co\/index.php\/back_projection\/article\/download\/8889\/7482","content-type":"unspecified","content-version":"vor","intended-application":"similarity-checking"}],"deposited":{"date-parts":[[2026,8,5]],"date-time":"2026-08-05T19:32:32Z","timestamp":1785958352000},"score":0.0,"resource":{"primary":{"URL":"https:\/\/hemeroteca.unad.edu.co\/index.php\/back_projection\/article\/view\/8889"}},"issued":{"date-parts":[[2024,11,28]]},"references-count":0,"journal-issue":{"issue":"9","published-online":{"date-parts":[[2024,11,28]]}},"URL":"https:\/\/doi.org\/10.22490\/unad.backprojection.8889","ISSN":["2665-4539"],"issn-type":[{"value":"2665-4539","type":"electronic"}],"published":{"date-parts":[[2024,11,28]]}},{"indexed":{"date-parts":[[2026,8,20]],"date-time":"2026-08-20T15:40:36Z","timestamp":1787240436238,"version":"build-2736575974"},"reference-count":0,"publisher":"Universidad Nacional Abierta y a Distancia","issue":"17","license":[{"start":{"date-parts":[[2012,6,15]],"date-time":"2012-06-15T00:00:00Z","timestamp":1339718400000},"content-version":"unspecified","delay-in-days":0,"URL":"http:\/\/creativecommons.org\/licenses\/by\/4.0"}],"content-domain":{"domain":[],"crossmark-restriction":false},"short-container-title":["nova"],"abstract":"<jats:p>El desarrollo de estrategias diferentes al uso de agroqu\u00edmicos en la agricultura ha abierto nuevas posibilidades a la investigaci\u00f3n con microorganismos como alternativa en control biol\u00f3gico debido a sus capacidades bioqu\u00edmicas y la facilidad de su manejo para la protecci\u00f3n de cultivos. El objetivo del presente estudio fu\u00e9 establecer el efecto biocontrolador de Bacillus spp., frente a Fusarium sp., bajo condiciones de invernadero en tomillo. La metodolog\u00eda incluy\u00f3 el aislamiento del posible pat\u00f3geno que estaba causando marchitez vascular y p\u00e9rdidas en la producci\u00f3n, su identificaci\u00f3n por claves taxon\u00f3micas, pruebas de antagonismo directo en placa en donde se evalu\u00f3 el radio de crecimiento de la colonia, porcentaje de inhibici\u00f3n y tasa de crecimiento, ensayos bajo condiciones de invernadero en plantas de tomillo con evaluaciones cada 5 d\u00edas durante 1 mes por escala de severidad. Finalmente, se confirm\u00f3 la presencia del pat\u00f3geno en un segundo aislamiento para confirmar los postulados de Koch. Los resultados mostraron que el causante de la enfermedad era el hongo Fusarium pseudonygamai y en las pruebas de antagonismo que el tratamiento con Bacillus UCMC (B2) resulto tener el mejor efecto biocontrolador in vitro y bajo condiciones de invernadero contra Fusarium sp., por presentar mayores porcentajes de inhibici\u00f3n, ra\u00edces m\u00e1s largas, mayor peso seco y disminuci\u00f3n o ausencia de s\u00edntomas de la enfermedad. Se concluy\u00f3 que de los microorganismos en estudio, Bacillus UCMC (B2) tuvo el mejor potencial biocontrolador bajo condiciones de invernadero contra Fusarium sp., en plantas de tomillo.<\/jats:p>","DOI":"10.22490\/24629448.518","type":"journal-article","created":{"date-parts":[[2017,5,2]],"date-time":"2017-05-02T16:28:44Z","timestamp":1493742524000},"page":"64-82","source":"Crossref","is-referenced-by-count":5,"title":["Efecto Biocontrolador de 'Bacillus' spp., Frente a 'Fusarium' sp., Bajo Condiciones de Invernadero en Plantas de Tomillo ('Thymus Vulgaris l'.)"],"prefix":"10.22490","volume":"10","author":[{"given":"Luc\u00eda Constanza","family":"Corrales Ram\u00edrez MSC","sequence":"first","affiliation":[],"role":[{"vocabulary":"crossref","role":"author"}]},{"given":"Ligia Consuelo","family":"S\u00e1nchez Leal MSC","sequence":"additional","affiliation":[],"role":[{"vocabulary":"crossref","role":"author"}]},{"given":"Jairo Leonardo","family":"Cuervo Andrade PhD","sequence":"additional","affiliation":[],"role":[{"vocabulary":"crossref","role":"author"}]},{"given":"Julie Alexandra","family":"Joya","sequence":"additional","affiliation":[],"role":[{"vocabulary":"crossref","role":"author"}]},{"given":"Katherine","family":"M\u00e1rquez","sequence":"additional","affiliation":[],"role":[{"vocabulary":"crossref","role":"author"}]}],"member":"9784","published-online":{"date-parts":[[2012,6,15]]},"container-title":["Nova"],"link":[{"URL":"https:\/\/hemeroteca.unad.edu.co\/index.php\/nova\/article\/download\/518\/998","content-type":"application\/pdf","content-version":"vor","intended-application":"text-mining"},{"URL":"https:\/\/hemeroteca.unad.edu.co\/index.php\/nova\/article\/download\/518\/998","content-type":"unspecified","content-version":"vor","intended-application":"similarity-checking"}],"deposited":{"date-parts":[[2023,12,10]],"date-time":"2023-12-10T15:01:37Z","timestamp":1702220497000},"score":0.0,"resource":{"primary":{"URL":"https:\/\/hemeroteca.unad.edu.co\/index.php\/nova\/article\/view\/518"}},"issued":{"date-parts":[[2012,6,15]]},"references-count":0,"journal-issue":{"issue":"17","published-online":{"date-parts":[[2012,6,15]]}},"URL":"https:\/\/doi.org\/10.22490\/24629448.518","ISSN":["2462-9448","1794-2470"],"issn-type":[{"value":"2462-9448","type":"electronic"},{"value":"1794-2470","type":"print"}],"published":{"date-parts":[[2012,6,15]]}},{"indexed":{"date-parts":[[2026,8,21]],"date-time":"2026-08-21T15:35:18Z","timestamp":1787326518525,"version":"build-2736575974"},"reference-count":6,"publisher":"Universidad Nacional Abierta y a Distancia","issue":"2","content-domain":{"domain":[],"crossmark-restriction":false},"short-container-title":["Biocienc. (UNAD)"],"abstract":"<jats:p>El microbioma humano es la representaci\u00f3n de los microorganismos presentes en el cuerpo humano que estable-cen interacciones con el medio en el cual se encuentran. Son importantes para el correcto funcionamiento de algunos \u00f3rganos, aunque de igual manera puede llegar a generar la patogenia de algunas enfermedades, hay demasiados microorganismos en el cuerpo humano desde los primeros a\u00f1os de vida y estos var\u00edan en la edad adulta. Se estima que por cada c\u00e9lula del cuerpo se tienen diez microorganismos esenciales para estar sanos, habiendo m\u00e1s de diez mil especies diferentes de microorganismos habitando en el cuerpo humano.<\/jats:p>","DOI":"10.22490\/26194759.2235","type":"journal-article","created":{"date-parts":[[2026,8,21]],"date-time":"2026-08-21T14:32:27Z","timestamp":1787322747000},"source":"Crossref","is-referenced-by-count":0,"title":["La interaccion del microbioma humano y su sistema gastrointestinal"],"prefix":"10.22490","volume":"1","author":[{"given":"Dirley","family":"Urrea","sequence":"first","affiliation":[],"role":[{"vocabulary":"crossref","role":"author"}]},{"given":"Katy","family":"Zambrano","sequence":"additional","affiliation":[],"role":[{"vocabulary":"crossref","role":"author"}]},{"given":"Alejandra","family":"Vargas","sequence":"additional","affiliation":[],"role":[{"vocabulary":"crossref","role":"author"}]},{"given":"Susana","family":"Moreno","sequence":"additional","affiliation":[],"role":[{"vocabulary":"crossref","role":"author"}]},{"given":"Jennifer V","family":"Sierra G","sequence":"additional","affiliation":[],"role":[{"vocabulary":"crossref","role":"author"}]}],"member":"9784","published-online":{"date-parts":[[2018,3,13]]},"reference":[{"key":"41979","doi-asserted-by":"crossref","unstructured":"Comparaci\u00f3n del cultivo celular de HeLa y HEp-2: perspectivas de estudios con Chlamydia tra-chomatis, Nova publicaci\u00f3n Cient\u00edfica en Ciencias Biom\u00e9dicas, p\u00e1gina 19-31, ISNN 17942470, Indi-zada en Publindex A2, Scielo, REDALYC. 2012, PU-BLICACI\u00d3N 2015","DOI":"10.22490\/24629448.1371"},{"key":"41980","doi-asserted-by":"crossref","unstructured":"The Annona muricata leaf ethanol extract affects mobility and reproduction in mutant strain NB327 Caenorhabditis elegans. Revista: Biochemistry and Biophysics Reports. Volume 10, July 2017, Pages 282-286. Indexada y homologada en Colciencias. Base Scopus. Autores: A.V. Gualteros Bustos; M. G\u00f3mez Jim\u00e9nez; R.M. S\u00e1nchez Mora","DOI":"10.1016\/j.bbrep.2017.04.016"},{"key":"41981","unstructured":"Effect of Annona muricata on the phenotype of a mutant strain of Caenorhabditis elegans. Publicaci\u00f3n: Biotechnology Summit 2016. Paginas 26-30 ISBN: 978-607-9023-41-6"},{"key":"41982","doi-asserted-by":"crossref","unstructured":"Importancia de la microbiota gastrointestinal en pediatr\u00eda, Zamudio-V\u00e1zquez VP1, Ram\u00edrez-Mayans JA2, Toro-Monjaraz EM3, CervantesBustamante R4, Z\u00e1rate-Mondrag\u00f3n F3, Montijo-Barrios E3, Cadena- Le\u00f3n JF3, C\u00e1zares-M\u00e9ndez JM3, Acta Pe-diatr Mex. 2017 ene;38(1):49-62.","DOI":"10.18233\/APM1No1pp49-621323"},{"key":"41983","doi-asserted-by":"crossref","unstructured":"Citation: Jenkins TP, Rathnayaka Y, Perera PK, Peachey LE, Nolan MJ, Krause L, et al. (2017) Infections by human gastrointestinal helminths are associated with changes in faecal microbiota diversity and composition.","DOI":"10.1371\/journal.pone.0184719"},{"key":"41984","unstructured":"Intestinal microbiota in digestive diseases Mariado Carmo Friche PASSOS1 and Joaquim Prado MORAES-FILHO2, AG-2017-19."}],"container-title":["Biociencias (UNAD)"],"link":[{"URL":"https:\/\/hemeroteca.unad.edu.co\/index.php\/Biociencias\/article\/download\/2235\/2395","content-type":"application\/pdf","content-version":"vor","intended-application":"text-mining"},{"URL":"https:\/\/hemeroteca.unad.edu.co\/index.php\/Biociencias\/article\/download\/2235\/2395","content-type":"unspecified","content-version":"vor","intended-application":"similarity-checking"}],"deposited":{"date-parts":[[2026,8,21]],"date-time":"2026-08-21T14:32:29Z","timestamp":1787322749000},"score":0.0,"resource":{"primary":{"URL":"https:\/\/hemeroteca.unad.edu.co\/index.php\/Biociencias\/article\/view\/2235"}},"issued":{"date-parts":[[2018,3,13]]},"references-count":6,"journal-issue":{"issue":"2","published-online":{"date-parts":[[2018,3,13]]}},"URL":"https:\/\/doi.org\/10.22490\/26194759.2235","ISSN":["2619-4759"],"issn-type":[{"value":"2619-4759","type":"electronic"}],"published":{"date-parts":[[2018,3,13]]}},{"indexed":{"date-parts":[[2026,8,21]],"date-time":"2026-08-21T15:35:22Z","timestamp":1787326522993,"version":"build-2736575974"},"reference-count":14,"publisher":"Universidad Nacional Abierta y a Distancia","issue":"2","content-domain":{"domain":[],"crossmark-restriction":false},"short-container-title":["Biocienc. (UNAD)"],"abstract":"<jats:p>La obtenci\u00f3n de conocimientos para dar soluci\u00f3n a la necesidad que una disciplina particular posea, y m\u00e1s enf\u00e1ticamente en el \u00e1rea de la salud, es cada vez m\u00e1s dispendioso debido a la cantidad de literatura que se encuentra en todas las plataformas cient\u00edficas. Por tal motivo recurrir a un metaan\u00e1lisis resulta seruna herramienta importante ya que permite observar el panorama general frente a un t\u00f3pico espec\u00edfico y a partir de ello no repetir investigaciones que ya se hayan realizado previamente para as\u00ed avanzar m\u00e1s r\u00e1pido en el tema de inter\u00e9s gracias a este tipo de metodolog\u00edas.<\/jats:p>","DOI":"10.22490\/26194759.2234","type":"journal-article","created":{"date-parts":[[2026,8,21]],"date-time":"2026-08-21T14:32:30Z","timestamp":1787322750000},"source":"Crossref","is-referenced-by-count":0,"title":["Nota cientifica. Aporte del meta-an\u00e1lisis en el ambito cientifico"],"prefix":"10.22490","volume":"1","author":[{"given":"A","family":"Rodriguez AF","sequence":"first","affiliation":[],"role":[{"vocabulary":"crossref","role":"author"}]},{"given":"B","family":"Chavarro","sequence":"additional","affiliation":[],"role":[{"vocabulary":"crossref","role":"author"}]},{"given":"G","family":"Pinilla","sequence":"additional","affiliation":[],"role":[{"vocabulary":"crossref","role":"author"}]}],"member":"9784","published-online":{"date-parts":[[2018,3,13]]},"reference":[{"key":"41965","unstructured":"Scimago Journal & Country Rank [internet]. 2016 [actualizado 6 nov 2017; citado 7 nov"},{"key":"41966","unstructured":". Disponible en http:\/\/www.scimagojr.com\/countryrank.php?year=2016"},{"key":"41967","unstructured":"Zeballos L\u00f3pez Lourdes. Meta-Analisis. Rev. Act. Clin. Med La Paz [internet]. 2013 [Citado 7 nov 2017]; vol 33. Disponible en http:\/\/www.revistasbolivianas.org.bo\/pdf\/raci\/v33\/v33a09.pdf"},{"key":"41968","unstructured":"Miquel Porta. A dictionary Of Epidemiology. Sexta edicion: editorial IEA; 2001."},{"key":"41969","unstructured":"Luke Wolfenden, Jannah Jones, Christopher M Williams, Meghan Finch. Cochrane Public HealthGroup[internet]. 2016. [Citado 7 nov 2017]; Disponible en http:\/\/onlinelibrary.wiley.com\/doi\/10.1002\/14651858.CD011779.pub2\/full"},{"key":"41970","unstructured":"Pinilla G, Cruz C, Chavarro B. Herramientas Bioinform\u00e1ticas en la web: principios y aplicaciones. Bogota: Editorial Colegio Mayor de Cundinamarca;2014."},{"key":"41971","doi-asserted-by":"crossref","unstructured":"Carlos Barrag\u00e1n, Homero S\u00e1enz, Ra\u00fal Poutou, Henry C\u00f3rdoba, Marcela Mercado, Luis Barrera. Influencia del a-factor sobre la expresion de IDShr en Pichia pastoris: Revision sistematica de literatura y analisis computacional. NOVA [internet].2005. [Citado 7 nov 2017]; 3: 80-93 [Consultado 2017 Nov 7]. Disponible en http:\/\/unicolmayor.edu.co\/publicaciones\/index.php\/nova\/article\/view\/48\/94","DOI":"10.22490\/24629448.339"},{"key":"41972","doi-asserted-by":"crossref","unstructured":"Jeimmy Casta\u00f1eda, Karen G\u00f3mez, Luc\u00eda Corrales, Sebasti\u00e1n Cort\u00e9s. Perfil de resistencia a antibi\u00f3ticos en bacterias que presentan la enzima NDM-1 y sus mecanismos asociados: una revisi\u00f3n sistem\u00e1tica. NOVA [internet]. 2016. 14: 95-111 [Consultado 2017 Nov 7]. Disponible en http:\/\/unicolmayor.edu.co\/publicaciones\/index.php\/nova\/article\/view\/472\/863","DOI":"10.22490\/24629448.1733"},{"key":"41973","doi-asserted-by":"crossref","unstructured":"Martha Zuluaga, Sebastian Robledo, German A Osorio-Zuluaga, Laura Yathe, Diana Gonzalez, Gonzalo Taborda. Metabolomics and pesticides: systematic literature review using graph theory for analysis of references. NOVA [internet]. 2016;14: 121-138 [Consultado 2017 Nov 7]. Disponible en http:\/\/unicolmayor.edu.co\/publicaciones\/index.","DOI":"10.22490\/24629448.1735"},{"key":"41974","unstructured":"php\/nova\/article\/view\/474\/865"},{"key":"41975","doi-asserted-by":"crossref","unstructured":"Pinilla G, Cubillos K, Rodr\u00edguez. Bodas de plata de la reacci\u00f3n en cadena de la polimerasa (PCR). NOVA [Internet]. 2008; 6(9): 65 - 75 [Consultado 2017 Nov 7]. Disponible en: http:\/\/unicolmayor.edu.co\/publicaciones\/index.php\/nova\/article\/view\/107\/212.","DOI":"10.22490\/24629448.397"},{"key":"41976","doi-asserted-by":"crossref","unstructured":"Pinilla G, Bautista A, Cruz C, Chavarro B, Navarrete J, Mu\u00f1oz L, Guti\u00e9rrez J. \u201cDeterminaci\u00f3n de factores de adhesi\u00f3n asociados a la formaci\u00f3n de biopelicula en aislamientos cl\u00ednicos de Staphylococcus aureus y Staphylococcus epidermidis\u201d. NOVA[Internet]. 2017; 15: 1-18.","DOI":"10.22490\/24629448.1959"},{"key":"41977","doi-asserted-by":"crossref","unstructured":"Zamora J, Abraira V, Muriel A, Khan KS, Coomarasamy A. Meta-DiSc: a software for meta-analysis of test accuracy data. BMC Medical Research Methodology[internet]. 2006. [Citado 7 nov 2017]; Disponible en http:\/\/doi.org\/10.1186\/1471-2288-6-31","DOI":"10.1186\/1471-2288-6-31"},{"key":"41978","unstructured":"Scientec [internet]. 2017 [actualizado 6 nov 2017; citado 7 nov 2017]. Disponible en http:\/\/scientec.com.mx\/graphpad-prism\/"}],"container-title":["Biociencias (UNAD)"],"link":[{"URL":"https:\/\/hemeroteca.unad.edu.co\/index.php\/Biociencias\/article\/download\/2234\/2394","content-type":"application\/pdf","content-version":"vor","intended-application":"text-mining"},{"URL":"https:\/\/hemeroteca.unad.edu.co\/index.php\/Biociencias\/article\/download\/2234\/2394","content-type":"unspecified","content-version":"vor","intended-application":"similarity-checking"}],"deposited":{"date-parts":[[2026,8,21]],"date-time":"2026-08-21T14:32:32Z","timestamp":1787322752000},"score":0.0,"resource":{"primary":{"URL":"https:\/\/hemeroteca.unad.edu.co\/index.php\/Biociencias\/article\/view\/2234"}},"issued":{"date-parts":[[2018,3,13]]},"references-count":14,"journal-issue":{"issue":"2","published-online":{"date-parts":[[2018,3,13]]}},"URL":"https:\/\/doi.org\/10.22490\/26194759.2234","ISSN":["2619-4759"],"issn-type":[{"value":"2619-4759","type":"electronic"}],"published":{"date-parts":[[2018,3,13]]}},{"indexed":{"date-parts":[[2026,8,21]],"date-time":"2026-08-21T21:27:10Z","timestamp":1787347630501,"version":"build-2736575974"},"reference-count":21,"publisher":"Universidad Nacional Abierta y a Distancia","issue":"4","license":[{"start":{"date-parts":[[2023,7,26]],"date-time":"2023-07-26T00:00:00Z","timestamp":1690329600000},"content-version":"unspecified","delay-in-days":0,"URL":"https:\/\/creativecommons.org\/licenses\/by-nc-sa\/4.0"}],"content-domain":{"domain":[],"crossmark-restriction":false},"short-container-title":["ES"],"abstract":"<jats:p>En el presente art\u00edculo abordaremos la sistematizaci\u00f3n de la experiencia realizada con el Cabildo Mayor Muisca Oriente respecto a su consolidaci\u00f3n, proceso de recomposici\u00f3n \u00e9tnica, la apropiaci\u00f3n del territorio en el cercado muisca de F\u00f3meque y su influencia sociopol\u00edtica y ambiental, enfocada en sus pedagog\u00edas y tecnolog\u00edas sociales como herramientas para la construcci\u00f3n de cultura de paz. Se ha utilizado un enfoque cualitativo con t\u00e9cnicas etnogr\u00e1ficas y de historia de vida, identific\u00e1ndolo como un proyecto de innovaci\u00f3n social que marca caminos alternativos de organizaci\u00f3n social desde lo territorial y comunitario, con la sabidur\u00eda ancestral nativa y conocimientos propios frente a los modelos occidentales que no han logrado construir una sociedad capaz de superar la historia de violencia y miseria que inici\u00f3 con la colonizaci\u00f3n.<\/jats:p>","DOI":"10.22490\/28057007.7024","type":"journal-article","created":{"date-parts":[[2026,8,21]],"date-time":"2026-08-21T20:53:11Z","timestamp":1787345591000},"page":"60-80","source":"Crossref","is-referenced-by-count":0,"title":["Cabildo mayor muisca oriente"],"prefix":"10.22490","author":[{"given":"Janese","family":"Ipuz Osorio","sequence":"first","affiliation":[],"role":[{"vocabulary":"crossref","role":"author"}]}],"member":"9784","published-online":{"date-parts":[[2023,7,26]]},"reference":[{"key":"247559","unstructured":"Abreu, J. & Cruz, J. (2011). Modelos de innovaci\u00f3n social. En Innovaci\u00f3n Social: Un an\u00e1lisis de conceptos, etapas y modelos. Segunda Sesi\u00f3n de la 5a Edici\u00f3n de la Catedra Agust\u00edn Reyes Ponce y 4to Coloquio de Cuerpos Acad\u00e9micos en Ciencias Econ\u00f3mico - Administrativas CUMEX. 33 - 60. https:\/\/www.researchgate.net\/publication\/298070338_Innovacion_Social_Un_analisis_de_ConceptosEtapas_y_Modelos"},{"key":"247560","unstructured":"Acevedo, A. y B\u00e1ez, A. (2018). La educaci\u00f3n en cultura de paz. Herramienta de construcci\u00f3n de paz en el posconflicto. Revista Reflexi\u00f3n Pol\u00edtica. https:\/\/revistas.unab.edu.co\/index.php\/reflexion\/article\/view\/3455\/2984#citations"},{"key":"247561","doi-asserted-by":"crossref","unstructured":"\u00c1lvarez, I. V., Corredor, O., Coronado, A. M. J., de los R\u00edos Castiblanco, J. C., & D\u00edaz, L. S. (2016). Pedagog\u00eda, educaci\u00f3n y paz en escenarios de posconflicto e inclusi\u00f3n social. Revista Lasallista de investigaci\u00f3n, 13(1), 126-140. https:\/\/www.redalyc.org\/pdf\/695\/69545978012.pdf","DOI":"10.22507\/rli.v13n1a11"},{"key":"247562","unstructured":"Balaguera, I. (2020). Rescate y recuperaci\u00f3n de algunos elementos de la lengua muisca para promover un Desarrollo Alternativo Cultural en la comunidad ind\u00edgena neomuisca de Cota, Cundinamarca. https:\/\/repository.unad.edu.co\/handle\/10596\/35715"},{"key":"247563","unstructured":"Bayona, N & Mu\u00f1os, G. (2009). Estudio de la actividad agr\u00edcola como base para la comprensi\u00f3n de la din\u00e1mica socioecon\u00f3mica de una comunidad rural en F\u00f3meque, Cundinamarca. https:\/\/revistas.unal.edu.co\/index.php\/agrocol\/article\/view\/11209\/37787#:~:text=La%20poblaci%C3%B3n%20de%20F%C3%B3meque%20se,las%20actividades%20agr%C3%ADcolas%20m%C3%A1s%20representativas."},{"key":"247564","unstructured":"Bernal, M.E. (2016). La Innovaci\u00f3n Social en Am\u00e9rica Latina y el Caribe. En Domanski, D., Monge, N., Quitiaquez G., & Rocha, D. (Ed.). Innovaci\u00f3n Social en Latinoam\u00e9rica. Bogot\u00e1: Corporaci\u00f3n Universitaria Minuto de Dios, 95-110. http:\/\/umd.uniminuto.edu\/documents\/1242125\/7107898\/Innovaci%C3%B3nSocial_Latinoamerica.pdf\/18b50ae8-4aa0-be18-a3c22d4762e1?version=1.0"},{"key":"247565","unstructured":"Correa, Fran\u00e7ois. 2019. Los Muyscas y el derecho a sus derechos. Universidad Nacional de Colombia, Bogot\u00e1. 37 p\u00e1ginas. https:\/\/www.academia.edu\/33432823\/Los_Muyscas_y_el_derecho_a_sus_derechos?email_work_card=title"},{"key":"247566","unstructured":"Correal, G. (2002). Capitulo III Evidencias Culturales Pleistoc\u00e9nicas y del Temprano Holoceno en la Cordillera Oriental de Colombia: Periodizaci\u00f3n Tentativa. https:\/\/digitalrepository.unm.edu\/cgi\/viewcontent.cgi?article=1298&context=abya_yala"},{"key":"247567","unstructured":"El Sirir\u00ed, (2018). Cabildo Mayor Muisca amanece en Oriente. http:\/\/periodicoelsiriri.blogspot.com\/2018\/12\/cabildo-mayor-muisca-amanece-en-oriente.html"},{"key":"247568","unstructured":"Espinosa, D. (s.f.). Una educaci\u00f3n sentipensante: hacia una escuela diferente. Grupo Geard Colombia. https:\/\/grupogeard.com\/co\/blog\/concursos-docentes\/educacion-sentipensante-escuela\/"},{"key":"247569","unstructured":"G\u00f3mez, D. (2010). Diccionario muysca - espa\u00f1ol. muysca.cubun.org\/Categor\u00eda:Diccionario."},{"key":"247570","unstructured":"Hern\u00e1ndez, J., Tirado, P. y Ariza, A. (2016). El concepto de innovaci\u00f3n social: \u00e1mbitos, definiciones y alcances te\u00f3ricos. CIRIEC-Espa\u00f1a, Revista de Econom\u00eda P\u00fablica, Social y Cooperativa, 88, 164-199. https:\/\/www.redalyc.org\/pdf\/174\/17449696006.pdf"},{"key":"247571","unstructured":"Holliday, \u00d3. J. (2012). Sistematizaci\u00f3n de experiencias, investigaci\u00f3n y evaluaci\u00f3n: aproximaciones desde tres \u00e1ngulos. F (x)= Educaci\u00f3n Global Research, 1, 56-70. http:\/\/proyectos.javerianacali.edu.co\/cursos_virtuales\/posgrado\/maestria_asesoria_familiar\/Investigacion%20I\/Material\/10_Jara-SistInvEvaluc.pdf"},{"key":"247572","unstructured":"INDEPAZ, (2021). Observatorio de derechos humanos y conflictividades. http:\/\/www.indepaz.org.co\/observatorio-de-derechos-humanos-y-conflictividades\/"},{"key":"247573","unstructured":"Mart\u00ednez-Celorrio, X. (2017). La innovaci\u00f3n social: or\u00edgenes, tendencias y ambivalencias. Sistema. Revista de Ciencias Sociales, 247, 61-88. https:\/\/www.researchgate.net\/publication\/319103913_La_innovacion_social_origenes_tendencias_y_ambivalencias"},{"key":"247574","unstructured":"Mej\u00eda, M. (2009). La sistematizaci\u00f3n como proceso investigativo o la b\u00fasqueda de la episteme de las pr\u00e1cticas. https:\/\/cepalforja.org\/sistem\/sistem_old\/sistematizacion_como_proceso_investigativo.pdf"},{"key":"247575","unstructured":"Rodr\u00edguez Herrera, A., & Alvarado, H. (2008). Cap\u00edtulo II. Criterios para definir una innovaci\u00f3n ejemplar. En Claves de la innovaci\u00f3n social en Am\u00e9rica Latina y el Caribe. CEPAL, 37 - 46. https:\/\/www.cepal.org\/es\/publicaciones\/2536-claves-la-innovacion-social-america-latina-caribe"},{"key":"247576","unstructured":"Sousa, J. (2008). Desobediencia epist\u00e9mica desde Abya Yala. https:\/\/www.yumpu.com\/es\/document\/view\/14222757\/desobediencia-epistemica-desde-abya-yala-america-apseorcr"},{"key":"247577","doi-asserted-by":"crossref","unstructured":"Upegui, A. A. S. (2010). Sistematizaci\u00f3n de experiencias: construcci\u00f3n de sentido desde una perspectiva cr\u00edtica. Revista Virtual Universidad Cat\u00f3lica del Norte, 1(29), 1-7. https:\/\/revistavirtual.ucn.edu.co\/index.php\/RevistaUCN\/article\/view\/67","DOI":"10.35575\/rvucn.n29a1"},{"key":"247578","doi-asserted-by":"crossref","unstructured":"Villegas, M.M. y Gonz\u00e1lez, F. (2011). La investigaci\u00f3n cualitativa de la vida cotidiana. Medio para la construcci\u00f3n de conocimiento sobre lo social a partir de lo individual. Psicoperspectivas, 10 (2), 35-59. http:\/\/www.psicoperspectivas.cl","DOI":"10.5027\/psicoperspectivas-Vol10-Issue2-fulltext-147"},{"key":"247579","unstructured":"Waisburd, G. (2009). Pensamiento creativo e innovaci\u00f3n. Revista Digital Universitaria. 10(12), 1-9. https:\/\/www.revista.unam.mx\/vol.10\/num12\/art87\/art87.pdf"}],"container-title":["Espacio Sociol\u00f3gico"],"link":[{"URL":"https:\/\/hemeroteca.unad.edu.co\/index.php\/sociologico\/article\/download\/7024\/6234","content-type":"application\/pdf","content-version":"vor","intended-application":"text-mining"},{"URL":"https:\/\/hemeroteca.unad.edu.co\/index.php\/sociologico\/article\/download\/7024\/6234","content-type":"unspecified","content-version":"vor","intended-application":"similarity-checking"}],"deposited":{"date-parts":[[2026,8,21]],"date-time":"2026-08-21T20:53:18Z","timestamp":1787345598000},"score":0.0,"resource":{"primary":{"URL":"https:\/\/hemeroteca.unad.edu.co\/index.php\/sociologico\/article\/view\/7024"}},"subtitle":["su  recomposici\u00f3n \u00e9tnica como apuesta  hacia otras epistemes"],"issued":{"date-parts":[[2023,7,26]]},"references-count":21,"journal-issue":{"issue":"4","published-online":{"date-parts":[[2023,7,13]]}},"URL":"https:\/\/doi.org\/10.22490\/28057007.7024","ISSN":["2805-7007"],"issn-type":[{"value":"2805-7007","type":"electronic"}],"published":{"date-parts":[[2023,7,26]]}},{"indexed":{"date-parts":[[2026,8,21]],"date-time":"2026-08-21T17:30:26Z","timestamp":1787333426102,"version":"build-2736575974"},"reference-count":16,"publisher":"Universidad Nacional Abierta y a Distancia","issue":"2","license":[{"start":{"date-parts":[[2023,12,12]],"date-time":"2023-12-12T00:00:00Z","timestamp":1702339200000},"content-version":"unspecified","delay-in-days":0,"URL":"https:\/\/creativecommons.org\/licenses\/by-nc-nd\/4.0"}],"content-domain":{"domain":[],"crossmark-restriction":false},"short-container-title":["EducT. Educ. Virtual Innov. Tecnol."],"abstract":"<jats:p>Este art\u00edculo presenta los resultados de aplicar el Modelo Heur\u00edstico \"DONALD\" en la ense\u00f1anza y aprendizaje de un curso de Laboratorio de Matem\u00e1ticas a nivel universitario. La metodolog\u00eda utilizada fue de enfoque mixto y tipo descriptivo, en la cual se examinaron las habilidades y destrezas adquiridas por una muestra de 36 estudiantes de la carrera de Matem\u00e1ticas de la UNAN-Managua\/FAREM-Estel\u00ed, mediante el uso de diversos software, aplicaciones y sitios educativos. Estos resultados respaldan la validez del modelo DONALD, el cual consta de diferentes etapas: Definir finalidades-planificaci\u00f3n, Orientaciones iniciales, Nueva Informaci\u00f3n, Aplicaci\u00f3n de Ideas, Logros y evaluaci\u00f3n, y Desarrollo de metodolog\u00eda en la fase virtual. Es importante destacar que este modelo fue originalmente dise\u00f1ado para una asignatura de F\u00edsica, pero demostr\u00f3 ser efectivo al ser aplicado en un contexto y disciplina diferentes. En conclusi\u00f3n, los hallazgos de este estudio tienen un alto valor para la comunidad educativa, ya que proporcionan una secuencia did\u00e1ctica que integra las etapas presenciales y virtuales del proceso de ense\u00f1anza-aprendizaje, con el objetivo de mejorar la formaci\u00f3n intelectual de los estudiantes. \u00a0<\/jats:p>","DOI":"10.22490\/27452115.7308","type":"journal-article","created":{"date-parts":[[2026,8,4]],"date-time":"2026-08-04T19:15:19Z","timestamp":1785870919000},"page":"61-76","source":"Crossref","is-referenced-by-count":0,"title":["Aplicaciones del Modelo Heur\u00edstico \u201cDONALD\u201d en el Curso de Laboratorio de Matem\u00e1tica"],"prefix":"10.22490","volume":"4","author":[{"given":"Cliffor Jerry","family":"Herrera-Castrillo","sequence":"first","affiliation":[],"role":[{"vocabulary":"crossref","role":"author"}]},{"given":"Donald Ariel","family":"Hern\u00e1ndez Mu\u00f1oz","sequence":"additional","affiliation":[],"role":[{"vocabulary":"crossref","role":"author"}]}],"member":"9784","published-online":{"date-parts":[[2023,12,12]]},"reference":[{"key":"131457","unstructured":"Arias Od\u00f3n, F. G. (2012). El proyecto de investigaci\u00f3n. Introducci\u00f3n a la metodolog\u00eda cient\u00edfica (Sexta ed.). Caracas: EPISTEME. https:\/\/bit.ly\/3tdVfdj"},{"key":"131458","unstructured":"Cabezas Mej\u00eda, E. D., Andrade Naranjo, D., & Torres Santamaria, J. (2018). Introducci\u00f3n a la Metodolog\u00eda de la Investigaci\u00f3n Cient\u00edfica. Sangolqu\u00ed: Universidad de las Fuerzas Armadas ESPE. https:\/\/bit.ly\/3ES5t5T"},{"key":"131459","unstructured":"Carriazo D\u00edaz , C., P\u00e9rez Reyes, M., & Gaviria Bustamante, K. (2020). Planificaci\u00f3n educativa como herramienta fundamental para una educaci\u00f3n con calidad. Utop\u00eda y Praxis Latinoamericana, 25(3), 87- 95. https:\/\/www.redalyc.org\/journal\/279\/27963600007\/html\/"},{"key":"131460","unstructured":"Crespo Hurtado, E. T. (2007). Modelo did\u00e1ctico sustentado en la heur\u00edstica para el proceso de ense\u00f1anza aprendizaje de la Matem\u00e1tica asistida por computadora [Tesis de doctorado, Universidad Pedag\u00f3gica \"F\u00e9lix Valera\" Villa Clara Departamento de Ciencias Exactas]. Archivo Digital. https:\/\/dspace.uclv.edu.cu\/bitstream\/handle\/123456789\/7465\/Erik%20Crespo.pdf?sequence=1&isAllowed=y"},{"key":"131461","unstructured":"Creswell, J. W. (2009). Research design: Qualitative, Quantitative, and Mixed Methods Approaches [Dise\u00f1o de la investigaci\u00f3n: M\u00e9todos cualitativos, cuantitativos y mixtos] (Vol. 3). Singapure: SAGE. https:\/\/bit.ly\/3PqGZWe"},{"key":"131462","unstructured":"Fuentelsaz Gallego, C. (2004). C\u00e1lculo del tama\u00f1o de la muestra. Matronas Profesi\u00f3n, 5-13. https:\/\/bit.ly\/48r0Kpk"},{"key":"131463","doi-asserted-by":"publisher","DOI":"10.5377\/elhigo.v13i1.16370"},{"key":"131464","unstructured":"Herrera Castrillo, C. J. (2023). Metodolog\u00eda basada en competencias para el aprendizaje de las matem\u00e1ticas. Revista Varela,, 23(65), 165\u2013176. https:\/\/doi.org\/https:\/\/doi.org\/10.5281\/zenodo.7873784"},{"key":"131465","unstructured":"L\u00f3pez de la Madrid, M. C. (2007). Uso de las TIC en la educaci\u00f3n superior de M\u00e9xico. Un estudio de caso. Apertura, 7(7), 63-81. https:\/\/www.redalyc.org\/pdf\/688\/68800706.pdf"},{"key":"131466","unstructured":"Lugo , M. T. (2010). Las pol\u00edticas TIC en la educaci\u00f3n de Am\u00e9rica Latina. Tendencias y experiencias. Revista Fuentes, 10, 52-68. http:\/\/institucional.us.es\/revistas\/fuente\/10\/art_2.pdf"},{"key":"131467","unstructured":"Medina Mar\u00edn, A. J. (2021). Herramientas tecnol\u00f3gicas en la gesti\u00f3n docente del proceso de formaci\u00f3n plan la universidad en casa y educaci\u00f3n a distancia. Revista Universidad y Sociedad, 13(4), 258-266. http:\/\/scielo.sld.cu\/pdf\/rus\/v13n4\/2218-3620-rus-13-04-258.pdf"},{"key":"131468","doi-asserted-by":"publisher","DOI":"10.4067\/s0718-07052023000100237"},{"key":"131469","unstructured":"Serna G\u00f3mez, H., & D\u00edaz Pel\u00e1ez, A. (2013). Metodolog\u00edas Activas del Aprendizaje (1 ed.). Fundaci\u00f3n Universitaria Mar\u00eda Cano. https:\/\/1library.co\/document\/ky6mr17q-libro-metodologias-humberto-serna-gomez.html"},{"key":"131470","unstructured":"UNESCO. (2008). Normas UNESCO sobre Competencias en TIC para Docentes. Par\u00eds. https:\/\/www.campuseducacion.com\/blog\/wp-content\/uploads\/2017\/02\/Normas_UNESCO_sobre_Competencias_en_TIC_para_Docentes.pdf"},{"key":"131471","unstructured":"UNESCO. (2013). Enfoques estrat\u00e9gicos sobre las TICs en Educaci\u00f3n en Am\u00e9rica Latina y el Caribe. Chile. http:\/\/www.unesco.org\/new\/fileadmin\/MULTIMEDIA\/FIELD\/Santiago\/images\/ticsesp.pdf"},{"key":"131472","unstructured":"Valle, A., Manrique, L., & Revilla, D. (2022). La Investigaci\u00f3n descriptiva con enfoque cualitativo en educaci\u00f3n. Pontificia Universidad Cat\u00f3lica del Per\u00fa. https:\/\/bit.ly\/48rN6lS"}],"container-title":["EducaT: Educaci\u00f3n virtual, Innovaci\u00f3n  y Tecnolog\u00edas"],"link":[{"URL":"https:\/\/hemeroteca.unad.edu.co\/index.php\/educat\/article\/download\/7308\/7180","content-type":"application\/pdf","content-version":"vor","intended-application":"text-mining"},{"URL":"https:\/\/hemeroteca.unad.edu.co\/index.php\/educat\/article\/download\/7308\/7180","content-type":"unspecified","content-version":"vor","intended-application":"similarity-checking"}],"deposited":{"date-parts":[[2026,8,21]],"date-time":"2026-08-21T16:58:50Z","timestamp":1787331530000},"score":0.0,"resource":{"primary":{"URL":"https:\/\/hemeroteca.unad.edu.co\/index.php\/educat\/article\/view\/7308"}},"issued":{"date-parts":[[2023,12,12]]},"references-count":16,"journal-issue":{"issue":"2","published-online":{"date-parts":[[2023,12,12]]}},"URL":"https:\/\/doi.org\/10.22490\/27452115.7308","ISSN":["2745-2107","2745-2115"],"issn-type":[{"value":"2745-2107","type":"electronic"},{"value":"2745-2115","type":"print"}],"published":{"date-parts":[[2023,12,12]]}},{"indexed":{"date-parts":[[2026,8,22]],"date-time":"2026-08-22T14:25:16Z","timestamp":1787408716406,"version":"build-2736575974"},"reference-count":13,"publisher":"Universidad Nacional Abierta y a Distancia","issue":"1","license":[{"start":{"date-parts":[[2026,8,20]],"date-time":"2026-08-20T00:00:00Z","timestamp":1787184000000},"content-version":"unspecified","delay-in-days":0,"URL":"https:\/\/creativecommons.org\/licenses\/by-nc-sa\/4.0"}],"content-domain":{"domain":[],"crossmark-restriction":false},"short-container-title":["Biocienc. (UNAD)"],"abstract":"<jats:p>Objetivo. Evaluar el nivel de implementaci\u00f3n de la estrategia multimodal de higiene de manos y sus determinantes en la Red Primaria de Pasto e Ipiales (Nari\u00f1o, Colombia, 2025), incorporando la verificaci\u00f3n tecnol\u00f3gica objetiva de la calidad t\u00e9cnica del procedimiento. M\u00e9todos. Estudio observacional, anal\u00edtico y de corte transversal, con enfoque cuantitativo, en trabajadores asistenciales de instituciones p\u00fablicas de la red primaria de dos municipios andinos. Se evaluaron la capacidad instalada, las dimensiones de conocimientos, actitudes y pr\u00e1cticas (CAP), los factores sociolaborales asociados y la calidad t\u00e9cnica del lavado, esta \u00faltima mediante un prototipo mecatr\u00f3nico de verificaci\u00f3n por fluorescencia ultravioleta desarrollado por el equipo investigador. Resultados. La capacidad instalada result\u00f3 globalmente favorable, con una debilidad consistente en el componente de secado de manos. Predominaron actitudes muy positivas y pr\u00e1cticas autorreportadas elevadas sobre una base de conocimiento moderada y heterog\u00e9nea. El an\u00e1lisis multivariado identific\u00f3 al componente actitudinal como la dimensi\u00f3n con mayor peso explicativo sobre la adherencia, y se observaron diferencias relevantes entre grupos ocupacionales. La verificaci\u00f3n tecnol\u00f3gica evidenci\u00f3 una brecha sustancial entre la pr\u00e1ctica declarada y la calidad t\u00e9cnica efectivamente alcanzada. Conclusi\u00f3n. La adherencia a la higiene de manos se comporta como un fen\u00f3meno individual, en el que el componente actitudinal resulta determinante frente a la sola disponibilidad de recursos. El estudio aporta evidencia local in\u00e9dita para la atenci\u00f3n primaria de un territorio andino, rural e intercultural, junto con un dispositivo escalable de verificaci\u00f3n objetiva, con implicaciones directas para el dise\u00f1o de intervenciones y para la cultura de seguridad del paciente. Los estimadores puntuales, los modelos explicativos y el an\u00e1lisis de los mecanismos subyacentes se reservan para la publicaci\u00f3n cient\u00edfica derivada, actualmente en preparaci\u00f3n.<\/jats:p>","DOI":"10.22490\/26194759.11954","type":"journal-article","created":{"date-parts":[[2026,8,22]],"date-time":"2026-08-22T13:55:50Z","timestamp":1787406950000},"source":"Crossref","is-referenced-by-count":0,"title":["Higiene de manos inteligente: ciencia del comportamiento y verificaci\u00f3n digital para la seguridad del paciente en la atenci\u00f3n primaria","Smart hand hygiene: behavioural science and digital verification for patient safety in primary health care"],"prefix":"10.22490","volume":"9","author":[{"ORCID":"https:\/\/orcid.org\/0000-0002-6370-9346","authenticated-orcid":false,"given":"Janeth Lorena","family":"Chavez Martinez","sequence":"first","affiliation":[],"role":[{"vocabulary":"crossref","role":"author"}]},{"ORCID":"https:\/\/orcid.org\/0000-0002-1597-6650","authenticated-orcid":false,"given":"Miguel \u00c1ngel","family":"Botina","sequence":"additional","affiliation":[],"role":[{"vocabulary":"crossref","role":"author"}]},{"ORCID":"https:\/\/orcid.org\/0000-0003-4141-8465","authenticated-orcid":false,"given":"Andr\u00e9s Fernando","family":"Su\u00e1rez Molina","sequence":"additional","affiliation":[],"role":[{"vocabulary":"crossref","role":"author"}]},{"ORCID":"https:\/\/orcid.org\/0000-0002-4294-8874","authenticated-orcid":false,"given":"Rosa Magaly","family":"Morales Chincha","sequence":"additional","affiliation":[],"role":[{"vocabulary":"crossref","role":"author"}]},{"ORCID":"https:\/\/orcid.org\/0000-0003-2396-2088","authenticated-orcid":false,"given":"Tito Manuel","family":"Piamba Mami\u00e1n","sequence":"additional","affiliation":[],"role":[{"vocabulary":"crossref","role":"author"}]}],"member":"9784","published-online":{"date-parts":[[2026,8,20]]},"reference":[{"key":"247231","unstructured":"1. World Health Organization. WHO guidelines on hand hygiene in health care. Geneva: WHO; 2009. Disponible en: https:\/\/www.who.int\/publications\/i\/item\/9789241597906"},{"key":"247232","doi-asserted-by":"crossref","unstructured":"2. Mouajou V, Adams K, DeLisle G, Quach C. Hand hygiene compliance in the prevention of hospital-acquired infections: a systematic review. J Hosp Infect. 2022;119:33-48. https:\/\/doi.org\/10.1016\/j.jhin.2021.09.016","DOI":"10.1016\/j.jhin.2021.09.016"},{"key":"247233","doi-asserted-by":"crossref","unstructured":"3. Bredin D, O'Doherty D, Hannigan A, Kingston L. Hand hygiene compliance by direct observation in physicians and nurses: a systematic review and meta-analysis. J Hosp Infect. 2022;130:20-33. https:\/\/doi.org\/10.1016\/j.jhin.2022.09.006","DOI":"10.1016\/j.jhin.2022.08.013"},{"key":"247234","doi-asserted-by":"crossref","unstructured":"4. Messina Ferreira JG, Marra VS, Generoso JR, Tudino CH, Hsieh MK, Perencevich EN, et al. Quality of hand hygiene performance: a systematic literature review. Am J Infect Control. 2026;54(2):192-209. https:\/\/doi.org\/10.1016\/j.ajic.2025.08.025","DOI":"10.1016\/j.ajic.2025.08.025"},{"key":"247235","doi-asserted-by":"crossref","unstructured":"5. Zhang Y, Chen X, Lao Y, Qiu X, Liu K, Zhuang Y, et al. Effects of the implementation of intelligent technology for hand hygiene in hospitals: systematic review and meta-analysis. J Med Internet Res. 2023;25:e37249. https:\/\/doi.org\/10.2196\/37249","DOI":"10.2196\/37249"},{"key":"247236","doi-asserted-by":"crossref","unstructured":"6. Chen C, Yang ML, Kor CT, Liao CH. AI-assisted fluorescent visualization of hand hygiene accuracy in a real-world hospital study. Open Forum Infect Dis. 2026. https:\/\/doi.org\/10.1093\/ofid\/ofaf695.1291","DOI":"10.1093\/ofid\/ofaf695.1291"},{"key":"247237","unstructured":"7. Organizaci\u00f3n Mundial de la Salud, UNICEF. Water, sanitation, hygiene, waste and electricity services in health care facilities: 2023 global progress report. Ginebra: OMS\/UNICEF; 2023."},{"key":"247238","doi-asserted-by":"crossref","unstructured":"8. Hong Q, Xu Y. Evaluating hand hygiene knowledge, attitudes, and practices among healthcare workers in post-pandemic H1N1 influenza control: a cross-sectional study from China. Front Public Health. 2024;12:1432445. https:\/\/doi.org\/10.3389\/fpubh.2024.1432445","DOI":"10.3389\/fpubh.2024.1432445"},{"key":"247239","doi-asserted-by":"crossref","unstructured":"9. Venkatasubramanyam NR, Vadivel Kalyanasundaram A, Prabhakaran N. Assessment of knowledge, attitude, and practice of hand hygiene among medical students in a tertiary care hospital. Cureus. 2024;16(8):e66820. https:\/\/doi.org\/10.7759\/cureus.66820","DOI":"10.7759\/cureus.66820"},{"key":"247240","doi-asserted-by":"crossref","unstructured":"10. Kuroda H, Sawai NY, Yamazaki Y, Matsumoto H, Tsujigami H, Tsukimoto S, et al. Impact of direct observation on hand hygiene compliance in a dental university hospital: a retrospective cohort study. Cureus. 2024;16(9):e68827. https:\/\/doi.org\/10.7759\/cureus.68827","DOI":"10.7759\/cureus.68827"},{"key":"247241","doi-asserted-by":"crossref","unstructured":"11. Garc\u00eda Mato E, Buceta Gamallo F, Sande L\u00f3pez L, Varela Aneiros I, Diniz Freitas M, Limeres Posse J, et al. Handwashing practice among dental students: lessons unlearned from the COVID-19 pandemic. BMC Med Educ. 2025;25:820. https:\/\/doi.org\/10.1186\/s12909-025-07403-4","DOI":"10.1186\/s12909-025-07403-4"},{"key":"247242","doi-asserted-by":"crossref","unstructured":"12. Gozdzielewska L, Kilpatrick C, Reilly J, Stewart S, Butcher J, Kalule A, et al. The effectiveness of hand hygiene interventions for preventing community transmission or acquisition of novel coronavirus or influenza infections: a systematic review. BMC Public Health. 2022;22:1283. https:\/\/doi.org\/10.1186\/s12889-022-13667-y","DOI":"10.1186\/s12889-022-13667-y"},{"key":"247243","doi-asserted-by":"crossref","unstructured":"13. Snyder JS, Canda E, Honeycutt J, O'Brien LA, Rogers HK, Cumming O, et al. Effectiveness of measures taken by governments to support hand hygiene in community settings: a systematic review. BMJ Glob Health. 2025;10(9):e018929. https:\/\/doi.org\/10.1136\/bmjgh-2025-018929","DOI":"10.1136\/bmjgh-2025-018929"}],"container-title":["Biociencias (UNAD)"],"link":[{"URL":"https:\/\/hemeroteca.unad.edu.co\/index.php\/Biociencias\/article\/download\/11954\/9139","content-type":"application\/pdf","content-version":"vor","intended-application":"text-mining"},{"URL":"https:\/\/hemeroteca.unad.edu.co\/index.php\/Biociencias\/article\/download\/11954\/9139","content-type":"unspecified","content-version":"vor","intended-application":"similarity-checking"}],"deposited":{"date-parts":[[2026,8,22]],"date-time":"2026-08-22T13:55:53Z","timestamp":1787406953000},"score":0.0,"resource":{"primary":{"URL":"https:\/\/hemeroteca.unad.edu.co\/index.php\/Biociencias\/article\/view\/11954"}},"issued":{"date-parts":[[2026,8,20]]},"references-count":13,"journal-issue":{"issue":"1","published-online":{"date-parts":[[2026,8,18]]}},"URL":"https:\/\/doi.org\/10.22490\/26194759.11954","ISSN":["2619-4759"],"issn-type":[{"value":"2619-4759","type":"electronic"}],"published":{"date-parts":[[2026,8,20]]}},{"indexed":{"date-parts":[[2026,8,20]],"date-time":"2026-08-20T16:42:37Z","timestamp":1787244157527,"version":"build-2736575974"},"reference-count":0,"publisher":"Universidad Nacional Abierta y a Distancia","issue":"1","license":[{"start":{"date-parts":[[2018,2,26]],"date-time":"2018-02-26T00:00:00Z","timestamp":1519603200000},"content-version":"unspecified","delay-in-days":0,"URL":"http:\/\/creativecommons.org\/licenses\/by-nc-sa\/4.0"}],"content-domain":{"domain":[],"crossmark-restriction":false},"short-container-title":["rev.investig.agrar.ambient."],"abstract":"<jats:p>La presente propuesta de estudio tiene como objetivo validar un instrumento de investigaci\u00f3n con el fin de obtener los datos necesarios para generar una metodolog\u00eda que autoeval\u00fae el sistema de gesti\u00f3n ambiental, teniendo en cuenta aquellos aspectos relacionados con la normatividad de medio ambiente. El instrumento fue sometido a consideraci\u00f3n por expertos en el \u00e1rea, aplicando el m\u00e9todo Delphi que permite determinar el coeficiente de competencia en forma y contenido. A partir de esta informaci\u00f3n se procedi\u00f3 a validar el instrumento y se midi\u00f3 la confiabilidad calculando el coeficiente de alfa de Cronbach utilizando el software especializado Statistical Product and Service Solutions (SPSS) versi\u00f3n 21. A partir de estos resultados se realiz\u00f3 una prueba piloto a una muestra poblacional, aplicando un cuestionario el cual fue construido bajo una escala tipo Likert y para su validaci\u00f3n se aplica el programa SPSS V. 21, con el cual se certifica que el\u00a0instrumento podr\u00e1 ser aplicado para analizar y determinar cu\u00e1les son las variables que har\u00e1n parte de la metodolog\u00eda de autoevaluaci\u00f3n del sistema de gesti\u00f3n ambiental.<\/jats:p>","DOI":"10.22490\/21456453.2186","type":"journal-article","created":{"date-parts":[[2018,9,13]],"date-time":"2018-09-13T14:50:30Z","timestamp":1536850230000},"page":"157-164","source":"Crossref","is-referenced-by-count":22,"title":["Validaci\u00f3n de un instrumento de investigacion para el dise\u00f1o de una metodolog\u00eda de autoevaluaci\u00f3n del sistema de gesti\u00f3n ambiental."],"prefix":"10.22490","volume":"9","author":[{"given":"Hector Andres","family":"Hern\u00e0ndez","sequence":"first","affiliation":[],"role":[{"vocabulary":"crossref","role":"author"}]},{"given":"Alina Eugenia","family":"Pascual Barrera","sequence":"additional","affiliation":[],"role":[{"vocabulary":"crossref","role":"author"}]}],"member":"9784","published-online":{"date-parts":[[2018,2,26]]},"container-title":["Revista de Investigaci\u00f3n Agraria y Ambiental"],"link":[{"URL":"http:\/\/hemeroteca.unad.edu.co\/index.php\/riaa\/article\/viewFile\/2186\/2817","content-type":"application\/pdf","content-version":"vor","intended-application":"text-mining"},{"URL":"http:\/\/hemeroteca.unad.edu.co\/index.php\/riaa\/article\/viewFile\/2186\/2358","content-type":"text\/html","content-version":"vor","intended-application":"text-mining"},{"URL":"http:\/\/hemeroteca.unad.edu.co\/index.php\/riaa\/article\/viewFile\/2186\/2358","content-type":"unspecified","content-version":"vor","intended-application":"similarity-checking"}],"deposited":{"date-parts":[[2018,9,13]],"date-time":"2018-09-13T14:50:39Z","timestamp":1536850239000},"score":0.0,"resource":{"primary":{"URL":"http:\/\/hemeroteca.unad.edu.co\/index.php\/riaa\/article\/view\/2186"}},"issued":{"date-parts":[[2018,2,26]]},"references-count":0,"journal-issue":{"issue":"1","published-online":{"date-parts":[[2018,2,26]]}},"URL":"https:\/\/doi.org\/10.22490\/21456453.2186","ISSN":["2145-6453","2145-6097"],"issn-type":[{"value":"2145-6453","type":"electronic"},{"value":"2145-6097","type":"print"}],"published":{"date-parts":[[2018,2,26]]}},{"indexed":{"date-parts":[[2026,8,26]],"date-time":"2026-08-26T16:20:42Z","timestamp":1787761242168,"version":"build-2784847793"},"reference-count":14,"publisher":"Universidad Nacional Abierta y a Distancia","issue":"1","license":[{"start":{"date-parts":[[2026,8,18]],"date-time":"2026-08-18T00:00:00Z","timestamp":1787011200000},"content-version":"unspecified","delay-in-days":0,"URL":"https:\/\/creativecommons.org\/licenses\/by-nc-sa\/4.0"}],"content-domain":{"domain":[],"crossmark-restriction":false},"short-container-title":["Biocienc. (UNAD)"],"abstract":"<jats:p>En un mundo que exige inmediatez y multitarea, muchas personas han dejado de habitar uno de los actos m\u00e1s esenciales de la vida: comer. Se ingiere frente a pantallas, con prisa, sin percibir sabores, emociones ni se\u00f1ales corporales. Esta desconexi\u00f3n no solo afecta la relaci\u00f3n con los alimentos, sino tambi\u00e9n la salud f\u00edsica y emocional (1).\nLas enfermedades no transmisibles representan uno de los mayores desaf\u00edos para la salud p\u00fablica mundial. Esta ponencia fortalece el enfoque inicial incorporando la alimentaci\u00f3n consciente como estrategia de Metasalud que integra conciencia corporal, regulaci\u00f3n emocional, educaci\u00f3n para la salud y autocuidado.\nEsta ponencia propone una reflexi\u00f3n profunda sobre c\u00f3mo la alimentaci\u00f3n autom\u00e1tica impacta el bienestar. A partir de la experiencia cl\u00ednica y el trabajo en promoci\u00f3n de la salud, se evidencia que gran parte de las personas comen desde la ansiedad, el estr\u00e9s o el h\u00e1bito inconsciente (2).\nMediante un enfoque tipo TALK (Teor\u00eda, Aplicaci\u00f3n, Learning, Knowledge), se invita al participante a reconectar con su cuerpo, reconocer sus emociones y transformar su manera de alimentarse. Se presenta la alimentaci\u00f3n consciente (mindful eating) como una herramienta sencilla, accesible y con respaldo cient\u00edfico para mejorar la calidad de vida (3).\nBajo el formato FIKA TALK, combina evidencia cient\u00edfica y experiencia cl\u00ednica para demostrar que el comer autom\u00e1tico favorece la ansiedad y la alimentaci\u00f3n emocional. Como aporte innovador, se propone un modelo integrador de promoci\u00f3n de la salud orientado a transformar la relaci\u00f3n con los alimentos y fortalecer el bienestar integral.\nPorque al final, no se trata solo de comer mejor, sino de volver a estar presentes en nuestra propia vida\n\u00a0<\/jats:p>","DOI":"10.22490\/26194759.11904","type":"journal-article","created":{"date-parts":[[2026,8,26]],"date-time":"2026-08-26T15:28:19Z","timestamp":1787758099000},"source":"Crossref","is-referenced-by-count":0,"title":["Comer sin darse cuenta: \u00bfc\u00f3mo recuperar el poder de alimentarte conscientemente?","Eating without awareness: how to reclaim the power of mindful eating"],"prefix":"10.22490","volume":"9","author":[{"ORCID":"https:\/\/orcid.org\/0009-0002-9998-710X","authenticated-orcid":false,"given":"Clara Mar\u00eda","family":"Garz\u00f3n Rodriguez","sequence":"first","affiliation":[],"role":[{"vocabulary":"crossref","role":"author"}]},{"ORCID":"https:\/\/orcid.org\/0000-0003-4098-3729","authenticated-orcid":false,"given":"Deisy Viviana","family":"Villanueva Gonz\u00e1lez","sequence":"additional","affiliation":[],"role":[{"vocabulary":"crossref","role":"author"}]},{"ORCID":"https:\/\/orcid.org\/0009-0006-5371-8712","authenticated-orcid":false,"given":"Carolina","family":"Avila Pinto","sequence":"additional","affiliation":[],"role":[{"vocabulary":"crossref","role":"author"}]}],"member":"9784","published-online":{"date-parts":[[2026,8,18]]},"reference":[{"key":"245079","doi-asserted-by":"crossref","unstructured":"1. Framson C, Kristeller JL, et al. Development and validation of the Mindful Eating Questionnaire. J Am Diet Assoc. 2009;109(8):1439-1444.","DOI":"10.1016\/j.jada.2009.05.006"},{"key":"245080","unstructured":"2. Katterman SN, Kleinman BM, et al. Mindfulness meditation as an intervention for binge eating, emotional eating, and weight loss. Appetite. 2014;74:33-41."},{"key":"245081","doi-asserted-by":"crossref","unstructured":"3. Nelson JB. Mindful eating: the art of presence while you eat. Diabetes Spectr. 2017;30(3):171-176.","DOI":"10.2337\/ds17-0015"},{"key":"245082","doi-asserted-by":"crossref","unstructured":"4. Kristeller JL, Wolever RQ. Mindfulness-based eating awareness training (MB-EAT) for treating binge eating disorder. Mindfulness. 2011;2(1):17-27.","DOI":"10.1080\/10640266.2011.533605"},{"key":"245083","doi-asserted-by":"crossref","unstructured":"5. O'Reilly GA, Cook L, Spruijt-Metz D, Black DS. Mindfulness-based interventions for obesity-related eating behaviours. Obes Rev. 2014;15(6):453-461.","DOI":"10.1111\/obr.12156"},{"key":"245084","unstructured":"6. Organizaci\u00f3n Mundial de la Salud. Alimentaci\u00f3n sana [nota descriptiva]. Ginebra: OMS; 2018."},{"key":"245085","unstructured":"7. Organizaci\u00f3n Mundial de la Salud. Alimentaci\u00f3n saludable. Ginebra: Organizaci\u00f3n Mundial de la Salud; 2025 [citado 22 jul 2026]. Disponible en: https:\/\/www.who.int\/es\/news-room\/fact-sheets\/detail\/healthy-diet"},{"key":"245086","unstructured":"8. Mantzios M, Wilson JC. Mindfulness, eating behaviours, and obesity. Front Psychol. 2015;6:1562."},{"key":"245087","unstructured":"9. Mantzios M, Wilson JC. Mindfulness, eating behaviours, and obesity. Front Psychol. 2015;6:1562."},{"key":"245088","doi-asserted-by":"crossref","unstructured":"10. Kabat-Zinn J. Mindfulness-based interventions in context: past, present, and future. Clin Psychol Sci Pract. 2003;10(2):144-156.","DOI":"10.1093\/clipsy.bpg016"},{"key":"245089","doi-asserted-by":"crossref","unstructured":"11. Dunn C, Haubenreiser M, Johnson M, et al. Mindfulness approaches and weight loss, weight maintenance, and health risk behaviors. Curr Obes Rep. 2018;7(1):37-49.","DOI":"10.1007\/s13679-018-0299-6"},{"key":"245090","unstructured":"12. Ruffault A, Czernichow S, et al. The effects of mindfulness training on weight-loss and health-related behaviours in adults with obesity. Obes Rev. 2017;18(8):898-912."},{"key":"245091","unstructured":"13. Organizaci\u00f3n Mundial de la Salud. Plan de acci\u00f3n mundial para la prevenci\u00f3n y el control de las enfermedades no transmisibles 2013-2020. Ginebra: OMS; 2021."},{"key":"245092","doi-asserted-by":"crossref","unstructured":"14. Kristeller JL, Wolever RQ. Mindfulness-based eating awareness training (MB-EAT) for treating binge eating disorder. Mindfulness. 2011;2(1):17-27.","DOI":"10.1080\/10640266.2011.533605"}],"container-title":["Biociencias (UNAD)"],"link":[{"URL":"https:\/\/hemeroteca.unad.edu.co\/index.php\/Biociencias\/article\/download\/11904\/9118","content-type":"application\/pdf","content-version":"vor","intended-application":"text-mining"},{"URL":"https:\/\/hemeroteca.unad.edu.co\/index.php\/Biociencias\/article\/download\/11904\/9118","content-type":"unspecified","content-version":"vor","intended-application":"similarity-checking"}],"deposited":{"date-parts":[[2026,8,26]],"date-time":"2026-08-26T15:28:23Z","timestamp":1787758103000},"score":0.0,"resource":{"primary":{"URL":"https:\/\/hemeroteca.unad.edu.co\/index.php\/Biociencias\/article\/view\/11904"}},"issued":{"date-parts":[[2026,8,18]]},"references-count":14,"journal-issue":{"issue":"1","published-online":{"date-parts":[[2026,8,18]]}},"URL":"https:\/\/doi.org\/10.22490\/26194759.11904","ISSN":["2619-4759"],"issn-type":[{"value":"2619-4759","type":"electronic"}],"published":{"date-parts":[[2026,8,18]]}},{"indexed":{"date-parts":[[2026,8,24]],"date-time":"2026-08-24T21:07:50Z","timestamp":1787605670644,"version":"build-2736575974"},"reference-count":0,"publisher":"Universidad Nacional Abierta y a Distancia","issue":"1","license":[{"start":{"date-parts":[[2018,2,26]],"date-time":"2018-02-26T00:00:00Z","timestamp":1519603200000},"content-version":"unspecified","delay-in-days":0,"URL":"http:\/\/creativecommons.org\/licenses\/by-nc-sa\/4.0"}],"content-domain":{"domain":[],"crossmark-restriction":false},"short-container-title":["rev.investig.agrar.ambient."],"DOI":"10.22490\/21456453.2093","type":"journal-article","created":{"date-parts":[[2018,9,13]],"date-time":"2018-09-13T18:50:30Z","timestamp":1536864630000},"page":"72-80","source":"Crossref","is-referenced-by-count":1,"title":["Influence of cut, packaging and storage temperature on physicochemical aspects of minimally processed Carica papaya cv. \u2018Formosa\u2019"],"prefix":"10.22490","volume":"9","author":[{"given":"Paula Cristina Carvalho","family":"Lima","sequence":"first","affiliation":[],"role":[{"vocabulary":"crossref","role":"author"}]},{"given":"Bianca Sarzi","family":"Souza","sequence":"additional","affiliation":[],"role":[{"vocabulary":"crossref","role":"author"}]},{"given":"Selina","family":"Fyfe","sequence":"additional","affiliation":[],"role":[{"vocabulary":"crossref","role":"author"}]}],"member":"9784","published-online":{"date-parts":[[2018,2,26]]},"container-title":["Revista de Investigaci\u00f3n Agraria y Ambiental"],"link":[{"URL":"http:\/\/hemeroteca.unad.edu.co\/index.php\/riaa\/article\/viewFile\/2093\/2812","content-type":"application\/pdf","content-version":"vor","intended-application":"text-mining"},{"URL":"http:\/\/hemeroteca.unad.edu.co\/index.php\/riaa\/article\/viewFile\/2093\/2359","content-type":"text\/html","content-version":"vor","intended-application":"text-mining"},{"URL":"http:\/\/hemeroteca.unad.edu.co\/index.php\/riaa\/article\/viewFile\/2093\/2359","content-type":"unspecified","content-version":"vor","intended-application":"similarity-checking"}],"deposited":{"date-parts":[[2018,9,13]],"date-time":"2018-09-13T18:50:38Z","timestamp":1536864638000},"score":0.0,"resource":{"primary":{"URL":"http:\/\/hemeroteca.unad.edu.co\/index.php\/riaa\/article\/view\/2093"}},"issued":{"date-parts":[[2018,2,26]]},"references-count":0,"journal-issue":{"issue":"1","published-online":{"date-parts":[[2018,2,26]]}},"URL":"https:\/\/doi.org\/10.22490\/21456453.2093","ISSN":["2145-6453","2145-6097"],"issn-type":[{"value":"2145-6453","type":"electronic"},{"value":"2145-6097","type":"print"}],"published":{"date-parts":[[2018,2,26]]}},{"indexed":{"date-parts":[[2026,8,23]],"date-time":"2026-08-23T16:51:52Z","timestamp":1787503912157,"version":"build-2736575974"},"reference-count":0,"publisher":"Universidad Nacional Abierta y a Distancia","issue":"25","license":[{"start":{"date-parts":[[2016,6,15]],"date-time":"2016-06-15T00:00:00Z","timestamp":1465948800000},"content-version":"unspecified","delay-in-days":0,"URL":"http:\/\/creativecommons.org\/licenses\/by-nc-sa\/4.0"}],"content-domain":{"domain":[],"crossmark-restriction":false},"short-container-title":["nova"],"abstract":"<jats:p>La revisi\u00f3n sistem\u00e1tica de literatura presentada a continuaci\u00f3n tiene como objetivo dar a conocer el rol que han tenido la metabol\u00f3mica en el estudio de la exposici\u00f3n a plaguicidas. La b\u00fasqueda se llev\u00f3 a cabo en la base de datos Thomson Reuters Web of Science (ISI Web of Knowledge). Posteriormente, se des\u00adcargaron todos los registros producto de resultado de la b\u00fasqueda y cada citaci\u00f3n dentro de cada art\u00edculo. Estas referencias fueron analizadas mediante la teor\u00eda de grafos con el fin de identificar los art\u00edculos m\u00e1s relevantes, los art\u00edculos cl\u00e1sicos y recientes y los que presentan mayor intermediaci\u00f3n en el tema de inves\u00adtigaci\u00f3n. La red de citaciones fue construida con inicialmente con 4423 nodos (art\u00edculos) y 4978 enlaces (citaciones) a los cuales se les determin\u00f3 los indicadores de grado de entrada, grado de salida y centralidad en el grafo. Posteriormente, esta red de citaciones fue procesada eliminando los art\u00edculos desconectados, reduciendo la red a 415 nodos y 974 enlaces. De esta red ya procesada se extrajeron 80 art\u00edculos que presentaron mayores indicadores de grado y centralidad. Finalmente, esta metodolog\u00eda permiti\u00f3 la iden\u00adtificaci\u00f3n de diferentes perspectivas de los estudios metabol\u00f3micos y metabon\u00f3micos en la exposici\u00f3n a plaguicidas que incluyen estudios de modo de acci\u00f3n, mecanismos de acci\u00f3n, monitoreo biol\u00f3gico y toxicol\u00f3gico, metabol\u00f3mica ambiental, metabolismo, dosis respuesta e identificaci\u00f3n de biomarcadores.<\/jats:p>","DOI":"10.22490\/24629448.1735","type":"journal-article","created":{"date-parts":[[2017,5,2]],"date-time":"2017-05-02T15:38:04Z","timestamp":1493739484000},"page":"121-138","source":"Crossref","is-referenced-by-count":37,"title":["Metabol\u00f3mica y Pesticidas: Revisi\u00f3n sistem\u00e1tica de literatura usando teor\u00eda de grafos para el an\u00e1lisis de referencias"],"prefix":"10.22490","volume":"14","author":[{"given":"Martha","family":"Zuluaga","sequence":"first","affiliation":[],"role":[{"vocabulary":"crossref","role":"author"}]},{"given":"Sebastian","family":"Robledo","sequence":"additional","affiliation":[],"role":[{"vocabulary":"crossref","role":"author"}]},{"given":"German A.","family":"Osorio Zuluaga","sequence":"additional","affiliation":[],"role":[{"vocabulary":"crossref","role":"author"}]},{"given":"Laura","family":"Yathe","sequence":"additional","affiliation":[],"role":[{"vocabulary":"crossref","role":"author"}]},{"given":"Diana","family":"Gonzalez","sequence":"additional","affiliation":[],"role":[{"vocabulary":"crossref","role":"author"}]},{"given":"Gonzalo","family":"Taborda","sequence":"additional","affiliation":[],"role":[{"vocabulary":"crossref","role":"author"}]}],"member":"9784","published-online":{"date-parts":[[2016,6,15]]},"container-title":["Nova"],"link":[{"URL":"https:\/\/hemeroteca.unad.edu.co\/index.php\/nova\/article\/download\/1735\/1983","content-type":"application\/pdf","content-version":"vor","intended-application":"text-mining"},{"URL":"https:\/\/hemeroteca.unad.edu.co\/index.php\/nova\/article\/download\/1735\/1983","content-type":"unspecified","content-version":"vor","intended-application":"similarity-checking"}],"deposited":{"date-parts":[[2023,12,10]],"date-time":"2023-12-10T15:04:21Z","timestamp":1702220661000},"score":0.0,"resource":{"primary":{"URL":"https:\/\/hemeroteca.unad.edu.co\/index.php\/nova\/article\/view\/1735"}},"issued":{"date-parts":[[2016,6,15]]},"references-count":0,"journal-issue":{"issue":"25","published-online":{"date-parts":[[2016,6,15]]}},"URL":"https:\/\/doi.org\/10.22490\/24629448.1735","ISSN":["2462-9448","1794-2470"],"issn-type":[{"value":"2462-9448","type":"electronic"},{"value":"1794-2470","type":"print"}],"published":{"date-parts":[[2016,6,15]]}},{"indexed":{"date-parts":[[2026,8,24]],"date-time":"2026-08-24T21:20:54Z","timestamp":1787606454854,"version":"build-2736575974"},"reference-count":28,"publisher":"Universidad Nacional Abierta y a Distancia","issue":"3","license":[{"start":{"date-parts":[[2025,11,25]],"date-time":"2025-11-25T00:00:00Z","timestamp":1764028800000},"content-version":"unspecified","delay-in-days":0,"URL":"https:\/\/creativecommons.org\/licenses\/by-nc-sa\/4.0"}],"content-domain":{"domain":[],"crossmark-restriction":false},"short-container-title":["Publ. investig."],"abstract":"<jats:p>The objective of this work was to physicochemically characterize and quantify the content of phenols, caffeine and antioxidant activity in roasted and ground coffee grain samples, associated with productive systems of the Cay district in IBAGU\u00c9. Five (5) samples of roasted and ground coffee were collected, which were related as specialty coffees types Blend (2), Castillo (2) and Tabi (1), related to the Laboratory of physicochemical properties of foods LIPFA of the University of Tolima. The parameters of color (CIELab), electrical conductivity (CE), total solids (ST), fixed (% Ash) and volatile, total conductors (TCD), and soluble (Brix), hydrogen potential (pH), humidity (% H), water activity (aw), total acidity and equivalent acidity (3-caffeoliquinic), reducing sugars (% AR) and non-reducing sugars (% ANR), ether extract (% Fat), phenol equivalents (Total Phenols), flavonoid equivalents (Total Flavonoids) and antioxidant and reducing power (FRAP) were evaluated. The CIELab color values \u200b\u200branged from 20.8 \u00b1 0.50 to 22.3 \u00b1 0.20 in (L), chromaticity (a*) from 3.15 \u00b1 0.35 to 4.65 \u00b1 0.91 (b*) from 9.40 \u00b1 0.28 to 9.40 \u00b1 0.28, and chroma (C) averaged 13.4 \u00b1 0.86. Total solids ranged from 97.9 to 99.3%, and moisture content ranged from 0.73 to 2.14%, with low levels in (aw). Solids ranged from 3.62 to 5.91%.\n\u00a0\nA multivariate analysis and correlation between parameters are presented. The work carried out is presented as an analytical model for the characterization of coffee matrices, and the quality and variability of samples associated with the regions are demonstrated.<\/jats:p>","DOI":"10.22490\/25394088.10540","type":"journal-article","created":{"date-parts":[[2026,8,24]],"date-time":"2026-08-24T20:44:12Z","timestamp":1787604252000},"source":"Crossref","is-referenced-by-count":0,"title":["Caracterizacion fisicoquimica y actividad antioxidante de matrices de caf\u00e9s especiales (coffea arabica) producidos en el corregimiento cay- Ibagu\u00e9, Tolima -Colombia","Physicochemical characterization and antioxidant activity of specialty coffee matrices (coffea arabica) produced in the cay-Ibagu\u00e9 district, Tolima \u2013 Colombia"],"prefix":"10.22490","volume":"19","author":[{"given":"Diego Alberto","family":"Mar\u00edn Id\u00e1rraga","sequence":"first","affiliation":[],"role":[{"vocabulary":"crossref","role":"author"}]},{"given":"Guillermo","family":"Salamanca Grosso","sequence":"additional","affiliation":[],"role":[{"vocabulary":"crossref","role":"author"}]},{"given":"July Alexandra","family":"Hern\u00e1ndez L\u00f3pez","sequence":"additional","affiliation":[],"role":[{"vocabulary":"crossref","role":"author"}]}],"member":"9784","published-online":{"date-parts":[[2025,11,25]]},"reference":[{"key":"209116","doi-asserted-by":"crossref","unstructured":"Alvarado-Alvarado, G.; Posada-Su\u00e1rez, H. E.; Cortina-Guerrero, H. A. (2005). CASTILLO: Nueva variedad de caf\u00e9 con resistencia a la roya. Avances Tecnicos CENICAFE. 337.","DOI":"10.38141\/10779\/0337"},{"key":"209117","unstructured":"A.O.A.C. AOAC: (2000). Official Methods of Analysis. 17th ed. Vol. Volume I y, Association of Official Analytical Chemist."},{"key":"209118","unstructured":"A.O.A.C. AOAC: (1998). Official Methods of Analysis. 16th ed. Association of Official Analytical Chemist."},{"key":"209119","doi-asserted-by":"crossref","unstructured":"Brigitta, E., T. Bencsik, and N. Papp. (2016). Phytochemical overview and medicinal importance of Coffea species from the past until now. Asian Pac. J. Trop. Med. 9:1127-1135.","DOI":"10.1016\/j.apjtm.2016.11.008"},{"key":"209120","doi-asserted-by":"crossref","unstructured":"Butt, M.S., and M.T. Sultan. (2011). Coffee and its consumption: benefits and risks. Crit. Rev. Food Sci. Nutr. 51:363-373.","DOI":"10.1080\/10408390903586412"},{"key":"209121","doi-asserted-by":"crossref","unstructured":"Crozier, T.W.M.; Stalmach, A.; Lean, M.E.J.; Crozier, A. (2012). Espresso coffees, caffeine and chlorogenic acid intake: Potential health implications. Food Funct. 3, 3\u201333","DOI":"10.1039\/C1FO10240K"},{"key":"209122","unstructured":"Comit\u00e9 Cafeteros del Tolima. federaciondecafeteros.org\/static\/files\/Tolima3.pdf. Sin fecha."},{"key":"209123","doi-asserted-by":"crossref","unstructured":"Farah, A. (2012). Coffee Constituents. In: Chu YF, Coffee: Emerging Health Effects and Disease Prevention, Illinois: John Wiley & Sons, Inc. and Blackwell Publishing Ltd, 21\u201358.","DOI":"10.1002\/9781119949893.ch2"},{"key":"209124","doi-asserted-by":"crossref","unstructured":"Guil-Guerrero, J.L., L. Ramos, C. Moreno, J.C. Zu\u00f1iga-Paredes, M. Carlosama-Yepez, and P. Ruales. (2016). Antimicrobial activity of plant-food-by-products: A review focusing on the tropics. Livest. Sci.189:32-49.","DOI":"10.1016\/j.livsci.2016.04.021"},{"key":"209125","doi-asserted-by":"crossref","unstructured":"Jim\u00e9nez-Zamora, A., S. Pastoriza, and J. Rufi\u00e1n-Henares. (2015). Revalorization of coffee by-products. Prebiotic, antimicrobial and antioxidant properties. LWT - Food Sci. Technol. 61:12-18.","DOI":"10.1016\/j.lwt.2014.11.031"},{"key":"209126","unstructured":"Lazcano-S\u00e1nchez, E.; Trejo-M\u00e1rquez, M. A.; Vargas-Mart\u00ednez, M. G.; Pascual-Bustamante, S. (2015). Contenido de fenoles, cafe\u00edna y capacidad antioxidante de granos de caf\u00e9 verdes y tostados de diferentes estados de M\u00e9xico. Revista Iberoamericana de Tecnolog\u00eda Postcosecha, (16): 2. p 293-298."},{"key":"209127","doi-asserted-by":"crossref","unstructured":"Liang, N.; Kitts, D. (2015). Role of Chlorogenic Acids in Controlling Oxidative and Inflammatory Stress Conditions. Nutrients, 8(1), 16.","DOI":"10.3390\/nu8010016"},{"key":"209128","doi-asserted-by":"crossref","unstructured":"Liang, N.; Kitts, D. (2014). Antioxidant property of coffee components: Assessment of methods that define mechanisms of action. Molecules 2014, 19, 19180-19208.","DOI":"10.3390\/molecules191119180"},{"key":"209129","doi-asserted-by":"crossref","unstructured":"Martini, D., C. Del-Bo, M. Tassotti, P. Riso, D. Del-Rio, F. Brighenti, and M. Porrini. (2016). Coffee consumption and oxidative stress: a review of human intervention studies. Molecules 21(8):E979.","DOI":"10.3390\/molecules21080979"},{"key":"209130","doi-asserted-by":"crossref","unstructured":"McCarthy, R., and F. O\u2019Gara. (2015). The impact of phytochemicals present in the diet on microbial signalling in the human gut. J. Funct. Foods 14:684-691.","DOI":"10.1016\/j.jff.2015.02.032"},{"key":"209131","doi-asserted-by":"crossref","unstructured":"Ocampo-L\u00f3pez, O. L.; \u00c1lvarez-Herrera, L. M. (2017). Tendencia de la producci\u00f3n y el consumo del caf\u00e9 en Colombia. Apuntes del CENES. (36): 64. 139-165.","DOI":"10.19053\/01203053.v36.n64.2017.5419"},{"key":"209132","doi-asserted-by":"crossref","unstructured":"Osorio T.; M. P., Rodr\u00edguez Arias, N.; Salamanca G.G. (2017). T\u00e9cnicas de an\u00e1lisis multivariado, modelamiento factorial m\u00faltiple y PLS-PATH para estudio y clasificaci\u00f3n de tipos de mieles venezolanas de los estados de Lara y Yaracuy. Ciencia en Desarrollo, 8(1), 129\u2013143.","DOI":"10.19053\/01217488.v8.n1.2017.4732"},{"key":"209133","doi-asserted-by":"crossref","unstructured":"Parras, P.; Martineztome. M.; Jim\u00e9nez. A.; Murcia, M. (2007). Antioxidant capacity of coffees of several origins brewed following three different procedures. Food Chemistry, 102(3), 582\u2013592.","DOI":"10.1016\/j.foodchem.2006.05.037"},{"key":"209134","unstructured":"Samper, M.; Topik, S. Talbot, J. M. (2012). Crisis y transformaciones del mundo del caf\u00e9: Din\u00e1micas locales y estrategias nacionales en un periodo de adversidad e incertidumbre. Bogot\u00e1: Pontificia Universidad Javeriana. 330 p."},{"key":"209135","unstructured":"Salamanca, G.; Osorio, T.M.; Urrego, C. D. (2108). Chromatic Parameters and Morphological change in coffee beans during roasting operation. FS 1330-2 Pittcon Conferenca and Expo 2018.Orlado. Florida."},{"key":"209136","unstructured":"Salamanca, G.G., Hern\u00e1ndez, J.A., & Osorio, T.M. (2015). Fracci\u00f3n fen\u00f3lica y flavonoides totales del polen corbicular colombiano: actividad antioxidante y capacidad antirradicalaria. Zootecnia Trop., 33 (4): 351-374"},{"key":"209137","unstructured":"Santacruz, P. A. (2014). Efectos de la altitud sobre la calidad del caf\u00e9 torrefactado (Coffea Ar\u00e1bica L. Var. Colombia) producido en los municipios de Buesaco y La Uni\u00f3n \u2013 Nari\u00f1o, pertenecientes al ecotopo e \u2013220 a."},{"key":"209138","doi-asserted-by":"crossref","unstructured":"Siqueira-Palmeri, M.G., L.T. Cruz, F. Soares-Bertges, H. Moreira-H\u00fangaro, L.R. Batista, S.S. Da-Silva, M.J. Vieira-Fonseca, M. Pereira-Rodarte, F M. Pinto-Vilela, and M. Da-Penha. (2018). Enhancement of antioxidant properties from green coffee as promising ingredient for food and cosmetic industries. Biocatal. Agric. Biotechnol. 16:43-48.","DOI":"10.1016\/j.bcab.2018.07.011"},{"key":"209139","unstructured":"Selmar, D.; Kleinwachter, M.; Bytof, A. G. (2011). Metabolic Responses of Coff ee Beans during Processing and Their Imp act on Coffee Flavor, 5\u2013 11."},{"key":"209140","unstructured":"Stefan Dobrev, S.; Angelov, S. (2019). Antioxidants in coffe. 3rd International Conference on Bio-antioxidants (Bio-Antioxidants 2019). Nessebar, Bulgaria."},{"key":"209141","unstructured":"Valerio-Cubillo, O.; Vargas-El\u00edas, G. A. , Abarcamora, R.; Barboza-Barquero, L.; Carmona-Villalobos, G. (2016). Estudio de la cin\u00e9tica de cambio de color de caf\u00e9 tostado usando an\u00e1lisis de im\u00e1genes en image j"},{"key":"209142","doi-asserted-by":"crossref","unstructured":"Wang, X.; Lim, L.-T. (2013). A Kinetics and Modeling Study of Coffee Roasting Under Isothermal Conditions. Food and Bioprocess Technology, 7(3), 621\u2013632.","DOI":"10.1007\/s11947-013-1159-8"},{"key":"209143","unstructured":"Zavaleta, J., Mu\u00f1os, A.M., Blanco T., Alvarado, c., Loja, B. (2012). Capacidad antioxidante y principales \u00e1cidos fen\u00f3licos y flavonoides de algunos alimentos. Disponible en: http:\/\/www.medicina.usmp.edu.pe\/ actamedica\/2012_I\/Art1_Vol1_N15.pdf"}],"container-title":["Publicaciones e Investigaci\u00f3n"],"link":[{"URL":"https:\/\/hemeroteca.unad.edu.co\/index.php\/publicaciones-e-investigacion\/article\/download\/10540\/8835","content-type":"application\/pdf","content-version":"vor","intended-application":"text-mining"},{"URL":"https:\/\/hemeroteca.unad.edu.co\/index.php\/publicaciones-e-investigacion\/article\/download\/10540\/8940","content-type":"text\/xml","content-version":"vor","intended-application":"text-mining"},{"URL":"https:\/\/hemeroteca.unad.edu.co\/index.php\/publicaciones-e-investigacion\/article\/download\/10540\/8835","content-type":"unspecified","content-version":"vor","intended-application":"similarity-checking"}],"deposited":{"date-parts":[[2026,8,24]],"date-time":"2026-08-24T20:44:16Z","timestamp":1787604256000},"score":0.0,"resource":{"primary":{"URL":"https:\/\/hemeroteca.unad.edu.co\/index.php\/publicaciones-e-investigacion\/article\/view\/10540"}},"issued":{"date-parts":[[2025,11,25]]},"references-count":28,"journal-issue":{"issue":"3","published-online":{"date-parts":[[2025,12,1]]}},"URL":"https:\/\/doi.org\/10.22490\/25394088.10540","ISSN":["2539-4088","1900-6608"],"issn-type":[{"value":"2539-4088","type":"electronic"},{"value":"1900-6608","type":"print"}],"published":{"date-parts":[[2025,11,25]]}},{"indexed":{"date-parts":[[2023,12,10]],"date-time":"2023-12-10T20:10:13Z","timestamp":1702239013771},"reference-count":0,"publisher":"Universidad Nacional Abierta y a Distancia","issue":"7","license":[{"start":{"date-parts":[[2007,6,15]],"date-time":"2007-06-15T00:00:00Z","timestamp":1181865600000},"content-version":"unspecified","delay-in-days":0,"URL":"http:\/\/creativecommons.org\/licenses\/by\/4.0"}],"content-domain":{"domain":[],"crossmark-restriction":false},"short-container-title":["nova"],"abstract":"<jats:p>La amplitud de acomodaci\u00f3n y la vergencia son dos factores de la habilidad funcional visual, que al estar alterados influyen frecuentemente en los escolares hasta el punto de ser condiciones en el aprendizaje de la lectoescritura. El objetivo principal de esta investigaci\u00f3n fue demostrar que estas alteraciones influyen en el desempe\u00f1o lecto-escritor. Este estudio descriptivo y correlacional, tom\u00f3 como poblaci\u00f3n escolar ni\u00f1os entre 7 y 9 a\u00f1os de edad de segundo a cuarto grados de primaria de un colegio de Bogot\u00e1. Respetando los criterios de inclusi\u00f3n, se les evaluaron las habilidades visuales de acomodaci\u00f3n y de vergencia as\u00ed como la lectura y la escritura.Mediante la prueba chi cuadrado se logr\u00f3 demostrar que existe relaci\u00f3n entre las variables. Este trabajo corresponde a la l\u00ednea de investigaci\u00f3n de Problemas de Aprendizaje desarrollada por la Facultad de Optometr\u00eda de la Universidad Antonio Nari\u00f1o. Sus resultados permitieron, entre otras cosas, hacer ajustes a protocolos e instrumentos de variables, con el fin de tenerlos en cuenta en proyectos futuros.<\/jats:p>","DOI":"10.22490\/24629448.374","type":"journal-article","created":{"date-parts":[[2017,5,2]],"date-time":"2017-05-02T21:52:04Z","timestamp":1493761924000},"page":"57-64","source":"Crossref","is-referenced-by-count":3,"title":["Relaci\u00f3n entre el sistema de acomodaci\u00f3n, el sistema de vergencias y los problemas de lecto-escritura en los ni\u00f1os de segundo a cuarto de primaria de un colegio de Bogot\u00e1"],"prefix":"10.22490","volume":"5","author":[{"given":"Sandra Bibiana","family":"Paez","sequence":"first","affiliation":[],"role":[{"role":"author","vocabulary":"crossref"}]},{"given":"Yadira Helena","family":"Perea","sequence":"additional","affiliation":[],"role":[{"role":"author","vocabulary":"crossref"}]}],"member":"9784","published-online":{"date-parts":[[2007,6,15]]},"container-title":["Nova"],"link":[{"URL":"https:\/\/hemeroteca.unad.edu.co\/index.php\/nova\/article\/download\/374\/1176","content-type":"application\/pdf","content-version":"vor","intended-application":"text-mining"},{"URL":"https:\/\/hemeroteca.unad.edu.co\/index.php\/nova\/article\/download\/374\/1176","content-type":"unspecified","content-version":"vor","intended-application":"similarity-checking"}],"deposited":{"date-parts":[[2023,12,10]],"date-time":"2023-12-10T19:55:44Z","timestamp":1702238144000},"score":0.0,"resource":{"primary":{"URL":"https:\/\/hemeroteca.unad.edu.co\/index.php\/nova\/article\/view\/374"}},"issued":{"date-parts":[[2007,6,15]]},"references-count":0,"journal-issue":{"issue":"7","published-online":{"date-parts":[[2007,6,15]]}},"URL":"https:\/\/doi.org\/10.22490\/24629448.374","ISSN":["2462-9448","1794-2470"],"issn-type":[{"value":"2462-9448","type":"electronic"},{"value":"1794-2470","type":"print"}],"published":{"date-parts":[[2007,6,15]]}},{"indexed":{"date-parts":[[2025,2,21]],"date-time":"2025-02-21T22:51:24Z","timestamp":1740178284597,"version":"3.37.3"},"reference-count":0,"publisher":"Universidad Nacional Abierta y a Distancia","issue":"2","license":[{"start":{"date-parts":[[2018,7,1]],"date-time":"2018-07-01T00:00:00Z","timestamp":1530403200000},"content-version":"unspecified","delay-in-days":0,"URL":"https:\/\/creativecommons.org\/licenses\/by-nc-sa\/4.0"}],"content-domain":{"domain":[],"crossmark-restriction":false},"short-container-title":["Publ. investig."],"abstract":"<jats:p>El guayabo, y su fruto, la guayaba, es una especie de peque\u00f1o \u00e1rbol perteneciente a la familia de las mirt\u00e1ceas. Este trabajo se desarroll\u00f3 en cuatro fases de las cuales destacamos la primera y la tercera por corresponder a las etapas de toma y an\u00e1lisis de datos respectivamente. La fase inicial comprendi\u00f3 la revisi\u00f3n bibliogr\u00e1fica en la cual se tuvo en cuenta el reconocimiento del lugar, tipo de cultivo a estudiar y el sistema de riego adecuado para la elaboraci\u00f3n del diagn\u00f3stico del cultivo as\u00ed mismo del consumo de agua para el cultivo guayaba pera. Para los c\u00e1lculos de la huella h\u00eddrica azul, verde y gris se aplic\u00f3 la metodolog\u00eda del Manual de evaluaci\u00f3n de la huella h\u00eddrica propuesto por Arjen Y. Hoekstra, donde fue necesario contar con la informaci\u00f3n de campo, datos como el \u00e1rea del cultivo, la cantidad de \u00e1rboles sembrados, el m\u00e9todo de riego y el rendimiento del cultivo. Para la tercera fase mediante los datos obtenidos por el modelamiento de los datos a trav\u00e9s del software CropWat 8.0 se pudo determinar un valor de la huella h\u00eddrica total de cultivo con un valor de 0,55 m3\/ton cuyo valor no alcanza a ser suministrado por la precipitaci\u00f3n presentada en el lugar, debido a esto se realiza la captaci\u00f3n de un cuerpo de agua cercano, actividad que afecta directamente a la poblaci\u00f3n que vive aguas abajo del cultivo, ya que reduce en una forma considerable el caudal del ca\u00f1o en \u00e9pocas de verano por lo que en la fase cinco se determin\u00f3 que la mejor alternativa era la de implementar un pozo profundo para complementar la hidrataci\u00f3n requerida de la planta.<\/jats:p>","DOI":"10.22490\/25394088.2963","type":"journal-article","created":{"date-parts":[[2020,3,9]],"date-time":"2020-03-09T13:14:23Z","timestamp":1583759663000},"page":"69-81","source":"Crossref","is-referenced-by-count":0,"title":["Determinaci\u00f3n de la huella h\u00eddrica para un cultivo de guayaba pera (Psidium guajava)"],"prefix":"10.22490","volume":"12","author":[{"ORCID":"https:\/\/orcid.org\/0000-0002-0260-4874","authenticated-orcid":false,"given":"Javier Hernando","family":"Corba Piraquive","sequence":"first","affiliation":[],"role":[{"role":"author","vocabulary":"crossref"}]},{"ORCID":"https:\/\/orcid.org\/0000-0002-0297-7195","authenticated-orcid":false,"given":"Luis Javier","family":"Vargas G\u00f3mez","sequence":"additional","affiliation":[],"role":[{"role":"author","vocabulary":"crossref"}]},{"ORCID":"https:\/\/orcid.org\/0000-0002-4476-0816","authenticated-orcid":false,"given":"Jes\u00fas Alfonso","family":"Torres Ortega","sequence":"additional","affiliation":[],"role":[{"role":"author","vocabulary":"crossref"}]}],"member":"9784","published-online":{"date-parts":[[2018,7,1]]},"container-title":["Publicaciones e Investigaci\u00f3n"],"link":[{"URL":"https:\/\/hemeroteca.unad.edu.co\/index.php\/publicaciones-e-investigacion\/article\/download\/2963\/3078","content-type":"application\/pdf","content-version":"vor","intended-application":"text-mining"},{"URL":"https:\/\/hemeroteca.unad.edu.co\/index.php\/publicaciones-e-investigacion\/article\/download\/2963\/3017","content-type":"text\/html","content-version":"vor","intended-application":"text-mining"},{"URL":"https:\/\/hemeroteca.unad.edu.co\/index.php\/publicaciones-e-investigacion\/article\/download\/2963\/3078","content-type":"unspecified","content-version":"vor","intended-application":"similarity-checking"}],"deposited":{"date-parts":[[2020,3,9]],"date-time":"2020-03-09T13:14:27Z","timestamp":1583759667000},"score":0.0,"resource":{"primary":{"URL":"https:\/\/hemeroteca.unad.edu.co\/index.php\/publicaciones-e-investigacion\/article\/view\/2963"}},"issued":{"date-parts":[[2018,7,1]]},"references-count":0,"journal-issue":{"issue":"2","published-online":{"date-parts":[[2018,7,1]]}},"URL":"https:\/\/doi.org\/10.22490\/25394088.2963","ISSN":["2539-4088","1900-6608"],"issn-type":[{"type":"electronic","value":"2539-4088"},{"type":"print","value":"1900-6608"}],"published":{"date-parts":[[2018,7,1]]}},{"indexed":{"date-parts":[[2025,5,14]],"date-time":"2025-05-14T07:42:26Z","timestamp":1747208546333,"version":"3.40.5"},"reference-count":4,"publisher":"Universidad Nacional Abierta y a Distancia","content-domain":{"domain":[],"crossmark-restriction":false},"DOI":"10.22490\/28060164.10","type":"journal-article","created":{"date-parts":[[2024,6,26]],"date-time":"2024-06-26T18:06:25Z","timestamp":1719425185000},"source":"Crossref","is-referenced-by-count":0,"title":["Bolet\u00edn informativo N\u00famero diez: octubre: mes de la Ciberseguridad"],"prefix":"10.22490","author":[{"ORCID":"https:\/\/orcid.org\/0000-0002-4690-3526","authenticated-orcid":false,"given":"Fernando","family":"Zambrano Hern\u00e1ndez","sequence":"first","affiliation":[{"name":"CIP \u2013 CSIRT Acad\u00e9mico UNAD"}],"role":[{"role":"author","vocabulary":"crossref"}]},{"ORCID":"https:\/\/orcid.org\/0000-0003-3691-0148","authenticated-orcid":false,"given":"N\u00e9stor Ra\u00fal","family":"C\u00e1rdenas Corral","sequence":"additional","affiliation":[{"name":"CIP \u2013 CSIRT Acad\u00e9mico UNAD"}],"role":[{"role":"author","vocabulary":"crossref"}]},{"ORCID":"https:\/\/orcid.org\/0000-0003-0128-1214","authenticated-orcid":false,"given":"John Fredy","family":"Quintero Tamayo","sequence":"additional","affiliation":[{"name":"CIP \u2013 CSIRT Acad\u00e9mico UNAD"}],"role":[{"role":"author","vocabulary":"crossref"}]}],"member":"9784","published-online":{"date-parts":[[2022,10,31]]},"reference":[{"key":"ref0","unstructured":"Cybersecurity awareness tips from Microsoft to empower your team to #BeCyberSmart. [En l\u00ednea] Microsoft. Recuperado: https:\/\/www.microsoft.com\/enus\/security\/blog\/?p=122149ocid=eml_pg362740_gdc_comm_mw&mkt_tok=MTU3LUdRRS0zODIAAAGHqjGKSqLeTKgC2cF57fKc4xdy_1UNFjCFmK-Tbzr-zLgiSjswheox-7asHBNHwrdmiJD5FX6GKlTiNdiqGBWnZyfqFWMltDwv5P1XmcIaKHbC0e6hBNCM [\u00daltimo acceso: 28 10 2022]"},{"key":"ref1","unstructured":"Cifrar mensajes de correo. [En l\u00ednea] Microsoft. Recuperado: https:\/\/support.microsoft.com\/es-es\/office\/cifrarmensajes-de-correo-373339cb-bf1a-4509-b296-802a39d801dc#:~:text=Cifrar%20un%20solo%20mensaje,continuaci%C3%B3n%2C%20haga%20clic%20en%20Enviar [\u00daltimo acceso: 28 10 2022]."},{"key":"ref2","unstructured":"C\u00f3mo guardar, administrar y proteger tus contrase\u00f1as. [En l\u00ednea] Google. Recuperado: https:\/\/support.google.com\/accounts\/answer\/6208650?hl=es-419 [\u00daltimo acceso: 28 10 2022]"},{"key":"ref3","unstructured":"C\u00f3mo guardar, administrar y proteger tus contrase\u00f1as. [En l\u00ednea] Google. Recuperado: https:\/\/support.google.com\/accounts\/answer\/6208650?hl=es-419 [\u00daltimo acceso: 28 10 2022]"}],"container-title":["E-boleti\u0301n Informativo: Centro de respuestas a incidentes informa\u0301ticos"],"deposited":{"date-parts":[[2024,6,26]],"date-time":"2024-06-26T18:06:45Z","timestamp":1719425205000},"score":0.0,"resource":{"primary":{"URL":"https:\/\/selloeditorial.unad.edu.co\/images\/2022\/boletines-cip-csirt\/boletin_10.pdf"}},"issued":{"date-parts":[[2022,10,31]]},"references-count":4,"URL":"https:\/\/doi.org\/10.22490\/28060164.10","ISSN":["2806-0164"],"issn-type":[{"type":"electronic","value":"2806-0164"}],"published":{"date-parts":[[2022,10,31]]}},{"indexed":{"date-parts":[[2025,11,13]],"date-time":"2025-11-13T22:13:02Z","timestamp":1763071982540,"version":"3.45.0"},"reference-count":0,"publisher":"Sello Editorial UNAD","isbn-type":[{"value":"9786287786547","type":"electronic"}],"content-domain":{"domain":[],"crossmark-restriction":false},"published-print":{"date-parts":[[2025]]},"abstract":"<jats:p\/>","DOI":"10.22490\/unad.9786287786547.9","type":"book-chapter","created":{"date-parts":[[2025,11,13]],"date-time":"2025-11-13T22:10:12Z","timestamp":1763071812000},"page":"132-153","source":"Crossref","is-referenced-by-count":0,"title":["Cap\u00edtulo 9 | De la sombra a la luz: pasos filos\u00f3ficos en el camino de la des-inserci\u00f3n social"],"prefix":"10.22490","author":[{"given":"Luis Alberto","family":"Triana Llano","sequence":"first","affiliation":[],"role":[{"role":"author","vocabulary":"crossref"}]}],"member":"9784","container-title":["Ecos de libertad"],"deposited":{"date-parts":[[2025,11,13]],"date-time":"2025-11-13T22:10:15Z","timestamp":1763071815000},"score":0.0,"resource":{"primary":{"URL":"https:\/\/libros.unad.edu.co\/index.php\/selloeditorial\/catalog\/view\/328\/344\/7612"}},"issued":{"date-parts":[[2025]]},"ISBN":["9786287786547"],"references-count":0,"URL":"https:\/\/doi.org\/10.22490\/unad.9786287786547.9","published":{"date-parts":[[2025]]}},{"indexed":{"date-parts":[[2025,5,14]],"date-time":"2025-05-14T07:42:34Z","timestamp":1747208554744,"version":"3.40.5"},"reference-count":0,"publisher":"Universidad Nacional Abierta y a Distancia, UNAD","isbn-type":[{"type":"print","value":"9789586516501"}],"content-domain":{"domain":[],"crossmark-restriction":false},"DOI":"10.22490\/9789586516501","type":"edited-book","created":{"date-parts":[[2019,8,29]],"date-time":"2019-08-29T18:51:21Z","timestamp":1567104681000},"source":"Crossref","is-referenced-by-count":0,"title":["Metodolog\u00edas para la estimaci\u00f3n de sostenibilidad agropecuaria"],"prefix":"10.22490","author":[{"ORCID":"https:\/\/orcid.org\/0000-0003-2755-8111","authenticated-orcid":false,"given":"Jorge Armando","family":"Fonseca Carre\u00f1o","sequence":"first","affiliation":[],"role":[{"role":"author","vocabulary":"crossref"}]},{"ORCID":"https:\/\/orcid.org\/0000-0002-0237-2217","authenticated-orcid":false,"given":"Edwin Manuel","family":"P\u00e1ez Bar\u00f3n","sequence":"additional","affiliation":[],"role":[{"role":"author","vocabulary":"crossref"}]},{"ORCID":"https:\/\/orcid.org\/0000-0002-4214-7276","authenticated-orcid":false,"given":"Emma Sof\u00eda","family":"Corredor Camargo","sequence":"additional","affiliation":[],"role":[{"role":"author","vocabulary":"crossref"}]}],"member":"9784","published-online":{"date-parts":[[2018,12]]},"deposited":{"date-parts":[[2022,5,27]],"date-time":"2022-05-27T21:53:39Z","timestamp":1653688419000},"score":0.0,"resource":{"primary":{"URL":"https:\/\/libros.unad.edu.co\/index.php\/selloeditorial\/catalog\/book\/98"}},"issued":{"date-parts":[[2018,12]]},"ISBN":["9789586516501"],"references-count":0,"URL":"https:\/\/doi.org\/10.22490\/9789586516501","published":{"date-parts":[[2018,12]]}},{"indexed":{"date-parts":[[2025,5,14]],"date-time":"2025-05-14T07:42:25Z","timestamp":1747208545945,"version":"3.40.5"},"reference-count":0,"publisher":"Universidad Nacional Abierta y a Distancia","content-domain":{"domain":[],"crossmark-restriction":false},"abstract":"<jats:p>En la era digital que vivimos, la ciberseguridad es fundamental para reducir el riesgo en nuestro entorno digital. Proteger la informaci\u00f3n acad\u00e9mica, administrativa y financiera, as\u00ed como la propiedad intelectual generada en procesos de I+D+i y la imagen reputacional; los espacios de educaci\u00f3n relacionados con la seguridad de la informaci\u00f3n es una prioridad. Teniendo presente lo anterior, es crucial el trabajo que viene desarrollando la UNAD estableciendo medidas de ciberseguridad adecuadas para protegerse contra ciberataques y es crucial el que toda la plataforma humana UNADISTA conozca la importancia de hablar de ciberseguridad.\n\nEl presente bolet\u00edn tiene como prop\u00f3sito recordar algunos conceptos que permitan conocer cada vez m\u00e1s sobre la disciplina de la ciberseguridad y la importancia de su implementaci\u00f3n y familiarizaci\u00f3n con t\u00e9cnicas de ataques y como poder reportarlas.<\/jats:p>","DOI":"10.22490\/28060164.13","type":"journal-article","created":{"date-parts":[[2024,6,27]],"date-time":"2024-06-27T20:54:56Z","timestamp":1719521696000},"source":"Crossref","is-referenced-by-count":0,"title":["Bolet\u00edn informativo N\u00famero trece: marzo: \u00bfC\u00f3mo aportar a la mejora de la Ciberseguridad UNADISTA?"],"prefix":"10.22490","author":[{"ORCID":"https:\/\/orcid.org\/0000-0002-4690-3526","authenticated-orcid":false,"given":"Fernando","family":"Zambrano Hern\u00e1ndez","sequence":"first","affiliation":[{"name":"CSIRT Acad\u00e9mico UNAD"}],"role":[{"role":"author","vocabulary":"crossref"}]},{"ORCID":"https:\/\/orcid.org\/0000-0002-3477-2645","authenticated-orcid":false,"given":"Hernando Jos\u00e9","family":"Pe\u00f1a Hidalgo","sequence":"additional","affiliation":[{"name":"CSIRT Acad\u00e9mico UNAD"}],"role":[{"role":"author","vocabulary":"crossref"}]},{"ORCID":"https:\/\/orcid.org\/0000-0003-0128-1214","authenticated-orcid":false,"given":"John Fredy","family":"Quintero Tamayo","sequence":"additional","affiliation":[{"name":"CSIRT Acad\u00e9mico UNAD"}],"role":[{"role":"author","vocabulary":"crossref"}]},{"ORCID":"https:\/\/orcid.org\/0000-0003-3691-0148","authenticated-orcid":false,"given":"N\u00e9stor Ra\u00fal","family":"C\u00e1rdenas Corral","sequence":"additional","affiliation":[{"name":"CIP \u2013 CSIRT Acad\u00e9mico UNAD"}],"role":[{"role":"author","vocabulary":"crossref"}]}],"member":"9784","published-online":{"date-parts":[[2023,3,27]]},"container-title":["E-boleti\u0301n Informativo: Centro de respuestas a incidentes informa\u0301ticos"],"deposited":{"date-parts":[[2024,6,27]],"date-time":"2024-06-27T20:54:57Z","timestamp":1719521697000},"score":0.0,"resource":{"primary":{"URL":"https:\/\/selloeditorial.unad.edu.co\/images\/2022\/boletines-cip-csirt\/Boletin_13.pdf"}},"issued":{"date-parts":[[2023,3,27]]},"references-count":0,"URL":"https:\/\/doi.org\/10.22490\/28060164.13","ISSN":["2806-0164"],"issn-type":[{"type":"electronic","value":"2806-0164"}],"published":{"date-parts":[[2023,3,27]]}},{"indexed":{"date-parts":[[2025,5,14]],"date-time":"2025-05-14T07:44:02Z","timestamp":1747208642989,"version":"3.40.5"},"reference-count":43,"publisher":"Universidad Nacional Abierta y a Distancia","issue":"2","license":[{"start":{"date-parts":[[2019,6,19]],"date-time":"2019-06-19T00:00:00Z","timestamp":1560902400000},"content-version":"unspecified","delay-in-days":0,"URL":"http:\/\/creativecommons.org\/licenses\/by-nc-sa\/4.0"}],"content-domain":{"domain":[],"crossmark-restriction":false},"short-container-title":["rev.investig.agrar.ambient."],"abstract":"<jats:p>La disponibilidad de alimento en la naturaleza no es est\u00e1tica, se presenta como un fen\u00f3meno din\u00e1mico que depende y var\u00eda en funci\u00f3n de m\u00faltiples factores dentro del ecosistema. En este trabajo se expone mediante un estudio de caso, \u00a0las diferentes estrategias de pesca en una poblaci\u00f3n de nutrias gigante (Pteronura brasiliensis) que posiblemente sean el resultado evolutivo de presiones ambientales.\u00a0Este comportamiento se estudi\u00f3 a trav\u00e9s de observaciones ad-libitum, desde rocas y \u00e1rboles de 10 a 20 metros de altura con un rango de visi\u00f3n horizontal de 110\u00ba. Algunos par\u00e1metros analizados fueron: estrategia de pesca, tipo de orilla, tiempo invertido en la pesca, n\u00famero de nutrias activas (nutrias que participaron en la pesca), profundidad, condiciones clim\u00e1ticas, y efectividad de la pesca. Se observ\u00f3 que un grupo de nutrias se sumerge en promedio en intervalos de 16x\"&gt; = 13 segundos y \u03c3 2 = 8.54, el n\u00famero promedio de nutras participando de la pesca fue de 7 y la pesca exitosa fue de hasta el 87%. En total se observaron 11 comportamientos cooperativos de pesca los cuales se clasificaron en tres grupos: Punta de flecha, filas y corraleo, la m\u00e1s frecuentes fue la punta de flecha con un porcentaje de 38%.<\/jats:p>","DOI":"10.22490\/21456453.2749","type":"journal-article","created":{"date-parts":[[2019,7,25]],"date-time":"2019-07-25T13:40:42Z","timestamp":1564062042000},"page":"75-88","source":"Crossref","is-referenced-by-count":0,"title":["Comportamiento de forrajeo en nutrias gigantes (Pteronura brasiliensis) estudio de caso en Santa Rosa de Sapuara, departamento de Guain\u00eda, Colombia"],"prefix":"10.22490","volume":"10","author":[{"ORCID":"https:\/\/orcid.org\/0000-0003-4911-8424","authenticated-orcid":false,"given":"Engelbert","family":"Chavez-Fontecha","sequence":"first","affiliation":[],"role":[{"role":"author","vocabulary":"crossref"}]},{"ORCID":"https:\/\/orcid.org\/0000-0002-9791-0822","authenticated-orcid":false,"given":"M. Janeth","family":"Ortega Torres","sequence":"additional","affiliation":[],"role":[{"role":"author","vocabulary":"crossref"}]},{"ORCID":"https:\/\/orcid.org\/0000-0003-3332-6173","authenticated-orcid":false,"given":"Jos\u00e9 Camilo","family":"Torres Romero","sequence":"additional","affiliation":[],"role":[{"role":"author","vocabulary":"crossref"}]}],"member":"9784","published-online":{"date-parts":[[2019,6,19]]},"reference":[{"key":"ref0","unstructured":"Alcock , J. (1993). Animal behavior: An evolutionary approach (Fifth ed.). Sunderland: Sinauer Associates. Retrieved from http:\/\/psycnet.apa.org\/psycinfo\/1993-97586-000"},{"key":"ref1","doi-asserted-by":"publisher","DOI":"10.1146\/annurev.es.05.110174.001545","article-title":"The Evolution of Social Behavior","author":"Alexander","year":"1974","unstructured":"Alexander, R. D. (1974). The Evolution of Social Behavior. Annual Review of Ecology and Systematics, V, 325-383. Retrieved July 28, 2015, from http:\/\/www.jstor.org\/stable\/2096892","journal-title":"Annual Review of Ecology and Systematics V 325-383 Retrieved July 28 2015 from http"},{"key":"ref2","doi-asserted-by":"publisher","unstructured":"Altmann, J. (1974, March 15). Observational Study Of Behaviour: Sampling Methods. Behaviour Magazine, XLIX, 227-265.","DOI":"10.1163\/156853974X00534"},{"key":"ref3","unstructured":"\u00c1lvarez-Le\u00f3n, R. (2009, January-June). Importancia de los peces en la nutrici\u00f3n de la nutria gigante de rio (Pteronura brasiliensis) (carn\u00edvora: mustelidae) en Colombia. Luna Azul Journal(28), 8-14."},{"key":"ref4","doi-asserted-by":"publisher","unstructured":"Arden-Clarke, C. H. (1986, June). Population density, home range size and spatial organization of the Cape clawless otter, Aonyx capensis, in a marine habitat. Journal of Zoology, CCIX(2), 201-211. doi:10.1111\/j.1469-7998.1986.tb03576.x","DOI":"10.1111\/j.1469-7998.1986.tb03576.x"},{"key":"ref5","doi-asserted-by":"publisher","unstructured":"Blundell, G. M., Ben-David, M., & Bowyer, T. (2002, May 14). Sociality in river otters: cooperative foraging or reproductive strategies? Behavioral Ecology, XIII(1), 134-141. Retrieved February 10, 2015, from Behavioral Ecology Web Site: http:\/\/beheco.oxfordjournals.org\/content\/13\/1\/134.full.pdf+html","DOI":"10.1093\/beheco\/13.1.134"},{"key":"ref6","doi-asserted-by":"publisher","unstructured":"Blundell, G. M., Ben-David, M., Groves, P., Bowyer, R. T., & Geffen, E. (2004, June 11). Kinship and sociality in coastal river otters: are they related? Behavioral Ecology, XV(5), 705-714. doi:10.1093\/beheco\/arh110","DOI":"10.1093\/beheco\/arh110"},{"key":"ref7","unstructured":"Boh\u00f3rquez Gonz\u00e1lez, A. (1994). Filogenia del Comportamiento. (L. Garc\u00eda de Andrade, Ed.) Bogot\u00e1, Colombia: Universidad Incca de Colombia."},{"key":"ref8","unstructured":"Capman, R. (1990). El animal y su universo, estudio dinamico del comportamiento (First ed.). (S. Fern\u00e1ndez, Trans.) M\u00e9xico, M\u00e9xico: Fondo de la cultura econ\u00f3mica."},{"key":"ref9","unstructured":"Carrasquilla, M. C., & Trujillo, F. (2004). Uso De H\u00e1bitat, Comportamiento Y Dieta De La Nutria Gigante (Pteronura brasiliensis) En El Rio Orinoco. Vichada - Colombia. En El Bajo R\u00edo Bita (Vichada-Colombia). In F. Trujillo, M. C. Diazgranados, L. Fuentes, Y. Llanos, J. Mart\u00ednez, D. N. Castelblanco, . . . G. Bravo, M. C. Diazgranados, & F. Trujillo (Eds.), Estudios De Fauna Silvestre En Ecosistemas Acu\u00e1ticos En La Orinoqu\u00eda Colombiana (pp. 179 - 201). Bogot\u00e1, Colombia: Pontificia Universidad Javeriana, Facultad de Estudios Ambientales y Rurales."},{"key":"ref10","doi-asserted-by":"publisher","unstructured":"Creel, S., & Creel, N. (1995, March 14). Communal hunting and pack size in African wild dogs, Lycaon pictus. Animal Behaviour, L(5), 1325-1339.","DOI":"10.1016\/0003-3472(95)80048-4"},{"key":"ref11","doi-asserted-by":"crossref","unstructured":"Cutts, C. J., & Speakman, J. R. (1994, January 12). Energy Savings In Formation Flight Of Pink-Footed. J. exp. Biol, CLXXXIX(1), 251-261. Retrieved February 2, 2014, from http:\/\/jeb.biologists.org\/content\/jexbio\/189\/1\/251.full.pdf","DOI":"10.1242\/jeb.189.1.251"},{"key":"ref12","unstructured":"Davenport, L. (2008). Behavior and Ecology of the giant Otter (Pteronura brasiliensis) in Oxbow Lakes of the Man\u00fa Biosphere Reserve, Per\u00fa. North Carolina: The University of North Carolina at Chapel Hill."},{"key":"ref13","doi-asserted-by":"publisher","unstructured":"Davenport, L. (2010, June 30). Aid to a Declining Matriarch in the Giant Otter (Pteronura brasiliensis). (K. McComb, Editor) doi:10.1371\/journal.pone.0011385","DOI":"10.1371\/journal.pone.0011385"},{"key":"ref14","unstructured":"Dom\u00ednguez, C. A. (1985). Amazon\u00eda Colombiana, Visi\u00f3n General. Bogot\u00e1, Colombia: Talleres Gr\u00e1ficos Banco Popular."},{"key":"ref15","doi-asserted-by":"crossref","unstructured":"Duplaix, N. (1980). Observations on the ecology and behavior of the Giant River Otter Pteronura brasiliensis in Suriname. Revue d'\u00c9cologie Terre et Vie., XXXIV(4), 495-620.","DOI":"10.3406\/revec.1980.4073"},{"key":"ref16","unstructured":"Evangelista, E. (2004, August 18). Change Of Partners In A Giant Otter Alpha Couple. IUCN Otter Spec. Group Bull., XXI(1), 47-51."},{"key":"ref17","unstructured":"Evangelista, E., & Rosas, F. (2011, March). The Home Range And Movements Of Giant Otters (Pteronura brasiliensis) In The Xixua\u00fa Reserve, Roraima, Brazil. IUCN Otter Spec, I(A)(28), 31-37."},{"key":"ref18","doi-asserted-by":"publisher","unstructured":"Gittleman, J. L. (1989). Carnivore Group Living: Comparative Trends. In Cornell University Press, & J. L. Gittleman (Ed.), Carnivore Behavior, Ecology, and Evolution (First ed., pp. 183-207). New York, USA: Chapman & Hall. doi:10.1007\/978-1-4613-0855-3_8","DOI":"10.1007\/978-1-4613-0855-3_8"},{"key":"ref19","unstructured":"G\u00f3mez, j. R. (2004). Ecolog\u00eda alimentaria de la nutr\u00eda gigante (Pteronura brasiliensis) en el bajo R\u00edo Bita (Vichada-colombia). In f. Trujillo, m. C. Diazgranados, l. Fuentes, y. Llanos, j. Mart\u00ednez, d. N."},{"key":"ref20","unstructured":"Castelblanco, . G. Bravo, M. C. Diazgranados, & f. Trujillo (eds.), Estudios de fauna silvestre en ecosistemas acu\u00e1ticos en la orinoqu\u00eda colombiana (p. 403). Bogot\u00e1, colombia: Pontificia Universidad Javeriana, Facultad de Estudios Ambientales y Rurales, Instituto de Estudios Ambientales para el Desarrollo, Departamento de Ecolog\u00eda y Territorio."},{"key":"ref21","unstructured":"Groenendijk, J., Duplaix, N., Hajek, F., Schenck, C., & Staib, E. (2005). Standard Field Survey Techniques for the Giant Otter. In J. Groenendijk, F. Hajek, N. Duplaix, C. Reuther, P. Van Damme, C."},{"key":"ref22","unstructured":"Schenck, . . . J. C. Botello, C. Reuther, O. K\u00f6lsch, & W. Jan\u00dfen (Eds.), Habitad. Arbeitsberichte der Aktion Fischotterschutz (First ed., pp. 11-30). Hankensb\u00fcttel:, Germany: Verlag der GN-Gruppe Naturschutz GmbH. Retrieved October 7."},{"key":"ref23","unstructured":"Groenendijk, J., Duplaix, N., Marmontel, M., Van Damme, P., & Schenck, C. (2015, June 2). Pteronura brasiliensis. Retrieved October 7, 2015, from The IUCN Red List of Threatened Species Web Site: http:\/\/www.iucnredlist.org\/details\/18711\/0"},{"key":"ref24","unstructured":"IDEAM. (2012). Valores totales diarios de precipitaci\u00f3n. Estaci\u00f3n 3215006 Sapuara, Municipio de Barrancominas, Departamento del Guain\u00eda. Instituto de Hidrolog\u00eda y Meteorolog\u00eda y Estudios Ambientales. Bogot\u00e1 D.C."},{"key":"ref25","unstructured":"Klopfer, P. (1976). Introducci\u00f3n al comportamiento animal : un siglo de Etolog\u00eda. (J. J. Utrilla, Trans.) M\u00e9xico: Fondo de Cultura Econ\u00f3mica."},{"key":"ref26","doi-asserted-by":"crossref","unstructured":"Kruuk, H. (1995). Wild Otters. Predation and Populations. Oxford, Estados Unidos: Oxford University Press.","DOI":"10.1093\/oso\/9780198540700.001.0001"},{"key":"ref27","doi-asserted-by":"publisher","DOI":"10.1093\/acprof:oso\/9780198565871.001.0001","author":"Kruuk","year":"2006","unstructured":"Kruuk, H. (2006). Otters. Ecology Behaviour and conservation (First ed.). New York, Estados Unidos: Oxford University press.","journal-title":"Otters"},{"key":"ref28","doi-asserted-by":"publisher","unstructured":"Kruuk, H., & Moorhouse, A. (1991, May). The spatial organization of otters (Lutra lutra) in Shetland. Journal of Zoology, CCXXIV(1), 41-57. doi:10.1111\/j.1469-7998.1991.tb04787.","DOI":"10.1111\/j.1469-7998.1991.tb04787.x"},{"key":"ref29","unstructured":"Maier, R. (2001). Comportamiento Animal, un enfoque evolutivo y ecol\u00f3gico (First ed., Vol. I). (J. Cejudo, Ed., & A. Perez, Trans.) Madrid, Spain: Mc Graw Hill."},{"key":"ref30","unstructured":"Martin, P., & Bateson, P. (1991). La medici\u00f3n del comportamiento. Madrid, Espa\u00f1a: Alianza Editorial."},{"key":"ref31","unstructured":"Mason, C., & Macdonald, S. (1986). Otters. Ecology And Conservation. London, England: Cambridge University Press."},{"key":"ref32","unstructured":"Melquist, W. E., & Hornocker, M. G. (1983, April). Ecology of River Otters in West Central Idaho. Wildlife Monographs(83), 3-60. Retrieved from http:\/\/www.jstor.org\/stable\/3830731"},{"key":"ref33","doi-asserted-by":"publisher","unstructured":"Mumm, C., Urrutia, M., & Kn\u00f6rnschild, M. (2014, February). Vocal individuality in cohesion calls of giant otters, Pteronura brasiliensis. Animal Behaviour(88), 243-252. doi:10.1016\/j.anbehav.2013.12.005","DOI":"10.1016\/j.anbehav.2013.12.005"},{"key":"ref34","doi-asserted-by":"publisher","unstructured":"Partridge, B. L. (1982, August). Structure and function of fish schools. American Scientific, CCXLVI(6), 114-123.","DOI":"10.1038\/scientificamerican0682-114"},{"key":"ref35","unstructured":"P\u00e9rez Eslava, H., Bucheli Le\u00f3n, P. E., & Giraldo Benavides, B. (2005). La agroforester\u00eda en Guain\u00eda: Una alternativa sostenible. Instituto Amaz\u00f3nico de Investigaciones Cient\u00edficas, SINCHI, Amaz\u00f3nas. Leticia: Equil\u00e1tero."},{"key":"ref36","unstructured":"Portocarrero, M., Morales, D., D\u00edaz, D. L., & Mill\u00e1n, J. P. (2009). Nutrias de Colombia. Bogot\u00e1: Fundaci\u00f3n Omacha-Fundaci\u00f3n Horizonte Verde."},{"key":"ref37","unstructured":"Rudas, A., & Prieto, A. (1998). Caracterizaci\u00f3n Ecol\u00f3gica Preliminar de las riberas del r\u00edo In\u00edrida (Guain\u00eda), en el \u00e1rea de influencia de la comunidad de La Ceiba. Bogot\u00e1: Universidad Nacional de Colombia, Facultad de Ciencias, Instituto de Ciencias Naturales."},{"key":"ref38","unstructured":"Staib, E. (2005). Eco-Etolog\u00eda del Lobo de Rio (Vol. 1). (R. Duarte, Trans.) Lima, Peru: Sociedad Zool\u00f3gica de Francfort."},{"key":"ref39","unstructured":"Stander, P., & Albon, S. (1963). Hunting success of lions in a semi-arid environment. Symposium of the Zoological Society of London(65), 127 - 143."},{"key":"ref40","unstructured":"Trujillo, F., Botello, J. C., & Carrasquilla, M. C. (2006). Perro de agua, Pteronura brasiliensis (Orden Carnivora - Familia Mustelidae). In J. Rodr\u00edguez, F. Alberico, J. Trujillo Gonz\u00e1lez, & J. Jorgenson, Libro rojo de los mam\u00edferos de Colombia. Serie Libros Rojos de Especies Amenazadas de Colombia. (pp. 133-138). Bogot\u00e1, Colombia: Ministerio de Ambiente, Vivienda y Desarrollo Territorial."},{"key":"ref41","unstructured":"Velandia, C., & V\u00e1squez, L. (2015). Estudio de La ecolog\u00eda alimentaria de Pteronura brasiliensis, mediante la investigaci\u00f3n acci\u00f3n I\u2010A como estrategia de conservaci\u00f3n en la laguna Santa Rosa De Sapuara, Departamento de Guain\u00eda (Orinoqu\u00eda Colombiana). Undergraduate Thesis, Universidad Distrital Francisco Jos\u00e9 De Caldas., Bogot\u00e1."},{"key":"ref42","doi-asserted-by":"publisher","first-page":"3","DOI":"10.1037\/0735-7036.110.1.3","article-title":"Imitative Learning of artificial fruit processing in children (Homo sapiens) and chimpanzees (Pan troglodytes)","author":"Whiten","year":"1996","unstructured":"Whiten, A., Cusanse, D., G\u00f3mez, J., Teixidor, P., & Bard, K. (1996). Imitative Learning of artificial fruit processing in children (Homo sapiens) and chimpanzees (Pan troglodytes). Journal of Comparative Psychology(110), 3-14.","journal-title":"Journal of Comparative Psychology(110)"}],"container-title":["Revista de Investigaci\u00f3n Agraria y Ambiental"],"link":[{"URL":"http:\/\/hemeroteca.unad.edu.co\/index.php\/riaa\/article\/viewFile\/2749\/3286","content-type":"application\/pdf","content-version":"vor","intended-application":"text-mining"},{"URL":"http:\/\/hemeroteca.unad.edu.co\/index.php\/riaa\/article\/viewFile\/2749\/3229","content-type":"text\/html","content-version":"vor","intended-application":"text-mining"},{"URL":"http:\/\/hemeroteca.unad.edu.co\/index.php\/riaa\/article\/viewFile\/2749\/3229","content-type":"unspecified","content-version":"vor","intended-application":"similarity-checking"}],"deposited":{"date-parts":[[2024,7,21]],"date-time":"2024-07-21T10:20:16Z","timestamp":1721557216000},"score":0.0,"resource":{"primary":{"URL":"http:\/\/hemeroteca.unad.edu.co\/index.php\/riaa\/article\/view\/2749"}},"issued":{"date-parts":[[2019,6,19]]},"references-count":43,"journal-issue":{"issue":"2","published-online":{"date-parts":[[2019,6,19]]}},"URL":"https:\/\/doi.org\/10.22490\/21456453.2749","ISSN":["2145-6453","2145-6097"],"issn-type":[{"type":"electronic","value":"2145-6453"},{"type":"print","value":"2145-6097"}],"published":{"date-parts":[[2019,6,19]]}},{"indexed":{"date-parts":[[2025,5,14]],"date-time":"2025-05-14T07:42:17Z","timestamp":1747208537004,"version":"3.40.5"},"reference-count":0,"publisher":"Universidad Nacional Abierta y a Distancia","issue":"2","content-domain":{"domain":[],"crossmark-restriction":false},"short-container-title":["Publ. investig."],"abstract":"<jats:p>El monitoreo de calidad de agua para el cultivo de peces es fundamental para incrementar la productividad y competitividad de los piscicultores. La cadena pisc\u00edcola Caucana se encuentra en un estado de transici\u00f3n entre enfoque de subsistencia hacia enfoque de cadena productiva (Ruano, Silva and Rivera, 2015) y por lo tanto requiere de la introducci\u00f3n con desarrollos tecnol\u00f3gicos que le ayuden a reducir los factores de vulnerabilidad. Partiendo de este enfoque, se dise\u00f1\u00f3 e implement\u00f3 un prototipo electr\u00f3nico de monitoreo de\u00a0 par\u00e1metros de calidad de agua, como temperatura, pH, amoniaco y ox\u00edgeno disuelto del agua, con el fin de identificar los valores \u00f3ptimos que garanticen la reducci\u00f3n de las tazas de mortalidad en los cultivos de peces. Las pruebas de campo se realizaron en la granja pisc\u00edcola \u201cMam\u00e1 Lombriz\u201d, ubicada en el municipio de Popay\u00e1n, en el departamento del Cauca (Colombia). El hardware del prototipo se compone de una secci\u00f3n de acondicionamiento electr\u00f3nico y un microcontrolador, en el que se realiza el proceso de muestreo, acondicionamiento, adquisici\u00f3n y procesamiento de datos para su despliegue y almacenamiento en computador. La informaci\u00f3n es enviada por conexi\u00f3n USB a un software con interfaz gr\u00e1fica para que el usuario visualice las variables y pueda tomar acciones correctivas de acuerdo a cada situaci\u00f3n. Con este prototipo se espera contribuir al mejoramiento de las actividades productivas de la cadena pisc\u00edcola incrementando la competitividad (Joaqu\u00ed-Daza, 2011) de los agentes productores y reduciendo los porcentajes de mortalidad en los peces cultivados<\/jats:p>","DOI":"10.22490\/25394088.3255","type":"journal-article","created":{"date-parts":[[2023,4,24]],"date-time":"2023-04-24T12:59:08Z","timestamp":1682341148000},"page":"11-22","source":"Crossref","is-referenced-by-count":0,"title":["Dise\u00f1o e implementaci\u00f3n de un sistema de monitoreo de par\u00e1metros de calidad de agua en cultivo de tilapia en una granja pisc\u00edcola del departamento del Cauca"],"prefix":"10.22490","volume":"13","author":[{"ORCID":"https:\/\/orcid.org\/0000-0001-7301-9683","authenticated-orcid":false,"given":"Luz Adriana","family":"Plazas Pemberthy","sequence":"first","affiliation":[],"role":[{"role":"author","vocabulary":"crossref"}]},{"ORCID":"https:\/\/orcid.org\/0000-0003-4010-4341","authenticated-orcid":false,"given":"Nelson Emilio","family":"Paz Ruiz","sequence":"additional","affiliation":[],"role":[{"role":"author","vocabulary":"crossref"}]}],"member":"9784","published-online":{"date-parts":[[2019,7,2]]},"container-title":["Publicaciones e Investigaci\u00f3n"],"link":[{"URL":"https:\/\/hemeroteca.unad.edu.co\/index.php\/publicaciones-e-investigacion\/article\/download\/3255\/3689","content-type":"application\/pdf","content-version":"vor","intended-application":"text-mining"},{"URL":"https:\/\/hemeroteca.unad.edu.co\/index.php\/publicaciones-e-investigacion\/article\/download\/3255\/3254","content-type":"text\/html","content-version":"vor","intended-application":"text-mining"},{"URL":"https:\/\/hemeroteca.unad.edu.co\/index.php\/publicaciones-e-investigacion\/article\/download\/3255\/5080","content-type":"text\/xml","content-version":"vor","intended-application":"text-mining"},{"URL":"https:\/\/hemeroteca.unad.edu.co\/index.php\/publicaciones-e-investigacion\/article\/download\/3255\/3689","content-type":"unspecified","content-version":"vor","intended-application":"similarity-checking"}],"deposited":{"date-parts":[[2023,4,24]],"date-time":"2023-04-24T12:59:21Z","timestamp":1682341161000},"score":0.0,"resource":{"primary":{"URL":"https:\/\/hemeroteca.unad.edu.co\/index.php\/publicaciones-e-investigacion\/article\/view\/3255"}},"issued":{"date-parts":[[2019,7,2]]},"references-count":0,"journal-issue":{"issue":"2","published-online":{"date-parts":[[2019,7,2]]}},"URL":"https:\/\/doi.org\/10.22490\/25394088.3255","ISSN":["2539-4088","1900-6608"],"issn-type":[{"type":"electronic","value":"2539-4088"},{"type":"print","value":"1900-6608"}],"published":{"date-parts":[[2019,7,2]]}},{"indexed":{"date-parts":[[2024,4,2]],"date-time":"2024-04-02T01:11:37Z","timestamp":1712020297965},"reference-count":0,"publisher":"Universidad Nacional Abierta y a Distancia","issue":"2","license":[{"start":{"date-parts":[[2023,10,31]],"date-time":"2023-10-31T00:00:00Z","timestamp":1698710400000},"content-version":"unspecified","delay-in-days":0,"URL":"https:\/\/creativecommons.org\/licenses\/by-nc-nd\/4.0"}],"content-domain":{"domain":[],"crossmark-restriction":false},"short-container-title":["Publ. investig."],"abstract":"<jats:p>The implementation of occupational health should not be seen as another expense in organizations, just as machinery needs its department for its maintenance, the most important factor, the human factor, requires constant monitoring for its correct functioning. The health of workers is an investment that contributes to productivity and cost reduction, such as reducing turnover or healthy personnel, as well as generating intangible benefits such as the reputation of the organization and employee satisfaction by feeling important. The objective of the research is to identify the benefits of occupational health in companies and workers. The methodology used is a qualitative approach with a documentary technique where the various positions of the authors are analyzed with a focus on employee and company benefits. It is concluded that occupational health becomes fundamental in the success and sustainable growth for both companies and workers.<\/jats:p>","DOI":"10.22490\/25394088.7243","type":"journal-article","created":{"date-parts":[[2024,4,1]],"date-time":"2024-04-01T16:02:36Z","timestamp":1711987356000},"source":"Crossref","is-referenced-by-count":0,"title":["Aportaciones de la salud ocupacional para las empresas y los trabajadores","Contributions of occupational health for companies and workers"],"prefix":"10.22490","volume":"17","author":[{"given":"Carlos Mauricio","family":"Tosca Vidal","sequence":"first","affiliation":[],"role":[{"role":"author","vocabulary":"crossref"}]},{"given":"Mar\u00eda del Rosario","family":"Garc\u00eda V\u00e1zquez","sequence":"additional","affiliation":[],"role":[{"role":"author","vocabulary":"crossref"}]}],"member":"9784","published-online":{"date-parts":[[2023,10,31]]},"container-title":["Publicaciones e Investigaci\u00f3n"],"link":[{"URL":"https:\/\/hemeroteca.unad.edu.co\/index.php\/publicaciones-e-investigacion\/article\/download\/7243\/6731","content-type":"application\/pdf","content-version":"vor","intended-application":"text-mining"},{"URL":"https:\/\/hemeroteca.unad.edu.co\/index.php\/publicaciones-e-investigacion\/article\/download\/7243\/6731","content-type":"unspecified","content-version":"vor","intended-application":"similarity-checking"}],"deposited":{"date-parts":[[2024,4,1]],"date-time":"2024-04-01T16:02:37Z","timestamp":1711987357000},"score":0.0,"resource":{"primary":{"URL":"https:\/\/hemeroteca.unad.edu.co\/index.php\/publicaciones-e-investigacion\/article\/view\/7243"}},"issued":{"date-parts":[[2023,10,31]]},"references-count":0,"journal-issue":{"issue":"2","published-online":{"date-parts":[[2023,8,30]]}},"URL":"https:\/\/doi.org\/10.22490\/25394088.7243","ISSN":["2539-4088","1900-6608"],"issn-type":[{"value":"2539-4088","type":"electronic"},{"value":"1900-6608","type":"print"}],"published":{"date-parts":[[2023,10,31]]}},{"indexed":{"date-parts":[[2023,3,30]],"date-time":"2023-03-30T04:27:01Z","timestamp":1680150421660},"reference-count":0,"publisher":"Universidad Nacional Abierta y a Distancia","isbn-type":[{"value":"9789586518895","type":"print"}],"content-domain":{"domain":[],"crossmark-restriction":false},"chair":[{"given":"Leticia Mar\u00eda","family":"Gonz\u00e1lez Vel\u00e1squez","sequence":"first","affiliation":[],"role":[{"role":"chair","vocabulary":"crossref"}]}],"abstract":"<jats:p>El ser humano percibe e interact\u00faa en el mundo hospitalario a trav\u00e9s de sus sentidos, mediante la vista, el o\u00eddo y, en menor medida, por el olfato, el tacto y el gusto, en los que la labor configura sensorialmente el cuerpo del trabajador. El objetivo de la investigaci\u00f3n es mostrar la interacci\u00f3n sensible del personal del mundo hospitalario y la conformaci\u00f3n laboral de los sentidos del trabajador. Se emple\u00f3 la etnograf\u00eda encubierta, el diario de campo y la entrevista. Se realizaron cuatro entrevistas con personal de intendencia y una con personal administrativo de apoyo. Las cuatro entrevistas mostraron una afectaci\u00f3n por el mundo hospitalario y una configuraci\u00f3n sensorial del personal. El establecimiento social del hospital deline\u00f3 sensorialmente el cuerpo de su personal, donde los cuerpos interactuantes se adaptan al espacio, que es influenciado por el estado afectivo, haci\u00e9ndose m\u00e1s grande o reduci\u00e9ndose en funci\u00f3n de este estado.<\/jats:p>","DOI":"10.22490\/9789586518895","type":"edited-book","created":{"date-parts":[[2023,3,29]],"date-time":"2023-03-29T21:44:20Z","timestamp":1680126260000},"source":"Crossref","is-referenced-by-count":0,"title":["Gesti\u00f3n empresarial: El reto del entorno frente a las nuevas tecnolog\u00edas, emprendimiento y vida laboral"],"prefix":"10.22490","member":"9784","published-online":{"date-parts":[[2022,11,4]]},"deposited":{"date-parts":[[2023,3,29]],"date-time":"2023-03-29T22:08:13Z","timestamp":1680127693000},"score":0.0,"resource":{"primary":{"URL":"https:\/\/libros.unad.edu.co\/index.php\/selloeditorial\/catalog\/book\/182"}},"issued":{"date-parts":[[2022,11,4]]},"ISBN":["9789586518895"],"references-count":0,"URL":"https:\/\/doi.org\/10.22490\/9789586518895","published":{"date-parts":[[2022,11,4]]}},{"indexed":{"date-parts":[[2025,5,14]],"date-time":"2025-05-14T07:42:38Z","timestamp":1747208558866,"version":"3.40.5"},"reference-count":0,"publisher":"Universidad Nacional Abierta y a Distancia","isbn-type":[{"type":"print","value":"9789586518598"}],"content-domain":{"domain":[],"crossmark-restriction":false},"abstract":"<jats:p>El libro aborda la problem\u00e1tica de la inclusi\u00f3n digital desde una perspectiva de g\u00e9nero y, si bien es un libro de ensayo, aplica en la argumentaci\u00f3n una revisi\u00f3n documental exhaustiva, el an\u00e1lisis del discurso de las pol\u00edticas p\u00fablicas y las discusiones actuales en el campo de la cibercultura. Es el acumulado de varias investigaciones y experiencias acad\u00e9micas sobre el tema con la Red Laboratorio de la Historia Global del Ciberespacio (LAGHCIB).  Contextualiza la transformaci\u00f3n tecnol\u00f3gica, el impacto de la pandemia causada por la COVID-19 en la vida de las mujeres y el marco hist\u00f3rico en el acceso a la tecnolog\u00eda, desigualdad que, unida a otras desventajas hist\u00f3ricas, genera brechas digitales, principalmente en la forma de conocer y narrar el mundo. Se expone aqu\u00ed un an\u00e1lisis arqueol\u00f3gico de las pol\u00edticas p\u00fablicas en TIC desde una lectura de la gubernamentalidad y se cruza con las teor\u00edas del capitalismo cognitivo y el colonialismo cultural como factores estructurales de esta desigualdad.<\/jats:p>","DOI":"10.22490\/9789586518598","type":"monograph","created":{"date-parts":[[2023,4,13]],"date-time":"2023-04-13T12:57:49Z","timestamp":1681390669000},"source":"Crossref","is-referenced-by-count":0,"title":["Inclusi\u00f3n digital en Am\u00e9rica Latina \u00bfD\u00f3nde y c\u00f3mo habitan el ciberespacio las mujeres?"],"prefix":"10.22490","author":[{"ORCID":"https:\/\/orcid.org\/0000-0001-6808-8043","authenticated-orcid":false,"given":"Tania","family":"Meneses Cabrera","sequence":"first","affiliation":[],"role":[{"role":"author","vocabulary":"crossref"}]}],"member":"9784","published-online":{"date-parts":[[2022,11,4]]},"deposited":{"date-parts":[[2023,4,13]],"date-time":"2023-04-13T12:57:52Z","timestamp":1681390672000},"score":0.0,"resource":{"primary":{"URL":"https:\/\/libros.unad.edu.co\/index.php\/selloeditorial\/catalog\/book\/163"}},"issued":{"date-parts":[[2022,11,4]]},"ISBN":["9789586518598"],"references-count":0,"URL":"https:\/\/doi.org\/10.22490\/9789586518598","published":{"date-parts":[[2022,11,4]]}},{"indexed":{"date-parts":[[2025,10,1]],"date-time":"2025-10-01T15:32:40Z","timestamp":1759332760441},"reference-count":0,"publisher":"Universidad Nacional Abierta y a Distancia","issue":"1","license":[{"start":{"date-parts":[[2014,5,7]],"date-time":"2014-05-07T00:00:00Z","timestamp":1399420800000},"content-version":"unspecified","delay-in-days":0,"URL":"https:\/\/creativecommons.org\/licenses\/by\/4.0\/deed.es"}],"content-domain":{"domain":[],"crossmark-restriction":false},"short-container-title":["rev.investig.agrar.ambient."],"abstract":"<jats:p>&lt;p align=\"left\"&gt;El objetivo de esta investigaci\u00f3n fue identificar los or\u00edgenes de las masas de aire en cuatro ciudades colombianas (Bogot\u00e1, Cartagena de Indias, Pasto y Leticia) que tienen el potencial de afectar la calidad del aire urbano al transportar material particulado a largas distancias desde diferentes puntos geogr\u00e1ficos. Metodol\u00f3gicamente se utiliz\u00f3 informaci\u00f3n proporcionada por el modelo HYSPLIT versi\u00f3n 4, con el cual se midieron retro-trayectorias para un periodo de an\u00e1lisis de un a\u00f1o (desde el 01 de enero a 31 de diciembre de 2012). El c\u00e1lculo de retrotrayectorias es de gran utilidad para determinar la zona de partida de las masas de aire que llegan en un momento determinado, a un lugar concreto y a una altura definida. De esta forma se obtuvieron retro-trayectorias diarias registradas a las 12:00 UTC (tiempo universal coordinado), con c\u00e1lculos a intervalos de seis horas, representando el transporte realizado por la masa de aire los cinco d\u00edas anteriores (120 h). Las alturas isentr\u00f3picas consideradas fueron de 750, 1500 y 2500 m medidas desde el nivel del suelo. Seg\u00fan los resultados obtenidos, el origen de masas de aire m\u00e1s frecuente en Cartagena de Indias durante 2012 fue Caribe (45%), seguido por Continental (36%). En Bogot\u00e1 fue Continental (77%), seguido por Atl\u00e1ntico Este (19%). En Pasto fue Pac\u00edfico (72%), seguido por Continental (23%). Y en Leticia fue Continental (99%) seguido por el origen Atl\u00e1ntico Este (1%).&lt;\/p&gt;<\/jats:p>","DOI":"10.22490\/21456453.935","type":"journal-article","created":{"date-parts":[[2017,3,28]],"date-time":"2017-03-28T19:18:42Z","timestamp":1490728722000},"page":"103","source":"Crossref","is-referenced-by-count":1,"title":["Origen de masas de aire en cuatro ciudades de Colombia mediante el modelo HYSPLIT"],"prefix":"10.22490","volume":"5","author":[{"given":"Omar Javier","family":"Ram\u00edrez Hern\u00e1ndez","sequence":"first","affiliation":[],"role":[{"role":"author","vocabulary":"crossref"}]}],"member":"9784","published-online":{"date-parts":[[2014,5,7]]},"container-title":["Revista de Investigaci\u00f3n Agraria y Ambiental"],"link":[{"URL":"http:\/\/hemeroteca.unad.edu.co\/index.php\/riaa\/article\/viewFile\/935\/924","content-type":"application\/pdf","content-version":"vor","intended-application":"text-mining"}],"deposited":{"date-parts":[[2017,3,28]],"date-time":"2017-03-28T19:18:54Z","timestamp":1490728734000},"score":0.0,"resource":{"primary":{"URL":"http:\/\/hemeroteca.unad.edu.co\/index.php\/riaa\/article\/view\/935"}},"issued":{"date-parts":[[2014,5,7]]},"references-count":0,"journal-issue":{"issue":"1","published-online":{"date-parts":[[2014,5,7]]}},"URL":"https:\/\/doi.org\/10.22490\/21456453.935","ISSN":["2145-6453","2145-6097"],"issn-type":[{"value":"2145-6453","type":"electronic"},{"value":"2145-6097","type":"print"}],"published":{"date-parts":[[2014,5,7]]}},{"indexed":{"date-parts":[[2025,5,14]],"date-time":"2025-05-14T07:42:51Z","timestamp":1747208571876,"version":"3.40.5"},"reference-count":0,"publisher":"Universidad Nacional Abierta y a Distancia","content-domain":{"domain":[],"crossmark-restriction":false},"DOI":"10.22490\/notas.3499","type":"report","created":{"date-parts":[[2020,6,2]],"date-time":"2020-06-02T20:22:07Z","timestamp":1591129327000},"source":"Crossref","is-referenced-by-count":0,"title":["Morfofisiolog\u00eda animal, conducente a conocer la fisiolog\u00eda, termoregulaci\u00f3n y stress en la producci\u00f3n pecuaria"],"prefix":"10.22490","author":[{"ORCID":"https:\/\/orcid.org\/0000-0002-5562-8474","authenticated-orcid":false,"given":"Alvaro Vicente","family":"Araujo Guerra","sequence":"first","affiliation":[],"role":[{"role":"author","vocabulary":"crossref"}]},{"given":"Angelica Beatriz","family":"Herazo Portillo","sequence":"additional","affiliation":[],"role":[{"role":"author","vocabulary":"crossref"}]}],"member":"9784","published-online":{"date-parts":[[2020,4,16]]},"deposited":{"date-parts":[[2020,6,2]],"date-time":"2020-06-02T20:22:08Z","timestamp":1591129328000},"score":0.0,"resource":{"primary":{"URL":"https:\/\/hemeroteca.unad.edu.co\/index.php\/notas\/article\/view\/3499"}},"issued":{"date-parts":[[2020,4,16]]},"references-count":0,"URL":"https:\/\/doi.org\/10.22490\/notas.3499","published":{"date-parts":[[2020,4,16]]}},{"indexed":{"date-parts":[[2025,5,14]],"date-time":"2025-05-14T07:42:22Z","timestamp":1747208542963,"version":"3.40.5"},"reference-count":0,"publisher":"Universidad Nacional Abierta y a Distancia","issue":"10","license":[{"start":{"date-parts":[[2023,7,31]],"date-time":"2023-07-31T00:00:00Z","timestamp":1690761600000},"content-version":"unspecified","delay-in-days":0,"URL":"https:\/\/creativecommons.org\/licenses\/by-nc-sa\/4.0"}],"content-domain":{"domain":[],"crossmark-restriction":false},"short-container-title":["anal. jur\u00edd. - pol\u00edtico"],"abstract":"<jats:p>In 2012, the attacks carried out by the islamist forces of Ansar Dine and AQIM in Timbuktu led to the destruction of several buildings and sacred places that were part of the cultural heritage of this city, which also has been a UNESCO World Heritage Site since 1988. In an international war context such as the current one, the preservation of the cultural heritage of territories should be part of the strategy to be followed to achieve the SDGs. What is cultural heritage, what does it represent, how is it protected, and what role does it play in this case study, are some of the questions it seeks to answer through a review of a unique case that placed cultural heritage at the center of the international agenda, and which would later constitute the first sentence by the International Criminal Court for the destruction of cultural heritage.<\/jats:p>","DOI":"10.22490\/26655489.6803","type":"journal-article","created":{"date-parts":[[2023,10,12]],"date-time":"2023-10-12T12:57:38Z","timestamp":1697115458000},"page":"181-204","source":"Crossref","is-referenced-by-count":0,"title":["Patrimonio en guerra","Heritage at War"],"prefix":"10.22490","volume":"5","author":[{"ORCID":"https:\/\/orcid.org\/0009-0008-1561-9304","authenticated-orcid":false,"given":"Teresa","family":"Mill\u00e1n Castro","sequence":"first","affiliation":[],"role":[{"role":"author","vocabulary":"crossref"}]}],"member":"9784","published-online":{"date-parts":[[2023,7,31]]},"container-title":["An\u00e1lisis Jur\u00eddico - Pol\u00edtico"],"link":[{"URL":"https:\/\/hemeroteca.unad.edu.co\/index.php\/analisis\/article\/download\/6803\/6243","content-type":"application\/pdf","content-version":"vor","intended-application":"text-mining"},{"URL":"https:\/\/hemeroteca.unad.edu.co\/index.php\/analisis\/article\/download\/6803\/6563","content-type":"text\/html","content-version":"vor","intended-application":"text-mining"},{"URL":"https:\/\/hemeroteca.unad.edu.co\/index.php\/analisis\/article\/download\/6803\/6562","content-type":"text\/xml","content-version":"vor","intended-application":"text-mining"},{"URL":"https:\/\/hemeroteca.unad.edu.co\/index.php\/analisis\/article\/download\/6803\/6561","content-type":"application\/zip","content-version":"vor","intended-application":"text-mining"},{"URL":"https:\/\/hemeroteca.unad.edu.co\/index.php\/analisis\/article\/download\/6803\/6560","content-type":"unspecified","content-version":"vor","intended-application":"text-mining"},{"URL":"https:\/\/hemeroteca.unad.edu.co\/index.php\/analisis\/article\/download\/6803\/6243","content-type":"unspecified","content-version":"vor","intended-application":"similarity-checking"}],"deposited":{"date-parts":[[2024,2,8]],"date-time":"2024-02-08T15:39:06Z","timestamp":1707406746000},"score":0.0,"resource":{"primary":{"URL":"https:\/\/hemeroteca.unad.edu.co\/index.php\/analisis\/article\/view\/6803"}},"subtitle":["el hito de Tombuct\u00fa. An\u00e1lisis de la primera condena de la CPI por destrucci\u00f3n de patrimonio cultural","the Timbuktu Landmark. Analysis of the first ICC conviction for destruction of cultural heritage"],"issued":{"date-parts":[[2023,7,31]]},"references-count":0,"journal-issue":{"issue":"10","published-online":{"date-parts":[[2023,7,31]]}},"URL":"https:\/\/doi.org\/10.22490\/26655489.6803","ISSN":["2665-5489","2665-5470"],"issn-type":[{"type":"electronic","value":"2665-5489"},{"type":"print","value":"2665-5470"}],"published":{"date-parts":[[2023,7,31]]}},{"indexed":{"date-parts":[[2025,9,19]],"date-time":"2025-09-19T02:20:18Z","timestamp":1758248418196,"version":"3.44.0"},"reference-count":0,"publisher":"Universidad Nacional Abierta y a Distancia","issue":"43","license":[{"start":{"date-parts":[[2024,11,15]],"date-time":"2024-11-15T00:00:00Z","timestamp":1731628800000},"content-version":"unspecified","delay-in-days":0,"URL":"https:\/\/creativecommons.org\/licenses\/by-nc-sa\/4.0"}],"content-domain":{"domain":[],"crossmark-restriction":false},"short-container-title":["NOVA"],"abstract":"<jats:p>Resumen \nIntroducci\u00f3n: Aedes aegypti, originario de \u00c1frica, se ha extendido globalmente, siendo el principal vector del dengue en Colombia. El uso repetido de insecticidas ha generado resistencia en estos mosquitos, impulsando la b\u00fasqueda de estrategias complementarias. Objetivo: Este estudio se propuso evaluar el potencial del hongo Trichoderma asperellumaislado del municipio de la Virgina (Risaralda Colombia) como agente biocontrolador de Ae. aegypti. Metodolog\u00eda: Los bioensayos in vitro se realizaron con larvas\u00a0 expuestas a una concentraci\u00f3n de 1x108 conidias\/mL del hongo, observando mortalidad a 24, 48 y 72 horas. Se llevaron a cabo ensayos de semi-campo en la misma regi\u00f3n, utilizando la concentraci\u00f3n de hongo de 1x107 de conidias\/mL en recipientes con larvas de Aedes de la zona, evaluando la mortalidad de larvas a las 48 horas. Para analizar la diferencia entre grupos con y sin tratamiento aplic\u00f3 la prueba de Wilcoxon (P=0.05) en el programa R versi\u00f3n 4.4.0 (https:\/\/www.r-project.org\/). Resultados: T. asperellum mostr\u00f3 alta patogenicidad, causando mortalidades del 95% y 99% en las pruebas in vitro y de semi-campo, respectivamente. Conclusi\u00f3n: Es el primer reporte de esta especie infectando estadios inmaduros de Ae. aegypti en nuestro pa\u00eds. Estos resultados sugieren que podr\u00eda usarse en Colombia como alternativa a los m\u00e9todos tradicionales de control.<\/jats:p>","DOI":"10.22490\/24629448.8558","type":"journal-article","created":{"date-parts":[[2024,11,19]],"date-time":"2024-11-19T12:10:00Z","timestamp":1732018200000},"page":"153-164","source":"Crossref","is-referenced-by-count":0,"title":["Patogenicidad in vitro y en pruebas de semi-campo de Trichoderma asperellum (Cepa VA22) sobre Aedes (Stegomyia) aegypti (Linnaeus, 1762), en la Virginia (Risaralda- Colombia).","Pathogenicity in vitro and in semi-field tests of Trichoderma asperellum\u00a0(Strain VA22) on Aedes (Stegomyia) aegypti (Linnaeus, 1762),\u00a0in Virginia (Risaralda- Colombia)"],"prefix":"10.22490","volume":"22","author":[{"ORCID":"https:\/\/orcid.org\/0000-0003-3064-4037","authenticated-orcid":false,"given":"Nadya Lorena","family":"Cardona B","sequence":"first","affiliation":[],"role":[{"role":"author","vocabulary":"crossref"}]},{"ORCID":"https:\/\/orcid.org\/0009-0007-9133-4266","authenticated-orcid":false,"given":"Lizeth Carolina","family":"Salgado","sequence":"additional","affiliation":[],"role":[{"role":"author","vocabulary":"crossref"}]},{"ORCID":"https:\/\/orcid.org\/0000-0001-5226-1411","authenticated-orcid":false,"given":"Juan Diego","family":"Medina","sequence":"additional","affiliation":[],"role":[{"role":"author","vocabulary":"crossref"}]},{"ORCID":"https:\/\/orcid.org\/0009-0000-8339-0734","authenticated-orcid":false,"given":"Dairon Andr\u00e9s","family":"Machado Agudelo","sequence":"additional","affiliation":[],"role":[{"role":"author","vocabulary":"crossref"}]},{"ORCID":"https:\/\/orcid.org\/0000-0001-9790-7415","authenticated-orcid":false,"given":"Wilber","family":"G\u00f3mez  Vargas","sequence":"additional","affiliation":[],"role":[{"role":"author","vocabulary":"crossref"}]},{"ORCID":"https:\/\/orcid.org\/0000-0001-7460-4163","authenticated-orcid":false,"given":"Adalucy","family":"Alvarez Aldana","sequence":"additional","affiliation":[],"role":[{"role":"author","vocabulary":"crossref"}]}],"member":"9784","published-online":{"date-parts":[[2024,11,15]]},"container-title":["Revista Nova publicaci\u00f3n cient\u00edfica en ciencias biom\u00e9dicas"],"link":[{"URL":"https:\/\/hemeroteca.unad.edu.co\/index.php\/nova\/article\/download\/8558\/7458","content-type":"application\/pdf","content-version":"vor","intended-application":"text-mining"},{"URL":"https:\/\/hemeroteca.unad.edu.co\/index.php\/nova\/article\/download\/8558\/7458","content-type":"unspecified","content-version":"vor","intended-application":"similarity-checking"}],"deposited":{"date-parts":[[2025,9,18]],"date-time":"2025-09-18T17:14:26Z","timestamp":1758215666000},"score":0.0,"resource":{"primary":{"URL":"https:\/\/hemeroteca.unad.edu.co\/index.php\/nova\/article\/view\/8558"}},"issued":{"date-parts":[[2024,11,15]]},"references-count":0,"journal-issue":{"issue":"43","published-online":{"date-parts":[[2024,7,15]]}},"URL":"https:\/\/doi.org\/10.22490\/24629448.8558","ISSN":["2462-9448","1794-2470"],"issn-type":[{"type":"electronic","value":"2462-9448"},{"type":"print","value":"1794-2470"}],"published":{"date-parts":[[2024,11,15]]}},{"indexed":{"date-parts":[[2025,11,13]],"date-time":"2025-11-13T23:36:50Z","timestamp":1763077010001,"version":"3.45.0"},"reference-count":0,"publisher":"Sello Editorial UNAD","isbn-type":[{"value":"9786287786943","type":"electronic"}],"content-domain":{"domain":[],"crossmark-restriction":false},"published-print":{"date-parts":[[2025]]},"abstract":"<jats:p\/>","DOI":"10.22490\/unad.9786287786943.2","type":"book-chapter","created":{"date-parts":[[2025,11,13]],"date-time":"2025-11-13T23:34:01Z","timestamp":1763076841000},"page":"41-60","source":"Crossref","is-referenced-by-count":0,"title":["Cap\u00edtulo 2 | Introducci\u00f3n a las operaciones unitarias en procesos alimentarios"],"prefix":"10.22490","author":[{"given":"Maira Fernanda","family":"Ram\u00edrez Lasso","sequence":"first","affiliation":[],"role":[{"role":"author","vocabulary":"crossref"}]}],"member":"9784","container-title":["Introducci\u00f3n a la ingeniera de procesamiento de alimentos"],"deposited":{"date-parts":[[2025,11,13]],"date-time":"2025-11-13T23:34:07Z","timestamp":1763076847000},"score":0.0,"resource":{"primary":{"URL":"https:\/\/libros.unad.edu.co\/index.php\/selloeditorial\/catalog\/view\/291\/298\/7679"}},"issued":{"date-parts":[[2025]]},"ISBN":["9786287786943"],"references-count":0,"URL":"https:\/\/doi.org\/10.22490\/unad.9786287786943.2","published":{"date-parts":[[2025]]}},{"indexed":{"date-parts":[[2025,11,13]],"date-time":"2025-11-13T23:27:11Z","timestamp":1763076431879,"version":"3.45.0"},"reference-count":0,"publisher":"Sello Editorial UNAD","isbn-type":[{"value":"9786287857124","type":"electronic"}],"content-domain":{"domain":[],"crossmark-restriction":false},"published-print":{"date-parts":[[2025]]},"abstract":"<jats:p\/>","DOI":"10.22490\/unad.9786287857124.6","type":"book-chapter","created":{"date-parts":[[2025,11,13]],"date-time":"2025-11-13T23:25:10Z","timestamp":1763076310000},"page":"122-133","source":"Crossref","is-referenced-by-count":0,"title":["Cap\u00edtulo 6 | \u201cConvenio Manizales - Liberland\u201d, un abordaje desde la filosof\u00eda anal\u00edtica"],"prefix":"10.22490","author":[{"given":"Javier Alexander","family":"Salinas Lucero","sequence":"additional","affiliation":[],"role":[{"role":"author","vocabulary":"crossref"}]}],"member":"9784","container-title":["Ciencias sociales, interdisciplinariedad e investigaci\u00f3n social aplicada"],"deposited":{"date-parts":[[2025,11,13]],"date-time":"2025-11-13T23:25:15Z","timestamp":1763076315000},"score":0.0,"resource":{"primary":{"URL":"https:\/\/libros.unad.edu.co\/index.php\/selloeditorial\/catalog\/view\/307\/296\/7668"}},"issued":{"date-parts":[[2025]]},"ISBN":["9786287857124"],"references-count":0,"URL":"https:\/\/doi.org\/10.22490\/unad.9786287857124.6","published":{"date-parts":[[2025]]}},{"indexed":{"date-parts":[[2024,12,17]],"date-time":"2024-12-17T05:17:29Z","timestamp":1734412649123,"version":"3.30.2"},"reference-count":0,"publisher":"Universidad Nacional Abierta y a Distancia","issue":"9","content-domain":{"domain":[],"crossmark-restriction":false},"short-container-title":["Back"],"abstract":"<jats:p>La Ballena y el Elefante es un libro \u00e1lbum ilustrado infantil para ni\u00f1os entre \u0803 a \u0805 a\u00f1os, el cual busca desarrollar valores importantes en los ni\u00f1os yni\u00f1as que lo lean a trav\u00e9s de la sensibilizaci\u00f3n art\u00edstica gracias a las ilustraciones que componen este cuento.<\/jats:p>","DOI":"10.22490\/unad.backprojection.8898","type":"journal-article","created":{"date-parts":[[2024,12,16]],"date-time":"2024-12-16T23:51:35Z","timestamp":1734393095000},"page":"148-149","source":"Crossref","is-referenced-by-count":0,"title":["Propuesta y realizaci\u00f3n del libro \u00e1lbum ilustrado: La Ballena y el Elefante"],"prefix":"10.22490","author":[{"given":"Ocarina","family":"Campos Hern\u00e1ndez","sequence":"first","affiliation":[],"role":[{"role":"author","vocabulary":"crossref"}]}],"member":"9784","published-online":{"date-parts":[[2024,11,28]]},"container-title":["Back Projection"],"link":[{"URL":"https:\/\/hemeroteca.unad.edu.co\/index.php\/back_projection\/article\/download\/8898\/7490","content-type":"application\/pdf","content-version":"vor","intended-application":"text-mining"},{"URL":"https:\/\/hemeroteca.unad.edu.co\/index.php\/back_projection\/article\/download\/8898\/7490","content-type":"unspecified","content-version":"vor","intended-application":"similarity-checking"}],"deposited":{"date-parts":[[2024,12,16]],"date-time":"2024-12-16T23:51:36Z","timestamp":1734393096000},"score":0.0,"resource":{"primary":{"URL":"https:\/\/hemeroteca.unad.edu.co\/index.php\/back_projection\/article\/view\/8898"}},"issued":{"date-parts":[[2024,11,28]]},"references-count":0,"journal-issue":{"issue":"9","published-online":{"date-parts":[[2024,11,28]]}},"URL":"https:\/\/doi.org\/10.22490\/unad.backprojection.8898","ISSN":["2665-4539"],"issn-type":[{"value":"2665-4539","type":"electronic"}],"published":{"date-parts":[[2024,11,28]]}},{"indexed":{"date-parts":[[2025,11,13]],"date-time":"2025-11-13T22:41:51Z","timestamp":1763073711831,"version":"3.45.0"},"reference-count":0,"publisher":"Sello Editorial UNAD","isbn-type":[{"value":"9786287857100","type":"electronic"}],"content-domain":{"domain":[],"crossmark-restriction":false},"published-print":{"date-parts":[[2025]]},"abstract":"<jats:p\/>","DOI":"10.22490\/unad.9786287857100.1","type":"book-chapter","created":{"date-parts":[[2025,11,13]],"date-time":"2025-11-13T22:40:06Z","timestamp":1763073606000},"page":"12-31","source":"Crossref","is-referenced-by-count":0,"title":["Cap\u00edtulo 1 | Reflexiones de la IAP y sus aportes en las pol\u00edticas p\u00fablicas"],"prefix":"10.22490","author":[{"given":"Ana Milena","family":"Jaimes Fonseca","sequence":"additional","affiliation":[],"role":[{"role":"author","vocabulary":"crossref"}]}],"member":"9784","container-title":["Tejiendo comunidades"],"deposited":{"date-parts":[[2025,11,13]],"date-time":"2025-11-13T22:40:08Z","timestamp":1763073608000},"score":0.0,"resource":{"primary":{"URL":"https:\/\/libros.unad.edu.co\/index.php\/selloeditorial\/catalog\/view\/323\/295\/7647"}},"issued":{"date-parts":[[2025]]},"ISBN":["9786287857100"],"references-count":0,"URL":"https:\/\/doi.org\/10.22490\/unad.9786287857100.1","published":{"date-parts":[[2025]]}},{"indexed":{"date-parts":[[2023,11,8]],"date-time":"2023-11-08T00:45:50Z","timestamp":1699404350883},"reference-count":0,"publisher":"Universidad Nacional Abierta y a Distancia","content-domain":{"domain":[],"crossmark-restriction":false},"abstract":"<jats:p>Desde la antig\u00fcedad, la agricultura ha sido una actividad vital para la humanidad, y a medida que la tecnolog\u00eda ha avanzado, ha brindado nuevas oportunidades para mejorar la productividad y la eficiencia en este campo.  Seg\u00fan Pardey y Beintema (2001), la tecnolog\u00eda es un factor fundamental para el incremento de la productividad y la sostenibilidad en la producci\u00f3n agr\u00edcola. De hecho, la combinaci\u00f3n de la tecnolog\u00eda con la agronom\u00eda es esencial para abordar los desaf\u00edos actuales de la producci\u00f3n agr\u00edcola.  Por su parte, Altieri (2009) destaca que la agricultura sostenible se basa en una combinaci\u00f3n de t\u00e9cnicas agron\u00f3micas y tecnolog\u00edas apropiadas que promueven la diversidad de cultivos y la protecci\u00f3n del medio ambiente.  Adem\u00e1s, como se\u00f1ala Garc\u00eda-Cascales (2018), la sinergia entre la tecnolog\u00eda y la agronom\u00eda es esencial para hacer frente a los desaf\u00edos actuales de la producci\u00f3n agr\u00edcola, como el cambio clim\u00e1tico y la necesidad de mejorar la Inocuidad y seguridad alimentaria  En este sentido, el presente art\u00edculo tiene como meta explorar la sinergia entre la tecnolog\u00eda y la agronom\u00eda en la producci\u00f3n agr\u00edcola moderna, En palabras de Houben (2019), \"la tecnolog\u00eda es un instrumento para el agr\u00f3nomo y ambos trabajan juntos para lograr una producci\u00f3n agr\u00edcola sostenible y eficiente\".<\/jats:p>","DOI":"10.22490\/notas.6742","type":"report","created":{"date-parts":[[2023,11,7]],"date-time":"2023-11-07T19:34:59Z","timestamp":1699385699000},"source":"Crossref","is-referenced-by-count":0,"title":["La sinergia de la tecnolog\u00eda y la agronom\u00eda en la producci\u00f3n agr\u00edcola moderna"],"prefix":"10.22490","author":[{"given":"Alexander","family":"Castro Polanco","sequence":"first","affiliation":[],"role":[{"role":"author","vocabulary":"crossref"}]},{"given":"Alejandra Maria","family":"Pe\u00f1a Beltr\u00e1n","sequence":"additional","affiliation":[],"role":[{"role":"author","vocabulary":"crossref"}]}],"member":"9784","published-online":{"date-parts":[[2023,11,1]]},"deposited":{"date-parts":[[2023,11,7]],"date-time":"2023-11-07T19:35:00Z","timestamp":1699385700000},"score":0.0,"resource":{"primary":{"URL":"https:\/\/hemeroteca.unad.edu.co\/index.php\/notas\/article\/view\/6742"}},"issued":{"date-parts":[[2023,11,1]]},"references-count":0,"URL":"https:\/\/doi.org\/10.22490\/notas.6742","published":{"date-parts":[[2023,11,1]]}},{"indexed":{"date-parts":[[2025,12,11]],"date-time":"2025-12-11T19:08:58Z","timestamp":1765480138974,"version":"3.48.0"},"reference-count":0,"publisher":"Universidad Nacional Abierta y a Distancia","issue":"1","license":[{"start":{"date-parts":[[2025,8,22]],"date-time":"2025-08-22T00:00:00Z","timestamp":1755820800000},"content-version":"unspecified","delay-in-days":0,"URL":"https:\/\/creativecommons.org\/licenses\/by-nc-nd\/4.0"}],"content-domain":{"domain":[],"crossmark-restriction":false},"short-container-title":["Educ. Sentipensante"],"abstract":"<jats:p>This reflection paper examines colonialism in English Language Teaching (ELT) and the continuing effects of these legacies on language instruction. In order to subvert monolingual ideas, it addresses important decolonial ELT strategies and principles, such as translanguaging and critical multilingual language awareness, which propose the idea that monolingual views should be attacked, and multilingual learners have to be given a voice. Along with highlighting present trends and future prospects, namely, the incorporation of theories like Critical Race Theory (CRT) and Decolonial Feminism, the study also analyzes the difficulties faced by decolonial ELT, such as opposition from established structures. Consequently, the paper affirms that decolonizing ELT is a social justice movement, and it actually serves the purpose of reclaiming control of language learning, as a tool for freedom and empowerment.<\/jats:p>","DOI":"10.22490\/28057597.9649","type":"journal-article","created":{"date-parts":[[2025,12,11]],"date-time":"2025-12-11T18:48:30Z","timestamp":1765478910000},"page":"99-113","source":"Crossref","is-referenced-by-count":0,"title":["Challenging Colonial Legacies in ELT","Desafiar los legados coloniales en la ense\u00f1anza del ingl\u00e9s"],"prefix":"10.22490","volume":"5","author":[{"ORCID":"https:\/\/orcid.org\/0009-0003-9874-7099","authenticated-orcid":false,"given":"Andr\u00e9s Felipe","family":"Ch\u00e1vez Monsalve","sequence":"first","affiliation":[],"role":[{"role":"author","vocabulary":"crossref"}]}],"member":"9784","published-online":{"date-parts":[[2025,8,22]]},"container-title":["EducAcci\u00f3n Sentipensante"],"link":[{"URL":"https:\/\/hemeroteca.unad.edu.co\/index.php\/educ_sentipensante\/article\/download\/9649\/8037","content-type":"application\/pdf","content-version":"vor","intended-application":"text-mining"},{"URL":"https:\/\/hemeroteca.unad.edu.co\/index.php\/educ_sentipensante\/article\/download\/9649\/8037","content-type":"unspecified","content-version":"vor","intended-application":"similarity-checking"}],"deposited":{"date-parts":[[2025,12,11]],"date-time":"2025-12-11T18:48:31Z","timestamp":1765478911000},"score":0.0,"resource":{"primary":{"URL":"https:\/\/hemeroteca.unad.edu.co\/index.php\/educ_sentipensante\/article\/view\/9649"}},"subtitle":["A Reflection on Practice and Pedagogy","una reflexi\u00f3n sobre la pr\u00e1ctica y la pedagog\u00eda"],"issued":{"date-parts":[[2025,8,22]]},"references-count":0,"journal-issue":{"issue":"1","published-online":{"date-parts":[[2025,8,22]]}},"URL":"https:\/\/doi.org\/10.22490\/28057597.9649","ISSN":["2805-7597"],"issn-type":[{"value":"2805-7597","type":"electronic"}],"published":{"date-parts":[[2025,8,22]]}},{"indexed":{"date-parts":[[2022,4,5]],"date-time":"2022-04-05T23:34:23Z","timestamp":1649201663051},"reference-count":0,"publisher":"Universidad Nacional Abierta y a Distancia","issue":"1","license":[{"start":{"date-parts":[[2018,2,26]],"date-time":"2018-02-26T00:00:00Z","timestamp":1519603200000},"content-version":"unspecified","delay-in-days":0,"URL":"http:\/\/creativecommons.org\/licenses\/by-nc-sa\/4.0"}],"content-domain":{"domain":[],"crossmark-restriction":false},"short-container-title":["rev.investig.agrar.ambient."],"abstract":"<jats:p>Uno de los aspectos m\u00e1s significativos que es considerado por la entidad reguladora colombiana Publindex COLCIENCIAS\u00a0 en t\u00e9rminos de publicaci\u00f3n cient\u00edfica, se encuentra los denominadas\u00a0 Bases Bibliogr\u00e1ficas con Comit\u00e9 de Selecci\u00f3n (BBCS), los cuales son definidos dentro del documento del Servicios de Indexaci\u00f3n y Resumen \u2013SIR \u201c\u00edndices bibliogr\u00e1ficos centran su objeto en la selecci\u00f3n de art\u00edculos de investigaci\u00f3n publicados en revistas arbitradas; poseen un\u00a0 comit\u00e9 de selecci\u00f3n, encargado de verificar la pertinencia con respecto al inter\u00e9s tem\u00e1tico de la base y la calidad\u00a0 de los art\u00edculos, as\u00ed como el cumplimiento de las normas editoriales internacionales exigidas para la publicaci\u00f3n\u00a0 de art\u00edculos cient\u00edficos\u201d. Dentro de los resultados obtenidos en la convocatoria 768 seg\u00fan reporta la misma entidad, solo el 54.26% cumplen con dicho criterio, por lo que genera planes de mejora tales como talleres formativos, asesor\u00edas en escritura del ingl\u00e9s, encuentros de editores, promover la fusi\u00f3n de revistas, compromisos de la entidad que patrocina la publicaci\u00f3n entre otras con la finalidad de poder mejorar dichas cifras para las convocatorias venideras.<\/jats:p>","DOI":"10.22490\/21456453.2226","type":"journal-article","created":{"date-parts":[[2018,9,13]],"date-time":"2018-09-13T18:50:30Z","timestamp":1536864630000},"page":"13-14","source":"Crossref","is-referenced-by-count":0,"title":["Editorial"],"prefix":"10.22490","volume":"9","author":[{"given":"Gloria Maria","family":"Doria H","sequence":"first","affiliation":[],"role":[{"role":"author","vocabulary":"crossref"}]},{"given":"Margarita Rosa","family":"Bonilla Ospina","sequence":"additional","affiliation":[],"role":[{"role":"author","vocabulary":"crossref"}]}],"member":"9784","published-online":{"date-parts":[[2018,2,26]]},"container-title":["Revista de Investigaci\u00f3n Agraria y Ambiental"],"link":[{"URL":"http:\/\/hemeroteca.unad.edu.co\/index.php\/riaa\/article\/viewFile\/2226\/2822","content-type":"application\/pdf","content-version":"vor","intended-application":"text-mining"},{"URL":"http:\/\/hemeroteca.unad.edu.co\/index.php\/riaa\/article\/viewFile\/2226\/2384","content-type":"text\/html","content-version":"vor","intended-application":"text-mining"},{"URL":"http:\/\/hemeroteca.unad.edu.co\/index.php\/riaa\/article\/viewFile\/2226\/2384","content-type":"unspecified","content-version":"vor","intended-application":"similarity-checking"}],"deposited":{"date-parts":[[2018,9,13]],"date-time":"2018-09-13T18:50:40Z","timestamp":1536864640000},"score":0.0,"resource":{"primary":{"URL":"http:\/\/hemeroteca.unad.edu.co\/index.php\/riaa\/article\/view\/2226"}},"issued":{"date-parts":[[2018,2,26]]},"references-count":0,"journal-issue":{"issue":"1","published-online":{"date-parts":[[2018,2,26]]}},"URL":"https:\/\/doi.org\/10.22490\/21456453.2226","ISSN":["2145-6453","2145-6097"],"issn-type":[{"value":"2145-6453","type":"electronic"},{"value":"2145-6097","type":"print"}],"published":{"date-parts":[[2018,2,26]]}},{"indexed":{"date-parts":[[2023,12,10]],"date-time":"2023-12-10T20:10:09Z","timestamp":1702239009505},"reference-count":0,"publisher":"Universidad Nacional Abierta y a Distancia","issue":"2","license":[{"start":{"date-parts":[[2004,12,15]],"date-time":"2004-12-15T00:00:00Z","timestamp":1103068800000},"content-version":"unspecified","delay-in-days":0,"URL":"http:\/\/creativecommons.org\/licenses\/by\/4.0"}],"content-domain":{"domain":[],"crossmark-restriction":false},"short-container-title":["nova"],"abstract":"<jats:p>Introducci\u00f3n. El avance de la integraci\u00f3n mundial no se limita al comercio propiamente dicho, abarca todas las esferas de la actividad humana incluyendo la educaci\u00f3n. Despojada de la categor\u00eda de derecho adquirido, \u00e9sta se ha transformado en servicio; desde las guarder\u00edas hasta los centros de posgrado, todos los niveles de acceso a la formaci\u00f3n e instrucci\u00f3n, son considerados potenciales mercados. Para comprender el impacto sobre la educaci\u00f3n y la generaci\u00f3n de conocimiento, de las negociaciones comerciales que adelanta Colombia con otros pa\u00edses, veamos cuales son los cap\u00edtulos que se relacionan con \u00e9sta.<\/jats:p>","DOI":"10.22490\/24629448.12","type":"journal-article","created":{"date-parts":[[2017,5,15]],"date-time":"2017-05-15T15:24:59Z","timestamp":1494861899000},"page":"99-102","source":"Crossref","is-referenced-by-count":0,"title":["Potencial impacto del libre comercio sobre la educaci\u00f3n en Colombia"],"prefix":"10.22490","volume":"2","author":[{"given":"Orlando","family":"Vaca M.","sequence":"first","affiliation":[],"role":[{"role":"author","vocabulary":"crossref"}]},{"given":"Fernando","family":"D\u00edaz; MSc","sequence":"additional","affiliation":[],"role":[{"role":"author","vocabulary":"crossref"}]}],"member":"9784","published-online":{"date-parts":[[2004,12,15]]},"container-title":["Nova"],"link":[{"URL":"https:\/\/hemeroteca.unad.edu.co\/index.php\/nova\/article\/download\/12\/1243","content-type":"application\/pdf","content-version":"vor","intended-application":"text-mining"},{"URL":"https:\/\/hemeroteca.unad.edu.co\/index.php\/nova\/article\/download\/12\/1243","content-type":"unspecified","content-version":"vor","intended-application":"similarity-checking"}],"deposited":{"date-parts":[[2023,12,10]],"date-time":"2023-12-10T19:54:25Z","timestamp":1702238065000},"score":0.0,"resource":{"primary":{"URL":"https:\/\/hemeroteca.unad.edu.co\/index.php\/nova\/article\/view\/12"}},"issued":{"date-parts":[[2004,12,15]]},"references-count":0,"journal-issue":{"issue":"2","published-online":{"date-parts":[[2004,12,15]]}},"URL":"https:\/\/doi.org\/10.22490\/24629448.12","ISSN":["2462-9448","1794-2470"],"issn-type":[{"value":"2462-9448","type":"electronic"},{"value":"1794-2470","type":"print"}],"published":{"date-parts":[[2004,12,15]]}},{"indexed":{"date-parts":[[2022,3,28]],"date-time":"2022-03-28T23:38:48Z","timestamp":1648510728363},"reference-count":0,"publisher":"Universidad Nacional Abierta y a Distancia","license":[{"start":{"date-parts":[[2014,12,15]],"date-time":"2014-12-15T00:00:00Z","timestamp":1418601600000},"content-version":"unspecified","delay-in-days":0,"URL":"http:\/\/creativecommons.org\/licenses\/by-nc-sa\/4.0"}],"content-domain":{"domain":[],"crossmark-restriction":false},"short-container-title":["Rev. Estrateg. Organ."],"abstract":"<jats:p>El prop\u00f3sito de este art\u00edculo es analizar el impacto de los derechos de propiedad sobre el desarrollo&#x0D;\necon\u00f3mico. Para este efecto, se tom\u00f3 como base los planteamientos de la teor\u00eda neoinstitucional&#x0D;\nsobre las instituciones y su impacto sobre el comportamiento humano. Definici\u00f3n a&#x0D;\npartir de la cual se establece si los derechos de propiedad pueden ser considerados como una&#x0D;\ninstituci\u00f3n, que ejerce influencia en los incentivos de los agentes econ\u00f3micos y de esta forma&#x0D;\nen los resultados econ\u00f3micos de una naci\u00f3n. Finalmente, se concluye que la conducta de los&#x0D;\nagentes y el uso dado por \u00e9stos a los recursos econ\u00f3micos no solo est\u00e1n afectados por los movimientos&#x0D;\nde los precios propios de los mercados de bienes y factores, sino por la estructura de&#x0D;\nderechos de propiedad vigente en el marco institucional bajo el cual se producen las relaciones&#x0D;\nproductivas. Por tanto, se reconoce que los derechos de propiedad generan los incentivos para&#x0D;\nla maximizaci\u00f3n de resultados y en general, para un mejor desempe\u00f1o econ\u00f3mico..<\/jats:p>","DOI":"10.22490\/25392786.1516","type":"journal-article","created":{"date-parts":[[2017,8,16]],"date-time":"2017-08-16T19:11:37Z","timestamp":1502910697000},"page":"193","source":"Crossref","is-referenced-by-count":0,"title":["LOS DERECHOS DE PROPIEDAD: UN ELEMENTO CENTRAL PARA EL DESARROLLO ECON\u00d3MICO"],"prefix":"10.22490","volume":"3","author":[{"given":"Yamile","family":"Rivera Romero","sequence":"first","affiliation":[],"role":[{"role":"author","vocabulary":"crossref"}]}],"member":"9784","published-online":{"date-parts":[[2014,12,15]]},"container-title":["Revista Estrategia Organizacional"],"link":[{"URL":"http:\/\/hemeroteca.unad.edu.co\/index.php\/revista-estrategica-organizacio\/article\/viewFile\/1516\/1817","content-type":"application\/pdf","content-version":"vor","intended-application":"text-mining"}],"deposited":{"date-parts":[[2017,8,16]],"date-time":"2017-08-16T19:11:48Z","timestamp":1502910708000},"score":0.0,"resource":{"primary":{"URL":"http:\/\/hemeroteca.unad.edu.co\/index.php\/revista-estrategica-organizacio\/article\/view\/1516"}},"issued":{"date-parts":[[2014,12,15]]},"references-count":0,"URL":"https:\/\/doi.org\/10.22490\/25392786.1516","ISSN":["2539-2786"],"issn-type":[{"value":"2539-2786","type":"electronic"}],"published":{"date-parts":[[2014,12,15]]}},{"indexed":{"date-parts":[[2022,4,4]],"date-time":"2022-04-04T09:54:39Z","timestamp":1649066079072},"reference-count":0,"publisher":"Universidad Nacional Abierta y a Distancia","license":[{"start":{"date-parts":[[2010,5,2]],"date-time":"2010-05-02T00:00:00Z","timestamp":1272758400000},"content-version":"unspecified","delay-in-days":0,"URL":"http:\/\/creativecommons.org\/licenses\/by-nc-sa\/4.0"}],"content-domain":{"domain":[],"crossmark-restriction":false},"short-container-title":["Desbordes rev. investig. esc. cienc.sociales artes humanid."],"abstract":"<jats:p>&lt;p&gt;Este documento\u00a0 \u00a0presenta \u00a0los \u00a0elementos\u00a0 \u00a0clave \u00a0del \u00a0concepto\u00a0 \u00a0del desarrollo\u00a0\u00a0 humano \u00a0en \u00a0la construcci\u00f3n \u00a0del ser, el sujeto \u00a0social y lo social comunitario,\u00a0 \u00a0con el fin\u00a0 de que favorezca\u00a0 \u00a0los procesos \u00a0de formaci\u00f3n,\u00a0 investigaci\u00f3n \u00a0y proyecci\u00f3n \u00a0social del \u00a0programa \u00a0de\u00a0 Psicolog\u00eda de la UNAD, \u00a0cuya base se encuentra \u00a0soportada \u00a0en los criterios de actuaci\u00f3n del Proyecto Acad\u00e9mico Pedag\u00f3gico Solidario - PAPS.&lt;\/p&gt;&lt;p&gt;En su construcci\u00f3n \u00a0se tuvo \u00a0en cuenta a autores\u00a0 como Ballesteros B., Bruner, \u00a0Chanqu\u00eda, \u00a0entre otros, \u00a0con \u00a0el fin \u00a0de \u00a0dar \u00a0una \u00a0mirada multidisciplinar\u00a0 \u00a0al concepto\u00a0 \u00a0de \u00a0Desarrollo \u00a0Humano, \u00a0y as\u00ed \u00a0proponer alternativas \u00a0para mejorar \u00a0la calidad de vida y bienestar \u00a0de las personas. En este proceso, el psic\u00f3logo \u00a0unadista, sea un facilitador\u00a0 \u00a0para las comunidades \u00a0en el reconocimiento de los procesos complejos que encierra la relaci\u00f3n de las personas y grupos con sus respectivos contextos \u00a0sociales, y coadyuvando \u00a0como actor \u00a0social, en la dinamizaci\u00f3n \u00a0de condiciones \u00a0que centran \u00a0su hacer en la pregunta \u00a0por \u00a0el ser humano \u00a0y su relaci\u00f3n \u00a0con el entorno, \u00a0desde una dimensi\u00f3n cultural, hist\u00f3rica y pol\u00edtica.&lt;\/p&gt;&lt;p&gt;El art\u00edculo concluye con una reflexi\u00f3n \u00a0que permite \u00a0reconocer \u00a0la importancia\u00a0 \u00a0y la necesidad del fortalecimiento\u00a0 \u00a0en la formaci\u00f3n \u00a0de los estudiantes de Psicolog\u00eda teniendo en cuenta el desarrollo humano en los procesos acad\u00e9micos, de investigaci\u00f3n y proyecci\u00f3n social.&lt;\/p&gt;<\/jats:p>","DOI":"10.22490\/25394150.1360","type":"journal-article","created":{"date-parts":[[2017,6,15]],"date-time":"2017-06-15T19:39:46Z","timestamp":1497555586000},"page":"45","source":"Crossref","is-referenced-by-count":0,"title":["EL DESARROLLO HUMANO COMO EJE DE REFLEXI\u00d3N EN EL PROGRAMA   DE PSICOLOGIA  EN LA UNAD"],"prefix":"10.22490","volume":"1","author":[{"given":"Mar\u00eda Norvy","family":"Perdomo","sequence":"first","affiliation":[],"role":[{"role":"author","vocabulary":"crossref"}]},{"given":"Ricardo","family":"Jim\u00e9nez","sequence":"additional","affiliation":[],"role":[{"role":"author","vocabulary":"crossref"}]}],"member":"9784","published-online":{"date-parts":[[2010,5,2]]},"container-title":["Desbordes. Revista de Investigaciones. Escuela de Ciencias sociales, artes y humanidades - UNAD"],"link":[{"URL":"http:\/\/hemeroteca.unad.edu.co\/index.php\/desbordes\/article\/viewFile\/1360\/1697","content-type":"application\/pdf","content-version":"vor","intended-application":"text-mining"}],"deposited":{"date-parts":[[2017,6,15]],"date-time":"2017-06-15T19:41:30Z","timestamp":1497555690000},"score":0.0,"resource":{"primary":{"URL":"http:\/\/hemeroteca.unad.edu.co\/index.php\/desbordes\/article\/view\/1360"}},"issued":{"date-parts":[[2010,5,2]]},"references-count":0,"URL":"https:\/\/doi.org\/10.22490\/25394150.1360","ISSN":["2539-4150","2027-5579"],"issn-type":[{"value":"2539-4150","type":"electronic"},{"value":"2027-5579","type":"print"}],"published":{"date-parts":[[2010,5,2]]}},{"indexed":{"date-parts":[[2025,4,5]],"date-time":"2025-04-05T04:03:25Z","timestamp":1743825805703,"version":"3.40.3"},"reference-count":0,"publisher":"Sello Editorial UNAD","isbn-type":[{"value":"9786287786202","type":"electronic"}],"content-domain":{"domain":[],"crossmark-restriction":false},"published-print":{"date-parts":[[2024]]},"abstract":"<jats:p\/>","DOI":"10.22490\/unad.9786287786202.11","type":"book-chapter","created":{"date-parts":[[2025,4,4]],"date-time":"2025-04-04T04:36:28Z","timestamp":1743741388000},"page":"239-256","source":"Crossref","is-referenced-by-count":0,"title":["Cap\u00edtulo 11 | Gesti\u00f3n y desarrollo organizacional de proyectos de turismo rural de la comunidad rural de los municipios de San Francisco y Bojac\u00e1, Cundinamarca."],"prefix":"10.22490","author":[{"given":"Naryi Xiomara","family":"Quesada Barrag\u00e1n","sequence":"additional","affiliation":[],"role":[{"role":"author","vocabulary":"crossref"}]}],"member":"9784","container-title":["Perspectivas e interacciones entre el mundo f\u00edsico y virtual para los nuevos retos del desarrollo socioecon\u00f3mico"],"deposited":{"date-parts":[[2025,4,4]],"date-time":"2025-04-04T05:04:18Z","timestamp":1743743058000},"score":0.0,"resource":{"primary":{"URL":"https:\/\/libros.unad.edu.co\/index.php\/selloeditorial\/catalog\/view\/275\/263\/5853"}},"issued":{"date-parts":[[2024]]},"ISBN":["9786287786202"],"references-count":0,"URL":"https:\/\/doi.org\/10.22490\/unad.9786287786202.11","published":{"date-parts":[[2024]]}},{"indexed":{"date-parts":[[2024,5,24]],"date-time":"2024-05-24T05:55:45Z","timestamp":1716530145262},"reference-count":0,"publisher":"Universidad Nacional Abierta y a Distancia","issue":"1","license":[{"start":{"date-parts":[[2015,3,19]],"date-time":"2015-03-19T00:00:00Z","timestamp":1426723200000},"content-version":"unspecified","delay-in-days":0,"URL":"http:\/\/creativecommons.org\/licenses\/by-nc-sa\/4.0"}],"content-domain":{"domain":[],"crossmark-restriction":false},"short-container-title":["rev.investig.agrar.ambient."],"abstract":"<jats:p>&lt;p&gt;El v\u00ednculo entre el cambio clim\u00e1tico actual y la\u00a0producci\u00f3n agr\u00edcola ha dispuesto que la huella de\u00a0carbono sea usada como indicador mundial para\u00a0evaluar la cantidad de gases de efecto invernadero\u00a0(GEI) emitidos por unidad de producto. El sector\u00a0azucarero en Colombia es privilegiado gracias\u00a0a los climas de sus regiones, y al contrario de lo\u00a0que sucede en el resto del mundo con excepci\u00f3n&lt;br \/&gt;de Haw\u00e1i y el norte de Per\u00fa, se puede sembrar y\u00a0cosechar ca\u00f1a durante todos los meses del a\u00f1o,\u00a0no obstante es un sistema productivo netamente\u00a0emisor de GEI. El objetivo de este estudio fue estimar\u00a0la huella de carbono producida por la ca\u00f1a de\u00a0az\u00facar en el municipio de Palmira, Valle del Cauca,\u00a0a partir de las emisiones de gases de efecto invernadero\u00a0durante el proceso de cultivo de ca\u00f1a de\u00a0az\u00facar y la molienda. El uso de combustibles f\u00f3siles,\u00a0qu\u00edmicos y fertilizantes org\u00e1nicos y los datos\u00a0de biomasa de ca\u00f1a de az\u00facar durante el cultivo se obtuvieron a partir de estudios de campo, cuestionarios y entrevistas. Los resultados muestran que la producci\u00f3n de az\u00facar tiene una huella de carbono\u00a0que emite aproximadamente 947 \u00b1 1381 kg\u00a0CO2e\/ha\/ciclo. Los fertilizantes nitrogenados fueron\u00a0los que m\u00e1s aportaron a las emisiones de GEI, en\u00a0un 73% del total, en contraste con el uso de combustibles\u00a0f\u00f3siles y energ\u00eda, cuya contribuci\u00f3n est\u00e1 en 17% y 10%, respectivamente.&lt;\/p&gt;<\/jats:p>","DOI":"10.22490\/21456453.1260","type":"journal-article","created":{"date-parts":[[2017,3,28]],"date-time":"2017-03-28T20:22:29Z","timestamp":1490732549000},"page":"19","source":"Crossref","is-referenced-by-count":2,"title":["Estimaci\u00f3n de huella de carbono del sistema de producci\u00f3n de ca\u00f1a de az\u00facar (Saccharum officinarum) en Palmira, Valle del Cauca, Colombia"],"prefix":"10.22490","volume":"6","author":[{"given":"Hern\u00e1n J.","family":"Andrade","sequence":"first","affiliation":[],"role":[{"role":"author","vocabulary":"crossref"}]},{"given":"Milena A.","family":"Segura","sequence":"additional","affiliation":[],"role":[{"role":"author","vocabulary":"crossref"}]},{"given":"Juan Pablo","family":"Varona","sequence":"additional","affiliation":[],"role":[{"role":"author","vocabulary":"crossref"}]}],"member":"9784","published-online":{"date-parts":[[2015,3,19]]},"container-title":["Revista de Investigaci\u00f3n Agraria y Ambiental"],"link":[{"URL":"http:\/\/hemeroteca.unad.edu.co\/index.php\/riaa\/article\/viewFile\/1260\/1596","content-type":"application\/pdf","content-version":"vor","intended-application":"text-mining"}],"deposited":{"date-parts":[[2017,3,28]],"date-time":"2017-03-28T20:22:30Z","timestamp":1490732550000},"score":0.0,"resource":{"primary":{"URL":"http:\/\/hemeroteca.unad.edu.co\/index.php\/riaa\/article\/view\/1260"}},"issued":{"date-parts":[[2015,3,19]]},"references-count":0,"journal-issue":{"issue":"1","published-online":{"date-parts":[[2015,3,19]]}},"URL":"https:\/\/doi.org\/10.22490\/21456453.1260","ISSN":["2145-6453","2145-6097"],"issn-type":[{"value":"2145-6453","type":"electronic"},{"value":"2145-6097","type":"print"}],"published":{"date-parts":[[2015,3,19]]}},{"indexed":{"date-parts":[[2024,12,17]],"date-time":"2024-12-17T05:17:00Z","timestamp":1734412620902,"version":"3.30.2"},"reference-count":0,"publisher":"Universidad Nacional Abierta y a Distancia","issue":"9","content-domain":{"domain":[],"crossmark-restriction":false},"short-container-title":["Back"],"abstract":"<jats:p>En el marco del desarrollo de la actividad n\u00famero cuatro, unidad tres, se requiere como resultado de aprendizaje realizar una aproximaci\u00f3n a la creaci\u00f3n de obra a partir de la apropiaci\u00f3n de las nociones de Inter referencialidad y autor referencialidad. Esto, a trav\u00e9s del remake de una obra escogida entre las opciones de la gu\u00eda de la tarea, reconoci\u00e9ndose desde la influencia propia de nuestro contexto cultural, social o pol\u00edtico. El presente documento contiene el trabajo realizado, inspirado en la obra \u201cNegra menta\u201d de la artista Astrid Liliana Angulo Cort\u00e9s, quien, a trav\u00e9s de su muestra art\u00edstica compuesta por una serie de fotograf\u00edas, busca generar una reflexi\u00f3n frente a la estigmatizaci\u00f3n de las mujeres afrodescendientes colombianas.<\/jats:p>","DOI":"10.22490\/unad.backprojection.8831","type":"journal-article","created":{"date-parts":[[2024,12,16]],"date-time":"2024-12-16T23:50:50Z","timestamp":1734393050000},"page":"20-21","source":"Crossref","is-referenced-by-count":0,"title":["\u201cCampesinada\u201d remake de la obra\u00a0\u201cNegra menta\u201d de Astrid Liliana\u00a0Angulo"],"prefix":"10.22490","author":[{"given":"Dayana","family":"Espinosa","sequence":"first","affiliation":[],"role":[{"role":"author","vocabulary":"crossref"}]}],"member":"9784","published-online":{"date-parts":[[2024,11,28]]},"container-title":["Back Projection"],"link":[{"URL":"https:\/\/hemeroteca.unad.edu.co\/index.php\/back_projection\/article\/download\/8831\/7386","content-type":"application\/pdf","content-version":"vor","intended-application":"text-mining"},{"URL":"https:\/\/hemeroteca.unad.edu.co\/index.php\/back_projection\/article\/download\/8831\/7386","content-type":"unspecified","content-version":"vor","intended-application":"similarity-checking"}],"deposited":{"date-parts":[[2024,12,16]],"date-time":"2024-12-16T23:50:50Z","timestamp":1734393050000},"score":0.0,"resource":{"primary":{"URL":"https:\/\/hemeroteca.unad.edu.co\/index.php\/back_projection\/article\/view\/8831"}},"issued":{"date-parts":[[2024,11,28]]},"references-count":0,"journal-issue":{"issue":"9","published-online":{"date-parts":[[2024,11,28]]}},"URL":"https:\/\/doi.org\/10.22490\/unad.backprojection.8831","ISSN":["2665-4539"],"issn-type":[{"value":"2665-4539","type":"electronic"}],"published":{"date-parts":[[2024,11,28]]}},{"institution":[{"name":"Universidad Nacional Abierta y a Distancia","acronym":["UNAD"],"place":["Bogot\u00e1"],"department":["Cundinamarca"]}],"indexed":{"date-parts":[[2025,6,11]],"date-time":"2025-06-11T21:10:01Z","timestamp":1749676201583,"version":"3.41.0"},"reference-count":17,"publisher":"Sello Editorial UNAD","content-domain":{"domain":[],"crossmark-restriction":false},"published-print":{"date-parts":[[2025,3,26]]},"abstract":"<jats:p>Contextualizaci\u00f3n del tema:\nEs claro que un curr\u00edculo integrado por la dimensi\u00f3n ambiental posibilita la promoci\u00f3n de una educaci\u00f3n orientada a construir una visi\u00f3n m\u00e1s integradora del mundo, permitiendo impulsar las capacidades cognitivas y recreativas de los estudiantes, ya que se encuentran vinculados a su contexto sociocultural y ambiental, fomentando un pensamiento cr\u00edtico y participativo, lo que a futuro puede constituirse en la base para la reconstrucci\u00f3n y transformaci\u00f3n de la cultura. Lo educativo ambiental permite llevar a la pr\u00e1ctica o hacer la traducci\u00f3n de los conceptos te\u00f3ricos abordados en el aula de clase y llevados a la cotidianidad.Se puede plantear que la educaci\u00f3n ambiental es un proceso de formaci\u00f3n que nos pone de frente ante cada acci\u00f3n que desarrollamos en la cotidianidad.\nEn la actualidad, los problemas ambientales empeoran cada d\u00eda debido a las acciones humanas. El deterioro del medio ambiente y sus consecuencias est\u00e1n resultando cada vez m\u00e1s devastadores (Binder, 2002). Debido a este problema se ha evidenciado el inter\u00e9s en tomar cartas sobre el asunto, ejemplo de este indicio fue en Yokohama, Jap\u00f3n, pa\u00eds que lider\u00f3 la iniciativa mundial para transformar el sistema educativo formal y no formal que permitiera una conciencia ambiental sustentable (Molina, 2016). El presente documento expone la pertinencia de la inclusi\u00f3n de la ecopedagog\u00eda en el curr\u00edculo universitario. Actualmente, el reconocimiento generalizado de las condiciones y problem\u00e1ticas medioambientales se debe a la colaboraci\u00f3n de organizaciones y personalidades mundiales, que unen esfuerzos para preservar el planeta. En este panorama, la educaci\u00f3n juega un papel central al definir enfoques, v\u00edas y alternativas para abordar la tem\u00e1tica ambiental.\nVac\u00edo de investigaci\u00f3n: dentro de este contexto, adquiere importancia la formaci\u00f3n ecol\u00f3gica, tambi\u00e9n conocida como ecopedagog\u00eda, como uno de los fundamentos esenciales para la construcci\u00f3n de una cultura social sostenible (Delgado, 2005). La revisi\u00f3n aborda el vac\u00edo existente en la integraci\u00f3n efectiva de la ecopedagog\u00eda en el curr\u00edculo universitario. Aunque hay un reconocimiento creciente de las problem\u00e1ticas ambientales y la importancia de la educaci\u00f3n en este \u00e1mbito, no se ha explorado suficientemente c\u00f3mo incorporar de manera integral y efectiva los principios ecopedag\u00f3gicos en la formaci\u00f3n acad\u00e9mica universitaria.\nProp\u00f3sito del estudio: esta revisi\u00f3n tiene como objetivo principal generar una perspectiva sobre la relevancia de incorporar la ecopedagog\u00eda en el curr\u00edculo universitario. Esta inclusi\u00f3n se percibe como un componente fundamental en la edificaci\u00f3n de una sociedad comprometida con la preservaci\u00f3n ambiental.\nMetodolog\u00eda: este documento se fundamenta bajo el enfoque cualitativo y documental, ya que:\nEl enfoque cualitativo se gu\u00eda por \u00e1reas o temas significativos de investigaci\u00f3n. Sin embargo, en lugar de que la calidad sobre las preguntas de investigaci\u00f3n e hip\u00f3tesis preceda a la recolecci\u00f3n y an\u00e1lisis de datos, los estudios cualitativos pueden desarrollar preguntas de hip\u00f3tesis antes, durante o despu\u00e9s de la recolecci\u00f3n y el an\u00e1lisis de datos. (Hern\u00e1ndez, 2006,p\u00e1g 16)\nCon frecuencia, estas actividades sirven, primero, para descubrir cu\u00e1les son las preguntas de investigaci\u00f3n m\u00e1s importantes y, despu\u00e9s, para perfeccionarlas y responderlas. La acci\u00f3n indagatoria se mueve de manera din\u00e1mica en ambos sentidos: entre los hechos y su interpretaci\u00f3n y resulta m\u00e1s bien un proceso \u201ccircular\u201d en el que la secuencia no es siempre la misma, pues var\u00eda con cada estudio\u201d (Hern\u00e1ndez, 2006).\nResultados y conclusiones: por consiguiente, se destaca la necesidad de integrar principios ecopedag\u00f3gicos en la formaci\u00f3n acad\u00e9mica, contribuyendo as\u00ed a la construcci\u00f3n de una conciencia ambiental m\u00e1s s\u00f3lida y a la preparaci\u00f3n de individuos que asuman un compromiso activo con la sostenibilidad. Podr\u00edamos finalizar relacionando que la ecopedagog\u00eda considera que en los modelos de formaci\u00f3n inicial de maestros es necesario incluir el cultivo del propio crecimiento interior y el despertar creativo del maestro gener\u00e1ndose un proceso de co-aprendizaje con el alumno. La educaci\u00f3n no se ve como la puesta en pr\u00e1ctica de un paquete predeterminado de m\u00e9todos y materiales, hay que generar una educaci\u00f3n verdaderamente democr\u00e1tica para potenciar la participaci\u00f3n sustantiva de los ciudadanos en la vida de la comunidad y del planeta (Fern\u00e1ndez, s.f.). La ecopedagog\u00eda como lo acent\u00faa (Hargreaves, 2003), plantea la necesidad de un cambio educativo desde dos par\u00e1metros que est\u00e1n relacionados entre s\u00ed: la ampliaci\u00f3n y la profundizaci\u00f3n. Por el primero entiende extender el cambio m\u00e1s all\u00e1 de la escuela, hacia la comunidad, trayendo tambi\u00e9n \u00e9sta a la escuela para que luche a su lado, si lo que se pretende es lograr mejoras resultados y acciones significativas en lo que sucede dentro de ella. Las escuelas no pueden seguir siendo centros aislados dentro de sus comunidades.<\/jats:p>","DOI":"10.22490\/ecapma.8223","type":"report","created":{"date-parts":[[2025,3,27]],"date-time":"2025-03-27T14:46:48Z","timestamp":1743086808000},"source":"Crossref","is-referenced-by-count":0,"title":["Promoviendo la responsabilidad ambiental en la integraci\u00f3n de la ecopedagog\u00eda en el curr\u00edculo Unadista"],"prefix":"10.22490","author":[{"given":"Marcela","family":"Mejia","sequence":"first","affiliation":[],"role":[{"role":"author","vocabulary":"crossref"}]},{"given":"Laura Marcela","family":"Cerra Vergara","sequence":"additional","affiliation":[],"role":[{"role":"author","vocabulary":"crossref"}]},{"given":"Jhoana Milena","family":"Molina Rico","sequence":"additional","affiliation":[],"role":[{"role":"author","vocabulary":"crossref"}]}],"member":"9784","published-online":{"date-parts":[[2025,3,26]]},"reference":[{"key":"ref0","unstructured":"Antunes, A., Gadotti, M. La ecopedagog\u00eda como la pedagog\u00eda indicada para el proceso de la Carta de la Tierra. En AA.VV. (2006). IV. Democracia, no violencia y paz141-143. https:\/\/earthcharter.org\/wp-content\/assets\/virtual-library2\/images\/uploads\/Antunes.pdf"},{"key":"ref1","unstructured":"Binder, G. (2002). Factores determinantes de la contaminaci\u00f3n ambiental y del uso de los recursos naturales. Universidad Nacional de Colombia."},{"key":"ref2","unstructured":"Delgado S. L. (2005). Ecopedagog\u00eda y cultura depredadora. Cuba: Universidad de la Habana."},{"key":"ref3","unstructured":"Fern\u00e1ndez, A.,y Conde, J. (2010). La eco pedagog\u00eda en la formaci\u00f3n inicial de maestros (pag. 1-11). Granada, Espa\u00f1a: Universidad de Granada"},{"key":"ref4","doi-asserted-by":"publisher","unstructured":"Fern\u00e1ndez Herrer\u00eda, A., & L\u00f3pez L\u00f3pez, M. del C. (2007). La inclusi\u00f3n del componente emocional en la formaci\u00f3n inicial de maestros. Una experiencia para el desarrollo de la conciencia sensorial. Revista Iberoamericana De Educaci\u00f3n, 43(3), 1-12. https:\/\/doi.org\/10.35362\/rie4332326","DOI":"10.35362\/rie4332326"},{"key":"ref5","unstructured":"Fuentes N., Gonz\u00e1lez H. (2016). Ambientalizaci\u00f3n del curr\u00edculo universitario: un reto de la Ecopedagog\u00eda. http:\/\/www.scielo.org.co\/scielo.php?script=sci_arttext&pid=S0121-38142016000200011&lng=en&tlng=es."},{"key":"ref6","doi-asserted-by":"publisher","unstructured":"Gadotti, M. (2018). Pedagog\u00eda de la tierra y cultura de la sustentabilidad. http:\/\/revistas.academia.cl\/index.php\/pfr\/article\/view\/519\/658","DOI":"10.25074\/07195532.2.519"},{"key":"ref7","unstructured":"Goleman, D. (1995). Inteligencia emocional. Barcelona, Espa\u00f1a: Kair\u00f3s. https:\/\/iuymca.edu.ar\/wp-content\/uploads\/2022\/01\/La-Inteligencia-Emocional-Daniel-Goleman-1.pdf"},{"key":"ref8","unstructured":"Goodland, R. (1997). La tesis de que l mundo est\u00e1 en sus l\u00edmites. En R. Goodland et al. (Eds.).Medio ambiente y desarrollo sostenible (pp.1319). Editorial Trotta."},{"key":"ref9","unstructured":"Hern\u00e1ndez, R., Fern\u00e1ndez-Collado, C. y Baptista, P. (2006). Metodolog\u00eda de la Investigaci\u00f3n. McGraw Hill Interamericana."},{"key":"ref10","unstructured":"Herv\u00e1s D. A (2015) CIUDADAN\u00cdA, EDUCACI\u00d3N Y COMPLEJIDAD: MIRADAS DESDE LA ECOPEDAGOG\u00cdA, https:\/\/www.scielo.cl\/pdf\/rda\/n47\/art10.pdf"},{"key":"ref11","unstructured":"Maldonado H (2005) LA EDUCACI\u00d3N AMBIENTAL COMO HERRAMIENTA SOCIAL https:\/\/www.redalyc.org\/articulo.oa?id=36010104"},{"key":"ref12","unstructured":"Mallart J.(2007) Es La Hora De La Ecopedagog\u00eda. La D\u00e9cada De La Educaci\u00f3n Para Un Futuro Sustentable https:\/\/www.researchgate.net\/publication\/277092056_Es_la_hora_de_la_Ecopedagogia_la_decada_de_la_educacion_para_un_futuro_sustentable"},{"key":"ref13","unstructured":"Molina, N. F.y Gonz\u00e1lez H.E. (2016). Ambientalizaci\u00f3n del curr\u00edculo universitario: un reto de la ecopedagog\u00eda. http:\/\/www.scielo.org.co\/pdf\/ted\/n40\/n40a11.pdf"},{"key":"ref14","unstructured":"Moreno T. (2005). Replantear el cambio educativo. Un enfoque innovador: ANDY HARGREAVES (COMP.) Buenos Aires, Amorrortu, 2003, 323 pp.. Perfiles educativos, 27(108), 117-121. http:\/\/www.scielo.org.mx\/scielo.php?script=sci_arttext&pid=S0185-26982005000100009&lng=es&tlng=es."},{"key":"ref15","unstructured":"Mor\u00edn, E. (1984). Ciencia con conciencia. Barcelona: Anthropos. https:\/\/olimpiadadefilosofiaunt.wordpress.com\/wp-content\/uploads\/2012\/02\/morin-1982-ciencia-con-conciencia.pdf"},{"key":"ref16","unstructured":"Torres C. (2001) Paulo Freire Y La Agenda De La Educaci\u00f3n Latinoamericana En El Siglo Xxi https:\/\/biblioteca-repositorio.clacso.edu.ar\/bitstream\/CLACSO\/11800\/1\/torres.pdf"}],"deposited":{"date-parts":[[2025,6,11]],"date-time":"2025-06-11T20:34:10Z","timestamp":1749674050000},"score":0.0,"resource":{"primary":{"URL":"https:\/\/publicaciones.unad.edu.co\/index.php\/workpaper\/article\/view\/8223"}},"issued":{"date-parts":[[2025,3,26]]},"references-count":17,"URL":"https:\/\/doi.org\/10.22490\/ecapma.8223","published":{"date-parts":[[2025,3,26]]}},{"indexed":{"date-parts":[[2025,5,14]],"date-time":"2025-05-14T07:42:32Z","timestamp":1747208552707,"version":"3.40.5"},"reference-count":0,"publisher":"Universidad Nacional Abierta y a Distancia, UNAD","isbn-type":[{"type":"print","value":"9789586516389"}],"content-domain":{"domain":[],"crossmark-restriction":false},"DOI":"10.22490\/9789586516389.04","type":"book-chapter","created":{"date-parts":[[2019,9,30]],"date-time":"2019-09-30T21:22:40Z","timestamp":1569878560000},"page":"99-111","source":"Crossref","is-referenced-by-count":0,"title":["La ambidestreza organizacional y su incidencia en el futuro de las empresas"],"prefix":"10.22490","author":[{"ORCID":"https:\/\/orcid.org\/0000-0002-7899-6771","authenticated-orcid":false,"given":"Henry","family":"Hurtado Bola\u00f1os","sequence":"first","affiliation":[],"role":[{"role":"author","vocabulary":"crossref"}]},{"ORCID":"https:\/\/orcid.org\/0000-0003-1170-9296","authenticated-orcid":false,"given":"Julio C\u00e9sar","family":"Montoya Rend\u00f3n","sequence":"additional","affiliation":[],"role":[{"role":"author","vocabulary":"crossref"}]}],"member":"9784","published-online":{"date-parts":[[2019,8]]},"container-title":["Perspectivas y desaf\u00edos para la competitividad: una mirada global desde los territorios"],"deposited":{"date-parts":[[2022,5,31]],"date-time":"2022-05-31T17:28:54Z","timestamp":1654018134000},"score":0.0,"resource":{"primary":{"URL":"https:\/\/libros.unad.edu.co\/index.php\/selloeditorial\/catalog\/view\/115\/113\/522"}},"issued":{"date-parts":[[2019,8]]},"ISBN":["9789586516389"],"references-count":0,"URL":"https:\/\/doi.org\/10.22490\/9789586516389.04","published":{"date-parts":[[2019,8]]}},{"indexed":{"date-parts":[[2024,2,15]],"date-time":"2024-02-15T00:45:24Z","timestamp":1707957924638},"reference-count":0,"publisher":"Universidad Nacional Abierta y a Distancia","isbn-type":[{"value":"9789586519359","type":"print"}],"content-domain":{"domain":[],"crossmark-restriction":false},"DOI":"10.22490\/9789586519359.07","type":"book-chapter","created":{"date-parts":[[2024,2,14]],"date-time":"2024-02-14T20:43:56Z","timestamp":1707943436000},"page":"77-117","source":"Crossref","is-referenced-by-count":0,"title":["Leyes del universo"],"prefix":"10.22490","author":[{"given":"Edgardo","family":"Pertuz Molina","sequence":"first","affiliation":[],"role":[{"role":"author","vocabulary":"crossref"}]}],"member":"9784","published-online":{"date-parts":[[2023,9,11]]},"container-title":["Experiencias cercanas a la muerte seg\u00fan las neurociencias y la espiritualidad"],"deposited":{"date-parts":[[2024,2,14]],"date-time":"2024-02-14T20:44:08Z","timestamp":1707943448000},"score":0.0,"resource":{"primary":{"URL":"https:\/\/libros.unad.edu.co\/index.php\/selloeditorial\/catalog\/view\/236\/198\/3872"}},"issued":{"date-parts":[[2023,9,11]]},"ISBN":["9789586519359"],"references-count":0,"URL":"https:\/\/doi.org\/10.22490\/9789586519359.07","published":{"date-parts":[[2023,9,11]]}},{"indexed":{"date-parts":[[2023,12,11]],"date-time":"2023-12-11T07:38:54Z","timestamp":1702280334069},"reference-count":0,"publisher":"Universidad Nacional Abierta y a Distancia","issue":"2","content-domain":{"domain":[],"crossmark-restriction":false},"short-container-title":["Publ. investig."],"abstract":"<jats:p>Este documento expone ventajas que pueden generar la transparencia y el acceso a la informaci\u00f3n p\u00fablica a la sociedad. Estos derechos no pueden descansar s\u00f3lo en la legislaci\u00f3n, sino requieren de acciones, objetivos, metas y programas que lo hagan efectivo. Se entiende que no s\u00f3lo debe observarse a nivel constitucional y legal la evoluci\u00f3n de estos, sino atender la implementaci\u00f3n de pol\u00edticas p\u00fablicas como generadoras de la ciudadanizaci\u00f3n de los mismos, creando confianza en los sistemas de rendici\u00f3n de cuentas, fiscalizaci\u00f3n y de responsabilidades, as\u00ed como su enraizamiento en la sociedad, porque una sociedad informada y participativa coadyuva en el crecimiento de su pa\u00eds. En ese sentido, este documento vincula el derecho de acceso a la informaci\u00f3n y transparencia como un mecanismo democr\u00e1tico en el que el binomio de Estado y ciudadan\u00eda prevean condiciones de mejora a partir de la informaci\u00f3n suscitada durante una pandemia.<\/jats:p>","DOI":"10.22490\/25394088.4351","type":"journal-article","created":{"date-parts":[[2023,5,4]],"date-time":"2023-05-04T20:43:08Z","timestamp":1683232988000},"source":"Crossref","is-referenced-by-count":1,"title":["Transparencia y acceso a la informaci\u00f3n p\u00fablica ante situaciones de pandemia"],"prefix":"10.22490","volume":"14","author":[{"given":"Mart\u00edn","family":"Berdeja Rivas","sequence":"first","affiliation":[],"role":[{"role":"author","vocabulary":"crossref"}]},{"given":"Germ\u00e1n","family":"Mart\u00ednez Prats","sequence":"additional","affiliation":[],"role":[{"role":"author","vocabulary":"crossref"}]},{"given":"Francisca","family":"Silva Hern\u00e1ndez","sequence":"additional","affiliation":[],"role":[{"role":"author","vocabulary":"crossref"}]}],"member":"9784","published-online":{"date-parts":[[2020,11,28]]},"container-title":["Publicaciones e Investigaci\u00f3n"],"link":[{"URL":"https:\/\/hemeroteca.unad.edu.co\/index.php\/publicaciones-e-investigacion\/article\/download\/4351\/4225","content-type":"text\/html","content-version":"vor","intended-application":"text-mining"},{"URL":"https:\/\/hemeroteca.unad.edu.co\/index.php\/publicaciones-e-investigacion\/article\/download\/4351\/4324","content-type":"application\/pdf","content-version":"vor","intended-application":"text-mining"},{"URL":"https:\/\/hemeroteca.unad.edu.co\/index.php\/publicaciones-e-investigacion\/article\/download\/4351\/5099","content-type":"text\/xml","content-version":"vor","intended-application":"text-mining"},{"URL":"https:\/\/hemeroteca.unad.edu.co\/index.php\/publicaciones-e-investigacion\/article\/download\/4351\/4324","content-type":"unspecified","content-version":"vor","intended-application":"similarity-checking"}],"deposited":{"date-parts":[[2023,5,4]],"date-time":"2023-05-04T20:43:19Z","timestamp":1683232999000},"score":0.0,"resource":{"primary":{"URL":"https:\/\/hemeroteca.unad.edu.co\/index.php\/publicaciones-e-investigacion\/article\/view\/4351"}},"issued":{"date-parts":[[2020,11,28]]},"references-count":0,"journal-issue":{"issue":"2","published-online":{"date-parts":[[2020,11,18]]}},"URL":"https:\/\/doi.org\/10.22490\/25394088.4351","ISSN":["2539-4088","1900-6608"],"issn-type":[{"value":"2539-4088","type":"electronic"},{"value":"1900-6608","type":"print"}],"published":{"date-parts":[[2020,11,28]]}},{"indexed":{"date-parts":[[2022,4,4]],"date-time":"2022-04-04T02:22:23Z","timestamp":1649038943014},"reference-count":0,"publisher":"Universidad Nacional Abierta y a Distancia","content-domain":{"domain":[],"crossmark-restriction":false},"DOI":"10.22490\/ecacen.1920","type":"report","created":{"date-parts":[[2019,4,12]],"date-time":"2019-04-12T15:40:56Z","timestamp":1555083656000},"source":"Crossref","is-referenced-by-count":0,"title":["Visibilizaci\u00f3n de la comunidad de vendedores ambulantes y estacionarios de la ciudad de Palmira (impacto socioecon\u00f3mico)"],"prefix":"10.22490","author":[{"given":"Martha Luc\u00eda","family":"Fuertes D","sequence":"first","affiliation":[],"role":[{"role":"author","vocabulary":"crossref"}]},{"given":"Julio Cesar","family":"Montoya R","sequence":"additional","affiliation":[],"role":[{"role":"author","vocabulary":"crossref"}]},{"given":"Marilu","family":"Avenda\u00f1o A","sequence":"additional","affiliation":[],"role":[{"role":"author","vocabulary":"crossref"}]}],"member":"9784","published-online":{"date-parts":[[2016]]},"deposited":{"date-parts":[[2019,4,12]],"date-time":"2019-04-12T15:40:56Z","timestamp":1555083656000},"score":0.0,"resource":{"primary":{"URL":"http:\/\/hemeroteca.unad.edu.co\/index.php\/working\/article\/view\/1920"}},"issued":{"date-parts":[[2016]]},"references-count":0,"URL":"https:\/\/doi.org\/10.22490\/ecacen.1920","published":{"date-parts":[[2016]]}},{"indexed":{"date-parts":[[2024,2,11]],"date-time":"2024-02-11T11:50:19Z","timestamp":1707652219792},"reference-count":0,"publisher":"Universidad Nacional Abierta y a Distancia","issue":"4","license":[{"start":{"date-parts":[[2023,12,11]],"date-time":"2023-12-11T00:00:00Z","timestamp":1702252800000},"content-version":"unspecified","delay-in-days":0,"URL":"https:\/\/creativecommons.org\/licenses\/by-nc-nd\/4.0"}],"content-domain":{"domain":[],"crossmark-restriction":false},"short-container-title":["Publ. investig."],"abstract":"<jats:p>The project consists of developing a mobile application for Arepa de Huevo producers in the municipality of Luruaco, using the agile XP development methodology. An analysis of requirements and a literature review are conducted to meet the need for access to new marketing channels. The application development was divided into four phases: exploration, design, development, testing and deployment.\u00a0 We used \"Thinking Aloud\" methodology was used in usability testing, where users spoke about their thoughts while interacting with the application. The test results showed good ratings in aesthetics, ease of use, content and information, and usefulness of the application. User feedback was collected for future improvements. The development of the application has been a significant experience for the authors, facing the challenge of learning a new programming language and using tools like Nodejs and React Native. Additionally, the satisfaction of contributing to the community and applying acquired knowledge to solve local problems is highlighted. The result of this exercise is a mobile application that meets the requirements and needs of egg arepa producers in Luruaco, applying the XP methodology and obtaining satisfactory results.<\/jats:p>","DOI":"10.22490\/25394088.7497","type":"journal-article","created":{"date-parts":[[2024,2,9]],"date-time":"2024-02-09T20:19:15Z","timestamp":1707509955000},"source":"Crossref","is-referenced-by-count":0,"title":["Aplicaci\u00f3n m\u00f3vil para la comercializaci\u00f3n de arepa de huevo de las productoras del municipio de Luruaco","Mobile application for the commercialization of arepa de huevo from producers of the municipality of Luruaco"],"prefix":"10.22490","volume":"17","author":[{"given":"Mario Luis","family":"Avila P\u00e9rez","sequence":"first","affiliation":[],"role":[{"role":"author","vocabulary":"crossref"}]},{"given":"Carlo Mario","family":"Avila Mu\u00f1oz","sequence":"additional","affiliation":[],"role":[{"role":"author","vocabulary":"crossref"}]},{"given":"Elvira Mar\u00eda","family":"Vargas Pertuz","sequence":"additional","affiliation":[],"role":[{"role":"author","vocabulary":"crossref"}]},{"given":"Bibiana del Carmen","family":"Avila Garc\u00eda","sequence":"additional","affiliation":[],"role":[{"role":"author","vocabulary":"crossref"}]},{"given":"Yarli Cecilia","family":"Reid Garc\u00eda","sequence":"additional","affiliation":[],"role":[{"role":"author","vocabulary":"crossref"}]}],"member":"9784","published-online":{"date-parts":[[2023,12,11]]},"container-title":["Publicaciones e Investigaci\u00f3n"],"link":[{"URL":"https:\/\/hemeroteca.unad.edu.co\/index.php\/publicaciones-e-investigacion\/article\/download\/7497\/6484","content-type":"application\/pdf","content-version":"vor","intended-application":"text-mining"},{"URL":"https:\/\/hemeroteca.unad.edu.co\/index.php\/publicaciones-e-investigacion\/article\/download\/7497\/6484","content-type":"unspecified","content-version":"vor","intended-application":"similarity-checking"}],"deposited":{"date-parts":[[2024,2,9]],"date-time":"2024-02-09T20:19:15Z","timestamp":1707509955000},"score":0.0,"resource":{"primary":{"URL":"https:\/\/hemeroteca.unad.edu.co\/index.php\/publicaciones-e-investigacion\/article\/view\/7497"}},"issued":{"date-parts":[[2023,12,11]]},"references-count":0,"journal-issue":{"issue":"4","published-online":{"date-parts":[[2023,11,6]]}},"URL":"https:\/\/doi.org\/10.22490\/25394088.7497","ISSN":["2539-4088","1900-6608"],"issn-type":[{"value":"2539-4088","type":"electronic"},{"value":"1900-6608","type":"print"}],"published":{"date-parts":[[2023,12,11]]}},{"indexed":{"date-parts":[[2024,2,20]],"date-time":"2024-02-20T00:17:12Z","timestamp":1708388232933},"reference-count":0,"publisher":"Universidad Nacional Abierta y a Distancia","issue":"2","license":[{"start":{"date-parts":[[2022,8,20]],"date-time":"2022-08-20T00:00:00Z","timestamp":1660953600000},"content-version":"unspecified","delay-in-days":0,"URL":"https:\/\/creativecommons.org\/licenses\/by-nc-nd\/4.0"}],"content-domain":{"domain":[],"crossmark-restriction":false},"short-container-title":["Publ. investig."],"abstract":"<jats:p>The objective of this scientific article is to show the results of the analysis carried out on the relationship that exists between the learning capacity of organizations and organizational performance based on High Performance Work Systems due to the current need for innovation for the improvement of human talent in the different areas of organizations. For the execution of the investigation, a deductive method was implemented on the results obtained in the application of three data collection instruments, so that in the development it is observed that human resources practices are not implemented in isolation but as a system. integrated aimed at creating characteristics of the labor force. The results of this research show that there is a positive correlation between selection, equipment, communication, compensation and training within the organization.<\/jats:p>","DOI":"10.22490\/25394088.6202","type":"journal-article","created":{"date-parts":[[2023,4,27]],"date-time":"2023-04-27T14:06:51Z","timestamp":1682604411000},"source":"Crossref","is-referenced-by-count":0,"title":["Capacidad de aprendizaje para el alto rendimiento organizacional","Learning capacity for high organizational performance"],"prefix":"10.22490","volume":"16","author":[{"given":"Gladys Elena","family":"Mateos Gutierrez","sequence":"first","affiliation":[],"role":[{"role":"author","vocabulary":"crossref"}]},{"given":"A\u00edda Dinorah","family":"Garc\u00eda \u00c1lvarez","sequence":"additional","affiliation":[],"role":[{"role":"author","vocabulary":"crossref"}]},{"given":"Cristel del Carmen","family":"Plata Dom\u00ednguez","sequence":"additional","affiliation":[],"role":[{"role":"author","vocabulary":"crossref"}]}],"member":"9784","published-online":{"date-parts":[[2022,8,20]]},"container-title":["Publicaciones e Investigaci\u00f3n"],"link":[{"URL":"https:\/\/hemeroteca.unad.edu.co\/index.php\/publicaciones-e-investigacion\/article\/download\/6202\/5892","content-type":"application\/pdf","content-version":"vor","intended-application":"text-mining"},{"URL":"https:\/\/hemeroteca.unad.edu.co\/index.php\/publicaciones-e-investigacion\/article\/download\/6202\/5892","content-type":"unspecified","content-version":"vor","intended-application":"similarity-checking"}],"deposited":{"date-parts":[[2024,2,19]],"date-time":"2024-02-19T17:28:09Z","timestamp":1708363689000},"score":0.0,"resource":{"primary":{"URL":"https:\/\/hemeroteca.unad.edu.co\/index.php\/publicaciones-e-investigacion\/article\/view\/6202"}},"issued":{"date-parts":[[2022,8,20]]},"references-count":0,"journal-issue":{"issue":"2","published-online":{"date-parts":[[2022,8,20]]}},"URL":"https:\/\/doi.org\/10.22490\/25394088.6202","ISSN":["2539-4088","1900-6608"],"issn-type":[{"value":"2539-4088","type":"electronic"},{"value":"1900-6608","type":"print"}],"published":{"date-parts":[[2022,8,20]]}},{"indexed":{"date-parts":[[2024,2,19]],"date-time":"2024-02-19T18:10:59Z","timestamp":1708366259504},"reference-count":0,"publisher":"Universidad Nacional Abierta y a Distancia","license":[{"start":{"date-parts":[[2007,5,15]],"date-time":"2007-05-15T00:00:00Z","timestamp":1179187200000},"content-version":"unspecified","delay-in-days":0,"URL":"http:\/\/creativecommons.org\/licenses\/by-sa\/4.0"}],"content-domain":{"domain":[],"crossmark-restriction":false},"short-container-title":["Publ. investig."],"abstract":"<jats:p>The controlled atmosphere technology (AC) is used in cold quarters for the storage, or in containers for the transport, of vegetables and fruits products. This technique stabilizes the atmosphere that surrounds the product in precise percentage with relation to the present O2 and CO2 in her, depending on the vegetal variety to control. For the avocado (American Persea) like climacterical fruit and concretely for the Hass variety, product of world-wide export, the conservation in AC is innovating for the maintenance of its optimal quality.<\/jats:p>","DOI":"10.22490\/25394088.555","type":"journal-article","created":{"date-parts":[[2017,5,24]],"date-time":"2017-05-24T20:36:43Z","timestamp":1495658203000},"page":"77-85","source":"Crossref","is-referenced-by-count":0,"title":["Tecnolog\u00eda de Atm\u00f3sferas Controladas para Frutas y Hortalizas, Caso de Estudio: Modelo Aguacate (Persea Americana) Variedad HASS","TECNOLOG\u00cdA DE ATM\u00d3SFERAS CONTROLADAS PARA FRUTAS Y HORTALIZAS, CASOTecnolog\u00eda de atm\u00f3sferas controladas para frutas y hortalizas, caso de estudio: modelo aguacate (perseamericana) variedad HASS"],"prefix":"10.22490","volume":"1","author":[{"given":"Diego","family":"Montoya","sequence":"first","affiliation":[],"role":[{"role":"author","vocabulary":"crossref"}]}],"member":"9784","published-online":{"date-parts":[[2007,5,15]]},"container-title":["Publicaciones e Investigaci\u00f3n"],"link":[{"URL":"https:\/\/hemeroteca.unad.edu.co\/index.php\/publicaciones-e-investigacion\/article\/download\/555\/1305","content-type":"application\/pdf","content-version":"vor","intended-application":"text-mining"},{"URL":"https:\/\/hemeroteca.unad.edu.co\/index.php\/publicaciones-e-investigacion\/article\/download\/555\/1305","content-type":"unspecified","content-version":"vor","intended-application":"similarity-checking"}],"deposited":{"date-parts":[[2024,2,19]],"date-time":"2024-02-19T17:30:58Z","timestamp":1708363858000},"score":0.0,"resource":{"primary":{"URL":"https:\/\/hemeroteca.unad.edu.co\/index.php\/publicaciones-e-investigacion\/article\/view\/555"}},"issued":{"date-parts":[[2007,5,15]]},"references-count":0,"URL":"https:\/\/doi.org\/10.22490\/25394088.555","ISSN":["2539-4088","1900-6608"],"issn-type":[{"value":"2539-4088","type":"electronic"},{"value":"1900-6608","type":"print"}],"published":{"date-parts":[[2007,5,15]]}},{"indexed":{"date-parts":[[2022,4,4]],"date-time":"2022-04-04T17:05:53Z","timestamp":1649091953666},"reference-count":0,"publisher":"Universidad Nacional Abierta y a Distancia","license":[{"start":{"date-parts":[[2013,3,18]],"date-time":"2013-03-18T00:00:00Z","timestamp":1363564800000},"content-version":"unspecified","delay-in-days":0,"URL":"http:\/\/creativecommons.org\/licenses\/by-nc-sa\/4.0"}],"content-domain":{"domain":[],"crossmark-restriction":false},"short-container-title":["Desbordes rev. investig. esc. cienc.sociales artes humanid."],"abstract":"<jats:p>&lt;p&gt;Este texto propone una lectura pol\u00edtica del personaje principal de la obra Ant\u00edgona de S\u00f3focles. En\u00a0primer lugar se muestran algunas din\u00e1micas sociales antiguas que se\u00f1alan la diferencia entre lo\u00a0p\u00fablico y lo privado como base de organizaci\u00f3n social de los griegos; despu\u00e9s, se elabora un an\u00e1lisis\u00a0de la tragedia, mostrando su funci\u00f3n social a partir de la representaci\u00f3n de lo privado. Por \u00faltimo,\u00a0se realiza una lectura pol\u00edtica de la funci\u00f3n social femenina en perspectiva cr\u00edtica, a partir de la obra.&lt;br \/&gt;Se toma como objeto de an\u00e1lisis el personaje Ant\u00edgona, pues muestra una serie de elementos que\u00a0permitir\u00e1n sostener que propone una figura femenina transgresora de la costumbre. Este texto es una\u00a0mirada a la visi\u00f3n de mundo de los antiguos griegos, la cual conduce a reflexionar sobre la funci\u00f3n de\u00a0la mujer en la vida en comunidad de la polis&lt;\/p&gt;<\/jats:p>","DOI":"10.22490\/25394150.1256","type":"journal-article","created":{"date-parts":[[2017,6,15]],"date-time":"2017-06-15T19:39:46Z","timestamp":1497555586000},"page":"23","source":"Crossref","is-referenced-by-count":0,"title":["La mujer tr\u00e1gica, una antagonista en busca de protagonismo"],"prefix":"10.22490","volume":"4","author":[{"given":"Diego Alejandro","family":"Botero Urquijo","sequence":"first","affiliation":[],"role":[{"role":"author","vocabulary":"crossref"}]}],"member":"9784","published-online":{"date-parts":[[2013,3,18]]},"container-title":["Desbordes. Revista de Investigaciones. Escuela de Ciencias sociales, artes y humanidades - UNAD"],"link":[{"URL":"http:\/\/hemeroteca.unad.edu.co\/index.php\/desbordes\/article\/viewFile\/1256\/1592","content-type":"application\/pdf","content-version":"vor","intended-application":"text-mining"}],"deposited":{"date-parts":[[2017,6,15]],"date-time":"2017-06-15T19:40:08Z","timestamp":1497555608000},"score":0.0,"resource":{"primary":{"URL":"http:\/\/hemeroteca.unad.edu.co\/index.php\/desbordes\/article\/view\/1256"}},"issued":{"date-parts":[[2013,3,18]]},"references-count":0,"URL":"https:\/\/doi.org\/10.22490\/25394150.1256","ISSN":["2539-4150","2027-5579"],"issn-type":[{"value":"2539-4150","type":"electronic"},{"value":"2027-5579","type":"print"}],"published":{"date-parts":[[2013,3,18]]}},{"indexed":{"date-parts":[[2022,6,16]],"date-time":"2022-06-16T13:12:56Z","timestamp":1655385176081},"reference-count":0,"publisher":"Universidad Nacional Abierta y a Distancia","isbn-type":[{"value":"9789586518062","type":"print"}],"content-domain":{"domain":[],"crossmark-restriction":false},"abstract":"<jats:p>El recorrido que presentamos a continuaci\u00f3n se enmarca en esta nueva realidad tecnol\u00f3gica y digital y despliega un conjunto de experiencias en el campo de la Filosof\u00eda para Ni\u00f1os, que han logrado impactar de una manera significativa el quehacer investigativo y profesional de sus autores, en sus diferentes contextos de actuaci\u00f3n. Cada uno de los cap\u00edtulos que integran esta obra, se articulan en torno a los intereses formativos e investigativos que han venido impulsando el Semillero de Filosof\u00eda para Ni\u00f1os del programa de Licenciatura en Filosof\u00eda de la Universidad Nacional Abierta y a Distancia (UNAD).<\/jats:p>","DOI":"10.22490\/9789586518062","type":"book","created":{"date-parts":[[2022,6,15]],"date-time":"2022-06-15T16:32:55Z","timestamp":1655310775000},"source":"Crossref","is-referenced-by-count":0,"title":["Filosof\u00eda para ni\u00f1os: de la teor\u00eda a las pr\u00e1cticas educativas"],"prefix":"10.22490","author":[{"given":"Ingrid","family":"Sarmiento Aponte","sequence":"first","affiliation":[],"role":[{"role":"author","vocabulary":"crossref"}]},{"given":"Deyser","family":"Guti\u00e9rrez A.","sequence":"additional","affiliation":[],"role":[{"role":"author","vocabulary":"crossref"}]},{"given":"Yaqueline","family":"Sugey Zapata","sequence":"additional","affiliation":[],"role":[{"role":"author","vocabulary":"crossref"}]},{"given":"Edilsa Arloth","family":"Barona Villamizar","sequence":"additional","affiliation":[],"role":[{"role":"author","vocabulary":"crossref"}]},{"given":"Melania","family":"Lezcano Rueda","sequence":"additional","affiliation":[],"role":[{"role":"author","vocabulary":"crossref"}]},{"given":"Javier Danilo","family":"Murcia Gonzales","sequence":"additional","affiliation":[],"role":[{"role":"author","vocabulary":"crossref"}]},{"given":"Octavio","family":"Orozco","sequence":"additional","affiliation":[],"role":[{"role":"author","vocabulary":"crossref"}]},{"given":"John Fredy","family":"V\u00e9lez D\u00edaz","sequence":"additional","affiliation":[],"role":[{"role":"author","vocabulary":"crossref"}]},{"given":"Juan Camilo","family":"P\u00e9rez","sequence":"additional","affiliation":[],"role":[{"role":"author","vocabulary":"crossref"}]}],"member":"9784","published-online":{"date-parts":[[2021,7,17]]},"deposited":{"date-parts":[[2022,6,15]],"date-time":"2022-06-15T16:32:58Z","timestamp":1655310778000},"score":0.0,"resource":{"primary":{"URL":"https:\/\/libros.unad.edu.co\/index.php\/selloeditorial\/catalog\/book\/27"}},"issued":{"date-parts":[[2021,7,17]]},"ISBN":["9789586518062"],"references-count":0,"URL":"https:\/\/doi.org\/10.22490\/9789586518062","published":{"date-parts":[[2021,7,17]]}},{"indexed":{"date-parts":[[2025,5,14]],"date-time":"2025-05-14T07:42:29Z","timestamp":1747208549793,"version":"3.40.5"},"reference-count":0,"publisher":"Universidad Nacional Abierta y a Distancia, UNAD","isbn-type":[{"type":"print","value":"9789586516334"}],"content-domain":{"domain":[],"crossmark-restriction":false},"DOI":"10.22490\/9789586516334.01","type":"book-chapter","created":{"date-parts":[[2019,10,1]],"date-time":"2019-10-01T13:00:48Z","timestamp":1569934848000},"page":"19-62","source":"Crossref","is-referenced-by-count":0,"title":["Las zonas francas: su evoluci\u00f3n e importancia para la econom\u00eda"],"prefix":"10.22490","author":[{"ORCID":"https:\/\/orcid.org\/0000-0003-3823-2950","authenticated-orcid":false,"given":"Jos\u00e9 Ever","family":"Castellanos Narciso","sequence":"first","affiliation":[],"role":[{"role":"author","vocabulary":"crossref"}]},{"given":"Fabio Fernando","family":"Moscoso Dur\u00e1n","sequence":"additional","affiliation":[],"role":[{"role":"author","vocabulary":"crossref"}]}],"member":"9784","published-online":{"date-parts":[[2018,12]]},"container-title":["La competitividad: visiones desde la investigaci\u00f3n cient\u00edfica en ciencias econ\u00f3micas y administrativas"],"deposited":{"date-parts":[[2022,5,31]],"date-time":"2022-05-31T17:06:56Z","timestamp":1654016816000},"score":0.0,"resource":{"primary":{"URL":"https:\/\/libros.unad.edu.co\/index.php\/selloeditorial\/catalog\/view\/114\/111\/557"}},"issued":{"date-parts":[[2018,12]]},"ISBN":["9789586516334"],"references-count":0,"URL":"https:\/\/doi.org\/10.22490\/9789586516334.01","published":{"date-parts":[[2018,12]]}},{"indexed":{"date-parts":[[2022,3,29]],"date-time":"2022-03-29T08:35:14Z","timestamp":1648542914627},"reference-count":0,"publisher":"Universidad Nacional Abierta y a Distancia","issue":"3","license":[{"start":{"date-parts":[[2010,11,17]],"date-time":"2010-11-17T00:00:00Z","timestamp":1289952000000},"content-version":"unspecified","delay-in-days":0,"URL":"http:\/\/creativecommons.org\/licenses\/by\/4.0"}],"content-domain":{"domain":[],"crossmark-restriction":false},"short-container-title":["Rev. Investig. UNAD"],"abstract":"<jats:p>&lt;p&gt;El presente art\u00edculo busca comprender la presencia social de un entorno de aprendizaje en l\u00ednea soportado en la plataforma Moodle. Este concepto iniciado por Gunawardena en 1995 explica el grado en que las personas se perciben de forma real en un ambiente de aprendizaje mediado por computador (CMC). Por ello, se busc\u00f3 describir las interacciones de tutores y estudiantes dadas en los foros colaborativos de un aula virtual Moodle, adem\u00e1s de revisar las estrategias de comunicaci\u00f3n, las relaciones establecidas y la motivaci\u00f3n por el aprendizaje. Este abordaje se desarroll\u00f3 a partir de los estudios desarrollados por Rourke, Anderson, Garrison &amp;amp; Archer (2001), Tu &amp;amp; McIsaac (2002), Espinoza, et al. (2008).&lt;\/p&gt;&lt;p&gt;Este trabajo se desarroll\u00f3 empleando la encuesta y la observaci\u00f3n como instrumentos de indagaci\u00f3n. Entre los resultados se destaca la importancia de las estrategias afectivas e interactivas para el desarrollo de la presencia social en el curso. De estas estrategias se identifican la identidad personal, los saludos de bienvenida, la participaci\u00f3n, y la motivaci\u00f3n entre los miembros de los grupos colaborativos y el tutor.&lt;\/p&gt;&lt;p&gt;Estas contribuyen a establecer lazos de amistad y de cooperaci\u00f3n entre los mismos pero poco propician la intimidad y la cercan\u00eda entre los participantes. Por \u00faltimo, este trabajo se realiz\u00f3 en la Universidad Nacional Abierta y a Distancia, UNAD - Colombia, en el curso virtual de investigaci\u00f3n cualitativa durante el primer periodo acad\u00e9mico de 2010.&lt;\/p&gt;<\/jats:p>","DOI":"10.22490\/25391887.719","type":"journal-article","created":{"date-parts":[[2017,7,11]],"date-time":"2017-07-11T10:42:53Z","timestamp":1499769773000},"page":"79","source":"Crossref","is-referenced-by-count":2,"title":["La presencia social en ambientes virtuales de aprendizaje: una estrategia de interacci\u00f3n y construcci\u00f3n del conocimiento1"],"prefix":"10.22490","volume":"9","author":[{"given":"Martha Liliana","family":"Palomino Leiva","sequence":"first","affiliation":[],"role":[{"role":"author","vocabulary":"crossref"}]},{"given":"Gabriel Mauricio","family":"Ram\u00edrez Villegas","sequence":"additional","affiliation":[],"role":[{"role":"author","vocabulary":"crossref"}]}],"member":"9784","published-online":{"date-parts":[[2010,11,17]]},"container-title":["Revista de Investigaciones UNAD"],"link":[{"URL":"http:\/\/hemeroteca.unad.edu.co\/index.php\/revista-de-investigaciones-unad\/article\/viewFile\/719\/1536","content-type":"application\/pdf","content-version":"vor","intended-application":"text-mining"}],"deposited":{"date-parts":[[2017,7,11]],"date-time":"2017-07-11T10:44:38Z","timestamp":1499769878000},"score":0.0,"resource":{"primary":{"URL":"http:\/\/hemeroteca.unad.edu.co\/index.php\/revista-de-investigaciones-unad\/article\/view\/719"}},"issued":{"date-parts":[[2010,11,17]]},"references-count":0,"journal-issue":{"issue":"3","published-online":{"date-parts":[[2010,11,17]]}},"URL":"https:\/\/doi.org\/10.22490\/25391887.719","ISSN":["2539-1887","0124-793X"],"issn-type":[{"value":"2539-1887","type":"electronic"},{"value":"0124-793X","type":"print"}],"published":{"date-parts":[[2010,11,17]]}},{"indexed":{"date-parts":[[2025,5,4]],"date-time":"2025-05-04T10:40:26Z","timestamp":1746355226508},"reference-count":0,"publisher":"Universidad Nacional Abierta y a Distancia","issue":"5","license":[{"start":{"date-parts":[[2021,1,31]],"date-time":"2021-01-31T00:00:00Z","timestamp":1612051200000},"content-version":"unspecified","delay-in-days":0,"URL":"https:\/\/creativecommons.org\/licenses\/by-nc-sa\/4.0"}],"content-domain":{"domain":[],"crossmark-restriction":false},"short-container-title":["anal. jur\u00edd. - pol\u00edtico"],"abstract":"<jats:p>This article addresses the legal and political background of the 1991 Political Constitution of Colombia, the historical context in which it arose and the changes it entailed in the constitutional order, as well as the different reforms that have been made to it during three decades of validity. The reader will be able to recognize that Colombian constitutionalism has been characterized by a recurring constitutional inflation and that the 1991 Constitution, despite having represented notable advances in the face of the consolidation of the constitutional rule of law, has not been immune to this phenomenon and almost equates in number of amendments to the 1886 Charter, which was in effect for 105 years. To achieve this, a hermeneutical method of the social, legal and political sciences is applied that allows interpreting social and political phenomena, as well as sources of law, accompanied by the use of documentary, information and discourse analysis techniques, to the processing of data obtained, mainly, from bibliographic sources and formal sources of law.<\/jats:p>","DOI":"10.22490\/26655489.4360","type":"journal-article","created":{"date-parts":[[2021,5,19]],"date-time":"2021-05-19T13:26:41Z","timestamp":1621430801000},"page":"17-58","source":"Crossref","is-referenced-by-count":3,"title":["Treinta a\u00f1os de la Constituci\u00f3n Pol\u00edtica de Colombia de 1991","Thirty years of the 1991 Political Constitution of Colombia"],"prefix":"10.22490","volume":"3","author":[{"given":"William Felipe","family":"Hurtado Quintero","sequence":"first","affiliation":[],"role":[{"role":"author","vocabulary":"crossref"}]},{"given":"Carlos Andr\u00e9s","family":"Mar\u00edn Reina","sequence":"additional","affiliation":[],"role":[{"role":"author","vocabulary":"crossref"}]}],"member":"9784","published-online":{"date-parts":[[2021,1,31]]},"container-title":["An\u00e1lisis Jur\u00eddico - Pol\u00edtico"],"link":[{"URL":"https:\/\/hemeroteca.unad.edu.co\/index.php\/analisis\/article\/download\/4360\/4409","content-type":"application\/pdf","content-version":"vor","intended-application":"text-mining"},{"URL":"https:\/\/hemeroteca.unad.edu.co\/index.php\/analisis\/article\/download\/4360\/4394","content-type":"text\/html","content-version":"vor","intended-application":"text-mining"},{"URL":"https:\/\/hemeroteca.unad.edu.co\/index.php\/analisis\/article\/download\/4360\/4409","content-type":"unspecified","content-version":"vor","intended-application":"similarity-checking"}],"deposited":{"date-parts":[[2024,2,8]],"date-time":"2024-02-08T15:36:11Z","timestamp":1707406571000},"score":0.0,"resource":{"primary":{"URL":"https:\/\/hemeroteca.unad.edu.co\/index.php\/analisis\/article\/view\/4360"}},"subtitle":["antecedentes, origen, cambios y reformas","Background, origin, changes and reforms"],"issued":{"date-parts":[[2021,1,31]]},"references-count":0,"journal-issue":{"issue":"5","published-online":{"date-parts":[[2021,1,31]]}},"URL":"https:\/\/doi.org\/10.22490\/26655489.4360","ISSN":["2665-5489","2665-5470"],"issn-type":[{"value":"2665-5489","type":"electronic"},{"value":"2665-5470","type":"print"}],"published":{"date-parts":[[2021,1,31]]}},{"indexed":{"date-parts":[[2025,2,21]],"date-time":"2025-02-21T22:54:40Z","timestamp":1740178480020,"version":"3.37.3"},"reference-count":0,"publisher":"Universidad Nacional Abierta y a Distancia","issue":"2","license":[{"start":{"date-parts":[[2015,11,24]],"date-time":"2015-11-24T00:00:00Z","timestamp":1448323200000},"content-version":"unspecified","delay-in-days":0,"URL":"http:\/\/creativecommons.org\/licenses\/by-nc-sa\/4.0"}],"content-domain":{"domain":[],"crossmark-restriction":false},"short-container-title":["Rev. Investig. UNAD"],"abstract":"<jats:p>&lt;p&gt;La Universidad Federal de Santa Catarina (UFSC), junto con la Universidad de Vale do Itaja\u00ed (UNIVALI) desarrolla la investigaci\u00f3n titulada \"La atenci\u00f3n en salud de los discapacitados en Santa Catarina - realidad y desaf\u00edos\". Este documento tiene como objetivo presentar y discutir el tema y sus ideas relacionadas. El proyecto tiene un enfoque de metodolog\u00eda mixta, haciendo enfasis en lo cualitativo. La cultura busca inspirar a desarrollar talleres con los profesores de las personas con discapacidad en las escuelas. Se espera promover la integraci\u00f3n de las personas con discapacidad en el entorno social y educativo. Es muy importante para presentar y discutir las ideas de manera dial\u00f3gica hacia este proyecto, lo que permite la difusi\u00f3n del conocimiento cient\u00edfico a trav\u00e9s de vias intracolectivas y la circulaci\u00f3n de ideas.&lt;\/p&gt;<\/jats:p>","DOI":"10.22490\/25391887.1464","type":"journal-article","created":{"date-parts":[[2017,7,11]],"date-time":"2017-07-11T10:42:53Z","timestamp":1499769773000},"page":"151","source":"Crossref","is-referenced-by-count":0,"title":["El reto de la salud desde una vista amplia y la multiple determinaci\u00f3n de procesos en la salud y enfermedades de personas con discapacidad."],"prefix":"10.22490","volume":"14","author":[{"ORCID":"https:\/\/orcid.org\/0000-0002-4518-470X","authenticated-orcid":false,"given":"Fab\u00edola","family":"Hermes Chesani","sequence":"first","affiliation":[],"role":[{"role":"author","vocabulary":"crossref"}]},{"given":"Tatiana","family":"Mezadri","sequence":"additional","affiliation":[],"role":[{"role":"author","vocabulary":"crossref"}]},{"given":"Luciane","family":"Peter Grillo","sequence":"additional","affiliation":[],"role":[{"role":"author","vocabulary":"crossref"}]},{"given":"Claudia Helena","family":"Jasper","sequence":"additional","affiliation":[],"role":[{"role":"author","vocabulary":"crossref"}]},{"given":"Soraia Dornelles","family":"Schoeller","sequence":"additional","affiliation":[],"role":[{"role":"author","vocabulary":"crossref"}]}],"member":"9784","published-online":{"date-parts":[[2015,11,24]]},"container-title":["Revista de Investigaciones UNAD"],"link":[{"URL":"http:\/\/hemeroteca.unad.edu.co\/index.php\/revista-de-investigaciones-unad\/article\/viewFile\/1464\/1778","content-type":"application\/pdf","content-version":"vor","intended-application":"text-mining"}],"deposited":{"date-parts":[[2017,7,11]],"date-time":"2017-07-11T10:43:00Z","timestamp":1499769780000},"score":0.0,"resource":{"primary":{"URL":"http:\/\/hemeroteca.unad.edu.co\/index.php\/revista-de-investigaciones-unad\/article\/view\/1464"}},"issued":{"date-parts":[[2015,11,24]]},"references-count":0,"journal-issue":{"issue":"2","published-online":{"date-parts":[[2015,11,24]]}},"URL":"https:\/\/doi.org\/10.22490\/25391887.1464","ISSN":["2539-1887","0124-793X"],"issn-type":[{"type":"electronic","value":"2539-1887"},{"type":"print","value":"0124-793X"}],"published":{"date-parts":[[2015,11,24]]}},{"indexed":{"date-parts":[[2024,12,17]],"date-time":"2024-12-17T05:16:55Z","timestamp":1734412615055,"version":"3.30.2"},"reference-count":0,"publisher":"Universidad Nacional Abierta y a Distancia","issue":"7","content-domain":{"domain":[],"crossmark-restriction":false},"short-container-title":["Back"],"abstract":"<jats:p>Obra realizada en el curso de fotograf\u00eda art\u00edstica<\/jats:p>","DOI":"10.22490\/unad.backprojection.8652","type":"journal-article","created":{"date-parts":[[2024,12,16]],"date-time":"2024-12-16T23:48:58Z","timestamp":1734392938000},"page":"21-23","source":"Crossref","is-referenced-by-count":0,"title":["Cuerpo Granulado"],"prefix":"10.22490","author":[{"given":"Andrea","family":"Su\u00e1rez","sequence":"first","affiliation":[],"role":[{"role":"author","vocabulary":"crossref"}]}],"member":"9784","published-online":{"date-parts":[[2021,11,1]]},"container-title":["Back Projection"],"link":[{"URL":"https:\/\/hemeroteca.unad.edu.co\/index.php\/back_projection\/article\/download\/8652\/7247","content-type":"application\/pdf","content-version":"vor","intended-application":"text-mining"},{"URL":"https:\/\/hemeroteca.unad.edu.co\/index.php\/back_projection\/article\/download\/8652\/7247","content-type":"unspecified","content-version":"vor","intended-application":"similarity-checking"}],"deposited":{"date-parts":[[2024,12,16]],"date-time":"2024-12-16T23:48:58Z","timestamp":1734392938000},"score":0.0,"resource":{"primary":{"URL":"https:\/\/hemeroteca.unad.edu.co\/index.php\/back_projection\/article\/view\/8652"}},"issued":{"date-parts":[[2021,11,1]]},"references-count":0,"journal-issue":{"issue":"7","published-online":{"date-parts":[[2024,10,15]]}},"URL":"https:\/\/doi.org\/10.22490\/unad.backprojection.8652","ISSN":["2665-4539"],"issn-type":[{"value":"2665-4539","type":"electronic"}],"published":{"date-parts":[[2021,11,1]]}},{"indexed":{"date-parts":[[2025,3,29]],"date-time":"2025-03-29T04:15:27Z","timestamp":1743221727361,"version":"3.40.3"},"reference-count":0,"publisher":"Sello Editorial UNAD","isbn-type":[{"value":"9789586519694","type":"electronic"}],"content-domain":{"domain":[],"crossmark-restriction":false},"published-print":{"date-parts":[[2024]]},"abstract":"<jats:p\/>","DOI":"10.22490\/unad.9789586519694.5","type":"book-chapter","created":{"date-parts":[[2025,3,28]],"date-time":"2025-03-28T20:51:20Z","timestamp":1743195080000},"page":"114-135","source":"Crossref","is-referenced-by-count":0,"title":["Chapter 5 | Importance of training for the generation and appropriation of culture in Research Ethics, Bioethics and Scientific Integrity"],"prefix":"10.22490","author":[{"given":"Rodrigo Hern\u00e1n","family":"Garc\u00eda Alarc\u00f3n","sequence":"additional","affiliation":[],"role":[{"role":"author","vocabulary":"crossref"}]}],"member":"9784","container-title":["Building A Culture In Research Ethics, Bioethics And Scientific Integrity"],"deposited":{"date-parts":[[2025,3,28]],"date-time":"2025-03-28T20:51:25Z","timestamp":1743195085000},"score":0.0,"resource":{"primary":{"URL":"https:\/\/libros.unad.edu.co\/index.php\/selloeditorial\/catalog\/view\/347\/272\/5808"}},"issued":{"date-parts":[[2024]]},"ISBN":["9789586519694"],"references-count":0,"URL":"https:\/\/doi.org\/10.22490\/unad.9789586519694.5","published":{"date-parts":[[2024]]}},{"indexed":{"date-parts":[[2023,3,30]],"date-time":"2023-03-30T04:36:58Z","timestamp":1680151018180},"reference-count":0,"publisher":"Universidad Nacional Abierta y a Distancia","isbn-type":[{"value":"9789586517355","type":"print"}],"content-domain":{"domain":[],"crossmark-restriction":false},"abstract":"<jats:p>Este cap\u00edtulo tiene como prop\u00f3sito socializar los avances de la investigaci\u00f3n denominada  \u201cEstudio  competitivo  y  prospectivo  2030  de  las  mipyme  sector  horticultor,  Sabana Centro de Cundinamarca ante los retos del futuro con la seguridad alimentaria Bogot\u00e1, regi\u00f3n\u201d. Se realiza un estudio de competitividad de las mipyme sector horticultor de la Sabana centro con base en las herramientas de la prospectiva y se plantean estrategias para el cierre de brechas con base en las caracter\u00edsticas genera-les que implica la integraci\u00f3n sustentable de las mipyme como agentes proveedores de  alimentos  para  la  capital.  Por  esta  raz\u00f3n,  la  integraci\u00f3n  regional  de  los  municipios  de  la  Sabana  centro  y  Bogot\u00e1  se  proyecta  como  estrategia  de  consolidaci\u00f3n  del sector agricultor para atender la demanda alimentaria a futuro de la ciudad capital con altos est\u00e1ndares de competitividad e inserci\u00f3n en los mercados globales, aprovechando el potencial econ\u00f3mico y la articulaci\u00f3n sist\u00e9mica entre los factores productivos y diferentes actores del contexto que permitan garantizar al 2030 la seguridad  alimentaria  Bogot\u00e1-regi\u00f3n.  Aunque  existe  amplio  distanciamiento  entre  el  sue\u00f1o  de  futuro  y  la  situaci\u00f3n  actual  con  alta  limitaci\u00f3n  en  la  integraci\u00f3n  en  la  din\u00e1mica de las organizaciones y la articulaci\u00f3n del Estado-empresa-academia para incrementar con alta efectividad la competitividad acorde con los pilares, factores y variables planteados por el Foro Econ\u00f3mico Mundial para este importante sector en la econom\u00eda. Por lo tanto, los avances del proyecto de investigaci\u00f3n evidencian que la descripci\u00f3n y exploraci\u00f3n cuantitativa y cualitativa con el apoyo con la caja de herramientas de la prospectiva de forma sist\u00e9mica permite identificar la situaci\u00f3n real interna  y  externa  de  las  mipyme  del  sector  horticultor  como  insumo  fundamental  para formular las diferentes acciones estrat\u00e9gicas y dise\u00f1o de escenarios futuribles que promuevan la integraci\u00f3n de los diferentes actores acorde con los ejes docencia, investigaci\u00f3n, proyecci\u00f3n social planteados en las normas vigentes. En  consecuencia,  se  presentan  en  esta  investigaci\u00f3n  los  avances  alcanzados, logrando  visualizar  un  sector  horticultor  que  ha  disminuido  su  participaci\u00f3n  en  la  siembra  y  cosecha,  incluso  la  disminuci\u00f3n  en  el  aprovechamiento  de  las  tierras  efectivamente cultivables en cada uno de los once municipios de la regi\u00f3n Sabana Centro, se realiza la caracterizaci\u00f3n del sector con base en la informaci\u00f3n suministrada por las UMATAS en cada municipio a la Secretaria Departamental de Agricultura  y  Desarrollo  Rural,  se  plantean  las  estrategias  para  cerrar  brechas  y  aportar  a  las  mipyme  del  sector  horticultor  instrumentos  administrativos  desde  planes,  programas  y  proyectos  que  les  permitan  ser  altamente  competitivas,  tambi\u00e9n  se  identifican los actores del poder, el saber, la comunidad, los gremios y la sociedad civil que se deben articular para ser part\u00edcipes en la soluci\u00f3n de los problemas que generar su bajo nivel de competitividad.<\/jats:p>","DOI":"10.22490\/9789586517355.02","type":"book-chapter","created":{"date-parts":[[2023,3,29]],"date-time":"2023-03-29T15:41:15Z","timestamp":1680104475000},"page":"34-57","source":"Crossref","is-referenced-by-count":0,"title":["Estudio competitivo 2030 a las Mipymes Sector Horticultor-Sabana, ante los retos del futuro con la seguridad alimentaria Bogot\u00e1"],"prefix":"10.22490","author":[{"given":"Pedro","family":"Sabogal","sequence":"first","affiliation":[],"role":[{"role":"author","vocabulary":"crossref"}]}],"member":"9784","published-online":{"date-parts":[[2019,12,1]]},"container-title":["Impacto de la innovaci\u00f3n y la gesti\u00f3n de las organizaciones"],"deposited":{"date-parts":[[2023,3,29]],"date-time":"2023-03-29T15:41:20Z","timestamp":1680104480000},"score":0.0,"resource":{"primary":{"URL":"https:\/\/libros.unad.edu.co\/index.php\/selloeditorial\/catalog\/view\/116\/112\/620"}},"issued":{"date-parts":[[2019,12,1]]},"ISBN":["9789586517355"],"references-count":0,"URL":"https:\/\/doi.org\/10.22490\/9789586517355.02","published":{"date-parts":[[2019,12,1]]}},{"indexed":{"date-parts":[[2023,4,19]],"date-time":"2023-04-19T06:35:48Z","timestamp":1681886148551},"reference-count":0,"publisher":"Universidad Nacional Abierta y a Distancia","isbn-type":[{"value":"9789586518772","type":"print"}],"content-domain":{"domain":[],"crossmark-restriction":false},"DOI":"10.22490\/9789586518772.4.2","type":"book-chapter","created":{"date-parts":[[2023,4,18]],"date-time":"2023-04-18T21:37:54Z","timestamp":1681853874000},"page":"216-231","source":"Crossref","is-referenced-by-count":0,"title":["Emociones asociadas a bienestar psicol\u00f3gico en ni\u00f1as rurales departamento de Nari\u00f1o"],"prefix":"10.22490","author":[{"given":"Zeneida Roc\u00edo","family":"Ceballos Villada","sequence":"first","affiliation":[],"role":[{"role":"author","vocabulary":"crossref"}]},{"given":"Roberto Andr\u00e9s","family":"Jaramillo Concha","sequence":"additional","affiliation":[],"role":[{"role":"author","vocabulary":"crossref"}]},{"given":"Nancy Esperanza","family":"Flechas Chaparro","sequence":"additional","affiliation":[],"role":[{"role":"author","vocabulary":"crossref"}]},{"given":"Dianne Sophia","family":"Araujo Romero","sequence":"additional","affiliation":[],"role":[{"role":"author","vocabulary":"crossref"}]},{"given":"Constanza","family":"Abad\u00eda Garc\u00eda","sequence":"additional","affiliation":[],"role":[{"role":"author","vocabulary":"crossref"}]}],"member":"9784","published-online":{"date-parts":[[2022,11,4]]},"container-title":["Psicolog\u00eda social comunitaria en perspectiva: acompa\u00f1amiento, investigaci\u00f3n y formaci\u00f3n"],"deposited":{"date-parts":[[2023,4,18]],"date-time":"2023-04-18T21:38:12Z","timestamp":1681853892000},"score":0.0,"resource":{"primary":{"URL":"https:\/\/libros.unad.edu.co\/index.php\/selloeditorial\/catalog\/view\/183\/165\/2630"}},"issued":{"date-parts":[[2022,11,4]]},"ISBN":["9789586518772"],"references-count":0,"URL":"https:\/\/doi.org\/10.22490\/9789586518772.4.2","published":{"date-parts":[[2022,11,4]]}},{"indexed":{"date-parts":[[2022,3,31]],"date-time":"2022-03-31T00:06:06Z","timestamp":1648685166617},"reference-count":0,"publisher":"Universidad Nacional Abierta y a Distancia","issue":"1","license":[{"start":{"date-parts":[[2010,3,12]],"date-time":"2010-03-12T00:00:00Z","timestamp":1268352000000},"content-version":"unspecified","delay-in-days":0,"URL":"http:\/\/creativecommons.org\/licenses\/by\/4.0"}],"content-domain":{"domain":[],"crossmark-restriction":false},"short-container-title":["Rev. Investig. UNAD"],"abstract":"<jats:p>&lt;p&gt;El presente art\u00edculo describe los criterios para estructurar el modelado del alumno en un \u201cVideo juego educativo gestionado con agentes software (JuEGAS)\u201d multifuncional, usando como piloto el caso JuEGAS \u201cProblemas de naturaleza verbal de estructura aditiva y sustractiva (ProVEAS)\u201d. El modelado del alumno se define como el estado actual de conocimiento que tiene el estudiante sobre un dominio tem\u00e1tico.&lt;\/p&gt;&lt;p&gt;El sistema multifuncional antes mencionado hace referencia a un software educativo que le brinda al docente la posibilidad de evaluar, ejercitar y tutorizar a los estudiantes en un dominio tem\u00e1tico. En este caso, ese dominio corresponde a los problemas de naturaleza verbal de estructura aditiva y sustractiva y a las estrategias utilizadas por los ni\u00f1os entre 7 y 9&lt;br \/&gt;a\u00f1os para solucionar este tipo de problemas. En este orden de ideas, el modelado del alumno se cre\u00f3 con la posibilidad de permitir al software funcionar de manera din\u00e1mica en la medida en que se construye, por lo que se convierte en una estructura novedosa para el desarrollo de un JuEGAS ProVEAS multifuncional.&lt;\/p&gt;&lt;p&gt;Para representar este modelo en el sistema se hace uso de la estructura de la red bayesiana y se dise\u00f1a el \u201cmodelo unificado\u201d como nueva propuesta en los diferentes tipos de modelados del alumno, existentes. Adem\u00e1s, se definen ocho criterios indispensables a la hora de realizar el modelado del alumno con ayuda de la metodolog\u00eda \u201cSoftware educativo, colaborativo, multimedia, adaptativo, l\u00fadico e interactivo (secmali)\u201d (Giraldo, 2007). La investigaci\u00f3n utiliza el enfoque cualitativo, teniendo en cuenta un dise\u00f1o exploratorio-explicativo y el m\u00e9todo modelaci\u00f3n que hace parte de la clasificaci\u00f3n de los m\u00e9todos de investigaci\u00f3n y desarrollo de la inform\u00e1tica definidos por (Barchini, 2005).&lt;\/p&gt;<\/jats:p>","DOI":"10.22490\/25391887.655","type":"journal-article","created":{"date-parts":[[2017,7,11]],"date-time":"2017-07-11T10:42:53Z","timestamp":1499769773000},"page":"117","source":"Crossref","is-referenced-by-count":0,"title":["Modelado del alumno en juegos educativos gestionados con gentes SOFTWARE (JuEGAS) multifuncionales, el caso JuEGAS_ProVEAS"],"prefix":"10.22490","volume":"9","author":[{"given":"Yanilsa Milena","family":"Oyola Palomo","sequence":"first","affiliation":[],"role":[{"role":"author","vocabulary":"crossref"}]},{"given":"Yulieth Paola","family":"Argel Mart\u00ednez","sequence":"additional","affiliation":[],"role":[{"role":"author","vocabulary":"crossref"}]},{"given":"Juan Carlos","family":"Giraldo Cardozo","sequence":"additional","affiliation":[],"role":[{"role":"author","vocabulary":"crossref"}]},{"given":"M\u00f3nica Esther","family":"Castillo G\u00f3mez","sequence":"additional","affiliation":[],"role":[{"role":"author","vocabulary":"crossref"}]}],"member":"9784","published-online":{"date-parts":[[2010,3,12]]},"container-title":["Revista de Investigaciones UNAD"],"link":[{"URL":"http:\/\/hemeroteca.unad.edu.co\/index.php\/revista-de-investigaciones-unad\/article\/viewFile\/655\/1449","content-type":"application\/pdf","content-version":"vor","intended-application":"text-mining"}],"deposited":{"date-parts":[[2017,7,11]],"date-time":"2017-07-11T10:45:26Z","timestamp":1499769926000},"score":0.0,"resource":{"primary":{"URL":"http:\/\/hemeroteca.unad.edu.co\/index.php\/revista-de-investigaciones-unad\/article\/view\/655"}},"issued":{"date-parts":[[2010,3,12]]},"references-count":0,"journal-issue":{"issue":"1","published-online":{"date-parts":[[2010,3,12]]}},"URL":"https:\/\/doi.org\/10.22490\/25391887.655","ISSN":["2539-1887","0124-793X"],"issn-type":[{"value":"2539-1887","type":"electronic"},{"value":"0124-793X","type":"print"}],"published":{"date-parts":[[2010,3,12]]}},{"indexed":{"date-parts":[[2022,3,31]],"date-time":"2022-03-31T10:12:35Z","timestamp":1648721555461},"reference-count":0,"publisher":"Universidad Nacional Abierta y a Distancia","issue":"1","license":[{"start":{"date-parts":[[2012,6,9]],"date-time":"2012-06-09T00:00:00Z","timestamp":1339200000000},"content-version":"unspecified","delay-in-days":0,"URL":"http:\/\/creativecommons.org\/licenses\/by\/4.0"}],"content-domain":{"domain":[],"crossmark-restriction":false},"short-container-title":["Rev. Investig. UNAD"],"abstract":"<jats:p>&lt;p&gt;A pesar de las dificultades de car\u00e1cter te\u00f3rico y conceptual, la regulaci\u00f3n se ha convertido en un tema relevante para el an\u00e1lisis de las transformaciones del Estado y el Derecho que requiere ser estudiado para alcanzar una mejor comprensi\u00f3n de tales transformaciones.&lt;\/p&gt;&lt;p&gt;Con el presente art\u00edculo se pretende hacer una aproximaci\u00f3n conceptual e hist\u00f3rica del fen\u00f3meno de la regulaci\u00f3n, del dise\u00f1o institucional que se viene adoptando por parte del Estado para su ejercicio y de la necesidad de adoptar alg\u00fan tipo de metodolog\u00eda que permita determinar la capacidad institucional para el cumplimiento de dicha funci\u00f3n.&lt;\/p&gt;<\/jats:p>","DOI":"10.22490\/25391887.783","type":"journal-article","created":{"date-parts":[[2017,7,11]],"date-time":"2017-07-11T14:42:53Z","timestamp":1499784173000},"page":"255","source":"Crossref","is-referenced-by-count":0,"title":["La funci\u00f3n reguladora del Estado y el Derecho"],"prefix":"10.22490","volume":"11","author":[{"given":"Alberto","family":"Giraldo Saavedra","sequence":"first","affiliation":[],"role":[{"role":"author","vocabulary":"crossref"}]}],"member":"9784","published-online":{"date-parts":[[2012,6,9]]},"container-title":["Revista de Investigaciones UNAD"],"link":[{"URL":"http:\/\/hemeroteca.unad.edu.co\/index.php\/revista-de-investigaciones-unad\/article\/viewFile\/783\/1420","content-type":"application\/pdf","content-version":"vor","intended-application":"text-mining"}],"deposited":{"date-parts":[[2017,7,11]],"date-time":"2017-07-11T14:44:11Z","timestamp":1499784251000},"score":0.0,"resource":{"primary":{"URL":"http:\/\/hemeroteca.unad.edu.co\/index.php\/revista-de-investigaciones-unad\/article\/view\/783"}},"issued":{"date-parts":[[2012,6,9]]},"references-count":0,"journal-issue":{"issue":"1","published-online":{"date-parts":[[2012,6,9]]}},"URL":"https:\/\/doi.org\/10.22490\/25391887.783","ISSN":["2539-1887","0124-793X"],"issn-type":[{"value":"2539-1887","type":"electronic"},{"value":"0124-793X","type":"print"}],"published":{"date-parts":[[2012,6,9]]}},{"indexed":{"date-parts":[[2024,2,14]],"date-time":"2024-02-14T01:15:37Z","timestamp":1707873337289},"reference-count":0,"publisher":"Universidad Nacional Abierta y a Distancia - UNAD","isbn-type":[{"value":"9789586519205","type":"print"}],"content-domain":{"domain":[],"crossmark-restriction":false},"DOI":"10.22490\/9789586519205.02","type":"book-chapter","created":{"date-parts":[[2024,2,13]],"date-time":"2024-02-13T12:54:56Z","timestamp":1707828896000},"page":"39-62","source":"Crossref","is-referenced-by-count":0,"title":["Nociones y tipos de afrontamiento comunitario en Centros de Acompa\u00f1amiento en Salud Mental Comunitaria CAMSCUNAD"],"prefix":"10.22490","author":[{"given":"Leidy Viviani","family":"Larrahondo G\u00f3mez","sequence":"first","affiliation":[],"role":[{"role":"author","vocabulary":"crossref"}]}],"member":"9784","published-online":{"date-parts":[[2023,9,15]]},"container-title":["Di\u00e1logos sobre la intervenci\u00f3n y el acompa\u00f1amiento psicosocial: entre la experiencia de CAMSCUNAD y otros proyectos de mediaci\u00f3n institucional"],"deposited":{"date-parts":[[2024,2,13]],"date-time":"2024-02-13T12:55:02Z","timestamp":1707828902000},"score":0.0,"resource":{"primary":{"URL":"https:\/\/libros.unad.edu.co\/index.php\/selloeditorial\/catalog\/view\/227\/204\/3891"}},"issued":{"date-parts":[[2023,9,15]]},"ISBN":["9789586519205"],"references-count":0,"URL":"https:\/\/doi.org\/10.22490\/9789586519205.02","published":{"date-parts":[[2023,9,15]]}},{"indexed":{"date-parts":[[2022,3,31]],"date-time":"2022-03-31T03:43:54Z","timestamp":1648698234900},"reference-count":0,"publisher":"Universidad Nacional Abierta y a Distancia","issue":"2","license":[{"start":{"date-parts":[[2015,11,24]],"date-time":"2015-11-24T00:00:00Z","timestamp":1448323200000},"content-version":"unspecified","delay-in-days":0,"URL":"http:\/\/creativecommons.org\/licenses\/by-nc-sa\/4.0"}],"content-domain":{"domain":[],"crossmark-restriction":false},"short-container-title":["Rev. Investig. UNAD"],"abstract":"<jats:p>&lt;p&gt;&lt;strong&gt;&lt;em&gt;Objetivo. &lt;\/em&gt;&lt;\/strong&gt;Analizar las producciones cient\u00edficas sobre la ense\u00f1anza del liderazgo en la graduaci\u00f3n en Enfermer\u00eda a partir del marco de las Directrices Curriculares Nacionales (DCN) de Brasil en 2001.&lt;\/p&gt;&lt;p&gt;&lt;strong&gt;&lt;em&gt;M\u00e9todo. &lt;\/em&gt;&lt;\/strong&gt;Se realiz\u00f3 una revisi\u00f3n integradora de la literatura sobre las producciones cient\u00edficas acerca de la ense\u00f1anza del liderazgo en la graduaci\u00f3n en enfermer\u00eda, a partir de las DCN.&lt;\/p&gt;&lt;p&gt;&lt;strong&gt;&lt;em&gt;Resultados. &lt;\/em&gt;&lt;\/strong&gt;Los art\u00edculos fueran categorizados por afinidad de contenido, siendo constituidas las categor\u00edas de an\u00e1lisis: los desaf\u00edos y dificultades en la ense\u00f1anza del liderazgo en la graduaci\u00f3n de enfermer\u00eda; la importancia de la ense\u00f1anza del liderazgo en la graduaci\u00f3n de enfermer\u00eda y la aplicaci\u00f3n de teor\u00edas de liderazgo y metodolog\u00edas de ense\u00f1anza en la graduaci\u00f3n de enfermer\u00eda para el desarrollo del liderazgo.&lt;\/p&gt;<\/jats:p>","DOI":"10.22490\/25391887.1466","type":"journal-article","created":{"date-parts":[[2017,7,11]],"date-time":"2017-07-11T14:42:53Z","timestamp":1499784173000},"page":"179","source":"Crossref","is-referenced-by-count":0,"title":["Analizando la ense\u00f1anza de liderazgo en la formaci\u00f3n del enfermero en Brasil."],"prefix":"10.22490","volume":"14","author":[{"given":"Gisleangela Lima","family":"Rodrigues Carrara","sequence":"first","affiliation":[],"role":[{"role":"author","vocabulary":"crossref"}]},{"given":"Jorge Luiz","family":"Rigobello","sequence":"additional","affiliation":[],"role":[{"role":"author","vocabulary":"crossref"}]},{"given":"Paula","family":"Batista Luize","sequence":"additional","affiliation":[],"role":[{"role":"author","vocabulary":"crossref"}]},{"given":"Priscila","family":"Lapaz Baldo","sequence":"additional","affiliation":[],"role":[{"role":"author","vocabulary":"crossref"}]},{"given":"Andrea","family":"Bernardes","sequence":"additional","affiliation":[],"role":[{"role":"author","vocabulary":"crossref"}]},{"given":"Carmem Silvia","family":"Gabriel","sequence":"additional","affiliation":[],"role":[{"role":"author","vocabulary":"crossref"}]}],"member":"9784","published-online":{"date-parts":[[2015,11,24]]},"container-title":["Revista de Investigaciones UNAD"],"link":[{"URL":"http:\/\/hemeroteca.unad.edu.co\/index.php\/revista-de-investigaciones-unad\/article\/viewFile\/1466\/1780","content-type":"application\/pdf","content-version":"vor","intended-application":"text-mining"}],"deposited":{"date-parts":[[2017,7,11]],"date-time":"2017-07-11T14:43:02Z","timestamp":1499784182000},"score":0.0,"resource":{"primary":{"URL":"http:\/\/hemeroteca.unad.edu.co\/index.php\/revista-de-investigaciones-unad\/article\/view\/1466"}},"issued":{"date-parts":[[2015,11,24]]},"references-count":0,"journal-issue":{"issue":"2","published-online":{"date-parts":[[2015,11,24]]}},"URL":"https:\/\/doi.org\/10.22490\/25391887.1466","ISSN":["2539-1887","0124-793X"],"issn-type":[{"value":"2539-1887","type":"electronic"},{"value":"0124-793X","type":"print"}],"published":{"date-parts":[[2015,11,24]]}},{"indexed":{"date-parts":[[2022,4,4]],"date-time":"2022-04-04T02:10:51Z","timestamp":1649038251509},"reference-count":0,"publisher":"Universidad Nacional Abierta y a Distancia","issue":"1","license":[{"start":{"date-parts":[[2019,11,26]],"date-time":"2019-11-26T00:00:00Z","timestamp":1574726400000},"content-version":"unspecified","delay-in-days":0,"URL":"https:\/\/creativecommons.org\/licenses\/by-nc-sa\/4.0"}],"content-domain":{"domain":[],"crossmark-restriction":false},"short-container-title":["Agricolae. Habitat"],"abstract":"<jats:p>La generaci\u00f3n e inadecuado manejo de los residuos de la industria cafetera, dependiendo del tipo de procesamiento y siendo la v\u00eda h\u00fameda de las m\u00e1s populares, representa importantes afecciones a los cuerpos de agua y suelo, debido a que esta es arrojada a dichas fuentes sin ning\u00fan tipo de tratamiento. Dentro de las opciones m\u00e1s vers\u00e1tiles para el aprovechamiento de estos residuos agroindustriales generados se destaca la digesti\u00f3n anaerobia. La digesti\u00f3n se caracteriza por ser una tecnolog\u00eda sostenible ya que las bacterias anaerobias que all\u00ed yacen son capaces de transformar este residuo en metano, que es combustible de valor agregado y m\u00e1s para zonas de dif\u00edcil acceso. En esta investigaci\u00f3n, se realiz\u00f3 una revisi\u00f3n sobre estudios reportados con relaci\u00f3n a las principales variables que generan un impacto en la aplicaci\u00f3n de la tecnolog\u00eda. Para lograrlo, se realiz\u00f3 una b\u00fasqueda de art\u00edculos en buscadores y bases de datos especializados, se aplic\u00f3 la metodolog\u00eda PRISMA para la selecci\u00f3n de los mejores estudios y con ello se realizaron conclusiones para la aplicaci\u00f3n de esta a nivel experimental. Se encontr\u00f3 que entre 30 a 40 \u00b0C es la temperatura \u00f3ptima, que el pH tiene un rango de trabajo que oscila entre 6.8 a 7.2, la agitaci\u00f3n se sugiere de media a baja velocidad con el prop\u00f3sito de promover homogeneidad dado que una excesiva agitaci\u00f3n puede destruir los agregados bacterianos, inoculaci\u00f3n depende de la materia org\u00e1nica y finalmente la inoculaci\u00f3n, es requerida debido a que este tipo de residuos no poseen poblaciones bacterianas metanog\u00e9nicas, por esta raz\u00f3n, siempre se requiere la incorporaci\u00f3n de in\u00f3culos para la optimizaci\u00f3n del proceso.<\/jats:p>","DOI":"10.22490\/26653176.3521","type":"journal-article","created":{"date-parts":[[2020,10,5]],"date-time":"2020-10-05T15:49:59Z","timestamp":1601912999000},"source":"Crossref","is-referenced-by-count":0,"title":["Par\u00e1metros de calidad de producci\u00f3n de biog\u00e1s a partir de pulpa de caf\u00e9"],"prefix":"10.22490","volume":"2","author":[{"given":"Yuly Andrea","family":"Quinch\u00eda-Jaramillo","sequence":"first","affiliation":[],"role":[{"role":"author","vocabulary":"crossref"}]},{"given":"Johana","family":"P\u00e9rez-Serna","sequence":"additional","affiliation":[],"role":[{"role":"author","vocabulary":"crossref"}]},{"given":"Gloria Mar\u00eda","family":"Doria Herrera","sequence":"additional","affiliation":[],"role":[{"role":"author","vocabulary":"crossref"}]},{"given":"Yesid","family":"S\u00e1nchez Acosta","sequence":"additional","affiliation":[],"role":[{"role":"author","vocabulary":"crossref"}]}],"member":"9784","published-online":{"date-parts":[[2019,11,26]]},"container-title":["Agricolae &amp; Habitat"],"link":[{"URL":"https:\/\/hemeroteca.unad.edu.co\/index.php\/agricolae\/article\/download\/3521\/3439","content-type":"application\/pdf","content-version":"vor","intended-application":"text-mining"},{"URL":"https:\/\/hemeroteca.unad.edu.co\/index.php\/agricolae\/article\/download\/3521\/3439","content-type":"unspecified","content-version":"vor","intended-application":"similarity-checking"}],"deposited":{"date-parts":[[2020,10,5]],"date-time":"2020-10-05T15:50:01Z","timestamp":1601913001000},"score":0.0,"resource":{"primary":{"URL":"https:\/\/hemeroteca.unad.edu.co\/index.php\/agricolae\/article\/view\/3521"}},"issued":{"date-parts":[[2019,11,26]]},"references-count":0,"journal-issue":{"issue":"1","published-online":{"date-parts":[[2019,11,26]]}},"URL":"https:\/\/doi.org\/10.22490\/26653176.3521","ISSN":["2665-3176"],"issn-type":[{"value":"2665-3176","type":"electronic"}],"published":{"date-parts":[[2019,11,26]]}},{"indexed":{"date-parts":[[2024,9,12]],"date-time":"2024-09-12T17:54:05Z","timestamp":1726163645481},"reference-count":0,"publisher":"Universidad Nacional Abierta y a Distancia","content-domain":{"domain":[],"crossmark-restriction":false},"DOI":"10.22490\/ecapma.1831","type":"report","created":{"date-parts":[[2019,4,12]],"date-time":"2019-04-12T19:40:31Z","timestamp":1555098031000},"source":"Crossref","is-referenced-by-count":1,"title":["Adaptabilidad de biotipos de la guadua (Guadua angustifolia Kunth) etapa vivero en bosque h\u00famedo premontano, cuenca hidrogr\u00e1fica r\u00edo guarapas, predio marengo municipio Pitalito, Huila"],"prefix":"10.22490","author":[{"given":"Nelly Maria","family":"Mendez Pedroza","sequence":"first","affiliation":[],"role":[{"role":"author","vocabulary":"crossref"}]},{"given":"William Ignacio","family":"Montealegre Torres","sequence":"additional","affiliation":[],"role":[{"role":"author","vocabulary":"crossref"}]}],"member":"9784","published-online":{"date-parts":[[2017]]},"deposited":{"date-parts":[[2019,4,12]],"date-time":"2019-04-12T19:40:31Z","timestamp":1555098031000},"score":0.0,"resource":{"primary":{"URL":"http:\/\/hemeroteca.unad.edu.co\/index.php\/workpaper\/article\/view\/1831"}},"issued":{"date-parts":[[2017]]},"references-count":0,"URL":"https:\/\/doi.org\/10.22490\/ecapma.1831","published":{"date-parts":[[2017]]}},{"indexed":{"date-parts":[[2022,4,2]],"date-time":"2022-04-02T09:31:27Z","timestamp":1648891887055},"reference-count":0,"publisher":"Universidad Nacional Abierta y a Distancia","issue":"1","license":[{"start":{"date-parts":[[2015,3,19]],"date-time":"2015-03-19T00:00:00Z","timestamp":1426723200000},"content-version":"unspecified","delay-in-days":0,"URL":"http:\/\/creativecommons.org\/licenses\/by-nc-sa\/4.0"}],"content-domain":{"domain":[],"crossmark-restriction":false},"short-container-title":["rev.investig.agrar.ambient."],"abstract":"<jats:p>La investigaci\u00f3n evalu\u00f3 la eficiencia agron\u00f3mica del cultivo de zapallo (&lt;em&gt;Cucurbita m\u00e1xima&lt;\/em&gt;) var Unapal Mandarino por efecto de la aplicaci\u00f3n de tres fertilizantes ed\u00e1ficos en el desarrollo, producci\u00f3n y rendimiento del cultivo en condiciones del Valle del Cauca, Colombia. Se estableci\u00f3 un dise\u00f1o completamente al azar con tres tratamientos y cuatro repeticiones para un total de 12 unidades experimentales. Los tratamientos evaluados fueron T1: dosis comercial, T2: dosis comercial + 25%. T3: dosis comercial +50%. La variables de respuesta evaluadas incluyen: peso total de frutos y n\u00famero de frutos por unidad experimental, peso del fruto, di\u00e1metro polar, di\u00e1metro ecuatorial, \u00edndice de esfericidad, espesor de la pulpa, color de pared, n\u00famero total de semillas, peso total de semillas, peso de 100 semillas, peso unitario de semilla y % materia seca. Los resultados mostraron que la eficiencia agron\u00f3mica en los tratamientos dosis comercial y dosis comercial +25% no presentaron diferencias significativas, sin embargo en el tratamiento con dosis comercial +50% se encontraron diferencias significativas especialmente en variables de peso total de frutos, di\u00e1metro ecuatorial del fruto, di\u00e1metro polar del fruto, n\u00famero total de semillas por fruto y en el peso total de semillas por fruto, por tanto al aumentar la dosis comercial del fertilizante, se aumentan las caracter\u00edsticas agron\u00f3micas del fruto.<\/jats:p>","DOI":"10.22490\/21456453.1274","type":"journal-article","created":{"date-parts":[[2017,3,28]],"date-time":"2017-03-28T20:22:29Z","timestamp":1490732549000},"page":"185","source":"Crossref","is-referenced-by-count":0,"title":["Evaluaci\u00f3n de la eficiencia de tres fertilizantes ed\u00e1ficos sobre el rendimiento y calidad del zapallo (Cucurbita maxima var. Unapal- Mandarino)"],"prefix":"10.22490","volume":"6","author":[{"given":"Juan Carlos","family":"Menjivar-Flores","sequence":"first","affiliation":[],"role":[{"role":"author","vocabulary":"crossref"}]},{"given":"Cristian Felipe","family":"Enciso Murillo","sequence":"additional","affiliation":[],"role":[{"role":"author","vocabulary":"crossref"}]},{"given":"Harol E.","family":"Mart\u00ednez Cordob","sequence":"additional","affiliation":[],"role":[{"role":"author","vocabulary":"crossref"}]}],"member":"9784","published-online":{"date-parts":[[2015,3,19]]},"container-title":["Revista de Investigaci\u00f3n Agraria y Ambiental"],"link":[{"URL":"http:\/\/hemeroteca.unad.edu.co\/index.php\/riaa\/article\/viewFile\/1274\/1610","content-type":"application\/pdf","content-version":"vor","intended-application":"text-mining"}],"deposited":{"date-parts":[[2017,3,28]],"date-time":"2017-03-28T20:22:44Z","timestamp":1490732564000},"score":0.0,"resource":{"primary":{"URL":"http:\/\/hemeroteca.unad.edu.co\/index.php\/riaa\/article\/view\/1274"}},"issued":{"date-parts":[[2015,3,19]]},"references-count":0,"journal-issue":{"issue":"1","published-online":{"date-parts":[[2015,3,19]]}},"URL":"https:\/\/doi.org\/10.22490\/21456453.1274","ISSN":["2145-6453","2145-6097"],"issn-type":[{"value":"2145-6453","type":"electronic"},{"value":"2145-6097","type":"print"}],"published":{"date-parts":[[2015,3,19]]}},{"indexed":{"date-parts":[[2024,9,10]],"date-time":"2024-09-10T17:11:37Z","timestamp":1725988297760},"reference-count":0,"publisher":"Universidad Nacional Abierta y a Distancia","issue":"1","license":[{"start":{"date-parts":[[2023,12,19]],"date-time":"2023-12-19T00:00:00Z","timestamp":1702944000000},"content-version":"unspecified","delay-in-days":0,"URL":"http:\/\/creativecommons.org\/licenses\/by-nc-sa\/4.0"}],"content-domain":{"domain":[],"crossmark-restriction":false},"short-container-title":["rev.investig.agrar.ambient."],"abstract":"<jats:p>Contextualizaci\u00f3n: La cachama blanca es una especie nativa, la cual tiene propiedades y caracter\u00edsticas atractivas tanto para el productor como el consumidor. Actualmente, los principales estudios se enfocan hacia la reproducci\u00f3n en cautiverio, formas de alimentaci\u00f3n, mejora gen\u00e9tica y manejo.\nVac\u00edo de conocimiento: La informaci\u00f3n acerca del rendimiento en filete y canal es escaza e imposibilita una planeaci\u00f3n estrat\u00e9gica en el momento de la siembra, as\u00ed como la diversificaci\u00f3n del producto y la insuficiente informaci\u00f3n acerca del manejo de los residuos de esta especie.\nProp\u00f3sito: El objetivo de esta investigaci\u00f3n fue evaluar si exist\u00edan diferencias significativas en el rendimiento del filete y la composici\u00f3n fisicoqu\u00edmica al comparar dos tallas de comercializaci\u00f3n de cachama blanca, que se distribuyen en los principales centros de acopio del pa\u00eds.\nMetodolog\u00eda: Se estimaron los rendimientos corporales tomando como muestra 92 animales, los cuales fueron beneficiados, eviscerados y clasificados en dos grupos dependiendo su peso.\u00a0 Luego fueron descamados y se retiraron las aletas, colas, cabeza y piel. Posteriormente, se evaluaron caracter\u00edsticas fisicoqu\u00edmicas (an\u00e1lisis proximal y grado de oxidaci\u00f3n por medio de an\u00e1lisis de bases nitrogenadas vol\u00e1tiles) y se revisaron las investigaciones relacionadas con el aprovechamiento y uso de residuos.\nResultados y conclusiones: Los animales que se encontraban en el rango de peso de 406 g a 600 g presentaron un rendimiento en filete del 51% y en canal del 74%. Asimismo, se encontraron diferencias significativas en el contenido de l\u00edpidos, las dem\u00e1s variables presentaron el mismo comportamiento entre los grupos. Finalmente se evidencia que la especie presenta limitadas investigaciones acerca del uso de residuos para preparaci\u00f3n de ensilados, hidrolizados y harinas.<\/jats:p>","DOI":"10.22490\/21456453.6547","type":"journal-article","created":{"date-parts":[[2023,12,21]],"date-time":"2023-12-21T15:38:34Z","timestamp":1703173114000},"page":"191-210","source":"Crossref","is-referenced-by-count":1,"title":["Evaluaci\u00f3n del rendimiento de filete y composici\u00f3n de cachama blanca (Piaractus brachypomus)"],"prefix":"10.22490","volume":"15","author":[{"given":"Liliana Patricia","family":"Mancera Rodriguez","sequence":"first","affiliation":[],"role":[{"role":"author","vocabulary":"crossref"}]}],"member":"9784","published-online":{"date-parts":[[2023,12,19]]},"container-title":["Revista de Investigaci\u00f3n Agraria y Ambiental"],"link":[{"URL":"https:\/\/hemeroteca.unad.edu.co\/index.php\/riaa\/article\/download\/6547\/6577","content-type":"application\/pdf","content-version":"vor","intended-application":"text-mining"},{"URL":"https:\/\/hemeroteca.unad.edu.co\/index.php\/riaa\/article\/download\/6547\/6577","content-type":"unspecified","content-version":"vor","intended-application":"similarity-checking"}],"deposited":{"date-parts":[[2023,12,21]],"date-time":"2023-12-21T15:38:34Z","timestamp":1703173114000},"score":0.0,"resource":{"primary":{"URL":"https:\/\/hemeroteca.unad.edu.co\/index.php\/riaa\/article\/view\/6547"}},"issued":{"date-parts":[[2023,12,19]]},"references-count":0,"journal-issue":{"issue":"1","published-online":{"date-parts":[[2023,12,19]]}},"URL":"https:\/\/doi.org\/10.22490\/21456453.6547","ISSN":["2145-6453","2145-6097"],"issn-type":[{"value":"2145-6453","type":"electronic"},{"value":"2145-6097","type":"print"}],"published":{"date-parts":[[2023,12,19]]}},{"indexed":{"date-parts":[[2025,2,21]],"date-time":"2025-02-21T22:51:24Z","timestamp":1740178284229,"version":"3.37.3"},"reference-count":22,"publisher":"Universidad Nacional Abierta y a Distancia","issue":"2","license":[{"start":{"date-parts":[[2020,7,7]],"date-time":"2020-07-07T00:00:00Z","timestamp":1594080000000},"content-version":"unspecified","delay-in-days":0,"URL":"https:\/\/creativecommons.org\/licenses\/by-nc-sa\/4.0"}],"content-domain":{"domain":[],"crossmark-restriction":false},"short-container-title":["rev.investig.agrar.ambient."],"abstract":"<jats:p>Contextualizaci\u00f3n: La producci\u00f3n ganadera en Colombia se desarrolla en gran parte del pa\u00eds y tiene una participaci\u00f3n del 53% en el producto interno bruto pecuario, es considerada un rengl\u00f3n socioecon\u00f3mico de importancia para el progreso del campo. Ocupa una fracci\u00f3n significativa del uso de suelo, donde la mayor parte est\u00e1 destinado a pastos y forrajes para la ganader\u00eda bovina. Esta actividad se desarrolla en grandes extensiones y el aumento de la productividad depende del manejo eficiente de los forrajes y de la introducci\u00f3n de especies forrajeras mejoradas que oferten mejor cantidad y calidad alimenticia.\r\nVac\u00edo de conocimiento: Un problema serio en el manejo de forrajes son los altos costos de producci\u00f3n de los fertilizantes de s\u00edntesis qu\u00edmica y que los ganaderos no aprovechan alternativas org\u00e1nicas de fertilizaci\u00f3n.\u00a0\r\nProp\u00f3sito del estudio: Teniendo en cuenta que son poco los ganaderos que consideran el pasto como un cultivo, el cual responde a pr\u00e1cticas agron\u00f3micas apropiadas, esta investigaci\u00f3n tuvo como prop\u00f3sito evaluar la respuesta a la fertilizaci\u00f3n con abono l\u00edquido org\u00e1nico fermentado aer\u00f3bicamente (A.L.O.F.A) en las variables altura, cobertura, vigor, producci\u00f3n de biomasa y composici\u00f3n nutricional de dos especies forrajeras de inter\u00e9s para la ganader\u00eda (Cynodon nlemfuensis y Brachiaria brizantha cv. Toledo) comparando con biofertilizante comercial y fertilizaci\u00f3n tradicional.\r\nMetodolog\u00eda: Se utiliz\u00f3 un dise\u00f1o de bloques completos al azar (BCA) con tres repeticiones. Se hicieron aplicaciones con intervalos de 10 d\u00edas seg\u00fan las dosis establecidas por tratamiento. Se realizaron tres evaluaciones cada 40 d\u00edas y las variables de respuesta fueron altura, cobertura, vigor, infestaci\u00f3n de plagas, incidencia de enfermedades, producci\u00f3n de materia seca y calidad nutricional.\r\nResultados y conclusiones: A.L.O.F.A al 2.5% present\u00f3 el mejor comportamiento en producci\u00f3n de materia seca con C. nlemfuensis, superando en 17,55% al testigo; en B. brizantha cv. Toledo A.L.O.F.A al 2,5% +Inoculante micorrizico (IM) y BP-150 al 0,5% + IM superaron en 35% al testigo, lo cual permite aumentar la carga animal en 0,4 y 1,82 UGG\/ha en ambas especies. El mayor porcentaje de MS se obtuvo con el tratamiento T4 y teniendo en cuenta que en contenido de prote\u00edna no hay diferencias entre tratamientos, se concluye estos tratamientos no inciden en la calidad nutricional de los forrajes.<\/jats:p>","DOI":"10.22490\/21456453.3065","type":"journal-article","created":{"date-parts":[[2020,7,29]],"date-time":"2020-07-29T14:36:02Z","timestamp":1596033362000},"page":"13-27","source":"Crossref","is-referenced-by-count":1,"title":["Efecto del abono org\u00e1nico l\u00edquido mineralizado en la producci\u00f3n y composici\u00f3n de forrajes para pastoreo"],"prefix":"10.22490","volume":"11","author":[{"ORCID":"https:\/\/orcid.org\/0000-0002-8117-9465","authenticated-orcid":false,"given":"Consuelo","family":"Montes Rojas","sequence":"first","affiliation":[],"role":[{"role":"author","vocabulary":"crossref"}]},{"ORCID":"https:\/\/orcid.org\/0000-0002-0925-9321","authenticated-orcid":false,"given":"Robinson Felipe","family":"Guzm\u00e1n S\u00e1nchez","sequence":"additional","affiliation":[],"role":[{"role":"author","vocabulary":"crossref"}]},{"ORCID":"https:\/\/orcid.org\/0000-0002-2705-4303","authenticated-orcid":false,"given":"Jeferson Andres","family":"Beltr\u00e1n Peraf\u00e1n","sequence":"additional","affiliation":[],"role":[{"role":"author","vocabulary":"crossref"}]},{"ORCID":"https:\/\/orcid.org\/0000-0002-9208-2845","authenticated-orcid":false,"given":"Mar\u00eda del Socorro","family":"Anaya Florez","sequence":"additional","affiliation":[],"role":[{"role":"author","vocabulary":"crossref"}]}],"member":"9784","published-online":{"date-parts":[[2020,7,7]]},"reference":[{"key":"ref0","doi-asserted-by":"publisher","unstructured":"Altieri, M. A., y Nicholls, C. I. (2017). Agroecology: a brief account of its origins and currents of thought in Latin America, Agroecology and Sustainable Food Systems, 41(3-4), 231-237. https:\/\/doi.org\/10.1080\/21683565.2017.1287147","DOI":"10.1080\/21683565.2017.1287147"},{"key":"ref1","doi-asserted-by":"publisher","unstructured":"\u00c1lvarez A. C., y Cruz, W. A. (2017). Manejo de pastizales en sistemas de producci\u00f3n ganaderos de Nueva Guinea, Costa Caribe Sur de Nicaragua. Revista Ciencia E Interculturalidad, 10(20), 122-139. https:\/\/doi.org\/10.5377\/rci.v20i1.4858","DOI":"10.5377\/rci.v20i1.4858"},{"key":"ref2","unstructured":"\u00c1lvarez, G. R., Garc\u00eda, A. R., Cervantes, X. P., Zamora, D. J., Chabla, G. M., Chac\u00f3n, E., Garz\u00f3n, J. W., Ram\u00edrez, J. L., y Ramos, Y. (2016). Comportamiento agron\u00f3mico de la asociaci\u00f3n del pasto Brachiaria decumbens con dos leguminosas. REDVET 17(4), 9 12."},{"key":"ref3","unstructured":"Arango, J., Guti\u00e9rrez, J., Mazabel, J., Pardo, P., Enciso, K., Burkart, S., \u2026. Hincapi\u00e9, B. (2016). Estrategias Tecnol\u00f3gicas para Mejorar la Productividad y Competitividad de la Actividad Ganadera. Palmira: CIAT No. 414. p. 2."},{"key":"ref4","unstructured":"Arce, J., Villalobos, L., y Wingching, R. (2013). Costos de producci\u00f3n de pastos de piso en finca de asociados de la cooperativa de productores de leche Dos Pinos R.L. Escuela de zootecnia. Universidad de Costa Rica. Ventana lechera 21 (7), 9-12."},{"key":"ref5","unstructured":"Carulla, J. E., y Ortega, E. (2016). Sistemas de producci\u00f3n lechera en Colombia: retos y oportunidades. Archivos Latinoamericanos de Producci\u00f3n Animal, 24(2), pp. 83-87."},{"key":"ref6","unstructured":"Casta\u00f1eda, L., Olivera, Y., y Wencomo, H. B. (2017). Agronomic evaluation and selection of Brachiaria spp. accessions on moderate fertility soils. Pastos y Forrajes, 40, (4), 272-276, 2017."},{"key":"ref7","unstructured":"Fajardo, M.J., y Solano, J.A. (2014). Evaluaci\u00f3n de la fertilizaci\u00f3n foliar con pur\u00edn la finca mineralizado en producci\u00f3n de forrajes (Tesis pregrado Ingenier\u00eda Agropecuaria). Popay\u00e1n, Cauca, Colombia: Facultad de Ciencias Agrarias, Universidad del Cauca."},{"key":"ref8","unstructured":"Gallego, L. A., Mahecha, L., y Angulo A. J. (2015). Crecimiento y desarrollo de Tithonia diversifolia Hemsl. A Gray en condiciones de tr\u00f3pico alto. En: Tercer congreso nacional de sistemas silvopastoriles: VIII Congreso internacional de sistemas agroforestales. Argentina. \/ compilado por Pablo L. Peri. - 1a ed. - Santa Cruz: Ediciones INTA, pp. 53-57."},{"key":"ref9","unstructured":"Garro A., y Jorge E. (2016). El suelo y los abonos org\u00e1nicos: acciones clim\u00e1ticas en el sector agropecuario. San Jos\u00e9 (Costa Rica). Instituto Nacional de Innovaci\u00f3n y Transferencia en Tecnolog\u00eda Agropecuaria (INTA). p.106."},{"key":"ref10","unstructured":"Gonz\u00e1lez, P., Ram\u00edrez, J. F., Morgan, O., Rivera, R., y Plana, R. (2015). Contribuci\u00f3n de la inoculaci\u00f3n micorr\u00edzica arbuscular a la reducci\u00f3n de la fertilizaci\u00f3n fosf\u00f3rica en Brachiaria decumbens. Cultivos Tropicales, 36(1), 135-142."},{"key":"ref11","doi-asserted-by":"publisher","unstructured":"Herrero, M., Wirsenius, H. B., Rigolot, C., Thornton, P., Havl\u00edk, P., De Boer, I. y Gerber, P.J. (2015). Livestock and the Environment: What Have We Learned in the Past Decade? Annual review and environment and resources 40, 177-202. https:\/\/doi.org\/10.1146\/annurev-environ-031113-093503","DOI":"10.1146\/annurev-environ-031113-093503"},{"key":"ref12","unstructured":"L\u00f3pez, M. J., Figueroa, U., Fortis, M., N\u00fa\u00f1ez, G., Ochoa, E., y S\u00e1nchez, J. I., (2015). Evaluaci\u00f3n de dosis equivalentes de fertilizante y esti\u00e9rcol en la producci\u00f3n de ma\u00edz forrajero (Zea mays). FYTON, 84, 8-13."},{"issue":"1","key":"ref13","doi-asserted-by":"publisher","first-page":"83","DOI":"10.5377\/ruc.v18i1.4810","article-title":"Producci\u00f3n y calidad de forraje con enmiendas org\u00e1nicas en pastura (Brachiaria brizantha), en la Costa Caribe Sur de Nicaragua","volume":"18","author":"L\u00f3pez","year":"2017","unstructured":"L\u00f3pez, F. A., Miranda, J. A., y Calero, W.A. (2017). Producci\u00f3n y calidad de forraje con enmiendas org\u00e1nicas en pastura (Brachiaria brizantha), en la Costa Caribe Sur de Nicaragua. Revista Universitaria del Caribe, 18(1), 83-90. http:\/\/orcid.org\/0000-0002-3837-3705","journal-title":"Revista Universitaria del Caribe"},{"key":"ref14","unstructured":"L\u00f3pez, O., S\u00e1nchez, T., Iglesias, J. M., Lamela, L., Soca, M., Arece, J. y Milera, M de la C. (2017). Los sistemas silvopastoriles como alternativa para la producci\u00f3n animal sostenible en el contexto actual de la ganader\u00eda tropical. Pastos y Forrajes, 40(2), 85-95."},{"key":"ref15","unstructured":"Ministerio del Ambiente y los Recursos Naturales. (2016). Identificaci\u00f3n de las causas de la deforestaci\u00f3n y la degradaci\u00f3n forestal en Nicaragua. Managua, Nicaragua. Proyecto Apoyo a la Preparaci\u00f3n de la Estrategia para la Reducci\u00f3n de Emisiones por Deforestaci\u00f3n y Degradaci\u00f3n Forestal (ENDE-REDD). Junio. pp. 2-18."},{"key":"ref16","doi-asserted-by":"publisher","unstructured":"Mora, M. A., R\u00edos, L., R\u00edos, L. y Almario, J. L. (2017). Impacto de la actividad ganadera sobre el suelo en Colombia. Ingenier\u00eda y regi\u00f3n, 17, pp. 1-12. https:\/\/doi.org\/10.25054\/issn.2216-1325","DOI":"10.25054\/issn.2216-1325"},{"key":"ref17","unstructured":"Plana, R., Gonz\u00e1lez, P.J., y Soto, F. (2016). Uso combinado de ecomic\u00ae, fitomas-e\u00ae y fertilizantes minerales en la producci\u00f3n de forraje para la alimentaci\u00f3n animal a base de triticale (x. Triticosecale Wittmack), cv INCA TT-7. Cultivos Tropicales, 37(4), 76-83. http:\/\/dx.doi.org\/10.1234\/ct.v37i4.1277"},{"key":"ref18","unstructured":"Pent\u00f3n, G., Mart\u00edn, G.J., y Rivera, R. (2016). Efecto del arreglo espacial y el intercalamiento con Canavalia ensiformis micorrizada en la respuesta agroproductiva de Morus alba. Pastos y Forrajes, 39(3), 92-99."},{"key":"ref19","doi-asserted-by":"publisher","unstructured":"Restrepo, S.P., Pineda, E.C. y R\u00edos, L. A. (2017). Mecanismos de acci\u00f3n de hongos y bacterias empleados como biofertilizantes en suelos agr\u00edcolas: una revisi\u00f3n sistem\u00e1tica. Ciencia y Tecnolog\u00eda Agropecuaria, 18(2), 335-351. https:\/\/doi.org\/10.21930\/rcta.vol18_num2_art:635","DOI":"10.21930\/rcta.vol18_num2_art:635"},{"key":"ref20","unstructured":"S\u00e1enz, E., Saucedo, R.A., Morales, C.R., Jurado, P., Lara, C.R., Melgoza, A. y Ortega, J.A. (2016). Efecto del corte y niveles de fertilizaci\u00f3n de biol en el rendimiento de materia seca y producci\u00f3n de semilla del pasto blando (Nasella sp) con riego complementario en la estaci\u00f3n experimental choquenaira. Revista de Investigaci\u00f3n e Innovaci\u00f3n Agropecuaria y de Recursos Naturales, 3(3), 48-54."},{"key":"ref21","unstructured":"Torres E., Ariza, D., Baena, C.D., Cort\u00e9s, S., Becerra, L., y Ria\u00f1o, C.A. (2016). Efecto de la fertilizaci\u00f3n en el crecimiento y desarrollo del cultivo de la avena (Avena sativa). Pastos y Forrajes, (39)2, 102-110."}],"container-title":["Revista de Investigaci\u00f3n Agraria y Ambiental"],"link":[{"URL":"https:\/\/hemeroteca.unad.edu.co\/index.php\/riaa\/article\/download\/3065\/3985","content-type":"application\/pdf","content-version":"vor","intended-application":"text-mining"},{"URL":"https:\/\/hemeroteca.unad.edu.co\/index.php\/riaa\/article\/download\/3065\/3918","content-type":"text\/html","content-version":"vor","intended-application":"text-mining"},{"URL":"https:\/\/hemeroteca.unad.edu.co\/index.php\/riaa\/article\/download\/3065\/3985","content-type":"unspecified","content-version":"vor","intended-application":"similarity-checking"}],"deposited":{"date-parts":[[2020,7,29]],"date-time":"2020-07-29T14:50:46Z","timestamp":1596034246000},"score":0.0,"resource":{"primary":{"URL":"https:\/\/hemeroteca.unad.edu.co\/index.php\/riaa\/article\/view\/3065"}},"issued":{"date-parts":[[2020,7,7]]},"references-count":22,"journal-issue":{"issue":"2","published-online":{"date-parts":[[2020,7,7]]}},"URL":"https:\/\/doi.org\/10.22490\/21456453.3065","ISSN":["2145-6453","2145-6097"],"issn-type":[{"type":"electronic","value":"2145-6453"},{"type":"print","value":"2145-6097"}],"published":{"date-parts":[[2020,7,7]]}},{"indexed":{"date-parts":[[2024,2,20]],"date-time":"2024-02-20T00:26:02Z","timestamp":1708388762136},"reference-count":21,"publisher":"Universidad Nacional Abierta y a Distancia","issue":"11","license":[{"start":{"date-parts":[[2024,1,31]],"date-time":"2024-01-31T00:00:00Z","timestamp":1706659200000},"content-version":"unspecified","delay-in-days":0,"URL":"https:\/\/creativecommons.org\/licenses\/by-nc-sa\/4.0"}],"content-domain":{"domain":["hemeroteca.unad.edu.co"],"crossmark-restriction":false},"short-container-title":["anal. jur\u00edd. - pol\u00edtico"],"abstract":"<jats:p>Los sistemas jur\u00eddicos occidentales, herederos de las tradiciones romanistas o germ\u00e1nicas, consideran a los dem\u00e1s animales como cosas, como objetos de propiedad que pueden instrumentalizarse y disponerse en beneficio de los seres humanos sin ning\u00fan l\u00edmite. La crueldad con la que son tratados los animales explotados para el consumo humano, ya sea como alimentos, para entretenimiento o con fines cient\u00edficos es una constante en la historia de la humanidad. A pesar de que se han construido normas para intentar procurar el bienestar de los animales en los procesos de explotaci\u00f3n esto no ha servido sino para normalizar su instrumentalizaci\u00f3n. Es preciso deconstruir los paradigmas que desde el derecho se han construido y recordar que todos somos animales, que las diferencias f\u00edsicas o cognitivas no justifican la exclusi\u00f3n de ning\u00fan ser sintiente de la esfera moral y jur\u00eddica. Se debe construir un nuevo lenguaje jur\u00eddico porque todos somos animales.<\/jats:p>","DOI":"10.22490\/26655489.7514","type":"journal-article","created":{"date-parts":[[2024,2,8]],"date-time":"2024-02-08T15:35:17Z","timestamp":1707406517000},"page":"33-58","update-policy":"http:\/\/dx.doi.org\/10.22490\/crossmark","source":"Crossref","is-referenced-by-count":0,"title":["Derechos para todos los animales","Rights for all animals"],"prefix":"10.22490","volume":"6","author":[{"given":"Rosa Mar\u00eda","family":"De la Torre Torres","sequence":"first","affiliation":[],"role":[{"role":"author","vocabulary":"crossref"}]}],"member":"9784","published-online":{"date-parts":[[2024,1,31]]},"reference":[{"key":"ref0","unstructured":"Ackerman. B. (1980). Social justice in the liberal state. Yale University Press."},{"key":"ref1","doi-asserted-by":"publisher","first-page":"1139","DOI":"10.1590\/2317-6172201842","article-title":"Ser o no ser un simio con derechos","author":"Carman","year":"2018","unstructured":"Carman, M. y Berros, M. (2018). Ser o no ser un simio con derechos. Revista Direito GV, (14)3, 1139-1172.","journal-title":"Revista Direito GV (14)3"},{"key":"ref2","unstructured":"Cortina, A. (2009). Las fronteras de la persona. El valor de los animales, la dignidad de los humanos. Taurus."},{"key":"ref3","unstructured":"Cruz-Parcero, J. A. (2007). El lenguaje de los derechos. Trotta."},{"key":"ref4","unstructured":"Cruz-Parcero, J. A.(2001). Las cr\u00edticas al lenguaje de los derechos. Revista Internacional de Filosof\u00eda Pol\u00edtica, UAM-UNED."},{"key":"ref5","doi-asserted-by":"publisher","unstructured":"Cruz-Parcero, J.A. (2001). Derechos morales: concepto y relevancia. Isonom\u00eda, (15), 55-79.","DOI":"10.5347\/isonomia.v0i15.532"},{"key":"ref6","unstructured":"Cruz-Parcero, J.A. (2007). El lenguaje de los derechos. Ensayo para una teor\u00eda estructural de los derechos. Trotta."},{"key":"ref7","unstructured":"Derrida, J. (2008). El animal que luego estoy si(gui)endo. Trotta."},{"key":"ref8","unstructured":"Dworkin, R. (1993). Los derechos en serio. Ariel."},{"key":"ref9","unstructured":"Francione, G. (2000). Introduction to Animal Rights: Your child or the dog? Temple University Press."},{"key":"ref10","unstructured":"Francione, G. (2015). Derechos de los animales. El enfoque abolicionista. Exempla Press."},{"key":"ref11","doi-asserted-by":"publisher","unstructured":"Harrison, R. (2013). Animal machines. Oxford University press","DOI":"10.1079\/9781780642840.0000"},{"key":"ref12","unstructured":"Midgley, M. (1995). Beast and Man. The roots of human nature. Routledge."},{"key":"ref13","doi-asserted-by":"publisher","DOI":"10.22201\/iij.9786073078290e.2023","article-title":"Los derechos de los animales","author":"Nava Escuero","year":"2023","unstructured":"Nava Escuero, C. (2023). Los derechos de los animales. Una visi\u00f3n jur\u00eddica. IIJ-UNAM.","journal-title":"Una visi\u00f3n jur\u00eddica"},{"key":"ref14","unstructured":"Nussbaum, M. (2012). Las fronteras de la justicia. Consideraciones sobre la exclusi\u00f3n. Paid\u00f3s."},{"key":"ref15","unstructured":"Pezzetta, Silvina. (2018). Una teor\u00eda del derecho para los animales no humanos. Aportes para la perspectiva interna del Derecho. Revista de Bio\u00e9tica y Derecho, (44), 163-177."},{"key":"ref16","doi-asserted-by":"publisher","unstructured":"Regan, T. (2016) En defensa de los derechos de los animales. Fondo de Cultura Econ\u00f3mica.","DOI":"10.22201\/pub.9786071643377e.2016"},{"key":"ref17","unstructured":"Rogel Vide, C. (2018). Personas, animales y derechos. Reus."},{"key":"ref18","unstructured":"Schaeffer, J.M (2009). El fin de la excepci\u00f3n humana. Fondo de Cultura Econ\u00f3mica."},{"key":"ref19","unstructured":"Wise, S. (2000) Rattling the cage. Hachette Books."},{"key":"ref20","unstructured":"Zaffaroni, E.R. (2010). La Naturaleza Como Persona: Pachamama y Gaia. Bolivia Nueva Constituci\u00f3n Pol\u00edtica Del Estado: Conceptos Elementales Para Su Desarrollo. La Paz: Vicepresidencia Del Estado Plurinacional."}],"container-title":["An\u00e1lisis Jur\u00eddico - Pol\u00edtico"],"link":[{"URL":"https:\/\/hemeroteca.unad.edu.co\/index.php\/analisis\/article\/download\/7514\/6728","content-type":"application\/pdf","content-version":"vor","intended-application":"text-mining"},{"URL":"https:\/\/hemeroteca.unad.edu.co\/index.php\/analisis\/article\/download\/7514\/6728","content-type":"unspecified","content-version":"vor","intended-application":"similarity-checking"}],"deposited":{"date-parts":[[2024,2,19]],"date-time":"2024-02-19T16:33:35Z","timestamp":1708360415000},"score":0.0,"resource":{"primary":{"URL":"https:\/\/hemeroteca.unad.edu.co\/index.php\/analisis\/article\/view\/7514"}},"subtitle":["la deconstrucci\u00f3n del binomio persona-cosa desde el derecho civil","the deconstruction of the person-thing binomial from the perspective of civil law."],"issued":{"date-parts":[[2024,1,31]]},"references-count":21,"journal-issue":{"issue":"11","published-online":{"date-parts":[[2024,1,31]]}},"URL":"https:\/\/doi.org\/10.22490\/26655489.7514","ISSN":["2665-5489","2665-5470"],"issn-type":[{"value":"2665-5489","type":"electronic"},{"value":"2665-5470","type":"print"}],"published":{"date-parts":[[2024,1,31]]},"assertion":[{"value":"2024-01-31","order":2,"name":"published","label":"Published","group":{"name":"publication_history","label":"Publication History"}},{"value":"Yes","order":0,"name":"peer_reviewed","label":"Peer Reviewed","group":{"name":"peer_review","label":"Peer Review"}},{"value":"Escuela Superior de Guerra","name":"publisher","label":"This article is maintained by"},{"value":"An\u00e1lisis Jur\u00eddico - Pol\u00edtico","name":"journaltitle","label":"Journal Title"},{"value":"Art\u00edculos de reflexi\u00f3n","name":"content_type","label":"Content Type"}]},{"indexed":{"date-parts":[[2022,3,31]],"date-time":"2022-03-31T04:11:02Z","timestamp":1648699862087},"reference-count":0,"publisher":"Universidad Nacional Abierta y a Distancia","issue":"1","license":[{"start":{"date-parts":[[2014,5,7]],"date-time":"2014-05-07T00:00:00Z","timestamp":1399420800000},"content-version":"unspecified","delay-in-days":0,"URL":"https:\/\/creativecommons.org\/licenses\/by\/4.0\/deed.es"}],"content-domain":{"domain":[],"crossmark-restriction":false},"short-container-title":["rev.investig.agrar.ambient."],"abstract":"<jats:p>&lt;p style=\"margin-bottom: 0cm; line-height: 100%;\"&gt;El mercado de carne de cerdo en Boyac\u00e1 est\u00e1 sujeto a fluctuaciones e inestabilidad, exponiendo al productor a precios desfavorables, desconocimiento de la calidad de su producto y baja rentabilidad. Esta investigaci\u00f3n establece las caracter\u00edsticas de los sistemas de comercializaci\u00f3n de carne de cerdo en nueve municipios, para identificar los aspectos que contribuyan a mejorar la estructura de comercializaci\u00f3n formal y beneficien productor, puntos de venta y consumidor final. Se determin\u00f3 el potencial de oferta de carne de cerdo en volumen y calidad, se identificaron los canales de comercializaci\u00f3n, se identificaron los motivadores o inhibidores de compra de la carne de cerdo, su posici\u00f3n frente a las otras carnes y el potencial del mercado, seg\u00fan los canales de comercializaci\u00f3n existentes y se establecieron los requerimientos en t\u00e9rminos de presentaci\u00f3n y de precio de la carne de cerdo en puntos de consumo. El an\u00e1lisis estad\u00edstico se bas\u00f3 en un m\u00e9todo Anal\u00edtico sint\u00e9tico, por cuanto, se parte de la descomposici\u00f3n del objeto de estudio, analizando cada uno de los actores que participan en el proceso. Se determin\u00f3 que el potencial de producci\u00f3n de carne de cerdo es relativamente bajo. Tanto para los productores, puntos de venta y consumo local, el principal motivador del consumo es la palatabilidad y el principal inhibidor es el riesgo de transmisi\u00f3n del virus AH1N1. Se concluye que la porcicultura en Boyac\u00e1 se encuentra en un proceso evolutivo que requiere un asesoramiento permanente en producci\u00f3n y comercializaci\u00f3n, y campa\u00f1as de promoci\u00f3n al consumo, adem\u00e1s de la estandarizaci\u00f3n de precios.&lt;\/p&gt;<\/jats:p>","DOI":"10.22490\/21456453.949","type":"journal-article","created":{"date-parts":[[2017,3,28]],"date-time":"2017-03-28T19:18:42Z","timestamp":1490728722000},"page":"197","source":"Crossref","is-referenced-by-count":0,"title":["Caracterizaci\u00f3n del mercado de la carne  de cerdo en nueve municipios de Boyac\u00e1, Colombia"],"prefix":"10.22490","volume":"5","author":[{"given":"Diana Constanza","family":"Beltr\u00e1n Hern\u00e1ndez","sequence":"first","affiliation":[],"role":[{"role":"author","vocabulary":"crossref"}]},{"given":"Fabio","family":"Becerra Patarroyo","sequence":"additional","affiliation":[],"role":[{"role":"author","vocabulary":"crossref"}]},{"given":"Blanca Yolanda","family":"L\u00f3pez Arismendy","sequence":"additional","affiliation":[],"role":[{"role":"author","vocabulary":"crossref"}]}],"member":"9784","published-online":{"date-parts":[[2014,5,7]]},"container-title":["Revista de Investigaci\u00f3n Agraria y Ambiental"],"link":[{"URL":"http:\/\/hemeroteca.unad.edu.co\/index.php\/riaa\/article\/viewFile\/949\/940","content-type":"application\/pdf","content-version":"vor","intended-application":"text-mining"}],"deposited":{"date-parts":[[2017,3,28]],"date-time":"2017-03-28T19:19:01Z","timestamp":1490728741000},"score":0.0,"resource":{"primary":{"URL":"http:\/\/hemeroteca.unad.edu.co\/index.php\/riaa\/article\/view\/949"}},"issued":{"date-parts":[[2014,5,7]]},"references-count":0,"journal-issue":{"issue":"1","published-online":{"date-parts":[[2014,5,7]]}},"URL":"https:\/\/doi.org\/10.22490\/21456453.949","ISSN":["2145-6453","2145-6097"],"issn-type":[{"value":"2145-6453","type":"electronic"},{"value":"2145-6097","type":"print"}],"published":{"date-parts":[[2014,5,7]]}},{"indexed":{"date-parts":[[2024,2,20]],"date-time":"2024-02-20T00:18:03Z","timestamp":1708388283086},"reference-count":0,"publisher":"Universidad Nacional Abierta y a Distancia","issue":"3","license":[{"start":{"date-parts":[[2020,12,20]],"date-time":"2020-12-20T00:00:00Z","timestamp":1608422400000},"content-version":"unspecified","delay-in-days":0,"URL":"https:\/\/creativecommons.org\/licenses\/by-nc-nd\/4.0"}],"content-domain":{"domain":[],"crossmark-restriction":false},"short-container-title":["Publ. investig."],"abstract":"<jats:p>The pedagogical model of the National Open and Distance University - UNAD supported by e-learning (electronic learning) presents as a specific foundation interdisciplinary learning theories, it is organized in five dimensions (e-mediators, e-media, e-student, e- evaluation, and mediations), focusing their work on autonomous learning (PAP Solidario, 2011, p. 47).&#x0D;\nIn its latest generation, the UNAD pedagogical model is characterized by the intensive use of intelligent information and communication technologies, in order to achieve training environments that respond to the demand of a network society, and in turn, facilitate accessibility and the inclusion of people interested in drawing up an academic life project.&#x0D;\nA pedagogical model mediated by ICT, with a problematic curricular approach, which advances towards a transcendental change in the designs of academic programs and courses, must have a number of didactic resources (Open Digital Educational Resources - REDA or Virtual Objects of Learning - OVA) that facilitate the construction of knowledge. However, given the difficulty of adapting to the autonomous learning style and the lack of feedback activities in the independent work spaces, the current reality of the academic context shows a dropout level of approximately 32% of students per academic period.&#x0D;\nIn order to correct the current dropout problem at UNAD, and in coherence with the inclusion parameters established by VIMEP, the research seedbed set the objective of building Virtual Learning Objects (OVA), as a didactic strategy to energize the process of autonomous and independent learning of the student of the School of Basic Sciences, Technology and Engineering (ECBTI) of the National Open and Distance University (UNAD).&#x0D;\nIn this sense, six first registration courses of the School of Basic Sciences, Technologies and Engineering were selected: \"Mathematical logical thinking\", \"Algebra, wheat and analytical geometry\", \"Engineering drawing\", \"Introduction to Engineering\", \"Signals and Systems\" and \"Digital tools for knowledge management\". These courses were selected for presenting a volume of enrollment above 3,000 students in each academic period.&#x0D;\nIn the fieldwork, structured interviews were carried out for students, semi-structured for Tutors, and documentary reviews of the academic results of the last three academic periods (2018- 1601, 2018-1604, 2019-01). Each course director was allowed to identify the topic that, within the course, represented a greater degree of complexity or recognition by the student. This topic would be the central topic that each Virtual Learning Object would address.&#x0D;\nIn order to develop a referential and empirical framework that would allow the achievement of the general objective of the research, a type of applied research was assumed, with a positivist school approach, where the ADDIE model (Analyze, Design, Develop, Implement, and Evaluate), which allowed the interactive instructional design of the topics covered in each OVA. Additionally, the TPACK methodology (Technical Pedagogical Content Knowledge) was implemented in the design phase of this model, which facilitated the implementation of technological resources in the pedagogical processes of the OVAs.&#x0D;\nEach OVA was designed and built according to the inclusion guidelines and parameters defined by the VIMEP of UNADA. In the same way, they will present characteristics of being reusable teaching resources and easily accessible by the student community.&#x0D;\nIt is expected that, from the implementation of the OVAS, the phase of the present research study will be completed, which will allow knowing the impact that said implementation has generated on the dependent variables of accessibility, inclusion, and autonomous and independent study of the student.&#x0D;\nAt the end of this research study, the seed group will carry out socialization activities to present the final results of this research work.<\/jats:p>","DOI":"10.22490\/25394088.4490","type":"journal-article","created":{"date-parts":[[2023,4,28]],"date-time":"2023-04-28T12:56:42Z","timestamp":1682686602000},"source":"Crossref","is-referenced-by-count":1,"title":["Experiencias en la construcci\u00f3n de las estrategias did\u00e1cticas para la dinamizaci\u00f3n del proceso de aprendizaje con el uso de herramientas libres orientados a los cursos de la Escuela de Ciencias B\u00e1sicas, Tecnolog\u00eda e Ingenier\u00eda de la UNAD","Experiences in the construction of didactic strategies for the dynamization of the learning process with the use of free tools oriented to the courses of the School of Basic Sciences, Technology and Engineering of the UNAD"],"prefix":"10.22490","volume":"14","author":[{"given":"Diana Gissela","family":"Victoria Duque","sequence":"first","affiliation":[],"role":[{"role":"author","vocabulary":"crossref"}]},{"given":"Humberto","family":"Amaya Alvear","sequence":"additional","affiliation":[],"role":[{"role":"author","vocabulary":"crossref"}]},{"given":"Jamilton","family":"Vega Africano","sequence":"additional","affiliation":[],"role":[{"role":"author","vocabulary":"crossref"}]},{"given":"Karina","family":"Sandoval","sequence":"additional","affiliation":[],"role":[{"role":"author","vocabulary":"crossref"}]},{"given":"Jorge Mario","family":"Rinc\u00f3n","sequence":"additional","affiliation":[],"role":[{"role":"author","vocabulary":"crossref"}]}],"member":"9784","published-online":{"date-parts":[[2020,12,20]]},"container-title":["Publicaciones e Investigaci\u00f3n"],"link":[{"URL":"https:\/\/hemeroteca.unad.edu.co\/index.php\/publicaciones-e-investigacion\/article\/download\/4490\/4370","content-type":"application\/pdf","content-version":"vor","intended-application":"text-mining"},{"URL":"https:\/\/hemeroteca.unad.edu.co\/index.php\/publicaciones-e-investigacion\/article\/download\/4490\/4370","content-type":"unspecified","content-version":"vor","intended-application":"similarity-checking"}],"deposited":{"date-parts":[[2024,2,19]],"date-time":"2024-02-19T17:22:37Z","timestamp":1708363357000},"score":0.0,"resource":{"primary":{"URL":"https:\/\/hemeroteca.unad.edu.co\/index.php\/publicaciones-e-investigacion\/article\/view\/4490"}},"issued":{"date-parts":[[2020,12,20]]},"references-count":0,"journal-issue":{"issue":"3","published-online":{"date-parts":[[2020,12,20]]}},"URL":"https:\/\/doi.org\/10.22490\/25394088.4490","ISSN":["2539-4088","1900-6608"],"issn-type":[{"value":"2539-4088","type":"electronic"},{"value":"1900-6608","type":"print"}],"published":{"date-parts":[[2020,12,20]]}},{"indexed":{"date-parts":[[2022,3,29]],"date-time":"2022-03-29T23:56:00Z","timestamp":1648598160804},"reference-count":0,"publisher":"Universidad Nacional Abierta y a Distancia","license":[{"start":{"date-parts":[[2016,3,22]],"date-time":"2016-03-22T00:00:00Z","timestamp":1458604800000},"content-version":"unspecified","delay-in-days":0,"URL":"http:\/\/creativecommons.org\/licenses\/by-nc-sa\/4.0"}],"content-domain":{"domain":[],"crossmark-restriction":false},"short-container-title":["Publ. investig."],"abstract":"<jats:p>&lt;p&gt;De la tecnolog\u00eda se afirma que es la aplicaci\u00f3n pr\u00e1ctica del conocimiento; partiendo de esta acepci\u00f3n, se puede asegurar que en casi todas las actividades diarias que realizamos est\u00e1 impl\u00edcita la utilizaci\u00f3n de un dispositivo tecnol\u00f3gico y, dentro del mundo de la tecnolog\u00eda se pueden incluir un amplio n\u00famero de disciplinas como: la inform\u00e1tica, rob\u00f3tica, dom\u00f3tica, electr\u00f3nica, neum\u00e1tica, entre otras muchas m\u00e1s. De esta manera, nos encontramos con el hecho de que la tecnolog\u00eda permite al ser humano desde resolver un problema determinado hasta lograr satisfacer una necesidad en un\u00a0\u00e1mbito concreto.\u00a0&lt;\/p&gt;<\/jats:p>","DOI":"10.22490\/25394088.1583","type":"journal-article","created":{"date-parts":[[2017,3,27]],"date-time":"2017-03-27T15:30:29Z","timestamp":1490628629000},"page":"7","source":"Crossref","is-referenced-by-count":0,"title":["Editorial"],"prefix":"10.22490","volume":"10","author":[{"given":"Nelly","family":"Morales Pedraza","sequence":"first","affiliation":[],"role":[{"role":"author","vocabulary":"crossref"}]}],"member":"9784","published-online":{"date-parts":[[2016,3,22]]},"container-title":["Publicaciones e Investigaci\u00f3n"],"link":[{"URL":"http:\/\/hemeroteca.unad.edu.co\/index.php\/publicaciones-e-investigacion\/article\/viewFile\/1583\/1928","content-type":"text\/html","content-version":"vor","intended-application":"text-mining"},{"URL":"http:\/\/hemeroteca.unad.edu.co\/index.php\/publicaciones-e-investigacion\/article\/viewFile\/1583\/1915","content-type":"application\/pdf","content-version":"vor","intended-application":"text-mining"}],"deposited":{"date-parts":[[2017,5,24]],"date-time":"2017-05-24T16:36:43Z","timestamp":1495643803000},"score":0.0,"resource":{"primary":{"URL":"http:\/\/hemeroteca.unad.edu.co\/index.php\/publicaciones-e-investigacion\/article\/view\/1583"}},"issued":{"date-parts":[[2016,3,22]]},"references-count":0,"URL":"https:\/\/doi.org\/10.22490\/25394088.1583","ISSN":["2539-4088","1900-6608"],"issn-type":[{"value":"2539-4088","type":"electronic"},{"value":"1900-6608","type":"print"}],"published":{"date-parts":[[2016,3,22]]}},{"indexed":{"date-parts":[[2022,4,4]],"date-time":"2022-04-04T21:59:52Z","timestamp":1649109592433},"reference-count":0,"publisher":"Universidad Nacional Abierta y a Distancia","issue":"1","license":[{"start":{"date-parts":[[2010,3,12]],"date-time":"2010-03-12T00:00:00Z","timestamp":1268352000000},"content-version":"unspecified","delay-in-days":0,"URL":"http:\/\/creativecommons.org\/licenses\/by\/4.0"}],"content-domain":{"domain":[],"crossmark-restriction":false},"short-container-title":["Rev. Investig. UNAD"],"abstract":"<jats:p>El presente art\u00edculo trata de c\u00f3mo la participaci\u00f3n en actividades de intercambio virtual con herramientas tecnol\u00f3gicas, apoya el desarrollo de competencias ling\u00fc\u00edsticas y de la conciencia intercultural de los estudiantes de lengua extranjera del Instituto de Idiomas de la Universidad del Norte y del Colegio Richmond Senior High en Rockingham, Richmond, Carolina del Norte. Adem\u00e1s, describe la experiencia, las etapas de la misma y algunos resultados obtenidos a partir de la aplicaci\u00f3n de una encuesta a los estudiantes participantes. En t\u00e9rminos generales, parece haber una relaci\u00f3n positiva entre la participaci\u00f3n de los estudiantes en esta experiencia de intercambio y el desarrollo de sus competencias ling\u00fc\u00edsticas y de su conciencia intercultural.<\/jats:p>","DOI":"10.22490\/25391887.658","type":"journal-article","created":{"date-parts":[[2017,7,11]],"date-time":"2017-07-11T10:42:53Z","timestamp":1499769773000},"page":"171","source":"Crossref","is-referenced-by-count":0,"title":["Competencia lingu\u00edstica y conciencia intercultural a trav\u00e9s del intercambio virtual"],"prefix":"10.22490","volume":"9","author":[{"given":"Martha","family":"Garc\u00eda Chamorro","sequence":"first","affiliation":[],"role":[{"role":"author","vocabulary":"crossref"}]},{"given":"Lourdes","family":"Rey Paba","sequence":"additional","affiliation":[],"role":[{"role":"author","vocabulary":"crossref"}]},{"given":"Nayibe","family":"Rosado Mendinueta.","sequence":"additional","affiliation":[],"role":[{"role":"author","vocabulary":"crossref"}]}],"member":"9784","published-online":{"date-parts":[[2010,3,12]]},"container-title":["Revista de Investigaciones UNAD"],"link":[{"URL":"http:\/\/hemeroteca.unad.edu.co\/index.php\/revista-de-investigaciones-unad\/article\/viewFile\/658\/1452","content-type":"application\/pdf","content-version":"vor","intended-application":"text-mining"}],"deposited":{"date-parts":[[2017,7,11]],"date-time":"2017-07-11T10:45:28Z","timestamp":1499769928000},"score":0.0,"resource":{"primary":{"URL":"http:\/\/hemeroteca.unad.edu.co\/index.php\/revista-de-investigaciones-unad\/article\/view\/658"}},"issued":{"date-parts":[[2010,3,12]]},"references-count":0,"journal-issue":{"issue":"1","published-online":{"date-parts":[[2010,3,12]]}},"URL":"https:\/\/doi.org\/10.22490\/25391887.658","ISSN":["2539-1887","0124-793X"],"issn-type":[{"value":"2539-1887","type":"electronic"},{"value":"0124-793X","type":"print"}],"published":{"date-parts":[[2010,3,12]]}},{"indexed":{"date-parts":[[2022,8,10]],"date-time":"2022-08-10T22:42:08Z","timestamp":1660171328923},"reference-count":0,"publisher":"Universidad Nacional Abierta y a Distancia","content-domain":{"domain":[],"crossmark-restriction":false},"abstract":"<jats:p>El   prop\u00f3sito   de   esta   investigaci\u00f3n   es   analizar   las   estrategias  de  marketing  digital  relacional  que  est\u00e1  utilizando  el  sector  de  los  restaurantes  en  Colombia,  para  mantener  y  aumentar  el  engagement  de  sus  clientes  en  tres  redes  sociales:  Facebook,  Instagram  y Twitter; de tal forma que se puedan caracterizar las estrategias que se est\u00e1n llevando a cabo en el sector. Los    datos    fueron    recolectados    por    medio    de    netnograf\u00eda,  se  revis\u00f3  la  informaci\u00f3n  de  una  muestra  de 146 restaurantes colombianos, teniendo en cuenta variables   como   manejo   de   la   red,   la   informaci\u00f3n   que  brinda  y  la  satisfacci\u00f3n  que  puede  llegar  a  tener  el   cliente   cuando   revisa   aquellas   redes   sociales.   Los  resultados  muestran  fundamentalmente  que  la  actividad  constante  y  respuesta  oportuna,  contar  con  la  totalidad  de  la  informaci\u00f3n  del  restaurante    en  la  red social y la calidad de las publicaciones son factores importantes  de  la  fidelizaci\u00f3n  y  monetizaci\u00f3n  de  las  campa\u00f1as publicitarias que se llevan a cabo por redes sociales.<\/jats:p>","DOI":"10.22490\/9789586517492.20","type":"book-chapter","created":{"date-parts":[[2022,8,10]],"date-time":"2022-08-10T21:58:15Z","timestamp":1660168695000},"page":"820-845","source":"Crossref","is-referenced-by-count":0,"title":["Marketing relacional digital en redes sociales de los restaurantes en Colombia"],"prefix":"10.22490","author":[{"given":"Yenny Katherine","family":"Parra Acosta","sequence":"first","affiliation":[],"role":[{"role":"author","vocabulary":"crossref"}]},{"given":"Carlos Alberto","family":"Almanza","sequence":"additional","affiliation":[],"role":[{"role":"author","vocabulary":"crossref"}]},{"given":"Diego Felipe","family":"Astudillo Valverde","sequence":"additional","affiliation":[],"role":[{"role":"author","vocabulary":"crossref"}]}],"member":"9784","published-online":{"date-parts":[[2021,8,1]]},"container-title":["T\u00f3picos de marketing"],"deposited":{"date-parts":[[2022,8,10]],"date-time":"2022-08-10T21:58:43Z","timestamp":1660168723000},"score":0.0,"resource":{"primary":{"URL":"https:\/\/libros.unad.edu.co\/index.php\/selloeditorial\/catalog\/view\/50\/121\/1180"}},"issued":{"date-parts":[[2021,8,1]]},"references-count":0,"URL":"https:\/\/doi.org\/10.22490\/9789586517492.20","published":{"date-parts":[[2021,8,1]]}},{"indexed":{"date-parts":[[2023,4,1]],"date-time":"2023-04-01T04:42:50Z","timestamp":1680324170334},"reference-count":0,"publisher":"Universidad Nacional Abierta y a Distancia - UNAD","isbn-type":[{"value":"9789586516150","type":"print"}],"content-domain":{"domain":[],"crossmark-restriction":false},"DOI":"10.22490\/9789586516150.08","type":"book-chapter","created":{"date-parts":[[2023,3,31]],"date-time":"2023-03-31T23:31:35Z","timestamp":1680305495000},"page":"140-152","source":"Crossref","is-referenced-by-count":0,"title":["Mujer, castidad y transgresi\u00f3n"],"prefix":"10.22490","author":[{"given":"Jennifer Natalia","family":"Mendoza Ariza","sequence":"first","affiliation":[],"role":[{"role":"author","vocabulary":"crossref"}]}],"member":"9784","published-online":{"date-parts":[[2022,4,1]]},"container-title":["Perspectivas sobre g\u00e9nero: una mirada desde las ciencias humanas"],"deposited":{"date-parts":[[2023,3,31]],"date-time":"2023-03-31T23:31:53Z","timestamp":1680305513000},"score":0.0,"resource":{"primary":{"URL":"https:\/\/libros.unad.edu.co\/index.php\/selloeditorial\/catalog\/view\/129\/123\/1294"}},"issued":{"date-parts":[[2022,4,1]]},"ISBN":["9789586516150"],"references-count":0,"URL":"https:\/\/doi.org\/10.22490\/9789586516150.08","published":{"date-parts":[[2022,4,1]]}},{"indexed":{"date-parts":[[2022,6,15]],"date-time":"2022-06-15T17:15:01Z","timestamp":1655313301981},"reference-count":0,"publisher":"Universidad Nacional Abierta y a Distancia","content-domain":{"domain":[],"crossmark-restriction":false},"abstract":"<jats:p>El conocimiento se sit\u00faa en un lugar central de la educaci\u00f3n escolar,  de  tal  manera  que  una  escuela  sin  procesos  de  reproducci\u00f3n,  producci\u00f3n  o  transformaci\u00f3n  del  conocimiento  no  har\u00eda  posible  la  concepci\u00f3n  de  escolaridad  que  generalmente  asumimos.  No  obstante,  y  aunque  coloquialmente  la  cotidianidad  de  la  escuela  se  piensa  en  t\u00e9rminos  de  un  proceso  de  ense\u00f1anza  y  aprendizaje  de m\u00faltiples saberes, es necesario preguntarnos cu\u00e1l puede ser la comprensi\u00f3n,  disposici\u00f3n  did\u00e1ctica  y  estatus  epistemol\u00f3gico  con  el que se aborda el problema del conocimiento. En este contexto, se reflexiona a partir de una aproximaci\u00f3n al problema del conocimiento escolar y su posible abordaje significativo y  transformador,  por  medio  de  herramientas  y  metodolog\u00edas  provenientes  del  Programa  de  Filosof\u00eda  para  Ni\u00f1os  \u2013  FpN,  en  su  ver-tiente denominada \u201ccomunidades de indagaci\u00f3n\u201d; did\u00e1ctica que se constituye como insumo para la propuesta de investigaci\u00f3n denominada: Un acercamiento a comunidades de aprendizaje e intereses de los estudiantes, que se realiza en el Colegio Instituci\u00f3n Educativa Distrital Quiroga Alianza de la ciudad de Bogot\u00e1, enmarcada en el semillero de investigaci\u00f3n Filosof\u00eda para ni\u00f1os de la Universidad Nacional Abierta y a Distancia.<\/jats:p>","DOI":"10.22490\/9789586518062.03","type":"book-chapter","created":{"date-parts":[[2022,6,15]],"date-time":"2022-06-15T16:32:55Z","timestamp":1655310775000},"page":"44-61","source":"Crossref","is-referenced-by-count":0,"title":["Pedagog\u00eda de la pregunta Educar desde y para la existencia"],"prefix":"10.22490","author":[{"given":"Javier Danilo","family":"Murcia Gonz\u00e1les","sequence":"first","affiliation":[],"role":[{"role":"author","vocabulary":"crossref"}]}],"member":"9784","published-online":{"date-parts":[[2021,7,17]]},"container-title":["Filosof\u00eda para ni\u00f1os: de la teor\u00eda a las pr\u00e1cticas educativas"],"deposited":{"date-parts":[[2022,6,15]],"date-time":"2022-06-15T16:33:11Z","timestamp":1655310791000},"score":0.0,"resource":{"primary":{"URL":"https:\/\/libros.unad.edu.co\/index.php\/selloeditorial\/catalog\/view\/27\/64\/939"}},"issued":{"date-parts":[[2021,7,17]]},"references-count":0,"URL":"https:\/\/doi.org\/10.22490\/9789586518062.03","published":{"date-parts":[[2021,7,17]]}},{"indexed":{"date-parts":[[2024,2,20]],"date-time":"2024-02-20T00:17:09Z","timestamp":1708388229871},"reference-count":0,"publisher":"Universidad Nacional Abierta y a Distancia","issue":"3","license":[{"start":{"date-parts":[[2022,12,5]],"date-time":"2022-12-05T00:00:00Z","timestamp":1670198400000},"content-version":"unspecified","delay-in-days":0,"URL":"https:\/\/creativecommons.org\/licenses\/by-nc-nd\/4.0"}],"content-domain":{"domain":[],"crossmark-restriction":false},"short-container-title":["Publ. investig."],"abstract":"<jats:p>A pure quantitative, descriptive and transversal research is presented with the objective of identifying in which areas the innovations registered by companies in the restaurant sector in southeastern M\u00e9xico are presented. A probabilistic sample was obtained consisting of 204 restaurants operating in the State of Tabasco, M\u00e9xico. The data collection technique was the survey, in which restaurant managers answered freely to a questionnaire with 91 items, finding that the area where the greatest innovation presents is innovation by product, while organizational innovation is the least registered in these organizations.<\/jats:p>","DOI":"10.22490\/25394088.6487","type":"journal-article","created":{"date-parts":[[2023,4,28]],"date-time":"2023-04-28T12:52:41Z","timestamp":1682686361000},"source":"Crossref","is-referenced-by-count":0,"title":["Innovaci\u00f3n en la industria restaurantera en tiempos de pandemia.","Innovation in the restaurant industry in times of pandemic."],"prefix":"10.22490","volume":"16","author":[{"given":"Samuel","family":"De La Cruz May","sequence":"first","affiliation":[],"role":[{"role":"author","vocabulary":"crossref"}]},{"given":"Leonardo","family":"Hern\u00e1ndez Triano","sequence":"additional","affiliation":[],"role":[{"role":"author","vocabulary":"crossref"}]},{"given":"Jos\u00e9 Guadalupe","family":"Sanchez Ruiz","sequence":"additional","affiliation":[],"role":[{"role":"author","vocabulary":"crossref"}]},{"given":"Mar\u00eda Del Carmen","family":"Sandoval Caraveo","sequence":"additional","affiliation":[],"role":[{"role":"author","vocabulary":"crossref"}]}],"member":"9784","published-online":{"date-parts":[[2022,12,5]]},"container-title":["Publicaciones e Investigaci\u00f3n"],"link":[{"URL":"https:\/\/hemeroteca.unad.edu.co\/index.php\/publicaciones-e-investigacion\/article\/download\/6487\/5947","content-type":"application\/pdf","content-version":"vor","intended-application":"text-mining"},{"URL":"https:\/\/hemeroteca.unad.edu.co\/index.php\/publicaciones-e-investigacion\/article\/download\/6487\/5947","content-type":"unspecified","content-version":"vor","intended-application":"similarity-checking"}],"deposited":{"date-parts":[[2024,2,19]],"date-time":"2024-02-19T17:29:04Z","timestamp":1708363744000},"score":0.0,"resource":{"primary":{"URL":"https:\/\/hemeroteca.unad.edu.co\/index.php\/publicaciones-e-investigacion\/article\/view\/6487"}},"subtitle":["El caso del sureste mexicano","The case of southeastern M\u00e9xico"],"issued":{"date-parts":[[2022,12,5]]},"references-count":0,"journal-issue":{"issue":"3","published-online":{"date-parts":[[2022,12,5]]}},"URL":"https:\/\/doi.org\/10.22490\/25394088.6487","ISSN":["2539-4088","1900-6608"],"issn-type":[{"value":"2539-4088","type":"electronic"},{"value":"1900-6608","type":"print"}],"published":{"date-parts":[[2022,12,5]]}},{"indexed":{"date-parts":[[2022,4,4]],"date-time":"2022-04-04T15:23:03Z","timestamp":1649085783803},"reference-count":0,"publisher":"Universidad Nacional Abierta y a Distancia","license":[{"start":{"date-parts":[[2012,6,12]],"date-time":"2012-06-12T00:00:00Z","timestamp":1339459200000},"content-version":"unspecified","delay-in-days":0,"URL":"http:\/\/creativecommons.org\/licenses\/by\/4.0"}],"content-domain":{"domain":[],"crossmark-restriction":false},"short-container-title":["Desbordes rev. investig. esc. cienc.sociales artes humanid."],"abstract":"<jats:p>&lt;p align=\"left\"&gt;La psicoterapia actual tiene un \u00e9nfasis narrativo en las experiencias individuales, con fundamento en las cuales la intervenci\u00f3n tiende a utilizar la palabra como instrumento de expresi\u00f3n y de comunicaci\u00f3n. El art\u00edculo sintetiza la situaci\u00f3n actual y se refiere a la tradici\u00f3n de las denominadas \u201ctalking cure\u201d, para indicar la funci\u00f3n primordial de la palabra en la constituci\u00f3n de comunidad, humanidad y por consiguiente, desarrollo social \u00e9ticamente orientado a la realizaci\u00f3n personal.&lt;\/p&gt;<\/jats:p>","DOI":"10.22490\/25394150.1201","type":"journal-article","created":{"date-parts":[[2017,6,15]],"date-time":"2017-06-15T19:39:46Z","timestamp":1497555586000},"page":"101","source":"Crossref","is-referenced-by-count":0,"title":["Intervenci\u00f3n: el \u00c9nfasis en la experiencia o en la palabra"],"prefix":"10.22490","volume":"3","author":[{"given":"Miguel \u00c1ngel","family":"Miranda Rodr\u00edguez","sequence":"first","affiliation":[],"role":[{"role":"author","vocabulary":"crossref"}]}],"member":"9784","published-online":{"date-parts":[[2012,6,12]]},"container-title":["Desbordes. Revista de Investigaciones. Escuela de Ciencias sociales, artes y humanidades - UNAD"],"link":[{"URL":"http:\/\/hemeroteca.unad.edu.co\/index.php\/desbordes\/article\/viewFile\/1201\/1563","content-type":"application\/pdf","content-version":"vor","intended-application":"text-mining"}],"deposited":{"date-parts":[[2017,6,15]],"date-time":"2017-06-15T19:40:34Z","timestamp":1497555634000},"score":0.0,"resource":{"primary":{"URL":"http:\/\/hemeroteca.unad.edu.co\/index.php\/desbordes\/article\/view\/1201"}},"issued":{"date-parts":[[2012,6,12]]},"references-count":0,"URL":"https:\/\/doi.org\/10.22490\/25394150.1201","ISSN":["2539-4150","2027-5579"],"issn-type":[{"value":"2539-4150","type":"electronic"},{"value":"2027-5579","type":"print"}],"published":{"date-parts":[[2012,6,12]]}},{"indexed":{"date-parts":[[2022,4,2]],"date-time":"2022-04-02T02:04:03Z","timestamp":1648865043033},"reference-count":11,"publisher":"Universidad Nacional Abierta y a Distancia","issue":"2","license":[{"start":{"date-parts":[[2020,8,5]],"date-time":"2020-08-05T00:00:00Z","timestamp":1596585600000},"content-version":"unspecified","delay-in-days":0,"URL":"https:\/\/creativecommons.org\/licenses\/by-nc-sa\/4.0"}],"content-domain":{"domain":[],"crossmark-restriction":false},"short-container-title":["Rev. Estrateg. Organ."],"abstract":"<jats:p>Introducci\u00f3n: el presente art\u00edculo propone una estrategia de ense\u00f1anza a la poblaci\u00f3n campesina basada en el modelo de Design Thinking, el cual ense\u00f1a a pensar diferente, mediante el uso del aprendizaje pr\u00e1ctico como catalizador del conocimiento. Metodolog\u00eda: se analiza la creaci\u00f3n de cadenas productivas asociadas a un emprendimiento agroindustrial, que servir\u00e1n de apoyo en negociaciones, contacto con empresas, y gesti\u00f3n del conocimiento para la poblaci\u00f3n campesina, la cual hist\u00f3ricamente y a nivel general no ha recibido condiciones justas de comercio y mercado (Salcedo, 2013), adem\u00e1s de los preocupantes bajos niveles educativos y econ\u00f3micos. Resultados: se intent\u00f3 resolver la anterior situaci\u00f3n usando una herramienta que permita pensar diferente, dada la asociaci\u00f3n con los conceptos de innovaci\u00f3n, creaci\u00f3n de productos y empresas. Conclusiones: se espera que sirva como apoyo a la poblaci\u00f3n cultivadora de arom\u00e1ticas en el bajo Sumapaz, y se dise\u00f1en productos m\u00e1s llamativos que satisfagan una propuesta de valor determinada.<\/jats:p>","DOI":"10.22490\/25392786.4046","type":"journal-article","created":{"date-parts":[[2020,8,19]],"date-time":"2020-08-19T19:33:01Z","timestamp":1597865581000},"source":"Crossref","is-referenced-by-count":0,"title":["Modelo Design Thinking dirigido a la poblaci\u00f3n campesina colombiana."],"prefix":"10.22490","volume":"9","author":[{"given":"Mar\u00eda Paula","family":"Leal Guerrero","sequence":"first","affiliation":[],"role":[{"role":"author","vocabulary":"crossref"}]}],"member":"9784","published-online":{"date-parts":[[2020,8,5]]},"reference":[{"key":"ref0","unstructured":"Brown, T. I. M. (2012). Design Thinking. Harvard Business Review. Recuperado de https:\/\/fusesocial.ca\/wp-content\/uploads\/sites\/2\/2018\/06\/Design-Thinking.pdf"},{"key":"ref1","unstructured":"Caicedo, E. (1990). Trabajo agr\u00edcola en Am\u00e9rica Latina. Recuperado de https:\/\/dialnet.unirioja.es\/servlet\/articulo?codigo=5556727"},{"key":"ref2","unstructured":"DANE. (2014). La mayor operaci\u00f3n estad\u00edstica del campo colombiano en los \u00faltimos 45 a\u00f1os. Tercer censo Nacional Agropecuario. Tomo 2, Resultados. Recuperado de https:\/\/www.dane.gov.co\/files\/images\/foros\/foro-de-entrega-de-resultados-y-cierre-3-censo-nacional-agropecuario\/CNATomo2-Resultados.pdf"},{"key":"ref3","unstructured":"DANE. (2015). Informe de contexto del 3er Censo Nacional Agropecuario. Recuperado de https:\/\/www.dane.gov.co\/files\/CensoAgropecuario\/avanceCNA\/CNA_Contexto_2015.pdf"},{"key":"ref4","unstructured":"IDEO. (2019). To from design thinking creative confidence. Recuperado de https:\/\/www.creativeconfidence.com\/chapters\/chapter-1"},{"key":"ref5","unstructured":"Kelley, D. (2019). \u00bfWhy Design Thinking? Recuperado de https:\/\/www.ideou.com\/pages\/design-thinking"},{"key":"ref6","unstructured":"Leinonen, T., y Durall, E. (2014). Pensamiento de dise\u00f1o y aprendizaje colaborativo. Recuperado de https:\/\/www.redalyc.org\/pdf\/158\/15830197012.pdf"},{"key":"ref7","unstructured":"Ministerio de Cultura. (2010). Poblaci\u00f3n campesina y cultura. Recuperado de http:\/\/www.mincultura.gov.co\/prensa\/noticias\/Documents\/Poblaciones\/POBLACI%C3%93N%20CAMPESINA%20Y%20CULTURA.pdf"},{"key":"ref8","unstructured":"Rowe, P. (1987). Design Thinking. MIT Press. Cambridge."},{"key":"ref9","unstructured":"Salcedo, L (2013). El paro nacional agrario: un an\u00e1lisis de los actores agrarios y los procesos organizativos del campesinado colombiano. Recuperado de https:\/\/www.javerianacali.edu.co\/sites\/ujc\/files\/node\/field-documents\/field_document_file\/el_paro_nacional_agrario-_un_analisis_de_los_actores_agrarios_y_los_procesos_organizativos_del_campesinado_colombiano._centro_de_estudios_interculturales._.pdf"},{"key":"ref10","unstructured":"Serrano, M (2018). Design Thinking, lidera el presente, crea el futuro. Libros profesionales de empresa. Recuperado de https:\/\/www.academia.edu\/37936016\/Desing_thinking_lidera_el_presente_crea_el_futuro.pdf"}],"container-title":["Revista Estrategia Organizacional"],"link":[{"URL":"https:\/\/hemeroteca.unad.edu.co\/index.php\/revista-estrategica-organizacio\/article\/download\/4046\/4077","content-type":"application\/pdf","content-version":"vor","intended-application":"text-mining"},{"URL":"https:\/\/hemeroteca.unad.edu.co\/index.php\/revista-estrategica-organizacio\/article\/download\/4046\/4023","content-type":"text\/html","content-version":"vor","intended-application":"text-mining"},{"URL":"https:\/\/hemeroteca.unad.edu.co\/index.php\/revista-estrategica-organizacio\/article\/download\/4046\/4077","content-type":"unspecified","content-version":"vor","intended-application":"similarity-checking"}],"deposited":{"date-parts":[[2020,8,19]],"date-time":"2020-08-19T20:02:21Z","timestamp":1597867341000},"score":0.0,"resource":{"primary":{"URL":"https:\/\/hemeroteca.unad.edu.co\/index.php\/revista-estrategica-organizacio\/article\/view\/4046"}},"subtitle":["Cadenas productivas agro sostenibles"],"issued":{"date-parts":[[2020,8,5]]},"references-count":11,"journal-issue":{"issue":"2","published-online":{"date-parts":[[2020,8,5]]}},"URL":"https:\/\/doi.org\/10.22490\/25392786.4046","ISSN":["2539-2786","2339-3866"],"issn-type":[{"value":"2539-2786","type":"electronic"},{"value":"2339-3866","type":"print"}],"published":{"date-parts":[[2020,8,5]]}},{"indexed":{"date-parts":[[2022,4,5]],"date-time":"2022-04-05T05:25:24Z","timestamp":1649136324150},"reference-count":0,"publisher":"Universidad Nacional Abierta y a Distancia","license":[{"start":{"date-parts":[[2019,12,15]],"date-time":"2019-12-15T00:00:00Z","timestamp":1576368000000},"content-version":"unspecified","delay-in-days":0,"URL":"http:\/\/creativecommons.org\/licenses\/by-nc-sa\/4.0"}],"content-domain":{"domain":[],"crossmark-restriction":false},"short-container-title":["rev.investig.agrar.ambient."],"abstract":"<jats:p>&lt;p&gt;Evaluamos el efecto de cinco isotiocianatos (ITC) para controlar a Rhizoctonia solani K\u00fchn AG-3, un hongo causante de enfermedades en plantas de importancia agr\u00edcola, como estudio preliminar para la implementaci\u00f3n de la t\u00e9cnica de biofumigaci\u00f3n en Colombia. Realizamos pruebas in vitro con diluciones de cinco ITC, con metanol como solvente, en cajas de Petri con medio PDA y calculamos las \u00e1reas de crecimiento micelial, el porcentaje de inhibici\u00f3n y la concentraci\u00f3n efectiva media (CE50). La respuesta del pat\u00f3geno fue dependiente de la concentraci\u00f3n y del tipo de ITC aplicado. Todos los ITC en concentraciones al 10% presentaron efecto inhibitorio total. PEITC y BITC tuvieron un efecto fungist\u00e1tico hasta los seis y 27 d\u00edas despu\u00e9s de aplicados los tratamientos, respectivamente. PITC, AITC y MITC mantuvieron el efecto inhibitorio por m\u00e1s de un a\u00f1o despu\u00e9s de aplicados los tratamientos. PITC fue m\u00e1s eficaz en controlar R. solani K\u00fchn AG-3 que los otros ITC, mostrando el valor m\u00e1s bajo de la CE50 para la inhibici\u00f3n del crecimiento micelial.&lt;\/p&gt;<\/jats:p>","DOI":"10.22490\/21456453.1965","type":"journal-article","created":{"date-parts":[[2017,8,25]],"date-time":"2017-08-25T13:12:06Z","timestamp":1503666726000},"page":"37","source":"Crossref","is-referenced-by-count":0,"title":["Efecto inhibitorio in vitro de cinco isotiocianatos sobre Rhizoctonia solani K\u00fchn AG-3"],"prefix":"10.22490","volume":"1","author":[{"given":"Luis Federico","family":"Molina-Vargas","sequence":"first","affiliation":[],"role":[{"role":"author","vocabulary":"crossref"}]},{"given":"Jos\u00e9","family":"Ulloa Bentura-Castellanos","sequence":"additional","affiliation":[],"role":[{"role":"author","vocabulary":"crossref"}]}],"member":"9784","published-online":{"date-parts":[[2019,12,15]]},"container-title":["Revista de Investigaci\u00f3n Agraria y Ambiental"],"link":[{"URL":"http:\/\/hemeroteca.unad.edu.co\/index.php\/riaa\/article\/viewFile\/1965\/2186","content-type":"application\/pdf","content-version":"vor","intended-application":"text-mining"}],"deposited":{"date-parts":[[2017,8,25]],"date-time":"2017-08-25T13:12:07Z","timestamp":1503666727000},"score":0.0,"resource":{"primary":{"URL":"http:\/\/hemeroteca.unad.edu.co\/index.php\/riaa\/article\/view\/1965"}},"issued":{"date-parts":[[2019,12,15]]},"references-count":0,"URL":"https:\/\/doi.org\/10.22490\/21456453.1965","ISSN":["2145-6453","2145-6097"],"issn-type":[{"value":"2145-6453","type":"electronic"},{"value":"2145-6097","type":"print"}],"published":{"date-parts":[[2019,12,15]]}},{"indexed":{"date-parts":[[2022,3,31]],"date-time":"2022-03-31T09:34:55Z","timestamp":1648719295865},"reference-count":0,"publisher":"Universidad Nacional Abierta y a Distancia","issue":"2","license":[{"start":{"date-parts":[[2015,12,15]],"date-time":"2015-12-15T00:00:00Z","timestamp":1450137600000},"content-version":"unspecified","delay-in-days":0,"URL":"http:\/\/creativecommons.org\/licenses\/by-nc-sa\/4.0"}],"content-domain":{"domain":[],"crossmark-restriction":false},"short-container-title":["rev.investig.agrar.ambient."],"abstract":"<jats:p>&lt;p&gt;La creciente demanda de las necesidades sociales a nivel global, impulsada por los h\u00e1bitos de vida y la forma en la que se organizan las regiones ha llevado al crecimiento paralelo de la industria y con ello al creciente aumento del consumo de energ\u00eda. Este art\u00edculo de investigaci\u00f3n reflexiona acerca de la relevancia que tienen las energ\u00edas renovables para la seguridad energ\u00e9tica, teniendo en cuenta la inestabilidad de los precios del petr\u00f3leo y su influencia en el mercado de los hidrocarburos como fuente primaria de energ\u00eda. Se evidencian los avances que han tenido las tecnolog\u00edas de energ\u00edas renovables a nivel global, regional y local y el rol que juegan en la independencia energ\u00e9tica y en la mitigaci\u00f3n del impacto ambiental. Se concluye que las naciones deben buscar la optimizaci\u00f3n de las energ\u00edas renovables desde los \u00e1mbitos: local, regional y global propendiendo por su uso adecuado desde la legislaci\u00f3n. El futuro de las energ\u00edas renovables est\u00e1 dado por la rentabilidad, ya que para que el uso de \u00e9stas siga creciendo, deben seguir atrayendo capital lo cual significa que los inversores deben ver una rentabilidad competitiva. Otra recomendaci\u00f3n importante es la integraci\u00f3n de la energ\u00eda renovable en la red, incluyendo fuentes de generaci\u00f3n intermitentes e incluso imprevisibles.&lt;\/p&gt;&lt;p&gt;\u00a0&lt;\/p&gt;<\/jats:p>","DOI":"10.22490\/21456453.1419","type":"journal-article","created":{"date-parts":[[2017,3,28]],"date-time":"2017-03-28T15:37:55Z","timestamp":1490715475000},"page":"231","source":"Crossref","is-referenced-by-count":0,"title":["Importancia de las energ\u00edas renovables en la seguridad energ\u00e9tica y su relaci\u00f3n con el crecimiento econ\u00f3mico."],"prefix":"10.22490","volume":"6","author":[{"given":"Lilian Paola","family":"Umbarila Valencia","sequence":"first","affiliation":[],"role":[{"role":"author","vocabulary":"crossref"}]},{"given":"Freddy Leonard","family":"Alfonso Moreno","sequence":"additional","affiliation":[],"role":[{"role":"author","vocabulary":"crossref"}]},{"given":"Julio C\u00e9sar","family":"Rivera Rodr\u00edguez","sequence":"additional","affiliation":[],"role":[{"role":"author","vocabulary":"crossref"}]}],"member":"9784","published-online":{"date-parts":[[2015,12,15]]},"container-title":["Revista de Investigaci\u00f3n Agraria y Ambiental"],"link":[{"URL":"http:\/\/hemeroteca.unad.edu.co\/index.php\/riaa\/article\/viewFile\/1419\/1743","content-type":"application\/pdf","content-version":"vor","intended-application":"text-mining"}],"deposited":{"date-parts":[[2017,3,28]],"date-time":"2017-03-28T15:38:10Z","timestamp":1490715490000},"score":0.0,"resource":{"primary":{"URL":"http:\/\/hemeroteca.unad.edu.co\/index.php\/riaa\/article\/view\/1419"}},"issued":{"date-parts":[[2015,12,15]]},"references-count":0,"journal-issue":{"issue":"2","published-online":{"date-parts":[[2015,12,15]]}},"URL":"https:\/\/doi.org\/10.22490\/21456453.1419","ISSN":["2145-6453","2145-6097"],"issn-type":[{"value":"2145-6453","type":"electronic"},{"value":"2145-6097","type":"print"}],"published":{"date-parts":[[2015,12,15]]}},{"indexed":{"date-parts":[[2024,12,17]],"date-time":"2024-12-17T05:16:57Z","timestamp":1734412617697,"version":"3.30.2"},"reference-count":0,"publisher":"Universidad Nacional Abierta y a Distancia","issue":"8","content-domain":{"domain":[],"crossmark-restriction":false},"short-container-title":["Back"],"abstract":"<jats:p>Dibujo digital.<\/jats:p>","DOI":"10.22490\/unad.backprojection.8703","type":"journal-article","created":{"date-parts":[[2024,12,16]],"date-time":"2024-12-16T23:50:11Z","timestamp":1734393011000},"page":"40-41","source":"Crossref","is-referenced-by-count":0,"title":["Composiciones"],"prefix":"10.22490","author":[{"given":"Johana","family":"Pati\u00f1o","sequence":"first","affiliation":[],"role":[{"role":"author","vocabulary":"crossref"}]}],"member":"9784","published-online":{"date-parts":[[2024,10,31]]},"container-title":["Back Projection"],"link":[{"URL":"https:\/\/hemeroteca.unad.edu.co\/index.php\/back_projection\/article\/download\/8703\/7283","content-type":"application\/pdf","content-version":"vor","intended-application":"text-mining"},{"URL":"https:\/\/hemeroteca.unad.edu.co\/index.php\/back_projection\/article\/download\/8703\/7283","content-type":"unspecified","content-version":"vor","intended-application":"similarity-checking"}],"deposited":{"date-parts":[[2024,12,16]],"date-time":"2024-12-16T23:50:11Z","timestamp":1734393011000},"score":0.0,"resource":{"primary":{"URL":"https:\/\/hemeroteca.unad.edu.co\/index.php\/back_projection\/article\/view\/8703"}},"issued":{"date-parts":[[2024,10,31]]},"references-count":0,"journal-issue":{"issue":"8","published-online":{"date-parts":[[2024,10,31]]}},"URL":"https:\/\/doi.org\/10.22490\/unad.backprojection.8703","ISSN":["2665-4539"],"issn-type":[{"value":"2665-4539","type":"electronic"}],"published":{"date-parts":[[2024,10,31]]}},{"indexed":{"date-parts":[[2023,4,10]],"date-time":"2023-04-10T06:26:46Z","timestamp":1681108006876},"reference-count":0,"publisher":"Universidad Nacional Abierta y a Distancia","content-domain":{"domain":[],"crossmark-restriction":false},"DOI":"10.22490\/9789586518048.05","type":"book-chapter","created":{"date-parts":[[2022,6,6]],"date-time":"2022-06-06T19:32:08Z","timestamp":1654543928000},"page":"105-141","source":"Crossref","is-referenced-by-count":2,"title":["Tecnolog\u00edas agroambientales precursoras de materia org\u00e1nica del suelo en cultivos industriales del Valle del Cauca (Colombia)"],"prefix":"10.22490","author":[{"given":"\u00d3scar Eduardo","family":"Sanclemente Reyes","sequence":"first","affiliation":[],"role":[{"role":"author","vocabulary":"crossref"}]},{"given":"Milt\u00f3n C\u00e9sar","family":"Ararat Orozco","sequence":"additional","affiliation":[],"role":[{"role":"author","vocabulary":"crossref"}]},{"given":"Julio C\u00e9sar","family":"Montoya Rend\u00f3n","sequence":"additional","affiliation":[],"role":[{"role":"author","vocabulary":"crossref"}]},{"given":"Mauricio","family":"Garc\u00eda Arboleda","sequence":"additional","affiliation":[],"role":[{"role":"author","vocabulary":"crossref"}]}],"member":"9784","published-online":{"date-parts":[[2021,6,1]]},"container-title":["Relaciones agroambientales en sistemas productivos rurales"],"deposited":{"date-parts":[[2022,6,6]],"date-time":"2022-06-06T19:32:15Z","timestamp":1654543935000},"score":0.0,"resource":{"primary":{"URL":"https:\/\/libros.unad.edu.co\/index.php\/selloeditorial\/catalog\/view\/91\/81\/667"}},"issued":{"date-parts":[[2021,6,1]]},"references-count":0,"URL":"https:\/\/doi.org\/10.22490\/9789586518048.05","published":{"date-parts":[[2021,6,1]]}},{"indexed":{"date-parts":[[2023,3,29]],"date-time":"2023-03-29T05:04:15Z","timestamp":1680066255871},"reference-count":0,"publisher":"Universidad Nacional Abierta y a Distancia- UNAD","isbn-type":[{"value":"9789586518444","type":"print"}],"content-domain":{"domain":[],"crossmark-restriction":false},"DOI":"10.22490\/9789586518444.03","type":"book-chapter","created":{"date-parts":[[2023,3,28]],"date-time":"2023-03-28T14:34:56Z","timestamp":1680014096000},"page":"64-94","source":"Crossref","is-referenced-by-count":0,"title":["Perfil de los emprendedores acad\u00e9micos en la regi\u00f3n caribe colombiano"],"prefix":"10.22490","author":[{"given":"es\u00fas Rafael","family":"Fandi\u00f1o-Isaza","sequence":"first","affiliation":[],"role":[{"role":"author","vocabulary":"crossref"}]},{"given":"Guillermo Alejandro","family":"Qui\u00f1onez-Mosquera","sequence":"additional","affiliation":[],"role":[{"role":"author","vocabulary":"crossref"}]}],"member":"9784","published-online":{"date-parts":[[2022,11,4]]},"container-title":["Emprendedores asociados a resultados de investigaciones universitarias en Colombia"],"deposited":{"date-parts":[[2023,3,28]],"date-time":"2023-03-28T14:35:07Z","timestamp":1680014107000},"score":0.0,"resource":{"primary":{"URL":"https:\/\/libros.unad.edu.co\/index.php\/selloeditorial\/catalog\/view\/164\/188\/2217"}},"issued":{"date-parts":[[2022,11,4]]},"ISBN":["9789586518444"],"references-count":0,"URL":"https:\/\/doi.org\/10.22490\/9789586518444.03","published":{"date-parts":[[2022,11,4]]}},{"indexed":{"date-parts":[[2022,4,1]],"date-time":"2022-04-01T21:58:47Z","timestamp":1648850327953},"reference-count":0,"publisher":"Universidad Nacional Abierta y a Distancia","issue":"1","license":[{"start":{"date-parts":[[2011,4,14]],"date-time":"2011-04-14T00:00:00Z","timestamp":1302739200000},"content-version":"unspecified","delay-in-days":0,"URL":"http:\/\/creativecommons.org\/licenses\/by\/4.0"}],"content-domain":{"domain":[],"crossmark-restriction":false},"short-container-title":["Rev. Investig. UNAD"],"abstract":"<jats:p>&lt;p align=\"left\"&gt;El concepto de sistemas tiene gran vigencia en la actualidad, y no solo se utiliza en el \u00e1mbito de la investigaci\u00f3n sino que tambi\u00e9n se destaca en diversas \u00e1reas y campos que definen el comportamiento social, econ\u00f3mico, pol\u00edtico, tecnol\u00f3gico y cultural. Desde finales de los sesenta este concepto hab\u00eda invadido los campos de la ciencia, el pensamiento, el habla popular y los medios de comunicaci\u00f3n de masas, a tal punto que existen ocupaciones y profesiones con su nombre, por ejemplo: Sistemas de informaci\u00f3n, Ingenier\u00eda de sistemas y Sistema educativo. Ellos pueden definirse de manera general como un conjunto complejo de elementos relacionados cuyo prop\u00f3sito com\u00fan, en un plano m\u00e1s abstracto, es movilizar la convergencia de saberes y promover la tarea inter y transdisciplinaria. Intr\u00ednseca en estos argumentos est\u00e1 la intencionalidad de este art\u00edculo que presenta mediante una hermen\u00e9utica profunda, argumentos te\u00f3ricos que emergen de la comprensi\u00f3n de la Teor\u00eda General de Sistemas desde sus enfoques, antecedentes y bases teol\u00f3gicas, epist\u00e9micas y ontol\u00f3gicas. Tambi\u00e9n se consideran los principales aspectos en torno a su historia y lo que esta representa en la contemporaneidad, especialmente para poder transcender hacia la interrelaci\u00f3n de diversas \u00e1reas del saber, mediante el di\u00e1logo entre las ciencias y lo que esto supone en el discurrir de configuraciones multidimensionales y heterog\u00e9neas que privilegian las tramas configurativas en red. Desde esta perspectiva se esboza el cometido de esta reflexi\u00f3n cuyo recorrido se fundamenta en las ciencias de la complejidad, la cibernetica de primero y segundo orden, la comunicaci\u00f2n orquestal de la Escuela de Palo Alto y los principios para un pensar complejo y autopoi\u00e9tico, argumentos que permiten captar las Realidades Complejas e Interconectadas.&lt;\/p&gt;<\/jats:p>","DOI":"10.22490\/25391887.742","type":"journal-article","created":{"date-parts":[[2017,7,11]],"date-time":"2017-07-11T10:42:53Z","timestamp":1499769773000},"page":"139","source":"Crossref","is-referenced-by-count":0,"title":["Acercamiento transdisciplinario a las realidades complejas e interconectadas a partir de la teoria general de sistemas"],"prefix":"10.22490","volume":"10","author":[{"given":"Ingrid","family":"Nederr Donaire","sequence":"first","affiliation":[],"role":[{"role":"author","vocabulary":"crossref"}]}],"member":"9784","published-online":{"date-parts":[[2011,4,14]]},"container-title":["Revista de Investigaciones UNAD"],"link":[{"URL":"http:\/\/hemeroteca.unad.edu.co\/index.php\/revista-de-investigaciones-unad\/article\/viewFile\/742\/1466","content-type":"application\/pdf","content-version":"vor","intended-application":"text-mining"}],"deposited":{"date-parts":[[2017,7,11]],"date-time":"2017-07-11T10:44:31Z","timestamp":1499769871000},"score":0.0,"resource":{"primary":{"URL":"http:\/\/hemeroteca.unad.edu.co\/index.php\/revista-de-investigaciones-unad\/article\/view\/742"}},"issued":{"date-parts":[[2011,4,14]]},"references-count":0,"journal-issue":{"issue":"1","published-online":{"date-parts":[[2011,4,14]]}},"URL":"https:\/\/doi.org\/10.22490\/25391887.742","ISSN":["2539-1887","0124-793X"],"issn-type":[{"value":"2539-1887","type":"electronic"},{"value":"0124-793X","type":"print"}],"published":{"date-parts":[[2011,4,14]]}},{"indexed":{"date-parts":[[2024,2,15]],"date-time":"2024-02-15T18:22:10Z","timestamp":1708021330562},"reference-count":21,"publisher":"Universidad Nacional Abierta y a Distancia","issue":"1","license":[{"start":{"date-parts":[[2020,12,23]],"date-time":"2020-12-23T00:00:00Z","timestamp":1608681600000},"content-version":"unspecified","delay-in-days":0,"URL":"http:\/\/creativecommons.org\/licenses\/by-nc-sa\/4.0"}],"content-domain":{"domain":[],"crossmark-restriction":false},"short-container-title":["rev.investig.agrar.ambient."],"abstract":"<jats:p>Contextualizaci\u00f3n: la evaluaci\u00f3n de la exposici\u00f3n a ruido es un componente indispensable en los programas de prevenci\u00f3n de p\u00e9rdida auditiva para reconocer trabajadores vulnerables, proponer medidas de control y\/o evaluar las medidas implementadas.&#x0D;\nVac\u00edo de conocimiento: en Colombia, hay un n\u00famero limitado de trabajos que abordan la exposici\u00f3n a ruido y las medidas de control de este.&#x0D;\nProp\u00f3sito del estudio: la exposici\u00f3n ocupacional a ruido en el \u00e1rea operativa de dos microempresas de la ciudad de Neiva fue evaluada mediante dosimetr\u00eda y sonometr\u00eda. Dichas empresas se dedican a la comercializaci\u00f3n de madera aglomerada empleando m\u00e1quinas especializadas como sierras verticales y enchapadoras.&#x0D;\nMetodolog\u00eda: inicialmente se realiz\u00f3 una caracterizaci\u00f3n de las condiciones de trabajo, luego se realizaron las mediciones de ruido siguiendo la estrategia basada en la labor conforme la ISO 9612-2010.&#x0D;\nResultados y conclusiones: los niveles de presi\u00f3n sonora equivalente (73,0 y 82,4 dB (A)) encontrados a partir de sonometr\u00eda se asemejan a los reportados en talleres de carpinter\u00eda y f\u00e1bricas de muebles. Los resultados de la dosimetr\u00eda revelaron que los operarios de la sierra vertical y el de la enchapadora se exponen a diario a niveles de ruido entre 88,50 y 89,9 dB (A) que sobrepasan el valor l\u00edmite permisible (85 dB) para un tiempo de exposici\u00f3n de 8 horas, como se estipula por la resoluci\u00f3n 1792 de 1990. Sin embargo, los operarios de las microempresas de madera aglomerada evaluados no se encuentran sobreexpuestos a ruido gracias a la atenuaci\u00f3n que brindan los protectores auditivos utilizados.<\/jats:p>","DOI":"10.22490\/21456453.3660","type":"journal-article","created":{"date-parts":[[2021,2,3]],"date-time":"2021-02-03T20:28:16Z","timestamp":1612384096000},"page":"153-163","source":"Crossref","is-referenced-by-count":1,"title":["Evaluaci\u00f3n de la exposici\u00f3n ocupacional a ruido en microempresas de madera de la ciudad de Neiva en el 2019"],"prefix":"10.22490","volume":"12","author":[{"given":"Ingrith Marcela","family":"Romero M\u00e9ndez","sequence":"first","affiliation":[],"role":[{"role":"author","vocabulary":"crossref"}]},{"given":"Dinory","family":"Serrato Rojas","sequence":"additional","affiliation":[],"role":[{"role":"author","vocabulary":"crossref"}]},{"given":"Roberson Daniel","family":"Bernal Medina","sequence":"additional","affiliation":[],"role":[{"role":"author","vocabulary":"crossref"}]},{"given":"Jhonathan","family":"Cabrera Urriago","sequence":"additional","affiliation":[],"role":[{"role":"author","vocabulary":"crossref"}]}],"member":"9784","published-online":{"date-parts":[[2020,12,23]]},"reference":[{"key":"ref0","doi-asserted-by":"publisher","unstructured":"Acero, J., Jaimes, M., y Romero, G. A. (2016). Generaci\u00f3n de mapas de ruido (industrial) desde sistemas de informaci\u00f3n geogr\u00e1fica. Un acercamiento desde la literatura. Revista Tecnura, 20 (49), 152. doi: 10.14483\/udistrital.jour.tecnura.2016.3.a10","DOI":"10.14483\/udistrital.jour.tecnura.2016.3.a10"},{"key":"ref1","unstructured":"Bernal R. y Cabrera J. (2019). Evaluaci\u00f3n del riesgo asociado al ruido en trabajadores de empresas comercializadoras de madera aglomerada de la ciudad de Neiva (tesis de pregrado). Corporaci\u00f3n Universitaria Minuto de Dios, Neiva, Colombia."},{"key":"ref2","doi-asserted-by":"publisher","unstructured":"Ganime, J. F., Almeida da Silva, L., Robazzi, M. do C. C., Valenzuela, S., y Faleiro, S. A. (2010). El ruido como riesgo laboral: Una revisi\u00f3n de la literatura. Enfermer\u00eda Global, (19). doi:10.4321\/S1695-61412010000200020","DOI":"10.4321\/S1695-61412010000200020"},{"key":"ref3","unstructured":"Instituto Andaluz de Prevenci\u00f3n de Riesgos Laborales. (2013). Gu\u00eda de buenas pr\u00e1cticas contra el ruido en la industria de la madera.pdf. Recuperado de https:\/\/www.juntadeandalucia.es\/export\/drupaljda\/Gu%C3%ADa%20de%20buenas%20practicas%20contra%20el%20ruido%20en%20la%20industria%20de%20la%20madera.pdf"},{"key":"ref4","unstructured":"Johnson, P. T. (s. f.). Noise Exposure: Explanation of OSHA and NIOSH Safe\u2011Exposure Limits and the Importance of Noise Dosimetry. Recuperado de https:\/\/www.etymotic.com\/downloads\/dl\/file\/id\/47\/product\/307\/noise_exposure_explanation_of_osha_and_niosh_safe_exposure_limits_and_the_importance_of_noise_dosimetry.pdf"},{"key":"ref5","unstructured":"Kolodziej, F.S y Cruz R. E. (2013). Exposici\u00f3n al Ruido Ambiental y Laboral de los Trabajadores de una Industria Maderera. Argentina: Estrucplan. Recuperado de https:\/\/estrucplan.com.ar\/exposicion-al-ruido-ambiental-y-laboral-de-los-trabajadores-de-una-industria-maderera\/"},{"key":"ref6","unstructured":"Laguna C. (2014). Inferencia param\u00e9trica: relaci\u00f3n entre variables cualitativas y cuantitativas. Recuperado de http:\/\/www.ics-aragon.com\/cursos\/salud-publica\/2014\/pdf\/M2T08.pdf"},{"key":"ref7","unstructured":"Ministerio del Trabajo (2013). Segunda Encuesta Nacional de Condiciones de Seguridad y Salud en el Trabajo en el Sistema General de Riesgos Laborales. Recuperado de https:\/\/fasecolda.com\/cms\/wp-content\/uploads\/2019\/08\/ii-encuesta-nacional-seguridad-salud-trabajo-2013.pdf"},{"key":"ref8","unstructured":"Ministerio de la Protecci\u00f3n Social. (2006). Gu\u00eda de atenci\u00f3n integral de salud ocupacional basada en la evidencia para Hipoacusia Neurosensorial Inducida por ruido en el trabajo, GATI-HNIR. Recuperado de: https:\/\/www.minsalud.gov.co\/Documentos%20y%20Publicaciones\/GATISO-HIPOACUSIA%20NEROSENSORIAL.pdf"},{"key":"ref9","doi-asserted-by":"publisher","unstructured":"Nelson, D. I., Nelson, R. Y., Concha-Barrientos, M., y Fingerhut, M. (2005). The global burden of occupational noise-induced hearing loss. American Journal of Industrial Medicine, 48(6), 446-458. doi:10.1002\/ajim.20223","DOI":"10.1002\/ajim.20223"},{"key":"ref10","unstructured":"NTP-ISO 9612. (2010). Ac\u00fastica. Determinaci\u00f3n de la exposici\u00f3n a ruido laboral. M\u00e9todo de ingenier\u00eda. Recuperado de https:\/\/www.academia.edu\/9753456\/Determinaci%C3%B3n_de_la_exposici%C3%B3n_a_ruido_laboral_ISO_9612_2010"},{"key":"ref11","doi-asserted-by":"publisher","unstructured":"Noweir, M. H., Bafail, A. O., y Jomoah, I. M. (2014). Noise Pollution in Metalwork and Woodwork Industries in the Kingdom of Saudi Arabia. International Journal of Occupational Safety and Ergonomics, 20(4), 661-670. doi:10.1080\/10803548.2014.11077068","DOI":"10.1080\/10803548.2014.11077068"},{"key":"ref12","doi-asserted-by":"publisher","unstructured":"Ntalos, G. A., y Papadopoulos, A. N. (2013). Noise Emission Levels in Greek Wood and Furniture Processing Industry. Journal of the Institute of Wood Science, 17(2), 99-103. doi:10.1179\/wsc.2005.17.2.99","DOI":"10.1179\/wsc.2005.17.2.99"},{"key":"ref13","doi-asserted-by":"publisher","unstructured":"Owoyemi, M. J., Falemara, B., y Owoyemi, A. J. (2017). Noise Pollution and Control in Wood Mechanical Processing Wood Industries. Biomedical Statistics and Informatics, 2(2): 54-60. doi: 10.11648\/j.bsi.20170202.13","DOI":"10.20944\/preprints201608.0236.v1"},{"key":"ref14","doi-asserted-by":"publisher","unstructured":"Palmer, K. T., Harris, E. C., y Coggon, D. (2008). Chronic health problems and risk of accidental injury in the workplace: A systematic literature review. Occupational and Environmental Medicine, 65(11), 757-764. doi:10.1136\/oem.2007.037440","DOI":"10.1136\/oem.2007.037440"},{"key":"ref15","doi-asserted-by":"publisher","unstructured":"Picard, M., Girard, S. A., Simard, M., Larocque, R., Leroux, T., y Turcotte, F. (2008). Association of work-related accidents with noise exposure in the workplace and noise-induced hearing loss based on the experience of some 240,000 person-years of observation. Accident Analysis & Prevention, 40(5), 1644-1652. doi:10.1016\/j.aap.2008.05.013","DOI":"10.1016\/j.aap.2008.05.013"},{"key":"ref16","unstructured":"Pozo, E. F. (2010). Estudio de Ruido Generado en la Industria Maderera en la Ciudad de Cuenca y sus efectos a la Salud (Tesis de maestr\u00eda). Universidad de Cuenca, Cuenca, Ecuador. Recuperado de http:\/\/dspace.ucuenca.edu.ec\/bitstream\/123456789\/2585\/1\/tm4335.pdf"},{"issue":"1","key":"ref17","doi-asserted-by":"publisher","first-page":"14","DOI":"10.1179\/2049396714Y.0000000084","article-title":"Prevalence of noise-induced hearing loss among woodworkers in Nepal: A pilot study","volume":"21","author":"Robinson","year":"2015","unstructured":"Robinson, T., Whittaker, J., Acharya, A., Singh, D., y Smith, M. (2015). Prevalence of noise-induced hearing loss among woodworkers in Nepal: A pilot study. International Journal of Occupational and Environmental Health, 21(1), 14-22. doi:\/10.1179\/2049396714Y.0000000084","journal-title":"International Journal of Occupational and Environmental Health"},{"key":"ref18","doi-asserted-by":"publisher","unstructured":"S\u00e1nchez Villena, A. (2019). Uso de programas estad\u00edsticos libres para el an\u00e1lisis de datos: Jamovi, Jasp y R. Revista Perspectiva, 20(1), 112-114. doi:10.33198\/rp.v20i1.00026","DOI":"10.33198\/rp.v20i1.00026"},{"key":"ref19","doi-asserted-by":"publisher","unstructured":"Sierra Calder\u00f3n, D. D., y Bedoya Marrugo, E. A. (2016). Prevalencia de hipoacusia neurosensorial inducida por ruido en empresas del sector madera de la ciudad de Cartagena. 2015. Nova, 14(25), 47. doi:10.22490\/24629448.1726","DOI":"10.22490\/24629448.1726"},{"key":"ref20","unstructured":"WHO. (2019). Deafness and Hearing Loss. World Health Organization. Recuperado de https:\/\/www.who.int\/news-room\/fact-sheets\/detail\/deafness-and-hearing-loss"}],"container-title":["Revista de Investigaci\u00f3n Agraria y Ambiental"],"link":[{"URL":"https:\/\/hemeroteca.unad.edu.co\/index.php\/riaa\/article\/download\/3660\/4343","content-type":"application\/pdf","content-version":"vor","intended-application":"text-mining"},{"URL":"https:\/\/hemeroteca.unad.edu.co\/index.php\/riaa\/article\/download\/3660\/4291","content-type":"text\/html","content-version":"vor","intended-application":"text-mining"},{"URL":"https:\/\/hemeroteca.unad.edu.co\/index.php\/riaa\/article\/download\/3660\/4343","content-type":"unspecified","content-version":"vor","intended-application":"similarity-checking"}],"deposited":{"date-parts":[[2021,2,3]],"date-time":"2021-02-03T21:06:55Z","timestamp":1612386415000},"score":0.0,"resource":{"primary":{"URL":"https:\/\/hemeroteca.unad.edu.co\/index.php\/riaa\/article\/view\/3660"}},"issued":{"date-parts":[[2020,12,23]]},"references-count":21,"journal-issue":{"issue":"1","published-online":{"date-parts":[[2020,12,23]]}},"URL":"https:\/\/doi.org\/10.22490\/21456453.3660","ISSN":["2145-6453","2145-6097"],"issn-type":[{"value":"2145-6453","type":"electronic"},{"value":"2145-6097","type":"print"}],"published":{"date-parts":[[2020,12,23]]}},{"indexed":{"date-parts":[[2023,3,31]],"date-time":"2023-03-31T05:08:38Z","timestamp":1680239318585},"reference-count":0,"publisher":"Universidad Nacional Abierta y a Distancia","isbn-type":[{"value":"9789586518482","type":"print"}],"content-domain":{"domain":[],"crossmark-restriction":false},"abstract":"<jats:p>El presente texto est\u00e1 dirigido a estudiantes de los programas de Ingenier\u00eda y \u00e1reas afines de la Universidad Nacional Abierta y a Distancia (UNAD) y otras universidades. Contiene el material b\u00e1sico para un curso de Introducci\u00f3n al \u00c1lgebra Lineal y elementos del C\u00e1lculo Vectorial; surge como propuesta did\u00e1ctica que propicia la autonom\u00eda del aprendizaje en el estudiante, el cual le brinda las herramientas conceptuales, junto con las soluciones detalladas de ejercicios y problemas involucrando conceptos previos fundamentales vistos en los cursos de C\u00e1lculo Diferencial y C\u00e1lculo Integral. Como propuesta, queremos que el estudiante no detenga su proceso de aprendizaje por vac\u00edos u obst\u00e1culos conceptuales, los cuales posiblemente haya olvidado. Al movilizar todos los conocimientos a trav\u00e9s del ejemplo bien detallado, garantizamos una madurez conceptual en las construcciones que se proyectan en los cursos de \u00c1lgebra Lineal y C\u00e1lculo Vectorial, propuesta que se ha construido con la participaci\u00f3n de las redes de tutores en los \u00faltimos a\u00f1os en la Escuela de Ciencias B\u00e1sicas, Tecnolog\u00eda e Ingenier\u00eda de la Universidad Nacional Abierta y a Distancia (UNAD).<\/jats:p>","DOI":"10.22490\/9789586518482","type":"monograph","created":{"date-parts":[[2023,3,30]],"date-time":"2023-03-30T13:00:48Z","timestamp":1680181248000},"source":"Crossref","is-referenced-by-count":0,"title":["Fundamentos del c\u00e1lculo vectorial con algunas aplicaciones"],"prefix":"10.22490","author":[{"given":"Randy","family":"Zabaleta Mesino","sequence":"first","affiliation":[],"role":[{"role":"author","vocabulary":"crossref"}]},{"given":"Luis R.","family":"Fuentes Castilla","sequence":"additional","affiliation":[],"role":[{"role":"author","vocabulary":"crossref"}]},{"given":"Jeinny Maria","family":"Peralta Polo","sequence":"additional","affiliation":[],"role":[{"role":"author","vocabulary":"crossref"}]}],"member":"9784","published-online":{"date-parts":[[2022,11,4]]},"deposited":{"date-parts":[[2023,3,30]],"date-time":"2023-03-30T13:00:49Z","timestamp":1680181249000},"score":0.0,"resource":{"primary":{"URL":"https:\/\/libros.unad.edu.co\/index.php\/selloeditorial\/catalog\/book\/166"}},"issued":{"date-parts":[[2022,11,4]]},"ISBN":["9789586518482"],"references-count":0,"URL":"https:\/\/doi.org\/10.22490\/9789586518482","published":{"date-parts":[[2022,11,4]]}},{"indexed":{"date-parts":[[2022,4,2]],"date-time":"2022-04-02T09:42:47Z","timestamp":1648892567428},"reference-count":0,"publisher":"Universidad Nacional Abierta y a Distancia","content-domain":{"domain":[],"crossmark-restriction":false},"DOI":"10.22490\/ecsah.2107","type":"report","created":{"date-parts":[[2019,4,8]],"date-time":"2019-04-08T21:58:15Z","timestamp":1554760695000},"source":"Crossref","is-referenced-by-count":0,"title":["Arte y Escuela"],"prefix":"10.22490","author":[{"given":"Sonia Alexandra","family":"Barbosa Ortiz","sequence":"first","affiliation":[],"role":[{"role":"author","vocabulary":"crossref"}]}],"member":"9784","published-online":{"date-parts":[[2017]]},"deposited":{"date-parts":[[2019,4,8]],"date-time":"2019-04-08T21:58:16Z","timestamp":1554760696000},"score":0.0,"resource":{"primary":{"URL":"http:\/\/hemeroteca.unad.edu.co\/index.php\/wp\/article\/view\/2107"}},"issued":{"date-parts":[[2017]]},"references-count":0,"URL":"https:\/\/doi.org\/10.22490\/ecsah.2107","published":{"date-parts":[[2017]]}},{"indexed":{"date-parts":[[2024,11,9]],"date-time":"2024-11-09T05:23:45Z","timestamp":1731129825032,"version":"3.28.0"},"reference-count":0,"publisher":"Universidad Nacional Abierta y a Distancia","issue":"2","license":[{"start":{"date-parts":[[2024,11,1]],"date-time":"2024-11-01T00:00:00Z","timestamp":1730419200000},"content-version":"unspecified","delay-in-days":0,"URL":"https:\/\/creativecommons.org\/licenses\/by-nc-sa\/4.0"}],"content-domain":{"domain":[],"crossmark-restriction":false},"short-container-title":["Agricolae. Habitat"],"abstract":"<jats:p>Contextualizaci\u00f3n: La aplicaci\u00f3n de cal viva como tratamiento alcalino ha sido considerada como una t\u00e9cnica efectiva para la desinfecci\u00f3n de lodos residuales. Objetivo: En este estudio, se llev\u00f3 a cabo una evaluaci\u00f3n del tratamiento alcalino con cal viva (CaO) para reducci\u00f3n de microorganismos en los lodos residuales procedentes de la PTAR v\u00eda Puerto Mosquito en Aguachica, cesar. Metodolog\u00eda: El proceso implica la adici\u00f3n de cal viva al lodo residual, lo que eleva el pH del medio y crea un ambiente hostil para la supervivencia de microorganismos pat\u00f3genos y bacterias. Este aumento del pH tambi\u00e9n facilita la precipitaci\u00f3n de compuestos org\u00e1nicos y metales pesados presentes en los lodos, lo que contribuye a su estabilizaci\u00f3n. Resultados y conclusiones: Los resultados de la evaluaci\u00f3n proporcionaron informaci\u00f3n sobre la eficiencia del tratamiento alcalino con cal viva en la reducci\u00f3n de microorganismos pat\u00f3genos y la mejora de la calidad general de los lodos residuales con la concentraci\u00f3n de 45%.<\/jats:p>","DOI":"10.22490\/26653176.8032","type":"journal-article","created":{"date-parts":[[2024,11,8]],"date-time":"2024-11-08T20:41:46Z","timestamp":1731098506000},"page":"7-20","source":"Crossref","is-referenced-by-count":0,"title":["Evaluaci\u00f3n del tratamiento alcalino con cal viva (CaO) para la reducci\u00f3n de microorganismos en lodos residuales generados en la PTAR v\u00eda Puerto Mosquito, Aguachica, Cesar"],"prefix":"10.22490","volume":"7","author":[{"given":"Nayibe Tatiana","family":"Sanchez Alvarez","sequence":"first","affiliation":[],"role":[{"role":"author","vocabulary":"crossref"}]},{"given":"Roymar","family":"Vargas Blanco","sequence":"additional","affiliation":[],"role":[{"role":"author","vocabulary":"crossref"}]},{"given":"Pablo Alberto","family":"Herrera","sequence":"additional","affiliation":[],"role":[{"role":"author","vocabulary":"crossref"}]},{"given":"Ingris Yohana","family":"Hernandez Martinez","sequence":"additional","affiliation":[],"role":[{"role":"author","vocabulary":"crossref"}]},{"given":"Rossember","family":"Salda\u00f1a Escorcia","sequence":"additional","affiliation":[],"role":[{"role":"author","vocabulary":"crossref"}]}],"member":"9784","published-online":{"date-parts":[[2024,11,1]]},"container-title":["Agricolae &amp; Habitat"],"link":[{"URL":"https:\/\/hemeroteca.unad.edu.co\/index.php\/agricolae\/article\/download\/8032\/7321","content-type":"application\/pdf","content-version":"vor","intended-application":"text-mining"},{"URL":"https:\/\/hemeroteca.unad.edu.co\/index.php\/agricolae\/article\/download\/8032\/7321","content-type":"unspecified","content-version":"vor","intended-application":"similarity-checking"}],"deposited":{"date-parts":[[2024,11,8]],"date-time":"2024-11-08T20:41:47Z","timestamp":1731098507000},"score":0.0,"resource":{"primary":{"URL":"https:\/\/hemeroteca.unad.edu.co\/index.php\/agricolae\/article\/view\/8032"}},"issued":{"date-parts":[[2024,11,1]]},"references-count":0,"journal-issue":{"issue":"2","published-online":{"date-parts":[[2024,11,1]]}},"URL":"https:\/\/doi.org\/10.22490\/26653176.8032","ISSN":["2665-3176"],"issn-type":[{"value":"2665-3176","type":"electronic"}],"published":{"date-parts":[[2024,11,1]]}},{"indexed":{"date-parts":[[2022,4,2]],"date-time":"2022-04-02T11:02:12Z","timestamp":1648897332952},"reference-count":0,"publisher":"Universidad Nacional Abierta y a Distancia","license":[{"start":{"date-parts":[[2010,5,2]],"date-time":"2010-05-02T00:00:00Z","timestamp":1272758400000},"content-version":"unspecified","delay-in-days":0,"URL":"http:\/\/creativecommons.org\/licenses\/by-nc-sa\/4.0"}],"content-domain":{"domain":[],"crossmark-restriction":false},"short-container-title":["Desbordes rev. investig. esc. cienc.sociales artes humanid."],"abstract":"<jats:p>&lt;p&gt;Mucho \u00a0se ha discutido \u00a0sobre lo que en alg\u00fan momento \u00a0ser\u00eda denominado \u00a0por \u00a0Kant como \u00a0el conflicto \u00a0de las facultades, es decir, en nuestras palabras; la compartimentaci\u00f3n\u00a0 \u00a0del conocimiento por \u00a0objetos \u00a0o campos, \u00a0desconociendo \u00a0puntos \u00a0comunes \u00a0de reflexi\u00f3n \u00a0tem\u00e1tica \u00a0y \u00a0en muchas ocasiones dejando de lado las reflexiones \u00a0en torno \u00a0a la relaciones entre Universidad y sociedad.&lt;\/p&gt;&lt;p&gt;El art\u00edculo plantea la posibilidad de reflexionar \u00a0en torno \u00a0a la idea moderna de ciencia y la forma como esta concepci\u00f3n se ha arraigado en los constructos sobre la realidad. Por otro lado, invita a examinar la par\u00e1lisis en la que aun se encuentran los diversos saberes y discursos cient\u00edficos para responder a una verdadera propuesta de transdisciplinariedad, \u00a0que posibilite de manera an\u00e1loga abordar la realidad desde diversas miradas sin recurrir a la fragmentaci\u00f3n \u00a0de la misma o de los discursos cient\u00edficos, fen\u00f3meno que ha sido denominado como babelizaci\u00f3n.&lt;\/p&gt;<\/jats:p>","DOI":"10.22490\/25394150.1367","type":"journal-article","created":{"date-parts":[[2017,6,15]],"date-time":"2017-06-15T15:39:46Z","timestamp":1497541186000},"page":"117","source":"Crossref","is-referenced-by-count":0,"title":["DE LA BABELlZACI\u00d3N A LA RED: UNA MET\u00c1FORA DEL DESAF\u00edo A LA ESTRUCTURA MODERNA DE UNIVERSIDAD Y LA APERTURA DE LAS CIENCIAS SOCIALES"],"prefix":"10.22490","volume":"1","author":[{"given":"Jhon Jairo","family":"Cardozo","sequence":"first","affiliation":[],"role":[{"role":"author","vocabulary":"crossref"}]}],"member":"9784","published-online":{"date-parts":[[2010,5,2]]},"container-title":["Desbordes. Revista de Investigaciones. Escuela de Ciencias sociales, artes y humanidades - UNAD"],"link":[{"URL":"http:\/\/hemeroteca.unad.edu.co\/index.php\/desbordes\/article\/viewFile\/1367\/1704","content-type":"application\/pdf","content-version":"vor","intended-application":"text-mining"}],"deposited":{"date-parts":[[2017,6,15]],"date-time":"2017-06-15T15:41:35Z","timestamp":1497541295000},"score":0.0,"resource":{"primary":{"URL":"http:\/\/hemeroteca.unad.edu.co\/index.php\/desbordes\/article\/view\/1367"}},"issued":{"date-parts":[[2010,5,2]]},"references-count":0,"URL":"https:\/\/doi.org\/10.22490\/25394150.1367","ISSN":["2539-4150","2027-5579"],"issn-type":[{"value":"2539-4150","type":"electronic"},{"value":"2027-5579","type":"print"}],"published":{"date-parts":[[2010,5,2]]}},{"indexed":{"date-parts":[[2023,9,1]],"date-time":"2023-09-01T13:45:46Z","timestamp":1693575946199},"reference-count":0,"publisher":"Universidad Nacional Abierta y a Distancia","issue":"1","license":[{"start":{"date-parts":[[2021,10,28]],"date-time":"2021-10-28T00:00:00Z","timestamp":1635379200000},"content-version":"unspecified","delay-in-days":0,"URL":"https:\/\/creativecommons.org\/licenses\/by-nc-nd\/4.0"}],"content-domain":{"domain":[],"crossmark-restriction":false},"short-container-title":["Educ. Sentipensante"],"abstract":"<jats:p>El prop\u00f3sito del art\u00edculo es hacer una reflexi\u00f3n sobre el dise\u00f1o curricular innovador, partiendo del cambio inesperado en la modalidad en el desarrollo de las actividades de aprendizaje tanto de los docentes como los estudiantes de la educaci\u00f3n b\u00e1sica secundaria a causa de la pandemia provocada por la COVID-19. Se proponen las categor\u00edas del aprendizaje aut\u00f3nomo, el trabajo colaborativo y las Tecnolog\u00edas del Aprendizaje y del Conocimiento-TAC (en adelante)- para alcanzar dicho objetivo.\nExisten varias definiciones del curr\u00edculo. El concepto se hace praxis en el dise\u00f1o. Para que sea innovador tiene unos principios o lineamientos que lo identifican. La sociedad de la informaci\u00f3n, del conocimiento y del aprendizaje le imprimen nuevas caracter\u00edsticas a la forma de interactuar entre las personas, lo cual no es ajeno al \u00e1mbito educativo.\nLa estrategia del aprendizaje aut\u00f3nomo y del trabajo colaborativo van haciendo al estudiante protagonista de su proceso, lo empoderan y lo enajenan del concepto y metodolog\u00edas tradicionales de la educaci\u00f3n. Utilizando las tecnolog\u00edas disponibles, se apoya en ellas para aprovechar su potencial y lo direcciona hacia tecnolog\u00edas para el aprendizaje y el conocimiento.<\/jats:p>","DOI":"10.22490\/28057597.5425","type":"journal-article","created":{"date-parts":[[2023,8,31]],"date-time":"2023-08-31T16:16:31Z","timestamp":1693498591000},"page":"20-30","source":"Crossref","is-referenced-by-count":0,"title":["Dise\u00f1o curricular innovador desde el aprendizaje aut\u00f3nomo, trabajo colaborativo y las tecnolog\u00edas del aprendizaje y el conocimiento-TAC"],"prefix":"10.22490","volume":"1","author":[{"given":"Yesid Fabi\u00e1n","family":"\u00c1lvarez Galezo","sequence":"first","affiliation":[],"role":[{"role":"author","vocabulary":"crossref"}]}],"member":"9784","published-online":{"date-parts":[[2021,10,28]]},"container-title":["EducAcci\u00f3n Sentipensante"],"link":[{"URL":"https:\/\/hemeroteca.unad.edu.co\/index.php\/educ_sentipensante\/article\/download\/5425\/5212","content-type":"application\/pdf","content-version":"vor","intended-application":"text-mining"},{"URL":"https:\/\/hemeroteca.unad.edu.co\/index.php\/educ_sentipensante\/article\/download\/5425\/5212","content-type":"unspecified","content-version":"vor","intended-application":"similarity-checking"}],"deposited":{"date-parts":[[2023,8,31]],"date-time":"2023-08-31T16:16:32Z","timestamp":1693498592000},"score":0.0,"resource":{"primary":{"URL":"https:\/\/hemeroteca.unad.edu.co\/index.php\/educ_sentipensante\/article\/view\/5425"}},"issued":{"date-parts":[[2021,10,28]]},"references-count":0,"journal-issue":{"issue":"1","published-online":{"date-parts":[[2021,10,28]]}},"URL":"https:\/\/doi.org\/10.22490\/28057597.5425","ISSN":["2805-7597"],"issn-type":[{"value":"2805-7597","type":"electronic"}],"published":{"date-parts":[[2021,10,28]]}},{"indexed":{"date-parts":[[2022,4,1]],"date-time":"2022-04-01T10:25:31Z","timestamp":1648808731651},"reference-count":5,"publisher":"Universidad Nacional Abierta y a Distancia","issue":"1","content-domain":{"domain":[],"crossmark-restriction":false},"short-container-title":["Memorias"],"abstract":"<jats:p>The biofuels industry has grown and has positioned itself in Colombia for national purposes, these come from biomass sources such as agricultural crops. Bioethanol is the most used in Colombia and is obtained from sugarcane. One of the main concerns of the sector and society, is the high water consumption associated with agricultural crops (9,000 m3 \/ ha-year), there are currently 232,000 hectares of sugarcane for the production of sugar and bioethanol. Given the aforementioned, the need arises to carry out a\u00a0planning of industrial increase of the sector taking into account as a main base the demand and availability of water resources for different activities in the Cauca river basin and the demand for sugarcane crops. In this document it is presented a mathematical model and the evaluation of different scenarios of the estimation of the trend of water consumption in the bioethanol production process in Colombia and in this way to establish scenarios of high risk of water shortage both for the population, interested parties and cane cultivation.<\/jats:p>","DOI":"10.22490\/25904779.3055","type":"journal-article","created":{"date-parts":[[2019,4,11]],"date-time":"2019-04-11T15:30:38Z","timestamp":1554996638000},"page":"30-35","source":"Crossref","is-referenced-by-count":0,"title":["Water resources planning in bioethanol production from sugarcane"],"prefix":"10.22490","author":[{"given":"Danny Ibarra Vega","family":"Danny Ibarra Vega","sequence":"first","affiliation":[],"role":[{"role":"author","vocabulary":"crossref"}]},{"given":"Carlos","family":"Pe\u00f1a Rinc\u00f3n","sequence":"additional","affiliation":[],"role":[{"role":"author","vocabulary":"crossref"}]},{"given":"Johnny","family":"Valencia Calvo","sequence":"additional","affiliation":[],"role":[{"role":"author","vocabulary":"crossref"}]},{"given":"Johan Manuel","family":"Redondo","sequence":"additional","affiliation":[],"role":[{"role":"author","vocabulary":"crossref"}]},{"given":"Gerard","family":"Olivar Tost","sequence":"additional","affiliation":[],"role":[{"role":"author","vocabulary":"crossref"}]}],"member":"9784","published-online":{"date-parts":[[2018,11,2]]},"reference":[{"key":"ref0","unstructured":"Cenica-a. (2010). Ahorro de agua y vol\u00famenes aplicados con el uso de tecnolog\u00edas de riego. Florida, Colombia"},{"key":"ref1","unstructured":"Consorcio CUE, (2012). Capitulo II: Estudio ACV - Impacto Ambiental. In: Consorcio CUE, Evaluaci\u00f3n del ciclo de vida de la cadena de producci\u00f3n de biocombustibles en Colombia. Banco Interamericano de Desarrollo, Ministerio de Minas y Energ\u00eda, Medell\u00edn."},{"key":"ref2","unstructured":"FAO (2014) Pilot testing of GBEP sustainability indicators for bioenergy in Colombia. GBEP. E-ISBN 978-92-5-108568-4 (PDF)"},{"key":"ref3","unstructured":"Ibarra, D. (2017) Modelado para la evaluaci\u00f3n de Sostenibilidad en la Cadena de Suministro de Bioetanol. Tesis de Doctorado en Ingenier\u00eda-Autom\u00e1tica. Departamento de Ingenier\u00eda El\u00e9ctrica, Electr\u00f3nica y Computaci\u00f3n. Manizales, Colombia."},{"key":"ref4","unstructured":"Ibarra, D., Redondo, J., Olivar, G. (2017) Tendencias del consumo de agua en la producci\u00f3n de Bioetanol. Revistas ambiente y desarrollo Vol 41, Universidad Javeriana."}],"container-title":["Memorias"],"link":[{"URL":"http:\/\/hemeroteca.unad.edu.co\/index.php\/memorias\/article\/viewFile\/3055\/3100","content-type":"application\/pdf","content-version":"vor","intended-application":"text-mining"},{"URL":"http:\/\/hemeroteca.unad.edu.co\/index.php\/memorias\/article\/viewFile\/3055\/3100","content-type":"unspecified","content-version":"vor","intended-application":"similarity-checking"}],"deposited":{"date-parts":[[2019,4,16]],"date-time":"2019-04-16T14:42:14Z","timestamp":1555425734000},"score":0.0,"resource":{"primary":{"URL":"http:\/\/hemeroteca.unad.edu.co\/index.php\/memorias\/article\/view\/3055"}},"issued":{"date-parts":[[2018,11,2]]},"references-count":5,"journal-issue":{"issue":"1","published-online":{"date-parts":[[2018,11,2]]}},"URL":"https:\/\/doi.org\/10.22490\/25904779.3055","ISSN":["2590-4779"],"issn-type":[{"value":"2590-4779","type":"print"}],"published":{"date-parts":[[2018,11,2]]}},{"indexed":{"date-parts":[[2022,3,31]],"date-time":"2022-03-31T21:00:45Z","timestamp":1648760445533},"reference-count":0,"publisher":"Universidad Nacional Abierta y a Distancia","issue":"1","license":[{"start":{"date-parts":[[2018,4,18]],"date-time":"2018-04-18T00:00:00Z","timestamp":1524009600000},"content-version":"unspecified","delay-in-days":0,"URL":"https:\/\/creativecommons.org\/licenses\/by-nc-sa\/4.0"}],"content-domain":{"domain":[],"crossmark-restriction":false},"short-container-title":["Agricolae. Habitat"],"abstract":"<jats:p>Propendiendo por el fomento de la producci\u00f3n agropecuaria con criterio sustentable y sostenible y dentro del marco ecol\u00f3gico se seleccionaron cuatro especies vegetales propias de las regiones del tr\u00f3pico alto de la cordillera oriental colombiana, Se analizaron diferentes factores nutricionales y antinutricionales, as\u00ed como el \u00edndice de digestibilidad in vitro. Se determin\u00f3 el an\u00e1lisis qu\u00edmico proximal (AQP) de materia seca (MS) materia org\u00e1nica (MO), materia inorg\u00e1nica (cenizas, CZ) y prote\u00edna cruda (PC). Mediante las variables fraccionales de Van Soest se analizaron los porcentajes de prote\u00edna verdadera (PV), fibra detergente neutra (FDN) y fibra detergente \u00e0cida (FDA); por el m\u00e9todo in vitro de Tilley y Terry se determin\u00f3 el porcentaje de digestibilidad de la prote\u00edna, y se determinaron polifenoles totales (PFT), y cuantitativa y cualitativamente otros factores antinutricionales (FAN). Los rangos dentro de los cuales se determinaron los porcentajes de las variables son: MS 35,86 \u2013 39,12; MO 92,33 \u2013 98,24; CZ 1,76 \u2013 7,67; PC 15,88 \u2013 25,58; PV 15,62 \u201325,19; FDN 31,51 \u2013 63,16; FDA 21,8 \u2013 40,95; Digestibilidad 28,51 \u2013 43,75; PFT 3,56 \u2013 21,16; taninos hidrosolubles (TH) 1,61 \u2013 6,81; igualmente desde el punto de vista cualitativo presentaron de poco a moderado contenido de saponinas, presencia moderada a alto contenido de terpenos saturados, presentaron fenoles catecoles, algunos esteroides y poca presencia de alcaloides. El modelo estad\u00edstico experimental que se aplic\u00f3 fue completamente al azar, el cual se define como: un procedimiento f\u00edsico experimental, aplicando medios que aseguran que cada tratamiento tiene una probabilidad igual de ser puesto a prueba sobre cualquier grupo particular de unidades experimentales (Fisher, 1935). Los datos obtenidos en el trabajo de laboratorio fueron analizados usando el programa para Windows SPSS 15.0; con dos factores, (a) zonas (fototr\u00f3pica, media y geotr\u00f3pica); (b) corresponde a cuatro especies. Modelo para el factor a * b con tres r\u00e9plicas totalmente al azar para cada zona.<\/jats:p>","DOI":"10.22490\/26653176.2342","type":"journal-article","created":{"date-parts":[[2020,10,5]],"date-time":"2020-10-05T16:49:08Z","timestamp":1601916548000},"source":"Crossref","is-referenced-by-count":0,"title":["Evaluaci\u00f3n de los factores nutricionales y antinutricionales de cuatro especies vegetales que pueden tener potencial forrajero"],"prefix":"10.22490","volume":"1","author":[{"given":"M A","family":"Fonseca","sequence":"first","affiliation":[],"role":[{"role":"author","vocabulary":"crossref"}]},{"given":"L","family":"Barreto","sequence":"additional","affiliation":[],"role":[{"role":"author","vocabulary":"crossref"}]},{"given":"J","family":"Granados","sequence":"additional","affiliation":[],"role":[{"role":"author","vocabulary":"crossref"}]}],"member":"9784","published-online":{"date-parts":[[2018,4,18]]},"container-title":["Agricolae &amp; Habitat"],"link":[{"URL":"https:\/\/hemeroteca.unad.edu.co\/index.php\/agricolae\/article\/download\/2342\/2448","content-type":"application\/pdf","content-version":"vor","intended-application":"text-mining"},{"URL":"https:\/\/hemeroteca.unad.edu.co\/index.php\/agricolae\/article\/download\/2342\/2448","content-type":"unspecified","content-version":"vor","intended-application":"similarity-checking"}],"deposited":{"date-parts":[[2020,10,5]],"date-time":"2020-10-05T16:49:10Z","timestamp":1601916550000},"score":0.0,"resource":{"primary":{"URL":"https:\/\/hemeroteca.unad.edu.co\/index.php\/agricolae\/article\/view\/2342"}},"issued":{"date-parts":[[2018,4,18]]},"references-count":0,"journal-issue":{"issue":"1","published-online":{"date-parts":[[2018,5,24]]}},"URL":"https:\/\/doi.org\/10.22490\/26653176.2342","ISSN":["2665-3176"],"issn-type":[{"value":"2665-3176","type":"electronic"}],"published":{"date-parts":[[2018,4,18]]}},{"indexed":{"date-parts":[[2022,11,25]],"date-time":"2022-11-25T06:12:09Z","timestamp":1669356729874},"reference-count":0,"publisher":"Universidad Nacional Abierta y a Distancia","isbn-type":[{"value":"9789586517072","type":"print"}],"content-domain":{"domain":[],"crossmark-restriction":false},"abstract":"<jats:p>El presente cap\u00edtulo presenta el an\u00e1lisis y la reflexi\u00f3n generados para la identificaci\u00f3n de necesidades y la recuperaci\u00f3n del sentido del espacio acad\u00e9mico \u201cJueves de Psicolog\u00eda\u201d con el prop\u00f3sito de generar nuevas propuestas tem\u00e1ticas y metodol\u00f3gicas. Se parte de la recuperaci\u00f3n de la memoria como metodolog\u00eda para la generaci\u00f3n del sentido que la experiencia pedag\u00f3gica ha tenido dado que convoca a los estudiantes del  programa  de  Psicolog\u00eda  en  espacios  de  formaci\u00f3n  extracurricular  de tipo sincr\u00f3nico-asincr\u00f3nico desde mediaciones virtuales y presenciales. El \u201cJueves de Psicolog\u00eda\u201d aporta a la comunidad educativa de la UNAD  la  posibilidad  de  repensar  y  valorar  la  generaci\u00f3n  de  espacios  para  la  construcci\u00f3n  de  di\u00e1logos  sobre  tem\u00e1ticas  emergentes  en  la  psicolog\u00eda. En conclusi\u00f3n, la sistematizaci\u00f3n de la experiencia permiti\u00f3 encontrar su sentido acad\u00e9mico, institucional y humano.<\/jats:p>","DOI":"10.22490\/9789586517072.04","type":"book-chapter","created":{"date-parts":[[2022,11,24]],"date-time":"2022-11-24T19:24:35Z","timestamp":1669317875000},"page":"63-91","source":"Crossref","is-referenced-by-count":0,"title":["Sistematizaci\u00f3n de la experiencia pedag\u00f3gica \"jueves de psicolog\u00eda\" en la Universidad Nacional Abierta y a Distancia-UNAD"],"prefix":"10.22490","author":[{"given":"Melissa Judith","family":"Ortiz Barrero","sequence":"first","affiliation":[],"role":[{"role":"author","vocabulary":"crossref"}]},{"given":"Francy Paulina","family":"Rodr\u00edguez Rojas","sequence":"additional","affiliation":[],"role":[{"role":"author","vocabulary":"crossref"}]}],"member":"9784","published-online":{"date-parts":[[2019,12,19]]},"container-title":["Debates emergentes en Psicolog\u00eda vol. 2"],"deposited":{"date-parts":[[2022,11,24]],"date-time":"2022-11-24T19:24:40Z","timestamp":1669317880000},"score":0.0,"resource":{"primary":{"URL":"https:\/\/libros.unad.edu.co\/index.php\/selloeditorial\/catalog\/view\/69\/74\/874"}},"issued":{"date-parts":[[2019,12,19]]},"ISBN":["9789586517072"],"references-count":0,"URL":"https:\/\/doi.org\/10.22490\/9789586517072.04","published":{"date-parts":[[2019,12,19]]}},{"indexed":{"date-parts":[[2026,5,29]],"date-time":"2026-05-29T20:01:42Z","timestamp":1780084902156,"version":"3.54.0"},"reference-count":0,"publisher":"Sello Editorial UNAD","isbn-type":[{"value":"9786287857070","type":"electronic"}],"content-domain":{"domain":[],"crossmark-restriction":false},"published-print":{"date-parts":[[2025]]},"abstract":"<jats:p\/>","DOI":"10.22490\/unad.9786287857070.10","type":"book-chapter","created":{"date-parts":[[2025,11,13]],"date-time":"2025-11-13T22:35:08Z","timestamp":1763073308000},"page":"326-351","source":"Crossref","is-referenced-by-count":0,"title":["Cap\u00edtulo 10 | Riesgos legales y conducta estatal responsable"],"prefix":"10.22490","author":[{"given":"Andr\u00e9s Felipe","family":"Duque Pedroza","sequence":"additional","affiliation":[],"role":[{"vocabulary":"crossref","role":"author"}]}],"member":"9784","container-title":["Compliance p\u00fablico"],"deposited":{"date-parts":[[2026,5,29]],"date-time":"2026-05-29T19:20:50Z","timestamp":1780082450000},"score":0.0,"resource":{"primary":{"URL":"https:\/\/libros.unad.edu.co\/index.php\/selloeditorial\/catalog\/view\/329\/355\/7633"}},"issued":{"date-parts":[[2025]]},"ISBN":["9786287857070"],"references-count":0,"URL":"https:\/\/doi.org\/10.22490\/unad.9786287857070.10","published":{"date-parts":[[2025]]}},{"indexed":{"date-parts":[[2026,6,16]],"date-time":"2026-06-16T21:55:56Z","timestamp":1781646956359,"version":"3.54.5"},"reference-count":0,"publisher":"Sello Editorial UNAD","isbn-type":[{"value":"9786287786448","type":"electronic"}],"license":[{"start":{"date-parts":[[2025,1,1]],"date-time":"2025-01-01T00:00:00Z","timestamp":1735689600000},"content-version":"vor","delay-in-days":0,"URL":"https:\/\/creativecommons.org\/licenses\/by-nc-nd\/4.0\/"}],"content-domain":{"domain":[],"crossmark-restriction":false},"published-print":{"date-parts":[[2025]]},"abstract":"<jats:p\/>","DOI":"10.22490\/unad.9786287786448.13","type":"book-chapter","created":{"date-parts":[[2025,11,13]],"date-time":"2025-11-13T22:00:11Z","timestamp":1763071211000},"page":"228-242","source":"Crossref","is-referenced-by-count":0,"title":["Cap\u00edtulo 13 | Hablarte: un medio para fortalecer las expresiones art\u00edsticas de las ni\u00f1as y los ni\u00f1os del grado jard\u00edn de la IED Pablo de Tarso, en la localidad de Bosa, Bogot\u00e1"],"prefix":"10.22490","author":[{"given":"Carolina","family":"Garz\u00f3n Guzm\u00e1n","sequence":"additional","affiliation":[],"role":[{"vocabulary":"crossref","role":"author"}]}],"member":"9784","container-title":["Formaci\u00f3n de maestros en la acci\u00f3n territorial"],"deposited":{"date-parts":[[2026,6,16]],"date-time":"2026-06-16T21:20:00Z","timestamp":1781644800000},"score":0.0,"resource":{"primary":{"URL":"https:\/\/libros.unad.edu.co\/index.php\/selloeditorial\/catalog\/view\/332\/306\/7598"}},"issued":{"date-parts":[[2025]]},"ISBN":["9786287786448"],"references-count":0,"URL":"https:\/\/doi.org\/10.22490\/unad.9786287786448.13","published":{"date-parts":[[2025]]}},{"indexed":{"date-parts":[[2026,5,19]],"date-time":"2026-05-19T20:32:22Z","timestamp":1779222742623,"version":"3.51.4"},"reference-count":0,"publisher":"Universidad Nacional Abierta y a Distancia","issue":"41","license":[{"start":{"date-parts":[[2023,12,16]],"date-time":"2023-12-16T00:00:00Z","timestamp":1702684800000},"content-version":"unspecified","delay-in-days":0,"URL":"https:\/\/creativecommons.org\/licenses\/by-nc-nd\/4.0"}],"content-domain":{"domain":[],"crossmark-restriction":false},"short-container-title":["NOVA"],"abstract":"<jats:p>Background. Every year, approximately 500,000 children in the world are born withcongenital abnormalities of the urinary system and kidneys. Therefore, pediatricians andurologists must understand the normal processes that lead to male sexual differentiation.Objective. The aim of this study was to describe in detail the process that occurs duringmasculinization of the fetus, which leads to the formation of male structures under normalconditions. Methods. Fifty-four fetuses with gestation periods between four and 18 weekswere collected, which were considered normal, did not have any signs of external anatomicabnormalities or any alteration in their development, and were a product of spontaneousabortions and tubal pregnancies. The urogenital sinus region was collected and preparedfor scanning electron microscopy and high-resolution optical microscopy to observe thecellular characteristics of the urogenital fold during external development in male embryos.\nResults. This work shows the formation of the glans and spongy urethra in a detailed man-ner from the eighth week of embryonic development, carefully describing the role of the\nlabioscrotal folds and the fusion of the walls of the urogenital fold during the subsequent\nstages of development to form the proximal part of the urinary tract. Conclusion. The for-mation of the penile urethra from the urethral fold and its posterior fusion have a probable\nrole of ectodermal cells, in addition to the endodermal origin established previously.<\/jats:p>","DOI":"10.22490\/24629448.7540","type":"journal-article","created":{"date-parts":[[2024,5,30]],"date-time":"2024-05-30T01:16:59Z","timestamp":1717031819000},"source":"Crossref","is-referenced-by-count":1,"title":["Morphogenesis of penis and spongy urethraduring human gestation","Morphogenesis of penis and spongy urethra during human gestation"],"prefix":"10.22490","volume":"21","author":[{"given":"Alba Roc\u00edo","family":"Valencia","sequence":"first","affiliation":[],"role":[{"role":"author","vocabulary":"crossref"}]},{"ORCID":"https:\/\/orcid.org\/0000-0001-5168-3102","authenticated-orcid":false,"given":"Manuel","family":"Garc\u00eda Florez","sequence":"additional","affiliation":[],"role":[{"role":"author","vocabulary":"crossref"}]}],"member":"9784","published-online":{"date-parts":[[2023,12,16]]},"container-title":["Revista Nova publicaci\u00f3n cient\u00edfica en ciencias biom\u00e9dicas"],"link":[{"URL":"https:\/\/hemeroteca.unad.edu.co\/index.php\/nova\/article\/download\/7540\/6514","content-type":"application\/pdf","content-version":"vor","intended-application":"text-mining"},{"URL":"https:\/\/hemeroteca.unad.edu.co\/index.php\/nova\/article\/download\/7540\/6514","content-type":"unspecified","content-version":"vor","intended-application":"similarity-checking"}],"deposited":{"date-parts":[[2025,6,8]],"date-time":"2025-06-08T17:57:08Z","timestamp":1749405428000},"score":0.0,"resource":{"primary":{"URL":"https:\/\/hemeroteca.unad.edu.co\/index.php\/nova\/article\/view\/7540"}},"issued":{"date-parts":[[2023,12,16]]},"references-count":0,"journal-issue":{"issue":"41","published-online":{"date-parts":[[2023,12,16]]}},"URL":"https:\/\/doi.org\/10.22490\/24629448.7540","ISSN":["2462-9448","1794-2470"],"issn-type":[{"value":"2462-9448","type":"electronic"},{"value":"1794-2470","type":"print"}],"published":{"date-parts":[[2023,12,16]]}},{"indexed":{"date-parts":[[2026,6,12]],"date-time":"2026-06-12T17:58:24Z","timestamp":1781287104590,"version":"3.54.1"},"reference-count":0,"publisher":"Sello Editorial UNAD","isbn-type":[{"value":"9789586519717","type":"electronic"}],"license":[{"start":{"date-parts":[[2024,1,1]],"date-time":"2024-01-01T00:00:00Z","timestamp":1704067200000},"content-version":"vor","delay-in-days":0,"URL":"https:\/\/creativecommons.org\/licenses\/by-nc-nd\/4.0\/"}],"content-domain":{"domain":[],"crossmark-restriction":false},"published-print":{"date-parts":[[2024]]},"abstract":"<jats:p>El sector metalmec\u00e1nico, vital para Colombia y especialmente para el departamento de Boyac\u00e1, se convierte en el epicentro de una narrativa rica en historia y progreso en el libro Hacia la transformaci\u00f3n digital: an\u00e1lisis del sector metalmec\u00e1nico en Boyac\u00e1-Colombia, forja de una identidad industrial a lo largo de d\u00e9cadas. Diversas organizaciones del sector industrial, acad\u00e9mico e institucional han labrado el camino hacia el desarrollo industrial, y este libro nos sumerge en las sinergias que han dado forma a este camino. El contenido se desenvuelve en un contexto donde la metalmec\u00e1nica se erige como un pilar fundamental para el crecimiento de Boyac\u00e1 y, por ende, del pa\u00eds. Desde las ra\u00edces hist\u00f3ricas hasta las influencias culturales, la obra presenta el devenir del sector metalmec\u00e1nico en un entorno en constante evoluci\u00f3n y donde se evidencia la necesidad imperativa de la transformaci\u00f3n digital.En el libro se destacan los antecedentes y la caracterizaci\u00f3n del sector, as\u00ed como informes t\u00e9cnicos sobre las tecnolog\u00edas de informaci\u00f3n y la comunicaci\u00f3n de organizaciones que forman parte de la ruta de investigaci\u00f3n, la resiliencia empresarial y la contribuci\u00f3n del sector a la identidad regional en cuanto al grado tecnol\u00f3gico de una organizaci\u00f3n. Los desaf\u00edos y triunfos tejidos en la narrativa ofrecen una visi\u00f3n hol\u00edstica de un sector en constante transformaci\u00f3n.Los protagonistas, en su mayor\u00eda l\u00edderes y visionarios del sector metalmec\u00e1nico, est\u00e1n h\u00e1bilmente caracterizados. Su evoluci\u00f3n y resistencia a lo largo del proceso refleja los altibajos de la industria, conectando de forma real con los empresarios que tambi\u00e9n est\u00e9n pasando si tuaciones similares, podr\u00edan servir para incentivar la perdurabilidad de la epresa, sin importar el tama\u00f1o. La obra destaca por su originalidad, pues aborda la historia industrial desde una perspectiva local y regional.Se recomienda este libro a lectores interesados en la situaci\u00f3n actual de industria del sector metalmec\u00e1nico, as\u00ed como a aquellos que buscan una narrativa regional que celebra la contribuci\u00f3n de un sector vital para el progreso econ\u00f3mico\u00a0<\/jats:p>","DOI":"10.22490\/unad.9789586519717","type":"monograph","created":{"date-parts":[[2024,12,16]],"date-time":"2024-12-16T09:45:06Z","timestamp":1734342306000},"source":"Crossref","is-referenced-by-count":0,"title":["Hacia la transformaci\u00f3n digital"],"prefix":"10.22490","author":[{"given":"Ana Mercedes","family":"Fraile Ben\u00edtez","sequence":"first","affiliation":[{"name":"Universidad de Boyac\u00e1"}],"role":[{"vocabulary":"crossref","role":"author"}]},{"given":"Claudia Patricia","family":"Ochoa Arenas","sequence":"additional","affiliation":[{"name":"Comisiones Regionales de Competitividad e Innovaci\u00f3n"}],"role":[{"vocabulary":"crossref","role":"author"}]},{"given":"Nidia Stella","family":"Rinc\u00f3n Parra","sequence":"additional","affiliation":[],"role":[{"vocabulary":"crossref","role":"author"}]},{"given":"Sonia Patricia","family":"Garz\u00f3n Mart\u00ednez","sequence":"additional","affiliation":[],"role":[{"vocabulary":"crossref","role":"author"}]},{"given":"Willington Alexander","family":"Mendoza Uma\u00f1a","sequence":"additional","affiliation":[],"role":[{"vocabulary":"crossref","role":"author"}]}],"member":"9784","published-online":{"date-parts":[[2024]]},"link":[{"URL":"https:\/\/simeh.co\/resources\/ithenticate\/view\/a8111493ea1455b770c644b98d0f09e5","content-type":"unspecified","content-version":"vor","intended-application":"similarity-checking"}],"deposited":{"date-parts":[[2026,6,12]],"date-time":"2026-06-12T17:29:37Z","timestamp":1781285377000},"score":0.0,"resource":{"primary":{"URL":"https:\/\/libros.unad.edu.co\/index.php\/selloeditorial\/catalog\/book\/239"}},"issued":{"date-parts":[[2024]]},"ISBN":["9789586519717"],"references-count":0,"URL":"https:\/\/doi.org\/10.22490\/unad.9789586519717","published":{"date-parts":[[2024]]}},{"indexed":{"date-parts":[[2026,7,3]],"date-time":"2026-07-03T18:54:00Z","timestamp":1783104840105,"version":"3.54.6"},"reference-count":0,"publisher":"Universidad Nacional Abierta y a Distancia","issue":"1","license":[{"start":{"date-parts":[[2021,12,21]],"date-time":"2021-12-21T00:00:00Z","timestamp":1640044800000},"content-version":"unspecified","delay-in-days":0,"URL":"http:\/\/creativecommons.org\/licenses\/by-nc-sa\/4.0"}],"content-domain":{"domain":[],"crossmark-restriction":false},"short-container-title":["rev.investig.agrar.ambient."],"abstract":"<jats:p>Contextualizaci\u00f3n: El cambio clim\u00e1tico y las actividades antr\u00f3picas sobre los recursos naturales se constituyen como los principales causantes de la p\u00e9rdida de biodiversidad y la redistribuci\u00f3n de las especies.\u00a0\nVac\u00edo de conocimiento: Sin embargo, los efectos a nivel de comunidades y ecosistemas, as\u00ed como los impactos en cultivos agr\u00edcolas en escala regional, son poco estudiados.\u00a0 Los modelos de distribuci\u00f3n de especies se han convertido, por lo tanto, en valiosas herramientas para la predicci\u00f3n de \u00e1reas potencialmente aptas para especies cultivables, su gesti\u00f3n y planificaci\u00f3n.\nProp\u00f3sito: Este estudio consisti\u00f3 en la predicci\u00f3n de potenciales \u00e1reas cultivables de maracuy\u00e1 (Passiflora edulis var. flavicarpa Degener), granadilla (Passiflora ligularis Juss), y cholupa (Passiflora maliformis L.) en una regi\u00f3n tropical, a trav\u00e9s del modelo MaxEnt, en escenarios de cambio clim\u00e1tico.\u00a0\nMetodolog\u00eda:\u00a0 Se utilizaron como datos de entrada (para el modelo MaxEnt) registros de presencia de las especies analizadas, obtenidos a partir de sus coordenadas geogr\u00e1ficas. En total, fueron usados 141 registros de presencia de maracuy\u00e1, 256 registros de granadilla y 40 registros de cholupa, as\u00ed como 12 variables bioclim\u00e1ticas para las proyecciones actuales y futuras en los periodos 2050 y 2070, considerando as\u00ed dos escenarios RCPs (Representative Concentration Pathways) del Coupled Model Intercomparison Project (CMIP5) (RCP 4.5 y RCP 8.5).\nResultados y conclusiones: Los resultados revelan que las potenciales \u00e1reas cultivables para las especies analizadas podr\u00edan pronosticarse a trav\u00e9s de MaxEnt utilizando registros de presencia en campo y variables bioclim\u00e1ticas. As\u00ed mismo, las simulaciones indicaron que las \u00e1reas de ocurrencia potencial para las especies analizadas podr\u00edan disminuir en el futuro dependiendo de los escenarios clim\u00e1ticos (RCP 4.5 y RCP 8.5) para los periodos 2050 y 2070. Para los cultivos de maracuy\u00e1, granadilla y cholupa, las mayores reducciones en las \u00e1reas de ocurrencia potencial corresponden al 23 %, 25 % y 31 % respectivamente, y se presentar\u00edan en el per\u00edodo 2070 en un escenario pesimista (RCP 8.5). Este es el primer estudio que pronostica las potenciales \u00e1reas cultivables de pasifloras utilizando el modelo Maxent y escenarios de cambio clim\u00e1tico en escala regional en una regi\u00f3n tropical. El abordaje propuesto puede proveer importantes herramientas para la gesti\u00f3n y aprovechamiento sostenible de las especies estudiadas.<\/jats:p>","DOI":"10.22490\/21456453.4637","type":"journal-article","created":{"date-parts":[[2022,1,7]],"date-time":"2022-01-07T19:15:35Z","timestamp":1641582935000},"page":"109-129","source":"Crossref","is-referenced-by-count":3,"title":["Potenciales \u00e1reas cultivables de pasifloras en una regi\u00f3n tropical considerando escenarios de cambio clim\u00e1tico"],"prefix":"10.22490","volume":"13","author":[{"ORCID":"https:\/\/orcid.org\/0000-0003-2056-7234","authenticated-orcid":false,"given":"Andr\u00e9s Mauricio","family":"Munar Sambon\u00ed","sequence":"first","affiliation":[],"role":[{"vocabulary":"crossref","role":"author"}]},{"ORCID":"https:\/\/orcid.org\/0000-0002-7161-8284","authenticated-orcid":false,"given":"Adalberto","family":"Rodr\u00edguez Carlosama","sequence":"additional","affiliation":[],"role":[{"vocabulary":"crossref","role":"author"}]},{"given":"Jorge Luis","family":"Mu\u00f1oz Espa\u00f1a","sequence":"additional","affiliation":[],"role":[{"vocabulary":"crossref","role":"author"}]}],"member":"9784","published-online":{"date-parts":[[2021,12,21]]},"container-title":["Revista de Investigaci\u00f3n Agraria y Ambiental"],"link":[{"URL":"https:\/\/hemeroteca.unad.edu.co\/index.php\/riaa\/article\/download\/4637\/5262","content-type":"application\/pdf","content-version":"vor","intended-application":"text-mining"},{"URL":"https:\/\/hemeroteca.unad.edu.co\/index.php\/riaa\/article\/download\/4637\/5262","content-type":"unspecified","content-version":"vor","intended-application":"similarity-checking"}],"deposited":{"date-parts":[[2022,1,7]],"date-time":"2022-01-07T19:15:38Z","timestamp":1641582938000},"score":0.0,"resource":{"primary":{"URL":"https:\/\/hemeroteca.unad.edu.co\/index.php\/riaa\/article\/view\/4637"}},"issued":{"date-parts":[[2021,12,21]]},"references-count":0,"journal-issue":{"issue":"1","published-online":{"date-parts":[[2021,12,21]]}},"URL":"https:\/\/doi.org\/10.22490\/21456453.4637","ISSN":["2145-6453","2145-6097"],"issn-type":[{"value":"2145-6453","type":"electronic"},{"value":"2145-6097","type":"print"}],"published":{"date-parts":[[2021,12,21]]}},{"indexed":{"date-parts":[[2026,7,23]],"date-time":"2026-07-23T01:59:09Z","timestamp":1784771949248,"version":"3.55.0"},"reference-count":52,"publisher":"Universidad Nacional Abierta y a Distancia","issue":"8","license":[{"start":{"date-parts":[[2022,7,28]],"date-time":"2022-07-28T00:00:00Z","timestamp":1658966400000},"content-version":"unspecified","delay-in-days":0,"URL":"https:\/\/creativecommons.org\/licenses\/by-nc-sa\/4.0"}],"content-domain":{"domain":[],"crossmark-restriction":false},"short-container-title":["anal. jur\u00edd. - pol\u00edtico"],"abstract":"<jats:p>Environmental conflicts are one of the most important issues in the process of peacemaking and peacebuilding in Colombia. Our log lasting war as well as peace and environment are inevitably related in complex dynamics. This article shows how important is to understand environmental conflicts in the line of peacebuilding in Colombia. First, this text exposes one review of analytic perspectives about war, violence and conflict in Colombia in order to show how the environmental dimension was barely approached tangentially. Then, it exposes the origin of studies in environmental conflicts and how this line of research is able to understand relationships between these ones and war. Current historical challenge of peace building, because Agreement of La Habana, has defeated one necessary trend to study environmental conflicts since political, economic, historical and ethic fields. No peace is possible in territories where disputes about conservation, sustainability and environmental and natural goods are in the middle of capitalistic and violent interests.<\/jats:p>","DOI":"10.22490\/26655489.5844","type":"journal-article","created":{"date-parts":[[2022,8,3]],"date-time":"2022-08-03T19:30:47Z","timestamp":1659555047000},"page":"251-274","source":"Crossref","is-referenced-by-count":3,"title":["Los conflictos ambientales en Colombia","Environmental conflicts in Colombia: a necessary approach from a peace approach"],"prefix":"10.22490","volume":"4","author":[{"given":"Jairo Miguel","family":"Mart\u00ednez Abello","sequence":"first","affiliation":[],"role":[{"vocabulary":"crossref","role":"author"}]}],"member":"9784","published-online":{"date-parts":[[2022,7,28]]},"reference":[{"key":"101757","unstructured":"Agyeman, J. (2005). Environmental justice and sustainable communities. University Press."},{"key":"101758","doi-asserted-by":"crossref","unstructured":"Arriaga, A. y Pardo, M. (2009). Justicia Ambiental: el estado de la cuesti\u00f3n. Revista Internacional de Sociolog\u00eda, 69(3), 627-648. https:\/\/doi.org\/10.3989\/ris.2009.12.210","DOI":"10.3989\/ris.2009.12.210"},{"key":"101759","unstructured":"Bejarano, J. A. (1997). Colombia: inseguridad, violencia y desempe\u00f1o econ\u00f3mico. Fonade y Universidad Externado de Colombia."},{"key":"101760","doi-asserted-by":"crossref","unstructured":"Bonilla, L. (2009). Revisi\u00f3n de la literatura econ\u00f3mica reciente sobre las causas de la violencia homicida en Colombia. Documentos de trabajo sobre econom\u00eda regional.","DOI":"10.32468\/dtseru.114"},{"key":"101761","doi-asserted-by":"crossref","unstructured":"Bullard, R. D. (1999). Dismantling Environmental Racism in the USA. Local Environment, 4, 5-19. https:\/\/doi.org\/10.1080\/13549839908725577","DOI":"10.1080\/13549839908725577"},{"key":"101762","unstructured":"C\u00e1rdenas, M. y Rodr\u00edguez Becerra, M. (2004). Guerra, sociedad y medioambiente. Foro Nacional Ambiental."},{"key":"101763","unstructured":"Chernick, M. (2008). Acuerdo posible: soluci\u00f3n negociada al conflicto armado colombiano. Ediciones Aurora."},{"key":"101764","unstructured":"Contralor\u00eda General de la Rep\u00fablica. (2014). Miner\u00eda en Colombia: Control p\u00fablico, memoria y justica socio-ecol\u00f3gica, movimientos sociales y posconflcito. https:\/\/bit.ly\/3yOPKRP"},{"key":"101765","unstructured":"Cort\u00e9s Ortiz, B. T. (2010). Descripci\u00f3n Socioambiental del Suelo en el Valle Geogr\u00e1fico del R\u00edo Cauca. El Caso de la Agroindustria Azucarera. Revista Luna Azul, 31, 41-57. https:\/\/bit.ly\/3o8CzGc"},{"key":"101766","unstructured":"De Souza Santos, B. (2010). Descolonizar el saber. Ediciones Trilce. https:\/\/bit.ly\/3oaKxii"},{"key":"101767","unstructured":"Deas, M. y Gait\u00e1n, F. (1995). Dos ensayos especulativos sobre la violencia en Colombia. Fonade y Departamento Nacional Planeaci\u00f3n."},{"key":"101768","unstructured":"Fajardo, D. (1977). La violencia y las estructuras agrarias en tres municipios cafeteros del Tolima, 1936-1970. En F. Leal-Buitrago (ed.), El agro en el desarrollo hist\u00f3rico colombiano: Ensayos de econom\u00eda pol\u00edtica. Punta de Lanza."},{"key":"101769","unstructured":"Ferro, J. (2012). La pol\u00edtica minera en Colombia: la articulaci\u00f3n y potenciaci\u00f3n de conflictos alrededor de intereses privados. En C. Toro, J. Ferro, S. Coronado y T. Roa (eds), Miner\u00eda, territorio y conflicto en Colombia (pp. 179-214). Unijus \u2013 Universidad Nacional de Colombia."},{"key":"101770","unstructured":"Gilhodes, P. (1974). Politique et violence: la question agraire en Colombie. Armand Collin."},{"key":"101771","unstructured":"Gonz\u00e1lez, F., Bol\u00edvar, I. y V\u00e1zquez, T. (2002). Violencia pol\u00edtica en Colombia: de la naci\u00f3n fragmentada a la construcci\u00f3n del estado. Centro de Investigaci\u00f3n y Educaci\u00f3n Popular."},{"key":"101772","unstructured":"Henao, J. C., Montoya Pardo, M. F., Garc\u00eda, M. del P., Restrepo Rivillas, C. A., Gonz\u00e1lez Espinosa, A. C. y D\u00edaz \u00c1ngel, S. (eds.). (2016). Miner\u00eda y comunidades: impactos, conflictos y participaci\u00f3n ciudadana. Universidad Externado."},{"key":"101773","unstructured":"Hobsbawm, E. (1983). Rebeldes primitivos: estudio sobre las formas arcaicas de los movimientos sociales en los siglos XIX y XX. Ariel."},{"key":"101774","doi-asserted-by":"crossref","unstructured":"Jaramillo, M. (2011). Expertos y comisiones de estudio sobre la violencia en Colombia. Estudios Pol\u00edticos, (39), 231-258.","DOI":"10.17533\/udea.espo.11762"},{"key":"101775","unstructured":"Lasso, R. M. y Sandoval Robayo, M. L. (2012). Riesgo: Teor\u00eda Y Realidad. El Caso De Marmato, Caldas. Revista Luna Azul, 34, 170-194. https:\/\/bit.ly\/3uTwfGh"},{"key":"101776","unstructured":"L\u00f3pez Becerra, M. H. (2009). Experiencias de Paz en Conflictos Fronterizos por el Agua. Revista Luna Azul, 28, 96-102. https:\/\/bit.ly\/3BbKYkb"},{"key":"101777","unstructured":"M\u00e1rquez, G. (2001). Medio ambiente y violencia en Colombia: una hip\u00f3tesis. An\u00e1lisis Pol\u00edtico, 44, 58-76. https:\/\/bit.ly\/3zcDcoo"},{"key":"101778","unstructured":"Mart\u00ednez Alier, J. (2011). El ecologismo de los pobres: Conflictos ambientales y lenguajes de valoraci\u00f3n. Icaria Editorial."},{"key":"101779","unstructured":"Mohai, P. (1990). Black environmentalism. Social Science Quarterly, 71(4), 744-765."},{"key":"101780","unstructured":"Mohai, P. y Bryant, B. (1992). Race, poverty and the environment. EPA journal 18, 18, 6-9."},{"key":"101781","unstructured":"Montenegro, A., Posada, C. E. y Piraquive, G. (2000). Violencia, criminalidad y justicia: Otra mirada desde la econom\u00eda. Fedesarrollo (ed.) Coyuntura Econ\u00f3mica, XXX, (1). https:\/\/bit.ly\/3aIN7Zz"},{"key":"101782","unstructured":"Montenegro, A., y Posada, C. (2001). La violencia en Colombia. Alfaomega editores."},{"key":"101783","unstructured":"Morales, L. (2017). La paz y la protecci\u00f3n ambiental en Colombia: Propuestas para un desarrollo rural sostenible. Di\u00e1logo interamericano. https:\/\/bit.ly\/3cjXV0N"},{"key":"101784","doi-asserted-by":"crossref","unstructured":"Mun\u00e9var Quintero, C. A. y Gonzaga Valencia Hern\u00e1ndez, J. (2015). Origen y transformaci\u00f3n del conflicto ambiental: An\u00e1lisis de los procesos de participaci\u00f3n y educaci\u00f3n en dos estudios de caso. Civilizar. Ciencias Sociales y Humanas,","DOI":"10.22518\/16578953.279"},{"key":"101785","unstructured":"(28), 47-60."},{"key":"101786","unstructured":"Observatorio Latinoamericano de Conflictos Ambientales. (1998). Gu\u00eda metodol\u00f3gica para la gesti\u00f3n comunitaria de conflictos ambientales. https:\/\/bit.ly\/3Od8gZu"},{"key":"101787","unstructured":"Oquist, P. (1978). Violencia, pol\u00edtica y conflicto en Colombia. Instituto de Estudios Colombianos, Biblioteca del Banco Popular."},{"key":"101788","unstructured":"Orozco, I. (1994). Combatientes, rebeldes y terroristas: Guerra y derecho en Colombia. Editorial Temis, Universidad Nacional de Colombia."},{"key":"101789","unstructured":"Orozco, I. (1999). Crimen e impunidad: Precisiones sobre la violencia. Tercer Mundo Editores, CEDE Universidad de Los Andes."},{"key":"101790","unstructured":"Orozco, J. M. (1998). Bosques, medio ambiente, desarrollo sostenible y proceso de paz. Colombia Forestal, 160-170."},{"key":"101791","unstructured":"Ortiz, C. (1992). Los estudios sobre la violencia en las tres \u00faltimas d\u00e9cadas. Bolet\u00edn Socioecon\u00f3mico, 24\/25. https:\/\/bit.ly\/3IL9aLD"},{"key":"101792","unstructured":"Pecaut, D. (1987). Orden y violencia: Colombia 1930-1954. Editorial Siglo XXI, Cerec."},{"key":"101793","unstructured":"P\u00e9rez, M. (2007). Comercio internacional y medio ambiente en Colombia: una mirada desde la econom\u00eda ecol\u00f3gica. Programa editorial Universidad del Valle."},{"key":"101794","unstructured":"Ram\u00edrez, C. (1998). Conflicto agrario y medio ambiente. Foro por Colombia, 5-28."},{"key":"101795","unstructured":"Ram\u00edrez, M. y Vidal, L. (2003). Conflicto social armado y efectos ambientales en la Orinoquia. Plan de Acci\u00f3n Regional para la Biodiversidad en la Orinoquia."},{"key":"101796","unstructured":"Rocha, R. (2000). La econom\u00eda colombiana tras 25 a\u00f1os de narcotr\u00e1fico. Siglo del Hombre Editores, UNDCP."},{"key":"101797","unstructured":"Rodr\u00edguez Garavito, C., Rodr\u00edguez Franco, D. y Dur\u00e1n, H. (2017). La paz ambiental. Retos y propuestas para el posacuerdo. Centro de Estudios de Derecho, Justicia y Sociedad, Dejusticia. https:\/\/bit.ly\/33vRLSi"},{"key":"101798","unstructured":"Rubio, M. (1998). Rebeldes y criminales: Una cr\u00edtica a la tradicional distinci\u00f3n entre el delito pol\u00edtico y el delito com\u00fan. Universidad de los Andes, Facultad de Econom\u00eda, CEDE. https:\/\/bit.ly\/3ARpLvp"},{"key":"101799","unstructured":"S\u00e1nchez, F. (2007). Las cuentas de la Violencia. Editorial Norma, Universidad de los Andes, Facultad de Econom\u00eda."},{"key":"101800","unstructured":"S\u00e1nchez, F. y N\u00fa\u00f1ez, J. (2001). Determinantes del crimen violento en un pa\u00eds altamente violento. Fedesarrollo. https:\/\/bit.ly\/3OguJVA"},{"key":"101801","unstructured":"S\u00e1nchez, G. y Pe\u00f1aranda, R. (1986). Pasado y presente de la violencia en Colombia. Cerec. Sistema de las Naciones Unidas en Colombia y Ministerio de Ambiente y Desarrollo"},{"key":"101802","unstructured":"Sostenible. (2014). Consideraciones ambientales para la construcci\u00f3n de una paz territorial estable, duradera y sostenible en Colombia \u2013 insumos para la discusi\u00f3n. https:\/\/bit.ly\/3RxC31Y"},{"key":"101803","unstructured":"Tarazona Pedraza, A. E. (2010). Movimiento en defensa del lago de la Cocha, Pasto, Nari\u00f1o, Colombia (1993-2001). Revista Luna Azul, 30, 108-141. https:\/\/bit.ly\/3aGVZij"},{"key":"101804","unstructured":"Tarazona Pedraza, A. E. (2013). Movimiento Defensores Del Agua de Piedecuesta, Santander, Colombia (1995-2005). Revista Luna Azul, 36, 165-212. https:\/\/bit.ly\/3RBYTpl"},{"key":"101805","unstructured":"Tobasura A., I. (2006). La Laguna de Sonso - Valle del Cauca, Colombia: m\u00e1s de tres d\u00e9cadas de lucha ambiental. Un caso de historia ambiental. Gesti\u00f3n y Ambiente, 9(2), 13-26. https:\/\/bit.ly\/3z7TBdY"},{"key":"101806","unstructured":"Tokatlian, J. (2000). Globalizaci\u00f3n, narcotr\u00e1fico y violencia. Grupo Editorial Norma."},{"key":"101807","unstructured":"Toro, C., Morales, J., Coronado, S. y Roa, T. (2012). Miner\u00eda, territorio y conflicto en"},{"key":"101808","unstructured":"Colombia. Censat Agua Viva, PCDHDD, Universidad Nacional de Colombia."}],"container-title":["An\u00e1lisis Jur\u00eddico - Pol\u00edtico"],"link":[{"URL":"https:\/\/hemeroteca.unad.edu.co\/index.php\/analisis\/article\/download\/5844\/5697","content-type":"application\/pdf","content-version":"vor","intended-application":"text-mining"},{"URL":"https:\/\/hemeroteca.unad.edu.co\/index.php\/analisis\/article\/download\/5844\/5781","content-type":"text\/html","content-version":"vor","intended-application":"text-mining"},{"URL":"https:\/\/hemeroteca.unad.edu.co\/index.php\/analisis\/article\/download\/5844\/6212","content-type":"text\/xml","content-version":"vor","intended-application":"text-mining"},{"URL":"https:\/\/hemeroteca.unad.edu.co\/index.php\/analisis\/article\/download\/5844\/6211","content-type":"application\/zip","content-version":"vor","intended-application":"text-mining"},{"URL":"https:\/\/hemeroteca.unad.edu.co\/index.php\/analisis\/article\/download\/5844\/6210","content-type":"unspecified","content-version":"vor","intended-application":"text-mining"},{"URL":"https:\/\/hemeroteca.unad.edu.co\/index.php\/analisis\/article\/download\/5844\/5697","content-type":"unspecified","content-version":"vor","intended-application":"similarity-checking"}],"deposited":{"date-parts":[[2024,2,8]],"date-time":"2024-02-08T15:38:22Z","timestamp":1707406702000},"score":0.0,"resource":{"primary":{"URL":"https:\/\/hemeroteca.unad.edu.co\/index.php\/analisis\/article\/view\/5844"}},"subtitle":["una necesaria aproximaci\u00f3n desde la cuesti\u00f3n de la paz"],"issued":{"date-parts":[[2022,7,28]]},"references-count":52,"journal-issue":{"issue":"8","published-online":{"date-parts":[[2022,7,28]]}},"URL":"https:\/\/doi.org\/10.22490\/26655489.5844","ISSN":["2665-5489","2665-5470"],"issn-type":[{"value":"2665-5489","type":"electronic"},{"value":"2665-5470","type":"print"}],"published":{"date-parts":[[2022,7,28]]}},{"indexed":{"date-parts":[[2026,6,27]],"date-time":"2026-06-27T05:10:56Z","timestamp":1782537056702,"version":"3.54.5"},"reference-count":0,"publisher":"Universidad Nacional Abierta y a Distancia","issue":"3","license":[{"start":{"date-parts":[[2021,11,15]],"date-time":"2021-11-15T00:00:00Z","timestamp":1636934400000},"content-version":"unspecified","delay-in-days":0,"URL":"https:\/\/creativecommons.org\/licenses\/by-nc-nd\/4.0"}],"content-domain":{"domain":[],"crossmark-restriction":false},"short-container-title":["Publ. investig."],"abstract":"<jats:p>This research will serve as a reference to show the importance of ICT in the accounting system that both an accountant and a company can have when using these tools. At present the ICT have played a very important role in the accounting area since thanks to the evolution the accountant has become more feasible his work these print speed in several scenarios such as the accountant, by demanding efficiency and quality in the registration of transactions and operations carried out by organizations are these commercial, industrial or service, to produce truthful, reliable and timely information so that the users of the same, are able to make sound decisions. Through this research it is intended that it can be useful for organizations since the changes arising due to the great advances of technologies, places organizations to adapt to these new internet platforms so it is important to have an accountant that is related to these new updates.<\/jats:p>","DOI":"10.22490\/25394088.5558","type":"journal-article","created":{"date-parts":[[2023,4,27]],"date-time":"2023-04-27T18:56:09Z","timestamp":1682621769000},"source":"Crossref","is-referenced-by-count":5,"title":["Importancia de las TIC en el sistema contable empresarial","Importance of ICT in the business accounting system"],"prefix":"10.22490","volume":"15","author":[{"given":"Juan Fernando","family":"Guill\u00e9n Merl\u00edn","sequence":"first","affiliation":[],"role":[{"vocabulary":"crossref","role":"author"}]},{"given":"Sergio Alfonso","family":"Tosca Maga\u00f1a","sequence":"additional","affiliation":[],"role":[{"vocabulary":"crossref","role":"author"}]}],"member":"9784","published-online":{"date-parts":[[2021,11,15]]},"container-title":["Publicaciones e Investigaci\u00f3n"],"link":[{"URL":"https:\/\/hemeroteca.unad.edu.co\/index.php\/publicaciones-e-investigacion\/article\/download\/5558\/5337","content-type":"application\/pdf","content-version":"vor","intended-application":"text-mining"},{"URL":"https:\/\/hemeroteca.unad.edu.co\/index.php\/publicaciones-e-investigacion\/article\/download\/5558\/5337","content-type":"unspecified","content-version":"vor","intended-application":"similarity-checking"}],"deposited":{"date-parts":[[2024,2,19]],"date-time":"2024-02-19T17:24:23Z","timestamp":1708363463000},"score":0.0,"resource":{"primary":{"URL":"https:\/\/hemeroteca.unad.edu.co\/index.php\/publicaciones-e-investigacion\/article\/view\/5558"}},"issued":{"date-parts":[[2021,11,15]]},"references-count":0,"journal-issue":{"issue":"3","published-online":{"date-parts":[[2022,1,19]]}},"URL":"https:\/\/doi.org\/10.22490\/25394088.5558","ISSN":["2539-4088","1900-6608"],"issn-type":[{"value":"2539-4088","type":"electronic"},{"value":"1900-6608","type":"print"}],"published":{"date-parts":[[2021,11,15]]}},{"indexed":{"date-parts":[[2026,7,27]],"date-time":"2026-07-27T21:00:13Z","timestamp":1785186013712,"version":"3.55.0"},"reference-count":20,"publisher":"Universidad Nacional Abierta y a Distancia","issue":"1","license":[{"start":{"date-parts":[[2024,12,3]],"date-time":"2024-12-03T00:00:00Z","timestamp":1733184000000},"content-version":"unspecified","delay-in-days":0,"URL":"https:\/\/creativecommons.org\/licenses\/by-nc-sa\/4.0"}],"content-domain":{"domain":[],"crossmark-restriction":false},"short-container-title":["tk"],"abstract":"<jats:p>Este art\u00edculo examina en profundidad los desaf\u00edos y oportunidades asociados con la Responsabilidad Social Empresarial (RSE) en la industria petrolera, centrando el an\u00e1lisis en el contexto colombiano. Se analizan c\u00f3mo las compa\u00f1\u00edas petroleras han adoptado pr\u00e1cticas de RSE para contribuir al desarrollo econ\u00f3mico, social y ambiental en las regiones donde operan. Estas pr\u00e1cticas incluyen desde la inversi\u00f3n en infraestructura y educaci\u00f3n, hasta la protecci\u00f3n del medio ambiente y la promoci\u00f3n de la salud p\u00fablica. Sin embargo, la implementaci\u00f3n de estas iniciativas enfrenta varios desaf\u00edos, como la volatilidad de los precios del petr\u00f3leo, las expectativas de las comunidades locales, y las complejidades derivadas de las condiciones sociopol\u00edticas del pa\u00eds. En este sentido, se aborda el impacto de la RSE en el fortalecimiento de la econom\u00eda regional, destacando c\u00f3mo estas acciones pueden influir en la percepci\u00f3n p\u00fablica y en la licencia social para operar. El art\u00edculo concluye que, para que la RSE sea verdaderamente efectiva, las empresas petroleras deben integrar la sostenibilidad en su estrategia corporativa, trabajar en estrecha colaboraci\u00f3n con las comunidades locales, y desarrollar alianzas con gobiernos y organizaciones no gubernamentales.<\/jats:p>","DOI":"10.22490\/30730260.8437","type":"journal-article","created":{"date-parts":[[2025,7,16]],"date-time":"2025-07-16T15:16:23Z","timestamp":1752678983000},"page":"52-63","source":"Crossref","is-referenced-by-count":0,"title":["Evaluaci\u00f3n de\u00a0las pr\u00e1cticas de\u00a0responsabilidad\u00a0social empresarial\u00a0en el sector\u00a0petrolero de\u00a0Colombia"],"prefix":"10.22490","volume":"1","author":[{"ORCID":"https:\/\/orcid.org\/0009-0009-2627-832X","authenticated-orcid":false,"given":"Carlos Andr\u00e9s","family":"Arboleda Ram\u00edrez","sequence":"first","affiliation":[],"role":[{"vocabulary":"crossref","role":"author"}]}],"member":"9784","published-online":{"date-parts":[[2024,12,3]]},"reference":[{"key":"194969","unstructured":"Agencia Nacional de Hidrocarburos (ANH). (2008). ANH en datos: Regal\u00edas. www.anh.gov.co\/es\/\u00edndice.php?id=10"},{"key":"194970","unstructured":"Agencia Nacional de Hidrocarburos (ANH). (2018). Informe de gesti\u00f3n de resultados 2017. Colombia."},{"key":"194971","unstructured":"Agencia Nacional de Hidrocarburos (ANH). (2018). Informe de gesti\u00f3n de resultados 2017. Colombia."},{"key":"194972","unstructured":"A\u00f1ez Hern\u00e1ndez, C., & Bonomie, ME (2010). Responsabilidad social empresarial: Estrategia de competitividad en el marco de la globalizaci\u00f3n. Formaci\u00f3n Gerencial, 9 (https:\/\/doi.org\/10.1690\u2014074"},{"key":"194973","unstructured":"Avenda\u00f1o, WR (2013). Responsabilidad social (RS) y responsabilidad social corporativa (RSC): Una nueva perspectiva para las empresas. Cuadernos de Administraci\u00f3n, 31."},{"key":"194974","unstructured":"Chirinos, ME, Fern\u00e1ndez, L., & S\u00e1nchez, G. (2012). Responsabilidad empresarial o empresas socialmente responsables. Raz\u00f3n y Palabra, 81."},{"key":"194975","doi-asserted-by":"crossref","unstructured":"Duque Orozco, YV, Cardona Acevedo, M., & Rend\u00f3n Acevedo, JA (2013). Responsabilidad social empresarial: Teor\u00edas, \u00edndices, est\u00e1ndares y certificaciones. Cuadernos de Administraci\u00f3n, 29","DOI":"10.25100\/cdea.v29i50.55"},{"key":"194976","doi-asserted-by":"crossref","unstructured":"Del R\u00edo Cortina, JL, Cardona Arbel\u00e1ez, D., & Guacar\u00ed Villalba, A. (2017). RSE y construcci\u00f3n de la marca: Una nueva mirada a las estrategias de gesti\u00f3n. Revista Investigaci\u00f3n, Desarrollo e Innovaci\u00f3n, 8 https:\/\/repositorio.uptc.edu.co\/handle\/001\/10257","DOI":"10.19053\/20278306.v8.n1.2017.7370"},{"key":"194977","unstructured":"Garc\u00eda Chiang, A., & Rodr\u00edguez Mej\u00eda, C. (2008). Responsabilidad social en la empresa: La regi\u00f3n marina noreste de Pemex: Exploraci\u00f3n y producci\u00f3n en equilibrio econ\u00f3mico. Revista de Econom\u00eda y Administraci\u00f3n, 9 (5)"},{"key":"194978","unstructured":"L\u00f3pez, F., & Bellostas, A. (2016). Responsabilidad social corporativa y buenas pr\u00e1cticas de gobierno corporativo en los fondos de inversi\u00f3n \u00e9ticos espa\u00f1oles: an\u00e1lisis de las empresas participadas. Innovar, 27 (https:\/\/doi.org\/ \/10\/innovar.v27n)"},{"key":"194979","doi-asserted-by":"crossref","unstructured":"Mayorga Salamanca, PI, S\u00e1nchez Guti\u00e9rrez, J., & Gonz\u00e1lez Uribe, EG (2014). La responsabilidad social y los impactos que influyen en la competitividad de las pymes fabricantes de Guadalajara. Universidad de Guadalajara. Centro Universitario de Ciencias Econ\u00f3micas Administrativas, 15.","DOI":"10.32870\/myn.v0i30.5272"},{"key":"194980","unstructured":"Navarro, F. (2012). Responsabilidad social y corporativa. Libros profesionales de empresa. Espa\u00f1a."},{"key":"194981","unstructured":"Orellana Herrera, V. (2010). La responsabilidad social de las empresas multinacionales petroleras, Perenco Limited Colombia y Hocol SA: El aporte al desarrollo local del municipio de Yopal. [Tesis]"},{"key":"194982","unstructured":"Palacios, A. (2005). Concepto y control del procedimiento legislativo. Universidad Externado de Colombia. Bogot\u00e1."},{"key":"194983","unstructured":"Perdomo, J. y Villa, L. (2017). Responsabilidad social empresarial y pr\u00e1cticas pro- paz en Colombia. Cuadernos de Administraci\u00f3n, 33 (59), https:\/\/doi.org\/10\/do.v33i59.387"},{"key":"194984","unstructured":"P\u00e9rez Espinoza, MJ, Espinosa Carri\u00f3n, C., & Peralta Mucha, B. (2016). La RSE y su enfoque ambiental: Una visi\u00f3n sostenible a futuro. Revista Cient\u00edfica Universidad y Sociedad, 8."},{"key":"194985","unstructured":"Perilla Lesmes, CF (2015). Participaci\u00f3n de las comunidades en los estudios de impacto ambiental de tres empresas petroleras de Colombia [Colombia. Universidad de ciencias aplicadas y ambientales \u2013 UDCA."},{"key":"194986","unstructured":"Tallio, V. (2014). Empresas multinacionales en \u00c1frica: gobernanza corporativa, responsabilidad social y gesti\u00f3n de riesgos. Cuadernos de Estudios Africanos, 28."},{"key":"194987","doi-asserted-by":"crossref","unstructured":"Tapia Bonifaz, AG, Gavil\u00e1nez Vega, MI, J\u00e1come Tamayo, SP, & Balseca Castro, JE (2018). La RSE: un desaf\u00edo para la sostenibilidad de las empresas del Ecuador. Empresa 3C. Investigaci\u00f3n y pensamiento cr\u00edtico, 7 (4), 68-89 https:\/\/doi.org\/10.17993\/3cemp.2018.070436-89","DOI":"10.17993\/3cemp.2018.070436.68-89\/"},{"key":"194988","unstructured":"Vintr\u00f3, C., & Comajuncosa, J. (2010). Responsabilidad social corporativa en la industria minera: Criterios e indicadores. Dyna, 77 https:\/\/doi.org\/10.15446\/innovar.v.v27n65.65068"}],"container-title":["La Tuerka"],"link":[{"URL":"https:\/\/hemeroteca.unad.edu.co\/index.php\/latuerka\/article\/download\/8437\/7512","content-type":"application\/pdf","content-version":"vor","intended-application":"text-mining"},{"URL":"https:\/\/hemeroteca.unad.edu.co\/index.php\/latuerka\/article\/download\/8437\/7512","content-type":"unspecified","content-version":"vor","intended-application":"similarity-checking"}],"deposited":{"date-parts":[[2026,7,27]],"date-time":"2026-07-27T20:26:21Z","timestamp":1785183981000},"score":0.0,"resource":{"primary":{"URL":"https:\/\/hemeroteca.unad.edu.co\/index.php\/latuerka\/article\/view\/8437"}},"subtitle":["efectos\u00a0en dimensiones\u00a0econ\u00f3micas,\u00a0sociales y\u00a0ambientales"],"issued":{"date-parts":[[2024,12,3]]},"references-count":20,"journal-issue":{"issue":"1","published-online":{"date-parts":[[2024,7,30]]}},"URL":"https:\/\/doi.org\/10.22490\/30730260.8437","ISSN":["3073-0260"],"issn-type":[{"value":"3073-0260","type":"electronic"}],"published":{"date-parts":[[2024,12,3]]}},{"indexed":{"date-parts":[[2026,7,9]],"date-time":"2026-07-09T04:55:38Z","timestamp":1783572938673,"version":"3.55.0"},"reference-count":0,"publisher":"Universidad Nacional Abierta y a Distancia - UNAD","isbn-type":[{"value":"9789586518130","type":"print"}],"content-domain":{"domain":[],"crossmark-restriction":false},"DOI":"10.22490\/9789586518130","type":"monograph","created":{"date-parts":[[2023,3,30]],"date-time":"2023-03-30T20:59:54Z","timestamp":1680209994000},"source":"Crossref","is-referenced-by-count":2,"title":["El reto de conservar y producir: biodiversidad y sistemas productivos en la cuenca media y baja del r\u00edo Cravo Sur"],"prefix":"10.22490","member":"9784","published-online":{"date-parts":[[2021,5,1]]},"deposited":{"date-parts":[[2023,3,30]],"date-time":"2023-03-30T20:59:56Z","timestamp":1680209996000},"score":0.0,"resource":{"primary":{"URL":"https:\/\/libros.unad.edu.co\/index.php\/selloeditorial\/catalog\/book\/99"}},"editor":[{"given":"Rafael","family":"Antelo Albertos","sequence":"first","affiliation":[],"role":[{"vocabulary":"crossref","role":"editor"}]},{"given":"Mar\u00eda del Rosario","family":"Diaz Olaya","sequence":"additional","affiliation":[],"role":[{"vocabulary":"crossref","role":"editor"}]},{"given":"Zulma Lorena","family":"Dur\u00e1n Hern\u00e1ndez","sequence":"additional","affiliation":[],"role":[{"vocabulary":"crossref","role":"editor"}]},{"given":"C\u00e9sar","family":"Rojano","sequence":"additional","affiliation":[],"role":[{"vocabulary":"crossref","role":"editor"}]}],"issued":{"date-parts":[[2021,5,1]]},"ISBN":["9789586518130"],"references-count":0,"URL":"https:\/\/doi.org\/10.22490\/9789586518130","published":{"date-parts":[[2021,5,1]]}},{"indexed":{"date-parts":[[2026,3,4]],"date-time":"2026-03-04T19:02:49Z","timestamp":1772650969358,"version":"3.50.1"},"reference-count":12,"publisher":"Universidad Nacional Abierta y a Distancia","issue":"9","license":[{"start":{"date-parts":[[2025,12,11]],"date-time":"2025-12-11T00:00:00Z","timestamp":1765411200000},"content-version":"unspecified","delay-in-days":0,"URL":"https:\/\/creativecommons.org\/licenses\/by-nc-sa\/4.0"}],"content-domain":{"domain":[],"crossmark-restriction":false},"short-container-title":["ES"],"abstract":"<jats:p>Este art\u00edculo de reflexi\u00f3n examina, desde la perspectiva hermen\u00e9utica, el fen\u00f3meno del individualismo positivo y su repercusi\u00f3n en lab\u00fasqueda de la felicidad como un imperativo moral en la sociedad capitalista neoliberal. Se analiza c\u00f3mo, en esa b\u00fasqueda, el individuo entra en la l\u00f3gica del neoliberalismo, entendido como una filosof\u00eda o ideolog\u00eda centrada en el \u201cyo\u201d y en el poder adquisitivo. Los principales hallazgos evidencian que las redes sociales funcionan como escenarios donde se exhiben vidas perfectas, lo que lleva a los individuos a internalizar la narrativa del consumo como medio para alcanzar la felicidad, omitiendo el papel de las estructuras sociales en este proceso.<\/jats:p>","DOI":"10.22490\/28057007.10937","type":"journal-article","created":{"date-parts":[[2026,3,4]],"date-time":"2026-03-04T16:57:32Z","timestamp":1772643452000},"source":"Crossref","is-referenced-by-count":0,"title":["La felicidad como deber"],"prefix":"10.22490","author":[{"ORCID":"https:\/\/orcid.org\/0009-0009-3496-5429","authenticated-orcid":false,"given":"Isa\u00edas Jos\u00e9","family":"P\u00e9rez Macias","sequence":"first","affiliation":[],"role":[{"role":"author","vocabulary":"crossref"}]}],"member":"9784","published-online":{"date-parts":[[2025,12,11]]},"reference":[{"key":"224406","unstructured":"Aida Victoria [@aidavictoriam]. (2023, agosto 24). La mayor parte del 2022, me sent\u00ed una completa"},{"key":"224407","unstructured":"FRACASADA [Video]. Instagram. https:\/\/www.instagram.com\/reel\/CwVgVQEtXrd\/?igsh=M-TRjaWozOGpsamVjdg=="},{"key":"224408","unstructured":"Branch. (2024, abril 22). Estad\u00edsticas de la situaci\u00f3n digital de Colombia en 2024. Branch. https:\/\/bran-ch.com.co\/marketing-digital\/situacion-digital-de-colombia-en-el-2024\/"},{"key":"224409","unstructured":"Cabanas D\u00edaz, E. (2013). La felicidad como imperativo moral: Origen y difusi\u00f3n del individualismo \u201cpositivo\u201d en el capitalismo neoliberal y sus efectos en la construcci\u00f3n de la subjetividad [Tesis doctoral, UAM]. https:\/\/repositorio.uam.es\/handle\/10486\/662024"},{"key":"224410","unstructured":"Cabanas, E., y Illouz, E. (2019). Happycracia: C\u00f3mo la ciencia y la industria de la felicidad controlan nuestras vidas. Planeta."},{"key":"224411","unstructured":"D\u00edaz Torres, J. (2012). Neoliberalismo y educaci\u00f3n. M. Friedman y la educaci\u00f3n actual. Atl\u00e1ntida. Revista Canaria de Ciencias Sociales, 4, 191-12."},{"key":"224412","unstructured":"Estad\u00edsticas de Redes Sociales en Colombia 2023\u2014Way2net. (2023, septiembre 28). https:\/\/www.way2net.com\/2023\/09\/estadisticas-de-redes-sociales-en-colombia-2023\/"},{"key":"224413","unstructured":"Martuccelli, D. (2007). Lecciones de sociolog\u00eda del individuo. Pontificia Universidad Cat\u00f3lica del Per\u00fa."},{"key":"224414","unstructured":"http:\/\/repositorio.pucp.edu.pe\/index\/handle\/123456789\/52674"},{"key":"224415","unstructured":"Menand, L. (2016). El club de los metaf\u00edsicos: Historia de las ideas en Am\u00e9rica. Editorial Ariel. https:\/\/www.casadellibro.com.co\/libro-el-club-e-los-metafisicos-historia-de-las-ideas-en-america\/9788434422933\/2959130"},{"key":"224416","unstructured":"M\u00e9ndez, O. (2023, febrero 2). Influencer la \u201ccarrera\u201d que los j\u00f3venes quieren hacer en Latinoam\u00e9rica. El Universal. https:\/\/www.eluniversal.com.mx\/tendencias\/influencer-la-carrera-que-los-jovenes-quieren-en-latinoamerica\/"},{"key":"224417","unstructured":"Orihuela-Colliva, J. L. (2008). Internet: La hora de las redes sociales. Nueva Revista de Pol\u00edtica, Cultura y Arte, 119, 57-65."}],"container-title":["Espacio Sociol\u00f3gico"],"link":[{"URL":"https:\/\/hemeroteca.unad.edu.co\/index.php\/sociologico\/article\/download\/10937\/8603","content-type":"application\/pdf","content-version":"vor","intended-application":"text-mining"},{"URL":"https:\/\/hemeroteca.unad.edu.co\/index.php\/sociologico\/article\/download\/10937\/8603","content-type":"unspecified","content-version":"vor","intended-application":"similarity-checking"}],"deposited":{"date-parts":[[2026,3,4]],"date-time":"2026-03-04T16:57:36Z","timestamp":1772643456000},"score":0.0,"resource":{"primary":{"URL":"https:\/\/hemeroteca.unad.edu.co\/index.php\/sociologico\/article\/view\/10937"}},"subtitle":["el caso de los coaches personales e influencers en las redes sociales"],"issued":{"date-parts":[[2025,12,11]]},"references-count":12,"journal-issue":{"issue":"9","published-online":{"date-parts":[[2025,12,11]]}},"URL":"https:\/\/doi.org\/10.22490\/28057007.10937","ISSN":["2805-7007"],"issn-type":[{"value":"2805-7007","type":"electronic"}],"published":{"date-parts":[[2025,12,11]]}},{"indexed":{"date-parts":[[2026,4,3]],"date-time":"2026-04-03T19:58:07Z","timestamp":1775246287561,"version":"3.50.1"},"reference-count":0,"publisher":"Universidad Nacional Abierta y a Distancia","issue":"14","license":[{"start":{"date-parts":[[2010,12,15]],"date-time":"2010-12-15T00:00:00Z","timestamp":1292371200000},"content-version":"unspecified","delay-in-days":0,"URL":"http:\/\/creativecommons.org\/licenses\/by\/4.0"}],"content-domain":{"domain":[],"crossmark-restriction":false},"short-container-title":["nova"],"abstract":"<jats:p>A partir de diferentes proporciones de almid\u00f3n de yuca y prote\u00edna aislada de soya, se elaboraron pel\u00edculas comestibles por el m\u00e9todo de casting, las cuales se caracterizaron a trav\u00e9s de pruebas mec\u00e1nicas, t\u00e9rmicas y morfol\u00f3gicas. Se evalu\u00f3 el desempe\u00f1o de las pel\u00edculas como recubrimiento sobre las fresas variedad ventana mediante la determinaci\u00f3n de propiedades sensoriales y fisicoqu\u00edmicas: color, apariencia, aroma, sabor, textura, pH, acidez titulable y s\u00f3lidos solubles totales a temperaturas ambiente y de refrigeraci\u00f3n. En las formulaciones que conten\u00edan prote\u00edna se observ\u00f3 una mayor elasticidad, eventost\u00e9rmicos a temperatura m\u00e1s baja comparados con los de las mezclas, una superficie m\u00e1s homog\u00e9nea, permitiendo mejorar algunas propiedades del fruto durante su almacenamiento como la p\u00e9rdida de peso. Las propiedades sensoriales se evaluaron utilizando las pruebas de Kruskal Wallis y Friedman, obteniendo en la primera diferencias no significativas (p&gt;0.05) entre los tratamientos evaluados y diferencias significativas en la segunda, observando un desempe\u00f1o favorable en los recubrimientos comestibles.<\/jats:p>","DOI":"10.22490\/24629448.448","type":"journal-article","created":{"date-parts":[[2017,5,2]],"date-time":"2017-05-02T20:55:07Z","timestamp":1493758507000},"page":"171-182","source":"Crossref","is-referenced-by-count":4,"title":["Evaluaci\u00f3n de pel\u00edculas comestibles de almid\u00f3n de yuca y prote\u00edna aislada de soya en la conservaci\u00f3n de fresas"],"prefix":"10.22490","volume":"8","author":[{"given":"N\u00e9stor Ariel","family":"Algecira Enciso","sequence":"first","affiliation":[],"role":[{"role":"author","vocabulary":"crossref"}]},{"given":"Nataly","family":"Saavedra Hortua","sequence":"additional","affiliation":[],"role":[{"role":"author","vocabulary":"crossref"}]}],"member":"9784","published-online":{"date-parts":[[2010,12,15]]},"container-title":["Nova"],"link":[{"URL":"https:\/\/hemeroteca.unad.edu.co\/index.php\/nova\/article\/download\/448\/1099","content-type":"application\/pdf","content-version":"vor","intended-application":"text-mining"},{"URL":"https:\/\/hemeroteca.unad.edu.co\/index.php\/nova\/article\/download\/448\/1099","content-type":"unspecified","content-version":"vor","intended-application":"similarity-checking"}],"deposited":{"date-parts":[[2023,12,10]],"date-time":"2023-12-10T19:59:39Z","timestamp":1702238379000},"score":0.0,"resource":{"primary":{"URL":"https:\/\/hemeroteca.unad.edu.co\/index.php\/nova\/article\/view\/448"}},"issued":{"date-parts":[[2010,12,15]]},"references-count":0,"journal-issue":{"issue":"14","published-online":{"date-parts":[[2010,12,15]]}},"URL":"https:\/\/doi.org\/10.22490\/24629448.448","ISSN":["2462-9448","1794-2470"],"issn-type":[{"value":"2462-9448","type":"electronic"},{"value":"1794-2470","type":"print"}],"published":{"date-parts":[[2010,12,15]]}},{"indexed":{"date-parts":[[2026,3,13]],"date-time":"2026-03-13T06:28:47Z","timestamp":1773383327676,"version":"3.50.1"},"reference-count":0,"publisher":"Universidad Nacional Abierta y a Distancia","issue":"26","license":[{"start":{"date-parts":[[2016,12,15]],"date-time":"2016-12-15T00:00:00Z","timestamp":1481760000000},"content-version":"unspecified","delay-in-days":0,"URL":"http:\/\/creativecommons.org\/licenses\/by-nc-sa\/4.0"}],"content-domain":{"domain":[],"crossmark-restriction":false},"short-container-title":["nova"],"abstract":"<jats:p>El uso eficiente del agua determina el futuro del cultivo de arroz en Colombia frente a los tratados de libre comercio, ya que es un factor que condiciona el \u00e1rea sembrada, el rendimiento de la cosecha y los costos de producci\u00f3n, adem\u00e1s de su sostenibilidad en el tiempo. Por lo tanto, se presenta una revisi\u00f3n de las tecnolog\u00edas desarrolladas a nivel mundial enfocadas al ahorro del agua en el cultivo de arroz en condiciones aer\u00f3bicas y anaer\u00f3bicas. Se resaltan tecnolog\u00edas alternativas que superan al sistema convencional en rendimiento y en la cantidad de arroz cosechado por metro c\u00fabico de agua invertido. En la reflexi\u00f3n para Colombia, se destacan aspectos importantes para la construcci\u00f3n de la agenda de investigaci\u00f3n y la apropiaci\u00f3n social de las tecnolog\u00edas alternativas con miras a la optimizaci\u00f3n del recurso h\u00eddrico en el cultivo de arroz; se recomienda priorizar el arroz aer\u00f3bico y la medici\u00f3n efectiva del consumo de agua, indispensable para controlar su uso, planear, dirigir y entender c\u00f3mo estas tecnolog\u00edas alternativas conducen a la recuperaci\u00f3n de la inversi\u00f3n de los agricultores y a la rentabilidad del cultivo.<\/jats:p>","DOI":"10.22490\/24629448.1757","type":"journal-article","created":{"date-parts":[[2017,5,2]],"date-time":"2017-05-02T17:09:13Z","timestamp":1493744953000},"page":"111-126","source":"Crossref","is-referenced-by-count":4,"title":["Tecnolog\u00edas para ahorrar agua en el cultivo de arroz"],"prefix":"10.22490","volume":"14","author":[{"given":"Mauricio","family":"Gonz\u00e1lez B.","sequence":"first","affiliation":[],"role":[{"role":"author","vocabulary":"crossref"}]},{"given":"Ana Milena","family":"Alonso","sequence":"additional","affiliation":[],"role":[{"role":"author","vocabulary":"crossref"}]}],"member":"9784","published-online":{"date-parts":[[2016,12,15]]},"container-title":["Nova"],"link":[{"URL":"https:\/\/hemeroteca.unad.edu.co\/index.php\/nova\/article\/download\/1757\/1999","content-type":"application\/pdf","content-version":"vor","intended-application":"text-mining"},{"URL":"https:\/\/hemeroteca.unad.edu.co\/index.php\/nova\/article\/download\/1757\/1999","content-type":"unspecified","content-version":"vor","intended-application":"similarity-checking"}],"deposited":{"date-parts":[[2023,12,10]],"date-time":"2023-12-10T20:04:50Z","timestamp":1702238690000},"score":0.0,"resource":{"primary":{"URL":"https:\/\/hemeroteca.unad.edu.co\/index.php\/nova\/article\/view\/1757"}},"issued":{"date-parts":[[2016,12,15]]},"references-count":0,"journal-issue":{"issue":"26","published-online":{"date-parts":[[2016,12,15]]}},"URL":"https:\/\/doi.org\/10.22490\/24629448.1757","ISSN":["2462-9448","1794-2470"],"issn-type":[{"value":"2462-9448","type":"electronic"},{"value":"1794-2470","type":"print"}],"published":{"date-parts":[[2016,12,15]]}},{"indexed":{"date-parts":[[2026,3,26]],"date-time":"2026-03-26T15:54:58Z","timestamp":1774540498434,"version":"3.50.1"},"reference-count":0,"publisher":"Universidad Nacional Abierta y a Distancia","issue":"3","license":[{"start":{"date-parts":[[2010,11,17]],"date-time":"2010-11-17T00:00:00Z","timestamp":1289952000000},"content-version":"unspecified","delay-in-days":0,"URL":"http:\/\/creativecommons.org\/licenses\/by\/4.0"}],"content-domain":{"domain":[],"crossmark-restriction":false},"short-container-title":["Rev. Investig. UNAD"],"abstract":"<jats:p>&lt;p&gt;Las discusiones acad\u00e9micas que se tejen sobre las pr\u00e1cticas institucionales educativas deben centrarse en los modelos educativos que reflejan en la esencia del proyecto acad\u00e9mico, su coherente planeaci\u00f3n, su real aplicaci\u00f3n y el cubrimiento de necesidades de aprendizaje para sus estudiantes. Superar el se\u00f1alamiento entre las mediaciones presenciales y a distancia desde las miradas complementarias y constructivas permitir\u00e1 avanzar en lo que realmente debe hoy en d\u00eda centrarse la investigaci\u00f3n educativa, en la mirada sobre los procesos de ense\u00f1anza aprendizaje en comunidades espec\u00edficas para determinar desde all\u00ed la calidad de la planeaci\u00f3n acad\u00e9mica y la pr\u00e1ctica docente.&lt;\/p&gt;&lt;p&gt;El liderazgo de la pedagog\u00eda, alimentada del discurso disciplinar, la tecnolog\u00eda de punta, las necesidades estudiantiles y la investigaci\u00f3n aplicada, puede colaborativamente traspasar los l\u00edmites creados entre el divorcio de los modelos educativos y las disciplinas y entre los lineamientos institucionales y las interpretaciones hechas por el docente y el estudiante.&lt;\/p&gt;<\/jats:p>","DOI":"10.22490\/25391887.727","type":"journal-article","created":{"date-parts":[[2017,7,11]],"date-time":"2017-07-11T10:42:53Z","timestamp":1499769773000},"page":"223","source":"Crossref","is-referenced-by-count":1,"title":["Modelos de educaci\u00f3n a distancia"],"prefix":"10.22490","volume":"9","author":[{"given":"Adelmo","family":"Sabogal Padilla","sequence":"first","affiliation":[],"role":[{"role":"author","vocabulary":"crossref"}]}],"member":"9784","published-online":{"date-parts":[[2010,11,17]]},"container-title":["Revista de Investigaciones UNAD"],"link":[{"URL":"http:\/\/hemeroteca.unad.edu.co\/index.php\/revista-de-investigaciones-unad\/article\/viewFile\/727\/1546","content-type":"application\/pdf","content-version":"vor","intended-application":"text-mining"}],"deposited":{"date-parts":[[2017,7,11]],"date-time":"2017-07-11T10:44:44Z","timestamp":1499769884000},"score":0.0,"resource":{"primary":{"URL":"http:\/\/hemeroteca.unad.edu.co\/index.php\/revista-de-investigaciones-unad\/article\/view\/727"}},"issued":{"date-parts":[[2010,11,17]]},"references-count":0,"journal-issue":{"issue":"3","published-online":{"date-parts":[[2010,11,17]]}},"URL":"https:\/\/doi.org\/10.22490\/25391887.727","ISSN":["2539-1887","0124-793X"],"issn-type":[{"value":"2539-1887","type":"electronic"},{"value":"0124-793X","type":"print"}],"published":{"date-parts":[[2010,11,17]]}},{"indexed":{"date-parts":[[2026,5,18]],"date-time":"2026-05-18T15:54:30Z","timestamp":1779119670059,"version":"3.51.4"},"reference-count":73,"publisher":"Universidad Nacional Abierta y a Distancia","issue":"1","license":[{"start":{"date-parts":[[2019,12,11]],"date-time":"2019-12-11T00:00:00Z","timestamp":1576022400000},"content-version":"unspecified","delay-in-days":0,"URL":"https:\/\/creativecommons.org\/licenses\/by-nc-sa\/4.0"}],"content-domain":{"domain":[],"crossmark-restriction":false},"short-container-title":["rev.investig.agrar.ambient."],"abstract":"<jats:p>Los contaminantes emergentes constituyen un grupo de sustancias cuya regulaci\u00f3n est\u00e1 siendo abordada, debido al incremento de su presencia en cuerpos de agua asociado principalmente a las acciones antropog\u00e9nicas. Estos compuestos caracterizados como disruptores endocrinos a bajas concentraciones causan da\u00f1os irreversibles en los ecosistemas y est\u00e1n siendo objeto de estudio especialmente en las \u00faltimas dos d\u00e9cadas. Para mitigar su impacto y presencia en los ecosistemas, se han estudiado alternativas para lograr su remoci\u00f3n, basadas en procesos de adsorci\u00f3n, electrocoagulaci\u00f3n, filtraci\u00f3n por membrana y procesos de oxidaci\u00f3n avanzada (AOP). Espec\u00edficamente el contaminante emergente 4-nonilfenol (4-NF), compuesto perteneciente a la familia de los alquilfenoles, es utilizado como principio activo de tensoactivos no i\u00f3nicos para uso en detergentes, dispersantes, emulsionantes y solubilizantes, estando presente entre otros, en formulaciones producto de aseo, de plaguicidas y de pinturas, siendo su principal v\u00eda de acceso al ambiente a trav\u00e9s de aguas residuales. Esta revisi\u00f3n bibliogr\u00e1fica re\u00fane informaci\u00f3n acerca de algunas propiedades fisicoqu\u00edmicas del 4-NF, toxicidad, m\u00e9todos de cuantificaci\u00f3n y remoci\u00f3n<\/jats:p>","DOI":"10.22490\/21456453.3235","type":"journal-article","created":{"date-parts":[[2020,7,29]],"date-time":"2020-07-29T18:42:41Z","timestamp":1596048161000},"page":"117-132","source":"Crossref","is-referenced-by-count":1,"title":["4-nonilfenol: efectos, cuantificaci\u00f3n y m\u00e9todos de remoci\u00f3n en aguas superficiales y potables"],"prefix":"10.22490","volume":"11","author":[{"ORCID":"https:\/\/orcid.org\/0000-0003-2148-8968","authenticated-orcid":false,"given":"Gloria Maria","family":"Doria","sequence":"first","affiliation":[],"role":[{"role":"author","vocabulary":"crossref"}]},{"ORCID":"https:\/\/orcid.org\/0000-0003-3065-0285","authenticated-orcid":false,"given":"Gustavo Antonio","family":"Pe\u00f1uela","sequence":"additional","affiliation":[],"role":[{"role":"author","vocabulary":"crossref"}]},{"ORCID":"https:\/\/orcid.org\/0000-0002-4771-6036","authenticated-orcid":false,"given":"Gloria Cristina","family":"Valencia Uribe","sequence":"additional","affiliation":[],"role":[{"role":"author","vocabulary":"crossref"}]}],"member":"9784","published-online":{"date-parts":[[2019,12,11]]},"reference":[{"key":"ref0","doi-asserted-by":"publisher","unstructured":"Andreozzi, R. (1999). Advanced oxidation processes (AOP) for water purification and recovery. Catalysis Today, 53(1), p. 51-59.","DOI":"10.1016\/S0920-5861(99)00102-9"},{"key":"ref1","doi-asserted-by":"publisher","unstructured":"Asimakopoulos, A. G., & Thomaidis, N. S. (2015). Bisphenol A, 4-t-octylphenol, and 4-nonylphenol determination in serum by Hybrid Solid Phase Extraction-Precipitation Technology technique tailored to liquid chromatography-tandem mass spectrometry. Journal of Chromatography B, (986-987) p. 85-93.","DOI":"10.1016\/j.jchromb.2015.02.009"},{"key":"ref2","doi-asserted-by":"publisher","unstructured":"Bechambi, O., Najjar, W., & Sayadi, S. (2016). The nonylphenol degradation under UV irradiation in the presence of Ag-ZnO nanorods: Effect of parameters and degradation pathway. Journal of the Taiwan Institute of Chemical Engineers, (60), p.496-501.","DOI":"10.1016\/j.jtice.2015.11.017"},{"key":"ref3","doi-asserted-by":"publisher","unstructured":"Bokern, M., & Harms, H. H. (1997). Toxicity and metabolism of 4-n-nonylphenol in cell suspension cultures of different plant species. Environmental Science and Technology, 31(7), p.1849-1854.","DOI":"10.1021\/es960353r"},{"key":"ref4","doi-asserted-by":"publisher","unstructured":"Bolong, N., Ismail, A. F., Salim, M. R., & Matsuura, T. (2009). A review of the effects of emerging contaminants in wastewater and options for their removal. Desalination, 238(1-3), p. 229-246.","DOI":"10.1016\/j.desal.2008.03.020"},{"key":"ref5","doi-asserted-by":"publisher","unstructured":"Buitr\u00f3n, G., Torres-Bojorges, A. X., & Cea-Barcia, G. (2015). Removal of p-nonylphenol isomers using nitrifying sludge in a membrane sequencing batch reactor. Chemical Engineering Journal, (281), p. 860-868.","DOI":"10.1016\/j.cej.2015.07.018"},{"key":"ref6","doi-asserted-by":"publisher","unstructured":"Cabana, H., Jiwan, J. L. H., Rozenberg, R., Elisashvili, V., Penninckx, M., Agathos, S. N., & Jones, J. P. (2007). Elimination of endocrine disrupting chemicals nonylphenol and bisphenol A and personal care product ingredient triclosan using enzyme preparation from the white rot fungus Coriolopsis polyzona. Chemosphere, 67(4), p.770-778.","DOI":"10.1016\/j.chemosphere.2006.10.037"},{"key":"ref7","doi-asserted-by":"publisher","unstructured":"Careghini, A., Mastorgio, A. F., Saponaro, S., & Sezenna, E. (2014). Bisphenol A, nonylphenols, benzophenones, and benzotriazoles in soils, groundwater, surface water, sediments, and food: a review. Environmental Science and Pollution Research, (22), p. 5711-5741","DOI":"10.1007\/s11356-014-3974-5"},{"key":"ref8","doi-asserted-by":"publisher","unstructured":"C\u00e9spedes, R., Skryjov\u00e1, K., Rakov\u00e1, M., Zeravik, J., Fr\u00e1nek, M., Lacorte, S., & Barcel\u00f3, D. (2006). Validation of an enzyme-linked immunosorbent assay (ELISA) for the determination of 4-nonylphenol and octylphenol in surface water samples by LC-ESI-MS. Talanta, 70(4), p. 745-751.","DOI":"10.1016\/j.talanta.2006.07.001"},{"key":"ref9","doi-asserted-by":"publisher","unstructured":"Chang, B. V., Chiang, F., & Yuan, S. Y. (2005). Anaerobic degradation of nonylphenol in sludge. Chemosphere, 59(10), p.1415-1420.","DOI":"10.1016\/j.chemosphere.2004.12.055"},{"key":"ref10","doi-asserted-by":"publisher","unstructured":"Chen, R., Yin, P., Zhao, L., Yu, Q., Hong, A., & Duan, S. (2014). Spatial-temporal distribution and potential ecological risk assessment of nonylphenol and octylphenol in riverine outlets of Pearl River Delta, China. Journal of Environmental Sciences (China), 26(11), p. 2340-2347.","DOI":"10.1016\/j.jes.2014.09.019"},{"key":"ref11","doi-asserted-by":"publisher","unstructured":"Cheng, G., Sun, M., Yao, L., Wang, L., Sorial, G. A., Xu, X., & Lou, L. (2015). Investigation into the feasibility of black carbon for remediation of nonylphenol polluted sediment through desorption kinetics after different order spiking. Chemosphere, (138), p. 568-575.","DOI":"10.1016\/j.chemosphere.2015.07.017"},{"key":"ref12","doi-asserted-by":"publisher","unstructured":"Cherniaev, A. P., Kondakova, A. S., & Zyk, E. N. (2016). Contents of 4-Nonylphenol in Surface Sea Water of Amur Bay (Japan\/East Sea). Achievements in the Life Sciences 10 (2016) p.65-71.","DOI":"10.1016\/j.als.2016.05.006"},{"key":"ref13","doi-asserted-by":"publisher","unstructured":"Czech, T., Bonilla, N. B., Gambus, F., Gonz\u00e1lez, R. R., Mar\u00edn-S\u00e1ez, J., Vidal, J. L. M., & Frenich, A. G. (2016). Fast analysis of 4-tertoctylphenol, pentachlorophenol and 4-nonylphenol in river sediments by QuEChERS extraction procedure combined with GC-QqQ-MS\/MS. Science of the Total Environment, 557-558 (2016) p.681-687.","DOI":"10.1016\/j.scitotenv.2016.03.135"},{"key":"ref14","doi-asserted-by":"publisher","unstructured":"Deborde, M., Rabouan, S., Mazellier, P., Duguet, J. P., & Legube, B. (2008). Oxidation of bisphenol A by ozone in aqueous solution. Water Research, 42(16), p.4299-4308.","DOI":"10.1016\/j.watres.2008.07.015"},{"key":"ref15","doi-asserted-by":"publisher","unstructured":"Diehl, J., Johnson, S. E., Xia, K., West, A., & Tomanek, L. (2012). The distribution of 4-nonylphenol in marine organisms of North American Pacific Coast estuaries. Chemosphere, 87(5), p.490-497.","DOI":"10.1016\/j.chemosphere.2011.12.040"},{"key":"ref16","unstructured":"Diehl, J., Johnson, S. E., Xia, K., West, A., Tomanek, L., Cortazar, E., Shi, W. (2005). Optimization of microwave-assisted extraction for the determination of nonylphenols and phthalate esters in sediment samples and comparison with pressurised solvent extraction. Chemosphere, 223(23), p.5616-5623."},{"key":"ref17","doi-asserted-by":"publisher","unstructured":"Duan, P., Hu, C., Butler, H. J., Quan, C., Chen, W., Huang, W., Yang, K. (2016). Effects of 4-nonylphenol on spermatogenesis and induction of testicular apoptosis through oxidative stress-related pathways, (62), p.27-38.","DOI":"10.1016\/j.reprotox.2016.04.016"},{"key":"ref18","doi-asserted-by":"publisher","unstructured":"Dulov, A., Dulova, N., & Trapido, M. (2013). Photochemical degradation of nonylphenol in aqueous solution: The impact of pH and hydroxyl radical promoters. Journal of Environmental Sciences (China), 25(7), p.1326-1330.","DOI":"10.1016\/S1001-0742(12)60205-8"},{"key":"ref19","doi-asserted-by":"publisher","unstructured":"Dzinun, H., Othman, M. H. D., Ismail, A. F., Puteh, M. H., Rahman, M. A., & Jaafar, J. (2016). Photocatalytic degradation of nonylphenol using co-extruded dual-layer hollow fibre membranes incorporated with a different ratio of TiO2\/PVDF. Reactive and Functional Polymers, (99), p.80-87.","DOI":"10.1016\/j.reactfunctpolym.2015.12.011"},{"key":"ref20","unstructured":"EPA. (2015). Use of High Throughput Assays and Computational Tools in the Endocrine Disruptor Screening Program. Retrieved from https:\/\/www.epa.gov\/endocrine-disruption\/use-high-throughput-assays-and-computational-tools-endocrine-disruptor#screening."},{"key":"ref21","doi-asserted-by":"publisher","unstructured":"Fairbairn, D. J., Karpuzcu, M. E., Arnold, W. A., Barber, B. L., Kaufenberg, E. F., Koskinen, W. C., Swackhamer, D. L. (2016). Sources and transport of contaminants of emerging concern: A two-year study of occurrence and spatiotemporal variation in a mixed land use watershed. Science of the Total Environment (551-552) p.605-613.","DOI":"10.1016\/j.scitotenv.2016.02.056"},{"key":"ref22","doi-asserted-by":"publisher","unstructured":"Fytianos, K. I., Pegiadou, S., Raikos, N., Eleftheriadis, I., & Tsoukali, H. (1997). Determination of Non-Ionic Surfactants (Polyethoxylated-Nonylphenols) By HPLC in Waste Waters Polyethoxylated nonylphenols are important surfactants used commercially for many years as. Science, 35(7), p.1423-1429.","DOI":"10.1016\/S0045-6535(97)00215-4"},{"key":"ref23","unstructured":"Gil, J., Soto, M., Usma, J., & Guti\u00e9rrez, O. (2012). Contaminantes emergentes en aguas, efectos y posibles tratamientos. Producci\u00f3n M\u00e1s Limpia, 7(2), p. 52-73."},{"key":"ref24","doi-asserted-by":"publisher","unstructured":"Guenther, K., Heinke, V., Thiele, B., Kleist, E., Prast, H., & Raecker, T. (2002). Endocrine disrupting nonylphenols are ubiquitous in food. Environ. Sci. Technol (36), p.1676-1680.","DOI":"10.1021\/es010199v"},{"key":"ref25","doi-asserted-by":"publisher","unstructured":"Guerreiro, A., Soares, A., Piletska, E., Mattiasson, B., & Piletsky, S. (2008). Preliminary evaluation of new polymer matrix for solid-phase extraction of nonylphenol from water samples. Analytica Chimica Acta, 612(1), p.99-104.","DOI":"10.1016\/j.aca.2008.02.010"},{"key":"ref26","doi-asserted-by":"publisher","unstructured":"Gundersen, J. L. (2001). Separation of isomers of nonylphenol and select nonylphenol polyethoxylates by high-performance liquid chromatography on a graphitic carbon column. Journal of Chromatography A, 914(1-2), p.161-166.","DOI":"10.1016\/S0021-9673(00)01235-8"},{"key":"ref27","doi-asserted-by":"publisher","unstructured":"Hsu, F. Y., Wang, Z. Y., & Chang, B. V. (2013). Use of microcapsules with electrostatically immobilized bacterial cells or enzyme extract to remove nonylphenol in wastewater sludge. Chemosphere, 91(6), p.745-750.","DOI":"10.1016\/j.chemosphere.2013.02.019"},{"key":"ref28","doi-asserted-by":"publisher","unstructured":"Ince, N. H., G\u00fcltekin, I., & Tezcanli-G\u00fcyer, G. (2009). Sonochemical destruction of nonylphenol: Effects of pH and hydroxyl radical scavengers. Journal of Hazardous Materials, 172(2-3), p.739-743.","DOI":"10.1016\/j.jhazmat.2009.07.058"},{"key":"ref29","doi-asserted-by":"publisher","unstructured":"Karci, A., Arslan-Alaton, I., & Bekbolet, M. (2013). Advanced oxidation of a commercially important nonionic surfactant: Investigation of degradation products and toxicity. Journal of Hazardous Materials, (263), p.275-282.","DOI":"10.1016\/j.jhazmat.2013.03.052"},{"key":"ref30","doi-asserted-by":"publisher","unstructured":"Kim, J., Korshin, G. V., & Velichenko, A. B. (2005). Comparative study of electrochemical degradation and ozonation of nonylphenol. Water Research, 39(12), p.2527-2534.","DOI":"10.1016\/j.watres.2005.04.070"},{"key":"ref31","doi-asserted-by":"publisher","unstructured":"Kostura, B., \u0160kuta, R., Plach\u00e1, D., Kukutschov\u00e1, J., & Mat\u00fdsek, D. (2015). Mg-Al-CO3 hydrotalcite removal of persistent organic disruptor - Nonylphenol from aqueous solutions. Applied Clay Science, (114), p.234-238.","DOI":"10.1016\/j.clay.2015.05.030"},{"key":"ref32","doi-asserted-by":"publisher","unstructured":"Kuch, H. M., & Ballschmiter, K. (2001). Determination of endocrine-disrupting phenolic compounds and estrogens in surface and drinking water by HRGC-(NCI)-MS in the picogram per liter range. Environmental Science and Technology, 35(15), p.3201-3206.","DOI":"10.1021\/es010034m"},{"key":"ref33","doi-asserted-by":"publisher","unstructured":"Kuzikova, I., Safronova, V., Zaytseva, T., & Medvedeva, N. (2016). Fate and effects of nonylphenol in the filamentous fungus Penicillium expan- sum isolated from the bottom sediments of the Gulf of Finland. Journal of Marine Systems, in press.","DOI":"10.1016\/j.jmarsys.2016.06.003"},{"key":"ref34","doi-asserted-by":"publisher","unstructured":"Lang, W., Dejma, C., Sirisansaneeyakul, S., & Sakairi, N. (2009). Biosorption of nonylphenol on dead biomass of Rhizopus arrhizus encapsulated in chitosan beads. Bioresource Technology, 100(23), p.5616-5623.","DOI":"10.1016\/j.biortech.2009.06.021"},{"key":"ref35","doi-asserted-by":"publisher","unstructured":"Lee, C. C., Jiang, L. Y., Kuo, Y. L., Hsieh, C. Y., Chen, C. S., & Tien, C. J. (2013). The potential role of water quality parameters on occurrence of nonylphenol and bisphenol A and identification of their discharge sources in the river ecosystems. Chemosphere, 91(7), p.904-911.","DOI":"10.1016\/j.chemosphere.2013.02.006"},{"key":"ref36","doi-asserted-by":"publisher","unstructured":"Lee, C., Jiang, L., Kuo, Y., Chen, C., Hsieh, C., Hung, C., & Tien, C. (2015). Characteristics of nonylphenol and bisphenol an accumulation by fish and implications for ecological and human health, (502), p. 417-425.","DOI":"10.1016\/j.scitotenv.2014.09.042"},{"key":"ref37","doi-asserted-by":"publisher","unstructured":"Li, X., Chen, S., Li, L., Quan, X., & Zhao, H. (2014). Electrochemically enhanced adsorption of nonylphenol on carbon nanotubes: Kinetics and isotherms study. Journal of Colloid and Interface Science, (415), p.159-164.","DOI":"10.1016\/j.jcis.2013.10.021"},{"key":"ref38","doi-asserted-by":"publisher","unstructured":"Lin, T., Yu, S., & Chen, W. (2016). Occurrence, removal and risk assessment of pharmaceutical and personal care products (PPCPs) in an advanced drinking water treatment plant (ADWTP) around Taihu Lake in China. Chemosphere, (152), p.1-9.","DOI":"10.1016\/j.chemosphere.2016.02.109"},{"key":"ref39","doi-asserted-by":"publisher","unstructured":"Loos, R., Hanke, G., Umlauf, G., & Eisenreich, S. J. (2007). LC-MS-MS analysis and occurrence of octyl- and nonylphenol, their ethoxylates and their carboxylates in Belgian and Italian textile industry, wastewater treatment plant effluents and surface waters. Chemosphere, 66(4), p. 690-699.","DOI":"10.1016\/j.chemosphere.2006.07.060"},{"key":"ref40","doi-asserted-by":"publisher","unstructured":"Lu, J., Jin, Q., He, Y., Wu, J., & Zhao, J. (2008). Biodegradation of nonylphenol polyethoxylates under sulfate-reducing conditions. Science of the Total Environment, 399(1-3), p.121-127.","DOI":"10.1016\/j.scitotenv.2008.01.003"},{"key":"ref41","doi-asserted-by":"publisher","unstructured":"Lu, Z., & Gan, J. (2014). Analysis, toxicity, occurrence and biodegradation of nonylphenol isomers: A review. Environment International, (73), p.334-345.","DOI":"10.1016\/j.envint.2014.08.017"},{"key":"ref42","doi-asserted-by":"publisher","unstructured":"Martinez-Zapata, M., Aristiz\u00e1bal, C., & Pe\u00f1uela, G. (2013). Photodegradation of the endocrine-disrupting chemicals 4n-nonylphenol and triclosan by simulated solar UV irradiation in aqueous solutions with Fe(III) and in the absence\/presence of humic acids. Journal of Photochemistry and Photobiology A: Chemistry, (251), p.41-49.","DOI":"10.1016\/j.jphotochem.2012.10.009"},{"key":"ref43","doi-asserted-by":"publisher","unstructured":"Meador, J. P., Yeh, A., Young, G., & Gallagher, E. P. (2016). Contaminants of emerging concern in a large temperate estuary. Environmental Pollution, (213), p.254-267.","DOI":"10.1016\/j.envpol.2016.01.088"},{"key":"ref44","doi-asserted-by":"publisher","unstructured":"Nakada, N., Tanishima, T., Shinohara, H., Kiri, K., & Takada, H. (2006). Pharmaceutical chemicals and endocrine disrupters in municipal wastewater in Tokyo and their removal during activated sludge treatment. Water Research, 40(17), p.3297-3303.","DOI":"10.1016\/j.watres.2006.06.039"},{"key":"ref45","doi-asserted-by":"publisher","unstructured":"Naya, S. I., Nikawa, T., Kimura, K., & Tada, H. (2013). Rapid and complete removal of nonylphenol by gold nanoparticle\/rutile titanium (IV) oxide plasmon photocatalyst. ACS Catalysis, 3(5), p.903-907.","DOI":"10.1021\/cs400169u"},{"key":"ref46","doi-asserted-by":"publisher","unstructured":"Ning, B., Graham, N. J. D., & Zhang, Y. (2007). Degradation of octylphenol and nonylphenol by ozone - Part II: Indirect reaction. Chemosphere, 68(6), p.1173-1179.","DOI":"10.1016\/j.chemosphere.2007.01.056"},{"key":"ref47","doi-asserted-by":"publisher","unstructured":"Noguera-Oviedo, K., & Aga, D. S. (2016). Lessons Learned from more than Two Decades of Research on Emerging Contaminants in the Environment. Journal of Hazardous Materials (316) p.242-251.","DOI":"10.1016\/j.jhazmat.2016.04.058"},{"key":"ref48","doi-asserted-by":"publisher","unstructured":"\u00d6mero\u0287lu, S., Murdoch, F. K., & Sanin, F. D. (2015). Investigation of nonylphenol and nonylphenol ethoxylates in sewage sludge samples from a metropolitan wastewater treatment plant in Turkey. Talanta, (131), p.650-655.","DOI":"10.1016\/j.talanta.2014.08.014"},{"key":"ref49","doi-asserted-by":"publisher","unstructured":"Pan, J., Li, L., Hang, H., Ou, H., Zhang, L., Yan, Y., & Shi, W. (2013). Study on the nonylphenol removal from aqueous solution using magnetic molecularly imprinted polymers based on fly-ash-cenospheres. Chemical Engineering Journal, (223), p.824-832.","DOI":"10.1016\/j.cej.2013.02.004"},{"key":"ref50","doi-asserted-by":"publisher","unstructured":"Peng, F., Ji, W., Zhu, F., Peng, D., Yang, M., Liu, R., \u2026 Yin, L. (2016). A study on phthalate metabolites, bisphenol A and nonylphenol in the urine of Chinese women with unexplained recurrent spontaneous abortion. Environmental Research, in press.","DOI":"10.1016\/j.envres.2016.04.003"},{"key":"ref51","doi-asserted-by":"publisher","unstructured":"Peng, J., Wang, G., Zhang, D., Zhang, D., & Li, X. (2016). Journal of Photochemistry and Photobiology A: Chemistry Photodegradation of nonylphenol in aqueous solution by simulated solar UV-irradiation: The comprehensive effect of nitrate, ferric ion and bicarbonate, (326), p.9-15.","DOI":"10.1016\/j.jphotochem.2016.04.015"},{"key":"ref52","doi-asserted-by":"publisher","unstructured":"Pothitou, P., & Voutsa, D. (2008). Endocrine disrupting compounds in municipal and industrial wastewater treatment plants in Northern Greece. Chemosphere, 73(11), p.1716-1723.","DOI":"10.1016\/j.chemosphere.2008.09.037"},{"key":"ref53","doi-asserted-by":"publisher","unstructured":"Rabouan, S., Dupuis, A., Cariot, A., Albouy-Llaty, M., Migeot, V., Cariot, A.; Legube, B. (2012). Analytical chemistry and metrological issues related to nonylphenols in environmental health. TrAC - Trends in Analytical Chemistry, (37), p.112-123.","DOI":"10.1016\/j.trac.2012.02.013"},{"key":"ref54","doi-asserted-by":"publisher","unstructured":"Rodgers-gray, T. P., Jobling, S., Morris, S., Kelly, C., Kirby, S., Janbakhsh, A., Tyler, C. R. (2001). Long-term temporal changes in the estrogenic composition of treated sewage ef uent and its biological effects on fish. Environ. Sci. Technol., 34(8), p.1521-1528.","DOI":"10.1021\/es991059c"},{"key":"ref55","doi-asserted-by":"publisher","unstructured":"Ros, O., Vallejo, A., Blanco-Zubiaguirre, L., Olivares, M., Delgado, A., Etxebarria, N., & Prieto, A. (2015). Microextraction with polyethersulfone for Bisphenol-A, alkylphenols and hormones determination in water samples by means of gas chromatography-mass spectrometry and liquid chromatography-tandem mass spectrometry analysis. Talanta, (134), p. 247-255.","DOI":"10.1016\/j.talanta.2014.11.015"},{"key":"ref56","doi-asserted-by":"publisher","unstructured":"Sayed, A. E. D. H., Mohamed, N. H., Ismail, M. A., Abdel-Mageed, W. M., & Shoreit, A. A. M. (2016). Antioxidant and antiapoptotic activities of Calotropis procera latex on Catfish (Clarias gariepinus) exposed to toxic 4-nonylphenol. Ecotoxicology and Environmental Safety, (128), p.189-194.","DOI":"10.1016\/j.ecoenv.2016.02.023"},{"key":"ref57","doi-asserted-by":"publisher","unstructured":"She, Y., Wang, J., Zheng, Y., Cao, W., Wang, R., Dong, F., Wu, L. (2012). Determination of nonylphenol ethoxylate metabolites in vegetables and crops by high performance liquid chromatography-tandem mass spectrometry. Food Chemistry, 132(1), p.502-507.","DOI":"10.1016\/j.foodchem.2011.09.131"},{"key":"ref58","doi-asserted-by":"publisher","unstructured":"Shirdel, I., & Kalbassi, M. R. (2016). Effects of nonylphenol on key hormonal balances and histopathology of the endangered Caspian brown trout (Salmo trutta caspius). Comparative Biochemistry and Physiology Part - C: Toxicology and Pharmacology, (183-184), p. 28-35.","DOI":"10.1016\/j.cbpc.2016.01.003"},{"key":"ref59","doi-asserted-by":"publisher","unstructured":"Snyder, S. a., Keith, T. L., Verbrugge, D. A., Snyder, E. M., Gross, T. S., Kannan, K., & Giesy, J. P. (1999). Analytical Methods for Detection of Selected Estrogenic Compounds in Aqueous Mixtures. Environmental Science & Technology, 33(16), p.2814-2820.","DOI":"10.1021\/es981294f"},{"key":"ref60","doi-asserted-by":"publisher","unstructured":"Soares, A., Guieysse, B., Jefferson, B., Cartmell, E., & Lester, J. N. (2008). Nonylphenol in the environment: A critical review on occurrence, fate, toxicity and treatment in wastewaters. Environment International, 34(7), p.1033-1049.","DOI":"10.1016\/j.envint.2008.01.004"},{"key":"ref61","doi-asserted-by":"publisher","unstructured":"Sumpter, J. P., & Jobling, S. (1995). Vitellogenesis as a biomarker for estrogenic contamination of the aquatic environment. Environmental Health Perspectives, 103(SUPPL. 7), p.173-178.","DOI":"10.1289\/ehp.95103s7173"},{"key":"ref62","doi-asserted-by":"publisher","unstructured":"Uchiyama, T., Makino, M., Saito, H., Katase, T., & Fujimoto, Y. (2008). Syntheses and estrogenic activity of 4-nonylphenol isomers. Chemosphere, 73(1 SUPPL.), p.60-65.","DOI":"10.1016\/j.chemosphere.2006.12.103"},{"key":"ref63","doi-asserted-by":"publisher","unstructured":"Verderame, M., Prisco, M., Andreuccetti, P., Aniello, F., & Limatola, E. (2011). Experimentally nonylphenol-polluted diet induces the expression of silent genes VTG and ER\u03b1 in the liver of male lizard Podarcis sicula. Environmental Pollution, 159(5), p.1101-1107.","DOI":"10.1016\/j.envpol.2011.02.017"},{"key":"ref64","doi-asserted-by":"publisher","unstructured":"Villegas, L. G. C., Mashhadi, N., Chen, M., Mukherjee, D., Taylor, K. E., & Biswas, N. (2016). A Short Review of Techniques for Phenol Removal from Wastewater. Current Pollution Reports, (2)157-167.","DOI":"10.1007\/s40726-016-0035-3"},{"key":"ref65","doi-asserted-by":"publisher","unstructured":"Vincent, M. D., & Sneddon, J. (2009). Nonylphenol: An overview and its determination in oysters and wastewaters and preliminary degradation results from laboratory experiments. Microchemical Journal, 92(1), p. 112-118.","DOI":"10.1016\/j.microc.2009.02.005"},{"key":"ref66","doi-asserted-by":"publisher","unstructured":"Wang, P. W., Chen, M. L., Huang, L. W., Yang, W., Wu, K. Y., & Huang, Y. F. (2015). Prenatal nonylphenol exposure, oxidative and nitrative stress, and birth outcomes: A cohort study in Taiwan. Environmental Pollution, (207), p.145-151.","DOI":"10.1016\/j.envpol.2015.08.044"},{"key":"ref67","doi-asserted-by":"publisher","unstructured":"Xin, Y., Gao, M., Wang, Y., & Ma, D. (2014). Photoelectrocatalytic degradation of 4-nonylphenol in water with WO3\/TiO2 nanotube array photoelectrodes. Chemical Engineering Journal, (242), p.162-169.","DOI":"10.1016\/j.cej.2013.12.068"},{"key":"ref68","doi-asserted-by":"publisher","unstructured":"Xu, L. J., Chu, W., Lee, P. H., & Wang, J. (2016). The mechanism study of efficient degradation of hydrophobic nonylphenol in solution by a chemical-free technology of sonophotolysis. Journal of Hazardous Materials, (308), p.386-393.","DOI":"10.1016\/j.jhazmat.2016.01.075"},{"key":"ref69","doi-asserted-by":"publisher","unstructured":"Ying, G. G., Kookana, R. S., & Ru, Y. J. (2002). Occurrence and fate of hormone steroids in the environment. Environment International (28) p. 545- 551.","DOI":"10.1016\/S0160-4120(02)00075-2"},{"key":"ref70","doi-asserted-by":"publisher","unstructured":"Ying, G.-G., Williams, B., & Kookana, R. (2002). Environmental fate of alkylphenols and alkylphenol ethoxylates--a review. Environment International, 28(3), p.215-226.","DOI":"10.1016\/S0160-4120(02)00017-X"},{"key":"ref71","doi-asserted-by":"publisher","unstructured":"Zgo\u0142a-Grze\u015bkowiak, A., Grze\u015bkowiak, T., Rydlichowski, R., & \u0141ukaszewski, Z. (2009). Determination of nonylphenol and short-chained nonylphenol ethoxylates in drain water from an agricultural area. Chemosphere, 75(4), p.513-518.","DOI":"10.1016\/j.chemosphere.2008.12.022"},{"key":"ref72","doi-asserted-by":"publisher","unstructured":"Zhang, A., & Li, Y. (2014). Removal of phenolic endocrine disrupting compounds from waste activated sludge using UV, H2O2, and UV\/H2O2 oxidation processes: Effects of reaction conditions and sludge matrix. Science of the Total Environment, (493), p","DOI":"10.1016\/j.scitotenv.2014.05.149"}],"container-title":["Revista de Investigaci\u00f3n Agraria y Ambiental"],"link":[{"URL":"https:\/\/hemeroteca.unad.edu.co\/index.php\/riaa\/article\/download\/3235\/3663","content-type":"application\/pdf","content-version":"vor","intended-application":"text-mining"},{"URL":"https:\/\/hemeroteca.unad.edu.co\/index.php\/riaa\/article\/download\/3235\/3625","content-type":"text\/html","content-version":"vor","intended-application":"text-mining"},{"URL":"https:\/\/hemeroteca.unad.edu.co\/index.php\/riaa\/article\/download\/3235\/3663","content-type":"unspecified","content-version":"vor","intended-application":"similarity-checking"}],"deposited":{"date-parts":[[2020,7,29]],"date-time":"2020-07-29T19:05:51Z","timestamp":1596049551000},"score":0.0,"resource":{"primary":{"URL":"https:\/\/hemeroteca.unad.edu.co\/index.php\/riaa\/article\/view\/3235"}},"issued":{"date-parts":[[2019,12,11]]},"references-count":73,"journal-issue":{"issue":"1","published-online":{"date-parts":[[2019,12,11]]}},"URL":"https:\/\/doi.org\/10.22490\/21456453.3235","ISSN":["2145-6453","2145-6097"],"issn-type":[{"value":"2145-6453","type":"electronic"},{"value":"2145-6097","type":"print"}],"published":{"date-parts":[[2019,12,11]]}},{"indexed":{"date-parts":[[2025,12,4]],"date-time":"2025-12-04T18:38:22Z","timestamp":1764873502698},"reference-count":0,"publisher":"Universidad Nacional Abierta y a Distancia","issue":"1","license":[{"start":{"date-parts":[[2012,6,9]],"date-time":"2012-06-09T00:00:00Z","timestamp":1339200000000},"content-version":"unspecified","delay-in-days":0,"URL":"http:\/\/creativecommons.org\/licenses\/by\/4.0"}],"content-domain":{"domain":[],"crossmark-restriction":false},"short-container-title":["Rev. Investig. UNAD"],"abstract":"<jats:p>La formaci\u00f3n ciudadana es una de las principales problem\u00e1ticas de la formaci\u00f3n universitaria actual en Colombia. Las cambiantes condiciones del entorno social nacional e internacional suscitadas por fen\u00f3menos como la globalizaci\u00f3n, las nuevas tecnolog\u00edas de la informaci\u00f3n y las comunicaciones, la disminuci\u00f3n del papel del Estado, entre otros, exigen una movilizaci\u00f3n y una participaci\u00f3n cada vez m\u00e1s activa de ciudadanos \u00edntegros, cr\u00edticos, reflexivos, responsables y part\u00edcipes en la formulaci\u00f3n e implementaci\u00f3n de pol\u00edticas p\u00fablicas. Ante esto, resulta imprescindible comprender que el \u00e1mbito de lo p\u00fablico no se ci\u00f1e de manera exclusiva al espacio \u00abprivilegiado\u00bb a la hora del ejercicio de las responsabilidades administrativas y la pr\u00e1ctica de principios \u00e9ticos (provenientes de entes de car\u00e1cter p\u00fablico). Por el contrario, aquel \u00e1mbito debe manifestarse en un sentido amplio como el espacio p\u00fablico donde el ejercicio de la opini\u00f3n p\u00fablica y la discusi\u00f3n cr\u00edtica cobren especial importancia en la construcci\u00f3n de pol\u00edticas p\u00fablicas. Estas \u00faltimas, dada su pretensi\u00f3n de legitimidad y validez, se obligan a la aprobaci\u00f3n y al asentimiento ciudadano constituyendo as\u00ed su principio y su fin.<\/jats:p>","DOI":"10.22490\/25391887.771","type":"journal-article","created":{"date-parts":[[2017,7,11]],"date-time":"2017-07-11T14:42:53Z","timestamp":1499784173000},"page":"35","source":"Crossref","is-referenced-by-count":2,"title":["Formaci\u00f3n ciudadana en Colombia: una propuesta para la universidad desde la perspectiva te\u00f3rica de J\u00fcrgen Habermas"],"prefix":"10.22490","volume":"11","author":[{"given":"Carlos Fernando","family":"Cort\u00e9s Baquero","sequence":"first","affiliation":[],"role":[{"role":"author","vocabulary":"crossref"}]},{"given":"Jhan Carlos","family":"Ram\u00edrez","sequence":"additional","affiliation":[],"role":[{"role":"author","vocabulary":"crossref"}]}],"member":"9784","published-online":{"date-parts":[[2012,6,9]]},"container-title":["Revista de Investigaciones UNAD"],"link":[{"URL":"http:\/\/hemeroteca.unad.edu.co\/index.php\/revista-de-investigaciones-unad\/article\/viewFile\/771\/1410","content-type":"application\/pdf","content-version":"vor","intended-application":"text-mining"}],"deposited":{"date-parts":[[2017,7,11]],"date-time":"2017-07-11T14:44:05Z","timestamp":1499784245000},"score":0.0,"resource":{"primary":{"URL":"http:\/\/hemeroteca.unad.edu.co\/index.php\/revista-de-investigaciones-unad\/article\/view\/771"}},"issued":{"date-parts":[[2012,6,9]]},"references-count":0,"journal-issue":{"issue":"1","published-online":{"date-parts":[[2012,6,9]]}},"URL":"https:\/\/doi.org\/10.22490\/25391887.771","ISSN":["2539-1887","0124-793X"],"issn-type":[{"value":"2539-1887","type":"electronic"},{"value":"0124-793X","type":"print"}],"published":{"date-parts":[[2012,6,9]]}},{"indexed":{"date-parts":[[2025,12,17]],"date-time":"2025-12-17T22:57:38Z","timestamp":1766012258226},"reference-count":0,"publisher":"Universidad Nacional Abierta y a Distancia","issue":"2","license":[{"start":{"date-parts":[[2011,10,7]],"date-time":"2011-10-07T00:00:00Z","timestamp":1317945600000},"content-version":"unspecified","delay-in-days":0,"URL":"https:\/\/creativecommons.org\/licenses\/by\/4.0\/deed.es"}],"content-domain":{"domain":[],"crossmark-restriction":false},"short-container-title":["rev.investig.agrar.ambient."],"abstract":"<jats:p>La producci\u00f3n animal urbana y periurbana en pa\u00edses tropicales constituye una estrategia v\u00e1lida para mejorar la nutrici\u00f3n humana, el autoconsumo familiar, la generaci\u00f3n de ingresos, el ahorro y las condiciones de vida. Mediante estudios de caso se revisaron experiencias de cr\u00eda animal (porc\u00edcola, acu\u00edcola, de leche, av\u00edcola, cun\u00edcola y ap\u00edcola) en algunas ciudades del mundo para contribuir a resolver problemas de abastecimiento de alimentos en \u00e1reas urbanas y periurbanas. Se destacan las limitaciones (pol\u00edticas, legales, sanitarias y ambientales) y las estrategias de intervenci\u00f3n buscando soluciones a los problemas. Se concluy\u00f3 que a partir de las experiencias positivas alrededor del mundo, es posible introducir consideraciones de sostenibilidad en la crianza animal urbana y periurbana.<\/jats:p>","DOI":"10.22490\/21456453.927","type":"journal-article","created":{"date-parts":[[2017,3,28]],"date-time":"2017-03-28T17:10:59Z","timestamp":1490721059000},"page":"51","source":"Crossref","is-referenced-by-count":1,"title":["Revisi\u00f3n de experiencias urbanas y periurbanas de cr\u00eda animal como alternativa de seguridad alimentaria"],"prefix":"10.22490","volume":"2","author":[{"given":"Camilo Ernesto","family":"Seija Fl\u00f3rez","sequence":"first","affiliation":[],"role":[{"role":"author","vocabulary":"crossref"}]}],"member":"9784","published-online":{"date-parts":[[2011,10,7]]},"container-title":["Revista de Investigaci\u00f3n Agraria y Ambiental"],"link":[{"URL":"http:\/\/hemeroteca.unad.edu.co\/index.php\/riaa\/article\/viewFile\/927\/919","content-type":"application\/pdf","content-version":"vor","intended-application":"text-mining"}],"deposited":{"date-parts":[[2017,3,28]],"date-time":"2017-03-28T17:11:07Z","timestamp":1490721067000},"score":0.0,"resource":{"primary":{"URL":"http:\/\/hemeroteca.unad.edu.co\/index.php\/riaa\/article\/view\/927"}},"issued":{"date-parts":[[2011,10,7]]},"references-count":0,"journal-issue":{"issue":"2","published-online":{"date-parts":[[2011,10,7]]}},"URL":"https:\/\/doi.org\/10.22490\/21456453.927","ISSN":["2145-6453","2145-6097"],"issn-type":[{"value":"2145-6453","type":"electronic"},{"value":"2145-6097","type":"print"}],"published":{"date-parts":[[2011,10,7]]}},{"institution":[{"name":"Universidad Nacional Abierta y a Distancia","acronym":["UNAD"],"place":["Bogot\u00e1"],"department":["Cundinamarca"]}],"indexed":{"date-parts":[[2025,12,11]],"date-time":"2025-12-11T17:48:09Z","timestamp":1765475289986,"version":"3.48.0"},"reference-count":31,"publisher":"Sello Editorial UNAD","content-domain":{"domain":[],"crossmark-restriction":false},"published-print":{"date-parts":[[2025,12,9]]},"abstract":"<jats:p>Contextualizaci\u00f3n del tema: La avicultura, una rama destacada dentro de las diversas actividades del sector agropecuario, ha experimentado un crecimiento acelerado en los \u00faltimos a\u00f1os. Este crecimiento se ha observado tanto a nivel global como nacional, impulsado por los avances significativos en gen\u00e9tica, nutrici\u00f3n y manejo animal. La industria av\u00edcola, con sus m\u00faltiples sectores y \u00e1reas de actuaci\u00f3n en el \u00e1mbito empresarial, t\u00e9cnico, comercial y de servicios, se posiciona en el panorama macroecon\u00f3mico como uno de los segmentos de mayor relevancia y crecimiento dentro del sector pecuario en el pa\u00eds.\n\nVac\u00edo de investigaci\u00f3n: Se identifica la necesidad de proporcionar a los estudiantes de avicultura una visi\u00f3n integral y fundamentada de los sistemas de producci\u00f3n av\u00edcola, que abarque desde los aspectos hist\u00f3ricos y productivos hasta los elementos t\u00e9cnicos de manejo, bioseguridad y certificaci\u00f3n de granjas.\n\nProp\u00f3sito del estudio: El objetivo del documento es orientar al estudiante de avicultura mediante una visi\u00f3n general y los fundamentos de la avicultura, centrado en temas relacionados con un sistema de producci\u00f3n. Se busca que el estudiante logre una comprensi\u00f3n clara del desarrollo de la industria del huevo y la carne, que son los principales objetivos de la explotaci\u00f3n av\u00edcola.\n\nMetodolog\u00eda: El documento se estructura en tres cap\u00edtulos que abordan los componentes de un sistema de producci\u00f3n av\u00edcola. El primer cap\u00edtulo presenta generalidades de la producci\u00f3n av\u00edcola, incluyendo los antecedentes de la industria, las razas y los diferentes procesos de producci\u00f3n. El segundo cap\u00edtulo se centra en el manejo de las aves, abarcando aspectos de nutrici\u00f3n y sanidad. Finalmente, el tercer cap\u00edtulo aborda el proceso de bioseguridad y certificaci\u00f3n de granjas.\n\nResultados y conclusiones: Esta nota de campus permitir\u00e1 al estudiante tener una comprensi\u00f3n clara e integral del desarrollo de la industria av\u00edcola, abarcando los principales componentes de los sistemas de producci\u00f3n que sustentan la explotaci\u00f3n del huevo y la carne como productos principales del sector.\n\nEste documento apoya los procesos de aprendizaje de los cursos \"Sistemas de Producci\u00f3n Av\u00edcola\" y \"L\u00ednea de profundizaci\u00f3n en sistemas de producci\u00f3n av\u00edcola\".<\/jats:p>","DOI":"10.22490\/notas.9410","type":"report","created":{"date-parts":[[2025,12,11]],"date-time":"2025-12-11T17:42:06Z","timestamp":1765474926000},"source":"Crossref","is-referenced-by-count":0,"title":["Fundamentos y generalidades de la Avicultura"],"prefix":"10.22490","author":[{"given":"Manuel Emilio","family":"Gomez Candel","sequence":"first","affiliation":[],"role":[{"role":"author","vocabulary":"crossref"}]},{"given":"Lucerina","family":"Artunduaga Pimentel","sequence":"additional","affiliation":[],"role":[{"role":"author","vocabulary":"crossref"}]}],"member":"9784","published-online":{"date-parts":[[2025,12,9]]},"reference":[{"key":"ref0","unstructured":"Agronegocios. (2023). M\u00e1s de 259 millones de animales hacen parte de las actividades pecuarias del agro. https:\/\/www.agronegocios.co\/agricultura\/asi-esta-el-mapa-de-la-poblacion-pecuaria-3617839"},{"key":"ref1","unstructured":"Agrotecnolog\u00eda La Colina. (2020). \u00bfPor Qu\u00e9 Es Tan Importante Una Buena Alimentaci\u00f3n En La Avicultura? https:\/\/lacolina.com.ec\/por-que-es-tan-importante-una-buena-alimentacion-en-la-avicultura-ecuador-lacolina\/"},{"key":"ref2","unstructured":"Alonso Pesado, F., Casta\u00f1eda Serrano. M., Escorcia Mart\u00ednez, M. & Merino Guzm\u00e1n, R. (s.f.). Unidad 7: Zootecnia de aves. https:\/\/fmvz.unam.mx\/fmvz\/p_estudios\/apuntes_zoo\/unidad_7_aves.pdf"},{"key":"ref3","unstructured":"AviNews. (2022). La importancia de la cr\u00eda en la producci\u00f3n de las gallinas de puesta. https:\/\/avinews.com\/la-cria-y-su-importancia-en-la-produccion-de-las-gallinas-de-puesta\/"},{"key":"ref4","unstructured":"Bolsa mercantil de Colombia - Gerencia Corporativa de Anal\u00edtica y Estudios Econ\u00f3micos (2023). An\u00e1lisis de producto - sector av\u00edcola. https:\/\/www.bolsamercantil.com.co\/sites\/default\/files\/2023-05\/Informe%20sector%20av%C3%ADcola%20-%20Final%20difusi%C3%B3n_0.pdf"},{"key":"ref5","unstructured":"Cu\u00e9llar S\u00e1enz, J. (2021). Sistemas de producci\u00f3n av\u00edcola y alojamiento en gallinas ponedoras. https:\/\/www.veterinariadigital.com\/articulos\/sistemas-de-produccion-avicola-y-alojamiento-en-gallinas-ponedoras\/#:~:text=El%20primer%20tipo%20se%20denomina,libre%20y%20otra%20con%20cubierta"},{"key":"ref6","unstructured":"Eco.business Fund Latinoam\u00e9rica & el Caribe (2021). Gu\u00eda para granjas av\u00edcolas. https:\/\/www.ecobusiness.fund\/fileadmin\/user_upload\/Sustainability_Academy\/Rescursos\/Guia_para_granjas_avicolas_con_resumen.pdf"},{"key":"ref7","unstructured":"El sitio av\u00edcola (s.f.). Interrelaci\u00f3n entre estr\u00e9s, nutrici\u00f3n y enfermedad en avicultura. https:\/\/www.elsitioavicola.com\/articles\/2346\/interrelacian-entre-estras-nutrician-y-enfermedad-en-avicultura-i\/"},{"key":"ref8","unstructured":"Estrada, C. (2022). Todo el huevo que consume el colombiano es nacional y Santander lidera la industria. https:\/\/www.agronegocios.co\/agricultura\/todo-el-huevo-que-consume-el-colombiano-es-nacional-y-santander-lidera-la-industria-3364897"},{"key":"ref9","unstructured":"FAO. (2013). Revisi\u00f3n del desarrollo av\u00edcola. https:\/\/www.fao.org\/4\/i3531s\/i3531s.pdf"},{"key":"ref10","unstructured":"FENAVI (s.f.). Aspectos productivos y administrativos en la industria av\u00edcola. https:\/\/fenavi.org\/wp-content\/uploads\/2019\/02\/ASPECTOS-PRODUCTIVOS-Y-ADMINISTRATIVOS-EN-LA-INDUSTRIA-AV%C3%8DCOLA.pdf"},{"key":"ref11","unstructured":"FENAVI. (s.f.). Bioseguridad en la industria av\u00edcola. https:\/\/fenavi.org\/wp-content\/uploads\/2019\/02\/BIOSEGURIDAD-EN-LA-INDUSTRIA-AV%C3%8DCOLA.pdf"},{"key":"ref12","unstructured":"FENAVI. (2014). Gu\u00eda Ambiental para el Subsector Av\u00edcola. https:\/\/fenavi.org\/wpcontent\/uploads\/2018\/05\/GUIA_AMBIENTAL_SUBSECTOR_AVICOLA.pdf"},{"key":"ref13","unstructured":"FENAVI. (2023). El sector av\u00edcola registra un crecimiento sostenido de 1.2% en el 2023. https:\/\/avicultores.com\/el-sector-avicola-registra-un-crecimiento-sostenido-de-1-2-en-el-2023\/"},{"key":"ref14","unstructured":"Fundaci\u00f3n FUDE (s.f.). Caracter\u00edsticas de una granja av\u00edcola. https:\/\/www.educativo.net\/articulos\/caracteristicas-de-una-granja-avicola-1061.html#:~:text=Una%20granja%20av%C3%ADcola%20es%20un%20establecimiento%20agropecuario%20dedicado%20a%20la,principalmente%20pollos%20y%20gallinas%20ponedoras"},{"key":"ref15","unstructured":"Instituto Colombiano Agropecuario - ICA (s.f.). Las buenas pr\u00e1cticas de bioseguridad en granjas de reproducci\u00f3n aviar y plantas de incubaci\u00f3n: Conceptos B\u00e1sicos para su Aplicaci\u00f3n en Colombia. https:\/\/www.ica.gov.co\/getattachment\/af9943f9-87a5-4897-9962-2d414fa0fdbf\/publicacion-10.aspx"},{"key":"ref16","unstructured":"ICA. Resoluci\u00f3n 3650 de 2014. Instituto Colombiano Agropecuario - ICA. Por medio de la cual se establecen los requisitos para el registro como productor de material gen\u00e9tico aviar y expedici\u00f3n de licencias de venta de material gen\u00e9tico aviar\". 13 de noviembre de 2014. https:\/\/www.ica.gov.co\/getattachment\/3c2f3642-85a5-4622-91b5-5a31597c2cb4\/2014R3-(1).aspx"},{"key":"ref17","unstructured":"ICA. Resoluci\u00f3n 3651 de 2014. Instituto Colombiano Agropecuario - ICA. Por medio de la cual se establecen los requisitos para la certificaci\u00f3n de granjas av\u00edcolas bioseguras de postura y\/o levante y se dictan otras disposiciones. 13 de noviembre de 2014. https:\/\/www.ica.gov.co\/getattachment\/b8cb4efd-a1b4-409e-a11d-c81b91f59025\/2014R3651.aspx"},{"key":"ref18","unstructured":"ICA. Resoluci\u00f3n 3652 de 2014. Instituto Colombiano Agropecuario - ICA. Por medio de la cual se establecen los requisitos para la Certificaci\u00f3n de Granjas Av\u00edcolas Bioseguras de engorde y se dictan otras disposiciones. 13 de noviembre de 2014. https:\/\/www.ica.gov.co\/getattachment\/124802ad-c49c-470d-809e-a9ce5ad3db76\/2014R3652.aspx"},{"key":"ref19","unstructured":"ICA. Resoluci\u00f3n 1515 de 2015. Instituto Colombiano Agropecuario - ICA. Por medio de la cual se establecen los requisitos para obtener el Registro Sanitario de predio Av\u00edcola. 21 de mayo de 2015. https:\/\/sioc.minagricultura.gov.co\/Avicola\/Normatividad\/Resoluci%C3%B3n%201515%20de%202015.pdf"},{"key":"ref20","unstructured":"ICA. (2024). Censos Pecuarios Nacional. https:\/\/www.ica.gov.co\/areas\/pecuaria\/servicios\/epidemiologia-veterinaria\/censos-2016\/censo-2018"},{"key":"ref21","unstructured":"Lera, R. (s.f.). Bioseguridad en Avicultura | La Gu\u00eda Definitiva para tus Granjas Av\u00edcolas. https:\/\/colaves.com\/bioseguridad-en-avicultura\/"},{"key":"ref22","unstructured":"Ley 1255 de 2008. Por la cual se declara de inter\u00e9s social nacional y como prioridad sanitaria la creaci\u00f3n de un programa que preserve el estado sanitario de pa\u00eds libre de Influenza Aviar, as\u00ed como el control y erradicaci\u00f3n de la enfermedad del Newcastle en el territorio nacional y se dictan otras medidas encaminadas a fortalecer el desarrollo del sector av\u00edcola nacional. 28 de Noviembre de 2008. Diario Oficial No. 47.187 de 28 de noviembre de 2008 congreso de la rep\u00fablica."},{"key":"ref23","unstructured":"Lino, J. & Calsina, A. (2021). Alimentaci\u00f3n y nutrici\u00f3n animal. Instituto IDEMA. Arequipa - Ecuador. http:\/\/books.institutoidema.org\/sites\/default\/files\/2021_03_15_12_36_51_george_90_hotmail.com_ALIMENTACION_AVICOLA.pdf"},{"key":"ref24","unstructured":"LOHMANN BREEDERS GmbH. (s.f.). Higiene y seguridad: Gu\u00eda t\u00e9cnica. https:\/\/lohmann-breeders.com\/files\/downloads\/MG\/Technical%20Guides\/LB_TG-Hygiene_ES.pdf"},{"key":"ref25","unstructured":"Murcia J. (2022). Cobb y Ross, las dos l\u00edneas gen\u00e9ticas manejadas en pollos de engorde en Colombia. AGRONEGOCIOS. https:\/\/www.agronegocios.co\/agricultura\/cobb-y-ross-las-dos-lineas-geneticas-manejadas-en-pollos-de-engorde-en-colombia-3449100"},{"key":"ref26","unstructured":"Navarro, C. (2018). Buenas pr\u00e1cticas av\u00edcolas. https:\/\/rdu.unc.edu.ar\/bitstream\/handle\/11086\/6348\/Navarro%2C%20C.%20Gu%C3%ADa%20de%20buenas%20pr%C3%A1cticas%20en%20la%20producci%C3%B3n%20av%C3%ADcola.pdf?sequence=1&isAllowed=y"},{"key":"ref27","unstructured":"Puga, F. (2020). Par\u00e1metros productivos importancia en producci\u00f3n av\u00edcola. https:\/\/bmeditores.mx\/avicultura\/parametros-productivos-importancia-en-produccion-avicola\/"},{"key":"ref28","unstructured":"Revista Selecciones av\u00edcolas. (s.f.). Lo que hay que saber del control ambiental en avicultura. Volumen 77. https:\/\/avicultura.com\/lo-que-hay-que-saber-del-control-ambiental-en-avicultura\/"},{"key":"ref29","unstructured":"SESA, CONAVE, IICA. (s.f.). Buenas pr\u00e1cticas de producci\u00f3n av\u00edcola. Serie - Manuales de Implementaci\u00f3n. https:\/\/conave.org\/wp-content\/uploads\/2019\/manual-buenas-practicas-agricolas\/medicamentos.pdf"},{"key":"ref30","unstructured":"Toscana Sociedad Av\u00edcola. (2019). \u00bfCu\u00e1les son las gallinas ponedoras? https:\/\/www.avicolatoscana.com\/cuales-son-las-gallinas-ponedoras\/"}],"deposited":{"date-parts":[[2025,12,11]],"date-time":"2025-12-11T17:43:07Z","timestamp":1765474987000},"score":0.0,"resource":{"primary":{"URL":"https:\/\/publicaciones.unad.edu.co\/index.php\/notas\/article\/view\/9410"}},"issued":{"date-parts":[[2025,12,9]]},"references-count":31,"URL":"https:\/\/doi.org\/10.22490\/notas.9410","published":{"date-parts":[[2025,12,9]]}},{"indexed":{"date-parts":[[2025,8,21]],"date-time":"2025-08-21T18:01:50Z","timestamp":1755799310285,"version":"3.44.0"},"reference-count":0,"publisher":"Universidad Nacional Abierta y a Distancia","issue":"2","license":[{"start":{"date-parts":[[2025,7,15]],"date-time":"2025-07-15T00:00:00Z","timestamp":1752537600000},"content-version":"unspecified","delay-in-days":0,"URL":"http:\/\/creativecommons.org\/licenses\/by-nc-sa\/4.0"}],"content-domain":{"domain":[],"crossmark-restriction":false},"short-container-title":["rev.investig.agrar.ambient."],"abstract":"<jats:p>Context: The assessment of water infiltration in various soil types is fundamental for the sustainable management of water and soil resources. Accurate measurement methods are needed to advance our understanding of infiltration processes and to support effective water management practices that maintain soil integrity.\nKnowledge Gapgap: While progress has been made in infiltration measurement techniques, the extent to which automated systems can enhance accuracy and inform sustainable water and soil management strategies remains unclear.\nPurpose: This study investigates how the use of automated systems can improve the accuracy of soil water infiltration measurements, contributing to more effective strategies for sustainable management of water and soil resources.\nMethods: The study examines the relationship between the physical composition of soils in a toposequence of three distinct types (Latosol, Argisol, Neosol) and their water infiltration rates. An automated system incorporating a ring infiltrometer, ultrasonic sensor, and Arduino microcontroller was used for continuous infiltration measurements in the soils of the Tiet\u00ea-Batalha watershed, S\u00e3o Paulo (SP), Brazil.\nResults and Conclusions: The findings show that Neosol had an average infiltration rate of 52.18 \u00b1 6.88 mm h-1, Argisol recorded a rate of 47.20 \u00b1 1.64 mm h-1, and Latosol exhibited a lower average of 37.76 \u00b1 1.15 mm h-1. The results demonstrate the advantages of integrating automated technology into soil analysis, revealing a partial correlation between soil physical properties and infiltration rates. Although challenges remain in implementing automated systems, their use enhances the understanding of hydrological processes and supports more informed decisions in sustainable resource management.\nRecommendations and Future future Perspectives: Future research should investigate the influence of climatic and environmental factors on measurement accuracy, as well as the broader implications for sustainable management practices across different environmental conditions. These areas of inquiry are important for advancing knowledge and improving strategies for conserving water and soil resources.<\/jats:p>","DOI":"10.22490\/21456453.8031","type":"journal-article","created":{"date-parts":[[2025,8,19]],"date-time":"2025-08-19T16:46:14Z","timestamp":1755621974000},"page":"273-295","source":"Crossref","is-referenced-by-count":0,"title":["Automated measurement of water infiltration: implications for sustainable water management in different soil types","Medici\u00f3n automatizada de la infiltraci\u00f3n de agua: implicaciones para la gesti\u00f3n sostenible del agua en diferentes tipos de suelo"],"prefix":"10.22490","volume":"16","author":[{"given":"Luis Fernando","family":"Fantti","sequence":"first","affiliation":[],"role":[{"role":"author","vocabulary":"crossref"}]},{"given":"Willian Jos\u00e9","family":"Ferreira","sequence":"additional","affiliation":[],"role":[{"role":"author","vocabulary":"crossref"}]},{"given":"Marcelo dos Santos","family":"Targa","sequence":"additional","affiliation":[],"role":[{"role":"author","vocabulary":"crossref"}]},{"given":"Julio Cesar Raposo de","family":"Almeida","sequence":"additional","affiliation":[],"role":[{"role":"author","vocabulary":"crossref"}]},{"given":"Rafael Barbosa","family":"Rodrigues","sequence":"additional","affiliation":[],"role":[{"role":"author","vocabulary":"crossref"}]},{"given":"Marcos Cleve da","family":"Silva","sequence":"additional","affiliation":[],"role":[{"role":"author","vocabulary":"crossref"}]}],"member":"9784","published-online":{"date-parts":[[2025,7,15]]},"container-title":["Revista de Investigaci\u00f3n Agraria y Ambiental"],"link":[{"URL":"https:\/\/hemeroteca.unad.edu.co\/index.php\/riaa\/article\/download\/8031\/8012","content-type":"application\/pdf","content-version":"vor","intended-application":"text-mining"},{"URL":"https:\/\/hemeroteca.unad.edu.co\/index.php\/riaa\/article\/download\/8031\/8012","content-type":"unspecified","content-version":"vor","intended-application":"similarity-checking"}],"deposited":{"date-parts":[[2025,8,19]],"date-time":"2025-08-19T16:46:14Z","timestamp":1755621974000},"score":0.0,"resource":{"primary":{"URL":"https:\/\/hemeroteca.unad.edu.co\/index.php\/riaa\/article\/view\/8031"}},"issued":{"date-parts":[[2025,7,15]]},"references-count":0,"journal-issue":{"issue":"2","published-online":{"date-parts":[[2025,7,15]]}},"URL":"https:\/\/doi.org\/10.22490\/21456453.8031","ISSN":["2145-6453","2145-6097"],"issn-type":[{"type":"electronic","value":"2145-6453"},{"type":"print","value":"2145-6097"}],"published":{"date-parts":[[2025,7,15]]}},{"indexed":{"date-parts":[[2025,9,19]],"date-time":"2025-09-19T01:20:21Z","timestamp":1758244821642,"version":"3.44.0"},"reference-count":0,"publisher":"Universidad Nacional Abierta y a Distancia","issue":"44","license":[{"start":{"date-parts":[[2025,7,1]],"date-time":"2025-07-01T00:00:00Z","timestamp":1751328000000},"content-version":"unspecified","delay-in-days":0,"URL":"https:\/\/creativecommons.org\/licenses\/by-nc-sa\/4.0"}],"content-domain":{"domain":[],"crossmark-restriction":false},"short-container-title":["NOVA"],"abstract":"<jats:p>El tercio distal del radio es la localizacio\u0301n ma\u0301s frecuente de los tumores de ce\u0301lulas gigantes (TCG) en la extremidad superior. Este caso presenta una forma cli\u0301nica inusual, caracte-izada por una progresio\u0301n agresiva y patrones de recurrencia ati\u0301picos. La complejidad del caso resalta la variabilidad biolo\u0301gica de los TCG y la necesidad de terapias conservadoras e innovadoras, que prioricen la preservacio\u0301n de la extremidad y un seguimiento extendido ma\u0301s alla\u0301 de los protocolos habituales. El tratamiento debe equilibrar la preservacio\u0301n funcional y la prevencio\u0301n de recurrencias y complicaciones. Debido a la falta de esta\u0301ndares claros en el tratamiento quiru\u0301rgico, se han descrito mu\u0301ltiples te\u0301cnicas. Este estudio proporciona una visio\u0301n general de la evaluacio\u0301n de los TCG en el radio distal, analiza opciones terape\u0301uticas y ofrece un resumen actualizado de los resultados. El tratamiento quiru\u0301rgico debe considerar el grado tumoral, la afectacio\u0301n articular y factores individuales del paciente. Las opciones incluyen legrado intralesional o reseccio\u0301n en bloque con reconstruccio\u0301n. En cuanto a la reconstruccio\u0301n, se buscan procedimientos que preserven la articulacio\u0301n radiocarpiana. Los tumores de grado 1 (clasificacio\u0301n de Campanacci) se tratan exitosamente con te\u0301cnicas conservadoras; en tumores de grado 3, se recomienda la reseccio\u0301n de la articulacio\u0301n para prevenir recurrencias. El manejo de tumores de grado 2 sigue siendo objeto de debate. Cuando es posible preservar la superficie articular, el legrado intralesional con adyuvantes ha demostrado buenos resultados, reserva\u0301ndose la reseccio\u0301n en bloque para casos donde un legrado agresivo no es factible.<\/jats:p>","DOI":"10.22490\/24629448.9970","type":"journal-article","created":{"date-parts":[[2025,7,3]],"date-time":"2025-07-03T10:25:02Z","timestamp":1751538302000},"page":"203-216","source":"Crossref","is-referenced-by-count":0,"title":["Caso cli\u0301nico: Tumor de ce\u0301lulas gigantes de tercio distal de radio. Diagno\u0301stico, tratamiento quiru\u0301rgico","Clinical case: Giant cell tumor of the distal third of the radius. Diagnosis, surgical treatment"],"prefix":"10.22490","volume":"23","author":[{"ORCID":"https:\/\/orcid.org\/0009-0001-7401-1103","authenticated-orcid":false,"given":"Juan Fernando","family":"Agudelo Berrio","sequence":"first","affiliation":[],"role":[{"role":"author","vocabulary":"crossref"}]},{"ORCID":"https:\/\/orcid.org\/0000-0001-8656-9406","authenticated-orcid":false,"given":"Alfredo","family":"Jimenez Rodriguez","sequence":"additional","affiliation":[],"role":[{"role":"author","vocabulary":"crossref"}]},{"ORCID":"https:\/\/orcid.org\/0000-0003-0720-1326","authenticated-orcid":false,"given":"Johao Sebastian","family":"Jim\u00e9nez Ospina","sequence":"additional","affiliation":[],"role":[{"role":"author","vocabulary":"crossref"}]},{"ORCID":"https:\/\/orcid.org\/0009-0004-4841-8761","authenticated-orcid":false,"given":"Isabella  Sofia","family":"Jim\u00e9nez","sequence":"additional","affiliation":[],"role":[{"role":"author","vocabulary":"crossref"}]},{"ORCID":"https:\/\/orcid.org\/0009-0003-8790-6146","authenticated-orcid":false,"given":"Raynier","family":"Mozo","sequence":"additional","affiliation":[],"role":[{"role":"author","vocabulary":"crossref"}]}],"member":"9784","published-online":{"date-parts":[[2025,7,1]]},"container-title":["Revista Nova publicaci\u00f3n cient\u00edfica en ciencias biom\u00e9dicas"],"link":[{"URL":"https:\/\/hemeroteca.unad.edu.co\/index.php\/nova\/article\/download\/9970\/7922","content-type":"application\/pdf","content-version":"vor","intended-application":"text-mining"},{"URL":"https:\/\/hemeroteca.unad.edu.co\/index.php\/nova\/article\/download\/9970\/7922","content-type":"unspecified","content-version":"vor","intended-application":"similarity-checking"}],"deposited":{"date-parts":[[2025,9,18]],"date-time":"2025-09-18T16:18:41Z","timestamp":1758212321000},"score":0.0,"resource":{"primary":{"URL":"https:\/\/hemeroteca.unad.edu.co\/index.php\/nova\/article\/view\/9970"}},"issued":{"date-parts":[[2025,7,1]]},"references-count":0,"journal-issue":{"issue":"44","published-online":{"date-parts":[[2025,1,15]]}},"URL":"https:\/\/doi.org\/10.22490\/24629448.9970","ISSN":["2462-9448","1794-2470"],"issn-type":[{"type":"electronic","value":"2462-9448"},{"type":"print","value":"1794-2470"}],"published":{"date-parts":[[2025,7,1]]}},{"institution":[{"name":"Universidad Nacional Abierta y a Distancia","acronym":["UNAD"],"place":["Bogot\u00e1"],"department":["Cundinamarca"]}],"indexed":{"date-parts":[[2025,12,19]],"date-time":"2025-12-19T21:22:41Z","timestamp":1766179361789,"version":"3.48.0"},"reference-count":18,"publisher":"Sello Editorial UNAD","content-domain":{"domain":[],"crossmark-restriction":false},"published-print":{"date-parts":[[2025,12,18]]},"abstract":"<jats:p>Contextualizaci\u00f3n del tema: La agricultura del municipio del L\u00edbano (Tolima), a lo largo de los a\u00f1os, ha enfrentado grandes desaf\u00edos que se enmarcan en los inconvenientes con la degradaci\u00f3n del suelo, esto aunado a los grandes costos de los insumos y a la utilizaci\u00f3n de fertilizantes qu\u00edmicos que, por desconocimiento, afectan significativamente la sostenibilidad ambiental. De acuerdo con esto, el desarrollo de actividades enmarcadas en la conservaci\u00f3n del suelo por medio de pr\u00e1cticas org\u00e1nicas se establece como una alternativa asertiva que permite promover la sostenibilidad agr\u00edcola y con ello el aporte al cumplimiento de los objetivos de desarrollo sostenible (ODS). A pesar de que los agricultores han mostrado m\u00e1s inter\u00e9s en la conservaci\u00f3n del suelo y la protecci\u00f3n del medio ambiente gracias a la agricultura org\u00e1nica, no se evidencia una acci\u00f3n clara de la comunidad porque se implemente a gran escala la producci\u00f3n de este tipo de abono y que permita evidenciar la efectividad del abono tipo bocashi en temas importantes como el aumento en la fertilidad de los suelos, el rendimiento en tiempo y en productividad de los cultivos en tr\u00f3picos medios y altos del pa\u00eds. Este an\u00e1lisis pretende captar la atenci\u00f3n sobre todo de la comunidad mediante la validaci\u00f3n experimental del abono tipo bocashi como insumo sostenible en la producci\u00f3n agr\u00edcola del sector.\n\nVac\u00edo de investigaci\u00f3n: En el ambiente del sector agr\u00edcola del municipio del L\u00edbano, se ha identificado que existe un vac\u00edo significativo en la investigaci\u00f3n aplicada, haciendo referencia a la eficiencia del abono tipo bocashi en condiciones agroecol\u00f3gicas de monta\u00f1a, especialmente cuando se hace referencia a la efectividad que podr\u00eda tener en cultivos que son el sustento para los campesinos.\n\nMetodolog\u00eda: Este estudio de campo se desarroll\u00f3 por medio de un an\u00e1lisis de campo que cuenta con un enfoque experimental de acuerdo con los lineamientos del Project Management Institute (PMI). Este ejercicio se inici\u00f3 con el desarrollo de encuestas a productores rurales, la captura de microorganismos de monta\u00f1a, la elaboraci\u00f3n del abono tipo bocashi y la aplicaci\u00f3n en algunos cultivos experimentales de cilantro que adelantaron los estudiantes del semillero Ruralidad, Ambiente y Sostenibilidad (RAS).\n\nResultados y conclusiones:Se puede evidenciar en los resultados que el uso del bocashi aument\u00f3 significativamente la altura, n\u00famero de ramas y el rendimiento en tiempo del cultivo, comparado con el testigo utilizado sin fertilizaci\u00f3n, hubo una reducci\u00f3n significativa en el tiempo a cosecha. De acuerdo con lo anteriormente mencionado, es posible concluir que el abono se establece como una alternativa sostenible, amigable con el medio ambiente, viable y econ\u00f3mica para la producci\u00f3n agr\u00edcola del sector rural, que contribuye adem\u00e1s a los ODS 2 (Hambre cero), 13 (Acci\u00f3n por el clima) y 15 (Vida de ecosistemas terrestres), y fomenta la conservaci\u00f3n de suelos a la protecci\u00f3n del agua, del medio ambiente y, sobre todo, a la producci\u00f3n limpia.<\/jats:p>","DOI":"10.22490\/ecapma.8854","type":"report","created":{"date-parts":[[2025,12,19]],"date-time":"2025-12-19T21:18:01Z","timestamp":1766179081000},"source":"Crossref","is-referenced-by-count":0,"title":["Estrategias de producci\u00f3n org\u00e1nica basadas en el uso de fertilizante tipo bocashi para el fortalecimiento de la agricultura sostenible en el municipio de L\u00edbano, Tolima."],"prefix":"10.22490","author":[{"given":"Magda I","family":"Agudelo","sequence":"first","affiliation":[],"role":[{"role":"author","vocabulary":"crossref"}]},{"given":"Lensy Milena","family":"Murcia Castiblanco","sequence":"additional","affiliation":[],"role":[{"role":"author","vocabulary":"crossref"}]}],"member":"9784","published-online":{"date-parts":[[2025,12,18]]},"reference":[{"key":"ref0","unstructured":"Aguirre-El\u00edas, R. Y., C\u00e1ceres-Ascencio, C. E. y Gonz\u00e1lez Romero, C. H. (2011). Dise\u00f1o de una planta de compostaje para la micro regi\u00f3n Centro y Sur del departamento de Ahuacha. Repositorio UES. https:\/\/repositorio.ues.edu.sv\/items\/61b3e4ca-c21e-402a-ae62-5275654532d0"},{"key":"ref1","unstructured":"Alcald\u00eda Municipal del L\u00edbano. (2023). Plan de Gesti\u00f3n Integral de Residuos S\u00f3lidos - L\u00edbano, Tolima (PGIRS). https:\/\/www.libano-tolima.gov.co\/Transparencia\/PlaneacionGestionyControl\/PLAN%20DE%20GESTI%C3%93N%20INTEGRAL%20DE%20RESIDUOS%20S%C3%93LIDOS%20L%C3%8DBANO%20TOLIMA.pdf. Alcald\u00eda del L\u00edbano"},{"key":"ref2","unstructured":"Alcald\u00eda Municipal del L\u00edbano (s.f.). Plan B\u00e1sico de Ordenamiento Territorial (PBOT) - L\u00edbano, Tolima. Repositorio municipal \/ Repositorio ESAP. https:\/\/www.libano-tolima.gov.co\/Transparencia\/PlaneacionGestionyControl\/Plan%20B%C3%A1sico%20de%20Ordenamiento%20Territorial%20-%20PBOT.pdf. Alcald\u00eda del L\u00edbano+1"},{"key":"ref3","unstructured":"Castro, L., Murillo, M., Uribe, L. y Mata, R. (2015). Inoculaci\u00f3n al suelo con pseudomonas fluorescens, azospirillum oryzae, bacillus subtilis y microorganismos de monta\u00f1a (mm) y su efecto sobre un sistema de rotaci\u00f3n soya-tomate bajo condiciones de invernadero. https:\/\/www.scielo.sa.cr\/scielo.php?script=sci_arttext&pid=S0377-94242015000300021"},{"key":"ref4","unstructured":"Estay-Niculcar, C. A., Pastor-Collado, J. A. & Gracia-Villar, S. (2004). Action-researching with the PMBOK\u00ae guide. Paper presented at PMI\u00ae Research Conference: Innovations, London, England. Newtown Square, PA: Project Management Institute."},{"key":"ref5","unstructured":"Fandi\u00f1o, G. y Guti\u00e9rrez, S. (2019). Dise\u00f1o e implementaci\u00f3n de un sistema de compostaje como alternativa en la transformaci\u00f3n y utilizaci\u00f3n de los residuos s\u00f3lidos org\u00e1nicos en la Fundaci\u00f3n Manantial de Paz y Esperanza del municipio de Macanal (Boyac\u00e1). [Tesis de pregrado, Universidad Nacional Abierta y a Distancia - UNAD, Escuela de Ciencias Agr\u00edcolas, Pecuarias y del Medio Ambiente, Programa de Ingenier\u00eda Ambiental]. Macanal, Boyac\u00e1."},{"key":"ref6","doi-asserted-by":"publisher","DOI":"10.35197\/rx.04.01.2008.04.jf","article-title":"Importancia de los abonos org\u00e1nicos","author":"F\u00e9lix-Herr\u00e1n","year":"2008","unstructured":"F\u00e9lix-Herr\u00e1n, J. A., Sa\u00f1udo-Torres, R. R., Rojo-Mart\u00ednez, G. E., Mart\u00ednez- Ruiz, R. y Olalde-Portugal, V. (2008). Importancia de los abonos org\u00e1nicos. Revista Ra Ximhai, 4(1), 57-67. Universidad Aut\u00f3noma Ind\u00edgena de M\u00e9xico. http:\/\/www.redalyc.org\/articulo.oa?id=46140104","journal-title":"Revista Ra Ximhai 4(1) 57-67 Universidad Aut\u00f3noma Ind\u00edgena de M\u00e9xico"},{"key":"ref7","unstructured":"Gonz\u00e1lez, L. y P\u00e9rez, R. (2020). Agricultura sustentable y manejo de residuos org\u00e1nicos: El abono bocashi en la producci\u00f3n agr\u00edcola. Editorial Agroverde."},{"key":"ref8","unstructured":"Jord\u00e1n, F. y Pizarro M. (2020). Elaboraci\u00f3n de abono tipo bocashi a partir de residuos org\u00e1nicos de origen dom\u00e9stico y de actividad agropecuaria. https:\/\/hdl.handle.net\/20.500.12394\/10557"},{"key":"ref9","unstructured":"Ministerio de Ambiente y Desarrollo Sostenible (Colombia) \/ Econom\u00eda Circular. (2022). Gu\u00eda Nacional para la adecuada gesti\u00f3n de residuos \/ GTC-24 y resoluciones vinculadas. https:\/\/economiacircular.minambiente.gov.co\/wp-content\/uploads\/2022\/06\/guia-nacional-para-la-adecuada-gestion-de-residuos-colombia-2022.pdf. Econom\u00eda Circular"},{"key":"ref10","doi-asserted-by":"publisher","unstructured":"Montes de Oca Munguia, O., Pannell, D. J. & Llewellyn, R. (2021). Understanding the Adoption of Innovations in Agriculture: A Review of Selected Conceptual Models. Agronomy, 11(1), 139. https:\/\/doi.org\/10.3390\/agronomy11010139","DOI":"10.3390\/agronomy11010139"},{"key":"ref11","unstructured":"Naciones Unidas. (2015). Transformar nuestro mundo: la Agenda 2030 para el Desarrollo Sostenible. https:\/\/sdgs.un.org\/es\/2030agenda"},{"key":"ref12","doi-asserted-by":"publisher","unstructured":"N\u00e1gera, C. y Paredes, B. (2017). Identidad e identificaci\u00f3n: investigaci\u00f3n de campo como herramienta de aprendizaje en el dise\u00f1o de marcas. https:\/\/doi.org\/10.33890\/innova.v2.n10.1.2017.465","DOI":"10.33890\/innova.v2.n10.1.2017.465"},{"key":"ref13","unstructured":"Organizaci\u00f3n de las Naciones Unidas para la Alimentaci\u00f3n y la Agricultura [FAO]. (2014). Manual de Compostaje del Agricultor. https:\/\/www.fao.org\/4\/i3388s\/i3388s.pdf. FAOHome"},{"key":"ref14","unstructured":"Organizaci\u00f3n de las Naciones Unidas para la Alimentaci\u00f3n y la Agricultura [FAO]. (2021). Alimentaci\u00f3n y agricultura sostenibles. Organizaci\u00f3n de las Naciones Unidas para la Alimentaci\u00f3n y la Agricultura. https:\/\/www.fao.org\/sustainability\/es"},{"key":"ref15","unstructured":"Ramos, D. y Terry, E. (2014). El abono org\u00e1nico y su importancia en la sostenibilidad agr\u00edcola. (Fuente verificada en repositorio acad\u00e9mico, no disponible URL p\u00fablica)."},{"key":"ref16","unstructured":"Spink, P. (2007). Replanteando la investigaci\u00f3n de campo: relatos y lugares. Fermentum. Revista Venezolana de Sociolog\u00eda y Antropolog\u00eda, 17(50), 561-574. https:\/\/www.redalyc.org\/pdf\/705\/70505006.pdf"},{"key":"ref17","unstructured":"Unidad Administrativa Especial de Servicios P\u00fablicos (UAESP) - Universidad Nacional de Colombia (Contrato Interadministrativo 369). Gu\u00eda t\u00e9cnica para el aprovechamiento de residuos org\u00e1nicos a peque\u00f1a escala (compostaje y lombricultura). https:\/\/www.uaesp.gov.co\/images\/Guia-UAESP_SR.pdf. UAESP"}],"deposited":{"date-parts":[[2025,12,19]],"date-time":"2025-12-19T21:18:29Z","timestamp":1766179109000},"score":0.0,"resource":{"primary":{"URL":"https:\/\/publicaciones.unad.edu.co\/index.php\/workpaper\/article\/view\/8854"}},"issued":{"date-parts":[[2025,12,18]]},"references-count":18,"URL":"https:\/\/doi.org\/10.22490\/ecapma.8854","published":{"date-parts":[[2025,12,18]]}},{"institution":[{"name":"Universidad Nacional Abierta y a Distancia","acronym":["UNAD"],"place":["Bogot\u00e1"],"department":["Cundinamarca"]}],"indexed":{"date-parts":[[2025,12,19]],"date-time":"2025-12-19T21:33:14Z","timestamp":1766179994232,"version":"3.48.0"},"reference-count":12,"publisher":"Sello Editorial UNAD","content-domain":{"domain":[],"crossmark-restriction":false},"published-print":{"date-parts":[[2025,12,18]]},"abstract":"<jats:p>Contextualizaci\u00f3n: La producci\u00f3n de caf\u00e9 en Colombia es fundamental para la econom\u00eda y el sustento de miles de familias, pero enfrenta desaf\u00edos como la competencia de arvenses por recursos esenciales, lo que reduce la productividad (Salazar &amp; Hincapi\u00e9, 2020). Tradicionalmente, se usan herbicidas qu\u00edmicos, que generan resistencia en arvenses y da\u00f1os ambientales (Labrada &amp; Parker, 1996). Esto ha impulsado la b\u00fasqueda de alternativas sostenibles como las aguas mieles del caf\u00e9, un subproducto rico en compuestos org\u00e1nicos con potencial herbicida.\n\nVac\u00edo de conocimiento: Aunque estudios previos han explorado herbicidas naturales como el muc\u00edlago de cacao, hay poca investigaci\u00f3n sobre la efectividad de las aguas mieles del caf\u00e9, especialmente en condiciones aer\u00f3bicas y anaer\u00f3bicas. Adem\u00e1s, no se ha determinado c\u00f3mo influyen factores como el tiempo de fermentaci\u00f3n y la dosis en su eficacia. Este estudio busca llenar ese vac\u00edo evaluando estos aspectos en el contexto cafetero de La Plata, Huila.\n\nProp\u00f3sito: El objetivo general fue evaluar el efecto de las aguas mieles como m\u00e9todo de control de arvenses. Los objetivos espec\u00edficos incluyeron caracterizar las especies de arvenses presentes, determinar la influencia de tiempos de fermentaci\u00f3n (8, 15 y 24 d\u00edas) y dosis (1 y 5 litros) bajo condiciones aer\u00f3bicas y anaer\u00f3bicas, y monitorear su afectaci\u00f3n en arvenses de hoja ancha y angosta.\n\nMetodolog\u00eda: El estudio se realiz\u00f3 en la finca El Mirador, utilizando 36 marcos de guadua de 1 m\u00b2. Se aplicaron aguas mieles fermentadas en dos condiciones (aer\u00f3bica y anaer\u00f3bica), tres tiempos de fermentaci\u00f3n y dos dosis. La afectaci\u00f3n se midi\u00f3 mediante observaci\u00f3n visual de signos como marchitez y necrosis, calculando porcentajes de afectaci\u00f3n por tipo de hoja.\n\nResultados y conclusiones: Las fermentaciones prolongadas (24 d\u00edas) y dosis altas (5 litros) bajo condiciones anaer\u00f3bicas fueron las m\u00e1s efectivas, logrando hasta un 98.57% de afectaci\u00f3n en arvenses de hoja ancha y 96.67% en hoja angosta. Las arvenses de hoja ancha fueron m\u00e1s sensibles. Estos hallazgos sugieren que las aguas mieles pueden ser una alternativa viable a los herbicidas qu\u00edmicos, reduciendo costos e impactos ambientales. Sin embargo, se recomienda ampliar estudios para evaluar su estabilidad qu\u00edmica y efectos a largo plazo en el suelo.<\/jats:p>","DOI":"10.22490\/ecapma.9932","type":"report","created":{"date-parts":[[2025,12,19]],"date-time":"2025-12-19T21:24:45Z","timestamp":1766179485000},"source":"Crossref","is-referenced-by-count":0,"title":["Control de arvenses agresivas en la zona cafetera mediante el uso de aguas mieles del caf\u00e9 por fermentaci\u00f3n aer\u00f3bica y anaer\u00f3bica."],"prefix":"10.22490","author":[{"given":"Alexander","family":"Castro Polanco","sequence":"first","affiliation":[],"role":[{"role":"author","vocabulary":"crossref"}]},{"given":"Diana Cristina","family":"Medina Valencia","sequence":"additional","affiliation":[],"role":[{"role":"author","vocabulary":"crossref"}]}],"member":"9784","published-online":{"date-parts":[[2025,12,18]]},"reference":[{"key":"ref0","unstructured":"Aguilar Valverde, J. D., & Brenes Prendas, S. (2015). Uso herbicida de las aguas mieles del beneficiado de Coffea arabica.https:\/\/repositorio.earth.ac.cr\/handle\/UEARTH\/517"},{"key":"ref1","unstructured":"Garc\u00eda-Ruiz, I., Delgado-Mora, I., Gil-Gonz\u00e1lez, D., Gonz\u00e1lez-Su\u00e1rez, E., Ben\u00edtez-Trujillo, Y., Jorge-Su\u00e1rez, H., ... & Michelena-\u00c1lvarez, G. Control foliar de arvenses con sustancias alternativas a los herbicidas de s\u00edntesis. https:\/\/www.revista.icidca.azcuba.cu\/wp-content\/uploads\/2023\/03\/Vol.-56-No.-3-2022-.pdf"},{"key":"ref2","unstructured":"Hipo, M. (2017). Aplicaci\u00f3n de muc\u00edlago de semillas de cacao (Theobroma cacao L.) en el control de malezas. https:\/\/repositorio.uta.edu.ec\/items\/143e8de8-5dc7-45ee-999e-013309df788d"},{"key":"ref3","unstructured":"Im\u00e1n, R., & Marily, Y. Fermentaci\u00f3n aer\u00f3bica y anaer\u00f3bica de aguas mieles de cacao en control de malezas en campo de cafeto, caser\u00edo Tunal, distrito Lalaquiz, Huancabamba, Piura-Per\u00fa-2020. https:\/\/repositorio.unp.edu.pe\/handle\/20.500.12676\/3300"},{"key":"ref4","unstructured":"Intagri S.C. (s.f.). Los riesgos de una mala aplicaci\u00f3n de herbicidas. Recuperado el 4 de junio de 2025, de https:\/\/www.intagri.com\/articulos\/fitosanidad\/los-riesgos-de-una-mala-aplicacion-de-herbicidas"},{"key":"ref5","unstructured":"International Coffee Organization, O. I. C. (2023, December). Coffee report and outlook december 2023. (Accessed: 2023-04-12) https:\/\/icocoffee.org\/documents\/cy2023-24\/Coffee_Report_and_Outlook_December_2023_ICO.pdf"},{"key":"ref6","unstructured":"Labrada, R., Caseley, J. C., & Parker, C. (1996). Manejo de malezas para pa\u00edses en desarrollo (Vol. 120). Food & Agriculture Org."},{"key":"ref7","unstructured":"Lozano, A., Samper, L. F., & Garc\u00eda, J. (2011). Las indicaciones geogr\u00e1ficas-ig y la ciencia como instrumento de competitividad: el caso del caf\u00e9 de Colombia. Revista Ensayos sobre Econom\u00eda Cafetera, 27, 11-49."},{"key":"ref8","unstructured":"Puerta Quintero, G. I., Mar\u00edn Mejia, J., & Osorio Betancurt, G. A. (2012). Microbiolog\u00eda de la fermentaci\u00f3n del muc\u00edlago de caf\u00e9 seg\u00fan su madurez y selecci\u00f3n. https:\/\/biblioteca.cenicafe.org\/bitstream\/10778\/536\/1\/arc063%2802%2958-78.pdf"},{"key":"ref9","doi-asserted-by":"publisher","unstructured":"Salazar-Guti\u00e9rrez, L., & Hincapi\u00e9, E. (2020). Las arvenses y su interferencia en los sistemas de producci\u00f3n de caf\u00e9. En Centro Nacional de Investigaciones de Caf\u00e9 (Ed.), Manejo agron\u00f3mico de los sistemas de producci\u00f3n de caf\u00e9 (pp. 124-148). Cenicaf\u00e9. https:\/\/doi.org\/10.38141\/10791\/0002_4","DOI":"10.38141\/10791\/0002_4"},{"key":"ref10","unstructured":"Superintendencia de la Econom\u00eda Solidaria. (2024, mayo 15). Norma T\u00e9cnica Sectorial NTS 002 de 2024. https:\/\/www.supersolidaria.gov.co\/sites\/default\/files\/gad_2024\/20240515_nts_002.pdf"},{"key":"ref11","unstructured":"Trujillo Gonz\u00e1lez, E. E. (2025). Evaluaci\u00f3n de aguas mieles del caf\u00e9 como m\u00e9todo de control de arvenses de alta interferencia en zona cafetera del municipio de La Plata, Huila. Universidad Nacional Abierta y a Distancia - UNAD. http:\/\/hdl.handle.net\/10596\/68986"}],"deposited":{"date-parts":[[2025,12,19]],"date-time":"2025-12-19T21:25:08Z","timestamp":1766179508000},"score":0.0,"resource":{"primary":{"URL":"https:\/\/publicaciones.unad.edu.co\/index.php\/workpaper\/article\/view\/9932"}},"issued":{"date-parts":[[2025,12,18]]},"references-count":12,"URL":"https:\/\/doi.org\/10.22490\/ecapma.9932","published":{"date-parts":[[2025,12,18]]}},{"indexed":{"date-parts":[[2025,11,25]],"date-time":"2025-11-25T19:17:29Z","timestamp":1764098249317,"version":"3.46.0"},"reference-count":0,"publisher":"Universidad Nacional Abierta y a Distancia","issue":"2","license":[{"start":{"date-parts":[[2025,6,26]],"date-time":"2025-06-26T00:00:00Z","timestamp":1750896000000},"content-version":"unspecified","delay-in-days":0,"URL":"https:\/\/creativecommons.org\/licenses\/by-nc-nd\/4.0"}],"content-domain":{"domain":[],"crossmark-restriction":false},"short-container-title":["EducT. Educ. Virtual Innov. Tecnol."],"abstract":"<jats:p>Este estudio busca mejorar la viabilidad de proyectos productivos formulados por aprendices del programa de articulaci\u00f3n con la educaci\u00f3n media en el SENA Fusagasug\u00e1. Para ello, se dise\u00f1\u00f3 y valid\u00f3 una caja de herramientas pedag\u00f3gicas interactivas, promoviendo la innovaci\u00f3n educativa al facilitar la comprensi\u00f3n y aplicaci\u00f3n de conceptos financieros clave. Se emple\u00f3 un enfoque mixto con alcance descriptivo-correlacional y la metodolog\u00eda Design Thinking. La muestra incluy\u00f3 132 aprendices, aplicando pruebas de conducta de entrada y test-retest con un nivel de confianza del 95% y un margen de error del 5%. La confiabilidad de los instrumentos se valid\u00f3 mediante Kuder-Richardson KR20 (91%). Adem\u00e1s, se realizaron Focus Groups con expertos y un an\u00e1lisis PESTEL para evaluar factores externos.\nLos resultados evidenciaron una mejora del 50% en el desempe\u00f1o promedio, con incrementos en an\u00e1lisis FODA (+56.8%) y c\u00e1lculo de costos (+53.0%). La caja de herramientas fortaleci\u00f3 las habilidades financieras y la autonom\u00eda en la toma de decisiones.\nSe concluye que la innovaci\u00f3n educativa transforma la formaci\u00f3n t\u00e9cnica, aunque enfrenta limitaciones tecnol\u00f3gicas en entornos rurales. Se recomienda escalar el modelo a otros programas de educaci\u00f3n t\u00e9cnica e integrar inteligencia artificial y realidad aumentada para optimizar la ense\u00f1anza de viabilidad financiera.<\/jats:p>","DOI":"10.22490\/unad.27452115.9243","type":"journal-article","created":{"date-parts":[[2025,11,25]],"date-time":"2025-11-25T19:14:17Z","timestamp":1764098057000},"page":"51-70","source":"Crossref","is-referenced-by-count":0,"title":["Caja de herramientas para mejorar la viabilidad de Proyectos Productivos formulados por aprendices articulados con el\u00a0SENA\u00a0Fusagasug\u00e1","Toolbox to Improve the Viability of Productive Projects Formulated by Apprentices Articulated with SENA Fusagasug\u00e1","Uso de An\u00e1lise da idea\u00e7\u00e3osuicida expressa em redes sociales por meio de um modelo de aprendizagem profunda"],"prefix":"10.22490","volume":"5","author":[{"ORCID":"https:\/\/orcid.org\/0009-0000-4603-8029","authenticated-orcid":false,"given":"Angelica Mar\u00eda","family":"Escobar Martinez","sequence":"first","affiliation":[],"role":[{"role":"author","vocabulary":"crossref"}]},{"ORCID":"https:\/\/orcid.org\/0009-0007-2208-3416","authenticated-orcid":false,"given":"Fawvel Raymunnikola Dimitrowack","family":"Mart\u00ednez Velandia","sequence":"additional","affiliation":[],"role":[{"role":"author","vocabulary":"crossref"}]},{"ORCID":"https:\/\/orcid.org\/0009-0006-4390-1484","authenticated-orcid":false,"given":"Andrea Zoraima","family":"D\u00edaz Alfonso","sequence":"additional","affiliation":[],"role":[{"role":"author","vocabulary":"crossref"}]},{"ORCID":"https:\/\/orcid.org\/0000-0001-7762-3562","authenticated-orcid":false,"given":"Efr\u00e9n Danilo","family":"Ariza Ruiz","sequence":"additional","affiliation":[],"role":[{"role":"author","vocabulary":"crossref"}]}],"member":"9784","published-online":{"date-parts":[[2025,6,26]]},"container-title":["EducaT: Educaci\u00f3n virtual, Innovaci\u00f3n  y Tecnolog\u00edas"],"link":[{"URL":"https:\/\/hemeroteca.unad.edu.co\/index.php\/educat\/article\/download\/9243\/7910","content-type":"application\/pdf","content-version":"vor","intended-application":"text-mining"},{"URL":"https:\/\/hemeroteca.unad.edu.co\/index.php\/educat\/article\/download\/9243\/7910","content-type":"unspecified","content-version":"vor","intended-application":"similarity-checking"}],"deposited":{"date-parts":[[2025,11,25]],"date-time":"2025-11-25T19:14:17Z","timestamp":1764098057000},"score":0.0,"resource":{"primary":{"URL":"https:\/\/hemeroteca.unad.edu.co\/index.php\/educat\/article\/view\/9243"}},"issued":{"date-parts":[[2025,6,26]]},"references-count":0,"journal-issue":{"issue":"2","published-online":{"date-parts":[[2024,12,12]]}},"URL":"https:\/\/doi.org\/10.22490\/unad.27452115.9243","ISSN":["2745-2107","2745-2115"],"issn-type":[{"value":"2745-2107","type":"electronic"},{"value":"2745-2115","type":"print"}],"published":{"date-parts":[[2025,6,26]]}},{"indexed":{"date-parts":[[2026,1,29]],"date-time":"2026-01-29T09:57:12Z","timestamp":1769680632181,"version":"3.49.0"},"reference-count":0,"publisher":"Universidad Nacional Abierta y a Distancia","issue":"2","license":[{"start":{"date-parts":[[2026,1,13]],"date-time":"2026-01-13T00:00:00Z","timestamp":1768262400000},"content-version":"unspecified","delay-in-days":0,"URL":"https:\/\/creativecommons.org\/licenses\/by-nc-sa\/4.0"}],"content-domain":{"domain":[],"crossmark-restriction":false},"short-container-title":["Arista"],"abstract":"<jats:p>El presente art\u00edculo de reflexi\u00f3n aborda la problem\u00e1tica relacionada con la existencia de brechas digitales en el contexto de la gesti\u00f3n algor\u00edtmica de plataformas de trabajo colaborativo o gig economy y su impacto en el derecho laboral en general y en el ejercicio de asociaci\u00f3n sindical en particular en el contexto colombiano. Se parte de un concepto amplio de brecha digital en el que la garant\u00eda de acceso no es el \u00fanico elemento determinante, sino tambi\u00e9n el desarrollo de habilidades y los usos de esta interacci\u00f3n digital como elementos que contribuyen a la desigualdad y facilitan el desequilibrio en las relaciones de trabajo digitales. La opacidad en el encuadramiento jur\u00eddico de estas relaciones de trabajo puede afectar derechos laborales y colectivos del trabajo; en este \u00faltimo aspecto, la fragmentaci\u00f3n de los trabajadores y la falta de interacci\u00f3n permanente entre s\u00ed, mediada por un contexto de competenciaconstante, tiende a dificultar el surgimiento y ejercicio del derecho sindical. Con base en la literatura acad\u00e9mica consultada, se propone que la ciudadan\u00eda laboral digital es un ejercicio performativo con potencial de impactar el orden jur\u00eddico vigente y las pol\u00edticas p\u00fablicas orientadas a garantizar mecanismos modernos de negociaci\u00f3n colectiva en el ambiente digital.<\/jats:p>","DOI":"10.22490\/30730252.10478","type":"journal-article","created":{"date-parts":[[2026,1,28]],"date-time":"2026-01-28T21:55:21Z","timestamp":1769637321000},"page":"49-60","source":"Crossref","is-referenced-by-count":0,"title":["Informalidad algor\u00edtmica y su impacto en el derecho colectivo del trabajo"],"prefix":"10.22490","volume":"2","author":[{"given":"Edward Fabi\u00e1n","family":"Ospina Torres","sequence":"first","affiliation":[],"role":[{"role":"author","vocabulary":"crossref"}]}],"member":"9784","published-online":{"date-parts":[[2026,1,13]]},"container-title":["Revista Arista Jur\u00eddico-Pol\u00edtica"],"link":[{"URL":"https:\/\/hemeroteca.unad.edu.co\/index.php\/arista-juridico-politica\/article\/download\/10478\/8724","content-type":"application\/pdf","content-version":"vor","intended-application":"text-mining"},{"URL":"https:\/\/hemeroteca.unad.edu.co\/index.php\/arista-juridico-politica\/article\/download\/10478\/8724","content-type":"unspecified","content-version":"vor","intended-application":"similarity-checking"}],"deposited":{"date-parts":[[2026,1,28]],"date-time":"2026-01-28T21:55:22Z","timestamp":1769637322000},"score":0.0,"resource":{"primary":{"URL":"https:\/\/hemeroteca.unad.edu.co\/index.php\/arista-juridico-politica\/article\/view\/10478"}},"issued":{"date-parts":[[2026,1,13]]},"references-count":0,"journal-issue":{"issue":"2","published-online":{"date-parts":[[2025,12,31]]}},"URL":"https:\/\/doi.org\/10.22490\/30730252.10478","ISSN":["3073-0252"],"issn-type":[{"value":"3073-0252","type":"electronic"}],"published":{"date-parts":[[2026,1,13]]}},{"indexed":{"date-parts":[[2025,4,12]],"date-time":"2025-04-12T04:13:41Z","timestamp":1744431221133,"version":"3.40.4"},"reference-count":0,"publisher":"Sello Editorial UNAD","isbn-type":[{"value":"9786287786011","type":"electronic"}],"content-domain":{"domain":[],"crossmark-restriction":false},"published-print":{"date-parts":[[2024]]},"abstract":"<jats:p\/>","DOI":"10.22490\/unad.9786287786011.4","type":"book-chapter","created":{"date-parts":[[2025,4,11]],"date-time":"2025-04-11T16:35:06Z","timestamp":1744389306000},"page":"46-71","source":"Crossref","is-referenced-by-count":0,"title":["Cap\u00edtulo 4 | Ruta de la investigaci\u00f3n social cuantitativa"],"prefix":"10.22490","author":[{"given":"Katherine","family":"Rivera Quintero","sequence":"additional","affiliation":[],"role":[{"role":"author","vocabulary":"crossref"}]}],"member":"9784","container-title":["Educar para el cambio"],"deposited":{"date-parts":[[2025,4,11]],"date-time":"2025-04-11T16:35:08Z","timestamp":1744389308000},"score":0.0,"resource":{"primary":{"URL":"https:\/\/libros.unad.edu.co\/index.php\/selloeditorial\/catalog\/view\/272\/243\/5913"}},"issued":{"date-parts":[[2024]]},"ISBN":["9786287786011"],"references-count":0,"URL":"https:\/\/doi.org\/10.22490\/unad.9786287786011.4","published":{"date-parts":[[2024]]}},{"indexed":{"date-parts":[[2025,11,25]],"date-time":"2025-11-25T19:17:52Z","timestamp":1764098272853,"version":"3.46.0"},"reference-count":0,"publisher":"Universidad Nacional Abierta y a Distancia","issue":"2","license":[{"start":{"date-parts":[[2024,12,12]],"date-time":"2024-12-12T00:00:00Z","timestamp":1733961600000},"content-version":"unspecified","delay-in-days":0,"URL":"https:\/\/creativecommons.org\/licenses\/by-nc-nd\/4.0"}],"content-domain":{"domain":[],"crossmark-restriction":false},"short-container-title":["EducT. Educ. Virtual Innov. Tecnol."],"abstract":"<jats:p>Teaching and information and communication technologies can be considered as an up-to-date topic since it has been evolving vigorously, representing significant advances in education at all levels since the end of the 20th centurysince it provides many benefits that allow the methods of teaching are more effective, reaching very positive results for human knowledge. Considering the current demand in the implementation of technological tools in education, it is intended to do a literature review and bibliometric analysis as a contribution to the knowledge of this area. Delving into articles registered in the WOS and SCOPUS databases between 2000 and 2022; To carry out the bibliometric analysis and its respective network study, the R studios tool wasused, obtaining a scientific mapping to classify the most important works in the area, categorizing the entire research process with the tree of science technique, Emerging currents in the area were identified, the most representative authors, the main journals and countries that are contributing in this field of knowledge, finally, the conclusions, limitations found and the subsequent agenda where the theme of teaching and information technologies is oriented are exposed. information and communications.<\/jats:p>","DOI":"10.22490\/unad.27452115.6687","type":"journal-article","created":{"date-parts":[[2025,11,25]],"date-time":"2025-11-25T19:16:33Z","timestamp":1764098193000},"page":"112-132","source":"Crossref","is-referenced-by-count":0,"title":["Ense\u00f1anza y tecnolog\u00edas de la informaci\u00f3n y las comunicaciones: una revisi\u00f3n de literatura y an\u00e1lisis bibliom\u00e9trico.","Teaching and information and\u00a0communication technologies: a\u00a0literature review and bibliometric\u00a0analysis","Ensino e tecnologias da informa\u00e7\u00e3o e\u00a0comunica\u00e7\u00e3o: uma revis\u00e3o daliteratura e an\u00e1lise bibliom\u00e9trica"],"prefix":"10.22490","volume":"5","author":[{"given":"Yaquelin","family":"Sierra Qui\u00f1ones","sequence":"first","affiliation":[],"role":[{"role":"author","vocabulary":"crossref"}]}],"member":"9784","published-online":{"date-parts":[[2024,12,12]]},"container-title":["EducaT: Educaci\u00f3n virtual, Innovaci\u00f3n  y Tecnolog\u00edas"],"link":[{"URL":"https:\/\/hemeroteca.unad.edu.co\/index.php\/educat\/article\/download\/6687\/7959","content-type":"application\/pdf","content-version":"vor","intended-application":"text-mining"},{"URL":"https:\/\/hemeroteca.unad.edu.co\/index.php\/educat\/article\/download\/6687\/7959","content-type":"unspecified","content-version":"vor","intended-application":"similarity-checking"}],"deposited":{"date-parts":[[2025,11,25]],"date-time":"2025-11-25T19:16:34Z","timestamp":1764098194000},"score":0.0,"resource":{"primary":{"URL":"https:\/\/hemeroteca.unad.edu.co\/index.php\/educat\/article\/view\/6687"}},"issued":{"date-parts":[[2024,12,12]]},"references-count":0,"journal-issue":{"issue":"2","published-online":{"date-parts":[[2024,12,12]]}},"URL":"https:\/\/doi.org\/10.22490\/unad.27452115.6687","ISSN":["2745-2107","2745-2115"],"issn-type":[{"value":"2745-2107","type":"electronic"},{"value":"2745-2115","type":"print"}],"published":{"date-parts":[[2024,12,12]]}},{"indexed":{"date-parts":[[2025,11,13]],"date-time":"2025-11-13T19:58:07Z","timestamp":1763063887390,"version":"3.45.0"},"reference-count":0,"publisher":"Sello Editorial UNAD","isbn-type":[{"value":"9786287786646","type":"electronic"}],"content-domain":{"domain":[],"crossmark-restriction":false},"published-print":{"date-parts":[[2025]]},"abstract":"<jats:p\/>","DOI":"10.22490\/unad.9786287786646.4","type":"book-chapter","created":{"date-parts":[[2025,11,13]],"date-time":"2025-11-13T19:55:06Z","timestamp":1763063706000},"page":"78-97","source":"Crossref","is-referenced-by-count":0,"title":["Cap\u00edtulo 4 | Evaluaci\u00f3n del nivel de riesgo psicosocial como condici\u00f3n organizacional en trabajadores de la salud expuestos a radiaciones ionizantes: Una prueba piloto"],"prefix":"10.22490","author":[{"given":"Gabriela","family":"Diaz Mu\u00f1oz","sequence":"additional","affiliation":[],"role":[{"role":"author","vocabulary":"crossref"}]}],"member":"9784","container-title":["M\u00e1s all\u00e1 del estr\u00e9s laboral"],"deposited":{"date-parts":[[2025,11,13]],"date-time":"2025-11-13T19:55:07Z","timestamp":1763063707000},"score":0.0,"resource":{"primary":{"URL":"https:\/\/libros.unad.edu.co\/index.php\/selloeditorial\/catalog\/view\/319\/305\/7577"}},"issued":{"date-parts":[[2025]]},"ISBN":["9786287786646"],"references-count":0,"URL":"https:\/\/doi.org\/10.22490\/unad.9786287786646.4","published":{"date-parts":[[2025]]}},{"indexed":{"date-parts":[[2025,11,13]],"date-time":"2025-11-13T21:54:08Z","timestamp":1763070848366,"version":"3.45.0"},"reference-count":0,"publisher":"Sello Editorial UNAD","isbn-type":[{"value":"9786287786592","type":"electronic"}],"content-domain":{"domain":[],"crossmark-restriction":false},"published-print":{"date-parts":[[2025]]},"abstract":"<jats:p\/>","DOI":"10.22490\/unad.9786287786592.3","type":"book-chapter","created":{"date-parts":[[2025,11,13]],"date-time":"2025-11-13T21:45:06Z","timestamp":1763070306000},"page":"70-89","source":"Crossref","is-referenced-by-count":0,"title":["Cap\u00edtulo 3 | Adaptaci\u00f3n del protocolo evaluaci\u00f3n de riesgos laborales frente al coronavirus por (Sars-CoV-2) de origen Espa\u00f1ol al contexto Colombiano"],"prefix":"10.22490","author":[{"given":"Mayra Esther","family":"Britto Hurtado","sequence":"additional","affiliation":[],"role":[{"role":"author","vocabulary":"crossref"}]}],"member":"9784","container-title":["Transformaci\u00f3n organizacional y bioseguridad"],"deposited":{"date-parts":[[2025,11,13]],"date-time":"2025-11-13T21:45:07Z","timestamp":1763070307000},"score":0.0,"resource":{"primary":{"URL":"https:\/\/libros.unad.edu.co\/index.php\/selloeditorial\/catalog\/view\/338\/307\/7594"}},"issued":{"date-parts":[[2025]]},"ISBN":["9786287786592"],"references-count":0,"URL":"https:\/\/doi.org\/10.22490\/unad.9786287786592.3","published":{"date-parts":[[2025]]}},{"indexed":{"date-parts":[[2026,7,23]],"date-time":"2026-07-23T02:06:58Z","timestamp":1784772418772,"version":"3.55.0"},"reference-count":6,"publisher":"Universidad Nacional Abierta y a Distancia","issue":"3","license":[{"start":{"date-parts":[[2020,7,1]],"date-time":"2020-07-01T00:00:00Z","timestamp":1593561600000},"content-version":"unspecified","delay-in-days":0,"URL":"http:\/\/creativecommons.org\/licenses\/by-nc-sa\/4.0"}],"content-domain":{"domain":[],"crossmark-restriction":false},"short-container-title":["rev.investig.agrar.ambient."],"abstract":"<jats:p>El autor presenta la idea del rizoma, que fue creada por dos fil\u00f3sofos postestructuralistas franceses, Gilles Deleuze y Felix Guattari. El rizoma es una estructura de pensamiento completamente alternativa y bizarro. Tiende a crecer horizontalmente, inmediatamente debajo o arriba el suelo, creando tocones (secci\u00f3n de tronco de un \u00e1rbol cortado, que queda en el suelo unida a la ra\u00edz). Es imposible clasificar, guiar o intervenir en su crecimiento. El rizoma no tiene principio ni fin, carece de cualquier eje de indexaci\u00f3n o simetr\u00eda. Se caracteriza por un intervalo sin sentido. El rizoma puede romperse en un punto y reconectarse por completo sin perder su significado, porque en lugar de tener un significado, lo produce. Se caracteriza por la anti-genealog\u00eda: genera m\u00faltiples versiones de eventos, a menudo contradictorias, y favorece la libertad y el azar.<\/jats:p>","DOI":"10.22490\/21456453.3890","type":"journal-article","created":{"date-parts":[[2020,7,29]],"date-time":"2020-07-29T12:46:36Z","timestamp":1596026796000},"page":"19-26","source":"Crossref","is-referenced-by-count":1,"title":["Filosof\u00eda vegetal (o pensamiento vegetal)"],"prefix":"10.22490","volume":"11","author":[{"given":"Andrzej","family":"Marzec","sequence":"first","affiliation":[],"role":[{"vocabulary":"crossref","role":"author"}]}],"member":"9784","published-online":{"date-parts":[[2020,7,1]]},"reference":[{"key":"ref0","unstructured":"Deleuze, G. y Guattari, F. (1980). A Thousand Plateaus. (Brian Massumi, Trad.) London and New York: Continuum, pp. 3-28."},{"key":"ref1","unstructured":"Lyotard, J.F. (1984). The Postmodern Condition. Minneapolis: University of Minnesota Press."},{"key":"ref2","unstructured":"Kristeva, J. (1980). Powers of Horror: An Essay on Abjection. New York: Columbia University Press."},{"key":"ref3","unstructured":"Butler, J. (1990). Gender Trouble: Feminism and the Subversion of Identity. New York & London: Routledge."},{"key":"ref4","unstructured":"Vattimo, G. (1991). The End of Modernity. Baltimore: Johns Hopkins university Press."},{"key":"ref5","unstructured":"Baudrillard, J. (1981). Simulacra and Simulation. Minneapolis: University of Michigan Press."}],"container-title":["Revista de Investigaci\u00f3n Agraria y Ambiental"],"link":[{"URL":"https:\/\/hemeroteca.unad.edu.co\/index.php\/riaa\/article\/download\/3890\/3910","content-type":"application\/pdf","content-version":"vor","intended-application":"text-mining"},{"URL":"https:\/\/hemeroteca.unad.edu.co\/index.php\/riaa\/article\/download\/3890\/3910","content-type":"unspecified","content-version":"vor","intended-application":"similarity-checking"}],"deposited":{"date-parts":[[2020,7,29]],"date-time":"2020-07-29T12:53:32Z","timestamp":1596027212000},"score":0.0,"resource":{"primary":{"URL":"https:\/\/hemeroteca.unad.edu.co\/index.php\/riaa\/article\/view\/3890"}},"issued":{"date-parts":[[2020,7,1]]},"references-count":6,"journal-issue":{"issue":"3","published-online":{"date-parts":[[2020,7,1]]}},"URL":"https:\/\/doi.org\/10.22490\/21456453.3890","ISSN":["2145-6453","2145-6097"],"issn-type":[{"value":"2145-6453","type":"electronic"},{"value":"2145-6097","type":"print"}],"published":{"date-parts":[[2020,7,1]]}},{"indexed":{"date-parts":[[2026,8,7]],"date-time":"2026-08-07T14:58:11Z","timestamp":1786114691866,"version":"build-2736575974"},"reference-count":0,"publisher":"Universidad Nacional Abierta y a Distancia","issue":"13","license":[{"start":{"date-parts":[[2026,4,13]],"date-time":"2026-04-13T00:00:00Z","timestamp":1776038400000},"content-version":"unspecified","delay-in-days":0,"URL":"https:\/\/creativecommons.org\/licenses\/by-nc-sa\/4.0"}],"content-domain":{"domain":[],"crossmark-restriction":false},"short-container-title":["Back"],"abstract":"<jats:p>Caminando entre sombras nace de una necesidad profundamente personal: representar, a trav\u00e9s de la pintura, la estrecha relaci\u00f3n que existe entre los espacios interiores que habito y los estados emocionales asociados a la depresi\u00f3n. Este proyecto art\u00edstico es el resultado de un proceso introspectivo en el que, desde mi experiencia con el Trastorno Depresivo Mayor, desarroll\u00e9 una serie de tres obras que simbolizan distintas manifestaciones de esta condici\u00f3n.<\/jats:p>","DOI":"10.22490\/unad.backprojection.10850","type":"journal-article","created":{"date-parts":[[2026,8,5]],"date-time":"2026-08-05T21:28:34Z","timestamp":1785965314000},"page":"91-95","source":"Crossref","is-referenced-by-count":0,"title":["Caminando entre Sombras"],"prefix":"10.22490","author":[{"given":"Yury Catherine","family":"Ome Ruiz","sequence":"first","affiliation":[],"role":[{"vocabulary":"crossref","role":"author"}]}],"member":"9784","published-online":{"date-parts":[[2026,4,13]]},"container-title":["Back Projection"],"link":[{"URL":"https:\/\/hemeroteca.unad.edu.co\/index.php\/back_projection\/article\/download\/10850\/8986","content-type":"application\/pdf","content-version":"vor","intended-application":"text-mining"},{"URL":"https:\/\/hemeroteca.unad.edu.co\/index.php\/back_projection\/article\/download\/10850\/8986","content-type":"unspecified","content-version":"vor","intended-application":"similarity-checking"}],"deposited":{"date-parts":[[2026,8,5]],"date-time":"2026-08-05T21:28:34Z","timestamp":1785965314000},"score":0.0,"resource":{"primary":{"URL":"https:\/\/hemeroteca.unad.edu.co\/index.php\/back_projection\/article\/view\/10850"}},"issued":{"date-parts":[[2026,4,13]]},"references-count":0,"journal-issue":{"issue":"13","published-online":{"date-parts":[[2026,4,13]]}},"URL":"https:\/\/doi.org\/10.22490\/unad.backprojection.10850","ISSN":["2665-4539"],"issn-type":[{"value":"2665-4539","type":"electronic"}],"published":{"date-parts":[[2026,4,13]]}},{"indexed":{"date-parts":[[2026,8,21]],"date-time":"2026-08-21T17:30:30Z","timestamp":1787333430456,"version":"build-2736575974"},"reference-count":34,"publisher":"Universidad Nacional Abierta y a Distancia","issue":"2","license":[{"start":{"date-parts":[[2024,8,2]],"date-time":"2024-08-02T00:00:00Z","timestamp":1722556800000},"content-version":"unspecified","delay-in-days":0,"URL":"https:\/\/creativecommons.org\/licenses\/by-nc-nd\/4.0"}],"content-domain":{"domain":[],"crossmark-restriction":false},"short-container-title":["EducT. Educ. Virtual Innov. Tecnol."],"abstract":"<jats:p>This article defines the relevance of the development of autonomy in learning processes based on gamification for the development of mathematical skills in current education, based on evaluation indices such as PISA tests, according to data provided by the OECD and the different proposals proposed from UNESCO.In addition, it presents the results of the research, which had as its purpose the implementation of a gamified didactic strategy, using the digital platform Classcraft, in the learning-teaching process in the area of \u200b\u200bmathematics for sixth grade students, of the Manuel Antonio Educational Institution. Antonio Toro from the municipality of Frontino, Antioquia, in order to establish its effectiveness, in terms of the use of autonomy in the development of mathematical skills\r\nIt is a quasi-experimental research, with a no probabilistic test design, which designs two variables and two hypotheses, which were defined and concluded from the development of seven stages of implementation of the strategy, through the application of a test prior to the application. of the gamified strategy, through which the most relevant criteria to be addressed were identified and, subsequently, a post-test was carried out, from which the level of effectiveness and acceptance of the resource provided would be identified.<\/jats:p>","DOI":"10.22490\/27452115.5948","type":"journal-article","created":{"date-parts":[[2026,8,21]],"date-time":"2026-08-21T16:58:46Z","timestamp":1787331526000},"page":"15-24","source":"Crossref","is-referenced-by-count":0,"title":["La autonom\u00eda en los procesos de aprendizaje basados en gamificaci\u00f3n para el desarrollo de competencias matem\u00e1ticas"],"prefix":"10.22490","volume":"4","author":[{"given":"Laura Marcela","family":"Elles Ardila","sequence":"first","affiliation":[],"role":[{"vocabulary":"crossref","role":"author"}]},{"given":"Deyser","family":"Guti\u00e9rrez","sequence":"additional","affiliation":[],"role":[{"vocabulary":"crossref","role":"author"}]},{"given":"Jhony Esteban","family":"Uribe Salinas","sequence":"additional","affiliation":[],"role":[{"vocabulary":"crossref","role":"author"}]}],"member":"9784","published-online":{"date-parts":[[2024,8,2]]},"reference":[{"key":"100220","unstructured":"Ackermann, E. (2001). Piaget\u2019s Constructivism, Papert\u2019s Constructionism: What\u2019s the difference? En Future of Learning Group Publication, 5 (3). Recuperado de: http:\/\/learning.media.mit.edu\/content\/publications\/EA.Piaget%20_%20Papert.pdf"},{"key":"100221","doi-asserted-by":"crossref","unstructured":"Adesina, A., Stone, R., Batmaz, F. & Jones, I. (2014). Touch Arithmetic: A process-based Computer-Aided Assessment approach for capture of problem solving steps in the context of elementary mathematics. Computers & Education, 78, pp. 333-343. https:\/\/www.sciencedirect.com\/science\/article\/abs\/pii\/S0360131514001481","DOI":"10.1016\/j.compedu.2014.06.015"},{"key":"100222","doi-asserted-by":"crossref","unstructured":"Aparicio G\u00f3mez, O. Y., y Ostos Ortiz, O. L. (2018). El constructivismo y el construccionismo. Revista Interamericana de Investigaci\u00f3n Educaci\u00f3n y Pedagog\u00eda RIIEP, 11(2), 115-120. doi: https:\/\/doi.org\/10.15332\/s1657-107X.2018.0002.05","DOI":"10.15332\/s1657-107X.2018.0002.05"},{"key":"100223","unstructured":"Balar\u00edn, Mar\u00eda (2016). El contexto importa: reflexiones acerca de c\u00f3mo los contextos y la composici\u00f3n escolar afectan el rendimiento y la experiencia educativa de los estudiantes. Lima, Per\u00fa: GRADE. http:\/\/biblioteca.clacso.edu.ar\/gsdl\/collect\/pe\/pe-008\/index\/assoc\/D12667.dir\/contextoimporta_mba_35.pdf"},{"key":"100224","doi-asserted-by":"crossref","unstructured":"Banfield, J., y Wilkerson, B. (2014). Increasing student intrinsic motivation and self-efficacy through gamification pedagogy. Contemporary Issues in Education Research, 7(4), 291-298. Recuperado de: https:\/\/www.researchgate.net\/publication\/298341892_Increasing_Student_Intrinsic_Motivation_And_Self-Efficacy_Through_Gamification_Pedagogy","DOI":"10.19030\/cier.v7i4.8843"},{"key":"100225","doi-asserted-by":"crossref","unstructured":"Brewer, R., Anthony, L., Brown, Q., Irwin, G., Nias, J. y Tate, B. (2013). Using gamification to motivate children to complete empirical studies in lab environments. 12th International Conference on Interaction Design and Children, New York, NY, pp. 388-391. Recuperado de: https:\/\/www.researchgate.net\/publication\/263009331_Using_Gamification_to_Motivate_Children_to_Complete_Empirical_Studies_in_Lab_Environments","DOI":"10.1145\/2485760.2485816"},{"key":"100226","unstructured":"Bricall, J. (2000). Universidad 2000. Madrid: Conferencia de Rectores de la Universidades Espa\u00f1olas. Recuperado de: https:\/\/www.observatoriuniversitari.org\/es\/files\/2014\/05\/Bricall_JM-2000-Informe-Universidad-2000.pdf"},{"key":"100227","unstructured":"Campbell, D., y Stanley, J. (1995). Dise\u00f1os experimentales y cuasiexperimentales en la investigaci\u00f3n social. Buenos Aires, Argentina: Amorrortu Editores. https:\/\/knowledgesociety.usal.es\/sites\/default\/files\/campbell-stanley-disec3b1os-experimentales-y-cuasiexperimentales-en-la-investigacic3b3n-social.pdf"},{"key":"100228","doi-asserted-by":"crossref","unstructured":"Contreras Espinosa, Ruth y Egu\u00eda G\u00f3mez, Jos\u00e9 Luis (2017). Gamificaci\u00f3n en educaci\u00f3n: dise\u00f1ando un curso para dise\u00f1adores de juegos. KEPES, 16, pp. 91-120. doi: https:\/\/dialnet.unirioja.es\/servlet\/articulo?codigo=2877873 10.17151\/kepes.2017.14.16.5","DOI":"10.17151\/kepes.2017.14.16.5"},{"key":"100229","doi-asserted-by":"crossref","unstructured":"Denny, P. (2013). The effect of virtual achievements on student engagement. En Proceedings of the SIGCHI Conference on Human Factors in Computing Systems. CHI13\u2019. ACM, Paris: Francia, pp. 763\u2013 772. Recuperado de: https:\/\/www.semanticscholar.org\/paper\/The-effect-of-virtual-achievements-on-student-Denny\/2c67714410d62770dd019bc94d0a8a0692acf02d","DOI":"10.1145\/2470654.2470763"},{"key":"100230","unstructured":"Deterding, S., Dixon, D., Khaled, R. & Nacke, L. (2011). Gamification: Toward a definition. Proceedings of CHI\u00ef 2011. Gamification workshop. Recuperado de: https:\/\/www.researchgate.net\/publication\/273947177_Gamification_Toward_a_definition"},{"key":"100231","doi-asserted-by":"crossref","unstructured":"Elles, L. (2020). La gamificaci\u00f3n como estrategia de ense\u00f1anza-aprendizaje fortaleciendo las competencias de las matem\u00e1ticas a trav\u00e9s de tecnolog\u00edas de la informaci\u00f3n y la comunicaci\u00f3n en educaci\u00f3n b\u00e1sica secundaria. Universidad de Santander. Medell\u00edn. p.86","DOI":"10.65234\/interaccion.30"},{"key":"100232","unstructured":"Fandi\u00f1o, M. I. (2006). Curr\u00edculo, evaluaci\u00f3n y formaci\u00f3n docente en matem\u00e1tica, Bogot\u00e1, Magisterio. Recuperado de: http:\/\/bibliotecadigital.magisterio.co\/libro\/curr-culo-evaluaci-n-y-formaci-n-docente-en-matem-tica"},{"key":"100233","doi-asserted-by":"crossref","unstructured":"Heinze Martin, Gerhard, Olmedo Canchola, V\u00edctor Hugo, y Andoney May\u00e9n, J\u00e9ssica Valeria. (2017). Uso de las tecnolog\u00edas de la informaci\u00f3n y comunicaci\u00f3n (TIC) en las residencias m\u00e9dicas en M\u00e9xico. Acta m\u00e9dica Grupo \u00c1ngeles, 15(2), 150-153. Recuperado de: http:\/\/www.scielo.org.mx\/scielo.php?script=sci_arttext&pid=S1870-72032017000200150&lng=es&tlng=es.","DOI":"10.35366\/72353"},{"key":"100234","unstructured":"Hern\u00e1ndez Sampieri. R.; Collado Fern\u00e1ndez, C. y Baptista Lucio, P. (2014). Metodolog\u00eda de la investigaci\u00f3n 6\u00aa edici\u00f3n. McGraw Hill. Recuperado de: https:\/\/www.uca.ac.cr\/wp-content\/uploads\/2017\/10\/Investigacion.pdf"},{"key":"100235","doi-asserted-by":"crossref","unstructured":"Holgu\u00edn Garc\u00eda, Fresia; Holgu\u00edn Rangel, Edys; Garc\u00eda Mera, Nelly. (2020). Gamificaci\u00f3n de la ense\u00f1anza de las matem\u00e1ticas: una revisi\u00f3n sistem\u00e1tica. Telos: Revista de Estudios Interdisciplinarios en Ciencias Sociales, 22 (1), pp.62-75. doi: www.doi.org\/10.36390\/telos221.05","DOI":"10.36390\/telos221.05"},{"key":"100236","unstructured":"Lee, J. J. y Hammer, J. (2011). Gamification in education: what, how, why bother? Academic Exchange Quarterly, 15(2), 146. Recuperado de: https:\/\/www.researchgate.net\/publication\/258697764_Gamification_in_Education_What_How_Why_Bother"},{"key":"100237","doi-asserted-by":"crossref","unstructured":"Mac\u00edas Espinales, Adriana Virginia (2017). La Gamificaci\u00f3n como estrategia para el desarrollo de la competencia matem\u00e1tica: plantear y resolver problemas [Tesis de maestr\u00eda, Universidad casa Grande]. En repositorio institucional. Recuperado de: http:\/\/dspace.casagrande.edu.ec:8080\/handle\/ucasagrande\/1171","DOI":"10.37117\/s.v1i12.136"},{"key":"100238","unstructured":"Mallart, J. (2001). Did\u00e1ctica: concepto, objeto y finalidades. En Sep\u00falveda, F. Rajadell, N. (coordinadores), Did\u00e1ctica general para psicopedagogos, pp. 23-57. Madrid: UNED. Recuperado de: https:\/\/www.researchgate.net\/publication\/325120200_Didactica_concepto_objeto_y_finalidades"},{"key":"100239","unstructured":"Mart\u00ednez, M. (2008). Aprendizaje servicio y construcci\u00f3n de ciudadan\u00eda activa en la universidad: la dimensi\u00f3n social y c\u00edvica de los aprendizajes acad\u00e9micos. En M. Mart\u00ednez (Ed.), Aprendizaje servicio y responsabilidad social de las universidades (pp. 11-26). Barcelona: Octaedro. Recuperado de: https:\/\/dialnet.unirioja.es\/servlet\/articulo?codigo=2877873"},{"key":"100240","doi-asserted-by":"crossref","unstructured":"Mellado, L., De la Monta\u00f1a, J. L., Luengo, M. R., & Bermejo, M. L. (2016). Evoluci\u00f3n de los modelos docentes de futuros profesores de econom\u00eda de secundaria, a trav\u00e9s de la met\u00e1fora. Did\u00e1ctica de las Ciencias Experimentales y Sociales, 30, 23\u201344. doi: https:\/\/doi.org\/10.7203\/dces.30.7230","DOI":"10.7203\/dces.30.7230"},{"key":"100241","doi-asserted-by":"crossref","unstructured":"Miranda-Novales, Mar\u00eda Guadalupe, y Villas\u00eds-Keever, Miguel \u00c1ngel (2016). El protocolo de investigaci\u00f3n IV: las variables de estudio. Revista Alergia M\u00e9xico, 63(3),303-310. Recuperado de: https:\/\/www.redalyc.org\/articulo.oa?id=486755025003","DOI":"10.29262\/ram.v63i3.199"},{"key":"100242","unstructured":"Mu\u00f1oz, Jos\u00e9; Hans, Juan A.; Fern\u00e1ndez, Antonio (2019). Gamificaci\u00f3n en matem\u00e1ticas, \u00bfun nuevo enfoque o una nueva palabra? Revista \u00c9psilon, 101, pp. 29-45. Recuperado de: http:\/\/funes.uniandes.edu.co\/16924\/"},{"key":"100243","unstructured":"OCDE (2011). Estudiantes de bajo rendimiento. Por qu\u00e9 se quedan a tras y c\u00f3mo ayudarles a tener \u00e9xito. Recuperado de: https:\/\/www.oecd.org\/pisa\/keyfindings\/PISA-2012-Estudiantes-de-bajo-rendimiento.pdf"},{"key":"100244","unstructured":"OCDE (2017). Marco de evaluaci\u00f3n y de an\u00e1lisis de PISA para el Desarrollo. Lectura, matem\u00e1ticas y ciencia. Versi\u00f3n preliminar, OECD, Publishing, Paris. Recuperado de: https:\/\/www.oecd.org\/pisa\/aboutpisa\/ebook%20-%20PISA-D%20Framework_PRELIMINARY%20version_SPANISH.pdf"},{"key":"100245","unstructured":"OCDE (2018). Country Note. Recuperado de: https:\/\/www.oecd.org\/pisa\/publications\/PISA2018_CN_COL_ESP.pdf"},{"key":"100246","doi-asserted-by":"crossref","unstructured":"Ortiz-Colon, Ana. M., Jord\u00e1n, Juan y Agredal, M\u00edriam (2018). Gamificaci\u00f3n en educaci\u00f3n: una panor\u00e1mica sobre el estado de la cuesti\u00f3n. Educ. Pesqui, 44. Recuperado de: https:\/\/www.scielo.br\/j\/ep\/a\/5JC89F5LfbgvtH5DJQQ9HZS\/?lang=es&format=pdf","DOI":"10.1590\/s1678-4634201844173773"},{"key":"100247","doi-asserted-by":"crossref","unstructured":"Otzen, Tamara y Manterola, Carlos (2017). T\u00e9cnicas de muestreo sobre una poblaci\u00f3n a estudio. Int. J. Morphol, 35 (1), pp. 227-332. https:\/\/scielo.conicyt.cl\/pdf\/ijmorphol\/v35n1\/art37.pdf","DOI":"10.4067\/S0717-95022017000100037"},{"key":"100248","unstructured":"Parra Gonz\u00e1lez, M. E., y Segura Robles, A. (2019). Producci\u00f3n cient\u00edfica sobre gamificaci\u00f3n en educaci\u00f3n: Un an\u00e1lisis cienciom\u00e9trico. Revista de educaci\u00f3n. Recuperado de: https:\/\/www.educacionyfp.gob.es\/dam\/jcr:ab346c1a-db2e-4b30-9946-c3fd31d49268\/05parraesp-ingl.pdf"},{"key":"100249","doi-asserted-by":"crossref","unstructured":"Ramos Galarza, Carlos (2021). Dise\u00f1os de investigaci\u00f3n experimental. CienciAm\u00e9rica, 10 (1). https:\/\/dialnet.unirioja.es\/servlet\/articulo?codigo=7890336","DOI":"10.33210\/ca.v10i1.356"},{"key":"100250","doi-asserted-by":"crossref","unstructured":"Semanate-Semanate, Doris Elizabeth y Robayo-J\u00e1come, Dar\u00edo Javier (2021). Estrategia did\u00e1ctica basada en TIC para mejorar el desempe\u00f1o acad\u00e9mico en el \u00e1rea de matem\u00e1tica. Episteme Koinonia, 4(8). http:\/\/portal.amelica.org\/ameli\/journal\/258\/2582582021\/html\/","DOI":"10.35381\/e.k.v4i8.1384"},{"key":"100251","unstructured":"Tamayo, A., Oscar, E., Zona, R., Loaiza, Z., y Yasaldez, E. (2015). El pensamiento cr\u00edtico en la educaci\u00f3n. Algunas categor\u00edas centrales en su estudio [Critical thinking in education. Some central categories in your study]. Revista Latinoamericana de Estudios Educativos (Colombia). Universidad de Caldas Manizales, 11(2), 111-133. http:\/\/vip.ucaldas.edu.co\/latinoamericana\/downloads\/Latinoamericana11(2)_6.pdf"},{"key":"100252","unstructured":"UNESCO (2015). Estrategia de educaci\u00f3n de la UNESCO 2014-2021. Par\u00eds, Francia. Recuperado de: https:\/\/unesdoc.unesco.org\/ark:\/48223\/pf0000231288_spa"},{"key":"100253","doi-asserted-by":"crossref","unstructured":"Vargas, K., & Villavicencio, J. K. A. (2020). El constructivismo en las concepciones pedag\u00f3gicas y epistemol\u00f3gicas de los profesores. Revista Innova Educaci\u00f3n, 2(4), 555-575. doi: https:\/\/doi.org\/10.35622\/j.rie.2020.04.004","DOI":"10.35622\/j.rie.2020.04.004"}],"container-title":["EducaT: Educaci\u00f3n virtual, Innovaci\u00f3n  y Tecnolog\u00edas"],"link":[{"URL":"https:\/\/hemeroteca.unad.edu.co\/index.php\/educat\/article\/download\/5948\/7178","content-type":"application\/pdf","content-version":"vor","intended-application":"text-mining"},{"URL":"https:\/\/hemeroteca.unad.edu.co\/index.php\/educat\/article\/download\/5948\/7178","content-type":"unspecified","content-version":"vor","intended-application":"similarity-checking"}],"deposited":{"date-parts":[[2026,8,21]],"date-time":"2026-08-21T16:59:37Z","timestamp":1787331577000},"score":0.0,"resource":{"primary":{"URL":"https:\/\/hemeroteca.unad.edu.co\/index.php\/educat\/article\/view\/5948"}},"issued":{"date-parts":[[2024,8,2]]},"references-count":34,"journal-issue":{"issue":"2","published-online":{"date-parts":[[2023,12,12]]}},"URL":"https:\/\/doi.org\/10.22490\/27452115.5948","ISSN":["2745-2107","2745-2115"],"issn-type":[{"value":"2745-2107","type":"electronic"},{"value":"2745-2115","type":"print"}],"published":{"date-parts":[[2024,8,2]]}},{"indexed":{"date-parts":[[2026,8,21]],"date-time":"2026-08-21T20:32:50Z","timestamp":1787344370625,"version":"build-2736575974"},"reference-count":0,"publisher":"Universidad Nacional Abierta y a Distancia","issue":"4","license":[{"start":{"date-parts":[[2023,7,26]],"date-time":"2023-07-26T00:00:00Z","timestamp":1690329600000},"content-version":"unspecified","delay-in-days":0,"URL":"https:\/\/creativecommons.org\/licenses\/by-nc-sa\/4.0"}],"content-domain":{"domain":[],"crossmark-restriction":false},"short-container-title":["ES"],"abstract":"<jats:p>El arte relacional es un t\u00e9rmino acu\u00f1ado por el cr\u00edtico de arte franc\u00e9s Nicolas Bourriaud en su libro Est\u00e9tica relacional, publicado en 1998. Se refiere a una pr\u00e1ctica art\u00edstica que centra su atenci\u00f3n en las relaciones humanas y sociales que se crean a trav\u00e9s de interacciones y experiencias compartidas entre el espectador y la obra. Esta forma de arte no se limita al espacio f\u00edsico de una galer\u00eda o museo, sino que tambi\u00e9n puede tomar lugar en el espacio p\u00fablico, involucrando a la comunidad en la creaci\u00f3n y recepci\u00f3n de nuevas obras de arte.<\/jats:p>","DOI":"10.22490\/28057007.7027","type":"journal-article","created":{"date-parts":[[2026,8,21]],"date-time":"2026-08-21T20:22:12Z","timestamp":1787343732000},"page":"89-92","source":"Crossref","is-referenced-by-count":0,"title":["Relacionalidad"],"prefix":"10.22490","author":[{"given":"Braulio","family":"Vargas D\u00edaz","sequence":"first","affiliation":[],"role":[{"vocabulary":"crossref","role":"author"}]}],"member":"9784","published-online":{"date-parts":[[2023,7,26]]},"container-title":["Espacio Sociol\u00f3gico"],"link":[{"URL":"https:\/\/hemeroteca.unad.edu.co\/index.php\/sociologico\/article\/download\/7027\/6236","content-type":"application\/pdf","content-version":"vor","intended-application":"text-mining"},{"URL":"https:\/\/hemeroteca.unad.edu.co\/index.php\/sociologico\/article\/download\/7027\/6236","content-type":"unspecified","content-version":"vor","intended-application":"similarity-checking"}],"deposited":{"date-parts":[[2026,8,21]],"date-time":"2026-08-21T20:22:12Z","timestamp":1787343732000},"score":0.0,"resource":{"primary":{"URL":"https:\/\/hemeroteca.unad.edu.co\/index.php\/sociologico\/article\/view\/7027"}},"issued":{"date-parts":[[2023,7,26]]},"references-count":0,"journal-issue":{"issue":"4","published-online":{"date-parts":[[2023,7,13]]}},"URL":"https:\/\/doi.org\/10.22490\/28057007.7027","ISSN":["2805-7007"],"issn-type":[{"value":"2805-7007","type":"electronic"}],"published":{"date-parts":[[2023,7,26]]}},{"indexed":{"date-parts":[[2026,8,21]],"date-time":"2026-08-21T15:35:07Z","timestamp":1787326507861,"version":"build-2736575974"},"reference-count":27,"publisher":"Universidad Nacional Abierta y a Distancia","issue":"3","content-domain":{"domain":[],"crossmark-restriction":false},"short-container-title":["Biocienc. (UNAD)"],"abstract":"<jats:p>Una buena alimentaci\u00f3n con los nutrientes y aportes cal\u00f3ricos adecuados permite a las personas llevar una vida sana y evitar una serie de enfermedades y complicaciones de salud que se pueden convertir en una problem\u00e1tica ya sea en la edad adulta o m\u00e1s preocupante a\u00fan en la infancia. La actividad f\u00edsica tambi\u00e9n juega un papel importante a la hora de minimizar diversos factores de riesgo para la salud. En la actualidad existen m\u00faltiples recomendaciones nutricionales y de ejercicios dadas por entidades internacionales y gubernamentales que tienen como prioridad reducir los \u00edndices de desnutrici\u00f3n, obesidad y sedentarismo en el mundo ya que estas son las principales causas de muerte. Esta investigaci\u00f3n tuvo como objetivo determinar el sobrepeso, obesidad y desnutrici\u00f3n de los escolares y observar la frecuencia de actividad f\u00edsica de los ni\u00f1os del Colegio Policarpa Salavarrieta (IED), se analizaron par\u00e1metros antropom\u00e9tricos, bioqu\u00edmicos, nutricionales y de actividad f\u00edsica, los cuales permitieron observar que el estado nutricionalde los ni\u00f1os es inadecuado por el alto consumo de grasas, carbohidratos y baja ingesta de vitaminas B6, B9 y prote\u00ednas. Un hallazgo relevante, es que el 51% de los 74 escolares indicaron no realizar actividades f\u00edsicas y deportivas, lo cual a largo plazo y sin ninguna intervenci\u00f3n en estilos de vida podr\u00eda conllevar en un futuro a presentar adultos con diversas patolog\u00edas. Por lo tanto, el principal inter\u00e9s de este estudio es lograr impactar a la poblaci\u00f3n, modificando sus h\u00e1bitos alimenticios y sus rutinas f\u00edsicas.<\/jats:p>","DOI":"10.22490\/26194759.2239","type":"journal-article","created":{"date-parts":[[2026,8,21]],"date-time":"2026-08-21T14:32:11Z","timestamp":1787322731000},"source":"Crossref","is-referenced-by-count":0,"title":["Determinaci\u00f3n del estado nutricional, perfil lip\u00eddico y frecuencia de la actividad f\u00edsica en ni\u00f1os"],"prefix":"10.22490","volume":"1","author":[{"given":"Andrea Catalina","family":"Caipa Acosta","sequence":"first","affiliation":[],"role":[{"vocabulary":"crossref","role":"author"}]},{"given":"Leidy Johanna","family":"Madrigal Cogollo","sequence":"additional","affiliation":[],"role":[{"vocabulary":"crossref","role":"author"}]},{"given":"Johanna Marcela","family":"Moscoso Gama","sequence":"additional","affiliation":[],"role":[{"vocabulary":"crossref","role":"author"}]}],"member":"9784","published-online":{"date-parts":[[2018,3,14]]},"reference":[{"key":"42233","unstructured":"OMS | El departamento de nutrici\u00f3n [Internet]. Who.int. 2017 [cited 10 January 2017]. Available from: http:\/\/www.who.int\/nutrition\/about_us\/es\/"},{"key":"42234","unstructured":"Obesidad y sobrepeso [Internet]. Organizaci\u00f3n Mundial de la Salud. 2017 [cited 09 January 2017]. Available from: http:\/\/www.who.int\/mediacentre\/factsheets\/fs311\/es\/"},{"key":"42235","unstructured":"ASOCIACION COLOMBIANA DE ENDOCRINOLOGIA [Internet]. 2017 [cited 09 January 2017]. Available from: https:\/\/www.minsalud.gov.co\/Documentos%20y%20Publicaciones\/Obesidad%20infantil."},{"key":"42236","unstructured":"pdf"},{"key":"42237","unstructured":"GLOSARIO DE T\u00c9RMINOS SOBRE DESNUTRICI\u00d3N [Internet]. 2017 [cited 09 January 2017]. Available from: https:\/\/www.unicef.org\/lac\/glosario_malnutricion.pdf"},{"key":"42238","unstructured":"Protocolo de Vigilancia en Salud P\u00fablica [Internet]. DESNUTRICI\u00d3N AGUDA MODERADA Y SEVERA EN MENORES DE CINCO A\u00d1OS. 2015 [cited 09 January 2017]. Available from: http:\/\/www.ins.gov.co\/lineas-de-accion\/Subdireccion-Vigilancia\/sivigila\/Protocolos%20SIVIGILA\/PRO%20Desnutricion%20en%20menores%20de%20cinco%20a%C3%B1os.pdf"},{"key":"42239","unstructured":"Declaraci\u00f3n de Helsinki el estudio como parte de los requisitos \u00e9ticos para la realizaci\u00f3n de investigaciones humanas, (declaraci\u00f3n de Helsinki, versi\u00f3n 64\u00aa, Fortaleza-Brasil 2013, C\u00f3digo bio\u00e9tico de Bacteri\u00f3logos y los aspectos \u00e9ticos especificados en la resoluci\u00f3n Nro. 008430 de 1993, t\u00edtulo II, cap\u00edtulo I (de los aspectos \u00e9ticos de la investigaci\u00f3n en seres humanos) del Ministerio de la Protecci\u00f3n Social de Colombia). [cited 09 November 2017]."},{"key":"42240","unstructured":"Instituto Nacional de Salud. Bolet\u00edn N\u00b0 5 - Actividad F\u00edsica en Colombia. Observatorio Nacional de Salud; 2015 p. http:\/\/www.ins.gov.co\/lineas-de-accion\/ons\/boletin5-AF\/index-boletin\/Boletin5ONS.pdf."},{"key":"42241","unstructured":"Ib\u00e1\u00f1ez, E. Thomas, Y. Bicenty, A. Barrera, J. Martinez, J. Gerena, R. Cambios de h\u00e1bitos alimentarios de los estudiantes de odontolog\u00eda de la Fundaci\u00f3nUiversitaria San Martin de Bogota, Colombia. [cited 12 November 2017]. 27-34\/104"},{"key":"42242","unstructured":"El estado de la inseguridad alimentaria en el mundo 2015 [Internet]. Food and Agriculture Organization of the United Nations. 2017 [cited 5 November 2017]. Available from: http:\/\/www.fao.org\/hunger\/es\/"},{"key":"42243","unstructured":"El Espectador. En Colombia m\u00e1s del 30% de la poblaci\u00f3n sufre de obesidad. [Internet]. 2013 [cited 26 February 2017]. Available from: http:\/\/www.elespectador.com\/noticias\/politica\/colombia-masdel-30- de- poblacion-sufre- de-obesidad- articulo-417153"},{"key":"42244","doi-asserted-by":"crossref","unstructured":"Hern\u00e1ndez-Arteaga* I, Rosero-Galindo C, Montenegro- Coral F. Obesidad: una pandemia que afecta a la poblaci\u00f3n infantil del siglo XXI.Curare.2015;2(1).","DOI":"10.16925\/cu.v2i1.1279"},{"key":"42245","unstructured":"Nhlbi.nih.gov.Beneficios de la actividad f\u00edsica - NHLBI, NIH. [online] Available at: https:\/\/www.nhlbi.nih.gov\/health-spanish\/health-topics\/temas\/phys\/benefits [Accessed 16 Jan. 2017]."},{"key":"42246","unstructured":"Obreg\u00f3n, M. Celis, L. Ayala, J. Dom\u00ednguez, M. Girat\u00e1, M. Almonacid, C.Factores promotores de cultura nutricional en adolescentes y adultos de la Universidad de La Sabana Salud Uninorte. Barranquilla (Col.) 2013; 29 (3): 374-383 [citado 5 noviembre"},{"key":"42247","unstructured":"."},{"key":"42248","unstructured":"Salazar VB, Rodr\u00edguez MM, Guerrero RF. Factores bioqu\u00edmicos asociados a riesgo cardiovascular en ni\u00f1os y adolescentes. Rev Med Inst Mex Seguro Soc 2005; 43 (4)"},{"key":"42249","unstructured":"Fundaciondelcorazon.com. (2017). Colesterol: Riesgo de colesterol alto. [online] Available at:http:\/\/www.fundaciondelcorazon.com\/prevencion\/riesgo-cardiovascular\/colesterol.html [Accessed 16 Jan. 2017]."},{"key":"42250","unstructured":"Quintero ACopca A. Colesterol \u201cBueno y malo\u201d HDL y LDL [Internet]. 1st ed. [cited 4 March 2017]. Available from: http:\/\/www.grupoquimico.com.mx\/pdf\/art2.pdf"},{"key":"42251","unstructured":"Ministerio de Salud Colombia. AN\u00c1LISIS DE SITUACI\u00d3N DE SALUD (ASIS) COLOMBIA, 2015 [Internet]. Bogot\u00e1, Colombia: Direcci\u00f3n de Epidemiolog\u00eda y Demograf\u00eda; 2015 p. 90-93. Available from: https:\/\/www.minsalud.gov.co\/sites\/rid\/Lists\/BibliotecaDigital\/"},{"key":"42252","unstructured":"RIDE\/VS\/ED\/PSP\/asis-2015.pdf"},{"key":"42253","unstructured":"El congreso de Colombia. ley 1355 de 2009. 14 de octubre de 2009: el congreso de Colombia; 2009"},{"key":"42254","unstructured":"Ministerio de Salud. PLAN ESTRAT\u00c9GICO SECTORIAL 2014-2018 - Sector Administrativo de Salud y Protecci\u00f3n Social. Bogota: Ministerio de Salud y Ministerio de Proteccion Social; 2015."},{"key":"42255","unstructured":"Celis, L. Obreg\u00f3n, M. Ayala, J. Blackburn, N. Monta\u00f1o, G. G\u00f3mez, M. P\u00e1ez, V. Emmanuelli, J. Dom\u00ednguez, M. Girat\u00e1, V. Almonacid, C.La obesidad y su relaci\u00f3n con otros factores de riesgo cardiovascular en una poblaci\u00f3n de estudiantes universitarios"},{"key":"42256","doi-asserted-by":"crossref","unstructured":"del centro de Bogot\u00e1.NOVA - Publicaci\u00f3n Cient\u00edfica en Ciencias Biom\u00e9dicas - ISSN: 1794-2470 - Vol. 11 No. 20 julio - Diciembre de 2013.[citado 5 noviembre 2017].","DOI":"10.22490\/24629448.1035"},{"key":"42257","unstructured":"Gonzalez D Johanna L; ROMERO, Paola A. Monroy; URREGO, Carmen C. Almonacid. Homociste\u00edna y otros factores de riesgo cardiovascular en ni\u00f1os de educaci\u00f3n b\u00e1sica primaria del Colegio Distrital Manuel Elkin Patarroyo, Bogot\u00e1, DC\u2013Colombia. Estudio"},{"key":"42258","doi-asserted-by":"crossref","unstructured":"piloto. Nova, 2017, vol. 15, no 27, p. 103-117.","DOI":"10.22490\/24629448.1962"},{"key":"42259","doi-asserted-by":"crossref","unstructured":"CORT\u00c9S SAAVEDRA, Gloria Mercedes, et al. Erradicaci\u00f3n de la pobreza y calidad en la salud: elementos indispensables para alcanzarla cohesi\u00f3n social en Colombia. Nova, 2013, vol. 11, no 20, p. 97-119.","DOI":"10.22490\/24629448.1028"}],"container-title":["Biociencias (UNAD)"],"link":[{"URL":"https:\/\/hemeroteca.unad.edu.co\/index.php\/Biociencias\/article\/download\/2239\/2403","content-type":"application\/pdf","content-version":"vor","intended-application":"text-mining"},{"URL":"https:\/\/hemeroteca.unad.edu.co\/index.php\/Biociencias\/article\/download\/2239\/2403","content-type":"unspecified","content-version":"vor","intended-application":"similarity-checking"}],"deposited":{"date-parts":[[2026,8,21]],"date-time":"2026-08-21T14:32:18Z","timestamp":1787322738000},"score":0.0,"resource":{"primary":{"URL":"https:\/\/hemeroteca.unad.edu.co\/index.php\/Biociencias\/article\/view\/2239"}},"issued":{"date-parts":[[2018,3,14]]},"references-count":27,"journal-issue":{"issue":"3","published-online":{"date-parts":[[2018,3,14]]}},"URL":"https:\/\/doi.org\/10.22490\/26194759.2239","ISSN":["2619-4759"],"issn-type":[{"value":"2619-4759","type":"electronic"}],"published":{"date-parts":[[2018,3,14]]}},{"indexed":{"date-parts":[[2026,8,22]],"date-time":"2026-08-22T14:25:16Z","timestamp":1787408716477,"version":"build-2736575974"},"reference-count":9,"publisher":"Universidad Nacional Abierta y a Distancia","issue":"1","license":[{"start":{"date-parts":[[2026,8,20]],"date-time":"2026-08-20T00:00:00Z","timestamp":1787184000000},"content-version":"unspecified","delay-in-days":0,"URL":"https:\/\/creativecommons.org\/licenses\/by-nc-sa\/4.0"}],"content-domain":{"domain":[],"crossmark-restriction":false},"short-container-title":["Biocienc. (UNAD)"],"abstract":"<jats:p>La transformaci\u00f3n digital y la hiperconectividad han ampliado el acceso a la informaci\u00f3n y a los servicios de salud, pero tambi\u00e9n han generado nuevas exigencias, deshumanizaci\u00f3n y dilemas bio\u00e9ticos en la pr\u00e1ctica del cuidado. Esta ponencia, en modalidad FIKA TALK, propone un di\u00e1logo cr\u00edtico sobre la humanizaci\u00f3n de la atenci\u00f3n en salud como principio \u00e9tico irrenunciable frente a la automatizaci\u00f3n y la presi\u00f3n asistencial. Se abordan los valores fundantes del cuidado humanizado \u2014autonom\u00eda, compasi\u00f3n, comunicaci\u00f3n y respeto\u2014 y los principios de confidencialidad, atenci\u00f3n integral, seguridad y calidad, contrast\u00e1ndolos con los retos actuales de la salud mental poblacional y el desgaste profesional en entornos digitales. A partir de la experiencia asistencial, docente y de gesti\u00f3n p\u00fablica del autor, se plantean estrategias de autocuidado laboral, educaci\u00f3n digital con sentido solidario y gobernanza \u00e9tica de las tecnolog\u00edas emergentes en salud. El objetivo es reflexionar colectivamente sobre c\u00f3mo sostener el v\u00ednculo humano \u2014psicol\u00f3gico, emocional y moral\u2014 en medio de la revoluci\u00f3n tecnol\u00f3gica, reconociendo que ninguna herramienta digital puede sustituir la dignidad (8,9) del encuentro entre quien cuida y quien es cuidado.<\/jats:p>","DOI":"10.22490\/26194759.11958","type":"journal-article","created":{"date-parts":[[2026,8,22]],"date-time":"2026-08-22T13:55:51Z","timestamp":1787406951000},"source":"Crossref","is-referenced-by-count":0,"title":["Humanizar en la era digital: bio\u00e9tica y dignidad en el cuidado de la salud","Humanizing in the digital age: bioethics and dignity in healthcare"],"prefix":"10.22490","volume":"9","author":[{"ORCID":"https:\/\/orcid.org\/0000-0003-4006-6568","authenticated-orcid":false,"given":"Andres Enrique","family":"Ramirez Galindo","sequence":"first","affiliation":[],"role":[{"vocabulary":"crossref","role":"author"}]}],"member":"9784","published-online":{"date-parts":[[2026,8,20]]},"reference":[{"key":"247361","unstructured":"1. Beauchamp TL, Childress JF. Principles of Biomedical Ethics. (Fundamentos de la bio\u00e9tica y principios \u00e9ticos)."},{"key":"247362","unstructured":"2. Watson J. Nursing: The Philosophy and Science of Caring. (Teor\u00eda del cuidado humanizado)."},{"key":"247363","unstructured":"3. Congreso de la Rep\u00fablica de Colombia. Ley 911 de 2004. (\u00c9tica y responsabilidad deontol\u00f3gica de Enfermer\u00eda)."},{"key":"247364","unstructured":"4. Ministerio de Salud y Protecci\u00f3n Social. Pol\u00edtica de Atenci\u00f3n Integral en Salud (PAIS). (Atenci\u00f3n integral y humanizaci\u00f3n)."},{"key":"247365","unstructured":"5. Organizaci\u00f3n Mundial de la Salud. Salud mental y COVID-19: primer a\u00f1o. (Salud mental y consecuencias de la pandemia)."},{"key":"247366","unstructured":"6. World Health Organization. Global strategy on human resources for health: Workforce 2030. (Talento humano en salud y sostenibilidad del sistema)."},{"key":"247367","unstructured":"7. Ram\u00edrez Galindo AE, Castillo Romero HC. Prevenci\u00f3n frente a la ocurrencia de s\u00edndrome de Burnout en el personal de Enfermer\u00eda de las unidades de oncolog\u00eda en la ciudad de Ibagu\u00e9 durante el a\u00f1o 2014. (Burnout en personal de enfermer\u00eda)."},{"key":"247368","unstructured":"8. Lopez E. Humanizaci\u00f3n del cuidado en la era tecnol\u00f3gica. (Humanizaci\u00f3n y tecnolog\u00eda)."},{"key":"247369","unstructured":"9. Mart\u00ednez G\u00f3mez JA. Dec\u00e1logo \u00e9tico para la humanizaci\u00f3n y el uso de tecnolog\u00edas en salud. (\u00c9tica aplicada al uso de tecnolog\u00edas)."}],"container-title":["Biociencias (UNAD)"],"link":[{"URL":"https:\/\/hemeroteca.unad.edu.co\/index.php\/Biociencias\/article\/download\/11958\/9142","content-type":"application\/pdf","content-version":"vor","intended-application":"text-mining"},{"URL":"https:\/\/hemeroteca.unad.edu.co\/index.php\/Biociencias\/article\/download\/11958\/9142","content-type":"unspecified","content-version":"vor","intended-application":"similarity-checking"}],"deposited":{"date-parts":[[2026,8,22]],"date-time":"2026-08-22T13:55:54Z","timestamp":1787406954000},"score":0.0,"resource":{"primary":{"URL":"https:\/\/hemeroteca.unad.edu.co\/index.php\/Biociencias\/article\/view\/11958"}},"issued":{"date-parts":[[2026,8,20]]},"references-count":9,"journal-issue":{"issue":"1","published-online":{"date-parts":[[2026,8,18]]}},"URL":"https:\/\/doi.org\/10.22490\/26194759.11958","ISSN":["2619-4759"],"issn-type":[{"value":"2619-4759","type":"electronic"}],"published":{"date-parts":[[2026,8,20]]}},{"indexed":{"date-parts":[[2026,8,24]],"date-time":"2026-08-24T21:22:27Z","timestamp":1787606547857,"version":"build-2736575974"},"reference-count":12,"publisher":"Universidad Nacional Abierta y a Distancia","issue":"3","license":[{"start":{"date-parts":[[2025,12,1]],"date-time":"2025-12-01T00:00:00Z","timestamp":1764547200000},"content-version":"unspecified","delay-in-days":0,"URL":"https:\/\/creativecommons.org\/licenses\/by-nc-sa\/4.0"}],"content-domain":{"domain":[],"crossmark-restriction":false},"short-container-title":["Publ. investig."],"abstract":"<jats:p>En los productos pesqueros fermentados las bacterias \u00e1cido l\u00e1cticas act\u00faan transformando carbohidratos en compuestos como \u00e1cido l\u00e1ctico y ac\u00e9tico, lo que favorece la conservaci\u00f3n y mejora de las caracter\u00edsticas sensoriales del producto. Estas bacterias producen sustancias antimicrobianas como bacteriocinas, capaces de inhibir pat\u00f3genos y microorganismos de deterioro mediante la alteraci\u00f3n de la membrana celular, lo que contribuye a garantizar la inocuidad y seguridad del alimento. Asimismo, poseen la capacidad de reducir aminas biog\u00e9nicas, responsables de la descomposici\u00f3n del pescado y de riesgos toxicol\u00f3gicos, eliminando compuestos como histamina, tiramina, putrescina y cadaverina. Algunas cepas se destacan por su tolerancia a la sal, resistencia a condiciones de refrigeraci\u00f3n y capacidad de mantener la estabilidad celular frente al estr\u00e9s osm\u00f3tico, lo que las convierte en cultivos iniciadores ideales en la elaboraci\u00f3n de embutidos fermentados de pescado. En general, la aplicaci\u00f3n de bacterias l\u00e1cticas representa una herramienta biotecnol\u00f3gica efectiva para extender la durabilidad, asegurar la inocuidad microbiol\u00f3gica y optimizar las caracter\u00edsticas de los productos pesqueros fermentados.<\/jats:p>","DOI":"10.22490\/25394088.10205","type":"journal-article","created":{"date-parts":[[2026,8,24]],"date-time":"2026-08-24T20:44:40Z","timestamp":1787604280000},"source":"Crossref","is-referenced-by-count":0,"title":["Acci\u00f3n de bacterias \u00e1cido l\u00e1cticas en la bioconservaci\u00f3n de productos pesqueros","Action of lactic acid bacteria in the bioconservation of fishery products"],"prefix":"10.22490","volume":"19","author":[{"given":"Andrea","family":"Vasquez Garcia","sequence":"first","affiliation":[],"role":[{"vocabulary":"crossref","role":"author"}]},{"given":"Liliana","family":"Londo\u00f1o Hernandez","sequence":"additional","affiliation":[],"role":[{"vocabulary":"crossref","role":"author"}]},{"given":"Lida Mar\u00eda","family":"Rada Anillo","sequence":"additional","affiliation":[],"role":[{"vocabulary":"crossref","role":"author"}]}],"member":"9784","published-online":{"date-parts":[[2025,12,1]]},"reference":[{"key":"201420","doi-asserted-by":"crossref","unstructured":"\u010canak, I., Markov, K., Melvan, E., Star\u010devi\u0107, A., \u2026 \u017divkovi\u0107, M. (2018). solation and Characterisation of L. plantarum O1 Producer of Plantaricin as Potential Starter Culture for the Biopreservation of Aquatic Food Products. Food Technology and Biotechnology, 56(4). https:\/\/doi.org\/doi:10.17113\/ftb.56.04.18.5707","DOI":"10.17113\/ftb.56.04.18.5707"},{"key":"201421","doi-asserted-by":"crossref","unstructured":"Cui, Q., Li, L., Huang, H., Yang, Y., Chen, S., & Li, C. (2024). Novel insight into the formation and improvement mechanism of physical property in fermented tilapia sausage by cooperative fermentation of newly isolated lactic acid bacteria based on microbial contribution. Food research international (Ottawa, Ont.), 187, 114456. https:\/\/doi.org\/10.1016\/j.foodres.2024.114456","DOI":"10.1016\/j.foodres.2024.114456"},{"key":"201422","doi-asserted-by":"crossref","unstructured":"Darbandi, A., Asadi, A., Mahdizade Ari, M., Ohadi, E., Talebi, M., Halaj Zadeh, M., Darb Emamie, A., Ghanavati, R., & Kakanj, M. (2019). Bacteriocins: Properties and potential use as antimicrobials. Journal of Clinical Laboratory Analysis, 36(1). https:\/\/www.ncbi.nlm.nih.gov\/pmc\/articles\/PMC8761470\/","DOI":"10.1002\/jcla.24093"},{"key":"201423","doi-asserted-by":"crossref","unstructured":"Fuentes, M., Londo\u00f1o, A., Durango, M., Guti\u00e9rrez, M., Ochoa, S. & Sep\u00falveda, J. (2017). Capacidad antimicrobiana de bacterias \u00e1cido l\u00e1cticas aut\u00f3ctonas aisladas de queso doble crema y quesillo colombiano. Biotecnolog\u00eda En El Sector Agropecuario y Agroindustrial, 15. http:\/\/www.scielo.org.co\/pdf\/bsaa\/v15n1\/v15n1a06.pdf","DOI":"10.18684\/BSAA(15)45-55"},{"key":"201424","doi-asserted-by":"crossref","unstructured":"Guo, K. X., Hu, B., Jiang, Y., Li, Z. Y., Qi, J., & Yu, M. M. (2025). Comprehensive insights into the mechanism of flavor formation in mandarin fish (Siniperca chuatsi) with inoculated fermentation. Food chemistry, 479, 143717. https:\/\/doi.org\/10.1016\/j.foodchem.2025.143717","DOI":"10.1016\/j.foodchem.2025.143717"},{"key":"201425","doi-asserted-by":"crossref","unstructured":"K\u00f6nig, H., & Fr\u00f6hlich, J. (2017). Lactic acid bacteria. In Biology of Microorganisms on Grapes, in Must and in Wine (pp. 3-41). Cham: Springer International Publishing.","DOI":"10.1007\/978-3-319-60021-5_1"},{"key":"201426","doi-asserted-by":"crossref","unstructured":"Nie, X., Zhang, R., Cheng, L., Zhu, W., Li, S., & Chen, X. (2022). Mechanisms underlying the deterioration of fish quality after harvest and methods of preservation. Food control, 135, 108805. https:\/\/doi.org\/10.1016\/j.foodcont.2021.108805","DOI":"10.1016\/j.foodcont.2021.108805"},{"key":"201427","doi-asserted-by":"crossref","unstructured":"Muthuvelu, K. S., Ethiraj, B., Pramnik, S., Raj, N. K., Venkataraman, S., Rajendran, D. S., ... & Muthusamy, S. (2023). Biopreservative technologies of food: An alternative to chemical preservation and recent developments. Food Science and Biotechnology, 32(10), 1337-1350.","DOI":"10.1007\/s10068-023-01336-8"},{"key":"201428","unstructured":"Roca-Lanao B., Mendoza-Ureche, R. & M. L. (2022). Producci\u00f3n de acuicultura en los departamentos de C\u00f3rdoba, Huila y Tolima: Resultados de la prueba piloto de la metodolog\u00eda de estimaci\u00f3n. Autoridad Nacional de Acuicultura y Pesca (AUNAP). http:\/\/sepec.aunap.gov.co\/Archivos\/Boletines-2022\/SEPEC_Boletin_Tecnico_Produccion_Acuicultura_2022.pdf"},{"key":"201429","doi-asserted-by":"crossref","unstructured":"Son, N. Y., Moon, G. S., Turner, M. S., & Yuk, H. G. (2025). Anti-listeria activity of newly isolated lactic acid bacteria from fermented foods and their application to smoked salmon (Coho). International journal of food microbiology, 434, 111148. https:\/\/doi.org\/10.1016\/j.ijfoodmicro.2025.111148","DOI":"10.1016\/j.ijfoodmicro.2025.111148"},{"key":"201430","doi-asserted-by":"crossref","unstructured":"Vieco-Saiz, N., Belguesmia, Y., Raspoet, R., Auclair, E., Gancel, F., Kempf, I., & Drider, D. (2019). Benefits and Inputs From Lactic Acid Bacteria and Their Bacteriocins as Alternatives to Antibiotic Growth Promoters During Food-Animal Production. Frontiers in Microbiology, 10. https:\/\/doi.org\/doi:10.3389\/fmicb.2019.00057","DOI":"10.3389\/fmicb.2019.00057"},{"key":"201431","doi-asserted-by":"crossref","unstructured":"Zhang, Z., Zhang, X., Li, Y., Su, W., Xu, Q., Zhang, S., Liang, H., Ji, C., & Lin, X. (2024). Effects of quercetin- and Lactiplantibacillus plantarum-containing bioactive films on physicochemical properties and microbial safety of grass carp. Food chemistry, 450, 139472. https:\/\/doi.org\/10.1016\/j.foodchem.2024.139472","DOI":"10.1016\/j.foodchem.2024.139472"}],"container-title":["Publicaciones e Investigaci\u00f3n"],"link":[{"URL":"https:\/\/hemeroteca.unad.edu.co\/index.php\/publicaciones-e-investigacion\/article\/download\/10205\/8833","content-type":"application\/pdf","content-version":"vor","intended-application":"text-mining"},{"URL":"https:\/\/hemeroteca.unad.edu.co\/index.php\/publicaciones-e-investigacion\/article\/download\/10205\/8942","content-type":"text\/xml","content-version":"vor","intended-application":"text-mining"},{"URL":"https:\/\/hemeroteca.unad.edu.co\/index.php\/publicaciones-e-investigacion\/article\/download\/10205\/8833","content-type":"unspecified","content-version":"vor","intended-application":"similarity-checking"}],"deposited":{"date-parts":[[2026,8,24]],"date-time":"2026-08-24T20:44:42Z","timestamp":1787604282000},"score":0.0,"resource":{"primary":{"URL":"https:\/\/hemeroteca.unad.edu.co\/index.php\/publicaciones-e-investigacion\/article\/view\/10205"}},"issued":{"date-parts":[[2025,12,1]]},"references-count":12,"journal-issue":{"issue":"3","published-online":{"date-parts":[[2025,12,1]]}},"URL":"https:\/\/doi.org\/10.22490\/25394088.10205","ISSN":["2539-4088","1900-6608"],"issn-type":[{"value":"2539-4088","type":"electronic"},{"value":"1900-6608","type":"print"}],"published":{"date-parts":[[2025,12,1]]}},{"indexed":{"date-parts":[[2026,8,27]],"date-time":"2026-08-27T16:25:26Z","timestamp":1787847926099,"version":"build-2784847793"},"reference-count":8,"publisher":"Universidad Nacional Abierta y a Distancia","content-domain":{"domain":[],"crossmark-restriction":false},"short-container-title":["Rev. Estrateg. Organ."],"abstract":"<jats:p>El semillero \u201cRe-creando el sue\u00f1o de la paz\u201d perteneciente a la Facultad de Ciencias de la Comunicaci\u00f3n de la universidad UNIMINUTO, tiene el inter\u00e9s de vincular la academia con las\r\norganizaciones sociales que est\u00e1n trabajando por la paz en los diferentes territorios. El objetivo principal es apoyar los procesos a partir de investigaciones pertinentes que aporten desde el campo de la comunicaci\u00f3n. Actualmente, el semillero est\u00e1 vinculado con el Programa de Desarrollo y Paz del Magdalena Medio (PDPMM), apoyando la investigaci\u00f3n referida a la situaci\u00f3n coyuntural en que se encuentra el programa, particularmente, en lo concerniente al campo de la comunicaci\u00f3n. El PDPMM es una organizaci\u00f3n social que \u201csurgi\u00f3 como fruto de una iniciativa promovida por el Comit\u00e9 de Derechos Humanos de la Uni\u00f3n Sindical Obrera de la Industria del Petr\u00f3leo USO, y la Empresa Colombiana de Petr\u00f3leos ECOPETROL y con el apoyo de la Di\u00f3cesis de Barrancabermeja y el Centro de Investigaci\u00f3n y Educaci\u00f3n Popular CINEP\u201d (Web PDPMM- 2016).\r\nDel encuentro entre el semillero y el PDPMM, surge la propuesta de realizar una investigaci\u00f3n en relaci\u00f3n al proceso de evoluci\u00f3n que se ha dado en la comunicaci\u00f3n durante los 20 a\u00f1os que lleva de existencia la organizaci\u00f3n en medio del conflicto. La finalidad es obtener aprendizajes que nos permita pensar c\u00f3mo enfocar la comunicaci\u00f3n en la paz territorial y en el nuevo escenario de post-acuerdo que se presenta en el pa\u00eds.<\/jats:p>","DOI":"10.22490\/25392786.2128","type":"journal-article","created":{"date-parts":[[2026,8,27]],"date-time":"2026-08-27T16:08:12Z","timestamp":1787846892000},"page":"9-20","source":"Crossref","is-referenced-by-count":0,"title":["Estrategias de comunicaci\u00f3n para la construcci\u00f3n de paz territorial en el Magdalena Medio"],"prefix":"10.22490","volume":"4","author":[{"ORCID":"https:\/\/orcid.org\/0000-0002-7646-3496","authenticated-orcid":false,"given":"Astrid","family":"Romero-Ram\u00edrez","sequence":"first","affiliation":[],"role":[{"vocabulary":"crossref","role":"author"}]},{"ORCID":"https:\/\/orcid.org\/0000-0003-2045-2701","authenticated-orcid":false,"given":"Andr\u00e9s","family":"Moreno Hern\u00e1ndez","sequence":"additional","affiliation":[],"role":[{"vocabulary":"crossref","role":"author"}]},{"ORCID":"https:\/\/orcid.org\/0000-0002-2264-5008","authenticated-orcid":false,"given":"Johanna","family":"Jaime Molina","sequence":"additional","affiliation":[],"role":[{"vocabulary":"crossref","role":"author"}]},{"ORCID":"https:\/\/orcid.org\/0000-0002-8035-7565","authenticated-orcid":false,"given":"Ingrid","family":"Castro Elejalde","sequence":"additional","affiliation":[],"role":[{"vocabulary":"crossref","role":"author"}]},{"ORCID":"https:\/\/orcid.org\/0000-0002-5365-5380","authenticated-orcid":false,"given":"Karina","family":"Orozco Ar\u00e9valo","sequence":"additional","affiliation":[],"role":[{"vocabulary":"crossref","role":"author"}]},{"ORCID":"https:\/\/orcid.org\/0000-0002-0025-7362","authenticated-orcid":false,"given":"Mar\u00eda Victoria","family":"De la Morena Garc\u00eda","sequence":"additional","affiliation":[],"role":[{"vocabulary":"crossref","role":"author"}]},{"ORCID":"https:\/\/orcid.org\/0000-0002-6593-9241","authenticated-orcid":false,"given":"Carmen","family":"Boh\u00f3rquez Bello","sequence":"additional","affiliation":[],"role":[{"vocabulary":"crossref","role":"author"}]}],"member":"9784","published-online":{"date-parts":[[2015,12,15]]},"reference":[{"key":"36700","unstructured":"Beltr\u00e1n, L. (1993). Comunicaci\u00f3n para el Desarrollo en Latinoam\u00e9rica: una evaluaci\u00f3n sucinta al cabo de 40 a\u00f1os. Conferencia llevada a cabo en la IV Mesa Redonda sobre Comunicaci\u00f3n y Desarrollo. Instituto para Am\u00e9rica Latina (IPAL), Lima, Per\u00fa."},{"key":"36701","unstructured":"Carvajal, A. (2010). Teor\u00eda y pr\u00e1ctica de la sistematizaci\u00f3n de experiencias. 4\u00aa Edici\u00f3n. Cali: Escuela de Trabajo Social y Desarrollo Humano, Universidad del Valle."},{"key":"36702","unstructured":"Enz, A., Franco, V., & Spagnuolo, V. (2012). Manual de comunicaci\u00f3n para organizaciones sociales: hacia una gesti\u00f3n estrat\u00e9gica y participativa. Buenos Aires, Argentina: Comunia Asociaci\u00f3n Civil."},{"key":"36703","unstructured":"Espitia, J. y Fl\u00f3rez A. (2005). Gu\u00eda de comunicaci\u00f3n para la gesti\u00f3n y el desarrollo social. Bogot\u00e1, D.C., Colombia: Editorial Javegraf."},{"key":"36704","unstructured":"PDPMM (2015). Historia: Antecedentes. Recuperado de http:\/\/www.pdpmm.org.co\/index.php\/el-programa"},{"key":"36705","unstructured":"P\u00e9rez, M. (2004). La conformaci\u00f3n territorial en Colombia: entre el conflicto, el desarrollo"},{"key":"36706","unstructured":"y el destierro. En Cuadernos de desarrollo rural, n\u00fam. 51. Bogot\u00e1, Colombia: Pontificia Universidad Javeriana."},{"key":"36707","unstructured":"Rodr\u00edguez, C., Obreg\u00f3n, R. & Vega, J. (2002). Estrategias de comunicaci\u00f3n para el cambio social. Quito, Ecuador: Friedrich. Ebert. Stiftung."}],"container-title":["Revista Estrategia Organizacional"],"link":[{"URL":"https:\/\/hemeroteca.unad.edu.co\/index.php\/revista-estrategica-organizacio\/article\/download\/2128\/2316","content-type":"application\/pdf","content-version":"vor","intended-application":"text-mining"},{"URL":"https:\/\/hemeroteca.unad.edu.co\/index.php\/revista-estrategica-organizacio\/article\/download\/2128\/2316","content-type":"unspecified","content-version":"vor","intended-application":"similarity-checking"}],"deposited":{"date-parts":[[2026,8,27]],"date-time":"2026-08-27T16:08:21Z","timestamp":1787846901000},"score":0.0,"resource":{"primary":{"URL":"https:\/\/hemeroteca.unad.edu.co\/index.php\/revista-estrategica-organizacio\/article\/view\/2128"}},"issued":{"date-parts":[[2015,12,15]]},"references-count":8,"URL":"https:\/\/doi.org\/10.22490\/25392786.2128","ISSN":["2539-2786","2339-3866"],"issn-type":[{"value":"2539-2786","type":"electronic"},{"value":"2339-3866","type":"print"}],"published":{"date-parts":[[2015,12,15]]}},{"indexed":{"date-parts":[[2026,8,27]],"date-time":"2026-08-27T16:25:27Z","timestamp":1787847927709,"version":"build-2784847793"},"reference-count":9,"publisher":"Universidad Nacional Abierta y a Distancia","issue":"1","content-domain":{"domain":[],"crossmark-restriction":false},"short-container-title":["Rev. Estrateg. Organ."],"abstract":"<jats:p>El presente art\u00edculo expone los resultados de un estudio referido a las problem\u00e1ticas existentes en la gesti\u00f3n de personal que enfrenta la industria de construcci\u00f3n en Colombia. Se hace un an\u00e1lisis e indagaci\u00f3n con la participaci\u00f3n de estudiantes pertenecientes al curso acad\u00e9mico denominado Gesti\u00f3n de Personal de Obras, activos entre los per\u00edodos de 2015 y 2016. En s\u00edntesis, se sistematiza el estudio que se llev\u00f3 a cabo en el curso mencionado, actualizando marco te\u00f3rico y contextual de la situaci\u00f3n problema.\r\n\r\nMediante el semillero de Activos ECACEN, se desarrolla un an\u00e1lisis de la literatura para determinar la problem\u00e1tica general, se contrastan diferentes textos encontrados al respecto que nos permitan problematizar la investigaci\u00f3n. Es preciso indicar que no se encuentran suficientes datos o documentos que compilen o permitan caracterizar el ambiente general que se vive en la gesti\u00f3n de personal referido a obras y construcciones. Se llevara a cabo una caracterizaci\u00f3n a partir de la documentaci\u00f3n encontrada para luego hacer una consulta a profesionales con experiencia en el manejo de personal al servicio de la industria en construcci\u00f3n. Lo anterior estar\u00e1 apoyado por estudiantes del programa de Gesti\u00f3n de Obras Civiles. Basado en la consulta, se obtendr\u00e1 un panorama que ser\u00e1 \u00fatil para la toma de decisiones a quien le incumba el tema.<\/jats:p>","DOI":"10.22490\/25392786.2468","type":"journal-article","created":{"date-parts":[[2026,8,27]],"date-time":"2026-08-27T16:09:04Z","timestamp":1787846944000},"page":"135-151","source":"Crossref","is-referenced-by-count":0,"title":["An\u00e1lisis de la problem\u00e1tica en gesti\u00f3n de personal referida a la industria de la construcci\u00f3n en Colombia y perspectivas de futuro*"],"prefix":"10.22490","volume":"6","author":[{"given":"Edward Yecid","family":"Torres Nova","sequence":"first","affiliation":[],"role":[{"vocabulary":"crossref","role":"author"}]},{"given":"William Camilo","family":"Mart\u00ednez Sanabria","sequence":"additional","affiliation":[],"role":[{"vocabulary":"crossref","role":"author"}]}],"member":"9784","published-online":{"date-parts":[[2017,2,17]]},"reference":[{"key":"50657","unstructured":"Asocolflores. (2002). Gesti\u00f3n Humana. En Asocolflores Version,4, 14-16."},{"key":"50658","unstructured":"Construdata. (20 de septiembre de 2016). ABC de los trabajadores de la construcci\u00f3n [en l\u00ednea]. Disponible en http:\/\/www.construdata.com\/BancoConocimiento\/C\/cartillaabc\/introduccion.htm"},{"key":"50659","unstructured":"Bar\u00f3n, L. (2012). Propuesta de mejoramiento para la situaci\u00f3n del trabajador de construcciones en Colombia. Bogot\u00e1, D.C., Colombia: Universidad de los Andes."},{"key":"50660","unstructured":"Borrero, O. (2008). Gerencia de proyectos inmobiliarios. Bogota D.C., Colombia: Carvajal."},{"key":"50661","unstructured":"Fondo de Riesgos Laborales de la Rep\u00fablica de Colombia. (31 de diciembre de 2015). Ministerio del Trabajo [en l\u00ednea]. Disponible en http:\/fondoriesgoslaborales.gov.co\/seccion\/informacion-estadisticas\/2015.html [consultado en agosto de 2016]"},{"key":"50662","unstructured":"Ministerio del trabajo . (26 de mayo de 2015 ). Decreto n\u00famero 1072 del 2015. Bogot\u00e1 D.C., Colombia: Ministerio del trabajo."},{"key":"50663","unstructured":"Moreno, B. (2001). Productividad y competitividad. En Revista UNAL, 5-15."},{"key":"50664","unstructured":"Navarro, E. (2008). Revisi\u00f3n de la motivaci\u00f3n de los trabajadores de la construcci\u00f3n: 1958-2008. En Revista de la Construcci\u00f3n, pp. 17-29."},{"key":"50665","unstructured":"Organizaci\u00f3n Internacional del Trabajo. (2001). Enciclopedia de la Salud y seguridad en el Trabajo. Madrid: OIT."}],"container-title":["Revista Estrategia Organizacional"],"link":[{"URL":"https:\/\/hemeroteca.unad.edu.co\/index.php\/revista-estrategica-organizacio\/article\/download\/2468\/2564","content-type":"application\/pdf","content-version":"vor","intended-application":"text-mining"},{"URL":"https:\/\/hemeroteca.unad.edu.co\/index.php\/revista-estrategica-organizacio\/article\/download\/2468\/2565","content-type":"text\/html","content-version":"vor","intended-application":"text-mining"},{"URL":"https:\/\/hemeroteca.unad.edu.co\/index.php\/revista-estrategica-organizacio\/article\/download\/2468\/2564","content-type":"unspecified","content-version":"vor","intended-application":"similarity-checking"}],"deposited":{"date-parts":[[2026,8,27]],"date-time":"2026-08-27T16:09:06Z","timestamp":1787846946000},"score":0.0,"resource":{"primary":{"URL":"https:\/\/hemeroteca.unad.edu.co\/index.php\/revista-estrategica-organizacio\/article\/view\/2468"}},"issued":{"date-parts":[[2017,2,17]]},"references-count":9,"journal-issue":{"issue":"1","published-online":{"date-parts":[[2018,7,13]]}},"URL":"https:\/\/doi.org\/10.22490\/25392786.2468","ISSN":["2539-2786","2339-3866"],"issn-type":[{"value":"2539-2786","type":"electronic"},{"value":"2339-3866","type":"print"}],"published":{"date-parts":[[2017,2,17]]}},{"indexed":{"date-parts":[[2026,8,27]],"date-time":"2026-08-27T16:25:42Z","timestamp":1787847942849,"version":"build-2784847793"},"reference-count":0,"publisher":"Universidad Nacional Abierta y a Distancia","issue":"1","license":[{"start":{"date-parts":[[2025,6,17]],"date-time":"2025-06-17T00:00:00Z","timestamp":1750118400000},"content-version":"unspecified","delay-in-days":0,"URL":"https:\/\/creativecommons.org\/licenses\/by-nc-sa\/4.0"}],"content-domain":{"domain":[],"crossmark-restriction":false},"short-container-title":["Ksinep"],"abstract":"<jats:p>Este art\u00edculo muestra c\u00f3mo fue construida y aplicada una propuesta para el aprendizaje de los conceptos \u00e9ticos de empat\u00eda ydiversidad, en el marco del curso competencias ciudadanas I del Programa de Alfabetizaci\u00f3n y Educaci\u00f3n B\u00e1sica yMedia (PAEBM) de\u00a0la Universidad Nacional Abierta y a Distancia (UNAD), usando como herramienta did\u00e1ctica la elaboraci\u00f3n de narrativas autobiogr\u00e1ficas por parte de estudiantes de educaci\u00f3n inclusiva bajo la modalidad de educaci\u00f3n a distancia. Dicha herramienta se plantea como una\u00a0alternativa de construcci\u00f3n conceptual que no pase por lo memor\u00edstico, sino porun ejercicio de memoria autobiogr\u00e1fica.<\/jats:p>","DOI":"10.22490\/unad.kaleidoscopio.10001","type":"journal-article","created":{"date-parts":[[2026,8,27]],"date-time":"2026-08-27T16:15:52Z","timestamp":1787847352000},"source":"Crossref","is-referenced-by-count":0,"title":["Narrar Nuestras Vidas Para Aprender Sobre Empat\u00eda y Diversidad"],"prefix":"10.22490","volume":"2","author":[{"given":"Carlos Mauricio","family":"Gamboa","sequence":"first","affiliation":[],"role":[{"vocabulary":"crossref","role":"author"}]}],"member":"9784","published-online":{"date-parts":[[2025,6,17]]},"container-title":["Kaleidoscopio SINEP"],"link":[{"URL":"https:\/\/hemeroteca.unad.edu.co\/index.php\/Ksinep\/article\/download\/10001\/7895","content-type":"application\/pdf","content-version":"vor","intended-application":"text-mining"},{"URL":"https:\/\/hemeroteca.unad.edu.co\/index.php\/Ksinep\/article\/download\/10001\/7895","content-type":"unspecified","content-version":"vor","intended-application":"similarity-checking"}],"deposited":{"date-parts":[[2026,8,27]],"date-time":"2026-08-27T16:15:52Z","timestamp":1787847352000},"score":0.0,"resource":{"primary":{"URL":"https:\/\/hemeroteca.unad.edu.co\/index.php\/Ksinep\/article\/view\/10001"}},"issued":{"date-parts":[[2025,6,17]]},"references-count":0,"journal-issue":{"issue":"1","published-online":{"date-parts":[[2025,6,17]]}},"URL":"https:\/\/doi.org\/10.22490\/unad.kaleidoscopio.10001","ISSN":["3114-9162"],"issn-type":[{"value":"3114-9162","type":"electronic"}],"published":{"date-parts":[[2025,6,17]]}},{"indexed":{"date-parts":[[2026,8,27]],"date-time":"2026-08-27T16:25:43Z","timestamp":1787847943573,"version":"build-2784847793"},"reference-count":0,"publisher":"Universidad Nacional Abierta y a Distancia","issue":"1","license":[{"start":{"date-parts":[[2024,4,1]],"date-time":"2024-04-01T00:00:00Z","timestamp":1711929600000},"content-version":"unspecified","delay-in-days":0,"URL":"https:\/\/creativecommons.org\/licenses\/by-nc-sa\/4.0"}],"content-domain":{"domain":[],"crossmark-restriction":false},"short-container-title":["Ksinep"],"abstract":"<jats:p>El equipo colaborador pretende visibilizar el compromiso social que emana de la naturaleza misma de la Universidad Nacional Abierta y a Distancia (UNAD) y que se traduce en la contribuci\u00f3n de la construcci\u00f3n del proyecto de paz en Colombia, el cierre de las brechas de inequidad y el compromiso de llevar educaci\u00f3n de calidad a la Colombia apartada y profunda.\r\nEn este sentido es importante exteriorizar el trabajo del docente Unadista en zonas apartadas del pa\u00eds, tanto en la gesti\u00f3n pedag\u00f3gica propia de su quehacer, como en los aportes que puede realizar de forma interdisciplinaria y trasversal, con base en su trabajo en el contexto social en que se desempe\u00f1a. Es entonces que desde la inmersi\u00f3n y adaptaci\u00f3n al medio que hace parte de su realidad moment\u00e1nea, el tutor cuenta su historia de vida, de procesos; historias de paz.<\/jats:p>","DOI":"10.22490\/unad.kaleidoscopio.8091","type":"journal-article","created":{"date-parts":[[2026,8,27]],"date-time":"2026-08-27T16:16:10Z","timestamp":1787847370000},"page":"85-99","source":"Crossref","is-referenced-by-count":0,"title":["El Tutor Como Ser Trascendente En La Transformaci\u00f3n Social Y Comunitaria De Las Comunidades Rurales Impactadas Por El Proyecto Arando La Educaci\u00f3n."],"prefix":"10.22490","volume":"1","author":[{"given":"Roberth Alexander","family":"Romero Moreno","sequence":"first","affiliation":[],"role":[{"vocabulary":"crossref","role":"author"}]},{"given":"Liz","family":"Ortiz","sequence":"additional","affiliation":[],"role":[{"vocabulary":"crossref","role":"author"}]}],"member":"9784","published-online":{"date-parts":[[2024,4,1]]},"container-title":["Kaleidoscopio SINEP"],"link":[{"URL":"https:\/\/hemeroteca.unad.edu.co\/index.php\/Ksinep\/article\/download\/8091\/6934","content-type":"application\/pdf","content-version":"vor","intended-application":"text-mining"},{"URL":"https:\/\/hemeroteca.unad.edu.co\/index.php\/Ksinep\/article\/download\/8091\/6934","content-type":"unspecified","content-version":"vor","intended-application":"similarity-checking"}],"deposited":{"date-parts":[[2026,8,27]],"date-time":"2026-08-27T16:16:10Z","timestamp":1787847370000},"score":0.0,"resource":{"primary":{"URL":"https:\/\/hemeroteca.unad.edu.co\/index.php\/Ksinep\/article\/view\/8091"}},"issued":{"date-parts":[[2024,4,1]]},"references-count":0,"journal-issue":{"issue":"1","published-online":{"date-parts":[[2024,4,12]]}},"URL":"https:\/\/doi.org\/10.22490\/unad.kaleidoscopio.8091","ISSN":["3114-9162"],"issn-type":[{"value":"3114-9162","type":"electronic"}],"published":{"date-parts":[[2024,4,1]]}},{"indexed":{"date-parts":[[2026,9,1]],"date-time":"2026-09-01T10:46:01Z","timestamp":1788259561517,"version":"build-2803163510"},"reference-count":0,"publisher":"Universidad Nacional Abierta y a Distancia","issue":"38","license":[{"start":{"date-parts":[[2022,9,13]],"date-time":"2022-09-13T00:00:00Z","timestamp":1663027200000},"content-version":"unspecified","delay-in-days":0,"URL":"https:\/\/creativecommons.org\/licenses\/by-nc-nd\/4.0"}],"content-domain":{"domain":[],"crossmark-restriction":false},"short-container-title":["NOVA"],"abstract":"<jats:p>Borrelia burgdorferi, is the spirochete responsible for causing Lyme disease in man and different animals. Objective. Detect specific IgG type antibodies against Borrelia burgdorferi, in canines using the immunofluorescence technique and its correlation with other factors associated with Lyme disease. Methods. Blood was taken for IgG detection against Borrelia burgdorferi sl; Peripheral blood smear of the canines and hemolymph of the ticks to search for spirochetes with Wright staining and finally classification of the ticks using morphometric keys. Results. In the serological test, on average 69.0% of the canines sampled gave positive results in the different titrations. Bacterial structures were spirally visualized both in the peripheral blood of the canines and in the hemolymph of the ticks. The vector found was classified as Rhipicephalus sanguineus, until now not reported in the scientific literature as a carrier of Borrelia, nor associated with the disease.<\/jats:p>","DOI":"10.22490\/24629448.6180","type":"journal-article","created":{"date-parts":[[2022,12,13]],"date-time":"2022-12-13T16:31:16Z","timestamp":1670949076000},"page":"11-35","source":"Crossref","is-referenced-by-count":13,"title":["Detecci\u00f3n de anticuerpos tipo IgG contra Borrelia  Burgdorferi, y factores asociados a la enfermedad de Lyme  en poblaci\u00f3n canina, de los municipios Honda-Tolima,  La Mesa y Chia-Cundinamarca","Detection of IgG-type antibodies against Borrelia Burgdorferi, and factors  associated with Lyme disease in the canine population, of the municipalities  Honda-Tolima, La Mesa and Chia-Cundinamarca"],"prefix":"10.22490","volume":"20","author":[{"given":"Lucia Constanza","family":"Corrales","sequence":"first","affiliation":[],"role":[{"vocabulary":"crossref","role":"author"}]},{"given":"Stiven","family":"Quijano Duarte","sequence":"additional","affiliation":[],"role":[{"vocabulary":"crossref","role":"author"}]},{"given":"Evelyn","family":"Ram\u00edrez Hern\u00b4\u00e1ndez","sequence":"additional","affiliation":[],"role":[{"vocabulary":"crossref","role":"author"}]}],"member":"9784","published-online":{"date-parts":[[2022,9,13]]},"container-title":["Revista Nova publicaci\u00f3n cient\u00edfica en ciencias biom\u00e9dicas"],"link":[{"URL":"https:\/\/hemeroteca.unad.edu.co\/index.php\/nova\/article\/download\/6180\/5833","content-type":"application\/pdf","content-version":"vor","intended-application":"text-mining"},{"URL":"https:\/\/hemeroteca.unad.edu.co\/index.php\/nova\/article\/download\/6180\/5833","content-type":"unspecified","content-version":"vor","intended-application":"similarity-checking"}],"deposited":{"date-parts":[[2025,6,8]],"date-time":"2025-06-08T17:56:45Z","timestamp":1749405405000},"score":0.0,"resource":{"primary":{"URL":"https:\/\/hemeroteca.unad.edu.co\/index.php\/nova\/article\/view\/6180"}},"issued":{"date-parts":[[2022,9,13]]},"references-count":0,"journal-issue":{"issue":"38","published-online":{"date-parts":[[2022,9,13]]}},"URL":"https:\/\/doi.org\/10.22490\/24629448.6180","ISSN":["2462-9448","1794-2470"],"issn-type":[{"value":"2462-9448","type":"electronic"},{"value":"1794-2470","type":"print"}],"published":{"date-parts":[[2022,9,13]]}},{"indexed":{"date-parts":[[2025,6,11]],"date-time":"2025-06-11T20:24:37Z","timestamp":1749673477124},"reference-count":0,"publisher":"Universidad Nacional Abierta y a Distancia","issue":"1","license":[{"start":{"date-parts":[[2014,5,7]],"date-time":"2014-05-07T00:00:00Z","timestamp":1399420800000},"content-version":"unspecified","delay-in-days":0,"URL":"https:\/\/creativecommons.org\/licenses\/by\/4.0\/deed.es"}],"content-domain":{"domain":[],"crossmark-restriction":false},"short-container-title":["rev.investig.agrar.ambient."],"abstract":"<jats:p>&lt;p align=\"left\"&gt;&lt;strong&gt;\u00a0&lt;\/strong&gt;El establecimiento del cultivo &lt;em&gt;in vitro &lt;\/em&gt;de segmentos nodales de &lt;em&gt;Guadua angustifolia &lt;\/em&gt;presenta como principal inconveniente la contaminaci\u00f3n por microorganismos, causando p\u00e9rdidas biol\u00f3gicas y econ\u00f3micas. Esta investigaci\u00f3n fue desarrollada en el Centro Nacional para el Estudio del Bamb\u00fa-Guadua, en C\u00f3rdoba, Quind\u00edo y financiada por la Corporaci\u00f3n Aut\u00f3noma Regional del Quind\u00edo (C.R.Q). Se evaluaron seis tratamientos para la desinfecci\u00f3n de los explantes de guadua con hipoclorito de sodio (NaClO) en concentraciones del 2% y 3%, cada uno en tiempos de aplicaci\u00f3n de 5, 10 y 15 minutos, posteriormente los explantes fueron sembrados en el medio de cultivo Murashige y Skoog, suplementado con 6-BAP a raz\u00f3n de 3mg L-1. Tambi\u00e9n se valor\u00f3 el porcentaje de brotaci\u00f3n. El mejor resultado de desinfecci\u00f3n y de brotaci\u00f3n se obtuvo con el NaClO al 2% durante 15 minutos.&lt;\/p&gt;<\/jats:p>","DOI":"10.22490\/21456453.944","type":"journal-article","created":{"date-parts":[[2017,3,28]],"date-time":"2017-03-28T15:18:42Z","timestamp":1490714322000},"page":"155","source":"Crossref","is-referenced-by-count":1,"title":["Evaluaci\u00f3n del efecto de tratamientos de desinfecci\u00f3n con hipoclorito de sodio sobre segmentos nodales de Guadua angustifolia Kunth para el establecimiento del cultivo in vitro"],"prefix":"10.22490","volume":"5","author":[{"given":"Lorena Alexandra","family":"Ram\u00edrez Correa","sequence":"first","affiliation":[],"role":[{"role":"author","vocabulary":"crossref"}]},{"given":"Jairo Enrique","family":"Granados Moreno","sequence":"additional","affiliation":[],"role":[{"role":"author","vocabulary":"crossref"}]},{"given":"Nidia Elizabeth","family":"Carre\u00f1o Gonz\u00e1lez","sequence":"additional","affiliation":[],"role":[{"role":"author","vocabulary":"crossref"}]}],"member":"9784","published-online":{"date-parts":[[2014,5,7]]},"container-title":["Revista de Investigaci\u00f3n Agraria y Ambiental"],"link":[{"URL":"http:\/\/hemeroteca.unad.edu.co\/index.php\/riaa\/article\/viewFile\/944\/928","content-type":"application\/pdf","content-version":"vor","intended-application":"text-mining"}],"deposited":{"date-parts":[[2017,3,28]],"date-time":"2017-03-28T15:18:59Z","timestamp":1490714339000},"score":0.0,"resource":{"primary":{"URL":"http:\/\/hemeroteca.unad.edu.co\/index.php\/riaa\/article\/view\/944"}},"issued":{"date-parts":[[2014,5,7]]},"references-count":0,"journal-issue":{"issue":"1","published-online":{"date-parts":[[2014,5,7]]}},"URL":"https:\/\/doi.org\/10.22490\/21456453.944","ISSN":["2145-6453","2145-6097"],"issn-type":[{"value":"2145-6453","type":"electronic"},{"value":"2145-6097","type":"print"}],"published":{"date-parts":[[2014,5,7]]}},{"indexed":{"date-parts":[[2025,5,14]],"date-time":"2025-05-14T07:42:45Z","timestamp":1747208565037,"version":"3.40.5"},"reference-count":0,"publisher":"Universidad Nacional Abierta y a Distancia","content-domain":{"domain":[],"crossmark-restriction":false},"abstract":"<jats:p>La vida para el ser humano es una constante competencia. Los retos m\u00e1sgrandes han logrado los m\u00e1s ambiciosos objetivos. En la  actualidad los seres humanos se desaf\u00edan por un contexto de total incertidumbre, en el que la recesi\u00f3n econ\u00f3mica y las afectaciones a la salud mental han tendido a crecer, sobre todo despu\u00e9s de la contingencia que fue la pandemia Covid 19, que hizo trastabillar algunas de las bases sociales anteriormente establecidas. Se tuvo que dar paso a la flexibilidad, y una adaptaci\u00f3n urgente a nuevos h\u00e1bitos de vida, especialmente en el uso de las tecnolog\u00edas de informaci\u00f3n (TI). En medio e este disruptivo panorama, la presente investigaci\u00f3n apunta a utilizar dos vertientes de estudio innovadoras, para la mejora de la situaci\u00f3n psicol\u00f3gica y econ\u00f3mica; La primera, el neuromarketing, c\u00f3mo herramienta para comunicar a la sociedad directamente en su cognici\u00f3n, y la segunda, los sue\u00f1os, como reflejo m\u00e9dico de la salud mental.<\/jats:p>","DOI":"10.22490\/ecacen.6929","type":"report","created":{"date-parts":[[2023,7,5]],"date-time":"2023-07-05T17:40:31Z","timestamp":1688578831000},"source":"Crossref","is-referenced-by-count":0,"title":["Neuromarketing para la resiliencia en la salud mental de pacientes con trastornos de sue\u00f1o post covid 19"],"prefix":"10.22490","author":[{"ORCID":"https:\/\/orcid.org\/0000-0003-3157-662X","authenticated-orcid":false,"given":"Sebasti\u00e1n","family":"Rodr\u00edguez Ram\u00edrez","sequence":"first","affiliation":[],"role":[{"role":"author","vocabulary":"crossref"}]},{"ORCID":"https:\/\/orcid.org\/0000-0001-9658-3586","authenticated-orcid":false,"given":"Guillermo Noel","family":"Guti\u00e9rrez C\u00e1rdenas","sequence":"additional","affiliation":[],"role":[{"role":"author","vocabulary":"crossref"}]},{"ORCID":"https:\/\/orcid.org\/0000-0003-0330-2306","authenticated-orcid":false,"given":"Natalie","family":"Celin Giraldo","sequence":"additional","affiliation":[],"role":[{"role":"author","vocabulary":"crossref"}]}],"member":"9784","published-online":{"date-parts":[[2023,6,21]]},"deposited":{"date-parts":[[2023,7,5]],"date-time":"2023-07-05T17:40:33Z","timestamp":1688578833000},"score":0.0,"resource":{"primary":{"URL":"https:\/\/hemeroteca.unad.edu.co\/index.php\/working\/article\/view\/6929"}},"issued":{"date-parts":[[2023,6,21]]},"references-count":0,"URL":"https:\/\/doi.org\/10.22490\/ecacen.6929","published":{"date-parts":[[2023,6,21]]}},{"indexed":{"date-parts":[[2024,6,28]],"date-time":"2024-06-28T18:54:32Z","timestamp":1719600872497},"reference-count":0,"publisher":"Universidad Nacional Abierta y a Distancia","issue":"1","license":[{"start":{"date-parts":[[2021,12,21]],"date-time":"2021-12-21T00:00:00Z","timestamp":1640044800000},"content-version":"unspecified","delay-in-days":0,"URL":"http:\/\/creativecommons.org\/licenses\/by-nc-sa\/4.0"}],"content-domain":{"domain":[],"crossmark-restriction":false},"short-container-title":["rev.investig.agrar.ambient."],"abstract":"<jats:p>Contextualization: The antiparasitic resistance caused by the indiscriminate use of anthelmintic drugs for the control of gastrointestinal parasites in production animals and pets, has become one of the biggest problems in animal health. For this reason, the use of vaccines could benefit animal health and welfare by controlling emerging zoonotic diseases and foodborne pathogens of animal origin, thus improving public health.\nKnowledge gap: It is relevant for professionals in veterinary science to know the clinical trials of experimental vaccines for controlling certain gastrointestinal parasites. \u00a0 This way, they can be at the forefront of the next available technological products and so, be able to control this menace to the animal health and public health.\u00a0\nPurpose: To do a systematic review of clinical trials for experimental vaccines in production animals and pets for diseases caused by gastrointestinal parasites of relevance in animal production and\/or public health. Furthermore, it presents the current gastrointestinal antiparasitic vaccines commercialized in different countries and their prophylactic efficacy.\nMethodology: PRISMA protocols were followed for this systematic review. Articles were obtained from scientific databases with the following keywords: vaccines, clinical trials, commercial vaccines, parasites control, gastrointestinal nematodes, gastrointestinal cestodes, gastrointestinal protozoa, Ascaris suum, Ancylostoma caninum, Cooperia oncophora, Echinococcus granulosus, Eimeria spp., Giardia lamblia, Haemonchus contortus, Osteortagia osteortagi, Taenia solium and Teladorsagia circumcincta.\u00a0 Only clinical trials of gastrointestinal antiparasitic vaccines in birds, pets, pigs and ruminants were included in this analysis, as well as commercial vaccines currently available for these same parasites.\u00a0\nResults and conclusions: Even though there are important clinical trial studies of vaccines in these animal species (n=101) reported between 1964 to 2020, only five parasites can be prevented\/controlled with commercial vaccines used in veterinary medicine: Haemonchus contortus and Echinococcus granulosus in ruminants, Taenia solium in pigs, Eimeria spp. in birds and Giardia lamblia in dogs (e.g., Cysvax\u2122, Barbervax\u00ae, Providean\u00ae Hidatil EG95, CocciVac\u00ae and GiardiaVax\u2122). It is expected that, with the development of bioinformatics and methodologies such as reverse vaccinology, this immunoprophylactic and immunotherapeutic range will be extended as to control these parasitic agents of great importance in human and animal health.\u00a0\u00a0\u00a0<\/jats:p>","DOI":"10.22490\/21456453.4544","type":"journal-article","created":{"date-parts":[[2022,1,7]],"date-time":"2022-01-07T19:15:35Z","timestamp":1641582935000},"page":"221-251","source":"Crossref","is-referenced-by-count":3,"title":["Vaccines for gastrointestinal parasites, a pillar of preventive medicine in veterinary practice: Systematic review"],"prefix":"10.22490","volume":"13","author":[{"given":"Lina Maria","family":"Vargas Borda","sequence":"first","affiliation":[],"role":[{"role":"author","vocabulary":"crossref"}]},{"given":"Laura Daniela","family":"Prieto Prieto","sequence":"additional","affiliation":[],"role":[{"role":"author","vocabulary":"crossref"}]},{"given":"Monica Mar\u00eda","family":"Baquero Parra","sequence":"additional","affiliation":[],"role":[{"role":"author","vocabulary":"crossref"}]},{"given":"Wilson","family":"Corredor Santamaria","sequence":"additional","affiliation":[],"role":[{"role":"author","vocabulary":"crossref"}]},{"given":"Neuza Maria","family":"Alcantara Neves","sequence":"additional","affiliation":[],"role":[{"role":"author","vocabulary":"crossref"}]},{"given":"Dumar Alexander","family":"Jaramillo Hern\u00e1ndez","sequence":"additional","affiliation":[],"role":[{"role":"author","vocabulary":"crossref"}]}],"member":"9784","published-online":{"date-parts":[[2021,12,21]]},"container-title":["Revista de Investigaci\u00f3n Agraria y Ambiental"],"link":[{"URL":"https:\/\/hemeroteca.unad.edu.co\/index.php\/riaa\/article\/download\/4544\/5272","content-type":"application\/pdf","content-version":"vor","intended-application":"text-mining"},{"URL":"https:\/\/hemeroteca.unad.edu.co\/index.php\/riaa\/article\/download\/4544\/5272","content-type":"unspecified","content-version":"vor","intended-application":"similarity-checking"}],"deposited":{"date-parts":[[2022,1,7]],"date-time":"2022-01-07T19:15:44Z","timestamp":1641582944000},"score":0.0,"resource":{"primary":{"URL":"https:\/\/hemeroteca.unad.edu.co\/index.php\/riaa\/article\/view\/4544"}},"issued":{"date-parts":[[2021,12,21]]},"references-count":0,"journal-issue":{"issue":"1","published-online":{"date-parts":[[2021,12,21]]}},"URL":"https:\/\/doi.org\/10.22490\/21456453.4544","ISSN":["2145-6453","2145-6097"],"issn-type":[{"value":"2145-6453","type":"electronic"},{"value":"2145-6097","type":"print"}],"published":{"date-parts":[[2021,12,21]]}},{"indexed":{"date-parts":[[2025,12,9]],"date-time":"2025-12-09T15:47:29Z","timestamp":1765295249111},"reference-count":0,"publisher":"Universidad Nacional Abierta y a Distancia","issue":"6","license":[{"start":{"date-parts":[[2021,7,30]],"date-time":"2021-07-30T00:00:00Z","timestamp":1627603200000},"content-version":"unspecified","delay-in-days":0,"URL":"https:\/\/creativecommons.org\/licenses\/by-nc-sa\/4.0"}],"content-domain":{"domain":[],"crossmark-restriction":false},"short-container-title":["anal. jur\u00edd. - pol\u00edtico"],"abstract":"<jats:p>We live in an interdependent and transnationalized world that has been configured as a global risk society. In this framework, the 2030 Agenda for Sustainable Development could mark a turning point in development work by proposing goals and objectives that all countries should follow to build a more sustainable world. With this framework, this article aims to carry out an analysis of the 2030 Agenda to understand its opportunities, difficulties, and contradictions. The article argues that although the Agenda presents important limitations that are related to the lack of questioning structural power relations, it is a true opportunity to place sustainable development at the centre of the political and economic system and to develop policies to deal with the multidimensional crisis that affects all societies.<\/jats:p>","DOI":"10.22490\/26655489.4590","type":"journal-article","created":{"date-parts":[[2021,9,14]],"date-time":"2021-09-14T15:55:46Z","timestamp":1631634946000},"page":"55-73","source":"Crossref","is-referenced-by-count":1,"title":["La Agenda 2030 como una respuesta a la crisis global del desarrollo sostenible: potencialidades y l\u00edmites"],"prefix":"10.22490","volume":"3","author":[{"given":"Natalia","family":"Mill\u00e1n Acevedo","sequence":"first","affiliation":[],"role":[{"role":"author","vocabulary":"crossref"}]}],"member":"9784","published-online":{"date-parts":[[2021,7,30]]},"container-title":["An\u00e1lisis Jur\u00eddico - Pol\u00edtico"],"link":[{"URL":"https:\/\/hemeroteca.unad.edu.co\/index.php\/analisis\/article\/download\/4590\/4781","content-type":"application\/pdf","content-version":"vor","intended-application":"text-mining"},{"URL":"https:\/\/hemeroteca.unad.edu.co\/index.php\/analisis\/article\/download\/4590\/4831","content-type":"text\/html","content-version":"vor","intended-application":"text-mining"},{"URL":"https:\/\/hemeroteca.unad.edu.co\/index.php\/analisis\/article\/download\/4590\/4781","content-type":"unspecified","content-version":"vor","intended-application":"similarity-checking"}],"deposited":{"date-parts":[[2024,2,8]],"date-time":"2024-02-08T15:36:48Z","timestamp":1707406608000},"score":0.0,"resource":{"primary":{"URL":"https:\/\/hemeroteca.unad.edu.co\/index.php\/analisis\/article\/view\/4590"}},"issued":{"date-parts":[[2021,7,30]]},"references-count":0,"journal-issue":{"issue":"6","published-online":{"date-parts":[[2021,7,30]]}},"URL":"https:\/\/doi.org\/10.22490\/26655489.4590","ISSN":["2665-5489","2665-5470"],"issn-type":[{"value":"2665-5489","type":"electronic"},{"value":"2665-5470","type":"print"}],"published":{"date-parts":[[2021,7,30]]}},{"indexed":{"date-parts":[[2025,11,13]],"date-time":"2025-11-13T16:23:55Z","timestamp":1763051035149,"version":"3.45.0"},"reference-count":0,"publisher":"Sello Editorial UNAD","isbn-type":[{"type":"electronic","value":"9786287786615"}],"content-domain":{"domain":[],"crossmark-restriction":false},"published-print":{"date-parts":[[2025]]},"abstract":"<jats:p\/>","DOI":"10.22490\/unad.9786287786615.12","type":"book-chapter","created":{"date-parts":[[2025,11,13]],"date-time":"2025-11-13T16:15:09Z","timestamp":1763050509000},"page":"203-217","source":"Crossref","is-referenced-by-count":0,"title":["Cap\u00edtulo 12 | Riesgo clim\u00e1tico y su efecto en el comportamiento del mercado burs\u00e1til en Colombia: un enfoque cuantitativo"],"prefix":"10.22490","author":[{"given":"Luis \u00c1ngel","family":"Meneses Cer\u00f3n","sequence":"additional","affiliation":[],"role":[{"role":"author","vocabulary":"crossref"}]}],"member":"9784","container-title":["Cultura organizacional desde la \u00e9tica y la tecnolog\u00eda"],"deposited":{"date-parts":[[2025,11,13]],"date-time":"2025-11-13T16:20:16Z","timestamp":1763050816000},"score":0.0,"resource":{"primary":{"URL":"https:\/\/libros.unad.edu.co\/index.php\/selloeditorial\/catalog\/view\/311\/363\/7496"}},"issued":{"date-parts":[[2025]]},"ISBN":["9786287786615"],"references-count":0,"URL":"https:\/\/doi.org\/10.22490\/unad.9786287786615.12","published":{"date-parts":[[2025]]}},{"indexed":{"date-parts":[[2025,4,9]],"date-time":"2025-04-09T13:51:17Z","timestamp":1744206677470},"reference-count":0,"publisher":"Universidad Nacional Abierta y a Distancia","license":[{"start":{"date-parts":[[2009,5,7]],"date-time":"2009-05-07T00:00:00Z","timestamp":1241654400000},"content-version":"unspecified","delay-in-days":0,"URL":"https:\/\/creativecommons.org\/licenses\/by\/4.0\/deed.es"}],"content-domain":{"domain":[],"crossmark-restriction":false},"short-container-title":["rev.investig.agrar.ambient."],"abstract":"<jats:p>Es este estudio buscamos determinar la prevalencia de leptospirosis en humanos en situaciones de desplazamiento en la zona urbana del Municipio de Puerto Libertador, en la regi\u00f3n Caribe de Colombia. Realizamos un estudio epidemiologico de corte transversal en el que tomamos muestras de suero e informacion general (ocupacion, exposicion a fuentes contaminadas como agua o animales) de 78 individuos. Los sueros fueron analizados mediante la prueba de microaglutinacion. (MAT) con seis serovares de &lt;em&gt;Leptospira&lt;\/em&gt;. Encontramos anticuerpos antileptospirales en el 67.9% de las personas, siendo mas frecuente en mayores de 20 anos. De los seis serovares evaluados, los t\u00edtulos de anticuerpos fueron altos especialmente para &lt;em&gt;L. icterohaemorragiae. &lt;\/em&gt;La alta prevalencia del serovar encontrado en humanos en la zona urbana del Municipio de Puerto Libertador sugiere la transmisi\u00f3n frecuente de leptospiras probablemente por la presencia de ratas o ratones en las viviendas, los aljibes al aire libre y canales de aguas lentas<\/jats:p>","DOI":"10.22490\/21456453.897","type":"journal-article","created":{"date-parts":[[2017,3,28]],"date-time":"2017-03-28T12:34:58Z","timestamp":1490704498000},"page":"23","source":"Crossref","is-referenced-by-count":6,"title":["Prevalencia de leptospirosis en humanos en la zona urbana del municipio de Puerto Libertador, C\u00f3rdoba, Colombia"],"prefix":"10.22490","volume":"1","author":[{"given":"Heidy","family":"Rodr\u00edguez Barreto","sequence":"first","affiliation":[],"role":[{"role":"author","vocabulary":"crossref"}]},{"given":"Carlos","family":"Lozano Montoya","sequence":"additional","affiliation":[],"role":[{"role":"author","vocabulary":"crossref"}]},{"given":"Carlos","family":"Bedoya S\u00e1nchez","sequence":"additional","affiliation":[],"role":[{"role":"author","vocabulary":"crossref"}]},{"given":"Leonardo","family":"Grondona Paternina","sequence":"additional","affiliation":[],"role":[{"role":"author","vocabulary":"crossref"}]}],"member":"9784","published-online":{"date-parts":[[2009,5,7]]},"container-title":["Revista de Investigaci\u00f3n Agraria y Ambiental"],"link":[{"URL":"http:\/\/hemeroteca.unad.edu.co\/index.php\/riaa\/article\/viewFile\/897\/887","content-type":"application\/pdf","content-version":"vor","intended-application":"text-mining"}],"deposited":{"date-parts":[[2017,3,28]],"date-time":"2017-03-28T12:35:03Z","timestamp":1490704503000},"score":0.0,"resource":{"primary":{"URL":"http:\/\/hemeroteca.unad.edu.co\/index.php\/riaa\/article\/view\/897"}},"issued":{"date-parts":[[2009,5,7]]},"references-count":0,"URL":"https:\/\/doi.org\/10.22490\/21456453.897","ISSN":["2145-6453","2145-6097"],"issn-type":[{"value":"2145-6453","type":"electronic"},{"value":"2145-6097","type":"print"}],"published":{"date-parts":[[2009,5,7]]}},{"institution":[{"name":"Universidad Nacional Abierta y a Distancia","acronym":["UNAD"],"place":["Bogot\u00e1"],"department":["Cundinamarca"]}],"indexed":{"date-parts":[[2025,6,19]],"date-time":"2025-06-19T04:43:56Z","timestamp":1750308236848,"version":"3.41.0"},"reference-count":10,"publisher":"Sello Editorial UNAD","content-domain":{"domain":[],"crossmark-restriction":false},"published-print":{"date-parts":[[2023,9,11]]},"abstract":"<jats:p>El frijol en Colombia es un alimento b\u00e1sico en la dieta familiar, es una fuente de prote\u00edna, carbohidratos, vitaminas, fibra dietaria y minerales esenciales, siendo uno de los principales cultivos de la econom\u00eda campesina, al que se dedican m\u00e1s de 120.000 peque\u00f1os productores en un poco m\u00e1s de 100.000 hect\u00e1reas, el 85% de esta \u00e1rea, se siembra en la tierras altas de la zona Andina con variedades tipo voluble, de granos grandes, con gran aceptaci\u00f3n en los mercados regionales, pero que resultan muy susceptibles a las enfermedades fungosas. Situaci\u00f3n diferente sucede con los frijoles tipo arbustivo, en su mayor\u00eda variedades mejoradas con tolerancia a las enfermedades fungosas, pero poco apetecidas por los consumidores de esta zona. La falta de variedades de frijol arbustivo, adaptadas a la zona de clima medio y frio moderado, con granos grandes y tolerantes a las plagas y enfermedades que permitieran disminuir el impacto negativo sobre el medio ambiente, motivo a docentes investigadores de la UNAD y su grupo de investigaci\u00f3n CIAB a realizar cruzamientos, y retrocruzamientos, entre variedades de frijoles volubles, con frijoles arbustivo y por a\u00f1os de selecci\u00f3n, lograr ofrecer a los productores de la zona Andina una nueva variedad de frijol mejorada, de tipo arbustivo denominada UNAD Dosq Zand\u00fa, de granos grandes moteados, de ciclo productivo corto, tolerante a las principales enfermedades limitantes del cultivo y rendimientos superiores a 2.3 ton\/ha., reduciendo los impactos ambientales y haciendo el cultivo m\u00e1s rentable. Por lo tanto, el prop\u00f3sito de esta nota de campus es que los estudiantes de agronom\u00eda comprendan la aplicaci\u00f3n de los conocimientos de gen\u00e9tica, fitomejoramiento y cultivos de clima medio y frio en la obtenci\u00f3n de una variedad mejorada del cultivo y a la vez presentar a los productores del pa\u00eds las bondades de una nueva variedad de Frijol tipo arbustivo de mayor aceptaci\u00f3n, lograda por la UNAD que les permitir\u00e1 ser m\u00e1s competitivos y que puede incentivar el desarrollo regional del cultivo.<\/jats:p>","DOI":"10.22490\/notas.6002","type":"report","created":{"date-parts":[[2023,9,12]],"date-time":"2023-09-12T15:49:02Z","timestamp":1694533742000},"source":"Crossref","is-referenced-by-count":0,"title":["Frijol UNAD DOSQ \u2013 ZAND\u00da, nueva variedad de frijol arbustiva para el clima medio y frio moderado"],"prefix":"10.22490","author":[{"given":"Manuel Francisco","family":"Polanco Puerta","sequence":"first","affiliation":[],"role":[{"role":"author","vocabulary":"crossref"}]},{"given":"Adriana Luzely","family":"Mej\u00eda Ter\u00e1n","sequence":"additional","affiliation":[],"role":[{"role":"author","vocabulary":"crossref"}]}],"member":"9784","published-online":{"date-parts":[[2023,9,11]]},"reference":[{"key":"ref0","unstructured":"Arias, J. H., Jaramillo, M., & Rengifo, T. (2007). Manual: Buenas practicas agr\u00edcolas, en la producci\u00f3n de frijol voluble. Medell\u00edn: CTP, print Ltda. FAO, CORPOICA."},{"key":"ref1","unstructured":"CIAT. (1984). Morfolog\u00eda de la planta de fr\u00edjol com\u00fan (Phaseolus vulgaris L.). Gu\u00eda de estudio. Cali, Colombia: CIAT."},{"key":"ref2","unstructured":"FENALCE. (2020). Importancia de los Cultivos representados por FENALCE. https:\/\/fenalce.co\/estadisticas\/"},{"key":"ref3","unstructured":"Gaviria, H. Y; Ordo\u00f1ez, J.A. (2019). Evaluaci\u00f3n de cuatro niveles de macronutrientes (N-P-K) en la producci\u00f3n de dos variedades nuevas de frijol (Phaseolus vulgaris L) en dos ambientes diferentes de cultivo. [Tesis de pregrado, Universidad Nacional Abierta y a Distancia UNAD]. Repositorio Institucional UNAD. https:\/\/repository.unad.edu.co\/handle\/10596\/35367"},{"key":"ref4","doi-asserted-by":"publisher","unstructured":"Hayat, I., Ahmad, A., Tariq, M., Anwaar, A. y Bashir, S. (2014). Nutritional and Health Perspectives of Beans (Phaseolus vulgaris L.): An Overview. Food Science and Nutrition, 54(5), 580-592. https:\/\/doi.org\/10.1080\/10408398.2011.596639","DOI":"10.1080\/10408398.2011.596639"},{"key":"ref5","unstructured":"Mar\u00edn, Z.D; Hoyos, D.L. 2018. Evaluaci\u00f3n agron\u00f3mica de l\u00edneas avanzadas de frijol arbustivo con grano grande en condiciones de clima medio y frio moderado de Colombia. [Tesis de pregrado, Universidad Nacional Abierta y a Distancia UNAD]. Repositorio Institucional UNAD. https:\/\/repository.unad.edu.co\/bitstream\/handle\/10596\/18875\/1112762093.pdf?sequence=1&isAllowed=y"},{"key":"ref6","unstructured":"Mej\u00eda, A., Blanco, C. y Sotelo, I. (2022). Effect of pre-treatments and particle size on the glycemic index and functional properties of bean flours compared to raw corn flour [Manuscrito presentado para publicaci\u00f3n]. Universidad Nacional Abierta y a Distancia."},{"key":"ref7","unstructured":"Ministerio de Agricultura y Desarrollo Rural. (2020). Cadena del Fr\u00edjol Direcci\u00f3n de Cadenas Agr\u00edcolas y Forestales. https:\/\/sioc.minagricultura.gov.co\/AlimentosBalanceados\/Documentos\/2020-03-31%20Cifras%20Sectoriales%20frijol.pdf"},{"key":"ref8","unstructured":"Rios, M. J. (2002). El Fr\u00edjol (Phaseolus vulgaris L.): Cultivo, beneficio y variedades. Bolet\u00edn T\u00e9cnico FENALCE. Bogot\u00e1., 193."},{"key":"ref9","unstructured":"S\u00e1nchez, C.J. (2018). Evaluaci\u00f3n agron\u00f3mica de l\u00edneas avanzadas de frijol arbustivo con grano grande en condiciones de clima medio y frio moderado de Colombia. [Tesis de pregrado, Universidad Nacional Abierta y a Distancia UNAD]. Repositorio Institucional UNAD. https:\/\/repository.unad.edu.co\/handle\/10596\/21422"}],"deposited":{"date-parts":[[2025,6,18]],"date-time":"2025-06-18T16:33:48Z","timestamp":1750264428000},"score":0.0,"resource":{"primary":{"URL":"https:\/\/publicaciones.unad.edu.co\/index.php\/notas\/article\/view\/6002"}},"issued":{"date-parts":[[2023,9,11]]},"references-count":10,"URL":"https:\/\/doi.org\/10.22490\/notas.6002","published":{"date-parts":[[2023,9,11]]}},{"indexed":{"date-parts":[[2025,7,3]],"date-time":"2025-07-03T17:10:10Z","timestamp":1751562610551,"version":"3.41.0"},"reference-count":0,"publisher":"Universidad Nacional Abierta y a Distancia","issue":"2","license":[{"start":{"date-parts":[[2024,11,26]],"date-time":"2024-11-26T00:00:00Z","timestamp":1732579200000},"content-version":"unspecified","delay-in-days":0,"URL":"https:\/\/creativecommons.org\/licenses\/by-nc-nd\/4.0"}],"content-domain":{"domain":[],"crossmark-restriction":false},"short-container-title":["Publ. investig."],"abstract":"<jats:p>Este art\u00edculo trata sobre los eventos tromboemb\u00f3licos los cu\u00e1les desencadenan una importante morbimortalidad, altas tasas de reingresos hospitalarios, pobre calidad de vida del paciente y un considerable impacto econ\u00f3mico. El objetivo de la investigaci\u00f3n ha sido caracterizar epidemiol\u00f3gicamente los factores de riesgo asociados a eventos tromboemb\u00f3licos post COVID-19 en un hospital de tercer nivel en Colombia, para lo cual se realiz\u00f3 un estudio descriptivo de corte transversal con la revisi\u00f3n de 501 historias cl\u00ednicas de pacientes mayores de 18 a\u00f1os que sufrieron alg\u00fan evento tromboemb\u00f3lico durante enero 2021-diciembre 2022. Se estudiaron variables sociodemogr\u00e1ficas cl\u00ednicas y las variables categ\u00f3ricas se analizaron mediante las pruebas de Fisher o Chi-cuadrado. Se utiliz\u00f3 regresi\u00f3n log\u00edstica univariada y multivariable para evaluar los efectos de las complicaciones tromboemb\u00f3licas. La sobrevida de los pacientes se analiz\u00f3 seg\u00fan el m\u00e9todo de Kaplan-Meier. Valores de p&lt;0,05 fueron considerados significativos. En los resultados, se encontr\u00f3 que el accidente cerebrovascular (ACV), (OR=3,099; IC95 %:1,509-6,364, p=0,002) y la trombosis venosa profunda (TVP) (OR=3,921, IC95 %:1,577-9,708, p=0,003) fueron significativos en los pacientes con antecedente cl\u00ednico de enfermedad por COVID-19. El ACV se asoci\u00f3 positivamente con el fallecimiento de los pacientes estudiados (OR=1,945; IC95 %:1,093-4,065, p=0,016). Los pacientes mayores de 71 a\u00f1os, hipertensos o con enfermedad pulmonar obstructiva cr\u00f3nica (EPOC), presentaron mayor riesgo de fallecimiento por alg\u00fan evento tromboemb\u00f3lico. Se concluye en este estudio, que el ACV y la cardiopat\u00eda isqu\u00e9mica fueron los eventos tromboemb\u00f3licos m\u00e1s frecuentes. La sobrevida estuvo influenciada por la hipertensi\u00f3n arterial, la enfermedad renal cr\u00f3nica (ERC) o la EPOC como factores de riesgo asociados para el fallecimiento por alg\u00fan evento tromboemb\u00f3lico.En los pacientes con antecedentes de infecci\u00f3n por COVID-19, el ACV y la TVP se constituyeron como los eventos tromboemb\u00f3licos m\u00e1s significativos.<\/jats:p>","DOI":"10.22490\/25394088.8549","type":"journal-article","created":{"date-parts":[[2025,7,3]],"date-time":"2025-07-03T16:39:09Z","timestamp":1751560749000},"source":"Crossref","is-referenced-by-count":0,"title":["Caracter\u00edsticas epidemiol\u00f3gicas y factores de riesgo asociados a eventos tromboemb\u00f3licos post covid-19 en un hospital de tercer nivel en Colombia","Epidemiological characteristics and risk factors associated with post COVID-19 thromboembolic events in a tertiary level hospital in Colombia"],"prefix":"10.22490","volume":"18","author":[{"ORCID":"https:\/\/orcid.org\/0000-0002-8323-0973","authenticated-orcid":false,"given":"Catalina","family":"Estrada Gonz\u00e1lez","sequence":"first","affiliation":[],"role":[{"role":"author","vocabulary":"crossref"}]},{"given":"Armando","family":"Lucum\u00ed Moreno","sequence":"additional","affiliation":[],"role":[{"role":"author","vocabulary":"crossref"}]},{"given":"Carlos Alberto","family":"S\u00e1nchez","sequence":"additional","affiliation":[],"role":[{"role":"author","vocabulary":"crossref"}]},{"given":"Carlos Javier","family":"Mu\u00f1oz","sequence":"additional","affiliation":[],"role":[{"role":"author","vocabulary":"crossref"}]},{"given":"M\u00f3nica","family":"Ch\u00e1vez Vivas","sequence":"additional","affiliation":[],"role":[{"role":"author","vocabulary":"crossref"}]}],"member":"9784","published-online":{"date-parts":[[2024,11,26]]},"container-title":["Publicaciones e Investigaci\u00f3n"],"link":[{"URL":"https:\/\/hemeroteca.unad.edu.co\/index.php\/publicaciones-e-investigacion\/article\/download\/8549\/7643","content-type":"application\/pdf","content-version":"vor","intended-application":"text-mining"},{"URL":"https:\/\/hemeroteca.unad.edu.co\/index.php\/publicaciones-e-investigacion\/article\/download\/8549\/7643","content-type":"unspecified","content-version":"vor","intended-application":"similarity-checking"}],"deposited":{"date-parts":[[2025,7,3]],"date-time":"2025-07-03T16:39:09Z","timestamp":1751560749000},"score":0.0,"resource":{"primary":{"URL":"https:\/\/hemeroteca.unad.edu.co\/index.php\/publicaciones-e-investigacion\/article\/view\/8549"}},"issued":{"date-parts":[[2024,11,26]]},"references-count":0,"journal-issue":{"issue":"2","published-online":{"date-parts":[[2024,11,26]]}},"URL":"https:\/\/doi.org\/10.22490\/25394088.8549","ISSN":["2539-4088","1900-6608"],"issn-type":[{"value":"2539-4088","type":"electronic"},{"value":"1900-6608","type":"print"}],"published":{"date-parts":[[2024,11,26]]}},{"institution":[{"name":"Universidad Nacional Abierta y a Distancia","acronym":["UNAD"],"place":["Bogot\u00e1"],"department":["Cundinamarca"]}],"indexed":{"date-parts":[[2025,4,4]],"date-time":"2025-04-04T04:25:55Z","timestamp":1743740755383,"version":"3.40.3"},"reference-count":23,"publisher":"Sello Editorial UNAD","content-domain":{"domain":[],"crossmark-restriction":false},"published-print":{"date-parts":[[2025,3,31]]},"abstract":"<jats:p>Este documento explora c\u00f3mo las innovaciones biotecnol\u00f3gicas aplicadas a la salud animal y la agricultura est\u00e1n transformando la detecci\u00f3n y el control de enfermedades y plagas. Se abordan investigaciones que incluyen la detecci\u00f3n de anticuerpos contra Borrelia burgdorferi en caninos, la determinaci\u00f3n de la seropositividad de Brucella abortus en ganado, la estabilidad gen\u00e9tica en cepas de Leptospira y el uso del ARN de interferencia para el silenciamiento g\u00e9nico en insectos plaga. La aplicaci\u00f3n de estas tecnolog\u00edas permite una vigilancia m\u00e1s precisa y m\u00e9todos sostenibles que benefician tanto a la salud animal como a la humana (1-23).<\/jats:p>","DOI":"10.22490\/ecisa.9279","type":"report","created":{"date-parts":[[2025,4,3]],"date-time":"2025-04-03T22:03:11Z","timestamp":1743717791000},"source":"Crossref","is-referenced-by-count":0,"title":["nnovaciones Biotecnol\u00f3gicas en Salud Animal y Agricultura: De la Detecci\u00f3n de Enfermedades a la Gesti\u00f3n de Plagas"],"prefix":"10.22490","author":[{"given":"Jessica Mar\u00eda","family":"Rodriguez Cort\u00e9s","sequence":"first","affiliation":[],"role":[{"role":"author","vocabulary":"crossref"}]}],"member":"9784","published-online":{"date-parts":[[2025,3,31]]},"reference":[{"key":"ref0","doi-asserted-by":"publisher","unstructured":"Corrales Ram\u00edrez, L. C., Quijano Duarte, S., & Ram\u00edrez Hern\u00e1ndez, E. Y. (2022). Detecci\u00f3n de anticuerpos tipo IgG contra Borrelia burgdorferi, y factores asociados a la enfermedad de Lyme en poblaci\u00f3n canina, de los municipios Honda-Tolima, La Mesa y Ch\u00eda-Cundinamarca. Revista NOVA, 20(38). https:\/\/doi.org\/10.22490\/24629448.6180","DOI":"10.22490\/24629448.6180"},{"key":"ref1","unstructured":"\u00c1lvarez Carre\u00f1o, K. A., Ballesteros Mu\u00f1oz, D. X., Moscoso Gama, J. M., & Cort\u00e9s Avellaneda, S. L. (2022). Determinaci\u00f3n de la seropositividad de Brucella abortus en ganado bovino de Aguazul-Casanare. Revista NOVA, 20(38). https:\/\/doi.org\/10.22490\/24629448.6190"},{"key":"ref2","doi-asserted-by":"publisher","unstructured":"Pati\u00f1o Burbano, R. E., Beltr\u00e1n, O. G., Torres Higuera, L. D., & Rodr\u00edguez Bautista, J. L. (2022). Evaluation of the genetic stability of Leptospira reference strains maintained under two conservation methods. Revista NOVA, 20(39). https:\/\/doi.org\/10.22490\/24629448.6585","DOI":"10.22490\/24629448.6585"},{"key":"ref3","doi-asserted-by":"publisher","unstructured":"S\u00e1nchez Leal, L. C., Ossa Toro, L., Padilla Jarava, D., & Fuentes Quintero, L. S. (2022). Silenciamiento g\u00e9nico en insectos plaga que afectan la industria agr\u00edcola usando ARN de interferencia. Revista NOVA, 20(38). https:\/\/doi.org\/10.22490\/24629448.6189","DOI":"10.22490\/24629448.6189"},{"key":"ref4","doi-asserted-by":"publisher","unstructured":"Corrales Ram\u00edrez, L. C., Quijano Duarte, S., & Ram\u00edrez Hern\u00e1ndez, E. Y. (2022). Detecci\u00f3n de anticuerpos tipo IgG contra Borrelia burgdorferi, y factores asociados a la enfermedad de Lyme en poblaci\u00f3n canina. Revista NOVA, 20(38). https:\/\/doi.org\/10.22490\/24629448.6180","DOI":"10.22490\/24629448.6180"},{"key":"ref5","doi-asserted-by":"publisher","unstructured":"Coronel Arroyo, J., & Arias Villate, S. C. (2022). Excursiones de glucosa en pacientes con diabetes mellitus tipo 2 tratados con vildagliptina m\u00e1s metformina versus glimepirida m\u00e1s metformina -GLOBE-: Ensayo cl\u00ednico aleatorizado. Revista NOVA, 20(38). https:\/\/doi.org\/10.22490\/24629448.6181","DOI":"10.22490\/24629448.6181"},{"key":"ref6","doi-asserted-by":"publisher","unstructured":"Hanna Lavalle, M. I., Fuentes Fabra, E., & Arrazola, J. (2022). An\u00e1lisis de estudios sobre psicof\u00e1rmacos en una IPS del departamento de C\u00f3rdoba 2012-2020. Revista NOVA, 20(38). https:\/\/doi.org\/10.22490\/24629448.6183","DOI":"10.22490\/24629448.6183"},{"key":"ref7","doi-asserted-by":"publisher","unstructured":"Acero, J., Ceballos, P. A., Ram\u00edrez, A., & Escobar, F. A. (2022). Determinantes sociales de la falta de adherencia al tratamiento de la tuberculosis en migrantes venezolanos en Colombia, 2018-2019. Revista NOVA, 20(38). https:\/\/doi.org\/10.22490\/24629448.6185","DOI":"10.22490\/24629448.6185"},{"key":"ref8","doi-asserted-by":"publisher","unstructured":"Rond\u00f3n-Quintana, H. A., & Zafra-Mej\u00eda, C. A. (2022). An\u00e1lisis temporal del COVID-19 en Colombia: Indicadores asociados y modelizaci\u00f3n. Revista NOVA, 20(38). https:\/\/doi.org\/10.22490\/24629448.6187","DOI":"10.22490\/24629448.6187"},{"key":"ref9","doi-asserted-by":"publisher","unstructured":"Rubio Vargas, A. C., Alc\u00e1zar, J. P., Lozano Trujillo, L. A., Garz\u00f3n Perdomo, D. K., Bonilla Porras, A. R., Gonz\u00e1lez Gay, O. T., & Turner, L. F. (2022). Efecto del factor de crecimiento fibrobl\u00e1stico dos en la reducci\u00f3n de la senescencia en c\u00e9lulas madre mesenquimales aisladas de gelatina de Wharton. Revista NOVA, 20(38). https:\/\/doi.org\/10.22490\/24629448.6188","DOI":"10.22490\/24629448.6188"},{"key":"ref10","unstructured":"\u00c1lvarez Carre\u00f1o, K. A., Ballesteros Mu\u00f1oz, D. X., Moscoso Gama, J. M., & Cort\u00e9s Avellaneda, S. L. (2022). Determinaci\u00f3n de la seropositividad de Brucella abortus en ganado bovino de Aguazul-Casanare. Revista NOVA, 20(38). https:\/\/doi.org\/10.22490\/24629448.6190"},{"key":"ref11","doi-asserted-by":"publisher","unstructured":"Jerez Fern\u00e1ndez, C. I., Medina Pereira, Y. A., Ortiz Chang, A. S., Gonz\u00e1lez Olmedo, S. I., & Aguirre Gaete, M. C. (2022). Fisiopatolog\u00eda y alteraciones cl\u00ednicas de la diabetes mellitus tipo 2: Revisi\u00f3n de literatura. Revista NOVA, 20(38). https:\/\/doi.org\/10.22490\/24629448.6184","DOI":"10.22490\/24629448.6184"},{"key":"ref12","doi-asserted-by":"publisher","unstructured":"S\u00e1nchez Leal, L. C., Ossa Toro, L., Padilla Jarava, D., & Fuentes Quintero, L. S. (2022). Silenciamiento g\u00e9nico en insectos plaga que afectan la industria agr\u00edcola usando ARN de interferencia. Revista NOVA, 20(38). https:\/\/doi.org\/10.22490\/24629448.6189","DOI":"10.22490\/24629448.6189"},{"key":"ref13","doi-asserted-by":"publisher","unstructured":"Restrepo Betancur, L. F. (2022). Obesidad y sobrepeso en Estados Unidos de Norteam\u00e9rica en la \u00faltima d\u00e9cada. Revista NOVA, 20(39). https:\/\/doi.org\/10.22490\/24629448.6584","DOI":"10.22490\/24629448.6584"},{"key":"ref14","doi-asserted-by":"publisher","unstructured":"Pati\u00f1o Burbano, R. E., Beltr\u00e1n, O. G., Torres Higuera, L. D., & Rodr\u00edguez Bautista, J. L. (2022). Evaluation of the genetic stability of Leptospira reference strains maintained under two conservation methods. Revista NOVA, 20(39). https:\/\/doi.org\/10.22490\/24629448.6585","DOI":"10.22490\/24629448.6585"},{"key":"ref15","doi-asserted-by":"publisher","unstructured":"Chavarr\u00eda Guzm\u00e1n, K. L., Salda\u00f1a Medina, C. D., Leyva L\u00f3pez, A. G., & Ostos Ortiz, O. L. (2022). Evaluaci\u00f3n de una estrategia educativa sobre tuberculosis y diabetes mellitus para personal de salud de atenci\u00f3n primaria en M\u00e9xico. Revista NOVA, 20(39). https:\/\/doi.org\/10.22490\/24629448.6586","DOI":"10.22490\/24629448.6586"},{"key":"ref16","doi-asserted-by":"publisher","unstructured":"Jim\u00e9nez Rodr\u00edguez, L. A., Contreras, J., & Gamboa Su\u00e1rez, R. (2022). Contribuci\u00f3n de la radiolog\u00eda digital al mejoramiento de la calidad en el servicio de imagenolog\u00eda. Revista NOVA, 20(39). https:\/\/doi.org\/10.22490\/24629448.6576","DOI":"10.22490\/24629448.6576"},{"key":"ref17","doi-asserted-by":"publisher","unstructured":"Gonz\u00e1lez Valencia, Y. L., Fajardo Zapata, A., & Hern\u00e1ndez Ni\u00f1o, J. F. (2022). Factores psicosociales y red de apoyo en trabajadores de una universidad p\u00fablica. Revista NOVA, 20(39). https:\/\/doi.org\/10.22490\/24629448.6575","DOI":"10.22490\/24629448.6575"},{"key":"ref18","doi-asserted-by":"publisher","unstructured":"Cruz Baquero, C. A., Bernal Est\u00e9vez, D. A., & Cuta Hern\u00e1ndez, E. (2022). Enfermedad m\u00ednima residual por citometr\u00eda de flujo en pacientes con leucemia linfobl\u00e1stica aguda. Revista NOVA, 20(39). https:\/\/doi.org\/10.22490\/24629448.6593","DOI":"10.22490\/24629448.6593"},{"key":"ref19","doi-asserted-by":"publisher","unstructured":"Lozada Mart\u00ednez, A. L., \u00c1lvarez Ojeda, A., Pupo Marrugo, S., & D\u00edaz Caballero, A. (2022). Efectividad de enjuagues bucales contra virus de la familia coronavirus. Revista NOVA, 20(39). https:\/\/doi.org\/10.22490\/24629448.6590","DOI":"10.22490\/24629448.6590"},{"key":"ref20","doi-asserted-by":"publisher","unstructured":"Bandera Barros, J. J., M\u00e9ndez Hern\u00e1ndez, J. C., & Wilches Visbal, J. H. (2022). Oximetr\u00eda de pulso en enfermedades respiratorias: principios y avances. Revista NOVA, 20(39). https:\/\/doi.org\/10.22490\/24629448.6588","DOI":"10.22490\/24629448.6588"},{"key":"ref21","doi-asserted-by":"publisher","unstructured":"Caycedo Lozano, L., Corrales Ram\u00edrez, L. C., & Quijano Duarte, S. (2022). Cat\u00e1lisis, enzimas y pruebas r\u00e1pidas. Revista NOVA, 20(39). https:\/\/doi.org\/10.22490\/24629448.6591","DOI":"10.22490\/24629448.6591"},{"key":"ref22","doi-asserted-by":"publisher","unstructured":"Matar Khalil, S. R., Piedrahita Vallejo, C., & Ju\u00e1rez Portilla, C. (2022). Del consumo ocasional del tabaco a la adicci\u00f3n a la nicotina. Revista NOVA, 20(39). https:\/\/doi.org\/10.22490\/24629448.6592","DOI":"10.22490\/24629448.6592"}],"deposited":{"date-parts":[[2025,4,3]],"date-time":"2025-04-03T22:03:33Z","timestamp":1743717813000},"score":0.0,"resource":{"primary":{"URL":"https:\/\/hemeroteca.unad.edu.co\/index.php\/wp_ecisa\/article\/view\/9279"}},"issued":{"date-parts":[[2025,3,31]]},"references-count":23,"URL":"https:\/\/doi.org\/10.22490\/ecisa.9279","published":{"date-parts":[[2025,3,31]]}},{"indexed":{"date-parts":[[2025,4,12]],"date-time":"2025-04-12T23:40:09Z","timestamp":1744501209851,"version":"3.40.4"},"reference-count":0,"publisher":"Sello Editorial UNAD","isbn-type":[{"value":"9789586519915","type":"electronic"}],"content-domain":{"domain":[],"crossmark-restriction":false},"published-print":{"date-parts":[[2024]]},"abstract":"<jats:p\/>","DOI":"10.22490\/unad.9789586519915.7","type":"book-chapter","created":{"date-parts":[[2025,4,12]],"date-time":"2025-04-12T23:15:05Z","timestamp":1744499705000},"page":"128-141","source":"Crossref","is-referenced-by-count":0,"title":["Cap\u00edtulo 7 | Eficacia del Centro de Orientaci\u00f3n Psicosocial (COPSI) como estrategia de retenci\u00f3n y permanencia universitaria"],"prefix":"10.22490","author":[{"given":"Ingrid Alejandra","family":"Montenegro","sequence":"additional","affiliation":[],"role":[{"role":"author","vocabulary":"crossref"}]}],"member":"9784","container-title":["Centro de investigaci\u00f3n y acci\u00f3n psicosocial comunitaria"],"deposited":{"date-parts":[[2025,4,12]],"date-time":"2025-04-12T23:15:15Z","timestamp":1744499715000},"score":0.0,"resource":{"primary":{"URL":"https:\/\/libros.unad.edu.co\/index.php\/selloeditorial\/catalog\/view\/263\/250\/5960"}},"issued":{"date-parts":[[2024]]},"ISBN":["9789586519915"],"references-count":0,"URL":"https:\/\/doi.org\/10.22490\/unad.9789586519915.7","published":{"date-parts":[[2024]]}},{"indexed":{"date-parts":[[2025,12,5]],"date-time":"2025-12-05T11:57:10Z","timestamp":1764935830211},"reference-count":0,"publisher":"Universidad Nacional Abierta y a Distancia","issue":"1","license":[{"start":{"date-parts":[[2011,5,7]],"date-time":"2011-05-07T00:00:00Z","timestamp":1304726400000},"content-version":"unspecified","delay-in-days":0,"URL":"https:\/\/creativecommons.org\/licenses\/by\/4.0\/deed.es"}],"content-domain":{"domain":[],"crossmark-restriction":false},"short-container-title":["rev.investig.agrar.ambient."],"abstract":"<jats:p>La reforestaci\u00f3n de especies nativas es una prioridad de nuestros ecosistemas intervenidos o severamente afectados. W. tomentosa es una planta dominante en el cl\u00edmax regional y muy frecuente en los bosques monta\u00f1osos del norte de la cordillera de los Andes. En Colombia se encuentra principalmente en la cordillera Oriental. Es considerado como uno de los principales inductores preclim\u00e1cicos de las laderas y de all\u00ed su comportamiento pionero como competidor; raz\u00f3n por la cual se requiere de estudios ecol\u00f3gicos, conocer su propagaci\u00f3n, %siolog\u00eda, entre otras. El establecimiento de W. tomentosa es propicio para el desarrollo de otras especies de p\u00e1ramo y de lugares de ladera<\/jats:p>","DOI":"10.22490\/21456453.910","type":"journal-article","created":{"date-parts":[[2017,3,28]],"date-time":"2017-03-28T13:06:06Z","timestamp":1490706366000},"page":"45","source":"Crossref","is-referenced-by-count":2,"title":["Estado del conocimiento en Weinmannia tomentosa L.f. (encenillo) y algunas propuestas de estudio sobre su regeneraci\u00f3n"],"prefix":"10.22490","volume":"2","author":[{"given":"Carmen Rosa","family":"Montes Pulido","sequence":"first","affiliation":[],"role":[{"role":"author","vocabulary":"crossref"}]}],"member":"9784","published-online":{"date-parts":[[2011,5,7]]},"container-title":["Revista de Investigaci\u00f3n Agraria y Ambiental"],"link":[{"URL":"http:\/\/hemeroteca.unad.edu.co\/index.php\/riaa\/article\/viewFile\/910\/906","content-type":"application\/pdf","content-version":"vor","intended-application":"text-mining"}],"deposited":{"date-parts":[[2017,3,28]],"date-time":"2017-03-28T13:06:13Z","timestamp":1490706373000},"score":0.0,"resource":{"primary":{"URL":"http:\/\/hemeroteca.unad.edu.co\/index.php\/riaa\/article\/view\/910"}},"issued":{"date-parts":[[2011,5,7]]},"references-count":0,"journal-issue":{"issue":"1","published-online":{"date-parts":[[2011,5,7]]}},"URL":"https:\/\/doi.org\/10.22490\/21456453.910","ISSN":["2145-6453","2145-6097"],"issn-type":[{"value":"2145-6453","type":"electronic"},{"value":"2145-6097","type":"print"}],"published":{"date-parts":[[2011,5,7]]}},{"indexed":{"date-parts":[[2025,6,5]],"date-time":"2025-06-05T05:25:28Z","timestamp":1749101128988},"reference-count":0,"publisher":"Universidad Nacional Abierta y a Distancia","issue":"15","license":[{"start":{"date-parts":[[2011,6,15]],"date-time":"2011-06-15T00:00:00Z","timestamp":1308096000000},"content-version":"unspecified","delay-in-days":0,"URL":"http:\/\/creativecommons.org\/licenses\/by\/4.0"}],"content-domain":{"domain":[],"crossmark-restriction":false},"short-container-title":["nova"],"abstract":"<jats:p>\u00abLa humanidad posee hoy instrumentos de potencia inaudita. Puede hacer de este mundo un jard\u00edn o reducirlo a un c\u00famulo de escombros. Ha logrado una extraordinaria capacidad de intervenir en las fuentes mismas de la vida, o ceder al orgullo miope de una ciencia que no acepte l\u00edmites, llegando incluso a pisotear el respeto debido a cada ser humano. Hoy, como nunca en el pasado, la humanidad est\u00e1 en una encrucijada\u00bb Juan Pablo II, Homil\u00eda, 8.octubre. 2000La bio\u00e9tica como disciplina surgi\u00f3 en la segunda mitad del siglo XX como fruto de la preocupaci\u00f3n de muchos cient\u00edficos y pensadores por el avance de la ciencia que amenazaba el futuro de la humanidad. Los avances biotecnol\u00f3gicos siguen apareciendo y pueden afectar seriamente la vida y la dignidad de los seres humanos. El cientificismo es una corriente de pensamiento que valora excesivamente los adelantos cient\u00edficos y maneja unos modelos bio\u00e9ticos no conformes al respeto por los dem\u00e1s. Se plantea la necesidad de una educaci\u00f3n bio\u00e9tica con unas premisas antropol\u00f3gicas respetuosas de la persona humana.<\/jats:p>","DOI":"10.22490\/24629448.484","type":"journal-article","created":{"date-parts":[[2017,5,2]],"date-time":"2017-05-02T20:46:53Z","timestamp":1493758013000},"source":"Crossref","is-referenced-by-count":1,"title":["Retos de la Bio\u00e9tica Frente a la Biotecnolog\u00eda. Necesidad de la Educaci\u00f3n en Bio\u00e9tica."],"prefix":"10.22490","volume":"9","author":[{"given":"Pablo","family":"Arango Restrepo","sequence":"first","affiliation":[],"role":[{"role":"author","vocabulary":"crossref"}]}],"member":"9784","published-online":{"date-parts":[[2011,6,15]]},"container-title":["Nova"],"link":[{"URL":"https:\/\/hemeroteca.unad.edu.co\/index.php\/nova\/article\/download\/484\/1074","content-type":"application\/pdf","content-version":"vor","intended-application":"text-mining"},{"URL":"https:\/\/hemeroteca.unad.edu.co\/index.php\/nova\/article\/download\/484\/1074","content-type":"unspecified","content-version":"vor","intended-application":"similarity-checking"}],"deposited":{"date-parts":[[2023,12,10]],"date-time":"2023-12-10T20:00:07Z","timestamp":1702238407000},"score":0.0,"resource":{"primary":{"URL":"https:\/\/hemeroteca.unad.edu.co\/index.php\/nova\/article\/view\/484"}},"issued":{"date-parts":[[2011,6,15]]},"references-count":0,"journal-issue":{"issue":"15","published-online":{"date-parts":[[2011,6,15]]}},"URL":"https:\/\/doi.org\/10.22490\/24629448.484","ISSN":["2462-9448","1794-2470"],"issn-type":[{"value":"2462-9448","type":"electronic"},{"value":"1794-2470","type":"print"}],"published":{"date-parts":[[2011,6,15]]}},{"indexed":{"date-parts":[[2026,1,25]],"date-time":"2026-01-25T14:25:52Z","timestamp":1769351152634,"version":"3.49.0"},"reference-count":0,"publisher":"Universidad Nacional Abierta y a Distancia","issue":"2","license":[{"start":{"date-parts":[[2015,12,15]],"date-time":"2015-12-15T00:00:00Z","timestamp":1450137600000},"content-version":"unspecified","delay-in-days":0,"URL":"http:\/\/creativecommons.org\/licenses\/by-nc-sa\/4.0"}],"content-domain":{"domain":[],"crossmark-restriction":false},"short-container-title":["rev.investig.agrar.ambient."],"abstract":"<jats:p>&lt;p&gt;El estudio de la variabilidad espacial es el principal insumo para el manejo espec\u00edfico por sitio-MES, con fines de optimizar los recursos, al reducir los costos de producci\u00f3n de los cultivos y el impacto negativo sobre el ambiente. Con el objetivo de determinar el efecto del MES en la producci\u00f3n del caf\u00e9, durante los a\u00f1os 2011 y 2012 se realiz\u00f3 un experimento del manejo de la fertilidad del suelo en caf\u00e9 (&lt;em&gt;Coffea arabica &lt;\/em&gt;L.), Variedad Castillo\u00ae en lotes con \u00e1reas diferentes (1,0, 2,0 y 3,5 ha), ubicados en tres fincas del departamento del Quind\u00edo, Colombia. Se evalu\u00f3 el efecto de tres tratamientos en la producci\u00f3n de caf\u00e9 cereza: i) testigo sin fertilizaci\u00f3n; ii) manejo de acuerdo a los resultados de los an\u00e1lisis de suelo, logrados mediante un muestreo convencional en zigzag y, iii) manejo por sitio espec\u00edfico conforme lo indicaron las \u00e1reas homog\u00e9neas, obtenidas mediante mapas de variabilidad espacial. En ninguno de los lotes hubo efecto de los tratamientos, respuesta que se relacion\u00f3 con uno o m\u00e1s de los siguientes factores: tiempo relativamente corto de evaluaci\u00f3n, fertilidad del suelo, reservas de los nutrientes en las plantas, y el n\u00famero reducido de repeticiones (tres por tratamiento).&lt;\/p&gt;<\/jats:p>","DOI":"10.22490\/21456453.1401","type":"journal-article","created":{"date-parts":[[2017,3,28]],"date-time":"2017-03-28T19:37:55Z","timestamp":1490729875000},"page":"19","source":"Crossref","is-referenced-by-count":1,"title":["Producci\u00f3n de caf\u00e9 (Coffea arabica L.) en respuesta al manejo espec\u00edfico de la fertilidad del suelo"],"prefix":"10.22490","volume":"6","author":[{"given":"Luz Adriana","family":"Lince Salazar","sequence":"first","affiliation":[],"role":[{"role":"author","vocabulary":"crossref"}]},{"given":"Siavosh","family":"Sadeghian Khalajabadi","sequence":"additional","affiliation":[],"role":[{"role":"author","vocabulary":"crossref"}]}],"member":"9784","published-online":{"date-parts":[[2015,12,15]]},"container-title":["Revista de Investigaci\u00f3n Agraria y Ambiental"],"link":[{"URL":"http:\/\/hemeroteca.unad.edu.co\/index.php\/riaa\/article\/viewFile\/1401\/1725","content-type":"application\/pdf","content-version":"vor","intended-application":"text-mining"}],"deposited":{"date-parts":[[2017,3,28]],"date-time":"2017-03-28T19:37:58Z","timestamp":1490729878000},"score":0.0,"resource":{"primary":{"URL":"http:\/\/hemeroteca.unad.edu.co\/index.php\/riaa\/article\/view\/1401"}},"issued":{"date-parts":[[2015,12,15]]},"references-count":0,"journal-issue":{"issue":"2","published-online":{"date-parts":[[2015,12,15]]}},"URL":"https:\/\/doi.org\/10.22490\/21456453.1401","ISSN":["2145-6453","2145-6097"],"issn-type":[{"value":"2145-6453","type":"electronic"},{"value":"2145-6097","type":"print"}],"published":{"date-parts":[[2015,12,15]]}},{"indexed":{"date-parts":[[2025,11,13]],"date-time":"2025-11-13T22:13:02Z","timestamp":1763071982235,"version":"3.45.0"},"reference-count":0,"publisher":"Sello Editorial UNAD","isbn-type":[{"value":"9786287786547","type":"electronic"}],"content-domain":{"domain":[],"crossmark-restriction":false},"published-print":{"date-parts":[[2025]]},"abstract":"<jats:p\/>","DOI":"10.22490\/unad.9786287786547.8","type":"book-chapter","created":{"date-parts":[[2025,11,13]],"date-time":"2025-11-13T22:10:11Z","timestamp":1763071811000},"page":"118-131","source":"Crossref","is-referenced-by-count":0,"title":["Cap\u00edtulo 8 | Sobre la fragmentaci\u00f3n de la identidad y su reconstrucci\u00f3n a trav\u00e9s de la escritura filos\u00f3fica con Personas Privadas de la Libertad en el Establecimiento Penitenciario y Carcelario de Sogamoso"],"prefix":"10.22490","author":[{"given":"Ingrid Victoria","family":"Sarmiento Aponte","sequence":"first","affiliation":[],"role":[{"role":"author","vocabulary":"crossref"}]}],"member":"9784","container-title":["Ecos de libertad"],"deposited":{"date-parts":[[2025,11,13]],"date-time":"2025-11-13T22:10:15Z","timestamp":1763071815000},"score":0.0,"resource":{"primary":{"URL":"https:\/\/libros.unad.edu.co\/index.php\/selloeditorial\/catalog\/view\/328\/344\/7613"}},"issued":{"date-parts":[[2025]]},"ISBN":["9786287786547"],"references-count":0,"URL":"https:\/\/doi.org\/10.22490\/unad.9786287786547.8","published":{"date-parts":[[2025]]}},{"indexed":{"date-parts":[[2025,11,29]],"date-time":"2025-11-29T07:39:14Z","timestamp":1764401954300},"reference-count":0,"publisher":"Universidad Nacional Abierta y a Distancia","content-domain":{"domain":[],"crossmark-restriction":false},"abstract":"<jats:p>El presente documento es el resultado del proyecto de investigaci\u00f3n y trabajo de grado de estudiantes del semillero \u201cGestores del Desarrollo Local Colombiano- GEDELCO\u201d, adscrito al grupo HUNZAHUA , tiene como objetivo afianzar el comercio electr\u00f3nico en el sector de artesan\u00edas en el departamento de Boyac\u00e1 con el fin de mejorar sus capacidades competitivas, para ello se requiri\u00f3 conocer las habilidades de los artesanos del departamento de Boyac\u00e1 en cuanto a su procesos de comercializaci\u00f3n a nivel regional y nacional, para ello se aplic\u00f3 una metodolog\u00eda de tipo exploratoria y descriptiva , con un enfoque mixto cualitativo y cuantitativo. El dise\u00f1o de la investigaci\u00f3n conto con 4 aspectos a saber: Evaluaci\u00f3n comercial de los artesanos de Boyac\u00e1, creaci\u00f3n del plan de capacitaci\u00f3n comercial, ejecutar plan de capacitaci\u00f3n comercial, elaboraci\u00f3n de estrategias de e-commerce, a fin de mejorar las habilidades de los artesanos del sector e impulsar su comercializaci\u00f3n en redes.<\/jats:p>","DOI":"10.22490\/ecacen.5434","type":"report","created":{"date-parts":[[2022,5,13]],"date-time":"2022-05-13T21:20:12Z","timestamp":1652476812000},"source":"Crossref","is-referenced-by-count":1,"title":["Afianzamiento del comercio electr\u00f3nico en el sector de artesan\u00edas en departamento de Boyac\u00e1"],"prefix":"10.22490","author":[{"given":"Sandra Patricia","family":"Blanco Barrera","sequence":"first","affiliation":[],"role":[{"role":"author","vocabulary":"crossref"}]},{"given":"Mar\u00eda Carolina","family":"Ledesma Garc\u00eda","sequence":"additional","affiliation":[],"role":[{"role":"author","vocabulary":"crossref"}]},{"given":"Mary Zoraida","family":"Pulido G\u00f3mez","sequence":"additional","affiliation":[],"role":[{"role":"author","vocabulary":"crossref"}]}],"member":"9784","published-online":{"date-parts":[[2022,4,22]]},"deposited":{"date-parts":[[2022,5,13]],"date-time":"2022-05-13T21:20:12Z","timestamp":1652476812000},"score":0.0,"resource":{"primary":{"URL":"https:\/\/hemeroteca.unad.edu.co\/index.php\/working\/article\/view\/5434"}},"issued":{"date-parts":[[2022,4,22]]},"references-count":0,"URL":"https:\/\/doi.org\/10.22490\/ecacen.5434","published":{"date-parts":[[2022,4,22]]}},{"indexed":{"date-parts":[[2024,12,17]],"date-time":"2024-12-17T05:17:29Z","timestamp":1734412649792,"version":"3.30.2"},"reference-count":0,"publisher":"Universidad Nacional Abierta y a Distancia","issue":"10","content-domain":{"domain":[],"crossmark-restriction":false},"short-container-title":["Back"],"abstract":"<jats:p>La soledad es interpretada en este ejercicio como una situaci\u00f3n de ausencia, loselementos presentes est\u00e1n afectados poralgo que los aleja de su esencia<\/jats:p>","DOI":"10.22490\/unad.backprojection.9010","type":"journal-article","created":{"date-parts":[[2024,12,16]],"date-time":"2024-12-16T23:52:08Z","timestamp":1734393128000},"page":"18","source":"Crossref","is-referenced-by-count":0,"title":["Soledad"],"prefix":"10.22490","author":[{"given":"Wilson Chanch\u00ed","family":"Cer\u00f3n","sequence":"first","affiliation":[],"role":[{"role":"author","vocabulary":"crossref"}]}],"member":"9784","published-online":{"date-parts":[[2023,11,1]]},"container-title":["Back Projection"],"link":[{"URL":"https:\/\/hemeroteca.unad.edu.co\/index.php\/back_projection\/article\/download\/9010\/7540","content-type":"application\/pdf","content-version":"vor","intended-application":"text-mining"},{"URL":"https:\/\/hemeroteca.unad.edu.co\/index.php\/back_projection\/article\/download\/9010\/7540","content-type":"unspecified","content-version":"vor","intended-application":"similarity-checking"}],"deposited":{"date-parts":[[2024,12,16]],"date-time":"2024-12-16T23:52:08Z","timestamp":1734393128000},"score":0.0,"resource":{"primary":{"URL":"https:\/\/hemeroteca.unad.edu.co\/index.php\/back_projection\/article\/view\/9010"}},"issued":{"date-parts":[[2023,11,1]]},"references-count":0,"journal-issue":{"issue":"10","published-online":{"date-parts":[[2024,12,16]]}},"URL":"https:\/\/doi.org\/10.22490\/unad.backprojection.9010","ISSN":["2665-4539"],"issn-type":[{"value":"2665-4539","type":"electronic"}],"published":{"date-parts":[[2023,11,1]]}},{"institution":[{"name":"Universidad Nacional Abierta y a Distancia","acronym":["UNAD"],"place":["Bogot\u00e1"],"department":["Cundinamarca"]}],"indexed":{"date-parts":[[2025,9,18]],"date-time":"2025-09-18T10:49:26Z","timestamp":1758192566794,"version":"3.44.0"},"reference-count":0,"publisher":"Sello Editorial UNAD","content-domain":{"domain":[],"crossmark-restriction":false},"published-print":{"date-parts":[[2025,9,17]]},"abstract":"<jats:p>La creciente digitalizaci\u00f3n de los procesos sociales, econ\u00f3micos y pol\u00edticos ha transformado el ciberespacio en un escenario estrat\u00e9gico donde confluyen oportunidades y amenazas. En este contexto, la ciberinteligencia se ha consolidado como una disciplina fundamental para anticipar, detectar y responder de manera efectiva a los riesgos derivados de actores hostiles y din\u00e1micas adversariales que impactan a individuos, organizaciones e infraestructuras cr\u00edticas. A diferencia de la ciberseguridad reactiva, que act\u00faa frente a los incidentes una vez ocurren, la ciberinteligencia plantea un enfoque proactivo y preventivo, basado en la recolecci\u00f3n, procesamiento y an\u00e1lisis de informaci\u00f3n proveniente de m\u00faltiples fuentes digitales. Su objetivo es convertir datos dispersos en conocimiento estrat\u00e9gico, capaz de guiar decisiones de alto impacto en la protecci\u00f3n de activos digitales y en la construcci\u00f3n de resiliencia frente a amenazas emergentes. En el plano acad\u00e9mico y profesional, la ciberinteligencia ha adquirido especial relevancia en los \u00faltimos a\u00f1os, gracias al desarrollo de metodolog\u00edas estructuradas y la integraci\u00f3n de tecnolog\u00edas avanzadas como el aprendizaje autom\u00e1tico y la inteligencia artificial(Alevizos &amp; Dekker, 2024a). Estas innovaciones han potenciado la capacidad de las organizaciones para identificar patrones de ataque, anticipar vulnerabilidades y fortalecer la capacidad de respuesta en entornos cada vez m\u00e1s complejos e interconectados.\nSin embargo, m\u00e1s all\u00e1 de las herramientas, la ciberinteligencia supone un cambio cultural: implica reconocer que la seguridad inform\u00e1tica no depende \u00fanicamente de la implementaci\u00f3n de controles t\u00e9cnicos, sino tambi\u00e9n de la gesti\u00f3n estrat\u00e9gica de la informaci\u00f3n. As\u00ed, marcos internacionales como MITRE ATT&amp;CK1, Cyber Kill Chain2 y los desarrollos normativos nacionales (por ejemplo, CONPES 3701 de Ciberseguridad y Defensa, 20113) subrayan la necesidad de integrar la inteligencia digital en la toma de decisiones a nivel directivo y operativo.\nEste bolet\u00edn presenta un recorrido cuatro ejes tem\u00e1ticos: los fundamentos de la ciberinteligencia como pilar estrat\u00e9gico de la seguridad digital; las metodolog\u00edas y t\u00e9cnicas avanzadas de recolecci\u00f3n de informaci\u00f3n; la producci\u00f3n de inteligencia estrat\u00e9gica como apoyo a la toma de decisiones; y los retos emergentes para la resiliencia en entornos digitales.<\/jats:p>","DOI":"10.22490\/unad-csirt-b34","type":"report","created":{"date-parts":[[2025,9,17]],"date-time":"2025-09-17T15:10:47Z","timestamp":1758121847000},"source":"Crossref","is-referenced-by-count":0,"title":["Ciber estrategia y Ciber Inteligencia: FUNDAMENTOS, APLICACIONES Y RETOS PARA LA RESILIENCIA EN ENTORNOS DIGITALES"],"prefix":"10.22490","author":[{"ORCID":"https:\/\/orcid.org\/0000-0002-4690-3526","authenticated-orcid":false,"given":"Luis Fernando","family":"Zambrano Hernandez","sequence":"first","affiliation":[],"role":[{"role":"author","vocabulary":"crossref"}]},{"ORCID":"https:\/\/orcid.org\/0000-0002-3477-2645","authenticated-orcid":false,"given":"Hernando Jos\u00e9","family":"Pe\u00f1a Hidalgo","sequence":"additional","affiliation":[],"role":[{"role":"author","vocabulary":"crossref"}]},{"ORCID":"https:\/\/orcid.org\/0000-0003-0392-1983","authenticated-orcid":false,"given":"Sonia Ximena","family":"Moreno Molano","sequence":"additional","affiliation":[],"role":[{"role":"author","vocabulary":"crossref"}]},{"ORCID":"https:\/\/orcid.org\/0000-0003-3691-0148","authenticated-orcid":false,"given":"N\u00e9stor Ra\u00fal","family":"C\u00e1rdenas Corral","sequence":"additional","affiliation":[],"role":[{"role":"author","vocabulary":"crossref"}]}],"member":"9784","published-online":{"date-parts":[[2025,9,17]]},"deposited":{"date-parts":[[2025,9,17]],"date-time":"2025-09-17T15:10:47Z","timestamp":1758121847000},"score":0.0,"resource":{"primary":{"URL":"https:\/\/selloeditorial.unad.edu.co\/images\/Documentos\/ciberseguridad\/Boletin\/Julio_2025.pdf"}},"issued":{"date-parts":[[2025,9,17]]},"references-count":0,"URL":"https:\/\/doi.org\/10.22490\/unad-csirt-b34","published":{"date-parts":[[2025,9,17]]}},{"indexed":{"date-parts":[[2025,5,14]],"date-time":"2025-05-14T07:44:03Z","timestamp":1747208643696,"version":"3.40.5"},"reference-count":14,"publisher":"Universidad Nacional Abierta y a Distancia","issue":"1","license":[{"start":{"date-parts":[[2019,12,11]],"date-time":"2019-12-11T00:00:00Z","timestamp":1576022400000},"content-version":"unspecified","delay-in-days":0,"URL":"https:\/\/creativecommons.org\/licenses\/by-nc-sa\/4.0"}],"content-domain":{"domain":[],"crossmark-restriction":false},"short-container-title":["rev.investig.agrar.ambient."],"abstract":"<jats:p>La investigaci\u00f3n realizada evalu\u00f3 la tratabilidad en t\u00e9rminos de remoci\u00f3n de materia org\u00e1nica (DQO) presente en\u00a0 los lixiviados del relleno sanitario Los\u00a0 Corazones de la ciudad Valledupar, a trav\u00e9s del proceso de adsorci\u00f3n con carb\u00f3n activado, desarrollado bajo dos modelos\u00a0 de flujo hidr\u00e1ulico (reactores continuos y discontinuos) analizando variables como dosis, tiempo de contacto y PH, con la finalidad de comparar y obtener el mayor rendimiento en la\u00a0 remoci\u00f3n de carga org\u00e1nica de los lixiviados en estudio.\r\nPara reactores discontinuos con lixiviado crudo se obtuvieron resultados de un 67% de remoci\u00f3n de materia org\u00e1nica, modificando el PH a 3 se obtuvieron resultados de un 80 % de remoci\u00f3n de materia org\u00e1nica, obteniendo a su vez las mejores condiciones de remoci\u00f3n de DQO en el modelo de flujo discontinuo empleando dosis de 100g\/l con tiempos de contacto de 90 minutos.\r\nEl reactor continuo se utiliz\u00f3 con caudal de 6 ml\/min, tiempo de retenci\u00f3n hidr\u00e1ulico de 90 min, dosis utilizada de 640g de carb\u00f3n activado, donde se ensay\u00f3 con lixiviado crudo obteni\u00e9ndose remociones de carga org\u00e1nica del 83%, ajustando el pH a 3\u00a0 se obtuvo remociones del 97%.<\/jats:p>","DOI":"10.22490\/21456453.2750","type":"journal-article","created":{"date-parts":[[2020,7,29]],"date-time":"2020-07-29T18:42:41Z","timestamp":1596048161000},"page":"77-90","source":"Crossref","is-referenced-by-count":0,"title":["Tratabilidad de los lixiviados del relleno sanitario los corazones de la ciudad de Valledupar mediante el uso de carb\u00f3n activado"],"prefix":"10.22490","volume":"11","author":[{"ORCID":"https:\/\/orcid.org\/0000-0002-4334-6832","authenticated-orcid":false,"given":"Omar Enrique","family":"Trujillo Romero","sequence":"first","affiliation":[],"role":[{"role":"author","vocabulary":"crossref"}]},{"ORCID":"https:\/\/orcid.org\/0000-0002-4143-4492","authenticated-orcid":false,"given":"Andres Luciano","family":"Quintero Tovar","sequence":"additional","affiliation":[],"role":[{"role":"author","vocabulary":"crossref"}]},{"given":"Julio Cesar","family":"Vega Suarez","sequence":"additional","affiliation":[],"role":[{"role":"author","vocabulary":"crossref"}]}],"member":"9784","published-online":{"date-parts":[[2019,12,11]]},"reference":[{"key":"ref0","unstructured":"Arbel\u00e1ez, M. (2010). Estudio de las tecnolog\u00edas empleadas para el manejo de lixiviados y su aplicabilidad en el medio. Universidad EAFIT. Medellin Colombia."},{"key":"ref1","doi-asserted-by":"publisher","first-page":"305","DOI":"10.21931\/RB\/2017.02.02.6","article-title":"Evaluaci\u00f3n f\u00edsico-qu\u00edmica y microbiol\u00f3gica de la calidad del agua de los r\u00edos Mach\u00e1ngara y Monjas de la red h\u00eddrica del distrito metropolitano de Quito","author":"Campa\u00f1a","year":"2017","unstructured":"Campa\u00f1a, A., Gualoto, E., Chiluisa-Utreras, V. (2017). Evaluaci\u00f3n f\u00edsico-qu\u00edmica y microbiol\u00f3gica de la calidad del agua de los r\u00edos Mach\u00e1ngara y Monjas de la red h\u00eddrica del distrito metropolitano de Quito. Bionatura. 2(2), pp.305-310.","journal-title":"Bionatura 2(2)"},{"key":"ref2","doi-asserted-by":"publisher","unstructured":"Castellar, G., Cardozo, B. Su\u00e1rez, J. & Vega, J. (2013). Adsorci\u00f3n por lote y en una columna de lecho fijo del colorante B39 sobre carb\u00f3n activado granular. Prospect, 11 (1), 66-75.","DOI":"10.15665\/rp.v11i1.28"},{"key":"ref3","unstructured":"Castell\u00f3, L. (2017). Dise\u00f1o de un sistema de adsorci\u00f3n para la eliminaci\u00f3n de colorantes presentes en disoluci\u00f3n acuosa. Universidad Polit\u00e9cnica de Valencia. Valencia Espa\u00f1a."},{"issue":"2","key":"ref4","doi-asserted-by":"publisher","first-page":"135","DOI":"10.37761\/rsqp.v81i2.23","article-title":"Adsorci\u00f3n del colorante amarillo anaranjado en soluci\u00f3n acuosa utilizando carbones activados obtenidos a partir de desechos agr\u00edcolas","volume":"81","author":"Ensucho","year":"2015","unstructured":"Ensucho, A., Robles, J., & Carriazo, J. (2015). Adsorci\u00f3n del colorante amarillo anaranjado en soluci\u00f3n acuosa utilizando carbones activados obtenidos a partir de desechos agr\u00edcolas. Revista de la Sociedad Qu\u00edmica de Per\u00fa, 81(2), 135-147","journal-title":"Revista de la Sociedad Qu\u00edmica de Per\u00fa"},{"key":"ref5","doi-asserted-by":"publisher","unstructured":"Jialong W., Yi Q., Horan N. & Stentiford E. (2000), \"Bioadsortion of pentaclorophenol (PCP) from aqueous solution by activated sdluge biomass\", Bioresourge Technology, UK.","DOI":"10.1016\/S0960-8524(00)00041-9"},{"key":"ref6","unstructured":"Ley N\u00b0 1259. Diario Oficial de la Republica de Colombia, 19 de diciembre de 2008."},{"key":"ref7","unstructured":"M\u00e9ndez, R., Medina, E., Quintal, C., Castillo, E. & Sauri, M. (2002). Tratamiento de lixiviados con carb\u00f3n activado. Ingenier\u00eda, 6 (3), 19-27."},{"key":"ref8","unstructured":"Mendoza, E. (2012). Remoci\u00f3n de Pb (ii) de Soluciones Mediante Carb\u00f3n activado: experimentos en lotes (Tesis de maestr\u00eda). Convenio Universidad Nacional de Colombia-Universidad del Magdalena. Bogot\u00e1 Colombia."},{"key":"ref9","unstructured":"Noeggerath, F., Salinas, I. 2011. An\u00e1lisis comparativo de tecnolog\u00edas para el tratamiento de lixiviados en rellenos sanitarios. Universidad Veracruzana. Facultad de Ciencias Qu\u00edmicas."},{"key":"ref10","unstructured":"Noguera, K. & Olivero, T. (2010). Los rellenos sanitarios en Latinoam\u00e9rica: caso colombiano. Revista de la Academia Colombiana de Ciencias. 34 (132): 347-356."},{"key":"ref11","unstructured":"Solis-Fuentes, J., Tellez, M., Ayala & Dur\u00e1n, M. (2012). Activated carbon from agroindustrial wastes for color removal from sugarcane juice. Tecnolog\u00eda, Ciencia y Educaci\u00f3n, 27 (1), pp. 36-48."},{"key":"ref12","unstructured":"Vega, J. (2006). Tratabilidad de los Lixiviados del Relleno Sanitario Do\u00f1a Juana en un Reactor UASB (Tesis de maestr\u00eda). Universidad Nacional de Colombia, Bogot\u00e1 Colombia."},{"key":"ref13","unstructured":"Weber, W. Control de la calidad del agua. Procesos fisicoqu\u00edmicos. 1\u00aa ed. Ed. Revert\u00e9. Barcelona, 1979."}],"container-title":["Revista de Investigaci\u00f3n Agraria y Ambiental"],"link":[{"URL":"https:\/\/hemeroteca.unad.edu.co\/index.php\/riaa\/article\/download\/2750\/3660","content-type":"application\/pdf","content-version":"vor","intended-application":"text-mining"},{"URL":"https:\/\/hemeroteca.unad.edu.co\/index.php\/riaa\/article\/download\/2750\/3617","content-type":"text\/html","content-version":"vor","intended-application":"text-mining"},{"URL":"https:\/\/hemeroteca.unad.edu.co\/index.php\/riaa\/article\/download\/2750\/3779","content-type":"text\/xml","content-version":"vor","intended-application":"text-mining"},{"URL":"https:\/\/hemeroteca.unad.edu.co\/index.php\/riaa\/article\/download\/2750\/3660","content-type":"unspecified","content-version":"vor","intended-application":"similarity-checking"}],"deposited":{"date-parts":[[2020,7,29]],"date-time":"2020-07-29T18:54:08Z","timestamp":1596048848000},"score":0.0,"resource":{"primary":{"URL":"https:\/\/hemeroteca.unad.edu.co\/index.php\/riaa\/article\/view\/2750"}},"issued":{"date-parts":[[2019,12,11]]},"references-count":14,"journal-issue":{"issue":"1","published-online":{"date-parts":[[2019,12,11]]}},"URL":"https:\/\/doi.org\/10.22490\/21456453.2750","ISSN":["2145-6453","2145-6097"],"issn-type":[{"type":"electronic","value":"2145-6453"},{"type":"print","value":"2145-6097"}],"published":{"date-parts":[[2019,12,11]]}},{"indexed":{"date-parts":[[2025,5,14]],"date-time":"2025-05-14T07:42:38Z","timestamp":1747208558047,"version":"3.40.5"},"reference-count":0,"publisher":"Universidad Nacional Abierta y a Distancia","isbn-type":[{"type":"print","value":"9789586518536"}],"content-domain":{"domain":[],"crossmark-restriction":false},"abstract":"<jats:p>La protecci\u00f3n de los derechos econ\u00f3micos, sociales, culturales y ambientales (DESCA) en la justicia transicional ha sido objeto de un intenso debate en los \u00faltimos a\u00f1os. Esa discusi\u00f3n surge principalmente como consecuencia de las diferencias conceptuales y de modelos de responsabilizaci\u00f3n asociados al campo de los derechos humanos y del derecho penal. \u00bfEs posible incorporar la narrativa sobre las violaciones a los DESCA en la  labor  de  tribunales  penales  en  escenarios  transicionales?  En  este  texto  responde-mos afirmativamente a dicha pregunta, pues las convergencias entre los mencionados campos y el replanteamiento de la judicializaci\u00f3n en tiempos de transici\u00f3n hacen que los tribunales cuenten con las herramientas para responder a las expectativas de las v\u00edctimas y para develar patrones de macrocriminalidad de los grupos que participaron en  el  conflicto.  As\u00ed,  se  abren  las  puertas  de  los  tribunales  a  la  agenda  de  los  DESCA.  Con este prop\u00f3sito, analizamos el dise\u00f1o y las estrategias usadas por la Jurisdicci\u00f3n Especial para la Paz (JEP) en Colombia.<\/jats:p>","DOI":"10.22490\/9789586518536.07","type":"book-chapter","created":{"date-parts":[[2023,4,19]],"date-time":"2023-04-19T13:36:26Z","timestamp":1681911386000},"page":"193-223","source":"Crossref","is-referenced-by-count":0,"title":["El lugar de los desca en la narrativa judicial en contextos de transici\u00f3n. El modelo de la jurisdicci\u00f3n especial para la paz"],"prefix":"10.22490","author":[{"ORCID":"https:\/\/orcid.org\/0000-0002-7037-5145","authenticated-orcid":false,"given":"Barbara Pincowsca","family":"Cardoso Campos","sequence":"first","affiliation":[],"role":[{"role":"author","vocabulary":"crossref"}]},{"ORCID":"https:\/\/orcid.org\/0000-0003-3304-8273","authenticated-orcid":false,"given":"Mateo","family":"Merch\u00e1n Duque","sequence":"additional","affiliation":[],"role":[{"role":"author","vocabulary":"crossref"}]}],"member":"9784","published-online":{"date-parts":[[2022,11,4]]},"container-title":["Gesti\u00f3n punitiva del delito, v\u00edctimas y reconciliaci\u00f3n"],"deposited":{"date-parts":[[2023,4,19]],"date-time":"2023-04-19T13:36:44Z","timestamp":1681911404000},"score":0.0,"resource":{"primary":{"URL":"https:\/\/libros.unad.edu.co\/index.php\/selloeditorial\/catalog\/view\/192\/177\/2689"}},"issued":{"date-parts":[[2022,11,4]]},"ISBN":["9789586518536"],"references-count":0,"URL":"https:\/\/doi.org\/10.22490\/9789586518536.07","published":{"date-parts":[[2022,11,4]]}},{"indexed":{"date-parts":[[2024,7,29]],"date-time":"2024-07-29T06:36:09Z","timestamp":1722234969076},"reference-count":0,"publisher":"Universidad Nacional Abierta y a Distancia","issue":"16","license":[{"start":{"date-parts":[[2011,12,15]],"date-time":"2011-12-15T00:00:00Z","timestamp":1323907200000},"content-version":"unspecified","delay-in-days":0,"URL":"http:\/\/creativecommons.org\/licenses\/by\/4.0"}],"content-domain":{"domain":[],"crossmark-restriction":false},"short-container-title":["nova"],"abstract":"<jats:p>En el Municipio El Colegio, Cundinamarca, se observa la necesidad de realizar controles peri\u00f3dicos sobre buenas pr\u00e1cticas de manufactura que disminuyan el grado de contaminaci\u00f3n que pueda estar present\u00e1ndose en los expendios de pescado fresco. El an\u00e1lisis bacteriol\u00f3gico permiti\u00f3 confirmar ausencia de los pat\u00f3genos Salmonella s.p, Staphylococcus aureus, Escherichia coli y Vibrio cholerae, en contraste con la presencia en un alto \u00edndice de otro tipo de enterobacterias relacionadas en su mayor\u00eda con el agua de donde proviene el pescado, como C. amalonaticus y C. freundii en un 30% de las muestras; K. oxytoca, E. cloacae, y E. tarda en un 10% respectivamente. Para Mojarra Roja se aisl\u00f3 K. oxytoca, K. ozaenae, E. tarda, P. mirabilis en un 20% respectivamente y V. metschnikovii en un 10%; microorganismos que en elevadas cantidades pueden representar un alto riesgo para la salud p\u00fablica.<\/jats:p>","DOI":"10.22490\/24629448.497","type":"journal-article","created":{"date-parts":[[2017,5,2]],"date-time":"2017-05-02T20:40:25Z","timestamp":1493757625000},"page":"149-157","source":"Crossref","is-referenced-by-count":2,"title":["Estudio bacteriol\u00f3gico de la calidad del pescado fresco, Bagre (Pseudoplatystoma sp.) y Mojarra Roja (Oreochromis sp.) comercializado en el municipio de El Colegio, Cundinamarca (Colombia)"],"prefix":"10.22490","volume":"9","author":[{"given":"Luc\u00eda Constanza","family":"Corrales Ram\u00edrez MSC","sequence":"first","affiliation":[],"role":[{"role":"author","vocabulary":"crossref"}]},{"given":"Mar\u00eda Ang\u00e9lica","family":"\u00c1lvarado Ospina","sequence":"additional","affiliation":[],"role":[{"role":"author","vocabulary":"crossref"}]},{"given":"Lady Alexandra","family":"Castillo Fonseca","sequence":"additional","affiliation":[],"role":[{"role":"author","vocabulary":"crossref"}]},{"given":"Yury Constanza","family":"Camacho Beltran","sequence":"additional","affiliation":[],"role":[{"role":"author","vocabulary":"crossref"}]}],"member":"9784","published-online":{"date-parts":[[2011,12,15]]},"container-title":["Nova"],"link":[{"URL":"https:\/\/hemeroteca.unad.edu.co\/index.php\/nova\/article\/download\/497\/1070","content-type":"application\/pdf","content-version":"vor","intended-application":"text-mining"},{"URL":"https:\/\/hemeroteca.unad.edu.co\/index.php\/nova\/article\/download\/497\/1070","content-type":"unspecified","content-version":"vor","intended-application":"similarity-checking"}],"deposited":{"date-parts":[[2023,12,10]],"date-time":"2023-12-10T20:01:05Z","timestamp":1702238465000},"score":0.0,"resource":{"primary":{"URL":"https:\/\/hemeroteca.unad.edu.co\/index.php\/nova\/article\/view\/497"}},"issued":{"date-parts":[[2011,12,15]]},"references-count":0,"journal-issue":{"issue":"16","published-online":{"date-parts":[[2011,12,15]]}},"URL":"https:\/\/doi.org\/10.22490\/24629448.497","ISSN":["2462-9448","1794-2470"],"issn-type":[{"value":"2462-9448","type":"electronic"},{"value":"1794-2470","type":"print"}],"published":{"date-parts":[[2011,12,15]]}},{"indexed":{"date-parts":[[2025,4,5]],"date-time":"2025-04-05T04:03:25Z","timestamp":1743825805728,"version":"3.40.3"},"reference-count":0,"publisher":"Sello Editorial UNAD","isbn-type":[{"value":"9786287786202","type":"electronic"}],"content-domain":{"domain":[],"crossmark-restriction":false},"published-print":{"date-parts":[[2024]]},"abstract":"<jats:p\/>","DOI":"10.22490\/unad.9786287786202.13","type":"book-chapter","created":{"date-parts":[[2025,4,4]],"date-time":"2025-04-04T04:48:30Z","timestamp":1743742110000},"page":"271-296","source":"Crossref","is-referenced-by-count":0,"title":["Cap\u00edtulo 13 | Impacto de la tecnolog\u00eda a la ruta de competitividad para el fortalecimiento del aviturismo por efecto del sars-cov-2 en el departamento del magdalena en los a\u00f1os 2021 y 2022"],"prefix":"10.22490","author":[{"given":"Cristian Alberto","family":"Vargas Quintero","sequence":"additional","affiliation":[],"role":[{"role":"author","vocabulary":"crossref"}]}],"member":"9784","container-title":["Perspectivas e interacciones entre el mundo f\u00edsico y virtual para los nuevos retos del desarrollo socioecon\u00f3mico"],"deposited":{"date-parts":[[2025,4,4]],"date-time":"2025-04-04T05:04:20Z","timestamp":1743743060000},"score":0.0,"resource":{"primary":{"URL":"https:\/\/libros.unad.edu.co\/index.php\/selloeditorial\/catalog\/view\/275\/263\/5851"}},"issued":{"date-parts":[[2024]]},"ISBN":["9786287786202"],"references-count":0,"URL":"https:\/\/doi.org\/10.22490\/unad.9786287786202.13","published":{"date-parts":[[2024]]}},{"indexed":{"date-parts":[[2025,2,21]],"date-time":"2025-02-21T22:51:24Z","timestamp":1740178284150,"version":"3.37.3"},"reference-count":10,"publisher":"Universidad Nacional Abierta y a Distancia","issue":"4","license":[{"start":{"date-parts":[[2022,10,20]],"date-time":"2022-10-20T00:00:00Z","timestamp":1666224000000},"content-version":"unspecified","delay-in-days":0,"URL":"https:\/\/creativecommons.org\/licenses\/by-nc-nd\/4.0"}],"content-domain":{"domain":[],"crossmark-restriction":false},"short-container-title":["Publ. investig."],"abstract":"<jats:p>The enzymatic hydrolysis of proteins is a biotechnological technique that has gained great importance, since it constitutes an effective strategy for obtaining hydrolysates and peptides with techno-functional and biological properties. These properties depend on many factors, one of the most important it is enzyme type used to the reaction. The purpose of this work was to evaluate the effectiveness of different proteases in the hydrolysis process of Californian red worm (LRC) proteins. For this, the catalytic activity of three proteases with different characteristics was evaluated: Alcalase 2.4L, Flovourzyme and Neutrase, and the LRC hydrolysis process was carried out with each enzyme, under the same enzyme\/substrate ratio and the optimal reaction conditions for each enzyme. Each reaction was carried out for 60 minutes after which the degree of hydrolysis (DH) was evaluated to identify the catalytic efficiency of the enzymes on this substrate. The results showed that the enzyme with the highest efficiency in the LRC hydrolysis process was Alcalase 2.4L with which a DH of 13.02% was achieved, twice higher than DH achieved with the other two enzymes. In conclusion, LRC proteins can be efficiently hydrolyzed with an endoprotease such as Alcalase 2.4L, obtaining hydrolysates that could be used in the food industry.<\/jats:p>","DOI":"10.22490\/25394088.6502","type":"journal-article","created":{"date-parts":[[2023,4,21]],"date-time":"2023-04-21T14:14:41Z","timestamp":1682086481000},"source":"Crossref","is-referenced-by-count":0,"title":["Hidr\u00f3lisis enzim\u00e1tica de prote\u00ednas de lombriz roja californiana (Eisenia fetida) con diferentes proteasas","Enzymatic hydrolysis of Californian red worm (Eisenia fetida) proteins with different proteases"],"prefix":"10.22490","volume":"16","author":[{"given":"Leidy Johanna","family":"G\u00f3mez Sampedro","sequence":"first","affiliation":[],"role":[{"role":"author","vocabulary":"crossref"}]},{"given":"Angela Maria","family":"Nore\u00f1a Mora","sequence":"additional","affiliation":[],"role":[{"role":"author","vocabulary":"crossref"}]},{"given":"Yhoan Sebastian","family":"Gaviria Gaviria","sequence":"additional","affiliation":[],"role":[{"role":"author","vocabulary":"crossref"}]},{"given":"Jose Edgar","family":"Zapata Montoya","sequence":"additional","affiliation":[],"role":[{"role":"author","vocabulary":"crossref"}]}],"member":"9784","published-online":{"date-parts":[[2022,10,20]]},"reference":[{"key":"ref0","unstructured":"AOAC., Official Methods of Analysis (17th ed.), Association of Official Analytical Chemists (2006)"},{"key":"ref1","doi-asserted-by":"publisher","unstructured":"Cheung, I.W.Y., Cheung, L.K.Y., Tan, N.Y., Li-Chan, E.C.Y., 2012. The role of molecular size in antioxidant activity of peptide fractions from Pacific hake (Merluccius productus) hydrolysates. Food Chem. 134, 1297-1306. https:\/\/doi.org\/10.1016\/j.foodchem.2012.02.215","DOI":"10.1016\/j.foodchem.2012.02.215"},{"key":"ref2","doi-asserted-by":"publisher","unstructured":"Forghani, B., Ebrahimpour, A., Bakar, J., Hamid, A.A., Hassan, Z., Saari, N., 2012. Enzyme hydrolysates from Stichopus horrens as a new source for angiotensin-converting enzyme inhibitory peptides. Evidence-Based Complement. Altern. Med. 2012, 1-9. https:\/\/doi.org\/http:\/\/dx.doi.org\/10.1155\/2012\/236384","DOI":"10.1155\/2012\/236384"},{"key":"ref3","doi-asserted-by":"publisher","unstructured":"Zapata, J. E., Moya, M., & Figueroa, O. A., 2019. Hidr\u00f3lisis enzim\u00e1tica de la prote\u00edna de v\u00edsceras de trucha arco \u00edris (Oncorhynchus mykiss): Efecto del tipo de enzima, temperatura, pH y velocidad de agitaci\u00f3n. Informaci\u00f3n tecnol\u00f3gica, 30(6), 63-72.","DOI":"10.4067\/S0718-07642019000600063"},{"key":"ref4","unstructured":"Ben\u00edtez, R., Ibarz, A., Pagan, J., 2008. Hidrolizados de prote\u00edna: procesos y aplicaciones Resumen. Acta Bioqu\u00edmica Cl\u00ednica Latinoam. 42, 227-237."},{"key":"ref5","doi-asserted-by":"publisher","unstructured":"Glomm, W.R., Wubshet, S.G., Lindberg, D., Dankel, K.R., Afseth, N.K., Stenstad, P.M., Johnsen, H., 2021. Immobilized protease on magnetic particles for enzymatic protein hydrolysis of poultry by-products. LWT - Food Sci. Technol. 152, 112327. https:\/\/doi.org\/https:\/\/doi.org\/10.1016\/j.lwt.2021.112327","DOI":"10.1016\/j.lwt.2021.112327"},{"key":"ref6","doi-asserted-by":"publisher","unstructured":"da Cruz, C.Z.P., de Mendon\u00e7a, R.J., Guimaraes, L.H.S., dos Santos Ramos, M.A., Garrido, S.S., de Paula, A.V., Monti, R., Massolini, G., 2020. Assessment of the Bioactive Potential of Cheese Whey Protein Hydrolysates Using Immobilized Alcalase. Food Bioprocess Technol. 13, 2120-2130. https:\/\/doi.org\/10.1007\/s11947-020-02552-4","DOI":"10.1007\/s11947-020-02552-4"},{"key":"ref7","doi-asserted-by":"publisher","unstructured":"G\u00f3mez, L.J., G\u00f3mez, N.A., Zapata, J.E., L\u00f3pez-Garc\u00eda, G., Cilla, A., Alegr\u00eda, A., 2020. Optimization of the Red Tilapia (Oreochromis spp.) Viscera Hydrolysis for Obtaining Iron-Binding Peptides and Evaluation of In Vitro Iron Bioavailability. Foods (Basel, Switzerland) 9, 883. https:\/\/doi.org\/10.3390\/foods9070883","DOI":"10.3390\/foods9070883"},{"key":"ref8","doi-asserted-by":"publisher","unstructured":"Li, Y., Clark, K.A., Tan, Z., 2018. Methods for engineering therapeutic peptides. Chinese Chem. Lett. 29, 1074-1078. https:\/\/doi.org\/https:\/\/doi.org\/10.1016\/j.cclet.2018.05.027","DOI":"10.1016\/j.cclet.2018.05.027"},{"key":"ref9","doi-asserted-by":"publisher","unstructured":"Acero, D. J. R., Sibina, J. R. O., & Ordo\u00f1ez, A. M., 2021. Elaboraci\u00f3n de un hidrolizado de prote\u00edna de anchoveta (Engraulis ringens) en polvo. In Anales Cient\u00edficos (Vol. 82, No. 2, pp. 251-261). Universidad Nacional Agraria La Molina.","DOI":"10.21704\/ac.v82i2.1787"}],"container-title":["Publicaciones e Investigaci\u00f3n"],"link":[{"URL":"https:\/\/hemeroteca.unad.edu.co\/index.php\/publicaciones-e-investigacion\/article\/download\/6502\/5984","content-type":"application\/pdf","content-version":"vor","intended-application":"text-mining"},{"URL":"https:\/\/hemeroteca.unad.edu.co\/index.php\/publicaciones-e-investigacion\/article\/download\/6502\/5984","content-type":"unspecified","content-version":"vor","intended-application":"similarity-checking"}],"deposited":{"date-parts":[[2024,2,19]],"date-time":"2024-02-19T17:29:25Z","timestamp":1708363765000},"score":0.0,"resource":{"primary":{"URL":"https:\/\/hemeroteca.unad.edu.co\/index.php\/publicaciones-e-investigacion\/article\/view\/6502"}},"issued":{"date-parts":[[2022,10,20]]},"references-count":10,"journal-issue":{"issue":"4","published-online":{"date-parts":[[2022,12,18]]}},"URL":"https:\/\/doi.org\/10.22490\/25394088.6502","ISSN":["2539-4088","1900-6608"],"issn-type":[{"type":"electronic","value":"2539-4088"},{"type":"print","value":"1900-6608"}],"published":{"date-parts":[[2022,10,20]]}},{"indexed":{"date-parts":[[2024,12,17]],"date-time":"2024-12-17T05:17:19Z","timestamp":1734412639063,"version":"3.30.2"},"reference-count":0,"publisher":"Universidad Nacional Abierta y a Distancia","issue":"4","content-domain":{"domain":[],"crossmark-restriction":false},"short-container-title":["Back"],"abstract":"<jats:p>Estos trabajos hacen parte de proyectos transmediales que integran video, sonido e imagen en movimiento. Esta secci\u00f3n est\u00e1 compuesta en esta oportunidad por el curso de Arte interactivo. Trabaj\u00f3 en la selecci\u00f3n de propuestas la maestra Natalia Rivera.<\/jats:p>","DOI":"10.22490\/unad.backprojection.6044","type":"journal-article","created":{"date-parts":[[2024,12,16]],"date-time":"2024-12-16T23:51:37Z","timestamp":1734393097000},"source":"Crossref","is-referenced-by-count":0,"title":["Media"],"prefix":"10.22490","author":[{"given":"Lina","family":"Le\u00f3n","sequence":"first","affiliation":[],"role":[{"role":"author","vocabulary":"crossref"}]}],"member":"9784","published-online":{"date-parts":[[2022,8,4]]},"container-title":["Back Projection"],"link":[{"URL":"https:\/\/hemeroteca.unad.edu.co\/index.php\/back_projection\/article\/download\/6044\/5726","content-type":"application\/pdf","content-version":"vor","intended-application":"text-mining"},{"URL":"https:\/\/hemeroteca.unad.edu.co\/index.php\/back_projection\/article\/download\/6044\/5726","content-type":"unspecified","content-version":"vor","intended-application":"similarity-checking"}],"deposited":{"date-parts":[[2024,12,16]],"date-time":"2024-12-16T23:51:37Z","timestamp":1734393097000},"score":0.0,"resource":{"primary":{"URL":"https:\/\/hemeroteca.unad.edu.co\/index.php\/back_projection\/article\/view\/6044"}},"issued":{"date-parts":[[2022,8,4]]},"references-count":0,"journal-issue":{"issue":"4","published-online":{"date-parts":[[2022,8,4]]}},"URL":"https:\/\/doi.org\/10.22490\/unad.backprojection.6044","ISSN":["2665-4539"],"issn-type":[{"value":"2665-4539","type":"electronic"}],"published":{"date-parts":[[2022,8,4]]}},{"indexed":{"date-parts":[[2022,4,1]],"date-time":"2022-04-01T10:20:42Z","timestamp":1648808442344},"reference-count":0,"publisher":"Universidad Nacional Abierta y a Distancia","issue":"1","license":[{"start":{"date-parts":[[2014,6,4]],"date-time":"2014-06-04T00:00:00Z","timestamp":1401840000000},"content-version":"unspecified","delay-in-days":0,"URL":"http:\/\/creativecommons.org\/licenses\/by\/4.0"}],"content-domain":{"domain":[],"crossmark-restriction":false},"short-container-title":["Rev. Investig. UNAD"],"abstract":"<jats:p>La intenci\u00f3n de esta investigaci\u00f3n es la de mostrar que las relaciones entre las humanidades, la universidad y la educaci\u00f3n se producen a trav\u00e9s de las conexiones con el arte, el s\u00edmbolo, la met\u00e1fora y la virtualidad, escenarios discursivos y t\u00e9cnicos a trav\u00e9s de los cuales se han formulado una serie de proyectos de humanizaci\u00f3n, visibles en las propuestas filos\u00f3ficas de Werner Jaeger, Enr\u00edque Rodo, Edwar Said, Jacques Derrida y Llu\u00eds Duch. La pluralidad de estas apuestas te\u00f3ricas pondr\u00e1n de presente un efecto de perspectiva a contraluz, que interpretar\u00e1 las relaciones entre las humanidades y la universidad, en el devenir hist\u00f3rico del capitalismo.<\/jats:p>","DOI":"10.22490\/25391887.1138","type":"journal-article","created":{"date-parts":[[2017,7,11]],"date-time":"2017-07-11T10:42:53Z","timestamp":1499769773000},"page":"199","source":"Crossref","is-referenced-by-count":0,"title":["Pensar las Humanidades en la Universidad: perspectivas a contraluz"],"prefix":"10.22490","volume":"13","author":[{"given":"Juan Sebasti\u00e1n","family":"Ball\u00e9n Rodr\u00edguez","sequence":"first","affiliation":[],"role":[{"role":"author","vocabulary":"crossref"}]}],"member":"9784","published-online":{"date-parts":[[2014,6,4]]},"container-title":["Revista de Investigaciones UNAD"],"link":[{"URL":"http:\/\/hemeroteca.unad.edu.co\/index.php\/revista-de-investigaciones-unad\/article\/viewFile\/1138\/1334","content-type":"application\/pdf","content-version":"vor","intended-application":"text-mining"}],"deposited":{"date-parts":[[2017,7,11]],"date-time":"2017-07-11T10:43:30Z","timestamp":1499769810000},"score":0.0,"resource":{"primary":{"URL":"http:\/\/hemeroteca.unad.edu.co\/index.php\/revista-de-investigaciones-unad\/article\/view\/1138"}},"issued":{"date-parts":[[2014,6,4]]},"references-count":0,"journal-issue":{"issue":"1","published-online":{"date-parts":[[2014,6,4]]}},"URL":"https:\/\/doi.org\/10.22490\/25391887.1138","ISSN":["2539-1887","0124-793X"],"issn-type":[{"value":"2539-1887","type":"electronic"},{"value":"0124-793X","type":"print"}],"published":{"date-parts":[[2014,6,4]]}},{"indexed":{"date-parts":[[2023,3,31]],"date-time":"2023-03-31T04:52:47Z","timestamp":1680238367926},"reference-count":0,"publisher":"Universidad Nacional Abierta y a Distancia","isbn-type":[{"value":"9789586518994","type":"print"}],"content-domain":{"domain":[],"crossmark-restriction":false},"abstract":"<jats:p>La  educaci\u00f3n  a  distancia  surge  en  los  a\u00f1os  50  para  brindar  respuesta  a  las  necesidades  de  formaci\u00f3n  y  cualificaci\u00f3n docente, para tener opciones adaptadas a la educaci\u00f3n para adultos y poblaciones diversas, as\u00ed como  para  los  procesos  de  alfabetizaci\u00f3n,  solamente  orientado  y  regulado  por  el  Estado  a  trav\u00e9s  de  sus  ministerios  o  de  instituciones  privadas  con  recursos  para   hacer   los   pilotajes   necesarios,   generalmente   bajo cooperaci\u00f3n externa. La educaci\u00f3n a distancia es una  respuesta  a  las  necesidades  educativas  del  siglo  XXI,  por  lo  que  los  egresados\/as  de  una  universidad  de   modalidad   a   distancia   deben   estar   igualmente   capacitados    que    un    egresado\/a    de    modalidad    tradicional  o  presencial,  pero  tendr\u00e1n  diferencias  en  el  manejo  de  mediaciones  tecnol\u00f3gicas  (en  ventaja)  y  seguramente  habr\u00e1n  transcurrido  una  trayectoria  educativa diferente que influya en su movilidad social.<\/jats:p>","DOI":"10.22490\/9789586518994.01","type":"book-chapter","created":{"date-parts":[[2023,3,30]],"date-time":"2023-03-30T15:03:37Z","timestamp":1680188617000},"page":"15-40","source":"Crossref","is-referenced-by-count":0,"title":["La educaci\u00f3n a distancia"],"prefix":"10.22490","author":[{"given":"Yarly Cecilia","family":"Reid Garc\u00eda","sequence":"first","affiliation":[],"role":[{"role":"author","vocabulary":"crossref"}]},{"given":"Martha Natalia","family":"Poveda Najar","sequence":"additional","affiliation":[],"role":[{"role":"author","vocabulary":"crossref"}]},{"given":"Lina Mar\u00eda","family":"Mahecha V\u00e1squez","sequence":"additional","affiliation":[],"role":[{"role":"author","vocabulary":"crossref"}]},{"given":"Johan Enrique","family":"Caballero Olivares","sequence":"additional","affiliation":[],"role":[{"role":"author","vocabulary":"crossref"}]}],"member":"9784","published-online":{"date-parts":[[2022,11,4]]},"container-title":["Movilidad social de los egresados en una universidad a distancia: estudio longitudinal de tendencias en la universidad nacional abierta y a distancia"],"deposited":{"date-parts":[[2023,3,30]],"date-time":"2023-03-30T15:03:42Z","timestamp":1680188622000},"score":0.0,"resource":{"primary":{"URL":"https:\/\/libros.unad.edu.co\/index.php\/selloeditorial\/catalog\/view\/186\/168\/2569"}},"issued":{"date-parts":[[2022,11,4]]},"ISBN":["9789586518994"],"references-count":0,"URL":"https:\/\/doi.org\/10.22490\/9789586518994.01","published":{"date-parts":[[2022,11,4]]}},{"indexed":{"date-parts":[[2023,4,10]],"date-time":"2023-04-10T17:41:33Z","timestamp":1681148493032},"reference-count":0,"publisher":"Universidad Nacional Abierta y a Distancia","isbn-type":[{"value":"9789586516198","type":"print"}],"content-domain":{"domain":[],"crossmark-restriction":false},"abstract":"<jats:p>La depresi\u00f3n es un trastorno de alta prevalencia en diferentes grupos poblacionales, que correlaciona con diferentes problem\u00e1ticas tales como el suicidio, el abuso de sustancias psicoactivas, problemas interpersonales, el ausentismo y la baja productividad laboral y escolar, entre otras. Entre los diferentes grupos poblacionales que presentan el trastorno, los adolescentes  parecen  constituir  uno  particularmente  vulnerable  debido  a  los  numerosos  cambios  y  adaptaciones  que  se experimentan en esta etapa. El presente cap\u00edtulo presenta una revisi\u00f3n te\u00f3rica y emp\u00edrica acerca de la depresi\u00f3n en adolescentes, abordando el tema de lo general (concepto, diagn\u00f3stico, etiolog\u00eda) a lo espec\u00edfico de su presentaci\u00f3n en los adolescentes, que le permita al lector desarrollar una mejor comprensi\u00f3n del problema, as\u00ed como una visi\u00f3n cr\u00edtica acerca de los diferentes abordajes terap\u00e9uticos mencionados.<\/jats:p>","DOI":"10.22490\/9789586516198.07","type":"book-chapter","created":{"date-parts":[[2023,4,10]],"date-time":"2023-04-10T17:18:56Z","timestamp":1681147136000},"page":"89-104","source":"Crossref","is-referenced-by-count":0,"title":["La depresi\u00f3n en la adolescencia conceptualizaci\u00f3n, teor\u00edas explicativas y tratamientos"],"prefix":"10.22490","author":[{"given":"Sandra G.","family":"Bocanegra","sequence":"first","affiliation":[],"role":[{"role":"author","vocabulary":"crossref"}]},{"given":"Margarita M.","family":"D\u00edaz","sequence":"additional","affiliation":[],"role":[{"role":"author","vocabulary":"crossref"}]}],"member":"9784","published-online":{"date-parts":[[2017,4,1]]},"container-title":["Debates emergentes en Psicolog\u00eda"],"deposited":{"date-parts":[[2023,4,10]],"date-time":"2023-04-10T17:19:09Z","timestamp":1681147149000},"score":0.0,"resource":{"primary":{"URL":"https:\/\/libros.unad.edu.co\/index.php\/selloeditorial\/catalog\/view\/128\/122\/845"}},"issued":{"date-parts":[[2017,4,1]]},"ISBN":["9789586516198"],"references-count":0,"URL":"https:\/\/doi.org\/10.22490\/9789586516198.07","published":{"date-parts":[[2017,4,1]]}},{"indexed":{"date-parts":[[2024,12,21]],"date-time":"2024-12-21T17:10:28Z","timestamp":1734801028482,"version":"3.32.0"},"reference-count":0,"publisher":"Sello Editorial UNAD","isbn-type":[{"value":"9786287786059","type":"electronic"}],"content-domain":{"domain":[],"crossmark-restriction":false},"published-print":{"date-parts":[[2024]]},"abstract":"<jats:p>El libro \u201cAsociatividad como estrategia para fortalecer las cadenas de valor agroindustriales\u201d ofrece una perspectiva innovadora y esencial sobre como las alianzas y la colaboraci\u00f3n pueden potenciar la competitividad y sostenibilidad en el sector agroindustrial. Esta obra resalta la importancia de la cooperaci\u00f3n en un entorno caracterizado por desaf\u00edos econ\u00f3micos, ambientales y sociales a trav\u00e9s de ejemplos concretos y estudios de caso, el libro ilustra c\u00f3mo la asociatividad puede mejorar la eficiencia en la producci\u00f3n, la calidad de los productos y la capacidad de acceso a los mercados, al tiempo que promueve pr\u00e1cticas sostenibles y la equidad en la distribuci\u00f3n de beneficios. Adem\u00e1s, se abordan cuestiones clave como la gesti\u00f3n de riesgos, la transferencia de tecnolog\u00eda y la creaci\u00f3n de valor agregado a lo largo de la cadena agroindustrial que convierten a este libro en una herramienta \u00fatil para aquellos interesados en la optimizaci\u00f3n de las cadenas &amp;nbsp;de valor en el sector agroindustrial, ofreciendo valiosas perspectivas y estrategias para fomentar la colaboraci\u00f3n entre actores en el campo, desde agricultores y procesadores hasta distribuidores y consumidores, con el objetivo de impulsar un desarrollo m\u00e1s equitativo y sostenible en el \u00e1mbito agroindustrial. Este libro no solo brinda una visi\u00f3n de los beneficios de la asociatividad en el sector agroindustrial al combinar teor\u00eda y pr\u00e1ctica para abordar los desaf\u00edos agroindustriales modernos, sino que tambi\u00e9n sirve como una gu\u00eda pr\u00e1ctica que equipa a sus lectores con las herramientas necesarias para impulsar el desarrollo sostenible, la eficiencia y la competitividad en esta importante \u00e1rea econ\u00f3mica.El mundo de la agricultura y la agroindustria es un ecosistema complejo y diverso que no solo abastece nuestras necesidades b\u00e1sicas de alimentos, sino que tambi\u00e9n tiene un profundo impacto en la econom\u00eda global, el medio ambiente y la vida de millones de personas en todo el mundo. A medida que la demanda de alimentos de calidad y producidos de manera sostenible sigue en aumento, la eficiencia en este sector se vuelve esencial. En Asociatividad como estrategia para fortalecer las cadenas de valor agroindustriales, los autores han logrado crear una obra que no solo aborda los desaf\u00edos y oportunidades que enfrenta el sector agroindustrial, sino que tambi\u00e9n ofrece un enfoque pr\u00e1ctico y pedag\u00f3gico para enfrentarlos.Este libro no es solo un compendio de conceptos te\u00f3ricos, sino un manual que gu\u00eda a los lectores a trav\u00e9s de los procesos de dise\u00f1o y aplicaci\u00f3n de modelos asociativos en la cadena de valor agr\u00edcola. Los ejemplos concretos y las actividades pr\u00e1cticas brindan a los lectores la oportunidad de internalizar y aplicar los conceptos presentados en situaciones del mundo real. La colaboraci\u00f3n efectiva, la planificaci\u00f3n estrat\u00e9gica, la innovaci\u00f3n y la sostenibilidad son solo algunos de los temas clave que se exploran en estas p\u00e1ginas. A medida que avanzamos en la lectura, queda claro que la eficiencia agroindustrial no es un objetivo aislado, sino un camino que requiere un enfoque multidisciplinario y una mentalidad abierta hacia la colaboraci\u00f3n y la mejora continua.Este libro es una valiosa contribuci\u00f3n a la literatura agr\u00edcola y agroindustrial. Ofrece una visi\u00f3n integral y pr\u00e1ctica para optimizar la eficiencia en el sector agr\u00edcola, con un enfoque en la colaboraci\u00f3n y la construcci\u00f3n de modelos asociativos efectivos. Est\u00e1 dise\u00f1ado para ser una herramienta para agricultores, procesadores, exportadores, investigadores y cualquier persona interesada en hacer del sector agroindustrial un lugar m\u00e1s eficiente, sostenible y competitivo. A medida que los desaf\u00edos y las oportunidades en el sector agroindustrial contin\u00faan evolucionando, este libro proporciona una base s\u00f3lida para aquellos que buscan abordarlos de manera efectiva. Los animo a aprovechar al m\u00e1ximo esta obra, a aplicar sus lecciones y a unirse a la misi\u00f3n de optimizar la eficiencia agroindustrial para un mundo mejor.<\/jats:p>","DOI":"10.22490\/unad.9786287786059","type":"monograph","created":{"date-parts":[[2024,12,21]],"date-time":"2024-12-21T16:40:06Z","timestamp":1734799206000},"source":"Crossref","is-referenced-by-count":0,"title":["Asociatividad como estrategia para fortalecer las cadenas de valor agroindustriales"],"prefix":"10.22490","author":[{"given":"Amalio Segundo","family":"Otero Tapia","sequence":"first","affiliation":[],"role":[{"role":"author","vocabulary":"crossref"}]},{"given":"Remedios Catalina","family":"Pitre Redondo","sequence":"additional","affiliation":[],"role":[{"role":"author","vocabulary":"crossref"}]},{"given":"Flor Manuela","family":"Ariza Molina","sequence":"additional","affiliation":[],"role":[{"role":"author","vocabulary":"crossref"}]},{"given":"Meredith","family":"Jim\u00e9nez C\u00e1rdenas","sequence":"additional","affiliation":[],"role":[{"role":"author","vocabulary":"crossref"}]}],"member":"9784","published-online":{"date-parts":[[2024]]},"link":[{"URL":"https:\/\/simeh.co\/resources\/ithenticate\/view\/a8111493ea1455b770c644b98d2182d6","content-type":"unspecified","content-version":"vor","intended-application":"similarity-checking"}],"deposited":{"date-parts":[[2024,12,21]],"date-time":"2024-12-21T16:40:37Z","timestamp":1734799237000},"score":0.0,"resource":{"primary":{"URL":"https:\/\/libros.unad.edu.co\/index.php\/selloeditorial\/catalog\/book\/264"}},"issued":{"date-parts":[[2024]]},"ISBN":["9786287786059"],"references-count":0,"URL":"https:\/\/doi.org\/10.22490\/unad.9786287786059","published":{"date-parts":[[2024]]}},{"indexed":{"date-parts":[[2022,4,1]],"date-time":"2022-04-01T09:23:54Z","timestamp":1648805034311},"reference-count":0,"publisher":"Universidad Nacional Abierta y a Distancia","license":[{"start":{"date-parts":[[2014,3,31]],"date-time":"2014-03-31T00:00:00Z","timestamp":1396224000000},"content-version":"unspecified","delay-in-days":0,"URL":"http:\/\/creativecommons.org\/licenses\/by-nc-sa\/4.0"}],"content-domain":{"domain":[],"crossmark-restriction":false},"short-container-title":["Desbordes rev. investig. esc. cienc.sociales artes humanid."],"abstract":"<jats:p>&lt;p&gt;El retorno del mundial de f\u00fatbol a Latinoam\u00e9rica y de la Selecci\u00f3n Colombia desbord\u00f3 el sentimiento de patriotismo que siempre surge en los eventos deportivos. Las grandes victorias o perdidas nacionales (aparte de las regionales) han sido noticias moment\u00e1neas, con una duraci\u00f3n proporcional a la carga emocional impresa por la gente, pero que posteriormente se aliviana y se desvanece, perdiendo inter\u00e9s medi\u00e1tico. Durante el Mundial se vio c\u00f3mo la selecci\u00f3n colombiana fue capaz de revitalizar un sentimiento nacional realmente identificable debido a que sirvi\u00f3 como elemento de comuni\u00f3n de la gente, sin importar divisiones regionales y de clase. Este art\u00edculo muestra, precisamente, c\u00f3mo la participaci\u00f3n del seleccionado nacional fue un instrumento con una gran inversi\u00f3n simb\u00f3lica aprovechada y manejada por los medios, \u00e9lites pol\u00edticas y grupos econ\u00f3micos con la creaci\u00f3n de un imaginario publicitario, pero que, a la vez, es finalmente el pueblo el que reproduce estas representaciones nacionales o bien las resignifica para establecer una relaci\u00f3n m\u00e1s fuerte de pertenencia e identidad nacional.&lt;\/p&gt;<\/jats:p>","DOI":"10.22490\/25394150.1305","type":"journal-article","created":{"date-parts":[[2017,6,15]],"date-time":"2017-06-15T15:39:46Z","timestamp":1497541186000},"page":"47","source":"Crossref","is-referenced-by-count":0,"title":["Lo banal como instrumento de naci\u00f3n: La importancia de la selecci\u00f3n colombiana en la activaci\u00f3n de procesos identitarios"],"prefix":"10.22490","volume":"5","author":[{"given":"Nicol\u00e1s","family":"Roa Vargas","sequence":"first","affiliation":[],"role":[{"role":"author","vocabulary":"crossref"}]},{"given":"Andr\u00e9s Mauricio","family":"Salcedo Rodr\u00edguez","sequence":"additional","affiliation":[],"role":[{"role":"author","vocabulary":"crossref"}]}],"member":"9784","published-online":{"date-parts":[[2014,3,31]]},"container-title":["Desbordes. Revista de Investigaciones. Escuela de Ciencias sociales, artes y humanidades - UNAD"],"link":[{"URL":"http:\/\/hemeroteca.unad.edu.co\/index.php\/desbordes\/article\/viewFile\/1305\/1641","content-type":"application\/pdf","content-version":"vor","intended-application":"text-mining"}],"deposited":{"date-parts":[[2017,6,15]],"date-time":"2017-06-15T15:39:50Z","timestamp":1497541190000},"score":0.0,"resource":{"primary":{"URL":"http:\/\/hemeroteca.unad.edu.co\/index.php\/desbordes\/article\/view\/1305"}},"issued":{"date-parts":[[2014,3,31]]},"references-count":0,"URL":"https:\/\/doi.org\/10.22490\/25394150.1305","ISSN":["2539-4150","2027-5579"],"issn-type":[{"value":"2539-4150","type":"electronic"},{"value":"2027-5579","type":"print"}],"published":{"date-parts":[[2014,3,31]]}},{"indexed":{"date-parts":[[2024,2,11]],"date-time":"2024-02-11T11:31:21Z","timestamp":1707651081262},"reference-count":0,"publisher":"Universidad Nacional Abierta y a Distancia","issue":"4","license":[{"start":{"date-parts":[[2023,12,11]],"date-time":"2023-12-11T00:00:00Z","timestamp":1702252800000},"content-version":"unspecified","delay-in-days":0,"URL":"https:\/\/creativecommons.org\/licenses\/by-nc-nd\/4.0"}],"content-domain":{"domain":[],"crossmark-restriction":false},"short-container-title":["Publ. investig."],"abstract":"<jats:p>The university-enterprise relationship assumes that universities (higher education institutions) must develop strategies and actions that stimulate research and development to strengthen the growth of their actors and contribute to enterprises the sum of knowledge that supports the solution of their problems. Interdisciplinarity and transdisciplinarity are fundamental criteria for solving real problems in a comprehensive way. The literature shows that applied research in universities does not assume these considerations to develop its work and does not allow it to offer integral solutions to the company, a task that real sector suppliers do. Taking as a review case the logistics discipline and the way it is adopted by solution providers, we comment, based on the empirical experience in international meeting places of suppliers and entrepreneurs, aspects that distinguish the exchange of information between companies, aspects of interest, these practices could be replicable, so that in the academy, these practices could be replicable, so that in the academy, research groups adopt similar processes seeking an approach to problem solving as adopted by suppliers in the real sector, their work structure and the development of integral solutions to the industry, assuming first of all interdisciplinary work mechanisms with a holistic approach to support, Research groups adopt similar processes seeking an approach to problem solving as adopted by suppliers in the real sector, their work structure and the development of integral solutions to industry, assuming primarily interdisciplinary work mechanisms with a holistic approach that support the development of the mandate that universities must develop in their relationship within the triple h\u00e9lix.<\/jats:p>","DOI":"10.22490\/25394088.7504","type":"journal-article","created":{"date-parts":[[2024,2,9]],"date-time":"2024-02-09T20:18:54Z","timestamp":1707509934000},"source":"Crossref","is-referenced-by-count":0,"title":["Reflexi\u00f3n sobre la Investigaci\u00f3n acad\u00e9mica aplicada, basada en entrevistas a proveedores internacionales del sector log\u00edstico","Reflection on applied academic research, based on interviews with international suppliers in the logistics sector"],"prefix":"10.22490","volume":"17","author":[{"given":"Julio Cesar","family":"Gonzalez Silva","sequence":"first","affiliation":[],"role":[{"role":"author","vocabulary":"crossref"}]},{"given":"Woody","family":"Figueroa Peinado","sequence":"additional","affiliation":[],"role":[{"role":"author","vocabulary":"crossref"}]},{"given":"Linda Bibiana","family":"Rocha Medina","sequence":"additional","affiliation":[],"role":[{"role":"author","vocabulary":"crossref"}]},{"given":"Oscar Alejandro","family":"V\u00e1squez Bernal","sequence":"additional","affiliation":[],"role":[{"role":"author","vocabulary":"crossref"}]}],"member":"9784","published-online":{"date-parts":[[2023,12,11]]},"container-title":["Publicaciones e Investigaci\u00f3n"],"link":[{"URL":"https:\/\/hemeroteca.unad.edu.co\/index.php\/publicaciones-e-investigacion\/article\/download\/7504\/6489","content-type":"application\/pdf","content-version":"vor","intended-application":"text-mining"},{"URL":"https:\/\/hemeroteca.unad.edu.co\/index.php\/publicaciones-e-investigacion\/article\/download\/7504\/6489","content-type":"unspecified","content-version":"vor","intended-application":"similarity-checking"}],"deposited":{"date-parts":[[2024,2,9]],"date-time":"2024-02-09T20:18:55Z","timestamp":1707509935000},"score":0.0,"resource":{"primary":{"URL":"https:\/\/hemeroteca.unad.edu.co\/index.php\/publicaciones-e-investigacion\/article\/view\/7504"}},"issued":{"date-parts":[[2023,12,11]]},"references-count":0,"journal-issue":{"issue":"4","published-online":{"date-parts":[[2023,11,6]]}},"URL":"https:\/\/doi.org\/10.22490\/25394088.7504","ISSN":["2539-4088","1900-6608"],"issn-type":[{"value":"2539-4088","type":"electronic"},{"value":"1900-6608","type":"print"}],"published":{"date-parts":[[2023,12,11]]}},{"indexed":{"date-parts":[[2022,4,5]],"date-time":"2022-04-05T13:52:41Z","timestamp":1649166761374},"reference-count":0,"publisher":"Universidad Nacional Abierta y a Distancia","issue":"2","license":[{"start":{"date-parts":[[2009,10,15]],"date-time":"2009-10-15T00:00:00Z","timestamp":1255564800000},"content-version":"unspecified","delay-in-days":0,"URL":"http:\/\/creativecommons.org\/licenses\/by\/4.0"}],"content-domain":{"domain":[],"crossmark-restriction":false},"short-container-title":["Rev. Investig. UNAD"],"abstract":"<jats:p>&lt;p&gt;Este documento es una s\u00edntesis del proyecto \u201cAgentes de software generadores de preguntas y el desarrollo de la competencia cognitiva de hacer inferencias: la comprensi\u00f3n y la inferencia en diferentes niveles de profundidad en ambientes hipermediales\u201d, desarrollado por el Grupo tecnice de la Universidad Pedag\u00f3gica Nacional de Colombia.&lt;\/p&gt;&lt;p&gt;La investigaci\u00f3n analiza el efecto del uso de un agente de software generador de preguntas durante la etapa de estudio de un hipertexto en el desarrollo de competencias cognitivas de hacer inferencias a diferentes niveles, por parte de estudiantes de educaci\u00f3n media.&lt;\/p&gt;&lt;p&gt;Hacer preguntas es la funci\u00f3n de un agente artificial y se eval\u00faa su efecto en el proceso de razonamiento de un agente natural. La generaci\u00f3n de preguntas sirve al agente natural para que identifique lo que necesita aprender (Ram, 1991). En esta l\u00f3gica se desarrolla un agente artificial que formula preguntas sobre el dominio de conocimiento de la geograf\u00eda considerando tres niveles jer\u00e1rquicos de la ontolog\u00eda usada en la representaci\u00f3n.&lt;\/p&gt;&lt;p&gt;Se compara el efecto producido en el desarrollo de la competencia cognitiva de hacer inferencias de sujetos que estudian un hipertexto dise\u00f1ado con base en una estructura ontol\u00f3gica y otros que estudian el mismo hipertexto con el generador de preguntas que opera en cuatro configuraciones: generaci\u00f3n de preguntas de primero, segundo o tercer nivel y configurable a voluntad del usuario.&lt;\/p&gt;&lt;p&gt;El estudio muestra un efecto muy significativo de la ontolog\u00eda utilizada en la representaci\u00f3n de conocimiento y del modelo adaptativo, sobre la capacidad de hacer inferencias, en contraste con la formulaci\u00f3n de preguntas controlada por el computador. Contrario a lo esperado, el entrenamiento en preguntas de alto nivel no genera diferencias significativas con respecto al entrenamiento con preguntas de m\u00e1s bajo nivel y los resultados dan pie para sostener la hip\u00f3tesis de efecto espec\u00edfico por nivel de entrenamiento.&lt;\/p&gt;<\/jats:p>","DOI":"10.22490\/25391887.636","type":"journal-article","created":{"date-parts":[[2017,7,11]],"date-time":"2017-07-11T10:42:53Z","timestamp":1499769773000},"page":"65","source":"Crossref","is-referenced-by-count":0,"title":["La comprensi\u00f3n y la inferencia en el estudio de hipertextos con el apoyo de un agente generador de preguntas"],"prefix":"10.22490","volume":"8","author":[{"given":"Luis Facundo","family":"Maldonado G.,","sequence":"first","affiliation":[],"role":[{"role":"author","vocabulary":"crossref"}]},{"given":"Luis Carlos","family":"Sarmiento V","sequence":"additional","affiliation":[],"role":[{"role":"author","vocabulary":"crossref"}]},{"given":"Luis","family":"Bayardo Sanabria R.,","sequence":"additional","affiliation":[],"role":[{"role":"author","vocabulary":"crossref"}]},{"given":"Nerey","family":"Ortega del Castillo","sequence":"additional","affiliation":[],"role":[{"role":"author","vocabulary":"crossref"}]},{"given":"David","family":"Mac\u00edas M","sequence":"additional","affiliation":[],"role":[{"role":"author","vocabulary":"crossref"}]}],"member":"9784","published-online":{"date-parts":[[2009,10,15]]},"container-title":["Revista de Investigaciones UNAD"],"link":[{"URL":"http:\/\/hemeroteca.unad.edu.co\/index.php\/revista-de-investigaciones-unad\/article\/viewFile\/636\/1476","content-type":"application\/pdf","content-version":"vor","intended-application":"text-mining"}],"deposited":{"date-parts":[[2017,7,11]],"date-time":"2017-07-11T10:45:35Z","timestamp":1499769935000},"score":0.0,"resource":{"primary":{"URL":"http:\/\/hemeroteca.unad.edu.co\/index.php\/revista-de-investigaciones-unad\/article\/view\/636"}},"issued":{"date-parts":[[2009,10,15]]},"references-count":0,"journal-issue":{"issue":"2","published-online":{"date-parts":[[2009,10,15]]}},"URL":"https:\/\/doi.org\/10.22490\/25391887.636","ISSN":["2539-1887","0124-793X"],"issn-type":[{"value":"2539-1887","type":"electronic"},{"value":"0124-793X","type":"print"}],"published":{"date-parts":[[2009,10,15]]}},{"indexed":{"date-parts":[[2022,7,7]],"date-time":"2022-07-07T16:42:23Z","timestamp":1657212143720},"reference-count":0,"publisher":"Universidad Nacional Abierta y a Distancia","content-domain":{"domain":[],"crossmark-restriction":false},"DOI":"10.22490\/9789586517379.04","type":"book-chapter","created":{"date-parts":[[2022,7,7]],"date-time":"2022-07-07T16:27:27Z","timestamp":1657211247000},"page":"89-107","source":"Crossref","is-referenced-by-count":0,"title":["De la arquitectura ecol\u00f3gica a la biomimesis"],"prefix":"10.22490","author":[{"given":"Alex","family":"Mitxelena Etxeberria","sequence":"first","affiliation":[],"role":[{"role":"author","vocabulary":"crossref"}]},{"given":"Enkarni","family":"G\u00f3mez Genua","sequence":"additional","affiliation":[],"role":[{"role":"author","vocabulary":"crossref"}]}],"member":"9784","published-online":{"date-parts":[[2019,12,1]]},"container-title":["Re-descubriendo el mundo natural: La biomimesis en perspectiva"],"deposited":{"date-parts":[[2022,7,7]],"date-time":"2022-07-07T16:27:35Z","timestamp":1657211255000},"score":0.0,"resource":{"primary":{"URL":"https:\/\/libros.unad.edu.co\/index.php\/selloeditorial\/catalog\/view\/105\/100\/1047"}},"issued":{"date-parts":[[2019,12,1]]},"references-count":0,"URL":"https:\/\/doi.org\/10.22490\/9789586517379.04","published":{"date-parts":[[2019,12,1]]}},{"indexed":{"date-parts":[[2022,11,23]],"date-time":"2022-11-23T05:56:03Z","timestamp":1669182963365},"reference-count":0,"publisher":"Universidad Nacional Abierta y a Distancia","isbn-type":[{"value":"9789586516051","type":"print"}],"content-domain":{"domain":[],"crossmark-restriction":false},"abstract":"<jats:p>En este libro se muestran resultados de investigaciones que se han ido madurando al interior del grupo, perspectivas que han sido ensayadas, presentadas a la comunidad acad\u00e9mica y a la sociedad a trav\u00e9s de art\u00edculos de investigaci\u00f3n en revistas cient\u00edficas, los cuales han recibido retroalimentaci\u00f3n de lectores, investigadores y acad\u00e9micos en Colombia y en el mundo. Con esta publicaci\u00f3n se da respuesta a inquietudes planteadas en las investigaciones, se hace \u00e9nfasis en algunos conceptos, se ampl\u00edan horizontes de an\u00e1lisis, referentes te\u00f3ricos, fuentes bibliogr\u00e1ficas para reunirlos en una \u00fanica publicaci\u00f3n. Igualmente, en el libro se muestran estudios m\u00e1s recientes que desarrolla el Grupo de Investigaci\u00f3n Tecnog\u00e9nesis.<\/jats:p>","DOI":"10.22490\/9789586516051","type":"monograph","created":{"date-parts":[[2022,11,22]],"date-time":"2022-11-22T21:44:47Z","timestamp":1669153487000},"source":"Crossref","is-referenced-by-count":0,"title":["Estado y pol\u00edticas p\u00fablicas de educaci\u00f3n en Colombia"],"prefix":"10.22490","author":[{"given":"Julialba","family":"\u00c1ngel Osorio","sequence":"first","affiliation":[],"role":[{"role":"author","vocabulary":"crossref"}]},{"given":"Libia Esperanza","family":"Nieto G\u00f3mez","sequence":"additional","affiliation":[],"role":[{"role":"author","vocabulary":"crossref"}]},{"given":"Reinaldo","family":"Giraldo D\u00edaz","sequence":"additional","affiliation":[],"role":[{"role":"author","vocabulary":"crossref"}]},{"given":"Martha Isabel","family":"Cabrera Ot\u00e1lora","sequence":"additional","affiliation":[],"role":[{"role":"author","vocabulary":"crossref"}]}],"member":"9784","published-online":{"date-parts":[[2016,12,27]]},"deposited":{"date-parts":[[2022,11,22]],"date-time":"2022-11-22T21:44:51Z","timestamp":1669153491000},"score":0.0,"resource":{"primary":{"URL":"https:\/\/libros.unad.edu.co\/index.php\/selloeditorial\/catalog\/book\/101"}},"issued":{"date-parts":[[2016,12,27]]},"ISBN":["9789586516051"],"references-count":0,"URL":"https:\/\/doi.org\/10.22490\/9789586516051","published":{"date-parts":[[2016,12,27]]}},{"indexed":{"date-parts":[[2022,3,31]],"date-time":"2022-03-31T23:43:48Z","timestamp":1648770228405},"reference-count":0,"publisher":"Universidad Nacional Abierta y a Distancia","content-domain":{"domain":[],"crossmark-restriction":false},"DOI":"10.22490\/ecapma.1816","type":"report","created":{"date-parts":[[2019,4,12]],"date-time":"2019-04-12T19:52:11Z","timestamp":1555098731000},"source":"Crossref","is-referenced-by-count":1,"title":["Vermicompostaje en el manejo de los residuos s\u00f3lidos urbanos"],"prefix":"10.22490","author":[{"given":"Andrea Viviana","family":"Yate Segura","sequence":"first","affiliation":[],"role":[{"role":"author","vocabulary":"crossref"}]},{"given":"Diana Marcela","family":"Fuquene Yate","sequence":"additional","affiliation":[],"role":[{"role":"author","vocabulary":"crossref"}]}],"member":"9784","published-online":{"date-parts":[[2017]]},"deposited":{"date-parts":[[2019,4,12]],"date-time":"2019-04-12T19:52:11Z","timestamp":1555098731000},"score":0.0,"resource":{"primary":{"URL":"http:\/\/hemeroteca.unad.edu.co\/index.php\/workpaper\/article\/view\/1816"}},"issued":{"date-parts":[[2017]]},"references-count":0,"URL":"https:\/\/doi.org\/10.22490\/ecapma.1816","published":{"date-parts":[[2017]]}},{"indexed":{"date-parts":[[2023,8,5]],"date-time":"2023-08-05T04:32:07Z","timestamp":1691209927934},"reference-count":5,"publisher":"Universidad Nacional Abierta y a Distancia- UNAD","content-domain":{"domain":[],"crossmark-restriction":false},"abstract":"<jats:p>Contextualizaci\u00f3n: La nomenclatura de numeraci\u00f3n para ejemplares bovinos esta desarrollado bajo el uso de conceptos de inform\u00e1tica, para la adaptaci\u00f3n de las tecnolog\u00edas de la informaci\u00f3n y comunicaci\u00f3n (TIC) en la zootecnia dentro de la ganader\u00eda de precisi\u00f3n. Vac\u00edo de conocimiento: Esta metodolog\u00eda proporcionar\u00e1 un manejo sostenible, ayudando al productor a reducir costos de inversi\u00f3n en tecnolog\u00eda, contribuyendo a la implementaci\u00f3n de producciones pecuarias y al bienestar de los animales, estableciendo que la tecnolog\u00eda ayuda a simplificar los manejos tradicionales. Prop\u00f3sito: Desarrollar una nomenclatura de numeraci\u00f3n que se pueda integrar a la ganader\u00eda de precisi\u00f3n teniendo en cuenta el auge de la era digital, con el fin de conocer la edad y el sexo de cada ejemplar de forma individual, dando una herramienta tecnol\u00f3gica al zootecnista actual. Metodolog\u00eda: Se aplico la metodolog\u00eda nomenclatura de numeraci\u00f3n de nuevos nacimientos ejemplares bovinos, para mostrar la edad y el sexo, este sistema de numeraci\u00f3n se llev\u00f3 a cabo mediante la utilizaci\u00f3n de tatuaje y hierro candente, lo diferente es la nomenclatura del n\u00famero a utilizar, ya que fue desarrollado por un algoritmo de 4 d\u00edgitos donde cada parte de ellos corresponde a una secuencia l\u00f3gica no computacional cualitativa, llevado a establecer un n\u00famero como identificaci\u00f3n de un ejemplar acorde a la fecha de nacimiento y su sexo. Esto se llev\u00f3 a cabo en el departamento del Vichada que est\u00e1 en aislamiento tecnol\u00f3gico; es un departamento que tiene extensas llanuras posee suelos aptos para la agricultura y para la ganader\u00eda que son promisorios para todo tipo de manejo agropecuario de precisi\u00f3n. Resultados y conclusiones: Con esta investigaci\u00f3n se incursionar\u00e1 en el manejo de las TIC obteniendo informaci\u00f3n pormenorizada de los ejemplares bovinos que ayudar\u00e1 a la toma de decisiones en los diferentes sistemas de ganader\u00eda tradicional y de precisi\u00f3n, adem\u00e1s se sistematizar\u00e1 la informaci\u00f3n adquirida de forma digital para un uso adecuado y un mejor control<\/jats:p>","DOI":"10.22490\/ecapma.6156","type":"report","created":{"date-parts":[[2023,8,4]],"date-time":"2023-08-04T18:36:27Z","timestamp":1691174187000},"source":"Crossref","is-referenced-by-count":0,"title":["Sistema de numeraci\u00f3n para ejemplares bovinos con la finalidad de mostrar la edad y el sexo"],"prefix":"10.22490","author":[{"given":"Yeni Nini","family":"Bare\u00f1o G\u00f3mez","sequence":"first","affiliation":[],"role":[{"role":"author","vocabulary":"crossref"}]},{"given":"Far\u00edn Samir","family":"G\u00f3mez Garc\u00eda","sequence":"additional","affiliation":[],"role":[{"role":"author","vocabulary":"crossref"}]},{"given":"Diana Milena","family":"Torres","sequence":"additional","affiliation":[],"role":[{"role":"author","vocabulary":"crossref"}]}],"member":"9784","published-online":{"date-parts":[[2023,7,25]]},"reference":[{"key":"ref0","unstructured":"Agroempresario. (2022). Tatuadora Rotativa Stone. Obtenido de en linea agroempresario.com enero 1 del 2022: https:\/\/agroempresario.com\/publicacion\/25329\/tatuadora-rotativa-stone\/"},{"key":"ref1","unstructured":"Ballesteros, D., Lemus, C., & Suarez, C. (2009). Compresion de se\u00f1ales ecg utilizando dwt y codificacion huffman. Scientia et Technica, Vol. 1, N\u00ba. 41,, 340-345. Obtenido de en linea Scientia et Technica, Vol. 1, N\u00ba. 41, 2009, pags. 340-345: http:\/\/dialnet.unirioja.es\/servlet\/oaiart?codigo=4731599"},{"key":"ref2","unstructured":"Maluenda-de-Vega, R. (21 de enero de 2021). Qu\u00e9 es un algoritmo inform\u00e1tico: caracter\u00edsticas, tipos y ejemplos. Obtenido de en linea profile.es diembre 29, 2021: https:\/\/profile.es\/blog\/que-es-un-algoritmo-informatico\/"},{"key":"ref3","unstructured":"Piattini-Velthuis, M. (2018). Calidad de Datos. Madrid: RA-MA Editorial. Obtenido de recuperado en linea : https:\/\/eds-p-ebscohost-com.bibliotecavirtual.unad.edu.co\/eds\/detail\/detail?vid=0&sid=df1822eb-a708-49a1-aca2-296bf17b33de%40redis&bdata=Jmxhbmc9ZXMmc2l0ZT1lZHMtbGl2ZSZzY29wZT1zaXRl#"},{"key":"ref4","unstructured":"Quattrin, B. (20 de agosto de 2021). Ganader\u00eda de precisi\u00f3n: clave para optimizar la eficiencia productiva. Obtenido de recuperado en linea contextoganadero 29 diciembre 2021: https:\/\/www.contextoganadero.com\/internacional\/ganaderia-de-precision-clave-para-optimizar-la-eficiencia-productiva"}],"deposited":{"date-parts":[[2023,8,4]],"date-time":"2023-08-04T18:45:38Z","timestamp":1691174738000},"score":0.0,"resource":{"primary":{"URL":"https:\/\/hemeroteca.unad.edu.co\/index.php\/workpaper\/article\/view\/6156"}},"issued":{"date-parts":[[2023,7,25]]},"references-count":5,"URL":"https:\/\/doi.org\/10.22490\/ecapma.6156","published":{"date-parts":[[2023,7,25]]}},{"indexed":{"date-parts":[[2024,12,17]],"date-time":"2024-12-17T05:17:16Z","timestamp":1734412636548,"version":"3.30.2"},"reference-count":0,"publisher":"Universidad Nacional Abierta y a Distancia","issue":"7","content-domain":{"domain":[],"crossmark-restriction":false},"short-container-title":["Back"],"abstract":"<jats:p>Obra creada en el curso de Animaci\u00f3n<\/jats:p>","DOI":"10.22490\/unad.backprojection.8661","type":"journal-article","created":{"date-parts":[[2024,12,16]],"date-time":"2024-12-16T23:49:25Z","timestamp":1734392965000},"page":"36-37","source":"Crossref","is-referenced-by-count":0,"title":["Mam\u00e1 Mosquita Solita Qued\u00f3"],"prefix":"10.22490","author":[{"given":"Melgarejo Mu\u00f1oz","family":"Diana Stella","sequence":"first","affiliation":[],"role":[{"role":"author","vocabulary":"crossref"}]}],"member":"9784","published-online":{"date-parts":[[2021,11,1]]},"container-title":["Back Projection"],"link":[{"URL":"https:\/\/hemeroteca.unad.edu.co\/index.php\/back_projection\/article\/download\/8661\/7252","content-type":"application\/pdf","content-version":"vor","intended-application":"text-mining"},{"URL":"https:\/\/hemeroteca.unad.edu.co\/index.php\/back_projection\/article\/download\/8661\/7252","content-type":"unspecified","content-version":"vor","intended-application":"similarity-checking"}],"deposited":{"date-parts":[[2024,12,16]],"date-time":"2024-12-16T23:49:25Z","timestamp":1734392965000},"score":0.0,"resource":{"primary":{"URL":"https:\/\/hemeroteca.unad.edu.co\/index.php\/back_projection\/article\/view\/8661"}},"issued":{"date-parts":[[2021,11,1]]},"references-count":0,"journal-issue":{"issue":"7","published-online":{"date-parts":[[2024,10,15]]}},"URL":"https:\/\/doi.org\/10.22490\/unad.backprojection.8661","ISSN":["2665-4539"],"issn-type":[{"value":"2665-4539","type":"electronic"}],"published":{"date-parts":[[2021,11,1]]}},{"indexed":{"date-parts":[[2024,12,17]],"date-time":"2024-12-17T05:16:56Z","timestamp":1734412616809,"version":"3.30.2"},"reference-count":0,"publisher":"Universidad Nacional Abierta y a Distancia","issue":"8","content-domain":{"domain":[],"crossmark-restriction":false},"short-container-title":["Back"],"abstract":"<jats:p>Re-Social, es un videoarte que muestra en su narrativa las experiencias quetuvo un ex habitante de calle el cual se encuentra completamente resocializado gracias a su decisi\u00f3n de cambio, estilo y forma de vida. Hace una narrativa de lo que fue su experiencia en las calles, la persona en que se convirti\u00f3, sus vicios, los desaf\u00edos que a los que se enfrent\u00f3 por a\u00f1os y las ense\u00f1anzas que le deja una vida de dolor y sufrimiento, en contraste con lo que es hoy, un ser resiliente que le pone la cara a la vida.<\/jats:p>","DOI":"10.22490\/unad.backprojection.8766","type":"journal-article","created":{"date-parts":[[2024,12,16]],"date-time":"2024-12-16T23:50:43Z","timestamp":1734393043000},"page":"232","source":"Crossref","is-referenced-by-count":0,"title":["Re-Social"],"prefix":"10.22490","author":[{"given":"Tadeo","family":"Su\u00e1rez","sequence":"first","affiliation":[],"role":[{"role":"author","vocabulary":"crossref"}]}],"member":"9784","published-online":{"date-parts":[[2024,10,31]]},"container-title":["Back Projection"],"link":[{"URL":"https:\/\/hemeroteca.unad.edu.co\/index.php\/back_projection\/article\/download\/8766\/7317","content-type":"application\/pdf","content-version":"vor","intended-application":"text-mining"},{"URL":"https:\/\/hemeroteca.unad.edu.co\/index.php\/back_projection\/article\/download\/8766\/7317","content-type":"unspecified","content-version":"vor","intended-application":"similarity-checking"}],"deposited":{"date-parts":[[2024,12,16]],"date-time":"2024-12-16T23:50:43Z","timestamp":1734393043000},"score":0.0,"resource":{"primary":{"URL":"https:\/\/hemeroteca.unad.edu.co\/index.php\/back_projection\/article\/view\/8766"}},"issued":{"date-parts":[[2024,10,31]]},"references-count":0,"journal-issue":{"issue":"8","published-online":{"date-parts":[[2024,10,31]]}},"URL":"https:\/\/doi.org\/10.22490\/unad.backprojection.8766","ISSN":["2665-4539"],"issn-type":[{"value":"2665-4539","type":"electronic"}],"published":{"date-parts":[[2024,10,31]]}},{"indexed":{"date-parts":[[2022,4,5]],"date-time":"2022-04-05T00:47:52Z","timestamp":1649119672715},"reference-count":30,"publisher":"Universidad Nacional Abierta y a Distancia","issue":"1","license":[{"start":{"date-parts":[[2021,2,26]],"date-time":"2021-02-26T00:00:00Z","timestamp":1614297600000},"content-version":"unspecified","delay-in-days":0,"URL":"https:\/\/creativecommons.org\/licenses\/by-nc-sa\/4.0"}],"content-domain":{"domain":[],"crossmark-restriction":false},"short-container-title":["Rev. Estrateg. Organ."],"abstract":"<jats:p>Introducci\u00f3n: se propende por realizar una aproximaci\u00f3n al choque ex\u00f3geno ocasionado por el SARS CoV-2 y su afectaci\u00f3n en las MiPymes del calzado en Colombia, tomando una radiograf\u00eda una vez se determinan medidas de distanciamiento social.\u00a0 Las empresas se ven afectadas negativamente por la cuarentena y el impacto generado por la incertidumbre toma parte en las decisiones, reduciendo la capacidad de predecir resultados con precisi\u00f3n. Metodolog\u00eda: de manera descriptiva, utilizando un cuestionario semiestructurado y mediante v\u00eda telef\u00f3nica, se establece contacto con 34 MiPymes del calzado (ubicadas en las ciudades de Bogot\u00e1, Cali y C\u00facuta); se indagan aspectos relacionados con la operaci\u00f3n y gesti\u00f3n en medidas de confinamiento, de igual manera, sobre propuestas de avance. Resultados: m\u00e1s de tres cuartas partes de las empresas no han podido operar de la misma forma una vez se fij\u00f3 el decreto de cuarentena, el rendimiento en producci\u00f3n y ventas sufri\u00f3 un marcado decrecimiento, mermando el flujo de efectivo y reduciendo la capacidad de maniobra de las empresas.\u00a0 Las MiPymes del sector tienen un escenario muy complejo por lo que es importante determinar estrategias que permitan llevar la situaci\u00f3n. Resultados: dado que el impacto en el sector ha sido marcado por p\u00e9rdidas considerables, las estrategias basadas en modelos colaborativos, de trabajo en red, con articulaci\u00f3n entre partes interesadas (sector p\u00fablico, privado y agremiaciones) resultan necesarias para reducir el grado de afectaci\u00f3n; sumado a ello, el apoyo en las nuevas tecnolog\u00edas como el marketing digital, o en la creaci\u00f3n de una tienda multimarca, posiblemente permitir\u00e1 revertir el fen\u00f3meno adverso.<\/jats:p>","DOI":"10.22490\/25392786.4560","type":"journal-article","created":{"date-parts":[[2021,3,12]],"date-time":"2021-03-12T16:50:05Z","timestamp":1615567805000},"source":"Crossref","is-referenced-by-count":0,"title":["Impacto del aislamiento social en MiPymes del calzado en Colombia ocasionado por choque ex\u00f3geno (SARS CoV-2)"],"prefix":"10.22490","volume":"10","author":[{"given":"Iv\u00e1n Dar\u00edo","family":"Medina Rojas","sequence":"first","affiliation":[],"role":[{"role":"author","vocabulary":"crossref"}]},{"given":"Eliana Patricia","family":"S\u00e1nchez Parra","sequence":"additional","affiliation":[],"role":[{"role":"author","vocabulary":"crossref"}]},{"given":"Yedy Alejandra","family":"Sol\u00eds Monta\u00f1o","sequence":"additional","affiliation":[],"role":[{"role":"author","vocabulary":"crossref"}]}],"member":"9784","published-online":{"date-parts":[[2021,2,26]]},"reference":[{"key":"ref0","unstructured":"ACICAM. (2020). \u00bfC\u00f3mo va el sector? Enero a diciembre 2019. Bogot\u00e1. https:\/\/acicam.org\/download\/como-va-el-sector-diciembre-2019-2\/"},{"key":"ref1","unstructured":"ACOPI. (2020). Tablero de control impacto del Covid-19 en las MiPyme de Bogot\u00e1. Bogot\u00e1 D. C. http:\/\/observatorio.desarrolloeconomico.gov.co\/emprendimiento\/tablero-de-control-impacto-covid-19-mipyme-bogota-junio-21"},{"key":"ref2","doi-asserted-by":"publisher","DOI":"10.1201\/9781351013277","author":"Bairagi","year":"2019","unstructured":"Bairagi, V., & Munot, M. V. (2019). Research Methodology, a practical and Scientific Approach. New York: CRC Press.","journal-title":"Research Methodology a practical and Scientific Approach"},{"key":"ref3","doi-asserted-by":"publisher","unstructured":"Bourletidis, K., & Triantafyllopoulos, Y. (2014). SMEs Survival in time of Crisis: Strategies, Tactics and Commercial Success Stories. Procedia - Social and Behavioral Sciences, 148, 639-644. https:\/\/doi.org\/10.1016\/j.sbspro.2014.07.092","DOI":"10.1016\/j.sbspro.2014.07.092"},{"key":"ref4","doi-asserted-by":"publisher","unstructured":"Brown, R., & Rocha, A. (2020). Entrepreneurial uncertainty during the Covid-19 crisis: Mapping the temporal dynamics of entrepreneurial finance. Journal of Business Venturing Insights, 14. https:\/\/doi.org\/10.1016\/j.jbvi.2020.e00174","DOI":"10.1016\/j.jbvi.2020.e00174"},{"key":"ref5","unstructured":"C\u00e1mara de Comercio de Bogot\u00e1. (junio de 2016). Cuero, Calzado y Marroquiner\u00eda sector de talla mundial. https:\/\/www.ccb.org.co\/Clusters\/Cluster-de-Cuero-Calzado-y-Marroquineria\/Noticias\/2016\/Junio-2016\/Cuero-Calzado-y-Marroquineria-sector-de-talla-mundial"},{"key":"ref6","unstructured":"C\u00e1mara de Comercio de Bogot\u00e1. (Octubre de 2019). Industria del cuero apuesta por cuidado del medio ambiente. https:\/\/www.ccb.org.co\/Clusters\/Cluster-de-Cuero-Calzado-y-Marroquineria\/Noticias\/2019\/Octubre-2019\/Industria-del-cuero-apuesta-por-cuidado-del-medio-ambiente"},{"key":"ref7","doi-asserted-by":"publisher","unstructured":"Chakraborty, I., & Maity, P. (2020). COVID-19 outbreak: Migration, effects on society, global environment and prevention. Science of the Total Environment, 728. https:\/\/doi.org\/10.1016\/j.scitotenv.2020.138882","DOI":"10.1016\/j.scitotenv.2020.138882"},{"issue":"3","key":"ref8","doi-asserted-by":"publisher","first-page":"312","DOI":"10.1504\/IJESB.2015.072394","article-title":"The role of servitization for small firms: drivers versus barriers","volume":"26","author":"Confente","year":"2015","unstructured":"Confente, I., Buratti, A., & Russo, I. (2015). The role of servitization for small firms: drivers versus barriers. International Journal of Entrepreneurship and Small Business, 26(3), 312-331. 10.1504\/IJESB.2015.072394","journal-title":"International Journal of Entrepreneurship and Small Business"},{"key":"ref9","doi-asserted-by":"publisher","unstructured":"Eggers, F. (2020). Masters of disasters? Challenges and opportunities for SMEs in times of crisis. Journal of Business Research, 116, 199-208. https:\/\/doi.org\/10.1016\/j.jbusres.2020.05.025","DOI":"10.1016\/j.jbusres.2020.05.025"},{"key":"ref10","doi-asserted-by":"publisher","unstructured":"Elavarasan, R. M., & Pugazhgendhi, R. (2020). Restructured society and environment: A review on potential technological strategies to control the COVID-19 pandemic. Science of the Total Environment, 725. https:\/\/doi.org\/10.1016\/j.scitotenv.2020.138858","DOI":"10.1016\/j.scitotenv.2020.138858"},{"key":"ref11","doi-asserted-by":"publisher","unstructured":"Gilmore, A., Carson, D., & Rocks, S. (2006). Networking in SMEs: Evaluating its contribution to marketing activity. International Business Review, 15(3), 278-293. https:\/\/doi.org\/10.1016\/j.ibusrev.2006.02.003","DOI":"10.1016\/j.ibusrev.2006.02.003"},{"key":"ref12","doi-asserted-by":"publisher","unstructured":"Hartmann, N. N., & Lussier, B. (2020). Managing the sales force through the unexpected exogenous COVID-19 crisis. Industrial Marketing Management, 88, 101-111. https:\/\/doi.org\/10.1016\/j.indmarman.2020.05.005","DOI":"10.1016\/j.indmarman.2020.05.005"},{"key":"ref13","doi-asserted-by":"publisher","unstructured":"Ioanid, A., Deselnicu, D. C., & Militaru, G. (2018). The impact of social networks on SME's innovation potential. Procedia Manufacturing, 22, 936-941. https:\/\/doi.org\/10.1016\/j.promfg.2018.03.133","DOI":"10.1016\/j.promfg.2018.03.133"},{"key":"ref14","doi-asserted-by":"publisher","unstructured":"Iturrioz, C., Arag\u00f3n, C., & Narvaiza, L. (2015). How to foster shared innovation within SMEs' networks: Social capital and the role of intermediaries. European Management Journal, 33(2), 104-115. https:\/\/doi.org\/10.1016\/j.emj.2014.09.003","DOI":"10.1016\/j.emj.2014.09.003"},{"key":"ref15","doi-asserted-by":"publisher","unstructured":"Kamal, M. M. (2020). The triple-edged sword of COVID-19: understanding the use of digital technologies and the impact of productive, disruptive, and destructive nature of the pandemic. Information Systems Management. https:\/\/doi.org\/10.1080\/10580530.2020.1820634","DOI":"10.1080\/10580530.2020.1820634"},{"key":"ref16","doi-asserted-by":"publisher","unstructured":"Kottika, E., \u00d6zsomer, A., Ryd\u00e9n, P., Theodorakis, I. G., Kaminakis, K., Kottikas, K. G., & Stathakopoulos, V. (2020). We survived this! What managers could learn from SMEs who successfully navigated the Greek economic crisis. Industrial Marketing Management, 88, 352-365. https:\/\/doi.org\/10.1016\/j.indmarman.2020.05.021","DOI":"10.1016\/j.indmarman.2020.05.021"},{"key":"ref17","doi-asserted-by":"publisher","unstructured":"Lin, F. J., & Lin, Y. H. (2016). The effect of network relationship on the performance of SMEs. Journal of Business Research, 69(5), 1780-1784. doi:https:\/\/doi.org\/10.1016\/j.jbusres.2015.10.055","DOI":"10.1016\/j.jbusres.2015.10.055"},{"key":"ref18","doi-asserted-by":"publisher","unstructured":"Maya, B., & Jie, F. (2020). Analysis of the uncertainty sources and SMEs' performance. Journal of Small Business & Entrepreneurship. https:\/\/doi.org\/10.1080\/08276331.2020.1764737","DOI":"10.1080\/08276331.2020.1764737"},{"key":"ref19","doi-asserted-by":"publisher","unstructured":"Mol-G\u00f3mez-V\u00e1zquez, A., Hern\u00e1ndez-C\u00e1novas, G., & K\u00f6eter-Kant, J. (2020). Economic and institutional determinants of lease financing for European SMEs: An analysis across developing and developed countries. Journal of Small Business Management. https:\/\/doi.org\/10.1080\/00472778.2020.1800352","DOI":"10.1080\/00472778.2020.1800352"},{"key":"ref20","unstructured":"OMS. (16 de Marzo de 2020). Declaraci\u00f3n conjunta de la ICC y la OMS: Un llamamiento a la acci\u00f3n sin precedentes dirigido al sector privado para hacer \u200efrente a la COVID-19\u200e. https:\/\/www.who.int\/es\/news-room\/detail\/16-03-2020-icc-who-joint-statement-an-unprecedented-private-sector-call-to-action-to-tackle-covid-19"},{"key":"ref21","doi-asserted-by":"publisher","unstructured":"P\u00e1ez, P. N., Jim\u00e9nez, W. G., & Danna-Buitrago, J. P. (2018). La competitividad de los art\u00edculos de calzado, cuero y marroquiner\u00eda en Colombia: revisi\u00f3n de la literatura. Revista Di\u00e1logos de Saberes(48), 171-196. https:\/\/doi.org\/10.18041\/0124-0021\/dialogos.48.2018.4729","DOI":"10.18041\/0124-0021\/dialogos.48.2018.4729"},{"key":"ref22","doi-asserted-by":"publisher","unstructured":"Papadopoulos, T., Baltas, K. N., & Balta, M. E. (2020). The use of digital technologies by small and medium enterprises during COVID-19: Implications for theory and practice. International Journal of Information Management. https:\/\/doi.org\/10.1016\/j.ijinfomgt.2020.102192","DOI":"10.1016\/j.ijinfomgt.2020.102192"},{"key":"ref23","doi-asserted-by":"publisher","unstructured":"Rapaccini, M., Saccani, N., Kowalkowski, C., Paiola, M., & Adrodegari, F. (2020). Navigating disruptive crises through service-led growth: The impact of COVID-19 on Italian manufacturing firms. Industrial Marketing Management, 88, 225-237. https:\/\/doi.org\/10.1016\/j.indmarman.2020.05.017","DOI":"10.1016\/j.indmarman.2020.05.017"},{"key":"ref24","doi-asserted-by":"publisher","unstructured":"Rivera, J. A. (2020). Rendimiento contable y EVA en la pyme de la industria del cuero, calzado y marroquiner\u00eda en Colombia. Universidad & Empresa, 22(38), 131-159. https:\/\/doi.org\/10.12804\/revistas.urosario.edu.co\/empresa\/a.7335","DOI":"10.12804\/revistas.urosario.edu.co\/empresa\/a.7335"},{"key":"ref25","doi-asserted-by":"publisher","unstructured":"Sawers, J. L., Pretorius, M. W., & Oerlemans, L. A. (2008). Safeguarding SMEs dynamic capabilities in technology innovative SME-large company partnerships in South Africa. Technovation, 28(4), 171-182. https:\/\/doi.org\/10.1016\/j.technovation.2007.09.002","DOI":"10.1016\/j.technovation.2007.09.002"},{"key":"ref26","doi-asserted-by":"publisher","unstructured":"Shah, A. U., Azrie, S., Thevadas, R., Noordin, N. K., Rahman, A., Sekawi, Z., . . . Hameed, M. T. (2020). COVID-19 outbreak in Malaysia: Actions taken by the Malaysian government. International Journal of Infectious Diseases, 97, 108-116. https:\/\/doi.org\/10.1016\/j.ijid.2020.05.093","DOI":"10.1016\/j.ijid.2020.05.093"},{"key":"ref27","doi-asserted-by":"publisher","unstructured":"Winarsih, I. M., & Fuad, K. (2021). Impact of Covid-19 on Digital Transformation and Sustainability in Small and Medium Enterprises (SMEs): A Conceptual Framework. En L. Barolli, A. Poniszewska-Maranda, & T. Enokido, Complex, Intelligent and Software Intensive Systems. CISIS 2020. Advances in Intelligent Systems and Computing. Springer, Cham. https:\/\/doi.org\/10.1007\/978-3-030-50454-0_48","DOI":"10.1007\/978-3-030-50454-0_48"},{"key":"ref28","doi-asserted-by":"publisher","unstructured":"Wright, C. (2020). Local government fighting Covid-19. The Round Table, 109(3), 338-339. https:\/\/doi.org\/10.1080\/00358533.2020.1763017","DOI":"10.1080\/00358533.2020.1763017"},{"key":"ref29","doi-asserted-by":"publisher","unstructured":"Zahoor, N., & Al-Tabbaa, O. (2020). Inter-organizational collaboration and SMEs' innovation: A systematic review and future research directions. Scandinavian Journal of Management, 36(2). https:\/\/doi.org\/10.1016\/j.scaman.2020.101109","DOI":"10.1016\/j.scaman.2020.101109"}],"container-title":["Revista Estrategia Organizacional"],"link":[{"URL":"https:\/\/hemeroteca.unad.edu.co\/index.php\/revista-estrategica-organizacio\/article\/download\/4560\/4392","content-type":"text\/html","content-version":"vor","intended-application":"text-mining"},{"URL":"https:\/\/hemeroteca.unad.edu.co\/index.php\/revista-estrategica-organizacio\/article\/download\/4560\/4392","content-type":"unspecified","content-version":"vor","intended-application":"similarity-checking"}],"deposited":{"date-parts":[[2021,3,12]],"date-time":"2021-03-12T17:09:54Z","timestamp":1615568994000},"score":0.0,"resource":{"primary":{"URL":"https:\/\/hemeroteca.unad.edu.co\/index.php\/revista-estrategica-organizacio\/article\/view\/4560"}},"issued":{"date-parts":[[2021,2,26]]},"references-count":30,"journal-issue":{"issue":"1","published-online":{"date-parts":[[2021,2,26]]}},"URL":"https:\/\/doi.org\/10.22490\/25392786.4560","ISSN":["2539-2786","2339-3866"],"issn-type":[{"value":"2539-2786","type":"electronic"},{"value":"2339-3866","type":"print"}],"published":{"date-parts":[[2021,2,26]]}},{"indexed":{"date-parts":[[2023,12,22]],"date-time":"2023-12-22T00:15:19Z","timestamp":1703204119384},"reference-count":0,"publisher":"Universidad Nacional Abierta y a Distancia","issue":"1","license":[{"start":{"date-parts":[[2023,12,19]],"date-time":"2023-12-19T00:00:00Z","timestamp":1702944000000},"content-version":"unspecified","delay-in-days":0,"URL":"http:\/\/creativecommons.org\/licenses\/by-nc-sa\/4.0"}],"content-domain":{"domain":[],"crossmark-restriction":false},"short-container-title":["rev.investig.agrar.ambient."],"abstract":"<jats:p>Contextualizaci\u00f3n: Los recursos fitogen\u00e9ticos, constituyen la base de la seguridad alimentaria del mundo, por ello la necesidad de ahondar en su conocimiento y proponer estrategias para su conservaci\u00f3n.&#x0D;\nVac\u00edo de conocimiento: las plazas de mercado funcionan como centro de acopio de la diversidad biol\u00f3gica productiva de las regiones, sin embargo, estos escenarios est\u00e1n centralizados y dicha diversidad tiende a erosionarse por procesos de aculturizaci\u00f3n.&#x0D;\nProp\u00f3sito: El objetivo de este estudio fue conocer la variaci\u00f3n anual de los recursos fitogen\u00e9ticos agr\u00edcolas, comercializados en una plaza de mercado del Pacifico colombiano, para propender por su uso y valoraci\u00f3n.&#x0D;\nMetodolog\u00eda: Durante un a\u00f1o cada quince d\u00edas, se recorri\u00f3 la plaza de mercado de Quibd\u00f3, donde se reconocieron los recursos fitogen\u00e9ticos agr\u00edcolas comercializados. Una vez en la plaza, se realizaron recorridos entre las 8:30 a.m. y 11:00 h considerando la cantidad de puestos activos en el momento de aplicaci\u00f3n del cuestionario. La determinaci\u00f3n taxon\u00f3mica de cada especie y sus datos de origen se realiz\u00f3 con la ayuda de bases electr\u00f3nicas y consulta online en herbarios. Mientras que la pr\u00e1ctica de cultivo se determin\u00f3 considerando los datos reportados para el departamento del Choc\u00f3 en la encuesta nacional agropecuaria-ENA.&#x0D;\nResultados y conclusiones: Se identificaron 47 especies, 35 g\u00e9neros y 29 familias, de or\u00edgenes diversos, periodicidad y tipos de cultivo. No todos los recursos fitogen\u00e9ticos comercializados en la plaza de mercado presentan disponibilidad anual. Los meses con mayor diversidad de especies fueron diciembre (S=39), enero (S=38), febrero y marzo (S=37). La falta de planificaci\u00f3n agr\u00edcola en el municipio hace que la variaci\u00f3n de los recursos fitogen\u00e9ticos amenace su persistencia, esto ocurre con especies con poca disponibilidad y desconocidas por las nuevas generaciones, siendo \u00e9sta tambi\u00e9n una causa de erosi\u00f3n o p\u00e9rdida de los recursos fitogen\u00e9ticos en la regi\u00f3n.<\/jats:p>","DOI":"10.22490\/21456453.6166","type":"journal-article","created":{"date-parts":[[2023,12,21]],"date-time":"2023-12-21T15:38:53Z","timestamp":1703173133000},"page":"11-28","source":"Crossref","is-referenced-by-count":0,"title":["Variaci\u00f3n anual de los recursos fitogen\u00e9ticos comercializados en un mercado local del municipio de Quibd\u00f3, pac\u00edfico colombiano"],"prefix":"10.22490","volume":"15","author":[{"given":"Alicia","family":"Mena Marmolejo","sequence":"first","affiliation":[],"role":[{"role":"author","vocabulary":"crossref"}]},{"given":"Eyda Annier","family":"Moreno Mosquera","sequence":"additional","affiliation":[],"role":[{"role":"author","vocabulary":"crossref"}]},{"given":"Sheila","family":"Largacha Viveros","sequence":"additional","affiliation":[],"role":[{"role":"author","vocabulary":"crossref"}]}],"member":"9784","published-online":{"date-parts":[[2023,12,19]]},"container-title":["Revista de Investigaci\u00f3n Agraria y Ambiental"],"link":[{"URL":"https:\/\/hemeroteca.unad.edu.co\/index.php\/riaa\/article\/download\/6166\/6477","content-type":"application\/pdf","content-version":"vor","intended-application":"text-mining"},{"URL":"https:\/\/hemeroteca.unad.edu.co\/index.php\/riaa\/article\/download\/6166\/6477","content-type":"unspecified","content-version":"vor","intended-application":"similarity-checking"}],"deposited":{"date-parts":[[2023,12,21]],"date-time":"2023-12-21T15:38:53Z","timestamp":1703173133000},"score":0.0,"resource":{"primary":{"URL":"https:\/\/hemeroteca.unad.edu.co\/index.php\/riaa\/article\/view\/6166"}},"issued":{"date-parts":[[2023,12,19]]},"references-count":0,"journal-issue":{"issue":"1","published-online":{"date-parts":[[2023,12,19]]}},"URL":"https:\/\/doi.org\/10.22490\/21456453.6166","ISSN":["2145-6453","2145-6097"],"issn-type":[{"value":"2145-6453","type":"electronic"},{"value":"2145-6097","type":"print"}],"published":{"date-parts":[[2023,12,19]]}},{"indexed":{"date-parts":[[2024,2,20]],"date-time":"2024-02-20T00:22:48Z","timestamp":1708388568161},"reference-count":0,"publisher":"Universidad Nacional Abierta y a Distancia","issue":"2","license":[{"start":{"date-parts":[[2023,7,15]],"date-time":"2023-07-15T00:00:00Z","timestamp":1689379200000},"content-version":"unspecified","delay-in-days":0,"URL":"https:\/\/creativecommons.org\/licenses\/by-nc-nd\/4.0"}],"content-domain":{"domain":[],"crossmark-restriction":false},"short-container-title":["Publ. investig."],"abstract":"<jats:p>This review seeks to provide a panoramic view of the ethical and regulatory aspects of the emerging field of nutrigenomics, given that it is a technology with significant implications for the health of individuals and their families, so it is intended to identify the best practices for address the challenges related to its regulation (also emerging) and the ethical implications that may arise. For this, the Web of Science and SCOPUS databases were used with search equations such as \u201cTITLE-ABS-KEY (ethics AND in AND nutrigenomics)\u201d or \u201cTITLE-ABS-KEY (nutrigenomics AND legislation)\u201d. Although it is known that understanding these aspects is essential to, in a given case, help ensure that it is used safely and responsibly, always for the benefit of the population in aspects such as reducing the risk of genetic diseases through the recommendation of diets based on the genotype of each individual, the information found, for the most part, is old and reflects the short progress that has been made in this regard.<\/jats:p>","DOI":"10.22490\/25394088.6837","type":"journal-article","created":{"date-parts":[[2024,1,18]],"date-time":"2024-01-18T15:05:15Z","timestamp":1705590315000},"source":"Crossref","is-referenced-by-count":0,"title":["Aspectos \u00e9ticos y regulatorios de la nutrigen\u00f3mica: un acercamiento","Ethical and regulatory aspects of nutrigenomics: an approach"],"prefix":"10.22490","volume":"17","author":[{"given":"\u00c1ngela Mar\u00eda","family":"Ortiz Su\u00e1rez","sequence":"first","affiliation":[],"role":[{"role":"author","vocabulary":"crossref"}]}],"member":"9784","published-online":{"date-parts":[[2023,7,15]]},"container-title":["Publicaciones e Investigaci\u00f3n"],"link":[{"URL":"https:\/\/hemeroteca.unad.edu.co\/index.php\/publicaciones-e-investigacion\/article\/download\/6837\/6273","content-type":"application\/vnd.openxmlformats-officedocument.wordprocessingml.document","content-version":"vor","intended-application":"text-mining"},{"URL":"https:\/\/hemeroteca.unad.edu.co\/index.php\/publicaciones-e-investigacion\/article\/download\/6837\/6329","content-type":"application\/pdf","content-version":"vor","intended-application":"text-mining"},{"URL":"https:\/\/hemeroteca.unad.edu.co\/index.php\/publicaciones-e-investigacion\/article\/download\/6837\/6329","content-type":"unspecified","content-version":"vor","intended-application":"similarity-checking"}],"deposited":{"date-parts":[[2024,2,19]],"date-time":"2024-02-19T17:30:40Z","timestamp":1708363840000},"score":0.0,"resource":{"primary":{"URL":"https:\/\/hemeroteca.unad.edu.co\/index.php\/publicaciones-e-investigacion\/article\/view\/6837"}},"issued":{"date-parts":[[2023,7,15]]},"references-count":0,"journal-issue":{"issue":"2","published-online":{"date-parts":[[2023,8,30]]}},"URL":"https:\/\/doi.org\/10.22490\/25394088.6837","ISSN":["2539-4088","1900-6608"],"issn-type":[{"value":"2539-4088","type":"electronic"},{"value":"1900-6608","type":"print"}],"published":{"date-parts":[[2023,7,15]]}},{"indexed":{"date-parts":[[2025,8,2]],"date-time":"2025-08-02T14:31:26Z","timestamp":1754145086239,"version":"3.41.2"},"reference-count":0,"publisher":"Universidad Nacional Abierta y a Distancia","issue":"1","license":[{"start":{"date-parts":[[2024,12,3]],"date-time":"2024-12-03T00:00:00Z","timestamp":1733184000000},"content-version":"unspecified","delay-in-days":0,"URL":"https:\/\/creativecommons.org\/licenses\/by-nc-sa\/4.0"}],"content-domain":{"domain":[],"crossmark-restriction":false},"short-container-title":["tk"],"abstract":"<jats:p>El tratamiento del agua para el consumo humano es un proceso de suma importancia el cual requiere de diferentes etapas dentro de las cuales se encuentra la de la coagulaci\u00f3n, en esta etapa se busca la remoci\u00f3n de solidos suspendidos, disueltos y gran parte de microorganismos por medio de aplicaci\u00f3n de sustancias qu\u00edmicas, org\u00e1nicas o sint\u00e9ticas con propiedades coagulantes. Esta investigaci\u00f3n est\u00e1 basada en la identificaci\u00f3n de un coagulante org\u00e1nico que pueda reemplazar el sulfato de aluminio granulado actualmente utilizado en el tratamiento del agua en el acueducto rancho largo ubicado en el municipio de Saman\u00e1, ya que debido a este se encontraron trazas de aluminio superiores a 0,2 mg Al+3\/L valor m\u00e1ximo permisible seg\u00fan la resoluci\u00f3n 2115 de 2007,\u00a0\u00a0 para realizar este proceso se eligieron tres productos org\u00e1nicos la moringa, el pl\u00e1tano hart\u00f3n y la yuca ya que estos contienen propiedades que los hacen efectivos para el proceso de la coagulaci\u00f3n eliminando la turbidez y el color en el agua, fue necesario realizar una caracterizaci\u00f3n del agua de la fuente captada para este uso, en donde se tomaron 300 ml de muestra para an\u00e1lisis microbiol\u00f3gico en la cual se tuvieron en cuenta variables como Escherichia coli y coliformes, 1000 ml de muestra\u00a0 para an\u00e1lisis fisicoqu\u00edmicos en donde se analizaron variables como Ph, conductividad, color, turbiedad, alcalinidad, dureza, aluminio residual, nitritos\u00a0 y 108000 ml de muestra para ensayos de jarras. Teniendo en cuenta cada uno de los coagulantes org\u00e1nicos se le extrajo a la moringa su semilla pulverizada y a la yuca y el pl\u00e1tano su almid\u00f3n, previo a empezar las pruebas de jarras se prepararon las soluciones al 1% con cada uno de estos productos, las dosis aplicadas a cada una de las seis jarras fueron 30 ppm, 40 ppm, 50 ppm, 60 ppm, 70 ppm y 75 ppm respectivamente, por cada coagulante se realizaron tres replicas para un total de 9 ensayos. Con los resultados obtenidos en cada uno de los ensayos se calcul\u00f3 un promedio de remoci\u00f3n de turbiedad y color final respecto a los datos iniciales tomados a las muestras, en el an\u00e1lisis de estos resultados se encontr\u00f3 que la semilla de la moringa obtuvo la mayor efectividad de remoci\u00f3n de turbiedad con un 78.8% y de color con un 61% siendo este el coagulante org\u00e1nico m\u00e1s representativo. De la investigaci\u00f3n realizada puede concluirse que la semilla de la moringa no cumple con los requisitos de remoci\u00f3n de turbiedad y color para reemplazar el sulfato de aluminio; sin embargo, puede utilizarse como coadyuvante en el proceso de la coagulaci\u00f3n siendo mezclado con el pol\u00edmero qu\u00edmico disminuyendo la dosificaci\u00f3n de aluminio rebajando el riesgo de afectaci\u00f3n a la salud de los consumidores y del medio ambiente. <\/jats:p>","DOI":"10.22490\/30730260.8536","type":"journal-article","created":{"date-parts":[[2025,7,16]],"date-time":"2025-07-16T14:12:10Z","timestamp":1752675130000},"page":"27-43","source":"Crossref","is-referenced-by-count":0,"title":["Identificaci\u00f3n de un Coagulante Org\u00e1nico para el Tratamiento del Agua"],"prefix":"10.22490","volume":"1","author":[{"ORCID":"https:\/\/orcid.org\/0000-0002-6625-0710","authenticated-orcid":false,"given":"Gustavo Adolfo","family":"Calle Clavijo","sequence":"first","affiliation":[],"role":[{"role":"author","vocabulary":"crossref"}]},{"ORCID":"https:\/\/orcid.org\/0000-0003-0075-2598","authenticated-orcid":false,"given":"Claudia  Lorena","family":"Betancur  Murillo","sequence":"additional","affiliation":[],"role":[{"role":"author","vocabulary":"crossref"}]}],"member":"9784","published-online":{"date-parts":[[2024,12,3]]},"container-title":["La Tuerka"],"link":[{"URL":"https:\/\/hemeroteca.unad.edu.co\/index.php\/latuerka\/article\/download\/8536\/7510","content-type":"application\/pdf","content-version":"vor","intended-application":"text-mining"},{"URL":"https:\/\/hemeroteca.unad.edu.co\/index.php\/latuerka\/article\/download\/8536\/7510","content-type":"unspecified","content-version":"vor","intended-application":"similarity-checking"}],"deposited":{"date-parts":[[2025,7,16]],"date-time":"2025-07-16T14:12:10Z","timestamp":1752675130000},"score":0.0,"resource":{"primary":{"URL":"https:\/\/hemeroteca.unad.edu.co\/index.php\/latuerka\/article\/view\/8536"}},"subtitle":["en el Acueducto veredal Rancho Largo del Municipio de Saman\u00e1"],"issued":{"date-parts":[[2024,12,3]]},"references-count":0,"journal-issue":{"issue":"1","published-online":{"date-parts":[[2024,7,30]]}},"URL":"https:\/\/doi.org\/10.22490\/30730260.8536","ISSN":["3073-0260"],"issn-type":[{"type":"electronic","value":"3073-0260"}],"published":{"date-parts":[[2024,12,3]]}},{"indexed":{"date-parts":[[2023,12,10]],"date-time":"2023-12-10T20:40:05Z","timestamp":1702240805169},"reference-count":0,"publisher":"Universidad Nacional Abierta y a Distancia","issue":"16","license":[{"start":{"date-parts":[[2011,12,15]],"date-time":"2011-12-15T00:00:00Z","timestamp":1323907200000},"content-version":"unspecified","delay-in-days":0,"URL":"http:\/\/creativecommons.org\/licenses\/by\/4.0"}],"content-domain":{"domain":[],"crossmark-restriction":false},"short-container-title":["nova"],"abstract":"<jats:p>Esta investigaci\u00f3n tuvo como prop\u00f3sito aplicar las tecnolog\u00edas electroanal\u00edticas, como la electrocoagulaci\u00f3n, para la remoci\u00f3n de materia org\u00e1nica presente en los jugos del fique con el fin de reducir el impacto ambiental que genera una pr\u00e1ctica milenaria y cultural como lo es la extracci\u00f3n de la fibra (cabuya) de la Fourcrea c. En el presente estudio, se evalu\u00f3 el comportamiento de la demanda qu\u00edmica de ox\u00edgeno (DQO) a trav\u00e9s del proceso electroqu\u00edmico bajo diferentes par\u00e1metros de corriente el\u00e9ctrica, voltaje y pH para evaluar los par\u00e1metros \u00f3ptimos de operaci\u00f3n en el tratamiento de estas aguas residuales, lo cual permiti\u00f3 modelar matem\u00e1ticamente la respuesta de este proceso y plantear una alternativa para mitigar la contaminaci\u00f3n generada en los cuerpos de agua.<\/jats:p>","DOI":"10.22490\/24629448.1063","type":"journal-article","created":{"date-parts":[[2017,5,2]],"date-time":"2017-05-02T20:40:25Z","timestamp":1493757625000},"page":"166-169","source":"Crossref","is-referenced-by-count":0,"title":["Aplicaci\u00f3n de m\u00e9todos electroqu\u00edmicos en la remoci\u00f3n de materia org\u00e1nica en los jugos producto del beneficio del fique: alternativa biotecnol\u00f3gica para mitigar la contaminaci\u00f3n en los afluentes h\u00eddricos"],"prefix":"10.22490","volume":"9","author":[{"given":"Gonzalo","family":"Taborda O.","sequence":"first","affiliation":[],"role":[{"role":"author","vocabulary":"crossref"}]},{"given":"Viviana","family":"Zuluaga R.","sequence":"additional","affiliation":[],"role":[{"role":"author","vocabulary":"crossref"}]},{"given":"Leonel","family":"Palom\u00e1 P","sequence":"additional","affiliation":[],"role":[{"role":"author","vocabulary":"crossref"}]},{"given":"Juan Pablo","family":"Penagos Gonz\u00e1lez","sequence":"additional","affiliation":[],"role":[{"role":"author","vocabulary":"crossref"}]}],"member":"9784","published-online":{"date-parts":[[2011,12,15]]},"container-title":["Nova"],"link":[{"URL":"https:\/\/hemeroteca.unad.edu.co\/index.php\/nova\/article\/download\/1063\/1059","content-type":"application\/pdf","content-version":"vor","intended-application":"text-mining"},{"URL":"https:\/\/hemeroteca.unad.edu.co\/index.php\/nova\/article\/download\/1063\/1059","content-type":"unspecified","content-version":"vor","intended-application":"similarity-checking"}],"deposited":{"date-parts":[[2023,12,10]],"date-time":"2023-12-10T20:03:31Z","timestamp":1702238611000},"score":0.0,"resource":{"primary":{"URL":"https:\/\/hemeroteca.unad.edu.co\/index.php\/nova\/article\/view\/1063"}},"issued":{"date-parts":[[2011,12,15]]},"references-count":0,"journal-issue":{"issue":"16","published-online":{"date-parts":[[2011,12,15]]}},"URL":"https:\/\/doi.org\/10.22490\/24629448.1063","ISSN":["2462-9448","1794-2470"],"issn-type":[{"value":"2462-9448","type":"electronic"},{"value":"1794-2470","type":"print"}],"published":{"date-parts":[[2011,12,15]]}},{"indexed":{"date-parts":[[2022,4,5]],"date-time":"2022-04-05T22:05:12Z","timestamp":1649196312626},"reference-count":0,"publisher":"Universidad Nacional Abierta y a Distancia","issue":"2","license":[{"start":{"date-parts":[[2014,6,4]],"date-time":"2014-06-04T00:00:00Z","timestamp":1401840000000},"content-version":"unspecified","delay-in-days":0,"URL":"http:\/\/creativecommons.org\/licenses\/by\/4.0"}],"content-domain":{"domain":[],"crossmark-restriction":false},"short-container-title":["Rev. Investig. UNAD"],"abstract":"<jats:p>La gesti\u00f3n del conocimiento aplicada a la universidad se erige como un nuevo paradigma que permite identificar y orientar los recursos cient\u00edficos y tecnol\u00f3gicos-capital humano y estructural-, de manera sistem\u00e1tica, a fin de alcanzar los objetivos trazados por una instituci\u00f3n. De esta forma, se constituye en el elemento cr\u00edtico que permite a las instituciones de educaci\u00f3n superior potenciar y acelerar la velocidad con que manejan los nuevos retos y oportunidades, lo que se logra apalancando lo m\u00e1s valioso de sus recursos: el conocimiento, el talento, la creatividad y, en general, los intangibles de la organizaci\u00f3n.<\/jats:p>","DOI":"10.22490\/25391887.1142","type":"journal-article","created":{"date-parts":[[2017,7,11]],"date-time":"2017-07-11T14:42:53Z","timestamp":1499784173000},"source":"Crossref","is-referenced-by-count":0,"title":["EDITORIAL"],"prefix":"10.22490","volume":"13","author":[{"given":"Constanza","family":"Abad\u00eda Garc\u00eda","sequence":"first","affiliation":[],"role":[{"role":"author","vocabulary":"crossref"}]}],"member":"9784","published-online":{"date-parts":[[2014,6,4]]},"container-title":["Revista de Investigaciones UNAD"],"link":[{"URL":"http:\/\/hemeroteca.unad.edu.co\/index.php\/revista-de-investigaciones-unad\/article\/viewFile\/1142\/1352","content-type":"application\/pdf","content-version":"vor","intended-application":"text-mining"}],"deposited":{"date-parts":[[2017,7,11]],"date-time":"2017-07-11T14:43:13Z","timestamp":1499784193000},"score":0.0,"resource":{"primary":{"URL":"http:\/\/hemeroteca.unad.edu.co\/index.php\/revista-de-investigaciones-unad\/article\/view\/1142"}},"issued":{"date-parts":[[2014,6,4]]},"references-count":0,"journal-issue":{"issue":"2","published-online":{"date-parts":[[2014,6,4]]}},"URL":"https:\/\/doi.org\/10.22490\/25391887.1142","ISSN":["2539-1887","0124-793X"],"issn-type":[{"value":"2539-1887","type":"electronic"},{"value":"0124-793X","type":"print"}],"published":{"date-parts":[[2014,6,4]]}},{"indexed":{"date-parts":[[2022,4,3]],"date-time":"2022-04-03T22:28:44Z","timestamp":1649024924056},"reference-count":0,"publisher":"Universidad Nacional Abierta y a Distancia","issue":"1","license":[{"start":{"date-parts":[[2014,5,7]],"date-time":"2014-05-07T00:00:00Z","timestamp":1399420800000},"content-version":"unspecified","delay-in-days":0,"URL":"https:\/\/creativecommons.org\/licenses\/by\/4.0\/deed.es"}],"content-domain":{"domain":[],"crossmark-restriction":false},"short-container-title":["rev.investig.agrar.ambient."],"abstract":"<jats:p>&lt;p align=\"left\"&gt;Esta investigaci\u00f3n muestra el potencial adsorbente de la tuza de ma\u00edz en la remoci\u00f3n del colorante ani\u00f3nico azul brillante sobre lechos empacados. Se evalu\u00f3 efecto de los par\u00e1metros pH del medio, tama\u00f1o de part\u00edcula, presencia salina y altura de columna. Las muestras fueron analizadas a intervalos definidos de tiempo. La cantidad del colorante removido fue cuantificada por medio de espectroscopia Ultravioleta \u2013 Visible. Los modelos de Adams-Bohart, Thomas y Yoon-Nelson fueron utilizados para predecir las curvas de ruptura usando regresi\u00f3n no lineal y con ello establecer los par\u00e1metros caracter\u00edsticos del proceso. El modelo BDST fue empleado para expresar la influencia de la altura del lecho en la curva de ruptura. Se encontr\u00f3 que a pH \u00e1cido (pH = 2.0) menor tama\u00f1o de part\u00edcula (0.3 mm &amp;lt; x &amp;lt; 0.5 mm) y mayor altura de lecho (Z = 20 cm) se favorece la transferencia de colorante al material adsorbente, alcanzando mayor retenci\u00f3n del azul brillante sobre la tuza de ma\u00edz. La presencia de NaCl en la soluci\u00f3n reduce la eficiencia en la adsorci\u00f3n. En cuanto a modelos, el de Thomas present\u00f3 el mejor ajuste para la descripci\u00f3n de las curvas de ruptura a las condiciones experimentales (R2 = 0.93-0.94), mientras Adams-Bohart ofreci\u00f3 un buen ajuste (R2 = 0.96- 0.99) para el comportamiento din\u00e1mico limitado a la parte inicial del proceso. Yoon-Nelson present\u00f3 un desv\u00edo considerable entre la informaci\u00f3n experimental y la predicha. Finalmente, el BDST mostr\u00f3 una adecuada correlaci\u00f3n, R2 = 0.92-0.99, estableciendo que la altura es determinante para el escalado del proceso.&lt;\/p&gt;<\/jats:p>","DOI":"10.22490\/21456453.911","type":"journal-article","created":{"date-parts":[[2017,3,28]],"date-time":"2017-03-28T15:18:42Z","timestamp":1490714322000},"page":"57","source":"Crossref","is-referenced-by-count":0,"title":["Remoci\u00f3n de azul brillante mediante columnas empacadas usando tuza de ma\u00edz"],"prefix":"10.22490","volume":"5","author":[{"given":"Angelina","family":"Hormaza Anaguano","sequence":"first","affiliation":[],"role":[{"role":"author","vocabulary":"crossref"}]},{"given":"Yurany Andrea","family":"Villada Villada","sequence":"additional","affiliation":[],"role":[{"role":"author","vocabulary":"crossref"}]}],"member":"9784","published-online":{"date-parts":[[2014,5,7]]},"container-title":["Revista de Investigaci\u00f3n Agraria y Ambiental"],"link":[{"URL":"http:\/\/hemeroteca.unad.edu.co\/index.php\/riaa\/article\/viewFile\/911\/904","content-type":"application\/pdf","content-version":"vor","intended-application":"text-mining"}],"deposited":{"date-parts":[[2017,3,28]],"date-time":"2017-03-28T15:18:51Z","timestamp":1490714331000},"score":0.0,"resource":{"primary":{"URL":"http:\/\/hemeroteca.unad.edu.co\/index.php\/riaa\/article\/view\/911"}},"issued":{"date-parts":[[2014,5,7]]},"references-count":0,"journal-issue":{"issue":"1","published-online":{"date-parts":[[2014,5,7]]}},"URL":"https:\/\/doi.org\/10.22490\/21456453.911","ISSN":["2145-6453","2145-6097"],"issn-type":[{"value":"2145-6453","type":"electronic"},{"value":"2145-6097","type":"print"}],"published":{"date-parts":[[2014,5,7]]}},{"indexed":{"date-parts":[[2022,4,5]],"date-time":"2022-04-05T14:44:25Z","timestamp":1649169865771},"reference-count":0,"publisher":"Universidad Nacional Abierta y a Distancia","license":[{"start":{"date-parts":[[2013,12,15]],"date-time":"2013-12-15T00:00:00Z","timestamp":1387065600000},"content-version":"unspecified","delay-in-days":0,"URL":"http:\/\/creativecommons.org\/licenses\/by-nc-sa\/4.0"}],"content-domain":{"domain":[],"crossmark-restriction":false},"short-container-title":["Rev. Estrateg. Organ."],"abstract":"<jats:p>La reflexi\u00f3n relacionada con el pensamiento prospectivo y estrat\u00e9gico en el marco \u00e9tica de los negocios bajo la responsabilidad social corporativo en el capitalismo, se ha logrado basado en los distintos pensamientos, entre ellos el enfoque cl\u00e1sico, evolucionista, procesualista y la sist\u00e9mica, que han sido comparado con estudios de casos de algunas organizaciones que muestran inter\u00e9s en la responsabilidad social empresarial \u2013 RSE -, y de la cual se destacan los siguientes resultados: La relaci\u00f3n entre las organizaciones empresariales y el entorno est\u00e1n separados cuando la din\u00e1mica del emprendimiento, la creaci\u00f3n e innovaci\u00f3n y construcci\u00f3n de nuevos conocimientos est\u00e1n ligados a los pensamientos, en este sentido se requiere la implementaci\u00f3n permanente de las practicas del pensamiento estrat\u00e9gicos, que permitan en las organizaciones dinamizar el accionar, ligado a un sentir \u00e9tico y moral que garanticen mantener un acercamiento con las comunidades, para brindar apoyo mediante las responsabilidades sociales, basadas en el com\u00fan acuerdo de asuntos utilitarios que conlleven a soluciones puntuales \u00fatiles. El problema fundamental se centra en la escasa visi\u00f3n de las organizaciones para la comprensi\u00f3n de las diferencias sociales y la b\u00fasqueda \u00e9tica de soluciones que mitiguen las mismas, que fortalezcan los sectores sociales e introduzcan proyectos y programas basados en la producci\u00f3n de bienes y servicios. En conclusi\u00f3n se requiere mayor actividad entre la sociedad y el sector empresarial u organizacional con el fin de articular lo relacionado con las interacciones que permitan una responsabilidad social acorde a las necesidades reales del entorno.<\/jats:p>","DOI":"10.22490\/25392786.1482","type":"journal-article","created":{"date-parts":[[2017,8,16]],"date-time":"2017-08-16T19:11:37Z","timestamp":1502910697000},"page":"63","source":"Crossref","is-referenced-by-count":0,"title":["REFLEXIONES SOBRE EL PENSAMIENTO PROSPECTIVO Y ESTRAT\u00c9GICO EN EL MARCO \u00c9TICO DE LOS NEGOCIOS BAJO LA RESPONSABILIDAD SOCIAL CORPORATIVA EN EL CAPITALISMO"],"prefix":"10.22490","volume":"2","author":[{"given":"Amado De Jes\u00fas","family":"Mar\u00edn Barros","sequence":"first","affiliation":[],"role":[{"role":"author","vocabulary":"crossref"}]}],"member":"9784","published-online":{"date-parts":[[2013,12,15]]},"container-title":["Revista Estrategia Organizacional"],"link":[{"URL":"http:\/\/hemeroteca.unad.edu.co\/index.php\/revista-estrategica-organizacio\/article\/viewFile\/1482\/1790","content-type":"application\/pdf","content-version":"vor","intended-application":"text-mining"}],"deposited":{"date-parts":[[2017,8,16]],"date-time":"2017-08-16T19:11:56Z","timestamp":1502910716000},"score":0.0,"resource":{"primary":{"URL":"http:\/\/hemeroteca.unad.edu.co\/index.php\/revista-estrategica-organizacio\/article\/view\/1482"}},"issued":{"date-parts":[[2013,12,15]]},"references-count":0,"URL":"https:\/\/doi.org\/10.22490\/25392786.1482","ISSN":["2539-2786"],"issn-type":[{"value":"2539-2786","type":"electronic"}],"published":{"date-parts":[[2013,12,15]]}},{"indexed":{"date-parts":[[2024,2,8]],"date-time":"2024-02-08T16:10:49Z","timestamp":1707408649324},"reference-count":25,"publisher":"Universidad Nacional Abierta y a Distancia","issue":"2","license":[{"start":{"date-parts":[[2020,3,5]],"date-time":"2020-03-05T00:00:00Z","timestamp":1583366400000},"content-version":"unspecified","delay-in-days":0,"URL":"https:\/\/creativecommons.org\/licenses\/by-nc-sa\/4.0"}],"content-domain":{"domain":[],"crossmark-restriction":false},"short-container-title":["anal. jur\u00edd. - pol\u00edtico"],"abstract":"<jats:p>Por a\u00f1os se consider\u00f3 a las Fuerzas Armadas Revolucionarias de Colombia - Ej\u00e9rcito del Pueblo (FARC-EP) como la principal y m\u00e1s grande insurgencia armada, enemigo n\u00famero uno del Estado. Asimismo, desde 2012 se adelant\u00f3 un proceso de di\u00e1logo y negociaci\u00f3n pol\u00edtica entre el gobierno colombiano y las FARC-EP, que tuvo como resultado poner fin a la confrontaci\u00f3n militar de m\u00e1s de seis d\u00e9cadas y habilitar un camino de reformas y apertura democr\u00e1tica para esta organizaci\u00f3n. Son muchos los factores que explican que la posibilidad real del cese definitivo al fuego entre el establecimiento y las FARC-EP haya sido exitosa. Sin embargo, la derrota estrat\u00e9gica de la primera guerrilla colombiana, es la menos explorada y de escasos resultados en el subcampo del an\u00e1lisis pol\u00edtico. Que la guerrilla de las FARC-EP haya ingresado a un proceso de reincorporaci\u00f3n no s\u00f3lo se explica por un desgaste obvio de la guerra o una ventana de oportunidad a la salida pol\u00edtica negociada, sino tambi\u00e9n porque en el plano pol\u00edtico militar hubo un escenario desfavorable que no se logr\u00f3 superar. Este hecho se propone analizar con base en el enfoque de an\u00e1lisis de coyuntura, que reconoce un horizonte relacional y estrat\u00e9gico de la acci\u00f3n pol\u00edtico-militar que comprende la identificaci\u00f3n de actores, acontecimientos, escenarios, correlaci\u00f3n de fuerzas y relaci\u00f3n estructura-coyuntura a partir de la revisi\u00f3n bibliogr\u00e1fica de expertos y el Centro de Investigaci\u00f3n en Memoria Hist\u00f3rica Militar (CIMHM) adscrito al MinDefensa.<\/jats:p>","DOI":"10.22490\/26655489.3258","type":"journal-article","created":{"date-parts":[[2020,7,29]],"date-time":"2020-07-29T19:27:05Z","timestamp":1596050825000},"page":"11-25","source":"Crossref","is-referenced-by-count":0,"title":["La derrota estrat\u00e9gica de la insurgencia armada"],"prefix":"10.22490","volume":"1","author":[{"given":"Carlos Alfonso","family":"Ortiz Lancheros","sequence":"first","affiliation":[],"role":[{"role":"author","vocabulary":"crossref"}]}],"member":"9784","published-online":{"date-parts":[[2020,3,5]]},"reference":[{"key":"ref0","unstructured":"Alape, A. (2000). Manuel Marulanda \"Tirofijo\". Colombia: 40 a\u00f1os de lucha guerrillera. Editorial: TXALAPARTA."},{"key":"ref1","unstructured":"Arenas, J. (1985). Cese el fuego una historia pol\u00edtica de las FARC. Bogot\u00e1, Oveja Negra."},{"key":"ref2","unstructured":"Archila, M. (2008). El mao\u00edsmo en Colombia: la enfermedad juvenil del marxismo-leninismo. Revista Controversia-190. 18\/06\/2008."},{"key":"ref3","unstructured":"Arrubla M. (1996). S\u00edntesis de Historia Politica Contemporanea. En Colombia Hoy. Siglo XXI Editores de Colombia."},{"key":"ref4","unstructured":"C\u00e1rdenas, M. E. (2012). Balance cr\u00edtico de la Constituci\u00f3n Pol\u00edtica de 1991. Revista Lanzas y Letras No. 26. Neiva, Huila- Colombia, pp. 23-27."},{"key":"ref5","unstructured":"Cardona, J. -Capit\u00e1n- (2015). Las FARC: de la guerra de movimientos a su punto de inflexi\u00f3n. Fuerza de Tarea Conjunta Omega. Editorial Planeta Colombiana S. A."},{"key":"ref6","unstructured":"Centro de Investigaci\u00f3n en Memoria Hist\u00f3rica Militar (2017). Operaciones Militares de Colombia: Un Camino Hist\u00f3rico en la Modernizaci\u00f3n de las FF.MM."},{"key":"ref7","unstructured":"Corporaci\u00f3n Observatorio para la Paz (2000). Las verdaderas intenciones de las FARC. Editorial: Intermedio, Bogot\u00e1, Colombia."},{"key":"ref8","unstructured":"Corporaci\u00f3n Observatorio para la Paz (2002). Las verdaderas intenciones de los paramilitares. Editorial: Intermedio, Bogot\u00e1, Colombia."},{"key":"ref9","unstructured":"Echand\u00eda C., Bechara E. (2006). Conducta de la guerrilla durante el gobierno Uribe V\u00e9lez: de las l\u00f3gicas de control territorial a las l\u00f3gicas de control estatal. Revista An\u00e1lisis Pol\u00edtico No. 57."},{"key":"ref10","unstructured":"Garc\u00eda, M. (2013). El concepto de insurgencia a debate: una aproximaci\u00f3n te\u00f3rica. Revista de Investigaciones Pol\u00edticas y Sociol\u00f3gicas, Vol. 12 (1), pp. 211-224."},{"key":"ref11","unstructured":"Gramsci, A. (1975). An\u00e1lisis de las situaciones. Relaciones de fuerzas. En: Nueva Antropolog\u00eda, vol. IV, n\u00fam. 16, diciembre, 1980, pp. 7-18."},{"key":"ref12","unstructured":"Guevara, E. (1962). Guerra de guerrillas y guerra de guerrillas un m\u00e9todo. La Habana, Comuna Socialista."},{"key":"ref13","unstructured":"Leal F. (2006). La pol\u00edtica de seguridad democr\u00e1tica: 2002-2005. Revista An\u00e1lisis Pol\u00edtico No. 57."},{"key":"ref14","unstructured":"Lenin V. I. (1972). Qu\u00e9 Hacer?. Cap\u00edtulos II y IV Obras Completas , tomo V, Edit. Cartago, Buenos Aires, o Edit. Quimant\u00fa."},{"key":"ref15","unstructured":"Medina, C. (2006). FARC-EP Notas para una historia pol\u00edtica 1958-2006. Universidad Nacional de Colombia -Sede Bogot\u00e1-."},{"key":"ref16","unstructured":"Molano, A. (1994). Trochas y fusiles. Historias de combatientes. Penguin Random House Grupo Editorial Colombia."},{"key":"ref17","unstructured":"Moreno A. (2006). Transformaciones internas de las FARC a partir de los cambios pol\u00edticos por los que atraviesa el estado colombiano. Pap. Pol\u00edt. Bogot\u00e1 (Colombia), Vol. 11, No. 2, 595-645."},{"key":"ref18","unstructured":"Pizarro, E. (2006). Las FARC-EP: \u00bfrepliegue estrat\u00e9gico, debilitamiento o punto de inflexi\u00f3n?. En Francisco Guti\u00e9rrez (Coord.), Nuestra guerra sin nombre, transformaciones del conflicto en Colombia (Bogot\u00e1: Norma IEPRI, 2006), 187-191."},{"key":"ref19","unstructured":"Pizarro, E. (1989). Los or\u00edgenes del movimiento armado comunista en Colombia: 1949 -1966. Revista An\u00e1lisis Pol\u00edtico No. 7. UN."},{"key":"ref20","unstructured":"Poulantzas, N. (1979). Estado, poder y socialismo. Ed. Siglo XXI. 1989. M\u00e9xico. M\u00e9xico, D. F."},{"key":"ref21","unstructured":"Ronderos, M. T. (2002). Retratos del poder: vidas extremas en la Colombia contempor\u00e1nea. Ediciones Planeta -SEMANA."},{"key":"ref22","unstructured":"Jean-Pierre Sergent, Bruno Muel. Riochiquito. (Francia, 1965) [15 min]."},{"key":"ref23","unstructured":"Uribe, M. (2009). El veto de las \u00e9lites rurales a la distribuci\u00f3n de la tierra en Colombia, Revista de Econom\u00eda Institucional 21, 2009, pp. 93-106."},{"key":"ref24","unstructured":"Tse-Tung, M. (1967). Selecci\u00f3n De Escritos Militares. ed. Pek\u00edn."}],"container-title":["An\u00e1lisis Jur\u00eddico - Pol\u00edtico"],"link":[{"URL":"https:\/\/hemeroteca.unad.edu.co\/index.php\/analisis\/article\/download\/3258\/3648","content-type":"application\/pdf","content-version":"vor","intended-application":"text-mining"},{"URL":"https:\/\/hemeroteca.unad.edu.co\/index.php\/analisis\/article\/download\/3258\/3715","content-type":"text\/html","content-version":"vor","intended-application":"text-mining"},{"URL":"https:\/\/hemeroteca.unad.edu.co\/index.php\/analisis\/article\/download\/3258\/3648","content-type":"unspecified","content-version":"vor","intended-application":"similarity-checking"}],"deposited":{"date-parts":[[2024,2,8]],"date-time":"2024-02-08T15:33:48Z","timestamp":1707406428000},"score":0.0,"resource":{"primary":{"URL":"https:\/\/hemeroteca.unad.edu.co\/index.php\/analisis\/article\/view\/3258"}},"issued":{"date-parts":[[2020,3,5]]},"references-count":25,"journal-issue":{"issue":"2","published-online":{"date-parts":[[2020,3,5]]}},"URL":"https:\/\/doi.org\/10.22490\/26655489.3258","ISSN":["2665-5489","2665-5470"],"issn-type":[{"value":"2665-5489","type":"electronic"},{"value":"2665-5470","type":"print"}],"published":{"date-parts":[[2020,3,5]]}},{"indexed":{"date-parts":[[2024,2,8]],"date-time":"2024-02-08T16:10:38Z","timestamp":1707408638680},"reference-count":22,"publisher":"Universidad Nacional Abierta y a Distancia","issue":"3","license":[{"start":{"date-parts":[[2020,8,21]],"date-time":"2020-08-21T00:00:00Z","timestamp":1597968000000},"content-version":"unspecified","delay-in-days":0,"URL":"https:\/\/creativecommons.org\/licenses\/by-nc-sa\/4.0"}],"content-domain":{"domain":[],"crossmark-restriction":false},"short-container-title":["anal. jur\u00edd. - pol\u00edtico"],"abstract":"<jats:p>The power phenomenon has always called the attention of the human being, but with the same force with which power seduces, attracts and clouds the judgment those who come to hold it, it also generates in others eagerly the need to find the basis and the reason for that power and, especially, to put a limit on it, to control it, to justify its opposite: the right of resistance and civil disobedience. As we know, since ancient times, in Classical Greece with Sophocles and his work Antigone, or Aeschylus and his myth of Prometheus chained,the humankind has debated the limit of obedience to the law, to the ruler, to power, and when, under certain circumstances, disobedience or resistance is justified or \u201cprotected by the gods\u201d. From the hand of different analysis matrices, it is possible to find answers for several of these approaches, which allows us to reach a fundamental meeting point: regardless of the origin of the power or who hold it, it will always be absolutely necessary to establish some boundaries in their exercise, as well as control tools that avoid excesses in such exercise and that also offer remedies or solutions in case they arise. An in-depth analysis of power, of the structures that shape it and of the relationships it establishes in a society, is essential not only to understandthat society, but more importantly, to direct it towards an ideal stage in accordance with the basic and universal principles of well-being, prosperity and realization of both citizens and the entire society, within a framework of respect for fundamental guarantees and democracy .<\/jats:p>","DOI":"10.22490\/26655489.3711","type":"journal-article","created":{"date-parts":[[2020,9,7]],"date-time":"2020-09-07T20:04:46Z","timestamp":1599509086000},"page":"257-290","source":"Crossref","is-referenced-by-count":0,"title":["Dome\u00f1ando la Bestia Magn\u00edfica","Taming the Magnificent Beast"],"prefix":"10.22490","volume":"2","author":[{"given":"Carlos Andr\u00e9s","family":"Zambrano Sanju\u00e1n","sequence":"first","affiliation":[],"role":[{"role":"author","vocabulary":"crossref"}]}],"member":"9784","published-online":{"date-parts":[[2020,8,21]]},"reference":[{"key":"ref0","unstructured":"Arriaga, E. (2003). La teor\u00eda de Niklas Luhmann. En Convergencia Revista de Ciencias Sociales, (32), pp. 277-312. Recuperado el 15 de mayo de 2019 de la siguiente direcci\u00f3n electr\u00f3nica: https:\/\/convergencia.uaemex.mx\/article\/view\/1628"},{"key":"ref1","doi-asserted-by":"publisher","unstructured":"Cer\u00f3n, R. (2014). Econom\u00eda, poder pol\u00edtico y derecho en la teor\u00eda marxista. En Revista de la Facultad de Derecho de M\u00e9xico, 64(262), pp. 145-183. Recuperado el 17 de abril de 2019 de la siguiente direcci\u00f3n electr\u00f3nica: http:\/\/www.revistas.unam.mx\/index.php\/rfdm\/article\/download\/60350\/53235","DOI":"10.22201\/fder.24488933e.2014.262.60350"},{"key":"ref2","unstructured":"Engels, F. (2002). Origen de la familia, la propiedad privada y el Estado. Ciudad de M\u00e9xico, M\u00e9xico: Editores Mexicanos Unidos S.A. (Trabajo original publicado en 1884)."},{"key":"ref3","unstructured":"Engels, F. (2014). Anti-D\u00fcring. Madrid, Espa\u00f1a: Fundaci\u00f3n Federico Engels (Trabajo original publicado en 1878)."},{"key":"ref4","unstructured":"Engels, F. y Marx, K. (2011). Manifiesto del partido comunista. Ciudad de M\u00e9xico, M\u00e9xico: Centro de Estudios Socialistas Carlos Marx (Trabajo original publicado en 1847)."},{"key":"ref5","unstructured":"Foucault, M. (1998). Vigilar y castigar (27a Ed.). M\u00e9xico D.F., M\u00e9xico: Siglo XXI Editores (Trabajo original publicado en 1975)."},{"key":"ref6","unstructured":"Foucault, M. (2000). La verdad y las formas jur\u00eddicas. (E. Lynch, Trad.). Barcelona, Espa\u00f1a: Editorial Gedisa S.A. (Trabajo original publicado en 1978)"},{"key":"ref7","unstructured":"Foucault, M. (2012). El poder, una bestia magn\u00edfica: sobre el poder, la prisi\u00f3n y la vida. (H. Pons, Trad.). Avellaneda, Argentina: Siglo Veintiuno Editores S.A. (Trabajo original publicado en 1994)."},{"key":"ref8","unstructured":"Foucault, M. (2014). Obrar mal, decir la verdad. (H. Pons, Trad.). Buenos Aires, Argentina: Siglo Veintiuno Editores S.A. (Trabajo original publicado en 2012)."},{"key":"ref9","unstructured":"Harari, Y. (2014). De animales a dioses. Breve historia de la humanidad. (J. Ros, Trad.). Bogot\u00e1 D.C., Colombia: Penguin Random House Grupo Editorial S.A.S. (Trabajo original publicado en 2011)."},{"key":"ref10","unstructured":"Harari, Y. (2016). Homo deus. Breve historia del ma\u00f1ana. (J. Ros, Trad.). Bogot\u00e1 D.C., Colombia: Penguin Random House Grupo Editorial S.A.S. (Trabajo original publicado en 2015)."},{"key":"ref11","unstructured":"Leonhard, W. (2008, 05, 05). Entrevista a Wolfgang Leonhard. Deutsche Welle (DW-World). Recuperado el 23 de junio de 2019 de la siguiente direcci\u00f3n electr\u00f3nica: https:\/\/www.dw.com\/es\/marx-no-se-cans%C3%B3-de-repetir-que-no-era-marxista\/a-3313328"},{"key":"ref12","unstructured":"Luhmann, N. (1995). Poder. (L. Talbot y D. Rodr\u00edguez, Trads.). Barcelona, Espa\u00f1a: Anthropos Editorial - Universidad Iberoamericana (M\u00e9xico D.F.) - Instituto de Sociolog\u00eda de la Pontificia Universidad Cat\u00f3lica de Chile (Santiago de Chile). (Trabajo original publicado en 1975)."},{"key":"ref13","unstructured":"Luhmann, N. (2003). El derecho de la sociedad. Recuperado el 25 de febrero de 2019 de la siguiente direcci\u00f3n electr\u00f3nica: https:\/\/archive.org\/details\/LuhmannNiklasElDerechoDeLaSociedad"},{"key":"ref14","unstructured":"Luhmann, N. (2006). La sociedad de la sociedad. (J. Torres y D. Rodr\u00edguez, Trads.). M\u00e9xico D.F., M\u00e9xico: Editorial Herder - Universidad Iberoamericana (M\u00e9xico D.F.). (Trabajo original publicado en 1997)."},{"key":"ref15","unstructured":"Mej\u00eda, O. (1997). Justicia y democracia consensual. La teor\u00eda neocontractualista en John Rawls. Bogot\u00e1 D.C., Colombia: Ediciones Uniandes - Siglo del Hombre Editores."},{"key":"ref16","unstructured":"Nikitin, P. (s.f.). Econom\u00eda pol\u00edtica. Recuperado el 17 de abril de 2019 de la siguiente direcci\u00f3n electr\u00f3nica: https:\/\/leonesrojos.files.wordpress.com\/2010\/07\/economia-politica-p-nikitin.pdf"},{"key":"ref17","unstructured":"Rawls, J. (1995). Teor\u00eda de la justicia. (2a Ed.; M. Gonz\u00e1lez, Trad.). M\u00e9xico D.F., M\u00e9xico: Fondo de Cultura Econ\u00f3mica. (Trabajo original publicado en 1971)."},{"key":"ref18","unstructured":"Santos, B. (1998). De la mano de Alicia. Lo social y lo pol\u00edtico en la postmodernidad. (C. Bernal y M. Garc\u00eda, Trads.). Bogot\u00e1 D.C., Colombia: Ediciones Uniandes - Siglo del Hombre Editores. (Trabajo original publicado en 1995)."},{"key":"ref19","unstructured":"Stedman, G. (2018, 04, 05). Entrevista a Gareth Stedman. La voz de Galicia. Recuperado el 23 de junio de 2019 de la siguiente direcci\u00f3n electr\u00f3nica: https:\/\/www.lavozdegalicia.es\/noticia\/cultura\/2018\/04\/05\/marx-era-marxista-marxismo-invento-sobre-engels\/0003_201804G5P38991.htm"},{"key":"ref20","unstructured":"Torres, J. (1999). Introducci\u00f3n a la teor\u00eda de sistemas de Niklas Luhmann. M\u00e9xico D.F., M\u00e9xico: Universidad Nacional Aut\u00f3noma de M\u00e9xico - Centro de Investigaciones Interdisciplinarias en Ciencias y Humanidades."},{"key":"ref21","unstructured":"Zambrano, C. (2019). El control judicial integral de los actos pol\u00edticos o de gobierno dentro del Estado Social y Democr\u00e1tico de Derecho Colombiano. Tesis de Maestr\u00eda en Derecho Administrativo, no publicada [En proceso de publicaci\u00f3n]. Universidad Libre, Bogot\u00e1 D.C., Colombia."}],"container-title":["An\u00e1lisis Jur\u00eddico - Pol\u00edtico"],"link":[{"URL":"https:\/\/hemeroteca.unad.edu.co\/index.php\/analisis\/article\/download\/3711\/4107","content-type":"application\/pdf","content-version":"vor","intended-application":"text-mining"},{"URL":"https:\/\/hemeroteca.unad.edu.co\/index.php\/analisis\/article\/download\/3711\/4107","content-type":"unspecified","content-version":"vor","intended-application":"similarity-checking"}],"deposited":{"date-parts":[[2024,2,8]],"date-time":"2024-02-08T15:33:36Z","timestamp":1707406416000},"score":0.0,"resource":{"primary":{"URL":"https:\/\/hemeroteca.unad.edu.co\/index.php\/analisis\/article\/view\/3711"}},"subtitle":["An\u00e1lisis y deconstrucci\u00f3n del fen\u00f3meno del poder desde varias perspectivas","Analysis and deconstruction of the phenomenon of power from some perspectives"],"issued":{"date-parts":[[2020,8,21]]},"references-count":22,"journal-issue":{"issue":"3","published-online":{"date-parts":[[2020,8,21]]}},"URL":"https:\/\/doi.org\/10.22490\/26655489.3711","ISSN":["2665-5489","2665-5470"],"issn-type":[{"value":"2665-5489","type":"electronic"},{"value":"2665-5470","type":"print"}],"published":{"date-parts":[[2020,8,21]]}},{"indexed":{"date-parts":[[2023,11,20]],"date-time":"2023-11-20T07:55:07Z","timestamp":1700466907841},"reference-count":0,"publisher":"Universidad Nacional Abierta y a Distancia","issue":"2","license":[{"start":{"date-parts":[[2016,12,14]],"date-time":"2016-12-14T00:00:00Z","timestamp":1481673600000},"content-version":"unspecified","delay-in-days":0,"URL":"http:\/\/creativecommons.org\/licenses\/by-nc-sa\/4.0"}],"content-domain":{"domain":[],"crossmark-restriction":false},"short-container-title":["rev.investig.agrar.ambient."],"abstract":"<jats:p>&lt;p&gt;&lt;em&gt;En la presente investigaci\u00f3n fueron realizados experimentos de filtraci\u00f3n de flujo ascendente en\u00a0 l\u00ednea, a escala piloto, para evaluar el desempe\u00f1o del coagulante natural quitosano en la extracci\u00f3n de microesferas de poliestireno con dimensiones similares a Cryptosporidium oocysts, en el tratamiento de aguas con turbidez natural aproximada de 30 uT, inducida con caolinita. Los par\u00e1metros evaluados fueron turbidez, materia org\u00e1nica (absorbancia a 254 nm) y concentraci\u00f3n de microesferas. Inicialmente, se realizaron pruebas de jarras para la construcci\u00f3n del diagrama de coagulaci\u00f3n y la definici\u00f3n de las condiciones para ser adoptadas en experimentos de filtraci\u00f3n.&lt;\/em&gt; Los experimentos de filtraci\u00f3n de flujo ascendente en l\u00ednea se efectuaron en condiciones de coagulaci\u00f3n de dosis \u00f3ptimas, super-\u00f3ptimas y sub-\u00f3ptimas. El diagrama de coagulaci\u00f3n mostr\u00f3 una regi\u00f3n de un rendimiento \u00f3ptimo de quitosano, correspondiente a los valores de turbidez del efluente de 0,5 uT a 0.25 uT en dosis entre 0,9 e 1,5 mg\/L y pH valores entre 5 y 6. En los experimentos de filtraci\u00f3n en condiciones de coagulaci\u00f3n \u00f3ptima la turbiedez promedio del efluente fue 0.29 uT durante el funcionamiento normal del sistema. En la coagulaci\u00f3n de esta condici\u00f3n la extracci\u00f3n de microesferas oscil\u00f3 entre 4,3 log e log 4.9. En condiciones de coagulaci\u00f3n super-\u00f3ptima y sub\u00f3ptima, se afect\u00f3 el rendimiento del filtro con incrementos en la turbidez del efluente y fue acompa\u00f1ado por la reducci\u00f3n en la extracci\u00f3n de microesferas con respecto a la condici\u00f3n de coagulaci\u00f3n \u00f3ptima del orden de 0,65 a 0,98 log, respectivamente, durante el funcionamiento normal del sistema, lo que indica que estas condiciones de coagulaci\u00f3n conducen a aumentar el n\u00famero de part\u00edculas con dimensiones similares a &lt;em&gt;Cryptosporidium oocysts&lt;\/em&gt; en el efluente del filtro, lo cual puede comprometer la calidad microbiol\u00f3gica del agua producida&lt;em&gt;. Finalmente, en todas las condiciones de coagulaci\u00f3n investigadas con absorbancia (UV254 nm) la extracci\u00f3n media fue de 50%.&lt;\/em&gt;&lt;\/p&gt;<\/jats:p>","DOI":"10.22490\/21456453.1554","type":"journal-article","created":{"date-parts":[[2017,3,28]],"date-time":"2017-03-28T15:39:52Z","timestamp":1490715592000},"page":"15","source":"Crossref","is-referenced-by-count":1,"title":["Eliminaci\u00f3n de part\u00edculas similares a Cryptosporidium ooquistes por filtraci\u00f3n directa ascendente utilizando un coagulante natural: estudio a escala piloto"],"prefix":"10.22490","volume":"7","author":[{"given":"Ingrith Marcela","family":"Romero M\u00e9ndez","sequence":"first","affiliation":[],"role":[{"role":"author","vocabulary":"crossref"}]},{"given":"Yovanka","family":"P\u00e9rez Ginoris","sequence":"additional","affiliation":[],"role":[{"role":"author","vocabulary":"crossref"}]},{"given":"Cristina Celia","family":"Silveira Brand\u00e3o","sequence":"additional","affiliation":[],"role":[{"role":"author","vocabulary":"crossref"}]},{"given":"Marcely","family":"Ferreira Nascimento","sequence":"additional","affiliation":[],"role":[{"role":"author","vocabulary":"crossref"}]}],"member":"9784","published-online":{"date-parts":[[2016,12,14]]},"container-title":["Revista de Investigaci\u00f3n Agraria y Ambiental"],"link":[{"URL":"http:\/\/hemeroteca.unad.edu.co\/index.php\/riaa\/article\/viewFile\/1554\/1901","content-type":"application\/pdf","content-version":"vor","intended-application":"text-mining"},{"URL":"http:\/\/hemeroteca.unad.edu.co\/index.php\/riaa\/article\/viewFile\/1554\/1882","content-type":"text\/html","content-version":"vor","intended-application":"text-mining"}],"deposited":{"date-parts":[[2017,3,28]],"date-time":"2017-03-28T15:39:58Z","timestamp":1490715598000},"score":0.0,"resource":{"primary":{"URL":"http:\/\/hemeroteca.unad.edu.co\/index.php\/riaa\/article\/view\/1554"}},"issued":{"date-parts":[[2016,12,14]]},"references-count":0,"journal-issue":{"issue":"2","published-online":{"date-parts":[[2016,12,14]]}},"URL":"https:\/\/doi.org\/10.22490\/21456453.1554","ISSN":["2145-6453","2145-6097"],"issn-type":[{"value":"2145-6453","type":"electronic"},{"value":"2145-6097","type":"print"}],"published":{"date-parts":[[2016,12,14]]}},{"indexed":{"date-parts":[[2025,2,21]],"date-time":"2025-02-21T22:52:38Z","timestamp":1740178358488,"version":"3.37.3"},"reference-count":29,"publisher":"Universidad Nacional Abierta y a Distancia","issue":"1","license":[{"start":{"date-parts":[[2019,5,21]],"date-time":"2019-05-21T00:00:00Z","timestamp":1558396800000},"content-version":"unspecified","delay-in-days":0,"URL":"http:\/\/creativecommons.org\/licenses\/by-nc-sa\/4.0"}],"content-domain":{"domain":[],"crossmark-restriction":false},"short-container-title":["Rev. Estrateg. Organ."],"abstract":"<jats:p>La metodolog\u00eda de mejora de la productividad Seis Sigma se ha presentado como una forma efectiva de eliminar y reducir las ineficiencias y defectos en los distintos procesos productivos, aumentando tanto la satisfacci\u00f3n de clientes como la rentabilidad de las compa\u00f1\u00edas. Desde hace m\u00e1s de 25 a\u00f1os, esta metodolog\u00eda ha sido empleada con notable \u00e9xito en muchas multinacionales, particularmente,\u00a0del sector de productos masivos y \u00e1reas operativas. Con base en un enfoque reflexivo y de revisi\u00f3n documental sobre los aspectos fundamentales del modelo de Seis Sigma, se plantea la b\u00fasqueda de la excelencia en los procesos productivos, se describe su inicio como herramienta de control estad\u00edstico de procesos y su evoluci\u00f3n como estrategia de gesti\u00f3n de calidad. Adem\u00e1s, se abordan los conceptos b\u00e1sicos que hacen viable su integraci\u00f3n con la visi\u00f3n y misi\u00f3n de las organizaciones y se promueve la apropiaci\u00f3n del modelo DMAMC \u2014definir-medir-analizar-mejorar-controlar\u2014 para realizar propuestas de investigaci\u00f3n con \u00e9nfasis en la implementaci\u00f3n de Seis Sigma en empresas de servicios de educaci\u00f3n superior, contando con el trabajo colectivo integrado de todos los colaboradores en la b\u00fasqueda de la mejora continua de procesos. El alcance del presente abordaje del modelo Seis Sigma pretende introducir su metodolog\u00eda en el proceso de Gesti\u00f3n del Conocimiento, espec\u00edficamente en el \u00e1rea de producci\u00f3n de aulas virtuales de la Universidad EAN.<\/jats:p>","DOI":"10.22490\/25392786.3173","type":"journal-article","created":{"date-parts":[[2019,5,29]],"date-time":"2019-05-29T15:42:02Z","timestamp":1559144522000},"page":"59-83","source":"Crossref","is-referenced-by-count":0,"title":["Introducci\u00f3n de la medida de calidad en la producci\u00f3n de aulas virtuales de la universidad EAN. Seis Sigma"],"prefix":"10.22490","volume":"8","author":[{"ORCID":"https:\/\/orcid.org\/0000-0002-7963-6233","authenticated-orcid":false,"given":"Henry Manuel","family":"Ortega Jim\u00e9nez","sequence":"first","affiliation":[],"role":[{"role":"author","vocabulary":"crossref"}]},{"ORCID":"https:\/\/orcid.org\/0000-0002-7742-1116","authenticated-orcid":false,"given":"Luz Carmen","family":"Anaya Salad\u00e9n","sequence":"additional","affiliation":[],"role":[{"role":"author","vocabulary":"crossref"}]},{"ORCID":"https:\/\/orcid.org\/0000-0001-8665-4803","authenticated-orcid":false,"given":"Naira Naira","family":"Hern\u00e1ndez Rojas","sequence":"additional","affiliation":[],"role":[{"role":"author","vocabulary":"crossref"}]},{"ORCID":"https:\/\/orcid.org\/0000-0001-7091-5896","authenticated-orcid":false,"given":"Sandra Roc\u00edo","family":"Valbuena Castillo","sequence":"additional","affiliation":[],"role":[{"role":"author","vocabulary":"crossref"}]}],"member":"9784","published-online":{"date-parts":[[2019,5,21]]},"reference":[{"key":"ref0","unstructured":"Alonso, V. (2003). Six Sigma: Muy cerca de la perfecci\u00f3n. Entrevista a Mikel Harry. WOBI. Gesti\u00f3n, 8, WOBI, World of Business Ideas. Recuperado en: http:\/\/www.wobi.com\/es\/articles\/six-sigma-muy-cerca-de-la-perfecci\u00f3n."},{"key":"ref1","unstructured":"\u202aAtkinson\u202c, I. (2012). \u202aEssential Guide to Business Writing: How to write to engage, persuade and sell\u202c. UK: Pearson, Financial Times.\u202c\u202c\u202c\u202c\u202c\u202c\u202c\u202c\u202c\u202c\u202c\u202c\u202c\u202c\u202c\u202c\u202c\u202c\u202c\u202c\u202c\u202c\u202c\u202c\u202c\u202c\u202c\u202c\u202c\u202c\u202c\u202c\u202c\u202c\u202c\u202c\u202c\u202c\u202c\u202c\u202c\u202c\u202c\u202c\u202c\u202c\u202c\u202c\u202c\u202c\u202c\u202c"},{"key":"ref2","unstructured":"Barba, E., Boix, F. y Cuatrecasas, L. (2000). Seis sigma: una iniciativa de calidad total. Barcelona, Espa\u00f1a: Ediciones Gesti\u00f3n."},{"key":"ref3","unstructured":"Barbosa, E. (2012). Metodolog\u00eda para la integraci\u00f3n de Seis Sigma y Lean en una empresa PyME: un enfoque participativo entre la academia y las PyMEs Tamaulipecas. Universidad de Le\u00f3n, M\u00e9xico. Recuperado en: http:\/\/www.tdx.cat\/handle\/10803\/113434"},{"key":"ref4","unstructured":"Bernal, C. A. (2010). Metodolog\u00eda de la Investigaci\u00f3n. Bogot\u00e1, Colombia: Pearson."},{"key":"ref5","unstructured":"Chase, R. (2012). Administraci\u00f3n de operaciones: Producci\u00f3n y cadena de registros. M\u00e9xico: McGrawHill."},{"key":"ref6","unstructured":"Eckes, G. (2004). El six sigma para todos. Bogot\u00e1, Colombia: Grupo Editorial Norma."},{"key":"ref7","unstructured":"Escalante, V. E. J. (2013). Seis-sigma: metodolog\u00eda y t\u00e9cnicas. M\u00e9xico: Limusa; Noriega Editores."},{"key":"ref8","unstructured":"Figuerola, N. (2009). Six Sigma. Recuperado en: http:\/\/pmquality.files.wordpress.com\/2009\/08\/seis-sigma-articulos.pdf"},{"key":"ref9","unstructured":"Gardner, D., Bryce, I., Kleinier, J., Pitt, B. (Pro.); Carnahan, M., Goddard, D., Lindelof, D., Straczynski, J. M., Brooks, M. (R.), and Forster, M. (Dir.). (2013). Guerra Mundial Z. Estados Unidos: Paramount Pictures; Skydance Productions; Plan B Entertainment. United International Pictures (UIP)."},{"key":"ref10","unstructured":"G\u00f3mez-Dacal, G. (2004). K sigma: teor\u00eda de las organizaciones y control de calidad (de la ense\u00f1anza). Salamanca, Espa\u00f1a: Ediciones Universidad de Salamanca."},{"key":"ref11","unstructured":"Guti\u00e9rrez P., H. y De la Vara S., R. (2013). Control estad\u00edstico de calidad y seis sigma. M\u00e9xico: McGraw Hill."},{"key":"ref12","unstructured":"\u202aHitoshi, K. (2002). Herramientas estad\u00edsticas b\u00e1sicas para el mejoramiento de la calidad. Barcelona, Espa\u00f1a: Editorial Norma.\u202c\u202c\u202c\u202c\u202c\u202c \u202c\u202c"},{"key":"ref13","unstructured":"Kumar, D. (2009). Six sigmas, las mejores pr\u00e1cticas : una gu\u00eda de la excelencia en el proceso de los negocios. Bogot\u00e1, Colombia: Panamericana Editorial: 3R Editores."},{"key":"ref14","unstructured":"\u202aMembrado, M. J. (2013) Metodolog\u00edas avanzadas para la planificaci\u00f3n y mejora: planificaci\u00f3n estrat\u00e9gica, BSC, autoevaluaci\u00f3n EFQM, Seis Sigma: un sencillo enfoque integrado para las PYMES (con sentido com\u00fan). Madrid, Espa\u00f1a: D\u00edaz de Santos. Recuperado en: books.google.com\u202c\u202c"},{"key":"ref15","unstructured":"Motorola Museum of Electronics. (1997). Motorola Family Album. New York: Dick Young Productions. Recuperado en: http:\/\/youtu.be\/oujbiQSBYjw"},{"key":"ref16","unstructured":"Pa\u00eds Curto, J. R. (2013). BPM (Business Process Management): C\u00f3mo alcanzar la agilidad y eficiencia operacional a trav\u00e9s de BPM y la empresa orientada a procesos. Recuperado en: BPMteca.com"},{"key":"ref17","unstructured":"Pande, P., Neuman, R. y Cavanagh, R. (2004) Las claves pr\u00e1cticas de Seis Sigma: una gu\u00eda dirigida a los equipos de mejora de procesos. Trad. J.M. y E. Bernat de la primera edici\u00f3n en ingl\u00e9s de The Six Sigma Way. Team Fieldbook, 2002. Madrid: McGraw Hill \/ Interamericana de Espa\u00f1a. (Impreso en Colombia)"},{"key":"ref18","unstructured":"Pande, P. S., Neuman, R. P. y Cavanagh, R. R. (2002) Las claves de Seis Sigma: la implantaci\u00f3n con \u00e9xito de una cultura que revoluciona el mundo empresarial. Trad. Ana Matos de la edici\u00f3n original en lengua inglesa (2000) Madrid, Espa\u00f1a: McGraw Hill \/ Interamericana de Espa\u00f1a."},{"key":"ref19","unstructured":"Pande, P. S. y Holpp, L. (2002). \u00bfQu\u00e9 es seis sigma? Madrid, Espa\u00f1a: McGraw-Hill."},{"key":"ref20","unstructured":"Pande, P., Neuman, R. y Cavanagh, R. (2000). The Six Sigma Way: How GE, Motorola, and Other Top Companies are Honing Their Performance. McGraw Hill Professional. Recuperado En: http:\/\/books.google.com.co\/books?id=ybOuvzvcqTAC&printsec=frontcover"},{"key":"ref21","unstructured":"R\u00edos, G. y Ricardo, M. (2013). Seguimiento, medici\u00f3n, an\u00e1lisis y mejora en los sistemas de gesti\u00f3n: enfoque bajo indicadores de gesti\u00f3n y balanced scorecard. Bogot\u00e1, Colombia: ICONTEC."},{"key":"ref22","unstructured":"Schroeder, R. G.; Meyer Golstein, S. y Rungtusanatham, M. (2011). Administraci\u00f3n de operaciones: conceptos y casos contempor\u00e1neos. M\u00e9xico: McGraw-Hill Interamericana."},{"key":"ref23","unstructured":"Thomke, S. H. y Mona, S. ( 2013). The Dabbawala System: On-Time Delivery, Every Time. Harvard Business School Case 610-059. Recuperado en: http:\/\/www.hbs.edu\/faculty\/Pages\/item.aspx?num=38410"},{"key":"ref24","unstructured":"Valderrey Sanz, P. (2013). Herramientas para la calidad total. Madrid, Espa\u00f1a: Starbook."},{"key":"ref25","unstructured":"Ventura, G. (2014). Un nuevo enfoque de la confiabilidad, usando el seis sigma en la matriz de riesgo. Recuperado en: http:\/\/cidesi.com\/contenidos2014\/confiabilidad.pdf"},{"key":"ref26","doi-asserted-by":"crossref","unstructured":"Vitasek, K., Manrodt, K. y Kling, J. (2013) Vested: el modelo que P&G, Microsoft y McDonald's adoptaron para redefinir el \u00e9xito en los negocios. Bogot\u00e1, Colombia: Norma.","DOI":"10.1007\/978-1-137-51190-4"},{"key":"ref27","unstructured":"Wheat, B. (2008). Seis sigma: una par\u00e1bola sobre el camino hacia la excelencia y una empresa esbelta. Bogot\u00e1, Colombia: Grupo Editorial Norma, 2008."},{"key":"ref28","unstructured":"Wobi World of Business Ideas (2012). Cinco preguntas a Jack Welch. en: http:\/\/www.wobi.com\/es\/wbftv\/cinco-preguntas-jack-welch"}],"container-title":["Revista Estrategia Organizacional"],"link":[{"URL":"http:\/\/hemeroteca.unad.edu.co\/index.php\/revista-estrategica-organizacio\/article\/viewFile\/3173\/3180","content-type":"application\/pdf","content-version":"vor","intended-application":"text-mining"},{"URL":"http:\/\/hemeroteca.unad.edu.co\/index.php\/revista-estrategica-organizacio\/article\/viewFile\/3173\/3173","content-type":"text\/html","content-version":"vor","intended-application":"text-mining"},{"URL":"http:\/\/hemeroteca.unad.edu.co\/index.php\/revista-estrategica-organizacio\/article\/viewFile\/3173\/3173","content-type":"unspecified","content-version":"vor","intended-application":"similarity-checking"}],"deposited":{"date-parts":[[2023,9,17]],"date-time":"2023-09-17T00:44:31Z","timestamp":1694911471000},"score":0.0,"resource":{"primary":{"URL":"http:\/\/hemeroteca.unad.edu.co\/index.php\/revista-estrategica-organizacio\/article\/view\/3173"}},"issued":{"date-parts":[[2019,5,21]]},"references-count":29,"journal-issue":{"issue":"1","published-online":{"date-parts":[[2019,5,21]]}},"URL":"https:\/\/doi.org\/10.22490\/25392786.3173","ISSN":["2539-2786","2339-3866"],"issn-type":[{"type":"electronic","value":"2539-2786"},{"type":"print","value":"2339-3866"}],"published":{"date-parts":[[2019,5,21]]}},{"indexed":{"date-parts":[[2022,3,30]],"date-time":"2022-03-30T05:32:11Z","timestamp":1648618331584},"reference-count":0,"publisher":"Universidad Nacional Abierta y a Distancia","issue":"1","license":[{"start":{"date-parts":[[2016,6,6]],"date-time":"2016-06-06T00:00:00Z","timestamp":1465171200000},"content-version":"unspecified","delay-in-days":0,"URL":"http:\/\/creativecommons.org\/licenses\/by-nc-sa\/4.0"}],"content-domain":{"domain":[],"crossmark-restriction":false},"short-container-title":["rev.investig.agrar.ambient."],"abstract":"<jats:p>La producci\u00f3n limpia en los \u00faltimos a\u00f1os ha alcanzado gran inter\u00e9s a nivel mundial, cada d\u00eda los consumidores se preocupan m\u00e1s por la salud y han optado por el consumo de hortalizas que est\u00e9n libres de agroqu\u00edmicos y que no hayan sido regadas con aguas servidas. Los productores colombianos con el fin de lograr altos rendimientos y minimizaci\u00f3n de problemas fitosanitarios se han dedicado a realizar aplicaciones e incorporaci\u00f3n de fertilizantes de s\u00edntesis qu\u00edmica, alterando las dosis y utilizando aguas que no son aptas para riego, obteniendo como producto final cultivos con altas trazas de agroqu\u00edmicos, metales pesados y microorganismos perjudiciales para la salud humana. Metodol\u00f3gicamente, se evalu\u00f3 en campo el lixiviado agroecol\u00f3gico del cultivo de lechuga tomando en cuenta las variables: peso y tama\u00f1o de la cabeza de lechuga. Se encontr\u00f3 que el tratamiento con microorganismos eficientes presenta mayor peso y di\u00e1metro de cabeza de lechuga. Se concluye que el cultivo presenta mejores condiciones fitosanitarias y vigorosidad<\/jats:p>","DOI":"10.22490\/21456453.1534","type":"journal-article","created":{"date-parts":[[2017,3,28]],"date-time":"2017-03-28T15:39:08Z","timestamp":1490715548000},"page":"47","source":"Crossref","is-referenced-by-count":0,"title":["Evaluaci\u00f3n del lixiviado agroecol\u00f3gico como acondicionador del suelo en cultivo de lechuga (Lactuca sativa) variedad crespa verde"],"prefix":"10.22490","volume":"7","author":[{"given":"Carlos Arturo","family":"Granada Torres","sequence":"first","affiliation":[],"role":[{"role":"author","vocabulary":"crossref"}]},{"given":"Yolvi","family":"Prada Mill\u00e1n","sequence":"additional","affiliation":[],"role":[{"role":"author","vocabulary":"crossref"}]}],"member":"9784","published-online":{"date-parts":[[2016,6,6]]},"container-title":["Revista de Investigaci\u00f3n Agraria y Ambiental"],"link":[{"URL":"http:\/\/hemeroteca.unad.edu.co\/index.php\/riaa\/article\/viewFile\/1534\/1856","content-type":"application\/pdf","content-version":"vor","intended-application":"text-mining"},{"URL":"http:\/\/hemeroteca.unad.edu.co\/index.php\/riaa\/article\/viewFile\/1534\/1833","content-type":"text\/html","content-version":"vor","intended-application":"text-mining"}],"deposited":{"date-parts":[[2017,3,28]],"date-time":"2017-03-28T15:39:10Z","timestamp":1490715550000},"score":0.0,"resource":{"primary":{"URL":"http:\/\/hemeroteca.unad.edu.co\/index.php\/riaa\/article\/view\/1534"}},"issued":{"date-parts":[[2016,6,6]]},"references-count":0,"journal-issue":{"issue":"1","published-online":{"date-parts":[[2016,6,6]]}},"URL":"https:\/\/doi.org\/10.22490\/21456453.1534","ISSN":["2145-6453","2145-6097"],"issn-type":[{"value":"2145-6453","type":"electronic"},{"value":"2145-6097","type":"print"}],"published":{"date-parts":[[2016,6,6]]}},{"indexed":{"date-parts":[[2022,4,5]],"date-time":"2022-04-05T15:33:30Z","timestamp":1649172810543},"reference-count":0,"publisher":"Universidad Nacional Abierta y a Distancia","issue":"2","license":[{"start":{"date-parts":[[2015,12,15]],"date-time":"2015-12-15T00:00:00Z","timestamp":1450137600000},"content-version":"unspecified","delay-in-days":0,"URL":"http:\/\/creativecommons.org\/licenses\/by-nc-sa\/4.0"}],"content-domain":{"domain":[],"crossmark-restriction":false},"short-container-title":["rev.investig.agrar.ambient."],"abstract":"<jats:p>&lt;p&gt;La leptospirosis es una enfermedad de gran importancia en el mundo debido a su componente zoonotico, el objetivo de esta investigaci\u00f3n fue realizar una asociaci\u00f3n entre la presencia de la enfermedad en animales dom\u00e9sticos, humanos y roedores silvestres en Latinoamerica. Se llev\u00f3 a cabo una revisi\u00f3n bibliogr\u00e1fica haciendo \u00e9nfasis en reportes asociados a roedores silvestres en los \u00faltimos 50 anos. Como resultado se pudo establecer que los roedores silvestres seropositivos a la bacteria, en la mayor\u00eda de los casos, resultaban negativos en cultivo y los t\u00edtulos eran bajos en comparaci\u00f3n con la seroprevalencia en los animales dom\u00e9sticos, por lo que se deduce que son el principal factor de riesgo. Por tanto, es necesario establecer un control estricto en las explotaciones pecuarias, asi como realizar estudios minuciosos, con el fin de disminuir los brotes en humanos e impedir la diseminaci\u00f3n de la enfermedad a la fauna silvestre y la propagaci\u00f3n de la enfermedad en humanos.&lt;\/p&gt;<\/jats:p>","DOI":"10.22490\/21456453.1407","type":"journal-article","created":{"date-parts":[[2017,3,28]],"date-time":"2017-03-28T15:37:55Z","timestamp":1490715475000},"page":"85","source":"Crossref","is-referenced-by-count":1,"title":["Diagn\u00f3stico y monitoreo de leptospirosis en Latinoam\u00e9rica"],"prefix":"10.22490","volume":"6","author":[{"given":"Oscar","family":"Moreno Foglia","sequence":"first","affiliation":[],"role":[{"role":"author","vocabulary":"crossref"}]},{"given":"Catalina","family":"Trujillo Salinas","sequence":"additional","affiliation":[],"role":[{"role":"author","vocabulary":"crossref"}]},{"given":"Cicero Antonio","family":"Maia Cavalcante","sequence":"additional","affiliation":[],"role":[{"role":"author","vocabulary":"crossref"}]},{"given":"Jos\u00e9 Camilo","family":"Torres Romero","sequence":"additional","affiliation":[],"role":[{"role":"author","vocabulary":"crossref"}]}],"member":"9784","published-online":{"date-parts":[[2015,12,15]]},"container-title":["Revista de Investigaci\u00f3n Agraria y Ambiental"],"link":[{"URL":"http:\/\/hemeroteca.unad.edu.co\/index.php\/riaa\/article\/viewFile\/1407\/1731","content-type":"application\/pdf","content-version":"vor","intended-application":"text-mining"}],"deposited":{"date-parts":[[2017,3,28]],"date-time":"2017-03-28T15:38:03Z","timestamp":1490715483000},"score":0.0,"resource":{"primary":{"URL":"http:\/\/hemeroteca.unad.edu.co\/index.php\/riaa\/article\/view\/1407"}},"issued":{"date-parts":[[2015,12,15]]},"references-count":0,"journal-issue":{"issue":"2","published-online":{"date-parts":[[2015,12,15]]}},"URL":"https:\/\/doi.org\/10.22490\/21456453.1407","ISSN":["2145-6453","2145-6097"],"issn-type":[{"value":"2145-6453","type":"electronic"},{"value":"2145-6097","type":"print"}],"published":{"date-parts":[[2015,12,15]]}},{"indexed":{"date-parts":[[2023,3,29]],"date-time":"2023-03-29T16:13:14Z","timestamp":1680106394458},"reference-count":0,"publisher":"Universidad Nacional Abierta y a Distancia","isbn-type":[{"value":"9789586517355","type":"print"}],"content-domain":{"domain":[],"crossmark-restriction":false},"abstract":"<jats:p>Esta investigaci\u00f3n tiene como objetivo identificar cu\u00e1les son las implicaciones de tener dos o m\u00e1s autom\u00f3viles de uso particular en Bogot\u00e1. Entendiendo esta decisi\u00f3n como uno de los aspectos de mayor relevancia en t\u00e9rminos de movilidad, pues caracteriza  el  desarrollo  y  el  bienestar  de  una  comunidad,  brinda  la  posibilidad  y  facilidad  de  desplazarse  de  un  lugar  a  otro  para  realizar  diferentes  actividades.  Cabe resaltar que esta investigaci\u00f3n aplica a las grandes ciudades del mundo que presentan  este  problema.  Es  por  lo  anterior  que  Bogot\u00e1  al  ser  una  ciudad  capital  ocupa el tercer puesto de los mayores problemas que enfrenta la ciudad referente a la movilidad. (Redacci\u00f3n Bogot\u00e1, 2015).Este gran problema se relaciona con la teor\u00eda de la tragedia de los comunes. Para la identificaci\u00f3n de las implicaciones que afectan la decisi\u00f3n de tener dos o m\u00e1s veh\u00edculos se realiz\u00f3 un ejercicio de estimaci\u00f3n a trav\u00e9s de un modelo probit a partir de los microdatos de la Encuesta Multiprop\u00f3sito para Bogot\u00e1 2011 y 2014. Seguido de un desarrollo anal\u00edtico descriptivo donde se contrast\u00f3 la variable ex\u00f3gena con res-pecto a cada una de las variables end\u00f3genas por medio de tablas y gr\u00e1ficas. Dentro de los resultados m\u00e1s relevantes se encuentra que: las facilidades econ\u00f3micas, un mayor nivel educativo, estar casado o en uni\u00f3n libre, tener vivienda propia y garaje son factores que facilitan a las personas tener dos o m\u00e1s de un autom\u00f3vil. Por \u00faltimo, se muestra una propuesta que incentive el uso compartido de los viajes hacia el trabajo, el estudio, entre otros. Todo dentro del marco legal bajo los lineamientos del Ministerio de Transporte.<\/jats:p>","DOI":"10.22490\/9789586517355.01","type":"book-chapter","created":{"date-parts":[[2023,3,29]],"date-time":"2023-03-29T15:41:15Z","timestamp":1680104475000},"page":"12-33","source":"Crossref","is-referenced-by-count":0,"title":["Implicaciones de tener dos o m\u00e1s autom\u00f3viles un problema de movilidad"],"prefix":"10.22490","author":[{"given":"Milton Fernando","family":"Angulo Camargo","sequence":"first","affiliation":[],"role":[{"role":"author","vocabulary":"crossref"}]}],"member":"9784","published-online":{"date-parts":[[2019,12,1]]},"container-title":["Impacto de la innovaci\u00f3n y la gesti\u00f3n de las organizaciones"],"deposited":{"date-parts":[[2023,3,29]],"date-time":"2023-03-29T15:41:18Z","timestamp":1680104478000},"score":0.0,"resource":{"primary":{"URL":"https:\/\/libros.unad.edu.co\/index.php\/selloeditorial\/catalog\/view\/116\/112\/619"}},"issued":{"date-parts":[[2019,12,1]]},"ISBN":["9789586517355"],"references-count":0,"URL":"https:\/\/doi.org\/10.22490\/9789586517355.01","published":{"date-parts":[[2019,12,1]]}},{"indexed":{"date-parts":[[2023,4,1]],"date-time":"2023-04-01T04:53:25Z","timestamp":1680324805484},"reference-count":0,"publisher":"Universidad Nacional Abierta y a Distancia - UNAD","isbn-type":[{"value":"9789586516150","type":"print"}],"content-domain":{"domain":[],"crossmark-restriction":false},"DOI":"10.22490\/9789586516150.04","type":"book-chapter","created":{"date-parts":[[2023,3,31]],"date-time":"2023-03-31T23:31:35Z","timestamp":1680305495000},"page":"72-85","source":"Crossref","is-referenced-by-count":0,"title":["Deliberaciones emergentes sobre cuestiones de g\u00e9nero una mirada desde la perspectiva de Martha Nussbaum"],"prefix":"10.22490","author":[{"given":"D\u00e9nix Alberto","family":"Rodr\u00edguez Torres","sequence":"first","affiliation":[],"role":[{"role":"author","vocabulary":"crossref"}]}],"member":"9784","published-online":{"date-parts":[[2022,4,1]]},"container-title":["Perspectivas sobre g\u00e9nero: una mirada desde las ciencias humanas"],"deposited":{"date-parts":[[2023,3,31]],"date-time":"2023-03-31T23:31:47Z","timestamp":1680305507000},"score":0.0,"resource":{"primary":{"URL":"https:\/\/libros.unad.edu.co\/index.php\/selloeditorial\/catalog\/view\/129\/123\/1290"}},"issued":{"date-parts":[[2022,4,1]]},"ISBN":["9789586516150"],"references-count":0,"URL":"https:\/\/doi.org\/10.22490\/9789586516150.04","published":{"date-parts":[[2022,4,1]]}},{"indexed":{"date-parts":[[2022,7,7]],"date-time":"2022-07-07T16:42:37Z","timestamp":1657212157827},"reference-count":0,"publisher":"Universidad Nacional Abierta y a Distancia","content-domain":{"domain":[],"crossmark-restriction":false},"DOI":"10.22490\/9789586517379.09","type":"book-chapter","created":{"date-parts":[[2022,7,7]],"date-time":"2022-07-07T16:27:27Z","timestamp":1657211247000},"page":"211-230","source":"Crossref","is-referenced-by-count":0,"title":["Innovaci\u00f3n ecol\u00f3gica la biomimesis como una nueva forma de pensar y actuar ecol\u00f3gicamente"],"prefix":"10.22490","author":[{"given":"Vincent","family":"Blok","sequence":"first","affiliation":[],"role":[{"role":"author","vocabulary":"crossref"}]},{"given":"Bart","family":"Gremmen","sequence":"additional","affiliation":[],"role":[{"role":"author","vocabulary":"crossref"}]}],"member":"9784","published-online":{"date-parts":[[2019,12,1]]},"container-title":["Re-descubriendo el mundo natural: La biomimesis en perspectiva"],"deposited":{"date-parts":[[2022,7,7]],"date-time":"2022-07-07T16:27:41Z","timestamp":1657211261000},"score":0.0,"resource":{"primary":{"URL":"https:\/\/libros.unad.edu.co\/index.php\/selloeditorial\/catalog\/view\/105\/100\/1052"}},"issued":{"date-parts":[[2019,12,1]]},"references-count":0,"URL":"https:\/\/doi.org\/10.22490\/9789586517379.09","published":{"date-parts":[[2019,12,1]]}},{"indexed":{"date-parts":[[2022,4,3]],"date-time":"2022-04-03T15:28:43Z","timestamp":1648999723242},"reference-count":0,"publisher":"Universidad Nacional Abierta y a Distancia","issue":"2","license":[{"start":{"date-parts":[[2013,10,15]],"date-time":"2013-10-15T00:00:00Z","timestamp":1381795200000},"content-version":"unspecified","delay-in-days":0,"URL":"http:\/\/creativecommons.org\/licenses\/by-nc-sa\/4.0"}],"content-domain":{"domain":[],"crossmark-restriction":false},"short-container-title":["rev.investig.agrar.ambient."],"abstract":"<jats:p>&lt;p style=\"margin-bottom: 0cm; line-height: 100%;\"&gt;&lt;span style=\"font-family: sans-serif;\"&gt;&lt;span style=\"font-size: medium;\"&gt;Desde su inicio en 2009, la Revista de Investigaci\u00f3n Agraria y Ambiental &lt;\/span&gt;&lt;\/span&gt;&lt;span style=\"font-family: sans-serif;\"&gt;&lt;span style=\"font-size: medium;\"&gt;R&lt;\/span&gt;&lt;\/span&gt;&lt;span style=\"font-family: sans-serif;\"&gt;&lt;span style=\"font-size: medium;\"&gt;IAA- se ha consolidado como un canal que incentiva la colaboraci\u00f3n entre investigadores, a trav\u00e9s de la divulgaci\u00f3n y transferencia de conocimiento relacionado con las ciencias agrarias y del medio ambiente, para fomentar la generaci\u00f3n de nuevo conocimiento.&lt;\/span&gt;&lt;\/span&gt;&lt;\/p&gt;<\/jats:p>","DOI":"10.22490\/21456453.1073","type":"journal-article","created":{"date-parts":[[2017,3,28]],"date-time":"2017-03-28T19:17:48Z","timestamp":1490728668000},"source":"Crossref","is-referenced-by-count":0,"title":["Editorial"],"prefix":"10.22490","volume":"4","author":[{"given":"Reinaldo","family":"Giraldo D\u00edaz","sequence":"first","affiliation":[],"role":[{"role":"author","vocabulary":"crossref"}]},{"given":"Libia Esperanza","family":"Nieto G\u00f3mez","sequence":"additional","affiliation":[],"role":[{"role":"author","vocabulary":"crossref"}]}],"member":"9784","published-online":{"date-parts":[[2013,10,15]]},"container-title":["Revista de Investigaci\u00f3n Agraria y Ambiental"],"link":[{"URL":"http:\/\/hemeroteca.unad.edu.co\/index.php\/riaa\/article\/viewFile\/1073\/1085","content-type":"application\/pdf","content-version":"vor","intended-application":"text-mining"}],"deposited":{"date-parts":[[2017,3,28]],"date-time":"2017-03-28T19:18:10Z","timestamp":1490728690000},"score":0.0,"resource":{"primary":{"URL":"http:\/\/hemeroteca.unad.edu.co\/index.php\/riaa\/article\/view\/1073"}},"issued":{"date-parts":[[2013,10,15]]},"references-count":0,"journal-issue":{"issue":"2","published-online":{"date-parts":[[2013,10,15]]}},"URL":"https:\/\/doi.org\/10.22490\/21456453.1073","ISSN":["2145-6453","2145-6097"],"issn-type":[{"value":"2145-6453","type":"electronic"},{"value":"2145-6097","type":"print"}],"published":{"date-parts":[[2013,10,15]]}}],"items-per-page":300,"query":{"start-index":0,"search-terms":null}}}