{"status":"ok","message-type":"work-list","message-version":"1.0.0","message":{"facets":{},"total-results":19885,"items":[{"indexed":{"date-parts":[[2022,9,2]],"date-time":"2022-09-02T17:51:53Z","timestamp":1662141113897},"reference-count":0,"publisher":"Universidad Federal de Santa Maria","issue":"2","license":[{"start":{"date-parts":[[2014,3,14]],"date-time":"2014-03-14T00:00:00Z","timestamp":1394755200000},"content-version":"unspecified","delay-in-days":0,"URL":"http:\/\/creativecommons.org\/licenses\/by-nc-sa\/4.0\/"}],"content-domain":{"domain":[],"crossmark-restriction":false},"short-container-title":["REMOA"],"abstract":"<jats:p>O presente artigo objetiva realizar uma revis\u00e3o te\u00f3rica sobre os principais acontecimentos que culminaram na g\u00eanese da consci\u00eancia ambiental no mundo moderno. Assim, faz um conciso resgate hist\u00f3rico e pol\u00edtico das confer\u00eancias intergovernamentais sob os ausp\u00edcios da ONU desde 1970, passando pela Confer\u00eancia de Estocolmo, Rio-92 e, por fim, a recente Rio+20. Al\u00e9m disso, aponta os principais entraves, desafios e contradi\u00e7\u00f5es impostos \u00e0 consecu\u00e7\u00e3o da sustentabilidade como prop\u00f3sito planet\u00e1rio. A compreens\u00e3o dos processos que culminaram no surgimento da problem\u00e1tica ambiental em n\u00edvel global, a partir da historicidade da sustentabilidade, assim como as medidas adotadas para enfrentamento da crise socioambiental, representa um passo fundamental a todo pesquisador da \u00e1rea, a fim de se evitar enfoques imprecisos da quest\u00e3o. Trata-se de uma leitura necess\u00e1ria aos que adentram nas discuss\u00f5es sobre a sustentabilidade do desenvolvimento, quer nos n\u00edveis local, regional, nacional ou mundial. Entender criticamente os processos hist\u00f3ricos, pol\u00edticos e sociais da sustentabilidade possibilitar\u00e1 ultrapassar uma vis\u00e3o fragilizada, m\u00edope e equ\u00edvoca na an\u00e1lise, abordagem e tratamento das mazelas socioambientais na modernidade.<\/jats:p>","DOI":"10.5902\/2236130812618","type":"journal-article","created":{"date-parts":[[2021,4,27]],"date-time":"2021-04-27T18:00:23Z","timestamp":1619546423000},"page":"3172-3182","source":"Crossref","is-referenced-by-count":1,"title":["O percurso da sustentabilidade do desenvolvimento: aspectos hist\u00f3ricos, pol\u00edticos e sociais"],"prefix":"10.5902","volume":"13","author":[{"given":"Sandro Haoxovell de","family":"Lira","sequence":"first","affiliation":[]},{"given":"Therezinha De Jesus Pinto","family":"Fraxe","sequence":"additional","affiliation":[]}],"member":"4419","published-online":{"date-parts":[[2014,3,14]]},"container-title":["Revista Monografias Ambientais"],"link":[{"URL":"https:\/\/periodicos.ufsm.br\/remoa\/article\/viewFile\/12618\/pdf","content-type":"application\/pdf","content-version":"vor","intended-application":"text-mining"},{"URL":"https:\/\/periodicos.ufsm.br\/remoa\/article\/viewFile\/12618\/pdf","content-type":"unspecified","content-version":"vor","intended-application":"similarity-checking"}],"deposited":{"date-parts":[[2021,4,27]],"date-time":"2021-04-27T18:04:04Z","timestamp":1619546644000},"score":0.0,"resource":{"primary":{"URL":"https:\/\/periodicos.ufsm.br\/remoa\/article\/view\/12618"}},"issued":{"date-parts":[[2014,3,14]]},"references-count":0,"journal-issue":{"issue":"2","published-online":{"date-parts":[[2014,3,14]]}},"URL":"https:\/\/doi.org\/10.5902\/2236130812618","ISSN":["2236-1308","2236-1308"],"issn-type":[{"value":"2236-1308","type":"electronic"},{"value":"2236-1308","type":"print"}],"published":{"date-parts":[[2014,3,14]]}},{"indexed":{"date-parts":[[2023,7,29]],"date-time":"2023-07-29T14:14:15Z","timestamp":1690640055147},"reference-count":0,"publisher":"Universidad Federal de Santa Maria","issue":"1","license":[{"start":{"date-parts":[[2018,6,4]],"date-time":"2018-06-04T00:00:00Z","timestamp":1528070400000},"content-version":"unspecified","delay-in-days":0,"URL":"http:\/\/creativecommons.org\/licenses\/by-nc-nd\/4.0"}],"content-domain":{"domain":[],"crossmark-restriction":false},"short-container-title":["ReA UFSM"],"abstract":"<jats:p>The main objective of this study is to explore the relationship between organizational and interpersonal communication, and the relationship between communication and commitment. We conducted a quantitative study, which was considered the perception of 800 employees of four distinct business segments, which do not hold management positions. Among the results, there is the finding of the influence of organizational communication on communication of the leaders and the communication between peers. While organizational communication influences commitment, leaders\u2019 communication and colleagues\u2019 communication do not have this potential influence.<\/jats:p>","DOI":"10.5902\/1983465914447","type":"journal-article","created":{"date-parts":[[2019,3,15]],"date-time":"2019-03-15T21:30:44Z","timestamp":1552685444000},"page":"102-116","source":"Crossref","is-referenced-by-count":1,"title":["A rela\u00e7\u00e3o entre comunica\u00e7\u00e3o e comprometimento nas organiza\u00e7\u00f5es"],"prefix":"10.5902","volume":"11","author":[{"given":"Rodrigo Cunha da","family":"Silva","sequence":"first","affiliation":[]},{"given":"Elza F\u00e1tima Rosa","family":"Veloso","sequence":"additional","affiliation":[]},{"given":"Leonardo Nelmi","family":"Trevisan","sequence":"additional","affiliation":[]},{"given":"Joel Souza","family":"Dutra","sequence":"additional","affiliation":[]}],"member":"4419","published-online":{"date-parts":[[2018,6,4]]},"container-title":["Revista de Administra\u00e7\u00e3o da UFSM"],"link":[{"URL":"https:\/\/periodicos.ufsm.br\/reaufsm\/article\/viewFile\/14447\/pdf_1","content-type":"application\/pdf","content-version":"vor","intended-application":"text-mining"},{"URL":"https:\/\/periodicos.ufsm.br\/reaufsm\/article\/viewFile\/14447\/pdf_1","content-type":"unspecified","content-version":"vor","intended-application":"similarity-checking"}],"deposited":{"date-parts":[[2021,2,10]],"date-time":"2021-02-10T15:53:51Z","timestamp":1612972431000},"score":0.0,"resource":{"primary":{"URL":"https:\/\/periodicos.ufsm.br\/reaufsm\/article\/view\/14447"}},"issued":{"date-parts":[[2018,6,4]]},"references-count":0,"journal-issue":{"issue":"1","published-online":{"date-parts":[[2018,6,4]]}},"URL":"https:\/\/doi.org\/10.5902\/1983465914447","ISSN":["1983-4659","1983-4659"],"issn-type":[{"value":"1983-4659","type":"electronic"},{"value":"1983-4659","type":"print"}],"published":{"date-parts":[[2018,6,4]]}},{"indexed":{"date-parts":[[2023,7,10]],"date-time":"2023-07-10T18:53:42Z","timestamp":1689015222609},"reference-count":0,"publisher":"Universidad Federal de Santa Maria","issue":"2","content-domain":{"domain":[],"crossmark-restriction":false},"short-container-title":["CeN"],"abstract":"<jats:p>The standardization of data collection instruments is critical to the quality of the microclimate studies. Due to financial constraints and specific needs many sensors, shelters and alternative systems the standards are developed, based on experience and creativity of researchers. The objective of this study is to provide subsidy to the urban climate studies, checking the influence of different types of alternative shelters thermo-hygrometers at fixed points, and were built five types of shelters and evaluated for performance, ease of implementation, materials and tools used, and the costs involved. Based on the performance of alternative shelters analyzed, it has the shelter of the vertical type and the ice cream pot does not demonstrate efficient to collect data at fixed points, especially if used during the day. It can also conclude that not only material used is linked to the performance, but also on its architecture.<\/jats:p>","DOI":"10.5902\/2179460x19146","type":"journal-article","created":{"date-parts":[[2016,6,30]],"date-time":"2016-06-30T22:46:09Z","timestamp":1467326769000},"page":"1086","source":"Crossref","is-referenced-by-count":1,"title":["AVALIA\u00c7\u00c3O DE ABRIGOS ALTERNATIVOS PARA TERMO-HIGROMETROS EM FUN\u00c7\u00c3O DO CUSTO, MANUSEIO E AN\u00c1LISE ESTAT\u00cdSTICA DO DESEMPENHO"],"prefix":"10.5902","volume":"38","author":[{"given":"Marcos De Oliveira","family":"Valin J\u00fanior","sequence":"first","affiliation":[]},{"given":"Karyn Ferreira Antunes","family":"Ribeiro","sequence":"additional","affiliation":[]},{"given":"Victor Andr\u00e9","family":"Botelho","sequence":"additional","affiliation":[]},{"given":"Geraldo Aparecido Rodrigues","family":"Neves","sequence":"additional","affiliation":[]},{"given":"Fl\u00e1via Maria de Moura","family":"Santos","sequence":"additional","affiliation":[]},{"given":"Marta Cristina de Jesus Albuquerque","family":"Noqueira","sequence":"additional","affiliation":[]}],"member":"4419","published-online":{"date-parts":[[2016,5,31]]},"container-title":["Ci\u00eancia e Natura"],"link":[{"URL":"http:\/\/periodicos.ufsm.br\/cienciaenatura\/article\/viewFile\/19146\/pdf","content-type":"application\/pdf","content-version":"vor","intended-application":"text-mining"},{"URL":"http:\/\/periodicos.ufsm.br\/cienciaenatura\/article\/viewFile\/19146\/pdf","content-type":"unspecified","content-version":"vor","intended-application":"similarity-checking"}],"deposited":{"date-parts":[[2016,6,30]],"date-time":"2016-06-30T22:46:14Z","timestamp":1467326774000},"score":0.0,"resource":{"primary":{"URL":"http:\/\/periodicos.ufsm.br\/cienciaenatura\/article\/view\/19146"}},"issued":{"date-parts":[[2016,5,31]]},"references-count":0,"journal-issue":{"issue":"2","published-online":{"date-parts":[[2016,5,31]]}},"URL":"https:\/\/doi.org\/10.5902\/2179460x19146","ISSN":["2179-460X","0100-8307"],"issn-type":[{"value":"2179-460X","type":"electronic"},{"value":"0100-8307","type":"print"}],"published":{"date-parts":[[2016,5,31]]}},{"indexed":{"date-parts":[[2023,7,22]],"date-time":"2023-07-22T14:17:58Z","timestamp":1690035478236},"reference-count":0,"publisher":"Universidad Federal de Santa Maria","issue":"42","content-domain":{"domain":[],"crossmark-restriction":false},"short-container-title":["Rev. Educ. Espec."],"abstract":"<jats:p>\u00a0O presente artigo, elaborado com base em uma s\u00e9rie de estudos bibliogr\u00e1ficos, tem como objetivo apresentar algumas possibilidades did\u00e1ticas para se promover, no atual cen\u00e1rio de inclus\u00e3o escolar, o desenvolvimento lingu\u00edstico e cognitivo de crian\u00e7as com Defici\u00eancia Intelectual. Para tanto, toma-se como premissa b\u00e1sica a concep\u00e7\u00e3o vigotskiana, segundo a qual a linguagem, aqui considerada, sobretudo, em sua modalidade oral, \u00e9 uma fun\u00e7\u00e3o psicol\u00f3gica superior, capaz de integrar e constituir as demais fun\u00e7\u00f5es do intelecto humano, proporcionando, desse modo, a emerg\u00eancia de habilidades intelectuais complexas.\u00a0 Por isso, considera-se de suma import\u00e2ncia o est\u00edmulo \u00e0s intera\u00e7\u00f5es verbais na escola comum, em diferentes contextos e situa\u00e7\u00f5es pedag\u00f3gicas, de maneira a se possibilitar aos alunos com e sem essa defici\u00eancia a apropria\u00e7\u00e3o do discurso elaborado, com o consequente dom\u00ednio simb\u00f3lico da palavra. Metodologicamente, tais situa\u00e7\u00f5es s\u00e3o pensadas em termos de atividades que o professor pode desenvolver com crian\u00e7as da Educa\u00e7\u00e3o Infantil e das s\u00e9ries iniciais do Ensino Fundamental. As atividades sugeridas s\u00e3o assim denominadas: Atividade Pr\u00e1tica, Atividade L\u00fadica, Atividade Gr\u00e1fico-Pict\u00f3rica, Atividade Virtual e Atividade Verbal. Em sua totalidade, demonstra-se que elas podem levar os alunos com Defici\u00eancia Intelectual a uma maior compreens\u00e3o sobre o intricado jogo de abstra\u00e7\u00f5es, generaliza\u00e7\u00f5es e simboliza\u00e7\u00f5es presentes na linguagem, permitindo-lhes a conquista de formas superiores de conduta, como a regula\u00e7\u00e3o verbal e l\u00f3gica do pr\u00f3prio pensamento. Palavras-chave: desenvolvimento da linguagem. cogni\u00e7\u00e3o. defici\u00eancia intelectual.\u00a0\u00a0<\/jats:p>","DOI":"10.5902\/1984686x2699","type":"journal-article","created":{"date-parts":[[2021,6,30]],"date-time":"2021-06-30T12:36:49Z","timestamp":1625056609000},"page":"233-244","source":"Crossref","is-referenced-by-count":2,"title":["&lt;b&gt;Atividades lingu\u00edsticas e cognitivas para alunos com defici\u00eancia intelectual: proposta metodol\u00f3gica na inclus\u00e3o escolar&lt;\/b&gt;"],"prefix":"10.5902","volume":"25","author":[{"given":"Giovani Ferreira","family":"Bezerra","sequence":"first","affiliation":[]},{"given":"Doracina Aparecida De Castro","family":"Araujo","sequence":"additional","affiliation":[]}],"member":"4419","published-online":{"date-parts":[[2011,10,27]]},"container-title":["Revista Educa\u00e7\u00e3o Especial"],"link":[{"URL":"https:\/\/periodicos.ufsm.br\/educacaoespecial\/article\/viewFile\/2699\/2441","content-type":"application\/pdf","content-version":"vor","intended-application":"text-mining"},{"URL":"https:\/\/periodicos.ufsm.br\/educacaoespecial\/article\/viewFile\/2699\/2441","content-type":"unspecified","content-version":"vor","intended-application":"similarity-checking"}],"deposited":{"date-parts":[[2021,6,30]],"date-time":"2021-06-30T12:37:52Z","timestamp":1625056672000},"score":0.0,"resource":{"primary":{"URL":"https:\/\/periodicos.ufsm.br\/educacaoespecial\/article\/view\/2699"}},"issued":{"date-parts":[[2011,10,27]]},"references-count":0,"journal-issue":{"issue":"42","published-online":{"date-parts":[[2012,3,30]]}},"URL":"https:\/\/doi.org\/10.5902\/1984686x2699","ISSN":["1984-686X"],"issn-type":[{"value":"1984-686X","type":"electronic"}],"published":{"date-parts":[[2011,10,27]]}},{"indexed":{"date-parts":[[2023,5,16]],"date-time":"2023-05-16T10:10:22Z","timestamp":1684231822322},"reference-count":48,"publisher":"Universidade Federal de Santa Maria","content-domain":{"domain":[],"crossmark-restriction":false},"short-container-title":["Rev. Educ. Espec."],"abstract":"<jats:p>Este estudo pretende conhecer e compreender o trabalho de articula\u00e7\u00e3o que os professores do ensino regular estabelecem com os professores de educa\u00e7\u00e3o especial. A metodologia segue uma perspetiva qualitativa. A estrat\u00e9gia de investiga\u00e7\u00e3o utilizada para a recolha de dados, \u00e9 o inqu\u00e9rito por question\u00e1rio, que foi aplicado a duas popula\u00e7\u00f5es de professores, do ensino regular e da educa\u00e7\u00e3o especial do mesmo n\u00edvel de ensino. \u00c0s respostas dos question\u00e1rios foi aplicada uma an\u00e1lise de conte\u00fados. Os resultados permitem concluir da necessidade de tornar compat\u00edveis os hor\u00e1rios dos professores do ensino regular e de educa\u00e7\u00e3o especial, de desenvolver a cultura e o trabalho colaborativo e de melhorar a forma\u00e7\u00e3o dos professores.<\/jats:p>","DOI":"10.5902\/1984686x26898","type":"journal-article","created":{"date-parts":[[2019,6,6]],"date-time":"2019-06-06T15:42:14Z","timestamp":1559835734000},"source":"Crossref","is-referenced-by-count":0,"title":["Trabalho colaborativo entre os professores do ensino regular e da educa\u00e7\u00e3o especial"],"prefix":"10.5902","author":[{"given":"Jo\u00e3o Carlos Vieira","family":"Casal","sequence":"first","affiliation":[]},{"given":"Francisca Maria Rochas Almas","family":"Fragoso","sequence":"additional","affiliation":[]}],"member":"4419","published-online":{"date-parts":[[2019,6,5]]},"reference":[{"key":"82619","unstructured":"Aguelles, M.E.; Hughes, M.T.; Schumm, J.S. (2000); Co \u2013Teaching: a different approach to inclusion. Principal, Reston, v.79, n\u00ba4, pp 48-50."},{"key":"82620","unstructured":"Bardin, L.(1979); An\u00e1lise de Conte\u00fado, Lisboa, Edi\u00e7\u00f5es 79."},{"key":"82621","unstructured":"Campos, B. P.(1988); \u201cPol\u00edtica de Forma\u00e7\u00e3o de Professores na Lei de Bases do Sistema educativo\u201d, Revista Portuguesa de Pedagogia, Coimbra, XXII, pp. 83-100."},{"key":"82622","unstructured":"Carvalho, L. M.(1991); Clima de escola e Estabilidade dos Professores, Lisboa, Educa."},{"key":"82623","unstructured":"Chiavenato, I.(1983); Introdu\u00e7\u00e3o \u00e0 Teoria Geral da Administra\u00e7\u00e3o, S. Paulo, McGraw-Hill."},{"key":"82624","doi-asserted-by":"crossref","unstructured":"Cook, L. & Friend, M. (1995); Co-Teaching: Guidelines for creating effective practices. Focus on Exceptional Children, n\u00ba28, pp 1-16.","DOI":"10.17161\/fec.v28i3.6852"},{"key":"82625","unstructured":"Correia, Ana P.S.O. (2007); Contributos do Projecto Educativo para o trabalho colaborativo e reflexivo entre professores, Mestrado em Supervis\u00e3o Pedag\u00f3gica \u2013 Departamento Ci\u00eancias de Educa\u00e7\u00e3o da Universidade Aberta."},{"key":"82626","unstructured":"Correia, L.M. (2003); Educa\u00e7\u00e3o Especial e Inclus\u00e3o. Porto. Colec\u00e7\u00e3o Educa\u00e7\u00e3o especial, Porto Editora."},{"key":"82627","unstructured":"Correia, L.M. (2005); Inclus\u00e3o e Necessidades Educativas Especiais: Um Guia para Educadores. Porto, Porto Editora."},{"key":"82628","unstructured":"Correia, L.M. (2008); Inclus\u00e3o e Necessidades Educativas Especiais: Um Guia para Educadores e Professores. 2\u00aa Edi\u00e7\u00e3o \u2013 Revista e ampliada. Porto. Porto Editora."},{"key":"82629","unstructured":"Costa, J. A.(1991); Gest\u00e3o escolar \u2013 Participa\u00e7\u00e3o \u2013 Autonomia, Lisboa, Texto Editora."},{"key":"82630","unstructured":"Damiani (2008), cit. Varela, L. e Freitas E. ; Aprendizagens Cooperativas. Porto. ASA."},{"key":"82631","unstructured":"Freitas, M. & Freitas V. (2002); Aprendizagem Cooperativa. Porto. ASA"},{"key":"82632","doi-asserted-by":"crossref","unstructured":"Formosinho, J.(1987); \u201cProfissionaliza\u00e7\u00e3o em servi\u00e7o \u2013 um projecto educativo de forma\u00e7\u00e3o profissional de professores\u201d, Psicologia, Braga, Vol. 3, pp. 351-369.","DOI":"10.17575\/rpsicol.v5i3.861"},{"key":"82633","doi-asserted-by":"crossref","unstructured":"Formosinho, J. & Pinto, C. A.(1987); \u201cA Atribui\u00e7\u00e3o Causal do Insucesso \u2013 O posicionamento de uma amostra de professores\u201d, Psicologia, Vol. 3, pp. 259-264.","DOI":"10.17575\/rpsicol.v5i3.851"},{"key":"82634","doi-asserted-by":"crossref","unstructured":"Formosinho, J. (1987); \u201cFundamentos Psicol\u00f3gicos para um modelo desenvolvimentista de forma\u00e7\u00e3o de professores\u201d, Psicologia, Vol. 3, pp. 247-257","DOI":"10.17575\/rpsicol.v5i3.850"},{"key":"82635","unstructured":"Fullan, M. & Hargreaves, A. ( 2001); Por que vale a pena lutar? O trabalho de equipa na escola. Porto. Porto Editora."},{"key":"82636","unstructured":"Ghiglione, R. & Matalon, B.(1992); O Inqu\u00e9rito \u2013 Teoria e Pr\u00e1tica, Oeiras, Celta Editora."},{"key":"82637","unstructured":"Gisbert, J. P. A. & outros(1986); Education Especial, Madrid, Cincel."},{"key":"82638","unstructured":"Gomes, R.(1993); Culturas de Escola e Identidade dos Professores, Lisboa, Educa."},{"key":"82639","unstructured":"Hargreaves, A. (1998); Os professores em tempo de mudan\u00e7a. O trabalho e a cultura dos professores na idade p\u00f3s-moderna. Alfragide-Portugal: Mcgraw-Hill Portugal"},{"key":"82640","unstructured":"Isidro, P. (2008); O trabalho cooperativo na constru\u00e7\u00e3o do saber matem\u00e1tico dos alunos \u2013 Disserta\u00e7\u00e3o de Mestrado em Educa\u00e7\u00e3o Matem\u00e1tica: Universidade Aberta."},{"key":"82641","unstructured":"Lambert, Jean-Luc (1991); \u201cTransformation de la p\u00e9dagogie sp\u00e9cialist \u00e0 l\u2019heure de l\u2019integration scolaire\u201d, Sauvegarde de l\u2019enfant, Montrouge, n.\u00ba 3-4, pp. 278-285."},{"key":"82642","unstructured":"Lantiere, N. & Verillon (1991); \u201cQuelles voies pour une integration scolaire r\u00e9ussi?\u201d, Sauvegarde de l\u2019enfant, Montrouge, n.\u00ba 3-, pp.250-258."},{"key":"82643","unstructured":"Lain\u00e9, T.(1991); L\u2019integration scolaire\u201d, Sauvegarde de l\u2019enfant, Montrouge, n.\u00ba 3-4, pp. 226-234."},{"key":"82644","unstructured":"Lukatos, E. M. & Marconi, M. A.(1987); Sociologia Geral, S. Paulo, Editora Atlas S.A."},{"key":"82645","unstructured":"Maisonneuve, J.(1967(; A Din\u00e2mica dos Grupos, Lisboa, Edi\u00e7\u00e3o Livros do Brasil."},{"key":"82646","unstructured":"Mialaret, G.(1981); A Forma\u00e7\u00e3o dos Professores, Coimbra, Livraria Almedina."},{"key":"82647","unstructured":"Marc, E. & Picard, D.(s\/dta); A Interac\u00e7\u00e3o Social, Porto, R\u00e9s."},{"key":"82648","unstructured":"Mendes, E. (2006); Colabora\u00e7\u00e3o entre ensino regular e especial: o caminho do desenvolvimento pessoal para a inclus\u00e3o escolar. In MANZINI, J. \u2013 Inclus\u00e3o e acessibilidades, pp 29-41"},{"key":"82649","unstructured":"N\u00f3voa, A. & outros(1992); As Organiza\u00e7\u00f5es Escolares em An\u00e1lise, Lisboa, Publica\u00e7\u00f5es D. Quixote."},{"key":"82650","unstructured":"N\u00f3voa, A. & outros(1992); Vidas de Professores, Porto, Porto Editora."},{"key":"82651","unstructured":"N\u00f3voa, A. & outros (1987); Investiga\u00e7\u00e3o Educacional, Cruz Quebrada, ISEF."},{"key":"82652","unstructured":"Panchaud, I.(1991); \u201cVingt ans d\u2019integration scolaire en Italie\u201d, Sauvegarde de l\u2019enfant, Montrouge, n.\u00ba 3-4, pp. 294-309."},{"key":"82653","unstructured":"Patr\u00edcio, M. F.(1988); A Forma\u00e7\u00e3o de Professores, Lisboa, Texto Editora."},{"key":"82654","doi-asserted-by":"crossref","unstructured":"Peterson, P. (2006); Inclus\u00e3o nos Estados Unidos: implementa\u00e7\u00e3o e capacita\u00e7\u00e3o de professores. Revista Brasileira de Educa\u00e7\u00e3o especial, v.12, n\u00ba1.","DOI":"10.1590\/S1413-65382006000100002"},{"key":"82655","unstructured":"Ripley, S. (1997); Colaboration between general and special education teachers. USA: ERIC Digest."},{"key":"82656","doi-asserted-by":"crossref","unstructured":"Rold\u00e3o, M.C. (2007); Fun\u00e7\u00e3o docente: natureza e constru\u00e7\u00e3o do conhecimento profissional. Revista Brasileira de Educa\u00e7\u00e3o, Jan-Abril, n\u00ba34, pp. 94-103.","DOI":"10.1590\/S1413-24782007000100008"},{"key":"82657","doi-asserted-by":"crossref","unstructured":"Salend, S.J. & Duhaney, L.M.G. ( 1999); The impacts of inclusion on studens with and withaout disabilities and their educators. Remedial and Special Education, v.20, n\u00ba2, pp 114-126.","DOI":"10.1177\/074193259902000209"},{"key":"82658","unstructured":"Santos, Maria E. Brederode (1991); Os Aprendizes de Pigmale\u00e3o, Estarreja, Edi\u00e7\u00e3o do Instituto de Estudos para o Desenvolvimento."},{"key":"82659","unstructured":"Serrano, J. (2005); Percursos e pr\u00e1ticas para uma escola inclusiva. Tese de Doutoramento. Universidade do Minho."},{"key":"82660","unstructured":"Stainback, S. & Stainback, W. ( 1999); Inclus\u00e3o: um guia para educadores. Porto Alegre: Artes M\u00e9dicas Sul. Madrid. Editora Popular, S.A:"},{"key":"82661","unstructured":"Tom\u00e1s, A. (1987); \u201cE voc\u00ea, \u00e9 um professor preocupado?\u201d, Psicologia, Vol. 3, pp. 265-277."},{"key":"82662","unstructured":"Tomkiewicz, S.(1991); \u201cL\u2019integration scolaire d\u2019enfants handicaps en France\u201d, Sauvegarde de l\u2019enfant, Montrouge, n.\u00ba 3-4, pp. 201-212."},{"key":"82663","unstructured":"Vieira, R.(1992); Entre a Escola e o Lar, Lisboa, Escher Editora."},{"key":"82664","unstructured":"Sistema de Educa\u00e7\u00e3o Especial (1985), Actas do Semin\u00e1rio Nacional, Projecto OCDE\/CERI, SNR, Lisboa."},{"key":"82665","unstructured":"Sistema de Educa\u00e7\u00e3o Especial em Portugal (1984), Relat\u00f3rio dos peritos estrangeiros sobre a primeira fase do projecto da OCDE\/CERI \u2013 Educa\u00e7\u00e3o dos jovens deficientes e a sua transi\u00e7\u00e3o para a vida activa, SNR, Lisboa."},{"key":"82666","unstructured":"A Educa\u00e7\u00e3o Especial Integrada (1982), SNR, Lisboa."}],"container-title":["Revista Educa\u00e7\u00e3o Especial"],"link":[{"URL":"https:\/\/periodicos.ufsm.br\/educacaoespecial\/article\/download\/26898\/26898","content-type":"application\/pdf","content-version":"vor","intended-application":"text-mining"},{"URL":"https:\/\/periodicos.ufsm.br\/educacaoespecial\/article\/download\/26898\/html","content-type":"text\/html","content-version":"vor","intended-application":"text-mining"},{"URL":"https:\/\/periodicos.ufsm.br\/educacaoespecial\/article\/download\/26898\/26898","content-type":"unspecified","content-version":"vor","intended-application":"similarity-checking"}],"deposited":{"date-parts":[[2023,5,15]],"date-time":"2023-05-15T19:05:46Z","timestamp":1684177546000},"score":0.0,"resource":{"primary":{"URL":"https:\/\/periodicos.ufsm.br\/educacaoespecial\/article\/view\/26898"}},"issued":{"date-parts":[[2019,6,5]]},"references-count":48,"URL":"https:\/\/doi.org\/10.5902\/1984686x26898","ISSN":["1984-686X"],"issn-type":[{"value":"1984-686X","type":"electronic"}],"published":{"date-parts":[[2019,6,5]]}},{"indexed":{"date-parts":[[2022,4,4]],"date-time":"2022-04-04T21:13:31Z","timestamp":1649106811944},"reference-count":0,"publisher":"Universidad Federal de Santa Maria","issue":"2","content-domain":{"domain":[],"crossmark-restriction":false},"short-container-title":["Educa\u00e7\u00e3o"],"DOI":"10.5902\/1984644419105","type":"journal-article","created":{"date-parts":[[2016,9,22]],"date-time":"2016-09-22T03:01:42Z","timestamp":1474513302000},"page":"509-511","source":"Crossref","is-referenced-by-count":0,"title":["Resenha Reconhecimento do outro: teorias filos\u00f3ficas e forma\u00e7\u00e3o docente"],"prefix":"10.5902","volume":"41","author":[{"given":"Ana Carla Nascimento de","family":"Oliveira","sequence":"first","affiliation":[]}],"member":"4419","published-online":{"date-parts":[[2016,7,21]]},"container-title":["Educa\u00e7\u00e3o (UFSM)"],"link":[{"URL":"https:\/\/periodicos.ufsm.br\/reveducacao\/article\/viewFile\/19105\/pdf","content-type":"application\/pdf","content-version":"vor","intended-application":"text-mining"},{"URL":"https:\/\/periodicos.ufsm.br\/reveducacao\/article\/viewFile\/19105\/pdf","content-type":"unspecified","content-version":"vor","intended-application":"similarity-checking"}],"deposited":{"date-parts":[[2021,9,17]],"date-time":"2021-09-17T15:58:30Z","timestamp":1631894310000},"score":0.0,"resource":{"primary":{"URL":"https:\/\/periodicos.ufsm.br\/reveducacao\/article\/view\/19105"}},"issued":{"date-parts":[[2016,7,21]]},"references-count":0,"journal-issue":{"issue":"2","published-online":{"date-parts":[[2016,7,21]]}},"URL":"https:\/\/doi.org\/10.5902\/1984644419105","ISSN":["1984-6444"],"issn-type":[{"value":"1984-6444","type":"electronic"}],"published":{"date-parts":[[2016,7,21]]}},{"indexed":{"date-parts":[[2022,4,3]],"date-time":"2022-04-03T13:03:40Z","timestamp":1648991020650},"reference-count":0,"publisher":"Universidad Federal de Santa Maria","issue":"4","content-domain":{"domain":[],"crossmark-restriction":false},"DOI":"10.5902\/2359043219504","type":"journal-article","created":{"date-parts":[[2016,4,12]],"date-time":"2016-04-12T14:03:41Z","timestamp":1460469821000},"source":"Crossref","is-referenced-by-count":0,"title":["ESTUDO DE CASO: LEVANTAMENTO E AN\u00c1LISE DA REALIDADE DE UMA COOPERATIVA DE ENERGIA EL\u00c9TRICA"],"prefix":"10.5902","volume":"2","author":[{"given":"Maristela de","family":"Oliveira","sequence":"first","affiliation":[]},{"given":"Ana Cl\u00e1udia Santos Silveira","family":"Zuliani","sequence":"additional","affiliation":[]},{"given":"Michellini Rozo","family":"Brescovit","sequence":"additional","affiliation":[]},{"given":"Shaiane Caroline","family":"Kochhann","sequence":"additional","affiliation":[]},{"given":"Sandra Leonara","family":"Obregon","sequence":"additional","affiliation":[]}],"member":"4419","published-online":{"date-parts":[[2016,3,30]]},"container-title":["Revista de Gest\u00e3o e Organiza\u00e7\u00f5es Cooperativas"],"deposited":{"date-parts":[[2016,4,12]],"date-time":"2016-04-12T14:03:43Z","timestamp":1460469823000},"score":0.0,"resource":{"primary":{"URL":"http:\/\/cascavel.ufsm.br\/revistas\/ojs-2.2.2\/index.php\/rgc\/article\/view\/19504"}},"issued":{"date-parts":[[2016,3,30]]},"references-count":0,"journal-issue":{"issue":"4","published-online":{"date-parts":[[2016,3,30]]}},"URL":"https:\/\/doi.org\/10.5902\/2359043219504","ISSN":["2359-0432","2446-7103"],"issn-type":[{"value":"2359-0432","type":"electronic"},{"value":"2446-7103","type":"print"}],"published":{"date-parts":[[2016,3,30]]}},{"indexed":{"date-parts":[[2022,4,3]],"date-time":"2022-04-03T12:45:19Z","timestamp":1648989919970},"reference-count":0,"publisher":"Universidad Federal de Santa Maria","issue":"14","content-domain":{"domain":[],"crossmark-restriction":false},"short-container-title":["Balduinia"],"DOI":"10.5902\/2358198014059","type":"journal-article","created":{"date-parts":[[2015,6,12]],"date-time":"2015-06-12T20:00:00Z","timestamp":1434139200000},"source":"Crossref","is-referenced-by-count":0,"title":["Anatomia da madeira e descri\u00e7\u00e3o morfol\u00f3gica de Scutia buxifolia Reissek (Rhamnaceae)"],"prefix":"10.5902","volume":"0","author":[{"given":"Sidinei Rodrigues dos","family":"Santos","sequence":"first","affiliation":[]},{"given":"Jos\u00e9 Newton Cardoso","family":"Marchiori","sequence":"additional","affiliation":[]},{"given":"Thais Scotti do","family":"Canto-Dorow","sequence":"additional","affiliation":[]}],"member":"4419","published-online":{"date-parts":[[2014,5,25]]},"container-title":["Balduinia"],"deposited":{"date-parts":[[2015,6,12]],"date-time":"2015-06-12T20:01:07Z","timestamp":1434139267000},"score":0.0,"resource":{"primary":{"URL":"http:\/\/cascavel.ufsm.br\/revistas\/ojs-2.2.2\/index.php\/balduinia\/article\/view\/14059"}},"issued":{"date-parts":[[2014,5,25]]},"references-count":0,"journal-issue":{"issue":"14","published-online":{"date-parts":[[2014,6,14]]}},"URL":"https:\/\/doi.org\/10.5902\/2358198014059","ISSN":["2358-1980","1808-2688"],"issn-type":[{"value":"2358-1980","type":"electronic"},{"value":"1808-2688","type":"print"}],"published":{"date-parts":[[2014,5,25]]}},{"indexed":{"date-parts":[[2022,4,3]],"date-time":"2022-04-03T06:37:10Z","timestamp":1648967830904},"reference-count":0,"publisher":"Universidad Federal de Santa Maria","content-domain":{"domain":[],"crossmark-restriction":false},"short-container-title":["CeN"],"abstract":"<jats:p>One of the efficient control methods is the model predictive control(MPC) that calculates appropriate system inputs to reduce the difference between the desired and the system predicted output. One of the important applications of this strategy is in power grids for load-frequency control and power balancing. Different architectures of MPC are applied in large scale structures such as power grid. In this paper a feasible cooperation based MPC(FC-MPC) controller has been used as a suited solution to control problem with relatively strict constraints. Also it can be used as one of options for control system of smart grids in future. In this paper, a power grid with 4 control zones has been chosen as a case study. The simulation results indicate the superior performance of the discussed control method in comparison with the traditional control of load- frequency.<\/jats:p>","DOI":"10.5902\/2179460x20872","type":"journal-article","created":{"date-parts":[[2017,3,22]],"date-time":"2017-03-22T00:54:26Z","timestamp":1490144066000},"page":"417","source":"Crossref","is-referenced-by-count":0,"title":["Application of Cooperative Distributed Predictive Control in Power Grid Frequency Adjustment"],"prefix":"10.5902","volume":"37","author":[{"given":"Hamidreza","family":"Iranmanesh","sequence":"first","affiliation":[]},{"given":"Ahmad","family":"Afshar","sequence":"additional","affiliation":[]}],"member":"4419","published-online":{"date-parts":[[2015,12,21]]},"container-title":["Ci\u00eancia e Natura"],"link":[{"URL":"https:\/\/periodicos.ufsm.br\/cienciaenatura\/article\/viewFile\/20872\/pdf","content-type":"application\/pdf","content-version":"vor","intended-application":"text-mining"},{"URL":"https:\/\/periodicos.ufsm.br\/cienciaenatura\/article\/viewFile\/20872\/pdf","content-type":"unspecified","content-version":"vor","intended-application":"similarity-checking"}],"deposited":{"date-parts":[[2017,3,22]],"date-time":"2017-03-22T00:56:12Z","timestamp":1490144172000},"score":0.0,"resource":{"primary":{"URL":"https:\/\/periodicos.ufsm.br\/cienciaenatura\/article\/view\/20872"}},"issued":{"date-parts":[[2015,12,21]]},"references-count":0,"URL":"https:\/\/doi.org\/10.5902\/2179460x20872","ISSN":["2179-460X","0100-8307"],"issn-type":[{"value":"2179-460X","type":"electronic"},{"value":"0100-8307","type":"print"}],"published":{"date-parts":[[2015,12,21]]}},{"indexed":{"date-parts":[[2022,4,3]],"date-time":"2022-04-03T10:29:28Z","timestamp":1648981768585},"reference-count":0,"publisher":"Universidad Federal de Santa Maria","issue":"4","content-domain":{"domain":[],"crossmark-restriction":false},"short-container-title":["Exten. Rur."],"abstract":"<jats:p>Neste artigo trata-se da pluriatividade a partir de um estudo realizado com onze agricultores familiares que conciliam a atividade agr\u00edcola com a atividade de reciclagem na Cooperativa de Recicladores Org\u00e2nicos e Inorg\u00e2nicos, situada na zona rural do munic\u00edpio de Santa Cec\u00edlia do Sul na regi\u00e3o nordeste do Estado do Rio Grande do Sul. O objetivo geral do estudo foi analisar o sentido do trabalho para os agricultores familiares pluriativos, tomando em considera\u00e7\u00e3o a vincula\u00e7\u00e3o destes \u00e0 Cooperativa. A pesquisa se caracterizou como qualitativa do tipo descritiva. Os dados emp\u00edricos foram coletados por meio da realiza\u00e7\u00e3o de entrevistas semiestruturadas. Os resultados demonstraram que o ambiente social a que se integram os agricultores vem sofrendo transforma\u00e7\u00f5es significativas oferecendo alternativas de trabalho, \u00e0s quais os agricultores se engajam, redimensionando as condi\u00e7\u00f5es de reprodu\u00e7\u00e3o social. Verificou-se que a concilia\u00e7\u00e3o do trabalho agr\u00edcola com outra atividade tem engendrado novos sentidos do trabalho para o agricultor. Estes sentidos extrapolam o aspecto econ\u00f4mico, relacionando-se ao \u00e2mbito das rela\u00e7\u00f5es familiares, da sociabilidade, dos pap\u00e9is sociais, da autonomia dos trabalhadores, da fun\u00e7\u00e3o social das atividades de trabalho entre outros. Tamb\u00e9m se evidencia pelo pesquisador um sentido negativo da atividade laboral para os sujeitos em fun\u00e7\u00e3o da sobrecarga de trabalho.<\/jats:p>","DOI":"10.5902\/2318179610499","type":"journal-article","created":{"date-parts":[[2020,6,23]],"date-time":"2020-06-23T04:15:10Z","timestamp":1592885710000},"page":"116-134","source":"Crossref","is-referenced-by-count":0,"title":["Um estudo sobre os sentidos do trabalho para os agricultores familiares a partir da pluriatividade"],"prefix":"10.5902","volume":"22","author":[{"given":"Isadora Wayhs Cadore","family":"Virgolin","sequence":"first","affiliation":[]},{"given":"Clayton","family":"Hillig","sequence":"additional","affiliation":[]},{"given":"Jos\u00e9 Marcos","family":"Froehlich","sequence":"additional","affiliation":[]}],"member":"4419","published-online":{"date-parts":[[2015,11,2]]},"container-title":["Extens\u00e3o Rural"],"link":[{"URL":"https:\/\/periodicos.ufsm.br\/extensaorural\/article\/viewFile\/10499\/pdf","content-type":"application\/pdf","content-version":"vor","intended-application":"text-mining"},{"URL":"https:\/\/periodicos.ufsm.br\/extensaorural\/article\/viewFile\/10499\/pdf","content-type":"unspecified","content-version":"vor","intended-application":"similarity-checking"}],"deposited":{"date-parts":[[2020,6,23]],"date-time":"2020-06-23T04:15:18Z","timestamp":1592885718000},"score":0.0,"resource":{"primary":{"URL":"https:\/\/periodicos.ufsm.br\/extensaorural\/article\/view\/10499"}},"issued":{"date-parts":[[2015,11,2]]},"references-count":0,"journal-issue":{"issue":"4","published-online":{"date-parts":[[2015,12,28]]}},"URL":"https:\/\/doi.org\/10.5902\/2318179610499","ISSN":["2318-1796","1415-7802"],"issn-type":[{"value":"2318-1796","type":"electronic"},{"value":"1415-7802","type":"print"}],"published":{"date-parts":[[2015,11,2]]}},{"indexed":{"date-parts":[[2022,4,3]],"date-time":"2022-04-03T11:29:48Z","timestamp":1648985388252},"reference-count":0,"publisher":"Universidad Federal de Santa Maria","issue":"3","content-domain":{"domain":[],"crossmark-restriction":false},"short-container-title":["Rev Enferm UFSM"],"DOI":"10.5902\/217976923661","type":"journal-article","created":{"date-parts":[[2013,1,11]],"date-time":"2013-01-11T20:23:43Z","timestamp":1357935823000},"source":"Crossref","is-referenced-by-count":0,"title":["A articula\u00e7\u00e3o intrasetorial na promo\u00e7\u00e3o da sa\u00fade dos trabalhadores"],"prefix":"10.5902","volume":"2","author":[{"given":"Michele Dias","family":"De Oliveira","sequence":"first","affiliation":[]},{"given":"Bruna Parnov","family":"Machado","sequence":"additional","affiliation":[]},{"given":"Tanise Finamor","family":"Ferreira","sequence":"additional","affiliation":[]},{"given":"Odete Teresinha","family":"Portela","sequence":"additional","affiliation":[]},{"given":"Marlene Kreutz","family":"Rodrigues","sequence":"additional","affiliation":[]},{"given":"Suzinara Beatriz Soares","family":"De Lima","sequence":"additional","affiliation":[]},{"given":"Clara Leonida Marques","family":"Colom\u00e9","sequence":"additional","affiliation":[]}],"member":"4419","published-online":{"date-parts":[[2012,12,27]]},"container-title":["Revista de Enfermagem da UFSM"],"deposited":{"date-parts":[[2013,1,11]],"date-time":"2013-01-11T20:23:59Z","timestamp":1357935839000},"score":0.0,"resource":{"primary":{"URL":"http:\/\/cascavel.ufsm.br\/revistas\/ojs-2.2.2\/index.php\/reufsm\/article\/view\/3661"}},"issued":{"date-parts":[[2012,12,27]]},"references-count":0,"journal-issue":{"issue":"3","published-online":{"date-parts":[[2012,12,27]]}},"URL":"https:\/\/doi.org\/10.5902\/217976923661","ISSN":["2179-7692","2179-7692"],"issn-type":[{"value":"2179-7692","type":"electronic"},{"value":"2179-7692","type":"print"}],"published":{"date-parts":[[2012,12,27]]}},{"indexed":{"date-parts":[[2023,9,4]],"date-time":"2023-09-04T12:34:58Z","timestamp":1693830898285},"reference-count":0,"publisher":"Universidad Federal de Santa Maria","issue":"2","content-domain":{"domain":[],"crossmark-restriction":false},"short-container-title":["Sa\u00fade (Sta. Maria)"],"abstract":"<jats:p>O presente estudo buscou identificar como o teatro e a Terapia Ocupacional se encontram na cena terap\u00eautica visando \u00e0 promo\u00e7\u00e3o de sa\u00fade e a potencializa\u00e7\u00e3o da vida dos sujeitos atendidos por esta. Para isso, criou-se um grupo de teatro denominado \u201cExperimenta\u00e7\u00f5es C\u00eanicas\u201d que aconteceu na Universidade Federal de Santa Maria no ano de 2013 e foi composto por universit\u00e1rios com faixa et\u00e1ria entre 20-25 anos. Utilizou-se como metodologia a pesquisa-a\u00e7\u00e3o e a an\u00e1lise dos dados foram baseadas na an\u00e1lise de conte\u00fado. Os resultados do trabalho mostraram que os participantes tomaram o grupo como um local onde podiam ter um momento de reflex\u00e3o sobre seu cotidiano e, tamb\u00e9m, que as atividades propostas foram alternativas para o autoconhecimento, ou seja, percep\u00e7\u00e3o do pr\u00f3prio corpo, limites e potencialidades deste.Descritores: Arte; Terapia Ocupacional; Cultura; Atividades Cotidianas.<\/jats:p>","DOI":"10.5902\/2236583418248","type":"journal-article","created":{"date-parts":[[2017,8,28]],"date-time":"2017-08-28T17:04:22Z","timestamp":1503939862000},"page":"139","source":"Crossref","is-referenced-by-count":2,"title":["A INTERFACE ENTRE O FAZER TEATRAL E A TERAPIA OCUPACIONAL: REFLEXOS NO COTIDIANO"],"prefix":"10.5902","volume":"43","author":[{"given":"Juliana Prestes","family":"Ferigollo","sequence":"first","affiliation":[]},{"given":"Andrea Do Amparo Carotta de","family":"Angeli","sequence":"additional","affiliation":[]}],"member":"4419","published-online":{"date-parts":[[2017,8,27]]},"container-title":["Sa\u00fade (Santa Maria)"],"link":[{"URL":"https:\/\/periodicos.ufsm.br\/revistasaude\/article\/viewFile\/18248\/pdf","content-type":"application\/pdf","content-version":"vor","intended-application":"text-mining"},{"URL":"https:\/\/periodicos.ufsm.br\/revistasaude\/article\/viewFile\/18248\/pdf","content-type":"unspecified","content-version":"vor","intended-application":"similarity-checking"}],"deposited":{"date-parts":[[2017,8,28]],"date-time":"2017-08-28T17:04:23Z","timestamp":1503939863000},"score":0.0,"resource":{"primary":{"URL":"https:\/\/periodicos.ufsm.br\/revistasaude\/article\/view\/18248"}},"issued":{"date-parts":[[2017,8,27]]},"references-count":0,"journal-issue":{"issue":"2","published-online":{"date-parts":[[2017,8,27]]}},"URL":"https:\/\/doi.org\/10.5902\/2236583418248","ISSN":["2236-5834","0103-4499"],"issn-type":[{"value":"2236-5834","type":"electronic"},{"value":"0103-4499","type":"print"}],"published":{"date-parts":[[2017,8,27]]}},{"indexed":{"date-parts":[[2023,3,25]],"date-time":"2023-03-25T14:32:16Z","timestamp":1679754736319},"reference-count":0,"publisher":"Universidad Federal de Santa Maria","issue":"3","content-domain":{"domain":[],"crossmark-restriction":false},"short-container-title":["Ci\u00eanc. Florest."],"abstract":"<jats:p>Com o objetivo de avaliar os aspectos nutricionais e os efeitos da omiss\u00e3o de nutrientes no desenvolvimento de pl\u00e2ntulas de ip\u00ea-roxo (Tabebuia impetiginosa (Mart.) Sandwith), foi conduzido um experimento em casa de vegeta\u00e7\u00e3o, em substrato de Latossolo Vermelho-Amarelo de baixa fertilidade. Foram utilizados dez tratamentos dispostos em delineamento de blocos inteiramente casualizados, com cinco repeti\u00e7\u00f5es e uma planta por vaso; usando-se a t\u00e9cnica do nutriente faltante. Foi aplicado um tratamento completo com (N, P, K, Ca, Mg, S, B e Zn), outros oitos com omiss\u00e3o de um nutriente por vez (-N, -P, -K, -Ca, -Mg, -S, -B e -Zn) e um como testemunha (substrato natural). Foram avaliadas as seguintes caracter\u00edstica aos 110 dias do plantio: altura da parte a\u00e9rea, di\u00e2metro de colo e produ\u00e7\u00e3o de mat\u00e9ria seca. Os resultados obtidos nas condi\u00e7\u00f5es do presente estudo permitiram concluir que: a) os nutrientes P e N devem ser priorit\u00e1rios aos estudos de fertiliza\u00e7\u00e3o mineral da esp\u00e9cie; b) seq\u00fc\u00eancia de exig\u00eancia nutricional apresentada pelas mudas de ip\u00ea-roxo em rela\u00e7\u00e3o ao tratamento completo, considerando a produ\u00e7\u00e3o de mat\u00e9ria seca da parte a\u00e9rea em ordem decrescente foi: P&gt; N&gt; S&gt; B&gt; Zn&gt; Mg&gt; Ca&gt; K.<\/jats:p>","DOI":"10.5902\/198050981907","type":"journal-article","created":{"date-parts":[[2016,8,18]],"date-time":"2016-08-18T21:37:22Z","timestamp":1471556242000},"page":"261-270","source":"Crossref","is-referenced-by-count":13,"title":["Aduba\u00e7\u00e3o mineral do ip\u00ea-roxo (&lt;i&gt;Tabebuia impetiginosa&lt;\/i&gt;)."],"prefix":"10.5902","volume":"16","author":[{"given":"Patr\u00edcia Aparecida de","family":"Souza","sequence":"first","affiliation":[]},{"given":"Nelson","family":"Venturin","sequence":"additional","affiliation":[]},{"given":"Renato Luiz Grisi de","family":"Macedo","sequence":"additional","affiliation":[]}],"member":"4419","published-online":{"date-parts":[[2006,9,30]]},"container-title":["Ci\u00eancia Florestal"],"link":[{"URL":"https:\/\/periodicos.ufsm.br\/cienciaflorestal\/article\/download\/1907\/1151","content-type":"application\/pdf","content-version":"vor","intended-application":"text-mining"},{"URL":"https:\/\/periodicos.ufsm.br\/cienciaflorestal\/article\/download\/1907\/1151","content-type":"unspecified","content-version":"vor","intended-application":"similarity-checking"}],"deposited":{"date-parts":[[2022,1,19]],"date-time":"2022-01-19T20:06:11Z","timestamp":1642622771000},"score":0.0,"resource":{"primary":{"URL":"https:\/\/periodicos.ufsm.br\/cienciaflorestal\/article\/view\/1907"}},"issued":{"date-parts":[[2006,9,30]]},"references-count":0,"journal-issue":{"issue":"3","published-online":{"date-parts":[[2010,8,24]]}},"URL":"https:\/\/doi.org\/10.5902\/198050981907","ISSN":["1980-5098","0103-9954"],"issn-type":[{"value":"1980-5098","type":"electronic"},{"value":"0103-9954","type":"print"}],"published":{"date-parts":[[2006,9,30]]}},{"indexed":{"date-parts":[[2022,4,2]],"date-time":"2022-04-02T00:38:07Z","timestamp":1648859887613},"reference-count":0,"publisher":"Universidad Federal de Santa Maria","issue":"2","content-domain":{"domain":[],"crossmark-restriction":false},"short-container-title":["CadCom"],"DOI":"10.5902\/2316882x6993","type":"journal-article","created":{"date-parts":[[2015,5,16]],"date-time":"2015-05-16T22:37:37Z","timestamp":1431815857000},"source":"Crossref","is-referenced-by-count":1,"title":["CINEMA E TELEJORNALISMO NO DOCUMENT\u00c1RIO TELEVISIVO BRASILEIRO"],"prefix":"10.5902","volume":"16","author":[{"given":"Ivanise Hilbig de","family":"Andrade","sequence":"first","affiliation":[]}],"member":"4419","published-online":{"date-parts":[[2013,3,19]]},"container-title":["Cadernos de Comunica\u00e7\u00e3o"],"deposited":{"date-parts":[[2015,5,16]],"date-time":"2015-05-16T22:37:56Z","timestamp":1431815876000},"score":0.0,"resource":{"primary":{"URL":"http:\/\/cascavel.ufsm.br\/revistas\/ojs-2.2.2\/index.php\/ccomunicacao\/article\/view\/6993"}},"issued":{"date-parts":[[2013,3,19]]},"references-count":0,"journal-issue":{"issue":"2","published-online":{"date-parts":[[2013,3,19]]}},"URL":"https:\/\/doi.org\/10.5902\/2316882x6993","ISSN":["2316-882X","1677-9061"],"issn-type":[{"value":"2316-882X","type":"electronic"},{"value":"1677-9061","type":"print"}],"published":{"date-parts":[[2013,3,19]]}},{"indexed":{"date-parts":[[2022,4,1]],"date-time":"2022-04-01T23:46:06Z","timestamp":1648856766917},"reference-count":0,"publisher":"Universidad Federal de Santa Maria","issue":"2","license":[{"start":{"date-parts":[[2013,12,2]],"date-time":"2013-12-02T00:00:00Z","timestamp":1385942400000},"content-version":"unspecified","delay-in-days":0,"URL":"http:\/\/creativecommons.org\/licenses\/by-nc-nd\/4.0"}],"content-domain":{"domain":[],"crossmark-restriction":false},"short-container-title":["Voluntas"],"abstract":"<jats:p>Partindo do que Schopenhauer considera ser o pressuposto de toda \u00e9tica, a significa\u00e7\u00e3o interior do mundo, isto \u00e9, a diversidade que vige nas a\u00e7\u00f5es humanas entre a causalidade interior e a materialidade do mundo, o presente artigo recorre inicialmente \u00e0 Cr\u00edtica da filosofia kantiana, onde Schopenhauer afirma que Kant operou na filosofia a maior de todas as revolu\u00e7\u00f5es ao instaurar uma descontinuidade entre o ideal e o real, insurgindo-se assim contra o realismo filos\u00f3fico, substituindo a cren\u00e7a na pot\u00eancia do intelecto pela no\u00e7\u00e3o de fantasia e incluindo o fator subjetivo dentre as causas da varia\u00e7\u00e3o de humor. Mas para al\u00e9m do mundo mediado pela subjetividade h\u00e1 o mundo como vontade, onde se desenha a hist\u00f3ria tr\u00e1gico-c\u00f4mica do mundo: a vontade n\u00e3o se move em dire\u00e7\u00e3o a um objeto que justifique seu desgaste, que a recompense proporcionalmente ao esfor\u00e7o realizado e garanta-lhe a satisfa\u00e7\u00e3o esperada.<\/jats:p>","DOI":"10.5902\/2179378633959","type":"journal-article","created":{"date-parts":[[2018,10,30]],"date-time":"2018-10-30T22:11:51Z","timestamp":1540937511000},"page":"92","source":"Crossref","is-referenced-by-count":0,"title":["Akrasia e err\u00e2ncia da vontade em Schopenhauer"],"prefix":"10.5902","volume":"4","author":[{"given":"Bruno Wagner D'Almeida de Souza","family":"Santana","sequence":"first","affiliation":[]}],"member":"4419","published-online":{"date-parts":[[2013,12,2]]},"container-title":["Voluntas: Revista Internacional de Filosofia"],"link":[{"URL":"https:\/\/periodicos.ufsm.br\/voluntas\/article\/viewFile\/33959\/18385","content-type":"application\/pdf","content-version":"vor","intended-application":"text-mining"},{"URL":"https:\/\/periodicos.ufsm.br\/voluntas\/article\/viewFile\/33959\/18385","content-type":"unspecified","content-version":"vor","intended-application":"similarity-checking"}],"deposited":{"date-parts":[[2018,11,5]],"date-time":"2018-11-05T18:34:11Z","timestamp":1541442851000},"score":0.0,"resource":{"primary":{"URL":"https:\/\/periodicos.ufsm.br\/voluntas\/article\/view\/33959"}},"issued":{"date-parts":[[2013,12,2]]},"references-count":0,"journal-issue":{"issue":"2","published-online":{"date-parts":[[2013,12,2]]}},"URL":"https:\/\/doi.org\/10.5902\/2179378633959","ISSN":["2179-3786"],"issn-type":[{"value":"2179-3786","type":"electronic"}],"published":{"date-parts":[[2013,12,2]]}},{"indexed":{"date-parts":[[2022,4,1]],"date-time":"2022-04-01T19:43:53Z","timestamp":1648842233194},"reference-count":0,"publisher":"Universidad Federal de Santa Maria","issue":"9","content-domain":{"domain":[],"crossmark-restriction":false},"short-container-title":["REGET"],"DOI":"10.5902\/223611707911","type":"journal-article","created":{"date-parts":[[2013,3,11]],"date-time":"2013-03-11T19:41:31Z","timestamp":1363030891000},"source":"Crossref","is-referenced-by-count":0,"title":["EDITORIAL - EDI\u00c7\u00c3O ESPECIAL FEV - 2013"],"prefix":"10.5902","volume":"9","author":[{"given":"Jos\u00e9 De Souza","family":"Nogueira","sequence":"first","affiliation":[]}],"member":"4419","published-online":{"date-parts":[[2013,2,18]]},"container-title":["Revista Eletr\u00f4nica em Gest\u00e3o, Educa\u00e7\u00e3o e Tecnologia Ambiental"],"deposited":{"date-parts":[[2013,3,11]],"date-time":"2013-03-11T19:41:31Z","timestamp":1363030891000},"score":0.0,"resource":{"primary":{"URL":"http:\/\/cascavel.ufsm.br\/revistas\/ojs-2.2.2\/index.php\/reget\/article\/view\/7911"}},"issued":{"date-parts":[[2013,2,18]]},"references-count":0,"journal-issue":{"issue":"9","published-online":{"date-parts":[[2013,2,18]]}},"URL":"https:\/\/doi.org\/10.5902\/223611707911","ISSN":["2236-1170","2236-1170"],"issn-type":[{"value":"2236-1170","type":"electronic"},{"value":"2236-1170","type":"print"}],"published":{"date-parts":[[2013,2,18]]}},{"indexed":{"date-parts":[[2022,4,1]],"date-time":"2022-04-01T02:16:43Z","timestamp":1648779403813},"reference-count":0,"publisher":"Universidad Federal de Santa Maria","issue":"11","content-domain":{"domain":[],"crossmark-restriction":false},"short-container-title":["CeN"],"abstract":"<jats:p>Polygonum acre H.B.K. perennial native plant from humid and swampy places, very abundant in Brazil, is used in popular medicine as antihemorrhagic and as expectorant. The authors objective were to study the 20% crude aqueous extract of the vegetable leaves on smooth muscle using rats uterus in oestrus (stilboestrol) and to verify the correlaction of this effect with the chemical composition. For this purpose, we used rats uterus preparation in Magnus bath with De Jalon's solution aerated. Those concentration were choosen from pilot experiences and were 0,5; 1,0 and 2,0 ml (0,2 g\/ml) of the crude aqueous extract of the P. acre H.B.K. and the adrenaline doses were 1,0 \u00b5g. The results showed that the contraction of the smooth muscle and the alteration of the frequence produced by the extract were not significant, this plant flavonoids, which could be responsable by the constriction effect on the smooth muscle, perhaps by one direct or indirect action. This suggests that the effect of the crude extract are possibly due to the indirect action.<\/jats:p>","DOI":"10.5902\/2179460x25536","type":"journal-article","created":{"date-parts":[[2018,10,12]],"date-time":"2018-10-12T17:15:57Z","timestamp":1539364557000},"page":"93","source":"Crossref","is-referenced-by-count":0,"title":["Efeito do extrato aquoso bruto de Polygonum acre H.B.K. sobre a musculatura lisa e correla\u00e7\u00e3o com sua composi\u00e7\u00e3o qu\u00edmica"],"prefix":"10.5902","volume":"11","author":[{"given":"Augusto Vilson","family":"Bortoluzzi","sequence":"first","affiliation":[]},{"given":"Marilia Apple de M.","family":"Bortoluzzi","sequence":"additional","affiliation":[]},{"given":"Ana Maria","family":"Chagas","sequence":"additional","affiliation":[]},{"given":"Janice","family":"Sity\u00e1","sequence":"additional","affiliation":[]},{"given":"Lic\u00e9rio Vicente","family":"Padoim","sequence":"additional","affiliation":[]}],"member":"4419","published-online":{"date-parts":[[1989,12,11]]},"container-title":["Ci\u00eancia e Natura"],"link":[{"URL":"https:\/\/periodicos.ufsm.br\/cienciaenatura\/article\/viewFile\/25536\/pdf","content-type":"application\/pdf","content-version":"vor","intended-application":"text-mining"},{"URL":"https:\/\/periodicos.ufsm.br\/cienciaenatura\/article\/viewFile\/25536\/pdf","content-type":"unspecified","content-version":"vor","intended-application":"similarity-checking"}],"deposited":{"date-parts":[[2018,11,22]],"date-time":"2018-11-22T14:38:44Z","timestamp":1542897524000},"score":0.0,"resource":{"primary":{"URL":"https:\/\/periodicos.ufsm.br\/cienciaenatura\/article\/view\/25536"}},"issued":{"date-parts":[[1989,12,11]]},"references-count":0,"journal-issue":{"issue":"11","published-online":{"date-parts":[[1989,12,11]]}},"URL":"https:\/\/doi.org\/10.5902\/2179460x25536","ISSN":["2179-460X","0100-8307"],"issn-type":[{"value":"2179-460X","type":"electronic"},{"value":"0100-8307","type":"print"}],"published":{"date-parts":[[1989,12,11]]}},{"indexed":{"date-parts":[[2022,4,4]],"date-time":"2022-04-04T05:19:57Z","timestamp":1649049597399},"reference-count":0,"publisher":"Universidad Federal de Santa Maria","issue":"48","content-domain":{"domain":[],"crossmark-restriction":false},"short-container-title":["Fragmentum"],"DOI":"10.5902\/fragmentum.v0i48.22910","type":"journal-article","created":{"date-parts":[[2017,3,20]],"date-time":"2017-03-20T10:54:56Z","timestamp":1490007296000},"page":"193","source":"Crossref","is-referenced-by-count":0,"title":["NEVES, ANDR\u00c9 DE JESUS. CIBERCULTURA E LITERATURA, IDENTIDADE E AUTORIA EM PRODU\u00c7\u00d5ES CULTURAIS PARTICIPAT\u00d3RIAS E NA LITERATURA DE F\u00c3 (FANFICTION). S\u00c3O PAULO, PACO, 2014."],"prefix":"10.5902","author":[{"given":"Maur\u00edcio","family":"Silva","sequence":"first","affiliation":[]}],"member":"4419","published-online":{"date-parts":[[2017,3,18]]},"container-title":["Fragmentum"],"link":[{"URL":"https:\/\/periodicos.ufsm.br\/fragmentum\/article\/viewFile\/22910\/15123","content-type":"application\/pdf","content-version":"vor","intended-application":"text-mining"},{"URL":"https:\/\/periodicos.ufsm.br\/fragmentum\/article\/viewFile\/22910\/15123","content-type":"unspecified","content-version":"vor","intended-application":"similarity-checking"}],"deposited":{"date-parts":[[2017,7,3]],"date-time":"2017-07-03T17:35:12Z","timestamp":1499103312000},"score":0.0,"resource":{"primary":{"URL":"https:\/\/periodicos.ufsm.br\/fragmentum\/article\/view\/22910"}},"issued":{"date-parts":[[2017,3,18]]},"references-count":0,"journal-issue":{"issue":"48","published-online":{"date-parts":[[2017,3,18]]}},"URL":"https:\/\/doi.org\/10.5902\/fragmentum.v0i48.22910","ISSN":["2179-2194","1519-9894"],"issn-type":[{"value":"2179-2194","type":"electronic"},{"value":"1519-9894","type":"print"}],"published":{"date-parts":[[2017,3,18]]}},{"indexed":{"date-parts":[[2022,4,1]],"date-time":"2022-04-01T23:02:30Z","timestamp":1648854150214},"reference-count":0,"publisher":"Universidad Federal de Santa Maria","issue":"1","content-domain":{"domain":[],"crossmark-restriction":false},"short-container-title":["Educa\u00e7\u00e3o"],"abstract":"<jats:p>O objetivo do artigo \u00e9 o desenvolver a ideia de que \u00e9 preciso investir no ensino de Filosofia como ferramenta de produ\u00e7\u00e3o de discernimento. A hip\u00f3tese \u00e9 a de que o discernimento seria a capacidade elementar que se aprende para poder agir com o pensamento, com as a\u00e7\u00f5es e as atitudes para consigo mesmo e para com o mundo. Para tanto, o texto elege tr\u00eas n\u00edveis de quest\u00f5es atuais que desafiam o discernimento pelo o aprendizado da Filosofia: a experi\u00eancia dos sujeitos com a sociedade capital\u00edstica e de consumo, a homogeneiza\u00e7\u00e3o das potencialidades subjetivas e, por fim, a coloniza\u00e7\u00e3o do sentimento de impot\u00eancia na transforma\u00e7\u00e3o da pr\u00f3pria realidade social. O pensamento de Deleuze e Guattari s\u00e3o convocados como fundo anal\u00edtico desta proposta.<\/jats:p>","DOI":"10.5902\/1984644416517","type":"journal-article","created":{"date-parts":[[2015,1,28]],"date-time":"2015-01-28T17:46:51Z","timestamp":1422467211000},"page":"89-100","source":"Crossref","is-referenced-by-count":0,"title":["O ensino de Filosofia e discernimento no mundo contempor\u00e2neo: quest\u00f5es atuais"],"prefix":"10.5902","volume":"40","author":[{"given":"Alexandre Filordi de","family":"Carvalho","sequence":"first","affiliation":[]}],"member":"4419","published-online":{"date-parts":[[2015,1,26]]},"container-title":["Educa\u00e7\u00e3o (UFSM)"],"link":[{"URL":"https:\/\/periodicos.ufsm.br\/reveducacao\/article\/viewFile\/16517\/pdf","content-type":"application\/pdf","content-version":"vor","intended-application":"text-mining"},{"URL":"https:\/\/periodicos.ufsm.br\/reveducacao\/article\/viewFile\/16517\/pdf","content-type":"unspecified","content-version":"vor","intended-application":"similarity-checking"}],"deposited":{"date-parts":[[2021,9,17]],"date-time":"2021-09-17T15:56:52Z","timestamp":1631894212000},"score":0.0,"resource":{"primary":{"URL":"https:\/\/periodicos.ufsm.br\/reveducacao\/article\/view\/16517"}},"issued":{"date-parts":[[2015,1,26]]},"references-count":0,"journal-issue":{"issue":"1","published-online":{"date-parts":[[2015,1,5]]}},"URL":"https:\/\/doi.org\/10.5902\/1984644416517","ISSN":["1984-6444"],"issn-type":[{"value":"1984-6444","type":"electronic"}],"published":{"date-parts":[[2015,1,26]]}},{"indexed":{"date-parts":[[2022,4,1]],"date-time":"2022-04-01T23:02:00Z","timestamp":1648854120871},"reference-count":0,"publisher":"Universidad Federal de Santa Maria","issue":"4","content-domain":{"domain":[],"crossmark-restriction":false},"short-container-title":["Ci\u00eanc. Florest."],"abstract":"<jats:p>A madeira Hymenaea courbaril var. stilbocarpa apresenta alta densidade sendo empregada em constru\u00e7\u00e3o civil, marcenaria e laminados. O caule exsuda uma resina, rica em terpenos que pode ser utilizada na fabrica\u00e7\u00e3o de vernizes. O endocarpo do fruto \u00e9 comest\u00edvel, podendo ser consumido in natura.A duplica\u00e7\u00e3o cromoss\u00f4mica de esp\u00e9cies florestais busca maximizar caracter\u00edsticas de interesse econ\u00f4mico, como caracter\u00edsticas relacionadas ao desenvolvimento e ganho florestal.O estudo teve como objetivo induzir e verificar a poliploidia em c\u00e9lulas de meristemas radiculares de Hymenaea courbaril por meio de caracter\u00edsticas morfol\u00f3gicas e citol\u00f3gicas. Para induzir a poliploidia, os meristemas radiculares foram submetidos \u00e0 exposi\u00e7\u00e3o ao herbicida trifluralin na concentra\u00e7\u00e3o de 3 mM a 4\u00baC por 14 (controle), 24, 48, 72 e 96 h (tratamentos). Em seguida, as rad\u00edculas foram armazenadas por 24 h em um frasco fechado sob refrigera\u00e7\u00e3o em solu\u00e7\u00e3o de metanol: \u00e1cido ac\u00e9tico PA na propor\u00e7\u00e3o 3:1 a -4\u00baC. Os meristemas radiculares foram digeridos em enzima pectinase Sigma\u00ae. As c\u00e9lulas mit\u00f3ticas foram obtidas por dissocia\u00e7\u00e3o celular, secagem ao ar e em placa aquecedora. As c\u00e9lulas foram coradas com Giemsa 5% sendo analisadas 30 c\u00e9lulas em est\u00e1gio de met\u00e1fase. Os est\u00f4matos foram obtidos de pl\u00e2ntulas jovens de cada tratamento sob mesmas condi\u00e7\u00f5es f\u00edsicas e qu\u00edmicas. Para a an\u00e1lise dos est\u00f4matos foi utilizada a t\u00e9cnica de impress\u00e3o epid\u00e9rmica da folha adaxial, com adesivo instant\u00e2neo universal (Super Bonder\u00ae). Analisaram-se 200 est\u00f4matos de cada tratamento. Dentre os quatro tratamentos avaliados, a exposi\u00e7\u00e3o dos meristemas radiculares por 96 h no herbicida trifluralin 3 mM a 4\u00baC, resultou na duplica\u00e7\u00e3o do genoma de Hymenaea courbaril L. var.stilbocarpacom 2n = 4x = 48 cromossomos e o tamanho m\u00e9dio dos est\u00f4matos foi de 0,215 mm estatisticamente superior aos demais tratamentos.<\/jats:p>","DOI":"10.5902\/1980509825151","type":"journal-article","created":{"date-parts":[[2017,1,2]],"date-time":"2017-01-02T20:17:38Z","timestamp":1483388258000},"page":"1331-1337","source":"Crossref","is-referenced-by-count":1,"title":["INDU\u00c7\u00c3O E IDENTIFICACAO DE POLIPLOIDIA EM &lt;i&gt;Hymenaea courbaril&lt;\/i&gt; L. var.stilbocarpa(Hayne) Lee et Lang"],"prefix":"10.5902","volume":"26","author":[{"given":"Diego Antonio Ottonelli","family":"Bona","sequence":"first","affiliation":[]},{"given":"Isane Vera","family":"Karsburg","sequence":"additional","affiliation":[]},{"given":"Ricardo","family":"Gallo","sequence":"additional","affiliation":[]}],"member":"4419","published-online":{"date-parts":[[2016,12,28]]},"container-title":["Ci\u00eancia Florestal"],"link":[{"URL":"https:\/\/periodicos.ufsm.br\/cienciaflorestal\/article\/download\/25151\/pdf","content-type":"application\/pdf","content-version":"vor","intended-application":"text-mining"},{"URL":"https:\/\/periodicos.ufsm.br\/cienciaflorestal\/article\/download\/25151\/pdf","content-type":"unspecified","content-version":"vor","intended-application":"similarity-checking"}],"deposited":{"date-parts":[[2022,1,19]],"date-time":"2022-01-19T15:12:04Z","timestamp":1642605124000},"score":0.0,"resource":{"primary":{"URL":"https:\/\/periodicos.ufsm.br\/cienciaflorestal\/article\/view\/25151"}},"issued":{"date-parts":[[2016,12,28]]},"references-count":0,"journal-issue":{"issue":"4","published-online":{"date-parts":[[2016,12,28]]}},"URL":"https:\/\/doi.org\/10.5902\/1980509825151","ISSN":["1980-5098","0103-9954"],"issn-type":[{"value":"1980-5098","type":"electronic"},{"value":"0103-9954","type":"print"}],"published":{"date-parts":[[2016,12,28]]}}],"items-per-page":20,"query":{"start-index":0,"search-terms":null}}}