{"status":"ok","message-type":"work","message-version":"1.0.0","message":{"indexed":{"date-parts":[[2026,2,22]],"date-time":"2026-02-22T10:03:38Z","timestamp":1771754618846,"version":"3.50.1"},"reference-count":62,"publisher":"Informa UK Limited","issue":"4","funder":[{"DOI":"10.13039\/501100002848","name":"National Commission for Scientific and Technological Research","doi-asserted-by":"publisher","id":[{"id":"10.13039\/501100002848","id-type":"DOI","asserted-by":"publisher"}]},{"DOI":"10.13039\/501100002848","name":"CONICYT","doi-asserted-by":"publisher","award":["DS. N\u00b0 664\/72130411"],"award-info":[{"award-number":["DS. N\u00b0 664\/72130411"]}],"id":[{"id":"10.13039\/501100002848","id-type":"DOI","asserted-by":"publisher"}]},{"DOI":"10.13039\/501100002943","name":"Departament d\u2019Ensenyament de la Generalitat de Catalunya","doi-asserted-by":"publisher","award":["012473"],"award-info":[{"award-number":["012473"]}],"id":[{"id":"10.13039\/501100002943","id-type":"DOI","asserted-by":"publisher"}]}],"content-domain":{"domain":["www.tandfonline.com"],"crossmark-restriction":true},"short-container-title":["International Journal of Inclusive Education"],"published-print":{"date-parts":[[2025,3,21]]},"DOI":"10.1080\/13603116.2021.1879954","type":"journal-article","created":{"date-parts":[[2021,2,7]],"date-time":"2021-02-07T04:41:45Z","timestamp":1612672905000},"page":"429-446","update-policy":"https:\/\/doi.org\/10.1080\/tandf_crossmark_01","source":"Crossref","is-referenced-by-count":1,"title":["Inclusive education and academic performance in Catalan public schools"],"prefix":"10.1080","volume":"29","author":[{"ORCID":"https:\/\/orcid.org\/0000-0002-9639-7481","authenticated-orcid":false,"given":"Dorys Soledad","family":"Sabando Rojas","sequence":"first","affiliation":[{"name":"University of Barcelona","place":["Barcelona, Spain"]}]},{"ORCID":"https:\/\/orcid.org\/0000-0001-9038-2556","authenticated-orcid":false,"given":"Ignasi","family":"Puigdell\u00edvol Aguad\u00e9","sequence":"additional","affiliation":[{"name":"University of Barcelona","place":["Barcelona, Spain"]}]},{"ORCID":"https:\/\/orcid.org\/0000-0002-9044-702X","authenticated-orcid":false,"given":"Mercedes","family":"Torrado Fonseca","sequence":"additional","affiliation":[{"name":"University of Barcelona","place":["Barcelona, Spain"]}]}],"member":"301","published-online":{"date-parts":[[2021,2,5]]},"reference":[{"key":"e_1_3_4_2_1","unstructured":"Ainscow M. 2003 \"Desarrollo de Sistemas Educativos Inclusivos\" [Developing Inclusive Education Systems]. Congress paper from: La respuesta a las necesidades educativas especiales en una escuela vasca inclusiva [Reponses to special educational needs in inclusive Basque schools]. Donostia-San Sebasti\u00e1n: Gobierno Vasco. https:\/\/sid.usal.es\/idocs\/F8\/FDO6565\/mel_ainscow.pdf."},{"key":"e_1_3_4_3_1","doi-asserted-by":"publisher","DOI":"10.1007\/s40841-016-0056-x"},{"key":"e_1_3_4_4_1","doi-asserted-by":"publisher","DOI":"10.1080\/09243453.2014.939591"},{"key":"e_1_3_4_5_1","unstructured":"Albaig\u00e9s B. and G. Ferrer. 2013. \u201cIndicadors sobre l\u00e8xit educatiu a Catalunya\u201d. [Measuring the success of education in Catalonia]. In L\u2019estat de l\u2019educaci\u00f3 a Catalunya. Anuari 2013 [The State of Education in Catalonia Yearbook 2013] directed by M. Mart\u00ednez and B. Albaig\u00e9s 21-194 Barcelona: Fundaci\u00f3 Jaume Bofill."},{"issue":"2","key":"e_1_3_4_6_1","first-page":"7","article-title":"Support and Collaboration Networks in Improving Inclusive Education","volume":"22","author":"Arnaiz P.","year":"2018","unstructured":"Arnaiz, P., R. De Haro, and C. M. Azorin. 2018. \u201cSupport and Collaboration Networks in Improving Inclusive Education.\u201d Profesorado. Revista de curriculum y formaci\u00f3n de profesorado 22 (2): 7\u201327.","journal-title":"Profesorado. Revista de curriculum y formaci\u00f3n de profesorado"},{"key":"e_1_3_4_7_1","doi-asserted-by":"publisher","DOI":"10.1080\/13603116.2018.1450900"},{"key":"e_1_3_4_8_1","doi-asserted-by":"publisher","DOI":"10.1080\/17437271003597907"},{"key":"e_1_3_4_9_1","volume-title":"El dret a l\u2019educaci\u00f3 a Catalunya","author":"Bonal X.","year":"2012","unstructured":"Bonal, X. 2012. El dret a l\u2019educaci\u00f3 a Catalunya. [The Right to Education in Catalonia]. Barcelona: UNICEF Comit\u00e8 Catalunya."},{"key":"e_1_3_4_10_1","first-page":"315","volume-title":"L\u2019estat de l\u2019educaci\u00f3 a Catalunya: Anuari 2013","author":"Bonal X.","year":"2013","unstructured":"Bonal, X., and A. Verger. 2013. Les opcions de pol\u00edtica educativa a Catalunya: An\u00e0lisi de l\u2019acci\u00f3 de govern (2010-2013) [Policy choices in Catalan education: an analysis of government actions 2010-13]. In L\u2019estat de l\u2019educaci\u00f3 a Catalunya: Anuari 2013 [The State of Education in Catalonia Yearbook 2013], edited by M. Mart\u00ednez and B. Albaig\u00e9s, 315\u2013349. Barcelona: Fundaci\u00f3 Jaume Bofill."},{"key":"e_1_3_4_11_1","volume-title":"Index for Inclusion: Developing Learning and Participation in Schools","author":"Booth T.","year":"2011","unstructured":"Booth, T., and M. Ainscow. 2011. Index for Inclusion: Developing Learning and Participation in Schools. 3rd ed. Bristol: CSIE.","edition":"3"},{"key":"e_1_3_4_12_1","first-page":"195","volume-title":"Nuevas Funciones de la Evaluaci\u00f3n. Serie: aula permanente","author":"Cano E.","year":"2009","unstructured":"Cano, E. 2009. \u201cEstrategias e instrumentos para la autoevaluaci\u00f3n de aula e instituciones.\u201d [Strategies and instruments for classroom and institutional self-assessment]. In Nuevas Funciones de la Evaluaci\u00f3n. Serie: aula permanente [New Functions in Education. Series: the Permanent Classroom], edited by Ministerio de Educaci\u00f3n. 195\u2013224. Espa\u00f1a: Secretar\u00eda General T\u00e9cnica."},{"key":"e_1_3_4_13_1","volume-title":"Educaci\u00f3n inclusiva: un modelo futuro","author":"Casanova M.","year":"2011","unstructured":"Casanova, M. 2011. Educaci\u00f3n inclusiva: un modelo futuro. [Inclusive Education: A Model for the Future]. Espa\u00f1a: Wolters Kluwer."},{"key":"e_1_3_4_14_1","doi-asserted-by":"publisher","DOI":"10.1352\/0047-6765(2004)42<136:APOSAI>2.0.CO;2"},{"key":"e_1_3_4_15_1","unstructured":"Confederaci\u00f3n Espa\u00f1ola de Organizaciones en favor de las Personas con Discapacidad Intelectual [FEAPS]. 2009. Gu\u00eda REINE: Reflexi\u00f3n \u00e9tica sobre la inclusi\u00f3n en la escuela. [REINE Guide: Ethical Analysis of Inclusion in Schools]. Madrid: FEAPS."},{"key":"e_1_3_4_16_1","article-title":"L\u2019avaluaci\u00f3 de Sis\u00e8 d\u2019educaci\u00f3 Primaria","volume":"32","author":"Consell Superior d\u2019Avaluaci\u00f3 del Sistema Educatiu","year":"2015","unstructured":"Consell Superior d\u2019Avaluaci\u00f3 del Sistema Educatiu. 2015. \u201cL\u2019avaluaci\u00f3 de Sis\u00e8 d\u2019educaci\u00f3 Primaria\u201d. [Assessment of Sixth Year of Primary Education]. Quaderns d\u2019Avaluaci\u00f3 32 [online journal]. http:\/\/csda.gencat.cat\/ca\/arees_d_actuacio\/publicacions\/quaderns_avaluacio\/","journal-title":"Quaderns d\u2019Avaluaci\u00f3"},{"key":"e_1_3_4_17_1","volume-title":"Metodolog\u00eda y t\u00e9cnicas de investigaci\u00f3n social","author":"Corbetta P.","year":"2003","unstructured":"Corbetta, P. 2003. Metodolog\u00eda y t\u00e9cnicas de investigaci\u00f3n social [Methodology and Social Research Techniques]. Madrid: McGraw-Hill."},{"key":"e_1_3_4_18_1","doi-asserted-by":"publisher","DOI":"10.1177\/0741932513485448"},{"key":"e_1_3_4_19_1","doi-asserted-by":"publisher","DOI":"10.1177\/0022466907313352"},{"issue":"3","key":"e_1_3_4_20_1","doi-asserted-by":"crossref","first-page":"609","DOI":"10.2307\/20466655","article-title":"The Influence of Students with Special Needs Included in Grade 3 Classrooms on the Large-Scale Achievement Scores of Students with Special Needs","volume":"30","author":"Demeris H.","year":"2008","unstructured":"Demeris, H., R. A. Childs, and A. Jordan. 2008. \u201cThe Influence of Students with Special Needs Included in Grade 3 Classrooms on the Large-Scale Achievement Scores of Students with Special Needs.\u201d Canadian Journal of Education 30 (3): 609\u2013627.","journal-title":"Canadian Journal of Education"},{"key":"e_1_3_4_21_1","unstructured":"Denham A. n.d. \u201cQuestionnaire - School-Wide Inclusive Education Best Practice Indicators\u201d. University of Kentucky. http:\/\/cal2.edu.gov.on.ca\/april2009\/Appendix_C_IAI_EDU_Indicator.pdf."},{"key":"e_1_3_4_22_1","unstructured":"Departament d\u2019Ensenyament. 2016. Avaluaci\u00f3 de sis\u00e8 de prim\u00e0ria. http:\/\/educacio.gencat.cat\/portal\/page\/portal\/Educacio\/PCentrePrivat\/PCPInici\/PCPGestioAcademica\/PCPProvaAvaluacioSisePrimaria."},{"key":"e_1_3_4_23_1","unstructured":"Departament d\u2019Ensenyament. 2017. Decret 150\/2017 de 17 D\u2019octubre de l\u2019atenci\u00f3 Educativa a d\u2019alumnat en el Marc d\u2019un Sistema Educatiu Inclusiu DOGC-7477. http:\/\/portaldogc.gencat.cat\/utilsEADOP\/PDF\/7477\/1639866.pdf."},{"key":"e_1_3_4_24_1","doi-asserted-by":"publisher","DOI":"10.1080\/09243453.2015.1026671"},{"key":"e_1_3_4_25_1","doi-asserted-by":"publisher","DOI":"10.3109\/13668250.2012.757589"},{"key":"e_1_3_4_26_1","doi-asserted-by":"publisher","DOI":"10.1111\/j.1465-3435.2011.01474.x"},{"key":"e_1_3_4_27_1","volume-title":"Guia per a l\u2019an\u00e0lisi, la reflexi\u00f3 i la valoraci\u00f3 de pr\u00e0ctiques inclusives","author":"Duran D.","year":"2010","unstructured":"Duran, D., C. Gin\u00e9, and A. Marchesi. 2010. Guia per a l\u2019an\u00e0lisi, la reflexi\u00f3 i la valoraci\u00f3 de pr\u00e0ctiques inclusives [Guide to Analysis, Reflection on and Assessment of Inclusive Practices]. Catalunya: Departament d\u2019Educaci\u00f3."},{"key":"e_1_3_4_28_1","first-page":"145","volume-title":"Apoyos, autodeterminaci\u00f3n y calidad de vida: actas IV Jornadas cient\u00edficas de Investigaci\u00f3n sobre personas con discapacidad","author":"Dyson A.","year":"2001","unstructured":"Dyson, A. 2001. \u201cDilemas y contradicciones y variedades en la inclusi\u00f3n\u201d. [Dilemmas, contradictions and varieties in inclusion]. In Apoyos, autodeterminaci\u00f3n y calidad de vida: actas IV Jornadas cient\u00edficas de Investigaci\u00f3n sobre personas con discapacidad [Support, Self-Determination and Quality of Life: Minutes of the 4th Scientific Congress of Research into People with Disabilities], edited by M. Verdugo and F. Jord\u00e1n de Urr\u00edes, 145\u2013160. Salamanca: Amaru."},{"key":"e_1_3_4_29_1","doi-asserted-by":"publisher","DOI":"10.53841\/bpsdeb.2004.1.109.6"},{"key":"e_1_3_4_30_1","unstructured":"Education Law of Catalonia. 2009. Llei 12\/2009 del 10 de juliol d\u2019educaci\u00f3 DOGC-5422. http:\/\/portaldogc.gencat.cat\/utilsEADOP\/PDF\/5422\/950599.pdf."},{"key":"e_1_3_4_31_1","volume-title":"Including Students with Special Needs: School Questionnaire Responses","author":"Education Review Office","year":"2012","unstructured":"Education Review Office. 2012. Including Students with Special Needs: School Questionnaire Responses. New Zealand Government. http:\/\/www.ero.govt.nz\/National-Reports\/Including-Students-with-Special-Needs-School-Questionnaire-Responses-April-2012."},{"key":"e_1_3_4_32_1","doi-asserted-by":"publisher","DOI":"10.1080\/09243450701442746"},{"key":"e_1_3_4_33_1","doi-asserted-by":"publisher","DOI":"10.17583\/remie.2012.438"},{"key":"e_1_3_4_34_1","first-page":"31","article-title":"Investigaci\u00f3n Sobre el Cambio Educativo: Presente y Futuro","volume":"3","author":"Fullan M.","year":"2011","unstructured":"Fullan, M. 2011. \u201cInvestigaci\u00f3n Sobre el Cambio Educativo: Presente y Futuro.\u201d [Research into educational change: Present and future]. Revista Digital de Investigaci\u00f3n Lasaliana 3: 31\u201335.","journal-title":"Revista Digital de Investigaci\u00f3n Lasaliana"},{"key":"e_1_3_4_35_1","doi-asserted-by":"publisher","DOI":"10.1080\/02660830.2014.11661665"},{"key":"e_1_3_4_36_1","volume-title":"Evaluaci\u00f3n y gesti\u00f3n de la calidad educativa: Un enfoque metodol\u00f3gico","author":"Gonz\u00e1lez-Ramirez T.","year":"2000","unstructured":"Gonz\u00e1lez-Ramirez, T. 2000. Evaluaci\u00f3n y gesti\u00f3n de la calidad educativa: Un enfoque metodol\u00f3gico. [Assessment and Management of Quality in Education: a Methodological Approach]. M\u00e1laga: Aljibe."},{"key":"e_1_3_4_37_1","volume-title":"Fundamentos de metodolog\u00eda de la investigaci\u00f3n5th ed","author":"Hern\u00e1ndez R.","year":"2010","unstructured":"Hern\u00e1ndez, R., C. Fern\u00e1ndez, and P. Baptista. 2010. Fundamentos de metodolog\u00eda de la investigaci\u00f3n. [Foundations of Research Methodology]. 5th ed. Madrid: McGraw-Hill Interamericana."},{"key":"e_1_3_4_38_1","doi-asserted-by":"publisher","DOI":"10.1080\/10409280802230973"},{"key":"e_1_3_4_39_1","doi-asserted-by":"publisher","DOI":"10.1080\/00131880701717222"},{"key":"e_1_3_4_40_1","doi-asserted-by":"publisher","DOI":"10.1111\/fare.12274"},{"key":"e_1_3_4_41_1","doi-asserted-by":"publisher","DOI":"10.1080\/13603116.2013.788223"},{"key":"e_1_3_4_42_1","unstructured":"Ministerio de Educaci\u00f3n Cultura y Deporte [MECD]. 2013. PISA 2012: Programa para la evaluaci\u00f3n internacional de los alumnos: Informe espa\u00f1ol. Volumen I: Resultados y contexto. [PISA 2012: Programme for International Student Assessment: Spanish Report. Volume I: Results and Context]. http:\/\/www.mecd.gob.es\/inee\/estudios\/pisa.html."},{"key":"e_1_3_4_43_1","unstructured":"Ministerio de Educaci\u00f3n Cultura y Deporte [MECD]. 2018. Datos y cifras educaci\u00f3n: Curso escolar 2017-2018. [Education Data and Figures: School Year 2017-18]. Madrid: Secretar\u00eda General T\u00e9cnica. Subdirecci\u00f3n General de Estad\u00edstica y Estudios. https:\/\/sede.educacion.gob.es\/publiventa\/descarga.action?f_codigo_agc=19183"},{"key":"e_1_3_4_44_1","first-page":"17","volume-title":"Eficacia escolar y factores asociados en Am\u00e9rica Latina y el Caribe [School Effectiveness and Associated Factors in Latin America and the Caribbean]","author":"Murillo F.J.","year":"2008","unstructured":"Murillo, F.J. 2008. \u201cEnfoque, situaci\u00f3n y desaf\u00edos de la investigaci\u00f3n sobre eficacia escolar en Am\u00e9rica Latina y el Caribe\u201d. [Approach, situation and challenges of research on school effectiveness in Latin America and the Caribbean]. In Eficacia escolar y factores asociados en Am\u00e9rica Latina y el Caribe [School Effectiveness and Associated Factors in Latin America and the Caribbean], edited by R. Blanco, 17\u201348. Santiago de Chile: OREALC-UNESCO\/LLECE."},{"issue":"151","key":"e_1_3_4_45_1","doi-asserted-by":"crossref","first-page":"55","DOI":"10.22201\/iisue.24486167e.2016.151.54886","article-title":"\u00bfQu\u00e9 ocurre en las aulas donde los ni\u00f1os y ni\u00f1as no aprenden? Estudio cualitativo de aulas ineficaces en Iberoam\u00e9rica","volume":"38","author":"Murillo F","year":"2016","unstructured":"Murillo, F, R. Hern\u00e1ndez-Castilla, and C. Mart\u00ednez-Garrido. 2016. \u201c\u00bfQu\u00e9 ocurre en las aulas donde los ni\u00f1os y ni\u00f1as no aprenden? Estudio cualitativo de aulas ineficaces en Iberoam\u00e9rica.\u201d [What happens in classrooms where children don\u2019t learn? A qualitative study of ineffective classrooms in Latin America]. Perfiles Educativos 38 (151): 55\u201370.","journal-title":"Perfiles Educativos"},{"key":"e_1_3_4_46_1","unstructured":"New Jersey Coalition for Inclusive Education [NJCIE]. 2010. Quality Indicators for Effective Inclusive Education Guidebook. https:\/\/www.sccoe.org\/depts\/students\/inclusion-collaborative\/Documents\/sip-phase4\/Quality-Indicators-for-Effective-Inclusive.pdf."},{"key":"e_1_3_4_47_1","volume-title":"Addressing Exclusion in Education: A Guide to Assessing Education Systems. Towards More Inclusive and Just Societies","author":"OECD","year":"2012","unstructured":"OECD. 2012. Addressing Exclusion in Education: A Guide to Assessing Education Systems. Towards More Inclusive and Just Societies. Paris: UNESCO."},{"key":"e_1_3_4_48_1","unstructured":"Pedr\u00f3 F. 2012. Pol\u00edticas P\u00fablicas Sobre Apoyo y Refuerzo Educativo: Evidencias Internacionales. [Public policies for educational support and reinforcement: International evidence]. N\u00ba Extra (1): 22\u201345."},{"key":"e_1_3_4_49_1","volume-title":"La Educaci\u00f3n especial en la escuela integrada: Una perspectiva desde la diversidad [Special Education in the Integrated School: A Diversity Perspective]","author":"Puigdell\u00edvol I.","year":"2005","unstructured":"Puigdell\u00edvol, I. 2005. La Educaci\u00f3n especial en la escuela integrada: Una perspectiva desde la diversidad [Special Education in the Integrated School: A Diversity Perspective]. Barcelona: Gra\u00f3."},{"key":"e_1_3_4_50_1","doi-asserted-by":"publisher","DOI":"10.1080\/09687599.2017.1331835"},{"key":"e_1_3_4_51_1","volume-title":"Educaci\u00f3n Permanente y Educaci\u00f3n de Adultos: Intervenci\u00f3n Socioeducativa en la Edad Adulta","author":"Requejo Osorio A.","year":"2003","unstructured":"Requejo Osorio, A. 2003. Educaci\u00f3n Permanente y Educaci\u00f3n de Adultos: Intervenci\u00f3n Socioeducativa en la Edad Adulta. [Lifelong Education and Adult Education: Socio-Educational Intervention among Adults]. Barcelona: Ariel."},{"key":"e_1_3_4_52_1","doi-asserted-by":"publisher","DOI":"10.1016\/j.edurev.2009.02.002"},{"key":"e_1_3_4_53_1","doi-asserted-by":"publisher","DOI":"10.1080\/00131881.2010.524749"},{"key":"e_1_3_4_54_1","doi-asserted-by":"publisher","DOI":"10.1016\/j.ijer.2019.05.002"},{"key":"e_1_3_4_55_1","doi-asserted-by":"publisher","DOI":"10.1080\/02680939.2012.708789"},{"key":"e_1_3_4_56_1","first-page":"60","article-title":"El treball en xarxa per a l'\u00e8xit educatiu de l'alumnat amb necessitats educatives especials","volume":"43","author":"Siles B.","year":"2015","unstructured":"Siles, B., M.J. Segura, C. Petre\u00f1as, and I. Puigdell\u00edvol, 2015. \u201cEl treball en xarxa per a l'\u00e8xit educatiu de l'alumnat amb necessitats educatives especials\u201d. [Networking for educational success with special educational needs students]. \u00c0mbits de Psicopedagogia i Orientaci\u00f3 43: 60\u201368. http:\/\/ambitsdepsicopedagogiaiorientacio.cat\/arxius\/6237","journal-title":"\u00c0mbits de Psicopedagogia i Orientaci\u00f3"},{"key":"e_1_3_4_57_1","unstructured":"Stainback S. and W. Stainback. 2004. Aulas Inclusivas. Un nuevo modo de enfocar y vivir el curr\u00edculo. [Inclusive Classrooms: A New Way of Approaching and Experiencing the Curriculum]. Madrid Narcea."},{"key":"e_1_3_4_58_1","first-page":"230","volume-title":"Metodolog\u00eda de la investigaci\u00f3n educativa [Educational research methodology]","author":"Torrado M.","year":"2014","unstructured":"Torrado, M. 2014. \u201cEstudios de encuesta [Survey studies].\u201d In Metodolog\u00eda de la investigaci\u00f3n educativa [Educational research methodology] (4th ed.), edited by A. Bisquerra, 230\u2013257. Madrid: La Muralla.","edition":"4"},{"key":"e_1_3_4_59_1","volume-title":"Policy Guidelines on Inclusi\u00f3n in Education","author":"UNESCO","year":"2009","unstructured":"UNESCO. 2009. Policy Guidelines on Inclusi\u00f3n in Education. Paris: UNESCO. http:\/\/www.unesco.org\/new\/es\/education\/themes\/strengthening-education-systems\/inclusive-education\/guidelines\/."},{"key":"e_1_3_4_60_1","volume-title":"Informe de seguimiento de la EPT en el Mundo: Ense\u00f1anza y aprendizaje. Lograr la calidad para todos","author":"UNESCO","year":"2014","unstructured":"UNESCO. 2014. Informe de seguimiento de la EPT en el Mundo: Ense\u00f1anza y aprendizaje. Lograr la calidad para todos. [Education for All Global Monitoring Report: Learning and Teaching. Achieving Quality for All]. Paris: UNESCO."},{"key":"e_1_3_4_61_1","unstructured":"UNESCO. 2015. Incheon Declaration. Education 2030: Towards inclusive and equitable quality education and lifelong learning for all. http:\/\/es.unesco.org\/world-education-forum-2015\/about-forum\/declaracion-de-incheon."},{"key":"e_1_3_4_62_1","volume-title":"Educaci\u00f3n de calidad para todos: Un asunto de derechos humanos","author":"UNESCO \u2013 OREALC","year":"2007","unstructured":"UNESCO \u2013 OREALC. 2007. Educaci\u00f3n de calidad para todos: Un asunto de derechos humanos. [Quality Education for All: A Human Rights Issue]. Santiago: UNESCO-OREALC Oficina Regional de Educaci\u00f3n para Am\u00e9rica Latina y el Caribe."},{"key":"e_1_3_4_63_1","unstructured":"Valls R. n.d. MIXSTRIN \u2013 Agrupaci\u00f3n del alumnado y \u00e9xito escolar. [Student grouping and successful schooling]. Unpublished survey. Universitat de Barcelona."}],"container-title":["International Journal of Inclusive Education"],"original-title":[],"language":"en","link":[{"URL":"https:\/\/www.tandfonline.com\/doi\/pdf\/10.1080\/13603116.2021.1879954","content-type":"unspecified","content-version":"vor","intended-application":"similarity-checking"}],"deposited":{"date-parts":[[2025,3,29]],"date-time":"2025-03-29T16:53:22Z","timestamp":1743267202000},"score":1,"resource":{"primary":{"URL":"https:\/\/www.tandfonline.com\/doi\/full\/10.1080\/13603116.2021.1879954"}},"subtitle":[],"short-title":[],"issued":{"date-parts":[[2021,2,5]]},"references-count":62,"journal-issue":{"issue":"4","published-print":{"date-parts":[[2025,3,21]]}},"alternative-id":["10.1080\/13603116.2021.1879954"],"URL":"https:\/\/doi.org\/10.1080\/13603116.2021.1879954","relation":{},"ISSN":["1360-3116","1464-5173"],"issn-type":[{"value":"1360-3116","type":"print"},{"value":"1464-5173","type":"electronic"}],"subject":[],"published":{"date-parts":[[2021,2,5]]},"assertion":[{"value":"The publishing and review policy for this title is described in its Aims & Scope.","order":1,"name":"peerreview_statement","label":"Peer Review Statement"},{"value":"http:\/\/www.tandfonline.com\/action\/journalInformation?show=aimsScope&journalCode=tied20","URL":"http:\/\/www.tandfonline.com\/action\/journalInformation?show=aimsScope&journalCode=tied20","order":2,"name":"aims_and_scope_url","label":"Aim & Scope"},{"value":"2020-05-04","order":0,"name":"received","label":"Received","group":{"name":"publication_history","label":"Publication History"}},{"value":"2020-12-18","order":2,"name":"accepted","label":"Accepted","group":{"name":"publication_history","label":"Publication History"}},{"value":"2021-02-05","order":3,"name":"published","label":"Published","group":{"name":"publication_history","label":"Publication History"}}]}}