{"status":"ok","message-type":"work","message-version":"1.0.0","message":{"indexed":{"date-parts":[[2025,6,14]],"date-time":"2025-06-14T04:25:50Z","timestamp":1749875150644,"version":"3.37.3"},"reference-count":66,"publisher":"Springer Science and Business Media LLC","issue":"2","license":[{"start":{"date-parts":[[2019,9,13]],"date-time":"2019-09-13T00:00:00Z","timestamp":1568332800000},"content-version":"tdm","delay-in-days":0,"URL":"http:\/\/www.springer.com\/tdm"},{"start":{"date-parts":[[2019,9,13]],"date-time":"2019-09-13T00:00:00Z","timestamp":1568332800000},"content-version":"vor","delay-in-days":0,"URL":"http:\/\/www.springer.com\/tdm"}],"content-domain":{"domain":["link.springer.com"],"crossmark-restriction":false},"short-container-title":["Scientometrics"],"published-print":{"date-parts":[[2019,11]]},"DOI":"10.1007\/s11192-019-03226-5","type":"journal-article","created":{"date-parts":[[2019,9,13]],"date-time":"2019-09-13T20:04:46Z","timestamp":1568405086000},"page":"957-975","update-policy":"https:\/\/doi.org\/10.1007\/springer_crossmark_policy","source":"Crossref","is-referenced-by-count":5,"title":["Generation of intangible assets in higher education institutions"],"prefix":"10.1007","volume":"121","author":[{"ORCID":"https:\/\/orcid.org\/0000-0002-0666-249X","authenticated-orcid":false,"given":"Li\u00e1ria","family":"Nunes-Silva","sequence":"first","affiliation":[]},{"ORCID":"https:\/\/orcid.org\/0000-0001-5149-2998","authenticated-orcid":false,"given":"Alan","family":"Malacarne","sequence":"additional","affiliation":[]},{"ORCID":"https:\/\/orcid.org\/0000-0002-8316-630X","authenticated-orcid":false,"given":"Ricardo Fontes","family":"Macedo","sequence":"additional","affiliation":[]},{"ORCID":"https:\/\/orcid.org\/0000-0003-1231-6451","authenticated-orcid":false,"given":"Robelius","family":"De-Bortoli","sequence":"additional","affiliation":[]}],"member":"297","published-online":{"date-parts":[[2019,9,13]]},"reference":[{"issue":"1","key":"3226_CR1","first-page":"1","volume":"2","author":"G Allan","year":"2003","unstructured":"Allan, G. (2003). A critique of using grounded theory as a research method. Electronic Journal of Business Research Methods, 2(1), 1\u201310.","journal-title":"Electronic Journal of Business Research Methods"},{"issue":"1","key":"3226_CR2","doi-asserted-by":"crossref","first-page":"228","DOI":"10.19132\/1808-5245231.228-253","volume":"23","author":"RM Amaral","year":"2017","unstructured":"Amaral, R. M., Quoniam, L., de Faria, L. I. L., Leiva, D. R., Milanez, D. H., & Fioroni, J. (2017). Ultrapassando as barreiras de convers\u00e3o e tratamento de dados: Indicadores de produ\u00e7\u00e3o cient\u00edfica dos programas de p\u00f3s-gradua\u00e7\u00e3o em engenharia de materiais e metal\u00fargica. Em Quest\u00e3o, 23(1), 228\u2013253.","journal-title":"Em Quest\u00e3o"},{"issue":"1","key":"3226_CR3","first-page":"11","volume":"12","author":"CA Ara\u00fajo","year":"2006","unstructured":"Ara\u00fajo, C. A. (2006). Bibliometria: Evolu\u00e7\u00e3o hist\u00f3rica e quest\u00f5es atuais. Em Quest\u00e3o, 12(1), 11\u201332.","journal-title":"Em Quest\u00e3o"},{"issue":"2","key":"3226_CR4","doi-asserted-by":"crossref","first-page":"169","DOI":"10.17524\/repec.v12i2.1673","volume":"12","author":"ET Barbosa","year":"2018","unstructured":"Barbosa, E. T., Lunardi, M. A., Bizatto, L. S., & Biavatti, V. T. (2018). Rela\u00e7\u00e3o entre Endogenia e a Avalia\u00e7\u00e3o CAPES dos Programas de P\u00f3s-Gradua\u00e7\u00e3o em Ci\u00eancias Cont\u00e1beis no Brasil. Revista de Educa\u00e7\u00e3o e Pesquisa em Contabilidade (REPeC)., 12(2), 169\u2013185.","journal-title":"Revista de Educa\u00e7\u00e3o e Pesquisa em Contabilidade (REPeC)."},{"issue":"1","key":"3226_CR5","doi-asserted-by":"crossref","first-page":"178","DOI":"10.1108\/JIC-02-2017-0042","volume":"19","author":"DD Berardino","year":"2018","unstructured":"Berardino, D. D., & Corsi, C. (2018). A quality evaluation approach to disclosing third mission activities and intellectual capital in Italian universities. Journal of Intellectual Capital, 19(1), 178\u2013201.","journal-title":"Journal of Intellectual Capital"},{"issue":"3","key":"3226_CR6","doi-asserted-by":"crossref","first-page":"159","DOI":"10.14254\/2071-8330.2016\/9-3\/13","volume":"9","author":"K Boyko","year":"2016","unstructured":"Boyko, K., & Derun, I. (2016). Disclosure of non-financial information in corporate social reporting as a strategy for improving management eff ectiveness. Journal of International Studies, 9(3), 159\u2013177.","journal-title":"Journal of International Studies"},{"issue":"2","key":"3226_CR7","first-page":"155","volume":"3","author":"GM Braga","year":"1974","unstructured":"Braga, G. M. (1974). Informa\u00e7\u00e3o, Ci\u00eancia, Pol\u00edtica Cient\u00edfica: O Pensamento de Derek de Solla Price. Ci\u00eancia da Informa\u00e7\u00e3o, 3(2), 155\u2013177.","journal-title":"Ci\u00eancia da Informa\u00e7\u00e3o"},{"issue":"4","key":"3226_CR8","first-page":"609","volume":"3","author":"C Br\u0103tianu","year":"2015","unstructured":"Br\u0103tianu, C., & P\u00eenzaru, F. (2015). Challenges for the University Intellectual Capital in the Knowledge Economy. Management Dynamics in the Knowledge Economy, 3(4), 609\u2013627.","journal-title":"Management Dynamics in the Knowledge Economy"},{"key":"3226_CR9","volume-title":"Intellectual capital: Core asset for the third millennium enterprise","author":"A Brooking","year":"1996","unstructured":"Brooking, A. (1996). Intellectual capital: Core asset for the third millennium enterprise. Boston: Thomson."},{"key":"3226_CR10","unstructured":"CAPES. (2008). Requisitos para a cria\u00e7\u00e3o de novos programas acad\u00eanicos na \u00e1rea interdisciplinar, 2008. Dispon\u00edvel em\u2009<\u2009capes.gov.br\/avaliacao\/sobre-as-areas-de-avaliacao\u2009>\u2009, Acesso em 18 de jan de 2018."},{"key":"3226_CR11","unstructured":"CAPES. (2016a). Orienta\u00e7\u00f5es para APCN\u20142016. Dispon\u00edvel em: http:\/\/capes.gov.br\/images\/documentos\/Criterios_apcn_2016\/Criterios_APCN_Interdisciplinar.pdf . Acesso em 18 de out de 2018."},{"key":"3226_CR12","unstructured":"CAPES. (2016b). Requisitos para a Apresenta\u00e7\u00e3o de Propostas de Cursos Novos (APCN)\u2014interdisciplinar. Dispon\u00edvel em: https:\/\/www.capes.gov.br\/images\/documentos\/Criterios_apcn_2semestre\/Crit%C3%A9rios_de_APCN_2017_-_Interdisciplinar.pdf ."},{"key":"3226_CR13","unstructured":"CAPES. (2017a). Portaria N\u00ba 161, de 22 de agosto de 2017: Avalia\u00e7\u00e3o de Propostas de Cursos Novos, APCN, de p\u00f3s-gradua\u00e7\u00e3o stricto sensu."},{"key":"3226_CR14","unstructured":"CAPES. (2017b). Relat\u00f3rio de avalia\u00e7\u00e3o\u2014interdisciplinar. Dispon\u00edvel em: http:\/\/capes.gov.br\/images\/stories\/download\/avaliacao\/relatorios-finais-quadrienal-2017\/20122017-INTERDISCIPLINAR-quadrienal.pdf ."},{"key":"3226_CR15","unstructured":"CAPES. (2018). Cursos Avaliados e Reconhecidos, 2018. Dispon\u00edvel em\u2009<\u2009sucupira.capes.gov.br\/sucupira\/public\/consultas\/coleta\/programa\/quantitativos\/quantitativoAreaAvaliacao.jsf;jsessionid\u2009=\u2009fvOnZTm7RKA-Nepd4wnj7Tqc.sucupira-203\u2009>\u2009, Acesso em 18 de out de 2018."},{"key":"3226_CR16","unstructured":"CAPES. (2019). Mudan\u00e7as na ficha de avalia\u00e7\u00e3o valorizam qualidade dos programas. Dispon\u00edvel em: https:\/\/www.capes.gov.br\/36-noticias\/9370-mudancas-na-ficha-de-avaliacao-valorizam-qualidade-dos-programas . Acesso em: 01 de jun. De 2019."},{"issue":"1","key":"3226_CR17","doi-asserted-by":"crossref","first-page":"17","DOI":"10.1590\/1981-5344\/2813","volume":"22","author":"RCG Castanha","year":"2017","unstructured":"Castanha, R. C. G., Lima, L. M., & Mart\u00ednez-\u00c1vila, D. (2017). Discourse analysis from the bibliometric perspective in the studies on information science in Brazil. Perspectivas em Ci\u00eancia da Informa\u00e7\u00e3o, 22(1), 17\u201337.","journal-title":"Perspectivas em Ci\u00eancia da Informa\u00e7\u00e3o"},{"key":"3226_CR18","unstructured":"CNPq. (2018). Curr\u00edculo Lattes. http:\/\/buscatextual.cnpq.br\/buscatextual\/busca.do?metodo=apresentar , Acesso em 09 de ago de 2018."},{"key":"3226_CR19","doi-asserted-by":"crossref","first-page":"1","DOI":"10.21713\/2358-2332.2017.v14.1455","volume":"14","author":"BC Coelho","year":"2017","unstructured":"Coelho, B. C. (2017). Ci\u00eancia, sociedade e complexidade: da disciplinariza\u00e7\u00e3o do conhecimento \u00e0 emerg\u00eancia de programas de p\u00f3s-gradua\u00e7\u00e3o interdisciplinares no Brasil. Revista Brasileira de P\u00f3s-Gradua\u00e7\u00e3o, 14, 1\u201322.","journal-title":"Revista Brasileira de P\u00f3s-Gradua\u00e7\u00e3o"},{"key":"3226_CR20","first-page":"193","volume":"31","author":"M Coelho","year":"2011","unstructured":"Coelho, M., & Hayashi, M. C. P. I. (2011). P\u00f3s-gradua\u00e7\u00e3o no regime militar: zona franca de produ\u00e7\u00e3o do conhecimento. S\u00e9rie-Estudos, 31, 193\u2013213.","journal-title":"S\u00e9rie-Estudos"},{"key":"3226_CR21","first-page":"274","volume":"45","author":"SOB Correia","year":"2018","unstructured":"Correia, S. O. B., & Souza, A. V. M. (2018). A pesquisa interdisciplinar no Programa de P\u00f3s-Gradua\u00e7\u00e3o em Desenvolvimento e Meio Ambiente da Universidade Federal de Sergipe. Desenvolvimento e Meio Ambiente, 45, 274\u2013293.","journal-title":"Desenvolvimento e Meio Ambiente"},{"key":"3226_CR22","unstructured":"CPC. (2010). Pronunciamento T\u00e9cnico CPC 04\u2013Ativo Intang\u00edvel. http:\/\/www.cpc.org.br\/pdf\/CPC04_R1.pdf > Acessado em 10 de out de 2010."},{"key":"3226_CR23","volume-title":"Investiga\u00e7\u00e3o Qualitativa e Projeto de Pesquisa: escolhendo entre cinco abordagens","author":"JW Creswell","year":"2014","unstructured":"Creswell, J. W. (2014). Investiga\u00e7\u00e3o Qualitativa e Projeto de Pesquisa: escolhendo entre cinco abordagens (3\u00aa ed.). Porto Alegre\/RS: Penso.","edition":"3\u00aa"},{"issue":"1","key":"3226_CR24","doi-asserted-by":"crossref","first-page":"71","DOI":"10.1108\/JIC-02-2017-0037","volume":"19","author":"L Cricelli","year":"2018","unstructured":"Cricelli, L., Greco, M., Grimaldi, M., & Due\u00f1as, L. P. L. (2018). Intellectual capital and university performance in emerging countries: Evidence from Colombian public universities. Journal of Intellectual Capital, 19(1), 71\u201395.","journal-title":"Journal of Intellectual Capital"},{"key":"3226_CR25","unstructured":"da Cunha, J. L. V. (2018). Proposi\u00e7\u00e3o de uma estrutura de indicadores para apoiar a gest\u00e3o dos ativos intang\u00edveis de capital intelectual em IFES. Disserta\u00e7\u00e3o de mestrado do Programa de P\u00f3s-Gradua\u00e7\u00e3o em Engenharia de Produ\u00e7\u00e3o da UFRGS."},{"issue":"4","key":"3226_CR26","doi-asserted-by":"crossref","first-page":"522","DOI":"10.1108\/JSBED-04-2018-0117","volume":"26","author":"M Dabi\u0107","year":"2019","unstructured":"Dabi\u0107, M., La\u017enjak, J., Smallbone, D., & \u0160varc, J. (2019). Intellectual capital, organizational climate, innovation culture, and SME performance: Evidence from Croatia. Journal of Small Business and Enterprise Development, 26(4), 522\u2013544.","journal-title":"Journal of Small Business and Enterprise Development"},{"issue":"1","key":"3226_CR27","first-page":"55","volume":"8","author":"MEF D\u2019Antino","year":"2008","unstructured":"D\u2019Antino, M. E. F. (2008). Interdisciplinaridade e transtornos globais do desenvolvimento uma perspectiva de an\u00e1lise. Cadernos de P\u00f3s-Gradua\u00e7\u00e3o em Dist\u00farbios do Desenvolvimento, 8(1), 55\u201369.","journal-title":"Cadernos de P\u00f3s-Gradua\u00e7\u00e3o em Dist\u00farbios do Desenvolvimento"},{"issue":"1","key":"3226_CR28","first-page":"109","volume":"13","author":"PM Dias","year":"2018","unstructured":"Dias, P. M., Moreira, T. H. J., Dias, T. M. R., & Moita, G. F. (2018). Um estudo sobre a produ\u00e7\u00e3o cient\u00edfica do conjunto de docentes dos programas de p\u00f3s-gradua\u00e7\u00e3o \u00e1rea interdisciplinar no Brasil. Pesquisa Brasileira em Ci\u00eancia da Informa\u00e7\u00e3o e Biblioteconomia, 13(1), 109\u2013116.","journal-title":"Pesquisa Brasileira em Ci\u00eancia da Informa\u00e7\u00e3o e Biblioteconomia"},{"key":"3226_CR29","doi-asserted-by":"crossref","unstructured":"Dif, A., Hamdani, Z., & Benziane, A. (2019). The economics of intangible assets: From just value-to-value creation. In AHFE international conference on human factors, business management and society, and the AHFE international conference on human factors in management and leadership (Vol. 961, pp. 553\u2013560). Washington D.C., United States.","DOI":"10.1007\/978-3-030-20154-8_51"},{"key":"3226_CR100","volume-title":"Capital intelectual","author":"L Edvisson","year":"1998","unstructured":"Edvisson, L., & Malone, M. S. (1998). Capital intelectual. S\u00e3o Paulo: Makron."},{"issue":"2","key":"3226_CR30","first-page":"13","volume":"13","author":"S Elena-P\u00e9rez","year":"2011","unstructured":"Elena-P\u00e9rez, S., Saritas, O., Pook, K., & Warden, C. (2011). Ready for the future? Univeristies\u2019 capabilities to strategically manage their intellectual capital, Foresight, 13(2), 13\u201348.","journal-title":"Univeristies\u2019 capabilities to strategically manage their intellectual capital, Foresight"},{"issue":"30","key":"3226_CR31","first-page":"37","volume":"18","author":"AA F\u00e1vero","year":"2017","unstructured":"F\u00e1vero, A. A., & Marques, M. (2017). Doc\u00eancia Universit\u00e1ria numa perspectiva de forma\u00e7\u00e3o interdisciplinar. Revista de Ci\u00eancias Humanas, 18(30), 37\u201353.","journal-title":"Revista de Ci\u00eancias Humanas"},{"issue":"2","key":"3226_CR32","doi-asserted-by":"crossref","first-page":"45","DOI":"10.14295\/biblos.v31i2.8019","volume":"31","author":"SM Firme","year":"2017","unstructured":"Firme, S. M., Miranda, A. C. D., & Silva, J. A. (2017). Produ\u00e7\u00e3o do conhecimento cient\u00edfico: um estudo das redes colaborativas. Biblos, 31(2), 45\u201361.","journal-title":"Biblos"},{"issue":"1","key":"3226_CR33","doi-asserted-by":"crossref","first-page":"65","DOI":"10.1590\/S0034-759020150107","volume":"55","author":"IMN Guerrero","year":"2015","unstructured":"Guerrero, I. M. N., & Monroy, C. R. (2015). Gesti\u00f3n de recursos intangibles en Instituciones de Educaci\u00f3n Superior. RAE-Revista de Administra\u00e7\u00e3o de Empresas, 55(1), 65\u201377.","journal-title":"RAE-Revista de Administra\u00e7\u00e3o de Empresas"},{"issue":"4","key":"3226_CR34","first-page":"617","volume":"47","author":"EA Haddad","year":"2017","unstructured":"Haddad, E. A., Mena-Chalco, J. P., & Sidone, O. (2017). Produ\u00e7\u00e3o cient\u00edfica e redes de colabora\u00e7\u00e3o dos docentes vinculados aos programas de p\u00f3s-gradua\u00e7\u00e3o em Economia no Brasil. Estudos Econ\u00f4micos, 47(4), 617\u2013679.","journal-title":"Estudos Econ\u00f4micos"},{"key":"3226_CR35","unstructured":"Kayo, E. K. (2002). A estrutura de capital e o risco das empresas tang\u00edvel e intang\u00edvel-intensivas: uma contribui\u00e7\u00e3o ao estudo da valora\u00e7\u00e3o de empresas. Tese (Doutorado em Administra\u00e7\u00e3o)\u2014Programa de P\u00f3s-Gradua\u00e7\u00e3o em Administra\u00e7\u00e3o, Universidade de S\u00e3o Paulo, S\u00e3o Paulo, 2002."},{"issue":"3","key":"3226_CR36","doi-asserted-by":"crossref","first-page":"772","DOI":"10.1590\/S0080-62342012000300033","volume":"46","author":"JL Leite","year":"2012","unstructured":"Leite, J. L., Silva, L. J., Oliveira, R. M. P., & Stipp, M. A. C. (2012). Reflex\u00f5es sobre o pesquisador nas trilhas da Teoria Fundamentada nos Dados. Revista da Escola de Enfermagem da USP, 46(3), 772\u2013777.","journal-title":"Revista da Escola de Enfermagem da USP"},{"key":"3226_CR37","volume-title":"Intangibles: Management, measurement, and reporting","author":"B Lev","year":"2001","unstructured":"Lev, B. (2001). Intangibles: Management, measurement, and reporting. Washington: Brookings Institution Press."},{"issue":"94","key":"3226_CR38","first-page":"207","volume":"25","author":"C Lievore","year":"2017","unstructured":"Lievore, C., Picinin, C. T., & Pilatti, L. A. (2017). As \u00e1reas do conhecimento na p\u00f3s-gradua\u00e7\u00e3o stricto sensu brasileira: crescimento longitudinal entre 1995 e 2014. Ensaio: avalia\u00e7\u00e3o e pol\u00edticas p\u00fablicas em Educa\u00e7\u00e3o., 25(94), 207\u2013237.","journal-title":"Ensaio: avalia\u00e7\u00e3o e pol\u00edticas p\u00fablicas em Educa\u00e7\u00e3o."},{"key":"3226_CR39","unstructured":"Londo\u00f1o-Montoya, E., Gomez-Bayona, L., Moreno-L\u00f3pez, G., Duarte, C. A., Mar\u00edn, L. G., & Becerra, M. A. (2018). Regression fusion framework: An approach for human capital evaluation. In Proceedings of the european conference on knowledge management, ECKM. Academic conferences limited."},{"issue":"2","key":"3226_CR40","doi-asserted-by":"crossref","first-page":"369","DOI":"10.5700\/rausp1152","volume":"49","author":"EA MaccariI","year":"2014","unstructured":"MaccariI, E. A., Almeida, M. I. R., Riccio, E. L., & Alejandro, T. B. (2014). Proposta de um modelo de gest\u00e3o de programas de p\u00f3s-gradua\u00e7\u00e3o na \u00e1rea de Administra\u00e7\u00e3o a partir dos sistemas de avalia\u00e7\u00e3o do Brasil (CAPES) e dos Estados Unidos (AACSB). Revista de Administra\u00e7\u00e3o, 49(2), 369\u2013383.","journal-title":"Revista de Administra\u00e7\u00e3o"},{"issue":"34","key":"3226_CR41","first-page":"53","volume":"16","author":"MTM Manganeli","year":"2016","unstructured":"Manganeli, M. T. M., Tinoco, J. E. P., & Ott, E. (2016). Evidencia\u00e7\u00e3o de capital intelectual de companhias listadas na BM&FBOVESPA. ConTexto, 16(34), 53\u201369.","journal-title":"ConTexto"},{"key":"3226_CR42","first-page":"2005","volume-title":"Perspectives on intellectual capital: Multidisciplinary insights into management, measurement, and reporting","author":"B Marr","year":"2005","unstructured":"Marr, B., & Roos, G. (2005). A strategy perspective on intelectual capital. In B. Marr (Ed.), Perspectives on intellectual capital: Multidisciplinary insights into management, measurement, and reporting (p. 2005). Oxford: Elsevier."},{"key":"3226_CR43","doi-asserted-by":"crossref","first-page":"89","DOI":"10.2478\/eb-2018-0007","volume":"32","author":"G Michalczuk","year":"2018","unstructured":"Michalczuk, G., & Fiedorczuk, J. (2018). National intellectual capital taxonomy. Economics and Business, 32, 89\u2013101.","journal-title":"Economics and Business"},{"issue":"1","key":"3226_CR44","first-page":"1","volume":"23","author":"LW Minto","year":"2018","unstructured":"Minto, L. W. (2018). Educa\u00e7\u00e3o superior no PNE (2014-2024): apontamentos sobre as rela\u00e7\u00f5es p\u00fablico-privadas. Revista Brasileira de Educa\u00e7\u00e3o, 23(1), 1\u201317.","journal-title":"Revista Brasileira de Educa\u00e7\u00e3o"},{"key":"3226_CR45","first-page":"2004","volume-title":"Estad\u00edstica para ciencias del movimiento humano","author":"J Moncada","year":"2004","unstructured":"Moncada, J. (2004). Estad\u00edstica para ciencias del movimiento humano (p. 2004). San Jos\u00e9, CR: Editorial de la Universidad de Costa Rica."},{"issue":"2","key":"3226_CR46","doi-asserted-by":"crossref","first-page":"130","DOI":"10.1108\/JIABR-06-2016-0071","volume":"8","author":"T Nawaz","year":"2017","unstructured":"Nawaz, T., & Haniffa, R. (2017). Determinants of financial performance of Islamic banks: an intellectual capital perspective. Journal of Islamic Accounting and Business Research, 8(2), 130\u2013142.","journal-title":"Journal of Islamic Accounting and Business Research"},{"issue":"2","key":"3226_CR47","first-page":"107","volume":"4","author":"MM Perez","year":"2015","unstructured":"Perez, M. M., & Fam\u00e1, R. (2015). Caracter\u00edsticas estrat\u00e9gicas dos ativos intang\u00edveis e o desempenho econ\u00f4mico da empresa. UNISANTA Law and Social Science, 4(2), 107\u2013123.","journal-title":"UNISANTA Law and Social Science"},{"issue":"31","key":"3226_CR48","doi-asserted-by":"crossref","first-page":"171","DOI":"10.3895\/rts.v14n31.7023","volume":"14","author":"R Piontkewicz","year":"2018","unstructured":"Piontkewicz, R., & Freitas, M. C. D. (2018). Pr\u00e9-requisitos necess\u00e1rios para um sistema de informa\u00e7\u00e3o cont\u00e1bil realizar a gest\u00e3o do capital intelectual. Revista Tecnologia e Sociedade, 14(31), 171\u2013188.","journal-title":"Revista Tecnologia e Sociedade"},{"issue":"1","key":"3226_CR49","doi-asserted-by":"crossref","first-page":"1","DOI":"10.3926\/ic.201","volume":"9","author":"Y Ram\u00edrez C\u00f3rcoles","year":"2013","unstructured":"Ram\u00edrez C\u00f3rcoles, Y. (2013). Intellectual capital management and reporting in European higher education institutions. Intangible Capital, 9(1), 1\u201319.","journal-title":"Intangible Capital"},{"issue":"2","key":"3226_CR50","doi-asserted-by":"crossref","first-page":"245","DOI":"10.1590\/1982-02592017v20n2p245","volume":"20","author":"A Ramos","year":"2017","unstructured":"Ramos, A. (2017). P\u00f3s-gradua\u00e7\u00e3o, constru\u00e7\u00e3o de curso e conjuntura brasileira: breves reflex\u00f5es. Revista Kat\u00e1lysis, 20(2), 245\u2013252.","journal-title":"Revista Kat\u00e1lysis"},{"issue":"e161579","key":"3226_CR51","first-page":"1","volume":"44","author":"MY Ramos","year":"2018","unstructured":"Ramos, M. Y. (2018). Internacionaliza\u00e7\u00e3o da p\u00f3s-gradua\u00e7\u00e3o no Brasil: l\u00f3gica e mecanismos. Educa\u00e7\u00e3o e Pesquisa, 44(e161579), 1\u201322.","journal-title":"Educa\u00e7\u00e3o e Pesquisa"},{"issue":"2","key":"3226_CR52","doi-asserted-by":"crossref","first-page":"354","DOI":"10.1108\/JIC-09-2016-0088","volume":"18","author":"D Sangiorgi","year":"2017","unstructured":"Sangiorgi, D., & Siboni, B. (2017). The disclosure of intellectual capital in Italian universities: What has been done and what should be done. Journal of Intellectual Capital, 18(2), 354\u2013372.","journal-title":"Journal of Intellectual Capital"},{"issue":"3","key":"3226_CR53","first-page":"1","volume":"20","author":"JLG Santos","year":"2016","unstructured":"Santos, J. L. G., Erdmann, A. L., Sousa, F. G. M., Lanzoni, G. M. M., Melo, A. L. S. F., & Leite, J. L. (2016). Perspectivas metodol\u00f3gicas para o uso da teoria fundamentada nos dados na pesquisa em enfermagem e sa\u00fade. Escola Anna Nery, 20(3), 1\u20138.","journal-title":"Escola Anna Nery"},{"issue":"2","key":"3226_CR54","doi-asserted-by":"crossref","first-page":"298","DOI":"10.1108\/JIC-05-2015-0046","volume":"17","author":"G Secundo","year":"2016","unstructured":"Secundo, G., Dumay, J., Schiuma, G., & Passiante, G. (2016). Managing intellectual capital through a collective intelligence approach: An integrated framework for universities. Journal of Intellectual Capital, 17(2), 298\u2013319.","journal-title":"Journal of Intellectual Capital"},{"issue":"2","key":"3226_CR55","doi-asserted-by":"crossref","first-page":"419","DOI":"10.1108\/JIC-06-2014-0072","volume":"16","author":"G Secundo","year":"2015","unstructured":"Secundo, G., Elena-Perez, S., Martinaitis, Z., & Leitner, K. H. (2015). An intellectual capital maturity model (ICMM) to improve strategic management in European universities: a dynamic approach. Journal of Intellectual Capital, 16(2), 419\u2013442.","journal-title":"Journal of Intellectual Capital"},{"key":"3226_CR56","first-page":"1","volume":"1","author":"K Sewchurran","year":"2018","unstructured":"Sewchurran, K., Dekker, J., & Mcdonogh, J. (2018). Experiences of embedding long-term thinking in an environment of short-termism and sub-par business performance: investing in intangibles for sustainable growth. Journal of Business Ethics, 1, 1\u201345.","journal-title":"Journal of Business Ethics"},{"issue":"2","key":"3226_CR57","first-page":"53","volume":"23","author":"MPP Silva","year":"2018","unstructured":"Silva, M. P. P., Silva, A. H. C., & Sancovschi, M. (2018). Ativo intang\u00edvel das empresas brasileiras listadas no mercado de capitais: um estudo comparativo com Estados Unidos, Europa, Austr\u00e1lia e Jap\u00e3o. Revista de Contabilidade do Mestrado em Ci\u00eancias Cont\u00e1beis da UERJ, 23(2), 53\u201375.","journal-title":"Revista de Contabilidade do Mestrado em Ci\u00eancias Cont\u00e1beis da UERJ"},{"issue":"2","key":"3226_CR58","doi-asserted-by":"crossref","first-page":"316","DOI":"10.1590\/s1414-40772017000200003","volume":"22","author":"SR Soares","year":"2017","unstructured":"Soares, S. R., & Cunha, M. I. (2017). Qualidade do ensino de gradua\u00e7\u00e3o: concep\u00e7\u00f5es de docentes pesquisadores. Avalia\u00e7\u00e3o: Revista da Avalia\u00e7\u00e3o da Educa\u00e7\u00e3o Superior., 22(2), 316\u2013331.","journal-title":"Avalia\u00e7\u00e3o: Revista da Avalia\u00e7\u00e3o da Educa\u00e7\u00e3o Superior."},{"key":"3226_CR59","volume-title":"A nova riqueza das organiza\u00e7\u00f5es: gerenciando e avaliando patrim\u00f4nios de conhecimento","author":"KE Sveiby","year":"1998","unstructured":"Sveiby, K. E. (1998). A nova riqueza das organiza\u00e7\u00f5es: gerenciando e avaliando patrim\u00f4nios de conhecimento. Rio de Janeiro: Campus."},{"key":"3226_CR60","doi-asserted-by":"crossref","unstructured":"Tikhomirov, A., & Komshilova, S. (2019). New approach to analyzing the risk of intellectual capital in the structure of the market price of shares. In IOP conference. series: materials science and engineering (Vol. 497, pp. 1\u20137).","DOI":"10.1088\/1757-899X\/497\/1\/012052"},{"issue":"2","key":"3226_CR61","doi-asserted-by":"crossref","first-page":"331","DOI":"10.1108\/JIC-06-2014-0073","volume":"16","author":"E Vagnoni","year":"2015","unstructured":"Vagnoni, E., & Oppi, C. (2015). Investigating factors of intellectual capital to enhance achievement of strategic goals in a university hospital setting. Journal of Intellectual Capital, 16(2), 331\u2013363.","journal-title":"Journal of Intellectual Capital"},{"key":"3226_CR62","volume-title":"Espelho da ci\u00eancia: avalia\u00e7\u00e3o do programa Setorial de Publica\u00e7\u00f5es em Ci\u00eancia e Tecnologia da FINEP","author":"PM Val\u00e9rio","year":"1994","unstructured":"Val\u00e9rio, P. M. (1994). Espelho da ci\u00eancia: avalia\u00e7\u00e3o do programa Setorial de Publica\u00e7\u00f5es em Ci\u00eancia e Tecnologia da FINEP. Rio de Janeiro, Bras\u00edlia: FINEP, IBICT."},{"key":"3226_CR63","doi-asserted-by":"crossref","first-page":"41","DOI":"10.5937\/skolbiz1-14336","volume":"1","author":"S Virijevi\u0107-Jovanovi\u0107","year":"2017","unstructured":"Virijevi\u0107-Jovanovi\u0107, S., & Jo\u0161anov-Vrgovi\u0107, I. (2017). The role of employees and human resource management in creating brand values. \u0160kola biznisa, 1, 41\u201350.","journal-title":"\u0160kola biznisa"},{"issue":"1","key":"3226_CR64","doi-asserted-by":"crossref","first-page":"215","DOI":"10.7867\/1809-0354.2015v1n10p215-243","volume":"10","author":"J Wassem","year":"2015","unstructured":"Wassem, J., Pereira, E. M. A., & Balzan, N. C. (2015). Pol\u00edtica de avalia\u00e7\u00e3o em programas de p\u00f3s-gradua\u00e7\u00e3o de excel\u00eancia em educa\u00e7\u00e3o. Atos de Pesquisa em Educa\u00e7\u00e3o, 10(1), 215\u2013243.","journal-title":"Atos de Pesquisa em Educa\u00e7\u00e3o"},{"key":"3226_CR65","doi-asserted-by":"crossref","first-page":"205","DOI":"10.5380\/dma.v47i0.62448","volume":"47","author":"M Zanoni","year":"2018","unstructured":"Zanoni, M., Raynaut, C., Lana, P. C., & Floriani, D. (2018). A constru\u00e7\u00e3o de um curso de p\u00f3s-gradua\u00e7\u00e3o interdisciplinar em Meio Ambiente e Desenvolvimento: princ\u00edpios te\u00f3ricos e metodol\u00f3gicos. Desenvolvimento e Meio Ambiente, 47, 205\u2013222.","journal-title":"Desenvolvimento e Meio Ambiente"}],"container-title":["Scientometrics"],"original-title":[],"language":"en","link":[{"URL":"http:\/\/link.springer.com\/content\/pdf\/10.1007\/s11192-019-03226-5.pdf","content-type":"application\/pdf","content-version":"vor","intended-application":"text-mining"},{"URL":"http:\/\/link.springer.com\/article\/10.1007\/s11192-019-03226-5\/fulltext.html","content-type":"text\/html","content-version":"vor","intended-application":"text-mining"},{"URL":"http:\/\/link.springer.com\/content\/pdf\/10.1007\/s11192-019-03226-5.pdf","content-type":"application\/pdf","content-version":"vor","intended-application":"similarity-checking"}],"deposited":{"date-parts":[[2023,9,20]],"date-time":"2023-09-20T07:59:20Z","timestamp":1695196760000},"score":1,"resource":{"primary":{"URL":"http:\/\/link.springer.com\/10.1007\/s11192-019-03226-5"}},"subtitle":[],"short-title":[],"issued":{"date-parts":[[2019,9,13]]},"references-count":66,"journal-issue":{"issue":"2","published-print":{"date-parts":[[2019,11]]}},"alternative-id":["3226"],"URL":"https:\/\/doi.org\/10.1007\/s11192-019-03226-5","relation":{},"ISSN":["0138-9130","1588-2861"],"issn-type":[{"type":"print","value":"0138-9130"},{"type":"electronic","value":"1588-2861"}],"subject":[],"published":{"date-parts":[[2019,9,13]]},"assertion":[{"value":"8 March 2019","order":1,"name":"received","label":"Received","group":{"name":"ArticleHistory","label":"Article History"}},{"value":"13 September 2019","order":2,"name":"first_online","label":"First Online","group":{"name":"ArticleHistory","label":"Article History"}}]}}