{"status":"ok","message-type":"work","message-version":"1.0.0","message":{"indexed":{"date-parts":[[2025,10,3]],"date-time":"2025-10-03T18:10:28Z","timestamp":1759515028786},"reference-count":57,"publisher":"Springer Science and Business Media LLC","issue":"2","license":[{"start":{"date-parts":[[2013,2,1]],"date-time":"2013-02-01T00:00:00Z","timestamp":1359676800000},"content-version":"tdm","delay-in-days":0,"URL":"http:\/\/www.springer.com\/tdm"}],"content-domain":{"domain":[],"crossmark-restriction":false},"short-container-title":["Datenschutz Datensich"],"published-print":{"date-parts":[[2013,2]]},"DOI":"10.1007\/s11623-013-0023-3","type":"journal-article","created":{"date-parts":[[2013,2,20]],"date-time":"2013-02-20T03:14:57Z","timestamp":1361330097000},"page":"85-91","source":"Crossref","is-referenced-by-count":23,"title":["Zur Soziologie des Datenschutzes"],"prefix":"10.1007","volume":"37","author":[{"given":"Martin","family":"Rost","sequence":"first","affiliation":[]}],"member":"297","published-online":{"date-parts":[[2013,2,21]]},"reference":[{"key":"23_CR1","unstructured":"Adamnek, Sascha, 2011: Die facebook-Falle, Heyne-Verlag."},{"key":"23_CR2","doi-asserted-by":"publisher","DOI":"10.3790\/978-3-428-48853-7","volume-title":"Das Menschenbild des Grundgesetzes in der Rechtsprechung des Bundesverfassungsgerichts","author":"U. Becker","year":"1996","unstructured":"Becker, Ulrich, 1996: Das Menschenbild des Grundgesetzes in der Rechtsprechung des Bundesverfassungsgerichts, Berlin: Duncker & Humblot."},{"key":"23_CR3","unstructured":"Buchmann, Johannes (Hrsg.), 2012: > Internet Privacy \u2014 Eine multidisziplin\u00e4re Bestandsaufnahme, acatech Deutsche Akademie der Technikwissenschaften."},{"key":"23_CR4","volume-title":"Informationelle Selbstbestimmung im Privatrecht","author":"B. Buchner","year":"2006","unstructured":"Buchner, Benedikt, 2006: Informationelle Selbstbestimmung im Privatrecht, T\u00fcbingen, Mohr Siebeck."},{"key":"23_CR5","unstructured":"BVDW 2012: Mediascope 2012 \u2014 Fokus Mobile."},{"key":"23_CR6","doi-asserted-by":"crossref","unstructured":"Capurro, R. \/ Eldred, M. \/ Nagel, D., 2012: IT And Privacy From An Ethical Perspective \u2014 Digital Whoness: Identity, Privacy And Freedom In The Cyberworld, in: Buchmann, Johannes (Hrsg.), 2012: Internet Privacy: 63\u2013142.","DOI":"10.1007\/978-3-642-31943-3_2"},{"key":"23_CR7","unstructured":"Denninger, Erhard \/ Ridder, Helmut \/ Simon, Helmut \/ Stein, Ekkehart, 1989: Kommentar zum Grundgesetz f\u00fcr die Bundesrpublik Deutschland, Band 1, Luchterhand."},{"key":"23_CR8","unstructured":"Dix, Alexander, 2012: Thesen auf dem DJT 2012: 70f."},{"key":"23_CR9","volume-title":"Regeln der soziologischen Methode","author":"E. Durkheim","year":"1984","unstructured":"Durkheim, Emile, 1984: Regeln der soziologischen Methode, Frankfurt: Suhrkamp (erstmals erschienen: 1895)."},{"key":"23_CR10","first-page":"179","volume-title":"1976: Informationsrecht und Informationspolitik","author":"H. Fiedler","year":"1976","unstructured":"Fiedler, Herbert, 1976: Datenschutz und Gesellschaft, in: Steinm\u00fcller, Wilhelm (Hrsg.), 1976: Informationsrecht und Informationspolitik, M\u00fcnchen, Wien, R. Oldenbourg-Verlag: 179."},{"key":"23_CR11","unstructured":"Fuchs, Peter, 2007: Das Ma\u00df Eine Abhandlung zur Metaphysik des Menschen, 1. Auflage, Velbr\u00fcck."},{"key":"23_CR12","unstructured":"Gr\u00e4f, Lorenz, 1993: Privatheit und Datenschutz, Dissertation an der philosophischen Fakult\u00e4t der Universit\u00e4t K\u00f6ln."},{"key":"23_CR13","volume-title":"Theorie des kommunikativen Handelns \u2014 Band 1: Handlungsrationalit\u00e4t und gesellschaftliche Rationalisierung, Band 2: Zur Kritik der funktionalistischen Vernunft -","author":"J. Habermas","year":"1981","unstructured":"Habermas, J\u00fcrgen, 1981: Theorie des kommunikativen Handelns \u2014 Band 1: Handlungsrationalit\u00e4t und gesellschaftliche Rationalisierung, Band 2: Zur Kritik der funktionalistischen Vernunft -, Frankfurt am Main, Suhrkamp."},{"key":"23_CR14","doi-asserted-by":"crossref","unstructured":"Hansen, Marit, 2008: Marrying Transparency Tools with User-Controlled Identity Management; in: Fischer-H\u00fcbner et. al., 2008: The Future of Identity in the Information Society, Springer US: 199\u2013220.","DOI":"10.1007\/978-0-387-79026-8_14"},{"key":"23_CR15","unstructured":"Hansen, Marit; Pfitzmann, Andreas, 2010: A terminology for talking about privacy by data minimization: Anonymity, Unlinkability, Undetectability, Unobservability."},{"key":"23_CR16","unstructured":"Hoeren, Thomas, 2011: \u201eWenn Sterne kollabieren\u201c, in: \u201eZeitschrift f\u00fcr Datenschutz\u201c 2011, Nr. 4: Editorial"},{"key":"23_CR17","unstructured":"Kamp, Meike, 2007: Unternehmen \u2014 Hilfsbeamte der Sicherheits- und Finanz-beh\u00f6rden? Vortrag auf der Sommerakademie 2007 (verf\u00fcgbar unter www.datenschutzzentrum.de )."},{"key":"23_CR18","unstructured":"Kneer, Georg \/ Nassehi, Armin, 2000: Niklas Luhmanns Theorie sozialer Systeme, 4. Auflage, UTB."},{"key":"23_CR19","unstructured":"Lewinski, Kai, 2009: Geschichte des Datenschutzrechts von 1600 bis 1977; in: 48. Assistententagung \u00d6ffentliches Recht: Freiheit Sicherheit \u00d6ffentlichkeit, Nomos."},{"key":"23_CR20","unstructured":"Liedtke, Werner, 1980: Das Bundesdatenschutzgesetz \u2014 Eine Fallstudie zum Gesetzgebungsprozess, Dissertation an der LMU M\u00fcnchen."},{"key":"23_CR21","doi-asserted-by":"crossref","unstructured":"Lieckweg, Tanja, 2001: Strukturelle Kopplung von Funktionssystemen \u201e\u00fcber\u201c Organisation, in: Soziale Systeme \u2014 Zeitschrift f\u00fcr soziologische Theorie, Jahrgang 7, Heft 2: 267\u2013289.","DOI":"10.1515\/sosys-2001-0206"},{"key":"23_CR22","volume-title":"Grundrechte als Institution: Ein Beitrag zur politischen Soziologie","author":"N. Luhmann","year":"1965","unstructured":"Luhmann, Niklas, 1965: Grundrechte als Institution: Ein Beitrag zur politischen Soziologie, Berlin, Duncker & Humblot."},{"key":"23_CR23","unstructured":"Luhmann, Niklas, 1966: Recht und Automation in der \u00f6ffentlichen Verwaltung."},{"key":"23_CR24","volume-title":"Gesellschaftsstruktur und Semantik, Band 3","author":"N. Luhmann","year":"1993","unstructured":"Luhmann, Niklas, 1993: Individuum, Individualit\u00e4t, Individualismus; in: Gesellschaftsstruktur und Semantik, Band 3, Frankfurt am Main: Suhrkamp."},{"key":"23_CR25","first-page":"142","volume-title":"Soziologische Aufkl\u00e4rung. Band 6","author":"N. Luhmann","year":"1995","unstructured":"Luhmann, Niklas, 1995: Die Form Person, in: Soziologische Aufkl\u00e4rung. Band 6, Opladen, Westdeutscher Verlag: S. 142\u2013154."},{"key":"23_CR26","volume-title":"Gesellschaft der Gesellschaft","author":"N. Luhmann","year":"1999","unstructured":"Luhmann, Niklas, 1999: Gesellschaft der Gesellschaft, Frankfurt am Main: Suhrkamp."},{"key":"23_CR27","unstructured":"Lutterbeck, Bernd, 2009: Interview, www.maroki.de\/pub\/video\/lutterbeck\/start_video_lutterbeck.html"},{"key":"23_CR28","unstructured":"Meissner, Sebastian, 2011: Datenschutzg\u00fctesiegel als vertrauensbildende Ma\u00dfnahme am Beispiel des europ\u00e4ischen EuroPrise-Zeichens, in: Bogendorfer, R. J. (Hrsg.), 2011: Datenschutzgespr\u00e4che 2011, Jan Sramek Verlag."},{"key":"23_CR29","first-page":"187","volume-title":"Transitorische Identit\u00e4t \u2014 Der Prozesscharakter des modernen Selbst","author":"N. Meuter","year":"2002","unstructured":"Meuter, Norbert, 2002: M\u00fcssen Individuen individuell sein?; in: Straub, J\u00fcrgen \/ Renn, Joachim (Hrsg.): Transitorische Identit\u00e4t \u2014 Der Prozesscharakter des modernen Selbst, Frankfurt, New York: Campus: 187\u2013210."},{"key":"23_CR30","doi-asserted-by":"crossref","unstructured":"M\u00fcller, Paul J., 1975: Funktionen des Datenschutzes aus soziologischer Sicht; in: Datenverarbeitung im Recht 1975: 107ff.","DOI":"10.1515\/9783112323427-012"},{"key":"23_CR31","doi-asserted-by":"publisher","first-page":"15","DOI":"10.1007\/978-3-642-31943-3_1","volume-title":"Internet Privacy","author":"Carsten Ochs","year":"2012","unstructured":"Ochs, Carsten \/ L\u00f6w, Martina: Unfaire Informationspraktiken: Internet Privacy aus sozialwissenschaftlicher Perspektive; in: Buchmann, Johannes (Hrsg.), 2012: Internet Privacy: 15\u201362."},{"key":"23_CR32","unstructured":"Podlech, Adalbert, 1967: Anforderungen der Kybernetik an die Rechtswissenschaft; in: Recht und Politik: 84\u201387."},{"key":"23_CR33","unstructured":"Podlech, Adalbert, 1976; Gesellschaftstheoretische Grundlage des Datenschutzes, in: Dierstein, R\u00fcdiger \/ Fiedler, Herbert \/ Schulz, Arno (Hrsg.), Datenschutz und Datensicherung, K\u00f6ln 1976: 311\u2013326."},{"key":"23_CR34","unstructured":"Podlech, Adalbert 1976a: Aufgaben und Problematik des Datenschutzes, in: Datenverarbeitung im Recht 5: 23\u201339."},{"key":"23_CR35","unstructured":"Podlech, Adalbert, 1982: Individualdatenschutz \u2014 Systemdatenschutz, in: Br\u00fcckner, K. \/ Dalichau, G. (Hrsg.), 1982: Beitr\u00e4ge zum Sozialrecht, Festgabe f\u00fcr Hans Gr\u00fcner, Percha:: 451\u2013462."},{"key":"23_CR36","unstructured":"Podlech, Adalbert, 1989: Die Grundrechte, Art. 2 Abs.1: in: Denninger et al.."},{"key":"23_CR37","unstructured":"Podlech, Adalbert, 2008: Interview, www.maroki.de\/pub\/video\/podlech\/start_video_podlech.html"},{"key":"23_CR38","doi-asserted-by":"publisher","DOI":"10.5771\/9783845240213","volume-title":"Nutzerschutz","author":"A. Ro\u00dfnagel","year":"2012","unstructured":"Ro\u00dfnagel, Alexander, 2012: Nutzerschutz, 1. Auflage, Baden-Baden, Nomos.","edition":"1. Auflage"},{"key":"23_CR39","volume-title":"Der Wert des Privaten","author":"B. R\u00f6ssler","year":"2001","unstructured":"R\u00f6ssler, Beate, 2001: Der Wert des Privaten, Frankfurt am Main: Suhrkamp."},{"key":"23_CR40","doi-asserted-by":"publisher","DOI":"10.17104\/9783406619021","volume-title":"Die \u00c4ra der \u00d6kologie \u2014 Eine Weltgeschichte","author":"J. Radkau","year":"2011","unstructured":"Radkau, Joachim, 2011: Die \u00c4ra der \u00d6kologie \u2014 Eine Weltgeschichte, T\u00fcbingen, C.H. Beck."},{"key":"23_CR41","doi-asserted-by":"publisher","first-page":"62","DOI":"10.1007\/978-3-663-05790-1_6","volume-title":"2003: Anonymit\u00e4t im Internet","author":"M. Rost","year":"2003","unstructured":"Rost, Martin, 2003: \u00dcber die Funktionalit\u00e4t von Anonymit\u00e4t f\u00fcr die b\u00fcrgerliche Gesellschaft; in: B\u00e4umler, Helmut \/ von Mutius. Albert (Hrsg.), 2003: Anonymit\u00e4t im Internet, Braunschweig \/ Wiesbaden: Viewg: 62\u201372."},{"key":"23_CR42","unstructured":"Rost, Martin, 2008: Gegen grosse Feuer helfen gro\u00dfe Gegenfeuer, Datenschutz als W\u00e4chter funktionaler Differenzierung; in: Vorg\u00e4nge, Heft 4\/2008, Nr. 184: 15\u201325."},{"issue":"6","key":"23_CR43","doi-asserted-by":"publisher","first-page":"353","DOI":"10.1007\/s11623-009-0072-9","volume":"33","author":"M. Rost","year":"2009","unstructured":"Rost, Martin \/ Pfitzmann, Andreas, 2009: Datenschutz-Schutzziele \u2014 revisited; in: DuD \u2014 Datenschutz und Datensicherheit, 33. Jahrgang, Heft 6, Juli 2009: 353\u2013358.","journal-title":"DuD \u2014 Datenschutz und Datensicherheit"},{"key":"23_CR44","doi-asserted-by":"crossref","unstructured":"Rost, Martin \/ Bock, Kirsten, 2011: Privacy By Design und die Neuen Schutzziele \u2014 Grunds\u00e4tze, Ziele und Anforderungen; in: DuD \u2014 Datenschutz und Datensicherheit, 35. Jahrgang, Heft 1: 30\u201335.","DOI":"10.1007\/s11623-011-0009-y"},{"issue":"6","key":"23_CR45","doi-asserted-by":"publisher","first-page":"433","DOI":"10.1007\/s11623-012-0153-z","volume":"36","author":"Martin Rost","year":"2012","unstructured":"Rost, Martin, 2012: Standardisierte Datenschutzmodellierung; in: DuD \u2014 Datenschutz und Datensicherheit, 36. Jahrgang, Heft 6: 433\u2013438.","journal-title":"Datenschutz und Datensicherheit - DuD"},{"key":"23_CR46","volume-title":"2012: Innovativer Datenschutz","author":"M. Rost","year":"2012","unstructured":"Rost, Martin, 2012a: Faire, beherrschbare und sichere Verfahren, in: Kersten, Heinrich. \/ Peters, Falk \/ Wolfenstetter, Klaus-Dieter (Hrsg.), 2012: Innovativer Datenschutz, Berlin, Duncker & Humblot."},{"key":"23_CR47","volume-title":"Rechtswissenschaftliche Technikfolgenforschung \u2014 Umrisse einer Forschungsdisziplin","author":"A. Ro\u00dfnagel","year":"1993","unstructured":"Ro\u00dfnagel, Alexander, 1993: Rechtswissenschaftliche Technikfolgenforschung \u2014 Umrisse einer Forschungsdisziplin, Baden-Baden, Nomos-Verlag."},{"key":"23_CR48","volume-title":"Das Ende der Privatsph\u00e4re \u2014 Der Weg in die \u00fcberwachungsgesellschaft","author":"P. Schaar","year":"2007","unstructured":"Schaar, Peter, 2007: Das Ende der Privatsph\u00e4re \u2014 Der Weg in die \u00fcberwachungsgesellschaft, M\u00fcnchen, Bertelsmann."},{"issue":"3","key":"23_CR49","doi-asserted-by":"publisher","first-page":"477","DOI":"10.2307\/40041279","volume":"154","author":"D. J. Solove","year":"2006","unstructured":"Solove, Daniel J., 2006: A Taxonomy of Privacy, University of Pennsylvania Law Review, Vol. 154, No. 3: 477\u2013560.","journal-title":"University of Pennsylvania Law Review"},{"key":"23_CR50","unstructured":"Schneider, Jochen, 2011: Hemmnis f\u00fcr einen modernen Datenschutz: Das Verbotsprinzip; in: Anwaltsblatt 2011\/ 04."},{"key":"23_CR51","unstructured":"Simitis, Spiros, 1964: Rechtliche Anwendungsm\u00f6glichkeiten kybernetischer Systeme; in: Helmar, Frank (Hrsg.), 1964: Kybernetische Maschinen, Frankfurt am Main: 351\u2013367."},{"key":"23_CR52","unstructured":"Simitis, Spiros, 2011: Bundesdatenschutzgesetz, 7. Auflage, Nomos."},{"key":"23_CR53","unstructured":"Spiecker gen. D\u00f6hmann, Indra, 2012: Die Durchsetzung datenschutzrechtlicher Mindestanforderungen bei Facebook und anderen sozialen Netzwerken; in: Kommunikation & Recht, Nr. 11\/2012: 717\u2013725"},{"key":"23_CR54","unstructured":"Steinm\u00fcller, W. \/ Lutterbeck, B. \/ Mallmann, C. \/ Harbort, U. \/ Kolb, G. \/ Schneider, J., 1971: Grundfragen des Datenschutzes \u2014 Gutachten im Auftrag des Bundesinnenministeriums, Drucksache VI\/3826."},{"key":"23_CR55","unstructured":"T\u00f6nnies, Ferdinand, 2010: Gemeinschaft und Gesellschaft, Kessinger Publishing (erstmals erschienen: 1887)."},{"key":"23_CR56","doi-asserted-by":"crossref","unstructured":"Weichert, Thilo, 2012: Datenschutzversto\u00df als Gesch\u00e4ftsmodell \u2014 der Fall Facebook; in: DuD 2012\/10: 716\u2013721.","DOI":"10.1007\/s11623-012-0238-8"},{"key":"23_CR57","volume-title":"Peissl, Walter, 2003: Privacy \u2014 Ein Grundrecht mit Ablaufdatum?","author":"E. Wiederin","year":"2003","unstructured":"Wiederin, Ewald, 2003: Der grundrechtliche Schutz der Privatssph\u00e4re: Eine Entwicklungsgeschichte; in: Peissl, Walter, 2003: Privacy \u2014 Ein Grundrecht mit Ablaufdatum? Wien, Verlag der \u00f6sterreichischen Akademie der Wissenschaften."}],"container-title":["Datenschutz und Datensicherheit - DuD"],"original-title":[],"language":"de","link":[{"URL":"http:\/\/link.springer.com\/content\/pdf\/10.1007\/s11623-013-0023-3.pdf","content-type":"application\/pdf","content-version":"vor","intended-application":"text-mining"},{"URL":"http:\/\/link.springer.com\/article\/10.1007\/s11623-013-0023-3\/fulltext.html","content-type":"text\/html","content-version":"vor","intended-application":"text-mining"},{"URL":"http:\/\/link.springer.com\/content\/pdf\/10.1007\/s11623-013-0023-3","content-type":"unspecified","content-version":"vor","intended-application":"similarity-checking"},{"URL":"http:\/\/link.springer.com\/content\/pdf\/10.1007\/s11623-013-0023-3.pdf","content-type":"application\/pdf","content-version":"vor","intended-application":"similarity-checking"}],"deposited":{"date-parts":[[2022,2,9]],"date-time":"2022-02-09T01:37:15Z","timestamp":1644370635000},"score":1,"resource":{"primary":{"URL":"http:\/\/link.springer.com\/10.1007\/s11623-013-0023-3"}},"subtitle":[],"short-title":[],"issued":{"date-parts":[[2013,2]]},"references-count":57,"journal-issue":{"issue":"2","published-print":{"date-parts":[[2013,2]]}},"alternative-id":["23"],"URL":"https:\/\/doi.org\/10.1007\/s11623-013-0023-3","relation":{},"ISSN":["1614-0702","1862-2607"],"issn-type":[{"value":"1614-0702","type":"print"},{"value":"1862-2607","type":"electronic"}],"subject":[],"published":{"date-parts":[[2013,2]]}}}