{"status":"ok","message-type":"work","message-version":"1.0.0","message":{"indexed":{"date-parts":[[2022,4,3]],"date-time":"2022-04-03T10:00:40Z","timestamp":1648980040956},"reference-count":27,"publisher":"Springer Science and Business Media LLC","issue":"2","license":[{"start":{"date-parts":[[2022,1,21]],"date-time":"2022-01-21T00:00:00Z","timestamp":1642723200000},"content-version":"tdm","delay-in-days":0,"URL":"https:\/\/www.springer.com\/tdm"},{"start":{"date-parts":[[2022,1,21]],"date-time":"2022-01-21T00:00:00Z","timestamp":1642723200000},"content-version":"vor","delay-in-days":0,"URL":"https:\/\/www.springer.com\/tdm"}],"content-domain":{"domain":["link.springer.com"],"crossmark-restriction":false},"short-container-title":["Datenschutz Datensich"],"published-print":{"date-parts":[[2022,2]]},"DOI":"10.1007\/s11623-022-1569-8","type":"journal-article","created":{"date-parts":[[2022,1,21]],"date-time":"2022-01-21T20:00:43Z","timestamp":1642795243000},"page":"98-102","update-policy":"http:\/\/dx.doi.org\/10.1007\/springer_crossmark_policy","source":"Crossref","is-referenced-by-count":0,"title":["Privacy by Design und das autonome Fahrzeug"],"prefix":"10.1007","volume":"46","author":[{"given":"Sheila","family":"Vasquez","sequence":"first","affiliation":[]}],"member":"297","published-online":{"date-parts":[[2022,1,21]]},"reference":[{"key":"1569_CR1","unstructured":"Cavoukian, Ann: Privacy by Design, The 7 Foundational Principles, Toronto 2009."},{"key":"1569_CR2","unstructured":"Datenethikkommission: Gutachten, Berlin 2019."},{"key":"1569_CR3","unstructured":"Europ\u00e4ische Agentur f\u00fcr Netz- und Informationssicherheit (ENISA): Privacy and Data Protection by Design \u2013 from policy to engineering, Heraklion 2014."},{"key":"1569_CR4","unstructured":"Europ\u00e4ische Agentur f\u00fcr Netz- und Informationssicherheit (ENISA): Privacy by design in big data, an overview of privacy enhanching technologies in the era of big data analytics, Heraklion 2015."},{"key":"1569_CR5","unstructured":"Europ\u00e4ische Kommission: Mitteilung der Kommission an das Europ\u00e4ische Parlament und den Rat, Datenschutzvorschriften als Voraussetzung f\u00fcr Vertrauen in die EU und dar\u00fcber hinaus \u2013 eine Bilanz, KOM (2012) 374, final vom 24.4.2019."},{"key":"1569_CR6","unstructured":"Europ\u00e4ischer Datenschutzbeauftragter: Preliminary opinion on privacy by design, Br\u00fcssel 2018."},{"key":"1569_CR7","unstructured":"Gola, Peter\/Heckmann, Dirk (Hrsg.): Bundesdatenschutzgesetz, Kommentar, 13. Auflage, Passau 2019."},{"key":"1569_CR8","doi-asserted-by":"crossref","unstructured":"Hansen, Marit: Data Protection by Design and Default \u00e0 la European Data Protection Regulation, in: Lehmann, Anja et al. (Hrsg.), Privacy and Identity Management. Facing up to next steps, Karlstad 2016, S. 30 \u2013 31.","DOI":"10.1007\/978-3-319-55783-0_3"},{"key":"1569_CR9","doi-asserted-by":"crossref","unstructured":"Kroschwald, Steffen: K\u00fcnstliche Intelligenz im autonomen Auto, DUD 2021, S. 528.","DOI":"10.1007\/s11623-021-1483-5"},{"key":"1569_CR10","unstructured":"K\u00fchling, J\u00fcrgen\/Buchner, Benedikt (Hrsg.): DS-GVO BDSG, Kommentar, 3. Auflage, M\u00fcnchen 2020."},{"key":"1569_CR11","unstructured":"May, Elisa\/Gaden Justus: Vernetzte Fahrzeuge, Rechtsfragen zu Over-the-Air-Updates, InTeR 2018, S. 110 \u2013 116."},{"key":"1569_CR12","unstructured":"Ochs, Carsten\/Richter, Philipp\/Uhlmann, Markus: Technikgestaltung demokratisieren \u2013 Partizipatives Privacy by Design, ZD 2016, 05424."},{"key":"1569_CR13","unstructured":"Ro\u00dfnagel, Alexander: Modernisierung des Datenschutzrechts f\u00fcr eine Welt allgegenw\u00e4rtiger Datenverarbeitung, MMR 2\/2005, S. 71 \u2013 75."},{"key":"1569_CR14","unstructured":"Ro\u00dfnagel, Alexander\/Richter, Philipp\/Nebel, Maxi: Besserer Internetdatenschutz f\u00fcr Europa Vorschl\u00e4ge zur Spezifizierung der DS-GVO, ZD 2013, S. 103 \u2013 108."},{"key":"1569_CR15","unstructured":"Ro\u00dfnagel, Alexander\/Kroschwald, Steffen: Was wird aus der Datenschutzgrundverordnung?, ZD 2014, S. 495 \u2013 500."},{"key":"1569_CR16","unstructured":"Schomberg, Sabrina: Empfehlung der Datenethikkommission: Datenschutz \u201eby Design\u201c und \u201eby Default\u201c, ZD 2020, 04397."},{"key":"1569_CR17","unstructured":"Schulz, Thomas: Sicherheit im Stra\u00dfenverkehr und autonomes Fahren, NZV 2017, S. 548 \u2013 553."},{"key":"1569_CR18","unstructured":"Simitis, Spiros\/Hornung, Gerrit\/Spiecker gen. D\u00f6hmann, Indra (Hrsg.): Datenschutzrecht, Kommentar, 1. Auflage, Frankfurt am Main 2019."},{"key":"1569_CR19","unstructured":"Specht, Louisa\/Mantz, Reto (Hrsg.): Handbuch Europ\u00e4isches und deutsches Datenschutzrecht, 1. Auflage, M\u00fcnchen 2019."},{"key":"1569_CR20","unstructured":"Spiekermann, Sarah: The Challenges of Privacy by Design, Communication of the ACM 2012, S. 1 \u2013 2."},{"key":"1569_CR21","unstructured":"Steege, Hans: Gesetzesentwurf zum autonomen Fahren (Level 4), SVR, 2021, S. 128 \u2013 137."},{"key":"1569_CR22","unstructured":"Steege, Hans: Ist die DS-GVO zeitgem\u00e4\u00df f\u00fcr das autonome Fahren? Datenschutzrechtliche Aspekte der Entwicklung, Erprobung und Nutzung automatisierter und autonomer Fahrzeuge, ZD 2019, S. 509 \u2013 513."},{"key":"1569_CR23","unstructured":"Sydow, Gernot (Hrsg.): Europ\u00e4ische Datenschutzgrundverordnung, Kommentar, 2. Auflage, Baden-Baden 2018."},{"key":"1569_CR24","unstructured":"Taeger, J\u00fcrgen\/Gabel, Detlev (Hrsg.): DSGVO-BDSG, Kommentar, 3. Auflage, Frankfurt am Main 2019."},{"key":"1569_CR25","unstructured":"van Rosum, Henk\/Gardeniers, Huib\/Borking, John\/Cavoukian, Ann\/Brans, John\/Muttupulle, Noel\/Magistrale, Nick: Privacy-Enhancing Technologies: The Path to Anonymity, Ontario\/Den Haag 1995."},{"key":"1569_CR26","unstructured":"V\u00e1squez, Sheila\/Kroschwald, Steffen: Data-driven vehicles: Who is in the driving seat?, in: J\u00fcrgen Taeger (Hrsg.), Die Macht der Daten und der Algorithmen, Regulierung von IT, IoT und KI,\u00a0 Edewecht 2019, S. 261 \u2013 275."},{"key":"1569_CR27","unstructured":"Verband der Automobilindustrie: Stellungnahme zum Gesetzentwurf zum autonomen Fahren, Aktenzeichen: DG24\/845.5\/3, 2021, S.\u00a08."}],"container-title":["Datenschutz und Datensicherheit - DuD"],"original-title":[],"language":"de","link":[{"URL":"https:\/\/link.springer.com\/content\/pdf\/10.1007\/s11623-022-1569-8.pdf","content-type":"application\/pdf","content-version":"vor","intended-application":"text-mining"},{"URL":"https:\/\/link.springer.com\/article\/10.1007\/s11623-022-1569-8\/fulltext.html","content-type":"text\/html","content-version":"vor","intended-application":"text-mining"},{"URL":"https:\/\/link.springer.com\/content\/pdf\/10.1007\/s11623-022-1569-8.pdf","content-type":"application\/pdf","content-version":"vor","intended-application":"similarity-checking"}],"deposited":{"date-parts":[[2022,1,21]],"date-time":"2022-01-21T20:11:03Z","timestamp":1642795863000},"score":1,"resource":{"primary":{"URL":"https:\/\/link.springer.com\/10.1007\/s11623-022-1569-8"}},"subtitle":["Eine interdisziplin\u00e4re Herausforderung zur effektiven Umsetzung des Datenschutzrechts"],"short-title":[],"issued":{"date-parts":[[2022,1,21]]},"references-count":27,"journal-issue":{"issue":"2","published-print":{"date-parts":[[2022,2]]}},"alternative-id":["1569"],"URL":"https:\/\/doi.org\/10.1007\/s11623-022-1569-8","relation":{},"ISSN":["1614-0702","1862-2607"],"issn-type":[{"value":"1614-0702","type":"print"},{"value":"1862-2607","type":"electronic"}],"subject":[],"published":{"date-parts":[[2022,1,21]]},"assertion":[{"value":"21 January 2022","order":1,"name":"first_online","label":"First Online","group":{"name":"ArticleHistory","label":"Article History"}}]}}