{"status":"ok","message-type":"work","message-version":"1.0.0","message":{"indexed":{"date-parts":[[2026,4,29]],"date-time":"2026-04-29T22:11:00Z","timestamp":1777500660421,"version":"3.51.4"},"reference-count":41,"publisher":"Springer Science and Business Media LLC","issue":"3","license":[{"start":{"date-parts":[[2019,1,3]],"date-time":"2019-01-03T00:00:00Z","timestamp":1546473600000},"content-version":"tdm","delay-in-days":0,"URL":"http:\/\/www.springer.com\/tdm"}],"funder":[{"name":"Foundation for a Science and Technology","award":["PD\/BD\/114267\/2016"],"award-info":[{"award-number":["PD\/BD\/114267\/2016"]}]}],"content-domain":{"domain":["link.springer.com"],"crossmark-restriction":false},"short-container-title":["Child Adolesc Soc Work J"],"published-print":{"date-parts":[[2019,6]]},"DOI":"10.1007\/s10560-018-0594-9","type":"journal-article","created":{"date-parts":[[2019,1,3]],"date-time":"2019-01-03T09:00:55Z","timestamp":1546506055000},"page":"237-246","update-policy":"https:\/\/doi.org\/10.1007\/springer_crossmark_policy","source":"Crossref","is-referenced-by-count":48,"title":["Emotional and Behavioral Problems and Psychosocial Skills in Adolescents in Residential Care"],"prefix":"10.1007","volume":"36","author":[{"ORCID":"https:\/\/orcid.org\/0000-0001-6577-5155","authenticated-orcid":false,"given":"Joana","family":"Campos","sequence":"first","affiliation":[]},{"given":"Maria","family":"Barbosa-Ducharne","sequence":"additional","affiliation":[]},{"given":"Pedro","family":"Dias","sequence":"additional","affiliation":[]},{"given":"S\u00f3nia","family":"Rodrigues","sequence":"additional","affiliation":[]},{"given":"Ana Catarina","family":"Martins","sequence":"additional","affiliation":[]},{"given":"Mariana","family":"Leal","sequence":"additional","affiliation":[]}],"member":"297","published-online":{"date-parts":[[2019,1,3]]},"reference":[{"key":"594_CR1","doi-asserted-by":"publisher","first-page":"149","DOI":"10.1027\/\/1015-5759.18.2.157","volume":"18","author":"J Abad","year":"2002","unstructured":"Abad, J., Forns, M., & G\u00f3mez, J. (2002). Emotional and behavioral problems as measured by YSR: Gender and age differences in Spanish adolescents. European Journal of Psychological Assessment, 18, 149\u2013157. https:\/\/doi.org\/10.1027\/\/1015-5759.18.2.157 .","journal-title":"European Journal of Psychological Assessment"},{"issue":"4","key":"594_CR2","doi-asserted-by":"publisher","first-page":"194","DOI":"10.1177\/10634266020100040101","volume":"10","author":"T Achenbach","year":"2002","unstructured":"Achenbach, T., Dumenci, L., & Rescorla, L. (2002). Ten-year comparisons of problems and competencies for national samples of youth: Self, parent, and teacher reports. Journal of Emotional and Behavioral Disorders, 10(4), 194\u2013203. https:\/\/doi.org\/10.1177\/10634266020100040101 .","journal-title":"Journal of Emotional and Behavioral Disorders"},{"key":"594_CR3","volume-title":"Manual for the ASEBA school age forms & profiles","author":"T Achenbach","year":"2001","unstructured":"Achenbach, T., & Rescorla, L. (2001). Manual for the ASEBA school age forms & profiles. Burlington: University of Vermont, Research Centre for Children, Youth, & Families."},{"key":"594_CR4","volume-title":"Manual do Sistema de Avalia\u00e7\u00e3o Empiricamente Validado (ASEBA) para o Per\u00edodo Pr\u00e9-Escolar e Escolar","author":"T Achenbach","year":"2014","unstructured":"Achenbach, T., Rescorla, L., Dias, P., Ramalho, V., Sousa Lima, V., Machado, B., & Gon\u00e7alves, M. (2014). Manual do Sistema de Avalia\u00e7\u00e3o Empiricamente Validado (ASEBA) para o Per\u00edodo Pr\u00e9-Escolar e Escolar. Braga: Psiquilibrios Edi\u00e7\u00f5es."},{"issue":"1","key":"594_CR5","doi-asserted-by":"publisher","first-page":"151","DOI":"10.9788\/TP2013.1-11","volume":"21","author":"A \u00c1lvares","year":"2013","unstructured":"\u00c1lvares, A., & Lobato, G. (2013). Um estudo explorat\u00f3rio da incid\u00eancia de sintomas depressivos em crian\u00e7as e adolescentes em acolhimento residencial [Exploratory study on the prevalence of depressive symptoms in children and adolescents in care]. Temas em Psicologia, 21(1), 151\u2013164. https:\/\/doi.org\/10.9788\/TP2013.1-11 .","journal-title":"Temas em Psicologia"},{"key":"594_CR6","doi-asserted-by":"publisher","first-page":"235","DOI":"10.1111\/j.1469-7610.2004.00351.x","volume":"46","author":"K Appleyard","year":"2005","unstructured":"Appleyard, K., Egeland, B., van Dulmen, M. H., & Sroufe, L. A. (2005). When more is not better: The role of cumulative risk in child behavior outcomes. Journal of Child Psychology and Psychiatry, 46, 235\u2013245.","journal-title":"Journal of Child Psychology and Psychiatry"},{"issue":"6","key":"594_CR7","first-page":"5","volume":"86","author":"AL Baker","year":"2007","unstructured":"Baker, A. L., Archer, M., & Curtis, P. (2007). Youth characteristics associated with behavioral and mental health problems during the transition to residential treatment centers: The Odyssey Project population. Child Welfare League of America, 86(6), 5\u201329.","journal-title":"Child Welfare League of America"},{"issue":"5","key":"594_CR8","doi-asserted-by":"publisher","first-page":"453","DOI":"10.1080\/09297040802244136","volume":"14","author":"M Behen","year":"2008","unstructured":"Behen, M., Helder, E., Rothermel, R., Solomon, K., & Chugani, H. (2008). Incidence of specific absolute neurocognitive impairment in globally intact children with histories of early severe deprivation. Child Neuropsychology, 14(5), 453\u2013469. https:\/\/doi.org\/10.1080\/09297040802244136 .","journal-title":"Child Neuropsychology"},{"issue":"1","key":"594_CR9","first-page":"136","volume":"15","author":"B Bravo","year":"2003","unstructured":"Bravo, B., & del Valle, J. (2003). Las redes de apoyo social de los adolescentes acogidos en residencias de protecci\u00f3n. Un an\u00e1lisis comparativo com poblaci\u00f3n normative [Social support networks of adolescents in residential care centers. A comparative analysis with normative population]. Psicothema, 15(1), 136\u2013142.","journal-title":"Psicothema"},{"key":"594_CR10","doi-asserted-by":"publisher","first-page":"186","DOI":"10.1007\/s007870170025","volume":"10","author":"A Broberg","year":"2001","unstructured":"Broberg, A., Ekeroth, K., Gustafsson, P., Hansson, K., Hagglof, B., Ivarsson, T., & Larsson, B. (2001). Self-reported competencies and problems among Swedish adolescents: A normative study of the YSR. European Child & Adolescent Psychiatry, 10, 186\u2013193.","journal-title":"European Child & Adolescent Psychiatry"},{"issue":"10","key":"594_CR11","doi-asserted-by":"publisher","first-page":"1886","DOI":"10.1016\/j.childyouth.2011.05.014","volume":"33","author":"G Bronsard","year":"2011","unstructured":"Bronsard, G., Lan\u00e7on, C., Loundou, A., Auquier, P., Rufo, M., & Sim\u00e9oni, M. (2011). Prevalence rate of DSM mental disorders among adolescents living in residential group homes of the French Child Welfare System. Children and Youth Services Review, 33(10), 1886\u20131890. https:\/\/doi.org\/10.1016\/j.childyouth.2011.05.014 .","journal-title":"Children and Youth Services Review"},{"key":"594_CR12","doi-asserted-by":"publisher","first-page":"467","DOI":"10.1017\/S0954579400003114","volume":"12","author":"SB Campbell","year":"2000","unstructured":"Campbell, S. B., Shaw, D. S., & Gilliom, M. (2000). Early externalizing behavior problems: Toddlers and preschoolers at risk for later maladjustment. Development and Psychopathology, 12, 467\u2013488. https:\/\/doi.org\/10.1017\/S0954579400003114 .","journal-title":"Development and Psychopathology"},{"issue":"5","key":"594_CR13","doi-asserted-by":"publisher","first-page":"349","DOI":"10.1111\/j.1440-172X.2009.01785.x","volume":"15","author":"D Eapen","year":"2009","unstructured":"Eapen, D. (2009). Institutionalized children: The underprivileged. International Journal of Nursing Practice, 15(5), 349\u2013352. https:\/\/doi.org\/10.1111\/j.1440-172X.2009.01785.x .","journal-title":"International Journal of Nursing Practice"},{"key":"594_CR14","doi-asserted-by":"publisher","first-page":"395","DOI":"10.1023\/A:1005163724952","volume":"29","author":"KG Erickson","year":"2000","unstructured":"Erickson, K. G., Crosnoe, R., & Dornbusch, S. M. (2000). A social process model of adolescent deviance: Combining social control and differential association perspectives. Journal of Youth and Adolescence, 29, 395\u2013425.","journal-title":"Journal of Youth and Adolescence"},{"key":"594_CR15","doi-asserted-by":"publisher","first-page":"113","DOI":"10.1007\/s00787-009-0047-2","volume":"19","author":"N Erol","year":"2010","unstructured":"Erol, N., Simsek, Z., & Munir, K. (2010). Mental health of adolescents reared in institutional care in Turkey: Challenges and hope in the twenty-first century. European Child & Adolescent Psychiatry, 19, 113\u2013124. https:\/\/doi.org\/10.1007\/s00787-009-0047-2 .","journal-title":"European Child & Adolescent Psychiatry"},{"issue":"3","key":"594_CR16","doi-asserted-by":"publisher","first-page":"797","DOI":"10.11144\/Javeriana.UPSY12-3.pccp","volume":"12","author":"M Fern\u00e1ndez-Daza","year":"2012","unstructured":"Fern\u00e1ndez-Daza, M., & Fern\u00e1ndez-Parra, A. (2012). Problemas de comportamiento y competencias psicossociales en ni\u00f1os y adolescentes institucionalizados [Behavior problems and psychosocial skills in institutionalized children and adolescents]. Universitas Psychologica, 12(3), 797\u2013810. https:\/\/doi.org\/10.11144\/Javeriana.UPSY12-3.pccp .","journal-title":"Universitas Psychologica"},{"issue":"3","key":"594_CR17","doi-asserted-by":"publisher","first-page":"279","DOI":"10.1007\/s10488-014-0568-y","volume":"42","author":"R Gearing","year":"2014","unstructured":"Gearing, R., Schwalbe, C., MacKenzie, M., Brewer, K., & Ibrahim, R. (2014). Assessment of adolescent mental health and behavioral problems in institutional care: Discrepancies between staff-reported CBCL scores and adolescent-reported YSR scores. Administration and Policy in Mental Health and Mental Health Services Research, 42(3), 279\u2013287. https:\/\/doi.org\/10.1007\/s10488-014-0568-y .","journal-title":"Administration and Policy in Mental Health and Mental Health Services Research"},{"key":"594_CR18","doi-asserted-by":"publisher","first-page":"777","DOI":"10.1037\/0012-1649.39.4.777","volume":"39","author":"LM Gutman","year":"2003","unstructured":"Gutman, L. M., Sameroff, A. J., & Cole, R. (2003). Academic growth curve trajectories from 1st grade to 12th grade: Effects of multiple social risk factors and preschool child factors. Developmental Psychology, 39, 777\u2013790. https:\/\/doi.org\/10.1037\/0012-1649.39.4.777 .","journal-title":"Developmental Psychology"},{"key":"594_CR19","doi-asserted-by":"publisher","first-page":"1481","DOI":"10.1007\/s10826-014-9953-0","volume":"24","author":"JC Huefner","year":"2015","unstructured":"Huefner, J. C., Pick, R. M., Smith, G. L., Stevens, A. L., & Mason, M. A. (2015). Parental involvement in residential care: Distance, frequency of contact, and youth outcomes. Journal of Child and Family Studies, 24, 1481\u20131489. https:\/\/doi.org\/10.1007\/s10826-014-9953-0 .","journal-title":"Journal of Child and Family Studies"},{"issue":"3","key":"594_CR20","doi-asserted-by":"publisher","first-page":"192","DOI":"10.1080\/0886571X.2018.1437375","volume":"35","author":"JC Huefner","year":"2018","unstructured":"Huefner, J. C., Ringle, J. L., Thompson, R. W., & Wilson, F. A. (2018). Economic evaluation of residential length of stay and long-term outcomes. Residential Treatment for Children & Youth, 35(3), 192\u2013208. https:\/\/doi.org\/10.1080\/0886571X.2018.1437375 .","journal-title":"Residential Treatment for Children & Youth"},{"key":"594_CR21","unstructured":"IBM Corp. Released 2014. IBM SPSS statistics for windows, version 22.0. Armonk, NY: IBM Corp."},{"key":"594_CR22","volume-title":"CASA 2017: Caracteriza\u00e7\u00e3o Anual da Situa\u00e7\u00e3o de Acolhimento das Crian\u00e7as e Jovens [Annual characterization of care situation of children and adolescents]","author":"Instituto da Seguran\u00e7a Social, Instituto P\u00fablico (ISS, IP)","year":"2018","unstructured":"Instituto da Seguran\u00e7a Social, Instituto P\u00fablico (ISS, IP). (2018). CASA 2017: Caracteriza\u00e7\u00e3o Anual da Situa\u00e7\u00e3o de Acolhimento das Crian\u00e7as e Jovens [Annual characterization of care situation of children and adolescents]. Lisboa: ISS, IP."},{"issue":"2","key":"594_CR23","first-page":"357","volume":"7","author":"M Ison-Zintilini","year":"2008","unstructured":"Ison-Zintilini, M., & Morelato-Gim\u00e9nez, G. (2008). Habilidades socio-cognitivas en ni\u00f1os con conductas disruptivas y v\u00edctimas de maltrato [Socio-cognitive skills in children with disruptive behavior and victims of maltreatment]. Universitas Psychologica, 7(2), 357\u2013367.","journal-title":"Universitas Psychologica"},{"key":"594_CR24","doi-asserted-by":"publisher","first-page":"691","DOI":"10.1007\/s00787-009-0030-y","volume":"18","author":"A Janssens","year":"2009","unstructured":"Janssens, A., & Deboutte, D. (2009). Screening for psychopathology in child welfare: The Strengths and Difficulties Questionnaire (SDQ) compared with the Achenbach System of Empirically Based Assessment (ASEBA). European Child & Adolescent Psychiatry, 18, 691\u2013700. https:\/\/doi.org\/10.1007\/s00787-009-0030-y .","journal-title":"European Child & Adolescent Psychiatry"},{"key":"594_CR25","doi-asserted-by":"publisher","first-page":"33","DOI":"10.1007\/s00787-015-0700-x","volume":"25","author":"T Jozefiak","year":"2016","unstructured":"Jozefiak, T., Kayed, N., Rimechaug, T., Wormdal, A., Brubakk, A., & Wichstram, L. (2016). Prevalence and comorbidity of mental disorders among adolescents living in residential youth care. European Child & Adolescent Psychiatry, 25, 33\u201347. https:\/\/doi.org\/10.1007\/s00787-015-0700-x .","journal-title":"European Child & Adolescent Psychiatry"},{"key":"594_CR26","doi-asserted-by":"publisher","first-page":"319","DOI":"10.1080\/08039480410005846","volume":"58","author":"E Kjelsberg","year":"2004","unstructured":"Kjelsberg, E., & Nygren, P. (2004). The prevalence of emotional and behavioural problems in institutionalized childcare clients. Nordic Journal of Psychiatry, 58, 319\u2013325. https:\/\/doi.org\/10.1080\/08039480410005846 .","journal-title":"Nordic Journal of Psychiatry"},{"key":"594_CR27","doi-asserted-by":"publisher","first-page":"77","DOI":"10.1080\/07053436.1993.10715443","volume":"16","author":"R Larson","year":"1993","unstructured":"Larson, R., & Kleiber, D. (1993). Structured leisure as a context for the development of attention during adolescence. Society and Leisure, 16, 77\u201398. https:\/\/doi.org\/10.1080\/07053436.1993.10715443 .","journal-title":"Society and Leisure"},{"key":"594_CR28","unstructured":"Lei n\u00ba 142\/2015 de 8 de Setembro de 2015 [Law 142\/2015, 8th September]."},{"key":"594_CR29","doi-asserted-by":"publisher","first-page":"153","DOI":"10.1007\/s10578-011-0255-0","volume":"43","author":"M M\u00e4ntymaa","year":"2012","unstructured":"M\u00e4ntymaa, M., Puura, K., Luoma, I., Latva, R., Salmelin, R., & Tamminen, T. (2012). Predicting internalizing and externalizing problems at five years by child and parental factors in infancy and toddlerhood. Child Psychiatry & Human Development, 43, 153\u2013170. https:\/\/doi.org\/10.1007\/s10578-011-0255-0 .","journal-title":"Child Psychiatry & Human Development"},{"key":"594_CR30","doi-asserted-by":"publisher","first-page":"216","DOI":"10.1016\/j.childyouth.2006.08.004","volume":"29","author":"J Marinlovic","year":"2007","unstructured":"Marinlovic, J., & Backovic, D. (2007). Relationship between type of placement and competencies and problem behavior of adolescents in long-term foster care. Children and Youth Services Review, 29, 216\u2013225. https:\/\/doi.org\/10.1016\/j.childyouth.2006.08.004 .","journal-title":"Children and Youth Services Review"},{"key":"594_CR31","doi-asserted-by":"publisher","first-page":"1274","DOI":"10.1111\/j.1651-2227.2002.tb00148.x","volume":"91","author":"G Oliv\u00e1n","year":"2002","unstructured":"Oliv\u00e1n, G. (2002). Maltreatment histories and mental health problems are common among runaway adolescents in Spain. Acta Paediatrica, 91, 1274\u20131275. https:\/\/doi.org\/10.1111\/j.1651-2227.2002.tb00148.x .","journal-title":"Acta Paediatrica"},{"key":"594_CR32","doi-asserted-by":"publisher","first-page":"18","DOI":"10.1007\/s00127-005-0850-0","volume":"40","author":"S Reijneveld","year":"2005","unstructured":"Reijneveld, S., Brugman, E., Verhulst, F., & Verloove-Vanhorick, S. (2005). Area deprivation and child psychosocial problems: A national cross-sectional study among school-aged children. Social Psychiatry and Psychiatric Epidemiology, 40, 18\u201323. https:\/\/doi.org\/10.1007\/s00127-005-0850-0 .","journal-title":"Social Psychiatry and Psychiatric Epidemiology"},{"key":"594_CR33","volume-title":"ARQUA-P: Sistema Compreensivo de Avalia\u00e7\u00e3o da Qualidade do Acolhimento Residencial Portugu\u00eas\u00a9. [Portuguese Comprehensive Assessment System of Residential Care Quality]. Registo 2650\/2015","author":"S Rodrigues","year":"2015","unstructured":"Rodrigues, S., Barbosa-Ducharne, M., & Del Valle, J. F. (2015). ARQUA-P: Sistema Compreensivo de Avalia\u00e7\u00e3o da Qualidade do Acolhimento Residencial Portugu\u00eas\u00a9. [Portuguese Comprehensive Assessment System of Residential Care Quality]. Registo 2650\/2015. Lisboa: Secretaria de Estado da Cultura, Inspe\u00e7\u00e3o-Geral das Atividades Culturais - Dire\u00e7\u00e3o de Servi\u00e7os de Propriedade Intelectual."},{"issue":"9","key":"594_CR34","doi-asserted-by":"publisher","first-page":"685","DOI":"10.1016\/S0190-7409(00)00116-X","volume":"22","author":"M Rutter","year":"2000","unstructured":"Rutter, M. (2000). Children in substitute care: Some conceptual considerations and research implications. Children and Youth Services Review, 22(9), 685\u2013703. https:\/\/doi.org\/10.1016\/S0190-7409(00)00116-X .","journal-title":"Children and Youth Services Review"},{"key":"594_CR35","doi-asserted-by":"publisher","first-page":"120","DOI":"10.1111\/1468-2397.00117","volume":"9","author":"R S\u00e3fvenbom","year":"2000","unstructured":"S\u00e3fvenbom, R., & Sandahl, D. (2000). Leisure for youth in residential care: An important context for intervention. International Journal of Social Welfare, 9, 120\u2013127. https:\/\/doi.org\/10.1111\/1468-2397.00117 .","journal-title":"International Journal of Social Welfare"},{"issue":"4","key":"594_CR36","first-page":"804","volume":"18","author":"M Sandoval","year":"2006","unstructured":"Sandoval, M., Lemos, S., & Vallejo, G. (2006). Self-reported compentencies and problems in Spanish adolescents: A normative study of the YSR. Psicothema, 18(4), 804\u2013809.","journal-title":"Psicothema"},{"issue":"2","key":"594_CR37","doi-asserted-by":"publisher","first-page":"1","DOI":"10.1186\/1753-2000-2-2","volume":"2","author":"M Schmid","year":"2008","unstructured":"Schmid, M., Goldbeck, L., Nuetzel, J., & Fegert, J. (2008). Prevalence of mental disorders among adolescents in German youth welfare institutions. Child and Adolescents Psychiatry and Mental Health, 2(2), 1\u20138. https:\/\/doi.org\/10.1186\/1753-2000-2-2 .","journal-title":"Child and Adolescents Psychiatry and Mental Health"},{"issue":"2","key":"594_CR38","doi-asserted-by":"publisher","first-page":"221","DOI":"10.1177\/1359104507088344","volume":"13","author":"J Sempik","year":"2008","unstructured":"Sempik, J., Ward, H., & Darker, I. (2008). Emotional and behavioural difficulties of children and young people at entry into care. Clinical Child Psychology and Psychiatry, 13(2), 221\u2013233. https:\/\/doi.org\/10.1177\/1359104507088344 .","journal-title":"Clinical Child Psychology and Psychiatry"},{"key":"594_CR39","doi-asserted-by":"crossref","first-page":"909","DOI":"10.1542\/peds.106.S3.909","volume":"106","author":"M Simms","year":"2000","unstructured":"Simms, M., Dubowitz, H., & Szilagyi, M. A. (2000). Health care needs of children in the foster care system. Pediatrics, 106, 909\u2013918.","journal-title":"Pediatrics"},{"issue":"7","key":"594_CR40","doi-asserted-by":"publisher","first-page":"883","DOI":"10.1016\/j.childyouth.2007.01.004","volume":"29","author":"Z Simsek","year":"2007","unstructured":"Simsek, Z., Erol, N., Oztop, D., & Munir, K. (2007). Prevalence and predictors of emotional and behavioral problems reported by teachers among institutionally reared children and adolescents in Turkish orphanages compared with community controls. Children and Youth Services Review, 29(7), 883\u2013899. https:\/\/doi.org\/10.1016\/j.childyouth.2007.01.004 .","journal-title":"Children and Youth Services Review"},{"issue":"1","key":"594_CR41","doi-asserted-by":"publisher","first-page":"212","DOI":"10.1111\/j.1467-8624.2009.01390.x","volume":"81","author":"A Smyke","year":"2010","unstructured":"Smyke, A., Zeanah, C., Fox, N., Nelson, C., & Guthrie, D. (2010). Placement in foster care enhances quality of attachment among young institutionalized children. Child Development, 81(1), 212\u2013223. https:\/\/doi.org\/10.1111\/j.1467-8624.2009.01390.x .","journal-title":"Child Development"}],"container-title":["Child and Adolescent Social Work Journal"],"original-title":[],"language":"en","link":[{"URL":"http:\/\/link.springer.com\/content\/pdf\/10.1007\/s10560-018-0594-9.pdf","content-type":"application\/pdf","content-version":"vor","intended-application":"text-mining"},{"URL":"http:\/\/link.springer.com\/article\/10.1007\/s10560-018-0594-9\/fulltext.html","content-type":"text\/html","content-version":"vor","intended-application":"text-mining"},{"URL":"http:\/\/link.springer.com\/content\/pdf\/10.1007\/s10560-018-0594-9.pdf","content-type":"application\/pdf","content-version":"vor","intended-application":"similarity-checking"}],"deposited":{"date-parts":[[2022,9,9]],"date-time":"2022-09-09T16:48:03Z","timestamp":1662742083000},"score":1,"resource":{"primary":{"URL":"http:\/\/link.springer.com\/10.1007\/s10560-018-0594-9"}},"subtitle":[],"short-title":[],"issued":{"date-parts":[[2019,1,3]]},"references-count":41,"journal-issue":{"issue":"3","published-print":{"date-parts":[[2019,6]]}},"alternative-id":["594"],"URL":"https:\/\/doi.org\/10.1007\/s10560-018-0594-9","relation":{},"ISSN":["0738-0151","1573-2797"],"issn-type":[{"value":"0738-0151","type":"print"},{"value":"1573-2797","type":"electronic"}],"subject":[],"published":{"date-parts":[[2019,1,3]]},"assertion":[{"value":"3 January 2019","order":1,"name":"first_online","label":"First Online","group":{"name":"ArticleHistory","label":"Article History"}}]}}