{"status":"ok","message-type":"work","message-version":"1.0.0","message":{"indexed":{"date-parts":[[2026,3,6]],"date-time":"2026-03-06T05:23:10Z","timestamp":1772774590525,"version":"3.50.1"},"reference-count":69,"publisher":"Springer Science and Business Media LLC","license":[{"start":{"date-parts":[[2021,5,13]],"date-time":"2021-05-13T00:00:00Z","timestamp":1620864000000},"content-version":"tdm","delay-in-days":0,"URL":"https:\/\/www.springer.com\/tdm"},{"start":{"date-parts":[[2021,5,13]],"date-time":"2021-05-13T00:00:00Z","timestamp":1620864000000},"content-version":"vor","delay-in-days":0,"URL":"https:\/\/www.springer.com\/tdm"}],"funder":[{"DOI":"10.13039\/501100001871","name":"Funda\u00e7\u00e3o para a Ci\u00eancia e a Tecnologia","doi-asserted-by":"publisher","award":["PTDC\/PSI-ESP\/28653\/2017"],"award-info":[{"award-number":["PTDC\/PSI-ESP\/28653\/2017"]}],"id":[{"id":"10.13039\/501100001871","id-type":"DOI","asserted-by":"publisher"}]}],"content-domain":{"domain":["link.springer.com"],"crossmark-restriction":false},"short-container-title":["Child Adolesc Soc Work J"],"DOI":"10.1007\/s10560-021-00763-y","type":"journal-article","created":{"date-parts":[[2021,5,13]],"date-time":"2021-05-13T13:02:50Z","timestamp":1620910970000},"update-policy":"https:\/\/doi.org\/10.1007\/springer_crossmark_policy","source":"Crossref","is-referenced-by-count":7,"title":["Attachment, Emotional Regulation and Perception of the Institutional Environment in Adolescents in Residential Care Context"],"prefix":"10.1007","author":[{"ORCID":"https:\/\/orcid.org\/0000-0003-1814-7425","authenticated-orcid":false,"given":"Catarina Pinheiro","family":"Mota","sequence":"first","affiliation":[]},{"given":"Tatiana","family":"Gon\u00e7alves","sequence":"additional","affiliation":[]},{"given":"Helena","family":"Carvalho","sequence":"additional","affiliation":[]},{"given":"M\u00f3nica","family":"Costa","sequence":"additional","affiliation":[]}],"member":"297","published-online":{"date-parts":[[2021,5,13]]},"reference":[{"issue":"4","key":"763_CR1","doi-asserted-by":"publisher","first-page":"709","DOI":"10.1037\/0003-066X.44.4.709","volume":"4","author":"MDS Ainsworth","year":"1989","unstructured":"Ainsworth, M. D. S. (1989). Attachments beyond infancy. American Psychologist, 4(4), 709\u2013716","journal-title":"American Psychologist"},{"key":"763_CR2","doi-asserted-by":"publisher","first-page":"276","DOI":"10.1016\/j.sbspro.2015.01.122","volume":"171","author":"C Albuquerque","year":"2015","unstructured":"Albuquerque, C., Almeida, J., Cunha, M., Madureira, A., & Andrade, A. (2015). Protective resilience factors in institutionalised portuguese adolescents. Procedia Social and Behavioral Sciences, 171, 276\u2013283","journal-title":"Procedia Social and Behavioral Sciences"},{"key":"763_CR3","first-page":"139","volume-title":"Assessing youth behavior: Using the Child Behavior Checklist in family and children\u2019s services","author":"G Armsden","year":"2002","unstructured":"Armsden, G., Pecora, P., Payne, V., & Joyce, C. (2002). A profile of youth placed with case family programs using the Child Behavior Checklist\/4-18 and the teacher\u2019s report form. In L. Prohn, K. Wetherbee, R. Lamont, T. Achenbach, & P. Pecora (Eds.), Assessing youth behavior: Using the Child Behavior Checklist in family and children\u2019s services. (pp. 139\u2013158). CWLA Press."},{"issue":"3","key":"763_CR4","doi-asserted-by":"publisher","first-page":"225","DOI":"10.1177\/1468017313476453","volume":"14","author":"K Atkin","year":"2014","unstructured":"Atkin, K., & Tozer, R. (2014). Personalisation, family relationship and autism: Conceptualising the role of adult siblings. Journal of Social Work, 14(3), 225\u2013242","journal-title":"Journal of Social Work"},{"issue":"3","key":"763_CR5","doi-asserted-by":"publisher","first-page":"184","DOI":"10.1111\/j.1468-2397.2005.00358.x","volume":"14","author":"AJ Baker","year":"2005","unstructured":"Baker, A. J., Archer, M., & Curtis, P. A. (2005). Age and gender differences in emotional and behavioural problems during the transition to residential treatment: The Odyssey Project. International Journal of Social Welfare, 14(3), 184\u2013194","journal-title":"International Journal of Social Welfare"},{"issue":"12","key":"763_CR6","doi-asserted-by":"publisher","first-page":"1801","DOI":"10.1080\/03004430.2017.1289190","volume":"188","author":"A Batki","year":"2017","unstructured":"Batki, A. (2017). The impact of early institutional care on emotion regulation: Studying the play narratives of post-institutionalized and early adopted children. Early Child Development and Care, 188(12), 1801\u20131815","journal-title":"Early Child Development and Care"},{"key":"763_CR7","volume-title":"Attachment and loss","author":"J Bowlby","year":"1969","unstructured":"Bowlby, J. (1969). Attachment and loss. Penguin."},{"key":"763_CR8","volume-title":"A secure base: Parent-child attachment and healthy human development","author":"J Bowlby","year":"1988","unstructured":"Bowlby, J. (1988). A secure base: Parent-child attachment and healthy human development. Basic Books."},{"issue":"11","key":"763_CR9","doi-asserted-by":"publisher","first-page":"1149","DOI":"10.1016\/S0145-2134(02)00389-7","volume":"26","author":"KL Brady","year":"2002","unstructured":"Brady, K. L., & Caraway, S. J. (2002). Home away from home: Factors associated with current functioning in children living in a residential treatment setting. Child Abuse & Neglect, 26(11), 1149\u20131163","journal-title":"Child Abuse & Neglect"},{"issue":"4","key":"763_CR10","doi-asserted-by":"publisher","first-page":"559","DOI":"10.15448\/1980-8623.2014.4.13629","volume":"45","author":"J Calcing","year":"2014","unstructured":"Calcing, J., & Benetti, S. P. C. (2014). Caracteriza\u00e7\u00e3o da sa\u00fade mental em crian\u00e7as e adolescentes em acolhimento institucional. Psico, 45(4), 559\u2013567","journal-title":"Psico"},{"key":"763_CR11","doi-asserted-by":"publisher","first-page":"655","DOI":"10.1016\/j.childyouth.2007.01.007","volume":"29","author":"SA Cole","year":"2007","unstructured":"Cole, S. A., & Eamon, M. K. (2007). Self-perceptions of fulfilling the foster caregiver role: A preliminary analysis. Children and Youth Services Review, 29, 655\u2013671","journal-title":"Children and Youth Services Review"},{"issue":"2","key":"763_CR12","doi-asserted-by":"publisher","first-page":"133","DOI":"10.1111\/j.1365-2206.2006.00451.x","volume":"12","author":"M Colton","year":"2007","unstructured":"Colton, M., & Roberts, S. (2007). Factors that contribute to high turnover among residential child care staff. Child and Family Social Work, 12(2), 133\u2013142","journal-title":"Child and Family Social Work"},{"key":"763_CR13","doi-asserted-by":"publisher","DOI":"10.1080\/13575279.2019.1680533","author":"M Costa","year":"2019","unstructured":"Costa, M., Mota, C. P., & Matos, P. M. (2019). Predictors of psychosocial adjustment in adolescents in residential care: A systematic review. Child Care in Practice. https:\/\/doi.org\/10.1080\/13575279.2019.1680533","journal-title":"Child Care in Practice"},{"issue":"4","key":"763_CR14","first-page":"145","volume":"37","author":"J Coutinho","year":"2010","unstructured":"Coutinho, J., Ribeiro, E., Ferreirinha, R., & Dias, P. (2010). Vers\u00e3o portuguesa da escala de dificuldades de regula\u00e7\u00e3o emocional e sua rela\u00e7\u00e3o com sintomas psicopatol\u00f3gicos. Revista Psicologia Cl\u00ednica, 37(4), 145\u2013151","journal-title":"Revista Psicologia Cl\u00ednica"},{"key":"763_CR15","first-page":"198","volume":"6","author":"SM D\u00b4Aroz","year":"2012","unstructured":"D\u00b4Aroz, S. M., & Stoltz, T. (2012). cuidado institucional na vis\u00e3o de adolescentes acolhidos. Revista Brasileira Adolesc\u00eancia e Conflitualidade, 6, 198\u2013220","journal-title":"Revista Brasileira Adolesc\u00eancia e Conflitualidade"},{"key":"763_CR16","doi-asserted-by":"publisher","DOI":"10.31447\/AS00032573.2018226.05","author":"P Delgado","year":"2018","unstructured":"Delgado, P., & Gers\u00e3o, E. (2018). O acolhimento de crian\u00e7as e jovens no novo quadro legal: Novos discursos, novas pr\u00e1ticas? An\u00e1lise Social. https:\/\/doi.org\/10.31447\/AS00032573.2018226.05","journal-title":"An\u00e1lise Social"},{"issue":"3","key":"763_CR17","doi-asserted-by":"publisher","first-page":"219","DOI":"10.1037\/ort0000005","volume":"84","author":"M Dozier","year":"2014","unstructured":"Dozier, M., Kaufman, J., Kobak, R., O\u00b4Connor, T. G., Sagi-Schwartz, A., Scott, S., Shauffer, C., Smetana, J., van IJzendoorn, M. H., & Zeanah, C. H. (2014). Consensus statement on group care for children and adolescents: A statement of policy of the American Orthopsychiatric Association. American Journal of Orthopsychiatry, 84(3), 219\u2013225. https:\/\/doi.org\/10.1037\/ort0000005","journal-title":"American Journal of Orthopsychiatry"},{"issue":"1","key":"763_CR18","doi-asserted-by":"publisher","first-page":"72","DOI":"10.4013\/ctc.2016.91.06","volume":"9","author":"LP Feij\u00f3","year":"2016","unstructured":"Feij\u00f3, L. P., & Oliveira, D. S. D. (2016). Priva\u00e7\u00f5es afetivas e rela\u00e7\u00f5es de v\u00ednculo: Psicoterapia de uma crian\u00e7a institucionalizada. Contextos Cl\u00ednicos, 9(1), 72\u201385. https:\/\/doi.org\/10.4013\/ctc.2016.91.06","journal-title":"Contextos Cl\u00ednicos"},{"issue":"63","key":"763_CR19","doi-asserted-by":"publisher","first-page":"81","DOI":"10.1590\/1982-43272663201610","volume":"26","author":"AO Fernandes","year":"2016","unstructured":"Fernandes, A. O., & Monteiro, N. R. D. (2016). Psychological indicators and perceptions of adolescents in residential care. Paid\u00e9ia (ribeir\u00e3o Preto), 26(63), 81\u201389. https:\/\/doi.org\/10.1590\/1982-43272663201610","journal-title":"Paid\u00e9ia (ribeir\u00e3o Preto)"},{"issue":"3","key":"763_CR20","doi-asserted-by":"publisher","first-page":"615","DOI":"10.1037\/a0022898","volume":"23","author":"RC Fraley","year":"2011","unstructured":"Fraley, R. C., Heffernan, M. E., Vicary, A. M., & Brumbaugh, C. C. (2011). The experiences in close relationships\u2014relationship structures questionnaire: A method for assessing attachment orientations across relationships. Psychological Assessment, 23(3), 615\u2013625. https:\/\/doi.org\/10.1037\/a0022898","journal-title":"Psychological Assessment"},{"key":"763_CR21","doi-asserted-by":"publisher","first-page":"100","DOI":"10.1016\/j.childyouth.2016.12.011","volume":"73","author":"C Gonz\u00e1lez-Garc\u00eda","year":"2017","unstructured":"Gonz\u00e1lez-Garc\u00eda, C., Bravo, A., Arruabarrena, I., Mart\u00edn, E., Santos, I., & Del Valle, J. (2017). Emotional and behavioral problems of children in residential care: Screening detection and referrals to mental health services. Children and Youth Services Review, 73, 100\u2013106. https:\/\/doi.org\/10.1016\/j.childyouth.2016.12.011","journal-title":"Children and Youth Services Review"},{"issue":"1","key":"763_CR22","doi-asserted-by":"publisher","first-page":"41","DOI":"10.1023\/B:JOBA.0000007455.08539.94","volume":"26","author":"KL Gratz","year":"2004","unstructured":"Gratz, K. L., & Roemer, L. (2004). Multidimensional assessment of emotion regulation and dysregulation: Development, factor structure, and initial validation of the difficulties in emotion regulation scale. Journal of Psychopathology and Behavioral Assessment, 26(1), 41\u201354","journal-title":"Journal of Psychopathology and Behavioral Assessment"},{"key":"763_CR23","first-page":"89","volume-title":"Handbook of parenting: Practical issues in parenting","author":"WS Grolnick","year":"2002","unstructured":"Grolnick, W. S., & Farkas, M. (2002). Parenting and the development of children\u2019s self- regulation. In M. Bornstein (Ed.), Handbook of parenting: Practical issues in parenting. (pp. 89\u2013110). Lawrence Erlbaum."},{"issue":"3","key":"763_CR24","doi-asserted-by":"publisher","first-page":"271","DOI":"10.1037\/1089-2680.2.3.271","volume":"2","author":"JJ Gross","year":"1998","unstructured":"Gross, J. J. (1998). The emerging field of emotion regulation: An integrative review. Review of General Psychology, 2(3), 271\u2013299","journal-title":"Review of General Psychology"},{"issue":"1","key":"763_CR25","doi-asserted-by":"publisher","first-page":"39","DOI":"10.1606\/1044-3894.3956","volume":"91","author":"NS Gustavsson","year":"2010","unstructured":"Gustavsson, N. S., & MacEachron, A. E. (2010). Sibling connections and reasonable efforts in public child welfare. Families in Society, 91(1), 39\u201344","journal-title":"Families in Society"},{"key":"763_CR26","volume-title":"Introduction to mediation, moderation, and conditional process analysis: A regression-based approach","author":"AF Hayes","year":"2013","unstructured":"Hayes, A. F. (2013). Introduction to mediation, moderation, and conditional process analysis: A regression-based approach. The Guilford Press."},{"issue":"2","key":"763_CR27","doi-asserted-by":"publisher","first-page":"102","DOI":"10.1002\/imhj.21440","volume":"35","author":"K Hermenau","year":"2014","unstructured":"Hermenau, K., Hecker, T., Elbert, T., & Ruf-Leuschner, M. (2014). Maltreatment and mental health in institutional care - comparing early and late institutionalized children in Tanzania. Infant Mental Health Journal, 35(2), 102\u2013110. https:\/\/doi.org\/10.1002\/imhj.21440","journal-title":"Infant Mental Health Journal"},{"issue":"7","key":"763_CR28","doi-asserted-by":"publisher","first-page":"845","DOI":"10.1016\/j.childyouth.2004.12.013","volume":"27","author":"M Herrick","year":"2005","unstructured":"Herrick, M., & Piccus, W. (2005). Sibling connections: The importance of nurturing sibling bonds in the foster care system. Children and Youth Services Review, 27(7), 845\u2013861","journal-title":"Children and Youth Services Review"},{"key":"763_CR29","volume-title":"CASA-2019 Annual characterization report of the situation of child and youth care","author":"Institute of Social Security, IP","year":"2020","unstructured":"Institute of Social Security, IP. (2020). CASA-2019 Annual characterization report of the situation of child and youth care. ISSIP."},{"key":"763_CR30","doi-asserted-by":"publisher","first-page":"429","DOI":"10.1016\/j.childyouth.2019.02.010","volume":"99","author":"JD Leipoldt","year":"2019","unstructured":"Leipoldt, J. D., Harder, A. T., Kayed, N. S., Grietens, H., & Rimehaug, T. (2019). Determinants and outcomes of social climate in therapeutic residential youth care: A systematic review. Children and Youth Services Review, 99, 429\u2013440. https:\/\/doi.org\/10.1016\/j.childyouth.2019.02.010","journal-title":"Children and Youth Services Review"},{"issue":"5","key":"763_CR31","doi-asserted-by":"publisher","first-page":"653","DOI":"10.1177\/1524838017726427","volume":"20","author":"D Li","year":"2019","unstructured":"Li, D., Chng, G. S., & Chu, C. M. (2019). Comparing long-term placement outcomes of residential and family foster care: A meta-analysis. Trauma, Violence, & Abuse, 20(5), 653\u2013664","journal-title":"Trauma, Violence, & Abuse"},{"issue":"1","key":"763_CR32","doi-asserted-by":"publisher","first-page":"1","DOI":"10.14195\/1647-8606_60-1_4","volume":"60","author":"A Lino","year":"2017","unstructured":"Lino, A., & Nobre-Lima, L. (2017). Emotional dysregulation as a predictor of peer attachment perceptions of adolescents in residential care. Psychologica, 60(1), 1\u201328","journal-title":"Psychologica"},{"key":"763_CR33","first-page":"103","volume":"4","author":"E Magalh\u00e3es","year":"2014","unstructured":"Magalh\u00e3es, E., & Calheiros, M. M. (2014). Ajustamento emocional e comportamental de crian\u00e7as e jovens em acolhimento institucional: Uma reflex\u00e3o em torno das experi\u00eancias pr\u00e9vias de mau trato e neglig\u00eancia. Crian\u00e7as Em Risco e Perigo: Contextos, Investiga\u00e7\u00e3o e Interven\u00e7\u00e3o, 4, 103\u2013125","journal-title":"Crian\u00e7as Em Risco e Perigo: Contextos, Investiga\u00e7\u00e3o e Interven\u00e7\u00e3o"},{"key":"763_CR34","unstructured":"Matos, P. M., & Fontaine, M. (1992). Family Environment Scale: Adapta\u00e7\u00e3o portuguesa. Manuscrito n\u00e3o publicado, Faculdade de Psicologia e de Ci\u00eancias da Educa\u00e7\u00e3o, Universidade do Porto, Porto, Portugal."},{"issue":"9","key":"763_CR35","doi-asserted-by":"publisher","first-page":"544","DOI":"10.1016\/j.brat.2011.06.003","volume":"49","author":"KA McLaughlin","year":"2011","unstructured":"McLaughlin, K. A., Hatzenbuehler, M. L., Mennin, D. S., & Nolen-Hoeksema, S. (2011). Emotion dysregulation and adolescent psychopathology: A prospective study. Behaviour Research and Therapy, 49(9), 544\u2013554","journal-title":"Behaviour Research and Therapy"},{"issue":"3","key":"763_CR36","doi-asserted-by":"publisher","first-page":"139","DOI":"10.1080\/10478400701512646","volume":"18","author":"M Mikulincer","year":"2007","unstructured":"Mikulincer, M., & Shaver, P. R. (2007). Boosting attachment security to promote mental health, prosocial values, and inter-group tolerance. Psychological Inquiry, 18(3), 139\u2013156","journal-title":"Psychological Inquiry"},{"issue":"9","key":"763_CR37","doi-asserted-by":"publisher","first-page":"1385","DOI":"10.1016\/j.childyouth.2013.05.008","volume":"35","author":"D Miron","year":"2013","unstructured":"Miron, D., Sujan, A., & Middleton, M. (2013). Considering the best interests of infants in foster care placed separately from their siblings. Children and Youth Services Review, 35(9), 1385\u20131392","journal-title":"Children and Youth Services Review"},{"key":"763_CR38","doi-asserted-by":"publisher","first-page":"597","DOI":"10.1007\/s10566-014-9294-6","volume":"44","author":"K Monshouwer","year":"2015","unstructured":"Monshouwer, K., Kepper, A., Eijnden, R. V. D., Koning, I., & Vollebergh, W. (2015). Initiation of substance use by adolescents after one year in residential youth care. Child & Youth Care Forum, 44, 597\u2013611. https:\/\/doi.org\/10.1007\/s10566-014-9294-6","journal-title":"Child & Youth Care Forum"},{"issue":"2\/3","key":"763_CR39","doi-asserted-by":"publisher","first-page":"76","DOI":"10.1108\/09641861211291559","volume":"33","author":"RH Moos","year":"2012","unstructured":"Moos, R. H. (2012). Evaluating the environments of residential care settings. Therapeutic Communities: the International Journal of Therapeutic Communities, 33(2\/3), 76\u201385. https:\/\/doi.org\/10.1108\/09641861211291559","journal-title":"Therapeutic Communities: the International Journal of Therapeutic Communities"},{"key":"763_CR40","volume-title":"Family environment scale manual","author":"RH Moos","year":"1986","unstructured":"Moos, R. H., & Moos, B. S. (1986). Family environment scale manual. Consulting Psychologists Press."},{"issue":"1","key":"763_CR41","first-page":"3","volume":"4","author":"JM Moreira","year":"2006","unstructured":"Moreira, J. M., Lind, W., Santos, M. J., Moreira, A. R., Gomes, M. J., Justo, J. M., Oliveira, A. P., Filipe, L. A., & Faustino, M. (2006). \u201cExperi\u00eancias em rela\u00e7\u00f5es pr\u00f3ximas\u201d, um question\u00e1rio de avalia\u00e7\u00e3o das dimens\u00f5es b\u00e1sicas dos estilos de vincula\u00e7\u00e3o nos adultos: Tradu\u00e7\u00e3o e valida\u00e7\u00e3o para a popula\u00e7\u00e3o Portuguesa. Laborat\u00f3rio De Psicologia, 4(1), 3\u201327","journal-title":"Laborat\u00f3rio De Psicologia"},{"issue":"6","key":"763_CR42","doi-asserted-by":"publisher","first-page":"1347","DOI":"10.1016\/j.adolescence.2009.07.013","volume":"32","author":"MM Moretti","year":"2009","unstructured":"Moretti, M. M., & Obsuth, I. (2009). Effectiveness of an attachment-focused manualized intervention for parents of teens at risk for aggressive behaviour: The Connect Program. Journal of Adolescence, 32(6), 1347\u20131357. https:\/\/doi.org\/10.1016\/j.adolescence.2009.07.013","journal-title":"Journal of Adolescence"},{"issue":"4","key":"763_CR43","doi-asserted-by":"publisher","first-page":"313","DOI":"10.1007\/s10560-015-0429-x","volume":"33","author":"CP Mota","year":"2016","unstructured":"Mota, C. P., Costa, M., & Matos, P. M. (2016). Resilience and deviant behavior among institutionalized adolescents: The relationship with significant adults. Child and Adolescent Social Work Journal, 33(4), 313\u2013325","journal-title":"Child and Adolescent Social Work Journal"},{"issue":"1","key":"763_CR44","doi-asserted-by":"publisher","first-page":"87","DOI":"10.17575\/rpsicol.v32i1.1277","volume":"32","author":"CP Mota","year":"2018","unstructured":"Mota, C. P., Costa, M., & Matos, P. M. (2018). Escola e institui\u00e7\u00e3o: Rela\u00e7\u00f5es significativas e autoconceito de adolescentes em acolhimento residencial. Psicologia, 32(1), 87\u2013100","journal-title":"Psicologia"},{"issue":"2","key":"763_CR45","doi-asserted-by":"publisher","first-page":"245","DOI":"10.14417\/ap.278","volume":"28","author":"CP Mota","year":"2010","unstructured":"Mota, C. P., & Matos, P. M. (2010). Adolescentes institucionalizados: o papel das figuras significativas na predi\u00e7\u00e3o da assertividade, empatia e autocontrolo. An\u00e1lise Psicol\u00f3gica, 28(2), 245\u2013254","journal-title":"An\u00e1lise Psicol\u00f3gica"},{"issue":"1","key":"763_CR46","doi-asserted-by":"publisher","first-page":"87","DOI":"10.1007\/s10212-012-0103-z","volume":"28","author":"CP Mota","year":"2013","unstructured":"Mota, C. P., & Matos, P. M. (2013). Peer attachment, coping, and self-esteem in institutionalized adolescents: The mediating role of social skills. European Journal of Psychology of Education, 28(1), 87\u2013100","journal-title":"European Journal of Psychology of Education"},{"issue":"2","key":"763_CR47","doi-asserted-by":"publisher","first-page":"209","DOI":"10.1007\/s10566-014-9278-6","volume":"44","author":"CP Mota","year":"2014","unstructured":"Mota, C. P., & Matos, P. M. (2014). Adolescents in institutional care: Significant adults, resilience and well-being. Child & Youth Care Forum, 44(2), 209\u2013224. https:\/\/doi.org\/10.1007\/s10566-014-9278-6","journal-title":"Child & Youth Care Forum"},{"key":"763_CR48","doi-asserted-by":"publisher","first-page":"97","DOI":"10.1016\/j.childyouth.2015.06.017","volume":"56","author":"CP Mota","year":"2015","unstructured":"Mota, C. P., & Matos, P. M. (2015). Does sibling relationship matter to self-concept and resilience in adolescents under residential care? Children and Youth Services Review, 56, 97\u2013106","journal-title":"Children and Youth Services Review"},{"issue":"3","key":"763_CR49","doi-asserted-by":"publisher","first-page":"260","DOI":"10.1080\/13229400.2015.1106333","volume":"23","author":"CP Mota","year":"2017","unstructured":"Mota, C. P., Serra, L., Relva, I., & Fernandes, O. M. (2017). Do sibling relationships protect adolescents in residential care and traditional families from developing psychopathologies? Journal of Family Studies, 23(3), 260\u2013277","journal-title":"Journal of Family Studies"},{"key":"763_CR50","first-page":"52","volume":"7","author":"S Neves","year":"2016","unstructured":"Neves, S., Martins, E., Magalh\u00e3es, C., Fernandes, R., & Mendes, F. (2016). Institui\u00e7\u00e3o, regula\u00e7\u00e3o emocional e satisfa\u00e7\u00e3o com a vida numa amostra de adolescentes portugueses. Congresso Internacional De Psicologia Da Crian\u00e7a e Do Adolescente, 7, 52\u201353","journal-title":"Congresso Internacional De Psicologia Da Crian\u00e7a e Do Adolescente"},{"issue":"3","key":"763_CR51","first-page":"52","volume":"69","author":"F Nunes","year":"2017","unstructured":"Nunes, F., & Mota, C. P. (2017). Vincula\u00e7\u00e3o aos pais, compet\u00eancias sociais e idea\u00e7\u00e3o suicida em adolescentes. Arquivos Brasileiros De Psicologia, 69(3), 52\u201365","journal-title":"Arquivos Brasileiros De Psicologia"},{"key":"763_CR52","doi-asserted-by":"publisher","first-page":"334","DOI":"10.1016\/j.childyouth.2014.06.009","volume":"44","author":"X Oriol","year":"2014","unstructured":"Oriol, X., Sala-Roca, J., & Filella, G. (2014). Emotional competences of adolescents in residential care: Analysis of emotional difficulties for intervention. Children and Youth Services Review, 44, 334\u2013340. https:\/\/doi.org\/10.1016\/j.childyouth.2014.06.009","journal-title":"Children and Youth Services Review"},{"issue":"2","key":"763_CR53","doi-asserted-by":"publisher","first-page":"250","DOI":"10.1002\/cpp.2158","volume":"25","author":"CS Pace","year":"2017","unstructured":"Pace, C. S., Di Folco, S., & Guerriero, V. (2017). Late-adoptions in adolescence: Can attachment and emotion regulation influence behaviour problems? A controlled study using a moderation approach. Clinical Psychology & Psychotherapy, 25(2), 250\u2013262. https:\/\/doi.org\/10.1002\/cpp.2158","journal-title":"Clinical Psychology & Psychotherapy"},{"key":"763_CR54","doi-asserted-by":"publisher","first-page":"317","DOI":"10.1016\/j.childyouth.2016.01.007","volume":"61","author":"JN Patr\u00edcio","year":"2016","unstructured":"Patr\u00edcio, J. N., Calheiros, M. M., & Martins, A. C. (2016). Self-representation questionnaire for youths in residential care. Children and Youth Services Review, 61, 317\u2013326","journal-title":"Children and Youth Services Review"},{"issue":"3","key":"763_CR55","doi-asserted-by":"publisher","first-page":"69","DOI":"10.1300\/J007v21n03_04","volume":"21","author":"CS Piotrkowski","year":"2004","unstructured":"Piotrkowski, C. S., & Baker, A. J. L. (2004). Predicting discharge disposition among adolescents in residential treatment. Residential Treatment for Children and Youth, 21(3), 69\u201387","journal-title":"Residential Treatment for Children and Youth"},{"issue":"7","key":"763_CR56","doi-asserted-by":"publisher","first-page":"974","DOI":"10.1016\/j.childyouth.2010.03.022","volume":"32","author":"JL Ringle","year":"2010","unstructured":"Ringle, J. L., Ingram, S. D., & Thompson, R. W. (2010). The association between length of stay in residential care and educational achievement: Results from 5-and 16-year follow-up studies. Children and Youth Services Review, 32(7), 974\u2013980","journal-title":"Children and Youth Services Review"},{"issue":"4","key":"763_CR57","doi-asserted-by":"publisher","first-page":"421","DOI":"10.1007\/s10826-008-9246-6","volume":"18","author":"LR Robinson","year":"2009","unstructured":"Robinson, L. R., Morris, A. S., Heller, S. S., Scheeringa, M. S., Boris, N. W., & Smyke, A. T. (2009). Relations between emotion regulation, parenting, and psychopathology in young maltreated children in out of home care. Journal of Child and Family Studies, 18(4), 421\u2013434","journal-title":"Journal of Child and Family Studies"},{"key":"763_CR58","unstructured":"Rodrigues, S., & Barbosa Ducharne, M. (2017). Current challenges of residential child and youth care in Portugal: The pressing need for residential care quality assessment. In T. Islam & L. Fulcher (Eds.), Residential child and youth care in a developing world - European perspectives (pp. 355\u2013365). CYC-Net Press. ISBN 978-1-928212-24-9."},{"key":"763_CR59","volume-title":"Affect regulation and the origin of the self: the neurobiology of emotional development","author":"A Schore","year":"1994","unstructured":"Schore, A. (1994). Affect regulation and the origin of the self: the neurobiology of emotional development. Lawrence Erlbaum."},{"key":"763_CR60","doi-asserted-by":"publisher","DOI":"10.4324\/9780203830277","volume-title":"The child survivor: Healing developmental trauma and dissociation","author":"JL Silberg","year":"2013","unstructured":"Silberg, J. L. (2013). The child survivor: Healing developmental trauma and dissociation. Routledge."},{"issue":"1","key":"763_CR61","doi-asserted-by":"publisher","first-page":"71","DOI":"10.1590\/S0102-71822006000100010","volume":"18","author":"AC Siqueira","year":"2006","unstructured":"Siqueira, A. C., & Dell\u2019Aglio, D. D. (2006). O impacto da institucionaliza\u00e7\u00e3o na inf\u00e2ncia e na adolesc\u00eancia: Uma revis\u00e3o de literatura. Psicologia e Sociedade S\u00e3o Paulo, 18(1), 71\u201380","journal-title":"Psicologia e Sociedade S\u00e3o Paulo"},{"key":"763_CR62","doi-asserted-by":"crossref","unstructured":"Siqueira, A. C., & Dell\u00b4Aglio, D. D. (2010). Crian\u00e7as e adolescentes institucionalizados: desempenho escolar, satisfa\u00e7\u00e3o de vida e rede de apoio social. Psicologia: Teoria e Pesquisa, 26(3), 407\u2013415.","DOI":"10.1590\/S0102-37722010000300003"},{"key":"763_CR63","unstructured":"Stegge, H., & Terwogt, M. (2009). Awareness and regulation of emotion in typical and atypical development. In J. Gross (Ed.), Handbook of emotion regulation (pp. 269\u2013286). The Guildford Press."},{"issue":"1","key":"763_CR64","doi-asserted-by":"publisher","first-page":"1","DOI":"10.14417\/ap.1245","volume":"36","author":"DN Teixeira","year":"2018","unstructured":"Teixeira, D. N., Silva, S. R., & Henriques, M. R. (2018). Crian\u00e7as em acolhimento residencial: Conte\u00fado tem\u00e1tico das suas narrativas de vida. An\u00e1lise Psicol\u00f3gica, 36(1), 1\u201314. https:\/\/doi.org\/10.14417\/ap.1245","journal-title":"An\u00e1lise Psicol\u00f3gica"},{"key":"763_CR65","doi-asserted-by":"publisher","unstructured":"Van IJzendoorn, M. H., Palacios, J., Sonuga-Barke, E. J. S., Gunnar, M. R., Vorria, P., Mc Call, R. B., Le Mare, L., Bakermans-Kranenburg, M. J., Dobrova-Krol, N. A., & Juffer, F. (2011). Children in institutional care: Delayed development and resilience. Monographs of the Society for Research in Child Development, 76(4), 8\u201330. doi: https:\/\/doi.org\/10.1111\/j.1540-5834.2011.00626.x","DOI":"10.1111\/j.1540-5834.2011.00626.x"},{"issue":"2","key":"763_CR66","first-page":"1","volume":"30","author":"MH Ven\u00e2ncio","year":"2016","unstructured":"Ven\u00e2ncio, M. H., & Clemente, N. V. (2016). Resilience and self-concept of competence in institutionalized and non-institutionalized young people. Psicologia Revista da Associa\u00e7\u00e3o Portuguesa Psicologia, 30(2), 1\u201335","journal-title":"Psicologia Revista da Associa\u00e7\u00e3o Portuguesa Psicologia"},{"issue":"3","key":"763_CR67","doi-asserted-by":"publisher","first-page":"288","DOI":"10.1111\/j.1741-3729.2003.00288.x","volume":"52","author":"JB Whiting","year":"2003","unstructured":"Whiting, J. B., & Lee, R. E. (2003). Voices from the system: A qualitative study of foster children\u2019s stories. Family Relations, 52(3), 288\u2013295","journal-title":"Family Relations"},{"issue":"7","key":"763_CR68","doi-asserted-by":"publisher","first-page":"1071","DOI":"10.1016\/j.childyouth.2013.04.021","volume":"35","author":"AS Wojciak","year":"2013","unstructured":"Wojciak, A. S., McWey, L. M., & Helfrich, C. M. (2013). Sibling relationships and internalizing symptoms of youth in foster care. Children and Youth Services Review, 35(7), 1071\u20131077","journal-title":"Children and Youth Services Review"},{"issue":"1","key":"763_CR69","doi-asserted-by":"publisher","first-page":"1","DOI":"10.1186\/s12888-019-2111-x","volume":"19","author":"A Yazawa","year":"2019","unstructured":"Yazawa, A., Takada, S., Suzuki, H., Fujisawa, T. X., & Tomoda, A. (2019). Association between parental visitation and depressive symptoms among institutionalized children in Japan: A cross-sectional study. BMC Psychiatry, 19(1), 1\u20139","journal-title":"BMC Psychiatry"}],"container-title":["Child and Adolescent Social Work Journal"],"original-title":[],"language":"en","link":[{"URL":"https:\/\/link.springer.com\/content\/pdf\/10.1007\/s10560-021-00763-y.pdf","content-type":"application\/pdf","content-version":"vor","intended-application":"text-mining"},{"URL":"https:\/\/link.springer.com\/article\/10.1007\/s10560-021-00763-y\/fulltext.html","content-type":"text\/html","content-version":"vor","intended-application":"text-mining"},{"URL":"https:\/\/link.springer.com\/content\/pdf\/10.1007\/s10560-021-00763-y.pdf","content-type":"application\/pdf","content-version":"vor","intended-application":"similarity-checking"}],"deposited":{"date-parts":[[2021,5,13]],"date-time":"2021-05-13T13:28:40Z","timestamp":1620912520000},"score":1,"resource":{"primary":{"URL":"https:\/\/link.springer.com\/10.1007\/s10560-021-00763-y"}},"subtitle":[],"short-title":[],"issued":{"date-parts":[[2021,5,13]]},"references-count":69,"alternative-id":["763"],"URL":"https:\/\/doi.org\/10.1007\/s10560-021-00763-y","relation":{},"ISSN":["0738-0151","1573-2797"],"issn-type":[{"value":"0738-0151","type":"print"},{"value":"1573-2797","type":"electronic"}],"subject":[],"published":{"date-parts":[[2021,5,13]]},"assertion":[{"value":"24 April 2021","order":1,"name":"accepted","label":"Accepted","group":{"name":"ArticleHistory","label":"Article History"}},{"value":"13 May 2021","order":2,"name":"first_online","label":"First Online","group":{"name":"ArticleHistory","label":"Article History"}}]}}