{"status":"ok","message-type":"work","message-version":"1.0.0","message":{"indexed":{"date-parts":[[2026,1,16]],"date-time":"2026-01-16T04:11:34Z","timestamp":1768536694616,"version":"3.49.0"},"reference-count":79,"publisher":"Springer Science and Business Media LLC","issue":"1","license":[{"start":{"date-parts":[[2022,2,11]],"date-time":"2022-02-11T00:00:00Z","timestamp":1644537600000},"content-version":"tdm","delay-in-days":0,"URL":"https:\/\/www.springernature.com\/gp\/researchers\/text-and-data-mining"},{"start":{"date-parts":[[2022,2,11]],"date-time":"2022-02-11T00:00:00Z","timestamp":1644537600000},"content-version":"vor","delay-in-days":0,"URL":"https:\/\/www.springernature.com\/gp\/researchers\/text-and-data-mining"}],"funder":[{"name":"fct","award":["FCT funded project CareMe (PTDC\/PSI-ESP\/28653\/2017)"],"award-info":[{"award-number":["FCT funded project CareMe (PTDC\/PSI-ESP\/28653\/2017)"]}]}],"content-domain":{"domain":["link.springer.com"],"crossmark-restriction":false},"short-container-title":["Child Adolesc Soc Work J"],"published-print":{"date-parts":[[2024,2]]},"DOI":"10.1007\/s10560-022-00825-9","type":"journal-article","created":{"date-parts":[[2022,2,17]],"date-time":"2022-02-17T11:19:26Z","timestamp":1645096766000},"page":"33-42","update-policy":"https:\/\/doi.org\/10.1007\/springer_crossmark_policy","source":"Crossref","is-referenced-by-count":7,"title":["The Role of Attachment in the Life Aspirations of Portuguese Adolescents in Residential Care: The Mediating Effect of Emotion Regulation"],"prefix":"10.1007","volume":"41","author":[{"ORCID":"https:\/\/orcid.org\/0000-0003-1814-7425","authenticated-orcid":false,"given":"Catarina Pinheiro","family":"Mota","sequence":"first","affiliation":[]},{"given":"Tatiana","family":"Gon\u00e7alves","sequence":"additional","affiliation":[]},{"ORCID":"https:\/\/orcid.org\/0000-0002-1927-2853","authenticated-orcid":false,"given":"Helena","family":"Carvalho","sequence":"additional","affiliation":[]},{"ORCID":"https:\/\/orcid.org\/0000-0001-8999-8695","authenticated-orcid":false,"given":"M\u00f3nica","family":"Costa","sequence":"additional","affiliation":[]}],"member":"297","published-online":{"date-parts":[[2022,2,11]]},"reference":[{"issue":"6","key":"825_CR1","doi-asserted-by":"publisher","first-page":"1012","DOI":"10.1016\/j.childyouth.2011.01.006","volume":"33","author":"KR Ahrens","year":"2011","unstructured":"Ahrens, K. R., DuBois, D. L., Garrison, M., Spencer, R., Richardson, L. P., & Lozano, P. (2011). Qualitative exploration of relationships with important non-parental adults in the lives of youth in foster care. Children and Youth Services Review, 33(6), 1012\u20131023. https:\/\/doi.org\/10.1016\/j.childyouth.2011.01.006","journal-title":"Children and Youth Services Review"},{"key":"825_CR2","doi-asserted-by":"publisher","first-page":"969","DOI":"10.2307\/1127008","volume":"40","author":"MDS Ainsworth","year":"1969","unstructured":"Ainsworth, M. D. S. (1969). Object relations, dependency, and attachment: Theoretical review of the infant-mother relationship. Child Development, 40, 969\u20131026.","journal-title":"Child Development"},{"issue":"3","key":"825_CR3","doi-asserted-by":"publisher","first-page":"184","DOI":"10.1111\/j.1468-2397.2005.00358.x","volume":"14","author":"AJ Baker","year":"2005","unstructured":"Baker, A. J., Archer, M., & Curtis, P. A. (2005). Age and gender differences in emotional and behavioural problems during the transition to residential treatment: The Odyssey Project. International Journal of Social Welfare, 14(3), 184\u2013194.","journal-title":"International Journal of Social Welfare"},{"issue":"12","key":"825_CR4","doi-asserted-by":"publisher","first-page":"1801","DOI":"10.1080\/03004430.2017.1289190","volume":"188","author":"A Batki","year":"2018","unstructured":"Batki, A. (2018). The impact of early institutional care on emotion regulation: Studying the play narratives of post-institutionalized and early adopted children. Early Child Development and Care, 188(12), 1801\u20131815.","journal-title":"Early Child Development and Care"},{"issue":"1","key":"825_CR5","doi-asserted-by":"publisher","first-page":"258","DOI":"10.1037\/a0017416","volume":"46","author":"SJ Beal","year":"2010","unstructured":"Beal, S. J., & Crockett, L. J. (2010). Adolescent\u2019s occupational and educational aspirations and expectations: links to high school activities and adult educational attainment. Developmental Psychology, 46(1), 258\u2013265. https:\/\/doi.org\/10.1037\/a0017416","journal-title":"Developmental Psychology"},{"issue":"1","key":"825_CR6","doi-asserted-by":"publisher","first-page":"21","DOI":"10.14417\/ap.40","volume":"27","author":"R Benavente","year":"2009","unstructured":"Benavente, R., Justo, J., & Ver\u00edssimo, M. (2009). Os efeitos dos maus-tratos e da neglig\u00eancia sobre as representa\u00e7\u00f5es da vincula\u00e7\u00e3o em crian\u00e7as de idade pr\u00e9-escolar. An\u00e1lise Psicol\u00f3gica, 27(1), 21\u201331.","journal-title":"An\u00e1lise Psicol\u00f3gica"},{"key":"825_CR7","doi-asserted-by":"publisher","DOI":"10.1002\/9781118619179","volume-title":"Structural equations with latent variables","author":"KA Bollen","year":"1989","unstructured":"Bollen, K. A. (1989). Structural equations with latent variables. Wiley."},{"key":"825_CR8","volume-title":"Attachment and loss","author":"J Bowlby","year":"1969","unstructured":"Bowlby, J. (1969). Attachment and loss. Penguin."},{"issue":"10","key":"825_CR9","doi-asserted-by":"publisher","first-page":"844","DOI":"10.1037\/0003-066X.34.10.844","volume":"34","author":"U Bronfenbrenner","year":"1979","unstructured":"Bronfenbrenner, U. (1979). Contexts of child rearing: Problems and prospects. American Psychologist, 34(10), 844\u2013850.","journal-title":"American Psychologist"},{"key":"825_CR10","doi-asserted-by":"publisher","first-page":"158","DOI":"10.1037\/0022-3514.78.1.158","volume":"78","author":"A Caspi","year":"2000","unstructured":"Caspi, A. (2000). The child is father to the man: Personality continuities from childhood to adulthood. Journal of Personality and Social Psychology, 78, 158\u2013172. https:\/\/doi.org\/10.1037\/0022-3514.78.1.158","journal-title":"Journal of Personality and Social Psychology"},{"key":"825_CR11","doi-asserted-by":"publisher","first-page":"228","DOI":"10.1111\/j.1540-5834.1994.tb01287.x","volume":"59","author":"J Cassidy","year":"1994","unstructured":"Cassidy, J. (1994). Emotion regulation: Influences of attachment relationships. Monographs of the Society for Research in Child Development, 59, 228\u2013283.","journal-title":"Monographs of the Society for Research in Child Development"},{"issue":"68","key":"825_CR12","doi-asserted-by":"publisher","first-page":"75","DOI":"10.7213\/psicol.argum.5885","volume":"30","author":"LIC Cavalcante","year":"2017","unstructured":"Cavalcante, L. I. C., & Magalh\u00e3es, C. M. C. (2017). Rela\u00e7\u00f5es de apego no contexto da institucionaliza\u00e7\u00e3o na inf\u00e2ncia e da ado\u00e7\u00e3o tardia. Psicologia Argumento, 30(68), 75\u201385.","journal-title":"Psicologia Argumento"},{"key":"825_CR13","doi-asserted-by":"publisher","unstructured":"Carvalho, H., Mota, C. P., Santos, B., Costa, M., & Matos, P. M. (in press). From chaos to normalization and deconfinement: What did the pandemic unveiled in youth residential care. Child and Adolescent Social Work Journal. https:\/\/doi.org\/10.1007\/s10560-021-00808-2","DOI":"10.1007\/s10560-021-00808-2"},{"key":"825_CR14","doi-asserted-by":"publisher","unstructured":"Concei\u00e7\u00e3o, A., & Carvalho, M. (2014). Problemas emocionais e comportamentais em jovens: rela\u00e7\u00f5es com o temperamento, as estrat\u00e9gias de coping e de regula\u00e7\u00e3o emocional e a identifica\u00e7\u00e3o de express\u00f5es faciais. Psychologica, 56, 83\u2013100. https:\/\/doi.org\/10.14195\/1647-8606_56_5","DOI":"10.14195\/1647-8606_56_5"},{"key":"825_CR15","doi-asserted-by":"publisher","first-page":"1","DOI":"10.1017\/SJP.2020.22","volume":"23","author":"M Costa","year":"2020","unstructured":"Costa, M., Matos, P. M., & Mota, C. P. (2020). Validation of a portuguese version of the Aspiration Index for Adolescents (AI). The Spanish Journal of Psychology, 23, 1\u201310. https:\/\/doi.org\/10.1017\/SJP.2020.22","journal-title":"The Spanish Journal of Psychology"},{"key":"825_CR16","doi-asserted-by":"publisher","DOI":"10.1080\/13575279.2019.1680533","author":"M Costa","year":"2019","unstructured":"Costa, M., Mota, C. P., & Matos, P. M. (2019). Predictors of psychosocial adjustment in adolescents in residential care: A systematic review. Child Care in Practice. https:\/\/doi.org\/10.1080\/13575279.2019.1680533","journal-title":"Child Care in Practice"},{"key":"825_CR17","unstructured":"Courtney, M. E., Dworsky, A. L., Cusick, G. R., Havlicek, J., Perez, A., & Keller, T. E. (2007). Midwest evaluation of the adult functioning of former foster youth: outcomes at age 21. Chapin Hall Center."},{"issue":"4","key":"825_CR18","doi-asserted-by":"publisher","first-page":"145","DOI":"10.1590\/S0101-60832010000400001","volume":"37","author":"J Coutinho","year":"2010","unstructured":"Coutinho, J., Ribeiro, E., Ferreirinha, R., & Dias, P. (2010). Vers\u00e3o portuguesa da Escala de Dificuldades de Regula\u00e7\u00e3o Emocional e sua rela\u00e7\u00e3o com sintomas psicopatol\u00f3gicos [The Portuguese version of the Difficulties in Emotion Regulation Scale and its relationship with psychopathological symptoms]. Revista Psiquiatria Cl\u00ednica, 37(4), 145\u2013151.","journal-title":"Revista Psiquiatria Cl\u00ednica"},{"key":"825_CR19","doi-asserted-by":"publisher","first-page":"1","DOI":"10.1016\/j.jcrimjus.2017.06.006","volume":"52","author":"C Cuevas","year":"2017","unstructured":"Cuevas, C., Wolff, K. T., & Baglivio, M. T. (2017). Self-efficacy, aspirations, and residential placement outcomes: Why belief in a prosocial self matters. Journal of Criminal Justice, 52, 1\u201311. https:\/\/doi.org\/10.1016\/j.jcrimjus.2017.06.006","journal-title":"Journal of Criminal Justice"},{"issue":"9","key":"825_CR20","doi-asserted-by":"publisher","first-page":"1720","DOI":"10.1016\/j.childyouth.2011.04.033","volume":"33","author":"P Creed","year":"2011","unstructured":"Creed, P., Tilbury, C., Buys, N., & Crawford, M. (2011). The career aspirations and action behaviors of Australian adolescents in out-of-home-care. Children and Youth Services Review, 33(9), 1720\u20131729.","journal-title":"Children and Youth Services Review"},{"issue":"1","key":"825_CR21","first-page":"12","volume":"57","author":"JX Dalbem","year":"2005","unstructured":"Dalbem, J. X., & Dell\u2019Aglio, D. D. (2005). Teoria do apego: Bases conceituais e desenvolvimento dos modelos internos de funcionamento. Arquivos Brasileiros De Psicologia, 57(1), 12\u201324.","journal-title":"Arquivos Brasileiros De Psicologia"},{"key":"825_CR22","doi-asserted-by":"crossref","unstructured":"Dell'Aglio, D. D., & Hutz, C. S. (2004). Depress\u00e3o e desempenho escolar em crian\u00e7as e adolescentes institucionalizados. Psicologia: Reflex\u00e3o e Cr\u00edtica, 17(3), 351\u2013357.","DOI":"10.1590\/S0102-79722004000300008"},{"key":"825_CR23","doi-asserted-by":"publisher","unstructured":"D\u00b4Aroz, M., & Stoltz, T. (2012). O cuidado institucional na vis\u00e3o de adolescentes acolhidos.\u00a0Revista Brasileira Adolesc\u00eancia e Conflitualidade, (6), 198\u2013220. https:\/\/doi.org\/10.17921\/2176-5626.n6p%25p","DOI":"10.17921\/2176-5626.n6p%25p"},{"key":"825_CR24","doi-asserted-by":"publisher","unstructured":"Delgado, P., & Gers\u00e3o, E. (2018). O acolhimento de crian\u00e7as e jovens no novo quadro legal: Novos discursos, novas pr\u00e1ticas? [The residential care of children and young people in the new legal framework: New discourses, new practices?] An\u00e1lise Social, https:\/\/doi.org\/10.31447\/AS00032573.2018226.05","DOI":"10.31447\/AS00032573.2018226.05"},{"issue":"8","key":"825_CR25","doi-asserted-by":"publisher","first-page":"1379","DOI":"10.1016\/j.adolescence.2014.09.014","volume":"37","author":"J Derks","year":"2014","unstructured":"Derks, J., Lee, N. C., & Krabbendam, L. (2014). Adolescent trust and trustworthiness: Role of gender and social value orientation. Journal of Adolescence, 37(8), 1379\u20131386. https:\/\/doi.org\/10.1016\/j.adolescence.2014.09.014","journal-title":"Journal of Adolescence"},{"issue":"1","key":"825_CR26","doi-asserted-by":"publisher","first-page":"34","DOI":"10.1037\/0003-066X.55.1.34","volume":"55","author":"E Diener","year":"2000","unstructured":"Diener, E. (2000). Subjective well-being: The science of happiness and a proposal for a national index. American Psychologist, 55(1), 34\u201343.","journal-title":"American Psychologist"},{"key":"825_CR27","doi-asserted-by":"publisher","first-page":"81","DOI":"10.1590\/1982-43272663201610","volume":"63","author":"A Fernandes","year":"2016","unstructured":"Fernandes, A., & Oliveira-Monteiro, N. (2016). Psychological indicators and perceptions of adolescents in residential care. Paid\u00e9ia, 63, 81\u201389. https:\/\/doi.org\/10.1590\/1982-43272663201610","journal-title":"Paid\u00e9ia"},{"issue":"3","key":"825_CR28","doi-asserted-by":"publisher","first-page":"615","DOI":"10.1037\/a0022898","volume":"23","author":"RC Fraley","year":"2011","unstructured":"Fraley, R. C., Heffernan, M. E., Vicary, A. M., & Brumbaugh, C. C. (2011). The experiences in close relationships \u2013 Relationship structures questionnaire: A method for assessing attachment orientations across relationships. Psychological Assessment, 23(3), 615\u2013625. https:\/\/doi.org\/10.1037\/a0022898","journal-title":"Psychological Assessment"},{"key":"825_CR29","doi-asserted-by":"publisher","unstructured":"Franco, M. D. G. S. D., Costa, E., & Santos, N. N. (2015). Desenvolvimento da compreens\u00e3o emocional.\u00a0Psicologia: Teoria e Pesquisa,\u00a031(3), 339\u2013348. https:\/\/doi.org\/10.1590\/0102-37722015032099339348","DOI":"10.1590\/0102-37722015032099339348"},{"issue":"5","key":"825_CR30","doi-asserted-by":"publisher","first-page":"184","DOI":"10.1590\/S0101-60832011000500003","volume":"38","author":"T Freire","year":"2011","unstructured":"Freire, T., & Tavares, D. (2011). Influ\u00eancia da autoestima, da regula\u00e7\u00e3o emocional e do g\u00eanero no bem-estar subjetivo e psicol\u00f3gico de adolescentes. Archives of Clinical Psychiatry, 38(5), 184\u2013188.","journal-title":"Archives of Clinical Psychiatry"},{"key":"825_CR31","unstructured":"Galinha, I. C. (2010). Bem-estar subjectivo: factores cognitivos, afectivos e contextuais. Placebo."},{"issue":"1","key":"825_CR32","doi-asserted-by":"publisher","first-page":"59","DOI":"10.1590\/0103-56652015000100004","volume":"27","author":"JPM Gaspar","year":"2015","unstructured":"Gaspar, J. P. M., Santos, E. J., & Alcoforado, J. L. M. (2015). Desafios da autonomiza\u00e7\u00e3o: Estudo das transi\u00e7\u00f5es segundo jovens adultos ex institucionalizados. Psicologia Cl\u00ednica, 27(1), 59\u201381. https:\/\/doi.org\/10.1590\/0103-56652015000100004","journal-title":"Psicologia Cl\u00ednica"},{"issue":"1","key":"825_CR33","first-page":"91","volume":"16","author":"J Gon\u00e7alves","year":"2013","unstructured":"Gon\u00e7alves, J., Moura, F., Jr., Dell\u2019Aglio, D., & Castell\u00e1 Sarriera, J. (2013). Expectativas quanto ao futuro de adolescentes em diferentes contextos. Acta Colombiana De Psicologia, 16(1), 91\u2013100.","journal-title":"Acta Colombiana De Psicologia"},{"issue":"5","key":"825_CR34","doi-asserted-by":"publisher","first-page":"650","DOI":"10.1007\/s10964-012-9759-6","volume":"41","author":"A Gorrese","year":"2012","unstructured":"Gorrese, A., & Ruggieri, R. (2012). Peer attachment: A meta-analytic review of gender and age differences and associations with parent attachment. Journal of Youth and Adolescence, 41(5), 650\u2013672. https:\/\/doi.org\/10.1007\/s10964-012-9759-6","journal-title":"Journal of Youth and Adolescence"},{"issue":"1","key":"825_CR35","doi-asserted-by":"publisher","first-page":"41","DOI":"10.1023\/B:JOBA.0000007455.08539.94","volume":"26","author":"KL Gratz","year":"2004","unstructured":"Gratz, K. L., & Roemer, L. (2004). Multidimensional assessment of emotion regulation and dysregulation: Development, factor structure and initial validation of the difficulties in emotion regulation scale. Journal of Psychopathology and Behavioral Assessment, 26(1), 41\u201354.","journal-title":"Journal of Psychopathology and Behavioral Assessment"},{"issue":"2","key":"825_CR36","doi-asserted-by":"publisher","first-page":"348","DOI":"10.1037\/0022-3514.85.2.348","volume":"85","author":"JJ Gross","year":"2003","unstructured":"Gross, J. J., & John, O. P. (2003). Individual differences in two emotion regulation processes: Implications for affect, relationships, and well-being. Journal of Personality and Social Psychology, 85(2), 348\u2013362.","journal-title":"Journal of Personality and Social Psychology"},{"issue":"3","key":"825_CR37","doi-asserted-by":"publisher","first-page":"378","DOI":"10.1525\/eth.2005.33.3.378","volume":"33","author":"MM Hughes","year":"2005","unstructured":"Hughes, M. M., Blom, M., Rohner, R. P., & Britner, P. A. (2005). Bridging parental acceptance-rejection theory and attachment theory in the preschool strange situation. Ethos, 33(3), 378\u2013401.","journal-title":"Ethos"},{"key":"825_CR38","unstructured":"Instituto de Seguran\u00e7a Social, I.P. (2020). CASA 2019 \u2013 Relat\u00f3rio de Caracteriza\u00e7\u00e3o Anual da Situa\u00e7\u00e3o de Acolhimento das Crian\u00e7as e Jovens [The Children and Young People's Annual Childcare Status Report]. ISSIP. https:\/\/www.seg-social.pt\/documents\/10152\/17405298\/Relat\u00f3rio%20CASA%202019\/0bf7ca2b-d8a9-44d2-bff7-df1f111dc7ee"},{"key":"825_CR39","unstructured":"Instituto de Seguran\u00e7a Social, I.P. (2021). CASA 2020 \u2013 Relat\u00f3rio de Caracteriza\u00e7\u00e3o Anual da Situa\u00e7\u00e3o de Acolhimento das Crian\u00e7as e Jovens [The Children and Young People's Annual Childcare Status Report]. ISSIP. https:\/\/www.seg-social.pt\/documents\/10152\/13200\/CASA+2020.pdf\/b7f02f58-2569-4165-a5ab-bed9efdb2653"},{"issue":"3","key":"825_CR40","doi-asserted-by":"publisher","first-page":"280","DOI":"10.1177\/0146167296223006","volume":"22","author":"T Kasser","year":"1996","unstructured":"Kasser, T., & Ryan, R. M. (1996). Further examining the American dream: Differential correlates of intrinsic and extrinsic goals. Personality and Social Psychology Bulletin, 22(3), 280\u2013287.","journal-title":"Personality and Social Psychology Bulletin"},{"issue":"1","key":"825_CR41","doi-asserted-by":"publisher","first-page":"1","DOI":"10.1007\/s11031-013-9371-4","volume":"38","author":"T Kasser","year":"2014","unstructured":"Kasser, T., Rosenblum, K. L., Sameroff, A. J., Deci, E. L., Niemiec, C. P., Ryan, R. M., & Hawks, S. (2014). Changes in materialism, changes in psychological well- being: Evidence from three longitudinal studies and an intervention experiment. Motivation and Emotion, 38(1), 1\u201322. https:\/\/doi.org\/10.1007\/s11031-013-9371-4","journal-title":"Motivation and Emotion"},{"issue":"6","key":"825_CR42","doi-asserted-by":"publisher","first-page":"706","DOI":"10.1111\/j.1469-7610.2009.02202.x","volume":"51","author":"J Kim","year":"2010","unstructured":"Kim, J., & Cicchetti, D. (2010). Longitudinal pathways linking child maltreatment, emotion regulation, peer relations, and psychopathology. Journal of Child Psychology and Psychiatry, 51(6), 706\u2013716.","journal-title":"Journal of Child Psychology and Psychiatry"},{"issue":"5","key":"825_CR43","doi-asserted-by":"publisher","first-page":"1185","DOI":"10.1016\/j.paid.2007.03.010","volume":"43","author":"D Laible","year":"2007","unstructured":"Laible, D. (2007). Attachment with parents and peers in late adolescence: Links with emotional competence and social behavior. Personality and Individual Differences, 43(5), 1185\u20131197.","journal-title":"Personality and Individual Differences"},{"issue":"1","key":"825_CR44","first-page":"1","volume":"33","author":"SDCA Lemos","year":"2017","unstructured":"Lemos, S. D. C. A. (2017). Os v\u00ednculos afetivos no contexto de acolhimento institucional: um estudo de campo. Psicologia Teoria e Pesquisa, 33(1), 1\u201310.","journal-title":"Psicologia Teoria e Pesquisa"},{"issue":"5","key":"825_CR45","doi-asserted-by":"publisher","first-page":"653","DOI":"10.1177\/1524838017726427","volume":"20","author":"D Li","year":"2017","unstructured":"Li, D., Chng, G. S., & Chu, C. M. (2017). Comparing long-term placement outcomes of residential and family foster care: A meta-analysis. Trauma, Violence, & Abuse, 20(5), 653\u2013664. https:\/\/doi.org\/10.1177\/1524838017726427","journal-title":"Trauma, Violence, & Abuse"},{"issue":"1","key":"825_CR46","doi-asserted-by":"publisher","first-page":"1","DOI":"10.14195\/1647-8606_60-1_4","volume":"60","author":"A Lino","year":"2017","unstructured":"Lino, A., & Nobre-Lima, L. (2017). Emotional dysregulation as a predictor of peer attachment perceptions of adolescents in residential care. Psychologica, 60(1), 1\u201328.","journal-title":"Psychologica"},{"key":"825_CR47","doi-asserted-by":"publisher","first-page":"113","DOI":"10.1037\/1528-3542.5.1.113","volume":"5","author":"PN Lopes","year":"2005","unstructured":"Lopes, P. N., Salovey, P., C\u00f4t\u00e9, S., & Beers, M. (2005). Emotion regulation ability and the quality of social interaction. Emotion, 5, 113\u2013118.","journal-title":"Emotion"},{"issue":"4","key":"825_CR48","doi-asserted-by":"publisher","first-page":"421","DOI":"10.1016\/j.dr.2008.03.002","volume":"28","author":"EK Massey","year":"2008","unstructured":"Massey, E. K., Gebhardt, W. A., & Garnefski, N. (2008). Adolescent goal content and pursuit: A review of the literature from the past 16 years. Review of Development, 28(4), 421\u2013460. https:\/\/doi.org\/10.1016\/j.dr.2008.03.002","journal-title":"Review of Development"},{"key":"825_CR49","doi-asserted-by":"publisher","first-page":"133","DOI":"10.1016\/j.childyouth.2016.05.023","volume":"67","author":"E Melkman","year":"2016","unstructured":"Melkman, E., Refaeli, T., & Benbenishty, R. (2016). An empirical test of a model of academic expectations among youth in residential care. Children and Youth Services Review, 67, 133\u2013141. https:\/\/doi.org\/10.1016\/j.childyouth.2016.05.023","journal-title":"Children and Youth Services Review"},{"key":"825_CR50","doi-asserted-by":"publisher","DOI":"10.5027\/vol.21-issue1-fulltext-2286","author":"MF Morais","year":"2022","unstructured":"Morais, M. F., Santos, B., Mota, C. P., Matos, P. M., Costa, M., & Carvalho, H. (2022). Adolesc\u00eancia e sa\u00fade mental no acolhimento residencial: Retrato de uma d\u00e9cada em Portugal [Adolescence and mental health in residential care: Portrait of a decade in Portugal]. Psicoperspectivas. https:\/\/doi.org\/10.5027\/vol.21-issue1-fulltext-2286","journal-title":"Psicoperspectivas"},{"key":"825_CR51","doi-asserted-by":"publisher","first-page":"22","DOI":"10.1080\/00223891.2014.950377","volume":"97","author":"H Moreira","year":"2015","unstructured":"Moreira, H., Martins, T., Gouveia, M. J., & Canavarro, M. C. (2015). Assessing adult attachment across different contexts: Validation of the Portuguese version of the experiences in close relationships \u2013 Relationship structures questionnaire. Journal of Personality Assessment, 97, 22\u201330. https:\/\/doi.org\/10.1080\/00223891.2014.950377","journal-title":"Journal of Personality Assessment"},{"issue":"5","key":"825_CR52","doi-asserted-by":"publisher","first-page":"999","DOI":"10.1037\/a0029237","volume":"49","author":"J Morgan","year":"2013","unstructured":"Morgan, J., & Robinson, O. (2013). Intrinsic aspirations and personal meaning across adulthood: Conceptual interrelations and age\/sex differences. Developmental Psychology, 49(5), 999\u20131010. https:\/\/doi.org\/10.1037\/a0029237","journal-title":"Developmental Psychology"},{"issue":"2","key":"825_CR53","doi-asserted-by":"publisher","first-page":"361","DOI":"10.1111\/j.1467-9507.2007.00389.x","volume":"16","author":"AS Morris","year":"2007","unstructured":"Morris, A. S., Silk, J. S., Steinberg, L., Myers, S. S., & Robinson, L. R. (2007). The role of the family context in the development of emotion regulation. Social Development, 16(2), 361\u2013388.","journal-title":"Social Development"},{"issue":"4","key":"825_CR54","doi-asserted-by":"publisher","first-page":"313","DOI":"10.1007\/s10560-015-0429-x","volume":"33","author":"CP Mota","year":"2016","unstructured":"Mota, C. P., Costa, M., & Matos, P. M. (2016). Resilience and deviant behavior among institutionalized adolescents: The relationship with significant adults. Child and Adolescent Social Work Journal, 33(4), 313\u2013325. https:\/\/doi.org\/10.1007\/s10560-015-0429-x","journal-title":"Child and Adolescent Social Work Journal"},{"issue":"3","key":"825_CR55","doi-asserted-by":"publisher","first-page":"367","DOI":"10.1590\/S0102-71822008000300007","volume":"20","author":"CP Mota","year":"2008","unstructured":"Mota, C. P., & Matos, P. M. (2008). Adolesc\u00eancia e institucionaliza\u00e7\u00e3o numa perspetiva de vincula\u00e7\u00e3o. Psicologia e Sociedade, 20(3), 367\u2013377.","journal-title":"Psicologia e Sociedade"},{"issue":"2","key":"825_CR56","doi-asserted-by":"publisher","first-page":"245","DOI":"10.14417\/ap.278","volume":"28","author":"CP Mota","year":"2010","unstructured":"Mota, C. P., & Matos, P. M. (2010). Adolescentes institucionalizados: O papel das figuras significativas na predi\u00e7\u00e3o da assertividade, empatia e autocontrolo. An\u00e1lise Psicol\u00f3gica, 28(2), 245\u2013254.","journal-title":"An\u00e1lise Psicol\u00f3gica"},{"issue":"2","key":"825_CR57","doi-asserted-by":"publisher","first-page":"209","DOI":"10.1007\/s10566-014-9278-6","volume":"44","author":"CP Mota","year":"2015","unstructured":"Mota, C. P., & Matos, P. M. (2015). Adolescents in institutional care: Significant adults, resilience, and well-being. Child and Youth Care Forum, 44(2), 209\u2013224. https:\/\/doi.org\/10.1007\/s10566-014-9278-6","journal-title":"Child and Youth Care Forum"},{"issue":"4","key":"825_CR58","doi-asserted-by":"publisher","first-page":"425","DOI":"10.14417\/ap.1142","volume":"35","author":"CP Mota","year":"2017","unstructured":"Mota, C. P., & Oliveira, I. (2017). O suporte social e a personalidade s\u00e3o significativos para os objetivos de vida de adolescentes de diferentes configura\u00e7\u00f5es familiares? An\u00e1lise Psicol\u00f3gica, 35(4), 425\u2013438.","journal-title":"An\u00e1lise Psicol\u00f3gica"},{"key":"825_CR59","unstructured":"Neves, S., Martins, E., Magalh\u00e3es, C., Fernandes, R., & Mendes, F. (2016). Institui\u00e7\u00e3o, regula\u00e7\u00e3o emocional e satisfa\u00e7\u00e3o com a vida numa amostra de adolescentes portugueses. In\u00a0Congresso Internacional de Psicologia da Crian\u00e7a e do Adolescente, (pp. 52\u201353)."},{"issue":"1","key":"825_CR60","doi-asserted-by":"publisher","first-page":"1","DOI":"10.1016\/0273-2297(91)90002-6","volume":"11","author":"JE Nurmi","year":"1991","unstructured":"Nurmi, J. E. (1991). How do adolescents see their future? A review of the development of future orientation and planning. Developmental Review, 11(1), 1\u201359.","journal-title":"Developmental Review"},{"issue":"5","key":"825_CR61","doi-asserted-by":"publisher","first-page":"498","DOI":"10.1016\/j.paid.2009.04.028","volume":"47","author":"JE Nurmi","year":"2009","unstructured":"Nurmi, J. E., Salmela-Aro, K., & Aunola, K. (2009). Personal goal appraisals vary across both individuals and goal contents. Personality and Individual Differences, 47(5), 498\u2013503.","journal-title":"Personality and Individual Differences"},{"issue":"2","key":"825_CR62","doi-asserted-by":"publisher","first-page":"376","DOI":"10.1111\/1467-8624.00151","volume":"71","author":"TG O\u2019Connor","year":"2000","unstructured":"O\u2019Connor, T. G., Rutter, M., Beckett, C., Keaveney, L., & Kreppner, J. M. (2000). The effects of global severe privation on cognitive competence: Extension and longitudinal follow-up. Child Development, 71(2), 376\u2013390.","journal-title":"Child Development"},{"key":"825_CR63","doi-asserted-by":"publisher","first-page":"334","DOI":"10.1016\/j.childyouth.2014.06.009","volume":"44","author":"X Oriol","year":"2014","unstructured":"Oriol, X., Sala-Roca, J., & Filella, G. (2014). Emotional competences of adolescents in residential care: analysis of emotional difficulties for intervention. Children and Youth Services Review, 44, 334\u2013340. https:\/\/doi.org\/10.1016\/j.childyouth.2014.06.009","journal-title":"Children and Youth Services Review"},{"issue":"2","key":"825_CR64","doi-asserted-by":"publisher","first-page":"107","DOI":"10.1037\/1089-2680.4.2.107","volume":"4","author":"PR Pietromonaco","year":"2000","unstructured":"Pietromonaco, P. R., & Barrett, L. F. (2000). Attachment theory as an organizing framework: A view from different levels of analysis. Review of General Psychology, 4(2), 107\u2013110.","journal-title":"Review of General Psychology"},{"issue":"4","key":"825_CR65","doi-asserted-by":"publisher","first-page":"509","DOI":"10.14417\/ap.244","volume":"27","author":"J Pinhel","year":"2009","unstructured":"Pinhel, J., Torres, N., & Maia, J. (2009). Crian\u00e7as institucionalizadas e crian\u00e7as em meio familiar de vida: Representa\u00e7\u00f5es de vincula\u00e7\u00e3o e problemas de comportamento associado. An\u00e1lise Psicol\u00f3gica, 27(4), 509\u2013521.","journal-title":"An\u00e1lise Psicol\u00f3gica"},{"issue":"7","key":"825_CR66","doi-asserted-by":"publisher","first-page":"974","DOI":"10.1016\/j.childyouth.2010.03.022","volume":"32","author":"JL Ringle","year":"2010","unstructured":"Ringle, J. L., Ingram, S. D., & Thompson, R. W. (2010). The association between length of stay in residential care and educational achievement: Results from 5-and 16-year follow-up studies. Children and Youth Services Review, 32(7), 974\u2013980. https:\/\/doi.org\/10.1016\/j.childyouth.2010.03.022","journal-title":"Children and Youth Services Review"},{"issue":"4","key":"825_CR67","doi-asserted-by":"publisher","first-page":"421","DOI":"10.1007\/s10826-008-9246-6","volume":"18","author":"LR Robinson","year":"2009","unstructured":"Robinson, L. R., Morris, A. S., Heller, S. S., Scheeringa, M. S., Boris, N. W., & Smyke, A. T. (2009). Relations between emotion regulation, parenting, and psychopathology in young maltreated children in out of home care. Journal of Child and Family Studies, 18(4), 421\u2013434.","journal-title":"Journal of Child and Family Studies"},{"issue":"1","key":"825_CR68","doi-asserted-by":"publisher","first-page":"98","DOI":"10.1037\/0033-2909.132.1.98","volume":"132","author":"AJ Rose","year":"2006","unstructured":"Rose, A. J., & Rudolph, K. D. (2006). A review of sex differences in peer relationship processes: Potential trade-offs for the emotional and behavioral development of girls and boys. Psychological Bulletin, 132(1), 98\u2013131.","journal-title":"Psychological Bulletin"},{"issue":"7","key":"825_CR69","doi-asserted-by":"publisher","first-page":"1823","DOI":"10.1093\/bjsw\/bct047","volume":"44","author":"J Shaw","year":"2014","unstructured":"Shaw, J. (2014). Why do young people offend in children\u2019s homes? Research, theory and practice. British Journal of Social Work, 44(7), 1823\u20131839. https:\/\/doi.org\/10.1093\/bjsw\/bct047","journal-title":"British Journal of Social Work"},{"key":"825_CR71","doi-asserted-by":"publisher","DOI":"10.1007\/b106810","volume-title":"Future orientation: Developmental and ecological perspectives","author":"R Seginer","year":"2009","unstructured":"Seginer, R. (2009). Future orientation: Developmental and ecological perspectives. Springer Science & Business Media."},{"issue":"4","key":"825_CR72","doi-asserted-by":"publisher","first-page":"1311","DOI":"10.9788\/TP2016.4-07","volume":"24","author":"AR Silva","year":"2016","unstructured":"Silva, A. R., Melo, O., & Mota, C. P. (2016). Suporte social e individua\u00e7\u00e3o em jovens de diferentes configura\u00e7\u00f5es familiares. Temas Em Psicologia, 24(4), 1311\u20131327.","journal-title":"Temas Em Psicologia"},{"issue":"2","key":"825_CR73","first-page":"149","volume":"40","author":"AC Siqueira","year":"2006","unstructured":"Siqueira, A. C., Betts, M. K., & Dell\u2019Aglio, D. D. (2006). A rede de apoio social e afetivo de adolescentes institucionalizados no sul do Brasil. Revista Interamericana De Psicologia, 40(2), 149\u2013158.","journal-title":"Revista Interamericana De Psicologia"},{"key":"825_CR74","doi-asserted-by":"publisher","first-page":"1134","DOI":"10.1016\/j.childyouth.2011.02.006","volume":"33","author":"Y Sulimani-Aidan","year":"2011","unstructured":"Sulimani-Aidan, Y., & Benbenishty, R. (2011). Future expectations of adolescents in residential care in Israel. Children and Youth Services Review, 33, 1134\u20131141. https:\/\/doi.org\/10.1016\/j.childyouth.2011.02.006","journal-title":"Children and Youth Services Review"},{"key":"825_CR75","doi-asserted-by":"publisher","first-page":"401","DOI":"10.4324\/9781351264402-35","volume-title":"The Routledge handbook of critical social work","author":"J Thoburn","year":"2019","unstructured":"Thoburn, J., & Featherstone, B. (2019). Adoption, child rescue, maltreatment and poverty\u2019. In S. A. Webb (Ed.), The Routledge handbook of critical social work (pp. 401\u2013411). Routledge."},{"issue":"240","key":"825_CR76","doi-asserted-by":"publisher","first-page":"25","DOI":"10.1111\/j.1540-5834.1994.tb01276.x","volume":"59","author":"RA Thompson","year":"1994","unstructured":"Thompson, R. A. (1994). Emotion regulation: A theme in search of definition. Monographs of the Society for Research in Child Development, 59(240), 25\u201352.","journal-title":"Monographs of the Society for Research in Child Development"},{"key":"825_CR77","doi-asserted-by":"publisher","unstructured":"Van IJzendoorn, M. H., Palacios, J., Sonuga-Barke, E. J. S., Gunnar, M. R., Vorria, P., McCall, R. B., Juffer, F. (2011). Children in institutional care: Delayed developmentand resilience. In R. B. Mc Call, M. H. van IJzendoorn, F. Juffer, C. J. Groark, & V. K.Groza (Eds.), Children without permanent parents: Research, practice and policy. Monographs of the Society for Research in Child Development, 76(4), 8\u201330. https:\/\/doi.org\/10.1111\/j.1540-5834.2011.00626.x","DOI":"10.1111\/j.1540-5834.2011.00626.x"},{"issue":"6","key":"825_CR78","doi-asserted-by":"publisher","first-page":"779","DOI":"10.1080\/17439760.2020.1818809","volume":"16","author":"S Yamasaki","year":"2021","unstructured":"Yamasaki, S., Nishida, A., Ando, S., Murayama, K., Hiraiwa-Hasegawa, M., Kasai, K., & Richards, M. (2021). Interaction of adolescent aspirations and self-control on wellbeing in old age: Evidence from a six-decade longitudinal UK birth cohort. The Journal of Positive Psychology, 16(6), 779\u2013788. https:\/\/doi.org\/10.1080\/17439760.2020.1818809","journal-title":"The Journal of Positive Psychology"},{"key":"825_CR79","first-page":"197","volume-title":"Ecologia do desenvolvimento humano: Pesquisa e interven\u00e7\u00f5es no Brasil","author":"MA Yunes","year":"2004","unstructured":"Yunes, M. A., Miranda, A. T., & Cuello, S. S. (2004). Um olhar ecol\u00f3gico para os riscos e as oportunidades de desenvolvimento de crian\u00e7as e adolescentes institucionalizados. In S. Koller (Ed.), Ecologia do desenvolvimento humano: Pesquisa e interven\u00e7\u00f5es no Brasil (pp. 197\u2013218). Casa do Psic\u00f3logo."},{"issue":"2","key":"825_CR80","doi-asserted-by":"publisher","first-page":"177","DOI":"10.1177\/0020872805050208","volume":"48","author":"A Zeira","year":"2005","unstructured":"Zeira, A., & Dekel, R. (2005). The self-image of adolescents and its relationship to their perceptions of the future. International Social Work, 48(2), 177\u2013191.","journal-title":"International Social Work"}],"container-title":["Child and Adolescent Social Work Journal"],"original-title":[],"language":"en","link":[{"URL":"https:\/\/link.springer.com\/content\/pdf\/10.1007\/s10560-022-00825-9.pdf","content-type":"application\/pdf","content-version":"vor","intended-application":"text-mining"},{"URL":"https:\/\/link.springer.com\/article\/10.1007\/s10560-022-00825-9\/fulltext.html","content-type":"text\/html","content-version":"vor","intended-application":"text-mining"},{"URL":"https:\/\/link.springer.com\/content\/pdf\/10.1007\/s10560-022-00825-9.pdf","content-type":"application\/pdf","content-version":"vor","intended-application":"similarity-checking"}],"deposited":{"date-parts":[[2024,2,19]],"date-time":"2024-02-19T15:06:33Z","timestamp":1708355193000},"score":1,"resource":{"primary":{"URL":"https:\/\/link.springer.com\/10.1007\/s10560-022-00825-9"}},"subtitle":[],"short-title":[],"issued":{"date-parts":[[2022,2,11]]},"references-count":79,"journal-issue":{"issue":"1","published-print":{"date-parts":[[2024,2]]}},"alternative-id":["825"],"URL":"https:\/\/doi.org\/10.1007\/s10560-022-00825-9","relation":{},"ISSN":["0738-0151","1573-2797"],"issn-type":[{"value":"0738-0151","type":"print"},{"value":"1573-2797","type":"electronic"}],"subject":[],"published":{"date-parts":[[2022,2,11]]},"assertion":[{"value":"6 February 2022","order":1,"name":"accepted","label":"Accepted","group":{"name":"ArticleHistory","label":"Article History"}},{"value":"11 February 2022","order":2,"name":"first_online","label":"First Online","group":{"name":"ArticleHistory","label":"Article History"}},{"order":1,"name":"Ethics","group":{"name":"EthicsHeading","label":"Declarations"}},{"value":"The authors declare that they have no known competing financial interests or personal relationships that could have appeared to influence the work reported in this paper.","order":2,"name":"Ethics","group":{"name":"EthicsHeading","label":"Conflict of interest"}}]}}