{"status":"ok","message-type":"work","message-version":"1.0.0","message":{"indexed":{"date-parts":[[2026,3,28]],"date-time":"2026-03-28T23:27:49Z","timestamp":1774740469876,"version":"3.50.1"},"reference-count":56,"publisher":"Springer Science and Business Media LLC","issue":"2","license":[{"start":{"date-parts":[[2018,4,11]],"date-time":"2018-04-11T00:00:00Z","timestamp":1523404800000},"content-version":"tdm","delay-in-days":0,"URL":"http:\/\/www.springer.com\/tdm"}],"funder":[{"DOI":"10.13039\/501100008530","name":"FEDER","doi-asserted-by":"crossref","award":["POCI-01-0145-FEDER-006862; Ref. UID\/DTP\/04750\/2013"],"award-info":[{"award-number":["POCI-01-0145-FEDER-006862; Ref. UID\/DTP\/04750\/2013"]}],"id":[{"id":"10.13039\/501100008530","id-type":"DOI","asserted-by":"crossref"}]},{"name":"FCT and the POPH\/FSE Program","award":["PD\/BD\/128066\/2016"],"award-info":[{"award-number":["PD\/BD\/128066\/2016"]}]},{"name":"FCT and the POPH\/FSE Program","award":["SFRH\/BD\/102585\/2014"],"award-info":[{"award-number":["SFRH\/BD\/102585\/2014"]}]},{"name":"FCT and the POPH\/FSE Program","award":["SFRH\/BPD\/108751\/2015"],"award-info":[{"award-number":["SFRH\/BPD\/108751\/2015"]}]}],"content-domain":{"domain":["link.springer.com"],"crossmark-restriction":false},"short-container-title":["J Immigrant Minority Health"],"published-print":{"date-parts":[[2019,4]]},"DOI":"10.1007\/s10903-018-0744-3","type":"journal-article","created":{"date-parts":[[2018,4,11]],"date-time":"2018-04-11T04:19:47Z","timestamp":1523420387000},"page":"219-229","update-policy":"https:\/\/doi.org\/10.1007\/springer_crossmark_policy","source":"Crossref","is-referenced-by-count":18,"title":["Healthcare Services Utilization Among Migrants in Portugal: Results From the National Health Survey 2014"],"prefix":"10.1007","volume":"21","author":[{"given":"A. Nabil","family":"Shaaban","sequence":"first","affiliation":[]},{"given":"Samantha","family":"Morais","sequence":"additional","affiliation":[]},{"ORCID":"https:\/\/orcid.org\/0000-0002-0579-9988","authenticated-orcid":false,"given":"B\u00e1rbara","family":"Peleteiro","sequence":"additional","affiliation":[]}],"member":"297","published-online":{"date-parts":[[2018,4,11]]},"reference":[{"issue":"5","key":"744_CR1","doi-asserted-by":"publisher","first-page":"495","DOI":"10.1016\/j.healthpol.2016.03.012","volume":"120","author":"CA O\u2019Donnell","year":"2016","unstructured":"O\u2019Donnell CA, Burns N, Mair FS, et al. Reducing the health care burden for marginalised migrants: the potential role for primary care in Europe. Health Policy. 2016;120(5):495\u2013508.","journal-title":"Health Policy"},{"key":"744_CR2","unstructured":"European Centre for Disease Prevention and Control. Migrant health. Solna, Sweden. \n                    https:\/\/ecdc.europa.eu\/en\/migrant-health\n                    \n                   (2017). Accessed 05 Jan 2017."},{"key":"744_CR3","volume-title":"Employment and wages of immigrants in Portugal","author":"S Cabral","year":"2010","unstructured":"Cabral S, Duarte C. Employment and wages of immigrants in Portugal. Portugal: Banco de Portugal Eurosistema; 2010."},{"key":"744_CR4","volume-title":"Country report Portugal","author":"Migration Integration Policy Index Health Strand (MIPEX)","year":"2015","unstructured":"Migration Integration Policy Index Health Strand (MIPEX). Country report Portugal. Brussels: International Organization for Migration; 2015."},{"key":"744_CR5","unstructured":"Servi\u00e7o de Estrangeiros e Fronteiras. Relat\u00f3rio de Imigra\u00e7\u00e3o, Fronteiras e Asilo - 2016 [Immigration, Borders and Asylum - 2016]. Lisboa: SEF\/GEPF, 2017."},{"key":"744_CR6","volume-title":"Migration and health: a review of the international literature","author":"L McKay","year":"2003","unstructured":"McKay L, Macintyre S, Ellaway A. Migration and health: a review of the international literature. Glasgow: MRC Social & Public Health Sciences Unit; 2003."},{"issue":"1","key":"744_CR7","first-page":"9","volume":"13","author":"P Mladovsky","year":"2007","unstructured":"Mladovsky P. Migrant health in the EU. Eurohealth 2007;13(1):9\u201311.","journal-title":"Eurohealth"},{"key":"744_CR8","doi-asserted-by":"publisher","first-page":"207","DOI":"10.1186\/1472-6963-8-207","volume":"8","author":"SF Dias","year":"2008","unstructured":"Dias SF, Severo M, Barros H. Determinants of health care utilization by immigrants in Portugal. BMC Health Serv Res. 2008;8:207.","journal-title":"BMC Health Serv Res"},{"issue":"3","key":"744_CR9","doi-asserted-by":"publisher","first-page":"331","DOI":"10.5093\/in2012a29","volume":"21","author":"D Ingleby","year":"2012","unstructured":"Ingleby D, Ethnicity migration and the \u2018social determinants of health\u2019 Agenda. Psychosoc Interv. 2012;21(3):331\u201341.","journal-title":"Psychosoc Interv"},{"issue":"8","key":"744_CR10","first-page":"32","volume":"81","author":"C Maffla","year":"2008","unstructured":"Maffla C. Health in the age of migration: migration and health in the EU. Community Pract. 2008;81(8):32.","journal-title":"Community Pract"},{"issue":"4","key":"744_CR11","first-page":"1","volume":"13","author":"P Barros","year":"2011","unstructured":"Barros P, Machado S, de Almeida Sim\u00f5es J, Portugal health system review. Health Syst Transit. 2011;13(4):1\u2013156.","journal-title":"Health Syst Transit"},{"issue":"2","key":"744_CR12","first-page":"1","volume":"19","author":"J Almeida Simoes de","year":"2017","unstructured":"de Almeida Simoes J, Augusto GF, Fronteira I, et al. Portugal: health system review. Health Syst Transit. 2017;19(2):1\u2013184.","journal-title":"Health Syst Transit"},{"key":"744_CR13","volume-title":"Your social security rights in Portugal","author":"European Commission","year":"2013","unstructured":"European Commission. Your social security rights in Portugal. Brussels: Employment SAI; 2013."},{"key":"744_CR14","doi-asserted-by":"publisher","first-page":"175","DOI":"10.2147\/RMHP.S70173","volume":"8","author":"K Hacker","year":"2015","unstructured":"Hacker K, Anies M, Folb BL, et al. Barriers to health care for undocumented immigrants: a literature review. Risk Manag Healthc Policy. 2015;8:175.","journal-title":"Risk Manag Healthc Policy"},{"key":"744_CR15","unstructured":"Instituto Nacional de Estat\u00edstica. Documento metodol\u00f3gico do Inqu\u00e9rito Nacional de Sa\u00fade 2014 [Methodological document of the National Health Survey 2014]. Lisbon: INE, 2014."},{"key":"744_CR16","unstructured":"Instituto Nacional de Estat\u00edstica. Inqu\u00e9rito Nacional de Sa\u00fade 2014 [National Health Survey 2014]. Lisbon: INE, 2016."},{"key":"744_CR17","volume-title":"Access to health care for migrants, ethnic minorities, and asylum seekers in Europe","author":"AE Stanciole","year":"2009","unstructured":"Stanciole AE, Huber M. Access to health care for migrants, ethnic minorities, and asylum seekers in Europe. Brussels: European Comission; 2009."},{"issue":"6","key":"744_CR18","doi-asserted-by":"publisher","first-page":"819","DOI":"10.1016\/0277-9536(94)00386-8","volume":"41","author":"P Bollini","year":"1995","unstructured":"Bollini P, Siem H. No real progress towards equity: health of migrants and ethnic minorities on the eve of the year 2000. Soc Sci Med. 1995;41(6):819\u201328.","journal-title":"Soc Sci Med"},{"key":"744_CR19","unstructured":"United Nations. Vulnerable People. New York, United States. \n                    http:\/\/www.un.org\/en\/letsfightracism\/migrants.shtml\n                    \n                   (2016). Accessed 05 Jan 2017."},{"key":"744_CR20","doi-asserted-by":"publisher","DOI":"10.15185\/izawol.108","volume-title":"Are immigrants healthier than native residents?","author":"S Neuman","year":"2014","unstructured":"Neuman S. Are immigrants healthier than native residents?\u00a0\u00a0Bonn,\u00a0Germany: The Institute of Labor Economics\u00a0(IZA); 2014."},{"issue":"8","key":"744_CR21","doi-asserted-by":"publisher","first-page":"1613","DOI":"10.1016\/j.socscimed.2004.02.004","volume":"59","author":"JT McDonald","year":"2004","unstructured":"McDonald JT, Kennedy S. Insights into the \u2018healthy immigrant effect\u2019: health status and health service use of immigrants to Canada. Soc Sci Med. 2004;59(8):1613\u201327.","journal-title":"Soc Sci Med"},{"key":"744_CR22","doi-asserted-by":"publisher","first-page":"41","DOI":"10.1016\/j.socscimed.2013.11.040","volume":"102","author":"Y Lu","year":"2014","unstructured":"Lu Y, Qin L. Healthy migrant and salmon bias hypotheses: a study of health and internal migration in China. Soc Sci Med. 2014;102:41\u20138.","journal-title":"Soc Sci Med"},{"issue":"7","key":"744_CR23","doi-asserted-by":"publisher","first-page":"1162","DOI":"10.2105\/AJPH.2007.116145","volume":"97","author":"FG Castro","year":"2007","unstructured":"Castro FG. Is acculturation really detrimental to health? Am J Public Health. 2007;97(7):1162.","journal-title":"Am J Public Health"},{"issue":"9","key":"744_CR24","doi-asserted-by":"publisher","first-page":"822","DOI":"10.1016\/j.puhe.2013.03.006","volume":"127","author":"R Mart\u00edn-L\u00f3pez","year":"2013","unstructured":"Mart\u00edn-L\u00f3pez R, Jim\u00e9nez-Garc\u00eda R, Lopez-de-Andres A, et al. Inequalities in uptake of breast cancer screening in Spain: analysis of a cross-sectional national survey. Public Health. 2013;127(9):822\u20137.","journal-title":"Public Health"},{"key":"744_CR25","doi-asserted-by":"publisher","first-page":"53","DOI":"10.1016\/j.socscimed.2014.08.008","volume":"119","author":"S Jatrana","year":"2014","unstructured":"Jatrana S, Pasupuleti SSR, Richardson K. Nativity, duration of residence and chronic health conditions in Australia: do trends converge towards the native-born population? Soc Sci Med. 2014;119:53\u201363.","journal-title":"Soc Sci Med"},{"key":"744_CR26","unstructured":"Livingston G, Minushkin S, Cohn DV. Hispanics and health care in the United States: Hispanics and Chronic Disease in the U.S.: Pew Research Centre. \n                    http:\/\/www.pewhispanic.org\/2008\/08\/13\/ii-hispanics-and-chronic-disease-in-the-u-s\/\n                    \n                   (2008). Accessed 05 Jan 2017."},{"key":"744_CR27","unstructured":"Chauvin P, Parizot I, Simonnot N. Report of the European Observatory \u2013 M\u00e9decins du Monde: Access to healthcare for undocumented migrants in 11 European countries. 2009."},{"issue":"1","key":"744_CR28","doi-asserted-by":"publisher","first-page":"560","DOI":"10.1186\/1471-2458-11-560","volume":"11","author":"D Biswas","year":"2011","unstructured":"Biswas D, Kristiansen M, Krasnik A, et al. Access to healthcare and alternative health-seeking strategies among undocumented migrants in Denmark. BMC Public Health. 2011;11(1):560.","journal-title":"BMC Public Health"},{"key":"744_CR29","doi-asserted-by":"publisher","first-page":"14","DOI":"10.1016\/S0924-9338(08)70057-9","volume":"23","author":"J Lindert","year":"2008","unstructured":"Lindert J, Schouler-Ocak M, Heinz A, et al. Mental health, health care utilisation of migrants in Europe. Eur Psychiatry. 2008;23:14\u201320.","journal-title":"Eur Psychiatry"},{"issue":"6","key":"744_CR30","doi-asserted-by":"publisher","first-page":"472","DOI":"10.1016\/j.jinf.2008.10.005","volume":"57","author":"R Jim\u00e9nez-Garc\u00eda","year":"2008","unstructured":"Jim\u00e9nez-Garc\u00eda R, Hern\u00e1ndez-Barrera V, Carrasco-Garrido P, et al. Influenza vaccination coverages among children, adults, health care workers and immigrants in Spain: related factors and trends, 2003\u20132006. J Infect. 2008;57(6):472\u201380.","journal-title":"J Infect"},{"issue":"9","key":"744_CR31","first-page":"630","volume":"8","author":"S Shahrabani","year":"2006","unstructured":"Shahrabani S, Benzion U. The effects of socioeconomic factors on the decision to be vaccinated: the case of flu shot vaccination. Isr Med Assoc J. 2006;8(9):630.","journal-title":"Isr Med Assoc J"},{"issue":"40","key":"744_CR32","first-page":"958","volume":"52","author":"Centers for Disease Control Prevention","year":"2003","unstructured":"Centers for Disease Control Prevention. Racial\/ethnic disparities in influenza and pneumococcal vaccination levels among persons aged> or = 65 years\u2014United States, 1989-2001. MMWR Morb Mortal Wkly Rep. 2003;52(40):958.","journal-title":"MMWR Morb Mortal Wkly Rep"},{"issue":"19","key":"744_CR33","doi-asserted-by":"publisher","first-page":"2563","DOI":"10.1016\/j.vaccine.2009.02.009","volume":"27","author":"C Poethko-M\u00fcller","year":"2009","unstructured":"Poethko-M\u00fcller C, Ellert U, Kuhnert R, et al. Vaccination coverage against measles in German-born and foreign-born children and identification of unvaccinated subgroups in Germany. Vaccine. 2009;27(19):2563\u20139.","journal-title":"Vaccine"},{"issue":"35","key":"744_CR34","doi-asserted-by":"publisher","first-page":"6029","DOI":"10.1016\/j.vaccine.2011.06.030","volume":"29","author":"C Rodr\u00edguez-Rieiro","year":"2011","unstructured":"Rodr\u00edguez-Rieiro C, Hern\u00e1ndez-Barrera V, Carrasco-Garrido P, et al. Vaccination against 2008\/2009 and 2009\/2010 seasonal influenza in Spain: Coverage among high risk subjects, HCWs, immigrants and time trends from the 2005\/2006 campaign. Vaccine. 2011;29(35):6029\u201334.","journal-title":"Vaccine"},{"issue":"1","key":"744_CR35","doi-asserted-by":"publisher","first-page":"36","DOI":"10.1136\/adc.2003.047126","volume":"90","author":"M Wal Van der","year":"2005","unstructured":"Van der Wal M, Diepenmaat A, Pel J, et al. Vaccination rates in a multicultural population. Arch Dis Child. 2005;90(1):36\u201340.","journal-title":"Arch Dis Child"},{"issue":"8","key":"744_CR36","doi-asserted-by":"publisher","first-page":"977","DOI":"10.1007\/s10552-014-0397-z","volume":"25","author":"G Menvielle","year":"2014","unstructured":"Menvielle G, Richard J-B, Ringa V, et al. To what extent is women\u2019s economic situation associated with cancer screening uptake when nationwide screening exists? A study of breast and cervical cancer screening in France in 2010. Cancer Causes Control. 2014;25(8):977\u201383.","journal-title":"Cancer Causes Control"},{"issue":"1","key":"744_CR37","doi-asserted-by":"publisher","first-page":"13","DOI":"10.1097\/CEJ.0000000000000280","volume":"27","author":"P Naoum","year":"2018","unstructured":"Naoum P, Skroumpelos A, Athanasakis K, et al. Factors associated with the utilization of mammographic screening in Greece. Eur J Cancer Prev. 2018;27(1):13\u20139.","journal-title":"Eur J Cancer Prev"},{"issue":"3","key":"744_CR38","doi-asserted-by":"publisher","first-page":"319","DOI":"10.1002\/msj.20263","volume":"78","author":"LR Ditzian","year":"2011","unstructured":"Ditzian LR, David-West G, Maza M, et al. Cervical cancer screening in low-and middle-income countries. Mt Sinai J Med. 2011;78(3):319\u201326.","journal-title":"Mt Sinai J Med"},{"key":"744_CR39","doi-asserted-by":"publisher","first-page":"108","DOI":"10.3389\/fpubh.2014.00108","volume":"2","author":"J S\u00e1nchez","year":"2014","unstructured":"S\u00e1nchez J. Self-medication practices among a sample of Latino migrant workers in South Florida. Front Public Health. 2014;2:108.","journal-title":"Front Public Health"},{"issue":"4","key":"744_CR40","first-page":"233","volume":"6","author":"JC Almeida de","year":"2009","unstructured":"de Almeida JC. Portuguese national mental health plan (2007\u20132016) executive summary. Ment Health Fam Med. 2009;6(4):233.","journal-title":"Ment Health Fam Med"},{"key":"744_CR41","unstructured":"Dental Tribune International. Survey shows impact of economic crisis on oral health in Portugal. (2015). \n                    http:\/\/www.dental-tribune.com\/articles\/news\/europe\/22901_survey_shows_impact_of_economic_crisis_on_oral_health_in_portugal.html\n                    \n                  ."},{"key":"744_CR42","volume-title":"Cuidados de Sa\u00fade Oral: Universaliza\u00e7\u00e3o [Oral Healthcare: Universalization]","author":"A Louren\u00e7o","year":"2016","unstructured":"Louren\u00e7o A, Barros PP. Cuidados de Sa\u00fade Oral: Universaliza\u00e7\u00e3o [Oral Healthcare: Universalization]. Lisbon: Nova Healthcare Initiative \u2013 Research\/Universidade Nova de Lisboa; 2016."},{"issue":"10","key":"744_CR43","doi-asserted-by":"publisher","first-page":"965","DOI":"10.12968\/denu.2015.42.10.965","volume":"42","author":"J Murphy","year":"2015","unstructured":"Murphy J, Scully C. Oral healthcare implications of mass migration. Dent Update. 2015;42(10):965\u201371.","journal-title":"Dent Update"},{"issue":"1","key":"744_CR44","doi-asserted-by":"publisher","first-page":"247","DOI":"10.1377\/hlthaff.20.1.247","volume":"20","author":"L Ku","year":"2001","unstructured":"Ku L, Matani S. Left out: immigrants\u2019 access to health care and insurance. Health Aff (Millwood). 2001;20(1):247\u201356.","journal-title":"Health Aff (Millwood)"},{"issue":"4","key":"744_CR45","doi-asserted-by":"publisher","first-page":"51","DOI":"10.1377\/hlthaff.19.4.51","volume":"19","author":"ML Berk","year":"2000","unstructured":"Berk ML, Schur CL, Chavez LR, et al. Health care use among undocumented Latino immigrants. Health Aff (Millwood). 2000;19(4):51\u201364.","journal-title":"Health Aff (Millwood)"},{"issue":"7","key":"744_CR46","doi-asserted-by":"publisher","first-page":"1322","DOI":"10.2105\/AJPH.2008.144733","volume":"99","author":"L Ku","year":"2009","unstructured":"Ku L. Health insurance coverage and medical expenditures of immigrants and native-born citizens in the United States. Am J Public Health. 2009;99(7):1322\u20138.","journal-title":"Am J Public Health"},{"issue":"2","key":"744_CR47","doi-asserted-by":"publisher","first-page":"136","DOI":"10.1093\/hsw\/23.2.136","volume":"23","author":"M Jang","year":"1998","unstructured":"Jang M, Lee E, Woo K. Income, language, and citizenship status: factors affecting the health care access and utilization of Chinese Americans. Health Soc Work. 1998;23(2):136\u201345.","journal-title":"Health Soc Work"},{"issue":"4","key":"744_CR48","doi-asserted-by":"publisher","first-page":"434","DOI":"10.2105\/AJPH.81.4.434","volume":"81","author":"RA Hayward","year":"1991","unstructured":"Hayward RA, Bernard AM, Freeman HE, et al. Regular source of ambulatory care and access to health services. Am J Public Health. 1991;81(4):434\u20138.","journal-title":"Am J Public Health"},{"key":"744_CR49","doi-asserted-by":"publisher","first-page":"279","DOI":"10.2307\/3350401","volume":"71","author":"JS Feinstein","year":"1993","unstructured":"Feinstein JS. The relationship between socioeconomic status and health: a review of the literature. Milbank Q. 1993;71:279\u2013322.","journal-title":"Milbank Q"},{"issue":"2","key":"744_CR50","doi-asserted-by":"publisher","first-page":"138","DOI":"10.1097\/00005650-199602000-00006","volume":"34","author":"JM Lambrew","year":"1996","unstructured":"Lambrew JM, Defriese GH, Carey TS, et al. The effects of having a regular doctor on access to primary care. Med Care. 1996;34(2):138\u201351.","journal-title":"Med Care"},{"issue":"12","key":"744_CR51","doi-asserted-by":"publisher","first-page":"E959E67","DOI":"10.1503\/cmaj.090292","volume":"183","author":"LJ Kirmayer","year":"2011","unstructured":"Kirmayer LJ, Narasiah L, Munoz M, et al. Common mental health problems in immigrants and refugees: general approach in primary care. CMAJ. 2011;183(12):E959\u2013E67.","journal-title":"CMAJ"},{"issue":"7","key":"744_CR52","doi-asserted-by":"publisher","first-page":"970","DOI":"10.2105\/AJPH.85.7.970","volume":"85","author":"SP Wallace","year":"1995","unstructured":"Wallace SP, Levy-Storms L, Ferguson LR. Access to paid in-home assistance among disabled elderly people: do Latinos differ from non-Latino whites? Am J Public Health. 1995;85(7):970\u20135.","journal-title":"Am J Public Health"},{"issue":"1","key":"744_CR53","doi-asserted-by":"publisher","first-page":"57","DOI":"10.1093\/hsw\/32.1.57","volume":"32","author":"DW Lai","year":"2007","unstructured":"Lai DW, Chau SB. Predictors of health service barriers for older Chinese immigrants in Canada. Health Soc Work. 2007;32(1):57\u201365.","journal-title":"Health Soc Work"},{"issue":"2","key":"744_CR54","doi-asserted-by":"publisher","first-page":"246","DOI":"10.1016\/j.socscimed.2009.04.032","volume":"69","author":"J Lindert","year":"2009","unstructured":"Lindert J, von Ehrenstein OS, Priebe S, et al. Depression and anxiety in labor migrants and refugees\u2014a systematic review and meta-analysis. Soc Sci Med. 2009;69(2):246\u201357.","journal-title":"Soc Sci Med"},{"issue":"SPE2","key":"744_CR55","doi-asserted-by":"publisher","first-page":"75","DOI":"10.1590\/S0103-21002012000900012","volume":"25","author":"JR Gonz\u00e1lez-L\u00f3pez","year":"2012","unstructured":"Gonz\u00e1lez-L\u00f3pez JR. Rodr\u00edguez-G\u00e1zquez Mdl\u00c1, Lomas-Campos MdlM. Self-medication in adult Latin American immigrants in Seville. Acta Paulista de Enfermagem. 2012;25(SPE2):75\u201381.","journal-title":"Acta Paulista de Enfermagem"},{"key":"744_CR56","volume-title":"How health systems can address health inequities linked to migration and ethnicity","author":"World Health Organization","year":"2010","unstructured":"World Health Organization. How health systems can address health inequities linked to migration and ethnicity. Copenhagen: World Health Organization; 2010."}],"container-title":["Journal of Immigrant and Minority Health"],"original-title":[],"language":"en","link":[{"URL":"http:\/\/link.springer.com\/content\/pdf\/10.1007\/s10903-018-0744-3.pdf","content-type":"application\/pdf","content-version":"vor","intended-application":"text-mining"},{"URL":"http:\/\/link.springer.com\/article\/10.1007\/s10903-018-0744-3\/fulltext.html","content-type":"text\/html","content-version":"vor","intended-application":"text-mining"},{"URL":"http:\/\/link.springer.com\/content\/pdf\/10.1007\/s10903-018-0744-3.pdf","content-type":"application\/pdf","content-version":"vor","intended-application":"similarity-checking"}],"deposited":{"date-parts":[[2019,9,2]],"date-time":"2019-09-02T15:07:24Z","timestamp":1567436844000},"score":1,"resource":{"primary":{"URL":"http:\/\/link.springer.com\/10.1007\/s10903-018-0744-3"}},"subtitle":[],"short-title":[],"issued":{"date-parts":[[2018,4,11]]},"references-count":56,"journal-issue":{"issue":"2","published-print":{"date-parts":[[2019,4]]}},"alternative-id":["744"],"URL":"https:\/\/doi.org\/10.1007\/s10903-018-0744-3","relation":{},"ISSN":["1557-1912","1557-1920"],"issn-type":[{"value":"1557-1912","type":"print"},{"value":"1557-1920","type":"electronic"}],"subject":[],"published":{"date-parts":[[2018,4,11]]},"assertion":[{"value":"11 April 2018","order":1,"name":"first_online","label":"First Online","group":{"name":"ArticleHistory","label":"Article History"}},{"order":1,"name":"Ethics","group":{"name":"EthicsHeading","label":"Compliance with Ethical Standards"}},{"value":"The authors declare that they have no conflict of interest.","order":2,"name":"Ethics","group":{"name":"EthicsHeading","label":"Conflict of interest"}},{"value":"This article does not contain any studies with human participants performed by any of the authors.","order":3,"name":"Ethics","group":{"name":"EthicsHeading","label":"Ethical Approval"}}]}}