{"status":"ok","message-type":"work","message-version":"1.0.0","message":{"indexed":{"date-parts":[[2026,2,13]],"date-time":"2026-02-13T07:03:08Z","timestamp":1770966188968,"version":"3.50.1"},"reference-count":63,"publisher":"Springer Science and Business Media LLC","issue":"6","license":[{"start":{"date-parts":[[2021,11,8]],"date-time":"2021-11-08T00:00:00Z","timestamp":1636329600000},"content-version":"tdm","delay-in-days":0,"URL":"https:\/\/www.springer.com\/tdm"},{"start":{"date-parts":[[2021,11,8]],"date-time":"2021-11-08T00:00:00Z","timestamp":1636329600000},"content-version":"vor","delay-in-days":0,"URL":"https:\/\/www.springer.com\/tdm"}],"content-domain":{"domain":["link.springer.com"],"crossmark-restriction":false},"short-container-title":["Qual Life Res"],"published-print":{"date-parts":[[2022,6]]},"DOI":"10.1007\/s11136-021-03031-9","type":"journal-article","created":{"date-parts":[[2021,11,8]],"date-time":"2021-11-08T17:18:58Z","timestamp":1636391938000},"page":"1775-1787","update-policy":"https:\/\/doi.org\/10.1007\/springer_crossmark_policy","source":"Crossref","is-referenced-by-count":13,"title":["Mental health, quality of life and optimism during the covid-19 pandemic: a comparison between Brazil and Portugal"],"prefix":"10.1007","volume":"31","author":[{"ORCID":"https:\/\/orcid.org\/0000-0003-1023-8488","authenticated-orcid":false,"given":"Luciano Magalh\u00e3es","family":"Vitorino","sequence":"first","affiliation":[]},{"ORCID":"https:\/\/orcid.org\/0000-0002-9708-5690","authenticated-orcid":false,"given":"Lu\u00eds Manuel Mota","family":"Sousa","sequence":"additional","affiliation":[]},{"ORCID":"https:\/\/orcid.org\/0000-0002-7552-9959","authenticated-orcid":false,"given":"Clarissa","family":"Trzesniak","sequence":"additional","affiliation":[]},{"ORCID":"https:\/\/orcid.org\/0000-0002-2900-3972","authenticated-orcid":false,"given":"Olga Maria","family":"de Sousa Valentim","sequence":"additional","affiliation":[]},{"ORCID":"https:\/\/orcid.org\/0000-0001-5837-5743","authenticated-orcid":false,"given":"Gerson Hiroshi","family":"Yoshinari J\u00fanior","sequence":"additional","affiliation":[]},{"ORCID":"https:\/\/orcid.org\/0000-0002-2626-8561","authenticated-orcid":false,"given":"Helena Maria Guerreiro","family":"Jos\u00e9","sequence":"additional","affiliation":[]},{"ORCID":"https:\/\/orcid.org\/0000-0002-5384-9476","authenticated-orcid":false,"given":"Giancarlo","family":"Lucchetti","sequence":"additional","affiliation":[]}],"member":"297","published-online":{"date-parts":[[2021,11,8]]},"reference":[{"issue":"14","key":"3031_CR1","doi-asserted-by":"publisher","first-page":"1339","DOI":"10.1001\/jama.2020.3072","volume":"323","author":"C Del Rio","year":"2020","unstructured":"Del Rio, C., & Malani, P. N. (2020). COVID-19-new insights on a rapidly changing epidemic. JAMA, 323(14), 1339\u20131340. https:\/\/doi.org\/10.1001\/jama.2020.3072","journal-title":"JAMA"},{"key":"3031_CR2","doi-asserted-by":"publisher","first-page":"311","DOI":"10.1016\/j.ijid.2020.03.050","volume":"95","author":"J Yuan","year":"2020","unstructured":"Yuan, J., Li, M., Lv, G., & Lu, Z. K. (2020). Monitoring transmissibility and mortality of COVID-19 in Europe. International Journal of Infectious Diseases, 95, 311\u2013315. https:\/\/doi.org\/10.1016\/j.ijid.2020.03.050","journal-title":"International Journal of Infectious Diseases"},{"issue":"1","key":"3031_CR3","doi-asserted-by":"publisher","first-page":"1453","DOI":"10.1080\/22221751.2020.1785337","volume":"9","author":"Y Tang","year":"2020","unstructured":"Tang, Y., Serdan, T. D. A., Masi, L. N., Tang, S., Gorjao, R., & Hirabara, S. M. (2020). Epidemiology of COVID-19 in Brazil: Using a mathematical model to estimate the outbreak peak and temporal evolution. Emerging Microbes & Infections, 9(1), 1453\u20131456.","journal-title":"Emerging Microbes & Infections"},{"key":"3031_CR4","doi-asserted-by":"publisher","unstructured":"Moghadas, S. M., Shoukat, A., Fitzpatrick, M. C., Wells, C. R., Sah, P., Pandey, A., Sachs, J. D., Wang, Z., Meyers, L. A., Singer, B. H., & Galvani, A. P. (2020). Projecting hospital utilization during the COVID-19 outbreaks in the United States. Proceedings of the National Academy of Sciences, 117(16), 9122\u20139126. https:\/\/doi.org\/10.1073\/pnas.2004064117","DOI":"10.1073\/pnas.2004064117"},{"key":"3031_CR5","doi-asserted-by":"publisher","DOI":"10.1007\/s40519-021-01163-y","author":"M Coimbra","year":"2021","unstructured":"Coimbra, M., Paix\u00e3o, C., & Ferreira, C. (2021). Exploring eating and exercise-related indicators during COVID-19 quarantine in Portugal: Concerns and routine changes in women with different BMI. Eating and Weight Disorders. https:\/\/doi.org\/10.1007\/s40519-021-01163-y","journal-title":"Eating and Weight Disorders"},{"key":"3031_CR6","doi-asserted-by":"publisher","DOI":"10.1177\/00332941211025264","author":"AB Fran\u00e7a","year":"2021","unstructured":"Fran\u00e7a, A. B., Trzesniak, C., Schelini, P. W., Junior, G. H. Y., & Vitorino, L. M. (2021). Exploring depressive symptoms among healthcare professionals and the general population during the COVID-19 pandemic in Brazil. Psychological Reports. https:\/\/doi.org\/10.1177\/00332941211025264","journal-title":"Psychological Reports"},{"issue":"10235","key":"3031_CR7","doi-asserted-by":"publisher","first-page":"1461","DOI":"10.1016\/S0140-6736(20)31095-3","volume":"395","author":"L The","year":"2020","unstructured":"The, L. (2020). COVID-19 in Brazil: \u201cSo what?\u201d Lancet (London, England), 395(10235), 1461\u20131461. https:\/\/doi.org\/10.1016\/S0140-6736(20)31095-3","journal-title":"Lancet (London, England)"},{"issue":"6","key":"3031_CR8","doi-asserted-by":"publisher","first-page":"631","DOI":"10.1016\/s1473-3099(20)30190-0","volume":"20","author":"JA Lewnard","year":"2020","unstructured":"Lewnard, J. A., & Lo, N. C. (2020). Scientific and ethical basis for social-distancing interventions against COVID-19. The Lancet Infectious Diseases, 20(6), 631\u2013633. https:\/\/doi.org\/10.1016\/s1473-3099(20)30190-0","journal-title":"The Lancet Infectious Diseases"},{"key":"3031_CR9","doi-asserted-by":"publisher","first-page":"m1379","DOI":"10.1136\/bmj.m1379","volume":"369","author":"A Venkatesh","year":"2020","unstructured":"Venkatesh, A., & Edirappuli, S. (2020). Social distancing in covid-19: What are the mental health implications? BMJ, 369, m1379. https:\/\/doi.org\/10.1136\/bmj.m1379","journal-title":"BMJ"},{"issue":"6","key":"3031_CR10","doi-asserted-by":"publisher","first-page":"817","DOI":"10.1001\/jamainternmed.2020.1562","volume":"180","author":"S Galea","year":"2020","unstructured":"Galea, S., Merchant, R. M., & Lurie, N. (2020). The mental health consequences of COVID-19 and physical distancing: the need for prevention and early intervention. JAMA Internal Medicine, 180(6), 817\u2013818. https:\/\/doi.org\/10.1001\/jamainternmed.2020.1562","journal-title":"JAMA Internal Medicine"},{"issue":"suppl 1","key":"3031_CR11","doi-asserted-by":"publisher","first-page":"2423","DOI":"10.1590\/1413-81232020256.1.10502020(MedidasdedistanciamentosocialnocontroledapandemiadeCOVID-19:potenciaisimpactosedesafiosnoBrasil.)","volume":"25","author":"ML Estela","year":"2020","unstructured":"Estela, M. L., Aquino, I. H., Silveira, J. M., Pescarini, R., de Aquino, J. A., dos Souza-Filho, A., Santosocha, A., Ferreira, A., Victor, C., Teixeira, D. B., Machado, E., Paix\u00e3o, F. J. O., Alves, F., Pilecco, G., Menezes, L., Gabrielli, L., de Leite, M. C. C., Almeida, N., Ortelan, Q. H. R., \u2026 Lima, Reis Silva. (2020). Social distancing measures to control the COVID-19 pandemic: potential impacts and challenges in Brazil. Ci\u00eancia & Sa\u00fade Coletiva, 25(suppl 1), 2423\u20132446. https:\/\/doi.org\/10.1590\/1413-81232020256.1.10502020(MedidasdedistanciamentosocialnocontroledapandemiadeCOVID-19:potenciaisimpactosedesafiosnoBrasil.)","journal-title":"Ci\u00eancia & Sa\u00fade Coletiva"},{"issue":"3","key":"3031_CR12","doi-asserted-by":"publisher","first-page":"e103","DOI":"10.1192\/bjo.2021.62","volume":"7","author":"LM Vitorino","year":"2021","unstructured":"Vitorino, L. M., Yoshinari J\u00fanior, G. H., Gonzaga, G., Dias, I. F., Pereira, J. P. L., Ribeiro, I. M. G., Fran\u00e7a, A. B., Al-Zaben, F., Koenig, H. G., & Trzesniak, C. (2021). Factors associated with mental health and quality of life during the COVID-19 pandemic in Brazil. BJPsych Open, 7(3), e103. https:\/\/doi.org\/10.1192\/bjo.2021.62","journal-title":"BJPsych Open"},{"issue":"2","key":"3031_CR13","doi-asserted-by":"publisher","first-page":"354","DOI":"10.1007\/s43076-021-00066-2","volume":"29","author":"DA Vieira","year":"2021","unstructured":"Vieira, D. A., & Meirinhos, V. (2021). COVID-19 lockdown in portugal: Challenges, strategies and effects on mental health. Trends in Psychology, 29(2), 354\u2013374. https:\/\/doi.org\/10.1007\/s43076-021-00066-2","journal-title":"Trends in Psychology"},{"key":"3031_CR14","doi-asserted-by":"publisher","first-page":"901","DOI":"10.1016\/j.bbi.2020.05.026","volume":"88","author":"S Pappa","year":"2020","unstructured":"Pappa, S., Ntella, V., Giannakas, T., Giannakoulis, V. G., Papoutsi, E., & Katsaounou, P. (2020). Prevalence of depression, anxiety, and insomnia among healthcare workers during the COVID-19 pandemic: A systematic review and meta-analysis. Brain, behavior, and immunity, 88, 901\u2013907. https:\/\/doi.org\/10.1016\/j.bbi.2020.05.026","journal-title":"Brain, behavior, and immunity"},{"key":"3031_CR15","doi-asserted-by":"publisher","first-page":"55","DOI":"10.1016\/j.jad.2020.08.001","volume":"277","author":"Jiaqi Xiong","year":"2020","unstructured":"Xiong, Jiaqi, Lipsitz, Orly, Nasri, Flora, Lui, Leanna M.W.., Gill, Hartej, Phan, Lee, Chen-Li, David, Iacobucci, Michelle, Ho, Roger, Majeed, Amna, & McIntyre, Roger S. (2020). Impact of COVID-19 pandemic on mental health in the general population: A systematic review. Journal of Affective Disorders, 277, 55\u201364. https:\/\/doi.org\/10.1016\/j.jad.2020.08.001","journal-title":"Journal of Affective Disorders"},{"key":"3031_CR16","unstructured":"Depression, W. J. G. W. H. O. (2017). Other common mental disorders: Global health estimates. 1\u201324."},{"issue":"1","key":"3031_CR17","doi-asserted-by":"publisher","first-page":"10173","DOI":"10.1038\/s41598-021-89700-8","volume":"11","author":"S Nochaiwong","year":"2021","unstructured":"Nochaiwong, S., Ruengorn, C., Thavorn, K., Hutton, B., Awiphan, R., Phosuya, C., Ruanta, Y., & Wongpakaran, T. (2021). Global prevalence of mental health issues among the general population during the coronavirus disease-2019 pandemic: A systematic review and meta-analysis. Science and Reports, 11(1), 10173. https:\/\/doi.org\/10.1038\/s41598-021-89700-8","journal-title":"Science and Reports"},{"issue":"10","key":"3031_CR18","doi-asserted-by":"publisher","first-page":"1181","DOI":"10.1017\/S1041610220001726","volume":"32","author":"O Baiyewu","year":"2020","unstructured":"Baiyewu, O., Elugbadebo, O., & Oshodi, Y. (2020). Burden of COVID-19 on mental health of older adults in a fragile healthcare system: The case of Nigeria: Dealing with inequalities and inadequacies. International psychogeriatrics, 32(10), 1181\u20131185. https:\/\/doi.org\/10.1017\/S1041610220001726","journal-title":"International psychogeriatrics"},{"issue":"1","key":"3031_CR19","doi-asserted-by":"publisher","first-page":"402","DOI":"10.1186\/s12888-020-02804-9","volume":"20","author":"A Vahedian-Azimi","year":"2020","unstructured":"Vahedian-Azimi, A., Moayed, M. S., Rahimibashar, F., Shojaei, S., Ashtari, S., & Pourhoseingholi, M. A. (2020). Comparison of the severity of psychological distress among four groups of an Iranian population regarding COVID-19 pandemic. BMC Psychiatry, 20(1), 402. https:\/\/doi.org\/10.1186\/s12888-020-02804-9","journal-title":"BMC Psychiatry"},{"key":"3031_CR20","doi-asserted-by":"crossref","unstructured":"Passos, L., Prazeres, F., Teixeira, A., & Martins, C. (2020). Impact on mental health due to COVID-19 pandemic: Cross-sectional study in Portugal and Brazil. 17(18), 6794. https:\/\/www.mdpi.com\/1660-4601\/17\/18\/6794","DOI":"10.3390\/ijerph17186794"},{"key":"3031_CR21","unstructured":"Suppawittaya, P., Yiemphat, P., Yasri, P. J. I. J. o. s., & research, h. (2020). Effects of social distancing, self-quarantine and self-isolation during the COVID-19 pandemic on people\u2019s well-being, and how to cope with it. 5(2), 12\u201320. http:\/\/www.inrein.com\/ijshr\/IJSHR_Vol.5_Issue.2_April2020\/IJSHR003.pdf"},{"issue":"4","key":"3031_CR22","doi-asserted-by":"publisher","first-page":"387","DOI":"10.1002\/j.1556-6678.2004.tb00325.x","volume":"82","author":"DH Granello","year":"2004","unstructured":"Granello, D. H., & Wheaton, J. E. (2004). Online data collection: strategies for research. Journal of Counseling & Development, 82(4), 387\u2013393. https:\/\/doi.org\/10.1002\/j.1556-6678.2004.tb00325.x","journal-title":"Journal of Counseling & Development"},{"issue":"21","key":"3031_CR23","doi-asserted-by":"publisher","first-page":"2125","DOI":"10.1001\/jama.2019.15883","volume":"322","author":"M Zimmerman","year":"2019","unstructured":"Zimmerman, M. (2019). Using the 9-item patient health questionnaire to screen for and monitor depression. JAMA, 322(21), 2125\u20132126. https:\/\/doi.org\/10.1001\/jama.2019.15883","journal-title":"JAMA"},{"issue":"8","key":"3031_CR24","doi-asserted-by":"publisher","first-page":"1533","DOI":"10.1590\/0102-311x00144612(SensibilidadeeespecificidadedoPatientHealthQuestionnaire-9(PHQ-9)entreadultosdapopula\u00e7\u00e3ogeral.)","volume":"29","author":"IS Santos","year":"2013","unstructured":"Santos, I. S., Tavares, B. F., Munhoz, T. N., Almeida, L. S., Silva, N. T., Tams, B. D., Patella, A. M., & Matijasevich, A. (2013). Sensitivity and specificity of the Patient Health Questionnaire-9 (PHQ-9) among adults from the general population. Cadernos de Sa\u00fade P\u00fablica, 29(8), 1533\u20131543. https:\/\/doi.org\/10.1590\/0102-311x00144612(SensibilidadeeespecificidadedoPatientHealthQuestionnaire-9(PHQ-9)entreadultosdapopula\u00e7\u00e3ogeral.)","journal-title":"Cadernos de Sa\u00fade P\u00fablica"},{"issue":"10","key":"3031_CR25","doi-asserted-by":"publisher","first-page":"1092","DOI":"10.1001\/archinte.166.10.1092","volume":"166","author":"RL Spitzer","year":"2006","unstructured":"Spitzer, R. L., Kroenke, K., Williams, J. B., & L\u00f6we, B. (2006). A brief measure for assessing generalized anxiety disorder: The GAD-7. Archives of Internal Medicine, 166(10), 1092\u20131097. https:\/\/doi.org\/10.1001\/archinte.166.10.1092","journal-title":"Archives of Internal Medicine"},{"key":"3031_CR26","doi-asserted-by":"publisher","first-page":"50","DOI":"10.1186\/s12955-015-0244-2","volume":"13","author":"TV Sousa","year":"2015","unstructured":"Sousa, T. V., Viveiros, V., Chai, M. V., Vicente, F. L., Jesus, G., Carnot, M. J., Gordo, A. N. C., & Ferreira, P. L. (2015). Reliability and validity of the Portuguese version of the Generalized Anxiety Disorder (GAD-7) scale. Health and Quality of Life Outcomes, 13, 50. https:\/\/doi.org\/10.1186\/s12955-015-0244-2","journal-title":"Health and Quality of Life Outcomes"},{"key":"3031_CR27","doi-asserted-by":"publisher","first-page":"251","DOI":"10.1590\/S1413-294X2002000200006","volume":"7","author":"M Bandeira","year":"2002","unstructured":"Bandeira, M., Bekou, V., Lott, K. S., Teixeira, M. A., & Rocha, S. S. J. E. (2002). Valida\u00e7\u00e3o transcultural do Teste de Orienta\u00e7\u00e3o da Vida (TOV-R). Estudos de Psicologia (Natal), 7, 251\u2013258.","journal-title":"Estudos de Psicologia (Natal)"},{"key":"3031_CR28","doi-asserted-by":"publisher","first-page":"178","DOI":"10.1590\/S0034-89102000000200012","volume":"34","author":"M Fleck","year":"2000","unstructured":"Fleck, M., Louzada, S., Xavier, M., Chachamovich, E., Vieira, G., Santos, L., & Pinzon, V. (2000). Aplica\u00e7\u00e3o da vers\u00e3o em portugu\u00eas do instrumento abreviado de avalia\u00e7\u00e3o da qualidade de vida\u201d WHOQOL-bref\u201d. Revista de Sa\u00fade P\u00fablica, 34, 178\u2013183.","journal-title":"Revista de Sa\u00fade P\u00fablica"},{"key":"3031_CR29","doi-asserted-by":"crossref","unstructured":"Medicine, W. G. J. P. (1998). Development of the World Health Organization WHOQOL-BREF quality of life assessment. 28(3), 551\u2013558.","DOI":"10.1017\/S0033291798006667"},{"issue":"5","key":"3031_CR30","doi-asserted-by":"publisher","first-page":"374","DOI":"10.1002\/da.22249","volume":"31","author":"P Cuijpers","year":"2014","unstructured":"Cuijpers, P., Turner, E. H., Koole, S. L., van Dijke, A., & Smit, F. (2014). What is the threshold for a clinically relevant effect? The case of major depressive disorders. Depression and Anxiety, 31(5), 374\u2013378. https:\/\/doi.org\/10.1002\/da.22249","journal-title":"Depression and Anxiety"},{"key":"3031_CR31","doi-asserted-by":"publisher","first-page":"395","DOI":"10.1016\/j.jad.2020.01.032","volume":"265","author":"A Toussaint","year":"2020","unstructured":"Toussaint, A., H\u00fcsing, P., Gumz, A., Wingenfeld, K., H\u00e4rter, M., Schramm, E., & L\u00f6we, B. (2020). Sensitivity to change and minimal clinically important difference of the 7-item Generalized Anxiety Disorder Questionnaire (GAD-7). Journal of Affective Disorders, 265, 395\u2013401. https:\/\/doi.org\/10.1016\/j.jad.2020.01.032","journal-title":"Journal of Affective Disorders"},{"issue":"5","key":"3031_CR32","doi-asserted-by":"publisher","first-page":"419","DOI":"10.2165\/00019053-200018050-00001","volume":"18","author":"RD Hays","year":"2000","unstructured":"Hays, R. D., & Woolley, J. M. (2000). The concept of clinically meaningful difference in health-related quality-of-life research. How meaningful is it? Pharmacoeconomics, 18(5), 419\u2013423. https:\/\/doi.org\/10.2165\/00019053-200018050-00001","journal-title":"Pharmacoeconomics"},{"issue":"5","key":"3031_CR33","doi-asserted-by":"publisher","first-page":"e249","DOI":"10.1016\/s2468-2667(20)30086-4","volume":"5","author":"L Paakkari","year":"2020","unstructured":"Paakkari, L., & Okan, O. (2020). COVID-19: Health literacy is an underestimated problem. Lancet Public Health, 5(5), e249\u2013e250. https:\/\/doi.org\/10.1016\/s2468-2667(20)30086-4","journal-title":"Lancet Public Health"},{"issue":"1","key":"3031_CR34","doi-asserted-by":"publisher","first-page":"1","DOI":"10.1186\/s12939-016-0462-1","volume":"15","author":"C Landmann-Szwarcwald","year":"2016","unstructured":"Landmann-Szwarcwald, C., & Macinko, J. J. I. (2016). A panorama of health inequalities in Brazil. International Journal for Equity in Health, 15(1), 1\u20133.","journal-title":"International Journal for Equity in Health"},{"issue":"5","key":"3031_CR35","doi-asserted-by":"publisher","first-page":"e240","DOI":"10.1016\/s2468-2667(20)30085-2","volume":"5","author":"F Ahmed","year":"2020","unstructured":"Ahmed, F., Ahmed, N., Pissarides, C., & Stiglitz, J. (2020). Why inequality could spread COVID-19. Lancet Public Health, 5(5), e240. https:\/\/doi.org\/10.1016\/s2468-2667(20)30085-2","journal-title":"Lancet Public Health"},{"key":"3031_CR36","doi-asserted-by":"crossref","unstructured":"Blustein, D. L., & Guarino, P. A. J. J. o. H. P. (2020). Work and unemployment in the time of COVID-19: The existential experience of loss and fear. 60(5), 702\u2013709.","DOI":"10.1177\/0022167820934229"},{"issue":"12","key":"3031_CR37","doi-asserted-by":"publisher","first-page":"1294","DOI":"10.1038\/s41562-020-00998-2","volume":"4","author":"J Jay","year":"2020","unstructured":"Jay, J., Bor, J., Nsoesie, E. O., Lipson, S. K., Jones, D. K., Galea, S., & Raifman, J. (2020). Neighbourhood income and physical distancing during the COVID-19 pandemic in the United States. Nature Human Behaviour, 4(12), 1294\u20131302. https:\/\/doi.org\/10.1038\/s41562-020-00998-2","journal-title":"Nature Human Behaviour"},{"key":"3031_CR38","doi-asserted-by":"publisher","unstructured":"Finch, W. H., & Hern\u00e1ndez Finch, M. E. (2020). Poverty and Covid-19: Rates of Incidence and Deaths in the United States During the First 10 Weeks of the Pandemic [Original Research]. 5(47). https:\/\/doi.org\/10.3389\/fsoc.2020.00047","DOI":"10.3389\/fsoc.2020.00047"},{"issue":"10238","key":"3031_CR39","doi-asserted-by":"publisher","first-page":"1687","DOI":"10.1016\/S0140-6736(20)31089-8","volume":"395","author":"R Cash","year":"2020","unstructured":"Cash, R., & Patel, V. (2020). Has COVID-19 subverted global health? Lancet (London, England), 395(10238), 1687\u20131688. https:\/\/doi.org\/10.1016\/S0140-6736(20)31089-8","journal-title":"Lancet (London, England)"},{"issue":"7","key":"3031_CR40","doi-asserted-by":"publisher","first-page":"783","DOI":"10.1016\/s1473-3099(20)30499-0","volume":"20","author":"M Triunfol","year":"2020","unstructured":"Triunfol, M. (2020). High COVID-19 testing rate in Portugal. The Lancet Infectious Diseases, 20(7), 783. https:\/\/doi.org\/10.1016\/s1473-3099(20)30499-0","journal-title":"The Lancet Infectious Diseases"},{"key":"3031_CR41","doi-asserted-by":"publisher","unstructured":"Baranski, E., Sweeny, K., Gardiner, G., & Funder, D. C. (2021). International optimism: Correlates and consequences of dispositional optimism across 61 countries. J Pers, 89(2), 288-304. https:\/\/doi.org\/10.1111\/jopy.12582","DOI":"10.1111\/jopy.12582"},{"key":"3031_CR42","doi-asserted-by":"publisher","first-page":"110216","DOI":"10.1016\/j.paid.2020.110216","volume":"167","author":"A Jovan\u010devi\u0107","year":"2020","unstructured":"Jovan\u010devi\u0107, A., & Mili\u0107evi\u0107, N. (2020). Optimism-pessimism, conspiracy theories and general trust as factors contributing to COVID-19 related behavior - A cross-cultural study. Personality and individual differences, 167, 110216\u2013110216. https:\/\/doi.org\/10.1016\/j.paid.2020.110216","journal-title":"Personality and individual differences"},{"issue":"22","key":"3031_CR43","doi-asserted-by":"publisher","first-page":"2373","DOI":"10.1001\/jama.2015.15845","volume":"314","author":"DA Mata","year":"2015","unstructured":"Mata, D. A., Ramos, M. A., Bansal, N., Khan, R., Guille, C., Di Angelantonio, E., & Sen, S. (2015). Prevalence of depression and depressive symptoms among resident physicians: a systematic review and meta-analysis. JAMA, 314(22), 2373\u20132383.","journal-title":"JAMA"},{"key":"3031_CR44","doi-asserted-by":"publisher","first-page":"48","DOI":"10.1016\/j.jad.2020.06.022","volume":"275","author":"G Salazar de Pablo","year":"2020","unstructured":"Salazar de Pablo, G., Vaquerizo-Serrano, J., Catalan, A., Arango, C., Moreno, C., Ferre, F., Shin, J. I., Sullivan, S., Brondino, N., Solmi, M., & Fusar-Poli, P. (2020). Impact of coronavirus syndromes on physical and mental health of health care workers: Systematic review and meta-analysis. Journal of Affective Disorders, 275, 48\u201357. https:\/\/doi.org\/10.1016\/j.jad.2020.06.022","journal-title":"Journal of Affective Disorders"},{"key":"3031_CR45","doi-asserted-by":"publisher","DOI":"10.1016\/j.psychres.2020.113190","volume":"291","author":"M Luo","year":"2020","unstructured":"Luo, M., Guo, L., Yu, M., Jiang, W., & Wang, H. (2020). The psychological and mental impact of coronavirus disease 2019 (COVID-19) on medical staff and general public - A systematic review and meta-analysis. Psychiatry Research, 291, 113190. https:\/\/doi.org\/10.1016\/j.psychres.2020.113190","journal-title":"Psychiatry Research"},{"issue":"647","key":"3031_CR46","doi-asserted-by":"publisher","first-page":"e423","DOI":"10.3399\/bjgp16X685261","volume":"66","author":"HD Robertson","year":"2016","unstructured":"Robertson, H. D., Elliott, A. M., Burton, C., Iversen, L., Murchie, P., Porteous, T., & Matheson, C. (2016). Resilience of primary healthcare professionals: A systematic review. British Journal of General Practice, 66(647), e423-433. https:\/\/doi.org\/10.3399\/bjgp16X685261","journal-title":"British Journal of General Practice"},{"key":"3031_CR47","doi-asserted-by":"publisher","first-page":"482","DOI":"10.3389\/fpubh.2020.00482","volume":"8","author":"R Tripathi","year":"2020","unstructured":"Tripathi, R., Alqahtani, S. S., Albarraq, A. A., Meraya, A. M., Tripathi, P., Banji, D., Alshahrani, S., Ahsan, W., & Alnakhli, F. M. (2020). Awareness and preparedness of COVID-19 outbreak among healthcare workers and other residents of South-West Saudi Arabia: A cross-sectional survey. Frontiers in Public Health, 8, 482\u2013482. https:\/\/doi.org\/10.3389\/fpubh.2020.00482","journal-title":"Frontiers in Public Health"},{"key":"3031_CR48","doi-asserted-by":"publisher","first-page":"119","DOI":"10.1016\/j.jad.2020.06.035","volume":"275","author":"M Peng","year":"2020","unstructured":"Peng, M., Mo, B., Liu, Y., Xu, M., Song, X., Liu, L., Fang, L., Guo, T., Ye, J., Yu, Z., Deng, Q., & Zhang, X. (2020). Prevalence, risk factors and clinical correlates of depression in quarantined population during the COVID-19 outbreak. Journal of Affective Disorders, 275, 119\u2013124. https:\/\/doi.org\/10.1016\/j.jad.2020.06.035","journal-title":"Journal of Affective Disorders"},{"issue":"10248","key":"3031_CR49","doi-asserted-by":"publisher","first-page":"367","DOI":"10.1016\/S0140-6736(20)31681-0","volume":"396","author":"LG Barberia","year":"2020","unstructured":"Barberia, L. G., & G\u00f3mez, E. J. (2020). Political and institutional perils of Brazil\u2019s COVID-19 crisis. Lancet (London, England), 396(10248), 367\u2013368. https:\/\/doi.org\/10.1016\/S0140-6736(20)31681-0","journal-title":"Lancet (London, England)"},{"issue":"4","key":"3031_CR50","doi-asserted-by":"publisher","first-page":"e00074420","DOI":"10.1590\/0102-311x00074420","volume":"36","author":"ES Marques","year":"2020","unstructured":"Marques, E. S., Moraes, C. L., Hasselmann, M. H., Deslandes, S. F., & Reichenheim, M. E. (2020). Violence against women, children, and adolescents during the COVID-19 pandemic: Overview, contributing factors, and mitigating measures. Cadernos de Sa\u00fade P\u00fablica, 36(4), e00074420. https:\/\/doi.org\/10.1590\/0102-311x00074420","journal-title":"Cadernos de Sa\u00fade P\u00fablica"},{"key":"3031_CR51","doi-asserted-by":"publisher","DOI":"10.1590\/1516-4446-2021-1896","author":"AM Valen\u00e7a","year":"2021","unstructured":"Valen\u00e7a, A. M., Telles, L. E., da Silva, A. G., & Barros, A. J. (2021). The increasing risk of domestic violence, including parricide, during the COVID-19 pandemic: Reflections and recommendations. Braz J Psychiatry. https:\/\/doi.org\/10.1590\/1516-4446-2021-1896","journal-title":"Braz J Psychiatry"},{"key":"3031_CR52","doi-asserted-by":"publisher","unstructured":"Brink, J., Cullen, P., Beek, K., & Peters, S. A. E. (2021). Intimate Partner Violence during the Covid-19 pandemic in Western and Southern European countries. European Journal of Public Health. ckab093. Advance online publication https:\/\/doi.org\/10.1093\/eurpub\/ckab093","DOI":"10.1093\/eurpub\/ckab093"},{"key":"3031_CR53","doi-asserted-by":"publisher","first-page":"172","DOI":"10.1016\/j.bbi.2020.05.040","volume":"87","author":"C Gonz\u00e1lez-Sanguino","year":"2020","unstructured":"Gonz\u00e1lez-Sanguino, C., Aus\u00edn, B., Castellanos, M., Saiz, J., L\u00f3pez-G\u00f3mez, A., Ugidos, C., & Mu\u00f1oz, M. (2020). Mental health consequences during the initial stage of the 2020 Coronavirus pandemic (COVID-19) in Spain. Brain, Behavior, and Immunity, 87, 172\u2013176. https:\/\/doi.org\/10.1016\/j.bbi.2020.05.040","journal-title":"Brain, Behavior, and Immunity"},{"key":"3031_CR54","doi-asserted-by":"publisher","first-page":"100042","DOI":"10.1016\/j.jadr.2020.100042","volume":"2","author":"C Liu","year":"2020","unstructured":"Liu, C., & Wang, M. (2020). Prevalence and factors associated with depression in patients with COVID-19. Journal of Affective Disorders Reports, 2, 100042\u2013100042. https:\/\/doi.org\/10.1016\/j.jadr.2020.100042","journal-title":"Journal of Affective Disorders Reports"},{"issue":"1","key":"3031_CR55","doi-asserted-by":"publisher","first-page":"67","DOI":"10.1080\/15487733.2020.1776561","volume":"16","author":"K Power","year":"2020","unstructured":"Power, K. (2020). The COVID-19 pandemic has increased the care burden of women and families. Sustainability Science, Practice and Policy, 16(1), 67\u201373. https:\/\/doi.org\/10.1080\/15487733.2020.1776561","journal-title":"Sustainability Science, Practice and Policy"},{"key":"3031_CR56","doi-asserted-by":"crossref","unstructured":"Carli, L. L. (2020). Women, Gender equality and COVID-19. Gender in Management: An International Journal.","DOI":"10.1108\/GM-07-2020-0236"},{"key":"3031_CR57","doi-asserted-by":"publisher","first-page":"112954","DOI":"10.1016\/j.psychres.2020.112954","volume":"288","author":"Y Huang","year":"2020","unstructured":"Huang, Y., & Zhao, N. (2020). Generalized anxiety disorder, depressive symptoms and sleep quality during COVID-19 outbreak in China: A web-based cross-sectional survey. Psychiatry Research, 288, 112954. https:\/\/doi.org\/10.1016\/j.psychres.2020.112954","journal-title":"Psychiatry Research"},{"issue":"4","key":"3031_CR58","doi-asserted-by":"publisher","first-page":"e00054020","DOI":"10.1590\/0102-311x00054020(Nivelesdeestr\u00e9s,ansiedadydepresi\u00f3nenlaprimerafasedelbrotedelCOVID-19enunamuestrarecogidaenelnortedeEspa\u00f1a.)","volume":"36","author":"N Ozamiz-Etxebarria","year":"2020","unstructured":"Ozamiz-Etxebarria, N., Dosil-Santamaria, M., Picaza-Gorrochategui, M., & Idoiaga-Mondragon, N. (2020). Stress, anxiety, and depression levels in the initial stage of the COVID-19 outbreak in a population sample in the northern Spain. Cadernos de Sa\u00fade P\u00fablica, 36(4), e00054020. https:\/\/doi.org\/10.1590\/0102-311x00054020(Nivelesdeestr\u00e9s,ansiedadydepresi\u00f3nenlaprimerafasedelbrotedelCOVID-19enunamuestrarecogidaenelnortedeEspa\u00f1a.)","journal-title":"Cadernos de Sa\u00fade P\u00fablica"},{"issue":"4","key":"3031_CR59","doi-asserted-by":"publisher","first-page":"545","DOI":"10.1016\/j.amepre.2019.05.012","volume":"57","author":"CP McDowell","year":"2019","unstructured":"McDowell, C. P., Dishman, R. K., Gordon, B. R., & Herring, M. P. (2019). Physical activity and anxiety: A systematic review and meta-analysis of prospective cohort studies. American Journal of Preventive Medicine, 57(4), 545\u2013556. https:\/\/doi.org\/10.1016\/j.amepre.2019.05.012","journal-title":"American Journal of Preventive Medicine"},{"issue":"7","key":"3031_CR60","doi-asserted-by":"publisher","first-page":"631","DOI":"10.1176\/appi.ajp.2018.17111194","volume":"175","author":"Felipe B Schuch","year":"2018","unstructured":"Schuch, Felipe B., Vancampfort, Davy, Firth, Joseph, Rosenbaum, Simon, Ward, Philip B., Silva, Edson S., Hallgren, Mats, Leon, Antonio Ponce De., Dunn, Andrea L., Deslandes, Andrea C., Fleck, Marcelo P., Carvalho, Andre F., & Stubbs, B. (2018). Physical activity and incident depression: A meta-analysis of prospective cohort studies. American Journal of Psychiatry, 175(7), 631\u2013648. https:\/\/doi.org\/10.1176\/appi.ajp.2018.17111194","journal-title":"American Journal of Psychiatry"},{"key":"3031_CR61","doi-asserted-by":"publisher","first-page":"100345","DOI":"10.1016\/j.mhpa.2020.100345","volume":"19","author":"Louis Jacob","year":"2020","unstructured":"Jacob, Louis, Tully, Mark A., Barnett, Yvonne, Lopez-Sanchez, Guillermo F., Butler, Laurie, Schuch, Felipe, L\u00f3pez-Bueno, Rub\u00e9n, McDermott, Daragh, Firth, Joseph, Grabovac, Igor, Yakkundi, Anita, Armstrong, Nicola, Young, Timothy, & Smith, Lee. (2020). The relationship between physical activity and mental health in a sample of the UK public: A cross-sectional study during the implementation of COVID-19 social distancing measures. Mental Health and Physical Activity, 19, 100345\u2013100345. https:\/\/doi.org\/10.1016\/j.mhpa.2020.100345","journal-title":"Mental Health and Physical Activity"},{"issue":"4","key":"3031_CR62","doi-asserted-by":"publisher","first-page":"394","DOI":"10.1017\/s1478951520000528","volume":"18","author":"M Louvardi","year":"2020","unstructured":"Louvardi, M., Pelekasis, P., Chrousos, G. P., & Darviri, C. (2020). Mental health in chronic disease patients during the COVID-19 quarantine in Greece. Palliative & Supportive Care, 18(4), 394\u2013399. https:\/\/doi.org\/10.1017\/s1478951520000528","journal-title":"Palliative & Supportive Care"},{"issue":"1","key":"3031_CR63","doi-asserted-by":"publisher","first-page":"62","DOI":"10.1007\/s40596-017-0777-2","volume":"42","author":"G Lucchetti","year":"2018","unstructured":"Lucchetti, G., Damiano, R. F., DiLalla, L. F., Lucchetti, A. L. G., Moutinho, I. L. D., da Silva Ezequiel, O., & Kevin Dorsey, J. (2018). Cross-cultural differences in mental health, quality of life, empathy, and Burnout between US and Brazilian Medical Students. Academic Psychiatry, 42(1), 62\u201367. https:\/\/doi.org\/10.1007\/s40596-017-0777-2","journal-title":"Academic Psychiatry"}],"container-title":["Quality of Life Research"],"original-title":[],"language":"en","link":[{"URL":"https:\/\/link.springer.com\/content\/pdf\/10.1007\/s11136-021-03031-9.pdf","content-type":"application\/pdf","content-version":"vor","intended-application":"text-mining"},{"URL":"https:\/\/link.springer.com\/article\/10.1007\/s11136-021-03031-9\/fulltext.html","content-type":"text\/html","content-version":"vor","intended-application":"text-mining"},{"URL":"https:\/\/link.springer.com\/content\/pdf\/10.1007\/s11136-021-03031-9.pdf","content-type":"application\/pdf","content-version":"vor","intended-application":"similarity-checking"}],"deposited":{"date-parts":[[2022,5,12]],"date-time":"2022-05-12T11:26:33Z","timestamp":1652354793000},"score":1,"resource":{"primary":{"URL":"https:\/\/link.springer.com\/10.1007\/s11136-021-03031-9"}},"subtitle":[],"short-title":[],"issued":{"date-parts":[[2021,11,8]]},"references-count":63,"journal-issue":{"issue":"6","published-print":{"date-parts":[[2022,6]]}},"alternative-id":["3031"],"URL":"https:\/\/doi.org\/10.1007\/s11136-021-03031-9","relation":{},"ISSN":["0962-9343","1573-2649"],"issn-type":[{"value":"0962-9343","type":"print"},{"value":"1573-2649","type":"electronic"}],"subject":[],"published":{"date-parts":[[2021,11,8]]},"assertion":[{"value":"31 October 2021","order":1,"name":"accepted","label":"Accepted","group":{"name":"ArticleHistory","label":"Article History"}},{"value":"8 November 2021","order":2,"name":"first_online","label":"First Online","group":{"name":"ArticleHistory","label":"Article History"}},{"order":1,"name":"Ethics","group":{"name":"EthicsHeading","label":"Declarations"}},{"value":"The Author(s) declare(s) that there is no conflict of interest.","order":2,"name":"Ethics","group":{"name":"EthicsHeading","label":"Conflict of interest"}},{"value":"This content has been made available to all.","name":"free","label":"Free to read"}]}}