{"status":"ok","message-type":"work","message-version":"1.0.0","message":{"indexed":{"date-parts":[[2023,5,30]],"date-time":"2023-05-30T15:28:37Z","timestamp":1685460517571},"reference-count":24,"publisher":"Springer Science and Business Media LLC","issue":"2","license":[{"start":{"date-parts":[[2008,2,21]],"date-time":"2008-02-21T00:00:00Z","timestamp":1203552000000},"content-version":"tdm","delay-in-days":0,"URL":"http:\/\/www.springer.com\/tdm"}],"content-domain":{"domain":[],"crossmark-restriction":false},"short-container-title":["Int Rev Educ"],"published-print":{"date-parts":[[2008,3]]},"DOI":"10.1007\/s11159-008-9082-3","type":"journal-article","created":{"date-parts":[[2008,2,20]],"date-time":"2008-02-20T11:45:18Z","timestamp":1203507918000},"page":"193-210","source":"Crossref","is-referenced-by-count":2,"title":["Droit International De L\u2019\u00e9ducation: Une Discipline Nouvelle?"],"prefix":"10.1007","volume":"54","author":[{"given":"Agostinho Reis","family":"Monteiro","sequence":"first","affiliation":[]}],"member":"297","published-online":{"date-parts":[[2008,2,21]]},"reference":[{"key":"9082_CR1","unstructured":"Badinter, Robert. 1990. Rapport final. In: Universalit\u00e9 des droits de l\u2019homme dans un monde pluraliste \u2013 Actes du Colloque organis\u00e9 par le Conseil de l\u2019Europe en collaboration avec l\u2019Institut international des droits de l\u2019homme, Strasbourg, 17\u201319 avril 1989, \u00e9d. par Conseil de l\u2019Europe, 181\u2013188. Strasbourg: \u00e9ditions N. P. Engel"},{"key":"9082_CR2","unstructured":"B\u00e9langer, Michel. 1997. Le droit international de la sant\u00e9. Paris: Presse Universitaires de France, \u2039Que sais-je?\u2019-3204"},{"key":"9082_CR3","unstructured":"Bergmann, B. 1962. Erzieher, Pers\u00f6nlichkeit des Erziehers. In: Lexikon der P\u00e4dagogik in vier B\u00e4nden \u2013 I. Band: ABB-Fertigkeit, \u00e9d. par Deutschen Institut f\u00fcr wissenschaftliche P\u00e4dagogik, M\u00fcnster, und dem Institut f\u00fcr Vergleichende Erziehungswissenschaft, Salzburg, 1026\u20131029. Freiburg\/Basel\/Wien: Herder (Dritte Auflage)"},{"key":"9082_CR4","unstructured":"Cassin, Ren\u00e9. 1953. La D\u00e9claration universelle et les droits culturels de l\u2019homme. Les Dialogues no. 6, janvier: 1\u201312"},{"key":"9082_CR5","unstructured":"Gebert, Pius. 1996. Das Recht auf Bildung nach Art. 13 des UNO-Paktes \u00fcber wirtschaftliche, soziale und kulturelle Rechte \u2013 und seine Auswirkungen auf das schweizerische Bildungswesen \u2013 Dissertation \u2013 zur Eerlangung der W\u00fcrde eines Doktors beider Rechte vorgelegt der Rechtswissenschaftlichen Fakult\u00e4t der Universit\u00e4t Freiburg in der Schweiz. St. Gallen (exemplaire reprographi\u00e9)"},{"key":"9082_CR6","doi-asserted-by":"crossref","unstructured":"Halvorsen, Kate. 1990. Notes on the Realization of the Human Right to Education. Human Rights Quartely \u2013 A Comparative and International Journal of the Social Sciences, Humanities and Law 12(3): 341\u2013364","DOI":"10.2307\/762529"},{"key":"9082_CR7","unstructured":"Heringa, Aalt-Willem. 1998. Th\u00e8me 2: Droits sociaux: le d\u00e9fi de l\u2019indivisibilit\u00e9 et de l\u2019interd\u00e9pendance (Rapporteur). In: Tous concern\u00e9s \u2013 L\u2019effectivit\u00e9 de la protection des droits de l\u2019homme 50 ans apr\u00e8s la D\u00e9claration universelle (Actes d\u2019un Colloque r\u00e9gional europ\u00e9en organis\u00e9 par le Conseil de l\u2019Europe, Strasbourg, 2\u20134 septembre 1998), \u00e9d. par Conseil de l\u2019Europe, 96\u2013105. Strasbourg: Conseil de l\u2019Europe"},{"key":"9082_CR8","unstructured":"Kiss, Alexandre-Charles. 1975. La protection du droit \u00e0 l\u2019\u00e9ducation dans le cadre de la protection internationale des droits de l\u2019homme depuis 1948. In: Recueil de la Soci\u00e9t\u00e9 Jean Bodin pour l\u2019histoire comparative des institutions, XXXIX \u2013 L\u2019enfant \u2013 Cinqui\u00e8me partie: Le droit \u00e0 l\u2019\u00e9ducation, \u00e9d. par Soci\u00e9t\u00e9 Jean Bodin pour l\u2019Histoire Comparative des Institutions, 417\u2013439. Bruxelles: \u00e9ditions de la Librairie Encyclop\u00e9dique"},{"key":"9082_CR9","unstructured":"Le Goff, Jacques. 1985. Du silence \u00e0 la parole \u2013 Droit du Travail-Soci\u00e9t\u00e9-\u00e9tat, 1830\u20131985. Quimper: Calligrammes\/La Digitale"},{"key":"9082_CR10","unstructured":"MacBride, Sean. 1967. Introduction: La signification de l\u2019ann\u00e9e des droits de l\u2019homme. Revue de la Commission Internationale des Juristes (Num\u00e9ro sp\u00e9cial: 1968 \u2013 Ann\u00e9e internationale des droits de l\u2019homme, Premi\u00e8re partie) (Gen\u00e8ve), Tome VIII, No. 2, d\u00e9cembre: III\u2013XII"},{"key":"9082_CR11","unstructured":"Maheu, Ren\u00e9. 1972. Au service de l\u2019esprit dans l\u2019histoire. In: Dans l\u2019esprit des hommes \u2013 UNESCO 1946\u20131971, \u00e9d. par UNESCO, 313\u2013352. Paris : UNESCO"},{"key":"9082_CR12","unstructured":"Nartowski, Andrzej S. 1975. The UNESCO System of protection of the Right to Education (As an Example of the Most Rational Model of the Protection of Human Rights by an International Organisation). In: Annuaire Polonais de Droit International, VI, 1974, \u00e9d. par Acad\u00e9mie Polonaise des Sciences \/ Institut des Sciences Juridiques, 289\u2013309. Maison d\u2019\u00e9dition de l\u2019Acad\u00e9mie Polonaise des Sciences."},{"key":"9082_CR13","unstructured":"Nations Unies. 1995. Les Nations Unies et les droits de l\u2019homme \u2013 1945\u20131995 \u2013 Avec une introduction de Boutros Boutros-Ghali, Secr\u00e9taire g\u00e9n\u00e9ral de l\u2019Organisation des Nations Unies. New York: Nations Unies, D\u00e9partement de l\u2019information, S\u00e9rie Livres bleus des Nations Unies, Volume VII"},{"key":"9082_CR14","unstructured":"Perschel, Wolfgang. 1984. Recht auf Bildung. In: Enzyklopaedie Erziehungswissenschaft \u2013 Handbuch und Lexikon der Erziehung in 11 B\u00e4nden und einem Registerband. Band 5: Organisation, Recht und Oekonomie des Bildungswesens, \u00e9d. par Dieter Lenzen, 549\u2013553. Stuttgart: Klett-Cotta"},{"key":"9082_CR15","unstructured":"Przetacznik, Franciszek. 1985. The philosophical concept of the right to education as a basic human right. Revue de Droit International de Sciences Diplomatiques et Politiques (The International Law Review) Tome LXIII: 257\u2013288"},{"key":"9082_CR16","unstructured":"Robinson, Nehemiah. 1958. The Universal Declaration of Human Rights \u2013 Its Origin, Signifiance, Application and Interpretation. New York: Institute of Jewish Affairs, World Jewish Congress"},{"key":"9082_CR17","unstructured":"Smith, Rhona K. M. 2003. Textbook on International Human Rights. Oxford : Oxford University Press"},{"key":"9082_CR18","unstructured":"Solari, Ubaldino C. 1986. Modernas tendencias del derecho de familia. Montevideo: Instituto interamericano del ni\u00f1o"},{"key":"9082_CR19","unstructured":"Supiot, Alain. 1990. Pourquoi un droit du travail? Droit social, no. 6, juin: 485\u2013492"},{"key":"9082_CR20","doi-asserted-by":"crossref","unstructured":"Trapero-Ballestero, Angel. 1984. Le droit \u00e0 l\u2019\u00e9ducation et le droit international. In: L\u2019avenir du droit international dans un monde multiculturel \u2013 Colloque, La Haye, 17\u201319 novembre 1983, \u00e9d. par Ren\u00e9-Jean Dupuy, 391\u2013400. The Hague\/Boston\/London : Martinus Nijhof Publishers.","DOI":"10.1163\/ej.9789024730704.15-492.67"},{"key":"9082_CR21","unstructured":"UNESCO. 1968. Rapport final de la Conf\u00e9rence des Organisations internationales non gouvernementales sur les droits de l\u2019homme \u2013 Recherche d\u2019une tactique des Organisations non gouvernementales en vue d\u2019une progression dans le domaine des Droits de l\u2019Homme. Paris: Maison de l\u2019UNESCO, 16\u201320 septembre 1968"},{"key":"9082_CR22","unstructured":"UNESCO. 1979. Recommandations \u2013 1934\u20131977. Paris: Conf\u00e9rence internationale de l\u2019\u00e9ducation"},{"key":"9082_CR23","unstructured":"Valticos, N. 1970. Droit du travail \u2013 Droit international du travail \u2013 Tome 8. Paris: Dalloz (2e \u00e9d., 1983)"},{"key":"9082_CR24","doi-asserted-by":"crossref","unstructured":"Van Bueren, Geraldine. 1995. The International Law on the Rights of the Child. Dordrecht\/Boston\/London: Martinus Nijhoff Publishers, International Studies in Human Rights, Volume 35","DOI":"10.1163\/9789004482197_021"}],"container-title":["International Review of Education"],"original-title":[],"language":"en","link":[{"URL":"http:\/\/link.springer.com\/content\/pdf\/10.1007\/s11159-008-9082-3.pdf","content-type":"application\/pdf","content-version":"vor","intended-application":"text-mining"},{"URL":"http:\/\/link.springer.com\/article\/10.1007\/s11159-008-9082-3\/fulltext.html","content-type":"text\/html","content-version":"vor","intended-application":"text-mining"},{"URL":"http:\/\/link.springer.com\/content\/pdf\/10.1007\/s11159-008-9082-3","content-type":"unspecified","content-version":"vor","intended-application":"similarity-checking"}],"deposited":{"date-parts":[[2023,5,16]],"date-time":"2023-05-16T15:24:53Z","timestamp":1684250693000},"score":1,"resource":{"primary":{"URL":"http:\/\/link.springer.com\/10.1007\/s11159-008-9082-3"}},"subtitle":[],"short-title":[],"issued":{"date-parts":[[2008,2,21]]},"references-count":24,"journal-issue":{"issue":"2","published-print":{"date-parts":[[2008,3]]}},"alternative-id":["9082"],"URL":"https:\/\/doi.org\/10.1007\/s11159-008-9082-3","relation":{},"ISSN":["0020-8566","1573-0638"],"issn-type":[{"value":"0020-8566","type":"print"},{"value":"1573-0638","type":"electronic"}],"subject":[],"published":{"date-parts":[[2008,2,21]]}}}