{"status":"ok","message-type":"work","message-version":"1.0.0","message":{"indexed":{"date-parts":[[2026,4,12]],"date-time":"2026-04-12T13:46:08Z","timestamp":1776001568480,"version":"3.50.1"},"reference-count":139,"publisher":"Springer Science and Business Media LLC","license":[{"start":{"date-parts":[[2023,2,7]],"date-time":"2023-02-07T00:00:00Z","timestamp":1675728000000},"content-version":"tdm","delay-in-days":0,"URL":"https:\/\/creativecommons.org\/licenses\/by\/4.0"},{"start":{"date-parts":[[2023,2,7]],"date-time":"2023-02-07T00:00:00Z","timestamp":1675728000000},"content-version":"vor","delay-in-days":0,"URL":"https:\/\/creativecommons.org\/licenses\/by\/4.0"}],"funder":[{"DOI":"10.13039\/501100005032","name":"Funda\u00e7\u00e3o Bial","doi-asserted-by":"publisher","award":["495\/14"],"award-info":[{"award-number":["495\/14"]}],"id":[{"id":"10.13039\/501100005032","id-type":"DOI","asserted-by":"publisher"}]},{"DOI":"10.13039\/100010663","name":"H2020 European Research Council","doi-asserted-by":"publisher","award":["802553"],"award-info":[{"award-number":["802553"]}],"id":[{"id":"10.13039\/100010663","id-type":"DOI","asserted-by":"publisher"}]},{"DOI":"10.13039\/501100001871","name":"Funda\u00e7\u00e3o para a Ci\u00eancia e a Tecnologia","doi-asserted-by":"publisher","award":["SFRH\/BD\/136029\/2018"],"award-info":[{"award-number":["SFRH\/BD\/136029\/2018"]}],"id":[{"id":"10.13039\/501100001871","id-type":"DOI","asserted-by":"publisher"}]},{"DOI":"10.13039\/501100001871","name":"Funda\u00e7\u00e3o para a Ci\u00eancia e a Tecnologia","doi-asserted-by":"publisher","award":["2020.00524.CEECIND"],"award-info":[{"award-number":["2020.00524.CEECIND"]}],"id":[{"id":"10.13039\/501100001871","id-type":"DOI","asserted-by":"publisher"}]},{"DOI":"10.13039\/501100001871","name":"Funda\u00e7\u00e3o para a Ci\u00eancia e a Tecnologia","doi-asserted-by":"publisher","award":["PTDC\/PSI-GER\/30757\/2017"],"award-info":[{"award-number":["PTDC\/PSI-GER\/30757\/2017"]}],"id":[{"id":"10.13039\/501100001871","id-type":"DOI","asserted-by":"publisher"}]},{"DOI":"10.13039\/501100005727","name":"Universidade de Coimbra","doi-asserted-by":"crossref","id":[{"id":"10.13039\/501100005727","id-type":"DOI","asserted-by":"crossref"}]}],"content-domain":{"domain":["link.springer.com"],"crossmark-restriction":false},"short-container-title":["GeroScience"],"abstract":"<jats:title>Abstract<\/jats:title><jats:p>Episodic memory decline is a major signature of both normal and pathological aging. Many neural regions have been implicated in the processes subserving both episodic memory and typical aging decline. Here, we demonstrate that the cerebellum is causally involved episodic memory under aging. We show that a 12-day neurostimulation program delivered to the right cerebellum led to improvements in episodic memory performance under healthy aging that long outlast the stimulation period \u2014 healthy elderly individuals show episodic memory improvement both immediately after the intervention program and in a 4-month follow-up. These results demonstrate the causal relevance of the cerebellum in processes associated with long-term episodic memory, potentially highlighting its role in regulating and maintaining cognitive processing. Moreover, they point to the importance of non-pharmacological interventions that prevent or diminish cognitive decline in healthy aging.<\/jats:p>","DOI":"10.1007\/s11357-023-00738-0","type":"journal-article","created":{"date-parts":[[2023,2,7]],"date-time":"2023-02-07T17:46:34Z","timestamp":1675791994000},"update-policy":"https:\/\/doi.org\/10.1007\/springer_crossmark_policy","source":"Crossref","is-referenced-by-count":10,"title":["The cerebellum is causally involved in episodic memory under aging"],"prefix":"10.1007","author":[{"ORCID":"https:\/\/orcid.org\/0000-0002-6302-7564","authenticated-orcid":false,"given":"Jorge","family":"Almeida","sequence":"first","affiliation":[]},{"given":"Ana R.","family":"Martins","sequence":"additional","affiliation":[]},{"given":"L\u00e9nia","family":"Amaral","sequence":"additional","affiliation":[]},{"given":"Daniela","family":"Val\u00e9rio","sequence":"additional","affiliation":[]},{"given":"Qasim","family":"Bukhari","sequence":"additional","affiliation":[]},{"given":"Guilherme","family":"Schu","sequence":"additional","affiliation":[]},{"given":"Joana","family":"Nogueira","sequence":"additional","affiliation":[]},{"given":"M\u00f3nica","family":"Sp\u00ednola","sequence":"additional","affiliation":[]},{"given":"Ghazaleh","family":"Soleimani","sequence":"additional","affiliation":[]},{"given":"Filipe","family":"Fernandes","sequence":"additional","affiliation":[]},{"given":"Ana R.","family":"Silva","sequence":"additional","affiliation":[]},{"given":"Felipe","family":"Fregni","sequence":"additional","affiliation":[]},{"given":"Marcel","family":"Simis","sequence":"additional","affiliation":[]},{"given":"M\u00e1rio","family":"Sim\u00f5es","sequence":"additional","affiliation":[]},{"given":"Andr\u00e9","family":"Peres","sequence":"additional","affiliation":[]}],"member":"297","published-online":{"date-parts":[[2023,2,7]]},"reference":[{"key":"738_CR1","unstructured":"United Nations, Department of Economic and Social Affairs, Population Division (2019). World Population Prospects 2019: Data Booket. ST\/ESA\/SER. A\/424."},{"key":"738_CR2","doi-asserted-by":"crossref","first-page":"158","DOI":"10.1080\/13825585.2016.1176986","volume":"24","author":"ARS Martins","year":"2017","unstructured":"Martins ARS, Fregni F, Simis M, Almeida J. Neuromodulation as a cognitive enhancement strategy in healthy older adults: promises and pitfalls. Aging Neuropsychol Cogn. 2017;24:158\u201385.","journal-title":"Aging Neuropsychol Cogn"},{"key":"738_CR3","doi-asserted-by":"crossref","first-page":"195","DOI":"10.1016\/j.neuron.2004.09.006","volume":"44","author":"RL Buckner","year":"2004","unstructured":"Buckner RL. Memory and executive function in aging and AD: Multiple factors that cause decline and reserve factors that compensate. Neuron. 2004;44:195\u2013208.","journal-title":"Neuron"},{"key":"738_CR4","doi-asserted-by":"crossref","first-page":"637","DOI":"10.1038\/nrn1178","volume":"4","author":"JS Simons","year":"2003","unstructured":"Simons JS, Spiers HJ. Prefrontal and medial temporal lobe interactions in long-term memory. Nat Rev Neurosci. 2003;4:637\u201348.","journal-title":"Nat Rev Neurosci"},{"key":"738_CR5","doi-asserted-by":"crossref","first-page":"445","DOI":"10.1016\/j.tics.2005.07.001","volume":"9","author":"AD Wagner","year":"2005","unstructured":"Wagner AD, Shannon BJ, Kahn I, Buckner RL. Parietal lobe contributions to episodic memory retrieval. Trends Cogn Sci. 2005;9:445\u201353.","journal-title":"Trends Cogn Sci"},{"key":"738_CR6","doi-asserted-by":"crossref","unstructured":"Wagner AD, et al. Building memories: Remembering and forgetting of verbal experiences as predicted by brain activity. Science (80-. ). (1998);281:1188\u20131191.","DOI":"10.1126\/science.281.5380.1188"},{"key":"738_CR7","doi-asserted-by":"crossref","first-page":"226","DOI":"10.1002\/(SICI)1097-0193(1999)8:4<226::AID-HBM6>3.0.CO;2-4","volume":"8","author":"NC Andreasen","year":"1999","unstructured":"Andreasen NC, et al. The cerebellum plays a role in consciously-retrieved episodic memory. Hum Brain Mapp. 1999;8:226\u201334.","journal-title":"Hum Brain Mapp"},{"key":"738_CR8","doi-asserted-by":"crossref","first-page":"951","DOI":"10.1016\/j.biopsych.2008.10.017","volume":"65","author":"F Bai","year":"2009","unstructured":"Bai F, et al. Abnormal Functional Connectivity of Hippocampus During Episodic Memory Retrieval Processing Network in Amnestic Mild Cognitive Impairment. Biol Psychiatry. 2009;65:951\u20138.","journal-title":"Biol Psychiatry"},{"key":"738_CR9","doi-asserted-by":"crossref","first-page":"148","DOI":"10.21037\/qims.2019.10.19","volume":"10","author":"D Cui","year":"2020","unstructured":"Cui D, et al. Volumetric reduction of cerebellar lobules associated with memory decline across the adult lifespan. Quant Imaging Med Surg. 2020;10:148\u201359.","journal-title":"Quant Imaging Med Surg"},{"key":"738_CR10","doi-asserted-by":"crossref","first-page":"1330","DOI":"10.1016\/j.neuroimage.2007.02.004","volume":"35","author":"K Fliessbach","year":"2007","unstructured":"Fliessbach K, Trautner P, Quesada CM, Elger CE, Weber B. Cerebellar contributions to episodic memory encoding as revealed by fMRI. Neuroimage. 2007;35:1330\u20137.","journal-title":"Neuroimage"},{"key":"738_CR11","doi-asserted-by":"crossref","first-page":"161","DOI":"10.1111\/j.1468-1331.2006.01157.x","volume":"13","author":"LSK Hokkanen","year":"2006","unstructured":"Hokkanen LSK, Kauranen V, Roine RO, Salonen O, Kotila M. Subtle cognitive deficits after cerebellar infarcts. Eur J Neurol. 2006;13:161\u201370.","journal-title":"Eur J Neurol"},{"key":"738_CR12","doi-asserted-by":"crossref","first-page":"213","DOI":"10.1093\/brain\/awg020","volume":"126","author":"AM Morcom","year":"2003","unstructured":"Morcom AM, Good CD, Frackowiak RSJ, Rugg MD. Age effects on the neural correlates of successful memory encoding. Brain. 2003;126:213\u201329.","journal-title":"Brain"},{"key":"738_CR13","doi-asserted-by":"crossref","first-page":"171","DOI":"10.3233\/JAD-170086","volume":"58","author":"L Serra","year":"2017","unstructured":"Serra L, et al. Memory is Not Enough: The Neurobiological Substrates of Dynamic Cognitive Reserve. J Alzheimer\u2019s Dis. 2017;58:171\u201384.","journal-title":"J Alzheimer\u2019s Dis"},{"key":"738_CR14","doi-asserted-by":"crossref","first-page":"173","DOI":"10.1146\/annurev.psych.59.103006.093656","volume":"60","author":"DC Park","year":"2009","unstructured":"Park DC, Reuter-Lorenz P. The adaptive brain: Aging and neurocognitive scaffolding. Annu Rev Psychol. 2009;60:173\u201396.","journal-title":"Annu Rev Psychol"},{"key":"738_CR15","doi-asserted-by":"crossref","first-page":"507","DOI":"10.1016\/j.neurobiolaging.2008.09.023","volume":"30","author":"TA Salthouse","year":"2009","unstructured":"Salthouse TA. When does age-related cognitive decline begin? Neurobiol Aging. 2009;30:507\u201314.","journal-title":"Neurobiol Aging"},{"key":"738_CR16","doi-asserted-by":"crossref","first-page":"1272","DOI":"10.1093\/cercor\/bhv102","volume":"26","author":"AM Fjell","year":"2016","unstructured":"Fjell AM, et al. Brain Events Underlying Episodic Memory Changes in Aging: A Longitudinal Investigation of Structural and Functional Connectivity. Cereb Cortex. 2016;26:1272\u201386.","journal-title":"Cereb Cortex"},{"key":"738_CR17","doi-asserted-by":"crossref","first-page":"910","DOI":"10.1016\/j.neuroimage.2010.02.046","volume":"51","author":"L Wang","year":"2010","unstructured":"Wang L, et al. Intrinsic connectivity between the hippocampus and posteromedial cortex predicts memory performance in cognitively intact older individuals. Neuroimage. 2010;51:910\u20137.","journal-title":"Neuroimage"},{"key":"738_CR18","doi-asserted-by":"crossref","first-page":"E1093","DOI":"10.1073\/pnas.1716443115","volume":"115","author":"JT Wixted","year":"2018","unstructured":"Wixted JT, et al. Coding of episodic memory in the human hippocampus. Proc Natl Acad Sci U S A. 2018;115:E1093\u20138.","journal-title":"Proc Natl Acad Sci U S A"},{"key":"738_CR19","doi-asserted-by":"crossref","first-page":"198","DOI":"10.1002\/(SICI)1098-1063(1998)8:3<198::AID-HIPO2>3.0.CO;2-G","volume":"8","author":"E Tulving","year":"1998","unstructured":"Tulving E, Markowitsch HJ. Episodic and declarative memory: Role of the hippocampus. Hippocampus. 1998;8:198\u2013204.","journal-title":"Hippocampus"},{"key":"738_CR20","doi-asserted-by":"crossref","first-page":"66","DOI":"10.1016\/j.neubiorev.2017.04.030","volume":"79","author":"LEB Bettio","year":"2017","unstructured":"Bettio LEB, Rajendran L, Gil-Mohapel J. The effects of aging in the hippocampus and cognitive decline. Neurosci Biobehav Rev. 2017;79:66\u201386.","journal-title":"Neurosci Biobehav Rev"},{"key":"738_CR21","doi-asserted-by":"crossref","first-page":"468","DOI":"10.1016\/j.neuroimage.2016.03.047","volume":"133","author":"JS Damoiseaux","year":"2016","unstructured":"Damoiseaux JS, Viviano RP, Yuan P, Raz N. Differential effect of age on posterior and anterior hippocampal functional connectivity. Neuroimage. 2016;133:468\u201376.","journal-title":"Neuroimage"},{"key":"738_CR22","doi-asserted-by":"crossref","first-page":"17654","DOI":"10.1073\/pnas.1410233111","volume":"111","author":"A Salami","year":"2014","unstructured":"Salami A, Pudas S, Nyberg L. Elevated hippocampal resting-state connectivity underlies deficient neurocognitive function in aging. Proc Natl Acad Sci U S A. 2014;111:17654\u20139.","journal-title":"Proc Natl Acad Sci U S A"},{"key":"738_CR23","doi-asserted-by":"crossref","first-page":"1150","DOI":"10.1037\/0735-7044.117.6.1150","volume":"117","author":"AC Rosen","year":"2003","unstructured":"Rosen AC, et al. Differential Associations between Entorhinal and Hippocampal Volumes and Memory Performance in Older Adults. Behav Neurosci. 2003;117:1150\u201360.","journal-title":"Behav Neurosci"},{"key":"738_CR24","doi-asserted-by":"crossref","first-page":"1482","DOI":"10.1001\/archneur.64.10.1482","volume":"64","author":"G Allen","year":"2007","unstructured":"Allen G, et al. Reduced hippocampal functional connectivity in Alzheimer disease. Arch Neurol. 2007;64:1482\u20137.","journal-title":"Arch Neurol"},{"key":"738_CR25","doi-asserted-by":"crossref","first-page":"103","DOI":"10.1016\/j.brs.2012.03.004","volume":"5","author":"R Manenti","year":"2012","unstructured":"Manenti R, Cotelli M, Robertson IH, Miniussi C. Transcranial brain stimulation studies of episodic memory in young adults, elderly adults and individuals with memory dysfunction: A review. Brain Stimul. 2012;5:103\u20139.","journal-title":"Brain Stimul"},{"key":"738_CR26","doi-asserted-by":"crossref","first-page":"907","DOI":"10.1093\/cercor\/bhj036","volume":"16","author":"J Persson","year":"2006","unstructured":"Persson J, et al. Structure-function correlates of cognitive decline in aging. Cereb Cortex. 2006;16:907\u201315.","journal-title":"Cereb Cortex"},{"key":"738_CR27","first-page":"1","volume":"6","author":"D Vidal-Pi\u00f1eiro","year":"2014","unstructured":"Vidal-Pi\u00f1eiro D, et al. Decreased Default Mode Network connectivity correlates with age-associated structural and cognitive changes. Front Aging Neurosci. 2014;6:1\u201317.","journal-title":"Front Aging Neurosci"},{"key":"738_CR28","doi-asserted-by":"crossref","first-page":"1178","DOI":"10.1001\/archneur.1991.00530230086029","volume":"48","author":"JD Schmahmann","year":"1991","unstructured":"Schmahmann JD. An Emerging Concept: The Cerebellar Contribution to Higher Function. Arch Neurol. 1991;48:1178\u201387.","journal-title":"Arch Neurol"},{"key":"738_CR29","doi-asserted-by":"crossref","first-page":"62","DOI":"10.1016\/j.neulet.2018.07.005","volume":"688","author":"JD Schmahmann","year":"2019","unstructured":"Schmahmann JD. The cerebellum and cognition. Neurosci Lett. 2019;688:62\u201375.","journal-title":"Neurosci Lett"},{"key":"738_CR30","doi-asserted-by":"crossref","first-page":"337","DOI":"10.1146\/annurev-neuro-070918-050258","volume":"42","author":"JD Schmahmann","year":"2019","unstructured":"Schmahmann JD, Guell X, Stoodley CJ, Halko MA. The Theory and Neuroscience of Cerebellar Cognition. Annu Rev Neurosci. 2019;42:337\u201364.","journal-title":"Annu Rev Neurosci"},{"key":"738_CR31","doi-asserted-by":"crossref","first-page":"193","DOI":"10.1016\/j.neubiorev.2014.02.011","volume":"42","author":"JA Bernard","year":"2014","unstructured":"Bernard JA, Seidler RD. Moving forward: Age effects on the cerebellum underlie cognitive and motor declines. Neurosci Biobehav Rev. 2014;42:193\u2013207.","journal-title":"Neurosci Biobehav Rev"},{"key":"738_CR32","first-page":"1","volume":"6","author":"E D\u2019Angelo","year":"2013","unstructured":"D\u2019Angelo E, Casali S. Seeking a unified framework for cerebellar function and dysfunction: from circuit operations to cognition. Front Neural Circuits. 2013;6:1\u201323.","journal-title":"Front Neural Circuits"},{"key":"738_CR33","doi-asserted-by":"crossref","first-page":"7300","DOI":"10.1523\/JNEUROSCI.0595-20.2020","volume":"40","author":"S Dave","year":"2020","unstructured":"Dave S, VanHaerents S, Voss JL. Cerebellar theta and beta noninvasive stimulation rhythms differentially influence episodic memory versus semantic prediction. J Neurosci. 2020;40:7300\u201310.","journal-title":"J Neurosci"},{"key":"738_CR34","doi-asserted-by":"crossref","first-page":"1","DOI":"10.1016\/j.nicl.2021.102605","volume":"30","author":"HM Gellersen","year":"2021","unstructured":"Gellersen HM, Guell X, Sami S. Differential vulnerability of the cerebellum in healthy ageing and Alzheimer\u2019s disease. NeuroImage Clin. 2021;30:1\u201312.","journal-title":"NeuroImage Clin"},{"key":"738_CR35","doi-asserted-by":"crossref","first-page":"313","DOI":"10.1093\/cercor\/bht221","volume":"25","author":"Y Onuki","year":"2015","unstructured":"Onuki Y, Van Someren EJW, De Zeeuw CI, Van Der Werf YD. Hippocampal-cerebellar interaction during spatio-temporal prediction. Cereb Cortex. 2015;25:313\u201321.","journal-title":"Cereb Cortex"},{"key":"738_CR36","doi-asserted-by":"crossref","first-page":"1","DOI":"10.3389\/fnhum.2014.00987","volume":"8","author":"A Arrigo","year":"2014","unstructured":"Arrigo A, et al. Constrained spherical deconvolution analysis of the limbic network in human, with emphasis on a direct cerebello-limbic pathway. Front Hum Neurosci. 2014;8:1\u201311.","journal-title":"Front Hum Neurosci"},{"key":"738_CR37","doi-asserted-by":"crossref","first-page":"103","DOI":"10.1016\/j.neuroimage.2013.06.042","volume":"83","author":"JA Bernard","year":"2013","unstructured":"Bernard JA, et al. Disrupted cortico-cerebellar connectivity in older adults. Neuroimage. 2013;83:103\u201319.","journal-title":"Neuroimage"},{"key":"738_CR38","doi-asserted-by":"crossref","first-page":"405","DOI":"10.1113\/jphysiol.1979.sp012667","volume":"287","author":"PP Newman","year":"1979","unstructured":"Newman PP, Reza H. Functional relationships between the hippocampus and the cerebellum: an eletrophysiological study of the cat. J Physiol. 1979;287:405\u201326.","journal-title":"J Physiol"},{"key":"738_CR39","first-page":"1","volume":"9","author":"W Yu","year":"2015","unstructured":"Yu W, Krook-Magnuson E. Cognitive collaborations: Bidirectional functional connectivity between the cerebellum and the hippocampus. Front Syst Neurosci. 2015;9:1\u201310.","journal-title":"Front Syst Neurosci"},{"key":"738_CR40","doi-asserted-by":"crossref","first-page":"145","DOI":"10.1203\/PDR.0b013e3181e1d032","volume":"68","author":"C Limperopoulos","year":"2010","unstructured":"Limperopoulos C, Chilingaryan G, Guizard N, Robertson RL, Du Plessis AJ. Cerebellar injury in the premature infant is associated with impaired growth of specific cerebral regions. Pediatr Res. 2010;68:145\u201350.","journal-title":"Pediatr Res"},{"key":"738_CR41","doi-asserted-by":"crossref","first-page":"2379","DOI":"10.1113\/JP270056","volume":"593","author":"E Krook-Magnuson","year":"2015","unstructured":"Krook-Magnuson E, et al. In vivo evaluation of the dentate gate theory in epilepsy. J Physiol. 2015;593:2379\u201388.","journal-title":"J Physiol"},{"key":"738_CR42","doi-asserted-by":"crossref","first-page":"441","DOI":"10.1016\/j.cortex.2010.01.001","volume":"47","author":"MJ Hogan","year":"2011","unstructured":"Hogan MJ, et al. Cerebellar brain volume accounts for variance in cognitive performance in older adults. Cortex. 2011;47:441\u201350.","journal-title":"Cortex"},{"key":"738_CR43","first-page":"309","volume":"135","author":"CL Joachim","year":"1989","unstructured":"Joachim CL, Morris JH, Selkoe DJ. Diffuse senile plaques occur commonly in the cerebellum in Alzheimer\u2019s disease. Am J Pathol. 1989;135:309\u201319.","journal-title":"Am J Pathol"},{"key":"738_CR44","doi-asserted-by":"crossref","first-page":"433","DOI":"10.1080\/01688638408401233","volume":"6","author":"H Buschke","year":"1984","unstructured":"Buschke H. Cued Recall in Amnesia. J Clin Neuropsychol. 1984;6:433\u201340.","journal-title":"J Clin Neuropsychol"},{"key":"738_CR45","first-page":"49","volume":"11","author":"R Lemos","year":"2012","unstructured":"Lemos R, Martins C, Sim\u00f5es MR, Santana I. Estudo de adapta\u00e7\u00e3o do Teste de Recorda\u00e7\u00e3o Selectiva Livre e Guiada para a popula\u00e7\u00e3o portuguesa. Avalia\u00e7\u00e3o Psicol\u00f3gica. 2012;11:49\u201361.","journal-title":"Avalia\u00e7\u00e3o Psicol\u00f3gica"},{"key":"738_CR46","doi-asserted-by":"crossref","first-page":"1","DOI":"10.1016\/j.nicl.2021.102605","volume":"30","author":"HM Gellersen","year":"2021","unstructured":"Gellersen HM, Guell X, Sami S. Differential vulnerability of the cerebellum in healthy ageing and Alzheimer\u2019s disease. NeuroImage Clin. 2021;30:1\u201312.","journal-title":"NeuroImage Clin"},{"key":"738_CR47","unstructured":"Sim\u00f5es MR, Albuquerque CP, Pinho MS, Vilar M, Pereira M, Lopes AF, Seabra-Santos MJ, Alberto I, Lopes C, Martins C, Moura O. Bateria de Avalia\u00e7\u00e3o Neuropsicol\u00f3gica de Coimbra (BANC): Manual T\u00e9cnico [Coimbra Neuropsychological Assessment Battery: Technical Manual]. Lisboa: Cegoc. 2016;[343 p\u00e1ginas\/pages]"},{"key":"738_CR48","doi-asserted-by":"crossref","first-page":"695","DOI":"10.1111\/j.1532-5415.2005.53221.x","volume":"53","author":"ZS Nasreddine","year":"2005","unstructured":"Nasreddine ZS, et al. The Montreal Cognitive Assessment, MoCA: A brief screening tool for mild cognitive impairment. J Am Geriatr Soc. 2005;53:695\u20139.","journal-title":"J Am Geriatr Soc"},{"key":"738_CR49","doi-asserted-by":"crossref","first-page":"989","DOI":"10.1080\/13803395.2011.589374","volume":"33","author":"S Freitas","year":"2011","unstructured":"Freitas S, Sim\u00f5es MR, Alves L, Santana I. Montreal Cognitive Assessment (MoCA): Normative study for the Portuguese population. J Clin Exp Neuropsychol. 2011;33:989\u201396.","journal-title":"J Clin Exp Neuropsychol"},{"key":"738_CR50","unstructured":"Sim\u00f5es MR, Freitas S, Santana I, Firmino H, Martins C, Nasreddine Z, Vilar M. Montreal Cognitive Assessment (MoCA): Manual - Vers\u00e3o final portuguesa [MoCA: Manual \u2013 final version]. Coimbra: Servi\u00e7o de Avalia\u00e7\u00e3o Psicol\u00f3gica, Faculdade de Psicologia e de Ci\u00eancias da Educa\u00e7\u00e3o da Universidade de Coimbra 2008."},{"key":"738_CR51","unstructured":"Sousa LB, Vilar M, Sim\u00f5es MR. IAFAI\u00a9: Invent\u00e1rio de Avalia\u00e7\u00e3o Funcional de Adultos e Idosos: Manual T\u00e9cnico (37 p\u00e1ginas). Coimbra: Servi\u00e7o de Avalia\u00e7\u00e3o Psicol\u00f3gica\/PsyAssessmentLab. Faculdade de Psicologia e de Ci\u00eancias da Educa\u00e7\u00e3o da Universidade de Coimbra 2013."},{"key":"738_CR52","unstructured":"Sousa LB, Vilar M, Prieto G, Sim\u00f5es MR. Adults and Older Adults Functional Assessment Inventory \/ Invent\u00e1rio de Avalia\u00e7\u00e3o Funcional de Adultos e Idosos (IAFAI). in M. Gon\u00e7alves, M. R. Sim\u00f5es, & L. S. Almeida (Coords.), Instrumentos e contextos de avalia\u00e7\u00e3o psicol\u00f3gica [Instruments and contexts of psychological assessment] 235\u2013249 (Pactor, 2017)."},{"key":"738_CR53","doi-asserted-by":"crossref","first-page":"37","DOI":"10.1016\/0022-3956(82)90033-4","volume":"17","author":"JA Yesavage","year":"1982","unstructured":"Yesavage JA, et al. Development and validation of a geriatric depression screening scale: A preliminary report. J Psychiatr Res. 1982;17:37\u201349.","journal-title":"J Psychiatr Res"},{"key":"738_CR54","unstructured":"Sim\u00f5es MR, Prieto G, Pinho MS, Firmino H. Geriatric depression scale (GDS-30). in M.R. Sim\u00f5es, I. Santana, & Grupo de Estudos de Envelhecimento Cerebral e Dem\u00eancia 128\u2013133 (Escalas e Testes na Dem\u00eancia [Scales and Tests in Dementia], 2015)."},{"key":"738_CR55","unstructured":"Sim\u00f5es MR, et al. Escala de Depress\u00e3o Geri\u00e1trica (GDS) [Geriatric Depression Scale]. in Miguel M. Gon\u00e7alves, M\u00e1rio R. Sim\u00f5es, Leandro S. Almeida (Coords.), Psicologia Cl\u00ednica e da Sa\u00fade: Instrumentos de Avalia\u00e7\u00e3o [Clinical and Health Psychology: Assessment Tools] 219\u2013233 (Pactor, 2017)."},{"key":"738_CR56","doi-asserted-by":"publisher","unstructured":"Chow S-C, Shao J, Wang H, Lokhnygina Y. Sample Size Calculations in Clinical Research (3rd ed.). Chapman and Hall\/CRC,\u00a02017. https:\/\/doi.org\/10.1201\/9781315183084","DOI":"10.1201\/9781315183084"},{"key":"738_CR57","doi-asserted-by":"crossref","first-page":"12523","DOI":"10.1073\/pnas.0605194103","volume":"103","author":"HW Mahncke","year":"2006","unstructured":"Mahncke HW, et al. Memory enhancement in healthy older adults using a brain plasticity-based training program: A randomized, controlled study. Proc Natl Acad Sci U S A. 2006;103:12523\u20138.","journal-title":"Proc Natl Acad Sci U S A"},{"key":"738_CR58","first-page":"717","volume":"28","author":"A Nousia","year":"2021","unstructured":"Nousia A, et al. Beneficial effect of computer-based multidomain cognitive training in patients with mild cognitive impairment. Appl Neuropsychol. 2021;28:717\u201326.","journal-title":"Appl Neuropsychol"},{"key":"738_CR59","doi-asserted-by":"crossref","first-page":"1270","DOI":"10.2174\/1567205014666170531083015","volume":"14","author":"AR Silva","year":"2017","unstructured":"Silva AR, Pinho MS, Macedo L, Moulin CJA. The Cognitive Effects of Wearable Cameras in Mild Alzheimer Disease \u2013 An Experimental Study. Curr Alzheimer Res. 2017;14:1270\u201382.","journal-title":"Curr Alzheimer Res"},{"key":"738_CR60","doi-asserted-by":"crossref","first-page":"84","DOI":"10.1016\/j.brs.2012.03.006","volume":"5","author":"PA Pope","year":"2012","unstructured":"Pope PA, Miall RC. Task-specific facilitation of cognition by cathodal transcranial direct current stimulation of the cerebellum. Brain Stimul. 2012;5:84\u201394.","journal-title":"Brain Stimul"},{"key":"738_CR61","first-page":"463","volume":"29","author":"MA Nitsche","year":"2011","unstructured":"Nitsche MA, Paulus W. Transcranial direct current stimulation - Update 2011. Restor Neurol Neurosci. 2011;29:463\u201392.","journal-title":"Restor Neurol Neurosci"},{"key":"738_CR62","doi-asserted-by":"crossref","first-page":"121","DOI":"10.1212\/WNL.46.1.121","volume":"46","author":"B Schmand","year":"1996","unstructured":"Schmand B, Jonker C, Hooijer C, Lindeboom J. Subjective memory complaints may announce dementia. Neurology. 1996;46:121\u20135.","journal-title":"Neurology"},{"key":"738_CR63","unstructured":"Gin\u00f3 S, et al. Escala de Queixas de Mem\u00f3ria [Memory Complaints Scale]. in Grupo de Estudos de Envelhecimento Cerebral e Dem\u00eancias [Study Group on Brain Aging and Dementia] (Ed.), Escalas e testes na dem\u00eancia [Scales and tests in dementia] 117\u2013120 (GEECD, 2008)."},{"key":"738_CR64","first-page":"395","volume":"7","author":"GJ Larrabee","year":"1992","unstructured":"Larrabee GJ, Trahan DE, Curtiss G. Construct validity of the continuous visual memory test. Arch Clin Neuropsychol. 1992;7:395\u2013405.","journal-title":"Arch Clin Neuropsychol"},{"key":"738_CR65","unstructured":"Trahan DE, Larrabee GJ. Continuous Visual Memory Test: Professional manual. Odessa, FL: Psycho-\nlogical Assessment Resources, 1988."},{"key":"738_CR66","unstructured":"Amaral, JR. O teste de barragem de Toulouse e Pi\u00e9ron na medi\u00e7\u00e3o e diagn\u00f3stico da aten\u00e7\u00e3o: elementos de aferi\u00e7\u00e3o para a popula\u00e7\u00e3o portuguesa [The Toulouse and Pieron Cancellation Test in the measurement and diagnosis of attention: elements of assessment for the Portug. (Funda\u00e7\u00e3o Calouste Gulbenkian, 1967)."},{"key":"738_CR67","doi-asserted-by":"publisher","unstructured":"Lima M, Baeta \u00c9, Duro D, T\u00e1buas-Pereira M, Val\u00e9rio D, Freitas S, Sim\u00f5es MR, Santana I. Toulouse-Pi\u00e9ron Cancellation Test: Normative scores for the portuguese population. Applied neuropsychology. Adult.\u00a02023;30(2):169\u2013175. https:\/\/doi.org\/10.1080\/23279095.2021.1918694","DOI":"10.1080\/23279095.2021.1918694"},{"key":"738_CR68","unstructured":"Wechsler D. Escala de Intelig\u00eancia de Wechsler para Adultos -Terceira Edi\u00e7\u00e3o (WAIS-III) [Wechsler Adult Intelligence Scale-III (WAIS-III)]. (CEGOC, 2008)."},{"key":"738_CR69","unstructured":"Wechsler D. Escala de Mem\u00f3ria de Wechsler\u2013Terceira Edi\u00e7\u00e3o (WMS-III)[Wechsler Memory Scale-Third Edition (WMS-III)]. (CEGOC, 2008)."},{"key":"738_CR70","unstructured":"Fernandes S. Stroop: Teste de cores e palavras [Stroop: Color and Word Test]. (CEGOC, 2013)."},{"key":"738_CR71","doi-asserted-by":"crossref","first-page":"262","DOI":"10.1093\/arclin\/act001","volume":"28","author":"S Cavaco","year":"2013","unstructured":"Cavaco S, et al. Semantic fluency and phonemic fluency: Regression-based norms for the portuguese population. Arch Clin Neuropsychol. 2013;28:262\u201371.","journal-title":"Arch Clin Neuropsychol"},{"key":"738_CR72","doi-asserted-by":"crossref","first-page":"53","DOI":"10.1016\/0028-3932(68)90038-9","volume":"6","author":"AL Benton","year":"1968","unstructured":"Benton AL. Differential behavioral effects in frontal lobe disease. Neuropsychologia. 1968;6:53\u201360.","journal-title":"Neuropsychologia"},{"key":"738_CR73","unstructured":"Santos SAE. do N. Flu\u00eancia verbal sem\u00e2ntica e fon\u00eamica: estudos psicom\u00e9tricos e normativos numa amostra de adultos idosos saud\u00e1veis [Semantic and phonemic verbal fluency: psychometric and normative studies in a sample of healthy elderly adults]. (Master dissertation, Universidade de Coimbra, 2009). https:\/\/hdl.handle.net\/10316\/15774"},{"key":"738_CR74","doi-asserted-by":"crossref","unstructured":"Power M, Quinn K, Schmidt S, WHOQOL-OLD Group. Development of the WHOQOL-Old module. Qual Life Res. 2005;14:2197\u20132214.","DOI":"10.1007\/s11136-005-7380-9"},{"key":"738_CR75","doi-asserted-by":"crossref","first-page":"2367","DOI":"10.1007\/s11136-016-1275-9","volume":"25","author":"M Vilar","year":"2016","unstructured":"Vilar M, Sousa LB, Sim\u00f5es MR. Envelhecimento e qualidade de vida. Qual Life Res J. 2016;25:2367\u201372.","journal-title":"Qual Life Res J"},{"key":"738_CR76","unstructured":"Vilar M, Sousa LB, Sim\u00f5es MR. World Health Organization Quality of Life OLD Module (WHOQOL-OLD). in M. R. Sim\u00f5es, I. Santana, & Grupo de Estudos de Envelhecimento Cerebral e Dem\u00eancia (Coords.), Escalas e testes na dem\u00eancia [Scales and Tests in Dementia] 194\u2013199 (Novartis, 2015)."},{"key":"738_CR77","doi-asserted-by":"crossref","unstructured":"Esteban O, et al. FMRIPrep: A robust preprocessing pipeline for functional MRI. fMRIPrep a robust preprocessing pipeline Funct. MRI. 2019;16:1\u201329.","DOI":"10.1038\/s41592-018-0235-4"},{"key":"738_CR78","doi-asserted-by":"crossref","first-page":"825","DOI":"10.1006\/nimg.2002.1132","volume":"17","author":"M Jenkinson","year":"2002","unstructured":"Jenkinson M, Bannister P, Brady M, Smith S. Improved Optimization for the Robust and Accurate Linear Registration and Motion Correction of Brain Images. Neuroimage. 2002;17:825\u201341.","journal-title":"Neuroimage"},{"key":"738_CR79","doi-asserted-by":"crossref","unstructured":"Cox RW, Hyde JS. Software tools for analysis and visualization of fMRI data. NMR Biomed An Int J Devoted to Dev Appl Magn Reson Vivo. 1997;10:171\u2013178.","DOI":"10.1002\/(SICI)1099-1492(199706\/08)10:4\/5<171::AID-NBM453>3.0.CO;2-L"},{"key":"738_CR80","doi-asserted-by":"crossref","first-page":"63","DOI":"10.1016\/j.neuroimage.2009.06.060","volume":"48","author":"DN Greve","year":"2009","unstructured":"Greve DN, Fischl B. Accurate and robust brain image alignment using boundary-based registration. Neuroimage. 2009;48:63\u201372.","journal-title":"Neuroimage"},{"key":"738_CR81","doi-asserted-by":"crossref","first-page":"206","DOI":"10.1016\/j.neuroimage.2010.01.101","volume":"51","author":"L Z\u00f6llei","year":"2010","unstructured":"Z\u00f6llei L, Stevens A, Huber K, Kakunoori S, Fischl B. Improved tractography alignment using combined volumetric and surface registration. Neuroimage. 2010;51:206\u201313.","journal-title":"Neuroimage"},{"key":"738_CR82","doi-asserted-by":"crossref","first-page":"45","DOI":"10.1023\/A:1007963824710","volume":"23","author":"SM Smith","year":"1997","unstructured":"Smith SM, Brady JM. SUSAN - A new approach to low level image processing. Int J Comput Vis. 1997;23:45\u201378.","journal-title":"Int J Comput Vis"},{"key":"738_CR83","doi-asserted-by":"crossref","first-page":"267","DOI":"10.1016\/j.neuroimage.2015.02.064","volume":"112","author":"RHR Pruim","year":"2015","unstructured":"Pruim RHR, et al. ICA-AROMA: A robust ICA-based strategy for removing motion artifacts from fMRI data. Neuroimage. 2015;112:267\u201377.","journal-title":"Neuroimage"},{"key":"738_CR84","doi-asserted-by":"crossref","first-page":"13","DOI":"10.3389\/fninf.2011.00013","volume":"5","author":"K Gorgolewski","year":"2011","unstructured":"Gorgolewski K, et al. Nipype: A flexible, lightweight and extensible neuroimaging data processing framework in Python. Front Neuroinform. 2011;5:13.","journal-title":"Front Neuroinform"},{"key":"738_CR85","doi-asserted-by":"crossref","first-page":"14","DOI":"10.3389\/fninf.2014.00014","volume":"8","author":"A Abraham","year":"2014","unstructured":"Abraham A, et al. Machine learning for neuroimaging with scikit-learn. Front Neuroinform. 2014;8:14.","journal-title":"Front Neuroinform"},{"key":"738_CR86","doi-asserted-by":"crossref","first-page":"394","DOI":"10.1016\/j.neuroimage.2016.08.016","volume":"142","author":"J Veraart","year":"2016","unstructured":"Veraart J, et al. Denoising of diffusion MRI using random matrix theory. Neuroimage. 2016;142:394\u2013406.","journal-title":"Neuroimage"},{"key":"738_CR87","doi-asserted-by":"crossref","first-page":"116137","DOI":"10.1016\/j.neuroimage.2019.116137","volume":"202","author":"JD Tournier","year":"2019","unstructured":"Tournier JD, et al. MRtrix3: A fast, flexible and open software framework for medical image processing and visualisation. Neuroimage. 2019;202:116137.","journal-title":"Neuroimage"},{"key":"738_CR88","doi-asserted-by":"crossref","first-page":"1063","DOI":"10.1016\/j.neuroimage.2015.10.019","volume":"125","author":"JLR Andersson","year":"2016","unstructured":"Andersson JLR, Sotiropoulos SN. An integrated approach to correction for off-resonance effects and subject movement in diffusion MR imaging. Neuroimage. 2016;125:1063\u201378.","journal-title":"Neuroimage"},{"key":"738_CR89","doi-asserted-by":"crossref","first-page":"136","DOI":"10.1002\/mrm.20741","volume":"55","author":"DB Ennis","year":"2006","unstructured":"Ennis DB, Kindlmann G. Orthogonal tensor invariants and the analysis of diffusion tensor magnetic resonance images. Magn Reson Med. 2006;55:136\u201346.","journal-title":"Magn Reson Med"},{"key":"738_CR90","doi-asserted-by":"crossref","first-page":"137","DOI":"10.1016\/j.jaac.2015.11.011","volume":"55","author":"YN Yoncheva","year":"2016","unstructured":"Yoncheva YN, et al. Mode of Anisotropy Reveals Global Diffusion Alterations in Attention-Deficit\/Hyperactivity Disorder. J Am Acad Child Adolesc Psychiatry. 2016;55:137\u201345.","journal-title":"J Am Acad Child Adolesc Psychiatry"},{"key":"738_CR91","doi-asserted-by":"crossref","first-page":"508","DOI":"10.1109\/TMI.2008.2004426","volume":"28","author":"G Postelnicu","year":"2009","unstructured":"Postelnicu G, Zollei L, Fischl B. Combined volumetric and surface registration. IEEE Trans Med Imaging. 2009;28:508\u201322.","journal-title":"IEEE Trans Med Imaging"},{"key":"738_CR92","doi-asserted-by":"publisher","unstructured":"Benjamini Y, Hochberg Y. Controlling The False Discovery Rate - A Practical And Powerful Approach To Multiple Testing. J Royal Stat Soc Ser B. 1995;57:289\u2013300.\u00a0https:\/\/doi.org\/10.2307\/2346101.","DOI":"10.2307\/2346101"},{"key":"738_CR93","doi-asserted-by":"crossref","unstructured":"Jenkinson M, Beckmann CF, Behrens TEJ, Woolrich MW, Smith SM. FSL. Neuroimage. 2012;62:782\u2013790.","DOI":"10.1016\/j.neuroimage.2011.09.015"},{"key":"738_CR94","doi-asserted-by":"crossref","first-page":"83","DOI":"10.1016\/j.neuroimage.2008.03.061","volume":"44","author":"SM Smith","year":"2009","unstructured":"Smith SM, Nichols TE. Threshold-free cluster enhancement: Addressing problems of smoothing, threshold dependence and localisation in cluster inference. Neuroimage. 2009;44:83\u201398.","journal-title":"Neuroimage"},{"key":"738_CR95","doi-asserted-by":"crossref","first-page":"1","DOI":"10.3389\/fnagi.2014.00343","volume":"6","author":"V Douet","year":"2015","unstructured":"Douet V, Chang L. Fornix as an imaging marker for episodic memory deficits in healthy aging and in various neurological disorders. Front Aging Neurosci. 2015;6:1\u201319.","journal-title":"Front Aging Neurosci"},{"key":"738_CR96","doi-asserted-by":"crossref","first-page":"50","DOI":"10.1016\/j.dcn.2015.06.003","volume":"14","author":"IR Olson","year":"2015","unstructured":"Olson IR, Von Der Heide RJ, Alm KH, Vyas G. Development of the uncinate fasciculus: Implications for theory and developmental disorders. Dev Cogn Neurosci. 2015;14:50\u201361.","journal-title":"Dev Cogn Neurosci"},{"key":"738_CR97","doi-asserted-by":"crossref","first-page":"1","DOI":"10.1038\/s41598-020-66796-y","volume":"10","author":"E Gozdas","year":"2020","unstructured":"Gozdas E, et al. Focal white matter disruptions along the cingulum tract explain cognitive decline in amnestic mild cognitive impairment (aMCI). Sci Rep. 2020;10:1\u201310.","journal-title":"Sci Rep"},{"key":"738_CR98","doi-asserted-by":"crossref","first-page":"64","DOI":"10.1016\/j.arr.2016.11.006","volume":"34","author":"H Liu","year":"2017","unstructured":"Liu H, et al. Aging of cerebral white matter. Ageing Res Rev. 2017;34:64\u201376.","journal-title":"Ageing Res Rev"},{"key":"738_CR99","doi-asserted-by":"crossref","first-page":"13236","DOI":"10.1523\/JNEUROSCI.2317-11.2011","volume":"31","author":"C Metzler-Baddeley","year":"2011","unstructured":"Metzler-Baddeley C, Jones DK, Belaroussi B, Aggleton JP, O\u2019Sullivan MJ. Frontotemporal connections in episodic memory and aging: A diffusion MRI tractography study. J Neurosci. 2011;31:13236\u201345.","journal-title":"J Neurosci"},{"key":"738_CR100","doi-asserted-by":"crossref","first-page":"772","DOI":"10.1016\/j.neurobiolaging.2008.06.015","volume":"31","author":"IH Choo","year":"2010","unstructured":"Choo IH, et al. Posterior cingulate cortex atrophy and regional cingulum disruption in mild cognitive impairment and Alzheimer\u2019s disease. Neurobiol Aging. 2010;31:772\u20139.","journal-title":"Neurobiol Aging"},{"key":"738_CR101","doi-asserted-by":"crossref","unstructured":"LockhartSN, et al. Episodic memory function is associated with multiple measures of white matter integrity in cognitive aging. Front Hum Neurosci. 2012;0:1\u201312.","DOI":"10.3389\/fnhum.2012.00056"},{"key":"738_CR102","doi-asserted-by":"crossref","first-page":"1487","DOI":"10.1016\/j.neuroimage.2006.02.024","volume":"31","author":"SM Smith","year":"2006","unstructured":"Smith SM, et al. Tract-based spatial statistics: Voxelwise analysis of multi-subject diffusion data. Neuroimage. 2006;31:1487\u2013505.","journal-title":"Neuroimage"},{"key":"738_CR103","doi-asserted-by":"crossref","first-page":"486","DOI":"10.1016\/j.neuroimage.2009.01.002","volume":"46","author":"K Oishi","year":"2009","unstructured":"Oishi K, et al. Atlas-based whole brain white matter analysis using large deformation diffeomorphic metric mapping: Application to normal elderly and Alzheimer\u2019s disease participants. Neuroimage. 2009;46:486\u201399.","journal-title":"Neuroimage"},{"key":"738_CR104","doi-asserted-by":"crossref","first-page":"372","DOI":"10.1162\/jocn.2008.21027","volume":"21","author":"G Kalpouzos","year":"2009","unstructured":"Kalpouzos G, et al. Structural and Metabolic Correlates of Episodic Memory in Relation to the Depth of Encoding in Normal Aging. J Cogn Neurosci. 2009;21:372\u201389.","journal-title":"J Cogn Neurosci"},{"key":"738_CR105","doi-asserted-by":"crossref","first-page":"49","DOI":"10.1093\/cercor\/bhs278","volume":"24","author":"JB Hutchinson","year":"2014","unstructured":"Hutchinson JB, et al. Functional heterogeneity in posterior parietal cortex across attention and episodic memory retrieval. Cereb Cortex. 2014;24:49\u201366.","journal-title":"Cereb Cortex"},{"key":"738_CR106","doi-asserted-by":"crossref","first-page":"824","DOI":"10.1016\/j.neuroimage.2005.05.008","volume":"27","author":"BN Lundstrom","year":"2005","unstructured":"Lundstrom BN, Ingvar M, Petersson KM. The role of precuneus and left inferior frontal cortex during source memory episodic retrieval. Neuroimage. 2005;27:824\u201334.","journal-title":"Neuroimage"},{"key":"738_CR107","doi-asserted-by":"crossref","first-page":"676","DOI":"10.1073\/pnas.98.2.676","volume":"98","author":"ME Raichle","year":"2001","unstructured":"Raichle ME, et al. A default mode of brain function. Proc Natl Acad Sci U S A. 2001;98:676\u201382.","journal-title":"Proc Natl Acad Sci U S A"},{"key":"738_CR108","doi-asserted-by":"crossref","first-page":"1934","DOI":"10.1016\/j.neuroimage.2003.07.017","volume":"20","author":"BN Lundstrom","year":"2003","unstructured":"Lundstrom BN, et al. Isolating the retrieval of imagined pictures during episodic memory: Activation of the left precuneus and left prefrontal cortex. Neuroimage. 2003;20:1934\u201343.","journal-title":"Neuroimage"},{"key":"738_CR109","doi-asserted-by":"crossref","first-page":"8","DOI":"10.1016\/j.neures.2017.05.004","volume":"124","author":"H Kim","year":"2017","unstructured":"Kim H, Chey J, Lee S. Effects of multicomponent training of cognitive control on cognitive function and brain activation in older adults. Neurosci Res. 2017;124:8\u201315.","journal-title":"Neurosci Res"},{"key":"738_CR110","doi-asserted-by":"crossref","first-page":"253","DOI":"10.1016\/j.neuroimage.2004.10.045","volume":"25","author":"F R\u00e9my","year":"2005","unstructured":"R\u00e9my F, Mirrashed F, Campbell B, Richter W. Verbal episodic memory impairment in Alzheimer\u2019s disease: A combined structural and functional MRI study. Neuroimage. 2005;25:253\u201366.","journal-title":"Neuroimage"},{"key":"738_CR111","doi-asserted-by":"crossref","first-page":"849","DOI":"10.1093\/brain\/124.5.849","volume":"124","author":"PC Fletcher","year":"2001","unstructured":"Fletcher PC, Henson RNA. Frontal lobes and human memory insights from functional neuroimaging. Brain. 2001;124:849\u201381.","journal-title":"Brain"},{"key":"738_CR112","doi-asserted-by":"crossref","first-page":"448","DOI":"10.1016\/j.neuropsychologia.2012.11.025","volume":"51","author":"H Park","year":"2013","unstructured":"Park H, Kennedy KM, Rodrigue KM, Hebrank A, Park DC. An fMRI study of episodic encoding across the lifespan: Changes in subsequent memory effects are evident by middle-age. Neuropsychologia. 2013;51:448\u201356.","journal-title":"Neuropsychologia"},{"key":"738_CR113","doi-asserted-by":"crossref","first-page":"378","DOI":"10.1016\/S0028-3932(02)00169-0","volume":"41","author":"C Ranganath","year":"2003","unstructured":"Ranganath C, Johnson MK, D\u2019Esposito M. Prefrontal activity associated with working memory and episodic long-term memory. Neuropsychologia. 2003;41:378\u201389.","journal-title":"Neuropsychologia"},{"key":"738_CR114","doi-asserted-by":"crossref","first-page":"1295","DOI":"10.1002\/hbm.21287","volume":"33","author":"M Bozzali","year":"2012","unstructured":"Bozzali M, et al. Damage to the cingulum contributes to Alzheimer\u2019s disease pathophysiology by deafferentation mechanism. Hum Brain Mapp. 2012;33:1295\u2013308.","journal-title":"Hum Brain Mapp"},{"key":"738_CR115","doi-asserted-by":"crossref","first-page":"1","DOI":"10.3389\/fnhum.2015.00229","volume":"9","author":"X Zheng","year":"2015","unstructured":"Zheng X, Schlaug G. Structural white matter changes in descending motor tracts correlate with improvements in motor impairment after undergoing a treatment course of tDCS and physical therapy. Front Hum Neurosci. 2015;9:1\u201310.","journal-title":"Front Hum Neurosci"},{"key":"738_CR116","doi-asserted-by":"crossref","first-page":"4678","DOI":"10.1523\/JNEUROSCI.2857-20.2021","volume":"41","author":"J Walbrin","year":"2021","unstructured":"Walbrin J, Almeida J. High-level representations in human occipito-temporal cortex are indexed by distal connectivity. J Neurosci. 2021;41:4678\u201385.","journal-title":"J Neurosci"},{"key":"738_CR117","doi-asserted-by":"crossref","first-page":"1","DOI":"10.1016\/j.cortex.2021.03.011","volume":"140","author":"L Amaral","year":"2021","unstructured":"Amaral L, Bergstr\u00f6m F, Almeida J. Overlapping but distinct: Distal connectivity dissociates hand and tool processing networks. Cortex. 2021;140:1\u201313.","journal-title":"Cortex"},{"key":"738_CR118","doi-asserted-by":"crossref","first-page":"43","DOI":"10.1038\/nrn2961","volume":"12","author":"G Deco","year":"2011","unstructured":"Deco G, Jirsa VK, McIntosh AR. Emerging concepts for the dynamical organization of resting-state activity in the brain. Nat Rev Neurosci. 2011;12:43\u201356.","journal-title":"Nat Rev Neurosci"},{"key":"738_CR119","doi-asserted-by":"crossref","first-page":"910","DOI":"10.1016\/j.neuroimage.2010.02.046","volume":"51","author":"L Wang","year":"2010","unstructured":"Wang L, et al. Intrinsic connectivity between the hippocampus and posteromedial cortex predicts memory performance in cognitively intact older individuals. Neuroimage. 2010;51:910\u20137.","journal-title":"Neuroimage"},{"key":"738_CR120","doi-asserted-by":"crossref","first-page":"666","DOI":"10.1016\/j.bbr.2010.09.010","volume":"216","author":"F Bai","year":"2011","unstructured":"Bai F, et al. Abnormal whole-brain functional connection in amnestic mild cognitive impairment patients. Behav Brain Res. 2011;216:666\u201372.","journal-title":"Behav Brain Res"},{"key":"738_CR121","doi-asserted-by":"crossref","first-page":"572","DOI":"10.1002\/hipo.10114","volume":"13","author":"CL Grady","year":"2003","unstructured":"Grady CL, McIntosh AR, Craik FIM. Age-related differences in the functional connectivity of the hippocampus during memory encoding. Hippocampus. 2003;13:572\u201386.","journal-title":"Hippocampus"},{"key":"738_CR122","doi-asserted-by":"crossref","first-page":"739","DOI":"10.1093\/brain\/124.4.739","volume":"124","author":"CL Grady","year":"2001","unstructured":"Grady CL, Furey ML, Pietrini P, Horwitz B, Rapoport SI. Altered brain functional connectivity and impaired short-term memory in Alzheimer\u2019s disease. Brain. 2001;124:739\u201356.","journal-title":"Brain"},{"key":"738_CR123","doi-asserted-by":"publisher","unstructured":"Park HJ, Friston K. Structural and functional brain networks: from connections to cognition. Science (New York, N.Y.). 2013;342(6158):1238411. https:\/\/doi.org\/10.1126\/science.1238411","DOI":"10.1126\/science.1238411"},{"key":"738_CR124","doi-asserted-by":"crossref","first-page":"7173","DOI":"10.1523\/JNEUROSCI.0698-19.2019","volume":"39","author":"VS Natu","year":"2019","unstructured":"Natu VS, et al. Stimulation of the posterior cingulate impairs episodic memory encoding. J Neurosci. 2019;39:7173\u201382.","journal-title":"J Neurosci"},{"key":"738_CR125","doi-asserted-by":"crossref","first-page":"966","DOI":"10.1016\/j.neuroimage.2012.03.025","volume":"61","author":"H Kim","year":"2012","unstructured":"Kim H. A dual-subsystem model of the brain\u2019s default network: Self-referential processing, memory retrieval processes, and autobiographical memory retrieval. Neuroimage. 2012;61:966\u201377.","journal-title":"Neuroimage"},{"key":"738_CR126","doi-asserted-by":"crossref","first-page":"14426","DOI":"10.1523\/JNEUROSCI.1774-15.2015","volume":"35","author":"CM Bird","year":"2015","unstructured":"Bird CM, Keidel JL, Ing LP, Horner AJ, Burgess N. Consolidation of complex events via reinstatement in posterior cingulate cortex. J Neurosci. 2015;35:14426\u201334.","journal-title":"J Neurosci"},{"key":"738_CR127","doi-asserted-by":"crossref","first-page":"12","DOI":"10.1093\/brain\/awt162","volume":"137","author":"R Leech","year":"2014","unstructured":"Leech R, Sharp DJ. The role of the posterior cingulate cortex in cognition and disease. Brain. 2014;137:12\u201332.","journal-title":"Brain"},{"key":"738_CR128","doi-asserted-by":"crossref","first-page":"1687","DOI":"10.1162\/jocn.2008.20112","volume":"20","author":"R Ferrucci","year":"2008","unstructured":"Ferrucci R, et al. Cerebellar transcranial direct current stimulation impairs the practice-dependent proficiency increase in working memory. J Cogn Neurosci. 2008;20:1687\u201397.","journal-title":"J Cogn Neurosci"},{"key":"738_CR129","doi-asserted-by":"crossref","first-page":"204","DOI":"10.1016\/j.neuropsychologia.2018.03.012","volume":"115","author":"B Pleger","year":"2018","unstructured":"Pleger B, Timmann D. The role of the human cerebellum in linguistic prediction, word generation and verbal working memory: evidence from brain imaging, non-invasive cerebellar stimulation and lesion studies. Neuropsychologia. 2018;115:204\u201310.","journal-title":"Neuropsychologia"},{"key":"738_CR130","doi-asserted-by":"crossref","first-page":"12049","DOI":"10.1523\/JNEUROSCI.1776-14.2014","volume":"34","author":"MA Halko","year":"2014","unstructured":"Halko MA, Farzan F, Eldaief MC, Schmahmann JD, Pascual-Leone A. Intermittent theta-burst stimulation of the lateral cerebellum increases functional connectivity of the default network. J Neurosci. 2014;34:12049\u201356.","journal-title":"J Neurosci"},{"key":"738_CR131","doi-asserted-by":"crossref","first-page":"1","DOI":"10.1016\/j.bandc.2014.01.008","volume":"86","author":"AR Brunoni","year":"2014","unstructured":"Brunoni AR, Vanderhasselt MA. Working memory improvement with non-invasive brain stimulation of the dorsolateral prefrontal cortex: A systematic review and meta-analysis. Brain Cogn. 2014;86:1\u20139.","journal-title":"Brain Cogn"},{"key":"738_CR132","doi-asserted-by":"crossref","first-page":"501","DOI":"10.1016\/j.brs.2016.04.006","volume":"9","author":"J Dedoncker","year":"2016","unstructured":"Dedoncker J, Brunoni AR, Baeken C, Vanderhasselt MA. A Systematic Review and Meta-Analysis of the Effects of Transcranial Direct Current Stimulation (tDCS) Over the Dorsolateral Prefrontal Cortex in Healthy and Neuropsychiatric Samples: Influence of Stimulation Parameters. Brain Stimul. 2016;9:501\u201317.","journal-title":"Brain Stimul"},{"key":"738_CR133","doi-asserted-by":"crossref","first-page":"1159","DOI":"10.1007\/s00702-016-1558-x","volume":"123","author":"J Dedoncker","year":"2016","unstructured":"Dedoncker J, Brunoni AR, Baeken C, Vanderhasselt MA. The effect of the interval-between-sessions on prefrontal transcranial direct current stimulation (tDCS) on cognitive outcomes: a systematic review and meta-analysis. J Neural Transm. 2016;123:1159\u201372.","journal-title":"J Neural Transm"},{"key":"738_CR134","doi-asserted-by":"crossref","first-page":"692","DOI":"10.1093\/geronb\/gbz130","volume":"76","author":"L Huo","year":"2021","unstructured":"Huo L, et al. Effects of Transcranial Direct Current Stimulation on Episodic Memory in Older Adults: A Meta-analysis. J Gerontol B Psychol Sci Soc Sci. 2021;76:692\u2013702.","journal-title":"J Gerontol B Psychol Sci Soc Sci"},{"key":"738_CR135","doi-asserted-by":"crossref","first-page":"1682","DOI":"10.1016\/j.neurobiolaging.2011.05.007","volume":"33","author":"A Fl\u00f6el","year":"2012","unstructured":"Fl\u00f6el A, et al. Non-invasive brain stimulation improves object-location learning in the elderly. Neurobiol Aging. 2012;33:1682\u20139.","journal-title":"Neurobiol Aging"},{"key":"738_CR136","doi-asserted-by":"crossref","first-page":"657","DOI":"10.1093\/cercor\/bhx347","volume":"29","author":"A Medvedeva","year":"2019","unstructured":"Medvedeva A, et al. Effects of Anodal Transcranial Direct Current Stimulation Over the Ventrolateral Prefrontal Cortex on Episodic Memory Formation and Retrieval. Cereb Cortex. 2019;29:657\u201365.","journal-title":"Cereb Cortex"},{"key":"738_CR137","doi-asserted-by":"crossref","first-page":"103","DOI":"10.1016\/j.brs.2012.03.004","volume":"5","author":"R Manenti","year":"2012","unstructured":"Manenti R, Cotelli M, Robertson IH, Miniussi C. Transcranial brain stimulation studies of episodic memory in young adults, elderly adults and individuals with memory dysfunction: A review. Brain Stimul. 2012;5:103\u20139.","journal-title":"Brain Stimul"},{"key":"738_CR138","doi-asserted-by":"crossref","first-page":"1","DOI":"10.3389\/fnins.2017.00746","volume":"11","author":"N K\u00fclzow","year":"2018","unstructured":"K\u00fclzow N, et al. No effects of non-invasive brain stimulation on multiple sessions of object-location-memory training in healthy older adults. Front Neurosci. 2018;11:1\u201314.","journal-title":"Front Neurosci"},{"key":"738_CR139","doi-asserted-by":"crossref","first-page":"1163","DOI":"10.1093\/geronb\/gby003","volume":"74","author":"RC Leach","year":"2019","unstructured":"Leach RC, McCurdy MP, Trumbo MC, Matzen LE, Leshikar ED. Differential Age Effects of Transcranial Direct Current Stimulation on Associative Memory. J Gerontol B Psychol Sci Soc Sci. 2019;74:1163\u201373.","journal-title":"J Gerontol B Psychol Sci Soc Sci"}],"container-title":["GeroScience"],"original-title":[],"language":"en","link":[{"URL":"https:\/\/link.springer.com\/content\/pdf\/10.1007\/s11357-023-00738-0.pdf","content-type":"application\/pdf","content-version":"vor","intended-application":"text-mining"},{"URL":"https:\/\/link.springer.com\/article\/10.1007\/s11357-023-00738-0\/fulltext.html","content-type":"text\/html","content-version":"vor","intended-application":"text-mining"},{"URL":"https:\/\/link.springer.com\/content\/pdf\/10.1007\/s11357-023-00738-0.pdf","content-type":"application\/pdf","content-version":"vor","intended-application":"similarity-checking"}],"deposited":{"date-parts":[[2024,1,25]],"date-time":"2024-01-25T16:57:55Z","timestamp":1706201875000},"score":1,"resource":{"primary":{"URL":"https:\/\/link.springer.com\/10.1007\/s11357-023-00738-0"}},"subtitle":[],"short-title":[],"issued":{"date-parts":[[2023,2,7]]},"references-count":139,"alternative-id":["738"],"URL":"https:\/\/doi.org\/10.1007\/s11357-023-00738-0","relation":{},"ISSN":["2509-2715","2509-2723"],"issn-type":[{"value":"2509-2715","type":"print"},{"value":"2509-2723","type":"electronic"}],"subject":[],"published":{"date-parts":[[2023,2,7]]},"assertion":[{"value":"21 October 2022","order":1,"name":"received","label":"Received","group":{"name":"ArticleHistory","label":"Article History"}},{"value":"17 January 2023","order":2,"name":"accepted","label":"Accepted","group":{"name":"ArticleHistory","label":"Article History"}},{"value":"7 February 2023","order":3,"name":"first_online","label":"First Online","group":{"name":"ArticleHistory","label":"Article History"}},{"order":1,"name":"Ethics","group":{"name":"EthicsHeading","label":"Declarations"}},{"value":"The authors declare no competing interests.","order":2,"name":"Ethics","group":{"name":"EthicsHeading","label":"Competing interests"}}]}}