{"status":"ok","message-type":"work","message-version":"1.0.0","message":{"indexed":{"date-parts":[[2026,3,6]],"date-time":"2026-03-06T01:18:38Z","timestamp":1772759918466,"version":"3.50.1"},"reference-count":46,"publisher":"Springer Science and Business Media LLC","issue":"6","license":[{"start":{"date-parts":[[2025,8,1]],"date-time":"2025-08-01T00:00:00Z","timestamp":1754006400000},"content-version":"tdm","delay-in-days":0,"URL":"https:\/\/creativecommons.org\/licenses\/by\/4.0"},{"start":{"date-parts":[[2025,8,1]],"date-time":"2025-08-01T00:00:00Z","timestamp":1754006400000},"content-version":"vor","delay-in-days":0,"URL":"https:\/\/creativecommons.org\/licenses\/by\/4.0"}],"funder":[{"DOI":"10.13039\/501100001871","name":"Funda\u00e7\u00e3o para a Ci\u00eancia e a Tecnologia","doi-asserted-by":"publisher","award":["UIDB\/04750\/2020"],"award-info":[{"award-number":["UIDB\/04750\/2020"]}],"id":[{"id":"10.13039\/501100001871","id-type":"DOI","asserted-by":"publisher"}]},{"DOI":"10.13039\/501100001871","name":"Funda\u00e7\u00e3o para a Ci\u00eancia e a Tecnologia","doi-asserted-by":"publisher","award":["LA\/P\/0064\/2020"],"award-info":[{"award-number":["LA\/P\/0064\/2020"]}],"id":[{"id":"10.13039\/501100001871","id-type":"DOI","asserted-by":"publisher"}]},{"DOI":"10.13039\/501100001871","name":"Funda\u00e7\u00e3o para a Ci\u00eancia e a Tecnologia","doi-asserted-by":"publisher","award":["2022.03483.CEECIND\/CP1732\/CT0002"],"award-info":[{"award-number":["2022.03483.CEECIND\/CP1732\/CT0002"]}],"id":[{"id":"10.13039\/501100001871","id-type":"DOI","asserted-by":"publisher"}]},{"name":"Portugal Social Innovation, Social Inclusion and Employment Operational Program, Portugal 2020 and the European Union through the European Social Fund, Matosinhos City Council","award":["POISE-03-4639-FSE-000793"],"award-info":[{"award-number":["POISE-03-4639-FSE-000793"]}]},{"DOI":"10.13039\/501100006752","name":"Universidade do Porto","doi-asserted-by":"crossref","id":[{"id":"10.13039\/501100006752","id-type":"DOI","asserted-by":"crossref"}]}],"content-domain":{"domain":["link.springer.com"],"crossmark-restriction":false},"short-container-title":["Eur Geriatr Med"],"abstract":"<jats:title>Abstract<\/jats:title>\n                  <jats:sec>\n                    <jats:title>Purpose<\/jats:title>\n                    <jats:p>Dementia represents an increasing challenge to health systems globally, with a notable impact on health-related quality of life (HRQoL). Nevertheless, the potential effect of sex on the relation between individuals\u2019 characteristics and HRQoL, particularly in the early stages of this disease, remains unclear. Therefore, the present study aims to evaluate the association between sociodemographic, lifestyle and health-related factors with HRQoL among individuals at high risk of dementia, according to sex.<\/jats:p>\n                  <\/jats:sec>\n                  <jats:sec>\n                    <jats:title>Methods<\/jats:title>\n                    <jats:p>\n                      This cross-sectional study was based on baseline data from the MIND-Matosinhos randomized controlled trial, targeting Portuguese adults at high risk of dementia [\n                      <jats:italic>n<\/jats:italic>\n                      \u2009=\u2009207; 59.9% female; median age\u2009=\u200970.0 (interquartile range: 11)]. HRQoL was measured using the EQ-5D-5L. The associations between explanatory variables and HRQoL scores (dichotomized by the median) were quantified through odds ratios (OR) and 95% confidence intervals (CI), stratified by sex.\n                    <\/jats:p>\n                  <\/jats:sec>\n                  <jats:sec>\n                    <jats:title>Results<\/jats:title>\n                    <jats:p>\n                      Overall, females reported lower HRQoL when compared with males [median (interquartile range): 0.875 (0.190)\n                      <jats:italic>vs.<\/jats:italic>\n                      0.923 (0.129);\n                      <jats:italic>p<\/jats:italic>\n                      \u2009=\u20090.004]. Problems in mobility (43.6%\n                      <jats:italic>vs.<\/jats:italic>\n                      27.7%;\n                      <jats:italic>p<\/jats:italic>\n                      \u2009=\u20090.021), pain\/discomfort (71.8%\n                      <jats:italic>vs.<\/jats:italic>\n                      44.6%;\n                      <jats:italic>p<\/jats:italic>\n                      \u2009&lt;\u20090.001) and anxiety\/depression (66.9%\n                      <jats:italic>vs.<\/jats:italic>\n                      45.8%;\n                      <jats:italic>p<\/jats:italic>\n                      \u2009=\u20090.002), as well as the existence of any problem in five dimensions (7.3%\n                      <jats:italic>vs.<\/jats:italic>\n                      3.6%;\n                      <jats:italic>p<\/jats:italic>\n                      \u2009=\u20090.004), were more frequently referred by females than males. A stronger association between poorer self-perceived health status and lower HRQoL was observed among females (OR\u2009=\u20098.75, 95% CI:3.64\u201321.03) compared to males (OR\u2009=\u20091.88, 95% CI:0.72\u20134.89; p for interaction\u2009=\u20090.020).\n                    <\/jats:p>\n                  <\/jats:sec>\n                  <jats:sec>\n                    <jats:title>Conclusion<\/jats:title>\n                    <jats:p>Health status is associated with HRQoL, distinctively amongst males and females. These findings emphasize the need for sex-specific public health strategies to improve HRQoL in a vulnerable population of individuals at high risk of dementia.<\/jats:p>\n                  <\/jats:sec>","DOI":"10.1007\/s41999-025-01278-w","type":"journal-article","created":{"date-parts":[[2025,8,1]],"date-time":"2025-08-01T07:48:08Z","timestamp":1754034488000},"page":"2169-2180","update-policy":"https:\/\/doi.org\/10.1007\/springer_crossmark_policy","source":"Crossref","is-referenced-by-count":1,"title":["Sex differences in health-related quality of life among individuals at high risk of dementia"],"prefix":"10.1007","volume":"16","author":[{"given":"Ana Sofia","family":"Oliveira","sequence":"first","affiliation":[]},{"given":"S\u00edlvia","family":"Lopes","sequence":"additional","affiliation":[]},{"given":"Lara Noronha","family":"Ferreira","sequence":"additional","affiliation":[]},{"given":"V\u00edtor Tedim","family":"Cruz","sequence":"additional","affiliation":[]},{"ORCID":"https:\/\/orcid.org\/0000-0002-8388-2226","authenticated-orcid":false,"given":"Ana Rute","family":"Costa","sequence":"additional","affiliation":[]}],"member":"297","published-online":{"date-parts":[[2025,8,1]]},"reference":[{"key":"1278_CR1","doi-asserted-by":"publisher","DOI":"10.3389\/fnagi.2022.937486","volume":"14","author":"X Li","year":"2022","unstructured":"Li X, Feng X, Sun X, Hou N, Han F, Liu Y (2022) Global, regional, and national burden of Alzheimer\u2019s disease and other dementias, 1990\u20132019. Front Aging Neurosci 14:937486","journal-title":"Front Aging Neurosci"},{"key":"1278_CR2","unstructured":"G. B. D. Dementia Forecasting Collaborators (2022) Estimation of the global prevalence of dementia in 2019 and forecasted prevalence in 2050: an analysis for the Global Burden of Disease Study 2019. Lancet Public Health 7(2):e105-e25"},{"key":"1278_CR3","unstructured":"Eurostat. EU median age increased by 2.3 years since 2013\u2014Eurostat. Eurostat\u2014statistics explained 2024. https:\/\/ec.europa.eu\/eurostat\/web\/products-eurostat-news\/w\/ddn-20240215-1"},{"key":"1278_CR4","doi-asserted-by":"crossref","unstructured":"Alves S, Duarte N, Gomes B (2024) Forecasted dementia prevalence in Portugal (2020\u20132080). J Geriatr Psychiatry Neurol. 2024:8919887241237220","DOI":"10.1177\/08919887241237220"},{"issue":"6","key":"1278_CR5","doi-asserted-by":"publisher","first-page":"587","DOI":"10.1016\/j.jagp.2012.11.005","volume":"22","author":"LN Gitlin","year":"2014","unstructured":"Gitlin LN, Hodgson N, Piersol CV, Hess E, Hauck WW (2014) Correlates of quality of life for individuals with dementia living at home: the role of home environment, caregiver, and patient-related characteristics. Am J Geriatr Psychiatry 22(6):587\u2013597","journal-title":"Am J Geriatr Psychiatry"},{"issue":"1","key":"1278_CR6","doi-asserted-by":"publisher","first-page":"54","DOI":"10.1016\/j.jamda.2013.09.010","volume":"15","author":"HC Beerens","year":"2014","unstructured":"Beerens HC, Sutcliffe C, Renom-Guiteras A, Soto ME, Suhonen R, Zabalegui A et al (2014) Quality of life and quality of care for people with dementia receiving long term institutional care or professional home care: the European RightTimePlaceCare study. J Am Med Dir Assoc 15(1):54\u201361","journal-title":"J Am Med Dir Assoc"},{"issue":"2","key":"1278_CR7","doi-asserted-by":"publisher","first-page":"127","DOI":"10.31887\/DCNS.2014.16.2\/drevicki","volume":"16","author":"DA Revicki","year":"2014","unstructured":"Revicki DA, Kleinman L, Cella D (2014) A history of health-related quality of life outcomes in psychiatry. Dialogues Clin Neurosci 16(2):127\u2013135","journal-title":"Dialogues Clin Neurosci"},{"key":"1278_CR8","doi-asserted-by":"crossref","unstructured":"Palermo TM, Long AC, Lewandowski AS, Drotar D, Quittner AL, Walker LS (2008) Evidence-based assessment of health-related quality of life and functional impairment in pediatric psychology. J Pediatr Psychol 33(9):983\u201396; discussion 97\u20138","DOI":"10.1093\/jpepsy\/jsn038"},{"issue":"1","key":"1278_CR9","doi-asserted-by":"publisher","first-page":"745","DOI":"10.1186\/s12877-022-03443-3","volume":"22","author":"S Jayakody","year":"2022","unstructured":"Jayakody S, Arambepola C (2022) Determinants of quality of life among people with dementia: evidence from a South Asian population. BMC Geriatr 22(1):745","journal-title":"BMC Geriatr"},{"key":"1278_CR10","doi-asserted-by":"crossref","unstructured":"Burks HB, des Bordes JKA, Chadha R, Holmes HM, Rianon NJ (2021) Quality of life assessment in older adults with dementia: a systematic review. Dement Geriatr Cogn Disord 50(2):103\u2013110","DOI":"10.1159\/000515317"},{"issue":"3","key":"1278_CR11","doi-asserted-by":"publisher","first-page":"1157","DOI":"10.3233\/JAD-191092","volume":"73","author":"Q Cao","year":"2020","unstructured":"Cao Q, Tan CC, Xu W, Hu H, Cao XP, Dong Q et al (2020) The prevalence of dementia: a systematic review and meta-analysis. J Alzheimers Dis 73(3):1157\u20131166","journal-title":"J Alzheimers Dis"},{"issue":"11","key":"1278_CR12","first-page":"14","volume":"35","author":"MM Mielke","year":"2018","unstructured":"Mielke MM (2018) Sex and gender differences in Alzheimer\u2019s disease dementia. Psychiatr Times 35(11):14\u201317","journal-title":"Psychiatr Times"},{"issue":"9","key":"1278_CR13","doi-asserted-by":"publisher","first-page":"2367","DOI":"10.1016\/j.socscimed.2006.06.017","volume":"63","author":"F Orfila","year":"2006","unstructured":"Orfila F, Ferrer M, Lamarca R, Tebe C, Domingo-Salvany A, Alonso J (2006) Gender differences in health-related quality of life among the elderly: the role of objective functional capacity and chronic conditions. Soc Sci Med 63(9):2367\u20132380","journal-title":"Soc Sci Med"},{"issue":"3","key":"1278_CR14","doi-asserted-by":"publisher","first-page":"198","DOI":"10.1007\/s00127-007-0158-3","volume":"42","author":"MV Zunzunegui","year":"2007","unstructured":"Zunzunegui MV, Minicuci N, Blumstein T, Noale M, Deeg D, Jylha M et al (2007) Gender differences in depressive symptoms among older adults: a cross-national comparison: the CLESA project. Soc Psychiatry Psychiatr Epidemiol 42(3):198\u2013207","journal-title":"Soc Psychiatry Psychiatr Epidemiol"},{"issue":"4","key":"1278_CR15","doi-asserted-by":"publisher","first-page":"1507","DOI":"10.1177\/1471301217716725","volume":"18","author":"A Holopainen","year":"2019","unstructured":"Holopainen A, Siltanen H, Pohjanvuori A, Makisalo-Ropponen M, Okkonen E (2019) Factors associated with the quality of life of people with dementia and with quality of life-improving interventions: scoping review. Dementia (London) 18(4):1507\u20131537","journal-title":"Dementia (London)"},{"issue":"13","key":"1278_CR16","doi-asserted-by":"publisher","first-page":"2130","DOI":"10.1017\/S0033291718000405","volume":"48","author":"A Martyr","year":"2018","unstructured":"Martyr A, Nelis SM, Quinn C, Wu YT, Lamont RA, Henderson C et al (2018) Living well with dementia: a systematic review and correlational meta-analysis of factors associated with quality of life, well-being and life satisfaction in people with dementia. Psychol Med 48(13):2130\u20132139","journal-title":"Psychol Med"},{"issue":"9","key":"1278_CR17","doi-asserted-by":"publisher","first-page":"989","DOI":"10.1080\/13803395.2011.589374","volume":"33","author":"S Freitas","year":"2011","unstructured":"Freitas S, Simoes MR, Alves L, Santana I (2011) Montreal cognitive assessment (MoCA): normative study for the Portuguese population. J Clin Exp Neuropsychol 33(9):989\u2013996","journal-title":"J Clin Exp Neuropsychol"},{"issue":"9","key":"1278_CR18","doi-asserted-by":"publisher","first-page":"735","DOI":"10.1016\/S1474-4422(06)70537-3","volume":"5","author":"M Kivipelto","year":"2006","unstructured":"Kivipelto M, Ngandu T, Laatikainen T, Winblad B, Soininen H, Tuomilehto J (2006) Risk score for the prediction of dementia risk in 20 years among middle aged people: a longitudinal, population-based study. Lancet Neurol 5(9):735\u2013741","journal-title":"Lancet Neurol"},{"issue":"1","key":"1278_CR19","doi-asserted-by":"publisher","first-page":"31","DOI":"10.1186\/s40359-018-0249-9","volume":"6","author":"RD Kocalevent","year":"2018","unstructured":"Kocalevent RD, Berg L, Beutel ME, Hinz A, Zenger M, Harter M et al (2018) Social support in the general population: standardization of the Oslo social support scale (OSSS-3). BMC Psychol 6(1):31","journal-title":"BMC Psychol"},{"issue":"8","key":"1278_CR20","doi-asserted-by":"publisher","first-page":"1381","DOI":"10.1249\/01.MSS.0000078924.61453.FB","volume":"35","author":"CL Craig","year":"2003","unstructured":"Craig CL, Marshall AL, Sjostrom M, Bauman AE, Booth ML, Ainsworth BE et al (2003) International physical activity questionnaire: 12-country reliability and validity. Med Sci Sports Exerc 35(8):1381\u20131395","journal-title":"Med Sci Sports Exerc"},{"key":"1278_CR21","unstructured":"IPAQ Research Committee. Guidelines for Data Processing and Analysis of the International Physical Activity Questionnaire (Ipaq)-Short and Long Forms. https:\/\/biobank.ndph.ox.ac.uk\/showcase\/ukb\/docs\/ipaq_analysis.pdf"},{"key":"1278_CR22","doi-asserted-by":"crossref","unstructured":"Garcia-Conesa MT, Philippou E, Pafilas C, Massaro M, Quarta S, Andrade V et al (2020) Exploring the validity of the 14-item Mediterranean Diet adherence screener (MEDAS): a cross-national study in seven European countries around the Mediterranean Region. Nutrients 12(10)","DOI":"10.3390\/nu12102960"},{"key":"1278_CR23","unstructured":"Foundation ER (2019) EQ-5D 5L User Guide. Available from https:\/\/euroqol.org\/information-and-support\/documentation\/user-guides\/"},{"issue":"12","key":"1278_CR24","doi-asserted-by":"publisher","first-page":"3163","DOI":"10.1007\/s11136-019-02226-5","volume":"28","author":"PL Ferreira","year":"2019","unstructured":"Ferreira PL, Antunes P, Ferreira LN, Pereira LN, Ramos-Goni JM (2019) A hybrid modelling approach for eliciting health state preferences: the Portuguese EQ-5D-5L value set. Qual Life Res 28(12):3163\u20133175","journal-title":"Qual Life Res"},{"issue":"1","key":"1278_CR25","doi-asserted-by":"publisher","first-page":"114","DOI":"10.1186\/s12889-020-8212-0","volume":"20","author":"KH Lee","year":"2020","unstructured":"Lee KH, Xu H, Wu B (2020) Gender differences in quality of life among community-dwelling older adults in low- and middle-income countries: results from the Study on global AGEing and adult health (SAGE). BMC Public Health 20(1):114","journal-title":"BMC Public Health"},{"key":"1278_CR26","doi-asserted-by":"publisher","first-page":"95","DOI":"10.4103\/ijpvm.IJPVM_197_16","volume":"8","author":"K Hajian-Tilaki","year":"2017","unstructured":"Hajian-Tilaki K, Heidari B, Hajian-Tilaki A (2017) Are gender differences in health-related quality of life attributable to sociodemographic characteristics and chronic disease conditions in elderly people? Int J Prev Med 8:95","journal-title":"Int J Prev Med"},{"key":"1278_CR27","doi-asserted-by":"crossref","unstructured":"Disability Among Older People in a Southern European City in 2006: trends in gender and socioeconomic inequalities. J Women's Health 19(5):927\u2013933","DOI":"10.1089\/jwh.2009.1608"},{"issue":"10","key":"1278_CR28","doi-asserted-by":"publisher","first-page":"993","DOI":"10.1038\/s41562-020-0920-z","volume":"4","author":"LM Giurge","year":"2020","unstructured":"Giurge LM, Whillans AV, West C (2020) Why time poverty matters for individuals, organisations and nations. Nat Hum Behav 4(10):993\u20131003","journal-title":"Nat Hum Behav"},{"issue":"1","key":"1278_CR29","doi-asserted-by":"publisher","first-page":"200","DOI":"10.1186\/s13195-023-01344-0","volume":"15","author":"S Aye","year":"2023","unstructured":"Aye S, Bouteloup V, Tate A, Wimo A, Handels R, Jean D et al (2023) Health-related quality of life in subjective cognitive decline and mild cognitive impairment: a longitudinal cohort analysis. Alzheimer\u2019s Res Ther 15(1):200","journal-title":"Alzheimer\u2019s Res Ther"},{"key":"1278_CR30","doi-asserted-by":"publisher","first-page":"1269444","DOI":"10.3389\/fpubh.2023.1269444","volume":"11","author":"S Jahan","year":"2023","unstructured":"Jahan S, Islam R, Rahman T, Kabir MF, Islam MW, Hossain K et al (2023) The assessment of musculoskeletal disorders, quality of life, and comorbidities in older people in Bangladesh. Front Public Health 11:1269444","journal-title":"Front Public Health"},{"issue":"1","key":"1278_CR31","doi-asserted-by":"publisher","first-page":"91","DOI":"10.1186\/s12891-020-03893-z","volume":"22","author":"CK \u00d8ver\u00e5s","year":"2021","unstructured":"\u00d8ver\u00e5s CK, Johansson MS, de Campos TF, Ferreira ML, Natvig B, Mork PJ et al (2021) Distribution and prevalence of musculoskeletal pain co-occurring with persistent low back pain: a systematic review. BMC Musculoskelet Disord 22(1):91","journal-title":"BMC Musculoskelet Disord"},{"key":"1278_CR32","doi-asserted-by":"crossref","unstructured":"Overstreet DS, Strath LJ, Jordan M, Jordan IA, Hobson JM, Owens MA et al (2023) A brief overview: sex differences in prevalent chronic musculoskeletal conditions. Int J Environ Res Public Health 20(5)","DOI":"10.3390\/ijerph20054521"},{"issue":"4","key":"1278_CR33","doi-asserted-by":"publisher","first-page":"219","DOI":"10.1503\/jpn.150205","volume":"40","author":"PR Albert","year":"2015","unstructured":"Albert PR (2015) Why is depression more prevalent in women? J Psychiatry Neurosci 40(4):219\u2013221","journal-title":"J Psychiatry Neurosci"},{"issue":"1","key":"1278_CR34","doi-asserted-by":"publisher","first-page":"44","DOI":"10.1186\/s12939-019-0942-1","volume":"18","author":"S Zhang","year":"2019","unstructured":"Zhang S, Xiang W (2019) Income gradient in health-related quality of life\u2014the role of social networking time. Int J Equity Health 18(1):44","journal-title":"Int J Equity Health"},{"key":"1278_CR35","doi-asserted-by":"publisher","first-page":"553","DOI":"10.1146\/annurev-soc-070308-115929","volume":"35","author":"IT Elo","year":"2009","unstructured":"Elo IT (2009) Social class differentials in health and mortality: patterns and explanations in comparative perspective. Annu Rev Sociol 35:553\u2013572","journal-title":"Annu Rev Sociol"},{"key":"1278_CR36","doi-asserted-by":"publisher","first-page":"1300404","DOI":"10.3389\/fpubh.2023.1300404","volume":"11","author":"L Wan","year":"2023","unstructured":"Wan L, Yang G, Dong H, Liang X, He Y (2023) Impact of cardiovascular disease on health-related quality of life among older adults in eastern China: evidence from a national cross-sectional survey. Front Public Health 11:1300404","journal-title":"Front Public Health"},{"key":"1278_CR37","doi-asserted-by":"crossref","unstructured":"de Torres JP, Casanova C, Hern\u00e1ndez C, Abreu J, Montejo de Garcini A, Aguirre-Jaime A et al (2006) Gender associated differences in determinants of quality of life in patients with COPD: a case series study. Health Qual Life Outcomes 4:72","DOI":"10.1186\/1477-7525-4-72"},{"issue":"2","key":"1278_CR38","doi-asserted-by":"publisher","DOI":"10.1371\/journal.pone.0212184","volume":"14","author":"B Kefale","year":"2019","unstructured":"Kefale B, Alebachew M, Tadesse Y, Engidawork E (2019) Quality of life and its predictors among patients with chronic kidney disease: a hospital-based cross sectional study. PLoS ONE 14(2):e0212184","journal-title":"PLoS ONE"},{"key":"1278_CR39","doi-asserted-by":"publisher","DOI":"10.1016\/j.arr.2019.04.005","volume":"53","author":"TT Makovski","year":"2019","unstructured":"Makovski TT, Schmitz S, Zeegers MP, Stranges S, van den Akker M (2019) Multimorbidity and quality of life: systematic literature review and meta-analysis. Ageing Res Rev 53:100903","journal-title":"Ageing Res Rev"},{"issue":"1","key":"1278_CR40","doi-asserted-by":"publisher","first-page":"162","DOI":"10.1186\/s12905-023-02319-x","volume":"23","author":"SM Temkin","year":"2023","unstructured":"Temkin SM, Barr E, Moore H, Caviston JP, Regensteiner JG, Clayton JA (2023) Chronic conditions in women: the development of a National Institutes of health framework. BMC Womens Health 23(1):162","journal-title":"BMC Womens Health"},{"issue":"3","key":"1278_CR41","doi-asserted-by":"publisher","DOI":"10.4081\/hpr.2013.932","volume":"1","author":"K Megari","year":"2013","unstructured":"Megari K (2013) Quality of life in chronic disease patients. Health Psychol Res 1(3):e27","journal-title":"Health Psychol Res"},{"issue":"5","key":"1278_CR42","doi-asserted-by":"publisher","first-page":"273","DOI":"10.1111\/cob.12203","volume":"7","author":"RL Kolotkin","year":"2017","unstructured":"Kolotkin RL, Andersen JR (2017) A systematic review of reviews: exploring the relationship between obesity, weight loss and health-related quality of life. Clin Obes 7(5):273\u2013289","journal-title":"Clin Obes"},{"issue":"1","key":"1278_CR43","doi-asserted-by":"publisher","first-page":"1990","DOI":"10.1186\/s12889-021-12009-8","volume":"21","author":"J Stephenson","year":"2021","unstructured":"Stephenson J, Smith CM, Kearns B, Haywood A, Bissell P (2021) The association between obesity and quality of life: a retrospective analysis of a large-scale population-based cohort study. BMC Public Health 21(1):1990","journal-title":"BMC Public Health"},{"key":"1278_CR44","doi-asserted-by":"crossref","unstructured":"Maniscalco L, Miceli S, Bono F, Matranga D (2020) Self-perceived health, objective health, and quality of life among people aged 50 and over: interrelationship among health indicators in Italy, Spain, and Greece. Int J Environ Res Public Health 17(7)","DOI":"10.3390\/ijerph17072414"},{"issue":"6","key":"1278_CR45","doi-asserted-by":"publisher","first-page":"580","DOI":"10.1093\/oxfordjournals.aje.a010056","volume":"150","author":"PK Elias","year":"1999","unstructured":"Elias PK, Elias MF, D\u2019Agostino RB, Silbershatz H, Wolf PA (1999) Alcohol consumption and cognitive performance in the Framingham Heart Study. Am J Epidemiol 150(6):580\u2013589","journal-title":"Am J Epidemiol"},{"key":"1278_CR46","doi-asserted-by":"publisher","first-page":"465","DOI":"10.2147\/NDT.S23159","volume":"7","author":"EJ Neafsey","year":"2011","unstructured":"Neafsey EJ, Collins MA (2011) Moderate alcohol consumption and cognitive risk. Neuropsychiatr Dis Treat 7:465\u2013484","journal-title":"Neuropsychiatr Dis Treat"}],"container-title":["European Geriatric Medicine"],"original-title":[],"language":"en","link":[{"URL":"https:\/\/link.springer.com\/content\/pdf\/10.1007\/s41999-025-01278-w.pdf","content-type":"application\/pdf","content-version":"vor","intended-application":"text-mining"},{"URL":"https:\/\/link.springer.com\/article\/10.1007\/s41999-025-01278-w","content-type":"text\/html","content-version":"vor","intended-application":"text-mining"},{"URL":"https:\/\/link.springer.com\/content\/pdf\/10.1007\/s41999-025-01278-w.pdf","content-type":"application\/pdf","content-version":"vor","intended-application":"similarity-checking"}],"deposited":{"date-parts":[[2025,12,27]],"date-time":"2025-12-27T04:28:27Z","timestamp":1766809707000},"score":1,"resource":{"primary":{"URL":"https:\/\/link.springer.com\/10.1007\/s41999-025-01278-w"}},"subtitle":[],"short-title":[],"issued":{"date-parts":[[2025,8,1]]},"references-count":46,"journal-issue":{"issue":"6","published-online":{"date-parts":[[2025,12]]}},"alternative-id":["1278"],"URL":"https:\/\/doi.org\/10.1007\/s41999-025-01278-w","relation":{},"ISSN":["1878-7657"],"issn-type":[{"value":"1878-7657","type":"electronic"}],"subject":[],"published":{"date-parts":[[2025,8,1]]},"assertion":[{"value":"2 April 2025","order":1,"name":"received","label":"Received","group":{"name":"ArticleHistory","label":"Article History"}},{"value":"10 July 2025","order":2,"name":"accepted","label":"Accepted","group":{"name":"ArticleHistory","label":"Article History"}},{"value":"1 August 2025","order":3,"name":"first_online","label":"First Online","group":{"name":"ArticleHistory","label":"Article History"}},{"order":1,"name":"Ethics","group":{"name":"EthicsHeading","label":"Declarations"}},{"value":"The authors have no relevant financial or non-financial interests to disclose.","order":2,"name":"Ethics","group":{"name":"EthicsHeading","label":"Competing interests"}},{"value":"The data used in this cross-sectional analysis were collected under the MIND-Matosinhos study, which was conducted in accordance with the Declaration of Helsinki and approved on 10 July 2020 by the Ethics Committee Health of the Local Health Unit of Matosinhos (Ref. 63\/CES\/JAS and 71\/CES\/JAS).","order":3,"name":"Ethics","group":{"name":"EthicsHeading","label":"Ethics approval"}},{"value":"Informed consent was obtained from all participants involved in the study.","order":4,"name":"Ethics","group":{"name":"EthicsHeading","label":"Consent to participate"}}]}}