{"status":"ok","message-type":"work","message-version":"1.0.0","message":{"indexed":{"date-parts":[[2026,4,14]],"date-time":"2026-04-14T06:06:43Z","timestamp":1776146803478,"version":"3.50.1"},"reference-count":67,"publisher":"Elsevier BV","issue":"2","license":[{"start":{"date-parts":[[2026,2,1]],"date-time":"2026-02-01T00:00:00Z","timestamp":1769904000000},"content-version":"tdm","delay-in-days":0,"URL":"https:\/\/www.elsevier.com\/tdm\/userlicense\/1.0\/"},{"start":{"date-parts":[[2026,2,1]],"date-time":"2026-02-01T00:00:00Z","timestamp":1769904000000},"content-version":"tdm","delay-in-days":0,"URL":"https:\/\/www.elsevier.com\/legal\/tdmrep-license"},{"start":{"date-parts":[[2025,10,28]],"date-time":"2025-10-28T00:00:00Z","timestamp":1761609600000},"content-version":"vor","delay-in-days":0,"URL":"http:\/\/creativecommons.org\/licenses\/by-nc\/4.0\/"}],"funder":[{"DOI":"10.13039\/501100004587","name":"Instituto de Salud Carlos III","doi-asserted-by":"publisher","award":["PI20\/01712"],"award-info":[{"award-number":["PI20\/01712"]}],"id":[{"id":"10.13039\/501100004587","id-type":"DOI","asserted-by":"publisher"}]},{"DOI":"10.13039\/501100004587","name":"Instituto de Salud Carlos III","doi-asserted-by":"publisher","award":["PI23\/01979"],"award-info":[{"award-number":["PI23\/01979"]}],"id":[{"id":"10.13039\/501100004587","id-type":"DOI","asserted-by":"publisher"}]},{"DOI":"10.13039\/501100000780","name":"European Commission","doi-asserted-by":"publisher","id":[{"id":"10.13039\/501100000780","id-type":"DOI","asserted-by":"publisher"}]},{"DOI":"10.13039\/501100004895","name":"European Social Fund Plus","doi-asserted-by":"publisher","award":["EDU\/601\/2020"],"award-info":[{"award-number":["EDU\/601\/2020"]}],"id":[{"id":"10.13039\/501100004895","id-type":"DOI","asserted-by":"publisher"}]},{"DOI":"10.13039\/501100014180","name":"Junta de Castilla y Leon","doi-asserted-by":"publisher","id":[{"id":"10.13039\/501100014180","id-type":"DOI","asserted-by":"publisher"}]}],"content-domain":{"domain":["clinicalkey.com","clinicalkey.com.au","clinicalkey.es","clinicalkey.fr","clinicalkey.jp","jacionline.org","elsevier.com","sciencedirect.com"],"crossmark-restriction":true},"short-container-title":["Journal of Allergy and Clinical Immunology"],"published-print":{"date-parts":[[2026,2]]},"DOI":"10.1016\/j.jaci.2025.10.020","type":"journal-article","created":{"date-parts":[[2025,10,31]],"date-time":"2025-10-31T00:04:35Z","timestamp":1761869075000},"page":"454-469","update-policy":"https:\/\/doi.org\/10.1016\/elsevier_cm_policy","source":"Crossref","is-referenced-by-count":4,"title":["Immunologic biomarkers of noninfectious complications and overall survival in common variable immunodeficiency"],"prefix":"10.1016","volume":"157","author":[{"ORCID":"https:\/\/orcid.org\/0000-0002-9485-5696","authenticated-orcid":false,"given":"Alba","family":"Torres-Valle","sequence":"first","affiliation":[]},{"given":"Jana","family":"Neirinck","sequence":"additional","affiliation":[]},{"given":"Susana L.","family":"Silva","sequence":"additional","affiliation":[]},{"given":"Sonia","family":"de Arriba","sequence":"additional","affiliation":[]},{"given":"Cristina","family":"Serrano","sequence":"additional","affiliation":[]},{"given":"Lourdes","family":"Cord\u00f3n","sequence":"additional","affiliation":[]},{"given":"Pedro Pablo","family":"Arenas-Caro","sequence":"additional","affiliation":[]},{"given":"Dolores","family":"Subir\u00e1","sequence":"additional","affiliation":[]},{"given":"Marta Ruiz","family":"Mercado","sequence":"additional","affiliation":[]},{"given":"Luis I.","family":"Gonz\u00e1lez Granado","sequence":"additional","affiliation":[]},{"given":"Catarina","family":"Martins","sequence":"additional","affiliation":[]},{"given":"Tomas","family":"Kalina","sequence":"additional","affiliation":[]},{"given":"H\u00e9ctor","family":"Balastegui-Mart\u00edn","sequence":"additional","affiliation":[]},{"given":"Marta Dafne","family":"Cabanero-Navalon","sequence":"additional","affiliation":[]},{"given":"Miguel","family":"Marcos","sequence":"additional","affiliation":[]},{"given":"Sandra","family":"Ines","sequence":"additional","affiliation":[]},{"given":"Teresa","family":"Contreras","sequence":"additional","affiliation":[]},{"given":"Carlos","family":"Prieto","sequence":"additional","affiliation":[]},{"given":"Luc\u00eda","family":"Guerrero","sequence":"additional","affiliation":[]},{"given":"M. Carmen","family":"Garc\u00eda Ca\u00f1adas","sequence":"additional","affiliation":[]},{"given":"Ana Isabel","family":"Cordeiro","sequence":"additional","affiliation":[]},{"given":"Beatriz","family":"Albarran","sequence":"additional","affiliation":[]},{"given":"Nicol\u00e1s Gonz\u00e1lez","family":"G\u00f3mez","sequence":"additional","affiliation":[]},{"given":"Guillermina","family":"Hurtado","sequence":"additional","affiliation":[]},{"given":"Abelardo","family":"Barez","sequence":"additional","affiliation":[]},{"given":"Ignacio","family":"Madruga","sequence":"additional","affiliation":[]},{"given":"Alejandro Martin","family":"Garc\u00eda-Sancho","sequence":"additional","affiliation":[]},{"given":"Jos\u00e9 Mar\u00eda","family":"Bastida","sequence":"additional","affiliation":[]},{"given":"Ignacio","family":"Davila","sequence":"additional","affiliation":[]},{"given":"Larraitz","family":"Aragon","sequence":"additional","affiliation":[]},{"given":"Pedro Mikel","family":"Requejo Olaizola","sequence":"additional","affiliation":[]},{"given":"Mattias","family":"Hofmans","sequence":"additional","affiliation":[]},{"given":"Ciel","family":"De Vriendt","sequence":"additional","affiliation":[]},{"given":"Elena","family":"Blanco","sequence":"additional","affiliation":[]},{"given":"Mar\u00eda","family":"Jara-Acevedo","sequence":"additional","affiliation":[]},{"given":"Tessa","family":"Kerre","sequence":"additional","affiliation":[]},{"given":"Amparo","family":"Sempere","sequence":"additional","affiliation":[]},{"given":"Filomeen","family":"Haerynck","sequence":"additional","affiliation":[]},{"given":"\u00c1lvaro","family":"Prada","sequence":"additional","affiliation":[]},{"given":"Ana E.","family":"Sousa","sequence":"additional","affiliation":[]},{"given":"Carolien","family":"Bonroy","sequence":"additional","affiliation":[]},{"given":"Jacques J.M.","family":"van Dongen","sequence":"additional","affiliation":[]},{"given":"Mart\u00edn","family":"P\u00e9rez-Andr\u00e9s","sequence":"additional","affiliation":[]},{"given":"Alberto","family":"Orfao","sequence":"additional","affiliation":[]}],"member":"78","reference":[{"key":"10.1016\/j.jaci.2025.10.020_bib1","doi-asserted-by":"crossref","first-page":"116","DOI":"10.1016\/j.jaci.2013.12.1077","article-title":"Clinical picture and treatment of 2212 patients with common variable immunodeficiency","volume":"134","author":"Gathmann","year":"2014","journal-title":"J Allergy Clin Immunol"},{"key":"10.1016\/j.jaci.2025.10.020_bib2","doi-asserted-by":"crossref","first-page":"38","DOI":"10.1016\/j.jaip.2015.07.025","article-title":"International consensus document (ICON): common variable immunodeficiency disorders","volume":"4","author":"Bonilla","year":"2016","journal-title":"J Allergy Clin Immunol Pract"},{"key":"10.1016\/j.jaci.2025.10.020_bib3","doi-asserted-by":"crossref","first-page":"201","DOI":"10.1186\/s13023-018-0941-0","article-title":"The burden of common variable immunodeficiency disorders: a retrospective analysis of the European Society for Immunodeficiency (ESID) registry data","volume":"13","author":"Odnoletkova","year":"2018","journal-title":"Orphanet J Rare Dis"},{"key":"10.1016\/j.jaci.2025.10.020_bib4","doi-asserted-by":"crossref","DOI":"10.70962\/jhi.20250003","article-title":"Human inborn errors of immunity: 2024 update on the classification from the International Union of Immunological Societies Expert Committee","volume":"1","author":"Poli","year":"2025","journal-title":"Journal of Human Immunity"},{"key":"10.1016\/j.jaci.2025.10.020_bib5","doi-asserted-by":"crossref","first-page":"1197","DOI":"10.1016\/j.jaci.2012.05.046","article-title":"Confirmation and improvement of criteria for clinical phenotyping in common variable immunodeficiency disorders in replicate cohorts","volume":"130","author":"Chapel","year":"2012","journal-title":"J Allergy Clin Immunol"},{"key":"10.1016\/j.jaci.2025.10.020_bib6","doi-asserted-by":"crossref","first-page":"149","DOI":"10.3389\/fimmu.2020.00149","article-title":"Non-infectious complications of common variable immunodeficiency: updated clinical spectrum, sequelae, and insights to pathogenesis","volume":"11","author":"Ho","year":"2020","journal-title":"Front Immunol"},{"key":"10.1016\/j.jaci.2025.10.020_bib7","doi-asserted-by":"crossref","first-page":"1650","DOI":"10.1182\/blood-2011-09-377945","article-title":"Morbidity and mortality in common variable immune deficiency over 4 decades","volume":"119","author":"Resnick","year":"2012","journal-title":"Blood"},{"key":"10.1016\/j.jaci.2025.10.020_bib8","doi-asserted-by":"crossref","first-page":"1626","DOI":"10.1007\/s10875-022-01319-0","article-title":"Evaluation of laboratory and sonographic parameters for detection of portal hypertension in patients with common variable immunodeficiency","volume":"42","author":"Globig","year":"2022","journal-title":"J Clin Immunol"},{"key":"10.1016\/j.jaci.2025.10.020_bib9","doi-asserted-by":"crossref","first-page":"434","DOI":"10.1097\/ACI.0000000000001035","article-title":"Liver disease in primary antibody deficiencies","volume":"24","author":"Bez","year":"2024","journal-title":"Curr Opin Allergy Clin Immunol"},{"key":"10.1016\/j.jaci.2025.10.020_bib10","doi-asserted-by":"crossref","DOI":"10.1097\/HC9.0000000000000322","article-title":"Common variable immunodeficiency disorder\u2013related liver disease is common and results in portal hypertension and an increased risk of death","volume":"8","author":"Halliday","year":"2024","journal-title":"Hepatol Commun"},{"key":"10.1016\/j.jaci.2025.10.020_bib11","doi-asserted-by":"crossref","first-page":"656","DOI":"10.1182\/blood.2019000929","article-title":"Current genetic landscape in common variable immune deficiency","volume":"135","author":"Abolhassani","year":"2020","journal-title":"Blood"},{"key":"10.1016\/j.jaci.2025.10.020_bib12","doi-asserted-by":"crossref","first-page":"261","DOI":"10.1007\/s12016-017-8645-0","article-title":"Review: diagnosing common variable immunodeficiency disorder in the era of genome sequencing","volume":"54","author":"Ameratunga","year":"2018","journal-title":"Clin Rev Allergy Immunol"},{"key":"10.1016\/j.jaci.2025.10.020_bib13","doi-asserted-by":"crossref","first-page":"575","DOI":"10.1136\/jmedgenet-2015-103690","article-title":"Genes associated with common variable immunodeficiency: one diagnosis to rule them all?","volume":"53","author":"Bogaert","year":"2016","journal-title":"J Med Genet"},{"key":"10.1016\/j.jaci.2025.10.020_bib14","doi-asserted-by":"crossref","first-page":"1646","DOI":"10.1016\/j.jaip.2023.01.048","article-title":"The rapidly expanding genetic spectrum of common variable immunodeficiency\u2013like disorders","volume":"11","author":"Ameratunga","year":"2023","journal-title":"J Allergy Clin Immunol Pract"},{"key":"10.1016\/j.jaci.2025.10.020_bib15","doi-asserted-by":"crossref","first-page":"1544","DOI":"10.1182\/blood.V99.5.1544","article-title":"Severe deficiency of switched memory B cells (CD27+IgM\u2212IgD\u2212) in subgroups of patients with common variable immunodeficiency: a new approach to classify a heterogeneous disease","volume":"99","author":"Warnatz","year":"2002","journal-title":"Blood"},{"key":"10.1016\/j.jaci.2025.10.020_bib16","doi-asserted-by":"crossref","first-page":"385","DOI":"10.1023\/A:1025373601374","article-title":"Common variable immunodeficiency patient classification based on impaired B cell memory differentiation correlates with clinical aspects","volume":"23","author":"Piqueras","year":"2003","journal-title":"J Clin Immunol"},{"key":"10.1016\/j.jaci.2025.10.020_bib17","doi-asserted-by":"crossref","first-page":"809","DOI":"10.1016\/j.jaci.2019.02.017","article-title":"Defects in memory B-cell and plasma cell subsets expressing different immunoglobulin-subclasses in patients with CVID and immunoglobulin subclass deficiencies","volume":"144","author":"Blanco","year":"2019","journal-title":"J Allergy Clin Immunol"},{"key":"10.1016\/j.jaci.2025.10.020_bib18","doi-asserted-by":"crossref","first-page":"77","DOI":"10.1182\/blood-2007-06-091744","article-title":"The EUROclass trial: defining subgroups in common variable immunodeficiency","volume":"111","author":"Wehr","year":"2008","journal-title":"Blood"},{"key":"10.1016\/j.jaci.2025.10.020_bib19","doi-asserted-by":"crossref","first-page":"746","DOI":"10.1007\/s10875-010-9424-3","article-title":"B-cell and T-cell phenotypes in CVID patients correlate with the clinical phenotype of the disease","volume":"30","author":"Mouillot","year":"2010","journal-title":"J Clin Immunol"},{"key":"10.1016\/j.jaci.2025.10.020_bib20","doi-asserted-by":"crossref","first-page":"202","DOI":"10.1111\/j.1365-2249.2012.04643.x","article-title":"T cell phenotypes in patients with common variable immunodeficiency disorders: associations with clinical phenotypes in comparison with other groups with recurrent infections","volume":"170","author":"Bateman","year":"2012","journal-title":"Clin Exp Immunol"},{"key":"10.1016\/j.jaci.2025.10.020_bib21","doi-asserted-by":"crossref","first-page":"1147","DOI":"10.1016\/j.jaip.2016.07.002","article-title":"Exclusion of patients with a severe T-cell defect improves the definition of common variable immunodeficiency","volume":"4","author":"Bertinchamp","year":"2016","journal-title":"J Allergy Clin Immunol Pract"},{"key":"10.1016\/j.jaci.2025.10.020_bib22","doi-asserted-by":"crossref","first-page":"59","DOI":"10.1016\/j.clim.2019.04.001","article-title":"Evaluating laboratory criteria for combined immunodeficiency in adult patients diagnosed with common variable immunodeficiency","volume":"203","author":"von Spee-Mayer","year":"2019","journal-title":"Clin Immunol"},{"key":"10.1016\/j.jaci.2025.10.020_bib23","doi-asserted-by":"crossref","DOI":"10.3389\/fimmu.2022.933463","article-title":"Liver disease accompanied by enteropathy in common variable immunodeficiency: common pathophysiological mechanisms","volume":"13","author":"Lima","year":"2022","journal-title":"Front Immunol"},{"key":"10.1016\/j.jaci.2025.10.020_bib24","doi-asserted-by":"crossref","first-page":"65","DOI":"10.1080\/10408363.2024.2404842","article-title":"The role of immunophenotyping in common variable immunodeficiency: a narrative review","volume":"62","author":"Neirinck","year":"2024","journal-title":"Crit Rev Clin Lab Sci"},{"key":"10.1016\/j.jaci.2025.10.020_bib25","doi-asserted-by":"crossref","first-page":"3932","DOI":"10.4049\/jimmunol.178.6.3932","article-title":"Unravelling the complexity of T cell abnormalities in common variable immunodeficiency","volume":"178","author":"Giovannetti","year":"2007","journal-title":"J Immunol"},{"key":"10.1016\/j.jaci.2025.10.020_bib26","article-title":"Common variable immunodeficiency patients with a phenotypic profile of immunosenescence present with thrombocytopenia","volume":"7","author":"Stuchl\u00fd","year":"2017","journal-title":"Sci Rep"},{"key":"10.1016\/j.jaci.2025.10.020_bib27","doi-asserted-by":"crossref","first-page":"246","DOI":"10.3389\/fimmu.2019.00246","article-title":"The EuroFlow PID orientation tube for flow cytometric diagnostic screening of primary immunodeficiencies of the lymphoid system","volume":"10","author":"Van Der Burg","year":"2019","journal-title":"Front Immunol"},{"key":"10.1016\/j.jaci.2025.10.020_bib68","doi-asserted-by":"crossref","first-page":"1271","DOI":"10.3389\/fimmu.2019.01271","article-title":"EuroFlow-based flowcytometric diagnostic screening and classification of primary immunodeficiencies of the lymphoid system","volume":"10","author":"van Dongen","year":"2019","journal-title":"Front Immunol"},{"key":"10.1016\/j.jaci.2025.10.020_bib28","doi-asserted-by":"crossref","first-page":"654","DOI":"10.1016\/j.jaci.2019.06.018","article-title":"Defining B-cell defects and correlation with complications in patients with common variable immune deficiency","volume":"144","author":"Chapel","year":"2019","journal-title":"J Allergy Clin Immunol"},{"key":"10.1016\/j.jaci.2025.10.020_bib29","doi-asserted-by":"crossref","first-page":"2208","DOI":"10.1016\/j.jaci.2018.02.017","article-title":"Age-associated distribution of normal B-cell and plasma cell subsets in peripheral blood","volume":"141","author":"Blanco","year":"2018","journal-title":"J Allergy Clin Immunol"},{"key":"10.1016\/j.jaci.2025.10.020_bib30","doi-asserted-by":"crossref","first-page":"374","DOI":"10.2144\/03342mt01","article-title":"TM4: a free, open-source system for microarray data management and analysis","volume":"34","author":"Saeed","year":"2003","journal-title":"Biotechniques"},{"key":"10.1016\/j.jaci.2025.10.020_bib31","doi-asserted-by":"crossref","first-page":"927","DOI":"10.1542\/peds.47.5.927","article-title":"Primary immunodeficiencies. Report of a World Health Organization committee","volume":"47","author":"Fudenberg","year":"1971","journal-title":"Pediatrics"},{"key":"10.1016\/j.jaci.2025.10.020_bib32","doi-asserted-by":"crossref","first-page":"1285","DOI":"10.1016\/j.jaci.2018.01.039","article-title":"Loss-of-function nuclear factor \u03baB subunit 1 (NFKB1) variants are the most common monogenic cause of common variable immunodeficiency in Europeans","volume":"142","author":"Tuijnenburg","year":"2018","journal-title":"J Allergy Clin Immunol"},{"key":"10.1016\/j.jaci.2025.10.020_bib33","doi-asserted-by":"crossref","first-page":"901","DOI":"10.1016\/j.jaci.2019.11.051","article-title":"Characterization of the clinical and immunologic phenotype and management of 157 individuals with 56 distinct heterozygous NFKB1 mutations","volume":"146","author":"Lorenzini","year":"2020","journal-title":"J Allergy Clin Immunol"},{"key":"10.1016\/j.jaci.2025.10.020_bib34","doi-asserted-by":"crossref","first-page":"192","DOI":"10.1016\/j.jaip.2024.10.015","article-title":"Type-specific impacts of protein defects in pathogenic NFKB2 variants: novel clinical findings from 138 patients","volume":"13","author":"Meissner","year":"2025","journal-title":"J Allergy Clin Immunol Pract"},{"key":"10.1016\/j.jaci.2025.10.020_bib35","doi-asserted-by":"crossref","DOI":"10.70962\/jhi.20250016","article-title":"Re-evaluation of the contribution of TNFRSF13B variants to antibody deficiency","volume":"1","author":"Abolhassani","year":"2025","journal-title":"J Hum Immun"},{"key":"10.1016\/j.jaci.2025.10.020_bib36","doi-asserted-by":"crossref","first-page":"2262","DOI":"10.1038\/ajg.2010.214","article-title":"The enteropathy associated with common variable immunodeficiency: the delineated frontiers with celiac disease","volume":"105","author":"Malamut","year":"2010","journal-title":"Am J Gastroenterol"},{"key":"10.1016\/j.jaci.2025.10.020_bib37","doi-asserted-by":"crossref","first-page":"31","DOI":"10.1080\/1744666X.2021.2008241","article-title":"Gut inflammation in CVID: causes and consequences","volume":"18","author":"Andersen","year":"2022","journal-title":"Expert Rev Clin Immunol"},{"key":"10.1016\/j.jaci.2025.10.020_bib38","doi-asserted-by":"crossref","first-page":"142","DOI":"10.1007\/s10875-024-01744-3","article-title":"Evaluation of frequency of CMV replication and disease complications reveals new cellular defects and a time dependent pattern in CVID patients","volume":"44","author":"Marri","year":"2024","journal-title":"J Clin Immunol"},{"key":"10.1016\/j.jaci.2025.10.020_bib39","doi-asserted-by":"crossref","first-page":"1455","DOI":"10.1038\/mi.2016.18","article-title":"Altered gut microbiota profile in common variable immunodeficiency associates with levels of lipopolysaccharide and markers of systemic immune activation","volume":"9","author":"J\u00f8rgensen","year":"2016","journal-title":"Mucosal Immunol"},{"key":"10.1016\/j.jaci.2025.10.020_bib40","doi-asserted-by":"crossref","DOI":"10.1172\/jci.insight.144777","article-title":"Circulating bioactive bacterial DNA is associated with immune activation and complications in common variable immunodeficiency","volume":"6","author":"Ho","year":"2021","journal-title":"JCI Insight"},{"key":"10.1016\/j.jaci.2025.10.020_bib41","doi-asserted-by":"crossref","first-page":"2033","DOI":"10.1084\/jem.20140039","article-title":"Exhaustion of bacteria-specific CD4 T cells and microbial translocation in common variable immunodeficiency disorders","volume":"211","author":"Perreau","year":"2014","journal-title":"J Exp Med"},{"key":"10.1016\/j.jaci.2025.10.020_bib42","doi-asserted-by":"crossref","first-page":"1240","DOI":"10.1097\/00000478-199610000-00010","article-title":"Gastrointestinal pathology in patients with common variable immunodeficiency and X-linked agammaglobulinemia","volume":"20","author":"Washington","year":"1996","journal-title":"Am J Surg Pathol"},{"key":"10.1016\/j.jaci.2025.10.020_bib43","doi-asserted-by":"crossref","first-page":"748","DOI":"10.1053\/j.gastro.2006.06.022","article-title":"Excess IL-12 but not IL-23 accompanies the inflammatory bowel disease associated with common variable immunodeficiency","volume":"131","author":"Mannon","year":"2006","journal-title":"Gastroenterology"},{"key":"10.1016\/j.jaci.2025.10.020_bib44","doi-asserted-by":"crossref","first-page":"535","DOI":"10.1016\/j.jaci.2013.08.022","article-title":"Tertiary lymphoid neogenesis is a component of pulmonary lymphoid hyperplasia in patients with common variable immunodeficiency","volume":"133","author":"Maglione","year":"2014","journal-title":"J Allergy Clin Immunol"},{"key":"10.1016\/j.jaci.2025.10.020_bib45","doi-asserted-by":"crossref","first-page":"1254","DOI":"10.1007\/s10875-022-01291-9","article-title":"Distinct CD8 T cell populations with differential exhaustion profiles associate with secondary complications in common variable immunodeficiency","volume":"42","author":"Klocperk","year":"2022","journal-title":"J Clin Immunol"},{"key":"10.1016\/j.jaci.2025.10.020_bib46","doi-asserted-by":"crossref","first-page":"212","DOI":"10.1111\/cei.13343","article-title":"Interstitial lung disease in patients with common variable immunodeficiency disorders: several different pathologies?","volume":"198","author":"Patel","year":"2019","journal-title":"Clin Exp Immunol"},{"key":"10.1016\/j.jaci.2025.10.020_bib47","doi-asserted-by":"crossref","first-page":"709","DOI":"10.1136\/jcp-2023-208977","volume":"77","author":"Silva","year":"2024","journal-title":"J Clin Pathol"},{"key":"10.1016\/j.jaci.2025.10.020_bib49","doi-asserted-by":"crossref","first-page":"615","DOI":"10.1007\/s10875-014-0052-1","article-title":"Ill-defined germinal centers and severely reduced plasma cells are histological hallmarks of lymphadenopathy in patients with common variable immunodeficiency","volume":"34","author":"Unger","year":"2014","journal-title":"J Clin Immunol"},{"key":"10.1016\/j.jaci.2025.10.020_bib50","doi-asserted-by":"crossref","first-page":"1467","DOI":"10.1038\/ajg.2016.329","article-title":"A cross-sectional study of the prevalence of gastrointestinal symptoms and pathology in patients with common variable immunodeficiency","volume":"111","author":"J\u00f8rgensen","year":"2016","journal-title":"Am J Gastroenterol"},{"key":"10.1016\/j.jaci.2025.10.020_bib51","doi-asserted-by":"crossref","first-page":"4142","DOI":"10.1016\/j.vaccine.2011.03.087","article-title":"Antibody forming cells and plasmablasts in peripheral blood in CVID patients after vaccination","volume":"29","author":"Chovancova","year":"2011","journal-title":"Vaccine"},{"key":"10.1016\/j.jaci.2025.10.020_bib52","article-title":"Immunological biomarkers associated with survival in a cohort of Argentinian patients with common variable immunodeficiency","volume":"3","author":"Kahn","year":"2024","journal-title":"J Allergy Clin Immunol Glob"},{"key":"10.1016\/j.jaci.2025.10.020_bib53","doi-asserted-by":"crossref","first-page":"222","DOI":"10.1016\/j.ebiom.2016.02.025","article-title":"Low circulating natural killer cell counts are associated with severe disease in patients with common variable immunodeficiency","volume":"6","author":"Ebbo","year":"2016","journal-title":"EBioMedicine"},{"key":"10.1016\/j.jaci.2025.10.020_bib54","doi-asserted-by":"crossref","first-page":"328","DOI":"10.1038\/cmi.2015.96","article-title":"Liver natural killer cells: subsets and roles in liver immunity","volume":"13","author":"Peng","year":"2016","journal-title":"Cell Mol Immunol"},{"key":"10.1016\/j.jaci.2025.10.020_bib55","doi-asserted-by":"crossref","first-page":"315","DOI":"10.1007\/s10875-011-9511-0","article-title":"Effectiveness of immunoglobulin replacement therapy on clinical outcome in patients with primary antibody deficiencies: results from a multicenter prospective cohort study","volume":"31","author":"Quinti","year":"2011","journal-title":"J Clin Immunol"},{"key":"10.1016\/j.jaci.2025.10.020_bib56","doi-asserted-by":"crossref","first-page":"303","DOI":"10.1016\/j.jaci.2016.11.050","article-title":"IgG trough levels and progression of pulmonary disease in pediatric and adult common variable immunodeficiency disorder patients","volume":"140","author":"Janssen","year":"2017","journal-title":"J Allergy Clin Immunol"},{"key":"10.1016\/j.jaci.2025.10.020_bib57","doi-asserted-by":"crossref","first-page":"572","DOI":"10.1007\/s10875-022-01206-8","article-title":"Predictive factors for and complications of bronchiectasis in common variable immunodeficiency disorders","volume":"42","author":"Sperlich","year":"2022","journal-title":"J Clin Immunol"},{"key":"10.1016\/j.jaci.2025.10.020_bib58","doi-asserted-by":"crossref","first-page":"310","DOI":"10.1016\/j.clim.2006.05.003","article-title":"Memory switched B cell percentage and not serum immunoglobulin concentration is associated with clinical complications in children and adults with specific antibody deficiency and common variable immunodeficiency","volume":"120","author":"Alachkar","year":"2006","journal-title":"Clin Immunol"},{"key":"10.1016\/j.jaci.2025.10.020_bib59","doi-asserted-by":"crossref","first-page":"1547","DOI":"10.1086\/587669","article-title":"Infections in 252 patients with common variable immunodeficiency","volume":"46","author":"Oksenhendler","year":"2008","journal-title":"Clin Infect Dis"},{"key":"10.1016\/j.jaci.2025.10.020_bib60","doi-asserted-by":"crossref","first-page":"452","DOI":"10.1016\/j.anai.2014.04.024","article-title":"Pulmonary radiologic findings in common variable immunodeficiency: clinical and immunological correlations","volume":"113","author":"Maglione","year":"2014","journal-title":"Ann Allergy Asthma Immunol"},{"key":"10.1016\/j.jaci.2025.10.020_bib61","doi-asserted-by":"crossref","first-page":"553","DOI":"10.1016\/j.jaci.2012.04.032","article-title":"Immunoglobulin replacement therapy: is there a role for IgA and IgM?","volume":"130","author":"Kiani-Alikhan","year":"2012","journal-title":"J Allergy Clin Immunol"},{"key":"10.1016\/j.jaci.2025.10.020_bib62","doi-asserted-by":"crossref","first-page":"1545","DOI":"10.1007\/s10875-022-01317-2","article-title":"Risk factors of pneumonia in primary antibody deficiency patients receiving immunoglobulin therapy: data from the US Immunodeficiency Network (USIDNET)","volume":"42","author":"Syed","year":"2022","journal-title":"J Clin Immunol"},{"key":"10.1016\/j.jaci.2025.10.020_bib63","doi-asserted-by":"crossref","DOI":"10.3389\/fimmu.2021.712915","article-title":"Gut microbiome and common variable immunodeficiency: few certainties and many outstanding questions","volume":"12","author":"Varricchi","year":"2021","journal-title":"Front Immunol"},{"key":"10.1016\/j.jaci.2025.10.020_bib64","doi-asserted-by":"crossref","DOI":"10.3389\/fimmu.2023.1268686","article-title":"Automated EuroFlow approach for standardized in-depth dissection of human circulating B-cells and plasma cells","volume":"14","author":"Delgado","year":"2023","journal-title":"Front Immunol"},{"key":"10.1016\/j.jaci.2025.10.020_bib65","doi-asserted-by":"crossref","DOI":"10.1016\/j.jaci.2025.09.021","article-title":"T, B, and NK cells versus the primary immunodeficiency orientation tube for diagnostic screening of IEIs","author":"Perez-Andres","year":"2025","journal-title":"J Allergy Clin Immunol"},{"key":"10.1016\/j.jaci.2025.10.020_bib66","doi-asserted-by":"crossref","first-page":"988","DOI":"10.1016\/j.jaci.2014.11.029","article-title":"Multicenter experience in hematopoietic stem cell transplantation for serious complications of common variable immunodeficiency","volume":"135","author":"Wehr","year":"2015","journal-title":"J Allergy Clin Immunol"},{"key":"10.1016\/j.jaci.2025.10.020_bib67","doi-asserted-by":"crossref","first-page":"60","DOI":"10.1182\/blood.2022015482","article-title":"Allogeneic stem cell transplantation compared to conservative management in adults with inborn errors of immunity","volume":"141","author":"Cheminant","year":"2023","journal-title":"Blood"}],"updated-by":[{"DOI":"10.1016\/j.jaci.2026.03.012","type":"erratum","label":"Erratum","source":"publisher","updated":{"date-parts":[[2026,4,14]],"date-time":"2026-04-14T00:00:00Z","timestamp":1776124800000}}],"container-title":["Journal of Allergy and Clinical Immunology"],"original-title":[],"language":"en","link":[{"URL":"https:\/\/api.elsevier.com\/content\/article\/PII:S0091674925010796?httpAccept=text\/xml","content-type":"text\/xml","content-version":"vor","intended-application":"text-mining"},{"URL":"https:\/\/api.elsevier.com\/content\/article\/PII:S0091674925010796?httpAccept=text\/plain","content-type":"text\/plain","content-version":"vor","intended-application":"text-mining"}],"deposited":{"date-parts":[[2026,3,18]],"date-time":"2026-03-18T04:13:07Z","timestamp":1773807187000},"score":1,"resource":{"primary":{"URL":"https:\/\/linkinghub.elsevier.com\/retrieve\/pii\/S0091674925010796"}},"subtitle":[],"short-title":[],"issued":{"date-parts":[[2026,2]]},"references-count":67,"journal-issue":{"issue":"2","published-print":{"date-parts":[[2026,2]]}},"alternative-id":["S0091674925010796"],"URL":"https:\/\/doi.org\/10.1016\/j.jaci.2025.10.020","relation":{},"ISSN":["0091-6749"],"issn-type":[{"value":"0091-6749","type":"print"}],"subject":[],"published":{"date-parts":[[2026,2]]},"assertion":[{"value":"Elsevier","name":"publisher","label":"This article is maintained by"},{"value":"Immunologic biomarkers of noninfectious complications and overall survival in common variable immunodeficiency","name":"articletitle","label":"Article Title"},{"value":"Journal of Allergy and Clinical Immunology","name":"journaltitle","label":"Journal Title"},{"value":"https:\/\/doi.org\/10.1016\/j.jaci.2025.10.020","name":"articlelink","label":"CrossRef DOI link to publisher maintained version"},{"value":"article","name":"content_type","label":"Content Type"},{"value":"\u00a9 2025 The Authors. Published by Elsevier Inc. on behalf of the American Academy of Allergy, Asthma & Immunology.","name":"copyright","label":"Copyright"}]}}