{"status":"ok","message-type":"work","message-version":"1.0.0","message":{"indexed":{"date-parts":[[2026,2,19]],"date-time":"2026-02-19T17:36:50Z","timestamp":1771522610584,"version":"3.50.1"},"reference-count":36,"publisher":"Cambridge University Press (CUP)","issue":"S24","license":[{"start":{"date-parts":[[2016,12,1]],"date-time":"2016-12-01T00:00:00Z","timestamp":1480550400000},"content-version":"unspecified","delay-in-days":0,"URL":"https:\/\/www.cambridge.org\/core\/terms"}],"content-domain":{"domain":["journals.cambridge.org"],"crossmark-restriction":true},"short-container-title":["Int Rev of Soc His"],"published-print":{"date-parts":[[2016,12]]},"abstract":"<jats:title>Abstract<\/jats:title><jats:p>In the context of the Global Collaboratory on the History of Labour Relations, in this article, we relate the analysis of precarious work in Portugal to the state, in particular, as a direct participant functioning as both employer and mediator. In the second part, we present a short overview of the evolution of casualization in the context of employment and unemployment in contemporary Portugal (1974\u20132014). In the third section, we discuss state policies on labour relations, particularly in the context of the welfare state. Finally, we compare this present analysis with Swedish research done from the perspective of the state as a direct participant and mediator over the past four decades.<\/jats:p>","DOI":"10.1017\/s0020859016000444","type":"journal-article","created":{"date-parts":[[2016,12,1]],"date-time":"2016-12-01T09:51:30Z","timestamp":1480585890000},"page":"263-284","update-policy":"https:\/\/doi.org\/10.1017\/policypage","source":"Crossref","is-referenced-by-count":2,"title":["State Policies Towards Precarious Work: Employment and Unemployment in Contemporary Portugal"],"prefix":"10.1017","volume":"61","author":[{"given":"Raquel","family":"Varela","sequence":"first","affiliation":[]}],"member":"56","published-online":{"date-parts":[[2016,12,1]]},"reference":[{"key":"S0020859016000444_ref20","doi-asserted-by":"publisher","DOI":"10.4135\/9781446247648.n3"},{"key":"S0020859016000444_ref17","doi-asserted-by":"publisher","DOI":"10.5007\/1984-9222.2011v3n6p151"},{"key":"S0020859016000444_ref14","doi-asserted-by":"publisher","DOI":"10.1007\/978-1-349-27396-6"},{"key":"S0020859016000444_ref19","first-page":"679","article-title":"O mercado de trabalho nos Anos 70. Das tens\u00f5es aos metabolismos","volume":"XXI","author":"Rodrigues","year":"1985","journal-title":"An\u00e1lise Social"},{"key":"S0020859016000444_ref13","volume-title":"Para al\u00e9m do capital","author":"M\u00e9sz\u00e1ros","year":"2002"},{"key":"S0020859016000444_ref23","unstructured":"de Lucena Manuel , \u201cPrevid\u00eancia\u201d, in Barreto and M\u00f3nica, Dicion\u00e1rio de Hist\u00f3ria de Portugal, p. 160"},{"key":"S0020859016000444_ref1","first-page":"315","volume-title":"A Seguran\u00e7a Social \u00e9 Sustent\u00e1vel. Trabalho, Estado e Seguran\u00e7a Social em Portugal","author":"Santos","year":"2013"},{"key":"S0020859016000444_ref33","volume-title":"Estudo da Avalia\u00e7\u00e3o das Pol\u00edticas Ativas de Emprego","author":"Dias","year":"2012"},{"key":"S0020859016000444_ref24","unstructured":"Fonseca Bernardete Maria , \u201cIdeologia ou Economia? Evolu\u00e7\u00e3o da Prote\u00e7\u00e3o no Desemprego em Portugal\u201d (MA thesis, Universidade de Aveiro, 2008), p. 78"},{"key":"S0020859016000444_ref34","first-page":"54","volume-title":"Quem Paga o Estado Social em Portugal?","author":"Guedes","year":"2012"},{"key":"S0020859016000444_ref22","first-page":"559","volume-title":"Dicion\u00e1rio de Hist\u00f3ria de Portugal","author":"Ribeiro","year":"2000"},{"key":"S0020859016000444_ref16","unstructured":"Varela Raquel , \u201cEugeniza\u00e7\u00e3o da For\u00e7a de Trabalho em Portugal\u201d, in idem, A Seguran\u00e7a Social \u00e9 Sustent\u00e1vel, pp. 23\u201385"},{"key":"S0020859016000444_ref28","volume-title":"Evolu\u00e7\u00e3o e Problemas da Seguran\u00e7a Social em Portugal no Ap\u00f3s 25 de Abril","author":"Marques","year":"1997"},{"key":"S0020859016000444_ref35","volume-title":"Cultura da Crise e Seguridade Social","author":"Mota","year":"1995"},{"key":"S0020859016000444_ref12","volume-title":"The Making of a Cybertariat: Virtual Work in a Real World","author":"Huws","year":"2003"},{"key":"S0020859016000444_ref32","unstructured":"Fernandes Paulo Jorge Martins , \u201cAs Rela\u00e7\u00f5es Sociais de Trabalho na Lisnave, Crise ou Redefini\u00e7\u00e3o do Papel dos Sindicatos?\u201d (MA thesis, Instituto Superior de Ci\u00eancias do Trabalho e da Empresa, 1999)"},{"key":"S0020859016000444_ref5","doi-asserted-by":"publisher","DOI":"10.1086\/209946"},{"key":"S0020859016000444_ref7","doi-asserted-by":"publisher","DOI":"10.1215\/15476715-2385372"},{"key":"S0020859016000444_ref9","first-page":"16","volume-title":"Os Sentidos do Trabalho. Ensaio sobre a Afirma\u00e7\u00e3o e a Nega\u00e7\u00e3o do Trabalho","author":"Antunes","year":"2009"},{"key":"S0020859016000444_ref10","doi-asserted-by":"publisher","DOI":"10.1111\/dech.12115"},{"key":"S0020859016000444_ref36","unstructured":"Linden Marcel van der , \u201cPref\u00e1cio\u201d, in Varela (ed.), A Seguran\u00e7a Social \u00e9 Sustent\u00e1vel, p. 9"},{"key":"S0020859016000444_ref26","unstructured":"Stoleroff Alan , \u201cAll\u2019s Fair in Love and (Class) War\u201d, 26 October 2012, available at: http:\/\/www.snesup.pt\/htmls\/_dlds\/All_is_fair_in_love_and_class_war_Stoleroff.pdf"},{"key":"S0020859016000444_ref31","volume-title":"Pobreza e exclus\u00e3o social. Aspectos s\u00f3cio pol\u00edticos","author":"Reis","year":"2002"},{"key":"S0020859016000444_ref30","first-page":"541","article-title":"Transforma\u00e7\u00f5es das Rela\u00e7\u00f5es de Trabalho e A\u00e7\u00e3o Oper\u00e1ria nas Ind\u00fastrias Navais (1974\u20131984)","volume":"18\u201320","author":"de Lima","year":"1986","journal-title":"Revista Cr\u00edtica de Ci\u00eancias Sociais"},{"key":"S0020859016000444_ref6","volume-title":"Marginal Employment, Research in the Sociology of Work","author":"Hodson","year":"2000"},{"key":"S0020859016000444_ref11","volume-title":"Sociolog\u00eda del trabajo","author":"Castillo","year":"1996"},{"key":"S0020859016000444_ref27","volume-title":"The Politics of De-Industrialization: The Contraction of the West European Shipbuilding Industry","author":"Str\u00e5th","year":"1987"},{"key":"S0020859016000444_ref29","volume-title":"Entre o Estado e o Mercado. As Fragilidades das Institui\u00e7\u00f5es de Prote\u00e7\u00e3o Social em Portugal","author":"Hespanha","year":"2000"},{"key":"S0020859016000444_ref18","volume-title":"Economia Pol\u00edtica dos Direitos Humanos","author":"Branco","year":"2012"},{"key":"S0020859016000444_ref8","first-page":"22","volume-title":"Work under Capitalism","author":"Tilly","year":"1998"},{"key":"S0020859016000444_ref3","first-page":"269","article-title":"A reparti\u00e7\u00e3o do rendimento em Portugal no p\u00f3s 25 de Abril 74","volume":"15\u201317","author":"Silva","year":"1985","journal-title":"Revista Cr\u00edtica de Ci\u00eancias Sociais"},{"key":"S0020859016000444_ref4","volume-title":"Contingent Work: A Chart Book on Part-Time and Temporary Employment","author":"Callaghan","year":"1991"},{"key":"S0020859016000444_ref25","volume-title":"Pensamento e A\u00e7\u00e3o Pol\u00edtica. Portugal S\u00e9culo XX (1890\u20131976)","author":"Rosas","year":"2004"},{"key":"S0020859016000444_ref2","first-page":"1","volume-title":"Pareceres sobre o Rendimento M\u00ednimo Garantido","year":"1997"},{"key":"S0020859016000444_ref15","first-page":"373","volume-title":"Dicion\u00e1rio Tem\u00e1tico Desenvolvimento e Quest\u00e3o Social \u2013 81 problem\u00e1ticas contempor\u00e2neas","author":"Druck","year":"2012"},{"key":"S0020859016000444_ref21","first-page":"1238","volume-title":"Evolu\u00e7\u00e3o do sistema hospitalar. Uma perspetiva sociol\u00f3gica","author":"Gra\u00e7a","year":"1996"}],"container-title":["International Review of Social History"],"original-title":[],"language":"en","link":[{"URL":"https:\/\/www.cambridge.org\/core\/services\/aop-cambridge-core\/content\/view\/S0020859016000444","content-type":"unspecified","content-version":"vor","intended-application":"similarity-checking"}],"deposited":{"date-parts":[[2019,4,18]],"date-time":"2019-04-18T16:54:00Z","timestamp":1555606440000},"score":1,"resource":{"primary":{"URL":"https:\/\/www.cambridge.org\/core\/product\/identifier\/S0020859016000444\/type\/journal_article"}},"subtitle":[],"short-title":[],"issued":{"date-parts":[[2016,12]]},"references-count":36,"journal-issue":{"issue":"S24","published-print":{"date-parts":[[2016,12]]}},"alternative-id":["S0020859016000444"],"URL":"https:\/\/doi.org\/10.1017\/s0020859016000444","relation":{},"ISSN":["0020-8590","1469-512X"],"issn-type":[{"value":"0020-8590","type":"print"},{"value":"1469-512X","type":"electronic"}],"subject":[],"published":{"date-parts":[[2016,12]]},"assertion":[{"value":"\u00a9 Internationaal Instituut voor Sociale Geschiedenis 2016\u00a0","name":"license","label":"License","group":{"name":"copyright_and_licensing","label":"Copyright and Licensing"}}]}}