{"status":"ok","message-type":"work","message-version":"1.0.0","message":{"indexed":{"date-parts":[[2023,8,28]],"date-time":"2023-08-28T04:28:50Z","timestamp":1693196930084},"reference-count":34,"publisher":"Cambridge University Press (CUP)","issue":"1","license":[{"start":{"date-parts":[[2017,10,26]],"date-time":"2017-10-26T00:00:00Z","timestamp":1508976000000},"content-version":"unspecified","delay-in-days":0,"URL":"https:\/\/www.cambridge.org\/core\/terms"}],"content-domain":{"domain":[],"crossmark-restriction":false},"short-container-title":["Social Policy &amp;amp; Society"],"published-print":{"date-parts":[[2018,1]]},"abstract":"<jats:p>Applying a political economy lens, this article examines the impact of the Convention on the Rights of Persons with Disabilities (CRPD), within a political context marked by crisis and austerity. Taking the case of Portugal, a country that faced a financial crisis and underwent an austerity plan, the article seeks to understand the impact of the CRPD at domestic level. What has changed, what has remained the same and what has deteriorated? And how has the disability movement responded and resisted to the crisis? This article addresses these questions and discusses the challenges of implementing disability rights in times of \u2018enduring\u2019 austerity.<\/jats:p>","DOI":"10.1017\/s1474746417000380","type":"journal-article","created":{"date-parts":[[2017,10,26]],"date-time":"2017-10-26T09:28:43Z","timestamp":1509010123000},"page":"133-150","source":"Crossref","is-referenced-by-count":3,"title":["From Rights to Reality: Of Crisis, Coalitions, and the Challenge of Implementing Disability Rights in Portugal"],"prefix":"10.1017","volume":"17","author":[{"given":"Paula Campos","family":"Pinto","sequence":"first","affiliation":[]}],"member":"56","published-online":{"date-parts":[[2017,10,26]]},"reference":[{"key":"S1474746417000380_ref030","unstructured":"Simeonsson R. , Ferreira M. S. , Maia M. , Pinheiro S. , Tavares A. and Alves S. (2010) Projecto da Avalia\u00e7\u00e3o Externa da Implementa\u00e7\u00e3o do Decreto-Lei n.\u00b0 3\/2008, https:\/\/www.dge.mec.pt\/sites\/default\/files\/EEspecial\/estudo_simeonsson.pdf [accessed 14.09.2017]."},{"key":"S1474746417000380_ref025","volume-title":"Desinstitucionaliza\u00e7\u00e3o de Crian\u00e7as e Jovens com Defici\u00eancia","author":"Redruello","year":"2010"},{"key":"S1474746417000380_ref020","unstructured":"Pinto P. and Teixeira D. (2012a) DRPI-Portugal: Final Report, http:\/\/oddh.iscsp.utl.pt\/index.php\/pt\/2013-04-24-18-50-23\/publicacoes-dos-investigadores-oddh\/item\/download\/13_da2ae95245b4025128461a33857821ba [accessed 01.03.2017]."},{"key":"S1474746417000380_ref033","doi-asserted-by":"publisher","DOI":"10.1080\/15017410701680795"},{"key":"#cr-split#-S1474746417000380_ref018.1","unstructured":"3. Perdig??o R., Casas-Novas T. and Gaspar T. (2014) Public Policies in Special Education"},{"key":"#cr-split#-S1474746417000380_ref018.2","unstructured":"4. Technical Report of the National Education Council (Pol??ticas P??blicas de Educa????o Especial: Relat??rio T??cnico. Conselho Nacional da Educa????o), http:\/\/www.cnedu.pt\/content\/noticias\/CNE\/RelatorioTecnico_EE.pdf [accessed 22.10.2016]."},{"key":"S1474746417000380_ref029","doi-asserted-by":"publisher","DOI":"10.1016\/j.alter.2015.07.002"},{"key":"S1474746417000380_ref019","doi-asserted-by":"crossref","first-page":"116","DOI":"10.1016\/j.alter.2011.02.005","article-title":"At the crossroads: Human rights and the politics of disability and gender in Portugal","volume":"5","author":"Pinto","year":"2011","journal-title":"ALTER: European Review of Disability Research"},{"key":"S1474746417000380_ref013","unstructured":"Instituto Nacional para a Reabilita\u00e7\u00e3o, I.P. (INR) (2014) Relat\u00f3rio Final de Execu\u00e7\u00e3o da Estrat\u00e9gia Nacional para a Defici\u00eancia, Lisboa: INR, http:\/\/www.inr.pt\/content\/1\/1487\/estrategia-nacional-para-deficiencia-endef [accessed 17.10.2016]."},{"key":"S1474746417000380_ref026","doi-asserted-by":"publisher","DOI":"10.2307\/j.ctt1t8939t"},{"key":"S1474746417000380_ref007","doi-asserted-by":"publisher","DOI":"10.7208\/chicago\/9780226208343.001.0001"},{"key":"S1474746417000380_ref032","doi-asserted-by":"publisher","DOI":"10.1353\/hrq.2015.0058"},{"key":"S1474746417000380_ref028","doi-asserted-by":"publisher","DOI":"10.1080\/02674649366780261"},{"key":"S1474746417000380_ref027","unstructured":"Seguran\u00e7a Social (2017) Estat\u00edsticas da Seguran\u00e7a Social, http:\/\/www4.seg-social.pt\/estatisticas [accessed 03.08.2017]."},{"key":"S1474746417000380_ref022","volume-title":"Monitoriza\u00e7\u00e3o dos Direitos Humanos das Pessoas com Defici\u00eancia em Portugal: Relat\u00f3rio Hol\u00edstico","author":"Pinto","year":"2014"},{"key":"S1474746417000380_ref017","doi-asserted-by":"publisher","DOI":"10.1007\/978-1-349-20895-1"},{"key":"S1474746417000380_ref014","volume-title":"Social Policy in Times of Austerity: Global Crisis and the New Politics of Welfare","author":"Jessop","year":"2015"},{"key":"S1474746417000380_ref008","unstructured":"Esquerda.net (2012) \u201cdEficientes indignados\u201d reclamam pela mobilidade, http:\/\/www.esquerda.net\/artigo\/deficientes-indignados-reclamam-pela-mobilidade\/24036 [accessed 14.09.2017]."},{"key":"S1474746417000380_ref001","unstructured":"ANED (2016) Country Report on the European Semester \u2013 Portugal, http:\/\/www.disability-europe.net\/country\/portugal [accessed 14.09.2017]."},{"key":"S1474746417000380_ref006","doi-asserted-by":"crossref","DOI":"10.1515\/9780773570993","volume-title":"Changing Canada: The Political Economy as Transformation","author":"Clement","year":"2003"},{"key":"S1474746417000380_ref012","volume-title":"Assessing the Impact of European Governments\u2019 Austerity Plans on the Rights of People with Disabilities","author":"Hauben","year":"2012"},{"key":"S1474746417000380_ref031","volume-title":"Elementos de Caracteriza\u00e7\u00e3o das Pessoas com Defici\u00eancias e Incapacidades em Portugal","author":"Sousa","year":"2007"},{"key":"S1474746417000380_ref011","unstructured":"Governo de Portugal (2015) Programa do XXI Governo Constitucional, http:\/\/www.portugal.gov.pt\/media\/18268168\/programa-do-xxi-governo.pdf [accessed 01.03.2017]."},{"key":"S1474746417000380_ref016","unstructured":"ODDH (2015) \u2018Parallel report about the monitoring of the rights of persons with disabilities in Portugal\u2019, http:\/\/oddh.iscsp.ulisboa.pt\/index.php\/en\/2013-04-24-13-36-12\/publications-of-oddh-researchers\/item\/231-parallel-report-on-the-monitoring-of-the-rights-of-persons-with-disabilities [accessed 14.09.2017]."},{"key":"S1474746417000380_ref015","doi-asserted-by":"publisher","DOI":"10.1080\/13597560903174766"},{"key":"S1474746417000380_ref004","doi-asserted-by":"crossref","first-page":"113","DOI":"10.3917\/tt.023.0113","article-title":"Le voyage des droits: Introduction \u00e0 la traduction de Rights or quotas?","volume":"23","author":"Baudot","year":"2013","journal-title":"Terrains and travaux"},{"key":"S1474746417000380_ref005","unstructured":"Baudot P.-Y. , Duvoux N. , Lejeune A. , Perrier G. and Revillard A. (2013b) Les MDPH: un Guichet Unique \u00e0 Entr\u00e9es Multiples, Rapport DREES\/CNSA."},{"key":"S1474746417000380_ref009","doi-asserted-by":"publisher","DOI":"10.1332\/policypress\/9781447319115.001.0001"},{"key":"S1474746417000380_ref021","volume-title":"Assessing the Impact of European Governments\u2019 Austerity Plans on the Rights of People with Disabilities- Country Report: Portugal","author":"Pinto","year":"2012"},{"key":"S1474746417000380_ref010","doi-asserted-by":"publisher","DOI":"10.4000\/rccs.233"},{"key":"S1474746417000380_ref024","volume-title":"Inser\u00e7\u00e3o dos Funcion\u00e1rios P\u00fablicos com Defici\u00eancia na Sociedade de Informa\u00e7\u00e3o","author":"Rato","year":"2008"},{"key":"S1474746417000380_ref023","volume-title":"Estudo de Avalia\u00e7\u00e3o do Impacto dos Custos Financeiros e Sociais da Defici\u00eancia","author":"Portugal","year":"2010"},{"key":"S1474746417000380_ref003","volume-title":"Feminism, Political Economy and the State: Contested Terrain","author":"Armstrong","year":"1999"},{"key":"S1474746417000380_ref002","doi-asserted-by":"publisher","DOI":"10.5209\/rev_POSO.2014.v51.n1.42459"}],"container-title":["Social Policy and Society"],"original-title":[],"language":"en","link":[{"URL":"https:\/\/www.cambridge.org\/core\/services\/aop-cambridge-core\/content\/view\/S1474746417000380","content-type":"unspecified","content-version":"vor","intended-application":"similarity-checking"}],"deposited":{"date-parts":[[2023,8,27]],"date-time":"2023-08-27T16:26:20Z","timestamp":1693153580000},"score":1,"resource":{"primary":{"URL":"https:\/\/www.cambridge.org\/core\/product\/identifier\/S1474746417000380\/type\/journal_article"}},"subtitle":[],"short-title":[],"issued":{"date-parts":[[2017,10,26]]},"references-count":34,"journal-issue":{"issue":"1","published-print":{"date-parts":[[2018,1]]}},"alternative-id":["S1474746417000380"],"URL":"https:\/\/doi.org\/10.1017\/s1474746417000380","relation":{},"ISSN":["1474-7464","1475-3073"],"issn-type":[{"value":"1474-7464","type":"print"},{"value":"1475-3073","type":"electronic"}],"subject":[],"published":{"date-parts":[[2017,10,26]]}}}