{"status":"ok","message-type":"work","message-version":"1.0.0","message":{"indexed":{"date-parts":[[2026,2,28]],"date-time":"2026-02-28T05:56:33Z","timestamp":1772258193565,"version":"3.50.1"},"reference-count":93,"publisher":"American Geophysical Union (AGU)","issue":"12","license":[{"start":{"date-parts":[[2018,12,5]],"date-time":"2018-12-05T00:00:00Z","timestamp":1543968000000},"content-version":"vor","delay-in-days":4,"URL":"http:\/\/onlinelibrary.wiley.com\/termsAndConditions#vor"}],"funder":[{"DOI":"10.13039\/501100001871","name":"Funda\u00e7\u00e3o para a Ci\u00eancia e a Tecnologia","doi-asserted-by":"publisher","award":["UID\/MAR\/04292\/2013"],"award-info":[{"award-number":["UID\/MAR\/04292\/2013"]}],"id":[{"id":"10.13039\/501100001871","id-type":"DOI","asserted-by":"publisher"}]}],"content-domain":{"domain":["agupubs.onlinelibrary.wiley.com"],"crossmark-restriction":true},"short-container-title":["Tectonics"],"published-print":{"date-parts":[[2018,12]]},"abstract":"<jats:title>Abstract<\/jats:title><jats:p>The intraplate deformation of Iberia during the Cenozoic produced a series of ranges and deformation belts with a wide variety of structural trends. The Spanish\u2010Portuguese Central System is the most prominent feature crossing over the whole of central Iberia. It is a large thick\u2010skinned crustal pop\u2010up with NE\u2010SW to E\u2010W thrusts. However, the 500\u2010km\u2010long left\u2010lateral strike\u2010slip Messejana\u2010Plasencia fault, also NE\u2010SW oriented, bends these thrusts to produce NE\u2010SW local paleostresses close to the fault, which seems to be consistent with a common deformational arrangement. This is also supported by the similar sedimentary infilling characteristics found in the surrounding Cenozoic basins. The moment of the maximum intraplate deformation is registered at the same time in all these basins during the upper Priabonian\u2010lower Chattian. As there are two possible sources for the intraplate compressive stresses, the Pyrenean (N\u2010S shortening) orogen to the north and the Betic (NW\u2010SE shortening) orogen to the south, neither can simply explain both simultaneous movements (NE\u2010SW strike\u2010slip and NE\u2010SW thrusting). The deduced age of the main deformation indicates a Pyrenean origin. In contrast, the concept of strain partitioning between the two types of faults gives as a result an overall north trending compression. Existing data do not support crustal detachment from the Betics neither from the Pyrenees but are consistent with a crustal uplift related to lithospheric folding. The subsequent Betic\u2010related stress field only slightly reworked previously Pyrenean\u2010related structures, except for the Portuguese sector, where tectonic activity occurred mainly in the Upper Miocene.<\/jats:p>","DOI":"10.1029\/2018tc005204","type":"journal-article","created":{"date-parts":[[2018,11,12]],"date-time":"2018-11-12T20:58:21Z","timestamp":1542056301000},"page":"4444-4469","update-policy":"https:\/\/doi.org\/10.1002\/crossmark_policy","source":"Crossref","is-referenced-by-count":51,"title":["The Spanish\u2010Portuguese Central System: An Example of Intense Intraplate Deformation and Strain Partitioning"],"prefix":"10.1029","volume":"37","author":[{"given":"G.","family":"de Vicente","sequence":"first","affiliation":[{"name":"GEODESPAL Department, Faculty of Geology Complutense University  Madrid Spain"},{"name":"Institute of Geosciences IGEO. CSIC\u2010UCM  Madrid Spain"}]},{"given":"P. P.","family":"Cunha","sequence":"additional","affiliation":[{"name":"MARE, Department of Earth Sciences University of Coimbra  Coimbra Portugal"}]},{"ORCID":"https:\/\/orcid.org\/0000-0002-5302-5119","authenticated-orcid":false,"given":"A.","family":"Mu\u00f1oz\u2010Mart\u00edn","sequence":"additional","affiliation":[{"name":"GEODESPAL Department, Faculty of Geology Complutense University  Madrid Spain"},{"name":"Institute of Geosciences IGEO. CSIC\u2010UCM  Madrid Spain"}]},{"ORCID":"https:\/\/orcid.org\/0000-0001-9472-7881","authenticated-orcid":false,"given":"S. A. P. L.","family":"Cloetingh","sequence":"additional","affiliation":[{"name":"Faculty of Geosciences Utrecht University  Utrecht The Netherlands"}]},{"given":"A.","family":"Olaiz","sequence":"additional","affiliation":[{"name":"Repsol Exploration S. A. Madrid  Madrid Spain"}]},{"given":"R.","family":"Vegas","sequence":"additional","affiliation":[{"name":"GEODESPAL Department, Faculty of Geology Complutense University  Madrid Spain"}]}],"member":"13","published-online":{"date-parts":[[2018,12,5]]},"reference":[{"key":"e_1_2_8_2_1","first-page":"229","article-title":"Una Megaestructura de la Meseta Ib\u00e9rica: la B\u00f3veda Castellano\u2010Extreme\u00f1a","volume":"32","author":"Al\u00eda M.","year":"1976","journal-title":"Estudios Geol\u00f3gicos"},{"key":"e_1_2_8_3_1","doi-asserted-by":"publisher","DOI":"10.1016\/0009-2541(95)00148-4"},{"key":"e_1_2_8_4_1","first-page":"73","article-title":"Data\u00e7\u00f5es isot\u00f3picas com Sr do Mioc\u00e9nico do flanco sul da Serra da Arr\u00e1bida","volume":"81","author":"Antunes M. T.","year":"1995","journal-title":"Comun. Inst. Geol e Min."},{"key":"e_1_2_8_5_1","doi-asserted-by":"publisher","DOI":"10.1016\/0040-1951(75)90014-1"},{"key":"e_1_2_8_6_1","doi-asserted-by":"publisher","DOI":"10.1016\/j.earscirev.2004.08.001"},{"key":"e_1_2_8_7_1","unstructured":"Birot P.&Sol\u00e9\u2010Sabar\u00eds L.(1954).Investigaciones sobre morfolog\u00eda de la Cordillera Central Espa\u00f1ola.C.S.LC. Madrid. 87."},{"key":"e_1_2_8_8_1","first-page":"265","article-title":"Neotect\u00f3nica em Portugal Continental","volume":"31","author":"Cabral J.","year":"1995","journal-title":"Mem\u00f3rias do Instituto Geol\u00f3gico e Mineiro"},{"key":"e_1_2_8_9_1","doi-asserted-by":"publisher","DOI":"10.5209\/rev_JIGE.2012.v38.n1.39206"},{"key":"e_1_2_8_10_1","doi-asserted-by":"publisher","DOI":"10.1016\/j.jog.2017.10.002"},{"key":"e_1_2_8_11_1","unstructured":"Cabral J. &Ribeiro A.(1988).Carta Neotect\u00f3nica de Portugal na escala 1\/1000000.Servi\u00e7os Geol\u00f3gicos de Portugal."},{"issue":"3","key":"e_1_2_8_12_1","first-page":"29","article-title":"Up\u2010to\u2010date Spanish continental Neogene synthesis and paleoclimatic interpretation","volume":"6","author":"Calvo J.","year":"1993","journal-title":"Revista de la Sociedad Geol\u00f3gica de Espa\u00f1a"},{"key":"e_1_2_8_13_1","first-page":"584","volume-title":"Geolog\u00eda de Espa\u00f1a, Sociedad Geol\u00f3gica de Espa\u00f1a","author":"Calvo J. P.","year":"2004"},{"key":"e_1_2_8_14_1","first-page":"281","article-title":"Tertiary compressional deformation of the Iberian plate","volume":"13","author":"Casas A. M.","year":"2000","journal-title":"Terra Nova"},{"key":"e_1_2_8_15_1","doi-asserted-by":"publisher","DOI":"10.1093\/petrology\/44.3.547"},{"key":"e_1_2_8_16_1","doi-asserted-by":"publisher","DOI":"10.1029\/2001TC901031"},{"key":"e_1_2_8_17_1","doi-asserted-by":"publisher","DOI":"10.1029\/1999TC900040"},{"key":"e_1_2_8_18_1","doi-asserted-by":"publisher","DOI":"10.2973\/odp.proc.sr.161.262.1999"},{"key":"e_1_2_8_19_1","unstructured":"Cunha P. P.(1992a).Estratigrafia e sedimentologia dos dep\u00f3sitos do Cret\u00e1cico Superior e Terci\u00e1rio de Portugal Central a leste de Coimbra. Ph.D. Thesis Univ. Coimbra 262 pp."},{"key":"e_1_2_8_20_1","unstructured":"Cunha P. P.(1992b).Establishment of unconformity\u2010bounded sequences in the Cenozoic record of the western Iberian margin and synthesis of the tectonic and sedimentary evolution in central Portugal during Neogene.First Congress R.C.A.N.S. \u2010\u201cAtlantic general events during Neogene\u201d (Abstracts Book) Lisboa (pp. 33\u201035)."},{"key":"e_1_2_8_21_1","unstructured":"Cunha P.P.(2008).Papel desempe\u00f1ado por la tect\u00f3nica el clima y el eustatismo en la g\u00e9nesis de los dep\u00f3sitos de Ra\u00f1a al pie de la Cordillera Central Portuguesa (Iberia occidental). Actas del VII Congreso Geol\u00f3gico de Espa\u00f1a La Palma de Gran Can\u00e1ria Geo\u2010Temas (ISSN: 1567\u20105172) 10 1507\u20101510."},{"key":"e_1_2_8_22_1","first-page":"35","article-title":"Synthesis of the Piacenzian onshore record, between the Aveiro and Set\u00fabal parallels (Western Portuguese margin)","volume":"12","author":"Cunha P. P.","year":"1993","journal-title":"Ci\u00eancias da Terra"},{"key":"e_1_2_8_23_1","doi-asserted-by":"publisher","DOI":"10.1016\/j.geomorph.2007.05.019"},{"key":"e_1_2_8_24_1","first-page":"61","article-title":"Assinatura tectono\u2010sedimentar do auge da compress\u00e3o b\u00e9tica em Portugal, A descontinuidade Valesiano terminal\u2010Turoliano","volume":"14","author":"Cunha P. P.","year":"2000","journal-title":"Ci\u00eancias da Terra"},{"key":"e_1_2_8_25_1","doi-asserted-by":"publisher","DOI":"10.1144\/SP290.1"},{"key":"e_1_2_8_26_1","doi-asserted-by":"publisher","DOI":"10.1016\/S0191-8141(98)00095-9"},{"key":"e_1_2_8_27_1","doi-asserted-by":"publisher","DOI":"10.1130\/SPE268-p361"},{"key":"e_1_2_8_28_1","doi-asserted-by":"publisher","DOI":"10.1016\/S0040-1951(02)00052-5"},{"key":"e_1_2_8_29_1","first-page":"23","article-title":"Partici\u00f3n de la deformaci\u00f3n Cenozoica intraplaca en el Sistema Central","volume":"46","author":"Vicente G.","year":"2009","journal-title":"Geogaceta"},{"key":"e_1_2_8_30_1","doi-asserted-by":"publisher","DOI":"10.1029\/2006TC002093"},{"key":"e_1_2_8_31_1","doi-asserted-by":"publisher","DOI":"10.1016\/j.tecto.2011.02.007"},{"key":"e_1_2_8_32_1","doi-asserted-by":"publisher","DOI":"10.1016\/S0040-1951(96)00200-4"},{"key":"e_1_2_8_33_1","unstructured":"deVicente G.&Gonz\u00e1lez\u2010Casado J. M.(1992).Las deformaciones alpinas en el Sistema Central Espa\u00f1ol.III Reuni\u00f3n de la Comisi\u00f3n de Tect\u00f3nica de la Sociedad Geol\u00f3gica de Espa\u00f1a. Field Guide 150 pp."},{"key":"e_1_2_8_34_1","doi-asserted-by":"publisher","DOI":"10.1016\/j.tecto.2012.04.003"},{"key":"e_1_2_8_35_1","doi-asserted-by":"publisher","DOI":"10.1016\/j.tecto.2008.11.026"},{"key":"e_1_2_8_36_1","doi-asserted-by":"publisher","DOI":"10.1016\/j.gloplacha.2006.11.042"},{"key":"e_1_2_8_37_1","first-page":"621","volume-title":"El Sistema Central, Geolog\u00eda de Espa\u00f1a","author":"Vicente G.","year":"2004"},{"key":"e_1_2_8_38_1","doi-asserted-by":"publisher","DOI":"10.1016\/j.tecto.2008.11.003"},{"key":"e_1_2_8_39_1","unstructured":"delR\u00edo P.(2009).Historia termal del sector oriental de la Sierra de Cameros: restricciones a partir del an\u00e1lisis de huellas de fisi\u00f3n en apatitos y otras herramientas geocronol\u00f3gicas (U\u2010Pb SHRIMP y (U\u2010Th)\/HE).PhD Thesis. Universidad de Zaragoza. 342 pp."},{"key":"e_1_2_8_40_1","doi-asserted-by":"publisher","DOI":"10.1144\/GSL.SP.1989.045.01.15"},{"key":"e_1_2_8_41_1","doi-asserted-by":"publisher","DOI":"10.1016\/j.pepi.2008.11.008"},{"key":"e_1_2_8_42_1","doi-asserted-by":"publisher","DOI":"10.1016\/j.tecto.2016.08.023"},{"key":"e_1_2_8_43_1","doi-asserted-by":"publisher","DOI":"10.1007\/s00024-016-1257-4"},{"key":"e_1_2_8_44_1","doi-asserted-by":"publisher","DOI":"10.1139\/e98-058"},{"key":"e_1_2_8_45_1","doi-asserted-by":"crossref","unstructured":"Fern\u00e1ndez\u2010Lozano J.(2012).Cainozoic deformation of Iberia: A model for intra\u2010plate mountain building and basin development based on analogue modelling.PhD Thesis. Utrecht University. 250pp.","DOI":"10.1029\/2010TC002719"},{"key":"e_1_2_8_46_1","doi-asserted-by":"publisher","DOI":"10.1029\/2010TC002719"},{"key":"e_1_2_8_47_1","doi-asserted-by":"publisher","DOI":"10.1002\/2015TC004050"},{"key":"e_1_2_8_48_1","doi-asserted-by":"publisher","DOI":"10.1029\/JB077i023p04432"},{"key":"e_1_2_8_49_1","doi-asserted-by":"publisher","DOI":"10.1007\/s10291-014-0387-3"},{"key":"e_1_2_8_50_1","first-page":"619","volume-title":"Geolog\u00eda de Espa\u00f1a","author":"Heredia N.","year":"2004"},{"key":"e_1_2_8_51_1","first-page":"275","article-title":"Primera caracterizaci\u00f3n paleontol\u00f3gica del Terciario de Extremadura","volume":"63","author":"Hern\u00e1ndez\u2010Pacheco F.","year":"1960","journal-title":"Bol. Real Soc. Esp. Hist. Nat. Sec. Geol\u00f3gica"},{"key":"e_1_2_8_52_1","doi-asserted-by":"publisher","DOI":"10.1016\/0191-8141(94)00102-6"},{"key":"e_1_2_8_53_1","first-page":"35","article-title":"Tect\u00f3nica da Cadeia da Arr\u00e1bida. In Tect\u00f3nica das regi\u00f5es de Sintra e Arr\u00e1bida","volume":"2","author":"Kullberg M. C.","year":"2000","journal-title":"Mem. Geoci\u00eancias. Univ. Lisboa"},{"key":"e_1_2_8_54_1","first-page":"2658","article-title":"Update on CRUST1. 0\u2014A 1\u2010degree global model of Earth's crust","volume":"15","author":"Laske G.","year":"2013","journal-title":"Geophysical Research Abstracts"},{"key":"e_1_2_8_55_1","doi-asserted-by":"publisher","DOI":"10.1130\/0091-7613(1991)019<0559:CSPIFS>2.3.CO;2"},{"key":"e_1_2_8_56_1","doi-asserted-by":"publisher","DOI":"10.1007\/s11004-007-9084-x"},{"key":"e_1_2_8_57_1","doi-asserted-by":"publisher","DOI":"10.1016\/j.tecto.2015.06.017"},{"issue":"3","key":"e_1_2_8_58_1","first-page":"1804","article-title":"Crustal thickness and images of the lithospheric discontinuities in the Gibraltar arc and surrounding areas","volume":"203","author":"Mancilla F. D. L.","year":"2015","journal-title":"Geophysical Supplements to the Monthly Notices of the Royal Astronomical Society"},{"key":"e_1_2_8_59_1","doi-asserted-by":"publisher","DOI":"10.1016\/j.tecto.2009.03.024"},{"key":"e_1_2_8_60_1","doi-asserted-by":"publisher","DOI":"10.1029\/1999JB900362"},{"key":"e_1_2_8_61_1","doi-asserted-by":"publisher","DOI":"10.1029\/GL017i009p01453"},{"key":"e_1_2_8_62_1","doi-asserted-by":"publisher","DOI":"10.1016\/S0074-6142(08)62833-8"},{"key":"e_1_2_8_63_1","unstructured":"Mu\u00f1oz\u2010Mart\u00edn A.(1997).Evoluci\u00f3n geodin\u00e1mica del borde oriental de la Cuenca del Tajo desde el Oligoceno hasta la actualidad.PhD Thesis. Universidad Complutense de Madrid 320 pp."},{"key":"e_1_2_8_64_1","volume-title":"Geolog\u00eda de Espa\u00f1a","author":"Mu\u00f1oz\u2010Mart\u00edn A.","year":"2004"},{"key":"e_1_2_8_65_1","doi-asserted-by":"publisher","DOI":"10.1016\/j.tecto.2010.09.036"},{"key":"e_1_2_8_66_1","doi-asserted-by":"crossref","first-page":"158","DOI":"10.1007\/978-3-642-22401-0","volume-title":"The Paleogene and Neogene of Western Iberia (Portugal). A Cenozoic record in the European Atlantic domain","author":"Pais J.","year":"2012"},{"key":"e_1_2_8_67_1","unstructured":"Pimentel N.L.(1997).O Terci\u00e1rio da Bacia do Sado. Sedimentologia e an\u00e1lise tectono\u2010sedimentar.Ph.D. Thesis Univ. Lisboa 381 pp."},{"issue":"1","key":"e_1_2_8_68_1","first-page":"145","article-title":"Tectono\u2010sedimentary evolution of the Sado Basin (Tertiary, southern Portugal)","volume":"84","author":"Pimentel N. L.","year":"1998","journal-title":"Comunica\u00e7\u00f5es do Instituto Geol\u00f3gico e Mineiro"},{"key":"e_1_2_8_69_1","first-page":"527","article-title":"El Terciario del borde meridional de Guadarrama y Somosierra","volume":"2","author":"Portero J. M.","year":"1983","journal-title":"Libro Jubilar homenaje a J.M. R\u00edos"},{"key":"e_1_2_8_70_1","first-page":"4","article-title":"An\u00e1lisis de la estructura alpina de la corteza del centro de la Pen\u00ednsula Ib\u00e9rica: Una secci\u00f3n Magneto\u2010Tel\u00farica a trav\u00e9s del Sistema Central (Sierra de Gredos)","volume":"13","author":"Pous J.","year":"2012","journal-title":"Geo\u2010Temas"},{"key":"e_1_2_8_71_1","doi-asserted-by":"publisher","DOI":"10.1016\/j.tecto.2015.08.046"},{"key":"e_1_2_8_72_1","doi-asserted-by":"publisher","DOI":"10.1016\/S0040-1951(98)00241-8"},{"key":"e_1_2_8_73_1","doi-asserted-by":"publisher","DOI":"10.1016\/j.jag.2014.04.002"},{"key":"e_1_2_8_74_1","doi-asserted-by":"publisher","DOI":"10.1029\/95TC03683"},{"key":"e_1_2_8_75_1","doi-asserted-by":"publisher","DOI":"10.1016\/0040-1951(90)90448-H"},{"key":"e_1_2_8_76_1","volume-title":"Observations g\u00e9ologiques et morphologiques dans les environs de Vila Velha de R\u00f3d\u00e3o (Portugal)","author":"Ribeiro O.","year":"1940"},{"key":"e_1_2_8_77_1","first-page":"315","article-title":"Problemas morfol\u00f3gicos do Maci\u00e7o Hesp\u00e9rico portugu\u00e9s","volume":"2","author":"Ribeiro O.","year":"1941","journal-title":"Las Ci\u00eancias, Madrid, a\u00f1o VI"},{"issue":"2","key":"e_1_2_8_78_1","first-page":"63","article-title":"Nuevas aportaciones a la dataci\u00f3n cronol\u00f3gica de los granitos de Cabeza de Araya, (C\u00e1ceres)","volume":"16","author":"Rubio\u2010Ordo\u00f1ez A.","year":"2016","journal-title":"Geo\u2010Temas"},{"key":"e_1_2_8_79_1","first-page":"95","article-title":"A reactiva\u00e7\u00e3o de falhas, no intenso contexto compressivo desde meados do Tortoniano, na regi\u00e3o de Espinhal\u2010Coja\u2010Caramulo (Portugal Central)","volume":"83","author":"Sequeira A.","year":"1997","journal-title":"Comunica\u00e7\u00f5es do Instituto Geol\u00f3gico e Mineiro, Lisboa"},{"key":"e_1_2_8_80_1","doi-asserted-by":"publisher","DOI":"10.1002\/2013JB010102"},{"key":"e_1_2_8_81_1","doi-asserted-by":"publisher","DOI":"10.1007\/978-3-642-18919-7_2"},{"key":"e_1_2_8_82_1","first-page":"103","volume-title":"Earth science research, 2. Cap","author":"Tejero R.","year":"2010"},{"key":"e_1_2_8_83_1","doi-asserted-by":"publisher","DOI":"10.1016\/j.tecto.2015.06.003"},{"key":"e_1_2_8_84_1","doi-asserted-by":"publisher","DOI":"10.3989\/egeol.066219"},{"key":"e_1_2_8_85_1","doi-asserted-by":"publisher","DOI":"10.1007\/BF01820667"},{"key":"e_1_2_8_86_1","first-page":"175","article-title":"The intrusi\u00f3n of the Plasencia (Messejana) dike as part of the Circum\u2010Atlantic Early Jurassic magmatism: Tectonic implications in the southwestwern Iberian Peninsula","volume":"27","author":"Vegas R.","year":"2000","journal-title":"Geogaceta"},{"key":"e_1_2_8_87_1","first-page":"40","article-title":"Engrosamiento de la corteza y relieve intraplaca en el centro de Iberia","volume":"2","author":"Vegas R.","year":"1987","journal-title":"Geogaceta"},{"key":"e_1_2_8_88_1","doi-asserted-by":"publisher","DOI":"10.1016\/0040-1951(90)90449-I"},{"issue":"5","key":"e_1_2_8_89_1","first-page":"245","article-title":"Los corredores de fallas de Regua\u2010Ver\u00edn y Vilari\u00e7a: Zonas de transferencia de la deformaci\u00f3n intraplaca en la Pen\u00ednsula Ib\u00e9rica","volume":"6","author":"Vegas R.","year":"2004","journal-title":"Geotemas"},{"key":"e_1_2_8_90_1","first-page":"192","article-title":"Estudi geol\u00f2gic del vessant sud del Pirineu oriental i central. Evoluci\u00f3 cinem\u00e0tica en 3D. Servei Geol\u00f2gic","volume":"7","author":"Verg\u00e9s J.","year":"1999","journal-title":"Monografia T\u00e8cnica"},{"key":"e_1_2_8_91_1","unstructured":"Villamor M. P.(2002).Cinem\u00e1tica terciaria y cuaternaria de la falla de Alentejo\u2010Plasencia y su influencia en la peligrosidad s\u00edsmica del interior de la pen\u00ednsula ib\u00e9rica.PhD Thesis. Universidad Conplutense de Madrid 343 pp."},{"key":"e_1_2_8_92_1","first-page":"147","article-title":"A thrust tectonic interpretation of the Guadarrama Mountains, Central Spain","author":"Warburton J.","year":"1989","journal-title":"Asociacion de Geologos y Geofisicos Espanoles del Petroleo. Libro Homenaje a Rafael Soler"},{"key":"e_1_2_8_93_1","doi-asserted-by":"publisher","DOI":"10.1016\/j.marpetgeo.2008.06.007"},{"key":"e_1_2_8_94_1","doi-asserted-by":"publisher","DOI":"10.1126\/science.238.4830.1105"}],"container-title":["Tectonics"],"original-title":[],"language":"en","link":[{"URL":"https:\/\/api.wiley.com\/onlinelibrary\/tdm\/v1\/articles\/10.1029%2F2018TC005204","content-type":"application\/pdf","content-version":"vor","intended-application":"text-mining"},{"URL":"https:\/\/onlinelibrary.wiley.com\/doi\/pdf\/10.1029\/2018TC005204","content-type":"application\/pdf","content-version":"vor","intended-application":"text-mining"},{"URL":"https:\/\/onlinelibrary.wiley.com\/doi\/full-xml\/10.1029\/2018TC005204","content-type":"application\/xml","content-version":"vor","intended-application":"text-mining"},{"URL":"https:\/\/agupubs.onlinelibrary.wiley.com\/doi\/pdf\/10.1029\/2018TC005204","content-type":"unspecified","content-version":"vor","intended-application":"similarity-checking"}],"deposited":{"date-parts":[[2023,8,30]],"date-time":"2023-08-30T00:53:46Z","timestamp":1693356826000},"score":1,"resource":{"primary":{"URL":"https:\/\/agupubs.onlinelibrary.wiley.com\/doi\/10.1029\/2018TC005204"}},"subtitle":[],"short-title":[],"issued":{"date-parts":[[2018,12]]},"references-count":93,"journal-issue":{"issue":"12","published-print":{"date-parts":[[2018,12]]}},"alternative-id":["10.1029\/2018TC005204"],"URL":"https:\/\/doi.org\/10.1029\/2018tc005204","archive":["Portico"],"relation":{},"ISSN":["0278-7407","1944-9194"],"issn-type":[{"value":"0278-7407","type":"print"},{"value":"1944-9194","type":"electronic"}],"subject":[],"published":{"date-parts":[[2018,12]]},"assertion":[{"value":"2018-06-26","order":0,"name":"received","label":"Received","group":{"name":"publication_history","label":"Publication History"}},{"value":"2018-11-09","order":1,"name":"accepted","label":"Accepted","group":{"name":"publication_history","label":"Publication History"}},{"value":"2018-12-05","order":2,"name":"published","label":"Published","group":{"name":"publication_history","label":"Publication History"}}]}}