{"status":"ok","message-type":"work","message-version":"1.0.0","message":{"indexed":{"date-parts":[[2026,4,4]],"date-time":"2026-04-04T11:21:22Z","timestamp":1775301682227,"version":"3.50.1"},"reference-count":139,"publisher":"American Geophysical Union (AGU)","issue":"1","license":[{"start":{"date-parts":[[2019,1,4]],"date-time":"2019-01-04T00:00:00Z","timestamp":1546560000000},"content-version":"vor","delay-in-days":3,"URL":"http:\/\/onlinelibrary.wiley.com\/termsAndConditions#vor"}],"funder":[{"DOI":"10.13039\/501100003329","name":"Ministerio de Econom\u00eda y Competitividad","doi-asserted-by":"publisher","id":[{"id":"10.13039\/501100003329","id-type":"DOI","asserted-by":"publisher"}]},{"DOI":"10.13039\/501100010198","name":"Ministerio de Econom\u00eda, Industria y Competitividad, Gobierno de Espa\u00f1a","doi-asserted-by":"publisher","award":["CGL2016\u201076438\u2010P"],"award-info":[{"award-number":["CGL2016\u201076438\u2010P"]}],"id":[{"id":"10.13039\/501100010198","id-type":"DOI","asserted-by":"publisher"}]}],"content-domain":{"domain":["agupubs.onlinelibrary.wiley.com"],"crossmark-restriction":true},"short-container-title":["Tectonics"],"published-print":{"date-parts":[[2019,1]]},"abstract":"<jats:title>Abstract<\/jats:title>\n                  <jats:p>\n                    The Calzadilla Ophiolite is an ensemble of mafic and ultramafic rocks that represents the transition between lower crust and upper mantle of a Cadomian (peri\u2010Gondwanan) fore arc. Mapping and structural analysis of the ophiolite demonstrates that it was obducted in latest Ediacaran times, because the Ediacaran\u2010Early Cambrian sedimentary series (Malcocinado Formation) discordantly covers it. The ophiolite and emplacement\u2010related structures are affected by Variscan deformation (Devonian\u2010Carboniferous), which includes SW verging overturned folds (D\n                    <jats:sub>1<\/jats:sub>\n                    ) and thrusts (D\n                    <jats:sub>2<\/jats:sub>\n                    ), upright folds (D\n                    <jats:sub>3<\/jats:sub>\n                    ), extensional faults (D\n                    <jats:sub>4<\/jats:sub>\n                    ), and later faults (D\n                    <jats:sub>5<\/jats:sub>\n                    ). These phases of deformation are explained in the context of Variscan tectonics as the result of the progressive collision between Gondwana and Laurussia. Qualitative unstraining of Variscan deformation reveals the primary geometry of Ediacaran\u2010Cambrian structures and uncovers the generation of east verging thrusts as responsible for the primary obduction of the Calzadilla Ophiolite. Restoration of planar and linear structures associated with this event indicates an Ediacaran, east directed obduction of the ophiolite, that is, emplacement of the Cadomian fore arc onto inner sections of the northern margin of Gondwana. According to regional data, the obduction separates two extension\u2010dominated stages in the tectonic evolution of the African margin of northern Gondwana preserved in southern Europe. Preobduction extension brought about the onset and widening of fore\u2010arc and back\u2010arc basins in the external part of the continent, while postobduction extension facilitated the formation of extensional migmatitic domes, an oceanward migration of back\u2010arc spreading centers across peri\u2010Gondwana, and the eventual opening of a major basin such as the Rheic Ocean.\n                  <\/jats:p>","DOI":"10.1029\/2018tc005224","type":"journal-article","created":{"date-parts":[[2018,12,7]],"date-time":"2018-12-07T20:30:13Z","timestamp":1544214613000},"page":"95-119","update-policy":"https:\/\/doi.org\/10.1002\/crossmark_policy","source":"Crossref","is-referenced-by-count":36,"title":["Ediacaran Obduction of a Fore\u2010Arc Ophiolite in SW Iberia: A Turning Point in the Evolving Geodynamic Setting of Peri\u2010Gondwana"],"prefix":"10.1029","volume":"38","author":[{"ORCID":"https:\/\/orcid.org\/0000-0002-0379-7970","authenticated-orcid":false,"given":"Rub\u00e9n","family":"D\u00edez Fern\u00e1ndez","sequence":"first","affiliation":[{"name":"Departamento de Geodin\u00e1mica, Estratigraf\u00eda y Paleontolog\u00eda (UCM) Universidad Complutense de Madrid Madrid Spain"}]},{"ORCID":"https:\/\/orcid.org\/0000-0001-9739-8788","authenticated-orcid":false,"given":"Alberto","family":"Jim\u00e9nez\u2010D\u00edaz","sequence":"additional","affiliation":[{"name":"Departamento de Geodin\u00e1mica, Estratigraf\u00eda y Paleontolog\u00eda (UCM) Universidad Complutense de Madrid Madrid Spain"},{"name":"Instituto de Ciencias de la Tierra Jaume Almera ICTJA, CSIC Barcelona Spain"}]},{"given":"Ricardo","family":"Arenas","sequence":"additional","affiliation":[{"name":"Departamento de Mineralog\u00eda y Petrolog\u00eda (UCM) Universidad Complutense de Madrid Madrid Spain"}]},{"ORCID":"https:\/\/orcid.org\/0000-0001-9032-2318","authenticated-orcid":false,"given":"M. Francisco","family":"Pereira","sequence":"additional","affiliation":[{"name":"ICT, Departamento de Geociencias Universidade de \u00c9vora \u00c9vora Portugal"}]},{"given":"Javier","family":"Fern\u00e1ndez\u2010Su\u00e1rez","sequence":"additional","affiliation":[{"name":"Departamento de Mineralog\u00eda y Petrolog\u00eda (UCM) Universidad Complutense de Madrid Madrid Spain"}]}],"member":"13","published-online":{"date-parts":[[2019,1,4]]},"reference":[{"key":"e_1_2_7_2_1","doi-asserted-by":"publisher","DOI":"10.1016\/0040-1951(91)90118-C"},{"key":"e_1_2_7_3_1","doi-asserted-by":"publisher","DOI":"10.1130\/B26572.1"},{"key":"e_1_2_7_4_1","unstructured":"Aguayo Fern\u00e1ndez J. M.(1985).Rocas ultram\u00e1ficas en el sector de Calzadilla de los Barros (Badajoz) (MSc thesis) (110 pp.). Bilbao: Universidad del Pa\u00eds Vasco."},{"key":"e_1_2_7_5_1","doi-asserted-by":"publisher","DOI":"10.1016\/j.gr.2014.10.016"},{"key":"e_1_2_7_6_1","doi-asserted-by":"publisher","DOI":"10.1111\/jmg.12155"},{"key":"e_1_2_7_7_1","first-page":"247","article-title":"Rasgos estructurales de la Baja Extremadura","volume":"61","author":"Alia M.","year":"1963","journal-title":"Bolet\u00edn. Real Sociedad Espa\u00f1ola de Historia Natural"},{"key":"e_1_2_7_8_1","doi-asserted-by":"publisher","DOI":"10.1146\/annurev.earth.25.1.139"},{"issue":"4","key":"e_1_2_7_9_1","doi-asserted-by":"crossref","first-page":"305","DOI":"10.1344\/GeologicaActa2017.15.4.4","article-title":"Late Cambrian magmatic arc activity in peri\u2010Gondwana: Geochemical evidence from the basal Allochthonous units of NW Iberia","volume":"15","author":"Andonaegui P.","year":"2017","journal-title":"Geologica Acta"},{"key":"e_1_2_7_10_1","doi-asserted-by":"publisher","DOI":"10.1016\/j.gr.2018.01.015"},{"key":"e_1_2_7_11_1","doi-asserted-by":"publisher","DOI":"10.1086\/510645"},{"key":"e_1_2_7_12_1","first-page":"137","article-title":"Serpentinitas y mineralizaciones de cromo asociadas en el Proterozoico superior de Ossa\u2010Morena","volume":"8","author":"Arriola A.","year":"1984","journal-title":"Cuadernos do Laboratorio Xeoloxico de Laxe"},{"key":"e_1_2_7_13_1","doi-asserted-by":"publisher","DOI":"10.1016\/0040-1951(93)90015-C"},{"key":"e_1_2_7_14_1","doi-asserted-by":"publisher","DOI":"10.1016\/S0040-1951(00)00234-1"},{"key":"e_1_2_7_15_1","doi-asserted-by":"publisher","DOI":"10.1007\/s00531-004-0423-6"},{"key":"e_1_2_7_16_1","first-page":"470","article-title":"40Ar\/39Ar dates from Sierra Morena (southern Spain): Variscan metamorphism and Cadomian Orogeny","volume":"10","author":"Blatrix P.","year":"1981","journal-title":"Neues Jahrbuch f\u00fcr Mineralogie Monatshefte"},{"key":"e_1_2_7_17_1","doi-asserted-by":"publisher","DOI":"10.1144\/0016-76492010-104"},{"key":"e_1_2_7_18_1","doi-asserted-by":"publisher","DOI":"10.1144\/GSL.SP.1990.051.01.12"},{"key":"e_1_2_7_19_1","first-page":"1359","article-title":"La nature du Pr\u00e9cambrien et ses relations avec le Pal\u00e9ozoique dans la Sierra Morena centrale (Sud de I'Espagne)","volume":"273","author":"Capdevila R.","year":"1971","journal-title":"Comptes Rendus de l'Acad\u00e9mie des Sciences de Paris"},{"key":"e_1_2_7_20_1","first-page":"1","article-title":"Contribui\u00e7\u00e3o para o conhecimento geol\u00f3gico da regi\u00e3o entre Portel e Ficalho (Alentejo)","volume":"11","author":"Carvalhosa A.","year":"1965","journal-title":"Memorias dos Servi\u00e7os Geol\u00f3gicos de Portugal"},{"key":"e_1_2_7_21_1","doi-asserted-by":"publisher","DOI":"10.1016\/j.gr.2008.12.011"},{"key":"e_1_2_7_22_1","doi-asserted-by":"publisher","DOI":"10.1016\/S0040-1951(00)00233-X"},{"key":"e_1_2_7_23_1","doi-asserted-by":"publisher","DOI":"10.1016\/j.tecto.2008.01.008"},{"key":"e_1_2_7_24_1","doi-asserted-by":"publisher","DOI":"10.1046\/j.1365-3121.2000.00290.x"},{"key":"e_1_2_7_25_1","doi-asserted-by":"publisher","DOI":"10.1016\/0040-1951(92)90405-U"},{"key":"e_1_2_7_26_1","doi-asserted-by":"publisher","DOI":"10.1016\/0040-1951(76)90169-4"},{"key":"e_1_2_7_27_1","first-page":"23","article-title":"The contact between the Ossa Morena and the South Portuguese zones. Characteristics and significance of the Aracena metamorphic belt, in its central sector between Aroche and Aracena (Huelva)","volume":"30","author":"D\u00edaz Azpiroz M.","year":"2004","journal-title":"Journal of Iberian Geology"},{"key":"e_1_2_7_28_1","doi-asserted-by":"publisher","DOI":"10.1029\/2004TC001742"},{"key":"e_1_2_7_29_1","unstructured":"D\u00edez Balda M. A.(1986).El Complejo Esquisto\u2010Grauv\u00e1quico las series paleozoicas y la estructura herc\u00ednica al Sur de Salamanca 162 pp Universidad de Salamanca Salamanca."},{"key":"e_1_2_7_30_1","doi-asserted-by":"publisher","DOI":"10.1016\/j.tecto.2015.05.001"},{"key":"e_1_2_7_31_1","doi-asserted-by":"publisher","DOI":"10.1016\/j.earscirev.2016.08.002"},{"key":"e_1_2_7_32_1","doi-asserted-by":"publisher","DOI":"10.1016\/j.gr.2011.07.028"},{"key":"e_1_2_7_33_1","doi-asserted-by":"publisher","DOI":"10.1016\/j.lithos.2016.10.031"},{"key":"e_1_2_7_34_1","doi-asserted-by":"publisher","DOI":"10.1144\/0016-76492011-101"},{"key":"e_1_2_7_35_1","doi-asserted-by":"publisher","DOI":"10.1016\/j.gr.2009.12.006"},{"key":"e_1_2_7_36_1","doi-asserted-by":"publisher","DOI":"10.1016\/j.tecto.2016.10.023"},{"key":"e_1_2_7_37_1","doi-asserted-by":"publisher","DOI":"10.1130\/L648.1"},{"key":"e_1_2_7_38_1","doi-asserted-by":"publisher","DOI":"10.1130\/L379.1"},{"key":"e_1_2_7_39_1","series-title":"Geological Society of London Special Publication","volume-title":"The Cadomian orogeny","author":"D'Lemos R. S.","year":"1990"},{"key":"e_1_2_7_40_1","doi-asserted-by":"publisher","DOI":"10.1130\/0091-7613(1996)024<1143:TEOTHP>2.3.CO;2"},{"key":"e_1_2_7_41_1","doi-asserted-by":"publisher","DOI":"10.1002\/2015TC003884"},{"key":"e_1_2_7_42_1","unstructured":"Egu\u00edluz L.(1987).Petrog\u00e9nesis de rocas \u00edgneas y metam\u00f3rficas en el Antiforme Burguillos\u2010Monesterio Macizo Ib\u00e9rico Meridional (PhD thesis) (694 pp.). Universidad del Pa\u00eds Vasco."},{"key":"e_1_2_7_43_1","doi-asserted-by":"publisher","DOI":"10.1016\/0301-9268(92)90087-5"},{"key":"e_1_2_7_44_1","first-page":"59","article-title":"Estructura del sector de Zafra: implicaciones en la subdivisi\u00f3n de unidades C\u00e1mbricas de la Zona de Ossa Morena (ZOM)","volume":"22","author":"Eguiluz L.","year":"1997","journal-title":"Geogaceta"},{"key":"e_1_2_7_45_1","doi-asserted-by":"publisher","DOI":"10.1130\/0016-7606(2000)112<1398:SHACOC>2.0.CO;2"},{"key":"e_1_2_7_46_1","doi-asserted-by":"publisher","DOI":"10.1016\/j.precamres.2010.06.011"},{"key":"e_1_2_7_47_1","doi-asserted-by":"publisher","DOI":"10.1016\/S0191-8141(03)00075-0"},{"key":"e_1_2_7_48_1","first-page":"1","article-title":"Evoluci\u00f3n estructural de la mitad septentrional de la Zona de Ossa\u2010Morena y su relaci\u00f3n con el l\u00edmite Zona Ossa\u2010Morena\/Zona Centroib\u00e9rica","volume":"27","author":"Exp\u00f3sito Ramos I.","year":"2005","journal-title":"TerraNova"},{"key":"e_1_2_7_49_1","unstructured":"Fern\u00e1ndez\u2010Carrasco J. Portero Garc\u00eda J. M. Garrote A. Arriola A. Egu\u00edluz L. S\u00e1nchez\u2010Carretero R. Quesada C. &Cueto L. A.(1980).Mapa y memoria de la Hoja n\u00b0 876 (Fuente de Cantos) del Mapa Geol\u00f3gico de Espa\u00f1a Escala 1\/50.000 Instituto Geol\u00f3gico y Minero de Espa\u00f1a."},{"key":"e_1_2_7_50_1","doi-asserted-by":"publisher","DOI":"10.1016\/S0012-821X(02)00963-9"},{"key":"e_1_2_7_51_1","doi-asserted-by":"publisher","DOI":"10.1139\/e98-074"},{"key":"e_1_2_7_52_1","unstructured":"Fricke W.(1941).Die Geologie des Grenzgebietes zwishen nordstlicher Sierra Morena und Extremadura (PhD thesis) (91 pp.). Berlin: Berlin University."},{"key":"e_1_2_7_53_1","doi-asserted-by":"publisher","DOI":"10.1016\/j.lithos.2012.06.002"},{"key":"e_1_2_7_54_1","doi-asserted-by":"publisher","DOI":"10.1016\/j.tecto.2015.11.013"},{"key":"e_1_2_7_55_1","unstructured":"Galindo C. Casquet C. Portugal Ferreira M. R. &Regencio Macedo C. A.(1986).O Complexo Plut\u00f3nico de T\u00e1liga\u2010Barcarrota\u2014Um Complexo intrusivo com Idades Caled\u00f3nica e Herc\u00ednica Maleo. Boletim Informativo da Sociedade Geol\u00f3gica de Portugal. II Congreso Nacional de Geolog\u00eda de Portugal Lisboa Volume 2 number 13 22."},{"key":"e_1_2_7_56_1","first-page":"385","volume-title":"Geolog\u00eda de los granitoides y rocas asociadas del Macizo Hesp\u00e9rico. Libro Homenaje a L.C. Garc\u00eda de Figuerola","author":"Galindo C.","year":"1987"},{"key":"e_1_2_7_57_1","doi-asserted-by":"publisher","DOI":"10.1016\/j.earscirev.2017.11.004"},{"key":"e_1_2_7_58_1","unstructured":"Garrote A. (1976).Asociaciones minerales del n\u00facleo metam\u00f3rfico de Sierra Albarrana (Prov. de C\u00f3rdoba).Mem\u00f3rias e not\u00edcas. Publica\u00e7\u00f5es do Museu e Laborat\u00f3rio Mineral\u00f3gico e Geol\u00f3gico da Universidade de Coimbra 82 17\u201340."},{"key":"e_1_2_7_59_1","doi-asserted-by":"publisher","DOI":"10.1130\/0016-7606(1997)109<1536:OBTTGV>2.3.CO;2"},{"key":"e_1_2_7_60_1","first-page":"1","article-title":"Subs\u00eddios para o Conhecimento Geol\u00f3gico do Nordeste Alentejano","volume":"18","author":"Gon\u00e7alves F.","year":"1971","journal-title":"Servicios Geol\u00f3gicos de Portugal, Mem\u00f3ria (Nova S\u00e9rie)"},{"key":"e_1_2_7_61_1","doi-asserted-by":"publisher","DOI":"10.1016\/j.lithos.2015.02.001"},{"key":"e_1_2_7_62_1","doi-asserted-by":"publisher","DOI":"10.1016\/0191-8141(80)90035-8"},{"key":"e_1_2_7_63_1","doi-asserted-by":"publisher","DOI":"10.1029\/RG024i002p00217"},{"key":"e_1_2_7_64_1","unstructured":"Jim\u00e9nez\u2010D\u00edaz A.(2008).An\u00e1lisis de los procesos de cizalla d\u00factil en el macizo peridot\u00edtico de Calzadilla de los Barros (Extremadura) (MSc thesis) (51 pp.). Madrid Spain: Universidad Complutense."},{"key":"e_1_2_7_65_1","first-page":"27","article-title":"La f\u00e1brica de las rocas milon\u00edticas de la zona de cizalla de Los Llanos (Calzadilla de los Barros, Badajoz)","volume":"46","author":"Jim\u00e9nez\u2010D\u00edaz A.","year":"2009","journal-title":"Geogaceta"},{"key":"e_1_2_7_66_1","first-page":"331","volume-title":"Tectonics of sedimentary basins","author":"Jordan T. E.","year":"1995"},{"key":"e_1_2_7_67_1","doi-asserted-by":"publisher","DOI":"10.1016\/j.precamres.2012.06.003"},{"key":"e_1_2_7_68_1","unstructured":"Li\u00f1\u00e1n E.(1978).Bioestratigraf\u00eda de la Sierra de C\u00f3rdoba (PhD thesis) (212 pp.). Granada: Universidad de Granada."},{"key":"e_1_2_7_69_1","first-page":"47","article-title":"Los icnof\u00f3siles de la Formaci\u00f3n Torre\u00e1rboles (\u00bfPrec\u00e1mbrico?\u2010C\u00e1mbrico Inferior) en los alrededores de Fuente de Cantos, Badajoz","volume":"8","author":"Li\u00f1\u00e1n E.","year":"1984","journal-title":"Cuadernos do Laboratorio Xeoloxico de Laxe"},{"key":"e_1_2_7_70_1","first-page":"227","article-title":"Aportaciones micropaleontol\u00f3gicas para el conocimiento del l\u00edmite Prec\u00e1mbrico\u2010C\u00e1mbrico en la Sierra de. C\u00f3rdoba, Espa\u00f1a","volume":"69","author":"Li\u00f1\u00e1n E.","year":"1983","journal-title":"Comunica\u00e7\u00f5es dos Servi\u00e7os Geol\u00f3gicos de Portugal"},{"key":"e_1_2_7_71_1","doi-asserted-by":"publisher","DOI":"10.1017\/S0016756800028284"},{"key":"e_1_2_7_72_1","doi-asserted-by":"publisher","DOI":"10.1017\/S0016756800023189"},{"key":"e_1_2_7_73_1","first-page":"259","volume-title":"Pre\u2010Mesozoic geology of Iberia","author":"Li\u00f1\u00e1n E.","year":"1990"},{"key":"e_1_2_7_74_1","doi-asserted-by":"publisher","DOI":"10.1130\/2007.2423(03)"},{"key":"e_1_2_7_75_1","doi-asserted-by":"publisher","DOI":"10.1016\/j.tecto.2008.05.002"},{"key":"e_1_2_7_76_1","first-page":"586","article-title":"Notas sobre una discordancia posiblemente prec\u00e1mbrica al SE de la provincia de Badajoz y sobre la edad de las series paleozoicas circundantes","volume":"81","author":"Llopis N.","year":"1970","journal-title":"Bolet\u00edn Geol\u00f3gico y Minero"},{"key":"e_1_2_7_77_1","doi-asserted-by":"publisher","DOI":"10.1016\/0040-1951(90)90293-H"},{"key":"e_1_2_7_78_1","doi-asserted-by":"publisher","DOI":"10.1111\/j.1365-3121.2011.01005.x"},{"key":"e_1_2_7_79_1","first-page":"147","article-title":"La estructura de la Zona Centroib\u00e9rica en la regi\u00f3n de Los Pedroches (Macizo Ib\u00e9rico meridional)","volume":"14","author":"Mart\u00ednez Poyatos D.","year":"2001","journal-title":"Revista de la Sociedad Geol\u00f3gica de Espa\u00f1a"},{"key":"e_1_2_7_80_1","first-page":"1","article-title":"Estructura del borde meridional de la Zona Centroib\u00e9rica y su relaci\u00f3n con el contacto entre las Zonas Centroib\u00e9rica y de Ossa\u2010Morena","volume":"18","author":"Mart\u00ednez Poyatos D. J.","year":"2002","journal-title":"TerraNova"},{"key":"e_1_2_7_81_1","first-page":"175","article-title":"Caracterizaci\u00f3n qu\u00edmico\u2010mineral\u00f3gica de las cromititas ofiol\u00edticas de Calzadilla de los Barros (Badajoz)","volume":"48","author":"Martos R.","year":"2010","journal-title":"Geogaceta"},{"key":"e_1_2_7_82_1","doi-asserted-by":"publisher","DOI":"10.1016\/0040-1951(91)90328-P"},{"key":"e_1_2_7_83_1","doi-asserted-by":"publisher","DOI":"10.3749\/canmin.51.3.387"},{"key":"e_1_2_7_84_1","doi-asserted-by":"publisher","DOI":"10.1127\/ejm\/2014\/0026-2406"},{"key":"e_1_2_7_85_1","doi-asserted-by":"publisher","DOI":"10.1017\/S0016756807003858"},{"key":"e_1_2_7_86_1","unstructured":"Monterrubio S.(1991).Mineralizaciones asociadas a rocas ultrab\u00e1sicas en el Herc\u00ednico espa\u00f1ol (PhD thesis) (323 pp.). Madrid: Universidad Complutense."},{"key":"e_1_2_7_87_1","doi-asserted-by":"publisher","DOI":"10.1130\/G22068.1"},{"key":"e_1_2_7_88_1","doi-asserted-by":"publisher","DOI":"10.1016\/j.gr.2009.08.001"},{"key":"e_1_2_7_89_1","unstructured":"Ochsner A.(1993).U\u2010Pb geochronology of the Upper Proterozoic\u2013Lower Paleozoic geodynamic evolution in the Ossa\u2010Morena Zone (SW Iberia): Constraints on the timing of the Cadomian Orogeny (PhD thesis) (249 pp.). Switzerland: ETH Zurich."},{"key":"e_1_2_7_90_1","unstructured":"Ord\u00f3\u00f1ez Casado B.(1998).Geochronological studies of the Pre\u2010Mesozoic basement of the Iberian Massif: The Ossa Morena zone and the Allochthonous Complexes within the Central Iberian zone (PhD thesis) (235 pp.). Switzerland: Swiss Federal Institute of Technology Z\u00fcrich."},{"key":"e_1_2_7_91_1","first-page":"137","article-title":"Zircon ion\u2010probe dating the maximum age of deposition of the Montemol\u00edn succession (Lower Serie Negra) in the Ossa Morena Zone, Spain","volume":"11","author":"Ordo\u00f1ez Casado B.","year":"2009","journal-title":"Macla"},{"key":"e_1_2_7_92_1","doi-asserted-by":"publisher","DOI":"10.1180\/minmag.1998.62A.2.248"},{"issue":"2","key":"e_1_2_7_93_1","first-page":"1","article-title":"Microf\u00f3siles de pared org\u00e1nica del Proterozoico Superior (regi\u00f3n central de la Pen\u00ednsula Ib\u00e9rica)","volume":"3","author":"Palacios T.","year":"1989","journal-title":"Memorias del Museo Paleontol\u00f3gico de la Universidad de Zaragoza"},{"key":"e_1_2_7_94_1","doi-asserted-by":"publisher","DOI":"10.1016\/S0191-8141(96)00077-6"},{"key":"e_1_2_7_95_1","doi-asserted-by":"publisher","DOI":"10.1093\/petrology\/25.4.956"},{"key":"e_1_2_7_96_1","doi-asserted-by":"publisher","DOI":"10.1144\/GSL.SP.1984.016.01.06"},{"key":"e_1_2_7_97_1","doi-asserted-by":"publisher","DOI":"10.1080\/09853111.2014.957505"},{"key":"e_1_2_7_98_1","doi-asserted-by":"publisher","DOI":"10.1016\/j.precamres.2005.11.011"},{"key":"e_1_2_7_99_1","doi-asserted-by":"publisher","DOI":"10.1016\/j.tecto.2012.06.020"},{"key":"e_1_2_7_100_1","doi-asserted-by":"publisher","DOI":"10.1144\/SP327.11"},{"key":"e_1_2_7_101_1","doi-asserted-by":"publisher","DOI":"10.1016\/j.gr.2012.02.010"},{"key":"e_1_2_7_102_1","doi-asserted-by":"publisher","DOI":"10.1016\/j.gr.2016.10.010"},{"key":"e_1_2_7_103_1","doi-asserted-by":"publisher","DOI":"10.5194\/se-7-857-2016"},{"key":"e_1_2_7_104_1","first-page":"381","volume-title":"Las sucesiones anteordov\u00edcicas de la regi\u00f3n oriental de la provincia de Badajoz y \u00e1rea contigua de la de Ciudad Real","author":"Pieren Pidal A. P.","year":"2000"},{"key":"e_1_2_7_105_1","doi-asserted-by":"publisher","DOI":"10.1016\/S0040-1951(02)00193-2"},{"key":"e_1_2_7_106_1","series-title":"Special Publication","first-page":"353","volume-title":"The Cadomian Orogeny","author":"Quesada C.","year":"1990"},{"key":"e_1_2_7_107_1","doi-asserted-by":"publisher","DOI":"10.1016\/0040-1951(91)90446-Y"},{"key":"e_1_2_7_108_1","doi-asserted-by":"publisher","DOI":"10.1127\/1860-1804\/2006\/0157-0585"},{"key":"e_1_2_7_109_1","doi-asserted-by":"publisher","DOI":"10.1007\/978-3-642-84153-8_11"},{"key":"e_1_2_7_110_1","doi-asserted-by":"publisher","DOI":"10.1029\/2006TC002058"},{"key":"e_1_2_7_111_1","doi-asserted-by":"publisher","DOI":"10.1144\/gsjgs.136.1.0089"},{"key":"e_1_2_7_112_1","doi-asserted-by":"publisher","DOI":"10.1007\/s00531-004-0425-4"},{"key":"e_1_2_7_113_1","doi-asserted-by":"publisher","DOI":"10.1144\/0016-76492005-065"},{"key":"e_1_2_7_114_1","doi-asserted-by":"publisher","DOI":"10.1016\/j.gr.2013.09.016"},{"key":"e_1_2_7_115_1","doi-asserted-by":"publisher","DOI":"10.1017\/S0016756811001129"},{"key":"e_1_2_7_116_1","doi-asserted-by":"publisher","DOI":"10.1007\/s00531-013-0937-x"},{"issue":"1","key":"e_1_2_7_117_1","first-page":"7","article-title":"El magmatismo calcoalcalino del Precambrico terminal en la Zona de Ossa\u2013Morena (Macizo Ib\u00e9rico)","volume":"2","author":"S\u00e1nchez\u2010Carretero R.","year":"1989","journal-title":"Revista de la Sociedad Geol\u00f3gica de Espa\u00f1a"},{"key":"e_1_2_7_118_1","doi-asserted-by":"publisher","DOI":"10.1016\/j.gr.2009.10.005"},{"key":"e_1_2_7_119_1","doi-asserted-by":"publisher","DOI":"10.1016\/S0040-1951(03)00024-6"},{"key":"e_1_2_7_120_1","doi-asserted-by":"publisher","DOI":"10.1007\/s00531-013-0939-8"},{"key":"e_1_2_7_121_1","doi-asserted-by":"publisher","DOI":"10.1016\/j.tecto.2008.03.006"},{"key":"e_1_2_7_122_1","doi-asserted-by":"publisher","DOI":"10.1016\/j.tecto.2016.02.043"},{"key":"e_1_2_7_123_1","doi-asserted-by":"publisher","DOI":"10.1016\/j.tecto.2015.09.020"},{"key":"e_1_2_7_124_1","unstructured":"Sch\u00e4fer H. J.(1990).Geochronological investigations in the Ossa\u2010Morena Zone SW Spain (PhD thesis) (153 pp.). ETH Zurich."},{"key":"e_1_2_7_125_1","doi-asserted-by":"publisher","DOI":"10.1007\/BF00286922"},{"key":"e_1_2_7_126_1","doi-asserted-by":"publisher","DOI":"10.1016\/S0191-8141(00)00007-9"},{"key":"e_1_2_7_127_1","doi-asserted-by":"publisher","DOI":"10.1007\/s00531-004-0424-5"},{"key":"e_1_2_7_128_1","first-page":"53","article-title":"From the Cadomian orogenesis to the Early Palaeozoic Variscan rifting in Southwest Iberia","volume":"30","author":"Simancas F.","year":"2004","journal-title":"Journal of Iberian Geology"},{"key":"e_1_2_7_129_1","doi-asserted-by":"publisher","DOI":"10.1016\/j.crte.2008.11.003"},{"key":"e_1_2_7_130_1","doi-asserted-by":"publisher","DOI":"10.1029\/2002TC001479"},{"key":"e_1_2_7_131_1","doi-asserted-by":"publisher","DOI":"10.1016\/j.tecto.2013.02.037"},{"key":"e_1_2_7_132_1","doi-asserted-by":"publisher","DOI":"10.1029\/2001RG000108"},{"key":"e_1_2_7_133_1","doi-asserted-by":"publisher","DOI":"10.1130\/0016-7606(1992)104<1621:SZIEFT>2.3.CO;2"},{"key":"e_1_2_7_134_1","doi-asserted-by":"publisher","DOI":"10.1007\/978-94-009-0401-9"},{"key":"e_1_2_7_135_1","doi-asserted-by":"publisher","DOI":"10.1007\/s00531-015-1171-5"},{"key":"e_1_2_7_136_1","doi-asserted-by":"publisher","DOI":"10.1029\/RG021i008p01727"},{"key":"e_1_2_7_137_1","doi-asserted-by":"publisher","DOI":"10.1029\/JB084iB03p01049"},{"key":"e_1_2_7_138_1","doi-asserted-by":"publisher","DOI":"10.1016\/j.lithos.2004.12.012"},{"key":"e_1_2_7_139_1","doi-asserted-by":"publisher","DOI":"10.1016\/j.precamres.2014.02.006"},{"key":"e_1_2_7_140_1","doi-asserted-by":"publisher","DOI":"10.1144\/GSL.SP.2003.218.01.22"}],"container-title":["Tectonics"],"original-title":[],"language":"en","link":[{"URL":"https:\/\/onlinelibrary.wiley.com\/doi\/pdf\/10.1029\/2018TC005224","content-type":"application\/pdf","content-version":"vor","intended-application":"text-mining"},{"URL":"https:\/\/agupubs.onlinelibrary.wiley.com\/doi\/pdf\/10.1029\/2018TC005224","content-type":"unspecified","content-version":"vor","intended-application":"similarity-checking"}],"deposited":{"date-parts":[[2026,4,4]],"date-time":"2026-04-04T10:34:27Z","timestamp":1775298867000},"score":1,"resource":{"primary":{"URL":"https:\/\/agupubs.onlinelibrary.wiley.com\/doi\/10.1029\/2018TC005224"}},"subtitle":[],"short-title":[],"issued":{"date-parts":[[2019,1]]},"references-count":139,"journal-issue":{"issue":"1","published-print":{"date-parts":[[2019,1]]}},"alternative-id":["10.1029\/2018TC005224"],"URL":"https:\/\/doi.org\/10.1029\/2018tc005224","archive":["Portico"],"relation":{},"ISSN":["0278-7407","1944-9194"],"issn-type":[{"value":"0278-7407","type":"print"},{"value":"1944-9194","type":"electronic"}],"subject":[],"published":{"date-parts":[[2019,1]]},"assertion":[{"value":"2018-07-02","order":0,"name":"received","label":"Received","group":{"name":"publication_history","label":"Publication History"}},{"value":"2018-12-04","order":1,"name":"accepted","label":"Accepted","group":{"name":"publication_history","label":"Publication History"}},{"value":"2019-01-04","order":2,"name":"published","label":"Published","group":{"name":"publication_history","label":"Publication History"}}]}}