{"status":"ok","message-type":"work","message-version":"1.0.0","message":{"indexed":{"date-parts":[[2026,3,26]],"date-time":"2026-03-26T13:27:09Z","timestamp":1774531629317,"version":"3.50.1"},"reference-count":157,"publisher":"Elsevier BV","issue":"9","license":[{"start":{"date-parts":[[2021,9,1]],"date-time":"2021-09-01T00:00:00Z","timestamp":1630454400000},"content-version":"tdm","delay-in-days":0,"URL":"https:\/\/www.elsevier.com\/tdm\/userlicense\/1.0\/"},{"start":{"date-parts":[[2021,9,1]],"date-time":"2021-09-01T00:00:00Z","timestamp":1630454400000},"content-version":"tdm","delay-in-days":0,"URL":"https:\/\/www.elsevier.com\/legal\/tdmrep-license"},{"start":{"date-parts":[[2022,9,2]],"date-time":"2022-09-02T00:00:00Z","timestamp":1662076800000},"content-version":"vor","delay-in-days":366,"URL":"http:\/\/www.elsevier.com\/open-access\/userlicense\/1.0\/"}],"content-domain":{"domain":["gimjournal.org","elsevier.com","sciencedirect.com"],"crossmark-restriction":true},"short-container-title":["Genetics in Medicine"],"published-print":{"date-parts":[[2021,9]]},"DOI":"10.1038\/s41436-021-01200-2","type":"journal-article","created":{"date-parts":[[2021,5,26]],"date-time":"2021-05-26T07:05:56Z","timestamp":1622012756000},"page":"1604-1615","update-policy":"https:\/\/doi.org\/10.1016\/elsevier_cm_policy","source":"Crossref","is-referenced-by-count":26,"title":["Quantitative analysis of the natural history of prolidase deficiency: description of 17 families and systematic review of published cases"],"prefix":"10.1016","volume":"23","author":[{"given":"Francis","family":"Rossignol","sequence":"first","affiliation":[]},{"given":"Marvid S.","family":"Duarte Moreno","sequence":"additional","affiliation":[]},{"given":"Jean-Fran\u00e7ois","family":"Benoist","sequence":"additional","affiliation":[]},{"given":"Manfred","family":"Boehm","sequence":"additional","affiliation":[]},{"given":"Emmanuelle","family":"Bourrat","sequence":"additional","affiliation":[]},{"given":"Aline","family":"Cano","sequence":"additional","affiliation":[]},{"given":"Brigitte","family":"Chabrol","sequence":"additional","affiliation":[]},{"given":"Claudine","family":"Cosson","sequence":"additional","affiliation":[]},{"given":"Jos\u00e9 Lu\u00eds Dapena","family":"D\u00edaz","sequence":"additional","affiliation":[]},{"given":"Arthur","family":"D\u2019Harlingue","sequence":"additional","affiliation":[]},{"given":"David","family":"Dimmock","sequence":"additional","affiliation":[]},{"given":"Alexandra F.","family":"Freeman","sequence":"additional","affiliation":[]},{"given":"Mar\u00eda Tall\u00f3n","family":"Garc\u00eda","sequence":"additional","affiliation":[]},{"given":"Cheryl","family":"Garganta","sequence":"additional","affiliation":[]},{"given":"Tobias","family":"Goerge","sequence":"additional","affiliation":[]},{"given":"Sara S.","family":"Halbach","sequence":"additional","affiliation":[]},{"given":"Jan","family":"de Laffolie","sequence":"additional","affiliation":[]},{"given":"Christina T.","family":"Lam","sequence":"additional","affiliation":[]},{"given":"Ludovic","family":"Martin","sequence":"additional","affiliation":[]},{"given":"Esmeralda","family":"Martins","sequence":"additional","affiliation":[]},{"given":"Andrea","family":"Meinhardt","sequence":"additional","affiliation":[]},{"given":"Isabelle","family":"Melki","sequence":"additional","affiliation":[]},{"given":"Amanda K.","family":"Ombrello","sequence":"additional","affiliation":[]},{"given":"No\u00e9mie","family":"P\u00e9rez","sequence":"additional","affiliation":[]},{"given":"Dulce","family":"Quelhas","sequence":"additional","affiliation":[]},{"given":"Anna","family":"Scott","sequence":"additional","affiliation":[]},{"given":"Anne M.","family":"Slavotinek","sequence":"additional","affiliation":[]},{"given":"Ana Rita","family":"Soares","sequence":"additional","affiliation":[]},{"given":"Sarah L.","family":"Stein","sequence":"additional","affiliation":[]},{"given":"Kira","family":"S\u00fc\u00dfmuth","sequence":"additional","affiliation":[]},{"given":"Jenny","family":"Thies","sequence":"additional","affiliation":[]},{"ORCID":"https:\/\/orcid.org\/0000-0002-2697-1046","authenticated-orcid":false,"given":"Carlos R.","family":"Ferreira","sequence":"additional","affiliation":[]},{"given":"Manuel","family":"Schiff","sequence":"additional","affiliation":[]}],"member":"78","reference":[{"key":"10.1038\/s41436-021-01200-2_bb0010","author":"Tanoue"},{"key":"10.1038\/s41436-021-01200-2_bb0015","author":"Powell"},{"key":"10.1038\/s41436-021-01200-2_bb0020","author":"Butterworth"},{"key":"10.1038\/s41436-021-01200-2_bb0025","author":"Adams"},{"key":"10.1038\/s41436-021-01200-2_bb0030","series-title":"Agence d\u2019\u00e9valuation des technologies et des modes d\u2019intervention en sant\u00e9 (AETMIS). La pertinence du d\u00e9pistage n\u00e9onatal urinaire des erreurs inn\u00e9es du m\u00e9tabolisme r\u00e9alis\u00e9 au Qu\u00e9bec","author":"Renaud","year":"2009"},{"key":"10.1038\/s41436-021-01200-2_bb0035","author":"Falik-Zaccai"},{"key":"10.1038\/s41436-021-01200-2_bb0040","author":"Wang"},{"key":"10.1038\/s41436-021-01200-2_bb0045","author":"Goodman"},{"key":"10.1038\/s41436-021-01200-2_bb0050","unstructured":"9.Ferreira, C. & Wang, H. in GeneReviews. (eds Adam, M. P. et al.) Prolidase deficiency. (University of Washington, Seattle, 1993)."},{"key":"10.1038\/s41436-021-01200-2_bb0055","author":"Luder"},{"key":"10.1038\/s41436-021-01200-2_bb0060","author":"Butbul Aviel"},{"key":"10.1038\/s41436-021-01200-2_bb0065","author":"Ferreira"},{"key":"10.1038\/s41436-021-01200-2_bb0070","author":"Buist"},{"key":"10.1038\/s41436-021-01200-2_bb0075","author":"Kingsmore"},{"key":"10.1038\/s41436-021-01200-2_bb0080","author":"Moher"},{"key":"10.1038\/s41436-021-01200-2_bb0085","series-title":"Cochrane Handbook for Systematic Reviews of Interventions. www.training.cochrane.org\/handbook","author":"Higgins","year":"2020"},{"key":"10.1038\/s41436-021-01200-2_bb0090","author":"Sussmuth"},{"key":"10.1038\/s41436-021-01200-2_bb0095","author":"Besio"},{"key":"10.1038\/s41436-021-01200-2_bb0100","author":"Aringer"},{"key":"10.1038\/s41436-021-01200-2_bb0105","author":"Henter"},{"key":"10.1038\/s41436-021-01200-2_bb0110","author":"Nusgens"},{"key":"10.1038\/s41436-021-01200-2_bb0115","author":"Johnstone"},{"issue":"759","key":"10.1038\/s41436-021-01200-2_bb0120","first-page":"762","article-title":"Iminodipeptiduria: a genetic defect in recycling collagen; a method for determining prolidase in erythrocytes","volume":"113","author":"Jackson","year":"1975","journal-title":"Can. Med. Assoc. J."},{"key":"10.1038\/s41436-021-01200-2_bb0125","author":"Faull"},{"key":"10.1038\/s41436-021-01200-2_bb0130","author":"Kodama"},{"key":"10.1038\/s41436-021-01200-2_bb0135","author":"Powell"},{"key":"10.1038\/s41436-021-01200-2_bb0140","author":"Powell"},{"key":"10.1038\/s41436-021-01200-2_bb0145","author":"Sheffield"},{"key":"10.1038\/s41436-021-01200-2_bb0150","author":"Umemura"},{"key":"10.1038\/s41436-021-01200-2_bb0155","author":"Arata"},{"key":"10.1038\/s41436-021-01200-2_bb0160","author":"Isemura"},{"key":"10.1038\/s41436-021-01200-2_bb0165","author":"Charpentier"},{"key":"10.1038\/s41436-021-01200-2_bb0170","author":"Endo"},{"key":"10.1038\/s41436-021-01200-2_bb0175","author":"Isemura"},{"key":"10.1038\/s41436-021-01200-2_bb0180","author":"Ogata"},{"key":"10.1038\/s41436-021-01200-2_bb0185","author":"Der Kaloustian"},{"key":"10.1038\/s41436-021-01200-2_bb0190","author":"Endo"},{"key":"10.1038\/s41436-021-01200-2_bb0195","author":"Lambert"},{"key":"10.1038\/s41436-021-01200-2_bb0200","first-page":"667","article-title":"Prolidase and manganese deficiency. Apropos of a case: diagnosis and treatment","volume":"109","author":"Larr\u00e8gue","year":"1982","journal-title":"Ann. Dermatol. Venereol."},{"key":"10.1038\/s41436-021-01200-2_bb0205","author":"Royce"},{"key":"10.1038\/s41436-021-01200-2_bb0210","author":"Gray"},{"key":"10.1038\/s41436-021-01200-2_bb0215","author":"Myara"},{"key":"10.1038\/s41436-021-01200-2_bb0220","author":"Pedersen"},{"key":"10.1038\/s41436-021-01200-2_bb0225","author":"Freij"},{"key":"10.1038\/s41436-021-01200-2_bb0230","author":"Lemieux"},{"key":"10.1038\/s41436-021-01200-2_bb0235","author":"Myara"},{"key":"10.1038\/s41436-021-01200-2_bb0240","author":"Naughten"},{"key":"10.1038\/s41436-021-01200-2_bb0245","author":"Pierard"},{"key":"10.1038\/s41436-021-01200-2_bb0250","author":"Priestman"},{"key":"10.1038\/s41436-021-01200-2_bb0255","author":"Butterworth"},{"key":"10.1038\/s41436-021-01200-2_bb0260","author":"Sekiya"},{"key":"10.1038\/s41436-021-01200-2_bb0265","author":"Arata"},{"key":"10.1038\/s41436-021-01200-2_bb0270","author":"Lombeck"},{"key":"10.1038\/s41436-021-01200-2_bb0275","author":"Myara"},{"key":"10.1038\/s41436-021-01200-2_bb0280","author":"Endo"},{"key":"10.1038\/s41436-021-01200-2_bb0285","author":"Leoni"},{"key":"10.1038\/s41436-021-01200-2_bb0290","author":"Miech"},{"key":"10.1038\/s41436-021-01200-2_bb0295","author":"Ohhashi"},{"key":"10.1038\/s41436-021-01200-2_bb0300","author":"Oono"},{"key":"10.1038\/s41436-021-01200-2_bb0305","author":"Pasolini"},{"key":"10.1038\/s41436-021-01200-2_bb0310","first-page":"734","article-title":"Prolidase deficiency","volume":"30","author":"Sei","year":"1988","journal-title":"Skin Res."},{"key":"10.1038\/s41436-021-01200-2_bb0315","author":"Stalder"},{"key":"10.1038\/s41436-021-01200-2_bb0320","first-page":"247","article-title":"Hereditary prolidase deficiency in 2 sisters with therapy-resistant leg ulcers","volume":"39","author":"Voigtl\u00e4nder","year":"1988","journal-title":"Hautarzt"},{"key":"10.1038\/s41436-021-01200-2_bb0325","author":"Wysocki"},{"key":"10.1038\/s41436-021-01200-2_bb0330","author":"Boright"},{"key":"10.1038\/s41436-021-01200-2_bb0335","first-page":"309","article-title":"Prolidase deficiency. Apropos of a peculiar case","volume":"116","author":"De Rijcke","year":"1989","journal-title":"Ann. Dermatol. Venereol."},{"key":"10.1038\/s41436-021-01200-2_bb0340","author":"Milligan"},{"key":"10.1038\/s41436-021-01200-2_bb0345","author":"Moulonguet"},{"key":"10.1038\/s41436-021-01200-2_bb0350","author":"Endo"},{"key":"10.1038\/s41436-021-01200-2_bb0355","author":"Arata"},{"key":"10.1038\/s41436-021-01200-2_bb0360","author":"Pasquali Ronchetti"},{"key":"10.1038\/s41436-021-01200-2_bb0365","author":"Tanoue"},{"key":"10.1038\/s41436-021-01200-2_bb0370","author":"Andry"},{"key":"10.1038\/s41436-021-01200-2_bb0375","author":"Berardesca"},{"key":"10.1038\/s41436-021-01200-2_bb0380","author":"Dolenga"},{"key":"10.1038\/s41436-021-01200-2_bb0385","author":"Bissonnette"},{"key":"10.1038\/s41436-021-01200-2_bb0390","author":"Cantatore"},{"key":"10.1038\/s41436-021-01200-2_bb0395","author":"Cleary"},{"key":"10.1038\/s41436-021-01200-2_bb0400","author":"Ledoux"},{"key":"10.1038\/s41436-021-01200-2_bb0405","author":"Zanaboni"},{"key":"10.1038\/s41436-021-01200-2_bb0410","author":"Jemec"},{"key":"10.1038\/s41436-021-01200-2_bb0415","author":"Ledoux"},{"key":"10.1038\/s41436-021-01200-2_bb0420","first-page":"237","article-title":"Doen\u00e7a metab\u00f3lica rara. Defici\u00eancia em prolidase","volume":"28","author":"Pereira","year":"1997","journal-title":"Acta Pediatr. Port"},{"key":"10.1038\/s41436-021-01200-2_bb0425","author":"Shrinath"},{"key":"10.1038\/s41436-021-01200-2_bb0430","author":"Kiratli"},{"key":"10.1038\/s41436-021-01200-2_bb0435","author":"Fimiani"},{"key":"10.1038\/s41436-021-01200-2_bb0440","author":"Yasuda"},{"key":"10.1038\/s41436-021-01200-2_bb0445","doi-asserted-by":"crossref","unstructured":"88.Kasten, R., Steinmann, B. & Voigtl\u00e4nder, V. Hereditary prolidase deficiency. Contribution to differential therapy refractory leg ulcer diagnosis. Hautarzt51, 846\u2013851 (2000).","DOI":"10.1007\/s001050051228"},{"key":"10.1038\/s41436-021-01200-2_bb0450","author":"Kikuchi"},{"key":"10.1038\/s41436-021-01200-2_bb0455","author":"Mandel"},{"key":"10.1038\/s41436-021-01200-2_bb0460","author":"Monafo"},{"key":"10.1038\/s41436-021-01200-2_bb0465","author":"Dyne"},{"key":"10.1038\/s41436-021-01200-2_bb0470","author":"Forlino"},{"key":"10.1038\/s41436-021-01200-2_bb0475","author":"Kokturk"},{"key":"10.1038\/s41436-021-01200-2_bb0480","author":"Lopes"},{"key":"10.1038\/s41436-021-01200-2_bb0485","author":"Lupi"},{"key":"10.1038\/s41436-021-01200-2_bb0490","author":"Cabrera"},{"key":"10.1038\/s41436-021-01200-2_bb0495","author":"Kurien"},{"key":"10.1038\/s41436-021-01200-2_bb0500","author":"Lupi"},{"key":"10.1038\/s41436-021-01200-2_bb0505","author":"Aytug"},{"key":"10.1038\/s41436-021-01200-2_bb0510","author":"Hershkovitz"},{"key":"10.1038\/s41436-021-01200-2_bb0515","doi-asserted-by":"crossref","first-page":"24","DOI":"10.5070\/D39V4582J4","article-title":"Ulcus cruris associated with prolidase deficiency","volume":"12","author":"Kavala","year":"2006","journal-title":"Dermatol. Online J."},{"key":"10.1038\/s41436-021-01200-2_bb0520","author":"Kurien"},{"key":"10.1038\/s41436-021-01200-2_bb0525","author":"Lupi"},{"key":"10.1038\/s41436-021-01200-2_bb0530","author":"Ortega Garc\u00eda"},{"key":"10.1038\/s41436-021-01200-2_bb0535","author":"Di Rocco"},{"key":"10.1038\/s41436-021-01200-2_bb0540","author":"Masood"},{"key":"10.1038\/s41436-021-01200-2_bb0545","author":"Dunn"},{"key":"10.1038\/s41436-021-01200-2_bb0550","author":"Isik"},{"key":"10.1038\/s41436-021-01200-2_bb0555","author":"Falik-Zaccai"},{"key":"10.1038\/s41436-021-01200-2_bb0560","author":"Kelly"},{"key":"10.1038\/s41436-021-01200-2_bb0565","author":"Klar"},{"key":"10.1038\/s41436-021-01200-2_bb0570","author":"Marotte"},{"key":"10.1038\/s41436-021-01200-2_bb0575","author":"Dunn"},{"key":"10.1038\/s41436-021-01200-2_bb0580","author":"Besio"},{"key":"10.1038\/s41436-021-01200-2_bb0585","author":"Caselli"},{"key":"10.1038\/s41436-021-01200-2_bb0590","author":"Kurien"},{"key":"10.1038\/s41436-021-01200-2_bb0595","author":"Pandit"},{"key":"10.1038\/s41436-021-01200-2_bb0600","author":"Lacarbonara"},{"key":"10.1038\/s41436-021-01200-2_bb0605","author":"Kuloglu"},{"key":"10.1038\/s41436-021-01200-2_bb0610","author":"Nasser"},{"key":"10.1038\/s41436-021-01200-2_bb0615","first-page":"341","article-title":"Septic shock originating with a skin infection in a patient with prolidase deficiency","volume":"27","author":"San Valero Carcel\u00e9n","year":"2015","journal-title":"Emergencias"},{"key":"10.1038\/s41436-021-01200-2_bb0620","author":"Solak"},{"key":"10.1038\/s41436-021-01200-2_bb0625","doi-asserted-by":"crossref","first-page":"86","DOI":"10.1177\/1534734615619550","article-title":"A rare cause of lower extremity ulcers: prolidase deficiency","volume":"15","author":"Ad\u0131\u015fen","year":"2016","journal-title":"Int. J. Low Extrem. Wounds."},{"key":"10.1038\/s41436-021-01200-2_bb0630","author":"Hintze"},{"key":"10.1038\/s41436-021-01200-2_bb0635","author":"Nir"},{"key":"10.1038\/s41436-021-01200-2_bb0640","author":"Bertolini"},{"key":"10.1038\/s41436-021-01200-2_bb0645","first-page":"355","article-title":"A case of 13-year-old girl with prolidase deficiency","volume":"29","author":"Khushdil","year":"2017","journal-title":"J. Ayub. Med. Coll. Abbottabad."},{"key":"10.1038\/s41436-021-01200-2_bb0650","first-page":"1142","article-title":"Prolidase deficiency in two sisters with recurrent ulcerations of the lower extremities","volume":"15","author":"Koechel","year":"2017","journal-title":"J. Dtsch. Dermatol. Ges."},{"key":"10.1038\/s41436-021-01200-2_bb0655","author":"Ma"},{"key":"10.1038\/s41436-021-01200-2_bb0660","author":"Vestita"},{"key":"10.1038\/s41436-021-01200-2_bb0665","author":"Good"},{"key":"10.1038\/s41436-021-01200-2_bb0670","author":"Karthikeyan"},{"key":"10.1038\/s41436-021-01200-2_bb0675","author":"Kiratli Nalbant"},{"key":"10.1038\/s41436-021-01200-2_bb0680","doi-asserted-by":"crossref","first-page":"1057","DOI":"10.1111\/iwj.13138","article-title":"A rare cause of cutaneous ulceration: prolidase deficiency","volume":"16","author":"Lsazade","year":"2019","journal-title":"Int. Wound J."},{"key":"10.1038\/s41436-021-01200-2_bb0685","author":"Rayment"},{"key":"10.1038\/s41436-021-01200-2_bb0690","doi-asserted-by":"crossref","first-page":"e89","DOI":"10.1097\/MPG.0000000000002402","article-title":"A novel manifestation of prolidase deficiency in a toddler diagnosed with very-early onset Crohn disease","volume":"69","author":"Rizvi","year":"2019","journal-title":"J. Pediatr. Gastroenterol. Nutr."},{"key":"10.1038\/s41436-021-01200-2_bb0695","author":"Cottin"},{"key":"10.1038\/s41436-021-01200-2_bb0700","author":"Razmi"},{"key":"10.1038\/s41436-021-01200-2_bb0705","doi-asserted-by":"crossref","first-page":"e57","DOI":"10.1093\/rheumatology\/keaa051","article-title":"Induction therapy with rituximab for lupus nephritis due to prolidase deficiency","volume":"59","author":"Sato","year":"2020","journal-title":"Rheumatology (Oxford)"},{"key":"10.1038\/s41436-021-01200-2_bb0710","first-page":"1265","article-title":"Polidistrectual videocapillaroscopic evaluation in a patient with prolidase deficiency","volume":"38","author":"Sota","year":"2020","journal-title":"Clin. Exp. Rheumatol."},{"key":"10.1038\/s41436-021-01200-2_bb0715","author":"Zielonka"},{"key":"10.1038\/s41436-021-01200-2_bb0720","author":"Zielonka"},{"key":"10.1038\/s41436-021-01200-2_bb0725","author":"Slama"},{"key":"10.1038\/s41436-021-01200-2_bb0730","author":"Noguchi"},{"key":"10.1038\/s41436-021-01200-2_bb0735","author":"Surazynski"},{"key":"10.1038\/s41436-021-01200-2_bb0740","author":"Surazynski"},{"key":"10.1038\/s41436-021-01200-2_bb0745","author":"Yang"},{"key":"10.1038\/s41436-021-01200-2_bb0750","author":"Dunaevsky"},{"key":"10.1038\/s41436-021-01200-2_bb0755","author":"Flentke"},{"key":"10.1038\/s41436-021-01200-2_bb0760","unstructured":"151.Hechtman, P. in Prolidase Deficiency. (eds Valle, D. L., Antonarakis, S., Ballabio, A., Beaudet, A. L., Mitchell, G. A.) The Online Metabolic and Molecular Bases of Inherited Disease. (McGraw-Hill Education, New York, NY, 2019)."},{"key":"10.1038\/s41436-021-01200-2_bb0765","author":"Surazynski"},{"key":"10.1038\/s41436-021-01200-2_bb0770","author":"Brisse"},{"key":"10.1038\/s41436-021-01200-2_bb0775","author":"Dickinson"},{"key":"10.1038\/s41436-021-01200-2_bb0780","author":"Jung"},{"key":"10.1038\/s41436-021-01200-2_bb0785","author":"Insolia"},{"key":"10.1038\/s41436-021-01200-2_bb0790","author":"Karna"}],"container-title":["Genetics in Medicine"],"original-title":[],"language":"en","link":[{"URL":"https:\/\/www.nature.com\/articles\/s41436-021-01200-2.pdf","content-type":"application\/pdf","content-version":"vor","intended-application":"text-mining"},{"URL":"https:\/\/www.nature.com\/articles\/s41436-021-01200-2","content-type":"text\/html","content-version":"vor","intended-application":"text-mining"},{"URL":"https:\/\/api.elsevier.com\/content\/article\/PII:S1098360021051030?httpAccept=text\/xml","content-type":"text\/xml","content-version":"vor","intended-application":"text-mining"},{"URL":"https:\/\/api.elsevier.com\/content\/article\/PII:S1098360021051030?httpAccept=text\/plain","content-type":"text\/plain","content-version":"vor","intended-application":"text-mining"},{"URL":"https:\/\/www.nature.com\/articles\/s41436-021-01200-2.pdf","content-type":"application\/pdf","content-version":"vor","intended-application":"similarity-checking"}],"deposited":{"date-parts":[[2025,10,22]],"date-time":"2025-10-22T01:54:37Z","timestamp":1761098077000},"score":1,"resource":{"primary":{"URL":"https:\/\/linkinghub.elsevier.com\/retrieve\/pii\/S1098360021051030"}},"subtitle":[],"short-title":[],"issued":{"date-parts":[[2021,9]]},"references-count":157,"journal-issue":{"issue":"9","published-print":{"date-parts":[[2021,9]]}},"alternative-id":["S1098360021051030"],"URL":"https:\/\/doi.org\/10.1038\/s41436-021-01200-2","relation":{},"ISSN":["1098-3600"],"issn-type":[{"value":"1098-3600","type":"print"}],"subject":[],"published":{"date-parts":[[2021,9]]},"assertion":[{"value":"Elsevier","name":"publisher","label":"This article is maintained by"},{"value":"Quantitative analysis of the natural history of prolidase deficiency: description of 17 families and systematic review of published cases","name":"articletitle","label":"Article Title"},{"value":"Genetics in Medicine","name":"journaltitle","label":"Journal Title"},{"value":"https:\/\/doi.org\/10.1038\/s41436-021-01200-2","name":"articlelink","label":"CrossRef DOI link to publisher maintained version"},{"value":"article","name":"content_type","label":"Content Type"},{"value":"\u00a9 2021, The Author(s), under exclusive licence to the American College of Medical Genetics and Genomics","name":"copyright","label":"Copyright"}]}}