{"status":"ok","message-type":"work","message-version":"1.0.0","message":{"indexed":{"date-parts":[[2026,2,26]],"date-time":"2026-02-26T19:57:33Z","timestamp":1772135853741,"version":"3.50.1"},"reference-count":104,"publisher":"Springer Science and Business Media LLC","issue":"1","license":[{"start":{"date-parts":[[2017,11,15]],"date-time":"2017-11-15T00:00:00Z","timestamp":1510704000000},"content-version":"tdm","delay-in-days":0,"URL":"https:\/\/creativecommons.org\/licenses\/by\/4.0"},{"start":{"date-parts":[[2017,11,15]],"date-time":"2017-11-15T00:00:00Z","timestamp":1510704000000},"content-version":"vor","delay-in-days":0,"URL":"https:\/\/creativecommons.org\/licenses\/by\/4.0"}],"content-domain":{"domain":["link.springer.com"],"crossmark-restriction":false},"short-container-title":["Sci Rep"],"abstract":"<jats:title>Abstract<\/jats:title>\n                  <jats:p>Agriculture first reached the Iberian Peninsula around 5700 BCE. However, little is known about the genetic structure and changes of prehistoric populations in different geographic areas of Iberia. In our study, we focus on the maternal genetic makeup of the Neolithic (~ 5500\u20133000 BCE), Chalcolithic (~ 3000\u20132200 BCE) and Early Bronze Age (~ 2200\u20131500 BCE). We report ancient mitochondrial DNA results of 213 individuals (151 HVS-I sequences) from the northeast, central, southeast and southwest regions and thus on the largest archaeogenetic dataset from the Peninsula to date. Similar to other parts of Europe, we observe a discontinuity between hunter-gatherers and the first farmers of the Neolithic. During the subsequent periods, we detect regional continuity of Early Neolithic lineages across Iberia, however the genetic contribution of hunter-gatherers is generally higher than in other parts of Europe and varies regionally. In contrast to ancient DNA findings from Central Europe, we do not observe a major turnover in the mtDNA record of the Iberian Late Chalcolithic and Early Bronze Age, suggesting that the population history of the Iberian Peninsula is distinct in character.<\/jats:p>","DOI":"10.1038\/s41598-017-15480-9","type":"journal-article","created":{"date-parts":[[2017,11,9]],"date-time":"2017-11-09T07:48:07Z","timestamp":1510213687000},"update-policy":"https:\/\/doi.org\/10.1007\/springer_crossmark_policy","source":"Crossref","is-referenced-by-count":47,"title":["The maternal genetic make-up of the Iberian Peninsula between the Neolithic and the Early Bronze Age"],"prefix":"10.1038","volume":"7","author":[{"ORCID":"https:\/\/orcid.org\/0000-0003-2095-738X","authenticated-orcid":false,"given":"Anna","family":"Sz\u00e9cs\u00e9nyi-Nagy","sequence":"first","affiliation":[]},{"given":"Christina","family":"Roth","sequence":"additional","affiliation":[]},{"given":"Guido","family":"Brandt","sequence":"additional","affiliation":[]},{"ORCID":"https:\/\/orcid.org\/0000-0003-1535-0209","authenticated-orcid":false,"given":"Cristina","family":"Rihuete-Herrada","sequence":"additional","affiliation":[]},{"given":"Cristina","family":"Tejedor-Rodr\u00edguez","sequence":"additional","affiliation":[]},{"given":"Petra","family":"Held","sequence":"additional","affiliation":[]},{"given":"\u00cd\u00f1igo","family":"Garc\u00eda-Mart\u00ednez-de-Lagr\u00e1n","sequence":"additional","affiliation":[]},{"given":"H\u00e9ctor","family":"Arcusa Magall\u00f3n","sequence":"additional","affiliation":[]},{"given":"Stephanie","family":"Zesch","sequence":"additional","affiliation":[]},{"given":"Corina","family":"Knipper","sequence":"additional","affiliation":[]},{"given":"Eszter","family":"B\u00e1nffy","sequence":"additional","affiliation":[]},{"given":"Susanne","family":"Friederich","sequence":"additional","affiliation":[]},{"given":"Harald","family":"Meller","sequence":"additional","affiliation":[]},{"given":"Primitiva","family":"Bueno Ram\u00edrez","sequence":"additional","affiliation":[]},{"given":"Rosa","family":"Barroso Bermejo","sequence":"additional","affiliation":[]},{"given":"Rodrigo","family":"de Balb\u00edn Behrmann","sequence":"additional","affiliation":[]},{"given":"Ana M.","family":"Herrero-Corral","sequence":"additional","affiliation":[]},{"given":"Ra\u00fal","family":"Flores Fern\u00e1ndez","sequence":"additional","affiliation":[]},{"given":"Carmen","family":"Alonso Fern\u00e1ndez","sequence":"additional","affiliation":[]},{"given":"Javier","family":"Jim\u00e9nez Echevarria","sequence":"additional","affiliation":[]},{"given":"Laura","family":"Rindlisbacher","sequence":"additional","affiliation":[]},{"given":"Camila","family":"Oliart","sequence":"additional","affiliation":[]},{"given":"Mar\u00eda-In\u00e9s","family":"Fregeiro","sequence":"additional","affiliation":[]},{"given":"Ignacio","family":"Soriano","sequence":"additional","affiliation":[]},{"ORCID":"https:\/\/orcid.org\/0000-0003-2160-2492","authenticated-orcid":false,"given":"Oriol","family":"Vicente","sequence":"additional","affiliation":[]},{"given":"Rafael","family":"Mic\u00f3","sequence":"additional","affiliation":[]},{"given":"Vicente","family":"Lull","sequence":"additional","affiliation":[]},{"given":"Jorge","family":"Soler D\u00edaz","sequence":"additional","affiliation":[]},{"given":"Juan Antonio","family":"L\u00f3pez Padilla","sequence":"additional","affiliation":[]},{"given":"Consuelo","family":"Roca de Togores Mu\u00f1oz","sequence":"additional","affiliation":[]},{"given":"Mauro S.","family":"Hern\u00e1ndez P\u00e9rez","sequence":"additional","affiliation":[]},{"given":"Francisco Javier","family":"Jover Maestre","sequence":"additional","affiliation":[]},{"given":"Joaqu\u00edn","family":"Lomba Maurandi","sequence":"additional","affiliation":[]},{"given":"Azucena","family":"Avil\u00e9s Fern\u00e1ndez","sequence":"additional","affiliation":[]},{"given":"Katina T.","family":"Lillios","sequence":"additional","affiliation":[]},{"ORCID":"https:\/\/orcid.org\/0000-0002-1912-6581","authenticated-orcid":false,"given":"Ana Maria","family":"Silva","sequence":"additional","affiliation":[]},{"given":"Miguel","family":"Magalh\u00e3es Ramalho","sequence":"additional","affiliation":[]},{"given":"Luiz Miguel","family":"Oosterbeek","sequence":"additional","affiliation":[]},{"given":"Claudia","family":"Cunha","sequence":"additional","affiliation":[]},{"given":"Anna J.","family":"Waterman","sequence":"additional","affiliation":[]},{"given":"Jordi","family":"Roig Bux\u00f3","sequence":"additional","affiliation":[]},{"given":"Andr\u00e9s","family":"Mart\u00ednez","sequence":"additional","affiliation":[]},{"given":"Juana","family":"Ponce Mart\u00ednez","sequence":"additional","affiliation":[]},{"given":"Mark","family":"Hunt Ortiz","sequence":"additional","affiliation":[]},{"ORCID":"https:\/\/orcid.org\/0000-0002-9139-2825","authenticated-orcid":false,"given":"Juan Carlos","family":"Mej\u00edas-Garc\u00eda","sequence":"additional","affiliation":[]},{"given":"Juan Carlos","family":"Pecero Esp\u00edn","sequence":"additional","affiliation":[]},{"given":"Rosario","family":"Cruz-Au\u00f1\u00f3n Briones","sequence":"additional","affiliation":[]},{"given":"Tiago","family":"Tom\u00e9","sequence":"additional","affiliation":[]},{"given":"Eduardo","family":"Carmona Ballestero","sequence":"additional","affiliation":[]},{"given":"Jo\u00e3o Lu\u00eds","family":"Cardoso","sequence":"additional","affiliation":[]},{"given":"Ana Cristina","family":"Ara\u00fajo","sequence":"additional","affiliation":[]},{"ORCID":"https:\/\/orcid.org\/0000-0001-5547-5415","authenticated-orcid":false,"given":"Corina","family":"Liesau von Lettow-Vorbeck","sequence":"additional","affiliation":[]},{"given":"Concepci\u00f3n","family":"Blasco Bosqued","sequence":"additional","affiliation":[]},{"given":"Patricia","family":"R\u00edos Mendoza","sequence":"additional","affiliation":[]},{"given":"Ana","family":"Pujante","sequence":"additional","affiliation":[]},{"given":"Jos\u00e9 I.","family":"Royo-Guill\u00e9n","sequence":"additional","affiliation":[]},{"given":"Marco Aurelio","family":"Esquembre Bevi\u00e1","sequence":"additional","affiliation":[]},{"given":"Victor Manuel","family":"Dos Santos Goncalves","sequence":"additional","affiliation":[]},{"given":"Rui","family":"Parreira","sequence":"additional","affiliation":[]},{"given":"Elena","family":"Mor\u00e1n Hern\u00e1ndez","sequence":"additional","affiliation":[]},{"given":"Elena","family":"M\u00e9ndez Izquierdo","sequence":"additional","affiliation":[]},{"given":"Jorge","family":"Vega y Miguel","sequence":"additional","affiliation":[]},{"given":"Roberto","family":"Mendui\u00f1a Garc\u00eda","sequence":"additional","affiliation":[]},{"given":"Victoria","family":"Mart\u00ednez Calvo","sequence":"additional","affiliation":[]},{"given":"Oscar","family":"L\u00f3pez Jim\u00e9nez","sequence":"additional","affiliation":[]},{"given":"Johannes","family":"Krause","sequence":"additional","affiliation":[]},{"ORCID":"https:\/\/orcid.org\/0000-0002-5557-1674","authenticated-orcid":false,"given":"Sandra L.","family":"Pichler","sequence":"additional","affiliation":[]},{"given":"Rafael","family":"Garrido-Pena","sequence":"additional","affiliation":[]},{"given":"Michael","family":"Kunst","sequence":"additional","affiliation":[]},{"given":"Roberto","family":"Risch","sequence":"additional","affiliation":[]},{"given":"Manuel A.","family":"Rojo-Guerra","sequence":"additional","affiliation":[]},{"ORCID":"https:\/\/orcid.org\/0000-0003-2475-2007","authenticated-orcid":false,"given":"Wolfgang","family":"Haak","sequence":"additional","affiliation":[]},{"given":"Kurt W.","family":"Alt","sequence":"additional","affiliation":[]}],"member":"297","published-online":{"date-parts":[[2017,11,15]]},"reference":[{"key":"15480_CR1","doi-asserted-by":"publisher","first-page":"3459","DOI":"10.1016\/j.jas.2011.08.008","volume":"38","author":"C Lemmen","year":"2011","unstructured":"Lemmen, C., Gronenborn, D. & Wirtz, K. W. A simulation of the Neolithic transition in Western Eurasia. J. Archaeol. Sci. 38, 3459\u20133470 (2011).","journal-title":"J. Archaeol. Sci."},{"key":"15480_CR2","unstructured":"Bellwood, P. First farmers: the origins of agricultural societies. (Blackwell, 2005)."},{"key":"15480_CR3","doi-asserted-by":"publisher","first-page":"1","DOI":"10.1179\/096576697800660267","volume":"5","author":"M \u00d6zdogan","year":"1997","unstructured":"\u00d6zdogan, M. The beginning of the Neolithic economies in southeastern Europe: an Anatolian perspective. J. Eur. Archaeol. 5, 1\u201333 (1997).","journal-title":"J. Eur. Archaeol."},{"key":"15480_CR4","doi-asserted-by":"publisher","first-page":"14180","DOI":"10.1073\/pnas.241522898","volume":"98","author":"J Zilh\u00e3o","year":"2001","unstructured":"Zilh\u00e3o, J. Radiocarbon evidence for maritime pioneer colonization at the origins of farming in west Mediterranean Europe. Proc Natl Acad Sci USA 98, 14180\u201314185 (2001).","journal-title":"Proc Natl Acad Sci USA"},{"key":"15480_CR5","doi-asserted-by":"publisher","first-page":"807","DOI":"10.1016\/j.jas.2008.11.004","volume":"36","author":"J-P Bocquet-Appel","year":"2009","unstructured":"Bocquet-Appel, J.-P., Naji, S., Linden, M., Vander & Kozlowski, J. K. Detection of diffusion and contact zones of early farming in Europe from the space-time distribution of 14C dates. J. Archaeol. Sci. 36, 807\u2013820 (2009).","journal-title":"J. Archaeol. Sci."},{"key":"15480_CR6","unstructured":"Jim\u00e9nez Guijarro, J. Cazadores y campesinos: la neolitizaci\u00f3n del interior de la Pen\u00ednsula Ib\u00e9rica. (Real Academia de la Historia., 2010)."},{"key":"15480_CR7","unstructured":"Bernabeu-Aub\u00e1n, J., Molina-Balaguer, L., Esquembre-Bebi\u00e1, M. A., Ortega, J. R. & Boronat-Soler, J. de D. In De M\u00e9diterran\u00e9e et d\u2019ailleurs\u2026 M\u00e9langes offers \u00e0 Jean Guilaine 83\u201395 (Archives d\u2019\u00c9cologie Pr\u00e9historique, 2009)."},{"key":"15480_CR8","first-page":"109","volume":"66","author":"P Garc\u00eda Borja","year":"2010","unstructured":"Garc\u00eda Borja, P., Aura Tortosa, J. E., Bernabeu Aub\u00e1n, J. & Jord\u00e1 Pardo, J. F. Nuevas perspectivas sobre la neolitizaci\u00f3n en la Cueva de Nerja (M\u00e1laga-Espa\u00f1a): La cer\u00e1mica de la sala del vest\u00edbulo. Zephyrus 66, 109\u2013132 (2010).","journal-title":"Zephyrus"},{"key":"15480_CR9","unstructured":"Guilaine, J., Manen, C. & Vigne, J.-D. Pont de Roque-Haute. Noveaux regards sur la n\u00e9olithisation de la France m\u00e9diterran\u00e9enne. (Archives d\u00b4Ecologie Pr\u00e9historique, 2007)."},{"key":"15480_CR10","first-page":"181","volume":"6","author":"J Fern\u00e1ndez-Eraso","year":"2004","unstructured":"Fern\u00e1ndez-Eraso, J. El Neol\u00edtico inicial en el Pa\u00eds Vasco meridional. Datos recientes. Kobie. Ser. Anejos 6, 181\u2013190 (2004).","journal-title":"Kobie. Ser. Anejos"},{"key":"15480_CR11","unstructured":"Utrilla-Miranda, P. In El Paisaje en el Neol\u00edtico mediterr\u00e1neo 179\u2013208 (Saguntum Extra-5, 2002)."},{"key":"15480_CR12","unstructured":"Manen, C., Marchand, G. & Carvallo, A. F. Le N\u00e9olithique ancien de la p\u00e9ninsule Ib\u00e9rique: vers une nouvelle \u00e9valuation du mirage africain? In Congr\u00e9s du centenaire: Un si\u00e8cle de construction du discours scientifique en Pr\u00e9histoire 3, 133\u2013151 (Soci\u00e9t\u00e9 pr\u00e9historique fran\u00e7aise, 2007)."},{"key":"15480_CR13","doi-asserted-by":"publisher","first-page":"2659","DOI":"10.1016\/j.jas.2013.01.026","volume":"40","author":"J Morales","year":"2013","unstructured":"Morales, J. et al. The origins of agriculture in North-West Africa: macro-botanical remains from Epipalaeolithic and Early Neolithic levels of Ifri Oudadane (Morocco). J. Archaeol. Sci. 40, 2659\u20132669 (2013).","journal-title":"J. Archaeol. Sci."},{"key":"15480_CR14","doi-asserted-by":"publisher","first-page":"429","DOI":"10.1179\/1461957114Y.0000000084","volume":"18","author":"\u00cd Garc\u00eda-Mart\u00ednez de Lagr\u00e1n","year":"2015","unstructured":"Garc\u00eda-Mart\u00ednez de Lagr\u00e1n, \u00cd. Recent data and approaches on the Neolithization of the Iberian Peninsula. Eur. J. Archaeol. 18, 429\u2013453 (2015).","journal-title":"Eur. J. Archaeol."},{"key":"15480_CR15","unstructured":"Rojo-Guerra, M. A., Garrido, R. & Garc\u00eda Mart\u00ednez de Lagr\u00e1n, \u00cd. El Neol\u00edtico en la Pen\u00ednsula Ib\u00e9rica y su contexto europeo. (Ed. C\u00e1tedra, 2012)."},{"key":"15480_CR16","unstructured":"Rojo-Guerra, M. A., Kunst, M., Garrido Pena, R., Garc\u00eda-Mart\u00ednez de Lagr\u00e1n, I. & Mor\u00e1n Dauchez, G. Paisajes de la memoria: asentamientos del Neol\u00edtico antiguo en el Valle de Ambrona (Soria, Espa\u00f1a). (Servicio de Publicaciones de la Universidad de Valladolid, 2008)."},{"key":"15480_CR17","doi-asserted-by":"publisher","first-page":"283","DOI":"10.1007\/s10963-004-5621-4","volume":"18","author":"L Zapata","year":"2004","unstructured":"Zapata, L., Pe\u00f1a-Chocarro, L., P\u00e9rez-Jord\u00e0, G. & Stika, H.-P. Early neolithic agriculture in the Iberian Peninsula. J. World Prehistory 18, 283\u2013325 (2004).","journal-title":"J. World Prehistory"},{"key":"15480_CR18","doi-asserted-by":"crossref","first-page":"159","DOI":"10.15581\/012.18.4478","volume":"18","author":"J Fern\u00e1ndez Eraso","year":"2010","unstructured":"Fern\u00e1ndez Eraso, J. La actividad pecuaria en la Rioja Alavesa durante la Prehistoria Reciente. Cuad. Arqueol. la Univ. Navarra 18, 159\u2013171 (2010).","journal-title":"Cuad. Arqueol. la Univ. Navarra"},{"key":"15480_CR19","first-page":"51","volume":"XXVII","author":"FX Oms-Arias","year":"2008","unstructured":"Oms-Arias, F. X. Caracterizaci\u00f3 t\u00e8cnica, tipol\u00f2gica i cronol\u00f2gica de les cer\u00e0miques del Neol\u00edtic antic de la Cova Colomera (Prepirineu de Lleida). Arch. Prehisotira Levantina XXVII, 51\u201380 (2008).","journal-title":"Arch. Prehisotira Levantina"},{"key":"15480_CR20","first-page":"9","volume":"LXXIX","author":"M\u00c1 Rojo-Guerra","year":"2013","unstructured":"Rojo-Guerra, M. \u00c1. et al. Pastores trashumantes del Neol\u00edtico antiguo en un entorno de alta monta\u00f1a: secuencia crono-cultural de la Cova de Els Trocs. San Feli\u00fa de Veri (Huesca). Bolet\u00edn del Semin. Arte y Arqueol. LXXIX, 9\u201355 (2013).","journal-title":"San Feli\u00fa de Veri (Huesca). Bolet\u00edn del Semin. Arte y Arqueol."},{"key":"15480_CR21","unstructured":"Bernabeu-Aub\u00e1n, J. & Mart\u00ed-Oliver, B. In La transition N\u00e9olitique en M\u00e9diterran\u00e9e (eds. Manen, C., Perrin, T. & Guilaine, J.) 419\u2013438 (Archives d\u2019\u00c9cologie Pr\u00e9historique, 2014)."},{"key":"15480_CR22","unstructured":"Rojo-Guerra, M. et al. In Del neol\u00edtic a l\u2019edat del bronze en el mediterrani occidental: Estudis en homenatge a Bernat Mart\u00ed Oliver 181\u2013210 (Valencia (Provincia). Diputaci\u00f3n Provincial, 2016)."},{"key":"15480_CR23","unstructured":"Bernabeu-Auban, J. In Restos de vida, restos de muerte: la muerte en la Prehistoria (eds. Soler Mayor, B. & P\u00e9rez Fern\u00e1ndez, A.) 45\u201354 (Museu de Prehistoria, 2010)."},{"key":"15480_CR24","unstructured":"Garrido-Pena, R. & Rojo-Guerra, M. In Funerary Practices in the Iberian Peninsula from the Mesolithic to the Chalcolithic. BAR International Series 2417\u00a0(eds. Gibaja, J. F., Carvalho, A. F. & Chambon, P.) 21\u201328 (2012)."},{"key":"15480_CR25","unstructured":"Garc\u00eda-Gazolaz, J. & Sesma Sesma, J. In La Tierra te sea leve, Arqueolog\u00eda de la muerte en Navarra. Museo de Navarra, Pamplona, exposicio\u0301n 27 de noviembre de 2007-30 de abril de 2008. 52\u201358 (Institucio\u0301n Pri\u0301ncipe de Vian, 2007)."},{"key":"15480_CR26","unstructured":"Garrido-Pena, R., Rojo Guerra, M., Tejedor-Rodriguez, C. & Garci\u0301a-Marti\u0301nez de Lagra\u0301n, I. In El neol\u00edtico en la Pen\u00ednsula Ib\u00e9rica y su contexto europeo (eds. Rojo Guerra, M. \u00c1., Garrido Pena, R. & Garc\u00eda-Mart\u00ednez de Lagr\u00e1n, I.) 143\u2013174 (C\u00e1tedra, 2012)."},{"key":"15480_CR27","unstructured":"Rojo-Guerra, M. A. In Iberia: protohistory of the Far West of Europe: from Neolithic to roman conquest (ed. Almagro-Gorbea, M.) 43\u201369 (Universidad de Burgos, Servicio de Publicaciones e Imagen Constitucional, 2014)."},{"key":"15480_CR28","unstructured":"Martin, A. In S\u00e9pultures et soci\u00e9t\u00e9s. Du N\u00e9olithique \u00e0l\u2019Histoire (ed. Guilaine, J.) 45\u201367 (2009)."},{"key":"15480_CR29","unstructured":"M\u00e1rquez Romero, J. E. & Jim\u00e9nez J\u00e1imez, V. Recintos de fosos: Geneaolog\u00eda y significado deuna tradici\u00f3n en la Prehistoria del suroeste de la Pen\u00ednsula Ib\u00e9rica (IV-III milenios AC). (Universidad de Malaga. Servicio de Publicaciones, 2010)."},{"key":"15480_CR30","unstructured":"Valera, V. In 2200 BC \u2013 A climatic breakdown as a cause for the collapse of the old world? Tagungen des Landesmuseums f\u00fcr Vorgeschichte Halle 12 (eds. Meller, H., Arz, H. W., Jung, R. & Risch, R.) 409\u2013427 (Landesamt fu\u0308r Denkmalpflege und Archa\u0308ologie Sachsen-Anhalt, Landesmuseum fu\u0308r Vorgeschichte, 2015)."},{"key":"15480_CR31","unstructured":"Lull, V., Mic\u00f3, R., Rihuete Herrada, C. & Risch, R. In 2200 BC \u2013 A climatic breakdown as a cause for the collapse of the old world? Tagungen des Landesmuseums f\u00fcr Vorgeschichte Halle 12 (eds Meller, H., Arz, H. W., Jung, R. & Risch, R.) 365\u2013407 (Landesamt fu\u0308r Denkmalpflege und Archa\u0308ologie Sachsen-Anhalt, Landesmuseum fu\u0308r Vorgeschichte, 2015)."},{"key":"15480_CR32","doi-asserted-by":"publisher","unstructured":"Garcia Sanju\u00e1n, L. & Murillo-Barroso, M. Social complexity in Copper Age southern Iberia (ca. 3200-2200 cal b.c.): Reviewing the \u2018state\u2019 hypothesis at Valencina de la Concepci\u00f3n (Seville, Spain). Prehistory Iberia. Debating Early Soc. Strat. State. 119\u2013140 https:\/\/doi.org\/10.4324\/9780203072035 (2013).","DOI":"10.4324\/9780203072035"},{"key":"15480_CR33","first-page":"610","volume":"16","author":"TX Schuhmacher","year":"2012","unstructured":"Schuhmacher, T. X. Elfenbeinobjekte des Chalkolithikums und der Fr\u00fchen Bronzezeit auf der Iberischen Halbinsel. Studien zu Herkunft, Austausch, Verarbeitung und sozialer Bedeutung von Elfenbein. Iberia Archaeologica 16, 610 (2012).","journal-title":"Iberia Archaeologica"},{"key":"15480_CR34","unstructured":"Besse, M. & Strahm, C. The components of the Bell Beaker complex. In Bell Beakers today: pottery, people, culture, symbols in prehistoric Europe. Proceedings of the International colloquium Riva del Garda (Trento, Italy) 11\u201316 May 1998 \/ Vol. 1. (ed. Nicolis, F.) (2001)."},{"key":"15480_CR35","unstructured":"Rojo Guerra, M., Garrido-Pena, R. & Garci\u0301a-Marti\u0301nez de Lagra\u0301n, I. El Campaniforme en la Peniinsula Ibee\u0301rica y su contexto europeo\u2009=\u2009Bell Beakers in the Iberian Peninsula and their European context. (Universidad de Valladolid, Secretariado de Publicaciones e Intercambio Editorial, 2005)."},{"key":"15480_CR36","unstructured":"Garrido-Pena, R. In Iberia. Protohistory of the far west of Europe: from Neolithic to Roman conquest (ed. Almagro, M.) 113\u2013124 (Universidad de Burgos. Fundaci\u00f3n Atapuerca, 2014)."},{"key":"15480_CR37","unstructured":"Garrido-Pena, R. In Social Inequality in Iberian Late Prehistory. BAR International Series 1525. (eds D\u00edaz-del-R\u00edo, P. & Garc\u00eda Sanju\u00e1n, L.) 81\u201396 (2006)."},{"key":"15480_CR38","doi-asserted-by":"publisher","first-page":"395","DOI":"10.1017\/S0003598X00101073","volume":"88","author":"V Lull","year":"2014","unstructured":"Lull, V., Mic\u00f3, R., Rihuete, C. & Risch, R. The La Bastida fortification: new light and new questions on Early Bronze Age societies in the western Mediterranean. Antiquity 88, 395\u2013410 (2014).","journal-title":"Antiquity"},{"key":"15480_CR39","doi-asserted-by":"publisher","first-page":"45","DOI":"10.1111\/j.1365-294X.2011.05361.x","volume":"21","author":"C Gamba","year":"2012","unstructured":"Gamba, C. et al. Ancient DNA from an Early Neolithic Iberian population supports a pioneer colonization by first farmers. Mol. Ecol. 21, 45\u201356 (2012).","journal-title":"Mol. Ecol."},{"key":"15480_CR40","doi-asserted-by":"publisher","first-page":"e105105","DOI":"10.1371\/journal.pone.0105105","volume":"9","author":"D G\u00f3mez-S\u00e1nchez","year":"2014","unstructured":"G\u00f3mez-S\u00e1nchez, D. et al. Mitochondrial DNA from El Mirador cave (Atapuerca, Spain) reveals the heterogeneity of Chalcolithic populations. PLoS One 9, e105105 (2014).","journal-title":"PLoS One"},{"key":"15480_CR41","doi-asserted-by":"publisher","first-page":"11917","DOI":"10.1073\/pnas.1509851112","volume":"112","author":"T G\u00fcnther","year":"2015","unstructured":"G\u00fcnther, T. et al. Ancient genomes link early farmers from Atapuerca in Spain to modern-day Basques. Proc. Natl. Acad. Sci. 112, 11917\u201311922 (2015).","journal-title":"Proc. Natl. Acad. Sci."},{"key":"15480_CR42","doi-asserted-by":"publisher","first-page":"e34417","DOI":"10.1371\/journal.pone.0034417","volume":"7","author":"M Hervella","year":"2012","unstructured":"Hervella, M. et al. Ancient DNA from hunter-gatherer and farmer groups from Northern Spain supports a random dispersion model for the Neolithic expansion into Europe. PLoS One 7, e34417 (2012).","journal-title":"PLoS One"},{"key":"15480_CR43","doi-asserted-by":"publisher","first-page":"1494","DOI":"10.1016\/j.cub.2012.06.005","volume":"22","author":"F S\u00e1nchez-Quinto","year":"2012","unstructured":"S\u00e1nchez-Quinto, F. et al. Genomic affinities of two 7,000-year-old Iberian hunter-gatherers. Curr. Biol. 22, 1494\u20139 (2012).","journal-title":"Curr. Biol."},{"key":"15480_CR44","doi-asserted-by":"publisher","first-page":"e0146176","DOI":"10.1371\/journal.pone.0146176","volume":"11","author":"KW Alt","year":"2016","unstructured":"Alt, K. W. et al. A community in life and death: The Late Neolithic megalithic tomb at Alto de Reinoso (Burgos, Spain). PLoS One 11, e0146176 (2016).","journal-title":"PLoS One"},{"key":"15480_CR45","doi-asserted-by":"publisher","first-page":"18255","DOI":"10.1073\/pnas.1113061108","volume":"108","author":"M Lacan","year":"2011","unstructured":"Lacan, M. et al. Ancient DNA suggests the leading role played by men in the Neolithic dissemination. Proc Natl Acad Sci USA 108, 18255\u20139 (2011).","journal-title":"Proc Natl Acad Sci USA"},{"key":"15480_CR46","doi-asserted-by":"publisher","first-page":"73","DOI":"10.1016\/j.jhevol.2014.06.017","volume":"79","author":"G Brandt","year":"2014","unstructured":"Brandt, G., Sz\u00e9cs\u00e9nyi-Nagy, A., Roth, C., Alt, K. W. & Haak, W. Human paleogenetics of Europe \u2013 The known knowns and the known unknowns. J. Hum. Evol. 79, 73\u201392 (2014).","journal-title":"J. Hum. Evol."},{"key":"15480_CR47","doi-asserted-by":"publisher","first-page":"207","DOI":"10.1038\/nature14317","volume":"522","author":"W Haak","year":"2015","unstructured":"Haak, W. et al. Massive migration from the steppe was a source for Indo-European languages in Europe. Nature 522, 207\u2013211 (2015).","journal-title":"Nature"},{"key":"15480_CR48","first-page":"3132","volume":"32","author":"I Olalde","year":"2015","unstructured":"Olalde, I. et al. A common genetic origin for early farmers from mediterranean cardial and central european LBK cultures. Mol. Biol. Evol. 32, 3132\u20133142 (2015).","journal-title":"Mol. Biol. Evol."},{"key":"15480_CR49","doi-asserted-by":"publisher","first-page":"499","DOI":"10.1038\/nature16152","volume":"528","author":"I Mathieson","year":"2015","unstructured":"Mathieson, I. et al. Genome-wide patterns of selection in 230 ancient Eurasians. Nature 528, 499\u2013503 (2015).","journal-title":"Nature"},{"key":"15480_CR50","doi-asserted-by":"crossref","unstructured":"Lipson, M.& Sz\u00e9cs\u00e9nyi-Nagy, A.\u00a0et al. Parallel paleogenomic transects reveal complex genetic history of early European farmers. Nature. In Press, (2017).","DOI":"10.1101\/114488"},{"key":"15480_CR51","doi-asserted-by":"publisher","first-page":"225","DOI":"10.1038\/nature12960","volume":"507","author":"I Olalde","year":"2014","unstructured":"Olalde, I. et al. Derived immune and ancestral pigmentation alleles in a 7,000-year-old Mesolithic European. Nature 507, 225\u20138 (2014).","journal-title":"Nature"},{"key":"15480_CR52","doi-asserted-by":"publisher","first-page":"747","DOI":"10.1126\/science.1253448","volume":"344","author":"P Skoglund","year":"2014","unstructured":"Skoglund, P. et al. Genomic diversity and admixture differs for Stone-Age Scandinavian foragers and farmers. Science 344, 747\u2013750 (2014).","journal-title":"Science"},{"key":"15480_CR53","doi-asserted-by":"publisher","first-page":"409","DOI":"10.1038\/nature13673","volume":"513","author":"I Lazaridis","year":"2014","unstructured":"Lazaridis, I. et al. Ancient human genomes suggest three ancestral populations for present-day Europeans. Nature 513, 409\u2013413 (2014).","journal-title":"Nature"},{"key":"15480_CR54","doi-asserted-by":"publisher","first-page":"419","DOI":"10.1038\/nature19310","volume":"536","author":"I Lazaridis","year":"2016","unstructured":"Lazaridis, I. et al. Genomic insights into the origin of farming in the ancient Near East. Nature 536, 419\u2013424 (2016).","journal-title":"Nature"},{"key":"15480_CR55","doi-asserted-by":"publisher","first-page":"257","DOI":"10.1126\/science.1241844","volume":"342","author":"G Brandt","year":"2013","unstructured":"Brandt, G. et al. Ancient DNA reveals key stages in the formation of Central European mitochondrial genetic diversity. Science 342, 257\u2013261 (2013).","journal-title":"Science"},{"key":"15480_CR56","doi-asserted-by":"publisher","first-page":"e1000536","DOI":"10.1371\/journal.pbio.1000536","volume":"8","author":"W Haak","year":"2010","unstructured":"Haak, W. et al. Ancient DNA from European early Neolithic farmers reveals their Near Eastern affinities. PLoS Biol. 8, e1000536 (2010).","journal-title":"PLoS Biol."},{"key":"15480_CR57","doi-asserted-by":"publisher","first-page":"137","DOI":"10.1126\/science.1176869","volume":"326","author":"B Bramanti","year":"2009","unstructured":"Bramanti, B. et al. Genetic discontinuity between local hunter-gatherers and central Europe\u2019s first farmers. Science 326, 137\u201340 (2009).","journal-title":"Science"},{"key":"15480_CR58","doi-asserted-by":"publisher","first-page":"20150339","DOI":"10.1098\/rspb.2015.0339","volume":"282","author":"A Sz\u00e9cs\u00e9nyi-Nagy","year":"2015","unstructured":"Sz\u00e9cs\u00e9nyi-Nagy, A. et al. Tracing the genetic origin of Europe\u2019s first farmers reveals insights into their social organization. Proc. R. Soc. B 282, 20150339 (2015).","journal-title":"Proc. R. Soc. B"},{"key":"15480_CR59","doi-asserted-by":"crossref","first-page":"200","DOI":"10.1038\/nature17993","volume":"534","author":"Q Fu","year":"2016","unstructured":"Fu, Q. et al. The genetic history of Ice Age Europe. Nature 534, 200\u2013205 (2016).","journal-title":"Nature"},{"key":"15480_CR60","doi-asserted-by":"publisher","first-page":"827","DOI":"10.1016\/j.cub.2016.01.037","volume":"26","author":"C Posth","year":"2016","unstructured":"Posth, C. et al. Pleistocene mitochondrial genomes suggest a single major dispersal of Non-Africans and a Late Glacial population turnover in Europe. Curr. Biol. 26, 827\u201333 (2016).","journal-title":"Curr. Biol."},{"key":"15480_CR61","doi-asserted-by":"publisher","first-page":"479","DOI":"10.1126\/science.1245049","volume":"342","author":"R Bollongino","year":"2013","unstructured":"Bollongino, R. et al. 2000 years of parallel societies in Stone Age Central Europe. Science 342, 479\u201381 (2013).","journal-title":"Science"},{"key":"15480_CR62","doi-asserted-by":"publisher","DOI":"10.1038\/ncomms6257","volume":"5","author":"C Gamba","year":"2014","unstructured":"Gamba, C. et al. Genome flux and stasis in a five millennium transect of European prehistory. Nat. Commun. 5, 5257 (2014).","journal-title":"Nat. Commun."},{"key":"15480_CR63","doi-asserted-by":"publisher","first-page":"553","DOI":"10.1016\/j.cub.2013.02.044","volume":"23","author":"Q Fu","year":"2013","unstructured":"Fu, Q. et al. A revised timescale for human evolution based on ancient mitochondrial genomes. Curr. Biol. 23, 553\u2013559 (2013).","journal-title":"Curr. Biol."},{"key":"15480_CR64","doi-asserted-by":"publisher","first-page":"e1004401","DOI":"10.1371\/journal.pgen.1004401","volume":"10","author":"E Fern\u00e1ndez","year":"2014","unstructured":"Fern\u00e1ndez, E. et al. Ancient DNA analysis of 8000 B.C. Near Eastern farmers supports an Early Neolithic pioneer maritime colonization of mainland Europe through Cyprus and the Aegean islands. PLoS Genet. 10, e1004401 (2014).","journal-title":"PLoS Genet."},{"key":"15480_CR65","first-page":"25","volume":"89","author":"A Rosa","year":"2011","unstructured":"Rosa, A. & Brehm, A. African human mtDNA phylogeography at-a-glance. J. Anthropol. Sci. 89, 25\u201358 (2011).","journal-title":"J. Anthropol. Sci."},{"key":"15480_CR66","doi-asserted-by":"publisher","first-page":"2211","DOI":"10.1093\/molbev\/mss091","volume":"29","author":"B Mart\u00ednez-Cruz","year":"2012","unstructured":"Mart\u00ednez-Cruz, B. et al. Evidence of pre-Roman tribal genetic structure in Basques from uniparentally inherited markers. Mol. Biol. Evol. 29, 2211\u201322 (2012).","journal-title":"Mol. Biol. Evol."},{"key":"15480_CR67","unstructured":"Keerl, V. A river runs through it- Ancient DNA data on the Neolithic populations of the Great Hungarian Plain. Doctoral thesis. (Johannes Gutenberg University Mainz, 2015). http:\/\/ubm.opus.hbz-nrw.de\/volltexte\/2015\/4115\/."},{"key":"15480_CR68","doi-asserted-by":"publisher","DOI":"10.1038\/ncomms2656","volume":"4","author":"P Brotherton","year":"2013","unstructured":"Brotherton, P. et al. Neolithic mitochondrial haplogroup H genomes and the genetic origins of Europeans. Nat. Commun. 4, 1764 (2013).","journal-title":"Nat. Commun."},{"key":"15480_CR69","doi-asserted-by":"publisher","first-page":"e0125521","DOI":"10.1371\/journal.pone.0125521","volume":"10","author":"M Rivollat","year":"2015","unstructured":"Rivollat, M. et al. When the waves of European Neolithization met: first paleogenetic evidence from Early Farmers in the southern Paris Basin. PLoS One 10, e0125521 (2015).","journal-title":"PLoS One"},{"key":"15480_CR70","doi-asserted-by":"publisher","first-page":"9788","DOI":"10.1073\/pnas.1100723108","volume":"108","author":"M Lacan","year":"2011","unstructured":"Lacan, M. et al. Ancient DNA reveals male diffusion through the Neolithic Mediterranean route. Proc Natl Acad Sci USA 108, 9788\u201391 (2011).","journal-title":"Proc Natl Acad Sci USA"},{"key":"15480_CR71","doi-asserted-by":"publisher","first-page":"466","DOI":"10.1126\/science.1216304","volume":"336","author":"P Skoglund","year":"2012","unstructured":"Skoglund, P. et al. Origins and genetic legacy of Neolithic farmers and hunter-gatherers in Europe. Science 336, 466\u2013469 (2012).","journal-title":"Science"},{"key":"15480_CR72","unstructured":"Dolukhanov, P. The early Slavs. (Longman, 1996)."},{"key":"15480_CR73","doi-asserted-by":"publisher","first-page":"25","DOI":"10.1017\/S0079497X0000236X","volume":"63","author":"RA Housley","year":"1997","unstructured":"Housley, R. A., Gamble, C. S., Street, M. & Pettitt, P. Radiocarbon evidence for the Late Glacial human recolonisation of northern Europe. Proc. Prehist. Soc. 63, 25\u201354 (1997).","journal-title":"Proc. Prehist. Soc."},{"key":"15480_CR74","doi-asserted-by":"publisher","first-page":"193","DOI":"10.1017\/S0959774305000107","volume":"15","author":"C Gamble","year":"2005","unstructured":"Gamble, C., Davies, W., Pettitt, P., Hazelwood, L. & Richards, M. The Archaeological and Genetic Foundations of the European Population during the Late Glacial: Implications for \u2018Agricultural Thinking\u2019. Cambridge Archaeol. J. 15, 193 (2005).","journal-title":"Cambridge Archaeol. J."},{"key":"15480_CR75","doi-asserted-by":"publisher","first-page":"844","DOI":"10.1086\/323485","volume":"69","author":"A Torroni","year":"2001","unstructured":"Torroni, A. et al. A signal, from human mtDNA, of postglacial recolonization in Europe. Am. J. Hum. Genet. 69, 844\u201352 (2001).","journal-title":"Am. J. Hum. Genet."},{"key":"15480_CR76","doi-asserted-by":"publisher","first-page":"910","DOI":"10.1086\/425590","volume":"75","author":"A Achilli","year":"2004","unstructured":"Achilli, A. et al. Themolecular dissection of mtDNA haplogroup H confirms that the Franco-Cantabrian glacial refuge was a major source for the European gene pool. Am. J. Hum. Genet. 75, 910\u20138 (2004).","journal-title":"Am. J. Hum. Genet."},{"key":"15480_CR77","doi-asserted-by":"publisher","first-page":"19","DOI":"10.1101\/gr.3182305","volume":"15","author":"L Pereira","year":"2005","unstructured":"Pereira, L. et al. High-resolution mtDNA evidence for the late-glacial resettlement of Europe from an Iberian refugium. Genome Res. 15, 19\u201324 (2005).","journal-title":"Genome Res."},{"key":"15480_CR78","doi-asserted-by":"publisher","first-page":"R174","DOI":"10.1016\/j.cub.2009.11.054","volume":"20","author":"P Soares","year":"2010","unstructured":"Soares, P. et al. The archaeogenetics of Europe. Curr. Biol. 20, R174\u2013183 (2010).","journal-title":"Curr. Biol."},{"key":"15480_CR79","doi-asserted-by":"publisher","first-page":"883","DOI":"10.1086\/430073","volume":"76","author":"A Achilli","year":"2005","unstructured":"Achilli, A. et al. Saami and Berbers\u2013an unexpected mitochondrial DNA link. Am. J. Hum. Genet. 76, 883\u20136 (2005).","journal-title":"Am. J. Hum. Genet."},{"key":"15480_CR80","doi-asserted-by":"publisher","first-page":"105","DOI":"10.1558\/jmea.v28i1.27503","volume":"28","author":"H Martins","year":"2015","unstructured":"Martins, H. et al. Radiocarbon dating the beginning of the Neolithics in Iberia: new results, new problems. J. Mediterr. Archaeol. 28, 105\u2013131 (2015).","journal-title":"J. Mediterr. Archaeol."},{"key":"15480_CR81","first-page":"75","volume":"69","author":"A Alday Ruiz","year":"2012","unstructured":"Alday Ruiz, A. The Neolithic in the Iberian Peninsula: An explanation from the perspective of the participation of Mesolithic communities. Zephyrus 69, 75\u201394 (2012).","journal-title":"Zephyrus"},{"key":"15480_CR82","unstructured":"Carvalho, A. F. In On Pre- and Earlier His tory of Iberia and Central Europe (eds Armbruester, T. & Hegewisch, M.) 45\u201361 (Studien zur Arch\u00e4ologie Europas Band 11, 2010)."},{"key":"15480_CR83","unstructured":"Bueno, P., Barroso, R. & Balb\u00edn, R. In The Megalithic Architectures of Europe (eds Laporte, L. & Scarre, C.) 157\u2013166 (Oxbow Books, 2015)."},{"key":"15480_CR84","doi-asserted-by":"publisher","first-page":"189","DOI":"10.1007\/s00334-005-0085-8","volume":"14","author":"HP Stika","year":"2005","unstructured":"Stika, H. P. Early Neolithic agriculture in Ambrona, Provincia Soria, central Spain. Veg. Hist. Archaeobot. 14, 189\u2013197 (2005).","journal-title":"Veg. Hist. Archaeobot."},{"key":"15480_CR85","doi-asserted-by":"crossref","first-page":"1016","DOI":"10.1126\/science.1118725","volume":"310","author":"W Haak","year":"2005","unstructured":"Haak, W. et al. Ancient DNA from the first European farmers in 7500-year-old Neolithic sites. Science 310, 1016\u20131018 (2005).","journal-title":"Science"},{"key":"15480_CR86","unstructured":"Liesau, C., Banerjee, A. & Schwarz, J. O. In Yacimientos calcol\u00edticos con campaniforme de la regi\u00f3n de Madrid: nuevos estudios. Madrid. (eds. Blasco, C., Liesau, C. & y R\u00edos, P.) 381\u2013386 (Universidad Aut\u00f3noma de Madrid, 2011)."},{"key":"15480_CR87","doi-asserted-by":"crossref","unstructured":"Liesau von Lettow-Vorbeck, C. In Analysis of the economic foundations of the social supremacy of the Beaker groups. Proceedings of the XVII UISPP World Congress (1\u20137 September, Burgos, Spain). Volume 6. Session B36. (eds. Guerra, E. & Liesau, C.) 69\u201393 (Archaeopress Archaeology, 2016).","DOI":"10.2307\/jj.15135942.10"},{"key":"15480_CR88","doi-asserted-by":"publisher","first-page":"983","DOI":"10.1017\/S0003598X00099294","volume":"83","author":"TX Schuhmacher","year":"2009","unstructured":"Schuhmacher, T. X., Cardoso, J. L. & Banerjee, A. Sourcing African ivory in Chalcolithic Portugal. Antiquity 83, 983\u2013997 (2009).","journal-title":"Antiquity"},{"key":"15480_CR89","first-page":"267","volume":"XXVIII","author":"G Delibes-De-Castro","year":"1978","unstructured":"Delibes-De-Castro, G. Reinterpretaci\u00f3n del ajuar campaniforme de Villar del Campo: Nuevos elementos de juicio para la valoraci\u00f3n de la incidencia centro europea en el mundo de Ciempozuelos. Celtiberia XXVIII, 267\u2013286 (1978).","journal-title":"Celtiberia"},{"key":"15480_CR90","doi-asserted-by":"crossref","unstructured":"Garrido-Pena, R. El Campaniformeen la Meseta Central de la Pen\u00ednsulaIb\u00e9rica (c. 2500-2000 A.C.). BAR International Series 892, (2000).","DOI":"10.30861\/9781841711546"},{"key":"15480_CR91","unstructured":"Fitzpatrick, A. P. In Celtic from the West 2: Rethinking the Bronze Age and the Arrival of Indo-European in Atlantic Europe, (eds. Koch, J. T. & Cunliffe, B.) 41\u201370 (Oxbow, 2013)."},{"key":"15480_CR92","doi-asserted-by":"publisher","first-page":"167","DOI":"10.1038\/nature14507","volume":"522","author":"ME Allentoft","year":"2015","unstructured":"Allentoft, M. E. et al. Population genomics of Bronze Age Eurasia. Nature 522, 167\u2013172 (2015).","journal-title":"Nature"},{"key":"15480_CR93","doi-asserted-by":"publisher","first-page":"571","DOI":"10.1002\/ajpa.22074","volume":"148","author":"EJ Lee","year":"2012","unstructured":"Lee, E. J. et al. Emerging genetic patterns of the European Neolithic: perspectives from a late Neolithic Bell Beaker burial site in Germany. Am. J. Phys. Anthropol. 148, 571\u2013579 (2012).","journal-title":"Am. J. Phys. Anthropol."},{"key":"15480_CR94","doi-asserted-by":"publisher","first-page":"18226","DOI":"10.1073\/pnas.0807592105","volume":"105","author":"W Haak","year":"2008","unstructured":"Haak, W. et al. Ancient DNA, Strontium isotopes, and osteological analyses shed light on social and kinship organization of the Later Stone Age. Proc Natl Acad Sci USA 105, 18226\u201331 (2008).","journal-title":"Proc Natl Acad Sci USA"},{"key":"15480_CR95","doi-asserted-by":"publisher","first-page":"4832","DOI":"10.1073\/pnas.1316513111","volume":"111","author":"S Wilde","year":"2014","unstructured":"Wilde, S. et al. Direct evidence for positive selection of skin, hair, and eye pigmentation in Europeans during the last 5,000 y. Proc Natl Acad Sci USA 111, 4832\u20134837 (2014).","journal-title":"Proc Natl Acad Sci USA"},{"key":"15480_CR96","doi-asserted-by":"publisher","first-page":"270","DOI":"10.1016\/j.cub.2015.12.019","volume":"26","author":"A Omrak","year":"2016","unstructured":"Omrak, A. et al. Genomic evidence establishes Anatolia as the source of the European Neolithic gene pool. Curr. Biol. 26, 270\u2013275 (2016).","journal-title":"Curr. Biol."},{"key":"15480_CR97","doi-asserted-by":"publisher","first-page":"406","DOI":"10.1002\/ajpa.21590","volume":"146","author":"M Simon","year":"2011","unstructured":"Simon, M. et al. The presence of nuclear families in prehistoric collective burials revisited: The Bronze Age burial of Montanissell Cave (Spain) in the light of aDNA. Am. J. Phys. Anthropol. 146, 406\u2013413 (2011).","journal-title":"Am. J. Phys. Anthropol."},{"key":"15480_CR98","unstructured":"R Core Team. R: A language and environment for statistical computing. R Foundation for Statistical Computing. Vienna, Austria. http:\/\/www.r\u2013project.org\/ (2012)."},{"key":"15480_CR99","unstructured":"Suzuki, R. & Shimodaira, H. pvclust: Hierarchical Clustering with P-Values via Multiscale Bootstrap Resampling. R package version 1.3\u20132. http:\/\/CRAN.R\u2013project.org\/package=pvclust (2014)."},{"key":"15480_CR100","doi-asserted-by":"publisher","first-page":"87","DOI":"10.2307\/2340521","volume":"85","author":"RA Fisher","year":"1922","unstructured":"Fisher, R. A. On the interpretation of \u03c72 from contingency tables, and the calculation of P. J. R. Stat. Soc. 85, 87\u201394 (1922).","journal-title":"J. R. Stat. Soc."},{"key":"15480_CR101","doi-asserted-by":"publisher","first-page":"1451","DOI":"10.1093\/bioinformatics\/btp187","volume":"25","author":"P Librado","year":"2009","unstructured":"Librado, P. & Rozas, J. DnaSPv5: a software for comprehensive analysis of DNA polymorphism data. Bioinformatics 25, 1451\u20132 (2009).","journal-title":"Bioinformatics"},{"key":"15480_CR102","doi-asserted-by":"publisher","first-page":"564","DOI":"10.1111\/j.1755-0998.2010.02847.x","volume":"10","author":"L Excoffier","year":"2010","unstructured":"Excoffier, L. & Lischer, H. E. L. Arlequin suite ver 3.5: a new series of programs to perform population genetics analyses under Linux and Windows. Mol. Ecol. Resour. 10, 564\u2013567 (2010).","journal-title":"Mol. Ecol. Resour."},{"key":"15480_CR103","doi-asserted-by":"crossref","first-page":"289","DOI":"10.1111\/j.2517-6161.1995.tb02031.x","volume":"57","author":"Y Benjamini","year":"1995","unstructured":"Benjamini, Y. & Hochberg, Y. Controlling the false discovery rate: A practical and powerful approach to multiple testing. J. R. Stat. Soc. Ser. B 57, 289\u2013300 (1995).","journal-title":"J. R. Stat. Soc. Ser. B"},{"key":"15480_CR104","unstructured":"Oksanen, J. et al. Vegan: community ecology package. R package version 2.2-1. http:\/\/CRAN.R\u2013project.org\/package=vegan (2015)."}],"container-title":["Scientific Reports"],"original-title":[],"language":"en","link":[{"URL":"https:\/\/www.nature.com\/articles\/s41598-017-15480-9.pdf","content-type":"application\/pdf","content-version":"vor","intended-application":"text-mining"},{"URL":"https:\/\/www.nature.com\/articles\/s41598-017-15480-9","content-type":"text\/html","content-version":"vor","intended-application":"text-mining"},{"URL":"https:\/\/www.nature.com\/articles\/s41598-017-15480-9.pdf","content-type":"application\/pdf","content-version":"vor","intended-application":"similarity-checking"}],"deposited":{"date-parts":[[2024,6,28]],"date-time":"2024-06-28T09:45:08Z","timestamp":1719567908000},"score":1,"resource":{"primary":{"URL":"https:\/\/www.nature.com\/articles\/s41598-017-15480-9"}},"subtitle":[],"short-title":[],"issued":{"date-parts":[[2017,11,15]]},"references-count":104,"journal-issue":{"issue":"1","published-online":{"date-parts":[[2017,12]]}},"alternative-id":["15480"],"URL":"https:\/\/doi.org\/10.1038\/s41598-017-15480-9","relation":{"has-preprint":[{"id-type":"doi","id":"10.1101\/106963","asserted-by":"object"}]},"ISSN":["2045-2322"],"issn-type":[{"value":"2045-2322","type":"electronic"}],"subject":[],"published":{"date-parts":[[2017,11,15]]},"assertion":[{"value":"8 February 2017","order":1,"name":"received","label":"Received","group":{"name":"ArticleHistory","label":"Article History"}},{"value":"27 October 2017","order":2,"name":"accepted","label":"Accepted","group":{"name":"ArticleHistory","label":"Article History"}},{"value":"15 November 2017","order":3,"name":"first_online","label":"First Online","group":{"name":"ArticleHistory","label":"Article History"}},{"value":"The authors declare that they have no competing interests.","order":1,"name":"Ethics","group":{"name":"EthicsHeading","label":"Competing Interests"}}],"article-number":"15644"}}