{"status":"ok","message-type":"work","message-version":"1.0.0","message":{"indexed":{"date-parts":[[2026,4,13]],"date-time":"2026-04-13T21:24:25Z","timestamp":1776115465861,"version":"3.50.1"},"reference-count":43,"publisher":"Springer Science and Business Media LLC","issue":"1","license":[{"start":{"date-parts":[[2022,6,4]],"date-time":"2022-06-04T00:00:00Z","timestamp":1654300800000},"content-version":"tdm","delay-in-days":0,"URL":"https:\/\/creativecommons.org\/licenses\/by\/4.0"},{"start":{"date-parts":[[2022,6,4]],"date-time":"2022-06-04T00:00:00Z","timestamp":1654300800000},"content-version":"vor","delay-in-days":0,"URL":"https:\/\/creativecommons.org\/licenses\/by\/4.0"}],"funder":[{"DOI":"10.13039\/501100001871","name":"Funda\u00e7\u00e3o para a Ci\u00eancia e a Tecnologia","doi-asserted-by":"publisher","award":["UIDB\/04279\/2020"],"award-info":[{"award-number":["UIDB\/04279\/2020"]}],"id":[{"id":"10.13039\/501100001871","id-type":"DOI","asserted-by":"publisher"}]}],"content-domain":{"domain":["link.springer.com"],"crossmark-restriction":false},"short-container-title":["Sci Rep"],"abstract":"<jats:title>Abstract<\/jats:title><jats:p>When considering deaf and hard of hearing (DHH) population, research recognizes that fatigue due to communication challenges and multi-focal attention allocation is a significant concern. Given the putative heightened demands of distance learning on deaf and hard of hearing students, we investigate how an online environment might differently affect deaf and hard of hearing participants, compared to hearing participants, Portuguese Sign Language (PSL) users and non-users. Our findings show that the deaf and hard of hearing group present higher values in the post-task fatigue rates with significant differences from the hearing group (non-PSL users). Furthermore, our results revealed an association between post-task fatigue rates and lower performance scores for the deaf and hard of hearing group, and the gap is significantly bigger when compared with the hearing group (non-PSL users). We also found evidence for high levels of post-task fatigue and lower performance scores in the hearing group PSL users. These novel data contribute to the discussion concerning of the pros and cons of digital migration and help redesign more accessible and equitable methodologies and approaches, especially in the DHH educational field, ultimately supporting policymakers in redefining optimal learning strategies.<\/jats:p>","DOI":"10.1038\/s41598-022-13542-1","type":"journal-article","created":{"date-parts":[[2022,6,4]],"date-time":"2022-06-04T17:03:14Z","timestamp":1654362194000},"update-policy":"https:\/\/doi.org\/10.1007\/springer_crossmark_policy","source":"Crossref","is-referenced-by-count":21,"title":["E-learning is a burden for the deaf and hard of hearing"],"prefix":"10.1038","volume":"12","author":[{"ORCID":"https:\/\/orcid.org\/0000-0002-3834-2458","authenticated-orcid":false,"given":"Filipa M.","family":"Rodrigues","sequence":"first","affiliation":[]},{"ORCID":"https:\/\/orcid.org\/0000-0003-4067-0386","authenticated-orcid":false,"given":"Ana Maria","family":"Abreu","sequence":"additional","affiliation":[]},{"ORCID":"https:\/\/orcid.org\/0000-0002-8762-7118","authenticated-orcid":false,"given":"Ingela","family":"Holmstr\u00f6m","sequence":"additional","affiliation":[]},{"ORCID":"https:\/\/orcid.org\/0000-0003-0508-7785","authenticated-orcid":false,"given":"Ana","family":"Mineiro","sequence":"additional","affiliation":[]}],"member":"297","published-online":{"date-parts":[[2022,6,4]]},"reference":[{"key":"13542_CR1","doi-asserted-by":"publisher","first-page":"1","DOI":"10.1097\/AUD.0000000000000909","volume":"42","author":"JA Holman","year":"2020","unstructured":"Holman, J. A., Drummond, A. & Graham, N. The effect of hearing loss and hearing device fitting on fatigue in adults: A systematic review. Ear Hear. 42, 1\u201311. https:\/\/doi.org\/10.1097\/AUD.0000000000000909 (2020).","journal-title":"Ear Hear."},{"key":"13542_CR2","doi-asserted-by":"publisher","first-page":"408","DOI":"10.1080\/14992027.2019.1597284","volume":"58","author":"JA Holman","year":"2019","unstructured":"Holman, J. A., Drummond, A. & Graham, N. Hearing impairment and daily-life fatigue: A qualitative study. Int. J. Audiol. 58, 408\u2013416. https:\/\/doi.org\/10.1080\/14992027.2019.1597284 (2019).","journal-title":"Int. J. Audiol."},{"key":"13542_CR3","doi-asserted-by":"publisher","first-page":"433","DOI":"10.3109\/14992027.2014.890296","volume":"53","author":"R McGarrigle","year":"2014","unstructured":"McGarrigle, R. et al. Listening effort and fatigue: What exactly are we measuring? A British Society of audiology cognition in hearing special interest group 'white paper\u2019. Int. J. Audiol. 53, 433\u2013440. https:\/\/doi.org\/10.3109\/14992027.2014.890296 (2014).","journal-title":"Int. J. Audiol."},{"key":"13542_CR4","doi-asserted-by":"publisher","DOI":"10.1017\/CBO9781139015394","volume-title":"The Psychology of Fatigue: Work, Effort and Control","author":"R Hockey","year":"2013","unstructured":"Hockey, R. The Psychology of Fatigue: Work, Effort and Control (Cambridge University Press, 2013). https:\/\/doi.org\/10.1017\/CBO9781139015394."},{"key":"13542_CR5","doi-asserted-by":"publisher","first-page":"251","DOI":"10.3109\/03005368809076462","volume":"22","author":"R H\u00e9tu","year":"1988","unstructured":"H\u00e9tu, R., Riverin, L., Lalande, N., Getty, L. & St-Cyr, C. Qualitative analysis of the handicap associated with occupational hearing loss. Br. J. Audiol. 22, 251\u2013264. https:\/\/doi.org\/10.3109\/03005368809076462 (1988).","journal-title":"Br. J. Audiol."},{"key":"13542_CR6","doi-asserted-by":"publisher","first-page":"523","DOI":"10.1097\/AUD.0b013e31828003d8","volume":"34","author":"BW Hornsby","year":"2013","unstructured":"Hornsby, B. W. The effects of hearing aid use on listening effort and mental fatigue associated with sustained speech processing demands. Ear Hear. 34, 523\u2013534. https:\/\/doi.org\/10.1097\/AUD.0b013e31828003d8 (2013).","journal-title":"Ear Hear."},{"key":"13542_CR7","doi-asserted-by":"publisher","DOI":"10.1080\/20445911.2012.658039","author":"A Csath\u00f3","year":"2012","unstructured":"Csath\u00f3, A., Linden, D., Hern\u00e1di, I., Buz\u00e1s, P. & Kalm\u00e1r, G. Effects of mental fatigue on the capacity limits of visual attention. J. Cogn. Psychol. https:\/\/doi.org\/10.1080\/20445911.2012.658039 (2012).","journal-title":"J. Cogn. Psychol."},{"key":"13542_CR8","doi-asserted-by":"publisher","DOI":"10.1371\/journal.pone.0263216","author":"FM Rodrigues","year":"2022","unstructured":"Rodrigues, F. M., Rato, J. R., Mineiro, A. & Holmstr\u00f6m, I. Unveiling teachers\u2019 beliefs on visual cognition and learning styles of deaf and hard of hearing students: A Portuguese-Swedish study. PLoS ONE https:\/\/doi.org\/10.1371\/journal.pone.0263216 (2022).","journal-title":"PLoS ONE"},{"key":"13542_CR9","doi-asserted-by":"publisher","DOI":"10.7551\/mitpress\/2967.001.0001","volume-title":"Fatigue as a Window to the Brain. Issues in Clinical and Cognitive Neuropsychology","author":"J DeLuca","year":"2005","unstructured":"DeLuca, J. Fatigue as a Window to the Brain. Issues in Clinical and Cognitive Neuropsychology (MIT Press, 2005)."},{"key":"13542_CR10","doi-asserted-by":"publisher","first-page":"107","DOI":"10.1016\/j.cogbrainres.2005.04.011","volume":"25","author":"MA Boksem","year":"2005","unstructured":"Boksem, M. A., Meijman, T. F. & Lorist, M. M. Effects of mental fatigue on attention: An ERP study. Cogn. Brain Res. 25, 107\u2013116. https:\/\/doi.org\/10.1016\/j.cogbrainres.2005.04.011 (2005).","journal-title":"Cogn. Brain Res."},{"key":"13542_CR11","doi-asserted-by":"publisher","first-page":"244","DOI":"10.1016\/j.mehy.2010.02.032","volume":"75","author":"M Tanaka","year":"2010","unstructured":"Tanaka, M. & Watanabe, Y. A new hypothesis of chronic fatigue syndrome: Co-conditioning theory. Med. Hypotheses 75, 244\u2013249. https:\/\/doi.org\/10.1016\/j.mehy.2010.02.032 (2010).","journal-title":"Med. Hypotheses"},{"key":"13542_CR12","doi-asserted-by":"publisher","first-page":"870","DOI":"10.1037\/a0030694","volume":"139","author":"R Langner","year":"2013","unstructured":"Langner, R. & Eickhoff, S. B. Sustaining attention to simple tasks: A meta-analytic review of the neural mechanisms of vigilant attention. Psychol. Bull. 139, 870\u2013900. https:\/\/doi.org\/10.1037\/a0030694 (2013).","journal-title":"Psychol. Bull."},{"key":"13542_CR13","doi-asserted-by":"publisher","first-page":"47","DOI":"10.1080\/14992027.2020.1853261","volume":"60","author":"JA Holman","year":"2021","unstructured":"Holman, J. A. et al. Can listening-related fatigue influence well-being? Examining associations between hearing loss, fatigue, activity levels and well-being. Int. J. Audiol. 60, 47\u201359. https:\/\/doi.org\/10.1080\/14992027.2020.1853261 (2021).","journal-title":"Int. J. Audiol."},{"key":"13542_CR14","doi-asserted-by":"publisher","first-page":"250","DOI":"10.1093\/acprof:oso\/9780195368673.003.0009","volume-title":"Deaf Cognition: Foundations and Outcomes","author":"MWG Dye","year":"2008","unstructured":"Dye, M. W. G., Hauser, P. C. & Bavelier, D. Visual attention in deaf children and adults: Implications for learning environments. In Deaf Cognition: Foundations and Outcomes (eds Marschark, M. & Hauser, P. C.) 250\u2013263 (Oxford University Press, 2008)."},{"key":"13542_CR15","doi-asserted-by":"publisher","first-page":"1","DOI":"10.1515\/applirev-2017-0086","volume":"10","author":"A Kusters","year":"2019","unstructured":"Kusters, A. Deaf and hearing signers\u2019 multimodal and translingual practices: Editorial. Appl. Linguist. Rev. 10, 1\u20138. https:\/\/doi.org\/10.1515\/applirev-2017-0086 (2019).","journal-title":"Appl. Linguist. Rev."},{"key":"13542_CR16","doi-asserted-by":"publisher","first-page":"1048","DOI":"10.1080\/09638280410001702441","volume":"26","author":"M Debevc","year":"2004","unstructured":"Debevc, M. & Peljhan, Z. The role of video technology in on-line lectures for the deaf. Disabil. Rehabil. 26, 1048\u20131059. https:\/\/doi.org\/10.1080\/09638280410001702441 (2004).","journal-title":"Disabil. Rehabil."},{"key":"13542_CR17","doi-asserted-by":"publisher","first-page":"43","DOI":"10.1207\/S15326985EP3801_6","volume":"38","author":"RE Mayer","year":"2003","unstructured":"Mayer, R. E. & Moreno, R. Nine ways to reduce cognitive load in multimedia learning. Educ. Psychol. 38, 43\u201352. https:\/\/doi.org\/10.1207\/S15326985EP3801_6 (2003).","journal-title":"Educ. Psychol."},{"key":"13542_CR18","doi-asserted-by":"publisher","first-page":"1","DOI":"10.1023\/B:TRUC.0000021806.17516.d0","volume":"32","author":"F Paas","year":"2004","unstructured":"Paas, F., Renkl, A. & Sweller, J. Cognitive load theory: Instructional implications of the interaction between information structures and cognitive architecture. Instr. Sci. 32, 1\u20138. https:\/\/doi.org\/10.1023\/B:TRUC.0000021806.17516.d0 (2004).","journal-title":"Instr. Sci."},{"key":"13542_CR19","doi-asserted-by":"publisher","first-page":"86","DOI":"10.3389\/fnhum.2016.00086","volume":"10","author":"G Borrag\u00e1n","year":"2016","unstructured":"Borrag\u00e1n, G., Slama, H., Destrebecqz, A. & Peigneux, P. Cognitive fatigue facilitates procedural sequence learning. Front. Hum. Neurosci. 10, 86. https:\/\/doi.org\/10.3389\/fnhum.2016.00086 (2016).","journal-title":"Front. Hum. Neurosci."},{"key":"13542_CR20","doi-asserted-by":"publisher","first-page":"31","DOI":"10.1017\/CBO9780511816819.004","volume-title":"The Cambridge Handbook of Multimedia Learning","author":"RE Mayer","year":"2005","unstructured":"Mayer, R. E. Cognitive theory of multimedia learning. In The Cambridge Handbook of Multimedia Learning (ed. Mayer, R. E.) 31\u201348 (Cambridge University Press, 2005). https:\/\/doi.org\/10.1017\/CBO9780511816819.004."},{"key":"13542_CR21","doi-asserted-by":"publisher","first-page":"67","DOI":"10.24200\/jeps.vol12iss4pp672-685","volume":"12","author":"AM Al-Atiyat","year":"2018","unstructured":"Al-Atiyat, A. M. The effect of multi-media instructional design based on Sweller\u2019s theory on reducing cognitive load and developing scientific concepts among deaf primary students. J. Educ. Psychol. Stud. 12, 67. https:\/\/doi.org\/10.24200\/jeps.vol12iss4pp672-685 (2018).","journal-title":"J. Educ. Psychol. Stud."},{"key":"13542_CR22","doi-asserted-by":"publisher","DOI":"10.1016\/j.heliyon.2021.e06915","author":"AA Alshawabkeha","year":"2021","unstructured":"Alshawabkeha, A. A., Woolseyb, M. L. & Kharbat, F. F. Using online information technology for deaf students during COVID-19: A closer look from experience. Heliyon https:\/\/doi.org\/10.1016\/j.heliyon.2021.e06915 (2021).","journal-title":"Heliyon"},{"key":"13542_CR23","first-page":"987","volume":"10","author":"M Alkahtani","year":"2016","unstructured":"Alkahtani, M. et al. Multitasking trends and impact on education: A literature review. Int. J. Soc. Behav. Educ. Econ. Bus. Ind. Eng. 10, 987\u2013993 (2016).","journal-title":"Int. J. Soc. Behav. Educ. Econ. Bus. Ind. Eng."},{"key":"13542_CR24","first-page":"241","volume":"12","author":"CS Fichten","year":"2009","unstructured":"Fichten, C. S. et al. Disabilities and e-Learning problems and solutions: An exploratory study. Educ. Technol. Soc. 12, 241\u2013256 (2009).","journal-title":"Educ. Technol. Soc."},{"key":"13542_CR25","first-page":"67","volume":"12","author":"H Hashim","year":"2013","unstructured":"Hashim, H., Tasir, Z. & Mohamad, S. K. E-learning environment for hearing impaired students. Turk. Online J. Educ. Technol. 12, 67\u201370 (2013).","journal-title":"Turk. Online J. Educ. Technol."},{"issue":"1","key":"13542_CR26","doi-asserted-by":"publisher","first-page":"255","DOI":"10.1183\/09031936.00002512","volume":"40","author":"M Drent","year":"2012","unstructured":"Drent, M., Lower, E. E. & De Vries, J. Sarcoidosis-associated fatigue. Eur. Respir. J. 40(1), 255\u2013263. https:\/\/doi.org\/10.1183\/09031936.00002512 (2012).","journal-title":"Eur. Respir. J."},{"issue":"9","key":"13542_CR27","doi-asserted-by":"publisher","first-page":"1388","DOI":"10.1016\/j.rmed.2011.05.004","volume":"105","author":"WPE Kleijn","year":"2011","unstructured":"Kleijn, W. P. E., De Vries, J., Wijnen, P. A. H. M. & Drent, M. Minimal (clinically) important differences for the Fatigue Assessment Scale in sarcoidosis. Respir. Med. 105(9), 1388\u20131395. https:\/\/doi.org\/10.1016\/j.rmed.2011.05.004 (2011).","journal-title":"Respir. Med."},{"issue":"Pt3","key":"13542_CR28","doi-asserted-by":"publisher","first-page":"279","DOI":"10.1348\/1359107041557048","volume":"9","author":"J De Vries","year":"2004","unstructured":"De Vries, J., Michielsen, H., Van Heck, G. L. & Drent, M. Measuring fatigue in sarcoidosis: The Fatigue Assessment Scale (FAS). Br. J. Health Psychol. 9(Pt3), 279\u2013291. https:\/\/doi.org\/10.1348\/1359107041557048 (2004).","journal-title":"Br. J. Health Psychol."},{"key":"13542_CR29","doi-asserted-by":"publisher","first-page":"227","DOI":"10.1002\/nur.4770130405","volume":"13","author":"ME Wewers","year":"1990","unstructured":"Wewers, M. E. & Lowe, N. K. A critical review of visual analogue scales in the measurement of clinical phenomena. Res. Nurs. Health 13, 227\u2013236. https:\/\/doi.org\/10.1002\/nur.4770130405 (1990).","journal-title":"Res. Nurs. Health"},{"key":"13542_CR30","doi-asserted-by":"publisher","first-page":"1153","DOI":"10.1111\/j.1553-2712.2001.tb01132.x","volume":"8","author":"PE Bijur","year":"2001","unstructured":"Bijur, P. E., Silver, W. & Gallagher, E. J. Reliability of the visual analog scale for measurement of acute pain. Acad. Emerg. Med. 8, 1153\u20131157. https:\/\/doi.org\/10.1111\/j.1553-2712.2001.tb01132.x (2001).","journal-title":"Acad. Emerg. Med."},{"key":"13542_CR31","unstructured":"Begum, M. R. Validity and reliability of visual analogue scale (VAS) for pain measurement. J. Med. Case Rep. Rev. 2. Retrieved from https:\/\/jmcrr.info\/index.php\/jmcrr\/article\/view\/113 (2019)."},{"key":"13542_CR32","doi-asserted-by":"publisher","first-page":"16","DOI":"10.1007\/s40629-016-0006-7","volume":"26","author":"L Klimek","year":"2017","unstructured":"Klimek, L. et al. Visual analogue scales (VAS): Measuring instruments for the documentation of symptoms and therapy monitoring in cases of allergic rhinitis in everyday health care. Allergo J. Int. 26, 16\u201324. https:\/\/doi.org\/10.1007\/s40629-016-0006-7 (2017).","journal-title":"Allergo J. Int."},{"key":"13542_CR33","doi-asserted-by":"publisher","first-page":"120","DOI":"10.4103\/2229-3485.154020","volume":"6","author":"S Kannan","year":"2015","unstructured":"Kannan, S. & Gowri, S. Visual analog scale: Verify appropriate statistics. Perspect. Clin. Res. 6, 120. https:\/\/doi.org\/10.4103\/2229-3485.154020 (2015).","journal-title":"Perspect. Clin. Res."},{"key":"13542_CR34","unstructured":"Frost, J. Introduction to Statistics: An Intuitive Guide for Analyzing Data and Unlocking Discoveries (2019)."},{"key":"13542_CR35","doi-asserted-by":"publisher","first-page":"1327","DOI":"10.1016\/S0140-6736(20)30109-4","volume":"395","author":"A Haines","year":"2020","unstructured":"Haines, A. & Scheelbeek, P. European Green Deal: A major opportunity for health improvement. Lancet 395, 1327\u20131329. https:\/\/doi.org\/10.1016\/S0140-6736(20)30109-4 (2020).","journal-title":"Lancet"},{"key":"13542_CR36","unstructured":"Alves, B. A. Valida\u00e7\u00e3o da fatigue assessment scale para a popula\u00e7\u00e3o portuguesa. Masters Dissertation in Psicologia Cl\u00ednica e da Sa\u00fade). Universidade Lus\u00f3fona de Humanidades e Tecnologias. https:\/\/recil.ensinolusofona.pt\/bitstream\/10437\/8629\/1\/barbara%20Alves%20-%20Dissertacao.pdf (2017)."},{"key":"13542_CR37","volume-title":"Primeiro olhar: Programa integrado de artes visuais: caderno do professor","author":"JP Fr\u00f3is","year":"2011","unstructured":"Fr\u00f3is, J. P., Gon\u00e7alves, R. M. & Marques, E. Primeiro olhar: Programa integrado de artes visuais: caderno do professor (Funda\u00e7\u00e3o Calouste Gulbenkian, 2011)."},{"key":"13542_CR38","doi-asserted-by":"publisher","first-page":"1357","DOI":"10.1161\/01.str.30.7.1357","volume":"30","author":"CI Price","year":"1999","unstructured":"Price, C. I., Curless, R. H. & Rodgers, H. Can stroke patients use visual analogue scales?. Stroke 30, 1357\u20131361. https:\/\/doi.org\/10.1161\/01.str.30.7.1357 (1999).","journal-title":"Stroke"},{"key":"13542_CR39","doi-asserted-by":"publisher","DOI":"10.1097\/AUD.0000000000000361","author":"S Alhanbali","year":"2017","unstructured":"Alhanbali, S., Dawes, P., Lloyd, S. & Munro, K. J. Self-reported listening-related effort and fatigue in hearing-impaired adults. Ear Hear. https:\/\/doi.org\/10.1097\/AUD.0000000000000361 (2017).","journal-title":"Ear Hear."},{"key":"13542_CR40","doi-asserted-by":"publisher","first-page":"137","DOI":"10.1016\/j.brainres.2008.03.058","volume":"1215","author":"B Hahn","year":"2008","unstructured":"Hahn, B. et al. Divided versus selective attention: Evidence for common processing mechanisms. Brain Res. 1215, 137\u2013146. https:\/\/doi.org\/10.1016\/j.brainres.2008.03.058 (2008).","journal-title":"Brain Res."},{"key":"13542_CR41","doi-asserted-by":"publisher","first-page":"1664","DOI":"10.3389\/fpsyg.2014.01163","volume":"5","author":"D Lillo-Martin","year":"2014","unstructured":"Lillo-Martin, D. et al. Language choice in bimodal bilingual development. Front. Psychol. 5, 1664\u20131078. https:\/\/doi.org\/10.3389\/fpsyg.2014.01163 (2014).","journal-title":"Front. Psychol."},{"key":"13542_CR42","doi-asserted-by":"publisher","first-page":"1664","DOI":"10.3389\/fpsyg.2020.534741","volume":"11","author":"E Holmer","year":"2020","unstructured":"Holmer, E., Rudner, M., Sch\u00f6nstr\u00f6m, K. & Andin, J. Evidence of an effect of gaming experience on visuospatial attention in deaf but not in hearing individuals. Front. Psychol. 11, 1664\u20131078. https:\/\/doi.org\/10.3389\/fpsyg.2020.534741 (2020).","journal-title":"Front. Psychol."},{"key":"13542_CR43","first-page":"32","volume":"20","author":"T Schwenke","year":"2012","unstructured":"Schwenke, T. et al. Sign language interpreters and burnout. J. Interpret. 20, 32\u201354 (2012).","journal-title":"J. Interpret."}],"container-title":["Scientific Reports"],"original-title":[],"language":"en","link":[{"URL":"https:\/\/www.nature.com\/articles\/s41598-022-13542-1.pdf","content-type":"application\/pdf","content-version":"vor","intended-application":"text-mining"},{"URL":"https:\/\/www.nature.com\/articles\/s41598-022-13542-1","content-type":"text\/html","content-version":"vor","intended-application":"text-mining"},{"URL":"https:\/\/www.nature.com\/articles\/s41598-022-13542-1.pdf","content-type":"application\/pdf","content-version":"vor","intended-application":"similarity-checking"}],"deposited":{"date-parts":[[2022,11,25]],"date-time":"2022-11-25T04:06:05Z","timestamp":1669349165000},"score":1,"resource":{"primary":{"URL":"https:\/\/www.nature.com\/articles\/s41598-022-13542-1"}},"subtitle":[],"short-title":[],"issued":{"date-parts":[[2022,6,4]]},"references-count":43,"journal-issue":{"issue":"1","published-online":{"date-parts":[[2022,12]]}},"alternative-id":["13542"],"URL":"https:\/\/doi.org\/10.1038\/s41598-022-13542-1","relation":{},"ISSN":["2045-2322"],"issn-type":[{"value":"2045-2322","type":"electronic"}],"subject":[],"published":{"date-parts":[[2022,6,4]]},"assertion":[{"value":"23 November 2021","order":1,"name":"received","label":"Received","group":{"name":"ArticleHistory","label":"Article History"}},{"value":"17 May 2022","order":2,"name":"accepted","label":"Accepted","group":{"name":"ArticleHistory","label":"Article History"}},{"value":"4 June 2022","order":3,"name":"first_online","label":"First Online","group":{"name":"ArticleHistory","label":"Article History"}},{"value":"The authors declare no competing interests.","order":1,"name":"Ethics","group":{"name":"EthicsHeading","label":"Competing interests"}}],"article-number":"9346"}}