{"status":"ok","message-type":"work","message-version":"1.0.0","message":{"indexed":{"date-parts":[[2024,8,22]],"date-time":"2024-08-22T10:00:15Z","timestamp":1724320815623},"reference-count":26,"publisher":"EDP Sciences","issue":"2","license":[{"start":{"date-parts":[[2023,5,17]],"date-time":"2023-05-17T00:00:00Z","timestamp":1684281600000},"content-version":"vor","delay-in-days":501,"URL":"https:\/\/creativecommons.org\/licenses\/by\/4.0"}],"content-domain":{"domain":[],"crossmark-restriction":false},"short-container-title":["Silva Lusitana"],"published-print":{"date-parts":[[2022]]},"abstract":"<jats:p>Os inc\u00eandios rurais de 2017 desencadearam na sociedade civil Portuguesa um debate alargado sobre decis\u00f5es e a\u00e7\u00f5es de recupera\u00e7\u00e3o e valoriza\u00e7\u00e3o das florestas, assim como da necessidade de encontrar formas mais eficazes de participa\u00e7\u00e3o p\u00fablica e coopera\u00e7\u00e3o entre agentes. Neste sentido, compreender quem s\u00e3o os agentes e os atores sociais com interesse na gest\u00e3o e ordenamento das florestas e as suas formas de articula\u00e7\u00e3o e cria\u00e7\u00e3o de sinergias revela-se fundamental para a promo\u00e7\u00e3o e valoriza\u00e7\u00e3o daquele recurso. Com base nos resultados de um inqu\u00e9rito por question\u00e1rio aplicado aos agentes em presen\u00e7a nos territ\u00f3rios que comp\u00f5em as Matas do Litoral afetados pelos inc\u00eandios de 2017 (N= 175), averiguou-se a sua perce\u00e7\u00e3o acerca da influ\u00eancia e interesse na gest\u00e3o destes territ\u00f3rios, assim como se aumentou a compreens\u00e3o das suas formas de intera\u00e7\u00e3o e coopera\u00e7\u00e3o. Os resultados demonstram que, ainda que exista alguma colabora\u00e7\u00e3o entre os v\u00e1rios tipos de agentes, o ICNF \u00e9, sem surpresa, a entidade central, moldando tamb\u00e9m os n\u00edveis de influ\u00eancia e as intera\u00e7\u00f5es entre aqueles agentes. Os resultados demonstram igualmente uma descoincid\u00eancia entre os n\u00edveis de interesse na gest\u00e3o e ordenamento das Matas do Litoral (geralmente elevados) e os n\u00edveis de influ\u00eancia percecionados pelos agentes nestes processos (geralmente reduzidos).<\/jats:p>","DOI":"10.1051\/silu\/20223002057","type":"journal-article","created":{"date-parts":[[2023,5,17]],"date-time":"2023-05-17T08:25:35Z","timestamp":1684311935000},"page":"57-85","source":"Crossref","is-referenced-by-count":2,"title":["Quem colabora na gest\u00e3o das Matas do Litoral? Uma an\u00e1lise explorat\u00f3ria da rede de agentes"],"prefix":"10.1051","volume":"30","author":[{"given":"Elisabete","family":"Figueiredo","sequence":"first","affiliation":[]},{"given":"Cristina","family":"Ribeiro","sequence":"additional","affiliation":[]},{"given":"Carla","family":"Ferreira","sequence":"additional","affiliation":[]},{"given":"Eduarda","family":"Fernandes","sequence":"additional","affiliation":[]}],"member":"250","published-online":{"date-parts":[[2023,5,17]]},"reference":[{"key":"R1","doi-asserted-by":"crossref","first-page":"22","DOI":"10.1016\/j.forpol.2017.03.013","volume":"89","author":"Brescancin","year":"2018","journal-title":"Forest Policy and Economics"},{"issue":"2","key":"R2","doi-asserted-by":"crossref","first-page":"173","DOI":"10.1016\/S0308-521X(97)00006-1","volume":"55","author":"Grimble","year":"1996","journal-title":"Agricultural Systems"},{"issue":"3","key":"R3","doi-asserted-by":"crossref","first-page":"37","DOI":"10.5751\/ES-08797-210337","volume":"21","author":"Huitema","year":"2016","journal-title":"Ecology and Society"},{"key":"R4","unstructured":"ICNF, 2017. Relat\u00f3rio provis\u00f3rio de inc\u00eandios florestais - 2017. 19pp"},{"key":"R5","unstructured":"ICNF, 2021. Portugal - Perfil Florestal (documento online, acedido em 8\/11\/2022 - https:\/\/www.icnf.pt\/api\/file\/doc\/1f924a3c0e4f7372)."},{"key":"R6","unstructured":"ICNF, 2023. Informa\u00e7\u00e3o oficial do SGIF - Estat\u00edsticas totais e regionais 2001 a 2021 (document online, acedido em 28\/02\/2023 - https:\/\/www.icnf.pt\/florestas\/gfr\/gfrgestaoinformacao\/estatisticas)."},{"key":"R7","doi-asserted-by":"crossref","unstructured":"Janssens de Bisthoven L., Vanhove M., Rochete A-J., Hug\u00e9 J., Brendonck L., 2022 Stakeholder Analysis on Ecosystem Services of Lake Manyara Sub-basin (Tanzania): How to Overcome Confounding Factors. Environmental Management, 69:652\u2013665.","DOI":"10.1007\/s00267-021-01466-x"},{"issue":"1","key":"R8","doi-asserted-by":"crossref","first-page":"35","DOI":"10.18546\/RFA.01.1.04","volume":"1","author":"Mahony","year":"2017","journal-title":"Research for All"},{"key":"R9","doi-asserted-by":"crossref","first-page":"1","DOI":"10.1016\/j.forpol.2019.102049","volume":"111","author":"Marques","year":"2020","journal-title":"Forest Policy and Economics"},{"key":"R10","unstructured":"Mendelow A.L., 1981. Environmental Scanning- The Impact of the Stakeholder Concept. ICIS 1981 Proceedings."},{"key":"R11","unstructured":"Minist\u00e9rio da agricultura do mar, Ambiente e ordenamento do territ\u00f3rio (MAMAOT) e Autoridade florestal nacional (AFN), Pinho J. (Coord.). (2012). Estrat\u00e9gia para a Gest\u00e3o das Matas do Nacionais - Vers\u00e3o preliminar. 52pp."},{"issue":"10","key":"R12","doi-asserted-by":"crossref","first-page":"1108","DOI":"10.1080\/08941920.2015.1014592","volume":"28","author":"Paletto","year":"2015","journal-title":"Society & Natural Resources"},{"issue":"1","key":"R13","doi-asserted-by":"crossref","first-page":"9","DOI":"10.1515\/aslh-2016-0002","volume":"12","author":"Paletto","year":"2016","journal-title":"Acta Silvatica et Lignaria Hungarica"},{"issue":"6","key":"R14","doi-asserted-by":"crossref","first-page":"501","DOI":"10.1080\/08941920802199202","volume":"22","author":"Prell","year":"2009","journal-title":"Society & Natural Resources"},{"key":"R15","doi-asserted-by":"crossref","first-page":"1933","DOI":"10.1016\/j.jenvman.2009.01.001","volume":"90","author":"Reed","year":"2009","journal-title":"Journal of Environmental Management"},{"key":"R16","doi-asserted-by":"crossref","first-page":"431","DOI":"10.1332\/174426418X15326967547242","volume":"14","author":"Reed","year":"2018a","journal-title":"Evidence & Policy"},{"issue":"S1","key":"R17","doi-asserted-by":"crossref","first-page":"S7","DOI":"10.1111\/rec.12541","volume":"26","author":"Reed","year":"2018b","journal-title":"Restoration Ecology"},{"key":"R18","doi-asserted-by":"crossref","unstructured":"Reed M.S., Rudman H., 2022. Re-thinking research impact: voice, context and power at the interface of science, policy and practice. Sustainability Science, https:\/\/doi.org\/10.1007\/s11625-022-01216-w","DOI":"10.1007\/s11625-022-01216-w"},{"issue":"4","key":"R19","first-page":"317","volume":"30","author":"Ribeiro","year":"2015","journal-title":"Scandinavian Journal of Forest Research"},{"key":"R20","unstructured":"Schmeer K, 2000. Stakeholder Analysis Guidelines. 48pp https:\/\/dev2.cnxus.org\/wpcontent\/uploads\/2022\/04\/Stakeholders_analysis_guidelines.pdf [acedido em 11\/05\/2021]."},{"key":"R21","doi-asserted-by":"crossref","first-page":"57","DOI":"10.1016\/j.forpol.2013.07.006","volume":"49","author":"Secco","year":"2014","journal-title":"Forest Policy and Economics"},{"key":"R22","doi-asserted-by":"crossref","unstructured":"Ter\u00eancio D.P.S., Varandas S.G.P., Fonseca A.R., Cortes R.M.V., Fernandes L.F., Pacheco F.A.L., Monteiro S.M., Martins J., Cabral J., Santos J., Cabecinha E., 2021. Integrating ecosystem services into sustainable landscape management: A collaborative approach. Science of the Total Environment 794.","DOI":"10.1016\/j.scitotenv.2021.148538"},{"key":"R23","unstructured":"Tom\u00e9 M., 2018. Programa de Recupera\u00e7\u00e3o das Matas Litorais - Sum\u00e1rio Executivo, Comiss\u00e3o Cient\u00edfica do Programa de Recupera\u00e7\u00e3o das Matas Litorais, 23 pp."},{"issue":"3","key":"R24","doi-asserted-by":"crossref","first-page":"368","DOI":"10.1505\/146554815815982620","volume":"17","author":"Valente","year":"2015a","journal-title":"International Forestry Review"},{"key":"R25","doi-asserted-by":"crossref","first-page":"1","DOI":"10.1016\/j.forpol.2015.01.003","volume":"53","author":"Valente","year":"2015b","journal-title":"Forest Policy and Economics"},{"key":"R26","first-page":"1","volume":"144","author":"Wiati","year":"2018","journal-title":"IOP Conference Series: Earth and Environmental Science"}],"container-title":["Silva Lusitana"],"original-title":[],"link":[{"URL":"https:\/\/silva-lusitana.edpsciences.org\/10.1051\/silu\/20223002057\/pdf","content-type":"unspecified","content-version":"vor","intended-application":"similarity-checking"}],"deposited":{"date-parts":[[2023,5,23]],"date-time":"2023-05-23T19:03:30Z","timestamp":1684868610000},"score":1,"resource":{"primary":{"URL":"https:\/\/silva-lusitana.edpsciences.org\/10.1051\/silu\/20223002057"}},"subtitle":[],"short-title":[],"issued":{"date-parts":[[2022]]},"references-count":26,"journal-issue":{"issue":"2"},"alternative-id":["silu2022302p57"],"URL":"https:\/\/doi.org\/10.1051\/silu\/20223002057","relation":{},"ISSN":["0870-6352","2183-0363"],"issn-type":[{"value":"0870-6352","type":"print"},{"value":"2183-0363","type":"electronic"}],"subject":[],"published":{"date-parts":[[2022]]}}}