{"status":"ok","message-type":"work","message-version":"1.0.0","message":{"indexed":{"date-parts":[[2025,4,11]],"date-time":"2025-04-11T13:48:10Z","timestamp":1744379290742},"reference-count":0,"publisher":"Georg Thieme Verlag KG","issue":"05","content-domain":{"domain":[],"crossmark-restriction":false},"short-container-title":["Planta Med"],"DOI":"10.1055\/s-0042-112030","type":"journal-article","created":{"date-parts":[[2016,9,14]],"date-time":"2016-09-14T23:14:08Z","timestamp":1473894848000},"page":"434-444","source":"Crossref","is-referenced-by-count":12,"title":["Curcumin Encapsulated into Methoxy Poly(Ethylene Glycol) Poly(\u03b5-Caprolactone) Nanoparticles Increases Cellular Uptake and Neuroprotective Effect in Glioma Cells"],"prefix":"10.1055","volume":"83","author":[{"given":"Gregory","family":"Marslin","sequence":"additional","affiliation":[{"name":"Centre for the Research and Technology of Agro-Environment and Biological Sciences (CITAB-UM), AgroBioPlant Group, Department of Biology, University of Minho, Braga, Portugal"}]},{"given":"Bruno","family":"Sarmento","sequence":"additional","affiliation":[{"name":"CESPU, IINFACTS \u2013 Instituto de Investiga\u00e7\u00e3o e Forma\u00e7\u00e3o Avan\u00e7ada em Ci\u00eancias e Tecnologias da Sa\u00fade, Instituto Superior de Ci\u00eancias da Sa\u00fade-Norte, Gandra-PRD, Portugal"}]},{"given":"Gregory","family":"Franklin","sequence":"additional","affiliation":[{"name":"Department of Integrative Plant Biology, Institute of Plant Genetics, Polish Academy of Sciences, Pozna\u0144, Poland"}]},{"given":"Jos\u00e9","family":"Martins","sequence":"additional","affiliation":[{"name":"Department of Chemistry, University of Minho, Braga, Portugal"}]},{"given":"Carlos","family":"Silva","sequence":"additional","affiliation":[{"name":"Department of Chemistry, University of Minho, Braga, Portugal"}]},{"given":"Andreia","family":"Gomes","sequence":"additional","affiliation":[{"name":"CBMA \u2013 Centro de Biologia Molecular e Ambiental, Department of Biology, University of Minho, Braga, Portugal"}]},{"given":"Marisa","family":"S\u00e1rria","sequence":"additional","affiliation":[{"name":"CBMA \u2013 Centro de Biologia Molecular e Ambiental, Department of Biology, University of Minho, Braga, Portugal"}]},{"given":"Olga","family":"Coutinho","sequence":"additional","affiliation":[{"name":"Centre for the Research and Technology of Agro-Environment and Biological Sciences (CITAB-UM), AgroBioPlant Group, Department of Biology, University of Minho, Braga, Portugal"}]},{"given":"Alberto","family":"Dias","sequence":"additional","affiliation":[{"name":"Centre for the Research and Technology of Agro-Environment and Biological Sciences (CITAB-UM), AgroBioPlant Group, Department of Biology, University of Minho, Braga, Portugal"}]}],"member":"194","published-online":{"date-parts":[[2016,9,14]]},"container-title":["Planta Medica"],"original-title":[],"language":"en","link":[{"URL":"http:\/\/www.thieme-connect.de\/products\/ejournals\/pdf\/10.1055\/s-0042-112030.pdf","content-type":"unspecified","content-version":"vor","intended-application":"similarity-checking"}],"deposited":{"date-parts":[[2017,5,22]],"date-time":"2017-05-22T20:21:17Z","timestamp":1495484477000},"score":1,"resource":{"primary":{"URL":"http:\/\/www.thieme-connect.de\/DOI\/DOI?10.1055\/s-0042-112030"}},"subtitle":[],"short-title":[],"issued":{"date-parts":[[2016,9,14]]},"references-count":0,"journal-issue":{"issue":"05","published-online":{"date-parts":[[2017,3,15]]}},"URL":"https:\/\/doi.org\/10.1055\/s-0042-112030","relation":{},"ISSN":["0032-0943","1439-0221"],"issn-type":[{"value":"0032-0943","type":"print"},{"value":"1439-0221","type":"electronic"}],"subject":[],"published":{"date-parts":[[2016,9,14]]}}}