{"status":"ok","message-type":"work","message-version":"1.0.0","message":{"indexed":{"date-parts":[[2024,9,7]],"date-time":"2024-09-07T03:11:10Z","timestamp":1725678670472},"reference-count":41,"publisher":"AIP Publishing","content-domain":{"domain":[],"crossmark-restriction":false},"short-container-title":[],"published-print":{"date-parts":[[2023]]},"DOI":"10.1063\/5.0170373","type":"proceedings-article","created":{"date-parts":[[2023,9,27]],"date-time":"2023-09-27T17:00:53Z","timestamp":1695834053000},"page":"190012","source":"Crossref","is-referenced-by-count":0,"title":["EU and Portuguese cycling strategy for sustainable urban mobility"],"prefix":"10.1063","volume":"2990","author":[{"given":"Isabel","family":"Matias","sequence":"first","affiliation":[]},{"given":"Bertha","family":"Santos","sequence":"additional","affiliation":[]},{"given":"Jorge","family":"Gon\u00e7alves","sequence":"additional","affiliation":[]},{"given":"Jan","family":"Kempa","sequence":"additional","affiliation":[]},{"given":"Jacek","family":"Chmielewski","sequence":"additional","affiliation":[]}],"member":"317","reference":[{"key":"10.1063\/5.0170373_c1","unstructured":"WBCSD - World Business Council for Sustainable Development, \u201cThe Sustainable Mobility Project (Progress Report)\u201d (2002)."},{"key":"10.1063\/5.0170373_c2","unstructured":"European Commission, 2340th Council meeting \u2013 Transport\/Telecommunications, Luxemburg (2001)."},{"key":"10.1063\/5.0170373_c3","doi-asserted-by":"publisher","DOI":"10.2495\/URS000301"},{"key":"10.1063\/5.0170373_c4","unstructured":"IMTT \u2013 Instituto da Mobilidade e dos Transportes Terrestres, Rede Cicl\u00e1vel - Princ\u00edpios de Planeamento e Desenho (Lisbon, 2011)."},{"key":"10.1063\/5.0170373_c5","doi-asserted-by":"publisher","DOI":"10.18502\/keg.v5i5.6933"},{"key":"10.1063\/5.0170373_c6","unstructured":"Commission of the European Communities, \u201cCOM(2007) 551 final: Green Paper - Towards a new culture for urban mobility\u201d (Brussels, 2007)."},{"key":"10.1063\/5.0170373_c7","unstructured":"European Commission, \u201cAction Plan on Urban Mobility\u201d (Brussels, 2009)."},{"key":"10.1063\/5.0170373_c8","unstructured":"European Commission, \u201cWhite Paper - Roadmap to a Single European Transport Area - Towards a competitive and resource efficient transport system\u201d (Brussels, 2011)."},{"key":"10.1063\/5.0170373_c9","unstructured":"European Commission, \u201cCommunication from the Commission to the European Parliament, the Council, the European Economic and Social Committee and the Committee of the Regions: Together towards competitive and resource-efficient urban mobility\u201d (Brussels, 2013)."},{"key":"10.1063\/5.0170373_c10","unstructured":"United Nations Economic Commission for Europe, \u201cParis Declaration : City in Motion, People First\u201d, World Health Organization, THE PEP - Transport, Health and Environment Pan-European Programme (New York and Geneva, 2015)."},{"key":"10.1063\/5.0170373_c11","unstructured":"UNICEF-ONU-UNESCO, \u201cFrom Amsterdam to Paris and beyond: the Transport, Health and Environment Pan-European Programme (THE PEP) 2009-2020\u201d (Copenhagen, 2014)."},{"key":"10.1063\/5.0170373_c12","unstructured":"M. du D. durable et des I. Le Gouvernement du Grand-Duch\u00e9 de Luxembourg, \u201cInformal meeting of EU ministers for Transport\u201d (Luxembourg, 2015)."},{"key":"10.1063\/5.0170373_c13","unstructured":"European Commission, \u201cUrban agenda for the EU - Pack of Amsterdam\u201d (Amsterdam, 2016)."},{"key":"10.1063\/5.0170373_c14","unstructured":"European Commission, \u201cA European Strategy for Low-Emission Mobility\u201d (Brussels, 2016)."},{"key":"10.1063\/5.0170373_c15","unstructured":"European Committee of the Regions, \u201cOpinion of the European Committee of the Regions - An EU Roadmap for Cycling\u201d, Official Journal of the European Union no. 2017, p. C 88\/49-C88\/53 (Brussels, 2017)."},{"key":"10.1063\/5.0170373_c16","unstructured":"ECF - European Cyclists\u2019 Federation, EU Cycling Strategy \u2013 Recommendation for Delivering Green Growth and an Effective Mobility System in 2030, ETSC-European Transport Safety Council and EUROCITIES (Brussels, 2017)."},{"key":"10.1063\/5.0170373_c17","unstructured":"Austrian Presidency of the Council of the European Union and Federal Ministry Republic of Austria, \u201cGraz Declaration - Starting a new era: clean, safe and affordable mobility for Europe\u201d (Graz, 2018)."},{"key":"10.1063\/5.0170373_c18","unstructured":"Official Journal of the European Union, \u201cDirective (EU) 2019\/1936 of the European Parliament and of the Council\u201d (Strasbourg, 2019)."},{"key":"10.1063\/5.0170373_c19","unstructured":"European Commission, \u201cCommunication from the Commission to the European Parliament, the Council, the European Economic and Social Committee and the Committee of the Regions: Sustainable and Smart Mobility Strategy \u2013 putting European transport on track for the future\u201d (Brussels, 2020)."},{"key":"10.1063\/5.0170373_c20","unstructured":"Federal Ministry for Climate Action, Environment, Energy, Mobility, Innovation and Technology of the Republic of Austria, \u201cPan-European Master Plan for Cycling Promotion. Transport, Health and Environment Pan-European Programme (THE PEP) - 5th High-level Meeting on Transport, Health and Environment\u201d (Vienna, 2021)."},{"key":"10.1063\/5.0170373_c21","unstructured":"\u201cCycling Policy and Background | Mobility and Transport.\u201d [Online]. Available: https:\/\/transport.ec.europa.eu\/transport-themes\/clean-transport-urban-transport\/cycling\/guidance-cycling-projects-eu\/cycling-policy-and-background_en [Accessed: 19-Jan-2021]."},{"key":"10.1063\/5.0170373_c22","unstructured":"ECF - European Cyclists\u2019 Federation, \u201cThe state of national cycling strategies in Europe 2021\u201d (Brussels, 2022)."},{"key":"10.1063\/5.0170373_c23","unstructured":"G. Mar\u00edn, A. Sarr\u00eda, B. Serrato, M. Mu\u00f1oz, and D. Eds, \u201cInstrumentos de sensibiliza\u00e7\u00e3o dos munic\u00edpios para uma mobilidade sustent\u00e1vel : o caso do Programa ECOXXI\u201d, in XV Coloquio Ib\u00e9rico de Geograf\u00eda (Murcia, 2016), pp. 579\u2013588."},{"key":"10.1063\/5.0170373_c24","unstructured":"ECOXXI Program 2020 [Online]. Available: https:\/\/ecoxxi.abae.pt\/ [Accessed: 21-Nov-2020]."},{"key":"10.1063\/5.0170373_c25","unstructured":"M. Gomes, ECOXXI 2018 (Lisboa, 2018)."},{"key":"10.1063\/5.0170373_c26","unstructured":"Di\u00e1rio da Rep\u00fablica \u2013 1.\u00aa s\u00e9rie, \u201cLei n.o 58\/2007 de 4 de Setembro\u201d (Lisboa, 2007)."},{"key":"10.1063\/5.0170373_c27","unstructured":"Commission of the European Communities, \u201cA Sustainable Europe for a Better World: A European Union Strategy for Sustainable Development\u201d (Brussels, 2001)."},{"key":"10.1063\/5.0170373_c28","unstructured":"Council of the European Union, \u201cRenewed EU sustainable development strategy\u201d (Brussels, 2006)."},{"key":"10.1063\/5.0170373_c29","unstructured":"Di\u00e1rio da Rep\u00fablica \u2013 1.\u00aa s\u00e9rie, \u201cEstrat\u00e9gia Nacional de Desenvolvimento Sustent\u00e1vel (ENDS)\u201d, Resolu\u00e7\u00e3o do Conselho de Ministros n.\u00b0 109\/2007 (Lisboa, 2007)."},{"key":"10.1063\/5.0170373_c30","unstructured":"Di\u00e1rio da Rep\u00fablica \u2013 1.\u00aa s\u00e9rie, \u201cPlano nacional de promo\u00e7\u00e3o da bicicleta e outros modos de transporte suaves\u201d, Resolu\u00e7\u00e3o da Assembleia da Rep\u00fablica n.\u00b0 3\/2009 (plLisboa, 2007)."},{"key":"10.1063\/5.0170373_c31","unstructured":"IMT - Instituto das Mobilidades e dos Transportes, CiclAndo. \u201cPlano de Promo\u00e7\u00e3o da Bicicleta e Outros Modos Suaves 2013-2020\u201d (Lisboa, 2012)."},{"key":"10.1063\/5.0170373_c32","unstructured":"IMTT - Instituto da Mobilidade e dos Transportes Terrestres, \u201cDiretrizes Nacionais para a Mobilidade\u201d, Pacote da Mobilidade \u2013 Territ\u00f3rio, Acessibilidade e Gest\u00e3o da Mobilidade (Lisboa, 2012)."},{"key":"10.1063\/5.0170373_c33","unstructured":"Di\u00e1rio da Rep\u00fablica \u2013 1.\u00aa s\u00e9rie, \u201cCompromisso para o Crescimento Verde\u201d, Resolu\u00e7\u00e3o do Conselho de Ministros n.\u00b0 28\/2015 (Lisboa, 2015)."},{"key":"10.1063\/5.0170373_c34","unstructured":"Minist\u00e9rio do Ambiente, \u201cPortugal Cicl\u00e1vel 2030 (PC2030) - Programa nacional para a interconex\u00e3o das redes cicl\u00e1veis municipais, para a estrutura\u00e7\u00e3o entre redes cont\u00edguas e para a promo\u00e7\u00e3o de redes isoladas\u201d (Lisboa, 2018)."},{"key":"10.1063\/5.0170373_c35","unstructured":"Di\u00e1rio da Rep\u00fablica \u2013 1.\u00aa s\u00e9rie, \u201cEstrat\u00e9gia. Nacional para a Mobilidade Ativa Cicl\u00e1vel 2020-2030\u201d, Resolu\u00e7\u00e3o do Conselho de Ministros 131\/2019 (Lisboa, 2019)."},{"key":"10.1063\/5.0170373_c36","unstructured":"Di\u00e1rio da Rep\u00fablica \u2013 1.\u00aa s\u00e9rie, \u201cRoteiro para a Neutralidade Carb\u00f3nica 2050 (RNC2050)\u201d, Resolu\u00e7\u00e3o do Conselho de Ministros n.\u00b0 107\/2019 (Lisboa, 2019)."},{"key":"10.1063\/5.0170373_c37","unstructured":"LNEC - Laborat\u00f3rio Nacional de Engenharia Civil - Departamento de Transportes, Documento normativo para aplica\u00e7\u00e3o a arruamentos urbanos - Fasc\u00edculo III \u2013 Caracter\u00edsticas geom\u00e9tricas para vias de tr\u00e1fego n\u00e3o motorizado (Lisboa, 2020)."},{"key":"10.1063\/5.0170373_c38","unstructured":"Di\u00e1rio da Rep\u00fablica \u2013 2.\u00aa s\u00e9rie, \u201cRegulamento de atribui\u00e7\u00e3o do incentivo pela introdu\u00e7\u00e3o no consumo de ve\u00edculos de baixas emiss\u00f5es\u201d, Despacho 2535\/2021 (Lisboa, 2021)."},{"key":"10.1063\/5.0170373_c39","unstructured":"Fundo para o Servi\u00e7o P\u00fablico de Transportes, \u201cApoio \u00e0 aquisi\u00e7\u00e3o e instala\u00e7\u00e3o de equipamentos destinados ao estacionamento de bicicletas\u201d, Aviso de abertura de candidature n.\u00b0 3\/2021 (Lisboa, 2021)."},{"key":"10.1063\/5.0170373_c40","unstructured":"Di\u00e1rio da Rep\u00fablica \u2013 1\u00aa s\u00e9rie, \u201cLei de Bases do Clima\u201d, Lei 98\/2021 (Lisboa, 2021) pp. 5\u201332."},{"key":"10.1063\/5.0170373_c41","unstructured":"Minist\u00e9rio do Planeamento - Rep\u00fablica Portuguesa, \u201cPlano de Recupera\u00e7\u00e3o e Resili\u00eancia (PRR)\u201d (Lisboa, 2021)."}],"event":{"name":"PROCEEDINGS OF THE 15TH INTERNATIONAL CONFERENCE ON X-RAY MICROSCOPY \u2013 XRM2022","location":"Hsinchu, Taiwan"},"container-title":["AIP Conference Proceedings","PROCEEDINGS OF THE 15TH INTERNATIONAL CONFERENCE ON X-RAY MICROSCOPY \u2013 XRM2022"],"original-title":[],"link":[{"URL":"http:\/\/aip.scitation.org\/doi\/pdf\/10.1063\/5.0170373","content-type":"unspecified","content-version":"vor","intended-application":"similarity-checking"}],"deposited":{"date-parts":[[2023,9,27]],"date-time":"2023-09-27T17:18:12Z","timestamp":1695835092000},"score":1,"resource":{"primary":{"URL":"http:\/\/aip.scitation.org\/doi\/abs\/10.1063\/5.0170373"}},"subtitle":[],"short-title":[],"issued":{"date-parts":[[2023]]},"references-count":41,"URL":"https:\/\/doi.org\/10.1063\/5.0170373","relation":{},"ISSN":["0094-243X"],"issn-type":[{"type":"print","value":"0094-243X"}],"subject":[],"published":{"date-parts":[[2023]]}}}