{"status":"ok","message-type":"work","message-version":"1.0.0","message":{"indexed":{"date-parts":[[2025,11,27]],"date-time":"2025-11-27T06:43:51Z","timestamp":1764225831315,"version":"3.46.0"},"reference-count":39,"publisher":"CSIRO Publishing","issue":"3","license":[{"start":{"date-parts":[[2025,8,15]],"date-time":"2025-08-15T00:00:00Z","timestamp":1755216000000},"content-version":"vor","delay-in-days":897,"URL":"https:\/\/creativecommons.org\/licenses\/by-nc-nd\/4.0\/"}],"funder":[{"DOI":"10.13039\/501100001871","name":"Funda\u00e7\u00e3o para a Ci\u00eancia e a Tecnologia","doi-asserted-by":"publisher","award":["PCIF\/AGT\/0054\/2017"],"award-info":[{"award-number":["PCIF\/AGT\/0054\/2017"]}],"id":[{"id":"10.13039\/501100001871","id-type":"DOI","asserted-by":"publisher"}]},{"name":"Centre of Studies in Geography and Spatial Planning (CEGOT), Faculty of Arts and Humanities, University of Porto","award":["UIDB\/04084\/2020"],"award-info":[{"award-number":["UIDB\/04084\/2020"]}]}],"content-domain":{"domain":[],"crossmark-restriction":false},"short-container-title":[],"published-print":{"date-parts":[[2023,3,28]]},"abstract":"<jats:sec>\n                    <jats:title>Background<\/jats:title>\n                    <jats:p>This paper identifies the weaknesses of the Portuguese approach to promote wildfire risk reduction through spatial planning.<\/jats:p>\n                  <\/jats:sec>\n                  <jats:sec>\n                    <jats:title>Aims<\/jats:title>\n                    <jats:p>This paper contributes to bridging a critical gap in knowledge on the role of spatial planning in the reduction of wildfire hazard, given that the characteristics of fire hazard are distinctive from other natural hazards.<\/jats:p>\n                  <\/jats:sec>\n                  <jats:sec>\n                    <jats:title>Methods<\/jats:title>\n                    <jats:p>Firstly, we used an online questionnaire answered by 175 municipalities of Portugal in order to examine local technicians\u2019 experience in applying spatial planning legislation and wildfire management policies. In a second step, we collected data from a Delphi survey with 27 experts with the aim of confirming or repudiating the importance of each need for integration between spatial planning and rural fire management indicated by the replies of the 175 municipalities.<\/jats:p>\n                  <\/jats:sec>\n                  <jats:sec>\n                    <jats:title>Key results, conclusions, and implications<\/jats:title>\n                    <jats:p>One of the main identified weaknesses relates to the integration of the National Hazard Map in the Constraints Map of the Master Plans, considering the high inter-annual variability of fire hazard and the long-term definition of the municipal spatial planning framework.<\/jats:p>\n                  <\/jats:sec>","DOI":"10.1071\/wf22131","type":"journal-article","created":{"date-parts":[[2023,3,1]],"date-time":"2023-03-01T23:11:16Z","timestamp":1677712276000},"page":"403-416","source":"Crossref","is-referenced-by-count":3,"title":["Bridging knowledge gaps on the role of spatial planning in wildfire risk reduction: insights from Portugal"],"prefix":"10.1071","volume":"32","author":[{"given":"Fantina","family":"Tedim","sequence":"first","affiliation":[{"name":"ACentre of Studies in Geography and Spatial Planning (CEGOT), Faculty of Arts and Humanities, University of Porto, 4150-564 Porto, Portugal."}]},{"ORCID":"https:\/\/orcid.org\/0000-0001-6528-1040","authenticated-orcid":true,"given":"Andr\u00e9","family":"Samora-Arvela","sequence":"additional","affiliation":[{"name":"ACentre of Studies in Geography and Spatial Planning (CEGOT), Faculty of Arts and Humanities, University of Porto, 4150-564 Porto, Portugal."}]},{"given":"Jos\u00e9","family":"Aranha","sequence":"additional","affiliation":[{"name":"BCentre for the Research and Technology of Agroenvironmental and Biological Sciences (CITAB), University of Tr\u00e1s-os-Montes and Alto Douro, 5001-801 Vila Real, Portugal."}]},{"given":"Catarina","family":"Coimbra","sequence":"additional","affiliation":[{"name":"CGuarda Municipal Council, Servi\u00e7o Florestal e Desenvolvimento Rural, Pra\u00e7a do Munic\u00edpio 5A, 6300-854 Guarda, Portugal."}]},{"given":"Fernando","family":"Correia","sequence":"additional","affiliation":[{"name":"ACentre of Studies in Geography and Spatial Planning (CEGOT), Faculty of Arts and Humanities, University of Porto, 4150-564 Porto, Portugal."}]},{"ORCID":"https:\/\/orcid.org\/0000-0002-4065-2615","authenticated-orcid":true,"given":"Diogo M.","family":"Pinto","sequence":"additional","affiliation":[{"name":"ACentre of Studies in Geography and Spatial Planning (CEGOT), Faculty of Arts and Humanities, University of Porto, 4150-564 Porto, Portugal."}]}],"member":"67","published-online":{"date-parts":[[2023,3,2]]},"reference":[{"key":"2025112622115432100_R1"},{"key":"2025112622115432100_R2","doi-asserted-by":"publisher","DOI":"10.1016\/j.mex.2021.101401","article-title":"Preparing, conducting, and analyzing Delphi surveys: Cross-disciplinary practices, new directions, and advancements.","volume":"8","author":"Beiderbeck","year":"2021","journal-title":"MethodsX"},{"key":"2025112622115432100_R3"},{"key":"2025112622115432100_R4","doi-asserted-by":"publisher","first-page":"3","DOI":"10.1177\/14730952221087389","article-title":"Beyond soft planning: Towards a soft turn in planning theory and practice?","volume":"22","author":"Cavaco","year":"2022","journal-title":"Planning Theory"},{"key":"2025112622115432100_R5"},{"key":"2025112622115432100_R6"},{"key":"2025112622115432100_R7"},{"key":"2025112622115432100_R8"},{"key":"2025112622115432100_R9"},{"issue":"2","key":"2025112622115432100_R10","doi-asserted-by":"publisher","first-page":"97","DOI":"10.1080\/02697459.2018.1429787","article-title":"Establishing design principles for wildfire-resilient urban planning.","volume":"33","author":"Gonzalez-Mathiesen","year":"2018","journal-title":"Planning Practice & Research"},{"key":"2025112622115432100_R11","doi-asserted-by":"publisher","DOI":"10.1016\/j.ijdrr.2020.101984","article-title":"Integrating wildfire risk management and spatial planning \u2013 A historical review of two Australian planning systems.","volume":"53","author":"Gonzalez-Mathiesen","year":"2021","journal-title":"International Journal of Disaster Risk Reduction"},{"issue":"2","key":"2025112622115432100_R12","doi-asserted-by":"publisher","first-page":"137","DOI":"10.1136\/tc.8.2.137","article-title":"Consensus for tobacco policy among former state legislators using the policy Delphi method.","volume":"8","author":"Hahn","year":"1999","journal-title":"Tobacco Control"},{"key":"2025112622115432100_R13"},{"issue":"3","key":"2025112622115432100_R14","doi-asserted-by":"publisher","DOI":"10.3390\/geosciences6030037","article-title":"Climate Change and Future Fire Regimes: Examples from California.","volume":"6","author":"Keeley","year":"2016","journal-title":"Geosciences"},{"key":"2025112622115432100_R15"},{"key":"2025112622115432100_R16"},{"key":"2025112622115432100_R17","doi-asserted-by":"publisher","DOI":"10.1016\/j.ijdrr.2019.101444","article-title":"After the fire: Perceptions of land use planning to reduce wildfire risk in eight communities across the United States.","volume":"45","author":"Mockrin","year":"2020","journal-title":"International Journal of Disaster Risk Reduction"},{"key":"2025112622115432100_R18"},{"issue":"3","key":"2025112622115432100_R19","first-page":"26","article-title":"Algumas notas sobre as altera\u00e7\u00f5es ao Decreto-Lei no. 124\/2006, de 28 de junho operadas pela Lei no. 76\/2017, de 17 de agosto que define o Sistema de Defesa da Floresta Contra Inc\u00eandios.","volume":"4","author":"Oliveira","year":"2018","journal-title":"E-PUBLICA \u2013 Revista Eletr\u00f3nica de Direito P\u00fablico"},{"key":"2025112622115432100_R20","doi-asserted-by":"publisher","DOI":"10.1016\/j.scitotenv.2020.143121","article-title":"Reassessing wildfire susceptibility and hazard for mainland Portugal.","volume":"762","author":"Oliveira","year":"2021","journal-title":"Science of the Total Environment"},{"key":"2025112622115432100_R21"},{"key":"2025112622115432100_R22"},{"key":"2025112622115432100_R23"},{"issue":"4","key":"2025112622115432100_R24","doi-asserted-by":"publisher","first-page":"308","DOI":"10.1177\/152715440000100409","article-title":"Building consensus using the policy Delphi method.","volume":"1","author":"Rayens","year":"2000","journal-title":"Policy, Politics, & Nursing Practice"},{"key":"2025112622115432100_R25","doi-asserted-by":"publisher","DOI":"10.3390\/fire6010032","article-title":"Understanding Building Resistance to Wildfires: A Multi-Factor Approach.","volume":"6","author":"Samora-Arvela","year":"2023","journal-title":"Fire"},{"key":"2025112622115432100_R26","doi-asserted-by":"publisher","first-page":"461","DOI":"10.1108\/09653560610669936","article-title":"Natural hazard mitigation in local comprehensive plans: the case of flood, wildfire and drought planning in Arizona.","volume":"15","author":"Srivastava","year":"2006","journal-title":"Disaster Prevention and Management"},{"key":"2025112622115432100_R27","doi-asserted-by":"publisher","DOI":"10.3390\/fire2030049","article-title":"Factors Associated with Structure Loss in the 2013\u20132018 California Wildfires.","volume":"2","author":"Syphard","year":"2019","journal-title":"Fire"},{"key":"2025112622115432100_R28","doi-asserted-by":"publisher","first-page":"1165","DOI":"10.1071\/WF13158","article-title":"The role of defensible space for residential structure protection during wildfires.","volume":"23","author":"Syphard","year":"2014","journal-title":"International Journal of Wildland Fire"},{"key":"2025112622115432100_R29","doi-asserted-by":"publisher","first-page":"140","DOI":"10.1016\/j.ijdrr.2016.11.011","article-title":"The Importance of Building Construction Materials Relative to Other Factors Affecting Structure Survival during Wildfire.","volume":"21","author":"Syphard","year":"2017","journal-title":"International Journal of Disaster Risk Reduction"},{"key":"2025112622115432100_R30","doi-asserted-by":"publisher","DOI":"10.3389\/ffgc.2020.553116","article-title":"The dilemma of wildfire definition: What it reveals and what it implies.","volume":"3","author":"Tedim","year":"2020","journal-title":"Frontiers in Forests and Global Change"},{"key":"2025112622115432100_R31"},{"key":"2025112622115432100_R32","first-page":"133","article-title":"The largest forest fires in Portugal: the constraints of burned area size on the comprehension of fire severity.","volume":"36","author":"Tedim","year":"2014","journal-title":"Journal of Environmental Biology"},{"key":"2025112622115432100_R33","doi-asserted-by":"publisher","first-page":"138","DOI":"10.1016\/j.ijdrr.2016.06.005","article-title":"A wildfire risk management concept based on a social-ecological approach in the European Union: Fire Smart Territory.","volume":"18","author":"Tedim","year":"2016","journal-title":"International Journal of Disaster Risk Reduction"},{"issue":"1","key":"2025112622115432100_R34","doi-asserted-by":"publisher","DOI":"10.3390\/fire1010009","article-title":"Defining Extreme Wildfire Events: Difficulties, Challenges, and Impacts.","volume":"1","author":"Tedim","year":"2018","journal-title":"Fire"},{"key":"2025112622115432100_R35"},{"issue":"2","key":"2025112622115432100_R36","doi-asserted-by":"publisher","DOI":"10.3390\/f14020303","article-title":"Limitations and opportunities of spatial planning to enhance wildfire risk reduction: evidences from Portugal.","volume":"14","author":"Tedim","year":"2023","journal-title":"Forests"},{"key":"2025112622115432100_R37"},{"key":"2025112622115432100_R38","doi-asserted-by":"publisher","first-page":"485","DOI":"10.5194\/nhess-10-485-2010","article-title":"Assessment and validation of wildfire susceptibility and hazard in Portugal.","volume":"10","author":"Verde","year":"2010","journal-title":"Natural Hazards and Earth System Sciences"},{"issue":"8","key":"2025112622115432100_R39","doi-asserted-by":"publisher","first-page":"1525","DOI":"10.1016\/j.techfore.2012.04.013","article-title":"Consensus measurement in Delphi studies: review and implications for future quality assurance.","volume":"79","author":"von der Gracht","year":"2012","journal-title":"Technological Forecasting and Social Change"}],"container-title":["International Journal of Wildland Fire"],"original-title":[],"language":"en","link":[{"URL":"https:\/\/connectsci.au\/wf\/article-pdf\/32\/3\/403\/694595\/wf22131.pdf","content-type":"application\/pdf","content-version":"vor","intended-application":"syndication"},{"URL":"https:\/\/connectsci.au\/wf\/article-pdf\/32\/3\/403\/694595\/wf22131.pdf","content-type":"unspecified","content-version":"vor","intended-application":"similarity-checking"}],"deposited":{"date-parts":[[2025,11,27]],"date-time":"2025-11-27T03:12:03Z","timestamp":1764213123000},"score":1,"resource":{"primary":{"URL":"https:\/\/connectsci.au\/wf\/article\/32\/3\/403\/86676\/Bridging-knowledge-gaps-on-the-role-of-spatial"}},"subtitle":[],"short-title":[],"issued":{"date-parts":[[2023,3,2]]},"references-count":39,"journal-issue":{"issue":"3","published-print":{"date-parts":[[2023,3,28]]}},"URL":"https:\/\/doi.org\/10.1071\/wf22131","relation":{},"ISSN":["1049-8001","1448-5516"],"issn-type":[{"type":"print","value":"1049-8001"},{"type":"electronic","value":"1448-5516"}],"subject":[],"published":{"date-parts":[[2023,3,2]]}}}