{"status":"ok","message-type":"work","message-version":"1.0.0","message":{"indexed":{"date-parts":[[2025,7,1]],"date-time":"2025-07-01T11:08:20Z","timestamp":1751368100646,"version":"3.40.5"},"reference-count":57,"publisher":"Informa UK Limited","issue":"6","content-domain":{"domain":["www.tandfonline.com"],"crossmark-restriction":true},"short-container-title":["Journal of Curriculum Studies"],"published-print":{"date-parts":[[2023,11,2]]},"DOI":"10.1080\/00220272.2023.2257259","type":"journal-article","created":{"date-parts":[[2023,9,19]],"date-time":"2023-09-19T00:54:35Z","timestamp":1695084875000},"page":"734-745","update-policy":"https:\/\/doi.org\/10.1080\/tandf_crossmark_01","source":"Crossref","is-referenced-by-count":1,"title":["A \u201clife of optimism\u201d in curriculum, teaching, and teacher education: the legacy of Miriam Ben-Peretz"],"prefix":"10.1080","volume":"55","author":[{"ORCID":"https:\/\/orcid.org\/0000-0002-3190-9116","authenticated-orcid":false,"given":"Cheryl J.","family":"Craig","sequence":"first","affiliation":[{"name":"Department of Teaching, Learning &amp; Culture School of Education, Texas A&amp;M University College Station, TX, USA"}]},{"ORCID":"https:\/\/orcid.org\/0000-0002-4698-7483","authenticated-orcid":false,"given":"Maria Assuncao","family":"Flores","sequence":"additional","affiliation":[{"name":"Department of Teaching, Learning &amp; CultureSchool of Education, University of Minho, Portugal"}]},{"given":"Lily","family":"Orland-Barak","sequence":"additional","affiliation":[{"name":"Department of Teaching, Learning &amp; CultureSchool of Education, University of Haifa, Israel"}]}],"member":"301","published-online":{"date-parts":[[2023,9,18]]},"reference":[{"doi-asserted-by":"publisher","key":"e_1_3_2_2_1","DOI":"10.1080\/0140528820040404"},{"key":"e_1_3_2_3_1","first-page":"239","volume-title":"Conocimiento, creencias y teor\u00edas de los profesores","author":"Ben-Peretz M.","year":"1988","unstructured":"Ben-Peretz, M. (1988). Teor\u00eda y pr\u00e1ctica curriculares en programas de formaci\u00f3n del profesorado. In L. En & L. M. Villar Angulo (Eds.), Conocimiento, creencias y teor\u00edas de los profesores (pp. 239\u2013258). Marfil."},{"key":"e_1_3_2_4_1","volume-title":"The teacher-curriculum encounter: Freeing teachers from the tyranny of texts","author":"Ben-Peretz M.","year":"1990","unstructured":"Ben-Peretz, M. (1990). The teacher-curriculum encounter: Freeing teachers from the tyranny of texts. Suny Press."},{"key":"e_1_3_2_5_1","first-page":"199","volume-title":"Vidas de professores","author":"Ben-Peretz M.","year":"1992","unstructured":"Ben-Peretz, M. (1992). Epis\u00f3dios do passado evocados por professores aposentados. In A. N\u00f3voa (Ed.), Vidas de professores (pp. 199\u2013214). Porto Editora."},{"key":"e_1_3_2_6_1","volume-title":"Learning from experience: Memory and the teacher\u2019s account of teaching","author":"Ben-Peretz M.","year":"1995","unstructured":"Ben-Peretz, M. (1995). Learning from experience: Memory and the teacher\u2019s account of teaching. State University Press."},{"doi-asserted-by":"publisher","key":"e_1_3_2_7_1","DOI":"10.1177\/0022487101052001005"},{"doi-asserted-by":"publisher","key":"e_1_3_2_8_1","DOI":"10.1111\/1467-873X.00256"},{"key":"e_1_3_2_9_1","volume-title":"The lifecycle of reform in education from the circumstances of birth to the stages of decline: Causes, ideologies and power relations","author":"Ben-Peretz M.","year":"2008","unstructured":"Ben-Peretz, M. (2008). The lifecycle of reform in education from the circumstances of birth to the stages of decline: Causes, ideologies and power relations. Institute of Education."},{"key":"e_1_3_2_10_1","volume-title":"Policy-making in education: A holistic approach in response to global changes","author":"Ben-Peretz M.","year":"2009","unstructured":"Ben-Peretz, M. (2009a). Policy-making in education: A holistic approach in response to global changes. R&L Education."},{"key":"e_1_3_2_11_1","first-page":"18","volume-title":"An international conference on \u201cThe Practical\u201d curriculum: Collection of submitted conference papers: Keynote address & plenary individual presentations","author":"Ben-Peretz M.","year":"2009","unstructured":"Ben-Peretz, M. (2009b). The voice of teachers: A critical aspect of Schwab\u2019s \u2018practical.\u2019 In College of Education, Capital Normal University (Ed.), An international conference on \u201cThe Practical\u201d curriculum: Collection of submitted conference papers: Keynote address & plenary individual presentations, Beijing, People\u2019s Republic of China (pp. 18\u201331, including Chinese translation). Capital Normal University."},{"doi-asserted-by":"publisher","key":"e_1_3_2_12_1","DOI":"10.1016\/j.tate.2010.07.015"},{"unstructured":"Ben-Peretz M. (2017). \u05ea\u05e8\u05d2\u05d5\u05dd\u05d4\u05e7\u05d8\u05e2\u05de\u05d9\u05dc\u05d5\u05ea\u05e1\u05d9\u05db\u05d5\u05dd\u05d1\u05e1\u05e4\u05e8\u05d4\u05e9\u05dc\u05e4\u05e8\u05d5\u05e4\u2019 \u05de\u05e8\u05d9\u05dd\u05d1\u05df-\u05e4\u05e8\u05e5\u05d6\u05dcChapters of memories: A personal journey. edited by Ofer Aderet. Carmel Publishing House Hebrew.","key":"e_1_3_2_13_1"},{"key":"e_1_3_2_14_1","first-page":"291","volume-title":"A vida e o trabalho dos professores. Um olhar nacional e internacional","author":"Ben-Peretz M.","year":"2019","unstructured":"Ben-Peretz, M. (2019). As mulheres como professoras: As professoras como mulheres. In M. A. Flores (Ed.), A vida e o trabalho dos professores. Um olhar nacional e internacional (pp. 291\u2013305). Lisbon International Press."},{"key":"e_1_3_2_15_1","volume-title":"Advances of research on teacher thinking","author":"Ben-Peretz M.","year":"1986","unstructured":"Ben-Peretz, M., Broome, R., & Halkes, R. (Eds.). (1986). Advances of research on teacher thinking. Swets North America\/ISATT."},{"doi-asserted-by":"publisher","key":"e_1_3_2_16_1","DOI":"10.1080\/03055698.2017.1387099"},{"key":"e_1_3_2_17_1","volume-title":"An arena for educational ideologies: Current practices in teacher education programs","author":"Ben-Peretz M.","year":"2017","unstructured":"Ben-Peretz, M., & Feiman-Nemser, S. (2017). An arena for educational ideologies: Current practices in teacher education programs. Roman & Littlefield\/MOFET Institute."},{"doi-asserted-by":"publisher","key":"e_1_3_2_18_1","DOI":"10.1080\/02619768.2018.1431216"},{"doi-asserted-by":"publisher","key":"e_1_3_2_19_1","DOI":"10.1007\/BF01191422"},{"key":"e_1_3_2_20_1","volume-title":"Teacher educators as members of an evolving profession","author":"Ben-Peretz M.","year":"2013","unstructured":"Ben-Peretz, M., Kleeman, S., Reichenberg, R., & Shimoni, S. (2013). Teacher educators as members of an evolving profession. Roman & Littlefield\/MOFET Institute."},{"key":"e_1_3_2_21_1","volume-title":"Behind closed doors: Teachers and the role of teachers\u2019 lounges","author":"Ben-Peretz M.","year":"2000","unstructured":"Ben-Peretz, M., & Schonmann, S. (2000). Behind closed doors: Teachers and the role of teachers\u2019 lounges. SUNY Press."},{"key":"e_1_3_2_22_1","first-page":"25","volume-title":"Teachers who teach teachers","author":"Clandinin D. J.","year":"2013","unstructured":"Clandinin, D. J. (2013). Still learning to teach. In Teachers who teach teachers (pp. 25\u201331). Routledge."},{"key":"e_1_3_2_23_1","first-page":"402","volume-title":"Handbook of research in curriculum","author":"Clandinin D. J.","year":"1992","unstructured":"Clandinin, D. J., & Connelly, F. M. (1992). Teacher as curriculum maker. In P. W. Jackson (Ed.), Handbook of research in curriculum (pp. 402\u2013435). Macmillan."},{"doi-asserted-by":"publisher","key":"e_1_3_2_24_1","DOI":"10.1177\/0022487104268057"},{"doi-asserted-by":"publisher","key":"e_1_3_2_25_1","DOI":"10.1080\/00220272.2013.798838"},{"key":"e_1_3_2_26_1","volume-title":"Miriam Ben-Peretz (author), chapters of memories: A personal journey","author":"Connelly F. M.","year":"2017","unstructured":"Connelly, F. M. (2017). Miriam Ben-Peretz: Window on a scholar\u2019s soul. In Miriam Ben-Peretz (author), chapters of memories: A personal journey Ofer Aderet, edited by Jerusalem: MOFET"},{"doi-asserted-by":"publisher","key":"e_1_3_2_27_1","DOI":"10.1016\/S0742-051X(97)00014-0"},{"doi-asserted-by":"publisher","key":"e_1_3_2_28_1","DOI":"10.1016\/j.tate.2012.08.003"},{"doi-asserted-by":"publisher","key":"e_1_3_2_29_1","DOI":"10.1093\/acrefore\/9780190264093.013.1641"},{"doi-asserted-by":"publisher","key":"e_1_3_2_30_1","DOI":"10.1080\/00220272.2019.1659417"},{"doi-asserted-by":"publisher","key":"e_1_3_2_31_1","DOI":"10.1080\/00220272.2021.1927193"},{"doi-asserted-by":"publisher","key":"e_1_3_2_32_1","DOI":"10.4135\/9781412976572.n14"},{"key":"e_1_3_2_33_1","first-page":"189","volume-title":"Teacher educators as members of an evolving profession","author":"Feiman-Nemser S.","year":"2013","unstructured":"Feiman-Nemser, S. (2013). The role of experience in the education of teacher educators. In M. Ben-Peretz (Ed.), Teacher educators as members of an evolving profession (pp. 189\u2013209). The MOFET Institute."},{"key":"e_1_3_2_34_1","volume-title":"An arena for educational ideologies: Current practices in teacher education programs","author":"Feiman-Nemser S.","year":"2017","unstructured":"Feiman-Nemser, S., & Ben-Peretz, M. (2017). An arena for educational ideologies: Current practices in teacher education programs. Roman & Littlefield\/MOFET Institute."},{"doi-asserted-by":"publisher","key":"e_1_3_2_35_1","DOI":"10.2307\/1179217"},{"doi-asserted-by":"publisher","key":"e_1_3_2_36_1","DOI":"10.1080\/03626784.1985.11075950"},{"doi-asserted-by":"publisher","key":"e_1_3_2_37_1","DOI":"10.1037\/e383812004-001"},{"doi-asserted-by":"publisher","key":"e_1_3_2_38_1","DOI":"10.1016\/0742-051X(88)90024-8"},{"doi-asserted-by":"publisher","key":"e_1_3_2_39_1","DOI":"10.1108\/09513550510608886"},{"doi-asserted-by":"publisher","key":"e_1_3_2_40_1","DOI":"10.1080\/135406002100000404"},{"key":"e_1_3_2_41_1","volume-title":"Life in classrooms","author":"Jackson P.","year":"1968","unstructured":"Jackson, P. (1968). Life in classrooms. Teachers College Press."},{"volume-title":"Continuity and change: Stories of pensioners who did not retire","author":"Kalekin-Fishman D.","unstructured":"Kalekin-Fishman, D., Elbaz-Luwisch, F., Appel, T., Bar-Efrat, L., Hertz-Lazarowitz, R., Katz, R., Hagoel-Salomon, L., Sobel, M., & Or, L. (in press). Continuity and change: Stories of pensioners who did not retire. MOFET Publishers (Hebrew).","key":"e_1_3_2_42_1"},{"doi-asserted-by":"publisher","key":"e_1_3_2_43_1","DOI":"10.1080\/0305792900200103"},{"doi-asserted-by":"publisher","key":"e_1_3_2_44_1","DOI":"10.1016\/0738-0593(96)00015-6"},{"doi-asserted-by":"publisher","key":"e_1_3_2_45_1","DOI":"10.1080\/02607476.2018.1516345"},{"doi-asserted-by":"publisher","key":"e_1_3_2_46_1","DOI":"10.1080\/14748460.2011.550431"},{"doi-asserted-by":"publisher","key":"e_1_3_2_47_1","DOI":"10.1080\/02619768.2020.1856811"},{"doi-asserted-by":"publisher","key":"e_1_3_2_48_1","DOI":"10.1007\/978-94-6209-240-2_2"},{"key":"e_1_3_2_49_1","volume-title":"A life of of optimism: Selected works of Miriam Ben-Peretz","author":"Orland-Barak L.","year":"2022","unstructured":"Orland-Barak, L., Flores, M. A., Guberman, A., & Craig, C. J. (2022). A life of of optimism: Selected works of Miriam Ben-Peretz. Brill Publishing."},{"key":"e_1_3_2_50_1","first-page":"105","volume-title":"Science, curriculum and liberal education","author":"Schwab J. J.","year":"1954","unstructured":"Schwab, J. J. (1954\/1978). Eros and education: A discussion of one aspect of discussion. In I. Westbury & N. Wilkof (Eds.), Science, curriculum and liberal education (pp. 105\u2013132). University of Chicago Press."},{"doi-asserted-by":"publisher","key":"e_1_3_2_51_1","DOI":"10.1086\/442488"},{"key":"e_1_3_2_52_1","first-page":"3","volume-title":"The teaching of science","author":"Schwab J. J.","year":"1962","unstructured":"Schwab, J. J. (1962). The teaching of science: The teaching of science as enquiry. In J. J. Schwaband & O. Brandwein (Eds.), The teaching of science (pp. 3\u2013103). Harvard University Press."},{"doi-asserted-by":"publisher","key":"e_1_3_2_53_1","DOI":"10.1086\/442881"},{"doi-asserted-by":"publisher","key":"e_1_3_2_54_1","DOI":"10.1086\/442998"},{"doi-asserted-by":"publisher","key":"e_1_3_2_55_1","DOI":"10.1086\/443100"},{"doi-asserted-by":"publisher","key":"e_1_3_2_56_1","DOI":"10.1080\/03626784.1983.11075885"},{"key":"e_1_3_2_57_1","volume-title":"Leaders in curriculum studies: Intellectual self-portraits","author":"Short E. C.","year":"2009","unstructured":"Short, E. C., & Waks, L. J. (2009). Leaders in curriculum studies: Intellectual self-portraits. Sense Publishers."},{"issue":"1","key":"e_1_3_2_58_1","first-page":"29","article-title":"The concept of teacher autonomy in curriculum materials: An operative interpretation","volume":"3","author":"Silberstein M.","year":"1987","unstructured":"Silberstein, M., & Ben-Peretz, M. (1987). The concept of teacher autonomy in curriculum materials: An operative interpretation. Journal of Curriculum and Supervision, 3(1), 29\u201344.","journal-title":"Journal of Curriculum and Supervision"}],"container-title":["Journal of Curriculum Studies"],"original-title":[],"language":"en","link":[{"URL":"https:\/\/www.tandfonline.com\/doi\/pdf\/10.1080\/00220272.2023.2257259","content-type":"unspecified","content-version":"vor","intended-application":"similarity-checking"}],"deposited":{"date-parts":[[2024,11,4]],"date-time":"2024-11-04T09:34:36Z","timestamp":1730712876000},"score":1,"resource":{"primary":{"URL":"https:\/\/www.tandfonline.com\/doi\/full\/10.1080\/00220272.2023.2257259"}},"subtitle":[],"short-title":[],"issued":{"date-parts":[[2023,9,18]]},"references-count":57,"journal-issue":{"issue":"6","published-print":{"date-parts":[[2023,11,2]]}},"alternative-id":["10.1080\/00220272.2023.2257259"],"URL":"https:\/\/doi.org\/10.1080\/00220272.2023.2257259","relation":{},"ISSN":["0022-0272","1366-5839"],"issn-type":[{"type":"print","value":"0022-0272"},{"type":"electronic","value":"1366-5839"}],"subject":[],"published":{"date-parts":[[2023,9,18]]},"assertion":[{"value":"The publishing and review policy for this title is described in its Aims & Scope.","order":1,"name":"peerreview_statement","label":"Peer Review Statement"},{"value":"http:\/\/www.tandfonline.com\/action\/journalInformation?show=aimsScope&journalCode=tcus20","URL":"http:\/\/www.tandfonline.com\/action\/journalInformation?show=aimsScope&journalCode=tcus20","order":2,"name":"aims_and_scope_url","label":"Aim & Scope"},{"value":"2022-06-10","order":0,"name":"received","label":"Received","group":{"name":"publication_history","label":"Publication History"}},{"value":"2023-09-06","order":2,"name":"accepted","label":"Accepted","group":{"name":"publication_history","label":"Publication History"}},{"value":"2023-09-18","order":3,"name":"published","label":"Published","group":{"name":"publication_history","label":"Publication History"}}]}}