{"status":"ok","message-type":"work","message-version":"1.0.0","message":{"indexed":{"date-parts":[[2025,8,28]],"date-time":"2025-08-28T12:02:11Z","timestamp":1756382531796,"version":"3.40.5"},"reference-count":32,"publisher":"Informa UK Limited","issue":"7","funder":[{"name":"Funda\u00e7\u00e3o para a Ci\u00eancia e Tecnologia","award":["FCT","SFRH\/BD\/138897\/2018"],"award-info":[{"award-number":["FCT","SFRH\/BD\/138897\/2018"]}]}],"content-domain":{"domain":["www.tandfonline.com"],"crossmark-restriction":true},"short-container-title":["Journal of Gerontological Social Work"],"published-print":{"date-parts":[[2022,10,3]]},"DOI":"10.1080\/01634372.2022.2043505","type":"journal-article","created":{"date-parts":[[2022,3,3]],"date-time":"2022-03-03T17:56:36Z","timestamp":1646330196000},"page":"782-794","update-policy":"https:\/\/doi.org\/10.1080\/tandf_crossmark_01","source":"Crossref","is-referenced-by-count":8,"title":["Face-To-Face with the Pandemic: Experiences of Staff in Portuguese Residential Care Facilities"],"prefix":"10.1080","volume":"65","author":[{"ORCID":"https:\/\/orcid.org\/0000-0003-2111-6873","authenticated-orcid":false,"given":"Rosa Marina","family":"Afonso","sequence":"first","affiliation":[{"name":"Department of Psychology and Education, University of Beira Interior, Covilh\u00e3, Portugal"},{"name":"CINTESIS, Center for Health Technology and Services Research, Porto, Portugal"}]},{"ORCID":"https:\/\/orcid.org\/0000-0001-6838-4969","authenticated-orcid":false,"given":"Maria Miguel","family":"Barbosa","sequence":"additional","affiliation":[{"name":"CINTESIS, Center for Health Technology and Services Research, Porto, Portugal"},{"name":"ICBAS, University of Porto, Porto, Portugal"},{"name":"CICS- University of Beira Interior Covilh\u00e3, Portugal"}]},{"ORCID":"https:\/\/orcid.org\/0000-0002-9214-7805","authenticated-orcid":false,"given":"Constan\u00e7a","family":"Pa\u00fal","sequence":"additional","affiliation":[{"name":"CINTESIS, Center for Health Technology and Services Research, Porto, Portugal"},{"name":"ICBAS, University of Porto, Porto, Portugal"}]},{"ORCID":"https:\/\/orcid.org\/0000-0003-3491-7119","authenticated-orcid":false,"given":"Liliana","family":"Sousa","sequence":"additional","affiliation":[{"name":"CINTESIS, Center for Health Technology and Services Research, Porto, Portugal"},{"name":"Department of Education and Psychology, University of Aveiro, Aveiro, Portugal"}]}],"member":"301","published-online":{"date-parts":[[2022,3,3]]},"reference":[{"key":"cit0001","doi-asserted-by":"publisher","DOI":"10.1017\/S1041610220001416"},{"journal-title":"Quality of Life Research","year":"2020","author":"Bryson W.J.","key":"cit0002"},{"key":"cit0003","doi-asserted-by":"publisher","DOI":"10.1080\/01634372.2020.1816591"},{"key":"cit0004","doi-asserted-by":"publisher","DOI":"10.1186\/s12877-019-1236-6"},{"key":"cit0005","doi-asserted-by":"publisher","DOI":"10.1093\/ageing\/afaa234"},{"issue":"22","key":"cit0006","first-page":"1","volume":"25","author":"ECDC Public Health Emergency Team","year":"2020","journal-title":"Eurosurveillance Europe\u00b4s journal on infectious disease surveillance, epidemiology, prevention and control"},{"key":"cit0007","doi-asserted-by":"publisher","DOI":"10.1093\/ageing\/afaa118"},{"key":"cit0008","unstructured":"Decreto-Lei n.\u00ba 101\/2006 do Minist\u00e9rio da Sa\u00fade. (2006). Di\u00e1rio da Rep\u00fablica: I s\u00e9rie - A n.\u00ba 109. https:\/\/dre.pt\/application\/conteudo\/353934"},{"key":"cit0009","unstructured":"Dire\u00e7\u00e3o Geral de Sa\u00fade (DGS). (2020). COVID-19: Fase de Mitiga\u00c7\u00e3o, 2020. https:\/\/www.dgs.pt\/directrizes-da-dgs\/orientacoes-e-circulares-informativas\/orientacao-n-0092020-de-11032020-pdf.aspx"},{"key":"cit0010","first-page":"1","author":"Ferreira L.N.","year":"2021","journal-title":"Quality of Life Research"},{"key":"cit0011","doi-asserted-by":"publisher","DOI":"10.1001\/jamainternmed.2020.1562"},{"key":"cit0012","doi-asserted-by":"publisher","DOI":"10.1377\/hlthaff.2018.05322"},{"key":"cit0013","doi-asserted-by":"publisher","DOI":"10.1093\/ageing\/afaa113"},{"key":"cit0014","first-page":"1","author":"Grund S.","year":"2021","journal-title":"Age and Ageing"},{"key":"cit0015","doi-asserted-by":"publisher","DOI":"10.1111\/jgs.16658"},{"key":"cit0016","doi-asserted-by":"publisher","DOI":"10.1056\/NEJMoa2005412"},{"key":"cit0017","unstructured":"Minist\u00e9rio da Solidariedade, Emprego e Seguran\u00e7a Social [MSESS]. (2013). Carta Social. Rede de Servi\u00e7os e Equipamento. http:\/\/www.cartasocial.pt\/pdf\/csocial2013.pdf"},{"key":"cit0018","unstructured":"Minist\u00e9rio do Trabalho, Solidariedade e Seguran\u00e7a Social [MTSSS]. (2018). Rede de Servi\u00e7os e Equipamentos. http:\/\/www.cartasocial.pt\/pdf\/csocial2018.pdf"},{"key":"cit0019","doi-asserted-by":"publisher","DOI":"10.1177\/0091415020920003"},{"key":"cit0020","doi-asserted-by":"publisher","DOI":"10.1111\/jgs.16784"},{"key":"cit0021","unstructured":"Portaria n\u00ba67\/2012 do Minist\u00e9rio da Solidariedade e seguran\u00e7a Social (2012). Di\u00e1rio da Rep\u00fablica n.\u00ba 58\/2012, S\u00e9rie I. https:\/\/data.dre.pt\/eli\/port\/67\/2012\/03\/21\/p\/dre\/pt\/html"},{"key":"cit0022","doi-asserted-by":"publisher","DOI":"10.1037\/13620-005"},{"key":"cit0023","first-page":"1","author":"Spilbury K.","year":"2020","journal-title":"Age and Ageing"},{"key":"cit0024","doi-asserted-by":"publisher","DOI":"10.1080\/08959420.2012.659144"},{"key":"cit0025","unstructured":"United Nations. (2020). The Impact of COVID-19 on older persons. https:\/\/unsdg.un.org\/sites\/default\/files\/2020-05\/Policy-Brief-The-Impact-of-COVID-19-on-Older-Persons.pdf"},{"key":"cit0026","doi-asserted-by":"publisher","DOI":"10.1111\/jgs.16509"},{"key":"cit0027","doi-asserted-by":"publisher","DOI":"10.1111\/jgs.16051"},{"key":"cit0028","unstructured":"World Health Organization [WHO]. (2020a). Decade of healthy ageing: Baseline report. https:\/\/www.who.int\/initiatives\/decade-of-healthy-ageing"},{"key":"cit0029","unstructured":"World Health Organization [WHO]. (2020b). WHO announces COVID-19 outbreak a pandemic. https:\/\/www.euro.who.int\/en\/health-topics\/health-emergencies\/pages\/news\/news\/2020\/03\/who-announces-covid-19-outbreak-a-pandemic"},{"key":"cit0030","unstructured":"World Health Organization [WHO]. (2021). COVID-19: vulnerable and high-risk groups. https:\/\/www.who.int\/westernpacific\/emergencies\/covid-19\/information\/high-risk-groups"},{"key":"cit0031","doi-asserted-by":"publisher","DOI":"10.1001\/jama.2020.2648"},{"key":"cit0032","doi-asserted-by":"publisher","DOI":"10.1016\/j.jmii.2020.04.003"}],"container-title":["Journal of Gerontological Social Work"],"original-title":[],"language":"en","link":[{"URL":"https:\/\/www.tandfonline.com\/doi\/pdf\/10.1080\/01634372.2022.2043505","content-type":"unspecified","content-version":"vor","intended-application":"similarity-checking"}],"deposited":{"date-parts":[[2022,9,26]],"date-time":"2022-09-26T07:03:11Z","timestamp":1664175791000},"score":1,"resource":{"primary":{"URL":"https:\/\/www.tandfonline.com\/doi\/full\/10.1080\/01634372.2022.2043505"}},"subtitle":[],"short-title":[],"issued":{"date-parts":[[2022,3,3]]},"references-count":32,"journal-issue":{"issue":"7","published-print":{"date-parts":[[2022,10,3]]}},"alternative-id":["10.1080\/01634372.2022.2043505"],"URL":"https:\/\/doi.org\/10.1080\/01634372.2022.2043505","relation":{},"ISSN":["0163-4372","1540-4048"],"issn-type":[{"type":"print","value":"0163-4372"},{"type":"electronic","value":"1540-4048"}],"subject":[],"published":{"date-parts":[[2022,3,3]]},"assertion":[{"value":"The publishing and review policy for this title is described in its Aims & Scope.","order":1,"name":"peerreview_statement","label":"Peer Review Statement"},{"value":"http:\/\/www.tandfonline.com\/action\/journalInformation?show=aimsScope&journalCode=wger20","URL":"http:\/\/www.tandfonline.com\/action\/journalInformation?show=aimsScope&journalCode=wger20","order":2,"name":"aims_and_scope_url","label":"Aim & Scope"},{"value":"2021-06-09","order":0,"name":"received","label":"Received","group":{"name":"publication_history","label":"Publication History"}},{"value":"2022-02-07","order":1,"name":"revised","label":"Revised","group":{"name":"publication_history","label":"Publication History"}},{"value":"2022-02-14","order":2,"name":"accepted","label":"Accepted","group":{"name":"publication_history","label":"Publication History"}},{"value":"2022-03-03","order":3,"name":"published","label":"Published","group":{"name":"publication_history","label":"Publication History"}}]}}