{"status":"ok","message-type":"work","message-version":"1.0.0","message":{"indexed":{"date-parts":[[2025,7,30]],"date-time":"2025-07-30T11:33:25Z","timestamp":1753875205449,"version":"3.41.2"},"reference-count":50,"publisher":"Informa UK Limited","issue":"3","license":[{"start":{"date-parts":[[2023,3,31]],"date-time":"2023-03-31T00:00:00Z","timestamp":1680220800000},"content-version":"vor","delay-in-days":0,"URL":"http:\/\/creativecommons.org\/licenses\/by\/4.0\/"}],"content-domain":{"domain":["www.tandfonline.com"],"crossmark-restriction":true},"short-container-title":["Palynology"],"published-print":{"date-parts":[[2023,7,3]]},"DOI":"10.1080\/01916122.2023.2189319","type":"journal-article","created":{"date-parts":[[2023,3,16]],"date-time":"2023-03-16T17:03:45Z","timestamp":1678986225000},"update-policy":"https:\/\/doi.org\/10.1080\/tandf_crossmark_01","source":"Crossref","is-referenced-by-count":1,"title":["Pollen morphology of the endemic genera of the Madeira archipelago, Portugal"],"prefix":"10.1080","volume":"47","author":[{"ORCID":"https:\/\/orcid.org\/0000-0002-6119-4174","authenticated-orcid":false,"given":"Fabiana","family":"Esposito","sequence":"first","affiliation":[{"name":"Centre for Ecology, Evolution and Environmental Changes\/Azorean Biodiversity Group, Faculdade de Ci\u00eancias, Universidade de Lisboa, Lisboa, Portugal"}]},{"ORCID":"https:\/\/orcid.org\/0000-0002-0561-1666","authenticated-orcid":false,"given":"Leila Nunes","family":"Morgado","sequence":"additional","affiliation":[{"name":"Instituto de Investiga\u00e7\u00e3o em Tecnologias Agr\u00e1rias e do Ambiente, Faculdade de Ci\u00eancias Agr\u00e1rias e do Ambiente, Universidade dos A\u00e7ores, Angra do Hero\u00edsmo, Azores, Portugal"}]},{"given":"Telmo","family":"Nunes","sequence":"additional","affiliation":[{"name":"Microscopy Laboratory, Faculdade de Ci\u00eancias, Universidade de Lisboa, Lisbon, Portugal"}]},{"ORCID":"https:\/\/orcid.org\/0000-0001-8005-4508","authenticated-orcid":false,"given":"Carla","family":"Rego","sequence":"additional","affiliation":[{"name":"Centre for Ecology, Evolution and Environmental Changes\/Azorean Biodiversity Group, Faculdade de Ci\u00eancias, Universidade de Lisboa, Lisboa, Portugal"}]},{"given":"Francisco","family":"Fernandes","sequence":"additional","affiliation":[{"name":"Instituto das Florestas e Conserva\u00e7\u00e3o da Natureza, Funchal, Madeira, Portugal"}]},{"ORCID":"https:\/\/orcid.org\/0000-0002-9087-091X","authenticated-orcid":false,"given":"M\u00e1rio","family":"Boieiro","sequence":"additional","affiliation":[{"name":"Centre for Ecology, Evolution and Environmental Changes\/Azorean Biodiversity Group, Faculdade de Ci\u00eancias Agr\u00e1rias e do Ambiente, Universidade dos A\u00e7ores,  Angra do Hero\u00edsmo, Azores, Portugal"}]}],"member":"301","published-online":{"date-parts":[[2023,3,31]]},"reference":[{"key":"CIT0001","doi-asserted-by":"publisher","DOI":"10.11646\/phytotaxa.478.1.1"},{"key":"CIT0002","doi-asserted-by":"publisher","DOI":"10.12705\/653.8"},{"key":"CIT0003","first-page":"1","volume":"6","author":"Boieiro M","year":"2015","journal-title":"Revista Ibero Diversidad Entomologica Accessible"},{"volume-title":"Funchal and Angra do Hero\u00edsmo: Direc\u00e7\u00e3o Regional do Ambiente da Madeira and Universidade dos A\u00e7ores","year":"2008","author":"Borges PAV","key":"CIT0004"},{"key":"CIT0005","doi-asserted-by":"publisher","DOI":"10.1007\/s00606-007-0545-y"},{"key":"CIT0006","unstructured":"Carvalho M. 2011a. Sinapidendron angustifolium. The IUCN Red List of Threatened Species 2011: e.T180554A7646995."},{"key":"CIT0007","unstructured":"Carvalho M. 2011b. Sinapidendron frutescens. The IUCN Red List of Threatened Species 2011: e.T180555A7647204."},{"key":"CIT0008","first-page":"175","volume":"35","author":"Dogan Guner E","year":"2011","journal-title":"Turkish Journal of Botany"},{"key":"CIT0009","first-page":"73","volume":"128","author":"Dunbar A.","year":"1975","journal-title":"Botaniska Notiser"},{"key":"CIT0010","first-page":"102","volume":"128","author":"Dunbar A.","year":"1975","journal-title":"Botaniska Notiser"},{"key":"CIT0011","doi-asserted-by":"publisher","DOI":"10.1016\/0034-6667(93)90077-8"},{"key":"CIT0012","unstructured":"Erdtman G. 1952. Pollen morphology and plant taxonomy. Angiosperms. Stockholm: Almqvist and Wiksell. p. 133\u2013134."},{"key":"CIT0013","unstructured":"Erdtman G. 1966. Pollen morphology and plant taxonomy \u2013 Angiosperms. Stockolm: Almqvist and Wiksell. p. 553."},{"key":"CIT0014","doi-asserted-by":"publisher","DOI":"10.1080\/00837792.2014.909648"},{"key":"CIT0015","first-page":"1","volume-title":"Terrestrial arthropods of Macaronesia \u2013 biodiversity, ecology and evolution","author":"Fern\u00e1ndez-Palacios JM.","year":"2010"},{"key":"CIT0016","doi-asserted-by":"publisher","DOI":"10.1002\/ajb2.1444"},{"key":"CIT0017","unstructured":"Halbritter H. 2016. Canarina canariensis. In: PalDat \u2013 a palynological database. https:\/\/www.paldat.org\/pub\/Canarina_canariensis\/300968;jsessionid=F4CB91B95C2F75A930DEBCFA50087B98."},{"key":"CIT0018","doi-asserted-by":"publisher","DOI":"10.1016\/0034-6667(90)90123-Z"},{"key":"CIT0019","doi-asserted-by":"publisher","DOI":"10.1080\/12538078.1994.10515150"},{"volume-title":"Endemic flora of Madeira","year":"2000","author":"Jardim R","key":"CIT0020"},{"key":"CIT0021","first-page":"157","volume-title":"A list of the terrestrial fungi, flora and fauna of Madeira and Selvagens archipelagos","author":"Jardim R","year":"2008"},{"key":"CIT0022","unstructured":"Kell SP. 2011a. Sinapidendron rupestre. The IUCN Red List of Threatened Species 2011: e.T162258A5565500."},{"key":"CIT0023","unstructured":"Kell SP. 2011b. Sinapidendron sempervivifolium. The IUCN Red List of Threatened Species 2011: e.T165227A115870710."},{"key":"CIT0024","doi-asserted-by":"publisher","DOI":"10.1002\/1522-239X(200208)113:3\/4<211::AID-FEDR211>3.0.CO;2-A"},{"key":"CIT0025","doi-asserted-by":"publisher","DOI":"10.1016\/j.flora.2012.01.006"},{"key":"CIT0026","doi-asserted-by":"publisher","DOI":"10.1080\/00173139609430496"},{"key":"CIT0027","doi-asserted-by":"publisher","DOI":"10.1080\/00173130802598074"},{"key":"CIT0028","doi-asserted-by":"publisher","DOI":"10.1080\/00173139409427453"},{"key":"CIT0029","doi-asserted-by":"publisher","DOI":"10.1080\/00173139209432030"},{"key":"CIT0030","doi-asserted-by":"publisher","DOI":"10.1046\/j.1523-1739.1999.98467.x"},{"key":"CIT0031","doi-asserted-by":"publisher","DOI":"10.1016\/j.jnc.2021.125955"},{"key":"CIT0032","doi-asserted-by":"crossref","first-page":"135","DOI":"10.3989\/ajbm.2007.v64.i2.168","volume":"64","author":"Menezes de Sequeira M","year":"2007","journal-title":"Anales del Jard\u00edn Bot\u00e1nico de Madrid"},{"key":"CIT0033","doi-asserted-by":"publisher","DOI":"10.1002\/ece3.3640"},{"key":"CIT0034","doi-asserted-by":"publisher","DOI":"10.1080\/01916122.2017.1346526"},{"key":"CIT0035","doi-asserted-by":"publisher","DOI":"10.1080\/00173134.2015.1096301"},{"key":"CIT0036","doi-asserted-by":"publisher","DOI":"10.14411\/eje.2014.015"},{"key":"CIT0037","doi-asserted-by":"publisher","DOI":"10.1038\/35002501"},{"key":"CIT0038","doi-asserted-by":"publisher","DOI":"10.1080\/11263504.2011.578787"},{"key":"CIT0039","first-page":"45","volume":"2","author":"Perveen A","year":"1999","journal-title":"Turkish Journal of Botany"},{"key":"CIT0040","first-page":"67","volume":"11","author":"Pinheiro de Carvalho MMA","year":"2001","journal-title":"Polen"},{"key":"CIT0041","first-page":"5","volume":"54","author":"Pinheiro de Carvalho MMA","year":"2003","journal-title":"Boletim do Museu Municipal do Funchal"},{"key":"CIT0042","doi-asserted-by":"publisher","DOI":"10.1007\/s00606-007-0539-9"},{"volume-title":"Flora of Madeira","year":"1994","author":"Press JR","key":"CIT0043"},{"key":"CIT0044","doi-asserted-by":"publisher","DOI":"10.1016\/j.revpalbo.2006.06.008"},{"key":"CIT0045","doi-asserted-by":"publisher","DOI":"10.1111\/j.1365-2699.2007.01752.x"},{"key":"CIT0046","doi-asserted-by":"publisher","DOI":"10.1002\/cbdv.201600039"},{"key":"CIT0047","first-page":"7627191","volume":"2018","author":"Sun J","year":"2018","journal-title":"BioMed Research International"},{"key":"CIT0048","doi-asserted-by":"publisher","DOI":"10.1111\/j.1442-1984.1986.tb00017.x"},{"key":"CIT0049","doi-asserted-by":"publisher","DOI":"10.1139\/b93-102"},{"key":"CIT0050","doi-asserted-by":"publisher","DOI":"10.1139\/b05-021"}],"container-title":["Palynology"],"original-title":[],"language":"en","link":[{"URL":"https:\/\/www.tandfonline.com\/doi\/pdf\/10.1080\/01916122.2023.2189319","content-type":"unspecified","content-version":"vor","intended-application":"similarity-checking"}],"deposited":{"date-parts":[[2023,7,21]],"date-time":"2023-07-21T12:55:32Z","timestamp":1689944132000},"score":1,"resource":{"primary":{"URL":"https:\/\/www.tandfonline.com\/doi\/full\/10.1080\/01916122.2023.2189319"}},"subtitle":[],"short-title":[],"issued":{"date-parts":[[2023,3,31]]},"references-count":50,"journal-issue":{"issue":"3","published-print":{"date-parts":[[2023,7,3]]}},"alternative-id":["10.1080\/01916122.2023.2189319"],"URL":"https:\/\/doi.org\/10.1080\/01916122.2023.2189319","relation":{},"ISSN":["0191-6122","1558-9188"],"issn-type":[{"type":"print","value":"0191-6122"},{"type":"electronic","value":"1558-9188"}],"subject":[],"published":{"date-parts":[[2023,3,31]]},"assertion":[{"value":"The publishing and review policy for this title is described in its Aims & Scope.","order":1,"name":"peerreview_statement","label":"Peer Review Statement"},{"value":"http:\/\/www.tandfonline.com\/action\/journalInformation?show=aimsScope&journalCode=tpal20","URL":"http:\/\/www.tandfonline.com\/action\/journalInformation?show=aimsScope&journalCode=tpal20","order":2,"name":"aims_and_scope_url","label":"Aim & Scope"},{"value":"2023-03-31","order":3,"name":"published","label":"Published","group":{"name":"publication_history","label":"Publication History"}}],"article-number":"2189319"}}