{"status":"ok","message-type":"work","message-version":"1.0.0","message":{"indexed":{"date-parts":[[2026,4,27]],"date-time":"2026-04-27T22:20:10Z","timestamp":1777328410041,"version":"3.51.4"},"reference-count":46,"publisher":"Informa UK Limited","issue":"2","license":[{"start":{"date-parts":[[2025,2,25]],"date-time":"2025-02-25T00:00:00Z","timestamp":1740441600000},"content-version":"vor","delay-in-days":0,"URL":"http:\/\/creativecommons.org\/licenses\/by-nc-nd\/4.0\/"}],"funder":[{"name":"via Funda\u00e7\u00e3o para a Ci\u00eancia e Tecnologia"}],"content-domain":{"domain":["www.tandfonline.com"],"crossmark-restriction":true},"short-container-title":["Journal of Research in Childhood Education"],"published-print":{"date-parts":[[2026,4,3]]},"DOI":"10.1080\/02568543.2025.2461545","type":"journal-article","created":{"date-parts":[[2025,2,25]],"date-time":"2025-02-25T15:21:16Z","timestamp":1740496876000},"page":"391-410","update-policy":"https:\/\/doi.org\/10.1080\/tandf_crossmark_01","source":"Crossref","is-referenced-by-count":1,"title":["Time and Routines Organization in Early Childhood Education and Care \u2013 Participation, Opportunities, and Constraints"],"prefix":"10.1080","volume":"40","author":[{"ORCID":"https:\/\/orcid.org\/0000-0003-0871-3489","authenticated-orcid":false,"given":"M\u00f3nica","family":"Pereira","sequence":"first","affiliation":[{"name":"ISPA \u2013 Instituto Universit\u00e1rio","place":["Lisbon, Portugal"]}]},{"ORCID":"https:\/\/orcid.org\/0000-0002-4973-9311","authenticated-orcid":false,"given":"Natalie N\u00f3brega","family":"Santos","sequence":"additional","affiliation":[{"name":"ISPA \u2013 Instituto Universit\u00e1rio","place":["Lisbon, Portugal"]}]},{"ORCID":"https:\/\/orcid.org\/0000-0002-5699-808X","authenticated-orcid":false,"given":"Ana Teresa","family":"Brito","sequence":"additional","affiliation":[{"name":"ISPA \u2013 Instituto Universit\u00e1rio","place":["Lisbon, Portugal"]}]},{"ORCID":"https:\/\/orcid.org\/0000-0001-8645-246X","authenticated-orcid":false,"given":"Lourdes","family":"Mata","sequence":"additional","affiliation":[{"name":"ISPA \u2013 Instituto Universit\u00e1rio","place":["Lisbon, Portugal"]}]}],"member":"301","published-online":{"date-parts":[[2025,2,25]]},"reference":[{"key":"e_1_3_2_2_1","doi-asserted-by":"publisher","DOI":"10.1080\/03004430.2015.1136999"},{"key":"e_1_3_2_3_1","volume-title":"Por amor ou por for\u00e7a: Rotinas na educa\u00e7\u00e3o infantil","author":"Barbosa M. C.","year":"2000","unstructured":"Barbosa, M. C. (2000). Por amor ou por for\u00e7a: Rotinas na educa\u00e7\u00e3o infantil [By love or by force: Routines in early childhood education]. Artmed."},{"key":"e_1_3_2_4_1","doi-asserted-by":"publisher","DOI":"10.1007\/s10648-019-09486-0"},{"key":"e_1_3_2_5_1","first-page":"19","volume-title":"O tempo no cotidiano infantil: Perspectivas de pesquisa e estudos de caso","author":"Bondioli A.","year":"2004","unstructured":"Bondioli, A. (2004a). A observa\u00e7\u00e3o do contexto educativo: Uma perspetiva de pesquisa sobre os tempos do cotidiano [The observation of the educational context: A perspective of research on everyday times]. In A. Bondioli (org.), (ed.), O tempo no cotidiano infantil: Perspectivas de pesquisa e estudos de caso (pp. 19\u201329). Cortez."},{"key":"e_1_3_2_6_1","first-page":"125","volume-title":"O tempo no cotidiano infantil: Perspectivas de pesquisa e estudos de caso","author":"Bondioli A.","year":"2004","unstructured":"Bondioli, A. (2004b). O dia a dia de Erika em casa e na escola: Padr\u00f5es de socializa\u00e7\u00e3o em confronto [Erika\u2019s daily life at home and at school: Clashing socialization patterns]. In A. Bondioli (org.), (Ed.), O tempo no cotidiano infantil: Perspectivas de pesquisa e estudos de caso (pp. 125\u2013143). Cortez."},{"key":"e_1_3_2_7_1","first-page":"17","volume-title":"Tiempos, espacios y grupos. El an\u00e1lisis y la evaluaci\u00f3n de la organizaci\u00f3n en la escuela infantil: DAVOPSI","author":"Bondioli A.","year":"2011","unstructured":"Bondioli, A. (2011a). Prologo [Prologue]. In A. Bondioli & G. Nigito (Eds.), Tiempos, espacios y grupos. El an\u00e1lisis y la evaluaci\u00f3n de la organizaci\u00f3n en la escuela infantil: DAVOPSI (p. 17). GRA\u00d3."},{"key":"e_1_3_2_8_1","first-page":"145","volume-title":"Tiempos, espacios y grupos. El an\u00e1lisis y la evaluaci\u00f3n de la organizaci\u00f3n en la escuela infantil: DAVOPSI","author":"Bondioli A.","year":"2011","unstructured":"Bondioli, A. (2011b). Un dispositivo para el an\u00e1lisis y la evaluaci\u00f3n de la organizaci\u00f3n pedag\u00f3gica [A device for the analysis and evaluation of the pedagogical organization]. In A. Bondioli & G. Nigito (Eds.), Tiempos, espacios y grupos. El an\u00e1lisis y la evaluaci\u00f3n de la organizaci\u00f3n en la escuela infantil: DAVOPSI (pp. 145\u2013257). GRA\u00d3."},{"key":"e_1_3_2_9_1","first-page":"25","volume-title":"Participa\u00e7\u00e3o e qualidade em educa\u00e7\u00e3o da inf\u00e2ncia","author":"Bondioli A.","year":"2013","unstructured":"Bondioli, A. (2013). Construir compartilhando a qualidade: A contribui\u00e7\u00e3o das partes interessadas [Building by sharing quality: The contribution of stakeholders]. In A. Bondioli & D. Savio (Eds.), Participa\u00e7\u00e3o e qualidade em educa\u00e7\u00e3o da inf\u00e2ncia (pp. 25\u201349). UFPR."},{"key":"e_1_3_2_10_1","volume-title":"Bioecologia do desenvolvimento humano: tornando os seres humanos mais humanos","author":"Bronfenbrenner U.","year":"2011","unstructured":"Bronfenbrenner, U. (2011). A teoria bioecol\u00f3gica do desenvolvimento humano [The bioecological theory of human development] (A. de Carvalho-Barreto, Trans.). In U. Bronfenbrenner (Ed.), Bioecologia do desenvolvimento humano: tornando os seres humanos mais humanos (pp. 43\u201354). Artmed. (Original work published 2005)."},{"key":"e_1_3_2_11_1","doi-asserted-by":"publisher","DOI":"10.1080\/10409289.2021.2023791"},{"key":"e_1_3_2_12_1","volume-title":"Research methods in education","author":"Cohen L.","year":"2005","unstructured":"Cohen, L., Manion, L., & Morrison, K. (2005). Research methods in education (5th ed.). Routledge Falmer.","edition":"5"},{"key":"e_1_3_2_13_1","doi-asserted-by":"publisher","DOI":"10.1177\/1476718X221145476"},{"key":"e_1_3_2_14_1","doi-asserted-by":"publisher","DOI":"10.1590\/s1413-24782022270116"},{"key":"e_1_3_2_15_1","unstructured":"Decreto-Lei n.o 184\/2004 July 29. Estabelece o regime estatut\u00e1rio espec\u00edfico do pessoal n\u00e3o docente dos estabelecimentos p\u00fablicos de educa\u00e7\u00e3o pr\u00e9-escolar e dos ensinos b\u00e1sico e secund\u00e1rio [Establishes the specific statutory regime for non-teaching staff in public preschool and basic and secondary education establishments]. Di\u00e1rio da Rep\u00fablica - I S\u00e9rie-A. https:\/\/files.dre.pt\/1s\/2004\/07\/177a00\/48984914.pdf"},{"key":"e_1_3_2_16_1","volume-title":"The landscape of qualitative research","author":"Denzin N. K.","year":"2013","unstructured":"Denzin, N. K., & Lincoln, Y. S. (2013). The landscape of qualitative research (4th ed.). SAGE.","edition":"4"},{"key":"e_1_3_2_17_1","doi-asserted-by":"publisher","DOI":"10.1016\/j.ecresq.2009.10.003"},{"issue":"1","key":"e_1_3_2_18_1","first-page":"46","article-title":"Think before you (inter)act: What it means to be an intentional teacher","volume":"185","author":"Epstein A. S.","year":"2009","unstructured":"Epstein, A. S. (2009). Think before you (inter)act: What it means to be an intentional teacher. Exchange, 185(1), 46\u201349. https:\/\/mymission.lamission.edu\/userdata\/steindb\/docs\/IntentionalteachingArticle.pdf","journal-title":"Exchange"},{"key":"e_1_3_2_19_1","unstructured":"European Commission. (2023). Portugal - Early childhood education and care [Eurydice report]. https:\/\/eurydice.eacea.ec.europa.eu\/national-education-systems\/portugal\/early-childhood-education-and-care"},{"key":"e_1_3_2_20_1","doi-asserted-by":"publisher","DOI":"10.1016\/j.ecresq.2011.10.001"},{"key":"e_1_3_2_21_1","doi-asserted-by":"publisher","DOI":"10.1080\/09575146.2019.1634010"},{"key":"e_1_3_2_22_1","first-page":"19","volume-title":"Participation and learning. Perspective on education and the environment, health and sustainability","author":"Hart R. A.","year":"2008","unstructured":"Hart, R. A. (2008). Stepping back from \u201cthe ladder\u201d: Reflections on a model of participatory work with children. In A. Reid, B. B. Jensen, J. Nikel, & V. Simovska (Eds.), Participation and learning. Perspective on education and the environment, health and sustainability (pp. 19\u201331). Springer."},{"key":"e_1_3_2_23_1","volume-title":"A crian\u00e7a em ac\u00e7\u00e3o","author":"Hohmann M.","year":"1995","unstructured":"Hohmann, M., Banet, B., & Weikart, D. P. (1995). A crian\u00e7a em ac\u00e7\u00e3o [The child in action] (3. a Edi\u00e7\u00e3o). Funda\u00e7\u00e3o Calouste Gulbenkian."},{"key":"e_1_3_2_24_1","doi-asserted-by":"publisher","DOI":"10.1007\/978-94-017-8838-0_6"},{"key":"e_1_3_2_25_1","doi-asserted-by":"publisher","DOI":"10.1177\/183693911604100212"},{"key":"e_1_3_2_26_1","volume-title":"Focus groups: A practical guide for applied research","author":"Krueger R.","year":"2009","unstructured":"Krueger, R., & Casey, M. (2009). Focus groups: A practical guide for applied research. SAGE."},{"key":"e_1_3_2_27_1","unstructured":"Lopes da Silva I. Marques L. Mata L. & Rosa M. (2016). Orienta\u00e7\u00f5es curriculares para a educa\u00e7\u00e3o pr\u00e9-escolar [Curriculum guidelines for preschool education]. Minist\u00e9rio da Educa\u00e7\u00e3o\/Dire\u00e7\u00e3o-Geral da Educa\u00e7\u00e3o (DGE). http:\/\/www.dge.mec.pt\/ocepe\/"},{"key":"e_1_3_2_28_1","doi-asserted-by":"publisher","DOI":"10.1080\/01411920701657033"},{"key":"e_1_3_2_29_1","unstructured":"Malavasi L. & Zoccatelli B. (2013). Documentar os projetos nos servi\u00e7os educativos [Document projects in educational services]. APEI - Associa\u00e7\u00e3o de Profissionais de Educa\u00e7\u00e3o de Inf\u00e2ncia."},{"key":"e_1_3_2_30_1","unstructured":"Marques A. (Coord.) Azevedo A. Marques L. Folque M. A. & Ara\u00fajo S. B. (2024). Orienta\u00e7\u00f5es pedag\u00f3gicas para Creche. [Pedagogical guidelines for cheches]. Minist\u00e9rio da Educa\u00e7\u00e3o\/Dire\u00e7\u00e3o-Geral da Educa\u00e7\u00e3o (DGE). www.dge.mec.pt\/sites\/default\/files\/opc_marco2024.pdf"},{"key":"e_1_3_2_31_1","volume-title":"Qualitative data analysis: A methods sourcebook","author":"Miles M. B.","year":"2014","unstructured":"Miles, M. B., Huberman, A. M., & Salda\u00f1a, J. (2014). Qualitative data analysis: A methods sourcebook (3rd ed.). Sage.","edition":"3"},{"issue":"1","key":"e_1_3_2_32_1","first-page":"42","article-title":"A conjuga\u00e7\u00e3o de diferentes temporalidades na constru\u00e7\u00e3o da ideia de qualidade na Educa\u00e7\u00e3o Infantil [The intertwining of different temporalities in the construction of the idea of quality in Early Childhood Education]","volume":"6","author":"Neves V. F. A.","year":"2017","unstructured":"Neves, V. F. A., Goulart, M. I. M., & Santos, S. V. S. (2017). A conjuga\u00e7\u00e3o de diferentes temporalidades na constru\u00e7\u00e3o da ideia de qualidade na Educa\u00e7\u00e3o Infantil [The intertwining of different temporalities in the construction of the idea of quality in Early Childhood Education]. RELAdEI: Revista Latinoamericana de Educaci\u00f3n Infantil, 6(1\u20132), 42\u201360. https:\/\/revistas.usc.gal\/index.php\/reladei\/article\/view\/4999","journal-title":"RELAdEI: Revista Latinoamericana de Educaci\u00f3n Infantil"},{"key":"e_1_3_2_33_1","first-page":"43","volume-title":"O tempo no cotidiano infantil","author":"Nigito G.","year":"2004","unstructured":"Nigito, G. (2004). Tempos institucionais, tempos de crescimento: A gest\u00e3o do cotidiano dos pequenos, dos m\u00e9dios e dos grandes na creche [Institutional times, times of growth: Managing the daily lives of small, medium and large children in daycare]. In A. Bondioli (org.), (ed.), O tempo no cotidiano infantil (pp. 43\u201396). Cortez."},{"key":"e_1_3_2_34_1","first-page":"73","volume-title":"Tiempos, espacios y grupos. El an\u00e1lisis y la evaluaci\u00f3n de la organizaci\u00f3n en la escuela infantil: DAVOPSI","author":"Nigito G.","year":"2011","unstructured":"Nigito, G. (2011). Por una pedagog\u00eda de la temporalidad [For a pedagogy of temporality]. In A. Bondioli & G. Nigito (Eds.), Tiempos, espacios y grupos. El an\u00e1lisis y la evaluaci\u00f3n de la organizaci\u00f3n en la escuela infantil: DAVOPSI (pp. 73\u201398). GRA\u00d3."},{"key":"e_1_3_2_35_1","doi-asserted-by":"publisher","DOI":"10.1016\/j.ecresq.2014.07.009"},{"key":"e_1_3_2_36_1","doi-asserted-by":"publisher","DOI":"10.24220\/2318-0870v23n3a3982"},{"key":"e_1_3_2_37_1","volume-title":"XVII Seminario de Pesquisa Do Programa de P\u00f3s-Gradua\u00e7\u00e3o Em Educa\u00e7\u00e3o Da Universidade Estadual Paulista \u201cJ\u00falio de Mesquita Filho","author":"Prieto N.","year":"2015","unstructured":"Prieto, N., & Lima, E. A. (2015). A organiza\u00e7\u00e3o do tempo em escolas de educa\u00e7\u00e3o infantil: Em foco o tempo da institui\u00e7\u00e3o e o tempo da crian\u00e7a [The organization of time in early childhood education schools: Focusing on the institution\u2019s time and the child\u2019s time] [Paper presentation]. XVII Seminario de Pesquisa Do Programa de P\u00f3s-Gradua\u00e7\u00e3o Em Educa\u00e7\u00e3o Da Universidade Estadual Paulista \u201cJ\u00falio de Mesquita Filho. https:\/\/www.marilia.unesp.br\/Home\/Eventos\/2015\/xviiseminariodepesquisadoprogramadepos-graduacaoemeducacao\/mariana_natal_a-organizacao-do-tempo.pdf"},{"issue":"24","key":"e_1_3_2_38_1","first-page":"81","article-title":"Las rutinas en educaci\u00f3n inicial: Entre la mecanizaci\u00f3n y la transformaci\u00f3n [The routines in initial education: Between the mechanization and the transformation]","volume":"1","author":"Pulido-Gonz\u00e1lez J. M.","year":"2013","unstructured":"Pulido-Gonz\u00e1lez, J. M. (2013). Las rutinas en educaci\u00f3n inicial: Entre la mecanizaci\u00f3n y la transformaci\u00f3n [The routines in initial education: Between the mechanization and the transformation]. Revista Educaci\u00f3n y Ciudad, 1(24), 81\u201392. https:\/\/dialnet.unirioja.es\/servlet\/articulo?codigo=5704985","journal-title":"Revista Educaci\u00f3n y Ciudad"},{"key":"e_1_3_2_39_1","doi-asserted-by":"publisher","DOI":"10.1007\/s10643-022-01361-y"},{"key":"e_1_3_2_40_1","unstructured":"Santos A. M. M. (2017). Os tempos em educa\u00e7\u00e3o de inf\u00e2ncia [The Times in Early Childhood Education] [Master\u2019s thesis Escola Superior de Educa\u00e7\u00e3o de Lisboa]. Reposit\u00f3rio Cient\u00edfico do Polit\u00e9cnico de Lisboa. http:\/\/hdl.handle.net\/10400.21\/8031"},{"key":"e_1_3_2_41_1","doi-asserted-by":"publisher","DOI":"10.1177\/183693911504000410"},{"key":"e_1_3_2_42_1","doi-asserted-by":"publisher","DOI":"10.4067\/S0718-22282009000100008"},{"key":"e_1_3_2_43_1","unstructured":"United Nations. (2009). Convention on the rights of the Child. The right of the child to be heard [General comment No. 12]. https:\/\/www2.ohchr.org\/english\/bodies\/crc\/docs\/AdvanceVersions\/CRC-C-GC-12.pdf"},{"key":"e_1_3_2_44_1","doi-asserted-by":"publisher","DOI":"10.1016\/j.ecresq.2011.08.005"},{"key":"e_1_3_2_45_1","doi-asserted-by":"publisher","DOI":"10.1007\/s10643-017-0886-2"},{"key":"e_1_3_2_46_1","doi-asserted-by":"publisher","DOI":"10.1080\/1350293X.2015.1120523"},{"key":"e_1_3_2_47_1","doi-asserted-by":"publisher","DOI":"10.1051\/shsconf\/20163101014"}],"container-title":["Journal of Research in Childhood Education"],"original-title":[],"language":"en","link":[{"URL":"https:\/\/www.tandfonline.com\/doi\/pdf\/10.1080\/02568543.2025.2461545","content-type":"unspecified","content-version":"vor","intended-application":"similarity-checking"}],"deposited":{"date-parts":[[2026,4,7]],"date-time":"2026-04-07T21:20:39Z","timestamp":1775596839000},"score":1,"resource":{"primary":{"URL":"https:\/\/www.tandfonline.com\/doi\/full\/10.1080\/02568543.2025.2461545"}},"subtitle":[],"short-title":[],"issued":{"date-parts":[[2025,2,25]]},"references-count":46,"journal-issue":{"issue":"2","published-print":{"date-parts":[[2026,4,3]]}},"alternative-id":["10.1080\/02568543.2025.2461545"],"URL":"https:\/\/doi.org\/10.1080\/02568543.2025.2461545","relation":{},"ISSN":["0256-8543","2150-2641"],"issn-type":[{"value":"0256-8543","type":"print"},{"value":"2150-2641","type":"electronic"}],"subject":[],"published":{"date-parts":[[2025,2,25]]},"assertion":[{"value":"The publishing and review policy for this title is described in its Aims & Scope.","order":1,"name":"peerreview_statement","label":"Peer Review Statement"},{"value":"http:\/\/www.tandfonline.com\/action\/journalInformation?show=aimsScope&journalCode=ujrc20","URL":"http:\/\/www.tandfonline.com\/action\/journalInformation?show=aimsScope&journalCode=ujrc20","order":2,"name":"aims_and_scope_url","label":"Aim & Scope"},{"value":"2024-02-05","order":0,"name":"received","label":"Received","group":{"name":"publication_history","label":"Publication History"}},{"value":"2025-01-05","order":2,"name":"accepted","label":"Accepted","group":{"name":"publication_history","label":"Publication History"}},{"value":"2025-02-25","order":3,"name":"published","label":"Published","group":{"name":"publication_history","label":"Publication History"}}]}}