{"status":"ok","message-type":"work","message-version":"1.0.0","message":{"indexed":{"date-parts":[[2026,2,27]],"date-time":"2026-02-27T14:46:18Z","timestamp":1772203578751,"version":"3.50.1"},"reference-count":33,"publisher":"Informa UK Limited","issue":"1","funder":[{"name":"National Foundation for Science and Technology"},{"name":"Research Centre on Child Studies of the University of Minho"}],"content-domain":{"domain":["www.tandfonline.com"],"crossmark-restriction":true},"short-container-title":["European Journal of Teacher Education"],"published-print":{"date-parts":[[2025,1]]},"DOI":"10.1080\/02619768.2024.2443668","type":"journal-article","created":{"date-parts":[[2024,12,25]],"date-time":"2024-12-25T06:22:31Z","timestamp":1735107751000},"page":"26-44","update-policy":"https:\/\/doi.org\/10.1080\/tandf_crossmark_01","source":"Crossref","is-referenced-by-count":18,"title":["From teacher surplus to teacher shortage and its effects on teacher education: the Portuguese case"],"prefix":"10.1080","volume":"48","author":[{"ORCID":"https:\/\/orcid.org\/0000-0002-4698-7483","authenticated-orcid":false,"given":"Maria Assun\u00e7\u00e3o","family":"Flores","sequence":"first","affiliation":[{"name":"University of Minho","place":["Braga, Portugal"]}]},{"ORCID":"https:\/\/orcid.org\/0000-0002-2560-1641","authenticated-orcid":false,"given":"H\u00e9lia","family":"Oliveira","sequence":"additional","affiliation":[{"name":"University of Lisbon","place":["Lisbon, Portugal"]}]},{"ORCID":"https:\/\/orcid.org\/0000-0001-6203-7616","authenticated-orcid":false,"given":"Jo\u00e3o Pedro","family":"da Ponte","sequence":"additional","affiliation":[{"name":"University of Lisbon","place":["Lisbon, Portugal"]}]}],"member":"301","published-online":{"date-parts":[[2024,12,24]]},"reference":[{"key":"e_1_3_4_2_1","volume-title":"Estado da Educa\u00e7\u00e3o 2021","author":"Conselho Nacional de Educa\u00e7\u00e3o","year":"2022","unstructured":"Conselho Nacional de Educa\u00e7\u00e3o. 2022. Estado da Educa\u00e7\u00e3o 2021. Lisboa: Conselho Nacional de Educa\u00e7\u00e3o."},{"key":"e_1_3_4_3_1","doi-asserted-by":"publisher","DOI":"10.1177\/00224871231166244"},{"key":"e_1_3_4_4_1","doi-asserted-by":"publisher","DOI":"10.54300\/649.892"},{"key":"e_1_3_4_5_1","doi-asserted-by":"publisher","DOI":"10.14507\/epaa.27.4633"},{"key":"e_1_3_4_6_1","doi-asserted-by":"publisher","DOI":"10.2766\/475647"},{"key":"e_1_3_4_7_1","volume-title":"Perfil do Docente 2021\/2022","author":"DGEEC (Dire\u00e7\u00e3o-Geral de Estat\u00edsticas de Educa\u00e7\u00e3o e Ci\u00eancia)","year":"2023","unstructured":"DGEEC (Dire\u00e7\u00e3o-Geral de Estat\u00edsticas de Educa\u00e7\u00e3o e Ci\u00eancia). 2023. Perfil do Docente 2021\/2022. Lisboa: DGEEC."},{"key":"e_1_3_4_8_1","article-title":"Educa\u00e7\u00e3o em N\u00fameros: Portugal","volume":"17","author":"DGEEC (Dire\u00e7\u00e3o-Geral de Estat\u00edsticas de Educa\u00e7\u00e3o e Ci\u00eancia)","year":"2024","unstructured":"DGEEC (Dire\u00e7\u00e3o-Geral de Estat\u00edsticas de Educa\u00e7\u00e3o e Ci\u00eancia). 2024. \u201cEduca\u00e7\u00e3o em N\u00fameros: Portugal.\u201d DGEEC. Accessed January 17.","journal-title":"DGEEC. Accessed January"},{"key":"e_1_3_4_9_1","unstructured":"European Commission\/EACEA\/Eurydice. 2021. Teachers in Europe: Careers Development and Well-Being. Eurydice Report. Luxembourg: Publications Office of the European Union."},{"key":"e_1_3_4_10_1","unstructured":"FENPROF. 2023. \u201cPr\u00e9-avisos de greve \u00e0s horas extraordin\u00e1rias.\u201d FENPROF. Accessed September 15 2023. https:\/\/www.fenprof.pt\/pre-avisos-de-greve-as-horas-extraordinarias."},{"key":"e_1_3_4_11_1","unstructured":"FFMS (Funda\u00e7\u00e3o Francisco Manuel dos Santos). n.d. \u201cPordata.\u201d Funda\u00e7\u00e3o Francisco Manuel dos Santos. Accessed January 12 2024. https:\/\/www.pordata.pt\/home."},{"key":"e_1_3_4_12_1","volume-title":"Professores sob a lupa: a realidade demogr\u00e1fica e laboral dos professores do ensino p\u00fablico em Portugal, 2016\/17 - 2020\/21","author":"Flores I.","year":"2023","unstructured":"Flores, I., C. Vaj\u00e3o, R. Perdig\u00e3o, and V. Louren\u00e7o. 2023. Professores sob a lupa: a realidade demogr\u00e1fica e laboral dos professores do ensino p\u00fablico em Portugal, 2016\/17 - 2020\/21. Porto: Funda\u00e7\u00e3o Belmiro de Azevedo."},{"key":"e_1_3_4_13_1","doi-asserted-by":"publisher","DOI":"10.1080\/0305764X.2019.1664399"},{"key":"e_1_3_4_14_1","doi-asserted-by":"publisher","DOI":"10.1080\/02619768.2023.2210410"},{"key":"e_1_3_4_15_1","doi-asserted-by":"publisher","DOI":"10.1080\/02607476.2024.2413930"},{"key":"e_1_3_4_16_1","doi-asserted-by":"publisher","DOI":"10.1080\/02619768.2023.2294697"},{"key":"e_1_3_4_17_1","doi-asserted-by":"publisher","DOI":"10.1080\/02619768.2023.2288811"},{"key":"e_1_3_4_18_1","doi-asserted-by":"publisher","DOI":"10.1080\/02619768.2023.2299926"},{"key":"e_1_3_4_19_1","first-page":"199","volume-title":"Schools and Society: A Sociological Approach to Education","author":"Ingersoll R. M.","year":"2018","unstructured":"Ingersoll, R. M., and G. J. Collins. 2018. \u201cThe Status of Teaching as a Profession.\u201d In Schools and Society: A Sociological Approach to Education, edited by J. H. Ballantine, J. Z. Spade, and J. M. Stuber, 199\u2013213. Los Angeles: Sage."},{"key":"e_1_3_4_20_1","article-title":"Novas Regras: Governo quer que professores com habilita\u00e7\u00e3o pr\u00f3pria possam fazer mestrado mais curto e quer estagi\u00e1rios a receber","author":"Kotowicz A.","year":"2023","unstructured":"Kotowicz, A. 2023. \u201cNovas Regras: Governo quer que professores com habilita\u00e7\u00e3o pr\u00f3pria possam fazer mestrado mais curto e quer estagi\u00e1rios a receber.\u201d Observador. October 2, 2023.","journal-title":"Observador"},{"key":"e_1_3_4_21_1","article-title":"Mais de cinco mil professores apresentaram baixa desde o in\u00edcio das aulas","author":"LUSA","year":"2023","unstructured":"LUSA. 2023. \u201cMais de cinco mil professores apresentaram baixa desde o in\u00edcio das aulas.\u201d Observador, October 2. 2023. https:\/\/observador.pt\/2023\/10\/02\/mais-de-cinco-mil-professores-apresentaram-baixa-desde-o-inicio-das-aulas\/.","journal-title":"Observador"},{"key":"e_1_3_4_22_1","doi-asserted-by":"publisher","DOI":"10.1007\/978-981-16-3775-9_15"},{"key":"e_1_3_4_23_1","doi-asserted-by":"publisher","DOI":"10.14507\/epaa.27.4413"},{"key":"e_1_3_4_24_1","doi-asserted-by":"publisher","DOI":"10.1080\/1359866X.2024.2323936"},{"key":"e_1_3_4_25_1","article-title":"Primeiro per\u00edodo termina com milhares de alunos sem professores","author":"Micael M.","year":"2023","unstructured":"Micael, M. 2023. \u201cPrimeiro per\u00edodo termina com milhares de alunos sem professores.\u201d CNN-Portugal. December 15, 2023.","journal-title":"CNN-Portugal"},{"key":"e_1_3_4_26_1","volume-title":"Estudo de diagn\u00f3stico de necessidades docentes de 2021 a 2030","author":"Nunes L. C.","year":"2021","unstructured":"Nunes, L. C., A. B. Reis, P. Freitas, M. Nunes, and J. M. Gabriel. 2021. Estudo de diagn\u00f3stico de necessidades docentes de 2021 a 2030. Lisboa: Dire\u00e7\u00e3o-Geral de Estat\u00edsticas da Educa\u00e7\u00e3o e Ci\u00eancia."},{"key":"e_1_3_4_27_1","doi-asserted-by":"publisher","DOI":"10.1787\/1d0bc92a-en"},{"key":"e_1_3_4_28_1","doi-asserted-by":"publisher","DOI":"10.1080\/13540602.2015.1082732"},{"key":"e_1_3_4_29_1","doi-asserted-by":"publisher","DOI":"10.1080\/02671522.2019.1568535"},{"key":"e_1_3_4_30_1","doi-asserted-by":"publisher","DOI":"10.14221\/ajte.2021v46n4.1"},{"key":"e_1_3_4_31_1","doi-asserted-by":"publisher","DOI":"10.54300\/247.242"},{"key":"e_1_3_4_32_1","unstructured":"UNESCO. 2024. Global Report on Teachers. Addressing Teacher Shortages and Transforming the Profession. https:\/\/unesdoc.unesco.org\/ark:\/48223\/pf0000388832\/PDF\/388832eng.pdf.multi."},{"key":"e_1_3_4_33_1","doi-asserted-by":"publisher","DOI":"10.1007\/978-981-16-3775-9_3"},{"key":"e_1_3_4_34_1","doi-asserted-by":"publisher","DOI":"10.1080\/02619768.2024.2407546"}],"container-title":["European Journal of Teacher Education"],"original-title":[],"language":"en","link":[{"URL":"https:\/\/www.tandfonline.com\/doi\/pdf\/10.1080\/02619768.2024.2443668","content-type":"unspecified","content-version":"vor","intended-application":"similarity-checking"}],"deposited":{"date-parts":[[2025,2,21]],"date-time":"2025-02-21T15:00:15Z","timestamp":1740150015000},"score":1,"resource":{"primary":{"URL":"https:\/\/www.tandfonline.com\/doi\/full\/10.1080\/02619768.2024.2443668"}},"subtitle":[],"short-title":[],"issued":{"date-parts":[[2024,12,24]]},"references-count":33,"journal-issue":{"issue":"1","published-print":{"date-parts":[[2025,1]]}},"alternative-id":["10.1080\/02619768.2024.2443668"],"URL":"https:\/\/doi.org\/10.1080\/02619768.2024.2443668","relation":{},"ISSN":["0261-9768","1469-5928"],"issn-type":[{"value":"0261-9768","type":"print"},{"value":"1469-5928","type":"electronic"}],"subject":[],"published":{"date-parts":[[2024,12,24]]},"assertion":[{"value":"The publishing and review policy for this title is described in its Aims & Scope.","order":1,"name":"peerreview_statement","label":"Peer Review Statement"},{"value":"http:\/\/www.tandfonline.com\/action\/journalInformation?show=aimsScope&journalCode=cete20","URL":"http:\/\/www.tandfonline.com\/action\/journalInformation?show=aimsScope&journalCode=cete20","order":2,"name":"aims_and_scope_url","label":"Aim & Scope"},{"value":"2024-07-19","order":0,"name":"received","label":"Received","group":{"name":"publication_history","label":"Publication History"}},{"value":"2024-12-12","order":2,"name":"accepted","label":"Accepted","group":{"name":"publication_history","label":"Publication History"}},{"value":"2024-12-24","order":3,"name":"published","label":"Published","group":{"name":"publication_history","label":"Publication History"}}]}}