{"status":"ok","message-type":"work","message-version":"1.0.0","message":{"indexed":{"date-parts":[[2026,4,24]],"date-time":"2026-04-24T13:45:18Z","timestamp":1777038318168,"version":"3.51.4"},"reference-count":57,"publisher":"Informa UK Limited","issue":"2","license":[{"start":{"date-parts":[[2023,4,24]],"date-time":"2023-04-24T00:00:00Z","timestamp":1682294400000},"content-version":"vor","delay-in-days":0,"URL":"http:\/\/creativecommons.org\/licenses\/by\/4.0\/"}],"funder":[{"name":"Funda\u00e7\u00e3o para a Ci\u00eancia e a Tecnologia","award":["PTDC\/PSI-ESP\/28653\/2017"],"award-info":[{"award-number":["PTDC\/PSI-ESP\/28653\/2017"]}]}],"content-domain":{"domain":["www.tandfonline.com"],"crossmark-restriction":true},"short-container-title":["Residential Treatment For Children &amp; Youth"],"published-print":{"date-parts":[[2024,4,2]]},"DOI":"10.1080\/0886571x.2023.2202888","type":"journal-article","created":{"date-parts":[[2023,4,24]],"date-time":"2023-04-24T08:37:09Z","timestamp":1682325429000},"page":"183-200","update-policy":"https:\/\/doi.org\/10.1080\/tandf_crossmark_01","source":"Crossref","is-referenced-by-count":8,"title":["Facets of Care in Youth: Attachment, Relationships with Care Workers and the Residential Care Environment"],"prefix":"10.1080","volume":"41","author":[{"given":"Francisca","family":"Morais","sequence":"first","affiliation":[{"name":"Faculty of Psychology and Educational Sciences, University of Porto, Porto, Portugal"}]},{"ORCID":"https:\/\/orcid.org\/0000-0003-1814-7425","authenticated-orcid":false,"given":"Catarina Pinheiro","family":"Mota","sequence":"additional","affiliation":[{"name":"Department of Education and Psychology, University of Tr\u00e1s-os-Montes e Alto Douro, Vila Real, Portugal"},{"name":"Centre for Psychology at University of Porto, Porto, Portugal"}]},{"ORCID":"https:\/\/orcid.org\/0000-0001-5763-8070","authenticated-orcid":false,"given":"Paula Mena","family":"Matos","sequence":"additional","affiliation":[{"name":"Faculty of Psychology and Educational Sciences, University of Porto, Porto, Portugal"},{"name":"Centre for Psychology at University of Porto, Porto, Portugal"}]},{"ORCID":"https:\/\/orcid.org\/0000-0003-2371-2740","authenticated-orcid":false,"given":"Beatriz","family":"Santos","sequence":"additional","affiliation":[{"name":"Faculty of Psychology and Educational Sciences, University of Porto, Porto, Portugal"}]},{"ORCID":"https:\/\/orcid.org\/0000-0001-8999-8695","authenticated-orcid":false,"given":"M\u00f3nica","family":"Costa","sequence":"additional","affiliation":[{"name":"Faculty of Psychology and Educational Sciences, University of Porto, Porto, Portugal"}]},{"ORCID":"https:\/\/orcid.org\/0000-0002-1927-2853","authenticated-orcid":false,"given":"Helena","family":"Carvalho","sequence":"additional","affiliation":[{"name":"Faculty of Psychology and Educational Sciences, University of Porto, Porto, Portugal"},{"name":"Centre for Psychology at University of Porto, Porto, Portugal"}]}],"member":"301","published-online":{"date-parts":[[2023,4,24]]},"reference":[{"key":"e_1_3_2_2_1","volume-title":"Patterns of Attachment \u2013 a psychological study of the strange situation","author":"Ainsworth M. D.","year":"1978","unstructured":"Ainsworth, M. D., Blehar, M., Waters, E., & Wall, S. (1978). Patterns of Attachment \u2013 a psychological study of the strange situation. Lawrence Erlbaum Associates."},{"key":"e_1_3_2_3_1","doi-asserted-by":"publisher","DOI":"10.1023\/b:ccar.0000029689.70611.0f"},{"key":"e_1_3_2_4_1","doi-asserted-by":"publisher","DOI":"10.1016\/j.childyouth.2007.09.009"},{"key":"e_1_3_2_5_1","doi-asserted-by":"publisher","DOI":"10.1177\/030857590803200306"},{"key":"e_1_3_2_6_1","doi-asserted-by":"publisher","DOI":"10.1017\/s0033291703008237"},{"key":"e_1_3_2_7_1","volume-title":"A secure base: Clinical applications of attachment theory","author":"Bowlby J.","year":"1988","unstructured":"Bowlby, J. (1988). A secure base: Clinical applications of attachment theory. Basic Books."},{"key":"e_1_3_2_8_1","doi-asserted-by":"publisher","DOI":"10.15448\/1980-8623.2014.4.13629"},{"key":"e_1_3_2_9_1","first-page":"289","volume-title":"Youth: Practices, perspectives and challenges","author":"Calheiros M.","year":"2013","unstructured":"Calheiros, M., Patr\u00edcio, J., & Bernardes, S. (2013). Youth participation and protection: From theory to practice. In E. Trejos-Castillo (Eds.), Youth: Practices, perspectives and challenges (pp. 289\u2013307). Nova Science Publishers, Inc."},{"key":"e_1_3_2_10_1","doi-asserted-by":"publisher","DOI":"10.4000\/configuracoes.7116"},{"key":"e_1_3_2_11_1","doi-asserted-by":"publisher","DOI":"10.1097\/00004703-200310000-00010"},{"key":"e_1_3_2_12_1","doi-asserted-by":"publisher","DOI":"10.1080\/0886571X.2022.2043804"},{"key":"e_1_3_2_13_1","doi-asserted-by":"publisher","DOI":"10.1016\/j.childyouth.2019.104579"},{"key":"e_1_3_2_14_1","doi-asserted-by":"publisher","DOI":"10.1080\/13575279.2019.1680533"},{"issue":"226","key":"e_1_3_2_15_1","first-page":"112","article-title":"O acolhimento de crian\u00e7as e jovens no novo quadro legal: Novos discursos, novas pr\u00e1ticas? [The institutionalization of children and youth in the new legal context: New discourses, new practice?]","volume":"53","author":"Delgado P.","year":"2018","unstructured":"Delgado, P., & Gers\u00e3o, E. (2018). O acolhimento de crian\u00e7as e jovens no novo quadro legal: Novos discursos, novas pr\u00e1ticas? [The institutionalization of children and youth in the new legal context: New discourses, new practice?]. An\u00e1lise Social, 53(226), 112\u2013134.","journal-title":"An\u00e1lise Social"},{"key":"e_1_3_2_16_1","doi-asserted-by":"publisher","DOI":"10.1177\/146801730333004"},{"key":"e_1_3_2_17_1","doi-asserted-by":"publisher","DOI":"10.1016\/j.childyouth.2014.11.005"},{"key":"e_1_3_2_18_1","doi-asserted-by":"publisher","DOI":"10.1080\/14616734.2020.1840762"},{"key":"e_1_3_2_19_1","doi-asserted-by":"publisher","DOI":"10.1111\/j.1365-2206.2004.00324.x"},{"key":"e_1_3_2_20_1","doi-asserted-by":"publisher","DOI":"10.1111\/j.1365-2206.2012.00846.x"},{"key":"e_1_3_2_21_1","unstructured":"Instituto de Seguran\u00e7a Social I. P. (2021). CASA 2020 - Relat\u00f3rio de Caracteriza\u00e7\u00e3o Anual da Situa\u00e7\u00e3o de Acolhimento das Crian\u00e7as e Jovens [Report on the Annual Characterization of the Out-of-Home Care]. Instituto de Seguran\u00e7a Social I. P. Retrieved from https:\/\/www.seg-social.pt\/documents\/10152\/13200\/CASA+2020.pdf\/b7f02f58-2569-4165-a5ab-bed9efdb2653"},{"key":"e_1_3_2_22_1","volume-title":"The ITC Guidelines for Translating and Adapting Tests","author":"International Test Commission","year":"2017","unstructured":"International Test Commission. (2017). The ITC Guidelines for Translating and Adapting Tests (Second edition). The International test Commission. www.InTestCom.org"},{"key":"e_1_3_2_23_1","doi-asserted-by":"publisher","DOI":"10.1017\/S0954579413000540"},{"key":"e_1_3_2_24_1","volume-title":"Principles and practice of structural equation modeling","author":"Kline R. B.","year":"2015","unstructured":"Kline, R. B. (2015). Principles and practice of structural equation modeling (3rd ed.). Guilford Press.","edition":"3"},{"key":"e_1_3_2_25_1","doi-asserted-by":"publisher","DOI":"10.1007\/s12187-019-09688-6"},{"key":"e_1_3_2_26_1","doi-asserted-by":"publisher","DOI":"10.1016\/j.childyouth.2019.02.010"},{"key":"e_1_3_2_27_1","doi-asserted-by":"publisher","DOI":"10.1016\/j.chiabu.2015.02.013"},{"key":"e_1_3_2_28_1","doi-asserted-by":"publisher","DOI":"10.1037\/tra0000098"},{"key":"e_1_3_2_29_1","doi-asserted-by":"publisher","DOI":"10.1016\/j.childyouth.2014.11.007"},{"key":"e_1_3_2_30_1","doi-asserted-by":"publisher","DOI":"10.1207\/s15327906mbr3901_4"},{"key":"e_1_3_2_31_1","doi-asserted-by":"publisher","DOI":"10.1017\/S0954579403000415"},{"key":"e_1_3_2_32_1","doi-asserted-by":"publisher","DOI":"10.1007\/s12187-019-09716-5"},{"key":"e_1_3_2_33_1","doi-asserted-by":"publisher","DOI":"10.1111\/camh.12025"},{"key":"e_1_3_2_34_1","doi-asserted-by":"publisher","DOI":"10.1037\/ipp0000033"},{"key":"e_1_3_2_35_1","first-page":"60","article-title":"Attachment across the life span: Factors that contribute to stability and change","volume":"11","author":"McConnell M.","year":"2011","unstructured":"McConnell, M., & Moss, E. (2011). \u201cAttachment across the life span: Factors that contribute to stability and change\u201d. Australian Journal of Educational & Developmental Psychology, 11, 60\u201377. Retrieved from https:\/\/www.newcastle.edu.au\/__data\/assets\/pdf_file\/0018\/100278\/V11_McConnell-and-Moss.pdf","journal-title":"Australian Journal of Educational & Developmental Psychology"},{"key":"e_1_3_2_36_1","volume-title":"Experiencing out-of-home care in Australia: The views of children and young people","author":"McDowall J. J.","year":"2013","unstructured":"McDowall, J. J. (2013). Experiencing out-of-home care in Australia: The views of children and young people. Policy and Research Unit, CREATE Foundation."},{"key":"e_1_3_2_37_1","doi-asserted-by":"publisher","DOI":"10.1300\/j007v15n03_01"},{"key":"e_1_3_2_38_1","doi-asserted-by":"publisher","DOI":"10.5027\/psicoperspectivas-vol21-issue1-fulltext-2286"},{"key":"e_1_3_2_39_1","first-page":"375","volume-title":"Handbook of attachment-based interventions","author":"Moretti M. M.","year":"2018","unstructured":"Moretti, M. M., Pasalich, D. S., & O\u2019Donnell, K. A. (2018). Connect: An attachment-based program for parents of teens. In H. Steele & M. Steele (Eds.), Handbook of attachment-based interventions (pp. 375\u2013400). Guilford Press."},{"key":"e_1_3_2_41_1","doi-asserted-by":"publisher","DOI":"10.1590\/s0102-71822008000300007"},{"key":"e_1_3_2_42_1","doi-asserted-by":"publisher","DOI":"10.14417\/ap.278"},{"key":"e_1_3_2_43_1","doi-asserted-by":"publisher","DOI":"10.1007\/s10566-014-9278-6"},{"key":"e_1_3_2_44_1","doi-asserted-by":"publisher","DOI":"10.1037\/pro0000047"},{"key":"e_1_3_2_45_1","doi-asserted-by":"publisher","DOI":"10.1016\/j.chiabu.2017.05.019"},{"key":"e_1_3_2_46_1","doi-asserted-by":"publisher","DOI":"10.11600\/rlcsnj.19.3.4179"},{"key":"e_1_3_2_47_1","doi-asserted-by":"publisher","DOI":"10.1016\/j.childyouth.2014.02.012"},{"key":"e_1_3_2_48_1","first-page":"356","volume-title":"Residential child and youth care in a developing world","author":"Rodrigues S.","year":"2017","unstructured":"Rodrigues, S., & Barbosa Ducharne, M. (2017). Residential child and youth care in Portugal: Current challenges and the need for quality care assessment. In T. Islam & L. Fulcher (Eds.), Residential child and youth care in a developing world (pp. 356\u2013366). The CYC-Net Press."},{"key":"e_1_3_2_49_1","doi-asserted-by":"publisher","DOI":"10.1016\/j.childyouth.2009.05.010"},{"key":"e_1_3_2_51_1","doi-asserted-by":"publisher","DOI":"10.2307\/j.ctt1t89d11"},{"issue":"2","key":"e_1_3_2_52_1","first-page":"209","article-title":"Young people\u2019s satisfaction with residential care: Identifying strengths and weaknesses in service delivery","volume":"89","author":"Southwell J.","year":"2010","unstructured":"Southwell, J., & Fraser, E. (2010). Young people\u2019s satisfaction with residential care: Identifying strengths and weaknesses in service delivery. Child Welfare, 89(2), 209\u2013228.","journal-title":"Child Welfare"},{"key":"e_1_3_2_53_1","doi-asserted-by":"publisher","DOI":"10.1093\/bjsw\/bcx107"},{"key":"e_1_3_2_54_1","volume-title":"Adolescence","author":"Steinberg L.","year":"2016","unstructured":"Steinberg, L. (2016). Adolescence. McGraw-Hill Education."},{"key":"e_1_3_2_55_1","doi-asserted-by":"publisher","DOI":"10.1017\/S0954579404044505"},{"key":"e_1_3_2_56_1","doi-asserted-by":"publisher","DOI":"10.1093\/bjsw\/bcab028"},{"key":"e_1_3_2_57_1","doi-asserted-by":"publisher","DOI":"10.1016\/j.childyouth.2012.07.020"},{"key":"e_1_3_2_58_1","doi-asserted-by":"publisher","DOI":"10.1016\/S2215-0366(19)30399-2"},{"key":"e_1_3_2_59_1","doi-asserted-by":"publisher","DOI":"10.1111\/j.1540-5834.2011.00626.x"},{"key":"e_1_3_2_60_1","doi-asserted-by":"publisher","DOI":"10.1037\/0002-9432.76.3.325"}],"container-title":["Residential Treatment For Children &amp; Youth"],"original-title":[],"language":"en","link":[{"URL":"https:\/\/www.tandfonline.com\/doi\/pdf\/10.1080\/0886571X.2023.2202888","content-type":"unspecified","content-version":"vor","intended-application":"similarity-checking"}],"deposited":{"date-parts":[[2024,3,8]],"date-time":"2024-03-08T13:52:31Z","timestamp":1709905951000},"score":1,"resource":{"primary":{"URL":"https:\/\/www.tandfonline.com\/doi\/full\/10.1080\/0886571X.2023.2202888"}},"subtitle":[],"short-title":[],"issued":{"date-parts":[[2023,4,24]]},"references-count":57,"journal-issue":{"issue":"2","published-print":{"date-parts":[[2024,4,2]]}},"alternative-id":["10.1080\/0886571X.2023.2202888"],"URL":"https:\/\/doi.org\/10.1080\/0886571x.2023.2202888","relation":{},"ISSN":["0886-571X","1541-0358"],"issn-type":[{"value":"0886-571X","type":"print"},{"value":"1541-0358","type":"electronic"}],"subject":[],"published":{"date-parts":[[2023,4,24]]},"assertion":[{"value":"The publishing and review policy for this title is described in its Aims & Scope.","order":1,"name":"peerreview_statement","label":"Peer Review Statement"},{"value":"http:\/\/www.tandfonline.com\/action\/journalInformation?show=aimsScope&journalCode=wrtc20","URL":"http:\/\/www.tandfonline.com\/action\/journalInformation?show=aimsScope&journalCode=wrtc20","order":2,"name":"aims_and_scope_url","label":"Aim & Scope"},{"value":"2023-04-24","order":2,"name":"published","label":"Published","group":{"name":"publication_history","label":"Publication History"}}]}}