{"status":"ok","message-type":"work","message-version":"1.0.0","message":{"indexed":{"date-parts":[[2026,1,11]],"date-time":"2026-01-11T14:29:16Z","timestamp":1768141756146,"version":"3.49.0"},"reference-count":45,"publisher":"Informa UK Limited","issue":"4-5","license":[{"start":{"date-parts":[[2024,4,2]],"date-time":"2024-04-02T00:00:00Z","timestamp":1712016000000},"content-version":"vor","delay-in-days":0,"URL":"http:\/\/creativecommons.org\/licenses\/by-nc-nd\/4.0\/"}],"funder":[{"name":"FCT \u2013 Funda\u00e7\u00e3o para a Ci\u00eancia e a Tecnologia","award":["SFRH\/BD\/143780\/2019"],"award-info":[{"award-number":["SFRH\/BD\/143780\/2019"]}]},{"name":"FCT \u2013 Funda\u00e7\u00e3o para a Ci\u00eancia e a Tecnologia","award":["UIDB\/05021\/2020"],"award-info":[{"award-number":["UIDB\/05021\/2020"]}]}],"content-domain":{"domain":["www.tandfonline.com"],"crossmark-restriction":true},"short-container-title":["International Review of Psychiatry"],"published-print":{"date-parts":[[2024,7,3]]},"DOI":"10.1080\/09540261.2024.2327391","type":"journal-article","created":{"date-parts":[[2024,4,2]],"date-time":"2024-04-02T15:10:42Z","timestamp":1712070642000},"page":"469-479","update-policy":"https:\/\/doi.org\/10.1080\/tandf_crossmark_01","source":"Crossref","is-referenced-by-count":2,"title":["Assessing the quality of suicide reporting in Portugal: 6 case studies of celebrities and non-celebrities over 25 years"],"prefix":"10.1080","volume":"36","author":[{"ORCID":"https:\/\/orcid.org\/0000-0002-9796-9672","authenticated-orcid":false,"given":"Eudora","family":"Ribeiro","sequence":"first","affiliation":[{"name":"ICNOVA \u2013 Instituto de Comunica\u00e7\u00e3o da NOVA, Universidade Nova de Lisboa, Lisboa, Portugal"}]},{"ORCID":"https:\/\/orcid.org\/0000-0002-7990-6176","authenticated-orcid":false,"given":"Ant\u00f3nio","family":"Granado","sequence":"additional","affiliation":[{"name":"ICNOVA \u2013 Instituto de Comunica\u00e7\u00e3o da NOVA, Universidade Nova de Lisboa, Lisboa, Portugal"}]}],"member":"301","published-online":{"date-parts":[[2024,4,2]]},"reference":[{"key":"e_1_3_5_2_1","doi-asserted-by":"publisher","DOI":"10.1177\/0706743720936462"},{"key":"e_1_3_5_3_1","doi-asserted-by":"publisher","DOI":"10.1177\/0004867418772343"},{"key":"e_1_3_5_4_1","unstructured":"Associa\u00e7\u00e3o Portuguesa para o Controlo de Tiragem e Circula\u00e7\u00e3o [Portuguese Association for Print Run and Circulation Control]. (2023). Print and digital circulation per publication; Annual and quarterly. https:\/\/www.apct.pt\/analise-simples"},{"key":"e_1_3_5_5_1","doi-asserted-by":"publisher","DOI":"10.1371\/journal.pone.0216543"},{"key":"e_1_3_5_6_1","doi-asserted-by":"publisher","DOI":"10.1192\/pb.bp.116.054775"},{"key":"e_1_3_5_7_1","doi-asserted-by":"publisher","DOI":"10.1186\/1471-2458-11-841"},{"key":"e_1_3_5_8_1","doi-asserted-by":"publisher","DOI":"10.1093\/ije\/dym196"},{"key":"e_1_3_5_9_1","doi-asserted-by":"publisher","DOI":"10.1177\/0706743715621255"},{"key":"e_1_3_5_10_1","doi-asserted-by":"publisher","DOI":"10.1080\/13811119808258290"},{"key":"e_1_3_5_11_1","unstructured":"Expresso. (2001). Marilyn \u00e0 portuguesa [Portuguese Marilyn] July 21 2001. https:\/\/www.apfn.com.pt\/Noticias\/Jul2001\/expresso21a.htm"},{"key":"e_1_3_5_12_1","doi-asserted-by":"publisher","DOI":"10.1371\/journal.pone.0191405"},{"key":"e_1_3_5_13_1","doi-asserted-by":"publisher","DOI":"10.1111\/j.1749-6632.2001.tb05807.x"},{"key":"e_1_3_5_14_1","unstructured":"Instituto Nacional de Estat\u00edstica [National Institute of Statistics]. (2022a). Deaths (No.) by place of residence (NUTS \u2013 2013) sex age group and death cause (European short list); Annual. https:\/\/www.ine.pt\/xportal\/xmain?xpid=INE&xpgid=ine_indicadores&indOcorrCod=0008206&contexto=bd&selTab=tab2"},{"key":"e_1_3_5_15_1","unstructured":"Instituto Nacional de Estat\u00edstica [National Institute of Statistics]. (2022b). Mortality rate due to intentional self-harm (suicide) per 100 000 inhabitants (No.) by place of residence (NUTS \u2013 2013) sex and age group; Annual. https:\/\/www.ine.pt\/xportal\/xmain?xpid=INE&xpgid=ine_indicadores&indOcorrCod=0003736&contexto=bd&selTab=tab2.1"},{"key":"e_1_3_5_16_1","doi-asserted-by":"publisher","DOI":"10.1111\/j.1943-278X.1996.tb00611.x"},{"key":"e_1_3_5_17_1","doi-asserted-by":"publisher","DOI":"10.1080\/23736992.2019.1568252"},{"key":"e_1_3_5_18_1","doi-asserted-by":"publisher","DOI":"10.1016\/j.jad.2011.09.044"},{"key":"e_1_3_5_19_1","doi-asserted-by":"publisher","DOI":"10.1111\/sltb.12109"},{"key":"e_1_3_5_20_1","volume-title":"The Bridgned Suicides: Suicide and the Media.","author":"Luce A.","year":"2016","unstructured":"Luce, A. (2016). The Bridgned Suicides: Suicide and the Media. London: Palgrave Macmillan."},{"key":"e_1_3_5_21_1","unstructured":"Marktest. (2022). Portugueses est\u00e3o a ouvir mais r\u00e1dio e durante mais tempo [Portuguese are listening to more radio and for longer]. https:\/\/www.marktest.com\/wap\/a\/n\/id\u223c28a0.aspx"},{"key":"e_1_3_5_22_1","doi-asserted-by":"publisher","DOI":"10.1177\/0020764018784624"},{"key":"e_1_3_5_23_1","doi-asserted-by":"publisher","DOI":"10.1136\/bmj.m575"},{"key":"e_1_3_5_24_1","doi-asserted-by":"publisher","DOI":"10.1136\/jech-2011-200707"},{"key":"e_1_3_5_25_1","doi-asserted-by":"publisher","DOI":"10.1016\/j.amepre.2014.06.010"},{"key":"e_1_3_5_26_1","doi-asserted-by":"publisher","DOI":"10.1192\/bjp.bp.109.074633"},{"key":"e_1_3_5_27_1","doi-asserted-by":"publisher","DOI":"10.2307\/2094294"},{"key":"e_1_3_5_28_1","volume-title":"Suicide and the news and information media: A critical review","author":"Pirkis J.","year":"2018","unstructured":"Pirkis, J., Blood, R. W., Sutherland, G., & Currier, D. (2018). Suicide and the news and information media: A critical review. Mindframe, A Program of Everymind."},{"key":"e_1_3_5_29_1","doi-asserted-by":"publisher","DOI":"10.1177\/0004867419888297"},{"key":"e_1_3_5_30_1","doi-asserted-by":"publisher","DOI":"10.1080\/1461670X.2022.2091642"},{"key":"e_1_3_5_31_1","doi-asserted-by":"publisher","DOI":"10.1503\/cmaj.170698"},{"key":"e_1_3_5_32_1","doi-asserted-by":"publisher","DOI":"10.1177\/0004867420976844"},{"key":"e_1_3_5_33_1","doi-asserted-by":"publisher","DOI":"10.1136\/jech.57.4.238"},{"key":"e_1_3_5_34_1","doi-asserted-by":"publisher","DOI":"10.1016\/j.socscimed.2004.08.054"},{"key":"e_1_3_5_35_1","volume-title":"A Tribo Jornal\u00edstica. Uma Comunidade Transnacional [The journalistic tribe. A transnational community].","author":"Traquina N.","year":"2004","unstructured":"Traquina, N. (2004). A Tribo Jornal\u00edstica. Uma Comunidade Transnacional [The journalistic tribe. A transnational community]. Editorial Not\u00edcias."},{"key":"e_1_3_5_36_1","doi-asserted-by":"publisher","DOI":"10.1093\/ije\/dyu056"},{"key":"e_1_3_5_37_1","doi-asserted-by":"publisher","DOI":"10.1016\/j.socscimed.2017.06.032"},{"key":"e_1_3_5_38_1","doi-asserted-by":"publisher","DOI":"10.1192\/pb.bp.115.052761"},{"key":"e_1_3_5_39_1","volume-title":"News as discourse","author":"Van Dijk T. A.","year":"1988","unstructured":"Van Dijk, T. A. (1988). News as discourse. Lawrence Erlbaum Associates."},{"key":"e_1_3_5_40_1","doi-asserted-by":"publisher","DOI":"10.1016\/S0140-6736(10)60809-4"},{"key":"e_1_3_5_41_1","doi-asserted-by":"publisher","DOI":"10.1177\/0706743719854073"},{"key":"e_1_3_5_42_1","unstructured":"World Health Organization. (1993)\u200e. Guidelines for the primary prevention of mental neurological and psychosocial disorders. 4. Suicide. https:\/\/apps.who.int\/iris\/handle\/10665\/58959"},{"key":"e_1_3_5_43_1","unstructured":"World Health Organization. (2000). Preventing suicide: A resource for media professionals. https:\/\/apps.who.int\/iris\/handle\/10665\/67604"},{"key":"e_1_3_5_44_1","unstructured":"World Health Organization. (2008). Preventing suicide: A resource for media professionals. https:\/\/apps.who.int\/iris\/handle\/10665\/43954"},{"key":"e_1_3_5_45_1","unstructured":"World Health Organization. (2017). Preventing suicide: A resource for media professionals update 2017. https:\/\/apps.who.int\/iris\/handle\/10665\/258814"},{"key":"e_1_3_5_46_1","unstructured":"World Health Organization. (2023). World Suicide Prevention Day 2023. https:\/\/www.who.int\/campaigns\/world-suicide-prevention-day\/2023"}],"container-title":["International Review of Psychiatry"],"original-title":[],"language":"en","link":[{"URL":"https:\/\/www.tandfonline.com\/doi\/pdf\/10.1080\/09540261.2024.2327391","content-type":"unspecified","content-version":"vor","intended-application":"similarity-checking"}],"deposited":{"date-parts":[[2025,1,10]],"date-time":"2025-01-10T13:21:55Z","timestamp":1736515315000},"score":1,"resource":{"primary":{"URL":"https:\/\/www.tandfonline.com\/doi\/full\/10.1080\/09540261.2024.2327391"}},"subtitle":[],"short-title":[],"issued":{"date-parts":[[2024,4,2]]},"references-count":45,"journal-issue":{"issue":"4-5","published-print":{"date-parts":[[2024,7,3]]}},"alternative-id":["10.1080\/09540261.2024.2327391"],"URL":"https:\/\/doi.org\/10.1080\/09540261.2024.2327391","relation":{},"ISSN":["0954-0261","1369-1627"],"issn-type":[{"value":"0954-0261","type":"print"},{"value":"1369-1627","type":"electronic"}],"subject":[],"published":{"date-parts":[[2024,4,2]]},"assertion":[{"value":"The publishing and review policy for this title is described in its Aims & Scope.","order":1,"name":"peerreview_statement","label":"Peer Review Statement"},{"value":"http:\/\/www.tandfonline.com\/action\/journalInformation?show=aimsScope&journalCode=iirp20","URL":"http:\/\/www.tandfonline.com\/action\/journalInformation?show=aimsScope&journalCode=iirp20","order":2,"name":"aims_and_scope_url","label":"Aim & Scope"},{"value":"2024-03-04","order":0,"name":"received","label":"Received","group":{"name":"publication_history","label":"Publication History"}},{"value":"2024-03-04","order":2,"name":"accepted","label":"Accepted","group":{"name":"publication_history","label":"Publication History"}},{"value":"2024-04-02","order":3,"name":"published","label":"Published","group":{"name":"publication_history","label":"Publication History"}}]}}