{"status":"ok","message-type":"work","message-version":"1.0.0","message":{"indexed":{"date-parts":[[2026,3,17]],"date-time":"2026-03-17T17:43:57Z","timestamp":1773769437316,"version":"3.50.1"},"reference-count":82,"publisher":"Informa UK Limited","issue":"2","funder":[{"DOI":"10.13039\/501100001871","name":"Foundation for Science and Technology","doi-asserted-by":"publisher","award":["PD\/BD\/114285\/2016."],"award-info":[{"award-number":["PD\/BD\/114285\/2016."]}],"id":[{"id":"10.13039\/501100001871","id-type":"DOI","asserted-by":"publisher"}]}],"content-domain":{"domain":["www.tandfonline.com"],"crossmark-restriction":true},"short-container-title":["Social Identities"],"published-print":{"date-parts":[[2021,3,4]]},"DOI":"10.1080\/13504630.2020.1816459","type":"journal-article","created":{"date-parts":[[2020,9,11]],"date-time":"2020-09-11T06:01:11Z","timestamp":1599804071000},"page":"229-244","update-policy":"https:\/\/doi.org\/10.1080\/tandf_crossmark_01","source":"Crossref","is-referenced-by-count":4,"title":["Belonging among young people with migrant background in Portugal: local, national, and transnational identifications"],"prefix":"10.1080","volume":"27","author":[{"ORCID":"https:\/\/orcid.org\/0000-0003-1216-665X","authenticated-orcid":false,"given":"Carolina","family":"Jardim","sequence":"first","affiliation":[{"name":"Centre of Research and Intervention in Education, University of Porto, Porto, Portugal"}]},{"ORCID":"https:\/\/orcid.org\/0000-0002-2688-1171","authenticated-orcid":false,"given":"Sofia","family":"Marques da Silva","sequence":"additional","affiliation":[{"name":"Centre of Research and Intervention in Education, University of Porto, Porto, Portugal"}]}],"member":"301","published-online":{"date-parts":[[2020,9,10]]},"reference":[{"key":"CIT0001","doi-asserted-by":"publisher","DOI":"10.1093\/jrs\/fen016"},{"key":"CIT0002","volume-title":"Strangers no more. Immigration and the challenges of integration in North America and Western Europe","author":"Alba R.","year":"2017"},{"key":"CIT0003","doi-asserted-by":"publisher","DOI":"10.1017\/S175577391300009X"},{"key":"CIT0004","doi-asserted-by":"publisher","DOI":"10.1111\/j.1749-8198.2009.00317.x"},{"key":"CIT0005","volume-title":"Globalization: The human consequences","author":"Bauman Z.","year":"1998"},{"key":"CIT0006","doi-asserted-by":"publisher","DOI":"10.1080\/1354571X.2011.565634"},{"key":"CIT0007","doi-asserted-by":"publisher","DOI":"10.1080\/026999497378467"},{"key":"CIT0008","doi-asserted-by":"publisher","DOI":"10.1016\/j.ijintrel.2009.11.007"},{"key":"CIT0009","doi-asserted-by":"publisher","DOI":"10.1080\/1369183X.2017.1369868"},{"key":"CIT0010","doi-asserted-by":"publisher","DOI":"10.1191\/0309132505ph564pr"},{"key":"CIT0011","doi-asserted-by":"publisher","DOI":"10.1080\/17448689.2015.1019180"},{"key":"CIT0012","doi-asserted-by":"publisher","DOI":"10.1111\/j.1540-5907.2008.00353.x"},{"key":"CIT0013","doi-asserted-by":"publisher","DOI":"10.1080\/16138171.2017.1349643"},{"key":"CIT0014","doi-asserted-by":"publisher","DOI":"10.1177\/1468796803003004005"},{"key":"CIT0015","doi-asserted-by":"publisher","DOI":"10.1177\/1103308813512931"},{"key":"CIT0016","doi-asserted-by":"publisher","DOI":"10.1007\/s10964-009-9404-1"},{"key":"CIT0017","doi-asserted-by":"publisher","DOI":"10.5209\/RASO.63766"},{"key":"CIT0018","doi-asserted-by":"publisher","DOI":"10.1177\/0907568210365649"},{"key":"CIT0019","doi-asserted-by":"publisher","DOI":"10.1057\/9780230305076"},{"key":"CIT0020","doi-asserted-by":"publisher","DOI":"10.1111\/j.1365-2648.2007.04569.x"},{"key":"CIT0021","doi-asserted-by":"publisher","DOI":"10.1057\/9780230355323"},{"key":"CIT0022","doi-asserted-by":"publisher","DOI":"10.1177\/026327640201900112"},{"key":"CIT0023","doi-asserted-by":"publisher","DOI":"10.1080\/07256868.2020.1751599"},{"key":"CIT0024","doi-asserted-by":"publisher","DOI":"10.1093\/jrs\/fet018"},{"key":"CIT0025","doi-asserted-by":"publisher","DOI":"10.1080\/13504630.2017.1381834"},{"key":"CIT0026","volume-title":"Modernity and self-identity: Self and society in the Late Modern Age","author":"Giddens A.","year":"1991"},{"key":"CIT0027","volume-title":"Belonging. Solidarity and division in modern societies","author":"Guibernau M.","year":"2013"},{"key":"CIT0028","doi-asserted-by":"publisher","DOI":"10.1177\/00139160121973188"},{"key":"CIT0029","volume-title":"A Identidade Cultural na P\u00f3s-modernidade. [The question of cultural identity]","author":"Hall S.","year":"2005","edition":"10"},{"key":"CIT0030","doi-asserted-by":"publisher","DOI":"10.1353\/sof.2011.0003"},{"key":"CIT0031","doi-asserted-by":"publisher","DOI":"10.1080\/15283480709336930"},{"key":"CIT0032","doi-asserted-by":"publisher","DOI":"10.4324\/9780203888018"},{"key":"CIT0033","doi-asserted-by":"publisher","DOI":"10.2307\/j.ctt9qd9c9.11"},{"key":"CIT0035","doi-asserted-by":"crossref","DOI":"10.4135\/9781446214855","volume-title":"Rethinking ethnicity: Arguments and explorations","author":"Jenkins R.","year":"2008","edition":"2"},{"key":"CIT0036","doi-asserted-by":"publisher","DOI":"10.1177\/0907568217729191"},{"key":"CIT0037","volume-title":"Interviews in qualitative research","author":"King N.","year":"2010"},{"key":"CIT0038","volume-title":"The changing face of home: The transnational lives of the second generation","author":"Levitt P.","year":"2006"},{"key":"CIT0039","volume-title":"O Ocidente Mundializado. Controv\u00e9rsia sobre a cultura planet\u00e1ria. [Globalized West. Controversy over planetary culture]","author":"Lipovetsky G.","year":"2011"},{"key":"CIT0040","first-page":"111","volume":"16","author":"Machado F. L.","year":"1994","journal-title":"Sociologia Problemas e Pr\u00e1ticas"},{"key":"CIT0041","first-page":"121","volume-title":"Revista Migra\u00e7\u00f5es \u2013 N\u00famero Tem\u00e1tico Imigra\u00e7\u00e3o e Mercado de Trabalho","author":"Machado F. L.","year":"2008"},{"key":"CIT0042","doi-asserted-by":"publisher","DOI":"10.4000\/cea.706"},{"key":"CIT0043","doi-asserted-by":"publisher","DOI":"10.1177\/0038038511399624"},{"key":"CIT0044","doi-asserted-by":"publisher","DOI":"10.1007\/978-1-137-36726-6"},{"key":"CIT0045","doi-asserted-by":"publisher","DOI":"10.4000\/cea.640"},{"key":"CIT0046","doi-asserted-by":"publisher","DOI":"10.1080\/1070289X.2015.1096273"},{"key":"CIT0047","first-page":"37","volume":"1","author":"Padilla B.","year":"2016","journal-title":"Comparative Cultural Studies: European and Latin America Perspectives"},{"key":"CIT0048","doi-asserted-by":"publisher","DOI":"10.1590\/S1980-85852014000100009"},{"key":"CIT0049","unstructured":"Painter, C. V. (2013).Sense of belonging: literature review. Citizenship and Immigration Canada. Research and Evaluation."},{"key":"CIT0050","doi-asserted-by":"publisher","DOI":"10.1080\/13504630.2019.1677458"},{"key":"CIT0051","volume-title":"The Gates of Europe: A history of Ukraine","author":"Plokhy S.","year":"2017"},{"key":"CIT0052","doi-asserted-by":"publisher","DOI":"10.1177\/0891241616649235"},{"key":"CIT0053","doi-asserted-by":"publisher","DOI":"10.1080\/07256868.2017.1363166"},{"key":"CIT0054","first-page":"1","author":"Rapp C.","year":"2018","journal-title":"Journal of Ethnic and Migration Studies"},{"key":"CIT0055","doi-asserted-by":"publisher","DOI":"10.1353\/dsp.2011.0043"},{"key":"CIT0056","doi-asserted-by":"publisher","DOI":"10.1080\/13676261.2014.992307"},{"key":"CIT0057","first-page":"1","author":"Ribeiro N.","year":"2016","journal-title":"Urban Education"},{"key":"CIT0058","first-page":"191","volume-title":"Keywords in youth studies","author":"Rizvi F.","year":"2012"},{"key":"CIT0059","volume-title":"Crescer fora de \u00e1gua? Expressividades, posicionamentos e negocia\u00e7\u00f5es identit\u00e1rias de jovens de origem africana na regi\u00e3o metropolitana de Lisboa. [Grow out of water? Expressions, positions and identity negotiations of young people of African origin in the metropolitan region of Lisbon]","author":"Rosales M. V.","year":"2009"},{"key":"CIT0060","doi-asserted-by":"publisher","DOI":"10.1080\/13504630.2017.1310038"},{"key":"CIT0061","doi-asserted-by":"publisher","DOI":"10.1080\/14036090903434975"},{"key":"CIT0062","doi-asserted-by":"crossref","first-page":"19","DOI":"10.1515\/9789048516926-003","volume-title":"The European second generation compared","author":"Schneider J.","year":"2012"},{"key":"CIT0063","volume-title":"Where we are. The state of Britain now","author":"Scruton R.","year":"2019"},{"key":"CIT0064","doi-asserted-by":"publisher","DOI":"10.1093\/migration\/mny013"},{"key":"CIT0065","volume-title":"Relat\u00f3rio de imigrac\u00e3o Fronteiras e Asilo 2018 [Immigration, borders and asylum report 2018]","author":"SEF","year":"2019"},{"key":"CIT0066","doi-asserted-by":"publisher","DOI":"10.1177\/0020715207088585"},{"key":"CIT0067","doi-asserted-by":"publisher","DOI":"10.1080\/01402382.2012.749652"},{"issue":"18","key":"CIT0068","first-page":"1","volume":"4","author":"Spencer S.","year":"2016","journal-title":"Comparative Migration Studies"},{"key":"CIT0069","doi-asserted-by":"publisher","DOI":"10.1080\/13676261.2012.671931"},{"key":"CIT0070","volume-title":"Approaching youth studies. Being, becoming and belonging","author":"Tilleczek K.","year":"2011"},{"key":"CIT0071","doi-asserted-by":"publisher","DOI":"10.1080\/1369183X.2012.668028"},{"key":"CIT0072","doi-asserted-by":"publisher","DOI":"10.1037\/ppm0000203"},{"key":"CIT0073","doi-asserted-by":"publisher","DOI":"10.4000\/cea.627"},{"key":"CIT0074","doi-asserted-by":"publisher","DOI":"10.1080\/07256868.2013.781983"},{"key":"CIT0075","doi-asserted-by":"publisher","DOI":"10.1177\/2043610618796735"},{"key":"CIT0076","doi-asserted-by":"publisher","DOI":"10.1111\/1467-9760.00100"},{"key":"CIT0077","volume-title":"Spheres of justice: A defense of pluralism and equality","author":"Walzer W.","year":"1983"},{"key":"CIT0078","doi-asserted-by":"publisher","DOI":"10.1080\/07256868.2019.1577225"},{"key":"CIT0079","first-page":"1","volume":"56","author":"Wessendorf S.","year":"2017","journal-title":"Urban Studies"},{"key":"CIT0080","doi-asserted-by":"publisher","DOI":"10.1177\/1468796815588619"},{"key":"CIT0081","doi-asserted-by":"publisher","DOI":"10.1080\/14649365.2017.1373301"},{"key":"CIT0082","doi-asserted-by":"publisher","DOI":"10.1080\/00313220600769331"},{"key":"CIT0083","doi-asserted-by":"publisher","DOI":"10.3917\/rai.058.0091"}],"container-title":["Social Identities"],"original-title":[],"language":"en","link":[{"URL":"https:\/\/www.tandfonline.com\/doi\/pdf\/10.1080\/13504630.2020.1816459","content-type":"unspecified","content-version":"vor","intended-application":"similarity-checking"}],"deposited":{"date-parts":[[2022,11,17]],"date-time":"2022-11-17T21:42:23Z","timestamp":1668721343000},"score":1,"resource":{"primary":{"URL":"https:\/\/www.tandfonline.com\/doi\/full\/10.1080\/13504630.2020.1816459"}},"subtitle":[],"short-title":[],"issued":{"date-parts":[[2020,9,10]]},"references-count":82,"journal-issue":{"issue":"2","published-print":{"date-parts":[[2021,3,4]]}},"alternative-id":["10.1080\/13504630.2020.1816459"],"URL":"https:\/\/doi.org\/10.1080\/13504630.2020.1816459","relation":{},"ISSN":["1350-4630","1363-0296"],"issn-type":[{"value":"1350-4630","type":"print"},{"value":"1363-0296","type":"electronic"}],"subject":[],"published":{"date-parts":[[2020,9,10]]},"assertion":[{"value":"The publishing and review policy for this title is described in its Aims & Scope.","order":1,"name":"peerreview_statement","label":"Peer Review Statement"},{"value":"http:\/\/www.tandfonline.com\/action\/journalInformation?show=aimsScope&journalCode=csid20","URL":"http:\/\/www.tandfonline.com\/action\/journalInformation?show=aimsScope&journalCode=csid20","order":2,"name":"aims_and_scope_url","label":"Aim & Scope"},{"value":"2020-05-22","order":0,"name":"received","label":"Received","group":{"name":"publication_history","label":"Publication History"}},{"value":"2020-08-26","order":2,"name":"accepted","label":"Accepted","group":{"name":"publication_history","label":"Publication History"}},{"value":"2020-09-10","order":3,"name":"published","label":"Published","group":{"name":"publication_history","label":"Publication History"}}]}}