{"status":"ok","message-type":"work","message-version":"1.0.0","message":{"indexed":{"date-parts":[[2025,11,8]],"date-time":"2025-11-08T22:51:23Z","timestamp":1762642283275,"version":"3.40.5"},"reference-count":15,"publisher":"Informa UK Limited","issue":"1","content-domain":{"domain":["www.tandfonline.com"],"crossmark-restriction":true},"short-container-title":["International Journal of Inclusive Education"],"published-print":{"date-parts":[[2021,1,2]]},"DOI":"10.1080\/13603116.2019.1678752","type":"journal-article","created":{"date-parts":[[2019,11,5]],"date-time":"2019-11-05T05:23:44Z","timestamp":1572931424000},"page":"66-80","update-policy":"https:\/\/doi.org\/10.1080\/tandf_crossmark_01","source":"Crossref","is-referenced-by-count":3,"title":["Welcoming refugees in Portugal: preliminary assessment through the voices of refugee families"],"prefix":"10.1080","volume":"25","author":[{"ORCID":"https:\/\/orcid.org\/0000-0002-5907-8756","authenticated-orcid":false,"given":"Mariana","family":"Barbosa","sequence":"first","affiliation":[{"name":"Centro de Investiga\u00e7\u00e3o para o Desenvolvimento Humano, Universidade Cat\u00f3lica Portuguesa, Porto, Portugal"}]},{"given":"Mafalda","family":"Santos","sequence":"additional","affiliation":[{"name":"Centro de Investiga\u00e7\u00e3o para o Desenvolvimento Humano, Universidade Cat\u00f3lica Portuguesa, Porto, Portugal"}]},{"ORCID":"https:\/\/orcid.org\/0000-0003-1224-593X","authenticated-orcid":false,"given":"Elisa","family":"Veiga","sequence":"additional","affiliation":[{"name":"Centro de Investiga\u00e7\u00e3o para o Desenvolvimento Humano, Universidade Cat\u00f3lica Portuguesa, Porto, Portugal"}]},{"ORCID":"https:\/\/orcid.org\/0000-0002-8853-786X","authenticated-orcid":false,"given":"Filipe","family":"Martins","sequence":"additional","affiliation":[{"name":"Centro de Investiga\u00e7\u00e3o para o Desenvolvimento Humano, Universidade Cat\u00f3lica Portuguesa, Porto, Portugal"}]},{"ORCID":"https:\/\/orcid.org\/0000-0002-8314-205X","authenticated-orcid":false,"given":"Maria Teresa","family":"Ribeiro","sequence":"additional","affiliation":[{"name":"Centro de Investiga\u00e7\u00e3o em Ci\u00eancias Psicol\u00f3gicas, Universidade de Lisboa, Lisbon, Portugal"}]},{"given":"Joana","family":"Faria","sequence":"additional","affiliation":[{"name":"Instituto Nacional de Emerg\u00eancia M\u00e9dica; Faculdade de Psicologia, Universidade de Lisboa, Lisbon, Portugal"}]}],"member":"301","published-online":{"date-parts":[[2019,11,4]]},"reference":[{"key":"CIT0001","doi-asserted-by":"publisher","DOI":"10.1017\/CBO9780511499814"},{"key":"CIT0002","doi-asserted-by":"publisher","DOI":"10.7202\/1043065ar"},{"key":"CIT0003","doi-asserted-by":"publisher","DOI":"10.1191\/1478088706qp063oa"},{"key":"CIT0004","doi-asserted-by":"publisher","DOI":"10.1590\/1980-85852503880005103"},{"key":"CIT0005","doi-asserted-by":"publisher","DOI":"10.1016\/j.scs.2017.11.002"},{"key":"CIT0006","first-page":"99","volume-title":"Structural Context of Refugee Integration in Canada and Germany","author":"Dib Kamal.","year":"2017"},{"volume-title":"Refugees in Europe: Review of Integration Practices & Policies","year":"2018","author":"European Foundation for Democracy","key":"CIT0007"},{"key":"CIT0008","first-page":"25","volume":"53","author":"Fiddian-Qasmiyeh Elena.","year":"2016","journal-title":"Forced Migration Review"},{"key":"CIT0009","doi-asserted-by":"publisher","DOI":"10.1007\/s00787-015-0807-0"},{"key":"CIT0010","volume-title":"Structural Context of Refugee Integration in Canada and Germany","volume":"15","author":"Korntheuer Annette","year":"2017"},{"volume-title":"Qualitative Research Practice: A Guide for Social Science Students and Researchers","year":"2003","author":"Richie Jane","key":"CIT0011"},{"volume-title":"Fundamentals of Qualitative Research","year":"2011","author":"Salda\u00f1a Johnny.","key":"CIT0012"},{"key":"CIT0013","doi-asserted-by":"publisher","DOI":"10.1002\/casp.2307"},{"key":"CIT0014","first-page":"88","volume-title":"Policy & Practice: A Development Education Review","author":"Tarusarira Joram.","year":"2017"},{"volume-title":"Trends at a Glance","year":"2018","author":"United Nations High Commissioner for Refugees (UNHCR)","key":"CIT0015"}],"container-title":["International Journal of Inclusive Education"],"original-title":[],"language":"en","link":[{"URL":"https:\/\/www.tandfonline.com\/doi\/pdf\/10.1080\/13603116.2019.1678752","content-type":"unspecified","content-version":"vor","intended-application":"similarity-checking"}],"deposited":{"date-parts":[[2021,5,24]],"date-time":"2021-05-24T17:52:35Z","timestamp":1621878755000},"score":1,"resource":{"primary":{"URL":"https:\/\/www.tandfonline.com\/doi\/full\/10.1080\/13603116.2019.1678752"}},"subtitle":[],"short-title":[],"issued":{"date-parts":[[2019,11,4]]},"references-count":15,"journal-issue":{"issue":"1","published-print":{"date-parts":[[2021,1,2]]}},"alternative-id":["10.1080\/13603116.2019.1678752"],"URL":"https:\/\/doi.org\/10.1080\/13603116.2019.1678752","relation":{},"ISSN":["1360-3116","1464-5173"],"issn-type":[{"type":"print","value":"1360-3116"},{"type":"electronic","value":"1464-5173"}],"subject":[],"published":{"date-parts":[[2019,11,4]]},"assertion":[{"value":"The publishing and review policy for this title is described in its Aims & Scope.","order":1,"name":"peerreview_statement","label":"Peer Review Statement"},{"value":"http:\/\/www.tandfonline.com\/action\/journalInformation?show=aimsScope&journalCode=tied20","URL":"http:\/\/www.tandfonline.com\/action\/journalInformation?show=aimsScope&journalCode=tied20","order":2,"name":"aims_and_scope_url","label":"Aim & Scope"},{"value":"2019-11-04","order":3,"name":"published","label":"Published","group":{"name":"publication_history","label":"Publication History"}}]}}