{"status":"ok","message-type":"work","message-version":"1.0.0","message":{"indexed":{"date-parts":[[2026,2,28]],"date-time":"2026-02-28T04:49:58Z","timestamp":1772254198916,"version":"3.50.1"},"reference-count":28,"publisher":"Informa UK Limited","issue":"1","funder":[{"DOI":"10.13039\/501100001871","name":"Portuguese Foundation for Science and Technology","doi-asserted-by":"publisher","id":[{"id":"10.13039\/501100001871","id-type":"DOI","asserted-by":"publisher"}]},{"DOI":"10.13039\/501100004895","name":"European Social Fund, under the Human Capital Operational Programme","doi-asserted-by":"publisher","id":[{"id":"10.13039\/501100004895","id-type":"DOI","asserted-by":"publisher"}]}],"content-domain":{"domain":["www.tandfonline.com"],"crossmark-restriction":true},"short-container-title":["International Journal of Inclusive Education"],"published-print":{"date-parts":[[2021,1,2]]},"DOI":"10.1080\/13603116.2019.1678777","type":"journal-article","created":{"date-parts":[[2019,10,17]],"date-time":"2019-10-17T12:33:00Z","timestamp":1571315580000},"page":"81-93","update-policy":"https:\/\/doi.org\/10.1080\/tandf_crossmark_01","source":"Crossref","is-referenced-by-count":6,"title":["Professionals\u2019 key knowledge, competences and practices to promote social inclusion of refugees"],"prefix":"10.1080","volume":"25","author":[{"ORCID":"https:\/\/orcid.org\/0000-0001-6611-5298","authenticated-orcid":false,"given":"Ana Lu\u00edsa","family":"Costa","sequence":"first","affiliation":[{"name":"CIIE - Centre for Research and Intervention in Education, Faculty of Psychology and Education Sciences, University of Porto, Porto, Portugal"}]},{"ORCID":"https:\/\/orcid.org\/0000-0002-7738-4757","authenticated-orcid":false,"given":"Susana","family":"Coimbra","sequence":"additional","affiliation":[{"name":"CPUP \u2013 Centre for Psychology at University of Porto, Faculty of Psychology and Education Sciences, University of Porto, Porto, Portugal"}]},{"ORCID":"https:\/\/orcid.org\/0000-0001-8271-2818","authenticated-orcid":false,"given":"Marta","family":"Pinto","sequence":"additional","affiliation":[{"name":"CIIE - Centre for Research and Intervention in Education, Faculty of Psychology and Education Sciences, University of Porto, Porto, Portugal"}]},{"ORCID":"https:\/\/orcid.org\/0000-0002-6851-7263","authenticated-orcid":false,"given":"Elsa Guedes","family":"Teixeira","sequence":"additional","affiliation":[{"name":"CIIE - Centre for Research and Intervention in Education, Faculty of Psychology and Education Sciences, University of Porto, Porto, Portugal"}]},{"ORCID":"https:\/\/orcid.org\/0000-0002-8345-3915","authenticated-orcid":false,"given":"Jo\u00e3o","family":"Caramelo","sequence":"additional","affiliation":[{"name":"CIIE - Centre for Research and Intervention in Education, Faculty of Psychology and Education Sciences, University of Porto, Porto, Portugal"}]}],"member":"301","published-online":{"date-parts":[[2019,10,17]]},"reference":[{"key":"CIT0001","unstructured":"ACNUR. 2017. \"Figures at a Glance.\" Accessed 23 October 2017. http:\/\/www.unhcr.org\/figures-at-a-glance.html."},{"key":"CIT0002","doi-asserted-by":"publisher","DOI":"10.1093\/bjsw\/bcs087"},{"key":"CIT0003","unstructured":"Amnistia Internacional Portugal, Associa\u00e7\u00e3o Portuguesa de Apoio \u00e0 V\u00edtima, CAVITOP, Funda\u00e7\u00e3o Serra Henriques, M\u00e9dicos do Mundo Portugal, and Associa\u00e7\u00e3o de Estudos Estrat\u00e9gicos e Internacionais. 2015. \"Recomenda\u00e7\u00f5es: acolhimento de curto e integra\u00e7\u00e3o de longo prazo de migrantes\". https:\/\/www.amnistia.pt\/wp-content\/uploads\/2017\/06\/NSIS_RECOMENDACOES_DE_ACOLHIMENTO_DE_CURTO_E_LONGO_PRAZO_DE_MIGRANTES_dez2015.pdf"},{"key":"CIT0004","doi-asserted-by":"publisher","DOI":"10.1007\/s00038-015-0754-z"},{"key":"CIT0001a","doi-asserted-by":"publisher","DOI":"10.1016\/0147-1767(92)90031-O"},{"key":"CIT0005","doi-asserted-by":"publisher","DOI":"10.1191\/1478088706qp063oa"},{"issue":"2","key":"CIT0006","first-page":"49","volume":"6","author":"Costa Paulo M.","year":"2017","journal-title":"Oxford Monitor of Forced Migration"},{"key":"CIT0007","doi-asserted-by":"publisher","DOI":"10.1093\/cdj\/bsi021"},{"key":"CIT0002a","unstructured":"Eurostat. 2018. EU Member States Granted Protection to More than Half a Milion Asylum Seekers in 2017. Newsrelease: Asylum decisions in the EU. https:\/\/ec.europa.eu\/eurostat\/documents\/2995521\/8817675\/3-19042018-AP-EN.pdf\/748e8fae-2cfb-4e75-a388-f06f6ce8ff58"},{"key":"CIT0008","doi-asserted-by":"publisher","DOI":"10.1093\/sw\/sww005"},{"key":"CIT0009","doi-asserted-by":"publisher","DOI":"10.1037\/vio0000215"},{"key":"CIT0010","doi-asserted-by":"publisher","DOI":"10.1007\/s10615-012-0397-y"},{"key":"CIT0011","doi-asserted-by":"publisher","DOI":"10.1177\/0011000004268802"},{"key":"CIT0012","unstructured":"IFSW. 2016. \"Social Work Responding to the Political Crisis Forcing People into Displacement and Refugee Status\" (International Federation of Social Workers Statement). Accessed 23 October 2017. http:\/\/ifsw.org\/news\/social-work-responding-to-the-political-crisis-forcing-people-into-displacement-and-refugee-status\/"},{"key":"CIT0003a","volume-title":"Migrant Integration: 2017 Edition (Eurostat)","author":"Juchno Piotr","year":"2017"},{"key":"CIT0013","doi-asserted-by":"publisher","DOI":"10.1111\/ap.12149"},{"key":"CIT0014","doi-asserted-by":"publisher","DOI":"10.1177\/0011000013491610"},{"key":"CIT0015","first-page":"79","volume":"1","author":"Lechner Elsa.","year":"2007","journal-title":"Migra\u00e7\u00f5es"},{"key":"CIT0016","doi-asserted-by":"publisher","DOI":"10.1093\/sw\/46.4.350"},{"key":"CIT0017","doi-asserted-by":"publisher","DOI":"10.1177\/0020872806063407"},{"key":"CIT0018","doi-asserted-by":"publisher","DOI":"10.1046\/j.1365-2206.2003.00286.x"},{"key":"CIT0019","doi-asserted-by":"publisher","DOI":"10.1080\/0261547022000026355"},{"key":"CIT0020","unstructured":"Santinho, Maria C. 2011. \u2018\u201cPodemos pedir abrigo na pris\u00e3o?\u201d: Viol\u00eancia quotidiana e desencontros terap\u00eauticos. Refugiados e requerentes de asilo em Portugal (estudo de caso)\u2019, Paper presented at the 7.\u00b0 Congresso Ib\u00e9rico de Estudos Africanos, 14 February 2011, Lisbon, Portugal."},{"issue":"1","key":"CIT0021","first-page":"5","volume":"17","author":"Santinho Maria C.","year":"2013","journal-title":"Etnogr\u00e1fica. Revista do Centro em Rede de Investiga\u00e7\u00e3o em Antropologia"},{"key":"CIT0022","doi-asserted-by":"publisher","DOI":"10.1177\/0020872816681655"},{"key":"CIT0023","doi-asserted-by":"publisher","DOI":"10.1177\/0891243287001002002"},{"key":"CIT0024","doi-asserted-by":"publisher","DOI":"10.1080\/09515070802334781"},{"key":"CIT0025","doi-asserted-by":"publisher","DOI":"10.1093\/bjsw\/bcs175"}],"container-title":["International Journal of Inclusive Education"],"original-title":[],"language":"en","link":[{"URL":"https:\/\/www.tandfonline.com\/doi\/pdf\/10.1080\/13603116.2019.1678777","content-type":"unspecified","content-version":"vor","intended-application":"similarity-checking"}],"deposited":{"date-parts":[[2021,5,24]],"date-time":"2021-05-24T17:52:43Z","timestamp":1621878763000},"score":1,"resource":{"primary":{"URL":"https:\/\/www.tandfonline.com\/doi\/full\/10.1080\/13603116.2019.1678777"}},"subtitle":[],"short-title":[],"issued":{"date-parts":[[2019,10,17]]},"references-count":28,"journal-issue":{"issue":"1","published-print":{"date-parts":[[2021,1,2]]}},"alternative-id":["10.1080\/13603116.2019.1678777"],"URL":"https:\/\/doi.org\/10.1080\/13603116.2019.1678777","relation":{},"ISSN":["1360-3116","1464-5173"],"issn-type":[{"value":"1360-3116","type":"print"},{"value":"1464-5173","type":"electronic"}],"subject":[],"published":{"date-parts":[[2019,10,17]]},"assertion":[{"value":"The publishing and review policy for this title is described in its Aims & Scope.","order":1,"name":"peerreview_statement","label":"Peer Review Statement"},{"value":"http:\/\/www.tandfonline.com\/action\/journalInformation?show=aimsScope&journalCode=tied20","URL":"http:\/\/www.tandfonline.com\/action\/journalInformation?show=aimsScope&journalCode=tied20","order":2,"name":"aims_and_scope_url","label":"Aim & Scope"},{"value":"2019-10-17","order":3,"name":"published","label":"Published","group":{"name":"publication_history","label":"Publication History"}}]}}