{"status":"ok","message-type":"work","message-version":"1.0.0","message":{"indexed":{"date-parts":[[2026,3,24]],"date-time":"2026-03-24T03:36:33Z","timestamp":1774323393499,"version":"3.50.1"},"reference-count":59,"publisher":"Informa UK Limited","issue":"12","content-domain":{"domain":["www.tandfonline.com"],"crossmark-restriction":true},"short-container-title":["International Journal of Inclusive Education"],"published-print":{"date-parts":[[2022,10,15]]},"DOI":"10.1080\/13603116.2020.1776779","type":"journal-article","created":{"date-parts":[[2020,6,16]],"date-time":"2020-06-16T01:24:27Z","timestamp":1592270667000},"page":"1192-1210","update-policy":"https:\/\/doi.org\/10.1080\/tandf_crossmark_01","source":"Crossref","is-referenced-by-count":45,"title":["Teachers with disabilities: a literature review"],"prefix":"10.1080","volume":"26","author":[{"ORCID":"https:\/\/orcid.org\/0000-0002-6815-5602","authenticated-orcid":false,"given":"Patr\u00edcia","family":"Neca","sequence":"first","affiliation":[{"name":"Instituto Superior de Ci\u00eancias Sociais e Pol\u00edticas, Universidade de Lisboa (ISCSP-ULisboa), Lisboa, Portugal"}]},{"ORCID":"https:\/\/orcid.org\/0000-0002-2763-2433","authenticated-orcid":false,"given":"Maria Leonor","family":"Borges","sequence":"additional","affiliation":[{"name":"Universidade do Algarve, Faro, Portugal"}]},{"ORCID":"https:\/\/orcid.org\/0000-0003-4040-1688","authenticated-orcid":false,"given":"Paula Campos","family":"Pinto","sequence":"additional","affiliation":[{"name":"Instituto Superior de Ci\u00eancias Sociais e Pol\u00edticas, Universidade de Lisboa (ISCSP-ULisboa), Lisboa, Portugal"}]}],"member":"301","published-online":{"date-parts":[[2020,6,15]]},"reference":[{"key":"CIT0001","doi-asserted-by":"publisher","DOI":"10.1080\/10714410600873258"},{"issue":"1","key":"CIT0002","first-page":"73","volume":"12","author":"Antilla-Garza Julie.","year":"2015","journal-title":"AILACTE Journal"},{"key":"CIT0003","doi-asserted-by":"publisher","DOI":"10.1177\/088840640703000302"},{"key":"CIT0004","doi-asserted-by":"publisher","DOI":"10.1080\/13603111003721098"},{"key":"CIT0005","doi-asserted-by":"publisher","DOI":"10.1177\/0022466915594368"},{"key":"CIT0006","doi-asserted-by":"publisher","DOI":"10.2307\/20459005"},{"key":"CIT0007","doi-asserted-by":"publisher","DOI":"10.1080\/01626620.2006.10463415"},{"key":"CIT0008","doi-asserted-by":"publisher","DOI":"10.1080\/17408980802225800"},{"key":"CIT0009","doi-asserted-by":"publisher","DOI":"10.1177\/1356336X09105209"},{"key":"CIT0010","doi-asserted-by":"publisher","DOI":"10.1080\/13540602.2010.507964"},{"key":"CIT0011","doi-asserted-by":"publisher","DOI":"10.1016\/j.tate.2011.03.007"},{"key":"CIT0012","doi-asserted-by":"publisher","DOI":"10.1016\/j.tate.2013.04.007"},{"key":"CIT0013","doi-asserted-by":"publisher","DOI":"10.1080\/13603110903046002"},{"key":"CIT0014","doi-asserted-by":"publisher","DOI":"10.1080\/10476210120096597"},{"key":"CIT0015","doi-asserted-by":"publisher","DOI":"10.1177\/1555458909336842"},{"key":"CIT0016","doi-asserted-by":"publisher","DOI":"10.1007\/s10755-015-9326-7"},{"key":"CIT0017","doi-asserted-by":"publisher","DOI":"10.1080\/713698718"},{"key":"CIT0018","doi-asserted-by":"publisher","DOI":"10.1016\/j.tate.2015.09.001"},{"key":"CIT0019","unstructured":"(EASNIE) European Agency for Special Needs and Inclusive Education. 2012. \u201cTeacher Education for Inclusion \u2013 Profile of Inclusive Teachers.\u201d Odense, Denmark. http:\/\/www.european-agency.org\/sites\/default\/files\/profile_of_inclusive_teachers_en.pdf."},{"key":"CIT0020","doi-asserted-by":"publisher","DOI":"10.1177\/00222194050380010501"},{"key":"CIT0021","doi-asserted-by":"publisher","DOI":"10.1177\/002221940103400103"},{"key":"CIT0022","doi-asserted-by":"publisher","DOI":"10.1016\/j.tate.2009.02.003"},{"key":"CIT0023","doi-asserted-by":"publisher","DOI":"10.1177\/0022487101052001004"},{"key":"CIT0024","doi-asserted-by":"publisher","DOI":"10.1080\/095183998236791"},{"key":"CIT0025","doi-asserted-by":"publisher","DOI":"10.1111\/j.1471-3802.2012.01254.x"},{"key":"CIT0026","doi-asserted-by":"publisher","DOI":"10.1002\/dys.1493"},{"key":"CIT0027","doi-asserted-by":"publisher","DOI":"10.1123\/apaq.2013-0089"},{"key":"CIT0028","doi-asserted-by":"publisher","DOI":"10.1177\/875687050202100305"},{"key":"CIT0029","doi-asserted-by":"publisher","DOI":"10.1111\/j.1471-3802.2011.01201.x"},{"key":"CIT0030","doi-asserted-by":"publisher","DOI":"10.12973\/iji.2018.11333a"},{"key":"CIT0031","doi-asserted-by":"publisher","DOI":"10.4148\/0146-9282.1208"},{"key":"CIT0032","doi-asserted-by":"publisher","DOI":"10.1080\/1536710X.2011.546300"},{"key":"CIT0033","doi-asserted-by":"publisher","DOI":"10.1111\/jade.12067"},{"key":"CIT0034","doi-asserted-by":"publisher","DOI":"10.1080\/13603116.2017.1412510"},{"key":"CIT0035","doi-asserted-by":"publisher","DOI":"10.1080\/08878739609555124"},{"key":"CIT0036","doi-asserted-by":"publisher","DOI":"10.1080\/13603116.2015.1073374"},{"issue":"1","key":"CIT0037","first-page":"112","volume":"26","author":"Lee Melissa Ng","year":"2011","journal-title":"International Journal of Special Education"},{"key":"CIT0038","doi-asserted-by":"publisher","DOI":"10.1177\/0145482X0309700304"},{"key":"CIT0039","doi-asserted-by":"publisher","DOI":"10.1177\/0145482X1711100609"},{"key":"CIT0040","doi-asserted-by":"publisher","DOI":"10.1177\/0022466910376670"},{"key":"CIT0041","doi-asserted-by":"publisher","DOI":"10.1080\/0305764X.2012.749390"},{"key":"CIT0042","doi-asserted-by":"publisher","DOI":"10.1177\/0145482X1110500903"},{"key":"CIT0043","doi-asserted-by":"publisher","DOI":"10.1177\/0022429416674704"},{"key":"CIT0044","doi-asserted-by":"publisher","DOI":"10.1080\/10632913.2016.1201028"},{"key":"CIT0045","doi-asserted-by":"publisher","DOI":"10.1080\/02674649166780281"},{"key":"CIT0046","doi-asserted-by":"publisher","DOI":"10.36251\/josi.4"},{"issue":"1","key":"CIT0047","first-page":"38","volume":"64","author":"Reilly Nora P.","year":"1998","journal-title":"The Journal of Rehabilitation"},{"key":"CIT0048","doi-asserted-by":"publisher","DOI":"10.1080\/1360311032000110945"},{"key":"CIT0049","doi-asserted-by":"publisher","DOI":"10.1111\/hoeq.12004"},{"key":"CIT0050","doi-asserted-by":"publisher","DOI":"10.1080\/13603116.2014.881567"},{"issue":"2","key":"CIT0051","first-page":"1","volume":"46","author":"Smith Douglas J.","year":"2000","journal-title":"Alberta Journal of Educational Research"},{"key":"CIT0052","doi-asserted-by":"publisher","DOI":"10.5206\/cjsotl-rcacea.2017.3.7"},{"key":"CIT0053","doi-asserted-by":"publisher","DOI":"10.1080\/10665680500534007"},{"key":"CIT0054","doi-asserted-by":"publisher","DOI":"10.3200\/PSFL.52.1.56-58"},{"key":"CIT0055","doi-asserted-by":"publisher","DOI":"10.1080\/03054985.2016.1157062"},{"key":"CIT0056","volume-title":"The Salamanca Statement and Framework for Action on Special Needs Education","author":"UNESCO (United Nations Educational, Scientific and Cultural Organization)","year":"1994"},{"key":"CIT0057","unstructured":"UN (United Nations). 2006. \u201cConvention on the Rights of Persons with Disabilities.\u201d https:\/\/www.un.org\/development\/desa\/disabilities\/convention-on-the-rights-of-persons-with-disabilities.html."},{"key":"CIT0058","doi-asserted-by":"publisher","DOI":"10.1080\/10665680490422070"},{"key":"CIT0059","doi-asserted-by":"publisher","DOI":"10.1080\/13603110903131721"}],"container-title":["International Journal of Inclusive Education"],"original-title":[],"language":"en","link":[{"URL":"https:\/\/www.tandfonline.com\/doi\/pdf\/10.1080\/13603116.2020.1776779","content-type":"unspecified","content-version":"vor","intended-application":"similarity-checking"}],"deposited":{"date-parts":[[2022,9,29]],"date-time":"2022-09-29T07:37:05Z","timestamp":1664437025000},"score":1,"resource":{"primary":{"URL":"https:\/\/www.tandfonline.com\/doi\/full\/10.1080\/13603116.2020.1776779"}},"subtitle":[],"short-title":[],"issued":{"date-parts":[[2020,6,15]]},"references-count":59,"journal-issue":{"issue":"12","published-print":{"date-parts":[[2022,10,15]]}},"alternative-id":["10.1080\/13603116.2020.1776779"],"URL":"https:\/\/doi.org\/10.1080\/13603116.2020.1776779","relation":{},"ISSN":["1360-3116","1464-5173"],"issn-type":[{"value":"1360-3116","type":"print"},{"value":"1464-5173","type":"electronic"}],"subject":[],"published":{"date-parts":[[2020,6,15]]},"assertion":[{"value":"The publishing and review policy for this title is described in its Aims & Scope.","order":1,"name":"peerreview_statement","label":"Peer Review Statement"},{"value":"http:\/\/www.tandfonline.com\/action\/journalInformation?show=aimsScope&journalCode=tied20","URL":"http:\/\/www.tandfonline.com\/action\/journalInformation?show=aimsScope&journalCode=tied20","order":2,"name":"aims_and_scope_url","label":"Aim & Scope"},{"value":"2020-04-17","order":0,"name":"received","label":"Received","group":{"name":"publication_history","label":"Publication History"}},{"value":"2020-05-27","order":2,"name":"accepted","label":"Accepted","group":{"name":"publication_history","label":"Publication History"}},{"value":"2020-06-15","order":3,"name":"published","label":"Published","group":{"name":"publication_history","label":"Publication History"}}]}}