{"status":"ok","message-type":"work","message-version":"1.0.0","message":{"indexed":{"date-parts":[[2026,1,24]],"date-time":"2026-01-24T08:34:33Z","timestamp":1769243673280,"version":"3.49.0"},"reference-count":45,"publisher":"Informa UK Limited","issue":"8","content-domain":{"domain":["www.tandfonline.com"],"crossmark-restriction":true},"short-container-title":["Aging &amp; Mental Health"],"published-print":{"date-parts":[[2019,8,3]]},"DOI":"10.1080\/13607863.2018.1471583","type":"journal-article","created":{"date-parts":[[2018,5,23]],"date-time":"2018-05-23T12:47:45Z","timestamp":1527079665000},"page":"1049-1056","update-policy":"https:\/\/doi.org\/10.1080\/tandf_crossmark_01","source":"Crossref","is-referenced-by-count":15,"title":["Gender differences in psychosocial determinants of self-perceived health among Portuguese older adults in nursing homes"],"prefix":"10.1080","volume":"23","author":[{"ORCID":"https:\/\/orcid.org\/0000-0002-4807-5904","authenticated-orcid":false,"given":"Violeta","family":"Alarc\u00e3o","sequence":"first","affiliation":[{"name":"Faculdade De Medicina, Instituto de Medicina Preventiva e Sa\u00fade P\u00fablica, Universidade de Lisboa, 1649-028 Lisboa, Portugal"},{"name":"Faculdade De Medicina, Instituto de Sa\u00fade Ambiental, Universidade de Lisboa, 1649-028 Lisboa, Portugal"},{"name":"Centro De Investiga\u00e7\u00e3o e Estudos De Sociologia (CIES-IUL), Instituto Universit\u00e1rio De Lisboa (ISCTE-IUL), Lisboa, Portugal"}]},{"ORCID":"https:\/\/orcid.org\/0000-0002-1775-7195","authenticated-orcid":false,"given":"Teresa","family":"Madeira","sequence":"additional","affiliation":[{"name":"Faculdade De Medicina, Instituto de Medicina Preventiva e Sa\u00fade P\u00fablica, Universidade de Lisboa, 1649-028 Lisboa, Portugal"},{"name":"Faculdade De Medicina, Instituto de Sa\u00fade Ambiental, Universidade de Lisboa, 1649-028 Lisboa, Portugal"}]},{"ORCID":"https:\/\/orcid.org\/0000-0001-8415-2447","authenticated-orcid":false,"given":"Catarina","family":"Peixoto-Pl\u00e1cido","sequence":"additional","affiliation":[{"name":"Faculdade De Medicina, Instituto de Medicina Preventiva e Sa\u00fade P\u00fablica, Universidade de Lisboa, 1649-028 Lisboa, Portugal"},{"name":"Faculdade De Medicina, Instituto de Sa\u00fade Ambiental, Universidade de Lisboa, 1649-028 Lisboa, Portugal"}]},{"ORCID":"https:\/\/orcid.org\/0000-0002-8979-8551","authenticated-orcid":false,"given":"Nuno","family":"Sousa-Santos","sequence":"additional","affiliation":[{"name":"Faculdade De Medicina, Instituto de Medicina Preventiva e Sa\u00fade P\u00fablica, Universidade de Lisboa, 1649-028 Lisboa, Portugal"},{"name":"Faculdade De Medicina, Instituto de Sa\u00fade Ambiental, Universidade de Lisboa, 1649-028 Lisboa, Portugal"}]},{"ORCID":"https:\/\/orcid.org\/0000-0002-4264-1012","authenticated-orcid":false,"given":"Elisabete","family":"Fernandes","sequence":"additional","affiliation":[{"name":"Faculdade De Medicina, Instituto de Sa\u00fade Ambiental, Universidade de Lisboa, 1649-028 Lisboa, Portugal"}]},{"ORCID":"https:\/\/orcid.org\/0000-0003-0175-8457","authenticated-orcid":false,"given":"Paulo","family":"Nicola","sequence":"additional","affiliation":[{"name":"Faculdade De Medicina, Instituto de Medicina Preventiva e Sa\u00fade P\u00fablica, Universidade de Lisboa, 1649-028 Lisboa, Portugal"},{"name":"Faculdade De Medicina, Instituto de Sa\u00fade Ambiental, Universidade de Lisboa, 1649-028 Lisboa, Portugal"}]},{"ORCID":"https:\/\/orcid.org\/0000-0002-0836-4314","authenticated-orcid":false,"given":"Osvaldo","family":"Santos","sequence":"additional","affiliation":[{"name":"Faculdade De Medicina, Instituto de Medicina Preventiva e Sa\u00fade P\u00fablica, Universidade de Lisboa, 1649-028 Lisboa, Portugal"},{"name":"Faculdade De Medicina, Instituto de Sa\u00fade Ambiental, Universidade de Lisboa, 1649-028 Lisboa, Portugal"}]},{"ORCID":"https:\/\/orcid.org\/0000-0003-4553-6928","authenticated-orcid":false,"given":"Jo\u00e3o","family":"Gorj\u00e3o-Clara","sequence":"additional","affiliation":[{"name":"Faculdade De Medicina, Instituto de Medicina Preventiva e Sa\u00fade P\u00fablica, Universidade de Lisboa, 1649-028 Lisboa, Portugal"},{"name":"Faculdade De Medicina, Instituto de Sa\u00fade Ambiental, Universidade de Lisboa, 1649-028 Lisboa, Portugal"}]}],"member":"301","published-online":{"date-parts":[[2018,5,23]]},"reference":[{"key":"cit0001","first-page":"65","author":"Alves Ap\u00f3stolo J. L.","year":"2014","journal-title":"Revista De Enfermeria"},{"key":"cit0002","doi-asserted-by":"publisher","DOI":"10.1080\/13607863.2017.1348480"},{"key":"cit0003","doi-asserted-by":"publisher","DOI":"10.3109\/09540261.2010.506184"},{"key":"cit0004","first-page":"217","volume-title":"Actas do 7\u00b0 congresso nacional de psicologia da sa\u00fade","author":"Ara\u00fajo F.","year":"2008"},{"key":"cit0005","doi-asserted-by":"publisher","DOI":"10.1016\/S0277-9536(98)00289-5"},{"key":"cit0006","doi-asserted-by":"publisher","DOI":"10.1016\/j.socscimed.2013.10.016"},{"key":"cit0007","doi-asserted-by":"publisher","DOI":"10.1136\/jech.2006.058081"},{"key":"cit0008","doi-asserted-by":"publisher","DOI":"10.1016\/j.socscimed.2009.05.007"},{"key":"cit0009","doi-asserted-by":"publisher","DOI":"10.1177\/1403494817717405"},{"key":"cit0010","doi-asserted-by":"publisher","DOI":"10.1016\/0277-9536(92)90288-2"},{"key":"cit0011","doi-asserted-by":"publisher","DOI":"10.1093\/geronb\/55.2.P107"},{"key":"cit0012","doi-asserted-by":"publisher","DOI":"10.1097\/00006842-200005000-00009"},{"key":"cit0013","doi-asserted-by":"publisher","DOI":"10.1177\/089826430001200202"},{"key":"cit0014","doi-asserted-by":"publisher","DOI":"10.1080\/13607863.2011.628976"},{"key":"cit0015","doi-asserted-by":"publisher","DOI":"10.1093\/eurpub\/ckq022"},{"key":"cit0016","doi-asserted-by":"publisher","DOI":"10.1111\/j.1475-6773.2005.00404.x"},{"key":"cit0017","first-page":"9","volume":"1","author":"Guerreiro M.","year":"1994","journal-title":"Reviews Port Neurology"},{"key":"cit0018","doi-asserted-by":"publisher","DOI":"10.1186\/1475-9276-11-52"},{"key":"cit0019","doi-asserted-by":"publisher","DOI":"10.1093\/eurpub\/ckw232"},{"key":"cit0020","doi-asserted-by":"publisher","DOI":"10.1016\/S0277-9536(02)00454-9"},{"key":"cit0021","volume-title":"Estat\u00edsticas Demogr\u00e1ficas 2015","author":"Instituto Nacional de Estat\u00edstica I. P.","year":"2016"},{"key":"cit0022","doi-asserted-by":"publisher","DOI":"10.1080\/13607863.2011.598847"},{"key":"cit0023","doi-asserted-by":"publisher","DOI":"10.1093\/geronb\/gbx032"},{"key":"cit0024","doi-asserted-by":"publisher","DOI":"10.1093\/geront\/9.3_Part_1.179"},{"key":"cit0025","doi-asserted-by":"publisher","DOI":"10.2196\/resprot.8990"},{"key":"cit0026","doi-asserted-by":"publisher","DOI":"10.1186\/s12877-016-0299-x"},{"key":"cit0027","doi-asserted-by":"publisher","DOI":"10.1097\/JGP.0b013e318186bd67"},{"key":"cit0028","doi-asserted-by":"publisher","DOI":"10.1093\/geronj\/45.2.S69"},{"issue":"8","key":"cit0029","doi-asserted-by":"crossref","first-page":"379","DOI":"10.5694\/j.1326-5377.2000.tb124011.x","volume":"172","author":"Marmot M.","year":"2000","journal-title":"The Medical Journal of Australia"},{"key":"cit0030","doi-asserted-by":"publisher","DOI":"10.1080\/13607863.2015.1018866"},{"key":"cit0031","doi-asserted-by":"publisher","DOI":"10.1590\/S0102-311X2012001400012"},{"key":"cit0032","first-page":"65","volume":"18","author":"Pocinho M.","year":"2010","journal-title":"Intera\u00e7\u00f5es"},{"key":"cit0033","doi-asserted-by":"publisher","DOI":"10.1080\/13607863.2015.1023766"},{"key":"cit0034","doi-asserted-by":"publisher","DOI":"10.1207\/s15327752jpa6601_2"},{"key":"cit0035","doi-asserted-by":"publisher","DOI":"10.1111\/j.1467-9566.2011.01387.x"},{"key":"cit0036","doi-asserted-by":"publisher","DOI":"10.1016\/j.archger.2004.03.005"},{"key":"cit0037","doi-asserted-by":"publisher","DOI":"10.1111\/j.1468-0009.2005.00407.x"},{"key":"cit0038","doi-asserted-by":"publisher","DOI":"10.1007\/s11136-011-9909-4"},{"key":"cit0039","doi-asserted-by":"publisher","DOI":"10.1300\/J018v05n01_09"},{"key":"cit0040","doi-asserted-by":"publisher","DOI":"10.1037\/a0034052"},{"key":"cit0041","doi-asserted-by":"publisher","DOI":"10.1016\/j.jaging.2015.08.011"},{"key":"cit0042","doi-asserted-by":"publisher","DOI":"10.1007\/s11136-017-1530-8"},{"key":"cit0043","doi-asserted-by":"publisher","DOI":"10.1111\/inr.12232"},{"key":"cit0044","doi-asserted-by":"publisher","DOI":"10.1111\/j.1467-9566.2012.01521.x"},{"key":"cit0045","doi-asserted-by":"publisher","DOI":"10.1001\/jama.1995.03520250075037"}],"container-title":["Aging &amp; Mental Health"],"original-title":[],"language":"en","link":[{"URL":"https:\/\/www.tandfonline.com\/doi\/pdf\/10.1080\/13607863.2018.1471583","content-type":"unspecified","content-version":"vor","intended-application":"similarity-checking"}],"deposited":{"date-parts":[[2019,10,18]],"date-time":"2019-10-18T07:24:40Z","timestamp":1571383480000},"score":1,"resource":{"primary":{"URL":"https:\/\/www.tandfonline.com\/doi\/full\/10.1080\/13607863.2018.1471583"}},"subtitle":[],"short-title":[],"issued":{"date-parts":[[2018,5,23]]},"references-count":45,"journal-issue":{"issue":"8","published-online":{"date-parts":[[2018,5,10]]},"published-print":{"date-parts":[[2019,8,3]]}},"alternative-id":["10.1080\/13607863.2018.1471583"],"URL":"https:\/\/doi.org\/10.1080\/13607863.2018.1471583","relation":{},"ISSN":["1360-7863","1364-6915"],"issn-type":[{"value":"1360-7863","type":"print"},{"value":"1364-6915","type":"electronic"}],"subject":[],"published":{"date-parts":[[2018,5,23]]},"assertion":[{"value":"The publishing and review policy for this title is described in its Aims & Scope.","order":1,"name":"peerreview_statement","label":"Peer Review Statement"},{"value":"http:\/\/www.tandfonline.com\/action\/journalInformation?show=aimsScope&journalCode=camh20","URL":"http:\/\/www.tandfonline.com\/action\/journalInformation?show=aimsScope&journalCode=camh20","order":2,"name":"aims_and_scope_url","label":"Aim & Scope"},{"value":"2017-11-21","order":0,"name":"received","label":"Received","group":{"name":"publication_history","label":"Publication History"}},{"value":"2018-04-19","order":2,"name":"accepted","label":"Accepted","group":{"name":"publication_history","label":"Publication History"}},{"value":"2018-05-23","order":3,"name":"published","label":"Published","group":{"name":"publication_history","label":"Publication History"}}]}}