{"status":"ok","message-type":"work","message-version":"1.0.0","message":{"indexed":{"date-parts":[[2026,4,22]],"date-time":"2026-04-22T17:13:10Z","timestamp":1776877990213,"version":"3.51.2"},"reference-count":48,"publisher":"Informa UK Limited","issue":"1","content-domain":{"domain":["www.tandfonline.com"],"crossmark-restriction":true},"short-container-title":["Aging &amp; Mental Health"],"published-print":{"date-parts":[[2026,1,2]]},"DOI":"10.1080\/13607863.2025.2552425","type":"journal-article","created":{"date-parts":[[2025,8,26]],"date-time":"2025-08-26T16:30:49Z","timestamp":1756225849000},"page":"106-115","update-policy":"https:\/\/doi.org\/10.1080\/tandf_crossmark_01","source":"Crossref","is-referenced-by-count":1,"title":["Disagreement between self- and informant-reported memory complaints and progression of mild cognitive impairment to dementia"],"prefix":"10.1080","volume":"30","author":[{"given":"Patr\u00edcia","family":"Regueira","sequence":"first","affiliation":[{"name":"Faculty of Medicine, University of Coimbra","place":["Coimbra, Portugal"]},{"name":"Centre for Innovative Biomedicine and Biotechnology, University of Coimbra","place":["Coimbra, Portugal"]}]},{"given":"In\u00eas","family":"Baldeiras","sequence":"additional","affiliation":[{"name":"Faculty of Medicine, University of Coimbra","place":["Coimbra, Portugal"]},{"name":"Centre for Innovative Biomedicine and Biotechnology, University of Coimbra","place":["Coimbra, Portugal"]}]},{"given":"Marisa","family":"Lima","sequence":"additional","affiliation":[{"name":"Centre for Innovative Biomedicine and Biotechnology, University of Coimbra","place":["Coimbra, Portugal"]},{"name":"Neurology Department, Centro Hospitalar e Univesit\u00e1rio de Coimbra","place":["Coimbra, Portugal"]}]},{"given":"Miguel","family":"T\u00e1buas-Pereira","sequence":"additional","affiliation":[{"name":"Faculty of Medicine, University of Coimbra","place":["Coimbra, Portugal"]},{"name":"Centre for Innovative Biomedicine and Biotechnology, University of Coimbra","place":["Coimbra, Portugal"]},{"name":"Neurology Department, Centro Hospitalar e Univesit\u00e1rio de Coimbra","place":["Coimbra, Portugal"]}]},{"given":"Diana","family":"Duro","sequence":"additional","affiliation":[{"name":"Centre for Innovative Biomedicine and Biotechnology, University of Coimbra","place":["Coimbra, Portugal"]},{"name":"Neurology Department, Centro Hospitalar e Univesit\u00e1rio de Coimbra","place":["Coimbra, Portugal"]}]},{"given":"Anuschka","family":"Silva-Sp\u00ednola","sequence":"additional","affiliation":[{"name":"Faculty of Medicine, University of Coimbra","place":["Coimbra, Portugal"]},{"name":"Centre for Innovative Biomedicine and Biotechnology, University of Coimbra","place":["Coimbra, Portugal"]},{"name":"Department of Informatics Engineering, Centre for Informatics and Systems, University of Coimbra","place":["Coimbra, Portugal"]}]},{"given":"Joaquim","family":"Cerejeira","sequence":"additional","affiliation":[{"name":"Faculty of Medicine, University of Coimbra","place":["Coimbra, Portugal"]},{"name":"Centre for Innovative Biomedicine and Biotechnology, University of Coimbra","place":["Coimbra, Portugal"]}]},{"given":"Isabel","family":"Santana","sequence":"additional","affiliation":[{"name":"Faculty of Medicine, University of Coimbra","place":["Coimbra, Portugal"]},{"name":"Centre for Innovative Biomedicine and Biotechnology, University of Coimbra","place":["Coimbra, Portugal"]},{"name":"Neurology Department, Centro Hospitalar e Univesit\u00e1rio de Coimbra","place":["Coimbra, Portugal"]}]}],"member":"301","published-online":{"date-parts":[[2025,8,26]]},"reference":[{"key":"e_1_3_5_2_1","doi-asserted-by":"publisher","DOI":"10.3389\/fgwh.2024.1326881"},{"key":"e_1_3_5_3_1","doi-asserted-by":"publisher","DOI":"10.1016\/j.jalz.2011.03.008"},{"key":"e_1_3_5_4_1","doi-asserted-by":"publisher","DOI":"10.1038\/tp.2017.90"},{"key":"e_1_3_5_5_1","doi-asserted-by":"publisher","DOI":"10.1176\/appi.books.9780890423349"},{"key":"e_1_3_5_6_1","doi-asserted-by":"publisher","DOI":"10.1176\/appi.books.9780890425787"},{"key":"e_1_3_5_7_1","doi-asserted-by":"publisher","DOI":"10.1038\/s42003-024-07076-7"},{"key":"e_1_3_5_8_1","first-page":"14","article-title":"CSF biomarkers for the early diagnosis of Alzheimer\u2019s disease in a routine clinical setting \u2013 The first Portuguese study","volume":"12","author":"Baldeiras I.","year":"2012","unstructured":"Baldeiras, I., Santana, I., Garrucho, M. H., et al. (2012). CSF biomarkers for the early diagnosis of Alzheimer\u2019s disease in a routine clinical setting \u2013 The first Portuguese study. Sinapse, 12, 14\u201322.","journal-title":"Sinapse,"},{"key":"e_1_3_5_9_1","first-page":"69","volume-title":"Escalas e Testes na Dem\u00eancia","author":"Barreto J.","year":"2008","unstructured":"Barreto, J., Leuschner, A., Santos, F., & Sobral, M. (2008). Escala de Depress\u00e3o Geri\u00e1trica. In Escalas e Testes na Dem\u00eancia (pp. 69\u201372). Grupo de Estudos de Envelhecimento Cerebral e Dem\u00eancia."},{"key":"e_1_3_5_10_1","doi-asserted-by":"publisher","DOI":"10.3389\/fpsyt.2021.631518"},{"issue":"4","key":"e_1_3_5_11_1","first-page":"637","article-title":"Clinical Dementia Rating (CDR)","volume":"24","author":"Berg L.","year":"1988","unstructured":"Berg, L. (1988). Clinical Dementia Rating (CDR). Psychopharmacology Bulletin, 24(4), 637\u2013639. PMID: 3249765.","journal-title":"Psychopharmacology Bulletin"},{"key":"e_1_3_5_12_1","doi-asserted-by":"publisher","DOI":"10.3389\/fnagi.2021.697234"},{"key":"e_1_3_5_13_1","doi-asserted-by":"publisher","DOI":"10.1080\/13854046.2020.1773933"},{"key":"e_1_3_5_14_1","doi-asserted-by":"publisher","DOI":"10.1192\/bjp.bp.107.044974"},{"key":"e_1_3_5_15_1","doi-asserted-by":"publisher","DOI":"10.1177\/1533317517725812"},{"key":"e_1_3_5_16_1","doi-asserted-by":"publisher","DOI":"10.1016\/0165-0270(94)90168-6"},{"key":"e_1_3_5_17_1","doi-asserted-by":"publisher","DOI":"10.3233\/JAD-161135"},{"key":"e_1_3_5_18_1","doi-asserted-by":"publisher","DOI":"10.1016\/0022-3956(75)90026-6"},{"key":"e_1_3_5_19_1","doi-asserted-by":"publisher","DOI":"10.1002\/gps.2583"},{"key":"e_1_3_5_20_1","first-page":"17","volume-title":"Escalas e Testes na Dem\u00eancia","author":"Garret C.","year":"2008","unstructured":"Garret, C., Santos, F., Tracana, I., Barreto, J., Sobral, M., & Fonseca, R. (2008). Avalia\u00e7\u00e3o Cl\u00ednica da Dem\u00eancia. In Escalas e Testes na Dem\u00eancia (pp. 17\u201332). Grupo de Estudos de Envelhecimento Cerebral e Dem\u00eancia."},{"key":"e_1_3_5_21_1","doi-asserted-by":"publisher","DOI":"10.4088\/JCP.16m11367"},{"key":"e_1_3_5_22_1","first-page":"117","volume-title":"Escalas e Testes na Dem\u00eancia","author":"Gin\u00f3 S.","year":"2008","unstructured":"Gin\u00f3, S., Guerreiro, M., & Garcia, C. (2008). Subjective Memory Complaints (QSM). In Escalas e Testes na Dem\u00eancia (pp. 117\u2013120). Grupo de Estudos de Envelhecimento Cerebral e Dem\u00eancia."},{"key":"e_1_3_5_23_1","doi-asserted-by":"publisher","DOI":"10.1159\/000354188"},{"key":"e_1_3_5_24_1","first-page":"27","volume-title":"Escalas e Testes na Dem\u00eancia","author":"Guerreiro M.","year":"2003","unstructured":"Guerreiro, M., Silva, A. P., & Botelho, M. A. (2003). Avalia\u00e7\u00e3o Breve do Estado Mental. In Escalas e Testes na Dem\u00eancia (pp. 27\u201332). Grupo de Estudos de Envelhecimento Cerebral e Dem\u00eancia."},{"key":"e_1_3_5_25_1","doi-asserted-by":"publisher","DOI":"10.1002\/ana.25649"},{"key":"e_1_3_5_26_1","doi-asserted-by":"publisher","DOI":"10.1017\/S1041610217000473"},{"key":"e_1_3_5_27_1","doi-asserted-by":"publisher","DOI":"10.1159\/000084704"},{"key":"e_1_3_5_28_1","doi-asserted-by":"publisher","DOI":"10.1002\/gps.4275"},{"key":"e_1_3_5_29_1","doi-asserted-by":"publisher","DOI":"10.1016\/j.jalz.2011.05.2243"},{"key":"e_1_3_5_30_1","doi-asserted-by":"publisher","DOI":"10.1037\/neu0000842"},{"key":"e_1_3_5_31_1","doi-asserted-by":"publisher","DOI":"10.1002\/gps.2053"},{"key":"e_1_3_5_32_1","doi-asserted-by":"publisher","DOI":"10.1007\/s11065-019-09410-x"},{"key":"e_1_3_5_33_1","doi-asserted-by":"publisher","DOI":"10.3389\/fnagi.2023.1044807"},{"key":"e_1_3_5_34_1","doi-asserted-by":"publisher","DOI":"10.1080\/13607863.2018.1442411"},{"key":"e_1_3_5_35_1","doi-asserted-by":"publisher","DOI":"10.1016\/j.arr.2022.101772"},{"key":"e_1_3_5_36_1","doi-asserted-by":"publisher","DOI":"10.3389\/fnagi.2024.1319743"},{"key":"e_1_3_5_37_1","doi-asserted-by":"publisher","DOI":"10.1111\/joim.12190"},{"key":"e_1_3_5_38_1","doi-asserted-by":"publisher","DOI":"10.1001\/archneur.56.3.303"},{"key":"e_1_3_5_39_1","doi-asserted-by":"publisher","DOI":"10.1016\/j.neubiorev.2015.10.002"},{"key":"e_1_3_5_40_1","doi-asserted-by":"publisher","DOI":"10.1212\/WNL.43.2.250"},{"key":"e_1_3_5_41_1","doi-asserted-by":"publisher","DOI":"10.1002\/gps.5224"},{"key":"e_1_3_5_42_1","doi-asserted-by":"publisher","DOI":"10.1212\/wnl.46.1.121"},{"key":"e_1_3_5_43_1","doi-asserted-by":"publisher","DOI":"10.1007\/s40211-016-0185-y"},{"key":"e_1_3_5_44_1","doi-asserted-by":"publisher","DOI":"10.1016\/j.cortex.2014.10.010"},{"key":"e_1_3_5_45_1","doi-asserted-by":"publisher","DOI":"10.1212\/WNL.0000000000005120"},{"key":"e_1_3_5_46_1","doi-asserted-by":"publisher","DOI":"10.3389\/fnbeh.2018.00100"},{"key":"e_1_3_5_47_1","doi-asserted-by":"publisher","DOI":"10.1016\/j.nicl.2017.05.020"},{"key":"e_1_3_5_48_1","doi-asserted-by":"publisher","DOI":"10.1111\/j.1365-2796.2004.01380.x"},{"key":"e_1_3_5_49_1","doi-asserted-by":"publisher","DOI":"10.1016\/0022-3956(82)90033-4"}],"container-title":["Aging &amp; Mental Health"],"original-title":[],"language":"en","link":[{"URL":"https:\/\/www.tandfonline.com\/doi\/pdf\/10.1080\/13607863.2025.2552425","content-type":"unspecified","content-version":"vor","intended-application":"similarity-checking"}],"deposited":{"date-parts":[[2026,1,2]],"date-time":"2026-01-02T06:47:03Z","timestamp":1767336423000},"score":1,"resource":{"primary":{"URL":"https:\/\/www.tandfonline.com\/doi\/full\/10.1080\/13607863.2025.2552425"}},"subtitle":[],"short-title":[],"issued":{"date-parts":[[2025,8,26]]},"references-count":48,"journal-issue":{"issue":"1","published-print":{"date-parts":[[2026,1,2]]}},"alternative-id":["10.1080\/13607863.2025.2552425"],"URL":"https:\/\/doi.org\/10.1080\/13607863.2025.2552425","relation":{},"ISSN":["1360-7863","1364-6915"],"issn-type":[{"value":"1360-7863","type":"print"},{"value":"1364-6915","type":"electronic"}],"subject":[],"published":{"date-parts":[[2025,8,26]]},"assertion":[{"value":"The publishing and review policy for this title is described in its Aims & Scope.","order":1,"name":"peerreview_statement","label":"Peer Review Statement"},{"value":"http:\/\/www.tandfonline.com\/action\/journalInformation?show=aimsScope&journalCode=camh20","URL":"http:\/\/www.tandfonline.com\/action\/journalInformation?show=aimsScope&journalCode=camh20","order":2,"name":"aims_and_scope_url","label":"Aim & Scope"},{"value":"2025-05-03","order":0,"name":"received","label":"Received","group":{"name":"publication_history","label":"Publication History"}},{"value":"2025-08-15","order":2,"name":"accepted","label":"Accepted","group":{"name":"publication_history","label":"Publication History"}},{"value":"2025-08-26","order":3,"name":"published","label":"Published","group":{"name":"publication_history","label":"Publication History"}}]}}