{"status":"ok","message-type":"work","message-version":"1.0.0","message":{"indexed":{"date-parts":[[2025,12,5]],"date-time":"2025-12-05T12:14:52Z","timestamp":1764936892141,"version":"3.37.3"},"reference-count":34,"publisher":"Informa UK Limited","issue":"3-4","content-domain":{"domain":["www.tandfonline.com"],"crossmark-restriction":true},"short-container-title":["Media History"],"published-print":{"date-parts":[[2017,10,2]]},"DOI":"10.1080\/13688804.2017.1312318","type":"journal-article","created":{"date-parts":[[2017,4,10]],"date-time":"2017-04-10T07:54:57Z","timestamp":1491810897000},"page":"360-375","update-policy":"https:\/\/doi.org\/10.1080\/tandf_crossmark_01","source":"Crossref","is-referenced-by-count":2,"title":["Reporting an Alternative Reality to \u2018Conveniently Guide\u2019 Public Opinion"],"prefix":"10.1080","volume":"23","author":[{"ORCID":"https:\/\/orcid.org\/0000-0003-4724-550X","authenticated-orcid":false,"given":"Nelson","family":"Ribeiro","sequence":"first","affiliation":[]}],"member":"301","published-online":{"date-parts":[[2017,4,10]]},"reference":[{"volume-title":"Cinema e Censura em Portugal 1926\u20131974","year":"1978","author":"Ant\u00f3nio Lauro.","key":"CIT0001"},{"volume-title":"A Censura de Salazar e Marcelo Caetano","year":"1999","author":"Azevedo C\u00e2ndido.","key":"CIT0002"},{"volume-title":"O Fen\u00f3meno de Opini\u00e3o em Portugal durante a Segunda Guerra Mundial","year":"1993","author":"Barros J\u00falia Leit\u00e3o de Barros.","key":"CIT0003"},{"volume-title":"Marcello Caetano: Poder e Imprensa","year":"2006","author":"Cabrera Ana.","key":"CIT0004"},{"volume-title":"Censura Nunca Mais!: a Censura ao Teatro e ao Cinema no Estado Novo","year":"2013","author":"Cabrera Ana.","key":"CIT0005"},{"volume-title":"A Censura e as Leis de Imprensa","year":"1973","author":"Carvalho Alberto Arons de.","key":"CIT0006"},{"volume-title":"O Partido e o Estado no Salazarismo","year":"1988","author":"Cruz Manuel Braga da.","key":"CIT0007"},{"volume-title":"Portugal e a Guerra Civil de Espanha","year":"1980","author":"Delgado Iva.","key":"CIT0008"},{"volume-title":"Homens e Multid\u00f5es","year":"1938","author":"Ferro Ant\u00f3nio.","key":"CIT0009"},{"volume-title":"A Censura de Salazar no Jornal de Not\u00edcias. Da Actua\u00e7\u00e3o da Comiss\u00e3o de Censura do Porto no Jornal de Not\u00edcias durante o Governo de Ant\u00f3nio de Oliveira Salazar","year":"2000","author":"Forte Isabel.","key":"CIT0010"},{"volume-title":"A Censura \u00e0 Imprensa 1820\u20131974","year":"1993","author":"Franco Gra\u00e7a.","key":"CIT0011"},{"volume-title":"Os Militares e a Censura. A Censura \u00e0 Imprensa na Ditadura Militar e Estado Novo (1926\u20131945)","year":"2006","author":"Gomes Joaquim Cardoso.","key":"CIT0012"},{"issue":"2","key":"CIT0013","first-page":"77","volume":"12","author":"Gomes Joaquim Cardoso.","year":"2013","journal-title":"Media e Jornalismo"},{"volume-title":"The Media and Democracy","year":"1991","author":"Keane John.","key":"CIT0014"},{"issue":"2","key":"CIT0015","first-page":"105","volume":"12","author":"Lima Helena.","year":"2013","journal-title":"Media e Jornalismo"},{"volume-title":"Salazarismo e Fascismo","year":"1998","author":"L\u00e9onard Yves.","key":"CIT0016"},{"volume-title":"Salazar. A Constru\u00e7\u00e3o do Mito","year":"2010","author":"Matos Helena.","key":"CIT0017"},{"volume-title":"O Estado Novo e o Volfr\u00e2mio (1933\u20131947)","year":"2010","author":"Nunes Jo\u00e3o Paulo Avel\u00e3s.","key":"CIT0018"},{"first-page":"213","volume-title":"Portugal na Segunda Guerra Mundial. Contributos para uma Reavalia\u00e7 \u00e3o","author":"Oliveira Jos\u00e9 Manuel Paquete de.","key":"CIT0019"},{"key":"CIT0020","first-page":"9","volume":"3","author":"Pena Rodr\u00edguez Alberto.","year":"2003","journal-title":"Media e Jornalismo"},{"key":"CIT0021","first-page":"177","author":"Pena Rodr\u00edguez Alberto.","year":"2012","journal-title":"Hispania. Revista Espa\u00f1ola de Historia"},{"key":"CIT0022","first-page":"95","volume":"58","author":"Pena Rodr\u00edguez Alberto.","year":"2015","journal-title":"Hist\u00f3ria Critica"},{"volume-title":"Azuis Ultramarinos. Propaganda Colonial e Censura no Cinema do Estado Novo","year":"2015","author":"Pi\u00e7arra Maria do Carmo.","key":"CIT0023"},{"volume-title":"O Salazarismo e o Fascismo Europeu","year":"1992","author":"Pinto Ant\u00f3nio Costa.","key":"CIT0024"},{"key":"CIT0025","first-page":"37","volume-title":"Portugal e a Guerra Civil de Espanha","author":"Rezola Maria In\u00e1cia.","year":"1998"},{"volume-title":"A Pol\u00edcia Pol\u00edtica no Estado Novo 1926\u20131945","year":"1995","author":"Ribeiro Maria da Concei\u00e7\u00e3o.","key":"CIT0026"},{"volume-title":"Salazar e a BBC na II\u00aa Guerra Mundial. Informa\u00e7\u00e3o e Propaganda","year":"2004","author":"Ribeiro Nelson.","key":"CIT0027"},{"key":"CIT0028","doi-asserted-by":"publisher","DOI":"10.1177\/1750635213512252"},{"key":"CIT0029","doi-asserted-by":"publisher","DOI":"10.1080\/13688804.2014.950951"},{"volume-title":"Responsibility in Mass Communication","year":"1969","author":"Rivers Walbur","key":"CIT0030"},{"key":"CIT0031","first-page":"1","volume-title":"Hist\u00f3ria de Portugal","volume":"7","author":"Rosas Fernando.","year":"1994"},{"volume-title":"O Espet\u00e1culo Desvirtuado: o Teatro Portugu\u00eas sob o Reinado de Salazar, 1933\u20131974","year":"2004","author":"Santos Gra\u00e7a.","key":"CIT0032"},{"key":"CIT0033","doi-asserted-by":"publisher","DOI":"10.14195\/978-989-26-0381-0"},{"volume-title":"Os Jornalistas nos Anos 30\/40. Elite do Estado Novo","year":"2003","author":"Ver\u00edssimo Helena \u00c2ngelo.","key":"CIT0034"}],"container-title":["Media History"],"original-title":[],"language":"en","link":[{"URL":"https:\/\/www.tandfonline.com\/doi\/pdf\/10.1080\/13688804.2017.1312318","content-type":"unspecified","content-version":"vor","intended-application":"similarity-checking"}],"deposited":{"date-parts":[[2018,1,25]],"date-time":"2018-01-25T14:35:23Z","timestamp":1516890923000},"score":1,"resource":{"primary":{"URL":"https:\/\/www.tandfonline.com\/doi\/full\/10.1080\/13688804.2017.1312318"}},"subtitle":["The \u2018patriotic role\u2019 of the Portuguese press during World War II"],"short-title":[],"issued":{"date-parts":[[2017,4,10]]},"references-count":34,"journal-issue":{"issue":"3-4","published-online":{"date-parts":[[2017,4,12]]},"published-print":{"date-parts":[[2017,10,2]]}},"alternative-id":["10.1080\/13688804.2017.1312318"],"URL":"https:\/\/doi.org\/10.1080\/13688804.2017.1312318","relation":{},"ISSN":["1368-8804","1469-9729"],"issn-type":[{"type":"print","value":"1368-8804"},{"type":"electronic","value":"1469-9729"}],"subject":[],"published":{"date-parts":[[2017,4,10]]},"assertion":[{"value":"The publishing and review policy for this title is described in its Aims & Scope.","order":1,"name":"peerreview_statement","label":"Peer Review Statement"},{"value":"http:\/\/www.tandfonline.com\/action\/journalInformation?show=aimsScope&journalCode=cmeh20","URL":"http:\/\/www.tandfonline.com\/action\/journalInformation?show=aimsScope&journalCode=cmeh20","order":2,"name":"aims_and_scope_url","label":"Aim & Scope"}]}}