{"status":"ok","message-type":"work","message-version":"1.0.0","message":{"indexed":{"date-parts":[[2026,4,16]],"date-time":"2026-04-16T02:48:15Z","timestamp":1776307695687,"version":"3.50.1"},"reference-count":59,"publisher":"Informa UK Limited","issue":"1","funder":[{"DOI":"10.13039\/501100001871","name":"Funda\u00e7\u00e3o para a Ci\u00eancia e a Tecnologia","doi-asserted-by":"publisher","award":["PTDC\/CCI-COM\/114182\/2009"],"award-info":[{"award-number":["PTDC\/CCI-COM\/114182\/2009"]}],"id":[{"id":"10.13039\/501100001871","id-type":"DOI","asserted-by":"publisher"}]}],"content-domain":{"domain":["www.tandfonline.com"],"crossmark-restriction":true},"short-container-title":["Feminist Media Studies"],"published-print":{"date-parts":[[2022,1,2]]},"DOI":"10.1080\/14680777.2018.1465445","type":"journal-article","created":{"date-parts":[[2018,5,25]],"date-time":"2018-05-25T08:20:50Z","timestamp":1527236450000},"page":"66-82","update-policy":"https:\/\/doi.org\/10.1080\/tandf_crossmark_01","source":"Crossref","is-referenced-by-count":14,"title":["\u201cChallenging it softly\u201d: a feminist inquiry into gender in the news media context"],"prefix":"10.1080","volume":"22","author":[{"given":"Anabela","family":"Santos","sequence":"first","affiliation":[{"name":"Centro de Estudos de Comunica\u00e7\u00e3o e Sociedade, Instituto de Ci\u00eancias Sociais, Braga, Portugal"}]},{"given":"Carla","family":"Cerqueira","sequence":"additional","affiliation":[{"name":"Centro de Estudos de Comunica\u00e7\u00e3o e Sociedade, Instituto de Ci\u00eancias Sociais, Braga, Portugal"}]},{"given":"Rosa","family":"Cabecinhas","sequence":"additional","affiliation":[{"name":"Centro de Estudos de Comunica\u00e7\u00e3o e Sociedade, Instituto de Ci\u00eancias Sociais, Braga, Portugal"}]}],"member":"301","published-online":{"date-parts":[[2018,5,25]]},"reference":[{"key":"cit0001","doi-asserted-by":"crossref","first-page":"25","DOI":"10.2307\/j.ctv36xw4rp.5","volume-title":"Gendered Transformations: Theory and Practices on Gender and Media","author":"\u00c1lvares Cl\u00e1udia","year":"2011"},{"key":"cit0002","first-page":"157","volume-title":"Gender Equality and the Media: A Challenge for Europe","author":"\u00c1lvares Cl\u00e1udia","year":"2016"},{"key":"cit0003","doi-asserted-by":"publisher","DOI":"10.1177\/0959-353506060818"},{"key":"cit0004","volume-title":"Masculino e Feminino: A Constru\u00e7\u00e3o Social da Diferen\u00e7a","author":"Am\u00e2ncio L\u00edgia","year":"1994"},{"key":"cit0005","first-page":"189","volume-title":"Group Dynamics: Research and Theory","author":"Asch Solomon E.","year":"1953"},{"key":"cit0006","first-page":"79","volume-title":"A TV dos Jornalistas","author":"Baptista Carla","year":"2011"},{"key":"cit0007","volume-title":"The Equality Illusion, The Truth about Women and Men Today","author":"Banyard Kat","year":"2010"},{"key":"cit0008","doi-asserted-by":"publisher","DOI":"10.1191\/1478088706qp063oa"},{"key":"cit0009","doi-asserted-by":"publisher","DOI":"10.1057\/9781137273246"},{"key":"cit0010","doi-asserted-by":"publisher","DOI":"10.1002\/9780470774908"},{"key":"cit0011","volume-title":"Gender Trouble: Feminism and the Subversion of Identity","author":"Butler Judith","year":"1990"},{"key":"cit0012","first-page":"11","volume-title":"Critical Readings: Media and Gender","author":"Carter Cynthia","year":"2004"},{"key":"cit0013","first-page":"51","volume-title":"Miradas Perif\u00e9ricas. Las Nuevas Epistemolog\u00edas de la Comunicaci\u00f3n en Brasil y en Portugal","author":"Cerqueira Carla","year":"2016"},{"key":"cit0014","volume-title":"De Outro G\u00e9nero: Propostas para a Promo\u00e7\u00e3o de um Jornalismo Mais Inclusivo","author":"Cerqueira Carla","year":"2014"},{"key":"cit0015","volume-title":"Black Feminist Thought: Knowledge, Consciousness and the Politics of Empowerment","author":"Collins Patricia H.","year":"1990"},{"key":"cit0016","volume-title":"V National Plan for Equality, Gender, Citizenship and Non-Discrimination (2014\u20132017)","author":"Commission for Citizenship and Gender Equality","year":"2014"},{"key":"cit0017","volume-title":"Gender","author":"Connell Raewyn W.","year":"2009"},{"key":"cit0018","volume-title":"Do Of\u00edcio \u00e0 Profiss\u00e3o. Mudan\u00e7as no Jornalismo Portugu\u00eas 1956-68","author":"Correia Fernando","year":"2007"},{"key":"cit0019","doi-asserted-by":"publisher","DOI":"10.2307\/1229039"},{"key":"cit0020","doi-asserted-by":"publisher","DOI":"10.1007\/978-1-349-19737-8"},{"key":"cit0021","volume-title":"Review of the implementation of the Beijing Platform for Action in the EU Member States: Women and the Media - Advancing Gender Equality in Decision-Making in Media Organisations","author":"EIGE (European Institute for Gender Equality)","year":"2013"},{"key":"cit0022","volume-title":"A Televis\u00e3o das Mulheres: Ensaios Sobre a Recep\u00e7\u00e3o","author":"Ferin-Cunha Isabel","year":"2007"},{"issue":"22","key":"cit0023","first-page":"74","volume":"11","author":"Figueiras Rita","year":"2011","journal-title":"ALCEU"},{"key":"cit0024","volume-title":"Gender-Setting: News Agenda for Media Monitoring and Advocacy","author":"Gallagher Margaret","year":"2001"},{"key":"cit0025","first-page":"12","volume-title":"Media and Gender: A Scholarly Agenda for the Global Alliance on Media and Gender","author":"Gallagher Margaret","year":"2014"},{"key":"cit0026","volume-title":"Paper presented at 23th Conference of IAMCR, Women and Communication Section","author":"Gallego Juana","year":"2002"},{"issue":"15","key":"cit0027","first-page":"43","volume":"8","author":"Gallego Juana","year":"2009","journal-title":"Media & Jornalismo - G\u00e9nero, Media e Espa\u00e7o P\u00fablico"},{"key":"cit0028","volume-title":"De Reinas a Ciudadanas: Medios de Comunicaci\u00f3n, \u00bfMotor o R\u00e9mora para la Igualdad?","author":"Gallego Juana","year":"2013"},{"key":"cit0029","doi-asserted-by":"publisher","DOI":"10.1080\/10584600390218869"},{"key":"cit0030","volume-title":"Gender and the Media","author":"Gill Rosalind","year":"2007"},{"key":"cit0031","volume-title":"World Association for Christian Communication (WACC)","author":"GMMP (Global Media Monitoring Project)","year":"2015"},{"key":"cit0032","doi-asserted-by":"publisher","DOI":"10.4135\/9781483384436"},{"key":"cit0033","first-page":"3","volume-title":"Media literacy: A Reader","author":"Kellner Douglas","year":"2007"},{"key":"cit0034","doi-asserted-by":"publisher","DOI":"10.4324\/9781315694597"},{"key":"cit0035","doi-asserted-by":"publisher","DOI":"10.1177\/1748048510362611"},{"key":"cit0036","doi-asserted-by":"publisher","DOI":"10.1080\/1461670X.2015.1111161"},{"key":"cit0037","doi-asserted-by":"publisher","DOI":"10.4324\/9780203852774"},{"key":"cit0038","volume-title":"Anu\u00e1rio de Media & Publicidade, 2012","author":"Marktest","year":"2012"},{"key":"cit0039","doi-asserted-by":"publisher","DOI":"10.1080\/14616700902783911"},{"key":"cit0040","doi-asserted-by":"publisher","DOI":"10.1080\/1461670X.2014.987551"},{"issue":"2","key":"cit0041","doi-asserted-by":"crossref","first-page":"125","DOI":"10.1386\/ijis.22.2.125\/1","volume":"22","author":"Pinto-Coelho Zara","year":"2009","journal-title":"International Journal of Iberian Studies"},{"key":"cit0042","volume-title":"Perfil Sociol\u00f3gico do Jornalista Portugu\u00eas","author":"Rebelo Jos\u00e9","year":"2011"},{"key":"cit0043","volume-title":"Gendered Media: Women, Men, and Identity Politics","author":"Ross Karen","year":"2010"},{"key":"cit0044","volume-title":"The Handbook of Gender, Sex, and Media","author":"Ross Karen","year":"2012"},{"key":"cit0045","doi-asserted-by":"publisher","DOI":"10.1080\/14680777.2014.909139"},{"key":"cit0046","first-page":"117","volume":"12","author":"Salim Isabel","year":"2008","journal-title":"Trajectos"},{"key":"cit0047","doi-asserted-by":"crossref","first-page":"437","DOI":"10.17231\/comsoc.27(2015).2111","volume":"27","author":"Santos Anabela","year":"2015","journal-title":"Revista Comunica\u00e7\u00e3o e Sociedade"},{"issue":"1","key":"cit0048","first-page":"17","volume":"9","author":"Santos Anabela","year":"2015","journal-title":"Observatorio (OBS*) Journal"},{"key":"cit0049","doi-asserted-by":"publisher","DOI":"10.5964\/jspp.v4i1.487"},{"key":"cit0050","first-page":"293","volume-title":"A Igualdade de Mulheres e Homens no Trabalho e no Emprego em Portugal - Pol\u00edticas e Circunst\u00e2ncias","author":"Silva Sofia M.","year":"2010"},{"issue":"3","key":"cit0051","first-page":"9","volume":"5","author":"Silveirinha Maria Jo\u00e3o.","year":"2004","journal-title":"Revista Media & Jornalismo, As Mulheres e os Media"},{"key":"cit0052","first-page":"135","volume":"33","author":"Souza Juliana","year":"2016","journal-title":"Ex aequo"},{"key":"cit0053","doi-asserted-by":"publisher","DOI":"10.1093\/oxfordjournals.pa.a028661"},{"key":"cit0054","doi-asserted-by":"crossref","first-page":"203","DOI":"10.2307\/j.ctv36xw4rp.15","volume-title":"Gendered Transformations: Theory and Practices on Gender and Media","author":"Torkkola Sinikka","year":"2011"},{"key":"cit0055","first-page":"3","volume-title":"Hearth and Home: Images of Women in the Mass Media","author":"Tuchman Gaye","year":"1978"},{"key":"cit0056","volume-title":"Feminist Media Studies","author":"Van Zoonen Liesbet","year":"1994"},{"key":"cit0057","volume-title":"As Primeiras Mulheres Rep\u00f3rteres: Portugal nos Anos 60 e 70","author":"Ventura Isabel","year":"2012"},{"key":"cit0058","doi-asserted-by":"publisher","DOI":"10.1177\/0002716200571001011"},{"key":"cit0059","volume-title":"Global Gender Gap Report","author":"World Economic Forum (WEF)","year":"2017"}],"container-title":["Feminist Media Studies"],"original-title":[],"language":"en","link":[{"URL":"https:\/\/www.tandfonline.com\/doi\/pdf\/10.1080\/14680777.2018.1465445","content-type":"unspecified","content-version":"vor","intended-application":"similarity-checking"}],"deposited":{"date-parts":[[2023,9,2]],"date-time":"2023-09-02T20:26:09Z","timestamp":1693686369000},"score":1,"resource":{"primary":{"URL":"https:\/\/www.tandfonline.com\/doi\/full\/10.1080\/14680777.2018.1465445"}},"subtitle":[],"short-title":[],"issued":{"date-parts":[[2018,5,25]]},"references-count":59,"journal-issue":{"issue":"1","published-print":{"date-parts":[[2022,1,2]]}},"alternative-id":["10.1080\/14680777.2018.1465445"],"URL":"https:\/\/doi.org\/10.1080\/14680777.2018.1465445","relation":{},"ISSN":["1468-0777","1471-5902"],"issn-type":[{"value":"1468-0777","type":"print"},{"value":"1471-5902","type":"electronic"}],"subject":[],"published":{"date-parts":[[2018,5,25]]},"assertion":[{"value":"The publishing and review policy for this title is described in its Aims & Scope.","order":1,"name":"peerreview_statement","label":"Peer Review Statement"},{"value":"http:\/\/www.tandfonline.com\/action\/journalInformation?show=aimsScope&journalCode=rfms20","URL":"http:\/\/www.tandfonline.com\/action\/journalInformation?show=aimsScope&journalCode=rfms20","order":2,"name":"aims_and_scope_url","label":"Aim & Scope"},{"value":"2017-05-16","order":0,"name":"received","label":"Received","group":{"name":"publication_history","label":"Publication History"}},{"value":"2018-01-13","order":1,"name":"revised","label":"Revised","group":{"name":"publication_history","label":"Publication History"}},{"value":"2018-02-13","order":2,"name":"accepted","label":"Accepted","group":{"name":"publication_history","label":"Publication History"}},{"value":"2018-05-25","order":3,"name":"published","label":"Published","group":{"name":"publication_history","label":"Publication History"}}]}}