{"status":"ok","message-type":"work","message-version":"1.0.0","message":{"indexed":{"date-parts":[[2025,5,13]],"date-time":"2025-05-13T23:35:44Z","timestamp":1747179344935,"version":"3.40.5"},"reference-count":82,"publisher":"Informa UK Limited","issue":"2","content-domain":{"domain":["www.tandfonline.com"],"crossmark-restriction":true},"short-container-title":["Victims &amp; Offenders"],"published-print":{"date-parts":[[2021,2,17]]},"DOI":"10.1080\/15564886.2020.1804029","type":"journal-article","created":{"date-parts":[[2020,8,19]],"date-time":"2020-08-19T03:35:27Z","timestamp":1597808127000},"page":"165-182","update-policy":"https:\/\/doi.org\/10.1080\/tandf_crossmark_01","source":"Crossref","is-referenced-by-count":3,"title":["When Subjective Social Status Matters: Moderating Effects in the Association between Victimization and Mental Health"],"prefix":"10.1080","volume":"16","author":[{"given":"Carla","family":"Antunes","sequence":"first","affiliation":[{"name":"HEI-Lab: Digital Human-Environment Interaction Lab, Universidade Lus\u00f3fona do Porto, Porto, Portugal"}]},{"ORCID":"https:\/\/orcid.org\/0000-0002-1421-0397","authenticated-orcid":false,"given":"Eunice","family":"Magalh\u00e3es","sequence":"additional","affiliation":[{"name":"Instituto Universit\u00e1rio de Lisboa (ISCTE-IUL), Cis-IUL, Lisboa, Portugal"}]},{"given":"C\u00e9lia","family":"Ferreira","sequence":"additional","affiliation":[{"name":"HEI-Lab: Digital Human-Environment Interaction Lab, Universidade Lus\u00f3fona do Porto, Porto, Portugal"}]},{"ORCID":"https:\/\/orcid.org\/0000-0001-9662-4931","authenticated-orcid":false,"given":"Joana","family":"Cabral","sequence":"additional","affiliation":[{"name":"Faculty of Psychology, Education and Sport, Universidade Lus\u00f3fona do Porto, Porto, Portugal"}]},{"given":"In\u00eas","family":"Jongenelen","sequence":"additional","affiliation":[{"name":"HEI-Lab: Digital Human-Environment Interaction Lab, Universidade Lus\u00f3fona do Porto, Porto, Portugal"}]}],"member":"301","published-online":{"date-parts":[[2020,8,17]]},"reference":[{"key":"cit0001","doi-asserted-by":"publisher","DOI":"10.1037\/0278-6133.19.6.586"},{"key":"cit0002","doi-asserted-by":"publisher","DOI":"10.1016\/j.avb.2016.06.008"},{"key":"cit0003","doi-asserted-by":"publisher","DOI":"10.1177\/0956797611434537"},{"key":"cit0004","doi-asserted-by":"publisher","DOI":"10.1089\/jwh.2006.0239"},{"key":"cit0005","doi-asserted-by":"publisher","DOI":"10.1080\/01973530903058532"},{"key":"cit0006","doi-asserted-by":"publisher","DOI":"10.1177\/1077801208320907"},{"key":"cit0007","first-page":"305","volume-title":"Avalia\u00e7\u00e3o psicol\u00f3gica: Instrumentos validados para a popula\u00e7\u00e3o portuguesa","author":"Canavarro M. C.","year":"2007"},{"journal-title":"Antropologia Portuguesa","year":"2006","author":"Cardoso H. F.","key":"cit0008"},{"key":"cit0009","doi-asserted-by":"publisher","DOI":"10.1111\/j.1469-7610.2008.01979.x"},{"key":"cit0010","doi-asserted-by":"publisher","DOI":"10.1257\/jel.46.1.95"},{"key":"cit0011","doi-asserted-by":"publisher","DOI":"10.1037\/0278-6133.27.2.268"},{"key":"cit0012","doi-asserted-by":"publisher","DOI":"10.1016\/S0749-3797(02)00514-7"},{"issue":"6","key":"cit0013","first-page":"407","volume":"87","author":"Conway T.","year":"1995","journal-title":"Journal of the National Medical Association"},{"key":"cit0014","doi-asserted-by":"publisher","DOI":"10.1002\/ab.20321"},{"key":"cit0015","doi-asserted-by":"publisher","DOI":"10.1037\/hea0000534"},{"key":"cit0016","doi-asserted-by":"crossref","unstructured":"Davies, M. R., Kalsi, G., Armour, C., Jones, I. R., McIntosh, A. M., Smith, D. J., Walters, J. T. R., Bradley J. R., Kingston, N., Ashford, S., Beange, I., Brailean, A., Cleare, A. J., Jonathan R. I., Coleman, J. R. I., Curtis, C. J., Curzons, S. C. B., Davis, K. A. S., Dowey, L. R. C. Breen, G. (2019). The Genetic Links to Anxiety and Depression (GLAD) study: Online recruitment into the largest recontactable study of depression and anxiety. Behaviour Research and Therapy, 123, 103503. https:\/\/doi.org\/10.1016\/j.brat.2019.103503","DOI":"10.1101\/19002022"},{"key":"cit0017","doi-asserted-by":"publisher","DOI":"10.1111\/asap.12001"},{"key":"cit0018","doi-asserted-by":"publisher","DOI":"10.1016\/j.joep.2007.09.001"},{"key":"cit0019","doi-asserted-by":"publisher","DOI":"10.2105\/AJPH.92.7.1151"},{"key":"cit0020","doi-asserted-by":"publisher","DOI":"10.1177\/1524838018813198"},{"key":"cit0021","doi-asserted-by":"publisher","DOI":"10.1016\/j.chiabu.2018.10.007"},{"journal-title":"Violence & Victims","author":"Ferreira C.","key":"cit0022"},{"key":"cit0023","doi-asserted-by":"publisher","DOI":"10.1136\/jech.2002.003251"},{"key":"cit0024","unstructured":"FFMS. (2020). Portugal desigual: um retrato das desigualdades dos rendimentos e da pobreza no pa\u00eds. Funda\u00e7\u00e3o Francisco Manuel dos Santos. https:\/\/portugaldesigual.ffms.pt\/"},{"volume-title":"Discovering statistics using IBM SPSS statistics","year":"2013","author":"Field A.","key":"cit0025"},{"key":"cit0026","doi-asserted-by":"publisher","DOI":"10.1037\/0022-0167.52.3.267"},{"key":"cit0027","doi-asserted-by":"publisher","DOI":"10.1037\/0893-3200.21.4.572"},{"key":"cit0028","doi-asserted-by":"publisher","DOI":"10.1037\/0278-6133.26.6.668"},{"key":"cit0029","doi-asserted-by":"publisher","DOI":"10.1002\/9781118303092.ch23"},{"key":"cit0030","doi-asserted-by":"publisher","DOI":"10.1037\/a0039671"},{"key":"cit0031","doi-asserted-by":"publisher","DOI":"10.1002\/9781118303092.ch4"},{"key":"cit0032","doi-asserted-by":"publisher","DOI":"10.1016\/S0165-0327(02)00430-5"},{"volume-title":"Introduction to mediation, moderation, and conditional process analysis: A regression-based approach","year":"2017","author":"Hayes A. F.","key":"cit0033"},{"journal-title":"Crime & Delinquency","year":"2010","author":"Hochstetler A.","key":"cit0034"},{"key":"cit0035","doi-asserted-by":"publisher","DOI":"10.1002\/wps.20357"},{"key":"cit0036","doi-asserted-by":"publisher","DOI":"10.1007\/s12529-013-9309-y"},{"key":"cit0037","doi-asserted-by":"publisher","DOI":"10.1111\/j.1532-5415.2005.53169.x"},{"key":"cit0038","doi-asserted-by":"publisher","DOI":"10.1007\/s00127-013-0663-5"},{"key":"cit0039","doi-asserted-by":"publisher","DOI":"10.3390\/ijerph14121573"},{"key":"cit0040","doi-asserted-by":"publisher","DOI":"10.1007\/s10896-014-9633-2"},{"key":"cit0041","doi-asserted-by":"publisher","DOI":"10.1037\/0022-006X.73.3.539"},{"key":"cit0042","doi-asserted-by":"publisher","DOI":"10.1037\/a0016357"},{"key":"cit0043","doi-asserted-by":"publisher","DOI":"10.1037\/0003-066X.59.2.105"},{"key":"cit0044","doi-asserted-by":"publisher","DOI":"10.1016\/S0140-6736(02)11133-0"},{"key":"cit0045","doi-asserted-by":"publisher","DOI":"10.1037\/0022-3514.74.3.763"},{"key":"cit0046","doi-asserted-by":"publisher","DOI":"10.3402\/ejpt.v5.24794"},{"volume-title":"Viol\u00eancia e G\u00e9nero - Inqu\u00e9rito Nacional sobre a Viol\u00eancia Contra as Mulheres e Homens [Violence and gender - National survey on violence against women and men]","year":"2009","author":"Lisboa M.","key":"cit0047"},{"key":"cit0048","doi-asserted-by":"publisher","DOI":"10.1002\/ab.20200"},{"key":"cit0049","doi-asserted-by":"publisher","DOI":"10.1016\/j.childyouth.2017.06.041"},{"key":"cit0050","unstructured":"Magalh\u00e3es, E., Ferreira, C. & Antunes, C. (2019). Questionnaire of Victimization Experiences [Unpublished manuscript]."},{"key":"cit0051","doi-asserted-by":"publisher","DOI":"10.1111\/bjso.12251"},{"issue":"1","key":"cit0052","first-page":"242","volume":"11","author":"Mir S.","year":"2017","journal-title":"Journal of Social Sciences"},{"key":"cit0053","doi-asserted-by":"publisher","DOI":"10.1016\/j.socscimed.2015.10.030"},{"key":"cit0054","doi-asserted-by":"publisher","DOI":"10.1037\/0021-843X.112.4.646"},{"issue":"2","key":"cit0055","first-page":"183","volume":"20","author":"Novo R.","year":"2005","journal-title":"RIDEP"},{"key":"cit0056","first-page":"313","volume-title":"Avalia\u00e7\u00e3o psicol\u00f3gica: Formas e contextos","author":"Novo R. F.","year":"1997"},{"key":"cit0057","doi-asserted-by":"publisher","DOI":"10.1177\/1077801204264367"},{"key":"cit0058","doi-asserted-by":"publisher","DOI":"10.1080\/08870440310001638098"},{"journal-title":"Journal of Women\u00b4s Health","year":"2006","author":"Pico-Alonso M. A.","key":"cit0059"},{"key":"cit0060","doi-asserted-by":"publisher","DOI":"10.1016\/j.burn.2015.03.001"},{"key":"cit0061","unstructured":"PORDATA. (n.d.). Portugal. Retrieved June 4, 2020, from https:\/\/www.pordata.pt\/Portugal."},{"key":"cit0062","doi-asserted-by":"publisher","DOI":"10.1002\/9781118303092.ch6"},{"volume-title":"Desigualdade do rendimento e pobreza em Portugal: As consequ\u00eancias sociais do programa de ajustamento","year":"2016","author":"Rodrigues C. F.","key":"cit0063"},{"key":"cit0064","doi-asserted-by":"publisher","DOI":"10.1146\/annurev.psych.52.1.141"},{"key":"cit0065","doi-asserted-by":"publisher","DOI":"10.1037\/0022-3514.69.4.719"},{"key":"cit0066","doi-asserted-by":"publisher","DOI":"10.1159\/000289026"},{"key":"cit0067","doi-asserted-by":"publisher","DOI":"10.1146\/annurev.clinpsy.1.102803.144141"},{"key":"cit0068","doi-asserted-by":"publisher","DOI":"10.1001\/jamapsychiatry.2014.1337"},{"key":"cit0069","doi-asserted-by":"publisher","DOI":"10.3126\/jaar.v3i1.16620"},{"key":"cit0070","doi-asserted-by":"publisher","DOI":"10.1146\/annurev-psych-010213-115143"},{"key":"cit0071","doi-asserted-by":"publisher","DOI":"10.1080\/02796015.2008.12087908"},{"key":"cit0072","volume-title":"Using multivariate statistics","author":"Tabachnick B. G.","year":"2007","edition":"5"},{"key":"cit0073","doi-asserted-by":"publisher","DOI":"10.1186\/s12905-019-0717-2"},{"journal-title":"Journal of Injury and Violence Research","year":"2018","author":"Vameghi R.","key":"cit0074"},{"key":"cit0075","doi-asserted-by":"publisher","DOI":"10.1002\/da.21948"},{"key":"cit0076","doi-asserted-by":"publisher","DOI":"10.1007\/s00127-011-0424-2"},{"key":"cit0077","doi-asserted-by":"publisher","DOI":"10.1080\/13607863.2013.866632"},{"volume-title":"The world health report 2001: Mental health: New understanding, New hope","year":"2001","author":"WHO","key":"cit0078"},{"key":"cit0079","unstructured":"WHO. (2017). Depression and other common mental disorders: Global health estimates."},{"key":"cit0080","doi-asserted-by":"publisher","DOI":"10.1037\/hea0000667"},{"key":"cit0081","doi-asserted-by":"publisher","DOI":"10.1177\/1077801213517566"},{"issue":"4","key":"cit0082","first-page":"624","volume":"50","author":"Zorotovich J.","year":"2016","journal-title":"College Student Journal"}],"container-title":["Victims &amp; Offenders"],"original-title":[],"language":"en","link":[{"URL":"https:\/\/www.tandfonline.com\/doi\/pdf\/10.1080\/15564886.2020.1804029","content-type":"unspecified","content-version":"vor","intended-application":"similarity-checking"}],"deposited":{"date-parts":[[2021,5,27]],"date-time":"2021-05-27T04:03:56Z","timestamp":1622088236000},"score":1,"resource":{"primary":{"URL":"https:\/\/www.tandfonline.com\/doi\/full\/10.1080\/15564886.2020.1804029"}},"subtitle":[],"short-title":[],"issued":{"date-parts":[[2020,8,17]]},"references-count":82,"journal-issue":{"issue":"2","published-print":{"date-parts":[[2021,2,17]]}},"alternative-id":["10.1080\/15564886.2020.1804029"],"URL":"https:\/\/doi.org\/10.1080\/15564886.2020.1804029","relation":{},"ISSN":["1556-4886","1556-4991"],"issn-type":[{"type":"print","value":"1556-4886"},{"type":"electronic","value":"1556-4991"}],"subject":[],"published":{"date-parts":[[2020,8,17]]},"assertion":[{"value":"The publishing and review policy for this title is described in its Aims & Scope.","order":1,"name":"peerreview_statement","label":"Peer Review Statement"},{"value":"http:\/\/www.tandfonline.com\/action\/journalInformation?show=aimsScope&journalCode=uvao20","URL":"http:\/\/www.tandfonline.com\/action\/journalInformation?show=aimsScope&journalCode=uvao20","order":2,"name":"aims_and_scope_url","label":"Aim & Scope"},{"value":"2020-08-17","order":3,"name":"published","label":"Published","group":{"name":"publication_history","label":"Publication History"}}]}}