{"status":"ok","message-type":"work","message-version":"1.0.0","message":{"indexed":{"date-parts":[[2026,3,5]],"date-time":"2026-03-05T09:57:39Z","timestamp":1772704659370,"version":"3.50.1"},"reference-count":56,"publisher":"Informa UK Limited","issue":"1","license":[{"start":{"date-parts":[[2025,4,30]],"date-time":"2025-04-30T00:00:00Z","timestamp":1745971200000},"content-version":"vor","delay-in-days":0,"URL":"http:\/\/creativecommons.org\/licenses\/by\/4.0\/"}],"content-domain":{"domain":["www.tandfonline.com"],"crossmark-restriction":true},"short-container-title":["Journal of School Choice"],"published-print":{"date-parts":[[2026,1,2]]},"DOI":"10.1080\/15582159.2025.2491844","type":"journal-article","created":{"date-parts":[[2025,4,30]],"date-time":"2025-04-30T06:32:36Z","timestamp":1745994756000},"page":"48-64","update-policy":"https:\/\/doi.org\/10.1080\/tandf_crossmark_01","source":"Crossref","is-referenced-by-count":0,"title":["School and Class Segregation in Portugal: The Role of Academic and Socioeconomic Backgrounds"],"prefix":"10.1080","volume":"20","author":[{"ORCID":"https:\/\/orcid.org\/0000-0002-2990-7365","authenticated-orcid":false,"given":"Jo\u00e3o","family":"Firmino","sequence":"first","affiliation":[{"name":"Universidade Nova de Lisboa","place":["Carcavelos, Portugal"]}]},{"ORCID":"https:\/\/orcid.org\/0000-0001-8115-6223","authenticated-orcid":false,"given":"Lu\u00eds","family":"Catela Nunes","sequence":"additional","affiliation":[{"name":"Universidade Nova de Lisboa","place":["Carcavelos, Portugal"]}]},{"ORCID":"https:\/\/orcid.org\/0000-0002-4728-064X","authenticated-orcid":false,"given":"S\u00edlvia","family":"de Almeida","sequence":"additional","affiliation":[{"name":"NOVA University of Lisbon","place":["Lisboa, Portugal"]}]},{"ORCID":"https:\/\/orcid.org\/0000-0003-2545-4538","authenticated-orcid":false,"given":"Susana","family":"Batista","sequence":"additional","affiliation":[{"name":"NOVA University of Lisbon","place":["Lisboa, Portugal"]}]}],"member":"301","published-online":{"date-parts":[[2025,4,30]]},"reference":[{"key":"e_1_3_7_2_1","doi-asserted-by":"publisher","DOI":"10.4000\/configuracoes.3658"},{"key":"e_1_3_7_3_1","doi-asserted-by":"publisher","DOI":"10.1093\/qje\/qjab009"},{"key":"e_1_3_7_4_1","doi-asserted-by":"publisher","DOI":"10.1111\/ectj.12039"},{"key":"e_1_3_7_5_1","doi-asserted-by":"publisher","DOI":"10.1080\/03054980701366306"},{"key":"e_1_3_7_6_1","doi-asserted-by":"publisher","DOI":"10.1257\/jel.20171164"},{"key":"e_1_3_7_7_1","doi-asserted-by":"publisher","DOI":"10.1080\/13613324.2014.969225"},{"key":"e_1_3_7_8_1","volume-title":"Assimetrias de contexto socioecon\u00f3mico entre escolas p\u00fablicas - 2.o ciclo, 2015\/16","author":"Baptista J. O.","year":"2018","unstructured":"Baptista, J. O., & Pereira, P. (2018). Assimetrias de contexto socioecon\u00f3mico entre escolas p\u00fablicas - 2.o ciclo, 2015\/16. Dire\u00e7\u00e3o-Geral de Estat\u00edsticas da Educa\u00e7\u00e3o e Ci\u00eancia (DGEEC)."},{"key":"e_1_3_7_9_1","doi-asserted-by":"publisher","DOI":"10.1080\/15582159.2013.808937"},{"key":"e_1_3_7_10_1","volume-title":"Measuring school segregation: Evidence from Lisbon","author":"B\u00eaa M. E.","year":"2018","unstructured":"B\u00eaa, M. E. (2018). Measuring school segregation: Evidence from Lisbon. Nova SBE Masters Work Projects http:\/\/hdl.handle.net\/10362\/48482."},{"key":"e_1_3_7_11_1","doi-asserted-by":"publisher","DOI":"10.1257\/aeri.20200336"},{"key":"e_1_3_7_12_1","doi-asserted-by":"publisher","DOI":"10.1086\/666653"},{"key":"e_1_3_7_13_1","doi-asserted-by":"publisher","DOI":"10.1086\/718975"},{"key":"e_1_3_7_14_1","doi-asserted-by":"publisher","DOI":"10.1080\/07350015.1997.10524718"},{"key":"e_1_3_7_15_1","volume-title":"The academic achievement challenge: What really works in the classroom","author":"Chall J. S.","year":"2002","unstructured":"Chall, J. S. (2002). The academic achievement challenge: What really works in the classroom. Guilford"},{"key":"e_1_3_7_16_1","doi-asserted-by":"publisher","DOI":"10.1257\/aer.20150572"},{"key":"e_1_3_7_17_1","doi-asserted-by":"publisher","DOI":"10.1086\/675529"},{"key":"e_1_3_7_18_1","doi-asserted-by":"publisher","DOI":"10.3102\/01623737027003225"},{"key":"e_1_3_7_19_1","doi-asserted-by":"publisher","DOI":"10.2307\/2094840"},{"key":"e_1_3_7_20_1","doi-asserted-by":"publisher","DOI":"10.3982\/ecta6551"},{"key":"e_1_3_7_21_1","doi-asserted-by":"publisher","DOI":"10.1111\/j.1542-4774.2012.01073.x"},{"key":"e_1_3_7_22_1","volume-title":"Estat\u00edsticas da Educa\u00e7\u00e3o 2013\/2014","author":"Dire\u00e7\u00e3o-Geral de Estat\u00edsticas da Educa\u00e7\u00e3o e Ci\u00eancia","year":"2014","unstructured":"Dire\u00e7\u00e3o-Geral de Estat\u00edsticas da Educa\u00e7\u00e3o e Ci\u00eancia. (2014). Estat\u00edsticas da Educa\u00e7\u00e3o 2013\/2014."},{"key":"e_1_3_7_23_1","doi-asserted-by":"publisher","DOI":"10.1093\/esr\/jcaa026"},{"key":"e_1_3_7_24_1","doi-asserted-by":"publisher","DOI":"10.1257\/aer.101.5.1739"},{"key":"e_1_3_7_25_1","doi-asserted-by":"publisher","DOI":"10.2307\/2088328"},{"key":"e_1_3_7_26_1","doi-asserted-by":"publisher","DOI":"10.1086\/711421"},{"key":"e_1_3_7_27_1","unstructured":"European Union Agency for Fundamental Rights (FRA). (2020). Roma and Travellers in six countries \u2013 Roma and Travellers survey. Publications Office of the European Union. https:\/\/data.europa.eu\/doi\/10.2811\/30472"},{"key":"e_1_3_7_28_1","doi-asserted-by":"publisher","DOI":"10.1093\/esr\/jcad004"},{"key":"e_1_3_7_29_1","doi-asserted-by":"publisher","DOI":"10.1016\/j.jet.2010.10.008"},{"key":"e_1_3_7_30_1","doi-asserted-by":"publisher","DOI":"10.1007\/s12134-015-0445-x"},{"key":"e_1_3_7_31_1","doi-asserted-by":"publisher","DOI":"10.1080\/15582159.2013.791182"},{"key":"e_1_3_7_32_1","doi-asserted-by":"publisher","DOI":"10.1177\/003803850203600405"},{"key":"e_1_3_7_33_1","doi-asserted-by":"publisher","DOI":"10.1007\/s10888-019-09437-3"},{"key":"e_1_3_7_34_1","doi-asserted-by":"publisher","DOI":"10.1002\/jae.741"},{"key":"e_1_3_7_35_1","doi-asserted-by":"publisher","DOI":"10.3102\/0002831208329599"},{"key":"e_1_3_7_36_1","unstructured":"Hortas M. J. B. (2013). Educa\u00e7\u00e3o diversidade e territ\u00f3rio: o caso da \u00e1rea metropolitana de Lisboa. Doctoral Dissertation Geography (Human Geography) Universidade de Lisboa Instituto de Geografia e Ordenamento do Territ\u00f3rio. http:\/\/hdl.handle.net\/10451\/9663"},{"key":"e_1_3_7_37_1","doi-asserted-by":"publisher","DOI":"10.1080\/09645292.2018.1538408"},{"key":"e_1_3_7_38_1","isbn-type":"print","volume-title":"Atlas da Educa\u00e7\u00e3o","author":"Justino D.","year":"2017","unstructured":"Justino, D., Santos, R., Beatriz, I., Gramaxo, L., Pascueiro, L., Franco, L., Carvalho, M. J., Tomaz, M., Santos, R., Almeida, S., & Batista, S. (2017). Atlas da Educa\u00e7\u00e3o. Projecto Rede de Escolas de Excel\u00eancia (ESCXEL) - CICS.NOVA 978-989-97702-8-7 http:\/\/hdl.handle.net\/10362\/127968.","ISBN":"https:\/\/id.crossref.org\/isbn\/9789899770287"},{"key":"e_1_3_7_39_1","doi-asserted-by":"publisher","DOI":"10.14507\/epaa.27.3577"},{"key":"e_1_3_7_40_1","doi-asserted-by":"publisher","DOI":"10.4324\/9780429499821"},{"key":"e_1_3_7_41_1","doi-asserted-by":"publisher","DOI":"10.1086\/663592"},{"key":"e_1_3_7_42_1","volume-title":"The tracking wars: State reform meets school policy","author":"Loveless T.","year":"2011","unstructured":"Loveless, T. (2011). The tracking wars: State reform meets school policy. Brookings Institution Press."},{"key":"e_1_3_7_43_1","doi-asserted-by":"publisher","DOI":"10.1257\/aer.103.3.226"},{"issue":"36","key":"e_1_3_7_44_1","first-page":"89","article-title":"A problem\u00e1tica da segrega\u00e7\u00e3o residencial de base \u00e9tnica-quest\u00f5es conceptuais e limites \u00e0 operacionaliza\u00e7\u00e3o: o caso da \u00c1rea Metropolitana de Lisboa","author":"Malheiros J. M.","year":"2004","unstructured":"Malheiros, J. M., & Vala, F. (2004). A problem\u00e1tica da segrega\u00e7\u00e3o residencial de base \u00e9tnica-quest\u00f5es conceptuais e limites \u00e0 operacionaliza\u00e7\u00e3o: o caso da \u00c1rea Metropolitana de Lisboa. Revista de Estudos Demogr\u00e1ficos, (36), 89\u2013109. https:\/\/www.ine.pt\/xportal\/xmain?xpid=INE&xpgid=ine_publicacoes&PUBLICACOESpub_boui=378741&PUBLICACOESmodo=2","journal-title":"Revista de Estudos Demogr\u00e1ficos"},{"key":"e_1_3_7_45_1","doi-asserted-by":"publisher","DOI":"10.1080\/13691830701541689"},{"key":"e_1_3_7_46_1","doi-asserted-by":"publisher","DOI":"10.2307\/2579183"},{"key":"e_1_3_7_47_1","doi-asserted-by":"publisher","DOI":"10.7203\/RASE.11.1.10129"},{"key":"e_1_3_7_48_1","doi-asserted-by":"publisher","DOI":"10.1787\/2592c974-en"},{"key":"e_1_3_7_49_1","volume-title":"Organiza\u00e7\u00e3o escolar: as turmas","author":"Ramos F.","year":"2016","unstructured":"Ramos, F., F\u00e9lix, P., Perdig\u00e3o, R. & Conselho Nacional de Educa\u00e7\u00e3o (CNE). (2016). In D. Justino, & M. Migu\u00e9ns (Eds.), Organiza\u00e7\u00e3o escolar: as turmas. Lisboa: Conselho Nacional de Educa\u00e7\u00e3o (CNE)."},{"key":"e_1_3_7_50_1","doi-asserted-by":"publisher","DOI":"10.1257\/aer.20180044"},{"key":"e_1_3_7_51_1","doi-asserted-by":"publisher","DOI":"10.1111\/1467-9531.00110"},{"key":"e_1_3_7_52_1","unstructured":"Rold\u00e3o C. (2015). Fatores e perfis de sucesso escolar \u201cinesperado\u201d: trajetos de contratend\u00eancia de jovens das classes populares e de origem africana. [Doctoral Dissertation Sociology ISCTE] Instituto Universit\u00e1rio de Lisboa: http:\/\/hdl.handle.net\/10071\/9342"},{"key":"e_1_3_7_53_1","doi-asserted-by":"publisher","DOI":"10.1016\/B978-0-444-53429-3.00004-1"},{"key":"e_1_3_7_54_1","doi-asserted-by":"publisher","DOI":"10.1386\/pjss.18.1.9_1"},{"key":"e_1_3_7_55_1","volume-title":"No excuses: Closing the racial gap in learning","author":"Thernstrom A.","year":"2004","unstructured":"Thernstrom, A., & Thernstrom, S. (2004). No excuses: Closing the racial gap in learning. Simon and Schuster."},{"key":"e_1_3_7_56_1","doi-asserted-by":"publisher","DOI":"10.1023\/B:SOCI.0000032339.86520.5f"},{"key":"e_1_3_7_57_1","doi-asserted-by":"publisher","DOI":"10.1016\/j.ejpoleco.2005.07.002"}],"updated-by":[{"DOI":"10.1080\/15582159.2025.2513165","type":"correction","label":"Correction","source":"publisher","updated":{"date-parts":[[2025,5,31]],"date-time":"2025-05-31T00:00:00Z","timestamp":1748649600000}}],"container-title":["Journal of School Choice"],"original-title":[],"language":"en","link":[{"URL":"https:\/\/www.tandfonline.com\/doi\/pdf\/10.1080\/15582159.2025.2491844","content-type":"unspecified","content-version":"vor","intended-application":"similarity-checking"}],"deposited":{"date-parts":[[2026,3,5]],"date-time":"2026-03-05T08:59:04Z","timestamp":1772701144000},"score":1,"resource":{"primary":{"URL":"https:\/\/www.tandfonline.com\/doi\/full\/10.1080\/15582159.2025.2491844"}},"subtitle":[],"short-title":[],"issued":{"date-parts":[[2025,4,30]]},"references-count":56,"journal-issue":{"issue":"1","published-print":{"date-parts":[[2026,1,2]]}},"alternative-id":["10.1080\/15582159.2025.2491844"],"URL":"https:\/\/doi.org\/10.1080\/15582159.2025.2491844","relation":{},"ISSN":["1558-2159","1558-2167"],"issn-type":[{"value":"1558-2159","type":"print"},{"value":"1558-2167","type":"electronic"}],"subject":[],"published":{"date-parts":[[2025,4,30]]},"assertion":[{"value":"The publishing and review policy for this title is described in its Aims & Scope.","order":1,"name":"peerreview_statement","label":"Peer Review Statement"},{"value":"http:\/\/www.tandfonline.com\/action\/journalInformation?show=aimsScope&journalCode=wjsc20","URL":"http:\/\/www.tandfonline.com\/action\/journalInformation?show=aimsScope&journalCode=wjsc20","order":2,"name":"aims_and_scope_url","label":"Aim & Scope"},{"value":"2025-04-30","order":3,"name":"published","label":"Published","group":{"name":"publication_history","label":"Publication History"}}]}}