{"status":"ok","message-type":"work","message-version":"1.0.0","message":{"indexed":{"date-parts":[[2026,3,5]],"date-time":"2026-03-05T13:41:09Z","timestamp":1772718069639,"version":"3.50.1"},"reference-count":36,"publisher":"Informa UK Limited","issue":"1","funder":[{"name":"Foundation for Science and Technology"},{"name":"under the research contract","award":["DL57\/2016\/CP1341\/CT0009"],"award-info":[{"award-number":["DL57\/2016\/CP1341\/CT0009"]}]}],"content-domain":{"domain":["www.tandfonline.com"],"crossmark-restriction":true},"short-container-title":["Heritage &amp; Society"],"published-print":{"date-parts":[[2026,1,2]]},"DOI":"10.1080\/2159032x.2023.2268311","type":"journal-article","created":{"date-parts":[[2023,10,27]],"date-time":"2023-10-27T00:44:12Z","timestamp":1698367452000},"page":"157-178","update-policy":"https:\/\/doi.org\/10.1080\/tandf_crossmark_01","source":"Crossref","is-referenced-by-count":0,"title":["Changing Views on Heritage Through Time: The Listing of Monastic Heritage in Portugal"],"prefix":"10.1080","volume":"19","author":[{"ORCID":"https:\/\/orcid.org\/0000-0001-7883-9170","authenticated-orcid":false,"given":"Catarina Almeida","family":"Marado","sequence":"first","affiliation":[{"name":"University of Coimbra","place":["Coimbra, Portugal"]}]}],"member":"301","published-online":{"date-parts":[[2023,10,26]]},"reference":[{"key":"e_1_3_2_2_1","first-page":"407","article-title":"Patrim\u00f3nio: Riegl e hoje","volume":"10","author":"Almeida C.","year":"1993","unstructured":"Almeida, C. 1993. \u201cPatrim\u00f3nio: Riegl e hoje.\u201d Hist\u00f3ria 10: 407\u2013416.","journal-title":"Hist\u00f3ria"},{"key":"e_1_3_2_3_1","doi-asserted-by":"publisher","DOI":"10.2307\/j.ctt18mvnhw"},{"key":"e_1_3_2_4_1","volume-title":"Patrim\u00f3nio e Territ\u00f3rio: relat\u00f3rio Final","author":"Bernardes J.","year":"2014","unstructured":"Bernardes, J., R. Moreira, and L. Oliveira2014. Patrim\u00f3nio e Territ\u00f3rio: relat\u00f3rio Final. Faro: SEC-GEPAC."},{"key":"e_1_3_2_5_1","volume-title":"Patrim\u00f3nio (2000\u20132006). Balan\u00e7o e Perspectivas","author":"Calado L.","year":"2000","unstructured":"Calado, L., P. Pereira, and J. Leite. 2000. Patrim\u00f3nio (2000\u20132006). Balan\u00e7o e Perspectivas. Lisbon: IPPAR."},{"issue":"2","key":"e_1_3_2_6_1","first-page":"5","article-title":"O Regresso dos Monges. Interven\u00e7\u00f5es do IPPAR em Conjuntos Mon\u00e1sticos","author":"Calado L.","year":"2002","unstructured":"Calado, L., P. Pereira, and J. Leite. 2002. \u201cO Regresso dos Monges. Interven\u00e7\u00f5es do IPPAR em Conjuntos Mon\u00e1sticos.\u201d Revista Patrim\u00f3nio Estudos (2): 5\u201322.","journal-title":"Revista Patrim\u00f3nio Estudos"},{"key":"e_1_3_2_7_1","doi-asserted-by":"publisher","DOI":"10.3406\/rvart.1990.347815"},{"key":"e_1_3_2_8_1","volume-title":"The Invention of the Historic Monument","author":"Choay F.","year":"2001","unstructured":"Choay, F. 2001. The Invention of the Historic Monument. Cambridge: Cambridge University Press."},{"key":"e_1_3_2_9_1","volume-title":"Life Inside the Cloister. Understanding Monastic Architecture: Tradition, Reformation, Adaptive Reuse","author":"Coomans T.","year":"2018","unstructured":"Coomans, T. 2018. Life Inside the Cloister. Understanding Monastic Architecture: Tradition, Reformation, Adaptive Reuse. Leuven: Leuven University Press."},{"key":"e_1_3_2_10_1","unstructured":"Correia L. 2015. Monumentos Territ\u00f3rio e Identidade no Estado Novo: Da Defini\u00e7\u00e3o de um Projecto \u00e0 Memoriza\u00e7\u00e3o de um Legado.\u201d PhD Diss. Coimbra University."},{"key":"e_1_3_2_11_1","volume-title":"The Heritage Obsession: The Battle for England's Past","author":"Cowell B.","year":"2008","unstructured":"Cowell, B. 2008. The Heritage Obsession: The Battle for England's Past. Chalford: Tempus."},{"key":"e_1_3_2_12_1","unstructured":"Cust\u00f3dio J. 2008. \u2018Renascen\u00e7a\u2019 Art\u00edstica e Pr\u00e1ticas de Conserva\u00e7\u00e3o e Restauro Arquitect\u00f3nico em Portugal Durante a 1\u00aa Rep\u00fablica.\u201d PhD Diss. \u00c9vora University."},{"key":"e_1_3_2_13_1","volume-title":"100 Anos de Patrim\u00f3nio: Mem\u00f3ria e Identidade. Portugal 1910\u20132010","author":"Cust\u00f3dio J.","year":"2011","unstructured":"Cust\u00f3dio, J. 2011. 100 Anos de Patrim\u00f3nio: Mem\u00f3ria e Identidade. Portugal 1910\u20132010. Lisbon: IGESPAR."},{"key":"e_1_3_2_14_1","first-page":"13","volume-title":"Patrimonializa\u00e7\u00e3o e Sustentabilidade do Patrim\u00f3nio: reflex\u00e3o e Prospectiva","author":"Davallon J.","year":"2018","unstructured":"Davallon, J. 2018. \u201c\u00c0 Props des Regimes de Patrimonialisation: Enjeux et Questions.\u201d In Patrimonializa\u00e7\u00e3o e Sustentabilidade do Patrim\u00f3nio: reflex\u00e3o e Prospectiva, edited by Gra\u00e7a Filipe, Jos\u00e9 Vale, and In\u00eas Casta\u00f1o, 13\u201331. Lisbon: IHC."},{"key":"e_1_3_2_15_1","volume-title":"Caminhos do Patrim\u00f3nio: 1929\u20131999","author":"DGEMN","year":"1999","unstructured":"DGEMN. 1999. Caminhos do Patrim\u00f3nio: 1929\u20131999. Lisbon: DGEMN."},{"key":"e_1_3_2_16_1","volume-title":"Patrim\u00f3nio Cultural em Portugal: Avalia\u00e7\u00e3o do Valor Econ\u00f3mico e Social","author":"Gon\u00e7alves C.","year":"2020","unstructured":"Gon\u00e7alves, C., J. M. Carvalho, and J. Tavares. 2020. Patrim\u00f3nio Cultural em Portugal: Avalia\u00e7\u00e3o do Valor Econ\u00f3mico e Social. Lisbon: Funda\u00e7\u00e3o Millennium Bcp."},{"key":"e_1_3_2_17_1","first-page":"1","volume-title":"The Ashgate Companion to Heritage and Identity","author":"Graham B.","year":"2008","unstructured":"Graham, B., and P. Howard. 2008. \u201cHeritage and Identity.\u201d In The Ashgate Companion to Heritage and Identity, edited by B. Graham, and P. Howard, 1\u201317. London: Ashgate."},{"key":"e_1_3_2_18_1","doi-asserted-by":"publisher","DOI":"10.1093\/oxfordhb\/9780199602001.013.021"},{"key":"e_1_3_2_19_1","doi-asserted-by":"publisher","DOI":"10.4000\/books.editionsmsh.2642"},{"key":"e_1_3_2_20_1","volume-title":"Estat\u00edsticas da Cultura: 2019","author":"INE","year":"2020","unstructured":"INE. 2020. Estat\u00edsticas da Cultura: 2019. Lisbon: INE. https:\/\/www.ine.pt\/xurl\/pub\/71882171."},{"key":"e_1_3_2_21_1","volume-title":"Dar Futuro ao Passado","author":"IPPAAR","year":"1993","unstructured":"IPPAAR. 1993. Dar Futuro ao Passado. Lisbon: IPPAAR."},{"key":"e_1_3_2_22_1","volume-title":"A History of Architectural Conservation","author":"Jokilehto J.","year":"2002","unstructured":"Jokilehto, J. 2002. A History of Architectural Conservation. London: Butterworth-Heinemann."},{"key":"e_1_3_2_23_1","first-page":"19","volume-title":"Giving Preservation a History: Histories of Historic Preservation in the United States","author":"Lowenthal D.","year":"2004","unstructured":"Lowenthal, D. 2004. \u201cThe Heritage Crusade and its Contradictions.\u201d In Giving Preservation a History: Histories of Historic Preservation in the United States, edited by M. Page, and R. Mason, 19\u201344. London\/ New York: Routledge."},{"key":"e_1_3_2_24_1","unstructured":"Marado C. A. 2007. Patrimonio Conventual y Periferia Urbana. La Salvaguardia de los Antiguos Espacios Conventuales del Algarve.\u201d PhD Diss. Seville University."},{"issue":"2","key":"e_1_3_2_25_1","first-page":"53","article-title":"Patrimony, the Concept, the Object, the Memory, and the Palimsest: A View from the History of Architecture","volume":"35","author":"Morisset L.","year":"2010","unstructured":"Morisset, L. 2010. \u201cPatrimony, the Concept, the Object, the Memory, and the Palimsest: A View from the History of Architecture.\u201d Journal of the Society for the Study of Architecture in Canada 35 (2): 53\u201362.","journal-title":"Journal of the Society for the Study of Architecture in Canada"},{"key":"e_1_3_2_26_1","volume-title":"Mem\u00f3ria, Propaganda e Poder: O Restauro dos Monumentos Nacionais (1929\u20131960)","author":"Neto M.","year":"2001","unstructured":"Neto, M. 2001. Mem\u00f3ria, Propaganda e Poder: O Restauro dos Monumentos Nacionais (1929\u20131960). Porto: FAUP."},{"key":"e_1_3_2_27_1","volume-title":"Realms of Memory: The Construction of the French Past, Vols. 1, 2, 3","author":"Nora P.","year":"1996","unstructured":"Nora, P.1996, 1997, 1998. Realms of Memory: The Construction of the French Past, Vols. 1, 2, 3. New York and Chichester: Columbia University Press."},{"key":"e_1_3_2_28_1","volume-title":"Interven\u00e7\u00f5es no Patrim\u00f3nio, 1995\u20132000","author":"Pereira P.","year":"1997","unstructured":"Pereira, P.1997. Interven\u00e7\u00f5es no Patrim\u00f3nio, 1995\u20132000. Lisbon: IPPAR."},{"key":"e_1_3_2_29_1","unstructured":"Relat\u00f3rio e Mappa acerca dos edif\u00edcios que devem ser classificados monumentos nacionaes. 1881. Apresentado ao Governo pela Real Associa\u00e7\u00e3o dos Arquitectos Civis e Archeologos Portuguezes em conformidade da portaria do Minist\u00e9rio das Obras Publicas de 24\/10\/1880. Lisbon."},{"key":"e_1_3_2_30_1","unstructured":"Revista Patrim\u00f3nio Estudos (2) - Interven\u00e7\u00f5es em Conjuntos Mon\u00e1sticos. 2002. \u2009\u2026"},{"key":"e_1_3_2_31_1","unstructured":"Rosas L. 1995. Monumentos P\u00e1trios: A Arquitectura Religiosa Medieval - Patrim\u00f3nio e Restauro (1835\u20131928).\u201d PhD Diss. Oporto University."},{"key":"e_1_3_2_32_1","first-page":"50","article-title":"A Classifica\u00e7\u00e3o dos Bens Im\u00f3veis. Enquadramento Legal, Procedimentos e crit\u00e9rios","volume":"6","author":"Santos S.","year":"2004","unstructured":"Santos, S., P. Martins, and F. Moser. 2004. \u201cA Classifica\u00e7\u00e3o dos Bens Im\u00f3veis. Enquadramento Legal, Procedimentos e crit\u00e9rios.\u201d ESTUDOS\/Patrim\u00f3nio 6: 50\u201356.","journal-title":"ESTUDOS\/Patrim\u00f3nio"},{"key":"e_1_3_2_33_1","first-page":"59","article-title":"A Venda dos Bens Nacionais: A Carta de lei de 15 de Abril de 1835 Aspectos Introdut\u00f3rios e Gerais","author":"Silva A.","year":"1984","unstructured":"Silva, A. 1984. \u201cA Venda dos Bens Nacionais: A Carta de lei de 15 de Abril de 1835 Aspectos Introdut\u00f3rios e Gerais.\u201d Revista Portuguesa de Hist\u00f3ria XIX: 59\u2013115.","journal-title":"Revista Portuguesa de Hist\u00f3ria"},{"key":"e_1_3_2_34_1","first-page":"86","volume-title":"Projec\u00e7\u00f5es de Lisboa","author":"Silva H.","year":"2018","unstructured":"Silva, H., R. M\u00e9gre, and T. Louren\u00e7o. 2018. \u201cLisboa dos Conventos. Perman\u00eancias e Metamorfoses.\u201d In Projec\u00e7\u00f5es de Lisboa, edited by J. Seixas, 86\u2013111. Lisbon: Caleidosc\u00f3pio."},{"key":"e_1_3_2_35_1","first-page":"87","article-title":"A Venda dos Bens Nacionais (1834\u20131843): Uma Primeira Abordagem","volume":"61","author":"Silveira L.","year":"1980","unstructured":"Silveira, L. 1980. \u201cA Venda dos Bens Nacionais (1834\u20131843): Uma Primeira Abordagem.\u201d An\u00e1lise Social 61-62: 87\u2013110.","journal-title":"An\u00e1lise Social"},{"key":"e_1_3_2_36_1","doi-asserted-by":"publisher","DOI":"10.4324\/9780203602263"},{"key":"e_1_3_2_37_1","volume-title":"Patrim\u00f3nio e Restauro em Portugal (1920\u20131995)","author":"Tom\u00e9 M.","year":"2002","unstructured":"Tom\u00e9, M. 2002. Patrim\u00f3nio e Restauro em Portugal (1920\u20131995). Porto: FAUP."}],"container-title":["Heritage &amp; Society"],"original-title":[],"language":"en","link":[{"URL":"https:\/\/www.tandfonline.com\/doi\/pdf\/10.1080\/2159032X.2023.2268311","content-type":"unspecified","content-version":"vor","intended-application":"similarity-checking"}],"deposited":{"date-parts":[[2026,3,5]],"date-time":"2026-03-05T12:37:58Z","timestamp":1772714278000},"score":1,"resource":{"primary":{"URL":"https:\/\/www.tandfonline.com\/doi\/full\/10.1080\/2159032X.2023.2268311"}},"subtitle":[],"short-title":[],"issued":{"date-parts":[[2023,10,26]]},"references-count":36,"journal-issue":{"issue":"1","published-print":{"date-parts":[[2026,1,2]]}},"alternative-id":["10.1080\/2159032X.2023.2268311"],"URL":"https:\/\/doi.org\/10.1080\/2159032x.2023.2268311","relation":{},"ISSN":["2159-032X","2159-0338"],"issn-type":[{"value":"2159-032X","type":"print"},{"value":"2159-0338","type":"electronic"}],"subject":[],"published":{"date-parts":[[2023,10,26]]},"assertion":[{"value":"The publishing and review policy for this title is described in its Aims & Scope.","order":1,"name":"peerreview_statement","label":"Peer Review Statement"},{"value":"http:\/\/www.tandfonline.com\/action\/journalInformation?show=aimsScope&journalCode=yhso20","URL":"http:\/\/www.tandfonline.com\/action\/journalInformation?show=aimsScope&journalCode=yhso20","order":2,"name":"aims_and_scope_url","label":"Aim & Scope"},{"value":"2023-10-26","order":3,"name":"published","label":"Published","group":{"name":"publication_history","label":"Publication History"}}]}}