{"status":"ok","message-type":"work","message-version":"1.0.0","message":{"indexed":{"date-parts":[[2025,11,13]],"date-time":"2025-11-13T01:29:24Z","timestamp":1762997364298,"version":"3.40.4"},"reference-count":51,"publisher":"Informa UK Limited","issue":"2","content-domain":{"domain":["www.tandfonline.com"],"crossmark-restriction":true},"short-container-title":["Applied Neuropsychology: Adult"],"published-print":{"date-parts":[[2016,3,3]]},"DOI":"10.1080\/23279095.2015.1012761","type":"journal-article","created":{"date-parts":[[2015,9,16]],"date-time":"2015-09-16T15:22:09Z","timestamp":1442416929000},"page":"85-93","update-policy":"https:\/\/doi.org\/10.1080\/tandf_crossmark_01","source":"Crossref","is-referenced-by-count":7,"title":["Selective Reminding and Free and Cued Selective Reminding in Mild Cognitive Impairment and Alzheimer Disease"],"prefix":"10.1080","volume":"23","author":[{"given":"Raquel","family":"Lemos","sequence":"first","affiliation":[{"name":",","place":["Portugal"]},{"name":",","place":["Portugal"]}]},{"given":"Ana","family":"Afonso","sequence":"additional","affiliation":[{"name":",","place":["Portugal"]}]},{"given":"Cristina","family":"Martins","sequence":"additional","affiliation":[{"name":",","place":["Portugal"]}]},{"given":"James H.","family":"Waters","sequence":"additional","affiliation":[{"name":"Private Practice (Clinical and Forensic Psychology and Neuropsychology), Boulder, Colorado"}]},{"given":"Filipe Sobral","family":"Blanco","sequence":"additional","affiliation":[{"name":",","place":["Portugal"]}]},{"given":"M\u00e1rio R.","family":"Sim\u00f5es","sequence":"additional","affiliation":[{"name":",","place":["Portugal"]}]},{"given":"Isabel","family":"Santana","sequence":"additional","affiliation":[{"name":",","place":["Portugal"]},{"name":",","place":["Portugal"]}]}],"member":"301","published-online":{"date-parts":[[2015,9,16]]},"reference":[{"key":"e_1_3_2_2_1","unstructured":"Afonso A. (2010). Estudo de valida\u00e7\u00e3o do Teste de Recorda\u00e7\u00e3o Selectiva de Buschke \u2013 Buschke Selective Reminding Test [Validation study of the Buschke Selective Reminding Test] (Unpublished master\u2019s thesis). University of Coimbra Coimbra Portugal."},{"key":"e_1_3_2_3_1","doi-asserted-by":"publisher","DOI":"10.1016\/j.jalz.2011.03.008."},{"key":"e_1_3_2_4_1","volume-title":"Diagnostic and statistical manual of mental disorders","year":"2000","unstructured":"American Psychiatric Association. (2000). Diagnostic and statistical manual of mental disorders (4th ed., text rev.). Washington, DC: Author.","edition":"4"},{"key":"e_1_3_2_5_1","first-page":"69","volume-title":"Escalas e Testes na Dem\u00eancia","author":"Barreto J.","year":"2008","unstructured":"Barreto, J., Leuschner, A., Santos, F., & Sobral, M. (2008). Escala de Depress\u00e3o Geri\u00e1trica [Geriatric Depression Scale]. In A. de Mendon\u00e7a C. Garcia, & M. Guerreiro (Eds.), Escalas e Testes na Dem\u00eancia [Scales and tests in dementia] (pp. 69\u201372). Lisbon, Portugal: Grupo de Estudos de Envelhecimento Cerebral e Dem\u00eancia [Study Group on Brain Aging and Dementia]."},{"key":"e_1_3_2_6_1","doi-asserted-by":"publisher","DOI":"10.1002\/sim.3120"},{"key":"e_1_3_2_7_1","doi-asserted-by":"publisher","DOI":"10.1016\/S0887-6177(99)00042-6"},{"key":"e_1_3_2_8_1","doi-asserted-by":"publisher","DOI":"10.1016\/S0022-5371(73)80034-9"},{"key":"e_1_3_2_9_1","doi-asserted-by":"publisher","DOI":"10.1080\/01688638408401233"},{"key":"e_1_3_2_10_1","doi-asserted-by":"publisher","DOI":"10.1212\/WNL.48.4.989"},{"key":"e_1_3_2_11_1","doi-asserted-by":"publisher","DOI":"10.1076\/jcen.25.7.991.16492"},{"key":"e_1_3_2_12_1","doi-asserted-by":"publisher","DOI":"10.1590\/S0004-282x2001000200003"},{"key":"e_1_3_2_13_1","doi-asserted-by":"publisher","DOI":"10.1016\/S1474-4422(07)70178-3"},{"key":"e_1_3_2_14_1","doi-asserted-by":"publisher","DOI":"10.1016\/0022-3956(75)90026-6"},{"key":"e_1_3_2_15_1","first-page":"18","volume-title":"Escalas e Testes na Dem\u00eancia","author":"Garrett C.","year":"2008","unstructured":"Garrett, C., Santos, F., Tracana, I., Barreto, J., Sobral, M., & Fonseca, R. (2008). Avalia\u00e7\u00e3o Cl\u00ednica da Dem\u00eancia [Clinical Dementia Rating]. In A. de Mendon\u00e7a C. Garcia, & M. Guerreiro (Eds.), Escalas e Testes na Dem\u00eancia [Scales and tests in dementia] (pp. 18\u201332). Lisbon, Portugal: Grupo de Estudos de Envelhecimento Cerebral e Dem\u00eancia [Study Group on Brain Aging and Dementia]."},{"key":"e_1_3_2_16_1","doi-asserted-by":"publisher","DOI":"10.1080\/87565648709540361"},{"key":"e_1_3_2_17_1","doi-asserted-by":"publisher","DOI":"10.1080\/01688639208402830"},{"key":"e_1_3_2_18_1","doi-asserted-by":"publisher","DOI":"10.1111\/j.1532-5415.2008.01652.x"},{"key":"e_1_3_2_19_1","doi-asserted-by":"publisher","DOI":"10.1017\/S1355617708080302"},{"key":"e_1_3_2_20_1","doi-asserted-by":"publisher","DOI":"10.1037\/0882-7974.12.1.183"},{"key":"e_1_3_2_21_1","doi-asserted-by":"publisher","DOI":"10.1080\/01688639708403750"},{"key":"e_1_3_2_22_1","doi-asserted-by":"publisher","DOI":"10.1097\/WAD.0b013e3181cfc78b"},{"key":"e_1_3_2_23_1","unstructured":"Guerreiro M. (1998). Contributo da Neuropsicologia para o estudo das dem\u00eancias [Contribution of neuropsychology to the study of dementia]. (Unpublished doctoral dissertation). University of Lisbon Lisbon Portugal."},{"key":"e_1_3_2_24_1","first-page":"42","volume-title":"Escalas e Testes na Dem\u00eancia","author":"Guerreiro M.","year":"2008","unstructured":"Guerreiro, M., Fonseca, S., Barreto, J., & Garcia, C. (2008). Escala de Avalia\u00e7\u00e3o da Doen\u00e7a de Alzheimer-EADA [Alzheimer Disease Assessment Scale\u2014ADAS]. In A. de Mendon\u00e7a C. Garcia, & M. Guerreiro (Eds.), Escalas e Testes na Dem\u00eancia [Scales and tests in dementia]. (pp. 42\u201358). Lisbon, Portugal: Grupo de Estudos de Envelhecimento Cerebral e Dem\u00eancia [Study Group on Brain Aging and Dementia]."},{"key":"e_1_3_2_25_1","first-page":"33","volume-title":"Escalas e Testes na Dem\u00eancia","author":"Guerreiro M.","year":"2008","unstructured":"Guerreiro, M., Silva, A. P., Botelho, M. A., Leit\u00e3o, O., Castro-Caldas, A., & Garcia, C. (2008). Avalia\u00e7\u00e3o breve do estado mental [Mini Mental State Examination]. In A. de Mendon\u00e7a, C. Garcia, & M. Guerreiro (Eds.), Escalas e Testes na Dem\u00eancia [Scales and tests in dementia]. (pp. 33\u201339). Lisbon, Portugal: Grupo de Estudos de Envelhecimento Cerebral e Dem\u00eancia [Study Group on Brain Aging and Dementia]."},{"key":"e_1_3_2_26_1","doi-asserted-by":"publisher","DOI":"10.1212\/01.wnl.0000278163.82636.30"},{"key":"e_1_3_2_27_1","doi-asserted-by":"publisher","DOI":"10.1162\/jocn.1993.5.4.375"},{"key":"e_1_3_2_28_1","doi-asserted-by":"publisher","DOI":"10.1007\/s00415-005-0597-2"},{"key":"e_1_3_2_29_1","first-page":"49","article-title":"Estudo de adapta\u00e7\u00e3o do Teste de Recorda\u00e7\u00e3o Selectiva Livre e Guiada para a popula\u00e7\u00e3o portuguesa [Adaptation study of the Free and Cued Selective Reminding Test for the Portuguese population]","volume":"11","author":"Lemos R.","year":"2012","unstructured":"Lemos, R., Martins, C., Sim\u00f5es, M. R., & Santana, I. (2012). Estudo de adapta\u00e7\u00e3o do Teste de Recorda\u00e7\u00e3o Selectiva Livre e Guiada para a popula\u00e7\u00e3o portuguesa [Adaptation study of the Free and Cued Selective Reminding Test for the Portuguese population]. Avalia\u00e7\u00e3o Psicol\u00f3gica, 11, 49\u201361. Retrieved from http:\/\/pepsic.bvsalud.org\/scielo.php?pid=S1677-04712012000100006&script=sci_arttext","journal-title":"Avalia\u00e7\u00e3o Psicol\u00f3gica"},{"key":"e_1_3_2_30_1","doi-asserted-by":"publisher","DOI":"10.1111\/jnp.12048"},{"key":"e_1_3_2_31_1","doi-asserted-by":"publisher","DOI":"10.1007\/s12603-009-0004-2"},{"key":"e_1_3_2_32_1","doi-asserted-by":"publisher","DOI":"10.1016\/j.jalz.2011.03.005"},{"key":"e_1_3_2_33_1","first-page":"448","article-title":"The Alzheimer\u2019s Disease Assessment Scale: An instrument for assessing treatment efficacy","volume":"19","author":"Mohs R. C.","year":"1983","unstructured":"Mohs, R. C., Rosen, W. G., & Davis, K. L. (1983). The Alzheimer\u2019s Disease Assessment Scale: An instrument for assessing treatment efficacy. Psychopharmacology Bulletin, 19, 448\u2013450.","journal-title":"Psychopharmacology Bulletin"},{"key":"e_1_3_2_34_1","doi-asserted-by":"publisher","DOI":"10.1212\/WNL.43.11.2412-a"},{"key":"e_1_3_2_35_1","doi-asserted-by":"publisher","DOI":"10.1016\/j.brainres.2008.05.027"},{"key":"e_1_3_2_36_1","doi-asserted-by":"crossref","first-page":"99","DOI":"10.3233\/JAD-130347","article-title":"Word list and story recall elicit different patterns of memory deficit in patients with Alzheimer\u2019s disease, frontotemporal dementia, subcortical ischemic vascular disease, and Lewy body dementia","volume":"37","author":"Perri R.","year":"2013","unstructured":"Perri, R., Fadda, L., Caltagirone, C., & Carlesimo, G. A. (2013). Word list and story recall elicit different patterns of memory deficit in patients with Alzheimer\u2019s disease, frontotemporal dementia, subcortical ischemic vascular disease, and Lewy body dementia. Journal of Alzheimer\u2019s Disease, 37, 99\u2013107.","journal-title":"Journal of Alzheimer\u2019s Disease"},{"key":"e_1_3_2_37_1","doi-asserted-by":"publisher","DOI":"10.1111\/j.1365-2796.2004.01388.x"},{"key":"e_1_3_2_38_1","doi-asserted-by":"publisher","DOI":"10.1212\/01.CON.0000267234.69379.4e"},{"key":"e_1_3_2_39_1","doi-asserted-by":"publisher","DOI":"10.1001\/jama.1995.03520400044042"},{"key":"e_1_3_2_40_1","doi-asserted-by":"publisher","DOI":"10.1001\/archneur.56.3.303"},{"key":"e_1_3_2_41_1","doi-asserted-by":"publisher","DOI":"10.1212\/WNL.43.2.250"},{"key":"e_1_3_2_42_1","doi-asserted-by":"publisher","DOI":"10.1016\/j.acn.2006.08.007"},{"key":"e_1_3_2_43_1","doi-asserted-by":"publisher","DOI":"10.1177\/0891988709355271"},{"key":"e_1_3_2_44_1","doi-asserted-by":"publisher","DOI":"10.1212\/01.wnl.0000279336.36610.f7"},{"key":"e_1_3_2_45_1","doi-asserted-by":"publisher","DOI":"10.1016\/j.neurobiolaging.2009.11.002"},{"key":"e_1_3_2_46_1","doi-asserted-by":"publisher","DOI":"10.1176\/appi.neuropsych.17.3.336"},{"key":"e_1_3_2_47_1","volume-title":"A compendium of neuropsychological tests. Administration, norms and commentary","author":"Strauss E.","year":"2006","unstructured":"Strauss, E., Sherman, E., & Spreen, O. (2006). A compendium of neuropsychological tests. Administration, norms and commentary. New York, NY: Oxford University Press."},{"key":"e_1_3_2_48_1","doi-asserted-by":"publisher","DOI":"10.1037\/h0026069"},{"key":"e_1_3_2_49_1","doi-asserted-by":"publisher","DOI":"10.1037\/h0020071"},{"key":"e_1_3_2_50_1","doi-asserted-by":"publisher","DOI":"10.1111\/j.1468-1331.2006.01568.x"},{"key":"e_1_3_2_51_1","doi-asserted-by":"publisher","DOI":"10.1016\/j.jmp.2009.04.012"},{"key":"e_1_3_2_52_1","doi-asserted-by":"publisher","DOI":"10.1016\/0022-3956(82)90033-4"}],"container-title":["Applied Neuropsychology: Adult"],"original-title":[],"language":"en","link":[{"URL":"https:\/\/www.tandfonline.com\/doi\/pdf\/10.1080\/23279095.2015.1012761","content-type":"unspecified","content-version":"vor","intended-application":"similarity-checking"}],"deposited":{"date-parts":[[2025,4,9]],"date-time":"2025-04-09T13:26:43Z","timestamp":1744205203000},"score":1,"resource":{"primary":{"URL":"https:\/\/www.tandfonline.com\/doi\/full\/10.1080\/23279095.2015.1012761"}},"subtitle":[],"short-title":[],"issued":{"date-parts":[[2015,9,16]]},"references-count":51,"journal-issue":{"issue":"2","published-print":{"date-parts":[[2016,3,3]]}},"alternative-id":["10.1080\/23279095.2015.1012761"],"URL":"https:\/\/doi.org\/10.1080\/23279095.2015.1012761","relation":{},"ISSN":["2327-9095","2327-9109"],"issn-type":[{"type":"print","value":"2327-9095"},{"type":"electronic","value":"2327-9109"}],"subject":[],"published":{"date-parts":[[2015,9,16]]},"assertion":[{"value":"The publishing and review policy for this title is described in its Aims & Scope.","order":1,"name":"peerreview_statement","label":"Peer Review Statement"},{"value":"http:\/\/www.tandfonline.com\/action\/journalInformation?show=aimsScope&journalCode=hapn21","URL":"http:\/\/www.tandfonline.com\/action\/journalInformation?show=aimsScope&journalCode=hapn21","order":2,"name":"aims_and_scope_url","label":"Aim & Scope"},{"value":"2015-09-16","order":3,"name":"published","label":"Published","group":{"name":"publication_history","label":"Publication History"}}]}}