{"status":"ok","message-type":"work","message-version":"1.0.0","message":{"indexed":{"date-parts":[[2026,3,31]],"date-time":"2026-03-31T04:35:04Z","timestamp":1774931704750,"version":"3.50.1"},"reference-count":66,"publisher":"Informa UK Limited","funder":[{"DOI":"10.13039\/501100001871","name":"FCT-Foundation for Science and Technology I.P","doi-asserted-by":"publisher","award":["2022.03478.PTDC"],"award-info":[{"award-number":["2022.03478.PTDC"]}],"id":[{"id":"10.13039\/501100001871","id-type":"DOI","asserted-by":"publisher"}]}],"content-domain":{"domain":["www.tandfonline.com"],"crossmark-restriction":true},"short-container-title":["Cities &amp; Health"],"DOI":"10.1080\/23748834.2025.2482913","type":"journal-article","created":{"date-parts":[[2025,4,10]],"date-time":"2025-04-10T12:53:50Z","timestamp":1744289630000},"page":"1-17","update-policy":"https:\/\/doi.org\/10.1080\/tandf_crossmark_01","source":"Crossref","is-referenced-by-count":2,"title":["Analysis of active mobility and active aging: insights on green street design and age-friendly policies in Portugal"],"prefix":"10.1080","author":[{"ORCID":"https:\/\/orcid.org\/0000-0001-6528-1040","authenticated-orcid":false,"given":"Andr\u00e9","family":"Samora-Arvela","sequence":"first","affiliation":[{"name":"ISTAR-Iscte","place":["Lisbon, Portugal"]}]},{"ORCID":"https:\/\/orcid.org\/0000-0001-7295-6923","authenticated-orcid":false,"given":"Sibila","family":"Marques","sequence":"additional","affiliation":[{"name":"CIS-Iscte","place":["Lisbon, Portugal"]}]},{"ORCID":"https:\/\/orcid.org\/0000-0003-2980-3686","authenticated-orcid":false,"given":"Sara","family":"Eloy","sequence":"additional","affiliation":[{"name":"ISTAR-Iscte","place":["Lisbon, Portugal"]},{"name":"University of Antwerp","place":["Antwerpen, Belgium"]}]},{"ORCID":"https:\/\/orcid.org\/0009-0002-3564-6154","authenticated-orcid":false,"given":"Mariana","family":"Montalv\u00e3o","sequence":"additional","affiliation":[{"name":"CIS-Iscte","place":["Lisbon, Portugal"]}]}],"member":"301","published-online":{"date-parts":[[2025,4,10]]},"reference":[{"key":"e_1_3_3_2_1","doi-asserted-by":"publisher","DOI":"10.1177\/1090198114537492"},{"key":"e_1_3_3_3_1","volume-title":"Ciclovias em Lisboa: teimosia ou estrat\u00e9gia?","author":"Andr\u00e9 M.R.","year":"2021","unstructured":"Andr\u00e9, M.R., 23 Apr 2021. Ciclovias em Lisboa: teimosia ou estrat\u00e9gia? #LisboaParaPessoas. Available from: https:\/\/lisboaparapessoas.pt\/2021\/04\/23\/ciclovias-lisboa-estrategia\/#google_vignette."},{"key":"e_1_3_3_4_1","volume-title":"Estrat\u00e9gia nacional de adapta\u00e7\u00e3o \u00e0s altera\u00e7\u00f5es clim\u00e1ticas (ENAAC 2020)","author":"APA","year":"2015","unstructured":"APA, 2015. Estrat\u00e9gia nacional de adapta\u00e7\u00e3o \u00e0s altera\u00e7\u00f5es clim\u00e1ticas (ENAAC 2020). Lisbon: Ag\u00eancia Portuguesa do Ambiente."},{"key":"e_1_3_3_5_1","volume-title":"Estrat\u00e9gia Nacional para o Ar 2020 (ENAR 2020)","author":"APA","year":"2016","unstructured":"APA, 2016. Estrat\u00e9gia Nacional para o Ar 2020 (ENAR 2020). Lisbon: Ag\u00eancia Portuguesa do Ambiente."},{"key":"e_1_3_3_6_1","volume-title":"Estrat\u00e9gia nacional para o envelhecimento ativo e saud\u00e1vel 2017\u20132025 (Despacho n.o 12427\/2016)","author":"Assembleia da Rep\u00fablica Portuguesa","year":"2017","unstructured":"Assembleia da Rep\u00fablica Portuguesa, 2017. Estrat\u00e9gia nacional para o envelhecimento ativo e saud\u00e1vel 2017\u20132025 (Despacho n.o 12427\/2016). Available from: https:\/\/www.sns.gov.pt\/wp-content\/uploads\/2017\/07\/ENEAS.pdf."},{"key":"e_1_3_3_7_1","volume-title":"Programa nacional de apoio ao uso da bicicleta no ensino pr\u00e9-escolar (Despacho n.o 109\/2021)","author":"Assembleia da Rep\u00fablica Portuguesa","year":"2021","unstructured":"Assembleia da Rep\u00fablica Portuguesa, 2021. Programa nacional de apoio ao uso da bicicleta no ensino pr\u00e9-escolar (Despacho n.o 109\/2021). Available from: https:\/\/files.diariodarepublica.pt\/1s\/2021\/04\/06500\/0000300003.pdf."},{"key":"e_1_3_3_8_1","doi-asserted-by":"publisher","DOI":"10.1016\/j.ypmed.2013.08.017"},{"key":"e_1_3_3_9_1","doi-asserted-by":"publisher","DOI":"10.5822\/978-1-61091-175-7"},{"key":"e_1_3_3_10_1","doi-asserted-by":"publisher","DOI":"10.1016\/j.mex.2021.101401"},{"key":"e_1_3_3_11_1","doi-asserted-by":"publisher","DOI":"10.3390\/ijerph16224546"},{"key":"e_1_3_3_12_1","volume-title":"Index for inclusion: developing learning and participation in schools","author":"Booth T.","year":"2002","unstructured":"Booth, T. and Ainscow, M., 2002. Index for inclusion: developing learning and participation in schools. Bristol: Centre for Studies on Inclusive Education (CSIE). Available from: https:\/\/www.eenet.org.uk\/resources\/docs\/Index%20English.pdf."},{"key":"e_1_3_3_13_1","doi-asserted-by":"publisher","DOI":"10.3390\/ijerph18073807"},{"key":"e_1_3_3_14_1","doi-asserted-by":"publisher","DOI":"10.1080\/08959420.2014.855043"},{"key":"e_1_3_3_15_1","volume-title":"Estrat\u00e9gias para o envelhecimento: Como passar das inten\u00e7\u00f5es \u00e0s a\u00e7\u00f5es?","author":"Carvalho M.I.","year":"2019","unstructured":"Carvalho, M.I., 2019. Estrat\u00e9gias para o envelhecimento: Como passar das inten\u00e7\u00f5es \u00e0s a\u00e7\u00f5es? Lisbon: Funda\u00e7\u00e3o AFID Diferen\u00e7a. Available from: https:\/\/www.afid.pt\/eventos-media\/noticias-eventos\/estrategias-para-o-envelhecimento-como-passar-das-intencoes-as-acoes\/."},{"key":"e_1_3_3_16_1","volume-title":"Plano gerontol\u00f3gico municipal","author":"CML","year":"2008","unstructured":"CML, 2008. Plano gerontol\u00f3gico municipal. Lisbon: C\u00e2mara Municipal de Lisboa. Available from: https:\/\/www.lisboa.pt\/fileadmin\/cidade_temas\/urbanismo\/DELETE_documentos\/plano_gerontologico.pdf."},{"key":"e_1_3_3_17_1","volume-title":"Plano de acessibilidade pedonal","author":"CML","year":"2014","unstructured":"CML, 2014. Plano de acessibilidade pedonal. Lisbon: C\u00e2mara Municipal de Lisboa. Available from: https:\/\/lisboaparapessoas.pt\/wp-content\/uploads\/2022\/07\/planoacessibilidadepedonallx_2014.pdf."},{"key":"e_1_3_3_18_1","volume-title":"Plano de A\u00e7\u00e3o Mobilidade Urbana Sustent\u00e1vel do Munic\u00edpio de Lisboa","author":"CML","year":"2016","unstructured":"CML, 2016. Plano de A\u00e7\u00e3o Mobilidade Urbana Sustent\u00e1vel do Munic\u00edpio de Lisboa. Available from: https:\/\/www.tmlmobilidade.pt\/projetos-e-atividades\/planos-e-estudos\/pamus\/."},{"key":"e_1_3_3_19_1","volume-title":"Vis\u00e3o Estrat\u00e9gica para Mobilidade 2030 (MOVE Lisboa)","author":"CML","year":"2020","unstructured":"CML, 2020. Vis\u00e3o Estrat\u00e9gica para Mobilidade 2030 (MOVE Lisboa). Lisbon: C\u00e2mara Municipal de Lisboa. Available from: https:\/\/www.lisboa.pt\/fileadmin\/cidade_temas\/mobilidade\/documentos\/BrochuraMOVE_2030.pdf."},{"key":"e_1_3_3_20_1","volume-title":"Programas e Servi\u00e7os: Seniores","author":"CML","year":"2023","unstructured":"CML, 2023. Programas e Servi\u00e7os: Seniores. Cidadania. Available from: https:\/\/cidadania.lisboa.pt\/programas-e-servicos\/seniores."},{"key":"e_1_3_3_21_1","doi-asserted-by":"publisher","DOI":"10.30553\/sociologiaonline.2022.29.1"},{"key":"e_1_3_3_22_1","unstructured":"Dill J. et al. 2010. Demonstrating the benefits of green streets for active aging: final report to EPA. Portland: Centre of Urban Studies Portland State University."},{"key":"e_1_3_3_23_1","volume-title":"Covenant of mayors \u2013 europe","author":"EC","year":"2016","unstructured":"EC, 2016. Covenant of mayors \u2013 europe. Brussels: European Comission. Available from: https:\/\/eu-mayors.ec.europa.eu\/en\/home."},{"key":"e_1_3_3_24_1","volume-title":"Sustainable and smart mobility strategy \u2013 putting European transport on track for the future","author":"EC","year":"2021","unstructured":"EC, 2021. Sustainable and smart mobility strategy \u2013 putting European transport on track for the future. Brussels: European Comission. Available from: https:\/\/eur-lex.europa.eu\/legal-content\/EN\/TXT\/HTML\/?uri=CELEX:52020DC0789."},{"key":"e_1_3_3_25_1","volume-title":"Pan-European master plan for cycling promotion","author":"ECF","year":"2021","unstructured":"ECF, 2021. Pan-European master plan for cycling promotion. Brussels: European Cyclists\u2018 Federation. Available from: https:\/\/ecf.com\/what-we-do\/cycling-all-policies\/pan-european-master-plan-cycling-promotion."},{"key":"e_1_3_3_26_1","unstructured":"ENMAC 2019. Estrat\u00e9gia Nacional de Mobilidade Ativa Cicl\u00e1vel 2020\u20132030 (Resolu\u00e7\u00e3o do Conselho de Ministros n.o 131\/2019). Available from: https:\/\/files.diariodarepublica.pt\/1s\/2019\/08\/14700\/0004600081.pdf."},{"key":"e_1_3_3_27_1","volume-title":"Estrat\u00e9gia Nacional de Mobilidade Ativa Pedonal 2030","author":"ENMAP","year":"2022","unstructured":"ENMAP, 2022. Estrat\u00e9gia Nacional de Mobilidade Ativa Pedonal 2030. Lisbon: XXIIIGC - Gabinete Min. do Ambiente e Energia. Available from: https:\/\/www.consultalex.gov.pt\/ConsultaPublica_Detail.aspx?Consulta_Id=270."},{"key":"e_1_3_3_28_1","doi-asserted-by":"publisher","DOI":"10.17127\/2020.20.004"},{"key":"e_1_3_3_29_1","unstructured":"Gallagher E. 2014. Beyond\u2019green\u2019streets-mitigating climate change through residential streetscape design. Non published doctoral dissertation. Sydney: University of Sydney. Available from: http:\/\/hdl.handle.net\/2123\/15338."},{"key":"e_1_3_3_30_1","doi-asserted-by":"publisher","DOI":"10.2105\/AJPH.93.9.1583"},{"key":"e_1_3_3_31_1","doi-asserted-by":"publisher","DOI":"10.1080\/08959420.2014.854142"},{"key":"e_1_3_3_32_1","doi-asserted-by":"publisher","DOI":"10.1080\/08959420.2022.2049573"},{"key":"e_1_3_3_33_1","doi-asserted-by":"publisher","DOI":"10.1016\/S0140-6736(20)30109-4"},{"key":"e_1_3_3_34_1","volume-title":"Active aging: a policy framework in response to the longevity revolution","author":"ICL-BR","year":"2015","unstructured":"ICL-BR, 2015. Active aging: a policy framework in response to the longevity revolution. Brazil, Rio de Janeiro: International Longevity Centre Brazil (ILC-BR). Available from: https:\/\/www.matiainstituto.net\/en\/publicaciones\/active-aging-policy-framework-response-longevity-revolution."},{"key":"e_1_3_3_35_1","volume-title":"CiclAndo: Plano de promo\u00e7\u00e3o da bicicleta e outros meios suaves","author":"IMT","year":"2012","unstructured":"IMT, 2012. CiclAndo: Plano de promo\u00e7\u00e3o da bicicleta e outros meios suaves. Lisbon: Instituto da Mobilidade e dos Transportes. Available from: https:\/\/www.imt-ip.pt\/sites\/IMTT\/Portugues\/Planeamento\/DocumentosdeReferencia\/PlanoNacionalBicicleta\/Documents\/PPBOMS_Final.pdf."},{"key":"e_1_3_3_36_1","unstructured":"INE 2023. Census 2021. Available from: https:\/\/censos.ine.pt\/xportal\/xmain?xpgid=censos21_main&xpid=CENSOS21&xlang=pt."},{"key":"e_1_3_3_37_1","unstructured":"Kalache A. 2013. The longevity revolution: creating a society for all ages. Available from: https:\/\/www.dunstan.org.au\/wp-content\/uploads\/2018\/12\/Kalache_Report_compressed.pdf."},{"key":"e_1_3_3_38_1","doi-asserted-by":"publisher","DOI":"10.1080\/08959420.2022.2049570"},{"key":"e_1_3_3_39_1","doi-asserted-by":"publisher","DOI":"10.1016\/j.ufug.2024.128561"},{"key":"e_1_3_3_40_1","doi-asserted-by":"publisher","DOI":"10.1136\/jech.2005.043125"},{"key":"e_1_3_3_41_1","doi-asserted-by":"publisher","DOI":"10.1080\/08959420.2018.1528116"},{"key":"e_1_3_3_42_1","doi-asserted-by":"publisher","DOI":"10.1016\/j.jtrangeo.2010.03.017"},{"key":"e_1_3_3_43_1","volume-title":"CML-Ativos \u2013 Campanha 2021 \u2013 Relat\u00f3rio preliminar","author":"Moura F.","year":"2021","unstructured":"Moura, F., F\u00e9lix, R., and Reis, A.F., 2021. CML-Ativos \u2013 Campanha 2021 \u2013 Relat\u00f3rio preliminar. Lisbon: C\u00e2mara Municipal de Lisboa. Available from: https:\/\/www.lisboa.pt\/fileadmin\/cidade_temas\/mobilidade\/estudos\/RelatorioContagensCiclistas_Maio2021_CML_ISTceris.pdf."},{"key":"e_1_3_3_44_1","volume-title":"Bicicletas de Lisboa disputadas por quatro","author":"Oliveira Marques R.","year":"2010","unstructured":"Oliveira Marques, R., 24 Mar 2010. Bicicletas de Lisboa disputadas por quatro. Lisbon: Meios e Publicidade. Available from: https:\/\/www.meiosepublicidade.pt\/2010\/03\/bicicletas-de-lisboa-disputadas-por-quatro\/."},{"key":"e_1_3_3_45_1","doi-asserted-by":"publisher","DOI":"10.1016\/B978-0-12-812150-4.00011-2"},{"key":"e_1_3_3_46_1","unstructured":"Presid\u00eancia do Conselho de Ministros 2024. Plano de A\u00e7\u00e3o do Envelhecimento Ativo e Saud\u00e1vel 2023\u20132026. Resolu\u00e7\u00e3o do Conselho de Ministros n.\u00ba 14\/2024. Di\u00e1rio da Rep\u00fablica 1.\u00aa s\u00e9rie n.\u00ba 9 31-78. Dispon\u00edvel em. Available from: https:\/\/files.diariodarepublica.pt\/1s\/2024\/01\/00900\/0003100078.pdf."},{"key":"e_1_3_3_47_1","doi-asserted-by":"publisher","DOI":"10.1177\/152715440000100409"},{"key":"e_1_3_3_48_1","doi-asserted-by":"publisher","DOI":"10.2105\/AJPH.2011.300631"},{"key":"e_1_3_3_49_1","doi-asserted-by":"publisher","DOI":"10.1136\/jech.56.12.913"},{"key":"e_1_3_3_50_1","volume-title":"Transforming our world: the 2030 agenda for sustainable development","author":"UN","year":"2015","unstructured":"UN, 2015. Transforming our world: the 2030 agenda for sustainable development. New York: United Nations. Available from: https:\/\/sdgs.un.org\/2030agenda."},{"key":"e_1_3_3_51_1","volume-title":"UN decade of healthy aging: plan of action 2021\u20132030","author":"UN","year":"2023","unstructured":"UN, 2023. UN decade of healthy aging: plan of action 2021\u20132030. New York: United Nations. Available from: https:\/\/cdn.who.int\/media\/docs\/default-source\/decade-of-healthy-aging\/decade-proposal-final-apr2020-en.pdf."},{"key":"e_1_3_3_52_1","volume-title":"Proceedings of the 2017 UNECE Ministerial Conference on Ageing, 20\u201322 September 2017, Lisbon, Portugal","author":"UNECE","year":"2017","unstructured":"UNECE, ed., 2017. \u201cA sustainable society for all ages: realizing the potential of living longer\u201d. Lisbon ministerial declaration. In: Proceedings of the 2017 UNECE Ministerial Conference on Ageing, 20\u201322 September 2017, Lisbon, Portugal. Geneva: United Nations Economic Commission for Europe (UNECE). https:\/\/ffms.pt\/sites\/default\/files\/2022-07\/Conference_Proceedings_Lisbon_Ministerial_Conference.pdf."},{"key":"e_1_3_3_53_1","volume-title":"The paris agreement","author":"UNFCCC","year":"2015","unstructured":"UNFCCC, 2015. The paris agreement. New York: United Nations Framework Convention on Climate Change. Available from: https:\/\/treaties.un.org\/Pages\/ViewDetails.aspx?src=TREATY&mtdsg_no=XXVII-7-."},{"key":"e_1_3_3_54_1","volume-title":"Glasgow climate pact","author":"UNFCCC","year":"2021","unstructured":"UNFCCC, 2021. Glasgow climate pact. New York: United Nations Framework Convention on Climate Change. Available from: https:\/\/unfccc.int\/sites\/default\/files\/resource\/cma2021_L16_adv.pdf."},{"key":"e_1_3_3_55_1","unstructured":"UNPFA & HelpAge International 2012. Aging in the twenty-first century: a celebration and a challenge. Available from: https:\/\/www.unfpa.org\/sites\/default\/files\/pub-pdf\/Aging%20report.pdf."},{"key":"e_1_3_3_56_1","doi-asserted-by":"publisher","DOI":"10.3390\/su13158195"},{"key":"e_1_3_3_57_1","volume-title":"Shared paths - the issues","author":"Victoria Walks","year":"2015","unstructured":"Victoria Walks, 2015. Shared paths - the issues. Melbourne: Victoria Walks. Available from: https:\/\/www.victoriawalks.org.au\/Assets\/Files\/Shared_paths_the_issues_v1.pdf."},{"key":"e_1_3_3_58_1","volume-title":"cIDADES research project","author":"VIVA","year":"2017","unstructured":"VIVA, 2017. cIDADES research project. Lisbon: Associa\u00e7\u00e3o Viva. Available from: https:\/\/gulbenkian.pt\/projects\/cidades-3\/."},{"key":"e_1_3_3_59_1","doi-asserted-by":"publisher","DOI":"10.1016\/j.techfore.2012.04.013"},{"key":"e_1_3_3_60_1","volume-title":"Active aging: a policy framework","author":"WHO","year":"2002","unstructured":"WHO, 2002. Active aging: a policy framework. Available from: https:\/\/extranet.who.int\/agefriendlyworld\/wp-content\/uploads\/2014\/06\/WHO-Active-Aging-Framework.pdf."},{"key":"e_1_3_3_61_1","volume-title":"Global age-friendly cities: a guide","author":"WHO","year":"2007","unstructured":"WHO, 2007. Global age-friendly cities: a guide. Available from: https:\/\/iris.who.int\/bitstream\/handle\/10665\/43755\/9789899556867_por.pdf?sequence=3."},{"key":"e_1_3_3_62_1","volume-title":"World report on aging and health","author":"WHO","year":"2015","unstructured":"WHO, 2015. World report on aging and health. Geveva: World Health Organization. Available from: https:\/\/iris.who.int\/bitstream\/handle\/10665\/186463\/9789240694811_eng.pdf?sequence=1."},{"key":"e_1_3_3_63_1","volume-title":"Global report on ageism","author":"WHO","year":"2021","unstructured":"WHO, 2021. Global report on ageism. Geveva: World Health Organization. Available from: https:\/\/iris.who.int\/bitstream\/handle\/10665\/340208\/9789240016866-eng.pdf?sequence=1."},{"key":"e_1_3_3_64_1","volume-title":"Vienna declaration: building forward better by transforming to new, clean, safe, healthy, and inclusive mobility and transport","author":"WHO","year":"2022","unstructured":"WHO, 2022. Vienna declaration: building forward better by transforming to new, clean, safe, healthy, and inclusive mobility and transport. Geveva: World Health Organization. https:\/\/iris.who.int\/bitstream\/handle\/10665\/353806\/WHO-EURO-2022-5157-44920-63888-eng.pdf?sequence=1."},{"key":"e_1_3_3_65_1","volume-title":"National programs for age-friendly cities and communities: a guide","author":"WHO","year":"2023","unstructured":"WHO, 2023. National programs for age-friendly cities and communities: a guide. Geveva: World Health Organization. Available from: https:\/\/iris.who.int\/bitstream\/handle\/10665\/366634\/9789240068698-eng.pdf?sequence=1."},{"key":"e_1_3_3_66_1","doi-asserted-by":"publisher","DOI":"10.1093\/geronb\/58.6.P329"},{"key":"e_1_3_3_67_1","doi-asserted-by":"publisher","DOI":"10.3390\/ijerph192114227"}],"container-title":["Cities &amp; Health"],"original-title":[],"language":"en","link":[{"URL":"https:\/\/www.tandfonline.com\/doi\/pdf\/10.1080\/23748834.2025.2482913","content-type":"unspecified","content-version":"vor","intended-application":"similarity-checking"}],"deposited":{"date-parts":[[2025,4,10]],"date-time":"2025-04-10T12:54:08Z","timestamp":1744289648000},"score":1,"resource":{"primary":{"URL":"https:\/\/www.tandfonline.com\/doi\/full\/10.1080\/23748834.2025.2482913"}},"subtitle":[],"short-title":[],"issued":{"date-parts":[[2025,4,10]]},"references-count":66,"alternative-id":["10.1080\/23748834.2025.2482913"],"URL":"https:\/\/doi.org\/10.1080\/23748834.2025.2482913","relation":{},"ISSN":["2374-8834","2374-8842"],"issn-type":[{"value":"2374-8834","type":"print"},{"value":"2374-8842","type":"electronic"}],"subject":[],"published":{"date-parts":[[2025,4,10]]},"assertion":[{"value":"The publishing and review policy for this title is described in its Aims & Scope.","order":1,"name":"peerreview_statement","label":"Peer Review Statement"},{"value":"http:\/\/www.tandfonline.com\/action\/journalInformation?show=aimsScope&journalCode=rcah20","URL":"http:\/\/www.tandfonline.com\/action\/journalInformation?show=aimsScope&journalCode=rcah20","order":2,"name":"aims_and_scope_url","label":"Aim & Scope"},{"value":"2024-06-11","order":0,"name":"received","label":"Received","group":{"name":"publication_history","label":"Publication History"}},{"value":"2025-03-18","order":2,"name":"accepted","label":"Accepted","group":{"name":"publication_history","label":"Publication History"}},{"value":"2025-04-10","order":3,"name":"published","label":"Published","group":{"name":"publication_history","label":"Publication History"}}]}}