{"status":"ok","message-type":"work","message-version":"1.0.0","message":{"indexed":{"date-parts":[[2026,3,7]],"date-time":"2026-03-07T07:16:11Z","timestamp":1772867771709,"version":"3.50.1"},"reference-count":20,"publisher":"Oxford University Press (OUP)","issue":"1","license":[{"start":{"date-parts":[[2022,11,24]],"date-time":"2022-11-24T00:00:00Z","timestamp":1669248000000},"content-version":"vor","delay-in-days":0,"URL":"https:\/\/creativecommons.org\/licenses\/by\/4.0\/"}],"funder":[{"name":"OST Action","award":["CA18218"],"award-info":[{"award-number":["CA18218"]}]}],"content-domain":{"domain":[],"crossmark-restriction":false},"short-container-title":[],"published-print":{"date-parts":[[2023,2,3]]},"abstract":"<jats:title>Abstract<\/jats:title>\n               <jats:sec>\n                  <jats:title>Background<\/jats:title>\n                  <jats:p>It is important to understand the effects of population ageing on disease burden and explore conditions that drive poor health in later life to prevent or manage these. We examined the development of disease burden and its components for major disease groups among older adults in Europe over the last 30 years.<\/jats:p>\n               <\/jats:sec>\n               <jats:sec>\n                  <jats:title>Methods<\/jats:title>\n                  <jats:p>Using data from the Global Burden of Disease 2019 Study, we analyzed burden of disease trends between 1990 and 2019 measured by years of life lost (YLL), years lived with disability (YLD) and disability-adjusted life years (DALYs) among older adults (65+ years) in Western, Central and Eastern Europe using cause groups for diseases and injuries.<\/jats:p>\n               <\/jats:sec>\n               <jats:sec>\n                  <jats:title>Results<\/jats:title>\n                  <jats:p>Between 1990 and 2019, the crude numbers of DALYs for all causes increased substantially among older Western Europeans. In Eastern Europe, the absolute DALYs also increased from 1990 to 2005 but then decreased between 2006 and 2013. However, DALY rates declined for all European regions over time, with large differences in the magnitude by region and gender. Changes in the YLL rate were mainly driven by the contribution of cardiovascular diseases.<\/jats:p>\n               <\/jats:sec>\n               <jats:sec>\n                  <jats:title>Conclusions<\/jats:title>\n                  <jats:p>This study found an increased overall absolute disease burden among older Europeans between 1990 and 2019. The demographic change that has taken place in Eastern European countries implies a potential problem of directed resource allocation to the health care sector. Furthermore, the findings highlight the potential health gains through directing resources to health promotion and treatment to reduce YLDs and to prevent YLLs, primarily from cardiovascular diseases.<\/jats:p>\n               <\/jats:sec>","DOI":"10.1093\/eurpub\/ckac160","type":"journal-article","created":{"date-parts":[[2022,11,24]],"date-time":"2022-11-24T21:55:14Z","timestamp":1669326914000},"page":"121-126","source":"Crossref","is-referenced-by-count":26,"title":["Burden of disease among older adults in Europe\u2014trends in mortality and disability, 1990\u20132019"],"prefix":"10.1093","volume":"33","author":[{"ORCID":"https:\/\/orcid.org\/0000-0001-8464-3668","authenticated-orcid":false,"given":"Kim Moesgaard","family":"Iburg","sequence":"first","affiliation":[{"name":"Department of Public Health, Aarhus University , Aarhus, Denmark"}]},{"ORCID":"https:\/\/orcid.org\/0000-0002-3460-4828","authenticated-orcid":false,"given":"Periklis","family":"Charalampous","sequence":"additional","affiliation":[{"name":"Department of Public Health, Erasmus MC, University Medical Center Rotterdam , Rotterdam, The Netherlands"}]},{"ORCID":"https:\/\/orcid.org\/0000-0002-2778-6467","authenticated-orcid":false,"given":"Peter","family":"Allebeck","sequence":"additional","affiliation":[{"name":"Department of Global Public Health, Karolinska Institute , Stockholm, Sweden"}]},{"given":"Elsa Jonsson","family":"Stenberg","sequence":"additional","affiliation":[{"name":"Department of Global Public Health, Karolinska Institute , Stockholm, Sweden"}]},{"given":"R\u00f3n\u00e1n","family":"O\u2019Caoimh","sequence":"additional","affiliation":[{"name":"Department of Geriatric and Stroke Medicine, Mercy University Hospital and University College Cork , Cork, Ireland"}]},{"ORCID":"https:\/\/orcid.org\/0000-0001-7774-548X","authenticated-orcid":false,"given":"Lorenzo","family":"Monasta","sequence":"additional","affiliation":[{"name":"Clinical Epidemiology and Public Health Research Unit, Institute for Maternal and Child Health\u2014IRCCS Burlo Garofolo , Trieste, Italy"}]},{"given":"Jos\u00e9 L","family":"Pe\u00f1alvo","sequence":"additional","affiliation":[{"name":"Unit of Non-Communicable Diseases, Department of Public Health, Institute of Tropical Medicine , Antwerp, Belgium"}]},{"given":"David M","family":"Pereira","sequence":"additional","affiliation":[{"name":"REQUIMTE\/LAQV, Laborat\u00f3rio de Farmacognosia, Departamento de Qu\u00edmica, Faculdade de Farm\u00e1cia, Universidade do Porto , Porto, Portugal"}]},{"given":"Grant M A","family":"Wyper","sequence":"additional","affiliation":[{"name":"School of Health & Wellbeing, University of Glasgow , Glasgow, UK"}]},{"given":"Vikram","family":"Niranjan","sequence":"additional","affiliation":[{"name":"School of Public Health, Physiotherapy and Sport Sciences at University College Dublin , Dublin, Ireland"}]},{"given":"Brecht","family":"Devleesschauwer","sequence":"additional","affiliation":[{"name":"Department of Epidemiology and Public Health, Sciensano , Brussels, Belgium"},{"name":"Department of Translational Physiology, Infectiology and Public Health, Ghent University , Merelbeke, Belgium"}]},{"given":"Juanita","family":"Haagsma","sequence":"additional","affiliation":[{"name":"Department of Public Health, Erasmus MC, University Medical Center Rotterdam , Rotterdam, The Netherlands"}]}],"member":"286","published-online":{"date-parts":[[2022,11,24]]},"reference":[{"key":"2023020402183079700_ckac160-B1","author":"Eurostat"},{"key":"2023020402183079700_ckac160-B2","doi-asserted-by":"crossref","first-page":"1196","DOI":"10.1016\/S0140-6736(09)61460-4","article-title":"Ageing populations: the challenges ahead","volume":"374","author":"Christensen","year":"2009","journal-title":"Lancet"},{"key":"2023020402183079700_ckac160-B3","doi-asserted-by":"crossref","first-page":"75","DOI":"10.1093\/geronb\/gbq088","article-title":"Mortality and morbidity trends: is there compression of morbidity?","volume":"66","author":"Crimmins","year":"2011","journal-title":"J Gerontol B Psychol Sci Soc Sci"},{"key":"2023020402183079700_ckac160-B4","doi-asserted-by":"crossref","first-page":"2145","DOI":"10.1016\/S0140-6736(15)00516-4","article-title":"The world report on ageing and health: a policy framework for healthy ageing","volume":"387","author":"Beard","year":"2016","journal-title":"Lancet"},{"key":"2023020402183079700_ckac160-B5","doi-asserted-by":"crossref","first-page":"e159","DOI":"10.1016\/S2468-2667(19)30019-2","article-title":"Measuring population ageing: an analysis of the Global Burden of Disease Study 2017","volume":"4","author":"Chang","year":"2019","journal-title":"Lancet Public Health"},{"key":"2023020402183079700_ckac160-B6","doi-asserted-by":"crossref","first-page":"1160","DOI":"10.1016\/S0140-6736(20)30977-6","article-title":"Global age-sex-specific fertility, mortality, healthy life expectancy (HALE), and population estimates in 204 countries and territories, 1950\u20132019: a comprehensive demographic analysis for the Global Burden of Disease Study 2019","volume":"396","author":"Wang","year":"2020","journal-title":"Lancet"},{"key":"2023020402183079700_ckac160-B7","doi-asserted-by":"crossref","first-page":"407","DOI":"10.1007\/s10663-017-9370-x","article-title":"The economic impact of east-west migration in the European Union","volume":"44","author":"Kahanec","year":"2017","journal-title":"Empirica"},{"key":"2023020402183079700_ckac160-B8","doi-asserted-by":"crossref","first-page":"721","DOI":"10.1016\/S0140-6736(14)62254-6","article-title":"Transitioning health systems for multi morbidity","volume":"386","author":"Atun","year":"2015","journal-title":"Lancet"},{"key":"2023020402183079700_ckac160-B9","doi-asserted-by":"crossref","first-page":"436","DOI":"10.1177\/1403494817726197","article-title":"How to understand informal caregiving patterns in Europe? The role of formal long-term care provisions and family care norms","volume":"46","author":"Verbakel","year":"2018","journal-title":"Scand J Public Health"},{"key":"2023020402183079700_ckac160-B10","doi-asserted-by":"crossref","first-page":"490","DOI":"10.1177\/1403494816636265","article-title":"Conceptualisation of ageing in relation to factors of importance for extending working life - a review","volume":"44","author":"Nilsson","year":"2016","journal-title":"Scand J Public Health"},{"key":"2023020402183079700_ckac160-B11","doi-asserted-by":"crossref","first-page":"77","DOI":"10.1016\/j.jhealeco.2010.11.002","article-title":"Retirement effects on health in Europe","volume":"30","author":"Coe","year":"2011","journal-title":"J Health Econ"},{"key":"2023020402183079700_ckac160-B12","doi-asserted-by":"crossref","first-page":"363","DOI":"10.1016\/j.insmatheco.2021.04.010","article-title":"Linking retirement age to life expectancy does not lessen the demographic implications of unequal lifespans","volume":"99","author":"Alvarez","year":"2021","journal-title":"Insur Math Econ"},{"key":"2023020402183079700_ckac160-B13","doi-asserted-by":"crossref","first-page":"2676","DOI":"10.3390\/ijerph6102676","article-title":"Health and retirement in Europe","volume":"6","author":"Hagan","year":"2009","journal-title":"Int J Environ Res Public Health"},{"key":"2023020402183079700_ckac160-B14","doi-asserted-by":"crossref","first-page":"1204","DOI":"10.1016\/S0140-6736(20)30925-9","article-title":"Global burden of 369 diseases and injuries in 204 countries and territories, 1990\u20132019: a systematic analysis for the Global Burden of Disease Study 2019","volume":"396","author":"GBD 2019 Diseases and Injuries Collaborators","year":"2020","journal-title":"Lancet"},{"key":"2023020402183079700_ckac160-B15","doi-asserted-by":"crossref","first-page":"1211","DOI":"10.1016\/S0140-6736(17)32154-2","article-title":"Global, regional, and national incidence, prevalence, and years lived with disability for 328 diseases and injuries for 195 countries, 1990-2016: a systematic analysis for the Global Burden of Disease Study 2016","volume":"390","author":"GBD 2016 Disease and Injury Incidence and Prevalence Collaborators","year":"2017","journal-title":"Lancet"},{"key":"2023020402183079700_ckac160-B16","doi-asserted-by":"crossref","first-page":"1","DOI":"10.1186\/s13690-019-0383-8","article-title":"How do world and European standard populations impact burden of disease studies? A case study of disability-adjusted life years (DALYs) in Scotland","volume":"78","author":"Wyper","year":"2020","journal-title":"Arch Public Health"},{"key":"2023020402183079700_ckac160-B17","volume-title":"Revision of the European Standard Population Report of Eurostat's Task Force","author":"Eurostat","year":"2013"},{"key":"2023020402183079700_ckac160-B18","doi-asserted-by":"crossref","first-page":"94","DOI":"10.3390\/bs9090094","article-title":"Revisiting happiness and well-being in later life from interdisciplinary age-studies perspectives","volume":"9","author":"Stoncikaite","year":"2019","journal-title":"Behav Sci"},{"key":"2023020402183079700_ckac160-B19","doi-asserted-by":"crossref","first-page":"2031","DOI":"10.1093\/ageing\/afab112","article-title":"Activities of Daily Living (ADL) and Instrumental Activities of Daily Living (IADL) Disability in Swedish 85-Year-Olds Born Three Decades Apart\u2014findings from the H70 Study","volume":"50","author":"Erhag","year":"2021","journal-title":"Age Ageing"},{"key":"2023020402183079700_ckac160-B20","doi-asserted-by":"crossref","first-page":"47","DOI":"10.1186\/s13690-020-00433-y","article-title":"Population vulnerability to COVID-19 in Europe: a burden of disease analysis","volume":"78","author":"Wyper","year":"2020","journal-title":"Arch Public Health"}],"container-title":["European Journal of Public Health"],"original-title":[],"language":"en","link":[{"URL":"https:\/\/academic.oup.com\/eurpub\/advance-article-pdf\/doi\/10.1093\/eurpub\/ckac160\/47256269\/ckac160.pdf","content-type":"application\/pdf","content-version":"am","intended-application":"syndication"},{"URL":"https:\/\/academic.oup.com\/eurpub\/article-pdf\/33\/1\/121\/49088847\/ckac160.pdf","content-type":"application\/pdf","content-version":"vor","intended-application":"syndication"},{"URL":"https:\/\/academic.oup.com\/eurpub\/article-pdf\/33\/1\/121\/49088847\/ckac160.pdf","content-type":"unspecified","content-version":"vor","intended-application":"similarity-checking"}],"deposited":{"date-parts":[[2023,2,4]],"date-time":"2023-02-04T02:19:06Z","timestamp":1675477146000},"score":1,"resource":{"primary":{"URL":"https:\/\/academic.oup.com\/eurpub\/article\/33\/1\/121\/6845499"}},"subtitle":[],"short-title":[],"issued":{"date-parts":[[2022,11,24]]},"references-count":20,"journal-issue":{"issue":"1","published-online":{"date-parts":[[2022,11,24]]},"published-print":{"date-parts":[[2023,2,3]]}},"URL":"https:\/\/doi.org\/10.1093\/eurpub\/ckac160","relation":{},"ISSN":["1101-1262","1464-360X"],"issn-type":[{"value":"1101-1262","type":"print"},{"value":"1464-360X","type":"electronic"}],"subject":[],"published-other":{"date-parts":[[2023,2,1]]},"published":{"date-parts":[[2022,11,24]]}}}