{"status":"ok","message-type":"work","message-version":"1.0.0","message":{"indexed":{"date-parts":[[2026,1,3]],"date-time":"2026-01-03T11:55:46Z","timestamp":1767441346050,"version":"3.48.0"},"reference-count":0,"publisher":"Oxford University Press (OUP)","issue":"Supplement_2","license":[{"start":{"date-parts":[[2026,1,3]],"date-time":"2026-01-03T00:00:00Z","timestamp":1767398400000},"content-version":"vor","delay-in-days":33,"URL":"https:\/\/creativecommons.org\/licenses\/by\/4.0\/"}],"content-domain":{"domain":[],"crossmark-restriction":false},"short-container-title":[],"published-print":{"date-parts":[[2025,12,1]]},"abstract":"<jats:title>Abstract<\/jats:title>\n                  <jats:p>This cross-sectional study investigated variations in person-centred care (PCC) across Portuguese residential long-term care facilities, focusing on environmental and spatial determinants, including facility location, surrounding local environment, and outdoor spaces. Data were collected through a self-administered anonymous online survey distributed nationwide to care home directors between January and June 2024. PCC was assessed using the Person-Centred Care Assessment Tool (P-CAT), and statistical analyses, including bivariate and multivariate models, were conducted using RStudio. A total of 424 directors participated, with the majority representing non-profit cooperative and social sector entities (81.56%). Facilities had an average of 39.63 residents, of whom approximately one-third (31.66%) were people living with dementia (PLwD). P-CAT scores ranged from 34 to 65. Higher PCC levels were positively associated with a perceived sense of security in the local environment, the presence of local commerce, and perceived neighborhood quietness. Concerning outdoor spaces, a sense of security and the presence of an orchard or vegetable garden were also significant predictors of PCC. These findings highlight the relevance of environmental and spatial factors, which are often overlooked in existing research, emphasizing the need to integrate territorial and external contextual variables when assessing PCC variations in long-term care settings. Funding by Funda\u00e7\u00e3o para a Ci\u00eancia e a Tecnologia: SINDIA (2022.04684.PTDC), CEGOT (UIDB\/04084\/2020), RISE (LA\/P\/0053\/2020).<\/jats:p>","DOI":"10.1093\/geroni\/igaf122.3039","type":"journal-article","created":{"date-parts":[[2026,1,3]],"date-time":"2026-01-03T11:51:26Z","timestamp":1767441086000},"source":"Crossref","is-referenced-by-count":0,"title":["The Role of Environmental And Spatial Factors For Person-Centred Care In Residential Long-Term Care Facilities"],"prefix":"10.1093","volume":"9","author":[{"given":"Oscar","family":"Ribeiro","sequence":"first","affiliation":[{"name":"University of Aveiro, Aveiro, Aveiro ,","place":["Portugal"]}]},{"given":"Miguel","family":"Padeiro","sequence":"additional","affiliation":[{"name":"University of Coimbra, Coimbra, Coimbra ,","place":["Portugal"]}]},{"given":"Flavia","family":"Borges-Machado","sequence":"additional","affiliation":[{"name":"University of Aveiro, Aveiro, Aveiro ,","place":["Portugal"]}]},{"given":"Liliana","family":"Sousa","sequence":"additional","affiliation":[{"name":"University of Aveiro, Aveiro, Aveiro ,","place":["Portugal"]}]},{"given":"Paula","family":"Santana","sequence":"additional","affiliation":[{"name":"University of Coimbra, Coimbra, Coimbra ,","place":["Portugal"]}]}],"member":"286","published-online":{"date-parts":[[2025,12,31]]},"container-title":["Innovation in Aging"],"original-title":[],"language":"en","link":[{"URL":"https:\/\/academic.oup.com\/innovateage\/article-pdf\/9\/Supplement_2\/igaf122.3039\/66247724\/igaf122.3039.pdf","content-type":"application\/pdf","content-version":"vor","intended-application":"syndication"},{"URL":"https:\/\/academic.oup.com\/innovateage\/article-pdf\/9\/Supplement_2\/igaf122.3039\/66247724\/igaf122.3039.pdf","content-type":"unspecified","content-version":"vor","intended-application":"similarity-checking"}],"deposited":{"date-parts":[[2026,1,3]],"date-time":"2026-01-03T11:51:26Z","timestamp":1767441086000},"score":1,"resource":{"primary":{"URL":"https:\/\/academic.oup.com\/innovateage\/article\/doi\/10.1093\/geroni\/igaf122.3039\/8409230"}},"subtitle":[],"short-title":[],"issued":{"date-parts":[[2025,12,1]]},"references-count":0,"journal-issue":{"issue":"Supplement_2","published-print":{"date-parts":[[2025,12,1]]}},"URL":"https:\/\/doi.org\/10.1093\/geroni\/igaf122.3039","relation":{},"ISSN":["2399-5300"],"issn-type":[{"value":"2399-5300","type":"electronic"}],"subject":[],"published-other":{"date-parts":[[2025,12]]},"published":{"date-parts":[[2025,12,1]]},"article-number":"igaf122.3039"}}