{"status":"ok","message-type":"work","message-version":"1.0.0","message":{"indexed":{"date-parts":[[2026,4,16]],"date-time":"2026-04-16T19:50:38Z","timestamp":1776369038150,"version":"3.51.2"},"reference-count":67,"publisher":"Oxford University Press (OUP)","issue":"10","license":[{"start":{"date-parts":[[2022,4,7]],"date-time":"2022-04-07T00:00:00Z","timestamp":1649289600000},"content-version":"vor","delay-in-days":0,"URL":"https:\/\/academic.oup.com\/journals\/pages\/open_access\/funder_policies\/chorus\/standard_publication_model"}],"content-domain":{"domain":[],"crossmark-restriction":false},"short-container-title":[],"published-print":{"date-parts":[[2022,9,30]]},"abstract":"<jats:title>Abstract<\/jats:title>\n               <jats:sec>\n                  <jats:title>Objective<\/jats:title>\n                  <jats:p>This study aimed to explore and compare the associations of psychosocial factors, sleep, and central sensitization with chronic neck, back, limb, and multiregional pain and disability.<\/jats:p>\n               <\/jats:sec>\n               <jats:sec>\n                  <jats:title>Methods<\/jats:title>\n                  <jats:p>One thousand seven hundred thirty (n\u2009=\u20091,730) adolescents responded to an online questionnaire containing questions about sociodemographic data, as well as the Nordic Musculoskeletal Questionnaire; the International Physical Activity Questionnaire; the Functional Disability Inventory; the Depression, Anxiety, and Stress Scale; the Basic Scale on Insomnia Complaints and Quality of Sleep; the Pain Catastrophizing Scale; the Tampa Scale of Kinesiophobia; the Child Self-Efficacy Scale; and the Central Sensitization Inventory. Univariable and multivariable regression analysis were used to assess the associations between these variables and pain and disability.<\/jats:p>\n               <\/jats:sec>\n               <jats:sec>\n                  <jats:title>Results<\/jats:title>\n                  <jats:p>Groups were categorized into those with neck (n\u2009=\u200954), back (n\u2009=\u200980), upper limb (n\u2009=\u200952), lower limb (n\u2009=\u2009109), or multiregional (n\u2009=\u20091,140) pain. Multivariable analysis showed that symptoms of central sensitization increased the odds of neck, back, and multiregional pain; depression, anxiety and stress, and physical activity increased the odds of multiregional pain; and fear of movement increased the odds of lower limb pain. Female gender increased the odds of pain in all groups, except in the lower limb group. Depression, anxiety, and stress also remained associated with disability in neck, back, upper limb, and multiregional pain; poorer sleep remained associated with disability in neck, upper limb, and multiregional pain; catastrophizing remained associated with back and multiregional pain; and fear of movement and symptoms of central sensitization were associated with disability only in multiregional pain.<\/jats:p>\n               <\/jats:sec>\n               <jats:sec>\n                  <jats:title>Conclusions<\/jats:title>\n                  <jats:p>There are similar but also different variables associated with the presence of pain and disability in the neck, back, limbs, and multiregional pain.<\/jats:p>\n               <\/jats:sec>","DOI":"10.1093\/pm\/pnac053","type":"journal-article","created":{"date-parts":[[2022,4,7]],"date-time":"2022-04-07T13:32:50Z","timestamp":1649338370000},"page":"1777-1792","source":"Crossref","is-referenced-by-count":12,"title":["Impact of Sex, Sleep, Symptoms of Central Sensitization, and Psychosocial Factors in Adolescents with Chronic Musculoskeletal Pain: An Exploratory Study"],"prefix":"10.1093","volume":"23","author":[{"ORCID":"https:\/\/orcid.org\/0000-0003-2419-5642","authenticated-orcid":false,"given":"Rosa","family":"Andias","sequence":"first","affiliation":[{"name":"School of Health Sciences (ESSUA), University of Aveiro , Aveiro, Portugal"},{"name":"Center for Health Technology and Services Research (CINTESIS), University of Porto, Piso 2, Edif\u00edcio Nascente , Porto, Portugal"}]},{"ORCID":"https:\/\/orcid.org\/0000-0002-4386-5851","authenticated-orcid":false,"given":"Anabela G","family":"Silva","sequence":"additional","affiliation":[{"name":"School of Health Sciences (ESSUA), University of Aveiro , Aveiro, Portugal"},{"name":"CINTESIS.RISE@UA, School of Health Sciences (ESSUA), University of Aveiro , Aveiro, Portugal"}]}],"member":"286","published-online":{"date-parts":[[2022,4,7]]},"reference":[{"issue":"10","key":"2022100307580208600_pnac053-B1","doi-asserted-by":"crossref","first-page":"2259","DOI":"10.1016\/j.pain.2011.05.007","article-title":"Chronic idiopathic pain in adolescence\u2014high prevalence and disability: The young HUNT study 2008","volume":"152","author":"Hoftun","year":"2011","journal-title":"Pain"},{"issue":"12","key":"2022100307580208600_pnac053-B2","doi-asserted-by":"crossref","first-page":"2729","DOI":"10.1016\/j.pain.2011.07.016","article-title":"The epidemiology of chronic pain in children and adolescents revisited: A systematic review","volume":"152","author":"King","year":"2011","journal-title":"Pain"},{"issue":"11","key":"2022100307580208600_pnac053-B3","doi-asserted-by":"crossref","first-page":"1192","DOI":"10.1097\/BRS.0b013e3181a401df","article-title":"Musculoskeletal pain combinations in adolescents","volume":"34","author":"Auvinen","year":"2009","journal-title":"Spine"},{"issue":"4","key":"2022100307580208600_pnac053-B4","doi-asserted-by":"crossref","first-page":"395","DOI":"10.1016\/j.ejpain.2009.06.003","article-title":"Psychosocial, mechanical, and metabolic factors in adolescents\u2019 musculoskeletal pain in multiple locations: A cross-sectional study","volume":"14","author":"Paananen","year":"2010","journal-title":"Eur J Pain"},{"issue":"10","key":"2022100307580208600_pnac053-B5","doi-asserted-by":"crossref","first-page":"1026","DOI":"10.1016\/j.ejpain.2010.03.011","article-title":"Risk factors for persistence of multiple musculoskeletal pains in adolescence: A 2-year follow-up study","volume":"14","author":"Paananen","year":"2010","journal-title":"Eur J Pain"},{"issue":"1","key":"2022100307580208600_pnac053-B6","doi-asserted-by":"crossref","first-page":"41","DOI":"10.1016\/j.pain.2007.11.002","article-title":"Localized or widespread musculoskeletal pain: Does it matter?","volume":"138","author":"Kamaleri","year":"2008","journal-title":"Pain"},{"issue":"2","key":"2022100307580208600_pnac053-B7","doi-asserted-by":"crossref","first-page":"e152","DOI":"10.1542\/peds.2004-0682","article-title":"Pain among children and adolescents: Restrictions in daily living and triggering factors","volume":"115","author":"Roth-Isigkeit","year":"2005","journal-title":"Pediatrics"},{"issue":"1\u20132","key":"2022100307580208600_pnac053-B8","doi-asserted-by":"crossref","first-page":"132","DOI":"10.1016\/j.pain.2006.12.021","article-title":"Disability in adolescents with chronic pain: Patterns and predictors across different domains of functioning","volume":"131","author":"Gauntlett-Gilbert","year":"2007","journal-title":"Pain"},{"issue":"1","key":"2022100307580208600_pnac053-B9","doi-asserted-by":"crossref","first-page":"382","DOI":"10.1186\/1471-2458-11-382","article-title":"Back and neck pain are related to mental health problems in adolescence","volume":"11","author":"Rees","year":"2011","journal-title":"BMC Public Health"},{"issue":"2","key":"2022100307580208600_pnac053-B10","doi-asserted-by":"crossref","first-page":"412","DOI":"10.1542\/peds.2004-2766","article-title":"Neck\/shoulder, low back, and arm pain in relation to computer use, physical activity, stress, and depression among dutch adolescents","volume":"117","author":"Diepenmaat","year":"2006","journal-title":"Pediatrics"},{"issue":"9","key":"2022100307580208600_pnac053-B11","doi-asserted-by":"crossref","first-page":"2809","DOI":"10.1007\/s00586-016-4629-7","article-title":"Multivariable modeling of factors associated with spinal pain in young adolescence","volume":"25","author":"Dolphens","year":"2016","journal-title":"Eur Spine J"},{"issue":"8","key":"2022100307580208600_pnac053-B12","doi-asserted-by":"crossref","first-page":"244","DOI":"10.1093\/jpepsy\/jsv029","article-title":"Distinct influences of anxiety and pain catastrophizing on functional outcomes in children and adolescents with chronic pain","volume":"40","author":"Tran","year":"2015","journal-title":"J Pediatr Psychol"},{"issue":"1","key":"2022100307580208600_pnac053-B13","doi-asserted-by":"crossref","first-page":"13","DOI":"10.1016\/j.pain.2006.08.027","article-title":"Children with chronic pain: Impact of sex and age on long-term outcomes","volume":"128","author":"Martin","year":"2007","journal-title":"Pain"},{"issue":"9","key":"2022100307580208600_pnac053-B14","doi-asserted-by":"crossref","first-page":"926","DOI":"10.1093\/jpepsy\/jsu091","article-title":"\u201cPain Can\u2019t Stop Me\u201d: Examining pain self-efficacy and acceptance as resilience processes among youth with chronic headache","volume":"40","author":"Kalapurakkel","year":"2015","journal-title":"J Pediatr Psychol"},{"issue":"4","key":"2022100307580208600_pnac053-B15","doi-asserted-by":"crossref","first-page":"641","DOI":"10.1007\/s00586-009-1215-2","article-title":"Is insufficient quantity and quality of sleep a risk factor for neck, shoulder and low back pain? A longitudinal study among adolescents","volume":"19","author":"Auvinen","year":"2010","journal-title":"Eur Spine J"},{"issue":"3","key":"2022100307580208600_pnac053-B16","doi-asserted-by":"crossref","first-page":"246","DOI":"10.1097\/AJP.0000000000000252","article-title":"Pain-related and psychological symptoms in adolescents with musculoskeletal and sleep problems","volume":"32","author":"Harrison","year":"2016","journal-title":"Clin J Pain"},{"issue":"9","key":"2022100307580208600_pnac053-B17","doi-asserted-by":"crossref","first-page":"1087","DOI":"10.1016\/j.jpain.2017.04.007","article-title":"Sleep quality, affect, pain, and disability in children with chronic pain: Is affect a mediator or moderator?","volume":"18","author":"Evans","year":"2017","journal-title":"J Pain"},{"issue":"7","key":"2022100307580208600_pnac053-B18","doi-asserted-by":"crossref","first-page":"502","DOI":"10.1038\/nrn3516","article-title":"Cognitive and emotional control of pain and its disruption in chronic pain","volume":"14","author":"Bushnell","year":"2013","journal-title":"Nat Rev Neurosci"},{"issue":"5","key":"2022100307580208600_pnac053-B19","doi-asserted-by":"crossref","first-page":"684","DOI":"10.1016\/j.janxdis.2009.02.007","article-title":"Association between generalized anxiety levels and pain in a community sample: Evidence for diagnostic specificity","volume":"23","author":"Beesdo","year":"2009","journal-title":"J Anxiety Disord"},{"issue":"4","key":"2022100307580208600_pnac053-B20","doi-asserted-by":"crossref","first-page":"797","DOI":"10.3233\/BMR-150587","article-title":"Do psychological states associate with pain and disability in chronic neck pain patients?","volume":"28","author":"Dimitriadis","year":"2015","journal-title":"J Back Musculoskelet Rehabil"},{"issue":"4","key":"2022100307580208600_pnac053-B21","doi-asserted-by":"crossref","first-page":"785","DOI":"10.3390\/ijerph15040785","article-title":"Stress and alterations in the pain matrix: A biopsychosocial perspective on back pain and its prevention and treatment","volume":"15","author":"Wippert","year":"2018","journal-title":"Int J Environ Res Public Health"},{"issue":"7","key":"2022100307580208600_pnac053-B22","doi-asserted-by":"crossref","first-page":"625","DOI":"10.1097\/AJP.0b013e31826f9a71","article-title":"Central sensitization and altered central pain processing in chronic low back pain","volume":"29","author":"Roussel","year":"2013","journal-title":"Clin J Pain"},{"issue":"2","key":"2022100307580208600_pnac053-B23","doi-asserted-by":"crossref","first-page":"135","DOI":"10.1016\/j.math.2009.12.001","article-title":"Recognition of central sensitization in patients with musculoskeletal pain: Application of pain neurophysiology in manual therapy practice","volume":"15","author":"Nijs","year":"2010","journal-title":"Man Ther"},{"issue":"1","key":"2022100307580208600_pnac053-B24","doi-asserted-by":"crossref","first-page":"52","DOI":"10.1097\/00002508-200103000-00008","article-title":"Theoretical perspectives on the relation between catastrophizing and pain","volume":"17","author":"Sullivan","year":"2001","journal-title":"Clin J Pain"},{"issue":"1565","key":"2022100307580208600_pnac053-B25","first-page":"1","article-title":"Worse health status, sleeping problems, and anxiety in 16-year-old students are associated with chronic musculoskeletal pain at three-year follow-up","volume":"19","author":"Malmborg","year":"2019","journal-title":"BMC Public Heal"},{"key":"2022100307580208600_pnac053-B26","doi-asserted-by":"crossref","first-page":"3","DOI":"10.1186\/1471-2474-7-3","article-title":"Risk factors for traumatic and non-traumatic lower limb pain among preadolescents: A population-based study of Finnish schoolchildren","volume":"7","author":"El-Metwally","year":"2006","journal-title":"BMC Musculoskelet Disord"},{"key":"2022100307580208600_pnac053-B27","doi-asserted-by":"crossref","first-page":"46","DOI":"10.1186\/1471-2474-8-46","article-title":"Risk factors for development of non-specific musculoskeletal pain in preteens and early adolescents: A prospective 1-year follow-up study","volume":"8","author":"El-Metwally","year":"2007","journal-title":"BMC Musculoskelet Disord"},{"issue":"1","key":"2022100307580208600_pnac053-B28","doi-asserted-by":"crossref","first-page":"194","DOI":"10.1186\/s12891-017-1557-6","article-title":"Pain, pain intensity and pain disability in high school students are differently associated with physical activity, screening hours and sleep","volume":"18","author":"Silva","year":"2017","journal-title":"BMC Musculoskelet Disord"},{"issue":"5","key":"2022100307580208600_pnac053-B29","doi-asserted-by":"crossref","first-page":"461","DOI":"10.1007\/s10389-010-0331-0","article-title":"Portuguese version of the standardized Nordic musculoskeletal questionnaire: Cross cultural and reliability","volume":"18","author":"Mesquita","year":"2010","journal-title":"J Public Health (Bangkok)"},{"issue":"1","key":"2022100307580208600_pnac053-B30","doi-asserted-by":"crossref","first-page":"239","DOI":"10.2174\/1875399X01710010239","article-title":"Validation of the Portuguese Version of the International Physical Activity Questionnaire for Adolescents (IPAQA)","volume":"10","author":"Ferro-Lebres","year":"2017","journal-title":"Open Sports Sci J"},{"issue":"2","key":"2022100307580208600_pnac053-B31","doi-asserted-by":"crossref","first-page":"246","DOI":"10.1017\/S1368980010000558","article-title":"Self-reported physical activity in European adolescents: Results from the HELENA (Healthy Lifestyle in Europe by Nutrition in Adolescence) study","volume":"14","author":"De Cocker","year":"2011","journal-title":"Public Health Nutr"},{"key":"2022100307580208600_pnac053-B32","author":"Sjostrom","year":"2005"},{"key":"2022100307580208600_pnac053-B33","first-page":"1","article-title":"Manual for the Functional Disability Inventory (FDI)","author":"Walker","year":"2015","journal-title":"Dep Pediatr Vanderbilt Univ"},{"issue":"7","key":"2022100307580208600_pnac053-B34","doi-asserted-by":"crossref","first-page":"1600","DOI":"10.1016\/j.pain.2011.02.050","article-title":"Clinical utility and validity of the Functional Disability Inventory among a multicenter sample of youth with chronic pain","volume":"152","author":"Kashikar-Zuck","year":"2011","journal-title":"Pain"},{"key":"2022100307580208600_pnac053-B35","first-page":"1742","article-title":"European Portuguese version of the Functional Disability Inventory: translation and cultural adaptation, validity and reliability in adolescents with chronic spinal pain","volume-title":"Disabil Rehabil","author":"Andias","year":"2021"},{"issue":"2","key":"2022100307580208600_pnac053-B36","first-page":"277","article-title":"Estudo da Escala de Depress\u00e3o Ansiedade e Stress para Crian\u00e7as (EADS- C)","volume":"10","author":"Leal","year":"2009","journal-title":"Psicol Sa\u00fade Doen\u00e7as"},{"issue":"3","key":"2022100307580208600_pnac053-B37","doi-asserted-by":"crossref","first-page":"428","DOI":"10.3109\/07420528.2014.986681","article-title":"Basic Scale on Insomnia complaints and Quality of Sleep (BaSIQS): Reliability, initial validity and normative scores in higher education students","volume":"32","author":"Allen Gomes","year":"2015","journal-title":"Chronobiol Int"},{"key":"2022100307580208600_pnac053-B38","article-title":"Adapta\u00e7\u00e3o Cultural e contributo para a Valida\u00e7\u00e3o da Pain Catastrophizing Scale (PCS)","author":"Jacome","year":"2004","journal-title":"Inst Polit\u00e9cnico Set\u00fabal"},{"issue":"11","key":"2022100307580208600_pnac053-B39","doi-asserted-by":"crossref","first-page":"2360","DOI":"10.1016\/j.pain.2014.08.035","article-title":"Pain catastrophizing in children with chronic pain and their parents: Proposed clinical reference points and reexamination of the PCS measure","volume":"155","author":"Pielech","year":"2014","journal-title":"Pain"},{"issue":"3","key":"2022100307580208600_pnac053-B40","doi-asserted-by":"crossref","first-page":"314","DOI":"10.1093\/jpepsy\/jsx103","article-title":"Assessment of pain anxiety, pain catastrophizing, and fear of pain in children and adolescents with chronic pain: A systematic review and meta-analysis","volume":"43","author":"Fisher","year":"2018","journal-title":"J Pediatric Psychol"},{"issue":"1","key":"2022100307580208600_pnac053-B41","doi-asserted-by":"crossref","first-page":"58","DOI":"10.3109\/10582452.2012.762966","article-title":"Portuguese language version of the Tampa Scale for Kinesiophobia [13 items]","volume":"21","author":"Cordeiro","year":"2013","journal-title":"J Musculoskelet Pain"},{"issue":"5","key":"2022100307580208600_pnac053-B42","first-page":"701","article-title":"Establishing clinically meaningful severity levels for the Tampa Scale for Kinesiophobia (TSK-13)","volume":"20","author":"Neblett","year":"2016","journal-title":"Eur J Pain (United Kingdom)"},{"issue":"1-2","key":"2022100307580208600_pnac053-B43","doi-asserted-by":"crossref","first-page":"35","DOI":"10.1016\/j.pain.2006.04.026","article-title":"Preliminary validation of a self-efficacy scale for child functioning despite chronic pain (child and parent versions)","volume":"125","author":"Bursch","year":"2006","journal-title":"Pain"},{"key":"2022100307580208600_pnac053-B44","doi-asserted-by":"crossref","first-page":"102176","DOI":"10.1016\/j.msksp.2020.102176","article-title":"European Portuguese version of the Child Self-Efficacy Scale: A contribution to cultural adaptation, validity and reliability testing in adolescents with chronic musculoskeletal pain","volume":"49","author":"Andias","year":"2020","journal-title":"Musculoskelet Sci Pract"},{"issue":"4","key":"2022100307580208600_pnac053-B45","doi-asserted-by":"crossref","first-page":"276","DOI":"10.1111\/j.1533-2500.2011.00493.x","article-title":"The development and psychometric validation of the central sensitization inventory","volume":"12","author":"Mayer","year":"2012","journal-title":"Pain Pract"},{"issue":"5","key":"2022100307580208600_pnac053-B46","doi-asserted-by":"crossref","first-page":"438","DOI":"10.1016\/j.jpain.2012.11.012","article-title":"The Central Sensitization Inventory (CSI): establishing clinically significant values for identifying central sensitivity syndromes in an outpatient chronic pain sample","volume":"14","author":"Neblett","year":"2013","journal-title":"J Pain"},{"issue":"5","key":"2022100307580208600_pnac053-B47","doi-asserted-by":"crossref","first-page":"480","DOI":"10.1111\/papr.12875","article-title":"Cross-cultural adaptation and psychometric properties of the European Portuguese version of the central sensitization inventory in adolescents with musculoskeletal chronic pain","volume":"20","author":"Andias","year":"2020","journal-title":"Pain Pract"},{"key":"2022100307580208600_pnac053-B48","author":"Mar\u00f4co","year":"2014"},{"issue":"6","key":"2022100307580208600_pnac053-B49","doi-asserted-by":"crossref","first-page":"1333","DOI":"10.1097\/j.pain.0000000000000522","article-title":"Chronic pain in adolescence and internalizing mental health disorders: A nationally representative study","volume":"157","author":"Noel","year":"2016","journal-title":"Pain"},{"issue":"2","key":"2022100307580208600_pnac053-B50","doi-asserted-by":"crossref","first-page":"168","DOI":"10.1080\/01942638.2019.1647328","article-title":"Psychosocial variables and sleep associated with neck pain in adolescents: A systematic review","volume":"40","author":"Andias","year":"2020","journal-title":"Phys Occup Ther Pediatr"},{"issue":"3","key":"2022100307580208600_pnac053-B51","doi-asserted-by":"crossref","first-page":"240","DOI":"10.1016\/j.math.2009.12.007","article-title":"A detailed characterisation of pain, disability, physical and psychological features of a small group of adolescents with non-specific chronic low back pain","volume":"15","author":"Astfalck","year":"2010","journal-title":"Man Ther"},{"issue":"Suppl 3","key":"2022100307580208600_pnac053-B52","doi-asserted-by":"crossref","first-page":"S2","DOI":"10.1016\/j.pain.2010.09.030","article-title":"Central sensitization: Implications for the diagnosis and treatment of pain","volume":"152","author":"Woolf","year":"2011","journal-title":"Pain"},{"issue":"2","key":"2022100307580208600_pnac053-B53","doi-asserted-by":"crossref","first-page":"e12137","DOI":"10.1111\/jabr.12137","article-title":"The neurobiology of central sensitization","volume":"23","author":"Harte","year":"2018","journal-title":"J Appl Biobehav Res"},{"issue":"3","key":"2022100307580208600_pnac053-B54","first-page":"223","article-title":"Lack of evidence for central sensitization in idiopathic, non-traumatic neck pain: A systematic review","volume":"18","author":"Malfliet","year":"2015","journal-title":"Pain Physician"},{"issue":"10","key":"2022100307580208600_pnac053-B55","doi-asserted-by":"crossref","first-page":"698","DOI":"10.2519\/jospt.2019.8876","article-title":"Pain mechanisms in low back pain: A systematic review with meta-analysis of mechanical quantitative sensory testing outcomes in people with nonspecific low back pain","volume":"49","author":"den Bandt","year":"2019","journal-title":"J Orthop Sports Phys Ther"},{"key":"2022100307580208600_pnac053-B56","first-page":"88","volume-title":"Curr Pain Headache Rep","author":"Turk","year":"2010"},{"issue":"1","key":"2022100307580208600_pnac053-B57","doi-asserted-by":"crossref","first-page":"1","DOI":"10.1177\/2325967116685543","article-title":"Physical activity level and sport participation in relation to musculoskeletal pain in a population-based study of adolescents: The young-HUNT study","volume":"5","author":"Guddal","year":"2017","journal-title":"Orthop J Sport Med"},{"issue":"2","key":"2022100307580208600_pnac053-B58","doi-asserted-by":"crossref","first-page":"142","DOI":"10.1037\/a0035216","article-title":"Family and parent influences on pediatric chronic pain","volume":"69","author":"Palermo","year":"2014","journal-title":"Am Psychol"},{"issue":"4","key":"2022100307580208600_pnac053-B59","doi-asserted-by":"crossref","first-page":"244","DOI":"10.1016\/j.jpain.2005.11.001","article-title":"Psychosocial risks for disability in children with chronic back pain","volume":"7","author":"Lynch","year":"2006","journal-title":"J Pain"},{"issue":"4","key":"2022100307580208600_pnac053-B60","doi-asserted-by":"crossref","first-page":"341","DOI":"10.1097\/00002508-200112000-00009","article-title":"Depression and functional disability in chronic pediatric pain","volume":"17","author":"Kashikar-Zuck","year":"2001","journal-title":"Clin J Pain"},{"issue":"2","key":"2022100307580208600_pnac053-B61","doi-asserted-by":"crossref","first-page":"93","DOI":"10.1155\/2012\/420676","article-title":"Anxiety and impairment in a large sample of children and adolescents with chronic pain","volume":"17","author":"Simons","year":"2012","journal-title":"Pain Res Manag"},{"issue":"2","key":"2022100307580208600_pnac053-B62","doi-asserted-by":"crossref","first-page":"144","DOI":"10.1016\/j.jpain.2016.10.009","article-title":"The effect of pain catastrophizing on outcomes: A developmental perspective across children, adolescents, and young adults with chronic pain","volume":"18","author":"Feinstein","year":"2017","journal-title":"J Pain"},{"issue":"1","key":"2022100307580208600_pnac053-B63","first-page":"1","article-title":"The association between self-reported low back pain and lower limb disability as well as the association between neck pain and upper limb disability","volume":"29","author":"Kahraman","year":"2017","journal-title":"Agri"},{"issue":"10","key":"2022100307580208600_pnac053-B64","doi-asserted-by":"crossref","first-page":"741","DOI":"10.2519\/jospt.2017.7376","article-title":"Understanding adolescent low back pain from a multidimensional perspective: Implications for management","volume":"47","author":"O'Sullivan","year":"2017","journal-title":"J Orthopaed Sports Phys Ther Mov Sci Media"},{"issue":"9","key":"2022100307580208600_pnac053-B65","doi-asserted-by":"crossref","first-page":"827","DOI":"10.1016\/j.jpain.2012.05.002","article-title":"The fear avoidance model of chronic pain: Examination for pediatric application","volume":"13","author":"Simons","year":"2012","journal-title":"J Pain"},{"issue":"9","key":"2022100307580208600_pnac053-B66","doi-asserted-by":"crossref","first-page":"1640","DOI":"10.1002\/ejp.1443","article-title":"The central sensitization inventory predict pain-related disability for musculoskeletal disorders in the primary care setting","volume":"23","author":"Tanaka","year":"2019","journal-title":"Eur J Pain"},{"issue":"4","key":"2022100307580208600_pnac053-B67","doi-asserted-by":"crossref","first-page":"267","DOI":"10.1155\/2007\/897395","article-title":"Anxiety sensitivity, fear of pain and pain-related disability in children and adolescents with chronic pain","volume":"12","author":"Martin","year":"2007","journal-title":"Pain Res Manage"}],"container-title":["Pain Medicine"],"original-title":[],"language":"en","link":[{"URL":"https:\/\/academic.oup.com\/painmedicine\/advance-article-pdf\/doi\/10.1093\/pm\/pnac053\/43746796\/pnac053.pdf","content-type":"application\/pdf","content-version":"am","intended-application":"syndication"},{"URL":"https:\/\/academic.oup.com\/painmedicine\/article-pdf\/23\/10\/1777\/46224767\/pnac053.pdf","content-type":"application\/pdf","content-version":"vor","intended-application":"syndication"},{"URL":"https:\/\/academic.oup.com\/painmedicine\/article-pdf\/23\/10\/1777\/46224767\/pnac053.pdf","content-type":"unspecified","content-version":"vor","intended-application":"similarity-checking"}],"deposited":{"date-parts":[[2022,10,3]],"date-time":"2022-10-03T07:59:24Z","timestamp":1664783964000},"score":1,"resource":{"primary":{"URL":"https:\/\/academic.oup.com\/painmedicine\/article\/23\/10\/1777\/6564669"}},"subtitle":[],"short-title":[],"issued":{"date-parts":[[2022,4,7]]},"references-count":67,"journal-issue":{"issue":"10","published-online":{"date-parts":[[2022,4,7]]},"published-print":{"date-parts":[[2022,9,30]]}},"URL":"https:\/\/doi.org\/10.1093\/pm\/pnac053","relation":{},"ISSN":["1526-4637"],"issn-type":[{"value":"1526-4637","type":"electronic"}],"subject":[],"published-other":{"date-parts":[[2022,10,1]]},"published":{"date-parts":[[2022,4,7]]}}}