{"status":"ok","message-type":"work","message-version":"1.0.0","message":{"indexed":{"date-parts":[[2025,10,7]],"date-time":"2025-10-07T05:44:29Z","timestamp":1759815869066,"version":"3.41.2"},"reference-count":49,"publisher":"Emerald","issue":"4","license":[{"start":{"date-parts":[[2018,8,10]],"date-time":"2018-08-10T00:00:00Z","timestamp":1533859200000},"content-version":"tdm","delay-in-days":0,"URL":"https:\/\/www.emerald.com\/insight\/site-policies"}],"content-domain":{"domain":[],"crossmark-restriction":false},"short-container-title":["AJIM"],"published-print":{"date-parts":[[2018,8,28]]},"abstract":"<jats:sec><jats:title content-type=\"abstract-subheading\">Purpose<\/jats:title><jats:p>The purpose of this paper is to analyze the informational behavior of a group of future professionals in the field of social sciences (SS), in terms of their competence in the communication\u2013dissemination of information.<\/jats:p><\/jats:sec><jats:sec><jats:title content-type=\"abstract-subheading\">Design\/methodology\/approach<\/jats:title><jats:p>The IL-HUMASS, EVALCI\/KN and EVALCI\/SK tests regarding the affective (attitudes, motivations) and cognitive (knowledge, skills) dimensions are distributed to a stratified sample of five universities and eight degree courses in Spain. Infographics and non-parametric methods allow to compare the disciplinary profiles with regard to gender, academic course and academic degrees. An Information Literacy Communication synthetic indicator based on structural equation modeling includes the subjective and effective dimensions to measure the holistic learning outcomes in communication\u2013dissemination of information.<\/jats:p><\/jats:sec><jats:sec><jats:title content-type=\"abstract-subheading\">Findings<\/jats:title><jats:p>Significant differences regarding the informational behavior of future professionals in SS are discovered. The synthetic indicator allows academic degrees to be ranked in order to identify those in need of initiatives aimed at improving communication\u2013dissemination competence.<\/jats:p><\/jats:sec><jats:sec><jats:title content-type=\"abstract-subheading\">Practical implications<\/jats:title><jats:p>Findings must be taken into account to design effective learning programs. This methodological approach can be expanded to scientific and academic environments.<\/jats:p><\/jats:sec><jats:sec><jats:title content-type=\"abstract-subheading\">Originality\/value<\/jats:title><jats:p>The paper puts forward the first evidence-based study on communication\u2013dissemination competence among future SS professionals, as no similar research has been found in the scientific literature. It is also the first time that the definition of a predictive performance indicator, based on a powerful statistical methodology, has been proposed.<\/jats:p><\/jats:sec>","DOI":"10.1108\/ajim-02-2018-0035","type":"journal-article","created":{"date-parts":[[2018,8,3]],"date-time":"2018-08-03T10:40:17Z","timestamp":1533292817000},"page":"326-343","source":"Crossref","is-referenced-by-count":5,"title":["Communication of information in the digital age among social sciences students"],"prefix":"10.1108","volume":"70","author":[{"given":"Maria","family":"Pinto","sequence":"first","affiliation":[]},{"given":"Rosaura","family":"Fernandez-Pascual","sequence":"additional","affiliation":[]},{"given":"Dora","family":"Sales","sequence":"additional","affiliation":[]}],"member":"140","published-online":{"date-parts":[[2018,8,10]]},"reference":[{"key":"key2021041412302251200_ref001","unstructured":"ACRL (2013), \u201cIntersections of creating strategic collaborations for a changing academic environment scholarly communication and information literacy\u201d, available at: www.ala.org\/acrl\/sites\/ala.org.acrl\/files\/content\/publications\/whitepapers\/Intersections.pdf (accessed November 18, 2017)."},{"key":"key2021041412302251200_ref002","unstructured":"ACRL Board (2016), \u201cFramework for Information Literacy for Higher Education\u201d, available at: www.ala.org\/acrl\/standards\/ilframework (accessed November 20, 2017)."},{"issue":"1","key":"key2021041412302251200_ref003","doi-asserted-by":"crossref","first-page":"97","DOI":"10.1353\/pla.2007.0000","article-title":"The what and who of information literacy and critical thinking in higher education","volume":"7","year":"2007","journal-title":"Portal: Libraries and the Academy"},{"issue":"7","key":"key2021041412302251200_ref004","doi-asserted-by":"crossref","first-page":"917","DOI":"10.1016\/j.techfore.2009.01.002","article-title":"The technological capabilities of nations: the state of the art of synthetic indicators","volume":"76","year":"2009","journal-title":"Technological Forecasting & Social Change"},{"issue":"2","key":"key2021041412302251200_ref005","doi-asserted-by":"crossref","first-page":"1","DOI":"10.11645\/2.2.67","article-title":"Exploring the connections between information literacy and writing for international students","volume":"2","year":"2008","journal-title":"Journal of Information Literacy"},{"key":"key2021041412302251200_ref006","unstructured":"Browne, M.W. and Cudeck, R. (1993), \u201cAlternative ways of assessing model fit\u201d, in Bollen, K.A. and Long, J.S. (Eds), Testing Structural Equation Models, Sage, Newbury Park, CA, pp. 136-162."},{"volume-title":"Structural Equation Modeling with EQS and EQS\/Windows","year":"1994","key":"key2021041412302251200_ref007"},{"issue":"1","key":"key2021041412302251200_ref008","doi-asserted-by":"crossref","first-page":"20","DOI":"10.1111\/ejed.12205","article-title":"Measuring learning outcomes","volume":"52","year":"2017","journal-title":"European Journal of Education"},{"volume-title":"Professions, Competence and Informal Learning","year":"2005","key":"key2021041412302251200_ref009"},{"issue":"12","key":"key2021041412302251200_ref010","doi-asserted-by":"crossref","first-page":"1250","DOI":"10.1016\/j.jbusres.2008.01.013","article-title":"Formative versus reflective measurement models: two applications of formative measurement","volume":"61","year":"2008","journal-title":"Journal of Business Research"},{"key":"key2021041412302251200_ref011","unstructured":"Coonan, E. (2011), \u201cTeaching learning: perceptions of information literacy\u201d, available at: http:\/\/arcadiaproject.lib.cam.ac.uk\/docs\/theory.pdf (accessed December 2, 2017)."},{"volume-title":"Multiliteracies: Literacy Learning and the Design of Social Futures","year":"2000","key":"key2021041412302251200_ref012"},{"volume-title":"Ubiquitous Learning. Exploring the Anywhere\/Anytime Possibilities for Learning in the Age of Digital Media","year":"2009","key":"key2021041412302251200_ref013"},{"key":"key2021041412302251200_ref014","doi-asserted-by":"crossref","unstructured":"Cope, B. and Kalantzis, M. (2015), \u201cThe things you do to know: an introduction to the pedagogy of multiliteracies\u201d, in Cope, B. and Kalantzis, M. (Eds), A Pedagogy of Multiliteracies: Learning by Design, Palgrave, London, pp. 1-36.","DOI":"10.1057\/9781137539724_1"},{"issue":"4","key":"key2021041412302251200_ref015","doi-asserted-by":"crossref","first-page":"212","DOI":"10.5860\/crln.73.4.8744","article-title":"Engaging undergraduates in scholarly communication","volume":"73","year":"2012","journal-title":"College & Research Libraries News"},{"key":"key2021041412302251200_ref016","unstructured":"Davis-Kahl, S. and Hensley, M.K. (2013), \u201cCommon ground at the nexus of information literacy and scholarly communication\u201d, available at: www.ala.org\/acrl\/sites\/ala.org.acrl\/files\/content\/publications\/booksanddigitalresources\/digital\/commonground_oa.pdf (accessed December 3, 2017)."},{"issue":"2","key":"key2021041412302251200_ref017","doi-asserted-by":"crossref","first-page":"110","DOI":"10.1080\/00377317.2015.1017396","article-title":"Holistic competence and its assessment","volume":"85","year":"2015","journal-title":"Smith College Studies in Social Work"},{"key":"key2021041412302251200_ref018","unstructured":"Duckett, K. and Warren, S. (2013), \u201cExploring the intersections of information literacy and scholarly communication: two frames of reference for undergraduates instruction\u201d, in Davis-Kahl, S. and Kaye Hensley, M. (Eds), Common Ground at the Nexus of Information Literacy and Scholarly Communication, Association of College and Research Libraries, Chicago, IL, pp. 25-44."},{"issue":"12","key":"key2021041412302251200_ref019","first-page":"1229","article-title":"Proportional structural effects of formative indicators","volume":"61","year":"2005","journal-title":"Journal of Business Research"},{"key":"key2021041412302251200_ref020","doi-asserted-by":"crossref","unstructured":"Garcia-Marco, F.J. (2017), \u201cThe relevance of communicative competence in the context of information literacy programs\u201d, in Sales, D. and Pinto, M. (Eds), Pathways into Information Literacy and Communities of Practice, Elsevier, Cambridge, pp. 135-166.","DOI":"10.1016\/B978-0-08-100673-3.00006-X"},{"volume-title":"ACRL Information Literacy Competence Standards for Higher Education Task Force","year":"2014","key":"key2021041412302251200_ref021"},{"edition":"7th ed.","volume-title":"Multivariate Data Analysis: A Global Perspective","year":"2010","key":"key2021041412302251200_ref022"},{"issue":"2","key":"key2021041412302251200_ref023","doi-asserted-by":"crossref","first-page":"84","DOI":"10.15760\/comminfolit.2013.7.2.138","article-title":"Proposing a metaliteracy model to redefine information literacy","volume":"7","year":"2013","journal-title":"Communications in Information Literacy"},{"key":"key2021041412302251200_ref024","doi-asserted-by":"crossref","unstructured":"J\u00f6reskog, K.G. (1973), \u201cAnalysis of covariance structures\u201d, in Krishnaiah, P.R. (Ed.), Multivariate Analysis, Academic Press, New York, NY, pp. 263-285.","DOI":"10.1016\/B978-0-12-426653-7.50024-7"},{"volume-title":"PRELIS 2: User\u2019s Reference Guide","year":"2005","key":"key2021041412302251200_ref025"},{"edition":"2nd ed.","volume-title":"Literacies","year":"2016","key":"key2021041412302251200_ref026"},{"edition":"4th ed.","volume-title":"Principles and Practice of Structural Equation Modeling","year":"2015","key":"key2021041412302251200_ref027"},{"key":"key2021041412302251200_ref028","unstructured":"Lopes, C. and Pinto, M. (2016), \u201cAutoavalia\u00e7\u00e3o das compet\u00eancias de informa\u00e7\u00e3o em estudantes universit\u00e1rios\u201d, in Lopes, C. et al. (Eds), Literacia da informa\u00e7\u00e3o em contexto universit\u00e1rio, ISPA-Instituto Universit\u00e1rio, Lisboa, pp. 51-74."},{"issue":"3","key":"key2021041412302251200_ref029","doi-asserted-by":"crossref","first-page":"1049","DOI":"10.1007\/s11192-016-2037-8","article-title":"Constructing a synthetic indicator of research activity","volume":"108","year":"2016","journal-title":"Scientometrics"},{"issue":"1","key":"key2021041412302251200_ref030","doi-asserted-by":"crossref","first-page":"62","DOI":"10.5860\/crl-76r1","article-title":"Reframing information literacy as a metaliteracy","volume":"72","year":"2011","journal-title":"College & Research Libraries"},{"volume-title":"Metaliteracy: Reinventing Information Literacy to Empower Learners","year":"2014","key":"key2021041412302251200_ref031"},{"issue":"2","key":"key2021041412302251200_ref032","doi-asserted-by":"crossref","first-page":"695","DOI":"10.1007\/s00181-013-0758-6","article-title":"A new dataset on educational inequality","volume":"47","year":"2014","journal-title":"Empirical Economics"},{"issue":"98","key":"key2021041412302251200_ref033","doi-asserted-by":"crossref","first-page":"1","DOI":"10.1002\/tl.142","article-title":"Decoding the disciplines: a model helping students learn disciplinary ways of thinking","volume":"2004","year":"2004","journal-title":"New Directions for Teaching and Learning"},{"issue":"9","key":"key2021041412302251200_ref034","doi-asserted-by":"crossref","first-page":"514","DOI":"10.5860\/crln.72.9.8632","article-title":"Lifelong learning requires lifelong access: reflections on the ACRL Plan for Excellence","volume":"72","year":"2011","journal-title":"College & Research Libraries News"},{"key":"key2021041412302251200_ref035","unstructured":"Ogburn, J.L. (2013), \u201cClosing the gap between information literacy and scholarly communication\u201d, in Davis-Kahl, S. and Hensley, M.K. (Eds), Common Ground at the Nexus of Information Literacy and Scholarly Communication, Association of College and Research Libraries, Chicago, IL, pp. V-VIII, available at: www.ala.org\/acrl\/sites\/ala.org.acrl\/files\/content\/publications\/booksanddigitalresources\/digital\/commonground_oa.pdf (accessed December 3, 2017)."},{"issue":"1","key":"key2021041412302251200_ref036","doi-asserted-by":"crossref","first-page":"86","DOI":"10.1177\/0165551509351198","article-title":"Design of the IL-HUMASS survey on information literacy in higher education: a self-assessment approach","volume":"36","year":"2010","journal-title":"Journal of Information Science"},{"issue":"2","key":"key2021041412302251200_ref037","doi-asserted-by":"crossref","first-page":"145","DOI":"10.1016\/j.acalib.2011.02.006","article-title":"An approach to the internal facet of information literacy using the IL-HUMASS survey","volume":"37","year":"2011","journal-title":"The Journal of Academic Librarianship"},{"issue":"3","key":"key2021041412302251200_ref038","doi-asserted-by":"crossref","first-page":"569","DOI":"10.1353\/pla.2017.0035","article-title":"A diagnosis of the levels of information literacy competency among social sciences undergraduates","volume":"17","year":"2017","journal-title":"Portal: Libraries and the Academy"},{"issue":"3","key":"key2021041412302251200_ref039","doi-asserted-by":"crossref","first-page":"204","DOI":"10.1177\/0961000614532675","article-title":"Uncovering information literacy\u2019s disciplinary differences through students\u2019 attitudes: an empirical study","volume":"47","year":"2015","journal-title":"Journal of Librarianship and Information Science"},{"issue":"6","key":"key2021041412302251200_ref040","doi-asserted-by":"crossref","first-page":"526","DOI":"10.1016\/j.acalib.2010.08.009","article-title":"Interactive self-assessment test for improving and evaluating information competence","volume":"36","year":"2010","journal-title":"Journal of Academic Librarianship"},{"issue":"4","key":"key2021041412302251200_ref041","doi-asserted-by":"crossref","first-page":"737","DOI":"10.1353\/pla.2016.0050","article-title":"Attitudes toward information competency of university students in social sciences","volume":"16","year":"2016","journal-title":"Portal: Libraries and the Academy"},{"issue":"8","key":"key2021041412302251200_ref042","doi-asserted-by":"crossref","first-page":"972","DOI":"10.1177\/0013916513492416","article-title":"A competence model for environmental education","volume":"46","year":"2014","journal-title":"Environment and Behavior"},{"issue":"1","key":"key2021041412302251200_ref043","first-page":"41","article-title":"Towards a student-centred approach to information literacy learning: a focus group study on the information behaviour of translation and interpreting students","volume":"2","year":"2008","journal-title":"Journal of Information Literacy"},{"key":"key2021041412302251200_ref044","doi-asserted-by":"crossref","unstructured":"Scheerens, J., Luyten, H. and Ravens, J. (2011), \u201cMeasuring educational quality by means of indicators\u201d, in Scheerens, J., Luyten, H. and Ravens, J. (Eds), Perspectives on Educational Quality, Vol. 1, Springer, Amsterdam, pp. 35-50.","DOI":"10.1007\/978-94-007-0926-3_2"},{"volume-title":"A Beginner\u2019s Guide to Structural Equation Modeling","year":"2004","key":"key2021041412302251200_ref045"},{"issue":"3","key":"key2021041412302251200_ref046","doi-asserted-by":"crossref","first-page":"963","DOI":"10.1007\/s11192-012-0860-0","article-title":"Measuring international trade-related technology spillover: a composite approach of network analysis and information theory","volume":"94","year":"2013","journal-title":"Scientometrics"},{"volume-title":"Education Indicators: Technical Guidelines","year":"2009","author":"UNESCO","key":"key2021041412302251200_ref101"},{"key":"key2021041412302251200_ref047","unstructured":"Veszelszki, \u00c1. (2014), \u201cInformation visualization: infographics from a linguistic point of view\u201d, in Benedek, A. and Ny\u00edri, K. (Eds), The Power of the Image, Peter Lang, Frankfurt, pp. 99-109."},{"issue":"2","key":"key2021041412302251200_ref048","doi-asserted-by":"crossref","first-page":"149","DOI":"10.5860\/rusq.47n2.149","article-title":"Sociocultural learning theories and information literacy teaching activities in higher education","volume":"47","year":"2007","journal-title":"Reference & User Services Quarterly"}],"container-title":["Aslib Journal of Information Management"],"original-title":[],"language":"en","link":[{"URL":"https:\/\/www.emerald.com\/insight\/content\/doi\/10.1108\/AJIM-02-2018-0035\/full\/xml","content-type":"application\/xml","content-version":"vor","intended-application":"text-mining"},{"URL":"https:\/\/www.emerald.com\/insight\/content\/doi\/10.1108\/AJIM-02-2018-0035\/full\/html","content-type":"unspecified","content-version":"vor","intended-application":"similarity-checking"}],"deposited":{"date-parts":[[2025,7,24]],"date-time":"2025-07-24T23:00:21Z","timestamp":1753398021000},"score":1,"resource":{"primary":{"URL":"http:\/\/www.emerald.com\/ajim\/article\/70\/4\/326-343\/25582"}},"subtitle":["Uncovering a synthetic indicator of performance"],"short-title":[],"issued":{"date-parts":[[2018,8,10]]},"references-count":49,"journal-issue":{"issue":"4","published-online":{"date-parts":[[2018,8,10]]},"published-print":{"date-parts":[[2018,8,28]]}},"alternative-id":["10.1108\/AJIM-02-2018-0035"],"URL":"https:\/\/doi.org\/10.1108\/ajim-02-2018-0035","relation":{},"ISSN":["2050-3806"],"issn-type":[{"type":"print","value":"2050-3806"}],"subject":[],"published":{"date-parts":[[2018,8,10]]}}}